{"id":10050,"date":"2025-09-02T09:53:28","date_gmt":"2025-09-02T07:53:28","guid":{"rendered":"https:\/\/www.fundacionmdp.org\/?p=10050"},"modified":"2025-09-03T08:44:13","modified_gmt":"2025-09-03T06:44:13","slug":"es-obligatori-posar-un-ascensor-a-una-comunitat-de-propietaris","status":"publish","type":"post","link":"https:\/\/www.fundacionmdp.org\/ca\/es-obligatori-posar-un-ascensor-a-una-comunitat-de-propietaris\/","title":{"rendered":"\u00c9s obligatori posar un ascensor a una comunitat de propietaris?"},"content":{"rendered":"\t\t<div data-elementor-type=\"wp-post\" data-elementor-id=\"10050\" class=\"elementor elementor-10050 elementor-10040\">\n\t\t\t\t<div class=\"elementor-element elementor-element-b3e2aa0 e-flex e-con-boxed e-con e-parent\" data-id=\"b3e2aa0\" data-element_type=\"container\" data-e-type=\"container\">\n\t\t\t\t\t<div class=\"e-con-inner\">\n\t\t\t\t<div class=\"elementor-element elementor-element-4ba04f3 elementor-widget elementor-widget-text-editor\" data-id=\"4ba04f3\" data-element_type=\"widget\" data-e-type=\"widget\" data-widget_type=\"text-editor.default\">\n\t\t\t\t<div class=\"elementor-widget-container\">\n\t\t\t\t\t\t\t\t\t<p>A Espanya, el 51% dels habitatges estan poc o gens adaptats per a persones amb mobilitat redu\u00efda o per al col\u00b7lectiu de persones grans. Una de les barreres arquitect\u00f2niques m\u00e9s rellevants en els edificis es l\u2019acc\u00e9s als habitatges mitjan\u00e7ant <strong>escales sense ascensor<\/strong>, rampa o elevador.<\/p><p>De fet, segons els nostres informes, el 22% dels edificis d&#8217;habitatges a Espanya manquen d&#8217;ascensor.<\/p><p>Instal\u00b7lar un ascensor en una comunitat de propietaris \u00e9s un tema que pot generar dubtes o conflictes en la comunitat. \u00c9s obligatori instal\u00b7lar un ascensor? Quan? Qui l&#8217;ha de pagar? La resposta a si \u00e9s obligatori o no dep\u00e8n de diversos factors, incloent-hi la normativa vigent, les necessitats espec\u00edfiques dels residents i l&#8217;estructura de l&#8217;edifici. En aquest article de <a href=\"https:\/\/www.fundacionmdp.org\/\"><strong>Fundaci\u00f3 Mutua de Propietarios<\/strong><\/a>, descobrirem si <strong>\u00e9s obligatori posar un ascensor en una comunitat.<\/strong><\/p><h3><strong>Quines normatives hi ha sobre els ascensors en les comunitats de ve\u00efns? <\/strong><\/h3><p>La regulaci\u00f3 principal sobre la instal\u00b7laci\u00f3 d&#8217;ascensors en comunitats de propietaris es troba en la Llei de Propietat Horitzontal. Els articles 9 i 10 d&#8217;aquesta llei aborden algunes de les preguntes m\u00e9s comunes en aquest \u00e0mbit.<\/p><p>D&#8217;una banda, l&#8217;article 9 de la LPH (Llei de Propietat Horitzontal) detalla els deures, dels integrants, d&#8217;una comunitat de propietaris, incloent-hi la contribuci\u00f3 a les despeses que s\u00f3n compartits per tots els residents. Un punt crucial \u00e9s que la llei dictamina que l&#8217;obligaci\u00f3 de contribuir econ\u00f2micament no est\u00e0 condicionada per l&#8217;\u00fas personal del servei instal\u00b7lat, la qual cosa \u00e9s rellevant en el context de la instal\u00b7laci\u00f3 d&#8217;ascensors.<\/p><p>D&#8217;altra banda, l&#8217;article 10 de la Llei de Propietat Horitzontal estableix que la instal\u00b7laci\u00f3 d&#8217;un ascensor pot arribar a ser obligat\u00f2ria, en cas que la sol\u00b7licitud provingui d&#8217;un comuner amb discapacitat, mobilitat redu\u00efda o major de 70 anys, i sempre que el cost no superi les 12 mensualitats ordin\u00e0ries.<\/p><p>No necessita consens un\u00e0nime en la junta de propietaris, encara que s\u00ed que exigeix el suport de la majoria d&#8217;ells. El cost de la instal\u00b7laci\u00f3 pot determinar-se segons un coeficient d&#8217;\u00fas del servei, o pot decidir-se una altra manera de repartir el cost.<\/p><p>A m\u00e9s, hi ha excepcions en el cas que es puguin adherir a subvencions p\u00fabliques que cobreixin almenys el 75% del cost.<\/p><p>Tots els propietaris, inclosos els que resideixen en la planta baixa, estan obligats a contribuir al pagament de l&#8217;ascensor.<\/p><p>El Reial decret 505\/2007, que estableix les condicions b\u00e0siques d&#8217;accessibilitat i no discriminaci\u00f3 tamb\u00e9 impacta en la decisi\u00f3 de si \u00e9s obligatori col\u00b7locar un ascensor en una comunitat de Propietaris.<\/p><h3><strong>Quan \u00e9s obligatori posar un ascensor en una comunitat?<\/strong><\/h3><p>La llei vigent diu que una comunitat de propietaris t\u00e9 l&#8217;obligaci\u00f3 d&#8217;instal\u00b7lar un ascensor per a millorar l&#8217;accessibilitat quan una persona amb discapacitat, mobilitat redu\u00efda o major de 70 anys resideixi, treballi o sigui volunt\u00e0ria en l&#8217;edifici, i aix\u00ed ho sol\u00b7liciti.<\/p><p>Aix\u00f2 \u00e9s obligatori des de finals de l&#8217;any 2021, amb l&#8217;objectiu de garantir l&#8217;accessibilitat a tots els ve\u00efns m\u00e9s vulnerables a les barreres arquitect\u00f2niques.<\/p><p>Davant aquestes circumst\u00e0ncies comentades \u00e9s efectivament, obligatori i imprescindible, instal\u00b7lar un ascensor en una comunitat de ve\u00efns. Segons l&#8217;article 10 de la Llei de Propietat Horitzontal (LPH) que hem explicat anteriorment, unes certes obres i accions s\u00f3n de car\u00e0cter obligatori i no requereixen aprovaci\u00f3 pr\u00e8via per part de la junta de propietaris.<\/p><p>El prop\u00f2sit d&#8217;aquestes normatives \u00e9s garantir que totes les persones puguin utilitzar els espais comuns de manera adequada a les seves necessitats i de manera digna. Aix\u00f2 inclou no sols la instal\u00b7laci\u00f3 d&#8217;ascensors, sin\u00f3 tamb\u00e9 de rampes i altres dispositius mec\u00e0nics i electr\u00f2nics que facilitin l&#8217;accessibilitat, l&#8217;orientaci\u00f3 i la comunicaci\u00f3 amb l&#8217;exterior.<\/p><h3><strong>Qu\u00e8 succeeix si algun ve\u00ed es nega?<\/strong><\/h3><p>Si un ve\u00ed es nega, no pot impedir l&#8217;execuci\u00f3 de l&#8217;obra si ja s&#8217;ha aconseguit la majoria necess\u00e0ria en la votaci\u00f3. No obstant aix\u00f2, aquest ve\u00ed no est\u00e0 obligat a pagar la quota d&#8217;instal\u00b7laci\u00f3 si no pot afrontar-la per raons econ\u00f2miques, encara que aix\u00f2 pot portar a la comunitat a buscar formes de finan\u00e7ament alternatives com a subvencions o pr\u00e9stecs.<\/p><h3><strong>En quins edificis \u00e9s obligatori posar un ascensor?<\/strong><\/h3><p>\u00c9s obligat\u00f2ria la instal\u00b7laci\u00f3 d&#8217;un ascensor en un edifici, principalment quan es requereix garantir l&#8217;accessibilitat per a persones amb discapacitat o mobilitat redu\u00efda, o d&#8217;edat avan\u00e7ada. Segons la legislaci\u00f3 espanyola, si un resident amb mobilitat redu\u00efda el sol\u00b7licita i els costos no s\u00f3n desproporcionats, la comunitat ha d&#8217;adaptar-se a aquestes necessitats.<\/p><p>En general, \u00e9s obligatori instal\u00b7lar un ascensor quan:<\/p><ul><li>\u00c9s un edifici de nova construcci\u00f3.<\/li><li>Existeix almenys un resident amb mobilitat redu\u00efda o d\u2019edat avan\u00e7ada que el necessiti.<\/li><li>Una renovaci\u00f3 o rehabilitaci\u00f3 de l\u2019edifici contempla augmentar la seva altura o fer canvis estructurals significatius.<\/li><\/ul><p>En <a href=\"https:\/\/www.fundacionmdp.org\/\"><strong>Fundaci\u00f3 Mutua de Propietarios<\/strong><\/a> treballem cada dia per a oferir la millor accessibilitat possible a persones amb discapacitats amb afectaci\u00f3 a la mobilitat o persones d&#8217;edat avan\u00e7ada. Les nostres iniciatives estan centrades en millorar la qualitat de vida de les persones, millorant l&#8217;accessibilitat en els edificis d&#8217;habitatges, sent la innovaci\u00f3 social i tecnol\u00f2gica un pilar, amb l&#8217;objectiu d&#8217;eliminar barreres arquitect\u00f2niques i crear ambients que promoguin la diversitat i la inclusi\u00f3 social.\u00a0<\/p>\t\t\t\t\t\t\t\t<\/div>\n\t\t\t\t<\/div>\n\t\t\t\t\t<\/div>\n\t\t\t\t<\/div>\n\t\t\t\t<\/div>\n\t\t","protected":false},"excerpt":{"rendered":"<p>A Espanya, el 51% dels habitatges estan poc o gens adaptats per a persones amb mobilitat redu\u00efda o per al col\u00b7lectiu de persones grans. Una de les barreres arquitect\u00f2niques m\u00e9s rellevants en els edificis es l\u2019acc\u00e9s als habitatges mitjan\u00e7ant escales sense ascensor, rampa o elevador. De fet, segons els nostres informes, el 22% dels edificis [&hellip;]<\/p>\n","protected":false},"author":1,"featured_media":10042,"comment_status":"open","ping_status":"open","sticky":false,"template":"","format":"standard","meta":{"_acf_changed":false,"ocean_post_layout":"","ocean_both_sidebars_style":"","ocean_both_sidebars_content_width":0,"ocean_both_sidebars_sidebars_width":0,"ocean_sidebar":"","ocean_second_sidebar":"","ocean_disable_margins":"enable","ocean_add_body_class":"","ocean_shortcode_before_top_bar":"","ocean_shortcode_after_top_bar":"","ocean_shortcode_before_header":"","ocean_shortcode_after_header":"","ocean_has_shortcode":"","ocean_shortcode_after_title":"","ocean_shortcode_before_footer_widgets":"","ocean_shortcode_after_footer_widgets":"","ocean_shortcode_before_footer_bottom":"","ocean_shortcode_after_footer_bottom":"","ocean_display_top_bar":"default","ocean_display_header":"default","ocean_header_style":"","ocean_center_header_left_menu":"","ocean_custom_header_template":"","ocean_custom_logo":0,"ocean_custom_retina_logo":0,"ocean_custom_logo_max_width":0,"ocean_custom_logo_tablet_max_width":0,"ocean_custom_logo_mobile_max_width":0,"ocean_custom_logo_max_height":0,"ocean_custom_logo_tablet_max_height":0,"ocean_custom_logo_mobile_max_height":0,"ocean_header_custom_menu":"","ocean_menu_typo_font_family":"","ocean_menu_typo_font_subset":"","ocean_menu_typo_font_size":0,"ocean_menu_typo_font_size_tablet":0,"ocean_menu_typo_font_size_mobile":0,"ocean_menu_typo_font_size_unit":"px","ocean_menu_typo_font_weight":"","ocean_menu_typo_font_weight_tablet":"","ocean_menu_typo_font_weight_mobile":"","ocean_menu_typo_transform":"","ocean_menu_typo_transform_tablet":"","ocean_menu_typo_transform_mobile":"","ocean_menu_typo_line_height":0,"ocean_menu_typo_line_height_tablet":0,"ocean_menu_typo_line_height_mobile":0,"ocean_menu_typo_line_height_unit":"","ocean_menu_typo_spacing":0,"ocean_menu_typo_spacing_tablet":0,"ocean_menu_typo_spacing_mobile":0,"ocean_menu_typo_spacing_unit":"","ocean_menu_link_color":"","ocean_menu_link_color_hover":"","ocean_menu_link_color_active":"","ocean_menu_link_background":"","ocean_menu_link_hover_background":"","ocean_menu_link_active_background":"","ocean_menu_social_links_bg":"","ocean_menu_social_hover_links_bg":"","ocean_menu_social_links_color":"","ocean_menu_social_hover_links_color":"","ocean_disable_title":"default","ocean_disable_heading":"default","ocean_post_title":"","ocean_post_subheading":"","ocean_post_title_style":"","ocean_post_title_background_color":"","ocean_post_title_background":0,"ocean_post_title_bg_image_position":"","ocean_post_title_bg_image_attachment":"","ocean_post_title_bg_image_repeat":"","ocean_post_title_bg_image_size":"","ocean_post_title_height":0,"ocean_post_title_bg_overlay":0.5,"ocean_post_title_bg_overlay_color":"","ocean_disable_breadcrumbs":"default","ocean_breadcrumbs_color":"","ocean_breadcrumbs_separator_color":"","ocean_breadcrumbs_links_color":"","ocean_breadcrumbs_links_hover_color":"","ocean_display_footer_widgets":"default","ocean_display_footer_bottom":"default","ocean_custom_footer_template":"","ocean_post_oembed":"","ocean_post_self_hosted_media":"","ocean_post_video_embed":"","ocean_link_format":"","ocean_link_format_target":"self","ocean_quote_format":"","ocean_quote_format_link":"post","ocean_gallery_link_images":"on","ocean_gallery_id":[],"footnotes":""},"categories":[1],"tags":[],"class_list":["post-10050","post","type-post","status-publish","format-standard","has-post-thumbnail","hentry","category-sin-categorizar","entry","has-media"],"acf":[],"yoast_head":"<!-- This site is optimized with the Yoast SEO plugin v27.3 - https:\/\/yoast.com\/product\/yoast-seo-wordpress\/ -->\n<title>\u00c9s obligatori posar un ascensor a una comunitat de propietaris? - Fundaci\u00f3n Mutua de Propietarios<\/title>\n<meta name=\"robots\" content=\"index, follow, max-snippet:-1, max-image-preview:large, max-video-preview:-1\" \/>\n<link rel=\"canonical\" href=\"https:\/\/www.fundacionmdp.org\/ca\/es-obligatori-posar-un-ascensor-a-una-comunitat-de-propietaris\/\" \/>\n<meta property=\"og:locale\" content=\"ca_ES\" \/>\n<meta property=\"og:type\" content=\"article\" \/>\n<meta property=\"og:title\" content=\"\u00c9s obligatori posar un ascensor a una comunitat de propietaris? - Fundaci\u00f3n Mutua de Propietarios\" \/>\n<meta property=\"og:description\" content=\"A Espanya, el 51% dels habitatges estan poc o gens adaptats per a persones amb mobilitat redu\u00efda o per al col\u00b7lectiu de persones grans. Una de les barreres arquitect\u00f2niques m\u00e9s rellevants en els edificis es l\u2019acc\u00e9s als habitatges mitjan\u00e7ant escales sense ascensor, rampa o elevador. De fet, segons els nostres informes, el 22% dels edificis [&hellip;]\" \/>\n<meta property=\"og:url\" content=\"https:\/\/www.fundacionmdp.org\/ca\/es-obligatori-posar-un-ascensor-a-una-comunitat-de-propietaris\/\" \/>\n<meta property=\"og:site_name\" content=\"Fundaci\u00f3n Mutua de Propietarios\" \/>\n<meta property=\"article:published_time\" content=\"2025-09-02T07:53:28+00:00\" \/>\n<meta property=\"article:modified_time\" content=\"2025-09-03T06:44:13+00:00\" \/>\n<meta property=\"og:image\" content=\"https:\/\/www.fundacionmdp.org\/wp-content\/uploads\/2024\/07\/obligatorio_ascensor.png\" \/>\n\t<meta property=\"og:image:width\" content=\"1080\" \/>\n\t<meta property=\"og:image:height\" content=\"1080\" \/>\n\t<meta property=\"og:image:type\" content=\"image\/png\" \/>\n<meta name=\"author\" content=\"fundacionmdp\" \/>\n<meta name=\"twitter:card\" content=\"summary_large_image\" \/>\n<meta name=\"twitter:label1\" content=\"Escrit per\" \/>\n\t<meta name=\"twitter:data1\" content=\"fundacionmdp\" \/>\n\t<meta name=\"twitter:label2\" content=\"Temps estimat de lectura\" \/>\n\t<meta name=\"twitter:data2\" content=\"5 minuts\" \/>\n<script type=\"application\/ld+json\" class=\"yoast-schema-graph\">{\"@context\":\"https:\\\/\\\/schema.org\",\"@graph\":[{\"@type\":\"Article\",\"@id\":\"https:\\\/\\\/www.fundacionmdp.org\\\/ca\\\/es-obligatori-posar-un-ascensor-a-una-comunitat-de-propietaris\\\/#article\",\"isPartOf\":{\"@id\":\"https:\\\/\\\/www.fundacionmdp.org\\\/ca\\\/es-obligatori-posar-un-ascensor-a-una-comunitat-de-propietaris\\\/\"},\"author\":{\"name\":\"fundacionmdp\",\"@id\":\"https:\\\/\\\/www.fundacionmdp.org\\\/#\\\/schema\\\/person\\\/12f9af801cac25dfcb5a96cb0090f703\"},\"headline\":\"\u00c9s obligatori posar un ascensor a una comunitat de propietaris?\",\"datePublished\":\"2025-09-02T07:53:28+00:00\",\"dateModified\":\"2025-09-03T06:44:13+00:00\",\"mainEntityOfPage\":{\"@id\":\"https:\\\/\\\/www.fundacionmdp.org\\\/ca\\\/es-obligatori-posar-un-ascensor-a-una-comunitat-de-propietaris\\\/\"},\"wordCount\":940,\"commentCount\":0,\"publisher\":{\"@id\":\"https:\\\/\\\/www.fundacionmdp.org\\\/#organization\"},\"image\":{\"@id\":\"https:\\\/\\\/www.fundacionmdp.org\\\/ca\\\/es-obligatori-posar-un-ascensor-a-una-comunitat-de-propietaris\\\/#primaryimage\"},\"thumbnailUrl\":\"https:\\\/\\\/www.fundacionmdp.org\\\/wp-content\\\/uploads\\\/2024\\\/07\\\/obligatorio_ascensor.png\",\"articleSection\":[\"Sin categorizar\"],\"inLanguage\":\"ca\",\"potentialAction\":[{\"@type\":\"CommentAction\",\"name\":\"Comment\",\"target\":[\"https:\\\/\\\/www.fundacionmdp.org\\\/ca\\\/es-obligatori-posar-un-ascensor-a-una-comunitat-de-propietaris\\\/#respond\"]}]},{\"@type\":\"WebPage\",\"@id\":\"https:\\\/\\\/www.fundacionmdp.org\\\/ca\\\/es-obligatori-posar-un-ascensor-a-una-comunitat-de-propietaris\\\/\",\"url\":\"https:\\\/\\\/www.fundacionmdp.org\\\/ca\\\/es-obligatori-posar-un-ascensor-a-una-comunitat-de-propietaris\\\/\",\"name\":\"\u00c9s obligatori posar un ascensor a una comunitat de propietaris? - Fundaci\u00f3n Mutua de Propietarios\",\"isPartOf\":{\"@id\":\"https:\\\/\\\/www.fundacionmdp.org\\\/#website\"},\"primaryImageOfPage\":{\"@id\":\"https:\\\/\\\/www.fundacionmdp.org\\\/ca\\\/es-obligatori-posar-un-ascensor-a-una-comunitat-de-propietaris\\\/#primaryimage\"},\"image\":{\"@id\":\"https:\\\/\\\/www.fundacionmdp.org\\\/ca\\\/es-obligatori-posar-un-ascensor-a-una-comunitat-de-propietaris\\\/#primaryimage\"},\"thumbnailUrl\":\"https:\\\/\\\/www.fundacionmdp.org\\\/wp-content\\\/uploads\\\/2024\\\/07\\\/obligatorio_ascensor.png\",\"datePublished\":\"2025-09-02T07:53:28+00:00\",\"dateModified\":\"2025-09-03T06:44:13+00:00\",\"breadcrumb\":{\"@id\":\"https:\\\/\\\/www.fundacionmdp.org\\\/ca\\\/es-obligatori-posar-un-ascensor-a-una-comunitat-de-propietaris\\\/#breadcrumb\"},\"inLanguage\":\"ca\",\"potentialAction\":[{\"@type\":\"ReadAction\",\"target\":[\"https:\\\/\\\/www.fundacionmdp.org\\\/ca\\\/es-obligatori-posar-un-ascensor-a-una-comunitat-de-propietaris\\\/\"]}]},{\"@type\":\"ImageObject\",\"inLanguage\":\"ca\",\"@id\":\"https:\\\/\\\/www.fundacionmdp.org\\\/ca\\\/es-obligatori-posar-un-ascensor-a-una-comunitat-de-propietaris\\\/#primaryimage\",\"url\":\"https:\\\/\\\/www.fundacionmdp.org\\\/wp-content\\\/uploads\\\/2024\\\/07\\\/obligatorio_ascensor.png\",\"contentUrl\":\"https:\\\/\\\/www.fundacionmdp.org\\\/wp-content\\\/uploads\\\/2024\\\/07\\\/obligatorio_ascensor.png\",\"width\":1080,\"height\":1080},{\"@type\":\"BreadcrumbList\",\"@id\":\"https:\\\/\\\/www.fundacionmdp.org\\\/ca\\\/es-obligatori-posar-un-ascensor-a-una-comunitat-de-propietaris\\\/#breadcrumb\",\"itemListElement\":[{\"@type\":\"ListItem\",\"position\":1,\"name\":\"Home\",\"item\":\"https:\\\/\\\/www.fundacionmdp.org\\\/ca\\\/\"},{\"@type\":\"ListItem\",\"position\":2,\"name\":\"\u00c9s obligatori posar un ascensor a una comunitat de propietaris?\"}]},{\"@type\":\"WebSite\",\"@id\":\"https:\\\/\\\/www.fundacionmdp.org\\\/#website\",\"url\":\"https:\\\/\\\/www.fundacionmdp.org\\\/\",\"name\":\"Fundaci\u00f3n Mutua de Propietarios\",\"description\":\"En la Fundaci\u00f3n Mutua de Propietarios te ayudamos a convertir tu edificio de viviendas en un espacio sin barreras arquitect\u00f3nicas.\",\"publisher\":{\"@id\":\"https:\\\/\\\/www.fundacionmdp.org\\\/#organization\"},\"potentialAction\":[{\"@type\":\"SearchAction\",\"target\":{\"@type\":\"EntryPoint\",\"urlTemplate\":\"https:\\\/\\\/www.fundacionmdp.org\\\/?s={search_term_string}\"},\"query-input\":{\"@type\":\"PropertyValueSpecification\",\"valueRequired\":true,\"valueName\":\"search_term_string\"}}],\"inLanguage\":\"ca\"},{\"@type\":\"Organization\",\"@id\":\"https:\\\/\\\/www.fundacionmdp.org\\\/#organization\",\"name\":\"Fundaci\u00f3n Mutua de Propietarios\",\"url\":\"https:\\\/\\\/www.fundacionmdp.org\\\/\",\"logo\":{\"@type\":\"ImageObject\",\"inLanguage\":\"ca\",\"@id\":\"https:\\\/\\\/www.fundacionmdp.org\\\/#\\\/schema\\\/logo\\\/image\\\/\",\"url\":\"https:\\\/\\\/www.fundacionmdp.org\\\/wp-content\\\/uploads\\\/2023\\\/05\\\/logo_FMdP_cat.png\",\"contentUrl\":\"https:\\\/\\\/www.fundacionmdp.org\\\/wp-content\\\/uploads\\\/2023\\\/05\\\/logo_FMdP_cat.png\",\"width\":655,\"height\":297,\"caption\":\"Fundaci\u00f3n Mutua de Propietarios\"},\"image\":{\"@id\":\"https:\\\/\\\/www.fundacionmdp.org\\\/#\\\/schema\\\/logo\\\/image\\\/\"}},{\"@type\":\"Person\",\"@id\":\"https:\\\/\\\/www.fundacionmdp.org\\\/#\\\/schema\\\/person\\\/12f9af801cac25dfcb5a96cb0090f703\",\"name\":\"fundacionmdp\",\"image\":{\"@type\":\"ImageObject\",\"inLanguage\":\"ca\",\"@id\":\"https:\\\/\\\/secure.gravatar.com\\\/avatar\\\/b540f93d1816a14d85e51109d050c3243b98fb660a665f517a6d2597cff3bbed?s=96&d=mm&r=g\",\"url\":\"https:\\\/\\\/secure.gravatar.com\\\/avatar\\\/b540f93d1816a14d85e51109d050c3243b98fb660a665f517a6d2597cff3bbed?s=96&d=mm&r=g\",\"contentUrl\":\"https:\\\/\\\/secure.gravatar.com\\\/avatar\\\/b540f93d1816a14d85e51109d050c3243b98fb660a665f517a6d2597cff3bbed?s=96&d=mm&r=g\",\"caption\":\"fundacionmdp\"},\"sameAs\":[\"http:\\\/\\\/prezuk.com.mialias.net\\\/fundacionmdp\"],\"url\":\"https:\\\/\\\/www.fundacionmdp.org\\\/ca\\\/author\\\/fundacionmdp\\\/\"}]}<\/script>\n<!-- \/ Yoast SEO plugin. -->","yoast_head_json":{"title":"\u00c9s obligatori posar un ascensor a una comunitat de propietaris? - Fundaci\u00f3n Mutua de Propietarios","robots":{"index":"index","follow":"follow","max-snippet":"max-snippet:-1","max-image-preview":"max-image-preview:large","max-video-preview":"max-video-preview:-1"},"canonical":"https:\/\/www.fundacionmdp.org\/ca\/es-obligatori-posar-un-ascensor-a-una-comunitat-de-propietaris\/","og_locale":"ca_ES","og_type":"article","og_title":"\u00c9s obligatori posar un ascensor a una comunitat de propietaris? - Fundaci\u00f3n Mutua de Propietarios","og_description":"A Espanya, el 51% dels habitatges estan poc o gens adaptats per a persones amb mobilitat redu\u00efda o per al col\u00b7lectiu de persones grans. Una de les barreres arquitect\u00f2niques m\u00e9s rellevants en els edificis es l\u2019acc\u00e9s als habitatges mitjan\u00e7ant escales sense ascensor, rampa o elevador. De fet, segons els nostres informes, el 22% dels edificis [&hellip;]","og_url":"https:\/\/www.fundacionmdp.org\/ca\/es-obligatori-posar-un-ascensor-a-una-comunitat-de-propietaris\/","og_site_name":"Fundaci\u00f3n Mutua de Propietarios","article_published_time":"2025-09-02T07:53:28+00:00","article_modified_time":"2025-09-03T06:44:13+00:00","og_image":[{"width":1080,"height":1080,"url":"https:\/\/www.fundacionmdp.org\/wp-content\/uploads\/2024\/07\/obligatorio_ascensor.png","type":"image\/png"}],"author":"fundacionmdp","twitter_card":"summary_large_image","twitter_misc":{"Escrit per":"fundacionmdp","Temps estimat de lectura":"5 minuts"},"schema":{"@context":"https:\/\/schema.org","@graph":[{"@type":"Article","@id":"https:\/\/www.fundacionmdp.org\/ca\/es-obligatori-posar-un-ascensor-a-una-comunitat-de-propietaris\/#article","isPartOf":{"@id":"https:\/\/www.fundacionmdp.org\/ca\/es-obligatori-posar-un-ascensor-a-una-comunitat-de-propietaris\/"},"author":{"name":"fundacionmdp","@id":"https:\/\/www.fundacionmdp.org\/#\/schema\/person\/12f9af801cac25dfcb5a96cb0090f703"},"headline":"\u00c9s obligatori posar un ascensor a una comunitat de propietaris?","datePublished":"2025-09-02T07:53:28+00:00","dateModified":"2025-09-03T06:44:13+00:00","mainEntityOfPage":{"@id":"https:\/\/www.fundacionmdp.org\/ca\/es-obligatori-posar-un-ascensor-a-una-comunitat-de-propietaris\/"},"wordCount":940,"commentCount":0,"publisher":{"@id":"https:\/\/www.fundacionmdp.org\/#organization"},"image":{"@id":"https:\/\/www.fundacionmdp.org\/ca\/es-obligatori-posar-un-ascensor-a-una-comunitat-de-propietaris\/#primaryimage"},"thumbnailUrl":"https:\/\/www.fundacionmdp.org\/wp-content\/uploads\/2024\/07\/obligatorio_ascensor.png","articleSection":["Sin categorizar"],"inLanguage":"ca","potentialAction":[{"@type":"CommentAction","name":"Comment","target":["https:\/\/www.fundacionmdp.org\/ca\/es-obligatori-posar-un-ascensor-a-una-comunitat-de-propietaris\/#respond"]}]},{"@type":"WebPage","@id":"https:\/\/www.fundacionmdp.org\/ca\/es-obligatori-posar-un-ascensor-a-una-comunitat-de-propietaris\/","url":"https:\/\/www.fundacionmdp.org\/ca\/es-obligatori-posar-un-ascensor-a-una-comunitat-de-propietaris\/","name":"\u00c9s obligatori posar un ascensor a una comunitat de propietaris? - Fundaci\u00f3n Mutua de Propietarios","isPartOf":{"@id":"https:\/\/www.fundacionmdp.org\/#website"},"primaryImageOfPage":{"@id":"https:\/\/www.fundacionmdp.org\/ca\/es-obligatori-posar-un-ascensor-a-una-comunitat-de-propietaris\/#primaryimage"},"image":{"@id":"https:\/\/www.fundacionmdp.org\/ca\/es-obligatori-posar-un-ascensor-a-una-comunitat-de-propietaris\/#primaryimage"},"thumbnailUrl":"https:\/\/www.fundacionmdp.org\/wp-content\/uploads\/2024\/07\/obligatorio_ascensor.png","datePublished":"2025-09-02T07:53:28+00:00","dateModified":"2025-09-03T06:44:13+00:00","breadcrumb":{"@id":"https:\/\/www.fundacionmdp.org\/ca\/es-obligatori-posar-un-ascensor-a-una-comunitat-de-propietaris\/#breadcrumb"},"inLanguage":"ca","potentialAction":[{"@type":"ReadAction","target":["https:\/\/www.fundacionmdp.org\/ca\/es-obligatori-posar-un-ascensor-a-una-comunitat-de-propietaris\/"]}]},{"@type":"ImageObject","inLanguage":"ca","@id":"https:\/\/www.fundacionmdp.org\/ca\/es-obligatori-posar-un-ascensor-a-una-comunitat-de-propietaris\/#primaryimage","url":"https:\/\/www.fundacionmdp.org\/wp-content\/uploads\/2024\/07\/obligatorio_ascensor.png","contentUrl":"https:\/\/www.fundacionmdp.org\/wp-content\/uploads\/2024\/07\/obligatorio_ascensor.png","width":1080,"height":1080},{"@type":"BreadcrumbList","@id":"https:\/\/www.fundacionmdp.org\/ca\/es-obligatori-posar-un-ascensor-a-una-comunitat-de-propietaris\/#breadcrumb","itemListElement":[{"@type":"ListItem","position":1,"name":"Home","item":"https:\/\/www.fundacionmdp.org\/ca\/"},{"@type":"ListItem","position":2,"name":"\u00c9s obligatori posar un ascensor a una comunitat de propietaris?"}]},{"@type":"WebSite","@id":"https:\/\/www.fundacionmdp.org\/#website","url":"https:\/\/www.fundacionmdp.org\/","name":"Fundaci\u00f3n Mutua de Propietarios","description":"En la Fundaci\u00f3n Mutua de Propietarios te ayudamos a convertir tu edificio de viviendas en un espacio sin barreras arquitect\u00f3nicas.","publisher":{"@id":"https:\/\/www.fundacionmdp.org\/#organization"},"potentialAction":[{"@type":"SearchAction","target":{"@type":"EntryPoint","urlTemplate":"https:\/\/www.fundacionmdp.org\/?s={search_term_string}"},"query-input":{"@type":"PropertyValueSpecification","valueRequired":true,"valueName":"search_term_string"}}],"inLanguage":"ca"},{"@type":"Organization","@id":"https:\/\/www.fundacionmdp.org\/#organization","name":"Fundaci\u00f3n Mutua de Propietarios","url":"https:\/\/www.fundacionmdp.org\/","logo":{"@type":"ImageObject","inLanguage":"ca","@id":"https:\/\/www.fundacionmdp.org\/#\/schema\/logo\/image\/","url":"https:\/\/www.fundacionmdp.org\/wp-content\/uploads\/2023\/05\/logo_FMdP_cat.png","contentUrl":"https:\/\/www.fundacionmdp.org\/wp-content\/uploads\/2023\/05\/logo_FMdP_cat.png","width":655,"height":297,"caption":"Fundaci\u00f3n Mutua de Propietarios"},"image":{"@id":"https:\/\/www.fundacionmdp.org\/#\/schema\/logo\/image\/"}},{"@type":"Person","@id":"https:\/\/www.fundacionmdp.org\/#\/schema\/person\/12f9af801cac25dfcb5a96cb0090f703","name":"fundacionmdp","image":{"@type":"ImageObject","inLanguage":"ca","@id":"https:\/\/secure.gravatar.com\/avatar\/b540f93d1816a14d85e51109d050c3243b98fb660a665f517a6d2597cff3bbed?s=96&d=mm&r=g","url":"https:\/\/secure.gravatar.com\/avatar\/b540f93d1816a14d85e51109d050c3243b98fb660a665f517a6d2597cff3bbed?s=96&d=mm&r=g","contentUrl":"https:\/\/secure.gravatar.com\/avatar\/b540f93d1816a14d85e51109d050c3243b98fb660a665f517a6d2597cff3bbed?s=96&d=mm&r=g","caption":"fundacionmdp"},"sameAs":["http:\/\/prezuk.com.mialias.net\/fundacionmdp"],"url":"https:\/\/www.fundacionmdp.org\/ca\/author\/fundacionmdp\/"}]}},"_links":{"self":[{"href":"https:\/\/www.fundacionmdp.org\/ca\/wp-json\/wp\/v2\/posts\/10050","targetHints":{"allow":["GET"]}}],"collection":[{"href":"https:\/\/www.fundacionmdp.org\/ca\/wp-json\/wp\/v2\/posts"}],"about":[{"href":"https:\/\/www.fundacionmdp.org\/ca\/wp-json\/wp\/v2\/types\/post"}],"author":[{"embeddable":true,"href":"https:\/\/www.fundacionmdp.org\/ca\/wp-json\/wp\/v2\/users\/1"}],"replies":[{"embeddable":true,"href":"https:\/\/www.fundacionmdp.org\/ca\/wp-json\/wp\/v2\/comments?post=10050"}],"version-history":[{"count":9,"href":"https:\/\/www.fundacionmdp.org\/ca\/wp-json\/wp\/v2\/posts\/10050\/revisions"}],"predecessor-version":[{"id":11835,"href":"https:\/\/www.fundacionmdp.org\/ca\/wp-json\/wp\/v2\/posts\/10050\/revisions\/11835"}],"wp:featuredmedia":[{"embeddable":true,"href":"https:\/\/www.fundacionmdp.org\/ca\/wp-json\/wp\/v2\/media\/10042"}],"wp:attachment":[{"href":"https:\/\/www.fundacionmdp.org\/ca\/wp-json\/wp\/v2\/media?parent=10050"}],"wp:term":[{"taxonomy":"category","embeddable":true,"href":"https:\/\/www.fundacionmdp.org\/ca\/wp-json\/wp\/v2\/categories?post=10050"},{"taxonomy":"post_tag","embeddable":true,"href":"https:\/\/www.fundacionmdp.org\/ca\/wp-json\/wp\/v2\/tags?post=10050"}],"curies":[{"name":"wp","href":"https:\/\/api.w.org\/{rel}","templated":true}]}}