{"id":10070,"date":"2024-07-15T11:18:51","date_gmt":"2024-07-15T09:18:51","guid":{"rendered":"https:\/\/www.fundacionmdp.org\/?p=10070"},"modified":"2024-07-15T11:19:08","modified_gmt":"2024-07-15T09:19:08","slug":"quan-cal-reformar-o-substituir-lascensor-a-un-edifici-dhabitatges","status":"publish","type":"post","link":"https:\/\/www.fundacionmdp.org\/ca\/quan-cal-reformar-o-substituir-lascensor-a-un-edifici-dhabitatges\/","title":{"rendered":"Quan cal reformar o substituir l\u2019ascensor a un edifici d\u2019habitatges?"},"content":{"rendered":"\t\t<div data-elementor-type=\"wp-post\" data-elementor-id=\"10070\" class=\"elementor elementor-10070 elementor-10057\">\n\t\t\t\t<div class=\"elementor-element elementor-element-a78a348 e-flex e-con-boxed e-con e-parent\" data-id=\"a78a348\" data-element_type=\"container\" data-e-type=\"container\">\n\t\t\t\t\t<div class=\"e-con-inner\">\n\t\t\t\t<div class=\"elementor-element elementor-element-47be97a elementor-widget elementor-widget-text-editor\" data-id=\"47be97a\" data-element_type=\"widget\" data-e-type=\"widget\" data-widget_type=\"text-editor.default\">\n\t\t\t\t<div class=\"elementor-widget-container\">\n\t\t\t\t\t\t\t\t\t<p>Espanya \u00e9s un dels pa\u00efsos amb m\u00e9s ascensors en edificis en proporci\u00f3 a la seva poblaci\u00f3, per\u00f2 molts edificis d&#8217;habitatges no tenen ascensor instal\u00b7lat encara i necessiten reformes per incorporar-lo. Altres vegades, tot i existir ascensor a l&#8217;edifici, s\u00f3n necess\u00e0ries adaptacions i reformes per millorar-ne el funcionament, seguretat i\/o accessibilitat. <\/p><p>L&#8217;accessibilitat als edificis \u00e9s de vital import\u00e0ncia per poder garantir un habitatge digne a persones amb mobilitat redu\u00efda o de la tercera edat. A <a href=\"https:\/\/www.fundacionmdp.org\/\"><strong>Fundaci\u00f3 Mutua de Propietarios<\/strong><\/a> lluitem per un m\u00f3n amb accessibilitat universal per a totes les persones, per aix\u00f2 avui, us expliquem quan una comunitat de propietaris ha de reformar o substituir l&#8217;ascensor d&#8217;un edifici d&#8217;habitatges, segons la nova normativa aprovada recentment.<\/p><h3>Quan i per qu\u00e8 cal reformar o substituir l&#8217;ascensor segons la nova normativa?<\/h3><p>El Govern espanyol ha actualitzat recentment la normativa que regula la posada en servei, la modificaci\u00f3, el manteniment i la inspecci\u00f3 dels ascensors. Aquesta nova normativa, publicada al BOE i anomenada <a href=\"https:\/\/www.boe.es\/diario_boe\/txt.php?id=BOE-A-2024-7258\"><em>Instrucci\u00f3 T\u00e8cnica Complement\u00e0ria (ITC) AEM 1 \u201cAscensors\u201d<\/em><\/a> adaptar\u00e0 la reglamentaci\u00f3 dels ascensors, actualitzant els procediments de manteniment i inspeccions peri\u00f2diques per a la vigil\u00e0ncia de l&#8217;estat dels elements estructurals i de seguretat de les unitats, aix\u00ed com la modernitzaci\u00f3. La nova normativa va entrar en vigor el dia 1 de juliol passat.<\/p><h3>Actualitzaci\u00f3 de la normativa<\/h3><p>La nova normativa estableix una s\u00e8rie de requisits que els ascensors han de complir per garantir la seguretat i l&#8217;efici\u00e8ncia de la seva operaci\u00f3. Aquestes regulacions s\u00f3n molt detallades, cobrint aspectes des de la instal\u00b7laci\u00f3 inicial fins al manteniment peri\u00f2dic i les inspeccions obligat\u00f2ries. Algunes de les \u00e0rees d&#8217;enfocament principals inclouen:<\/p><ol><li><strong>Seguretat millorada<\/strong>: Es requereixen sistemes de seguretat avan\u00e7ats per prevenir accidents, incloent frens d&#8217;emerg\u00e8ncia, sensors de porta i mecanismes de comunicaci\u00f3 en cas de fallada.<\/li><li><strong>Accessibilitat<\/strong>: Els ascensors han de ser accessibles per a totes les persones, incloent-hi aquelles amb mobilitat redu\u00efda, assegurant que compleixin les normatives d&#8217;accessibilitat vigents.<\/li><li><strong>Efici\u00e8ncia energ\u00e8tica<\/strong>: La normativa promou l&#8217;\u00fas de tecnologies que redueixin el consum energ\u00e8tic, cosa que no nom\u00e9s beneficia el medi ambient, sin\u00f3 que tamb\u00e9 beneficia la comunitat disminuint despeses de manteniment a llarg termini.<\/li><\/ol><p>Si voleu saber m\u00e9s sobre aquesta nova normativa, us convidem a llegir aquest article del bloc SENSEDI, escrit per l&#8217;expert Rafael Temes <a href=\"https:\/\/sensedi.com\/espana-el-pais-del-mundo-con-mas-ascensores-actualiza-la-normativa-que-regula-la-puesta-en-servicio-modificacion-mantenimiento-e-inspeccion-de-los-ascensores\/\">Espanya el pa\u00eds del m\u00f3n amb m\u00e9s ascensors actualitza la normativa que regula la posada en servei, la modificaci\u00f3, el manteniment i la inspecci\u00f3 dels ascensors | SENSEDI<\/a><\/p><h3>Quins s\u00f3n els beneficis de la nova normativa dels ascensors als edificis d&#8217;habitatges?<\/h3><p>Segons el Govern, la nova normativa aprovada sobre la modificaci\u00f3, manteniment i inspecci\u00f3 dels ascensors comportar\u00e0 una s\u00e8rie de beneficis:<\/p><ul><li><strong>Seguretat<\/strong>: la implementaci\u00f3 de les noves normes de seguretat redueix significativament el risc d&#8217;accidents i fallades mec\u00e0niques, protegint els usuaris i evitant responsabilitats legals.<\/li><li><strong>Estalvi energ\u00e8tic<\/strong>: els ascensors moderns, dissenyats per ser energ\u00e8ticament eficients, poden reduir considerablement els costos operatius de l&#8217;edifici.<\/li><li><strong>Increment del valor de la propietat<\/strong>: un ascensor que compleix les \u00faltimes normatives de seguretat i efici\u00e8ncia pot augmentar el valor de la propietat, fent-la m\u00e9s atractiva per a potencials compradors o llogaters.<\/li><li><strong>Compliment regulatori<\/strong>: adaptar-se a la nova normativa evita sancions i assegura que l&#8217;edifici est\u00e0 alineat amb les lleis vigents, proporcionant tranquil\u00b7litat a propietaris i administradors.<\/li><\/ul><p>A Fundaci\u00f3 Mutua Propietarios treballem per m\u00e9s habitatges lliures de barreres arquitect\u00f2niques, amb activitats com el nostre observatori d&#8217;accessibilitat, el nostre programa d&#8217;Ajuts Sense Barreres o la nostra aplicaci\u00f3 gratu\u00efta per a la m\u00f2bil app Zero Barreras, perqu\u00e8 l&#8217;accessibilitat universal als habitatges \u00e9s una necessitat i un dret per a tothom.<\/p>\t\t\t\t\t\t\t\t<\/div>\n\t\t\t\t<\/div>\n\t\t\t\t\t<\/div>\n\t\t\t\t<\/div>\n\t\t\t\t<\/div>\n\t\t","protected":false},"excerpt":{"rendered":"<p>Espanya \u00e9s un dels pa\u00efsos amb m\u00e9s ascensors en edificis en proporci\u00f3 a la seva poblaci\u00f3, per\u00f2 molts edificis d&#8217;habitatges no tenen ascensor instal\u00b7lat encara i necessiten reformes per incorporar-lo. Altres vegades, tot i existir ascensor a l&#8217;edifici, s\u00f3n necess\u00e0ries adaptacions i reformes per millorar-ne el funcionament, seguretat i\/o accessibilitat. L&#8217;accessibilitat als edificis \u00e9s de [&hellip;]<\/p>\n","protected":false},"author":1,"featured_media":10059,"comment_status":"open","ping_status":"open","sticky":false,"template":"","format":"standard","meta":{"_acf_changed":false,"ocean_post_layout":"","ocean_both_sidebars_style":"","ocean_both_sidebars_content_width":0,"ocean_both_sidebars_sidebars_width":0,"ocean_sidebar":"","ocean_second_sidebar":"","ocean_disable_margins":"enable","ocean_add_body_class":"","ocean_shortcode_before_top_bar":"","ocean_shortcode_after_top_bar":"","ocean_shortcode_before_header":"","ocean_shortcode_after_header":"","ocean_has_shortcode":"","ocean_shortcode_after_title":"","ocean_shortcode_before_footer_widgets":"","ocean_shortcode_after_footer_widgets":"","ocean_shortcode_before_footer_bottom":"","ocean_shortcode_after_footer_bottom":"","ocean_display_top_bar":"default","ocean_display_header":"default","ocean_header_style":"","ocean_center_header_left_menu":"","ocean_custom_header_template":"","ocean_custom_logo":0,"ocean_custom_retina_logo":0,"ocean_custom_logo_max_width":0,"ocean_custom_logo_tablet_max_width":0,"ocean_custom_logo_mobile_max_width":0,"ocean_custom_logo_max_height":0,"ocean_custom_logo_tablet_max_height":0,"ocean_custom_logo_mobile_max_height":0,"ocean_header_custom_menu":"","ocean_menu_typo_font_family":"","ocean_menu_typo_font_subset":"","ocean_menu_typo_font_size":0,"ocean_menu_typo_font_size_tablet":0,"ocean_menu_typo_font_size_mobile":0,"ocean_menu_typo_font_size_unit":"px","ocean_menu_typo_font_weight":"","ocean_menu_typo_font_weight_tablet":"","ocean_menu_typo_font_weight_mobile":"","ocean_menu_typo_transform":"","ocean_menu_typo_transform_tablet":"","ocean_menu_typo_transform_mobile":"","ocean_menu_typo_line_height":0,"ocean_menu_typo_line_height_tablet":0,"ocean_menu_typo_line_height_mobile":0,"ocean_menu_typo_line_height_unit":"","ocean_menu_typo_spacing":0,"ocean_menu_typo_spacing_tablet":0,"ocean_menu_typo_spacing_mobile":0,"ocean_menu_typo_spacing_unit":"","ocean_menu_link_color":"","ocean_menu_link_color_hover":"","ocean_menu_link_color_active":"","ocean_menu_link_background":"","ocean_menu_link_hover_background":"","ocean_menu_link_active_background":"","ocean_menu_social_links_bg":"","ocean_menu_social_hover_links_bg":"","ocean_menu_social_links_color":"","ocean_menu_social_hover_links_color":"","ocean_disable_title":"default","ocean_disable_heading":"default","ocean_post_title":"","ocean_post_subheading":"","ocean_post_title_style":"","ocean_post_title_background_color":"","ocean_post_title_background":0,"ocean_post_title_bg_image_position":"","ocean_post_title_bg_image_attachment":"","ocean_post_title_bg_image_repeat":"","ocean_post_title_bg_image_size":"","ocean_post_title_height":0,"ocean_post_title_bg_overlay":0.5,"ocean_post_title_bg_overlay_color":"","ocean_disable_breadcrumbs":"default","ocean_breadcrumbs_color":"","ocean_breadcrumbs_separator_color":"","ocean_breadcrumbs_links_color":"","ocean_breadcrumbs_links_hover_color":"","ocean_display_footer_widgets":"default","ocean_display_footer_bottom":"default","ocean_custom_footer_template":"","ocean_post_oembed":"","ocean_post_self_hosted_media":"","ocean_post_video_embed":"","ocean_link_format":"","ocean_link_format_target":"self","ocean_quote_format":"","ocean_quote_format_link":"post","ocean_gallery_link_images":"on","ocean_gallery_id":[],"footnotes":""},"categories":[1],"tags":[],"class_list":["post-10070","post","type-post","status-publish","format-standard","has-post-thumbnail","hentry","category-sin-categorizar","entry","has-media"],"acf":[],"yoast_head":"<!-- This site is optimized with the Yoast SEO plugin v27.3 - https:\/\/yoast.com\/product\/yoast-seo-wordpress\/ -->\n<title>Quan cal reformar o substituir l\u2019ascensor a un edifici d\u2019habitatges? - Fundaci\u00f3n Mutua de Propietarios<\/title>\n<meta name=\"robots\" content=\"index, follow, max-snippet:-1, max-image-preview:large, max-video-preview:-1\" \/>\n<link rel=\"canonical\" href=\"https:\/\/www.fundacionmdp.org\/cuando-se-debe-reformar-o-sustituir-el-ascensor-en-un-edificio-de-viviendas\/\" \/>\n<meta property=\"og:locale\" content=\"ca_ES\" \/>\n<meta property=\"og:type\" content=\"article\" \/>\n<meta property=\"og:title\" content=\"Quan cal reformar o substituir l\u2019ascensor a un edifici d\u2019habitatges? - Fundaci\u00f3n Mutua de Propietarios\" \/>\n<meta property=\"og:description\" content=\"Espanya \u00e9s un dels pa\u00efsos amb m\u00e9s ascensors en edificis en proporci\u00f3 a la seva poblaci\u00f3, per\u00f2 molts edificis d&#8217;habitatges no tenen ascensor instal\u00b7lat encara i necessiten reformes per incorporar-lo. Altres vegades, tot i existir ascensor a l&#8217;edifici, s\u00f3n necess\u00e0ries adaptacions i reformes per millorar-ne el funcionament, seguretat i\/o accessibilitat. L&#8217;accessibilitat als edificis \u00e9s de [&hellip;]\" \/>\n<meta property=\"og:url\" content=\"https:\/\/www.fundacionmdp.org\/cuando-se-debe-reformar-o-sustituir-el-ascensor-en-un-edificio-de-viviendas\/\" \/>\n<meta property=\"og:site_name\" content=\"Fundaci\u00f3n Mutua de Propietarios\" \/>\n<meta property=\"article:published_time\" content=\"2024-07-15T09:18:51+00:00\" \/>\n<meta property=\"article:modified_time\" content=\"2024-07-15T09:19:08+00:00\" \/>\n<meta property=\"og:image\" content=\"https:\/\/www.fundacionmdp.org\/wp-content\/uploads\/2024\/07\/reformar_ascensor.png\" \/>\n\t<meta property=\"og:image:width\" content=\"1080\" \/>\n\t<meta property=\"og:image:height\" content=\"1080\" \/>\n\t<meta property=\"og:image:type\" content=\"image\/png\" \/>\n<meta name=\"author\" content=\"fundacionmdp\" \/>\n<meta name=\"twitter:card\" content=\"summary_large_image\" \/>\n<meta name=\"twitter:label1\" content=\"Escrit per\" \/>\n\t<meta name=\"twitter:data1\" content=\"fundacionmdp\" \/>\n\t<meta name=\"twitter:label2\" content=\"Temps estimat de lectura\" \/>\n\t<meta name=\"twitter:data2\" content=\"3 minuts\" \/>\n<script type=\"application\/ld+json\" class=\"yoast-schema-graph\">{\"@context\":\"https:\\\/\\\/schema.org\",\"@graph\":[{\"@type\":\"Article\",\"@id\":\"https:\\\/\\\/www.fundacionmdp.org\\\/cuando-se-debe-reformar-o-sustituir-el-ascensor-en-un-edificio-de-viviendas\\\/#article\",\"isPartOf\":{\"@id\":\"https:\\\/\\\/www.fundacionmdp.org\\\/cuando-se-debe-reformar-o-sustituir-el-ascensor-en-un-edificio-de-viviendas\\\/\"},\"author\":{\"name\":\"fundacionmdp\",\"@id\":\"https:\\\/\\\/www.fundacionmdp.org\\\/#\\\/schema\\\/person\\\/12f9af801cac25dfcb5a96cb0090f703\"},\"headline\":\"Quan cal reformar o substituir l\u2019ascensor a un edifici d\u2019habitatges?\",\"datePublished\":\"2024-07-15T09:18:51+00:00\",\"dateModified\":\"2024-07-15T09:19:08+00:00\",\"mainEntityOfPage\":{\"@id\":\"https:\\\/\\\/www.fundacionmdp.org\\\/cuando-se-debe-reformar-o-sustituir-el-ascensor-en-un-edificio-de-viviendas\\\/\"},\"wordCount\":655,\"commentCount\":0,\"publisher\":{\"@id\":\"https:\\\/\\\/www.fundacionmdp.org\\\/#organization\"},\"image\":{\"@id\":\"https:\\\/\\\/www.fundacionmdp.org\\\/cuando-se-debe-reformar-o-sustituir-el-ascensor-en-un-edificio-de-viviendas\\\/#primaryimage\"},\"thumbnailUrl\":\"https:\\\/\\\/www.fundacionmdp.org\\\/wp-content\\\/uploads\\\/2024\\\/07\\\/reformar_ascensor.png\",\"articleSection\":[\"Sin categorizar\"],\"inLanguage\":\"ca\",\"potentialAction\":[{\"@type\":\"CommentAction\",\"name\":\"Comment\",\"target\":[\"https:\\\/\\\/www.fundacionmdp.org\\\/cuando-se-debe-reformar-o-sustituir-el-ascensor-en-un-edificio-de-viviendas\\\/#respond\"]}]},{\"@type\":\"WebPage\",\"@id\":\"https:\\\/\\\/www.fundacionmdp.org\\\/cuando-se-debe-reformar-o-sustituir-el-ascensor-en-un-edificio-de-viviendas\\\/\",\"url\":\"https:\\\/\\\/www.fundacionmdp.org\\\/cuando-se-debe-reformar-o-sustituir-el-ascensor-en-un-edificio-de-viviendas\\\/\",\"name\":\"Quan cal reformar o substituir l\u2019ascensor a un edifici d\u2019habitatges? - Fundaci\u00f3n Mutua de Propietarios\",\"isPartOf\":{\"@id\":\"https:\\\/\\\/www.fundacionmdp.org\\\/#website\"},\"primaryImageOfPage\":{\"@id\":\"https:\\\/\\\/www.fundacionmdp.org\\\/cuando-se-debe-reformar-o-sustituir-el-ascensor-en-un-edificio-de-viviendas\\\/#primaryimage\"},\"image\":{\"@id\":\"https:\\\/\\\/www.fundacionmdp.org\\\/cuando-se-debe-reformar-o-sustituir-el-ascensor-en-un-edificio-de-viviendas\\\/#primaryimage\"},\"thumbnailUrl\":\"https:\\\/\\\/www.fundacionmdp.org\\\/wp-content\\\/uploads\\\/2024\\\/07\\\/reformar_ascensor.png\",\"datePublished\":\"2024-07-15T09:18:51+00:00\",\"dateModified\":\"2024-07-15T09:19:08+00:00\",\"breadcrumb\":{\"@id\":\"https:\\\/\\\/www.fundacionmdp.org\\\/cuando-se-debe-reformar-o-sustituir-el-ascensor-en-un-edificio-de-viviendas\\\/#breadcrumb\"},\"inLanguage\":\"ca\",\"potentialAction\":[{\"@type\":\"ReadAction\",\"target\":[\"https:\\\/\\\/www.fundacionmdp.org\\\/cuando-se-debe-reformar-o-sustituir-el-ascensor-en-un-edificio-de-viviendas\\\/\"]}]},{\"@type\":\"ImageObject\",\"inLanguage\":\"ca\",\"@id\":\"https:\\\/\\\/www.fundacionmdp.org\\\/cuando-se-debe-reformar-o-sustituir-el-ascensor-en-un-edificio-de-viviendas\\\/#primaryimage\",\"url\":\"https:\\\/\\\/www.fundacionmdp.org\\\/wp-content\\\/uploads\\\/2024\\\/07\\\/reformar_ascensor.png\",\"contentUrl\":\"https:\\\/\\\/www.fundacionmdp.org\\\/wp-content\\\/uploads\\\/2024\\\/07\\\/reformar_ascensor.png\",\"width\":1080,\"height\":1080},{\"@type\":\"BreadcrumbList\",\"@id\":\"https:\\\/\\\/www.fundacionmdp.org\\\/cuando-se-debe-reformar-o-sustituir-el-ascensor-en-un-edificio-de-viviendas\\\/#breadcrumb\",\"itemListElement\":[{\"@type\":\"ListItem\",\"position\":1,\"name\":\"Home\",\"item\":\"https:\\\/\\\/www.fundacionmdp.org\\\/ca\\\/\"},{\"@type\":\"ListItem\",\"position\":2,\"name\":\"Quan cal reformar o substituir l\u2019ascensor a un edifici d\u2019habitatges?\"}]},{\"@type\":\"WebSite\",\"@id\":\"https:\\\/\\\/www.fundacionmdp.org\\\/#website\",\"url\":\"https:\\\/\\\/www.fundacionmdp.org\\\/\",\"name\":\"Fundaci\u00f3n Mutua de Propietarios\",\"description\":\"En la Fundaci\u00f3n Mutua de Propietarios te ayudamos a convertir tu edificio de viviendas en un espacio sin barreras arquitect\u00f3nicas.\",\"publisher\":{\"@id\":\"https:\\\/\\\/www.fundacionmdp.org\\\/#organization\"},\"potentialAction\":[{\"@type\":\"SearchAction\",\"target\":{\"@type\":\"EntryPoint\",\"urlTemplate\":\"https:\\\/\\\/www.fundacionmdp.org\\\/?s={search_term_string}\"},\"query-input\":{\"@type\":\"PropertyValueSpecification\",\"valueRequired\":true,\"valueName\":\"search_term_string\"}}],\"inLanguage\":\"ca\"},{\"@type\":\"Organization\",\"@id\":\"https:\\\/\\\/www.fundacionmdp.org\\\/#organization\",\"name\":\"Fundaci\u00f3n Mutua de Propietarios\",\"url\":\"https:\\\/\\\/www.fundacionmdp.org\\\/\",\"logo\":{\"@type\":\"ImageObject\",\"inLanguage\":\"ca\",\"@id\":\"https:\\\/\\\/www.fundacionmdp.org\\\/#\\\/schema\\\/logo\\\/image\\\/\",\"url\":\"https:\\\/\\\/www.fundacionmdp.org\\\/wp-content\\\/uploads\\\/2023\\\/05\\\/logo_FMdP_cat.png\",\"contentUrl\":\"https:\\\/\\\/www.fundacionmdp.org\\\/wp-content\\\/uploads\\\/2023\\\/05\\\/logo_FMdP_cat.png\",\"width\":655,\"height\":297,\"caption\":\"Fundaci\u00f3n Mutua de Propietarios\"},\"image\":{\"@id\":\"https:\\\/\\\/www.fundacionmdp.org\\\/#\\\/schema\\\/logo\\\/image\\\/\"}},{\"@type\":\"Person\",\"@id\":\"https:\\\/\\\/www.fundacionmdp.org\\\/#\\\/schema\\\/person\\\/12f9af801cac25dfcb5a96cb0090f703\",\"name\":\"fundacionmdp\",\"image\":{\"@type\":\"ImageObject\",\"inLanguage\":\"ca\",\"@id\":\"https:\\\/\\\/secure.gravatar.com\\\/avatar\\\/b540f93d1816a14d85e51109d050c3243b98fb660a665f517a6d2597cff3bbed?s=96&d=mm&r=g\",\"url\":\"https:\\\/\\\/secure.gravatar.com\\\/avatar\\\/b540f93d1816a14d85e51109d050c3243b98fb660a665f517a6d2597cff3bbed?s=96&d=mm&r=g\",\"contentUrl\":\"https:\\\/\\\/secure.gravatar.com\\\/avatar\\\/b540f93d1816a14d85e51109d050c3243b98fb660a665f517a6d2597cff3bbed?s=96&d=mm&r=g\",\"caption\":\"fundacionmdp\"},\"sameAs\":[\"http:\\\/\\\/prezuk.com.mialias.net\\\/fundacionmdp\"],\"url\":\"https:\\\/\\\/www.fundacionmdp.org\\\/ca\\\/author\\\/fundacionmdp\\\/\"}]}<\/script>\n<!-- \/ Yoast SEO plugin. -->","yoast_head_json":{"title":"Quan cal reformar o substituir l\u2019ascensor a un edifici d\u2019habitatges? - Fundaci\u00f3n Mutua de Propietarios","robots":{"index":"index","follow":"follow","max-snippet":"max-snippet:-1","max-image-preview":"max-image-preview:large","max-video-preview":"max-video-preview:-1"},"canonical":"https:\/\/www.fundacionmdp.org\/cuando-se-debe-reformar-o-sustituir-el-ascensor-en-un-edificio-de-viviendas\/","og_locale":"ca_ES","og_type":"article","og_title":"Quan cal reformar o substituir l\u2019ascensor a un edifici d\u2019habitatges? - Fundaci\u00f3n Mutua de Propietarios","og_description":"Espanya \u00e9s un dels pa\u00efsos amb m\u00e9s ascensors en edificis en proporci\u00f3 a la seva poblaci\u00f3, per\u00f2 molts edificis d&#8217;habitatges no tenen ascensor instal\u00b7lat encara i necessiten reformes per incorporar-lo. Altres vegades, tot i existir ascensor a l&#8217;edifici, s\u00f3n necess\u00e0ries adaptacions i reformes per millorar-ne el funcionament, seguretat i\/o accessibilitat. L&#8217;accessibilitat als edificis \u00e9s de [&hellip;]","og_url":"https:\/\/www.fundacionmdp.org\/cuando-se-debe-reformar-o-sustituir-el-ascensor-en-un-edificio-de-viviendas\/","og_site_name":"Fundaci\u00f3n Mutua de Propietarios","article_published_time":"2024-07-15T09:18:51+00:00","article_modified_time":"2024-07-15T09:19:08+00:00","og_image":[{"width":1080,"height":1080,"url":"https:\/\/www.fundacionmdp.org\/wp-content\/uploads\/2024\/07\/reformar_ascensor.png","type":"image\/png"}],"author":"fundacionmdp","twitter_card":"summary_large_image","twitter_misc":{"Escrit per":"fundacionmdp","Temps estimat de lectura":"3 minuts"},"schema":{"@context":"https:\/\/schema.org","@graph":[{"@type":"Article","@id":"https:\/\/www.fundacionmdp.org\/cuando-se-debe-reformar-o-sustituir-el-ascensor-en-un-edificio-de-viviendas\/#article","isPartOf":{"@id":"https:\/\/www.fundacionmdp.org\/cuando-se-debe-reformar-o-sustituir-el-ascensor-en-un-edificio-de-viviendas\/"},"author":{"name":"fundacionmdp","@id":"https:\/\/www.fundacionmdp.org\/#\/schema\/person\/12f9af801cac25dfcb5a96cb0090f703"},"headline":"Quan cal reformar o substituir l\u2019ascensor a un edifici d\u2019habitatges?","datePublished":"2024-07-15T09:18:51+00:00","dateModified":"2024-07-15T09:19:08+00:00","mainEntityOfPage":{"@id":"https:\/\/www.fundacionmdp.org\/cuando-se-debe-reformar-o-sustituir-el-ascensor-en-un-edificio-de-viviendas\/"},"wordCount":655,"commentCount":0,"publisher":{"@id":"https:\/\/www.fundacionmdp.org\/#organization"},"image":{"@id":"https:\/\/www.fundacionmdp.org\/cuando-se-debe-reformar-o-sustituir-el-ascensor-en-un-edificio-de-viviendas\/#primaryimage"},"thumbnailUrl":"https:\/\/www.fundacionmdp.org\/wp-content\/uploads\/2024\/07\/reformar_ascensor.png","articleSection":["Sin categorizar"],"inLanguage":"ca","potentialAction":[{"@type":"CommentAction","name":"Comment","target":["https:\/\/www.fundacionmdp.org\/cuando-se-debe-reformar-o-sustituir-el-ascensor-en-un-edificio-de-viviendas\/#respond"]}]},{"@type":"WebPage","@id":"https:\/\/www.fundacionmdp.org\/cuando-se-debe-reformar-o-sustituir-el-ascensor-en-un-edificio-de-viviendas\/","url":"https:\/\/www.fundacionmdp.org\/cuando-se-debe-reformar-o-sustituir-el-ascensor-en-un-edificio-de-viviendas\/","name":"Quan cal reformar o substituir l\u2019ascensor a un edifici d\u2019habitatges? - Fundaci\u00f3n Mutua de Propietarios","isPartOf":{"@id":"https:\/\/www.fundacionmdp.org\/#website"},"primaryImageOfPage":{"@id":"https:\/\/www.fundacionmdp.org\/cuando-se-debe-reformar-o-sustituir-el-ascensor-en-un-edificio-de-viviendas\/#primaryimage"},"image":{"@id":"https:\/\/www.fundacionmdp.org\/cuando-se-debe-reformar-o-sustituir-el-ascensor-en-un-edificio-de-viviendas\/#primaryimage"},"thumbnailUrl":"https:\/\/www.fundacionmdp.org\/wp-content\/uploads\/2024\/07\/reformar_ascensor.png","datePublished":"2024-07-15T09:18:51+00:00","dateModified":"2024-07-15T09:19:08+00:00","breadcrumb":{"@id":"https:\/\/www.fundacionmdp.org\/cuando-se-debe-reformar-o-sustituir-el-ascensor-en-un-edificio-de-viviendas\/#breadcrumb"},"inLanguage":"ca","potentialAction":[{"@type":"ReadAction","target":["https:\/\/www.fundacionmdp.org\/cuando-se-debe-reformar-o-sustituir-el-ascensor-en-un-edificio-de-viviendas\/"]}]},{"@type":"ImageObject","inLanguage":"ca","@id":"https:\/\/www.fundacionmdp.org\/cuando-se-debe-reformar-o-sustituir-el-ascensor-en-un-edificio-de-viviendas\/#primaryimage","url":"https:\/\/www.fundacionmdp.org\/wp-content\/uploads\/2024\/07\/reformar_ascensor.png","contentUrl":"https:\/\/www.fundacionmdp.org\/wp-content\/uploads\/2024\/07\/reformar_ascensor.png","width":1080,"height":1080},{"@type":"BreadcrumbList","@id":"https:\/\/www.fundacionmdp.org\/cuando-se-debe-reformar-o-sustituir-el-ascensor-en-un-edificio-de-viviendas\/#breadcrumb","itemListElement":[{"@type":"ListItem","position":1,"name":"Home","item":"https:\/\/www.fundacionmdp.org\/ca\/"},{"@type":"ListItem","position":2,"name":"Quan cal reformar o substituir l\u2019ascensor a un edifici d\u2019habitatges?"}]},{"@type":"WebSite","@id":"https:\/\/www.fundacionmdp.org\/#website","url":"https:\/\/www.fundacionmdp.org\/","name":"Fundaci\u00f3n Mutua de Propietarios","description":"En la Fundaci\u00f3n Mutua de Propietarios te ayudamos a convertir tu edificio de viviendas en un espacio sin barreras arquitect\u00f3nicas.","publisher":{"@id":"https:\/\/www.fundacionmdp.org\/#organization"},"potentialAction":[{"@type":"SearchAction","target":{"@type":"EntryPoint","urlTemplate":"https:\/\/www.fundacionmdp.org\/?s={search_term_string}"},"query-input":{"@type":"PropertyValueSpecification","valueRequired":true,"valueName":"search_term_string"}}],"inLanguage":"ca"},{"@type":"Organization","@id":"https:\/\/www.fundacionmdp.org\/#organization","name":"Fundaci\u00f3n Mutua de Propietarios","url":"https:\/\/www.fundacionmdp.org\/","logo":{"@type":"ImageObject","inLanguage":"ca","@id":"https:\/\/www.fundacionmdp.org\/#\/schema\/logo\/image\/","url":"https:\/\/www.fundacionmdp.org\/wp-content\/uploads\/2023\/05\/logo_FMdP_cat.png","contentUrl":"https:\/\/www.fundacionmdp.org\/wp-content\/uploads\/2023\/05\/logo_FMdP_cat.png","width":655,"height":297,"caption":"Fundaci\u00f3n Mutua de Propietarios"},"image":{"@id":"https:\/\/www.fundacionmdp.org\/#\/schema\/logo\/image\/"}},{"@type":"Person","@id":"https:\/\/www.fundacionmdp.org\/#\/schema\/person\/12f9af801cac25dfcb5a96cb0090f703","name":"fundacionmdp","image":{"@type":"ImageObject","inLanguage":"ca","@id":"https:\/\/secure.gravatar.com\/avatar\/b540f93d1816a14d85e51109d050c3243b98fb660a665f517a6d2597cff3bbed?s=96&d=mm&r=g","url":"https:\/\/secure.gravatar.com\/avatar\/b540f93d1816a14d85e51109d050c3243b98fb660a665f517a6d2597cff3bbed?s=96&d=mm&r=g","contentUrl":"https:\/\/secure.gravatar.com\/avatar\/b540f93d1816a14d85e51109d050c3243b98fb660a665f517a6d2597cff3bbed?s=96&d=mm&r=g","caption":"fundacionmdp"},"sameAs":["http:\/\/prezuk.com.mialias.net\/fundacionmdp"],"url":"https:\/\/www.fundacionmdp.org\/ca\/author\/fundacionmdp\/"}]}},"_links":{"self":[{"href":"https:\/\/www.fundacionmdp.org\/ca\/wp-json\/wp\/v2\/posts\/10070","targetHints":{"allow":["GET"]}}],"collection":[{"href":"https:\/\/www.fundacionmdp.org\/ca\/wp-json\/wp\/v2\/posts"}],"about":[{"href":"https:\/\/www.fundacionmdp.org\/ca\/wp-json\/wp\/v2\/types\/post"}],"author":[{"embeddable":true,"href":"https:\/\/www.fundacionmdp.org\/ca\/wp-json\/wp\/v2\/users\/1"}],"replies":[{"embeddable":true,"href":"https:\/\/www.fundacionmdp.org\/ca\/wp-json\/wp\/v2\/comments?post=10070"}],"version-history":[{"count":3,"href":"https:\/\/www.fundacionmdp.org\/ca\/wp-json\/wp\/v2\/posts\/10070\/revisions"}],"predecessor-version":[{"id":10073,"href":"https:\/\/www.fundacionmdp.org\/ca\/wp-json\/wp\/v2\/posts\/10070\/revisions\/10073"}],"wp:featuredmedia":[{"embeddable":true,"href":"https:\/\/www.fundacionmdp.org\/ca\/wp-json\/wp\/v2\/media\/10059"}],"wp:attachment":[{"href":"https:\/\/www.fundacionmdp.org\/ca\/wp-json\/wp\/v2\/media?parent=10070"}],"wp:term":[{"taxonomy":"category","embeddable":true,"href":"https:\/\/www.fundacionmdp.org\/ca\/wp-json\/wp\/v2\/categories?post=10070"},{"taxonomy":"post_tag","embeddable":true,"href":"https:\/\/www.fundacionmdp.org\/ca\/wp-json\/wp\/v2\/tags?post=10070"}],"curies":[{"name":"wp","href":"https:\/\/api.w.org\/{rel}","templated":true}]}}