{"id":10112,"date":"2024-09-17T10:06:51","date_gmt":"2024-09-17T08:06:51","guid":{"rendered":"https:\/\/www.fundacionmdp.org\/?p=10112"},"modified":"2024-09-17T10:08:12","modified_gmt":"2024-09-17T08:08:12","slug":"la-veu-de-laccessibilitat-ser-la-teva-veu","status":"publish","type":"post","link":"https:\/\/www.fundacionmdp.org\/ca\/la-veu-de-laccessibilitat-ser-la-teva-veu\/","title":{"rendered":"&#8216;LA VEU DE L&#8217;ACCESSIBILITAT&#8217;, \u00c9S UNA CRIDA A LA CONSCIENCIACI\u00d3 SOCIAL ENFRONT DE LES BARRERES\u00a0ARQUITECT\u00d2NIQUES"},"content":{"rendered":"\n<p><strong>Barcelona, 17 de setembre de 2024 <\/strong><\/p>\n\n\n\n<p>Jo vull sortir i no puc, vull poder cr\u00e9ixer i sense per\u00f2s\/ Que s\u00e0piguen el que val el meu temps i no quedar enrere mai enrere\u2026\u201d. Aix\u00ed comen\u00e7a \u201cSer la teva Veu\u201d, el tema amb el que la cantautora per M\u00edriam Fern\u00e1ndez posa lletra i m\u00fasica a \u201cLa Veu de l&#8217;Accessibilitat\u201d la nova campanya de la Fundaci\u00f3 Mutua de Propietarios que desitja sensibilitzar a la societat de la necessitat de promoure un entorn lliure de barreres arquitect\u00f2niques.<\/p>\n\n\n\n<p>\u2018Tenir habitatge sense barreres, gaudir de la ciutat que m&#8217;espera\/ Sense esquerdes per saltar en la vorera, amb portes que pugui arribar\u201d. La balada de la cantant madrilenya, que compon des de la seva pr\u00f2pia experi\u00e8ncia, apel\u00b7la a l&#8217;accessibilitat universal com un dret perqu\u00e8 totes les persones amb mobilitat redu\u00efda tinguin les mateixes oportunitats de viure en plenitud i participar de manera aut\u00f2noma en la societat.<\/p>\n\n\n\n<p>\u201cLa m\u00fasica \u00e9s un llenguatge universal que ajuda a amplificar missatges, a conscienciar i a mobilitzar a la societat entorn d&#8217;una causa. I sensibilitzar en la necessitat de comptar amb edificis lliures de barreres arquitect\u00f2niques \u00e9s fonamental per a avan\u00e7ar en la inclusi\u00f3 i la normalitzaci\u00f3 de la vida dels qui tenen problemes de mobilitat\u201d, explica Cristina Pall\u00e0s, Directora de la Fundaci\u00f3 Mutua de Propietarios.<\/p>\n\n\n\n<p>La campanya \u201cLa Veu de l&#8217;Accessibilitat\u201d desitja donar resposta a la necess\u00e0ria tasca de conscienciaci\u00f3 social detectada en l&#8217;\u00faltim informe de la Fundaci\u00f3 Mutua de Propietarios. D&#8217;acord amb la recerca, els m\u00e9s de 2,4 milions espanyols amb problemes de mobilitat redu\u00efda no se senten escoltats: el 55% susp\u00e8n en conscienciaci\u00f3 i un 46% afirma haver observat situacions d&#8217;exclusi\u00f3 cap a aquest col\u00b7lectiu en les activitats socials.<\/p>\n\n\n\n<p>\u201c\u00c9s un honor haver estat la persona encarregada de donar-li veu i forma musical a aquesta campanya, que treballa per a millorar una realitat que impacta en la vida de milers de persones. Com a professional, per\u00f2 tamb\u00e9 com a dona amb discapacitat que ha viscut m\u00faltiples circumst\u00e0ncies respecte a la falta d&#8217;accessibilitat, no trobo paraules per a agrair que m&#8217;hagin triat a mi per a explicar i cantar en nom d&#8217;aquells que anar a comprar una simple barra de pa, els \u00e9s impossible a causa dels graons del seu portal. Tant de bo el missatge d&#8217;aquesta can\u00e7\u00f3 arribi lluny i desperti cors, fa molta falta.\u201d, afirma la cantautora M\u00edriam Fern\u00e1ndez. La composici\u00f3 de la can\u00e7\u00f3, \u201cSer la teva Veu\u201d, es pot escoltar des d&#8217;avui en&nbsp;<a href=\"https:\/\/miriamfernandez.ffm.to\/sertuvoz\">Spotify<\/a>&nbsp;i en el canal de&nbsp;<a href=\"https:\/\/www.youtube.com\/watch?v=uvqNg15mOLM\">Youtube&nbsp;<\/a>de la Fundaci\u00f3 Mutua de Propietarios.<\/p>\n\n\n\n<p>En aquest sentit, l&#8217;estudi \u201cLa Veu de l&#8217;Accessibilitat\u201d detectava que el 82% dels espanyols est\u00e0 d&#8217;acord que caldria sensibilitzar m\u00e9s a la societat sobre les barreres quotidianes que afronten les persones amb aquesta mena de discapacitat motora.<\/p>\n\n\n\n<p>\u201cPer a avan\u00e7ar en la plena inclusi\u00f3 de les persones amb mobilitat redu\u00efda \u00e9s necessari ser conscient dels seus problemes i empatitzar amb una situaci\u00f3 que, a la llarga, \u00e9s molt factible que tots la patim en algun moment de la nostra vida\u201d, afirma la Directora de la Fundaci\u00f3 Mutua de Propietarios.<\/p>\n\n\n\n<figure class=\"wp-block-embed is-type-video is-provider-youtube wp-block-embed-youtube wp-embed-aspect-16-9 wp-has-aspect-ratio\"><div class=\"wp-block-embed__wrapper\">\n<p class=\"responsive-video-wrap clr\"><iframe title=\"Ser Tu Voz - Miriam Fern\u00e1ndez\" width=\"1200\" height=\"675\" src=\"https:\/\/www.youtube.com\/embed\/uvqNg15mOLM?feature=oembed\" frameborder=\"0\" allow=\"accelerometer; autoplay; clipboard-write; encrypted-media; gyroscope; picture-in-picture; web-share\" referrerpolicy=\"strict-origin-when-cross-origin\" allowfullscreen><\/iframe><\/p>\n<\/div><\/figure>\n\n\n<div class=\"wp-block-image\">\n<figure class=\"aligncenter size-large is-resized\"><img fetchpriority=\"high\" decoding=\"async\" width=\"1024\" height=\"541\" src=\"https:\/\/www.fundacionmdp.org\/wp-content\/uploads\/2024\/09\/lyrics-1024x541.png\" alt=\"La can\u00e7\u00f3 \u201cSer la teva Veu\u201d, des d'avui a Spotify i als canals digitals de la Fundaci\u00f3, apel\u00b7la a l'accessibilitat universal com a dret dels m\u00e9s de 2,4 milions d'espanyols amb problemes de mobilitat.\" class=\"wp-image-10109\" style=\"width:642px;height:auto\" srcset=\"https:\/\/www.fundacionmdp.org\/wp-content\/uploads\/2024\/09\/lyrics-1024x541.png 1024w, https:\/\/www.fundacionmdp.org\/wp-content\/uploads\/2024\/09\/lyrics-300x158.png 300w, https:\/\/www.fundacionmdp.org\/wp-content\/uploads\/2024\/09\/lyrics-768x405.png 768w, https:\/\/www.fundacionmdp.org\/wp-content\/uploads\/2024\/09\/lyrics-1536x811.png 1536w, https:\/\/www.fundacionmdp.org\/wp-content\/uploads\/2024\/09\/lyrics.png 1559w\" sizes=\"(max-width: 1024px) 100vw, 1024px\" \/><\/figure>\n<\/div>","protected":false},"excerpt":{"rendered":"<p>Barcelona, 17 de setembre de 2024 Jo vull sortir i no puc, vull poder cr\u00e9ixer i sense per\u00f2s\/ Que s\u00e0piguen el que val el meu temps i no quedar enrere mai enrere\u2026\u201d. Aix\u00ed comen\u00e7a \u201cSer la teva Veu\u201d, el tema amb el que la cantautora per M\u00edriam Fern\u00e1ndez posa lletra i m\u00fasica a \u201cLa Veu [&hellip;]<\/p>\n","protected":false},"author":29,"featured_media":10107,"comment_status":"open","ping_status":"open","sticky":false,"template":"","format":"standard","meta":{"_acf_changed":false,"ocean_post_layout":"","ocean_both_sidebars_style":"","ocean_both_sidebars_content_width":0,"ocean_both_sidebars_sidebars_width":0,"ocean_sidebar":"","ocean_second_sidebar":"","ocean_disable_margins":"enable","ocean_add_body_class":"","ocean_shortcode_before_top_bar":"","ocean_shortcode_after_top_bar":"","ocean_shortcode_before_header":"","ocean_shortcode_after_header":"","ocean_has_shortcode":"","ocean_shortcode_after_title":"","ocean_shortcode_before_footer_widgets":"","ocean_shortcode_after_footer_widgets":"","ocean_shortcode_before_footer_bottom":"","ocean_shortcode_after_footer_bottom":"","ocean_display_top_bar":"default","ocean_display_header":"default","ocean_header_style":"","ocean_center_header_left_menu":"","ocean_custom_header_template":"","ocean_custom_logo":0,"ocean_custom_retina_logo":0,"ocean_custom_logo_max_width":0,"ocean_custom_logo_tablet_max_width":0,"ocean_custom_logo_mobile_max_width":0,"ocean_custom_logo_max_height":0,"ocean_custom_logo_tablet_max_height":0,"ocean_custom_logo_mobile_max_height":0,"ocean_header_custom_menu":"","ocean_menu_typo_font_family":"","ocean_menu_typo_font_subset":"","ocean_menu_typo_font_size":0,"ocean_menu_typo_font_size_tablet":0,"ocean_menu_typo_font_size_mobile":0,"ocean_menu_typo_font_size_unit":"px","ocean_menu_typo_font_weight":"","ocean_menu_typo_font_weight_tablet":"","ocean_menu_typo_font_weight_mobile":"","ocean_menu_typo_transform":"","ocean_menu_typo_transform_tablet":"","ocean_menu_typo_transform_mobile":"","ocean_menu_typo_line_height":0,"ocean_menu_typo_line_height_tablet":0,"ocean_menu_typo_line_height_mobile":0,"ocean_menu_typo_line_height_unit":"","ocean_menu_typo_spacing":0,"ocean_menu_typo_spacing_tablet":0,"ocean_menu_typo_spacing_mobile":0,"ocean_menu_typo_spacing_unit":"","ocean_menu_link_color":"","ocean_menu_link_color_hover":"","ocean_menu_link_color_active":"","ocean_menu_link_background":"","ocean_menu_link_hover_background":"","ocean_menu_link_active_background":"","ocean_menu_social_links_bg":"","ocean_menu_social_hover_links_bg":"","ocean_menu_social_links_color":"","ocean_menu_social_hover_links_color":"","ocean_disable_title":"default","ocean_disable_heading":"default","ocean_post_title":"","ocean_post_subheading":"","ocean_post_title_style":"","ocean_post_title_background_color":"","ocean_post_title_background":0,"ocean_post_title_bg_image_position":"","ocean_post_title_bg_image_attachment":"","ocean_post_title_bg_image_repeat":"","ocean_post_title_bg_image_size":"","ocean_post_title_height":0,"ocean_post_title_bg_overlay":0.5,"ocean_post_title_bg_overlay_color":"","ocean_disable_breadcrumbs":"default","ocean_breadcrumbs_color":"","ocean_breadcrumbs_separator_color":"","ocean_breadcrumbs_links_color":"","ocean_breadcrumbs_links_hover_color":"","ocean_display_footer_widgets":"default","ocean_display_footer_bottom":"default","ocean_custom_footer_template":"","ocean_post_oembed":"","ocean_post_self_hosted_media":"","ocean_post_video_embed":"","ocean_link_format":"","ocean_link_format_target":"self","ocean_quote_format":"","ocean_quote_format_link":"post","ocean_gallery_link_images":"on","ocean_gallery_id":[],"footnotes":""},"categories":[1],"tags":[],"class_list":["post-10112","post","type-post","status-publish","format-standard","has-post-thumbnail","hentry","category-sin-categorizar","entry","has-media"],"acf":[],"yoast_head":"<!-- This site is optimized with the Yoast SEO plugin v27.3 - https:\/\/yoast.com\/product\/yoast-seo-wordpress\/ -->\n<title>&#039;LA VEU DE L&#039;ACCESSIBILITAT&#039;, \u00c9S UNA CRIDA A LA CONSCIENCIACI\u00d3 SOCIAL ENFRONT DE LES BARRERES\u00a0ARQUITECT\u00d2NIQUES - Fundaci\u00f3n Mutua de Propietarios<\/title>\n<meta name=\"robots\" content=\"index, follow, max-snippet:-1, max-image-preview:large, max-video-preview:-1\" \/>\n<link rel=\"canonical\" href=\"https:\/\/www.fundacionmdp.org\/la-voz-de-la-accesibilidad-ser-tu-voz\/\" \/>\n<meta property=\"og:locale\" content=\"ca_ES\" \/>\n<meta property=\"og:type\" content=\"article\" \/>\n<meta property=\"og:title\" content=\"&#039;LA VEU DE L&#039;ACCESSIBILITAT&#039;, \u00c9S UNA CRIDA A LA CONSCIENCIACI\u00d3 SOCIAL ENFRONT DE LES BARRERES\u00a0ARQUITECT\u00d2NIQUES - Fundaci\u00f3n Mutua de Propietarios\" \/>\n<meta property=\"og:description\" content=\"Barcelona, 17 de setembre de 2024 Jo vull sortir i no puc, vull poder cr\u00e9ixer i sense per\u00f2s\/ Que s\u00e0piguen el que val el meu temps i no quedar enrere mai enrere\u2026\u201d. Aix\u00ed comen\u00e7a \u201cSer la teva Veu\u201d, el tema amb el que la cantautora per M\u00edriam Fern\u00e1ndez posa lletra i m\u00fasica a \u201cLa Veu [&hellip;]\" \/>\n<meta property=\"og:url\" content=\"https:\/\/www.fundacionmdp.org\/la-voz-de-la-accesibilidad-ser-tu-voz\/\" \/>\n<meta property=\"og:site_name\" content=\"Fundaci\u00f3n Mutua de Propietarios\" \/>\n<meta property=\"article:published_time\" content=\"2024-09-17T08:06:51+00:00\" \/>\n<meta property=\"article:modified_time\" content=\"2024-09-17T08:08:12+00:00\" \/>\n<meta property=\"og:image\" content=\"https:\/\/www.fundacionmdp.org\/wp-content\/uploads\/2024\/09\/SertuvozCartel_1080x1080-1024x1024.png\" \/>\n\t<meta property=\"og:image:width\" content=\"1024\" \/>\n\t<meta property=\"og:image:height\" content=\"1024\" \/>\n\t<meta property=\"og:image:type\" content=\"image\/png\" \/>\n<meta name=\"author\" content=\"consultinglasker@gmail.com\" \/>\n<meta name=\"twitter:card\" content=\"summary_large_image\" \/>\n<meta name=\"twitter:label1\" content=\"Escrit per\" \/>\n\t<meta name=\"twitter:data1\" content=\"consultinglasker@gmail.com\" \/>\n\t<meta name=\"twitter:label2\" content=\"Temps estimat de lectura\" \/>\n\t<meta name=\"twitter:data2\" content=\"3 minuts\" \/>\n<script type=\"application\/ld+json\" class=\"yoast-schema-graph\">{\"@context\":\"https:\\\/\\\/schema.org\",\"@graph\":[{\"@type\":\"Article\",\"@id\":\"https:\\\/\\\/www.fundacionmdp.org\\\/la-voz-de-la-accesibilidad-ser-tu-voz\\\/#article\",\"isPartOf\":{\"@id\":\"https:\\\/\\\/www.fundacionmdp.org\\\/la-voz-de-la-accesibilidad-ser-tu-voz\\\/\"},\"author\":{\"name\":\"consultinglasker@gmail.com\",\"@id\":\"https:\\\/\\\/www.fundacionmdp.org\\\/#\\\/schema\\\/person\\\/0a0491f126b8cd8387f8f0da72129079\"},\"headline\":\"&#8216;LA VEU DE L&#8217;ACCESSIBILITAT&#8217;, \u00c9S UNA CRIDA A LA CONSCIENCIACI\u00d3 SOCIAL ENFRONT DE LES BARRERES\u00a0ARQUITECT\u00d2NIQUES\",\"datePublished\":\"2024-09-17T08:06:51+00:00\",\"dateModified\":\"2024-09-17T08:08:12+00:00\",\"mainEntityOfPage\":{\"@id\":\"https:\\\/\\\/www.fundacionmdp.org\\\/la-voz-de-la-accesibilidad-ser-tu-voz\\\/\"},\"wordCount\":577,\"commentCount\":0,\"publisher\":{\"@id\":\"https:\\\/\\\/www.fundacionmdp.org\\\/#organization\"},\"image\":{\"@id\":\"https:\\\/\\\/www.fundacionmdp.org\\\/la-voz-de-la-accesibilidad-ser-tu-voz\\\/#primaryimage\"},\"thumbnailUrl\":\"https:\\\/\\\/www.fundacionmdp.org\\\/wp-content\\\/uploads\\\/2024\\\/09\\\/SertuvozCartel_1080x1080.png\",\"articleSection\":[\"Sin categorizar\"],\"inLanguage\":\"ca\",\"potentialAction\":[{\"@type\":\"CommentAction\",\"name\":\"Comment\",\"target\":[\"https:\\\/\\\/www.fundacionmdp.org\\\/la-voz-de-la-accesibilidad-ser-tu-voz\\\/#respond\"]}]},{\"@type\":\"WebPage\",\"@id\":\"https:\\\/\\\/www.fundacionmdp.org\\\/la-voz-de-la-accesibilidad-ser-tu-voz\\\/\",\"url\":\"https:\\\/\\\/www.fundacionmdp.org\\\/la-voz-de-la-accesibilidad-ser-tu-voz\\\/\",\"name\":\"'LA VEU DE L'ACCESSIBILITAT', \u00c9S UNA CRIDA A LA CONSCIENCIACI\u00d3 SOCIAL ENFRONT DE LES BARRERES\u00a0ARQUITECT\u00d2NIQUES - Fundaci\u00f3n Mutua de Propietarios\",\"isPartOf\":{\"@id\":\"https:\\\/\\\/www.fundacionmdp.org\\\/#website\"},\"primaryImageOfPage\":{\"@id\":\"https:\\\/\\\/www.fundacionmdp.org\\\/la-voz-de-la-accesibilidad-ser-tu-voz\\\/#primaryimage\"},\"image\":{\"@id\":\"https:\\\/\\\/www.fundacionmdp.org\\\/la-voz-de-la-accesibilidad-ser-tu-voz\\\/#primaryimage\"},\"thumbnailUrl\":\"https:\\\/\\\/www.fundacionmdp.org\\\/wp-content\\\/uploads\\\/2024\\\/09\\\/SertuvozCartel_1080x1080.png\",\"datePublished\":\"2024-09-17T08:06:51+00:00\",\"dateModified\":\"2024-09-17T08:08:12+00:00\",\"breadcrumb\":{\"@id\":\"https:\\\/\\\/www.fundacionmdp.org\\\/la-voz-de-la-accesibilidad-ser-tu-voz\\\/#breadcrumb\"},\"inLanguage\":\"ca\",\"potentialAction\":[{\"@type\":\"ReadAction\",\"target\":[\"https:\\\/\\\/www.fundacionmdp.org\\\/la-voz-de-la-accesibilidad-ser-tu-voz\\\/\"]}]},{\"@type\":\"ImageObject\",\"inLanguage\":\"ca\",\"@id\":\"https:\\\/\\\/www.fundacionmdp.org\\\/la-voz-de-la-accesibilidad-ser-tu-voz\\\/#primaryimage\",\"url\":\"https:\\\/\\\/www.fundacionmdp.org\\\/wp-content\\\/uploads\\\/2024\\\/09\\\/SertuvozCartel_1080x1080.png\",\"contentUrl\":\"https:\\\/\\\/www.fundacionmdp.org\\\/wp-content\\\/uploads\\\/2024\\\/09\\\/SertuvozCartel_1080x1080.png\",\"width\":2250,\"height\":2250},{\"@type\":\"BreadcrumbList\",\"@id\":\"https:\\\/\\\/www.fundacionmdp.org\\\/la-voz-de-la-accesibilidad-ser-tu-voz\\\/#breadcrumb\",\"itemListElement\":[{\"@type\":\"ListItem\",\"position\":1,\"name\":\"Home\",\"item\":\"https:\\\/\\\/www.fundacionmdp.org\\\/ca\\\/\"},{\"@type\":\"ListItem\",\"position\":2,\"name\":\"&#8216;LA VEU DE L&#8217;ACCESSIBILITAT&#8217;, \u00c9S UNA CRIDA A LA CONSCIENCIACI\u00d3 SOCIAL ENFRONT DE LES BARRERES\u00a0ARQUITECT\u00d2NIQUES\"}]},{\"@type\":\"WebSite\",\"@id\":\"https:\\\/\\\/www.fundacionmdp.org\\\/#website\",\"url\":\"https:\\\/\\\/www.fundacionmdp.org\\\/\",\"name\":\"Fundaci\u00f3n Mutua de Propietarios\",\"description\":\"En la Fundaci\u00f3n Mutua de Propietarios te ayudamos a convertir tu edificio de viviendas en un espacio sin barreras arquitect\u00f3nicas.\",\"publisher\":{\"@id\":\"https:\\\/\\\/www.fundacionmdp.org\\\/#organization\"},\"potentialAction\":[{\"@type\":\"SearchAction\",\"target\":{\"@type\":\"EntryPoint\",\"urlTemplate\":\"https:\\\/\\\/www.fundacionmdp.org\\\/?s={search_term_string}\"},\"query-input\":{\"@type\":\"PropertyValueSpecification\",\"valueRequired\":true,\"valueName\":\"search_term_string\"}}],\"inLanguage\":\"ca\"},{\"@type\":\"Organization\",\"@id\":\"https:\\\/\\\/www.fundacionmdp.org\\\/#organization\",\"name\":\"Fundaci\u00f3n Mutua de Propietarios\",\"url\":\"https:\\\/\\\/www.fundacionmdp.org\\\/\",\"logo\":{\"@type\":\"ImageObject\",\"inLanguage\":\"ca\",\"@id\":\"https:\\\/\\\/www.fundacionmdp.org\\\/#\\\/schema\\\/logo\\\/image\\\/\",\"url\":\"https:\\\/\\\/www.fundacionmdp.org\\\/wp-content\\\/uploads\\\/2023\\\/05\\\/logo_FMdP_cat.png\",\"contentUrl\":\"https:\\\/\\\/www.fundacionmdp.org\\\/wp-content\\\/uploads\\\/2023\\\/05\\\/logo_FMdP_cat.png\",\"width\":655,\"height\":297,\"caption\":\"Fundaci\u00f3n Mutua de Propietarios\"},\"image\":{\"@id\":\"https:\\\/\\\/www.fundacionmdp.org\\\/#\\\/schema\\\/logo\\\/image\\\/\"}},{\"@type\":\"Person\",\"@id\":\"https:\\\/\\\/www.fundacionmdp.org\\\/#\\\/schema\\\/person\\\/0a0491f126b8cd8387f8f0da72129079\",\"name\":\"consultinglasker@gmail.com\",\"image\":{\"@type\":\"ImageObject\",\"inLanguage\":\"ca\",\"@id\":\"https:\\\/\\\/secure.gravatar.com\\\/avatar\\\/7a939fbe5ab9abbba5f8a779e3054b4bee69cfadd53950db933d836ae1fc6281?s=96&d=mm&r=g\",\"url\":\"https:\\\/\\\/secure.gravatar.com\\\/avatar\\\/7a939fbe5ab9abbba5f8a779e3054b4bee69cfadd53950db933d836ae1fc6281?s=96&d=mm&r=g\",\"contentUrl\":\"https:\\\/\\\/secure.gravatar.com\\\/avatar\\\/7a939fbe5ab9abbba5f8a779e3054b4bee69cfadd53950db933d836ae1fc6281?s=96&d=mm&r=g\",\"caption\":\"consultinglasker@gmail.com\"},\"url\":\"https:\\\/\\\/www.fundacionmdp.org\\\/ca\\\/author\\\/consultinglaskergmail-com\\\/\"}]}<\/script>\n<!-- \/ Yoast SEO plugin. -->","yoast_head_json":{"title":"'LA VEU DE L'ACCESSIBILITAT', \u00c9S UNA CRIDA A LA CONSCIENCIACI\u00d3 SOCIAL ENFRONT DE LES BARRERES\u00a0ARQUITECT\u00d2NIQUES - Fundaci\u00f3n Mutua de Propietarios","robots":{"index":"index","follow":"follow","max-snippet":"max-snippet:-1","max-image-preview":"max-image-preview:large","max-video-preview":"max-video-preview:-1"},"canonical":"https:\/\/www.fundacionmdp.org\/la-voz-de-la-accesibilidad-ser-tu-voz\/","og_locale":"ca_ES","og_type":"article","og_title":"'LA VEU DE L'ACCESSIBILITAT', \u00c9S UNA CRIDA A LA CONSCIENCIACI\u00d3 SOCIAL ENFRONT DE LES BARRERES\u00a0ARQUITECT\u00d2NIQUES - Fundaci\u00f3n Mutua de Propietarios","og_description":"Barcelona, 17 de setembre de 2024 Jo vull sortir i no puc, vull poder cr\u00e9ixer i sense per\u00f2s\/ Que s\u00e0piguen el que val el meu temps i no quedar enrere mai enrere\u2026\u201d. Aix\u00ed comen\u00e7a \u201cSer la teva Veu\u201d, el tema amb el que la cantautora per M\u00edriam Fern\u00e1ndez posa lletra i m\u00fasica a \u201cLa Veu [&hellip;]","og_url":"https:\/\/www.fundacionmdp.org\/la-voz-de-la-accesibilidad-ser-tu-voz\/","og_site_name":"Fundaci\u00f3n Mutua de Propietarios","article_published_time":"2024-09-17T08:06:51+00:00","article_modified_time":"2024-09-17T08:08:12+00:00","og_image":[{"width":1024,"height":1024,"url":"https:\/\/www.fundacionmdp.org\/wp-content\/uploads\/2024\/09\/SertuvozCartel_1080x1080-1024x1024.png","type":"image\/png"}],"author":"consultinglasker@gmail.com","twitter_card":"summary_large_image","twitter_misc":{"Escrit per":"consultinglasker@gmail.com","Temps estimat de lectura":"3 minuts"},"schema":{"@context":"https:\/\/schema.org","@graph":[{"@type":"Article","@id":"https:\/\/www.fundacionmdp.org\/la-voz-de-la-accesibilidad-ser-tu-voz\/#article","isPartOf":{"@id":"https:\/\/www.fundacionmdp.org\/la-voz-de-la-accesibilidad-ser-tu-voz\/"},"author":{"name":"consultinglasker@gmail.com","@id":"https:\/\/www.fundacionmdp.org\/#\/schema\/person\/0a0491f126b8cd8387f8f0da72129079"},"headline":"&#8216;LA VEU DE L&#8217;ACCESSIBILITAT&#8217;, \u00c9S UNA CRIDA A LA CONSCIENCIACI\u00d3 SOCIAL ENFRONT DE LES BARRERES\u00a0ARQUITECT\u00d2NIQUES","datePublished":"2024-09-17T08:06:51+00:00","dateModified":"2024-09-17T08:08:12+00:00","mainEntityOfPage":{"@id":"https:\/\/www.fundacionmdp.org\/la-voz-de-la-accesibilidad-ser-tu-voz\/"},"wordCount":577,"commentCount":0,"publisher":{"@id":"https:\/\/www.fundacionmdp.org\/#organization"},"image":{"@id":"https:\/\/www.fundacionmdp.org\/la-voz-de-la-accesibilidad-ser-tu-voz\/#primaryimage"},"thumbnailUrl":"https:\/\/www.fundacionmdp.org\/wp-content\/uploads\/2024\/09\/SertuvozCartel_1080x1080.png","articleSection":["Sin categorizar"],"inLanguage":"ca","potentialAction":[{"@type":"CommentAction","name":"Comment","target":["https:\/\/www.fundacionmdp.org\/la-voz-de-la-accesibilidad-ser-tu-voz\/#respond"]}]},{"@type":"WebPage","@id":"https:\/\/www.fundacionmdp.org\/la-voz-de-la-accesibilidad-ser-tu-voz\/","url":"https:\/\/www.fundacionmdp.org\/la-voz-de-la-accesibilidad-ser-tu-voz\/","name":"'LA VEU DE L'ACCESSIBILITAT', \u00c9S UNA CRIDA A LA CONSCIENCIACI\u00d3 SOCIAL ENFRONT DE LES BARRERES\u00a0ARQUITECT\u00d2NIQUES - Fundaci\u00f3n Mutua de Propietarios","isPartOf":{"@id":"https:\/\/www.fundacionmdp.org\/#website"},"primaryImageOfPage":{"@id":"https:\/\/www.fundacionmdp.org\/la-voz-de-la-accesibilidad-ser-tu-voz\/#primaryimage"},"image":{"@id":"https:\/\/www.fundacionmdp.org\/la-voz-de-la-accesibilidad-ser-tu-voz\/#primaryimage"},"thumbnailUrl":"https:\/\/www.fundacionmdp.org\/wp-content\/uploads\/2024\/09\/SertuvozCartel_1080x1080.png","datePublished":"2024-09-17T08:06:51+00:00","dateModified":"2024-09-17T08:08:12+00:00","breadcrumb":{"@id":"https:\/\/www.fundacionmdp.org\/la-voz-de-la-accesibilidad-ser-tu-voz\/#breadcrumb"},"inLanguage":"ca","potentialAction":[{"@type":"ReadAction","target":["https:\/\/www.fundacionmdp.org\/la-voz-de-la-accesibilidad-ser-tu-voz\/"]}]},{"@type":"ImageObject","inLanguage":"ca","@id":"https:\/\/www.fundacionmdp.org\/la-voz-de-la-accesibilidad-ser-tu-voz\/#primaryimage","url":"https:\/\/www.fundacionmdp.org\/wp-content\/uploads\/2024\/09\/SertuvozCartel_1080x1080.png","contentUrl":"https:\/\/www.fundacionmdp.org\/wp-content\/uploads\/2024\/09\/SertuvozCartel_1080x1080.png","width":2250,"height":2250},{"@type":"BreadcrumbList","@id":"https:\/\/www.fundacionmdp.org\/la-voz-de-la-accesibilidad-ser-tu-voz\/#breadcrumb","itemListElement":[{"@type":"ListItem","position":1,"name":"Home","item":"https:\/\/www.fundacionmdp.org\/ca\/"},{"@type":"ListItem","position":2,"name":"&#8216;LA VEU DE L&#8217;ACCESSIBILITAT&#8217;, \u00c9S UNA CRIDA A LA CONSCIENCIACI\u00d3 SOCIAL ENFRONT DE LES BARRERES\u00a0ARQUITECT\u00d2NIQUES"}]},{"@type":"WebSite","@id":"https:\/\/www.fundacionmdp.org\/#website","url":"https:\/\/www.fundacionmdp.org\/","name":"Fundaci\u00f3n Mutua de Propietarios","description":"En la Fundaci\u00f3n Mutua de Propietarios te ayudamos a convertir tu edificio de viviendas en un espacio sin barreras arquitect\u00f3nicas.","publisher":{"@id":"https:\/\/www.fundacionmdp.org\/#organization"},"potentialAction":[{"@type":"SearchAction","target":{"@type":"EntryPoint","urlTemplate":"https:\/\/www.fundacionmdp.org\/?s={search_term_string}"},"query-input":{"@type":"PropertyValueSpecification","valueRequired":true,"valueName":"search_term_string"}}],"inLanguage":"ca"},{"@type":"Organization","@id":"https:\/\/www.fundacionmdp.org\/#organization","name":"Fundaci\u00f3n Mutua de Propietarios","url":"https:\/\/www.fundacionmdp.org\/","logo":{"@type":"ImageObject","inLanguage":"ca","@id":"https:\/\/www.fundacionmdp.org\/#\/schema\/logo\/image\/","url":"https:\/\/www.fundacionmdp.org\/wp-content\/uploads\/2023\/05\/logo_FMdP_cat.png","contentUrl":"https:\/\/www.fundacionmdp.org\/wp-content\/uploads\/2023\/05\/logo_FMdP_cat.png","width":655,"height":297,"caption":"Fundaci\u00f3n Mutua de Propietarios"},"image":{"@id":"https:\/\/www.fundacionmdp.org\/#\/schema\/logo\/image\/"}},{"@type":"Person","@id":"https:\/\/www.fundacionmdp.org\/#\/schema\/person\/0a0491f126b8cd8387f8f0da72129079","name":"consultinglasker@gmail.com","image":{"@type":"ImageObject","inLanguage":"ca","@id":"https:\/\/secure.gravatar.com\/avatar\/7a939fbe5ab9abbba5f8a779e3054b4bee69cfadd53950db933d836ae1fc6281?s=96&d=mm&r=g","url":"https:\/\/secure.gravatar.com\/avatar\/7a939fbe5ab9abbba5f8a779e3054b4bee69cfadd53950db933d836ae1fc6281?s=96&d=mm&r=g","contentUrl":"https:\/\/secure.gravatar.com\/avatar\/7a939fbe5ab9abbba5f8a779e3054b4bee69cfadd53950db933d836ae1fc6281?s=96&d=mm&r=g","caption":"consultinglasker@gmail.com"},"url":"https:\/\/www.fundacionmdp.org\/ca\/author\/consultinglaskergmail-com\/"}]}},"_links":{"self":[{"href":"https:\/\/www.fundacionmdp.org\/ca\/wp-json\/wp\/v2\/posts\/10112","targetHints":{"allow":["GET"]}}],"collection":[{"href":"https:\/\/www.fundacionmdp.org\/ca\/wp-json\/wp\/v2\/posts"}],"about":[{"href":"https:\/\/www.fundacionmdp.org\/ca\/wp-json\/wp\/v2\/types\/post"}],"author":[{"embeddable":true,"href":"https:\/\/www.fundacionmdp.org\/ca\/wp-json\/wp\/v2\/users\/29"}],"replies":[{"embeddable":true,"href":"https:\/\/www.fundacionmdp.org\/ca\/wp-json\/wp\/v2\/comments?post=10112"}],"version-history":[{"count":2,"href":"https:\/\/www.fundacionmdp.org\/ca\/wp-json\/wp\/v2\/posts\/10112\/revisions"}],"predecessor-version":[{"id":10115,"href":"https:\/\/www.fundacionmdp.org\/ca\/wp-json\/wp\/v2\/posts\/10112\/revisions\/10115"}],"wp:featuredmedia":[{"embeddable":true,"href":"https:\/\/www.fundacionmdp.org\/ca\/wp-json\/wp\/v2\/media\/10107"}],"wp:attachment":[{"href":"https:\/\/www.fundacionmdp.org\/ca\/wp-json\/wp\/v2\/media?parent=10112"}],"wp:term":[{"taxonomy":"category","embeddable":true,"href":"https:\/\/www.fundacionmdp.org\/ca\/wp-json\/wp\/v2\/categories?post=10112"},{"taxonomy":"post_tag","embeddable":true,"href":"https:\/\/www.fundacionmdp.org\/ca\/wp-json\/wp\/v2\/tags?post=10112"}],"curies":[{"name":"wp","href":"https:\/\/api.w.org\/{rel}","templated":true}]}}