{"id":10132,"date":"2024-09-30T13:22:41","date_gmt":"2024-09-30T11:22:41","guid":{"rendered":"https:\/\/www.fundacionmdp.org\/?p=10132"},"modified":"2024-10-01T16:25:06","modified_gmt":"2024-10-01T14:25:06","slug":"el-52-dels-espanyols-tindria-problemes-de-mobilitat-al-seu-edifici-i-el-45-al-seu-habitatge-si-anessin-en-cadira-de-rodes","status":"publish","type":"post","link":"https:\/\/www.fundacionmdp.org\/ca\/el-52-dels-espanyols-tindria-problemes-de-mobilitat-al-seu-edifici-i-el-45-al-seu-habitatge-si-anessin-en-cadira-de-rodes\/","title":{"rendered":"EL 52% DELS ESPANYOLS TINDRIA PROBLEMES DE MOBILITAT AL SEU EDIFICI I EL 55% AL SEU HABITATGE, SI ANESSIN EN CADIRA DE RODES\u00a0"},"content":{"rendered":"\n<p>M\u00e9s de la meitat dels espanyols (52%) tindrien dificultats per a despla\u00e7ar-se en cadira de rodes per les \u00e0rees comunes de l&#8217;edifici en el qual resideixen, mentre que un 45% tindria problemes per a moure&#8217;s dins del seu propi habitatge. Aix\u00ed ho recull l&#8217;informe \u201cLa Veu de l&#8217;Accessibilitat\u201d, elaborat per la Fundaci\u00f3 Mutua de Propietarios amb l&#8217;objectiu de mostrar el dia a dia dels m\u00e9s de 2,4 milions d&#8217;espanyols amb mobilitat redu\u00efda, dels que 270.000 (un 11%) s\u00f3n m\u00e9s grans de 65 anys.&nbsp;<\/p>\n\n\n\n<p>Unes barreres arquitect\u00f2niques que, per a un 40% dels espanyols, serien dif\u00edcils de solucionar per la complicaci\u00f3 que suposa posar a tots els ve\u00efns d&#8217;acord, especialment si la inversi\u00f3 en les obres d&#8217;adaptaci\u00f3 supera els 2.000\u20ac per ve\u00ed.<\/p>\n\n\n<div class=\"wp-block-image\">\n<figure class=\"alignright size-large is-resized\"><img fetchpriority=\"high\" decoding=\"async\" width=\"1024\" height=\"753\" src=\"https:\/\/www.fundacionmdp.org\/wp-content\/uploads\/2024\/09\/graf-1-1024x753.jpg\" alt=\"\" class=\"wp-image-10137\" style=\"width:378px;height:auto\" srcset=\"https:\/\/www.fundacionmdp.org\/wp-content\/uploads\/2024\/09\/graf-1-1024x753.jpg 1024w, https:\/\/www.fundacionmdp.org\/wp-content\/uploads\/2024\/09\/graf-1-300x221.jpg 300w, https:\/\/www.fundacionmdp.org\/wp-content\/uploads\/2024\/09\/graf-1-768x565.jpg 768w, https:\/\/www.fundacionmdp.org\/wp-content\/uploads\/2024\/09\/graf-1.jpg 1265w\" sizes=\"(max-width: 1024px) 100vw, 1024px\" \/><\/figure>\n<\/div>\n\n\n<p>\u201cLa mobilitat redu\u00efda \u00e9s un dels principals problemes de la tercera edat i, per aix\u00f2, \u00e9s essencial que les comunitats de propietaris siguin conscients de la necessitat de fer accessibles els edificis per a facilitar la vida de les persones grans, contribuint a crear una societat m\u00e9s inclusiva\u201d, destaca Cristina Pall\u00e0s, directora de la Fundaci\u00f3 Mutua de Propietarios.&nbsp;<\/p>\n\n\n\n<p>Per a aquest col\u00b7lectiu, les dificultats per a transitar lliurement no sols apareixen en els espais comuns del seu bloc o habitatge. Accedir als edificis p\u00fablics, travessar els passos de vianants, moure&#8217;s en transport p\u00fablic o, fins i tot, caminar per les voreres, s\u00f3n accions que tamb\u00e9 comporten una gran dificultat. Per aix\u00f2, l&#8217;accessibilitat als municipis espanyols est\u00e0 qualificada amb un suspens (4,7) entre els que tenen problemes de mobilitat&nbsp;<\/p>\n\n\n\n<p>D&#8217;acord amb l&#8217;informe \u201cLa Veu de l&#8217;Accessibilitat\u201d, els accessos als edificis p\u00fablics s\u00f3n els millor valorats en mat\u00e8ria d&#8217;accessibilitat (5,65), ja que molts compten amb rampes o ascensors, seguits pels passos de vianants (5,61), i el transport p\u00fablic adaptat, valorat amb un 5,25. Finalment, amb un suspens (4,4) queden les voreres, per la seva falta d&#8217;amplitud i el seu deficient estat.&nbsp;&nbsp;&nbsp;<\/p>\n\n\n\n<p>No obstant aix\u00f2, \u00e9s destacable que quatre de cada cinc espanyols no es planteja canviar de lloc de resid\u00e8ncia per aquests motius, ja que consideren que la resta de les localitats es troben en la mateixa situaci\u00f3 en mat\u00e8ria d&#8217;accessibilitat.&nbsp;<\/p>\n\n\n\n<p>\u201cEncara que la societat coneix l&#8217;exist\u00e8ncia de les barreres arquitect\u00f2niques no \u00e9s plenament conscient del dif\u00edcil que poden arribar a ser aquests obstacles per a desenvolupar-se en el dia a dia de les persones amb dificultats a l&#8217;hora de moure&#8217;s, i per aix\u00f2 les accions de sensibilitzaci\u00f3 i&nbsp; de conscienciaci\u00f3 social resulten fonamentals per a aconseguir una plena igualtat de drets\u201d, assenyala Cristina Pall\u00e0s.&nbsp;&nbsp;<\/p>\n\n\n\n<p><strong><em>\u00bfCom ens imaginem el dia a dia d\u2019una persona en cadira de rodes?&nbsp;<\/em><\/strong>&nbsp;<\/p>\n\n\n<div class=\"wp-block-image\">\n<figure class=\"alignright size-large is-resized\"><img decoding=\"async\" width=\"1024\" height=\"589\" src=\"https:\/\/www.fundacionmdp.org\/wp-content\/uploads\/2024\/09\/graf-2-1024x589.jpg\" alt=\"\" class=\"wp-image-10139\" style=\"width:448px;height:auto\" srcset=\"https:\/\/www.fundacionmdp.org\/wp-content\/uploads\/2024\/09\/graf-2-1024x589.jpg 1024w, https:\/\/www.fundacionmdp.org\/wp-content\/uploads\/2024\/09\/graf-2-300x173.jpg 300w, https:\/\/www.fundacionmdp.org\/wp-content\/uploads\/2024\/09\/graf-2-768x442.jpg 768w, https:\/\/www.fundacionmdp.org\/wp-content\/uploads\/2024\/09\/graf-2-1536x884.jpg 1536w, https:\/\/www.fundacionmdp.org\/wp-content\/uploads\/2024\/09\/graf-2.jpg 1747w\" sizes=\"(max-width: 1024px) 100vw, 1024px\" \/><\/figure>\n<\/div>\n\n\n<p>L\u2019 informe de la Fundaci\u00f3 Mutua de Propietarios explora tamb\u00e9 com la societat espanyola percep el dia a dia de les persones amb mobilitat redu\u00efda. En aquest sentit, fer esport (87%), viatjar (84%), pujar al transport p\u00fablic (76%), fer la compra (74%), o dur a terme les tasques quotidianes (73%) s\u00f3n les accions que considerem que comporten m\u00e9s dificultat per a realitzar en cadira de rodes. &nbsp;<\/p>\n\n\n\n<p>&nbsp;\u201cL&#8217;accessibilitat no hauria de ser un luxe, sin\u00f3 una eina perqu\u00e8 tots puguin participar plenament de la societat\u201d, conclou Cristina Pall\u00e0s.&nbsp;<\/p>\n","protected":false},"excerpt":{"rendered":"<p>M\u00e9s de la meitat dels espanyols (52%) tindrien dificultats per a despla\u00e7ar-se en cadira de rodes per les \u00e0rees comunes de l&#8217;edifici en el qual resideixen, mentre que un 45% tindria problemes per a moure&#8217;s dins del seu propi habitatge. Aix\u00ed ho recull l&#8217;informe \u201cLa Veu de l&#8217;Accessibilitat\u201d, elaborat per la Fundaci\u00f3 Mutua de Propietarios [&hellip;]<\/p>\n","protected":false},"author":29,"featured_media":10131,"comment_status":"open","ping_status":"open","sticky":false,"template":"","format":"standard","meta":{"_acf_changed":false,"ocean_post_layout":"","ocean_both_sidebars_style":"","ocean_both_sidebars_content_width":0,"ocean_both_sidebars_sidebars_width":0,"ocean_sidebar":"","ocean_second_sidebar":"","ocean_disable_margins":"enable","ocean_add_body_class":"","ocean_shortcode_before_top_bar":"","ocean_shortcode_after_top_bar":"","ocean_shortcode_before_header":"","ocean_shortcode_after_header":"","ocean_has_shortcode":"","ocean_shortcode_after_title":"","ocean_shortcode_before_footer_widgets":"","ocean_shortcode_after_footer_widgets":"","ocean_shortcode_before_footer_bottom":"","ocean_shortcode_after_footer_bottom":"","ocean_display_top_bar":"default","ocean_display_header":"default","ocean_header_style":"","ocean_center_header_left_menu":"","ocean_custom_header_template":"","ocean_custom_logo":0,"ocean_custom_retina_logo":0,"ocean_custom_logo_max_width":0,"ocean_custom_logo_tablet_max_width":0,"ocean_custom_logo_mobile_max_width":0,"ocean_custom_logo_max_height":0,"ocean_custom_logo_tablet_max_height":0,"ocean_custom_logo_mobile_max_height":0,"ocean_header_custom_menu":"","ocean_menu_typo_font_family":"","ocean_menu_typo_font_subset":"","ocean_menu_typo_font_size":0,"ocean_menu_typo_font_size_tablet":0,"ocean_menu_typo_font_size_mobile":0,"ocean_menu_typo_font_size_unit":"px","ocean_menu_typo_font_weight":"","ocean_menu_typo_font_weight_tablet":"","ocean_menu_typo_font_weight_mobile":"","ocean_menu_typo_transform":"","ocean_menu_typo_transform_tablet":"","ocean_menu_typo_transform_mobile":"","ocean_menu_typo_line_height":0,"ocean_menu_typo_line_height_tablet":0,"ocean_menu_typo_line_height_mobile":0,"ocean_menu_typo_line_height_unit":"","ocean_menu_typo_spacing":0,"ocean_menu_typo_spacing_tablet":0,"ocean_menu_typo_spacing_mobile":0,"ocean_menu_typo_spacing_unit":"","ocean_menu_link_color":"","ocean_menu_link_color_hover":"","ocean_menu_link_color_active":"","ocean_menu_link_background":"","ocean_menu_link_hover_background":"","ocean_menu_link_active_background":"","ocean_menu_social_links_bg":"","ocean_menu_social_hover_links_bg":"","ocean_menu_social_links_color":"","ocean_menu_social_hover_links_color":"","ocean_disable_title":"default","ocean_disable_heading":"default","ocean_post_title":"","ocean_post_subheading":"","ocean_post_title_style":"","ocean_post_title_background_color":"","ocean_post_title_background":0,"ocean_post_title_bg_image_position":"","ocean_post_title_bg_image_attachment":"","ocean_post_title_bg_image_repeat":"","ocean_post_title_bg_image_size":"","ocean_post_title_height":0,"ocean_post_title_bg_overlay":0.5,"ocean_post_title_bg_overlay_color":"","ocean_disable_breadcrumbs":"default","ocean_breadcrumbs_color":"","ocean_breadcrumbs_separator_color":"","ocean_breadcrumbs_links_color":"","ocean_breadcrumbs_links_hover_color":"","ocean_display_footer_widgets":"default","ocean_display_footer_bottom":"default","ocean_custom_footer_template":"","ocean_post_oembed":"","ocean_post_self_hosted_media":"","ocean_post_video_embed":"","ocean_link_format":"","ocean_link_format_target":"self","ocean_quote_format":"","ocean_quote_format_link":"post","ocean_gallery_link_images":"on","ocean_gallery_id":[],"footnotes":""},"categories":[1],"tags":[],"class_list":["post-10132","post","type-post","status-publish","format-standard","has-post-thumbnail","hentry","category-sin-categorizar","entry","has-media"],"acf":[],"yoast_head":"<!-- This site is optimized with the Yoast SEO plugin v27.3 - https:\/\/yoast.com\/product\/yoast-seo-wordpress\/ -->\n<title>EL 52% DELS ESPANYOLS TINDRIA PROBLEMES DE MOBILITAT AL SEU EDIFICI I EL 55% AL SEU HABITATGE, SI ANESSIN EN CADIRA DE RODES\u00a0 - Fundaci\u00f3n Mutua de Propietarios<\/title>\n<meta name=\"robots\" content=\"index, follow, max-snippet:-1, max-image-preview:large, max-video-preview:-1\" \/>\n<link rel=\"canonical\" href=\"https:\/\/www.fundacionmdp.org\/el-52-de-los-espanoles-tendria-problemas-de-movilidad-en-su-edificio-y-el-55-en-su-vivienda-si-fueran-en-silla-de-ruedas\/\" \/>\n<meta property=\"og:locale\" content=\"ca_ES\" \/>\n<meta property=\"og:type\" content=\"article\" \/>\n<meta property=\"og:title\" content=\"EL 52% DELS ESPANYOLS TINDRIA PROBLEMES DE MOBILITAT AL SEU EDIFICI I EL 55% AL SEU HABITATGE, SI ANESSIN EN CADIRA DE RODES\u00a0 - Fundaci\u00f3n Mutua de Propietarios\" \/>\n<meta property=\"og:description\" content=\"M\u00e9s de la meitat dels espanyols (52%) tindrien dificultats per a despla\u00e7ar-se en cadira de rodes per les \u00e0rees comunes de l&#8217;edifici en el qual resideixen, mentre que un 45% tindria problemes per a moure&#8217;s dins del seu propi habitatge. Aix\u00ed ho recull l&#8217;informe \u201cLa Veu de l&#8217;Accessibilitat\u201d, elaborat per la Fundaci\u00f3 Mutua de Propietarios [&hellip;]\" \/>\n<meta property=\"og:url\" content=\"https:\/\/www.fundacionmdp.org\/el-52-de-los-espanoles-tendria-problemas-de-movilidad-en-su-edificio-y-el-55-en-su-vivienda-si-fueran-en-silla-de-ruedas\/\" \/>\n<meta property=\"og:site_name\" content=\"Fundaci\u00f3n Mutua de Propietarios\" \/>\n<meta property=\"article:published_time\" content=\"2024-09-30T11:22:41+00:00\" \/>\n<meta property=\"article:modified_time\" content=\"2024-10-01T14:25:06+00:00\" \/>\n<meta property=\"og:image\" content=\"https:\/\/www.fundacionmdp.org\/wp-content\/uploads\/2024\/09\/FotogramaB-1024x576.png\" \/>\n\t<meta property=\"og:image:width\" content=\"1024\" \/>\n\t<meta property=\"og:image:height\" content=\"576\" \/>\n\t<meta property=\"og:image:type\" content=\"image\/png\" \/>\n<meta name=\"author\" content=\"consultinglasker@gmail.com\" \/>\n<meta name=\"twitter:card\" content=\"summary_large_image\" \/>\n<meta name=\"twitter:label1\" content=\"Escrit per\" \/>\n\t<meta name=\"twitter:data1\" content=\"consultinglasker@gmail.com\" \/>\n\t<meta name=\"twitter:label2\" content=\"Temps estimat de lectura\" \/>\n\t<meta name=\"twitter:data2\" content=\"3 minuts\" \/>\n<script type=\"application\/ld+json\" class=\"yoast-schema-graph\">{\"@context\":\"https:\\\/\\\/schema.org\",\"@graph\":[{\"@type\":\"Article\",\"@id\":\"https:\\\/\\\/www.fundacionmdp.org\\\/el-52-de-los-espanoles-tendria-problemas-de-movilidad-en-su-edificio-y-el-55-en-su-vivienda-si-fueran-en-silla-de-ruedas\\\/#article\",\"isPartOf\":{\"@id\":\"https:\\\/\\\/www.fundacionmdp.org\\\/el-52-de-los-espanoles-tendria-problemas-de-movilidad-en-su-edificio-y-el-55-en-su-vivienda-si-fueran-en-silla-de-ruedas\\\/\"},\"author\":{\"name\":\"consultinglasker@gmail.com\",\"@id\":\"https:\\\/\\\/www.fundacionmdp.org\\\/#\\\/schema\\\/person\\\/0a0491f126b8cd8387f8f0da72129079\"},\"headline\":\"EL 52% DELS ESPANYOLS TINDRIA PROBLEMES DE MOBILITAT AL SEU EDIFICI I EL 55% AL SEU HABITATGE, SI ANESSIN EN CADIRA DE RODES\u00a0\",\"datePublished\":\"2024-09-30T11:22:41+00:00\",\"dateModified\":\"2024-10-01T14:25:06+00:00\",\"mainEntityOfPage\":{\"@id\":\"https:\\\/\\\/www.fundacionmdp.org\\\/el-52-de-los-espanoles-tendria-problemas-de-movilidad-en-su-edificio-y-el-55-en-su-vivienda-si-fueran-en-silla-de-ruedas\\\/\"},\"wordCount\":584,\"commentCount\":0,\"publisher\":{\"@id\":\"https:\\\/\\\/www.fundacionmdp.org\\\/#organization\"},\"image\":{\"@id\":\"https:\\\/\\\/www.fundacionmdp.org\\\/el-52-de-los-espanoles-tendria-problemas-de-movilidad-en-su-edificio-y-el-55-en-su-vivienda-si-fueran-en-silla-de-ruedas\\\/#primaryimage\"},\"thumbnailUrl\":\"https:\\\/\\\/www.fundacionmdp.org\\\/wp-content\\\/uploads\\\/2024\\\/09\\\/FotogramaB.png\",\"articleSection\":[\"Sin categorizar\"],\"inLanguage\":\"ca\",\"potentialAction\":[{\"@type\":\"CommentAction\",\"name\":\"Comment\",\"target\":[\"https:\\\/\\\/www.fundacionmdp.org\\\/el-52-de-los-espanoles-tendria-problemas-de-movilidad-en-su-edificio-y-el-55-en-su-vivienda-si-fueran-en-silla-de-ruedas\\\/#respond\"]}]},{\"@type\":\"WebPage\",\"@id\":\"https:\\\/\\\/www.fundacionmdp.org\\\/el-52-de-los-espanoles-tendria-problemas-de-movilidad-en-su-edificio-y-el-55-en-su-vivienda-si-fueran-en-silla-de-ruedas\\\/\",\"url\":\"https:\\\/\\\/www.fundacionmdp.org\\\/el-52-de-los-espanoles-tendria-problemas-de-movilidad-en-su-edificio-y-el-55-en-su-vivienda-si-fueran-en-silla-de-ruedas\\\/\",\"name\":\"EL 52% DELS ESPANYOLS TINDRIA PROBLEMES DE MOBILITAT AL SEU EDIFICI I EL 55% AL SEU HABITATGE, SI ANESSIN EN CADIRA DE RODES\u00a0 - Fundaci\u00f3n Mutua de Propietarios\",\"isPartOf\":{\"@id\":\"https:\\\/\\\/www.fundacionmdp.org\\\/#website\"},\"primaryImageOfPage\":{\"@id\":\"https:\\\/\\\/www.fundacionmdp.org\\\/el-52-de-los-espanoles-tendria-problemas-de-movilidad-en-su-edificio-y-el-55-en-su-vivienda-si-fueran-en-silla-de-ruedas\\\/#primaryimage\"},\"image\":{\"@id\":\"https:\\\/\\\/www.fundacionmdp.org\\\/el-52-de-los-espanoles-tendria-problemas-de-movilidad-en-su-edificio-y-el-55-en-su-vivienda-si-fueran-en-silla-de-ruedas\\\/#primaryimage\"},\"thumbnailUrl\":\"https:\\\/\\\/www.fundacionmdp.org\\\/wp-content\\\/uploads\\\/2024\\\/09\\\/FotogramaB.png\",\"datePublished\":\"2024-09-30T11:22:41+00:00\",\"dateModified\":\"2024-10-01T14:25:06+00:00\",\"breadcrumb\":{\"@id\":\"https:\\\/\\\/www.fundacionmdp.org\\\/el-52-de-los-espanoles-tendria-problemas-de-movilidad-en-su-edificio-y-el-55-en-su-vivienda-si-fueran-en-silla-de-ruedas\\\/#breadcrumb\"},\"inLanguage\":\"ca\",\"potentialAction\":[{\"@type\":\"ReadAction\",\"target\":[\"https:\\\/\\\/www.fundacionmdp.org\\\/el-52-de-los-espanoles-tendria-problemas-de-movilidad-en-su-edificio-y-el-55-en-su-vivienda-si-fueran-en-silla-de-ruedas\\\/\"]}]},{\"@type\":\"ImageObject\",\"inLanguage\":\"ca\",\"@id\":\"https:\\\/\\\/www.fundacionmdp.org\\\/el-52-de-los-espanoles-tendria-problemas-de-movilidad-en-su-edificio-y-el-55-en-su-vivienda-si-fueran-en-silla-de-ruedas\\\/#primaryimage\",\"url\":\"https:\\\/\\\/www.fundacionmdp.org\\\/wp-content\\\/uploads\\\/2024\\\/09\\\/FotogramaB.png\",\"contentUrl\":\"https:\\\/\\\/www.fundacionmdp.org\\\/wp-content\\\/uploads\\\/2024\\\/09\\\/FotogramaB.png\",\"width\":2560,\"height\":1440},{\"@type\":\"BreadcrumbList\",\"@id\":\"https:\\\/\\\/www.fundacionmdp.org\\\/el-52-de-los-espanoles-tendria-problemas-de-movilidad-en-su-edificio-y-el-55-en-su-vivienda-si-fueran-en-silla-de-ruedas\\\/#breadcrumb\",\"itemListElement\":[{\"@type\":\"ListItem\",\"position\":1,\"name\":\"Home\",\"item\":\"https:\\\/\\\/www.fundacionmdp.org\\\/ca\\\/\"},{\"@type\":\"ListItem\",\"position\":2,\"name\":\"EL 52% DELS ESPANYOLS TINDRIA PROBLEMES DE MOBILITAT AL SEU EDIFICI I EL 55% AL SEU HABITATGE, SI ANESSIN EN CADIRA DE RODES\u00a0\"}]},{\"@type\":\"WebSite\",\"@id\":\"https:\\\/\\\/www.fundacionmdp.org\\\/#website\",\"url\":\"https:\\\/\\\/www.fundacionmdp.org\\\/\",\"name\":\"Fundaci\u00f3n Mutua de Propietarios\",\"description\":\"En la Fundaci\u00f3n Mutua de Propietarios te ayudamos a convertir tu edificio de viviendas en un espacio sin barreras arquitect\u00f3nicas.\",\"publisher\":{\"@id\":\"https:\\\/\\\/www.fundacionmdp.org\\\/#organization\"},\"potentialAction\":[{\"@type\":\"SearchAction\",\"target\":{\"@type\":\"EntryPoint\",\"urlTemplate\":\"https:\\\/\\\/www.fundacionmdp.org\\\/?s={search_term_string}\"},\"query-input\":{\"@type\":\"PropertyValueSpecification\",\"valueRequired\":true,\"valueName\":\"search_term_string\"}}],\"inLanguage\":\"ca\"},{\"@type\":\"Organization\",\"@id\":\"https:\\\/\\\/www.fundacionmdp.org\\\/#organization\",\"name\":\"Fundaci\u00f3n Mutua de Propietarios\",\"url\":\"https:\\\/\\\/www.fundacionmdp.org\\\/\",\"logo\":{\"@type\":\"ImageObject\",\"inLanguage\":\"ca\",\"@id\":\"https:\\\/\\\/www.fundacionmdp.org\\\/#\\\/schema\\\/logo\\\/image\\\/\",\"url\":\"https:\\\/\\\/www.fundacionmdp.org\\\/wp-content\\\/uploads\\\/2023\\\/05\\\/logo_FMdP_cat.png\",\"contentUrl\":\"https:\\\/\\\/www.fundacionmdp.org\\\/wp-content\\\/uploads\\\/2023\\\/05\\\/logo_FMdP_cat.png\",\"width\":655,\"height\":297,\"caption\":\"Fundaci\u00f3n Mutua de Propietarios\"},\"image\":{\"@id\":\"https:\\\/\\\/www.fundacionmdp.org\\\/#\\\/schema\\\/logo\\\/image\\\/\"}},{\"@type\":\"Person\",\"@id\":\"https:\\\/\\\/www.fundacionmdp.org\\\/#\\\/schema\\\/person\\\/0a0491f126b8cd8387f8f0da72129079\",\"name\":\"consultinglasker@gmail.com\",\"image\":{\"@type\":\"ImageObject\",\"inLanguage\":\"ca\",\"@id\":\"https:\\\/\\\/secure.gravatar.com\\\/avatar\\\/7a939fbe5ab9abbba5f8a779e3054b4bee69cfadd53950db933d836ae1fc6281?s=96&d=mm&r=g\",\"url\":\"https:\\\/\\\/secure.gravatar.com\\\/avatar\\\/7a939fbe5ab9abbba5f8a779e3054b4bee69cfadd53950db933d836ae1fc6281?s=96&d=mm&r=g\",\"contentUrl\":\"https:\\\/\\\/secure.gravatar.com\\\/avatar\\\/7a939fbe5ab9abbba5f8a779e3054b4bee69cfadd53950db933d836ae1fc6281?s=96&d=mm&r=g\",\"caption\":\"consultinglasker@gmail.com\"},\"url\":\"https:\\\/\\\/www.fundacionmdp.org\\\/ca\\\/author\\\/consultinglaskergmail-com\\\/\"}]}<\/script>\n<!-- \/ Yoast SEO plugin. -->","yoast_head_json":{"title":"EL 52% DELS ESPANYOLS TINDRIA PROBLEMES DE MOBILITAT AL SEU EDIFICI I EL 55% AL SEU HABITATGE, SI ANESSIN EN CADIRA DE RODES\u00a0 - Fundaci\u00f3n Mutua de Propietarios","robots":{"index":"index","follow":"follow","max-snippet":"max-snippet:-1","max-image-preview":"max-image-preview:large","max-video-preview":"max-video-preview:-1"},"canonical":"https:\/\/www.fundacionmdp.org\/el-52-de-los-espanoles-tendria-problemas-de-movilidad-en-su-edificio-y-el-55-en-su-vivienda-si-fueran-en-silla-de-ruedas\/","og_locale":"ca_ES","og_type":"article","og_title":"EL 52% DELS ESPANYOLS TINDRIA PROBLEMES DE MOBILITAT AL SEU EDIFICI I EL 55% AL SEU HABITATGE, SI ANESSIN EN CADIRA DE RODES\u00a0 - Fundaci\u00f3n Mutua de Propietarios","og_description":"M\u00e9s de la meitat dels espanyols (52%) tindrien dificultats per a despla\u00e7ar-se en cadira de rodes per les \u00e0rees comunes de l&#8217;edifici en el qual resideixen, mentre que un 45% tindria problemes per a moure&#8217;s dins del seu propi habitatge. Aix\u00ed ho recull l&#8217;informe \u201cLa Veu de l&#8217;Accessibilitat\u201d, elaborat per la Fundaci\u00f3 Mutua de Propietarios [&hellip;]","og_url":"https:\/\/www.fundacionmdp.org\/el-52-de-los-espanoles-tendria-problemas-de-movilidad-en-su-edificio-y-el-55-en-su-vivienda-si-fueran-en-silla-de-ruedas\/","og_site_name":"Fundaci\u00f3n Mutua de Propietarios","article_published_time":"2024-09-30T11:22:41+00:00","article_modified_time":"2024-10-01T14:25:06+00:00","og_image":[{"width":1024,"height":576,"url":"https:\/\/www.fundacionmdp.org\/wp-content\/uploads\/2024\/09\/FotogramaB-1024x576.png","type":"image\/png"}],"author":"consultinglasker@gmail.com","twitter_card":"summary_large_image","twitter_misc":{"Escrit per":"consultinglasker@gmail.com","Temps estimat de lectura":"3 minuts"},"schema":{"@context":"https:\/\/schema.org","@graph":[{"@type":"Article","@id":"https:\/\/www.fundacionmdp.org\/el-52-de-los-espanoles-tendria-problemas-de-movilidad-en-su-edificio-y-el-55-en-su-vivienda-si-fueran-en-silla-de-ruedas\/#article","isPartOf":{"@id":"https:\/\/www.fundacionmdp.org\/el-52-de-los-espanoles-tendria-problemas-de-movilidad-en-su-edificio-y-el-55-en-su-vivienda-si-fueran-en-silla-de-ruedas\/"},"author":{"name":"consultinglasker@gmail.com","@id":"https:\/\/www.fundacionmdp.org\/#\/schema\/person\/0a0491f126b8cd8387f8f0da72129079"},"headline":"EL 52% DELS ESPANYOLS TINDRIA PROBLEMES DE MOBILITAT AL SEU EDIFICI I EL 55% AL SEU HABITATGE, SI ANESSIN EN CADIRA DE RODES\u00a0","datePublished":"2024-09-30T11:22:41+00:00","dateModified":"2024-10-01T14:25:06+00:00","mainEntityOfPage":{"@id":"https:\/\/www.fundacionmdp.org\/el-52-de-los-espanoles-tendria-problemas-de-movilidad-en-su-edificio-y-el-55-en-su-vivienda-si-fueran-en-silla-de-ruedas\/"},"wordCount":584,"commentCount":0,"publisher":{"@id":"https:\/\/www.fundacionmdp.org\/#organization"},"image":{"@id":"https:\/\/www.fundacionmdp.org\/el-52-de-los-espanoles-tendria-problemas-de-movilidad-en-su-edificio-y-el-55-en-su-vivienda-si-fueran-en-silla-de-ruedas\/#primaryimage"},"thumbnailUrl":"https:\/\/www.fundacionmdp.org\/wp-content\/uploads\/2024\/09\/FotogramaB.png","articleSection":["Sin categorizar"],"inLanguage":"ca","potentialAction":[{"@type":"CommentAction","name":"Comment","target":["https:\/\/www.fundacionmdp.org\/el-52-de-los-espanoles-tendria-problemas-de-movilidad-en-su-edificio-y-el-55-en-su-vivienda-si-fueran-en-silla-de-ruedas\/#respond"]}]},{"@type":"WebPage","@id":"https:\/\/www.fundacionmdp.org\/el-52-de-los-espanoles-tendria-problemas-de-movilidad-en-su-edificio-y-el-55-en-su-vivienda-si-fueran-en-silla-de-ruedas\/","url":"https:\/\/www.fundacionmdp.org\/el-52-de-los-espanoles-tendria-problemas-de-movilidad-en-su-edificio-y-el-55-en-su-vivienda-si-fueran-en-silla-de-ruedas\/","name":"EL 52% DELS ESPANYOLS TINDRIA PROBLEMES DE MOBILITAT AL SEU EDIFICI I EL 55% AL SEU HABITATGE, SI ANESSIN EN CADIRA DE RODES\u00a0 - Fundaci\u00f3n Mutua de Propietarios","isPartOf":{"@id":"https:\/\/www.fundacionmdp.org\/#website"},"primaryImageOfPage":{"@id":"https:\/\/www.fundacionmdp.org\/el-52-de-los-espanoles-tendria-problemas-de-movilidad-en-su-edificio-y-el-55-en-su-vivienda-si-fueran-en-silla-de-ruedas\/#primaryimage"},"image":{"@id":"https:\/\/www.fundacionmdp.org\/el-52-de-los-espanoles-tendria-problemas-de-movilidad-en-su-edificio-y-el-55-en-su-vivienda-si-fueran-en-silla-de-ruedas\/#primaryimage"},"thumbnailUrl":"https:\/\/www.fundacionmdp.org\/wp-content\/uploads\/2024\/09\/FotogramaB.png","datePublished":"2024-09-30T11:22:41+00:00","dateModified":"2024-10-01T14:25:06+00:00","breadcrumb":{"@id":"https:\/\/www.fundacionmdp.org\/el-52-de-los-espanoles-tendria-problemas-de-movilidad-en-su-edificio-y-el-55-en-su-vivienda-si-fueran-en-silla-de-ruedas\/#breadcrumb"},"inLanguage":"ca","potentialAction":[{"@type":"ReadAction","target":["https:\/\/www.fundacionmdp.org\/el-52-de-los-espanoles-tendria-problemas-de-movilidad-en-su-edificio-y-el-55-en-su-vivienda-si-fueran-en-silla-de-ruedas\/"]}]},{"@type":"ImageObject","inLanguage":"ca","@id":"https:\/\/www.fundacionmdp.org\/el-52-de-los-espanoles-tendria-problemas-de-movilidad-en-su-edificio-y-el-55-en-su-vivienda-si-fueran-en-silla-de-ruedas\/#primaryimage","url":"https:\/\/www.fundacionmdp.org\/wp-content\/uploads\/2024\/09\/FotogramaB.png","contentUrl":"https:\/\/www.fundacionmdp.org\/wp-content\/uploads\/2024\/09\/FotogramaB.png","width":2560,"height":1440},{"@type":"BreadcrumbList","@id":"https:\/\/www.fundacionmdp.org\/el-52-de-los-espanoles-tendria-problemas-de-movilidad-en-su-edificio-y-el-55-en-su-vivienda-si-fueran-en-silla-de-ruedas\/#breadcrumb","itemListElement":[{"@type":"ListItem","position":1,"name":"Home","item":"https:\/\/www.fundacionmdp.org\/ca\/"},{"@type":"ListItem","position":2,"name":"EL 52% DELS ESPANYOLS TINDRIA PROBLEMES DE MOBILITAT AL SEU EDIFICI I EL 55% AL SEU HABITATGE, SI ANESSIN EN CADIRA DE RODES\u00a0"}]},{"@type":"WebSite","@id":"https:\/\/www.fundacionmdp.org\/#website","url":"https:\/\/www.fundacionmdp.org\/","name":"Fundaci\u00f3n Mutua de Propietarios","description":"En la Fundaci\u00f3n Mutua de Propietarios te ayudamos a convertir tu edificio de viviendas en un espacio sin barreras arquitect\u00f3nicas.","publisher":{"@id":"https:\/\/www.fundacionmdp.org\/#organization"},"potentialAction":[{"@type":"SearchAction","target":{"@type":"EntryPoint","urlTemplate":"https:\/\/www.fundacionmdp.org\/?s={search_term_string}"},"query-input":{"@type":"PropertyValueSpecification","valueRequired":true,"valueName":"search_term_string"}}],"inLanguage":"ca"},{"@type":"Organization","@id":"https:\/\/www.fundacionmdp.org\/#organization","name":"Fundaci\u00f3n Mutua de Propietarios","url":"https:\/\/www.fundacionmdp.org\/","logo":{"@type":"ImageObject","inLanguage":"ca","@id":"https:\/\/www.fundacionmdp.org\/#\/schema\/logo\/image\/","url":"https:\/\/www.fundacionmdp.org\/wp-content\/uploads\/2023\/05\/logo_FMdP_cat.png","contentUrl":"https:\/\/www.fundacionmdp.org\/wp-content\/uploads\/2023\/05\/logo_FMdP_cat.png","width":655,"height":297,"caption":"Fundaci\u00f3n Mutua de Propietarios"},"image":{"@id":"https:\/\/www.fundacionmdp.org\/#\/schema\/logo\/image\/"}},{"@type":"Person","@id":"https:\/\/www.fundacionmdp.org\/#\/schema\/person\/0a0491f126b8cd8387f8f0da72129079","name":"consultinglasker@gmail.com","image":{"@type":"ImageObject","inLanguage":"ca","@id":"https:\/\/secure.gravatar.com\/avatar\/7a939fbe5ab9abbba5f8a779e3054b4bee69cfadd53950db933d836ae1fc6281?s=96&d=mm&r=g","url":"https:\/\/secure.gravatar.com\/avatar\/7a939fbe5ab9abbba5f8a779e3054b4bee69cfadd53950db933d836ae1fc6281?s=96&d=mm&r=g","contentUrl":"https:\/\/secure.gravatar.com\/avatar\/7a939fbe5ab9abbba5f8a779e3054b4bee69cfadd53950db933d836ae1fc6281?s=96&d=mm&r=g","caption":"consultinglasker@gmail.com"},"url":"https:\/\/www.fundacionmdp.org\/ca\/author\/consultinglaskergmail-com\/"}]}},"_links":{"self":[{"href":"https:\/\/www.fundacionmdp.org\/ca\/wp-json\/wp\/v2\/posts\/10132","targetHints":{"allow":["GET"]}}],"collection":[{"href":"https:\/\/www.fundacionmdp.org\/ca\/wp-json\/wp\/v2\/posts"}],"about":[{"href":"https:\/\/www.fundacionmdp.org\/ca\/wp-json\/wp\/v2\/types\/post"}],"author":[{"embeddable":true,"href":"https:\/\/www.fundacionmdp.org\/ca\/wp-json\/wp\/v2\/users\/29"}],"replies":[{"embeddable":true,"href":"https:\/\/www.fundacionmdp.org\/ca\/wp-json\/wp\/v2\/comments?post=10132"}],"version-history":[{"count":3,"href":"https:\/\/www.fundacionmdp.org\/ca\/wp-json\/wp\/v2\/posts\/10132\/revisions"}],"predecessor-version":[{"id":10149,"href":"https:\/\/www.fundacionmdp.org\/ca\/wp-json\/wp\/v2\/posts\/10132\/revisions\/10149"}],"wp:featuredmedia":[{"embeddable":true,"href":"https:\/\/www.fundacionmdp.org\/ca\/wp-json\/wp\/v2\/media\/10131"}],"wp:attachment":[{"href":"https:\/\/www.fundacionmdp.org\/ca\/wp-json\/wp\/v2\/media?parent=10132"}],"wp:term":[{"taxonomy":"category","embeddable":true,"href":"https:\/\/www.fundacionmdp.org\/ca\/wp-json\/wp\/v2\/categories?post=10132"},{"taxonomy":"post_tag","embeddable":true,"href":"https:\/\/www.fundacionmdp.org\/ca\/wp-json\/wp\/v2\/tags?post=10132"}],"curies":[{"name":"wp","href":"https:\/\/api.w.org\/{rel}","templated":true}]}}