{"id":10193,"date":"2024-10-21T16:37:54","date_gmt":"2024-10-21T14:37:54","guid":{"rendered":"https:\/\/www.fundacionmdp.org\/?p=10193"},"modified":"2024-10-21T18:12:04","modified_gmt":"2024-10-21T16:12:04","slug":"la-fundacion-mutua-de-propietarios-premio-a-la-solidaridad-2024-por-el-colegio-de-administradores-de-barcelona-y-lleida","status":"publish","type":"post","link":"https:\/\/www.fundacionmdp.org\/ca\/la-fundacion-mutua-de-propietarios-premio-a-la-solidaridad-2024-por-el-colegio-de-administradores-de-barcelona-y-lleida\/","title":{"rendered":"LA FUNDACI\u00d3 MUTUA DE PROPIETARIOS, \u2018PREMI A LA SOLIDARITAT 2024\u2019 PEL COL\u00b7LEGI D&#8217;ADMINISTRADORS DE FINQUES DE BARCELONA I LLEIDA"},"content":{"rendered":"\n<p><strong>A trav\u00e9s de programes, campanyes de conscienciaci\u00f3 i ajuts econ\u00f2mics, l&#8217;entitat treballa per a l&#8217;eliminaci\u00f3 de les barreres arquitect\u00f2niques als edificis d&#8217;habitatges i al seu entorn<\/strong><\/p>\n\n\n\n<p><\/p>\n\n\n\n<p>La Fundaci\u00f3 Mutua de Propietarios va rebre divendres passat del Col\u00b7legi d&#8217;Administradors de Finques de Barcelona i Lleida (CAFBL), el Premi a la Solidaritat 2024, per la seva contribuci\u00f3 a la consecuci\u00f3 d&#8217;habitatges i &nbsp;de comunitats de propietaris accessibles per a les persones amb mobilitat redu\u00efda.<\/p>\n\n\n\n<p><br>\u201cAquest reconeixement per part d&#8217;un dels col\u00b7lectius que major coneixement t\u00e9 de les comunitats de propietaris ens anima a continuar treballant en el desenvolupament de nous programes i campanyes que contribueixin a aconseguir un m\u00f3n sense barreres arquitect\u00f2niques on l&#8217;accessibilitat universal sigui un dret\u201d, va afirmar Laura L\u00f3pez&nbsp;Demarbre, presidenta de la Fundaci\u00f3 Mutua de Propietarios.<\/p>\n\n\n\n<p>El guard\u00f3, que va ser lliurat el passat 18 d&#8217;octubre a Barcelona per Lorenzo Vi\u00f1as, president del&nbsp;CAFBL, qui ha destacat tamb\u00e9 la imprescindible feina de sensibilitzaci\u00f3 de la Fundaci\u00f3 Mutua de Propietarios davant de la societat i de les administracions que han de prendre decisions en mat\u00e8ria d&#8217;eliminaci\u00f3 de barreres arquitect\u00f2niques.<\/p>\n\n\n\n<p>Creada en 2017 amb la missi\u00f3 de millorar la qualitat de vida de les persones amb mobilitat redu\u00efda, la Fundaci\u00f3 Mutua de Propietarios desenvolupa diverses iniciatives encaminades a promoure l&#8217;accessibilitat a l&#8217;habitatge i al seu entorn. Entre aquests, destaca el seu programa \u2018Sense Barreres\u2019, que concedeix ajuts econ\u00f2mics per a millorar l&#8217;accessibilitat dels edificis d&#8217;habitatges. Fins al moment, aquestes subvencions han fomentat la realitzaci\u00f3 de 7M\u20ac en obres d&#8217;accessibilitat de les quals s&#8217;han beneficiat m\u00e9s de 1.700 habitatges, 4.300 ve\u00efns i prop de 600 persones amb mobilitat redu\u00efda els qui ja poden accedir de manera aut\u00f2noma a les seves cases gr\u00e0cies a la instal\u00b7laci\u00f3 d&#8217;ascensors, plataformes o rampes.<\/p>\n\n\n\n<p>Una altra de les seves l\u00ednies d&#8217;actuaci\u00f3 consolidades \u00e9s l&#8217;impuls de la Innovaci\u00f3 i la Tecnologia per a la creaci\u00f3 d&#8217;eines que contribueixin a conscienciar o a facilitar l&#8217;eliminaci\u00f3 de barreres arquitect\u00f2niques. Aix\u00ed mateix, la Fundaci\u00f3 Mutua de Propietarios compta amb un <strong>Observatori de l&#8217;Accessibilitat<\/strong>, una plataforma d&#8217;estudis reconeguda com a Font de refer\u00e8ncia de relators de l&#8217;ONU, centrada en analitzar la situaci\u00f3 dels edificis d&#8217;habitatges a Espanya en termes d&#8217;accessibilitat i de con\u00e8ixer les necessitats de les persones amb mobilitat redu\u00efda<\/p>\n\n\n\n<p>Amb aquesta mateixa finalitat, la Fundaci\u00f3 Mutua de Propietarios ve desenvolupant <strong>diverses campanyes de conscienciaci\u00f3 social<\/strong> com \u201cSupervecinos\u201d, \u201cUna rampa cap a l&#8217;accessibilitat\u201d, \u201cLa hist\u00f2ria d\u2019&nbsp;Idoia\u201d&nbsp;o la recentment presentada \u201cLa Veu de l&#8217;Accessibilitat\u201d amb l&#8217;objectiu de sensibilitzar a la societat sobre les dificultats a les quals s&#8217;enfronten les persones amb mobilitat redu\u00efda en el seu dia a dia i el paper essencial de l&#8217;accessibilitat universal per a garantir el seu dret a l&#8217;autonomia<\/p>\n\n\n\n<p><br>En aquest marc, el programa <strong>Impulsors d&#8217;Edificis Sense Barreres<\/strong> creat per la Fundaci\u00f3 Mutua de Propietarios per a promoure la responsabilitat social corporativa entre entitats relacionades amb la gesti\u00f3 de finques i la propietat immobili\u00e0ria, va incorporar l&#8217;any passat als primers administradors de finques compromesos amb la seva activitat.<\/p>\n","protected":false},"excerpt":{"rendered":"<p>A trav\u00e9s de programes, campanyes de conscienciaci\u00f3 i ajuts econ\u00f2mics, l&#8217;entitat treballa per a l&#8217;eliminaci\u00f3 de les barreres arquitect\u00f2niques als edificis d&#8217;habitatges i al seu entorn La Fundaci\u00f3 Mutua de Propietarios va rebre divendres passat del Col\u00b7legi d&#8217;Administradors de Finques de Barcelona i Lleida (CAFBL), el Premi a la Solidaritat 2024, per la seva contribuci\u00f3 [&hellip;]<\/p>\n","protected":false},"author":29,"featured_media":10191,"comment_status":"open","ping_status":"open","sticky":false,"template":"","format":"standard","meta":{"_acf_changed":false,"ocean_post_layout":"","ocean_both_sidebars_style":"","ocean_both_sidebars_content_width":0,"ocean_both_sidebars_sidebars_width":0,"ocean_sidebar":"","ocean_second_sidebar":"","ocean_disable_margins":"enable","ocean_add_body_class":"","ocean_shortcode_before_top_bar":"","ocean_shortcode_after_top_bar":"","ocean_shortcode_before_header":"","ocean_shortcode_after_header":"","ocean_has_shortcode":"","ocean_shortcode_after_title":"","ocean_shortcode_before_footer_widgets":"","ocean_shortcode_after_footer_widgets":"","ocean_shortcode_before_footer_bottom":"","ocean_shortcode_after_footer_bottom":"","ocean_display_top_bar":"default","ocean_display_header":"default","ocean_header_style":"","ocean_center_header_left_menu":"","ocean_custom_header_template":"","ocean_custom_logo":0,"ocean_custom_retina_logo":0,"ocean_custom_logo_max_width":0,"ocean_custom_logo_tablet_max_width":0,"ocean_custom_logo_mobile_max_width":0,"ocean_custom_logo_max_height":0,"ocean_custom_logo_tablet_max_height":0,"ocean_custom_logo_mobile_max_height":0,"ocean_header_custom_menu":"","ocean_menu_typo_font_family":"","ocean_menu_typo_font_subset":"","ocean_menu_typo_font_size":0,"ocean_menu_typo_font_size_tablet":0,"ocean_menu_typo_font_size_mobile":0,"ocean_menu_typo_font_size_unit":"px","ocean_menu_typo_font_weight":"","ocean_menu_typo_font_weight_tablet":"","ocean_menu_typo_font_weight_mobile":"","ocean_menu_typo_transform":"","ocean_menu_typo_transform_tablet":"","ocean_menu_typo_transform_mobile":"","ocean_menu_typo_line_height":0,"ocean_menu_typo_line_height_tablet":0,"ocean_menu_typo_line_height_mobile":0,"ocean_menu_typo_line_height_unit":"","ocean_menu_typo_spacing":0,"ocean_menu_typo_spacing_tablet":0,"ocean_menu_typo_spacing_mobile":0,"ocean_menu_typo_spacing_unit":"","ocean_menu_link_color":"","ocean_menu_link_color_hover":"","ocean_menu_link_color_active":"","ocean_menu_link_background":"","ocean_menu_link_hover_background":"","ocean_menu_link_active_background":"","ocean_menu_social_links_bg":"","ocean_menu_social_hover_links_bg":"","ocean_menu_social_links_color":"","ocean_menu_social_hover_links_color":"","ocean_disable_title":"default","ocean_disable_heading":"default","ocean_post_title":"","ocean_post_subheading":"","ocean_post_title_style":"","ocean_post_title_background_color":"","ocean_post_title_background":0,"ocean_post_title_bg_image_position":"","ocean_post_title_bg_image_attachment":"","ocean_post_title_bg_image_repeat":"","ocean_post_title_bg_image_size":"","ocean_post_title_height":0,"ocean_post_title_bg_overlay":0.5,"ocean_post_title_bg_overlay_color":"","ocean_disable_breadcrumbs":"default","ocean_breadcrumbs_color":"","ocean_breadcrumbs_separator_color":"","ocean_breadcrumbs_links_color":"","ocean_breadcrumbs_links_hover_color":"","ocean_display_footer_widgets":"default","ocean_display_footer_bottom":"default","ocean_custom_footer_template":"","ocean_post_oembed":"","ocean_post_self_hosted_media":"","ocean_post_video_embed":"","ocean_link_format":"","ocean_link_format_target":"self","ocean_quote_format":"","ocean_quote_format_link":"post","ocean_gallery_link_images":"on","ocean_gallery_id":[],"footnotes":""},"categories":[1],"tags":[],"class_list":["post-10193","post","type-post","status-publish","format-standard","has-post-thumbnail","hentry","category-sin-categorizar","entry","has-media"],"acf":[],"yoast_head":"<!-- This site is optimized with the Yoast SEO plugin v27.3 - https:\/\/yoast.com\/product\/yoast-seo-wordpress\/ -->\n<title>LA FUNDACI\u00d3 MUTUA DE PROPIETARIOS, \u2018PREMI A LA SOLIDARITAT 2024\u2019 PEL COL\u00b7LEGI D&#039;ADMINISTRADORS DE FINQUES DE BARCELONA I LLEIDA - Fundaci\u00f3n Mutua de Propietarios<\/title>\n<meta name=\"robots\" content=\"index, follow, max-snippet:-1, max-image-preview:large, max-video-preview:-1\" \/>\n<link rel=\"canonical\" href=\"https:\/\/www.fundacionmdp.org\/la-fundacion-mutua-de-propietarios-premio-a-la-solidaridad-2024-por-el-colegio-de-administradores-de-fincas-de-barcelona-y-lleida\/\" \/>\n<meta property=\"og:locale\" content=\"ca_ES\" \/>\n<meta property=\"og:type\" content=\"article\" \/>\n<meta property=\"og:title\" content=\"LA FUNDACI\u00d3 MUTUA DE PROPIETARIOS, \u2018PREMI A LA SOLIDARITAT 2024\u2019 PEL COL\u00b7LEGI D&#039;ADMINISTRADORS DE FINQUES DE BARCELONA I LLEIDA - Fundaci\u00f3n Mutua de Propietarios\" \/>\n<meta property=\"og:description\" content=\"A trav\u00e9s de programes, campanyes de conscienciaci\u00f3 i ajuts econ\u00f2mics, l&#8217;entitat treballa per a l&#8217;eliminaci\u00f3 de les barreres arquitect\u00f2niques als edificis d&#8217;habitatges i al seu entorn La Fundaci\u00f3 Mutua de Propietarios va rebre divendres passat del Col\u00b7legi d&#8217;Administradors de Finques de Barcelona i Lleida (CAFBL), el Premi a la Solidaritat 2024, per la seva contribuci\u00f3 [&hellip;]\" \/>\n<meta property=\"og:url\" content=\"https:\/\/www.fundacionmdp.org\/la-fundacion-mutua-de-propietarios-premio-a-la-solidaridad-2024-por-el-colegio-de-administradores-de-fincas-de-barcelona-y-lleida\/\" \/>\n<meta property=\"og:site_name\" content=\"Fundaci\u00f3n Mutua de Propietarios\" \/>\n<meta property=\"article:published_time\" content=\"2024-10-21T14:37:54+00:00\" \/>\n<meta property=\"article:modified_time\" content=\"2024-10-21T16:12:04+00:00\" \/>\n<meta property=\"og:image\" content=\"https:\/\/www.fundacionmdp.org\/wp-content\/uploads\/2024\/10\/Foto-noticia.jpg\" \/>\n\t<meta property=\"og:image:width\" content=\"2000\" \/>\n\t<meta property=\"og:image:height\" content=\"1126\" \/>\n\t<meta property=\"og:image:type\" content=\"image\/jpeg\" \/>\n<meta name=\"author\" content=\"consultinglasker@gmail.com\" \/>\n<meta name=\"twitter:card\" content=\"summary_large_image\" \/>\n<meta name=\"twitter:label1\" content=\"Escrit per\" \/>\n\t<meta name=\"twitter:data1\" content=\"consultinglasker@gmail.com\" \/>\n\t<meta name=\"twitter:label2\" content=\"Temps estimat de lectura\" \/>\n\t<meta name=\"twitter:data2\" content=\"3 minuts\" \/>\n<script type=\"application\/ld+json\" class=\"yoast-schema-graph\">{\"@context\":\"https:\\\/\\\/schema.org\",\"@graph\":[{\"@type\":\"Article\",\"@id\":\"https:\\\/\\\/www.fundacionmdp.org\\\/la-fundacion-mutua-de-propietarios-premio-a-la-solidaridad-2024-por-el-colegio-de-administradores-de-fincas-de-barcelona-y-lleida\\\/#article\",\"isPartOf\":{\"@id\":\"https:\\\/\\\/www.fundacionmdp.org\\\/la-fundacion-mutua-de-propietarios-premio-a-la-solidaridad-2024-por-el-colegio-de-administradores-de-fincas-de-barcelona-y-lleida\\\/\"},\"author\":{\"name\":\"consultinglasker@gmail.com\",\"@id\":\"https:\\\/\\\/www.fundacionmdp.org\\\/#\\\/schema\\\/person\\\/0a0491f126b8cd8387f8f0da72129079\"},\"headline\":\"LA FUNDACI\u00d3 MUTUA DE PROPIETARIOS, \u2018PREMI A LA SOLIDARITAT 2024\u2019 PEL COL\u00b7LEGI D&#8217;ADMINISTRADORS DE FINQUES DE BARCELONA I LLEIDA\",\"datePublished\":\"2024-10-21T14:37:54+00:00\",\"dateModified\":\"2024-10-21T16:12:04+00:00\",\"mainEntityOfPage\":{\"@id\":\"https:\\\/\\\/www.fundacionmdp.org\\\/la-fundacion-mutua-de-propietarios-premio-a-la-solidaridad-2024-por-el-colegio-de-administradores-de-fincas-de-barcelona-y-lleida\\\/\"},\"wordCount\":574,\"commentCount\":0,\"publisher\":{\"@id\":\"https:\\\/\\\/www.fundacionmdp.org\\\/#organization\"},\"image\":{\"@id\":\"https:\\\/\\\/www.fundacionmdp.org\\\/la-fundacion-mutua-de-propietarios-premio-a-la-solidaridad-2024-por-el-colegio-de-administradores-de-fincas-de-barcelona-y-lleida\\\/#primaryimage\"},\"thumbnailUrl\":\"https:\\\/\\\/www.fundacionmdp.org\\\/wp-content\\\/uploads\\\/2024\\\/10\\\/Foto-noticia.jpg\",\"articleSection\":[\"Sin categorizar\"],\"inLanguage\":\"ca\",\"potentialAction\":[{\"@type\":\"CommentAction\",\"name\":\"Comment\",\"target\":[\"https:\\\/\\\/www.fundacionmdp.org\\\/la-fundacion-mutua-de-propietarios-premio-a-la-solidaridad-2024-por-el-colegio-de-administradores-de-fincas-de-barcelona-y-lleida\\\/#respond\"]}]},{\"@type\":\"WebPage\",\"@id\":\"https:\\\/\\\/www.fundacionmdp.org\\\/la-fundacion-mutua-de-propietarios-premio-a-la-solidaridad-2024-por-el-colegio-de-administradores-de-fincas-de-barcelona-y-lleida\\\/\",\"url\":\"https:\\\/\\\/www.fundacionmdp.org\\\/la-fundacion-mutua-de-propietarios-premio-a-la-solidaridad-2024-por-el-colegio-de-administradores-de-fincas-de-barcelona-y-lleida\\\/\",\"name\":\"LA FUNDACI\u00d3 MUTUA DE PROPIETARIOS, \u2018PREMI A LA SOLIDARITAT 2024\u2019 PEL COL\u00b7LEGI D'ADMINISTRADORS DE FINQUES DE BARCELONA I LLEIDA - Fundaci\u00f3n Mutua de Propietarios\",\"isPartOf\":{\"@id\":\"https:\\\/\\\/www.fundacionmdp.org\\\/#website\"},\"primaryImageOfPage\":{\"@id\":\"https:\\\/\\\/www.fundacionmdp.org\\\/la-fundacion-mutua-de-propietarios-premio-a-la-solidaridad-2024-por-el-colegio-de-administradores-de-fincas-de-barcelona-y-lleida\\\/#primaryimage\"},\"image\":{\"@id\":\"https:\\\/\\\/www.fundacionmdp.org\\\/la-fundacion-mutua-de-propietarios-premio-a-la-solidaridad-2024-por-el-colegio-de-administradores-de-fincas-de-barcelona-y-lleida\\\/#primaryimage\"},\"thumbnailUrl\":\"https:\\\/\\\/www.fundacionmdp.org\\\/wp-content\\\/uploads\\\/2024\\\/10\\\/Foto-noticia.jpg\",\"datePublished\":\"2024-10-21T14:37:54+00:00\",\"dateModified\":\"2024-10-21T16:12:04+00:00\",\"breadcrumb\":{\"@id\":\"https:\\\/\\\/www.fundacionmdp.org\\\/la-fundacion-mutua-de-propietarios-premio-a-la-solidaridad-2024-por-el-colegio-de-administradores-de-fincas-de-barcelona-y-lleida\\\/#breadcrumb\"},\"inLanguage\":\"ca\",\"potentialAction\":[{\"@type\":\"ReadAction\",\"target\":[\"https:\\\/\\\/www.fundacionmdp.org\\\/la-fundacion-mutua-de-propietarios-premio-a-la-solidaridad-2024-por-el-colegio-de-administradores-de-fincas-de-barcelona-y-lleida\\\/\"]}]},{\"@type\":\"ImageObject\",\"inLanguage\":\"ca\",\"@id\":\"https:\\\/\\\/www.fundacionmdp.org\\\/la-fundacion-mutua-de-propietarios-premio-a-la-solidaridad-2024-por-el-colegio-de-administradores-de-fincas-de-barcelona-y-lleida\\\/#primaryimage\",\"url\":\"https:\\\/\\\/www.fundacionmdp.org\\\/wp-content\\\/uploads\\\/2024\\\/10\\\/Foto-noticia.jpg\",\"contentUrl\":\"https:\\\/\\\/www.fundacionmdp.org\\\/wp-content\\\/uploads\\\/2024\\\/10\\\/Foto-noticia.jpg\",\"width\":2000,\"height\":1126},{\"@type\":\"BreadcrumbList\",\"@id\":\"https:\\\/\\\/www.fundacionmdp.org\\\/la-fundacion-mutua-de-propietarios-premio-a-la-solidaridad-2024-por-el-colegio-de-administradores-de-fincas-de-barcelona-y-lleida\\\/#breadcrumb\",\"itemListElement\":[{\"@type\":\"ListItem\",\"position\":1,\"name\":\"Home\",\"item\":\"https:\\\/\\\/www.fundacionmdp.org\\\/ca\\\/\"},{\"@type\":\"ListItem\",\"position\":2,\"name\":\"LA FUNDACI\u00d3 MUTUA DE PROPIETARIOS, \u2018PREMI A LA SOLIDARITAT 2024\u2019 PEL COL\u00b7LEGI D&#8217;ADMINISTRADORS DE FINQUES DE BARCELONA I LLEIDA\"}]},{\"@type\":\"WebSite\",\"@id\":\"https:\\\/\\\/www.fundacionmdp.org\\\/#website\",\"url\":\"https:\\\/\\\/www.fundacionmdp.org\\\/\",\"name\":\"Fundaci\u00f3n Mutua de Propietarios\",\"description\":\"En la Fundaci\u00f3n Mutua de Propietarios te ayudamos a convertir tu edificio de viviendas en un espacio sin barreras arquitect\u00f3nicas.\",\"publisher\":{\"@id\":\"https:\\\/\\\/www.fundacionmdp.org\\\/#organization\"},\"potentialAction\":[{\"@type\":\"SearchAction\",\"target\":{\"@type\":\"EntryPoint\",\"urlTemplate\":\"https:\\\/\\\/www.fundacionmdp.org\\\/?s={search_term_string}\"},\"query-input\":{\"@type\":\"PropertyValueSpecification\",\"valueRequired\":true,\"valueName\":\"search_term_string\"}}],\"inLanguage\":\"ca\"},{\"@type\":\"Organization\",\"@id\":\"https:\\\/\\\/www.fundacionmdp.org\\\/#organization\",\"name\":\"Fundaci\u00f3n Mutua de Propietarios\",\"url\":\"https:\\\/\\\/www.fundacionmdp.org\\\/\",\"logo\":{\"@type\":\"ImageObject\",\"inLanguage\":\"ca\",\"@id\":\"https:\\\/\\\/www.fundacionmdp.org\\\/#\\\/schema\\\/logo\\\/image\\\/\",\"url\":\"https:\\\/\\\/www.fundacionmdp.org\\\/wp-content\\\/uploads\\\/2023\\\/05\\\/logo_FMdP_cat.png\",\"contentUrl\":\"https:\\\/\\\/www.fundacionmdp.org\\\/wp-content\\\/uploads\\\/2023\\\/05\\\/logo_FMdP_cat.png\",\"width\":655,\"height\":297,\"caption\":\"Fundaci\u00f3n Mutua de Propietarios\"},\"image\":{\"@id\":\"https:\\\/\\\/www.fundacionmdp.org\\\/#\\\/schema\\\/logo\\\/image\\\/\"}},{\"@type\":\"Person\",\"@id\":\"https:\\\/\\\/www.fundacionmdp.org\\\/#\\\/schema\\\/person\\\/0a0491f126b8cd8387f8f0da72129079\",\"name\":\"consultinglasker@gmail.com\",\"image\":{\"@type\":\"ImageObject\",\"inLanguage\":\"ca\",\"@id\":\"https:\\\/\\\/secure.gravatar.com\\\/avatar\\\/7a939fbe5ab9abbba5f8a779e3054b4bee69cfadd53950db933d836ae1fc6281?s=96&d=mm&r=g\",\"url\":\"https:\\\/\\\/secure.gravatar.com\\\/avatar\\\/7a939fbe5ab9abbba5f8a779e3054b4bee69cfadd53950db933d836ae1fc6281?s=96&d=mm&r=g\",\"contentUrl\":\"https:\\\/\\\/secure.gravatar.com\\\/avatar\\\/7a939fbe5ab9abbba5f8a779e3054b4bee69cfadd53950db933d836ae1fc6281?s=96&d=mm&r=g\",\"caption\":\"consultinglasker@gmail.com\"},\"url\":\"https:\\\/\\\/www.fundacionmdp.org\\\/ca\\\/author\\\/consultinglaskergmail-com\\\/\"}]}<\/script>\n<!-- \/ Yoast SEO plugin. -->","yoast_head_json":{"title":"LA FUNDACI\u00d3 MUTUA DE PROPIETARIOS, \u2018PREMI A LA SOLIDARITAT 2024\u2019 PEL COL\u00b7LEGI D'ADMINISTRADORS DE FINQUES DE BARCELONA I LLEIDA - Fundaci\u00f3n Mutua de Propietarios","robots":{"index":"index","follow":"follow","max-snippet":"max-snippet:-1","max-image-preview":"max-image-preview:large","max-video-preview":"max-video-preview:-1"},"canonical":"https:\/\/www.fundacionmdp.org\/la-fundacion-mutua-de-propietarios-premio-a-la-solidaridad-2024-por-el-colegio-de-administradores-de-fincas-de-barcelona-y-lleida\/","og_locale":"ca_ES","og_type":"article","og_title":"LA FUNDACI\u00d3 MUTUA DE PROPIETARIOS, \u2018PREMI A LA SOLIDARITAT 2024\u2019 PEL COL\u00b7LEGI D'ADMINISTRADORS DE FINQUES DE BARCELONA I LLEIDA - Fundaci\u00f3n Mutua de Propietarios","og_description":"A trav\u00e9s de programes, campanyes de conscienciaci\u00f3 i ajuts econ\u00f2mics, l&#8217;entitat treballa per a l&#8217;eliminaci\u00f3 de les barreres arquitect\u00f2niques als edificis d&#8217;habitatges i al seu entorn La Fundaci\u00f3 Mutua de Propietarios va rebre divendres passat del Col\u00b7legi d&#8217;Administradors de Finques de Barcelona i Lleida (CAFBL), el Premi a la Solidaritat 2024, per la seva contribuci\u00f3 [&hellip;]","og_url":"https:\/\/www.fundacionmdp.org\/la-fundacion-mutua-de-propietarios-premio-a-la-solidaridad-2024-por-el-colegio-de-administradores-de-fincas-de-barcelona-y-lleida\/","og_site_name":"Fundaci\u00f3n Mutua de Propietarios","article_published_time":"2024-10-21T14:37:54+00:00","article_modified_time":"2024-10-21T16:12:04+00:00","og_image":[{"width":2000,"height":1126,"url":"https:\/\/www.fundacionmdp.org\/wp-content\/uploads\/2024\/10\/Foto-noticia.jpg","type":"image\/jpeg"}],"author":"consultinglasker@gmail.com","twitter_card":"summary_large_image","twitter_misc":{"Escrit per":"consultinglasker@gmail.com","Temps estimat de lectura":"3 minuts"},"schema":{"@context":"https:\/\/schema.org","@graph":[{"@type":"Article","@id":"https:\/\/www.fundacionmdp.org\/la-fundacion-mutua-de-propietarios-premio-a-la-solidaridad-2024-por-el-colegio-de-administradores-de-fincas-de-barcelona-y-lleida\/#article","isPartOf":{"@id":"https:\/\/www.fundacionmdp.org\/la-fundacion-mutua-de-propietarios-premio-a-la-solidaridad-2024-por-el-colegio-de-administradores-de-fincas-de-barcelona-y-lleida\/"},"author":{"name":"consultinglasker@gmail.com","@id":"https:\/\/www.fundacionmdp.org\/#\/schema\/person\/0a0491f126b8cd8387f8f0da72129079"},"headline":"LA FUNDACI\u00d3 MUTUA DE PROPIETARIOS, \u2018PREMI A LA SOLIDARITAT 2024\u2019 PEL COL\u00b7LEGI D&#8217;ADMINISTRADORS DE FINQUES DE BARCELONA I LLEIDA","datePublished":"2024-10-21T14:37:54+00:00","dateModified":"2024-10-21T16:12:04+00:00","mainEntityOfPage":{"@id":"https:\/\/www.fundacionmdp.org\/la-fundacion-mutua-de-propietarios-premio-a-la-solidaridad-2024-por-el-colegio-de-administradores-de-fincas-de-barcelona-y-lleida\/"},"wordCount":574,"commentCount":0,"publisher":{"@id":"https:\/\/www.fundacionmdp.org\/#organization"},"image":{"@id":"https:\/\/www.fundacionmdp.org\/la-fundacion-mutua-de-propietarios-premio-a-la-solidaridad-2024-por-el-colegio-de-administradores-de-fincas-de-barcelona-y-lleida\/#primaryimage"},"thumbnailUrl":"https:\/\/www.fundacionmdp.org\/wp-content\/uploads\/2024\/10\/Foto-noticia.jpg","articleSection":["Sin categorizar"],"inLanguage":"ca","potentialAction":[{"@type":"CommentAction","name":"Comment","target":["https:\/\/www.fundacionmdp.org\/la-fundacion-mutua-de-propietarios-premio-a-la-solidaridad-2024-por-el-colegio-de-administradores-de-fincas-de-barcelona-y-lleida\/#respond"]}]},{"@type":"WebPage","@id":"https:\/\/www.fundacionmdp.org\/la-fundacion-mutua-de-propietarios-premio-a-la-solidaridad-2024-por-el-colegio-de-administradores-de-fincas-de-barcelona-y-lleida\/","url":"https:\/\/www.fundacionmdp.org\/la-fundacion-mutua-de-propietarios-premio-a-la-solidaridad-2024-por-el-colegio-de-administradores-de-fincas-de-barcelona-y-lleida\/","name":"LA FUNDACI\u00d3 MUTUA DE PROPIETARIOS, \u2018PREMI A LA SOLIDARITAT 2024\u2019 PEL COL\u00b7LEGI D'ADMINISTRADORS DE FINQUES DE BARCELONA I LLEIDA - Fundaci\u00f3n Mutua de Propietarios","isPartOf":{"@id":"https:\/\/www.fundacionmdp.org\/#website"},"primaryImageOfPage":{"@id":"https:\/\/www.fundacionmdp.org\/la-fundacion-mutua-de-propietarios-premio-a-la-solidaridad-2024-por-el-colegio-de-administradores-de-fincas-de-barcelona-y-lleida\/#primaryimage"},"image":{"@id":"https:\/\/www.fundacionmdp.org\/la-fundacion-mutua-de-propietarios-premio-a-la-solidaridad-2024-por-el-colegio-de-administradores-de-fincas-de-barcelona-y-lleida\/#primaryimage"},"thumbnailUrl":"https:\/\/www.fundacionmdp.org\/wp-content\/uploads\/2024\/10\/Foto-noticia.jpg","datePublished":"2024-10-21T14:37:54+00:00","dateModified":"2024-10-21T16:12:04+00:00","breadcrumb":{"@id":"https:\/\/www.fundacionmdp.org\/la-fundacion-mutua-de-propietarios-premio-a-la-solidaridad-2024-por-el-colegio-de-administradores-de-fincas-de-barcelona-y-lleida\/#breadcrumb"},"inLanguage":"ca","potentialAction":[{"@type":"ReadAction","target":["https:\/\/www.fundacionmdp.org\/la-fundacion-mutua-de-propietarios-premio-a-la-solidaridad-2024-por-el-colegio-de-administradores-de-fincas-de-barcelona-y-lleida\/"]}]},{"@type":"ImageObject","inLanguage":"ca","@id":"https:\/\/www.fundacionmdp.org\/la-fundacion-mutua-de-propietarios-premio-a-la-solidaridad-2024-por-el-colegio-de-administradores-de-fincas-de-barcelona-y-lleida\/#primaryimage","url":"https:\/\/www.fundacionmdp.org\/wp-content\/uploads\/2024\/10\/Foto-noticia.jpg","contentUrl":"https:\/\/www.fundacionmdp.org\/wp-content\/uploads\/2024\/10\/Foto-noticia.jpg","width":2000,"height":1126},{"@type":"BreadcrumbList","@id":"https:\/\/www.fundacionmdp.org\/la-fundacion-mutua-de-propietarios-premio-a-la-solidaridad-2024-por-el-colegio-de-administradores-de-fincas-de-barcelona-y-lleida\/#breadcrumb","itemListElement":[{"@type":"ListItem","position":1,"name":"Home","item":"https:\/\/www.fundacionmdp.org\/ca\/"},{"@type":"ListItem","position":2,"name":"LA FUNDACI\u00d3 MUTUA DE PROPIETARIOS, \u2018PREMI A LA SOLIDARITAT 2024\u2019 PEL COL\u00b7LEGI D&#8217;ADMINISTRADORS DE FINQUES DE BARCELONA I LLEIDA"}]},{"@type":"WebSite","@id":"https:\/\/www.fundacionmdp.org\/#website","url":"https:\/\/www.fundacionmdp.org\/","name":"Fundaci\u00f3n Mutua de Propietarios","description":"En la Fundaci\u00f3n Mutua de Propietarios te ayudamos a convertir tu edificio de viviendas en un espacio sin barreras arquitect\u00f3nicas.","publisher":{"@id":"https:\/\/www.fundacionmdp.org\/#organization"},"potentialAction":[{"@type":"SearchAction","target":{"@type":"EntryPoint","urlTemplate":"https:\/\/www.fundacionmdp.org\/?s={search_term_string}"},"query-input":{"@type":"PropertyValueSpecification","valueRequired":true,"valueName":"search_term_string"}}],"inLanguage":"ca"},{"@type":"Organization","@id":"https:\/\/www.fundacionmdp.org\/#organization","name":"Fundaci\u00f3n Mutua de Propietarios","url":"https:\/\/www.fundacionmdp.org\/","logo":{"@type":"ImageObject","inLanguage":"ca","@id":"https:\/\/www.fundacionmdp.org\/#\/schema\/logo\/image\/","url":"https:\/\/www.fundacionmdp.org\/wp-content\/uploads\/2023\/05\/logo_FMdP_cat.png","contentUrl":"https:\/\/www.fundacionmdp.org\/wp-content\/uploads\/2023\/05\/logo_FMdP_cat.png","width":655,"height":297,"caption":"Fundaci\u00f3n Mutua de Propietarios"},"image":{"@id":"https:\/\/www.fundacionmdp.org\/#\/schema\/logo\/image\/"}},{"@type":"Person","@id":"https:\/\/www.fundacionmdp.org\/#\/schema\/person\/0a0491f126b8cd8387f8f0da72129079","name":"consultinglasker@gmail.com","image":{"@type":"ImageObject","inLanguage":"ca","@id":"https:\/\/secure.gravatar.com\/avatar\/7a939fbe5ab9abbba5f8a779e3054b4bee69cfadd53950db933d836ae1fc6281?s=96&d=mm&r=g","url":"https:\/\/secure.gravatar.com\/avatar\/7a939fbe5ab9abbba5f8a779e3054b4bee69cfadd53950db933d836ae1fc6281?s=96&d=mm&r=g","contentUrl":"https:\/\/secure.gravatar.com\/avatar\/7a939fbe5ab9abbba5f8a779e3054b4bee69cfadd53950db933d836ae1fc6281?s=96&d=mm&r=g","caption":"consultinglasker@gmail.com"},"url":"https:\/\/www.fundacionmdp.org\/ca\/author\/consultinglaskergmail-com\/"}]}},"_links":{"self":[{"href":"https:\/\/www.fundacionmdp.org\/ca\/wp-json\/wp\/v2\/posts\/10193","targetHints":{"allow":["GET"]}}],"collection":[{"href":"https:\/\/www.fundacionmdp.org\/ca\/wp-json\/wp\/v2\/posts"}],"about":[{"href":"https:\/\/www.fundacionmdp.org\/ca\/wp-json\/wp\/v2\/types\/post"}],"author":[{"embeddable":true,"href":"https:\/\/www.fundacionmdp.org\/ca\/wp-json\/wp\/v2\/users\/29"}],"replies":[{"embeddable":true,"href":"https:\/\/www.fundacionmdp.org\/ca\/wp-json\/wp\/v2\/comments?post=10193"}],"version-history":[{"count":2,"href":"https:\/\/www.fundacionmdp.org\/ca\/wp-json\/wp\/v2\/posts\/10193\/revisions"}],"predecessor-version":[{"id":10196,"href":"https:\/\/www.fundacionmdp.org\/ca\/wp-json\/wp\/v2\/posts\/10193\/revisions\/10196"}],"wp:featuredmedia":[{"embeddable":true,"href":"https:\/\/www.fundacionmdp.org\/ca\/wp-json\/wp\/v2\/media\/10191"}],"wp:attachment":[{"href":"https:\/\/www.fundacionmdp.org\/ca\/wp-json\/wp\/v2\/media?parent=10193"}],"wp:term":[{"taxonomy":"category","embeddable":true,"href":"https:\/\/www.fundacionmdp.org\/ca\/wp-json\/wp\/v2\/categories?post=10193"},{"taxonomy":"post_tag","embeddable":true,"href":"https:\/\/www.fundacionmdp.org\/ca\/wp-json\/wp\/v2\/tags?post=10193"}],"curies":[{"name":"wp","href":"https:\/\/api.w.org\/{rel}","templated":true}]}}