{"id":10212,"date":"2024-10-23T12:20:45","date_gmt":"2024-10-23T10:20:45","guid":{"rendered":"https:\/\/www.fundacionmdp.org\/la-fundacion-mutua-de-propietarios-culmina-su-campana-la-voz-de-la-accesibilidad-con-una-gala-repleta-de-emocion-y-compromiso\/"},"modified":"2024-11-05T11:17:26","modified_gmt":"2024-11-05T09:17:26","slug":"la-fundacio-mutua-de-propietarios-culmina-la-seva-campana-la-voz-de-la-accesibilidad-amb-una-gala-repleta-d-emocio-i-compromis","status":"publish","type":"post","link":"https:\/\/www.fundacionmdp.org\/ca\/la-fundacio-mutua-de-propietarios-culmina-la-seva-campana-la-voz-de-la-accesibilidad-amb-una-gala-repleta-d-emocio-i-compromis\/","title":{"rendered":"LA FUNDACI\u00d3 MUTUA DE PROPIETARIOS CULMINA LA SEVA CAMPANYA \u2018LA VEU DE L&#8217;ACCESSIBILITAT\u2019 AMB UNA GALA REPLETA D&#8217;EMOCI\u00d3 I COMPROM\u00cdS"},"content":{"rendered":"\n<p><\/p>\n\n\n\n<p><strong>L&#8217;acte, que va tenir com a fil conductor el poder de la transformaci\u00f3 social de la m\u00fasica, va comptar amb la participaci\u00f3 dels Joves de la Fundaci\u00f3 Acci\u00f3n por la M\u00fasica<\/strong><\/p>\n\n\n\n<p>La Fundaci\u00f3 Mutua de Propietarios va culminar ahir la seva campanya \u2018La Veu de l&#8217;Accessibilitat\u2019 amb una gala celebrada a l&#8217;Auditori Caja de Musica de Madrid, en la qual es va recordar la import\u00e0ncia de ser sensibles a les necessitats de les persones amb mobilitat redu\u00efda que, dia rere dia, han de superar nombroses barreres arquitect\u00f2niques.<\/p>\n\n\n\n<p><br>En una vetllada que va tenir com a fil conductor el poder de la transformaci\u00f3 social de la m\u00fasica, la interpretaci\u00f3 de la balada \u201cSer tu voz\u201d va ser el moment de major emotivitat. Composta i interpretada per M\u00edriam Fern\u00e1ndez des de la seva experi\u00e8ncia i la seva hist\u00f2ria de superaci\u00f3 i optimisme, aquest himne \u00e9s una crida a la conscienciaci\u00f3 sobre la necessitat d&#8217;impulsar l&#8217;accessibilitat universal com a dret per a garantir la plena inclusi\u00f3 d&#8217;aquest col\u00b7lectiu.<\/p>\n\n\n\n<p><br>\u201c\u00c9s un honor haver treballat amb la M\u00edriam per a aconseguir donar-li veu i m\u00fasica a la situaci\u00f3 d&#8217;aquest col\u00b7lectiu, que reclama l&#8217;accessibilitat universal com un dret, perqu\u00e8 totes les persones puguin tenir les mateixes oportunitats de viure en plenitud i de manera aut\u00f2noma\u201d, va afirmar Laura L\u00f3pez&nbsp;Demarbre, presidenta de la Fundaci\u00f3 Mutua de Propietarios.<\/p>\n\n\n\n<p><br>Un altre dels moments m\u00e9s emocionants va ser l&#8217;actuaci\u00f3 dels Joves de la Fundaci\u00f3 Acci\u00f3n por la Musica, una agrupaci\u00f3 musical formada per adolescents que forma part de l&#8217;organitzaci\u00f3, que es va unir amb M\u00edriam Fern\u00e1ndez per a interpretar l\u2019 \u2018Himne a l&#8217;alegria\u2019, tot un missatge d&#8217;esperan\u00e7a, optimisme i unitat davant les dificultats.<\/p>\n\n\n\n<p><br>Durant l&#8217;acte, que tamb\u00e9 va comptar amb la participaci\u00f3 de la directora general d&#8217;Atenci\u00f3 a les Persones amb Discapacitat, Alejandra Serrano, i la&nbsp;CEO&nbsp;d&#8217; Acci\u00f3n por la Musica, Cristina&nbsp;Sitz, es va fer un recorregut per l&#8217;impacte de les accions empreses per la Fundaci\u00f3 Mutua de Propietarios durant els seus set anys de traject\u00f2ria.<\/p>\n\n\n\n<p><br>En aquest temps, a trav\u00e9s del seu programa \u201cSense Barreres\u201d, l&#8217;entitat ha concedit ajuts per valor de m\u00e9s de 1,3 milions d&#8217;euros per a l&#8217;eliminaci\u00f3 de barreres arquitect\u00f2niques en els edificis d&#8217;habitatges, aconseguint millorar la vida de prop de 600 persones amb mobilitat redu\u00efda i impactant en el benestar de m\u00e9s de 4.000 ve\u00efns.<\/p>\n\n\n\n<p><br>Aix\u00ed mateix, la directora de la&nbsp;Fundaci\u00f3&nbsp;Mutua de Propietarios, Cristina Pall\u00e0s, va exposar les conclusions de l&#8217;estudi \u2018La Veu de l&#8217;Accessibilitat\u2019, punt de partida d&#8217;aquesta campanya, que identificava als espanyols referents en mobilitat redu\u00efda -entre ells, M\u00edriam Fern\u00e1ndez,- i posava de manifest que la falta de conscienciaci\u00f3 de la societat: un 55% dels espanyols considera que les persones amb mobilitat redu\u00efda no se senten escoltats.<\/p>\n\n\n\n<p><br>D&#8217;acord amb l&#8217;informe, la meitat dels espanyols tindria dificultats per a moure&#8217;s en el seu edifici amb cadira de rodes i sortir i al carrer, i un 45% afirma que no podria viure en el seu habitatge habitual si depengu\u00e9s d&#8217;una cadira de rodes.<\/p>\n\n\n\n<p><br>Per aquest motiu, un 82% es mostra d&#8217;acord en la necessitat de sensibilitzar a la societat sobre la necessitat d&#8217;eliminar les barreres arquitect\u00f2niques que, cada dia, han d&#8217;afrontar les persones amb mobilitat redu\u00efda. Una situaci\u00f3 que actualment afecta a m\u00e9s de 2,4 milions d&#8217;espanyols per\u00f2 que, en un futur, afectar\u00e0 cada vegada a m\u00e9s ciutadans, donat l&#8217;increment de l&#8217;esperan\u00e7a de vida.<\/p>\n\n\n\n<p><\/p>\n","protected":false},"excerpt":{"rendered":"<p>L&#8217;acte, que va tenir com a fil conductor el poder de la transformaci\u00f3 social de la m\u00fasica, va comptar amb la participaci\u00f3 dels Joves de la Fundaci\u00f3 Acci\u00f3n por la M\u00fasica La Fundaci\u00f3 Mutua de Propietarios va culminar ahir la seva campanya \u2018La Veu de l&#8217;Accessibilitat\u2019 amb una gala celebrada a l&#8217;Auditori Caja de Musica [&hellip;]<\/p>\n","protected":false},"author":29,"featured_media":10205,"comment_status":"open","ping_status":"open","sticky":false,"template":"","format":"standard","meta":{"_acf_changed":false,"ocean_post_layout":"","ocean_both_sidebars_style":"","ocean_both_sidebars_content_width":0,"ocean_both_sidebars_sidebars_width":0,"ocean_sidebar":"","ocean_second_sidebar":"","ocean_disable_margins":"enable","ocean_add_body_class":"","ocean_shortcode_before_top_bar":"","ocean_shortcode_after_top_bar":"","ocean_shortcode_before_header":"","ocean_shortcode_after_header":"","ocean_has_shortcode":"","ocean_shortcode_after_title":"","ocean_shortcode_before_footer_widgets":"","ocean_shortcode_after_footer_widgets":"","ocean_shortcode_before_footer_bottom":"","ocean_shortcode_after_footer_bottom":"","ocean_display_top_bar":"default","ocean_display_header":"default","ocean_header_style":"","ocean_center_header_left_menu":"","ocean_custom_header_template":"","ocean_custom_logo":0,"ocean_custom_retina_logo":0,"ocean_custom_logo_max_width":0,"ocean_custom_logo_tablet_max_width":0,"ocean_custom_logo_mobile_max_width":0,"ocean_custom_logo_max_height":0,"ocean_custom_logo_tablet_max_height":0,"ocean_custom_logo_mobile_max_height":0,"ocean_header_custom_menu":"","ocean_menu_typo_font_family":"","ocean_menu_typo_font_subset":"","ocean_menu_typo_font_size":0,"ocean_menu_typo_font_size_tablet":0,"ocean_menu_typo_font_size_mobile":0,"ocean_menu_typo_font_size_unit":"px","ocean_menu_typo_font_weight":"","ocean_menu_typo_font_weight_tablet":"","ocean_menu_typo_font_weight_mobile":"","ocean_menu_typo_transform":"","ocean_menu_typo_transform_tablet":"","ocean_menu_typo_transform_mobile":"","ocean_menu_typo_line_height":0,"ocean_menu_typo_line_height_tablet":0,"ocean_menu_typo_line_height_mobile":0,"ocean_menu_typo_line_height_unit":"","ocean_menu_typo_spacing":0,"ocean_menu_typo_spacing_tablet":0,"ocean_menu_typo_spacing_mobile":0,"ocean_menu_typo_spacing_unit":"","ocean_menu_link_color":"","ocean_menu_link_color_hover":"","ocean_menu_link_color_active":"","ocean_menu_link_background":"","ocean_menu_link_hover_background":"","ocean_menu_link_active_background":"","ocean_menu_social_links_bg":"","ocean_menu_social_hover_links_bg":"","ocean_menu_social_links_color":"","ocean_menu_social_hover_links_color":"","ocean_disable_title":"default","ocean_disable_heading":"default","ocean_post_title":"","ocean_post_subheading":"","ocean_post_title_style":"","ocean_post_title_background_color":"","ocean_post_title_background":0,"ocean_post_title_bg_image_position":"","ocean_post_title_bg_image_attachment":"","ocean_post_title_bg_image_repeat":"","ocean_post_title_bg_image_size":"","ocean_post_title_height":0,"ocean_post_title_bg_overlay":0.5,"ocean_post_title_bg_overlay_color":"","ocean_disable_breadcrumbs":"default","ocean_breadcrumbs_color":"","ocean_breadcrumbs_separator_color":"","ocean_breadcrumbs_links_color":"","ocean_breadcrumbs_links_hover_color":"","ocean_display_footer_widgets":"default","ocean_display_footer_bottom":"default","ocean_custom_footer_template":"","ocean_post_oembed":"","ocean_post_self_hosted_media":"","ocean_post_video_embed":"","ocean_link_format":"","ocean_link_format_target":"self","ocean_quote_format":"","ocean_quote_format_link":"post","ocean_gallery_link_images":"on","ocean_gallery_id":[],"footnotes":""},"categories":[1],"tags":[],"class_list":["post-10212","post","type-post","status-publish","format-standard","has-post-thumbnail","hentry","category-sin-categorizar","entry","has-media"],"acf":[],"yoast_head":"<!-- This site is optimized with the Yoast SEO plugin v27.3 - https:\/\/yoast.com\/product\/yoast-seo-wordpress\/ -->\n<title>LA FUNDACI\u00d3 MUTUA DE PROPIETARIOS CULMINA LA SEVA CAMPANYA \u2018LA VEU DE L&#039;ACCESSIBILITAT\u2019 AMB UNA GALA REPLETA D&#039;EMOCI\u00d3 I COMPROM\u00cdS - Fundaci\u00f3n Mutua de Propietarios<\/title>\n<meta name=\"robots\" content=\"index, follow, max-snippet:-1, max-image-preview:large, max-video-preview:-1\" \/>\n<link rel=\"canonical\" href=\"https:\/\/www.fundacionmdp.org\/la-fundacion-mutua-de-propietarios-culmina-su-campana-la-voz-de-la-accesibilidad-con-una-gala-repleta-de-emocion-y-compromiso\/\" \/>\n<meta property=\"og:locale\" content=\"ca_ES\" \/>\n<meta property=\"og:type\" content=\"article\" \/>\n<meta property=\"og:title\" content=\"LA FUNDACI\u00d3 MUTUA DE PROPIETARIOS CULMINA LA SEVA CAMPANYA \u2018LA VEU DE L&#039;ACCESSIBILITAT\u2019 AMB UNA GALA REPLETA D&#039;EMOCI\u00d3 I COMPROM\u00cdS - Fundaci\u00f3n Mutua de Propietarios\" \/>\n<meta property=\"og:description\" content=\"L&#8217;acte, que va tenir com a fil conductor el poder de la transformaci\u00f3 social de la m\u00fasica, va comptar amb la participaci\u00f3 dels Joves de la Fundaci\u00f3 Acci\u00f3n por la M\u00fasica La Fundaci\u00f3 Mutua de Propietarios va culminar ahir la seva campanya \u2018La Veu de l&#8217;Accessibilitat\u2019 amb una gala celebrada a l&#8217;Auditori Caja de Musica [&hellip;]\" \/>\n<meta property=\"og:url\" content=\"https:\/\/www.fundacionmdp.org\/la-fundacion-mutua-de-propietarios-culmina-su-campana-la-voz-de-la-accesibilidad-con-una-gala-repleta-de-emocion-y-compromiso\/\" \/>\n<meta property=\"og:site_name\" content=\"Fundaci\u00f3n Mutua de Propietarios\" \/>\n<meta property=\"article:published_time\" content=\"2024-10-23T10:20:45+00:00\" \/>\n<meta property=\"article:modified_time\" content=\"2024-11-05T09:17:26+00:00\" \/>\n<meta property=\"og:image\" content=\"https:\/\/www.fundacionmdp.org\/wp-content\/uploads\/2024\/10\/Gala-Fundacion-Mutua-de-Propietarios-scaled.jpg\" \/>\n\t<meta property=\"og:image:width\" content=\"2560\" \/>\n\t<meta property=\"og:image:height\" content=\"1707\" \/>\n\t<meta property=\"og:image:type\" content=\"image\/jpeg\" \/>\n<meta name=\"author\" content=\"consultinglasker@gmail.com\" \/>\n<meta name=\"twitter:card\" content=\"summary_large_image\" \/>\n<meta name=\"twitter:label1\" content=\"Escrit per\" \/>\n\t<meta name=\"twitter:data1\" content=\"consultinglasker@gmail.com\" \/>\n\t<meta name=\"twitter:label2\" content=\"Temps estimat de lectura\" \/>\n\t<meta name=\"twitter:data2\" content=\"3 minuts\" \/>\n<script type=\"application\/ld+json\" class=\"yoast-schema-graph\">{\"@context\":\"https:\\\/\\\/schema.org\",\"@graph\":[{\"@type\":\"Article\",\"@id\":\"https:\\\/\\\/www.fundacionmdp.org\\\/la-fundacion-mutua-de-propietarios-culmina-su-campana-la-voz-de-la-accesibilidad-con-una-gala-repleta-de-emocion-y-compromiso\\\/#article\",\"isPartOf\":{\"@id\":\"https:\\\/\\\/www.fundacionmdp.org\\\/la-fundacion-mutua-de-propietarios-culmina-su-campana-la-voz-de-la-accesibilidad-con-una-gala-repleta-de-emocion-y-compromiso\\\/\"},\"author\":{\"name\":\"consultinglasker@gmail.com\",\"@id\":\"https:\\\/\\\/www.fundacionmdp.org\\\/#\\\/schema\\\/person\\\/0a0491f126b8cd8387f8f0da72129079\"},\"headline\":\"LA FUNDACI\u00d3 MUTUA DE PROPIETARIOS CULMINA LA SEVA CAMPANYA \u2018LA VEU DE L&#8217;ACCESSIBILITAT\u2019 AMB UNA GALA REPLETA D&#8217;EMOCI\u00d3 I COMPROM\u00cdS\",\"datePublished\":\"2024-10-23T10:20:45+00:00\",\"dateModified\":\"2024-11-05T09:17:26+00:00\",\"mainEntityOfPage\":{\"@id\":\"https:\\\/\\\/www.fundacionmdp.org\\\/la-fundacion-mutua-de-propietarios-culmina-su-campana-la-voz-de-la-accesibilidad-con-una-gala-repleta-de-emocion-y-compromiso\\\/\"},\"wordCount\":650,\"commentCount\":0,\"publisher\":{\"@id\":\"https:\\\/\\\/www.fundacionmdp.org\\\/#organization\"},\"image\":{\"@id\":\"https:\\\/\\\/www.fundacionmdp.org\\\/la-fundacion-mutua-de-propietarios-culmina-su-campana-la-voz-de-la-accesibilidad-con-una-gala-repleta-de-emocion-y-compromiso\\\/#primaryimage\"},\"thumbnailUrl\":\"https:\\\/\\\/www.fundacionmdp.org\\\/wp-content\\\/uploads\\\/2024\\\/10\\\/Gala-Fundacion-Mutua-de-Propietarios-scaled.jpg\",\"articleSection\":[\"Sin categorizar\"],\"inLanguage\":\"ca\",\"potentialAction\":[{\"@type\":\"CommentAction\",\"name\":\"Comment\",\"target\":[\"https:\\\/\\\/www.fundacionmdp.org\\\/la-fundacion-mutua-de-propietarios-culmina-su-campana-la-voz-de-la-accesibilidad-con-una-gala-repleta-de-emocion-y-compromiso\\\/#respond\"]}]},{\"@type\":\"WebPage\",\"@id\":\"https:\\\/\\\/www.fundacionmdp.org\\\/la-fundacion-mutua-de-propietarios-culmina-su-campana-la-voz-de-la-accesibilidad-con-una-gala-repleta-de-emocion-y-compromiso\\\/\",\"url\":\"https:\\\/\\\/www.fundacionmdp.org\\\/la-fundacion-mutua-de-propietarios-culmina-su-campana-la-voz-de-la-accesibilidad-con-una-gala-repleta-de-emocion-y-compromiso\\\/\",\"name\":\"LA FUNDACI\u00d3 MUTUA DE PROPIETARIOS CULMINA LA SEVA CAMPANYA \u2018LA VEU DE L'ACCESSIBILITAT\u2019 AMB UNA GALA REPLETA D'EMOCI\u00d3 I COMPROM\u00cdS - Fundaci\u00f3n Mutua de Propietarios\",\"isPartOf\":{\"@id\":\"https:\\\/\\\/www.fundacionmdp.org\\\/#website\"},\"primaryImageOfPage\":{\"@id\":\"https:\\\/\\\/www.fundacionmdp.org\\\/la-fundacion-mutua-de-propietarios-culmina-su-campana-la-voz-de-la-accesibilidad-con-una-gala-repleta-de-emocion-y-compromiso\\\/#primaryimage\"},\"image\":{\"@id\":\"https:\\\/\\\/www.fundacionmdp.org\\\/la-fundacion-mutua-de-propietarios-culmina-su-campana-la-voz-de-la-accesibilidad-con-una-gala-repleta-de-emocion-y-compromiso\\\/#primaryimage\"},\"thumbnailUrl\":\"https:\\\/\\\/www.fundacionmdp.org\\\/wp-content\\\/uploads\\\/2024\\\/10\\\/Gala-Fundacion-Mutua-de-Propietarios-scaled.jpg\",\"datePublished\":\"2024-10-23T10:20:45+00:00\",\"dateModified\":\"2024-11-05T09:17:26+00:00\",\"breadcrumb\":{\"@id\":\"https:\\\/\\\/www.fundacionmdp.org\\\/la-fundacion-mutua-de-propietarios-culmina-su-campana-la-voz-de-la-accesibilidad-con-una-gala-repleta-de-emocion-y-compromiso\\\/#breadcrumb\"},\"inLanguage\":\"ca\",\"potentialAction\":[{\"@type\":\"ReadAction\",\"target\":[\"https:\\\/\\\/www.fundacionmdp.org\\\/la-fundacion-mutua-de-propietarios-culmina-su-campana-la-voz-de-la-accesibilidad-con-una-gala-repleta-de-emocion-y-compromiso\\\/\"]}]},{\"@type\":\"ImageObject\",\"inLanguage\":\"ca\",\"@id\":\"https:\\\/\\\/www.fundacionmdp.org\\\/la-fundacion-mutua-de-propietarios-culmina-su-campana-la-voz-de-la-accesibilidad-con-una-gala-repleta-de-emocion-y-compromiso\\\/#primaryimage\",\"url\":\"https:\\\/\\\/www.fundacionmdp.org\\\/wp-content\\\/uploads\\\/2024\\\/10\\\/Gala-Fundacion-Mutua-de-Propietarios-scaled.jpg\",\"contentUrl\":\"https:\\\/\\\/www.fundacionmdp.org\\\/wp-content\\\/uploads\\\/2024\\\/10\\\/Gala-Fundacion-Mutua-de-Propietarios-scaled.jpg\",\"width\":2560,\"height\":1707},{\"@type\":\"BreadcrumbList\",\"@id\":\"https:\\\/\\\/www.fundacionmdp.org\\\/la-fundacion-mutua-de-propietarios-culmina-su-campana-la-voz-de-la-accesibilidad-con-una-gala-repleta-de-emocion-y-compromiso\\\/#breadcrumb\",\"itemListElement\":[{\"@type\":\"ListItem\",\"position\":1,\"name\":\"Home\",\"item\":\"https:\\\/\\\/www.fundacionmdp.org\\\/ca\\\/\"},{\"@type\":\"ListItem\",\"position\":2,\"name\":\"LA FUNDACI\u00d3 MUTUA DE PROPIETARIOS CULMINA LA SEVA CAMPANYA \u2018LA VEU DE L&#8217;ACCESSIBILITAT\u2019 AMB UNA GALA REPLETA D&#8217;EMOCI\u00d3 I COMPROM\u00cdS\"}]},{\"@type\":\"WebSite\",\"@id\":\"https:\\\/\\\/www.fundacionmdp.org\\\/#website\",\"url\":\"https:\\\/\\\/www.fundacionmdp.org\\\/\",\"name\":\"Fundaci\u00f3n Mutua de Propietarios\",\"description\":\"En la Fundaci\u00f3n Mutua de Propietarios te ayudamos a convertir tu edificio de viviendas en un espacio sin barreras arquitect\u00f3nicas.\",\"publisher\":{\"@id\":\"https:\\\/\\\/www.fundacionmdp.org\\\/#organization\"},\"potentialAction\":[{\"@type\":\"SearchAction\",\"target\":{\"@type\":\"EntryPoint\",\"urlTemplate\":\"https:\\\/\\\/www.fundacionmdp.org\\\/?s={search_term_string}\"},\"query-input\":{\"@type\":\"PropertyValueSpecification\",\"valueRequired\":true,\"valueName\":\"search_term_string\"}}],\"inLanguage\":\"ca\"},{\"@type\":\"Organization\",\"@id\":\"https:\\\/\\\/www.fundacionmdp.org\\\/#organization\",\"name\":\"Fundaci\u00f3n Mutua de Propietarios\",\"url\":\"https:\\\/\\\/www.fundacionmdp.org\\\/\",\"logo\":{\"@type\":\"ImageObject\",\"inLanguage\":\"ca\",\"@id\":\"https:\\\/\\\/www.fundacionmdp.org\\\/#\\\/schema\\\/logo\\\/image\\\/\",\"url\":\"https:\\\/\\\/www.fundacionmdp.org\\\/wp-content\\\/uploads\\\/2023\\\/05\\\/logo_FMdP_cat.png\",\"contentUrl\":\"https:\\\/\\\/www.fundacionmdp.org\\\/wp-content\\\/uploads\\\/2023\\\/05\\\/logo_FMdP_cat.png\",\"width\":655,\"height\":297,\"caption\":\"Fundaci\u00f3n Mutua de Propietarios\"},\"image\":{\"@id\":\"https:\\\/\\\/www.fundacionmdp.org\\\/#\\\/schema\\\/logo\\\/image\\\/\"}},{\"@type\":\"Person\",\"@id\":\"https:\\\/\\\/www.fundacionmdp.org\\\/#\\\/schema\\\/person\\\/0a0491f126b8cd8387f8f0da72129079\",\"name\":\"consultinglasker@gmail.com\",\"image\":{\"@type\":\"ImageObject\",\"inLanguage\":\"ca\",\"@id\":\"https:\\\/\\\/secure.gravatar.com\\\/avatar\\\/7a939fbe5ab9abbba5f8a779e3054b4bee69cfadd53950db933d836ae1fc6281?s=96&d=mm&r=g\",\"url\":\"https:\\\/\\\/secure.gravatar.com\\\/avatar\\\/7a939fbe5ab9abbba5f8a779e3054b4bee69cfadd53950db933d836ae1fc6281?s=96&d=mm&r=g\",\"contentUrl\":\"https:\\\/\\\/secure.gravatar.com\\\/avatar\\\/7a939fbe5ab9abbba5f8a779e3054b4bee69cfadd53950db933d836ae1fc6281?s=96&d=mm&r=g\",\"caption\":\"consultinglasker@gmail.com\"},\"url\":\"https:\\\/\\\/www.fundacionmdp.org\\\/ca\\\/author\\\/consultinglaskergmail-com\\\/\"}]}<\/script>\n<!-- \/ Yoast SEO plugin. -->","yoast_head_json":{"title":"LA FUNDACI\u00d3 MUTUA DE PROPIETARIOS CULMINA LA SEVA CAMPANYA \u2018LA VEU DE L'ACCESSIBILITAT\u2019 AMB UNA GALA REPLETA D'EMOCI\u00d3 I COMPROM\u00cdS - Fundaci\u00f3n Mutua de Propietarios","robots":{"index":"index","follow":"follow","max-snippet":"max-snippet:-1","max-image-preview":"max-image-preview:large","max-video-preview":"max-video-preview:-1"},"canonical":"https:\/\/www.fundacionmdp.org\/la-fundacion-mutua-de-propietarios-culmina-su-campana-la-voz-de-la-accesibilidad-con-una-gala-repleta-de-emocion-y-compromiso\/","og_locale":"ca_ES","og_type":"article","og_title":"LA FUNDACI\u00d3 MUTUA DE PROPIETARIOS CULMINA LA SEVA CAMPANYA \u2018LA VEU DE L'ACCESSIBILITAT\u2019 AMB UNA GALA REPLETA D'EMOCI\u00d3 I COMPROM\u00cdS - Fundaci\u00f3n Mutua de Propietarios","og_description":"L&#8217;acte, que va tenir com a fil conductor el poder de la transformaci\u00f3 social de la m\u00fasica, va comptar amb la participaci\u00f3 dels Joves de la Fundaci\u00f3 Acci\u00f3n por la M\u00fasica La Fundaci\u00f3 Mutua de Propietarios va culminar ahir la seva campanya \u2018La Veu de l&#8217;Accessibilitat\u2019 amb una gala celebrada a l&#8217;Auditori Caja de Musica [&hellip;]","og_url":"https:\/\/www.fundacionmdp.org\/la-fundacion-mutua-de-propietarios-culmina-su-campana-la-voz-de-la-accesibilidad-con-una-gala-repleta-de-emocion-y-compromiso\/","og_site_name":"Fundaci\u00f3n Mutua de Propietarios","article_published_time":"2024-10-23T10:20:45+00:00","article_modified_time":"2024-11-05T09:17:26+00:00","og_image":[{"width":2560,"height":1707,"url":"https:\/\/www.fundacionmdp.org\/wp-content\/uploads\/2024\/10\/Gala-Fundacion-Mutua-de-Propietarios-scaled.jpg","type":"image\/jpeg"}],"author":"consultinglasker@gmail.com","twitter_card":"summary_large_image","twitter_misc":{"Escrit per":"consultinglasker@gmail.com","Temps estimat de lectura":"3 minuts"},"schema":{"@context":"https:\/\/schema.org","@graph":[{"@type":"Article","@id":"https:\/\/www.fundacionmdp.org\/la-fundacion-mutua-de-propietarios-culmina-su-campana-la-voz-de-la-accesibilidad-con-una-gala-repleta-de-emocion-y-compromiso\/#article","isPartOf":{"@id":"https:\/\/www.fundacionmdp.org\/la-fundacion-mutua-de-propietarios-culmina-su-campana-la-voz-de-la-accesibilidad-con-una-gala-repleta-de-emocion-y-compromiso\/"},"author":{"name":"consultinglasker@gmail.com","@id":"https:\/\/www.fundacionmdp.org\/#\/schema\/person\/0a0491f126b8cd8387f8f0da72129079"},"headline":"LA FUNDACI\u00d3 MUTUA DE PROPIETARIOS CULMINA LA SEVA CAMPANYA \u2018LA VEU DE L&#8217;ACCESSIBILITAT\u2019 AMB UNA GALA REPLETA D&#8217;EMOCI\u00d3 I COMPROM\u00cdS","datePublished":"2024-10-23T10:20:45+00:00","dateModified":"2024-11-05T09:17:26+00:00","mainEntityOfPage":{"@id":"https:\/\/www.fundacionmdp.org\/la-fundacion-mutua-de-propietarios-culmina-su-campana-la-voz-de-la-accesibilidad-con-una-gala-repleta-de-emocion-y-compromiso\/"},"wordCount":650,"commentCount":0,"publisher":{"@id":"https:\/\/www.fundacionmdp.org\/#organization"},"image":{"@id":"https:\/\/www.fundacionmdp.org\/la-fundacion-mutua-de-propietarios-culmina-su-campana-la-voz-de-la-accesibilidad-con-una-gala-repleta-de-emocion-y-compromiso\/#primaryimage"},"thumbnailUrl":"https:\/\/www.fundacionmdp.org\/wp-content\/uploads\/2024\/10\/Gala-Fundacion-Mutua-de-Propietarios-scaled.jpg","articleSection":["Sin categorizar"],"inLanguage":"ca","potentialAction":[{"@type":"CommentAction","name":"Comment","target":["https:\/\/www.fundacionmdp.org\/la-fundacion-mutua-de-propietarios-culmina-su-campana-la-voz-de-la-accesibilidad-con-una-gala-repleta-de-emocion-y-compromiso\/#respond"]}]},{"@type":"WebPage","@id":"https:\/\/www.fundacionmdp.org\/la-fundacion-mutua-de-propietarios-culmina-su-campana-la-voz-de-la-accesibilidad-con-una-gala-repleta-de-emocion-y-compromiso\/","url":"https:\/\/www.fundacionmdp.org\/la-fundacion-mutua-de-propietarios-culmina-su-campana-la-voz-de-la-accesibilidad-con-una-gala-repleta-de-emocion-y-compromiso\/","name":"LA FUNDACI\u00d3 MUTUA DE PROPIETARIOS CULMINA LA SEVA CAMPANYA \u2018LA VEU DE L'ACCESSIBILITAT\u2019 AMB UNA GALA REPLETA D'EMOCI\u00d3 I COMPROM\u00cdS - Fundaci\u00f3n Mutua de Propietarios","isPartOf":{"@id":"https:\/\/www.fundacionmdp.org\/#website"},"primaryImageOfPage":{"@id":"https:\/\/www.fundacionmdp.org\/la-fundacion-mutua-de-propietarios-culmina-su-campana-la-voz-de-la-accesibilidad-con-una-gala-repleta-de-emocion-y-compromiso\/#primaryimage"},"image":{"@id":"https:\/\/www.fundacionmdp.org\/la-fundacion-mutua-de-propietarios-culmina-su-campana-la-voz-de-la-accesibilidad-con-una-gala-repleta-de-emocion-y-compromiso\/#primaryimage"},"thumbnailUrl":"https:\/\/www.fundacionmdp.org\/wp-content\/uploads\/2024\/10\/Gala-Fundacion-Mutua-de-Propietarios-scaled.jpg","datePublished":"2024-10-23T10:20:45+00:00","dateModified":"2024-11-05T09:17:26+00:00","breadcrumb":{"@id":"https:\/\/www.fundacionmdp.org\/la-fundacion-mutua-de-propietarios-culmina-su-campana-la-voz-de-la-accesibilidad-con-una-gala-repleta-de-emocion-y-compromiso\/#breadcrumb"},"inLanguage":"ca","potentialAction":[{"@type":"ReadAction","target":["https:\/\/www.fundacionmdp.org\/la-fundacion-mutua-de-propietarios-culmina-su-campana-la-voz-de-la-accesibilidad-con-una-gala-repleta-de-emocion-y-compromiso\/"]}]},{"@type":"ImageObject","inLanguage":"ca","@id":"https:\/\/www.fundacionmdp.org\/la-fundacion-mutua-de-propietarios-culmina-su-campana-la-voz-de-la-accesibilidad-con-una-gala-repleta-de-emocion-y-compromiso\/#primaryimage","url":"https:\/\/www.fundacionmdp.org\/wp-content\/uploads\/2024\/10\/Gala-Fundacion-Mutua-de-Propietarios-scaled.jpg","contentUrl":"https:\/\/www.fundacionmdp.org\/wp-content\/uploads\/2024\/10\/Gala-Fundacion-Mutua-de-Propietarios-scaled.jpg","width":2560,"height":1707},{"@type":"BreadcrumbList","@id":"https:\/\/www.fundacionmdp.org\/la-fundacion-mutua-de-propietarios-culmina-su-campana-la-voz-de-la-accesibilidad-con-una-gala-repleta-de-emocion-y-compromiso\/#breadcrumb","itemListElement":[{"@type":"ListItem","position":1,"name":"Home","item":"https:\/\/www.fundacionmdp.org\/ca\/"},{"@type":"ListItem","position":2,"name":"LA FUNDACI\u00d3 MUTUA DE PROPIETARIOS CULMINA LA SEVA CAMPANYA \u2018LA VEU DE L&#8217;ACCESSIBILITAT\u2019 AMB UNA GALA REPLETA D&#8217;EMOCI\u00d3 I COMPROM\u00cdS"}]},{"@type":"WebSite","@id":"https:\/\/www.fundacionmdp.org\/#website","url":"https:\/\/www.fundacionmdp.org\/","name":"Fundaci\u00f3n Mutua de Propietarios","description":"En la Fundaci\u00f3n Mutua de Propietarios te ayudamos a convertir tu edificio de viviendas en un espacio sin barreras arquitect\u00f3nicas.","publisher":{"@id":"https:\/\/www.fundacionmdp.org\/#organization"},"potentialAction":[{"@type":"SearchAction","target":{"@type":"EntryPoint","urlTemplate":"https:\/\/www.fundacionmdp.org\/?s={search_term_string}"},"query-input":{"@type":"PropertyValueSpecification","valueRequired":true,"valueName":"search_term_string"}}],"inLanguage":"ca"},{"@type":"Organization","@id":"https:\/\/www.fundacionmdp.org\/#organization","name":"Fundaci\u00f3n Mutua de Propietarios","url":"https:\/\/www.fundacionmdp.org\/","logo":{"@type":"ImageObject","inLanguage":"ca","@id":"https:\/\/www.fundacionmdp.org\/#\/schema\/logo\/image\/","url":"https:\/\/www.fundacionmdp.org\/wp-content\/uploads\/2023\/05\/logo_FMdP_cat.png","contentUrl":"https:\/\/www.fundacionmdp.org\/wp-content\/uploads\/2023\/05\/logo_FMdP_cat.png","width":655,"height":297,"caption":"Fundaci\u00f3n Mutua de Propietarios"},"image":{"@id":"https:\/\/www.fundacionmdp.org\/#\/schema\/logo\/image\/"}},{"@type":"Person","@id":"https:\/\/www.fundacionmdp.org\/#\/schema\/person\/0a0491f126b8cd8387f8f0da72129079","name":"consultinglasker@gmail.com","image":{"@type":"ImageObject","inLanguage":"ca","@id":"https:\/\/secure.gravatar.com\/avatar\/7a939fbe5ab9abbba5f8a779e3054b4bee69cfadd53950db933d836ae1fc6281?s=96&d=mm&r=g","url":"https:\/\/secure.gravatar.com\/avatar\/7a939fbe5ab9abbba5f8a779e3054b4bee69cfadd53950db933d836ae1fc6281?s=96&d=mm&r=g","contentUrl":"https:\/\/secure.gravatar.com\/avatar\/7a939fbe5ab9abbba5f8a779e3054b4bee69cfadd53950db933d836ae1fc6281?s=96&d=mm&r=g","caption":"consultinglasker@gmail.com"},"url":"https:\/\/www.fundacionmdp.org\/ca\/author\/consultinglaskergmail-com\/"}]}},"_links":{"self":[{"href":"https:\/\/www.fundacionmdp.org\/ca\/wp-json\/wp\/v2\/posts\/10212","targetHints":{"allow":["GET"]}}],"collection":[{"href":"https:\/\/www.fundacionmdp.org\/ca\/wp-json\/wp\/v2\/posts"}],"about":[{"href":"https:\/\/www.fundacionmdp.org\/ca\/wp-json\/wp\/v2\/types\/post"}],"author":[{"embeddable":true,"href":"https:\/\/www.fundacionmdp.org\/ca\/wp-json\/wp\/v2\/users\/29"}],"replies":[{"embeddable":true,"href":"https:\/\/www.fundacionmdp.org\/ca\/wp-json\/wp\/v2\/comments?post=10212"}],"version-history":[{"count":2,"href":"https:\/\/www.fundacionmdp.org\/ca\/wp-json\/wp\/v2\/posts\/10212\/revisions"}],"predecessor-version":[{"id":10767,"href":"https:\/\/www.fundacionmdp.org\/ca\/wp-json\/wp\/v2\/posts\/10212\/revisions\/10767"}],"wp:featuredmedia":[{"embeddable":true,"href":"https:\/\/www.fundacionmdp.org\/ca\/wp-json\/wp\/v2\/media\/10205"}],"wp:attachment":[{"href":"https:\/\/www.fundacionmdp.org\/ca\/wp-json\/wp\/v2\/media?parent=10212"}],"wp:term":[{"taxonomy":"category","embeddable":true,"href":"https:\/\/www.fundacionmdp.org\/ca\/wp-json\/wp\/v2\/categories?post=10212"},{"taxonomy":"post_tag","embeddable":true,"href":"https:\/\/www.fundacionmdp.org\/ca\/wp-json\/wp\/v2\/tags?post=10212"}],"curies":[{"name":"wp","href":"https:\/\/api.w.org\/{rel}","templated":true}]}}