{"id":10777,"date":"2024-11-12T16:09:44","date_gmt":"2024-11-12T14:09:44","guid":{"rendered":"https:\/\/www.fundacionmdp.org\/?p=10777"},"modified":"2024-11-20T16:12:45","modified_gmt":"2024-11-20T14:12:45","slug":"barem-de-mobilitat-reduida-com-funciona-i-per-a-que-serveix","status":"publish","type":"post","link":"https:\/\/www.fundacionmdp.org\/ca\/barem-de-mobilitat-reduida-com-funciona-i-per-a-que-serveix\/","title":{"rendered":"Barem de mobilitat redu\u00efda: com funciona i per a qu\u00e8 serveix"},"content":{"rendered":"\t\t<div data-elementor-type=\"wp-post\" data-elementor-id=\"10777\" class=\"elementor elementor-10777 elementor-10770\">\n\t\t\t\t<div class=\"elementor-element elementor-element-b78e062 e-flex e-con-boxed e-con e-parent\" data-id=\"b78e062\" data-element_type=\"container\" data-e-type=\"container\">\n\t\t\t\t\t<div class=\"e-con-inner\">\n\t\t\t\t<div class=\"elementor-element elementor-element-21fdc8d elementor-widget elementor-widget-text-editor\" data-id=\"21fdc8d\" data-element_type=\"widget\" data-e-type=\"widget\" data-widget_type=\"text-editor.default\">\n\t\t\t\t<div class=\"elementor-widget-container\">\n\t\t\t\t\t\t\t\t\t<p>Sabies que les persones amb discapacitat tenen la possibilitat d&#8217;obtenir un certificat positiu en el barem de mobilitat redu\u00efda (MR) que pot ser clau per aconseguir ajuts o subvencions?\u00a0<\/p><p>El <strong>barem de mobilitat redu\u00efda<\/strong>, tamb\u00e9 conegut com a barem BLAM (<em>Barem de Limitacions en les activitats de mobilitat<\/em>) \u00e9s una eina clau per avaluar i determinar el grau de limitaci\u00f3 en la mobilitat que presenta una persona. A difer\u00e8ncia del concepte m\u00e9s ampli de discapacitat, que pot incloure limitacions sensorials, cognitives o d&#8217;un altre tipus, el barem de mobilitat redu\u00efda fa refer\u00e8ncia espec\u00edficament a les dificultats per despla\u00e7ar-se, ja sigui per l&#8217;\u00fas de cadira de rodes, la necessitat d&#8217;ajuts t\u00e8cnics o problemes derivats de malalties, lesions o la condici\u00f3 mateixa de discapacitat.<\/p><p>Aquest barem, que \u00e9s fonamental per aconseguir alguns ajuts dirigits a persones amb mobilitat redu\u00efda i\/o discapacitat, permet obtenir una valoraci\u00f3 objectiva sobre les capacitats funcionals de la persona per moure&#8217;s en el seu entorn. En aquest article, aprofundirem en qu\u00e8 consisteix aquest barem, com s&#8217;utilitza i la seva rellev\u00e0ncia per accedir a certs suports, com els ajuts per l&#8217;accessibilitat de la<a href=\"https:\/\/www.fundacionmdp.org\/\"><strong> Fundaci\u00f3 Grup Mutua Propietarios<\/strong><\/a>.<\/p><h3>Qu\u00e8 \u00e9s el barem de mobilitat redu\u00efda?<\/h3><p>El barem de mobilitat redu\u00efda \u00e9s un sistema d&#8217;avaluaci\u00f3 utilitzat a Espanya per determinar el grau de dificultat que t\u00e9 una persona per despla\u00e7ar-se. Aquest barem s&#8217;aplica en els casos en qu\u00e8 la persona presenta discapacitat f\u00edsica i amb problemes de mobilitat, \u00e9s a dir, a aquelles la capacitat de moviment de les quals est\u00e0 significativament limitada, com les que necessiten utilitzar una cadira de rodes o els qui tenen dificultats severes en caminar.<\/p><p>\u00c9s important destacar que, el barem de mobilitat redu\u00efda no s&#8217;ha de confondre amb el barem de discapacitat, en termes generals, ja que, tot i que estan molt relacionats, avaluen aspectes diferents.\u00a0 Mentre que el barem de discapacitat t\u00e9 un espectre m\u00e9s ampli, i pot incloure altres tipus de condicions f\u00edsiques, sensorials o cognitives, el barem de mobilitat redu\u00efda (MR) est\u00e0 orientat a avaluar espec\u00edficament les limitacions en el despla\u00e7ament d&#8217;una persona en la seva vida di\u00e0ria.<\/p><h3>Per a qu\u00e8 serveix el barem de mobilitat redu\u00efda?<\/h3><p>El barem de mobilitat redu\u00efda \u00e9s fonamental per accedir a certs drets i ajuts espec\u00edfics. Per exemple, una de les utilitats m\u00e9s conegudes d&#8217;aquest barem \u00e9s l&#8217;obtenci\u00f3 de la targeta d&#8217;aparcament per a persones amb mobilitat redu\u00efda, un benefici essencial per facilitar l&#8217;accessibilitat en entorns urbans.<\/p><p>A m\u00e9s, aquest barem pot ser un requisit per accedir a alguns programes d&#8217;ajuts econ\u00f2mics o subvencions adre\u00e7ats a millorar la qualitat de vida de persones amb mobilitat redu\u00efda. Aquests programes, busquen facilitar l&#8217;acc\u00e9s a habitatges adaptats, eliminar barreres arquitect\u00f2niques en comunitats de propietaris o per a l&#8217;adaptaci\u00f3 d&#8217;espais a la llar.<\/p><h3>Qui concedeix la mobilitat redu\u00efda i com es demana?<\/h3><p>El certificat positiu de mobilitat redu\u00efda s&#8217;aconsegueix aportant informes m\u00e8dics oficials, mitjan\u00e7ant consultes m\u00e8diques amb el doctor especialista de la teva patologia, al <a href=\"https:\/\/www.mdsocialesa2030.gob.es\/gl\/derechos-sociales\/discapacidad\/docs\/Centros_base_valoracion_discapacidad_Espana_mar_2021_(2).pdf\">Centre Base de Valoraci\u00f3 i Orientaci\u00f3 a la Discapacitat de la Comunitat Aut\u00f2noma<\/a> a la qual pertanyis.<\/p><p>L&#8217; avaluaci\u00f3 del barem de mobilitat redu\u00efda es realitza a trav\u00e9s d&#8217;un examen m\u00e8dic detallat, en el qual es valoren diversos factors relacionats amb la capacitat de moviment de la persona. Entre els aspectes m\u00e9s rellevants que es tenen en compte en aquesta avaluaci\u00f3 hi ha:<\/p><ul><li>La capacitat per caminar dist\u00e0ncies curtes i llargues.<\/li><li>L&#8217;\u00fas de dispositius d&#8217;ajuda com bastons, caminadors o cadires de rodes.<\/li><li>La pres\u00e8ncia de barreres arquitect\u00f2niques en l&#8217;entorn de la persona que dificultin la seva mobilitat di\u00e0ria.<\/li><li>La necessitat d&#8217;assist\u00e8ncia per despla\u00e7ar-se ja sigui per part d&#8217;un acompanyant o per mitjans t\u00e8cnics.<\/li><\/ul><p>Si aquesta puntuaci\u00f3 \u00e9s igual o superior al 25%, es conclou que la persona t\u00e9 Mobilitat Redu\u00efda i s&#8217;expedeix el certificat positiu en MR.<\/p><h3>Qui pot sol\u00b7licitar el certificat de mobilitat redu\u00efda?<\/h3><p>Qualsevol persona que experimenti serioses dificultats de mobilitat pot sol\u00b7licitar aquest certificat. \u00c9s com\u00fa que persones amb discapacitat f\u00edsica o que pateixen malalties cr\u00f2niques, lesions greus o degeneratives que limiten la seva autonomia per despla\u00e7ar-se sol\u00b7licitin aquesta valoraci\u00f3 a la seva Comunitat Aut\u00f2noma.<\/p><p>\u00c9s important recordar que no totes les persones amb discapacitat tenen autom\u00e0ticament mobilitat redu\u00efda, tot i que hi sol haver correlaci\u00f3. Per exemple, una persona amb una discapacitat auditiva no necess\u00e0riament enfrontar\u00e0 problemes per despla\u00e7ar-se. El Barem de Mobilitat Redu\u00efda avalua \u00fanicament les limitacions de mobilitat i despla\u00e7ament de les persones que ho sol\u00b7liciten, per la qual cosa \u00e9s necessari presentar proves m\u00e8diques que acreditin la dificultat per caminar o moure&#8217;s de manera aut\u00f2noma.<\/p><h3>Com accedir als ajuts de mobilitat redu\u00efda?<\/h3><p>Obtenir un resultat positiu en el barem de mobilitat redu\u00efda no nom\u00e9s facilita l&#8217;obtenci\u00f3 de la targeta d&#8217;aparcament, sin\u00f3 que pot ser un requisit per accedir a programes d&#8217;ajuts adre\u00e7ats a persones amb mobilitat redu\u00efda, com per exemple, el <strong>Programa d&#8217; Ajuts Sense Barreres de la Fundaci\u00f3 Mutua Propietarios<\/strong>, perqu\u00e8 es centra a millorar la qualitat de vida de les persones amb mobilitat redu\u00efda, <strong>amb afectaci\u00f3 a la mobilitat<\/strong>, facilitant l&#8217;acc\u00e9s al seu habitatge, promovent i impulsant la realitzaci\u00f3 d&#8217;obres de rehabilitaci\u00f3 en accessibilitat de les <strong>zones comunes<\/strong> d&#8217;un edifici en r\u00e8gim horitzontal.<\/p><p>Un dels requisits per sol\u00b7licitar aquest ajut \u00e9s haver obtingut una valoraci\u00f3 positiva en el barem de mobilitat redu\u00efda, amb afectaci\u00f3 a la mobilitat, la qual cosa garanteix que les ajudes van focalitzades a les persones que realment necessiten eliminar barreres f\u00edsiques, en l&#8217;itinerari de la porta de casa seva fins al carrer, per poder sortir del seu habitatge.<\/p><p>El <a href=\"https:\/\/www.fundacionmdp.org\/programa-de-ayudas-sin-barreras\/\"><strong>Programa d&#8217;Ajuts Sense Barreres<\/strong><\/a> ofereix dos tipus de subvencions, les ajudes directes i les ajudes de finan\u00e7ament per a reformes i adaptacions en comunitats de propietaris, enfocant-se en <strong>obres de millora d&#8217;accessibilitat<\/strong>, com la instal\u00b7laci\u00f3 d&#8217;ascensors, automatitzaci\u00f3 de portes, rampes accessibles i altres solucions que faciliten l&#8217;acc\u00e9s i el moviment de les persones amb mobilitat redu\u00efda.<\/p><p>La millora de l&#8217;accessibilitat en una Comunitat de Propietaris no nom\u00e9s beneficia les persones amb mobilitat redu\u00efda, sin\u00f3 totes les persones que viuen a l&#8217;edifici i en facin \u00fas. Durant la vida d&#8217; una persona, poden oc\u00f3rrer moltes circumst\u00e0ncies que, de forma temporal o definitiva, sigui d&#8217;\u00fas obligatori l&#8217;accessibilitat de l&#8217;habitatge, com, per exemple, accidents amb conseq\u00fc\u00e8ncies temporals, l&#8217;\u00fas de carret\u00f3 de beb\u00e8, agilitar la pujada de la compra, la visita d&#8217;algun familiar amb mobilitat redu\u00efda, etc. Per aix\u00f2, hi ha d&#8217;haver una conscienciaci\u00f3 social perqu\u00e8 els edificis siguin accessibles, perqu\u00e8 les persones no hagin de canviar de llar depenent de les circumst\u00e0ncies de la vida, siguin temporals o definitives.<\/p><p>Si vols obtenir m\u00e9s informaci\u00f3 sobre com sol\u00b7licitar els ajuts de la Fundaci\u00f3 Mutua Propietarios, consulta aqu\u00ed les <a href=\"https:\/\/www.fundacionmdp.org\/convocatorias-de-ayudas-del-programa-de-ayudas-sin-barreras\/\"><strong>convocat\u00f2ries del Programa Sense Barreres<\/strong><\/a><strong><u>. <\/u><\/strong><\/p>\t\t\t\t\t\t\t\t<\/div>\n\t\t\t\t<\/div>\n\t\t\t\t\t<\/div>\n\t\t\t\t<\/div>\n\t\t\t\t<\/div>\n\t\t","protected":false},"excerpt":{"rendered":"<p>Sabies que les persones amb discapacitat tenen la possibilitat d&#8217;obtenir un certificat positiu en el barem de mobilitat redu\u00efda (MR) que pot ser clau per aconseguir ajuts o subvencions?\u00a0 El barem de mobilitat redu\u00efda, tamb\u00e9 conegut com a barem BLAM (Barem de Limitacions en les activitats de mobilitat) \u00e9s una eina clau per avaluar i [&hellip;]<\/p>\n","protected":false},"author":1,"featured_media":10773,"comment_status":"open","ping_status":"open","sticky":false,"template":"","format":"standard","meta":{"_acf_changed":false,"ocean_post_layout":"","ocean_both_sidebars_style":"","ocean_both_sidebars_content_width":0,"ocean_both_sidebars_sidebars_width":0,"ocean_sidebar":"","ocean_second_sidebar":"","ocean_disable_margins":"enable","ocean_add_body_class":"","ocean_shortcode_before_top_bar":"","ocean_shortcode_after_top_bar":"","ocean_shortcode_before_header":"","ocean_shortcode_after_header":"","ocean_has_shortcode":"","ocean_shortcode_after_title":"","ocean_shortcode_before_footer_widgets":"","ocean_shortcode_after_footer_widgets":"","ocean_shortcode_before_footer_bottom":"","ocean_shortcode_after_footer_bottom":"","ocean_display_top_bar":"default","ocean_display_header":"default","ocean_header_style":"","ocean_center_header_left_menu":"","ocean_custom_header_template":"","ocean_custom_logo":0,"ocean_custom_retina_logo":0,"ocean_custom_logo_max_width":0,"ocean_custom_logo_tablet_max_width":0,"ocean_custom_logo_mobile_max_width":0,"ocean_custom_logo_max_height":0,"ocean_custom_logo_tablet_max_height":0,"ocean_custom_logo_mobile_max_height":0,"ocean_header_custom_menu":"","ocean_menu_typo_font_family":"","ocean_menu_typo_font_subset":"","ocean_menu_typo_font_size":0,"ocean_menu_typo_font_size_tablet":0,"ocean_menu_typo_font_size_mobile":0,"ocean_menu_typo_font_size_unit":"px","ocean_menu_typo_font_weight":"","ocean_menu_typo_font_weight_tablet":"","ocean_menu_typo_font_weight_mobile":"","ocean_menu_typo_transform":"","ocean_menu_typo_transform_tablet":"","ocean_menu_typo_transform_mobile":"","ocean_menu_typo_line_height":0,"ocean_menu_typo_line_height_tablet":0,"ocean_menu_typo_line_height_mobile":0,"ocean_menu_typo_line_height_unit":"","ocean_menu_typo_spacing":0,"ocean_menu_typo_spacing_tablet":0,"ocean_menu_typo_spacing_mobile":0,"ocean_menu_typo_spacing_unit":"","ocean_menu_link_color":"","ocean_menu_link_color_hover":"","ocean_menu_link_color_active":"","ocean_menu_link_background":"","ocean_menu_link_hover_background":"","ocean_menu_link_active_background":"","ocean_menu_social_links_bg":"","ocean_menu_social_hover_links_bg":"","ocean_menu_social_links_color":"","ocean_menu_social_hover_links_color":"","ocean_disable_title":"default","ocean_disable_heading":"default","ocean_post_title":"","ocean_post_subheading":"","ocean_post_title_style":"","ocean_post_title_background_color":"","ocean_post_title_background":0,"ocean_post_title_bg_image_position":"","ocean_post_title_bg_image_attachment":"","ocean_post_title_bg_image_repeat":"","ocean_post_title_bg_image_size":"","ocean_post_title_height":0,"ocean_post_title_bg_overlay":0.5,"ocean_post_title_bg_overlay_color":"","ocean_disable_breadcrumbs":"default","ocean_breadcrumbs_color":"","ocean_breadcrumbs_separator_color":"","ocean_breadcrumbs_links_color":"","ocean_breadcrumbs_links_hover_color":"","ocean_display_footer_widgets":"default","ocean_display_footer_bottom":"default","ocean_custom_footer_template":"","ocean_post_oembed":"","ocean_post_self_hosted_media":"","ocean_post_video_embed":"","ocean_link_format":"","ocean_link_format_target":"self","ocean_quote_format":"","ocean_quote_format_link":"post","ocean_gallery_link_images":"on","ocean_gallery_id":[],"footnotes":""},"categories":[1],"tags":[],"class_list":["post-10777","post","type-post","status-publish","format-standard","has-post-thumbnail","hentry","category-sin-categorizar","entry","has-media"],"acf":[],"yoast_head":"<!-- This site is optimized with the Yoast SEO plugin v27.3 - https:\/\/yoast.com\/product\/yoast-seo-wordpress\/ -->\n<title>Barem de mobilitat redu\u00efda: com funciona i per a qu\u00e8 serveix - Fundaci\u00f3n Mutua de Propietarios<\/title>\n<meta name=\"robots\" content=\"index, follow, max-snippet:-1, max-image-preview:large, max-video-preview:-1\" \/>\n<link rel=\"canonical\" href=\"https:\/\/www.fundacionmdp.org\/ca\/barem-de-mobilitat-reduida-com-funciona-i-per-a-que-serveix\/\" \/>\n<meta property=\"og:locale\" content=\"ca_ES\" \/>\n<meta property=\"og:type\" content=\"article\" \/>\n<meta property=\"og:title\" content=\"Barem de mobilitat redu\u00efda: com funciona i per a qu\u00e8 serveix - Fundaci\u00f3n Mutua de Propietarios\" \/>\n<meta property=\"og:description\" content=\"Sabies que les persones amb discapacitat tenen la possibilitat d&#8217;obtenir un certificat positiu en el barem de mobilitat redu\u00efda (MR) que pot ser clau per aconseguir ajuts o subvencions?\u00a0 El barem de mobilitat redu\u00efda, tamb\u00e9 conegut com a barem BLAM (Barem de Limitacions en les activitats de mobilitat) \u00e9s una eina clau per avaluar i [&hellip;]\" \/>\n<meta property=\"og:url\" content=\"https:\/\/www.fundacionmdp.org\/ca\/barem-de-mobilitat-reduida-com-funciona-i-per-a-que-serveix\/\" \/>\n<meta property=\"og:site_name\" content=\"Fundaci\u00f3n Mutua de Propietarios\" \/>\n<meta property=\"article:published_time\" content=\"2024-11-12T14:09:44+00:00\" \/>\n<meta property=\"article:modified_time\" content=\"2024-11-20T14:12:45+00:00\" \/>\n<meta property=\"og:image\" content=\"https:\/\/www.fundacionmdp.org\/wp-content\/uploads\/2024\/11\/icono-y-silla.png\" \/>\n\t<meta property=\"og:image:width\" content=\"386\" \/>\n\t<meta property=\"og:image:height\" content=\"265\" \/>\n\t<meta property=\"og:image:type\" content=\"image\/png\" \/>\n<meta name=\"author\" content=\"fundacionmdp\" \/>\n<meta name=\"twitter:card\" content=\"summary_large_image\" \/>\n<meta name=\"twitter:label1\" content=\"Escrit per\" \/>\n\t<meta name=\"twitter:data1\" content=\"fundacionmdp\" \/>\n\t<meta name=\"twitter:label2\" content=\"Temps estimat de lectura\" \/>\n\t<meta name=\"twitter:data2\" content=\"6 minuts\" \/>\n<script type=\"application\/ld+json\" class=\"yoast-schema-graph\">{\"@context\":\"https:\\\/\\\/schema.org\",\"@graph\":[{\"@type\":\"Article\",\"@id\":\"https:\\\/\\\/www.fundacionmdp.org\\\/ca\\\/barem-de-mobilitat-reduida-com-funciona-i-per-a-que-serveix\\\/#article\",\"isPartOf\":{\"@id\":\"https:\\\/\\\/www.fundacionmdp.org\\\/ca\\\/barem-de-mobilitat-reduida-com-funciona-i-per-a-que-serveix\\\/\"},\"author\":{\"name\":\"fundacionmdp\",\"@id\":\"https:\\\/\\\/www.fundacionmdp.org\\\/#\\\/schema\\\/person\\\/12f9af801cac25dfcb5a96cb0090f703\"},\"headline\":\"Barem de mobilitat redu\u00efda: com funciona i per a qu\u00e8 serveix\",\"datePublished\":\"2024-11-12T14:09:44+00:00\",\"dateModified\":\"2024-11-20T14:12:45+00:00\",\"mainEntityOfPage\":{\"@id\":\"https:\\\/\\\/www.fundacionmdp.org\\\/ca\\\/barem-de-mobilitat-reduida-com-funciona-i-per-a-que-serveix\\\/\"},\"wordCount\":1248,\"commentCount\":0,\"publisher\":{\"@id\":\"https:\\\/\\\/www.fundacionmdp.org\\\/#organization\"},\"image\":{\"@id\":\"https:\\\/\\\/www.fundacionmdp.org\\\/ca\\\/barem-de-mobilitat-reduida-com-funciona-i-per-a-que-serveix\\\/#primaryimage\"},\"thumbnailUrl\":\"https:\\\/\\\/www.fundacionmdp.org\\\/wp-content\\\/uploads\\\/2024\\\/11\\\/icono-y-silla.png\",\"articleSection\":[\"Sin categorizar\"],\"inLanguage\":\"ca\",\"potentialAction\":[{\"@type\":\"CommentAction\",\"name\":\"Comment\",\"target\":[\"https:\\\/\\\/www.fundacionmdp.org\\\/ca\\\/barem-de-mobilitat-reduida-com-funciona-i-per-a-que-serveix\\\/#respond\"]}]},{\"@type\":\"WebPage\",\"@id\":\"https:\\\/\\\/www.fundacionmdp.org\\\/ca\\\/barem-de-mobilitat-reduida-com-funciona-i-per-a-que-serveix\\\/\",\"url\":\"https:\\\/\\\/www.fundacionmdp.org\\\/ca\\\/barem-de-mobilitat-reduida-com-funciona-i-per-a-que-serveix\\\/\",\"name\":\"Barem de mobilitat redu\u00efda: com funciona i per a qu\u00e8 serveix - Fundaci\u00f3n Mutua de Propietarios\",\"isPartOf\":{\"@id\":\"https:\\\/\\\/www.fundacionmdp.org\\\/#website\"},\"primaryImageOfPage\":{\"@id\":\"https:\\\/\\\/www.fundacionmdp.org\\\/ca\\\/barem-de-mobilitat-reduida-com-funciona-i-per-a-que-serveix\\\/#primaryimage\"},\"image\":{\"@id\":\"https:\\\/\\\/www.fundacionmdp.org\\\/ca\\\/barem-de-mobilitat-reduida-com-funciona-i-per-a-que-serveix\\\/#primaryimage\"},\"thumbnailUrl\":\"https:\\\/\\\/www.fundacionmdp.org\\\/wp-content\\\/uploads\\\/2024\\\/11\\\/icono-y-silla.png\",\"datePublished\":\"2024-11-12T14:09:44+00:00\",\"dateModified\":\"2024-11-20T14:12:45+00:00\",\"breadcrumb\":{\"@id\":\"https:\\\/\\\/www.fundacionmdp.org\\\/ca\\\/barem-de-mobilitat-reduida-com-funciona-i-per-a-que-serveix\\\/#breadcrumb\"},\"inLanguage\":\"ca\",\"potentialAction\":[{\"@type\":\"ReadAction\",\"target\":[\"https:\\\/\\\/www.fundacionmdp.org\\\/ca\\\/barem-de-mobilitat-reduida-com-funciona-i-per-a-que-serveix\\\/\"]}]},{\"@type\":\"ImageObject\",\"inLanguage\":\"ca\",\"@id\":\"https:\\\/\\\/www.fundacionmdp.org\\\/ca\\\/barem-de-mobilitat-reduida-com-funciona-i-per-a-que-serveix\\\/#primaryimage\",\"url\":\"https:\\\/\\\/www.fundacionmdp.org\\\/wp-content\\\/uploads\\\/2024\\\/11\\\/icono-y-silla.png\",\"contentUrl\":\"https:\\\/\\\/www.fundacionmdp.org\\\/wp-content\\\/uploads\\\/2024\\\/11\\\/icono-y-silla.png\",\"width\":386,\"height\":265},{\"@type\":\"BreadcrumbList\",\"@id\":\"https:\\\/\\\/www.fundacionmdp.org\\\/ca\\\/barem-de-mobilitat-reduida-com-funciona-i-per-a-que-serveix\\\/#breadcrumb\",\"itemListElement\":[{\"@type\":\"ListItem\",\"position\":1,\"name\":\"Home\",\"item\":\"https:\\\/\\\/www.fundacionmdp.org\\\/ca\\\/\"},{\"@type\":\"ListItem\",\"position\":2,\"name\":\"Barem de mobilitat redu\u00efda: com funciona i per a qu\u00e8 serveix\"}]},{\"@type\":\"WebSite\",\"@id\":\"https:\\\/\\\/www.fundacionmdp.org\\\/#website\",\"url\":\"https:\\\/\\\/www.fundacionmdp.org\\\/\",\"name\":\"Fundaci\u00f3n Mutua de Propietarios\",\"description\":\"En la Fundaci\u00f3n Mutua de Propietarios te ayudamos a convertir tu edificio de viviendas en un espacio sin barreras arquitect\u00f3nicas.\",\"publisher\":{\"@id\":\"https:\\\/\\\/www.fundacionmdp.org\\\/#organization\"},\"potentialAction\":[{\"@type\":\"SearchAction\",\"target\":{\"@type\":\"EntryPoint\",\"urlTemplate\":\"https:\\\/\\\/www.fundacionmdp.org\\\/?s={search_term_string}\"},\"query-input\":{\"@type\":\"PropertyValueSpecification\",\"valueRequired\":true,\"valueName\":\"search_term_string\"}}],\"inLanguage\":\"ca\"},{\"@type\":\"Organization\",\"@id\":\"https:\\\/\\\/www.fundacionmdp.org\\\/#organization\",\"name\":\"Fundaci\u00f3n Mutua de Propietarios\",\"url\":\"https:\\\/\\\/www.fundacionmdp.org\\\/\",\"logo\":{\"@type\":\"ImageObject\",\"inLanguage\":\"ca\",\"@id\":\"https:\\\/\\\/www.fundacionmdp.org\\\/#\\\/schema\\\/logo\\\/image\\\/\",\"url\":\"https:\\\/\\\/www.fundacionmdp.org\\\/wp-content\\\/uploads\\\/2023\\\/05\\\/logo_FMdP_cat.png\",\"contentUrl\":\"https:\\\/\\\/www.fundacionmdp.org\\\/wp-content\\\/uploads\\\/2023\\\/05\\\/logo_FMdP_cat.png\",\"width\":655,\"height\":297,\"caption\":\"Fundaci\u00f3n Mutua de Propietarios\"},\"image\":{\"@id\":\"https:\\\/\\\/www.fundacionmdp.org\\\/#\\\/schema\\\/logo\\\/image\\\/\"}},{\"@type\":\"Person\",\"@id\":\"https:\\\/\\\/www.fundacionmdp.org\\\/#\\\/schema\\\/person\\\/12f9af801cac25dfcb5a96cb0090f703\",\"name\":\"fundacionmdp\",\"image\":{\"@type\":\"ImageObject\",\"inLanguage\":\"ca\",\"@id\":\"https:\\\/\\\/secure.gravatar.com\\\/avatar\\\/b540f93d1816a14d85e51109d050c3243b98fb660a665f517a6d2597cff3bbed?s=96&d=mm&r=g\",\"url\":\"https:\\\/\\\/secure.gravatar.com\\\/avatar\\\/b540f93d1816a14d85e51109d050c3243b98fb660a665f517a6d2597cff3bbed?s=96&d=mm&r=g\",\"contentUrl\":\"https:\\\/\\\/secure.gravatar.com\\\/avatar\\\/b540f93d1816a14d85e51109d050c3243b98fb660a665f517a6d2597cff3bbed?s=96&d=mm&r=g\",\"caption\":\"fundacionmdp\"},\"sameAs\":[\"http:\\\/\\\/prezuk.com.mialias.net\\\/fundacionmdp\"],\"url\":\"https:\\\/\\\/www.fundacionmdp.org\\\/ca\\\/author\\\/fundacionmdp\\\/\"}]}<\/script>\n<!-- \/ Yoast SEO plugin. -->","yoast_head_json":{"title":"Barem de mobilitat redu\u00efda: com funciona i per a qu\u00e8 serveix - Fundaci\u00f3n Mutua de Propietarios","robots":{"index":"index","follow":"follow","max-snippet":"max-snippet:-1","max-image-preview":"max-image-preview:large","max-video-preview":"max-video-preview:-1"},"canonical":"https:\/\/www.fundacionmdp.org\/ca\/barem-de-mobilitat-reduida-com-funciona-i-per-a-que-serveix\/","og_locale":"ca_ES","og_type":"article","og_title":"Barem de mobilitat redu\u00efda: com funciona i per a qu\u00e8 serveix - Fundaci\u00f3n Mutua de Propietarios","og_description":"Sabies que les persones amb discapacitat tenen la possibilitat d&#8217;obtenir un certificat positiu en el barem de mobilitat redu\u00efda (MR) que pot ser clau per aconseguir ajuts o subvencions?\u00a0 El barem de mobilitat redu\u00efda, tamb\u00e9 conegut com a barem BLAM (Barem de Limitacions en les activitats de mobilitat) \u00e9s una eina clau per avaluar i [&hellip;]","og_url":"https:\/\/www.fundacionmdp.org\/ca\/barem-de-mobilitat-reduida-com-funciona-i-per-a-que-serveix\/","og_site_name":"Fundaci\u00f3n Mutua de Propietarios","article_published_time":"2024-11-12T14:09:44+00:00","article_modified_time":"2024-11-20T14:12:45+00:00","og_image":[{"width":386,"height":265,"url":"https:\/\/www.fundacionmdp.org\/wp-content\/uploads\/2024\/11\/icono-y-silla.png","type":"image\/png"}],"author":"fundacionmdp","twitter_card":"summary_large_image","twitter_misc":{"Escrit per":"fundacionmdp","Temps estimat de lectura":"6 minuts"},"schema":{"@context":"https:\/\/schema.org","@graph":[{"@type":"Article","@id":"https:\/\/www.fundacionmdp.org\/ca\/barem-de-mobilitat-reduida-com-funciona-i-per-a-que-serveix\/#article","isPartOf":{"@id":"https:\/\/www.fundacionmdp.org\/ca\/barem-de-mobilitat-reduida-com-funciona-i-per-a-que-serveix\/"},"author":{"name":"fundacionmdp","@id":"https:\/\/www.fundacionmdp.org\/#\/schema\/person\/12f9af801cac25dfcb5a96cb0090f703"},"headline":"Barem de mobilitat redu\u00efda: com funciona i per a qu\u00e8 serveix","datePublished":"2024-11-12T14:09:44+00:00","dateModified":"2024-11-20T14:12:45+00:00","mainEntityOfPage":{"@id":"https:\/\/www.fundacionmdp.org\/ca\/barem-de-mobilitat-reduida-com-funciona-i-per-a-que-serveix\/"},"wordCount":1248,"commentCount":0,"publisher":{"@id":"https:\/\/www.fundacionmdp.org\/#organization"},"image":{"@id":"https:\/\/www.fundacionmdp.org\/ca\/barem-de-mobilitat-reduida-com-funciona-i-per-a-que-serveix\/#primaryimage"},"thumbnailUrl":"https:\/\/www.fundacionmdp.org\/wp-content\/uploads\/2024\/11\/icono-y-silla.png","articleSection":["Sin categorizar"],"inLanguage":"ca","potentialAction":[{"@type":"CommentAction","name":"Comment","target":["https:\/\/www.fundacionmdp.org\/ca\/barem-de-mobilitat-reduida-com-funciona-i-per-a-que-serveix\/#respond"]}]},{"@type":"WebPage","@id":"https:\/\/www.fundacionmdp.org\/ca\/barem-de-mobilitat-reduida-com-funciona-i-per-a-que-serveix\/","url":"https:\/\/www.fundacionmdp.org\/ca\/barem-de-mobilitat-reduida-com-funciona-i-per-a-que-serveix\/","name":"Barem de mobilitat redu\u00efda: com funciona i per a qu\u00e8 serveix - Fundaci\u00f3n Mutua de Propietarios","isPartOf":{"@id":"https:\/\/www.fundacionmdp.org\/#website"},"primaryImageOfPage":{"@id":"https:\/\/www.fundacionmdp.org\/ca\/barem-de-mobilitat-reduida-com-funciona-i-per-a-que-serveix\/#primaryimage"},"image":{"@id":"https:\/\/www.fundacionmdp.org\/ca\/barem-de-mobilitat-reduida-com-funciona-i-per-a-que-serveix\/#primaryimage"},"thumbnailUrl":"https:\/\/www.fundacionmdp.org\/wp-content\/uploads\/2024\/11\/icono-y-silla.png","datePublished":"2024-11-12T14:09:44+00:00","dateModified":"2024-11-20T14:12:45+00:00","breadcrumb":{"@id":"https:\/\/www.fundacionmdp.org\/ca\/barem-de-mobilitat-reduida-com-funciona-i-per-a-que-serveix\/#breadcrumb"},"inLanguage":"ca","potentialAction":[{"@type":"ReadAction","target":["https:\/\/www.fundacionmdp.org\/ca\/barem-de-mobilitat-reduida-com-funciona-i-per-a-que-serveix\/"]}]},{"@type":"ImageObject","inLanguage":"ca","@id":"https:\/\/www.fundacionmdp.org\/ca\/barem-de-mobilitat-reduida-com-funciona-i-per-a-que-serveix\/#primaryimage","url":"https:\/\/www.fundacionmdp.org\/wp-content\/uploads\/2024\/11\/icono-y-silla.png","contentUrl":"https:\/\/www.fundacionmdp.org\/wp-content\/uploads\/2024\/11\/icono-y-silla.png","width":386,"height":265},{"@type":"BreadcrumbList","@id":"https:\/\/www.fundacionmdp.org\/ca\/barem-de-mobilitat-reduida-com-funciona-i-per-a-que-serveix\/#breadcrumb","itemListElement":[{"@type":"ListItem","position":1,"name":"Home","item":"https:\/\/www.fundacionmdp.org\/ca\/"},{"@type":"ListItem","position":2,"name":"Barem de mobilitat redu\u00efda: com funciona i per a qu\u00e8 serveix"}]},{"@type":"WebSite","@id":"https:\/\/www.fundacionmdp.org\/#website","url":"https:\/\/www.fundacionmdp.org\/","name":"Fundaci\u00f3n Mutua de Propietarios","description":"En la Fundaci\u00f3n Mutua de Propietarios te ayudamos a convertir tu edificio de viviendas en un espacio sin barreras arquitect\u00f3nicas.","publisher":{"@id":"https:\/\/www.fundacionmdp.org\/#organization"},"potentialAction":[{"@type":"SearchAction","target":{"@type":"EntryPoint","urlTemplate":"https:\/\/www.fundacionmdp.org\/?s={search_term_string}"},"query-input":{"@type":"PropertyValueSpecification","valueRequired":true,"valueName":"search_term_string"}}],"inLanguage":"ca"},{"@type":"Organization","@id":"https:\/\/www.fundacionmdp.org\/#organization","name":"Fundaci\u00f3n Mutua de Propietarios","url":"https:\/\/www.fundacionmdp.org\/","logo":{"@type":"ImageObject","inLanguage":"ca","@id":"https:\/\/www.fundacionmdp.org\/#\/schema\/logo\/image\/","url":"https:\/\/www.fundacionmdp.org\/wp-content\/uploads\/2023\/05\/logo_FMdP_cat.png","contentUrl":"https:\/\/www.fundacionmdp.org\/wp-content\/uploads\/2023\/05\/logo_FMdP_cat.png","width":655,"height":297,"caption":"Fundaci\u00f3n Mutua de Propietarios"},"image":{"@id":"https:\/\/www.fundacionmdp.org\/#\/schema\/logo\/image\/"}},{"@type":"Person","@id":"https:\/\/www.fundacionmdp.org\/#\/schema\/person\/12f9af801cac25dfcb5a96cb0090f703","name":"fundacionmdp","image":{"@type":"ImageObject","inLanguage":"ca","@id":"https:\/\/secure.gravatar.com\/avatar\/b540f93d1816a14d85e51109d050c3243b98fb660a665f517a6d2597cff3bbed?s=96&d=mm&r=g","url":"https:\/\/secure.gravatar.com\/avatar\/b540f93d1816a14d85e51109d050c3243b98fb660a665f517a6d2597cff3bbed?s=96&d=mm&r=g","contentUrl":"https:\/\/secure.gravatar.com\/avatar\/b540f93d1816a14d85e51109d050c3243b98fb660a665f517a6d2597cff3bbed?s=96&d=mm&r=g","caption":"fundacionmdp"},"sameAs":["http:\/\/prezuk.com.mialias.net\/fundacionmdp"],"url":"https:\/\/www.fundacionmdp.org\/ca\/author\/fundacionmdp\/"}]}},"_links":{"self":[{"href":"https:\/\/www.fundacionmdp.org\/ca\/wp-json\/wp\/v2\/posts\/10777","targetHints":{"allow":["GET"]}}],"collection":[{"href":"https:\/\/www.fundacionmdp.org\/ca\/wp-json\/wp\/v2\/posts"}],"about":[{"href":"https:\/\/www.fundacionmdp.org\/ca\/wp-json\/wp\/v2\/types\/post"}],"author":[{"embeddable":true,"href":"https:\/\/www.fundacionmdp.org\/ca\/wp-json\/wp\/v2\/users\/1"}],"replies":[{"embeddable":true,"href":"https:\/\/www.fundacionmdp.org\/ca\/wp-json\/wp\/v2\/comments?post=10777"}],"version-history":[{"count":4,"href":"https:\/\/www.fundacionmdp.org\/ca\/wp-json\/wp\/v2\/posts\/10777\/revisions"}],"predecessor-version":[{"id":10781,"href":"https:\/\/www.fundacionmdp.org\/ca\/wp-json\/wp\/v2\/posts\/10777\/revisions\/10781"}],"wp:featuredmedia":[{"embeddable":true,"href":"https:\/\/www.fundacionmdp.org\/ca\/wp-json\/wp\/v2\/media\/10773"}],"wp:attachment":[{"href":"https:\/\/www.fundacionmdp.org\/ca\/wp-json\/wp\/v2\/media?parent=10777"}],"wp:term":[{"taxonomy":"category","embeddable":true,"href":"https:\/\/www.fundacionmdp.org\/ca\/wp-json\/wp\/v2\/categories?post=10777"},{"taxonomy":"post_tag","embeddable":true,"href":"https:\/\/www.fundacionmdp.org\/ca\/wp-json\/wp\/v2\/tags?post=10777"}],"curies":[{"name":"wp","href":"https:\/\/api.w.org\/{rel}","templated":true}]}}