{"id":10791,"date":"2024-12-02T07:00:52","date_gmt":"2024-12-02T05:00:52","guid":{"rendered":"https:\/\/www.fundacionmdp.org\/?p=10791"},"modified":"2024-11-29T13:06:46","modified_gmt":"2024-11-29T11:06:46","slug":"edificis-dhabitatges-per-a-tothom-una-crida-a-la-inclusio-i-laccessibilitat-en-el-dia-de-la-discapacitat","status":"publish","type":"post","link":"https:\/\/www.fundacionmdp.org\/ca\/edificis-dhabitatges-per-a-tothom-una-crida-a-la-inclusio-i-laccessibilitat-en-el-dia-de-la-discapacitat\/","title":{"rendered":"Edificis d\u2019habitatges per a tothom: Una crida a la inclusi\u00f3 i l\u2019accessibilitat en el Dia de la Discapacitat"},"content":{"rendered":"\t\t<div data-elementor-type=\"wp-post\" data-elementor-id=\"10791\" class=\"elementor elementor-10791 elementor-10784\">\n\t\t\t\t<div class=\"elementor-element elementor-element-06569bf e-flex e-con-boxed e-con e-parent\" data-id=\"06569bf\" data-element_type=\"container\" data-e-type=\"container\">\n\t\t\t\t\t<div class=\"e-con-inner\">\n\t\t\t\t<div class=\"elementor-element elementor-element-22f73bf elementor-widget elementor-widget-text-editor\" data-id=\"22f73bf\" data-element_type=\"widget\" data-e-type=\"widget\" data-widget_type=\"text-editor.default\">\n\t\t\t\t<div class=\"elementor-widget-container\">\n\t\t\t\t\t\t\t\t\t<p>La nostra societat est\u00e0 cada vegada m\u00e9s conscienciada amb la necessitat de <strong>crear un m\u00f3n m\u00e9s inclusiu<\/strong> i conscient de l&#8217;enorme diversitat de cadascun de nosaltres. La igualtat passa tamb\u00e9 per fer accessibles els espais a tots els tipus de necessitats diferents. Per aix\u00f2, el <strong>Dia Internacional de la Discapacitat <\/strong>\u00e9s el moment ideal per aturar-nos un instant a reflexionar sobre la <strong>import\u00e0ncia de generar espais inclusius<\/strong> on l&#8217;accessibilitat i l&#8217;habitabilitat siguin una realitat per a tothom.\u00a0 A <a href=\"https:\/\/www.fundacionmdp.org\/\"><strong>Fundaci\u00f3 Mutua de Propietarios ens<\/strong><\/a> trobem profundament compromesos amb aquesta causa i treballem, dia a dia, per ser un agent m\u00e9s del canvi que la nostra societat necessita. Promoure <strong>habitatges accessibles i adaptats per a les persones amb discapacitat<\/strong> \u00e9s una tasca que ens competeix a tots, en el seg\u00fcent article desenvoluparem algunes idees sobre com han de ser aquests espais.<\/p>\n<h3>Escassetat d&#8217;habitatges accessibles i inclusius per a les persones amb discapacitat<\/h3>\n<p>Tenir acc\u00e9s a un<strong> habitatge digne<\/strong> \u00e9s un dels drets fonamentals de tots els \u00e9ssers humans. No obstant aix\u00f2, en molt\u00edssims casos aix\u00f2 no es compleix. En concret, les persones amb discapacitat es troben a diari amb quantitat de problemes i barreres a l&#8217;hora de trobar una llar que s&#8217;adapti a les seves necessitats. Aix\u00f2 no nom\u00e9s afecta el seu nivell d&#8217;<strong>independ\u00e8ncia, <\/strong>sin\u00f3 que tamb\u00e9 repercuteix en la seva <strong>qualitat de vida, <\/strong>el seu <strong>benestar <\/strong>i en la <strong>possibilitat d&#8217;integrar-se <\/strong>en la societat, generant una <strong>bretxa <\/strong>que les separa de la resta d&#8217;individus sense discapacitat o sense limitacions en mobilitat. La majoria dels habitatges en la nostra societat, sobretot aquells m\u00e9s antics, no compten amb les <strong>facilitats d&#8217;acc\u00e9s necess\u00e0ries<\/strong> per a persones amb <strong>mobilitat redu\u00efda o discapacitat<\/strong>. Algunes barreres que es troben a l&#8217; hora d&#8217;utilitzar els espais s\u00f3n les seg\u00fcents:<\/p>\n<ul>\n<li>Portes i passadissos massa estrets per despla\u00e7ar-se en cadira de rodes.<\/li>\n<li>Abs\u00e8ncia de rampes o ascensors davant les escales.<\/li>\n<li>Abs\u00e8ncia de senyalitzaci\u00f3 i\/o cartells en braille.<\/li>\n<li>Llars no adaptades, amb banys no adaptats.<\/li>\n<li>Abs\u00e8ncia d&#8217;alertes visuals per a persones amb discapacitat auditiva.<\/li>\n<\/ul>\n<h3>El paper de Fundaci\u00f3 Mutua de Propietarios amb l&#8217;accessibilitat als habitatges<\/h3>\n<p>Des <a href=\"https:\/\/www.fundacionmdp.org\/\"><strong>de Fundaci\u00f3 Mutua de Propietarios<\/strong><\/a> volem col\u00b7laborar en el canvi del model social i ajudar a aconseguir la <strong>integraci\u00f3 plena<\/strong> de les <strong>persones amb discapacitat<\/strong>. Ens importen les persones i estem compromesos amb millorar la qualitat de vida de les persones amb mobilitat redu\u00efda. Per aix\u00f2, ens sembla important adoptar un rol actiu en la <strong>promoci\u00f3 de l&#8217;accessibilitat en els edificis d&#8217;habitatges, <\/strong>a trav\u00e9s dels nostres programes i activitats, des d&#8217;ajuts econ\u00f2mics per a obres d&#8217;accessibilitat en edificis d&#8217;habitatges fins a campanyes divulgatives i de conscienciaci\u00f3 social. Pensant en com haurien de ser les noves edificacions i ajudant a transformar les ja existents es pot aconseguir una transformaci\u00f3 social real. Mesures educatives que ensenyin a la poblaci\u00f3 la import\u00e0ncia de fer accessibles els nostres edificis, llars i entorns tamb\u00e9 \u00e9s un pas essencial que beneficiar\u00e0 no nom\u00e9s les persones amb discapacitat, sin\u00f3 a tothom. Per aix\u00f2, volem aprofitar el <strong>Dia de la Discapacitat<\/strong> per reflexionar sobre algunes propostes.<\/p>\n<h3>La import\u00e0ncia dels habitatges accessibles i inclusius<\/h3>\n<p>Disposar d&#8217;habitatges accessibles i inclusius va molt m\u00e9s enll\u00e0 de la millora de la qualitat de vida de les persones amb discapacitat.\u00a0 Suposa un canvi que repercuteix en tota la societat en el seu conjunt. Es tracta d&#8217;acostar-nos a un model social m\u00e9s just i igualitari. Aquest tipus d&#8217;habitatges no nom\u00e9s aporta una <strong>major autonomia <\/strong>per a les persones amb discapacitat o mobilitat redu\u00efda, sin\u00f3 que tamb\u00e9<strong> redueix la seva sensaci\u00f3 d&#8217;a\u00efllament, promou la comunicaci\u00f3 <\/strong>i permet desenvolupar-se en comunitats m\u00e9s cohesionades. El nostre enfocament proposa crear <strong>espais i edificis d&#8217;habitatges accessibles <\/strong>per a totes les persones, que siguin capaces d&#8217;adaptar-se a les diferents necessitats de les persones que hi viuen. Aix\u00f2 podria millorar la qualitat de vida no nom\u00e9s de persones amb discapacitat, sin\u00f3 tamb\u00e9 de la gent gran, at\u00e8s que a mesura que envellim, \u00e9s habitual trobar-nos amb m\u00e9s dificultats per despla\u00e7ar-nos, sortir i entrar dels nostres habitatges amb autonomia.<\/p>\n<h3>Quines mesures es poden adoptar?<\/h3>\n<p>En l&#8217;actualitat hi ha moltes mesures que es poden adoptar per fer els habitatges m\u00e9s accessibles i inclusius per a persones amb discapacitat. Les <strong>noves tecnologies<\/strong> i els seus aven\u00e7os suposen una oportunitat sense precedents a l&#8217;hora de millorar la qualitat de vida de les persones amb discapacitat<strong>. <\/strong>Poden servir per adaptar les llars a les necessitats espec\u00edfiques de la persona alhora que augmenten la seva seguretat i comoditat en el dia a dia. Exemples de mesures centrades en la <strong>tecnologia<\/strong>:<\/p>\n<ul>\n<li>Botons d&#8217;alarma per accidents i caigudes.<\/li>\n<li>Electrodom\u00e8stics amb sistemes de llum o vibraci\u00f3 i interf\u00edcies senzilles.<\/li>\n<li>Sistemes de control dom\u00f2tic per veu.<\/li>\n<\/ul>\n<p>Exemples de mesures centrades a <strong>millorar l&#8217;accessibilitat: <\/strong><\/p>\n<ul>\n<li>Plataformes elevadores i ascensors per pujar escales.<\/li>\n<li>Portes d&#8217;obertura autom\u00e0tica i suficientment amples per permetre passar amb cadires de rodes.<\/li>\n<li>Entrades i sortides sense obstacles (escales, objectes. . .).<\/li>\n<li>Rampes accessibles a les entrades.<\/li>\n<\/ul>\n<p>Tamb\u00e9 cal no oblidar que totes aquestes millores en els habitatges tamb\u00e9 s&#8217;han d&#8217;adaptar a un pressupost accessible. Per aix\u00f2, utilitzar materials i t\u00e8cniques econ\u00f2miques \u00e9s un repte fonamental. Tamb\u00e9 propostes com incentivar els constructors que generin llars accessibles, augmentar els ajuts governamentals, actualitzar les normatives dels edificis, o desenvolupar programes de conscienciaci\u00f3 social poden contribuir al canvi. La formaci\u00f3 de professionals especialitzats capa\u00e7os d&#8217;avaluar els riscos i possibilitats de millora dels nostres espais \u00e9s una altra manera de promocionar la creaci\u00f3 d&#8217;habitatges inclusius.<\/p>\n<h3>Un futur m\u00e9s accessible, divers i inclusiu<\/h3>\n<p>A la Fundaci\u00f3 creiem que l <strong>&#8216;accessibilitat<\/strong> en els habitatges, comunitats de propietaris i entorns no es tracta d&#8217;un ideal, sin\u00f3 d&#8217;una necessitat i una responsabilitat compartida per tothom. Tots podem fer del nostre m\u00f3n i les nostres llars un lloc m\u00e9s inclusiu, accessible i acollidor. Des <a href=\"https:\/\/www.fundacionmdp.org\/\"><strong>de Fundaci\u00f3 Mutua de Propietarios<\/strong><\/a> et convidem a ser part del moviment de canvi social. Pots visitar la nostra web per con\u00e8ixer m\u00e9s sobre les nostres activitats i iniciatives per aconseguir que els habitatges lliures de barreres arquitect\u00f2niques siguin una realitat.<\/p>\t\t\t\t\t\t\t\t<\/div>\n\t\t\t\t<\/div>\n\t\t\t\t\t<\/div>\n\t\t\t\t<\/div>\n\t\t\t\t<\/div>\n\t\t","protected":false},"excerpt":{"rendered":"<p>La nostra societat est\u00e0 cada vegada m\u00e9s conscienciada amb la necessitat de crear un m\u00f3n m\u00e9s inclusiu i conscient de l&#8217;enorme diversitat de cadascun de nosaltres. La igualtat passa tamb\u00e9 per fer accessibles els espais a tots els tipus de necessitats diferents. Per aix\u00f2, el Dia Internacional de la Discapacitat \u00e9s el moment ideal per [&hellip;]<\/p>\n","protected":false},"author":1,"featured_media":10786,"comment_status":"open","ping_status":"open","sticky":false,"template":"","format":"standard","meta":{"_acf_changed":false,"ocean_post_layout":"","ocean_both_sidebars_style":"","ocean_both_sidebars_content_width":0,"ocean_both_sidebars_sidebars_width":0,"ocean_sidebar":"","ocean_second_sidebar":"","ocean_disable_margins":"enable","ocean_add_body_class":"","ocean_shortcode_before_top_bar":"","ocean_shortcode_after_top_bar":"","ocean_shortcode_before_header":"","ocean_shortcode_after_header":"","ocean_has_shortcode":"","ocean_shortcode_after_title":"","ocean_shortcode_before_footer_widgets":"","ocean_shortcode_after_footer_widgets":"","ocean_shortcode_before_footer_bottom":"","ocean_shortcode_after_footer_bottom":"","ocean_display_top_bar":"default","ocean_display_header":"default","ocean_header_style":"","ocean_center_header_left_menu":"","ocean_custom_header_template":"","ocean_custom_logo":0,"ocean_custom_retina_logo":0,"ocean_custom_logo_max_width":0,"ocean_custom_logo_tablet_max_width":0,"ocean_custom_logo_mobile_max_width":0,"ocean_custom_logo_max_height":0,"ocean_custom_logo_tablet_max_height":0,"ocean_custom_logo_mobile_max_height":0,"ocean_header_custom_menu":"","ocean_menu_typo_font_family":"","ocean_menu_typo_font_subset":"","ocean_menu_typo_font_size":0,"ocean_menu_typo_font_size_tablet":0,"ocean_menu_typo_font_size_mobile":0,"ocean_menu_typo_font_size_unit":"px","ocean_menu_typo_font_weight":"","ocean_menu_typo_font_weight_tablet":"","ocean_menu_typo_font_weight_mobile":"","ocean_menu_typo_transform":"","ocean_menu_typo_transform_tablet":"","ocean_menu_typo_transform_mobile":"","ocean_menu_typo_line_height":0,"ocean_menu_typo_line_height_tablet":0,"ocean_menu_typo_line_height_mobile":0,"ocean_menu_typo_line_height_unit":"","ocean_menu_typo_spacing":0,"ocean_menu_typo_spacing_tablet":0,"ocean_menu_typo_spacing_mobile":0,"ocean_menu_typo_spacing_unit":"","ocean_menu_link_color":"","ocean_menu_link_color_hover":"","ocean_menu_link_color_active":"","ocean_menu_link_background":"","ocean_menu_link_hover_background":"","ocean_menu_link_active_background":"","ocean_menu_social_links_bg":"","ocean_menu_social_hover_links_bg":"","ocean_menu_social_links_color":"","ocean_menu_social_hover_links_color":"","ocean_disable_title":"default","ocean_disable_heading":"default","ocean_post_title":"","ocean_post_subheading":"","ocean_post_title_style":"","ocean_post_title_background_color":"","ocean_post_title_background":0,"ocean_post_title_bg_image_position":"","ocean_post_title_bg_image_attachment":"","ocean_post_title_bg_image_repeat":"","ocean_post_title_bg_image_size":"","ocean_post_title_height":0,"ocean_post_title_bg_overlay":0.5,"ocean_post_title_bg_overlay_color":"","ocean_disable_breadcrumbs":"default","ocean_breadcrumbs_color":"","ocean_breadcrumbs_separator_color":"","ocean_breadcrumbs_links_color":"","ocean_breadcrumbs_links_hover_color":"","ocean_display_footer_widgets":"default","ocean_display_footer_bottom":"default","ocean_custom_footer_template":"","ocean_post_oembed":"","ocean_post_self_hosted_media":"","ocean_post_video_embed":"","ocean_link_format":"","ocean_link_format_target":"self","ocean_quote_format":"","ocean_quote_format_link":"post","ocean_gallery_link_images":"on","ocean_gallery_id":[],"footnotes":""},"categories":[1],"tags":[],"class_list":["post-10791","post","type-post","status-publish","format-standard","has-post-thumbnail","hentry","category-sin-categorizar","entry","has-media"],"acf":[],"yoast_head":"<!-- This site is optimized with the Yoast SEO plugin v27.3 - https:\/\/yoast.com\/product\/yoast-seo-wordpress\/ -->\n<title>Edificis d\u2019habitatges per a tothom: Una crida a la inclusi\u00f3 i l\u2019accessibilitat en el Dia de la Discapacitat - Fundaci\u00f3n Mutua de Propietarios<\/title>\n<meta name=\"robots\" content=\"index, follow, max-snippet:-1, max-image-preview:large, max-video-preview:-1\" \/>\n<link rel=\"canonical\" href=\"https:\/\/www.fundacionmdp.org\/edificios-de-viviendas-para-todos-una-llamada-a-la-inclusion-y-la-accesibilidad-en-el-dia-de-la-discapacidad\/\" \/>\n<meta property=\"og:locale\" content=\"ca_ES\" \/>\n<meta property=\"og:type\" content=\"article\" \/>\n<meta property=\"og:title\" content=\"Edificis d\u2019habitatges per a tothom: Una crida a la inclusi\u00f3 i l\u2019accessibilitat en el Dia de la Discapacitat - Fundaci\u00f3n Mutua de Propietarios\" \/>\n<meta property=\"og:description\" content=\"La nostra societat est\u00e0 cada vegada m\u00e9s conscienciada amb la necessitat de crear un m\u00f3n m\u00e9s inclusiu i conscient de l&#8217;enorme diversitat de cadascun de nosaltres. La igualtat passa tamb\u00e9 per fer accessibles els espais a tots els tipus de necessitats diferents. Per aix\u00f2, el Dia Internacional de la Discapacitat \u00e9s el moment ideal per [&hellip;]\" \/>\n<meta property=\"og:url\" content=\"https:\/\/www.fundacionmdp.org\/edificios-de-viviendas-para-todos-una-llamada-a-la-inclusion-y-la-accesibilidad-en-el-dia-de-la-discapacidad\/\" \/>\n<meta property=\"og:site_name\" content=\"Fundaci\u00f3n Mutua de Propietarios\" \/>\n<meta property=\"article:published_time\" content=\"2024-12-02T05:00:52+00:00\" \/>\n<meta property=\"og:image\" content=\"https:\/\/www.fundacionmdp.org\/wp-content\/uploads\/2024\/11\/Silla-1.png\" \/>\n\t<meta property=\"og:image:width\" content=\"325\" \/>\n\t<meta property=\"og:image:height\" content=\"540\" \/>\n\t<meta property=\"og:image:type\" content=\"image\/png\" \/>\n<meta name=\"author\" content=\"fundacionmdp\" \/>\n<meta name=\"twitter:card\" content=\"summary_large_image\" \/>\n<meta name=\"twitter:label1\" content=\"Escrit per\" \/>\n\t<meta name=\"twitter:data1\" content=\"fundacionmdp\" \/>\n\t<meta name=\"twitter:label2\" content=\"Temps estimat de lectura\" \/>\n\t<meta name=\"twitter:data2\" content=\"5 minuts\" \/>\n<script type=\"application\/ld+json\" class=\"yoast-schema-graph\">{\"@context\":\"https:\\\/\\\/schema.org\",\"@graph\":[{\"@type\":\"Article\",\"@id\":\"https:\\\/\\\/www.fundacionmdp.org\\\/edificios-de-viviendas-para-todos-una-llamada-a-la-inclusion-y-la-accesibilidad-en-el-dia-de-la-discapacidad\\\/#article\",\"isPartOf\":{\"@id\":\"https:\\\/\\\/www.fundacionmdp.org\\\/edificios-de-viviendas-para-todos-una-llamada-a-la-inclusion-y-la-accesibilidad-en-el-dia-de-la-discapacidad\\\/\"},\"author\":{\"name\":\"fundacionmdp\",\"@id\":\"https:\\\/\\\/www.fundacionmdp.org\\\/#\\\/schema\\\/person\\\/12f9af801cac25dfcb5a96cb0090f703\"},\"headline\":\"Edificis d\u2019habitatges per a tothom: Una crida a la inclusi\u00f3 i l\u2019accessibilitat en el Dia de la Discapacitat\",\"datePublished\":\"2024-12-02T05:00:52+00:00\",\"mainEntityOfPage\":{\"@id\":\"https:\\\/\\\/www.fundacionmdp.org\\\/edificios-de-viviendas-para-todos-una-llamada-a-la-inclusion-y-la-accesibilidad-en-el-dia-de-la-discapacidad\\\/\"},\"wordCount\":1097,\"commentCount\":0,\"publisher\":{\"@id\":\"https:\\\/\\\/www.fundacionmdp.org\\\/#organization\"},\"image\":{\"@id\":\"https:\\\/\\\/www.fundacionmdp.org\\\/edificios-de-viviendas-para-todos-una-llamada-a-la-inclusion-y-la-accesibilidad-en-el-dia-de-la-discapacidad\\\/#primaryimage\"},\"thumbnailUrl\":\"https:\\\/\\\/www.fundacionmdp.org\\\/wp-content\\\/uploads\\\/2024\\\/11\\\/Silla-1.png\",\"articleSection\":[\"Sin categorizar\"],\"inLanguage\":\"ca\",\"potentialAction\":[{\"@type\":\"CommentAction\",\"name\":\"Comment\",\"target\":[\"https:\\\/\\\/www.fundacionmdp.org\\\/edificios-de-viviendas-para-todos-una-llamada-a-la-inclusion-y-la-accesibilidad-en-el-dia-de-la-discapacidad\\\/#respond\"]}]},{\"@type\":\"WebPage\",\"@id\":\"https:\\\/\\\/www.fundacionmdp.org\\\/edificios-de-viviendas-para-todos-una-llamada-a-la-inclusion-y-la-accesibilidad-en-el-dia-de-la-discapacidad\\\/\",\"url\":\"https:\\\/\\\/www.fundacionmdp.org\\\/edificios-de-viviendas-para-todos-una-llamada-a-la-inclusion-y-la-accesibilidad-en-el-dia-de-la-discapacidad\\\/\",\"name\":\"Edificis d\u2019habitatges per a tothom: Una crida a la inclusi\u00f3 i l\u2019accessibilitat en el Dia de la Discapacitat - Fundaci\u00f3n Mutua de Propietarios\",\"isPartOf\":{\"@id\":\"https:\\\/\\\/www.fundacionmdp.org\\\/#website\"},\"primaryImageOfPage\":{\"@id\":\"https:\\\/\\\/www.fundacionmdp.org\\\/edificios-de-viviendas-para-todos-una-llamada-a-la-inclusion-y-la-accesibilidad-en-el-dia-de-la-discapacidad\\\/#primaryimage\"},\"image\":{\"@id\":\"https:\\\/\\\/www.fundacionmdp.org\\\/edificios-de-viviendas-para-todos-una-llamada-a-la-inclusion-y-la-accesibilidad-en-el-dia-de-la-discapacidad\\\/#primaryimage\"},\"thumbnailUrl\":\"https:\\\/\\\/www.fundacionmdp.org\\\/wp-content\\\/uploads\\\/2024\\\/11\\\/Silla-1.png\",\"datePublished\":\"2024-12-02T05:00:52+00:00\",\"breadcrumb\":{\"@id\":\"https:\\\/\\\/www.fundacionmdp.org\\\/edificios-de-viviendas-para-todos-una-llamada-a-la-inclusion-y-la-accesibilidad-en-el-dia-de-la-discapacidad\\\/#breadcrumb\"},\"inLanguage\":\"ca\",\"potentialAction\":[{\"@type\":\"ReadAction\",\"target\":[\"https:\\\/\\\/www.fundacionmdp.org\\\/edificios-de-viviendas-para-todos-una-llamada-a-la-inclusion-y-la-accesibilidad-en-el-dia-de-la-discapacidad\\\/\"]}]},{\"@type\":\"ImageObject\",\"inLanguage\":\"ca\",\"@id\":\"https:\\\/\\\/www.fundacionmdp.org\\\/edificios-de-viviendas-para-todos-una-llamada-a-la-inclusion-y-la-accesibilidad-en-el-dia-de-la-discapacidad\\\/#primaryimage\",\"url\":\"https:\\\/\\\/www.fundacionmdp.org\\\/wp-content\\\/uploads\\\/2024\\\/11\\\/Silla-1.png\",\"contentUrl\":\"https:\\\/\\\/www.fundacionmdp.org\\\/wp-content\\\/uploads\\\/2024\\\/11\\\/Silla-1.png\",\"width\":325,\"height\":540},{\"@type\":\"BreadcrumbList\",\"@id\":\"https:\\\/\\\/www.fundacionmdp.org\\\/edificios-de-viviendas-para-todos-una-llamada-a-la-inclusion-y-la-accesibilidad-en-el-dia-de-la-discapacidad\\\/#breadcrumb\",\"itemListElement\":[{\"@type\":\"ListItem\",\"position\":1,\"name\":\"Home\",\"item\":\"https:\\\/\\\/www.fundacionmdp.org\\\/ca\\\/\"},{\"@type\":\"ListItem\",\"position\":2,\"name\":\"Edificis d\u2019habitatges per a tothom: Una crida a la inclusi\u00f3 i l\u2019accessibilitat en el Dia de la Discapacitat\"}]},{\"@type\":\"WebSite\",\"@id\":\"https:\\\/\\\/www.fundacionmdp.org\\\/#website\",\"url\":\"https:\\\/\\\/www.fundacionmdp.org\\\/\",\"name\":\"Fundaci\u00f3n Mutua de Propietarios\",\"description\":\"En la Fundaci\u00f3n Mutua de Propietarios te ayudamos a convertir tu edificio de viviendas en un espacio sin barreras arquitect\u00f3nicas.\",\"publisher\":{\"@id\":\"https:\\\/\\\/www.fundacionmdp.org\\\/#organization\"},\"potentialAction\":[{\"@type\":\"SearchAction\",\"target\":{\"@type\":\"EntryPoint\",\"urlTemplate\":\"https:\\\/\\\/www.fundacionmdp.org\\\/?s={search_term_string}\"},\"query-input\":{\"@type\":\"PropertyValueSpecification\",\"valueRequired\":true,\"valueName\":\"search_term_string\"}}],\"inLanguage\":\"ca\"},{\"@type\":\"Organization\",\"@id\":\"https:\\\/\\\/www.fundacionmdp.org\\\/#organization\",\"name\":\"Fundaci\u00f3n Mutua de Propietarios\",\"url\":\"https:\\\/\\\/www.fundacionmdp.org\\\/\",\"logo\":{\"@type\":\"ImageObject\",\"inLanguage\":\"ca\",\"@id\":\"https:\\\/\\\/www.fundacionmdp.org\\\/#\\\/schema\\\/logo\\\/image\\\/\",\"url\":\"https:\\\/\\\/www.fundacionmdp.org\\\/wp-content\\\/uploads\\\/2023\\\/05\\\/logo_FMdP_cat.png\",\"contentUrl\":\"https:\\\/\\\/www.fundacionmdp.org\\\/wp-content\\\/uploads\\\/2023\\\/05\\\/logo_FMdP_cat.png\",\"width\":655,\"height\":297,\"caption\":\"Fundaci\u00f3n Mutua de Propietarios\"},\"image\":{\"@id\":\"https:\\\/\\\/www.fundacionmdp.org\\\/#\\\/schema\\\/logo\\\/image\\\/\"}},{\"@type\":\"Person\",\"@id\":\"https:\\\/\\\/www.fundacionmdp.org\\\/#\\\/schema\\\/person\\\/12f9af801cac25dfcb5a96cb0090f703\",\"name\":\"fundacionmdp\",\"image\":{\"@type\":\"ImageObject\",\"inLanguage\":\"ca\",\"@id\":\"https:\\\/\\\/secure.gravatar.com\\\/avatar\\\/b540f93d1816a14d85e51109d050c3243b98fb660a665f517a6d2597cff3bbed?s=96&d=mm&r=g\",\"url\":\"https:\\\/\\\/secure.gravatar.com\\\/avatar\\\/b540f93d1816a14d85e51109d050c3243b98fb660a665f517a6d2597cff3bbed?s=96&d=mm&r=g\",\"contentUrl\":\"https:\\\/\\\/secure.gravatar.com\\\/avatar\\\/b540f93d1816a14d85e51109d050c3243b98fb660a665f517a6d2597cff3bbed?s=96&d=mm&r=g\",\"caption\":\"fundacionmdp\"},\"sameAs\":[\"http:\\\/\\\/prezuk.com.mialias.net\\\/fundacionmdp\"],\"url\":\"https:\\\/\\\/www.fundacionmdp.org\\\/ca\\\/author\\\/fundacionmdp\\\/\"}]}<\/script>\n<!-- \/ Yoast SEO plugin. -->","yoast_head_json":{"title":"Edificis d\u2019habitatges per a tothom: Una crida a la inclusi\u00f3 i l\u2019accessibilitat en el Dia de la Discapacitat - Fundaci\u00f3n Mutua de Propietarios","robots":{"index":"index","follow":"follow","max-snippet":"max-snippet:-1","max-image-preview":"max-image-preview:large","max-video-preview":"max-video-preview:-1"},"canonical":"https:\/\/www.fundacionmdp.org\/edificios-de-viviendas-para-todos-una-llamada-a-la-inclusion-y-la-accesibilidad-en-el-dia-de-la-discapacidad\/","og_locale":"ca_ES","og_type":"article","og_title":"Edificis d\u2019habitatges per a tothom: Una crida a la inclusi\u00f3 i l\u2019accessibilitat en el Dia de la Discapacitat - Fundaci\u00f3n Mutua de Propietarios","og_description":"La nostra societat est\u00e0 cada vegada m\u00e9s conscienciada amb la necessitat de crear un m\u00f3n m\u00e9s inclusiu i conscient de l&#8217;enorme diversitat de cadascun de nosaltres. La igualtat passa tamb\u00e9 per fer accessibles els espais a tots els tipus de necessitats diferents. Per aix\u00f2, el Dia Internacional de la Discapacitat \u00e9s el moment ideal per [&hellip;]","og_url":"https:\/\/www.fundacionmdp.org\/edificios-de-viviendas-para-todos-una-llamada-a-la-inclusion-y-la-accesibilidad-en-el-dia-de-la-discapacidad\/","og_site_name":"Fundaci\u00f3n Mutua de Propietarios","article_published_time":"2024-12-02T05:00:52+00:00","og_image":[{"width":325,"height":540,"url":"https:\/\/www.fundacionmdp.org\/wp-content\/uploads\/2024\/11\/Silla-1.png","type":"image\/png"}],"author":"fundacionmdp","twitter_card":"summary_large_image","twitter_misc":{"Escrit per":"fundacionmdp","Temps estimat de lectura":"5 minuts"},"schema":{"@context":"https:\/\/schema.org","@graph":[{"@type":"Article","@id":"https:\/\/www.fundacionmdp.org\/edificios-de-viviendas-para-todos-una-llamada-a-la-inclusion-y-la-accesibilidad-en-el-dia-de-la-discapacidad\/#article","isPartOf":{"@id":"https:\/\/www.fundacionmdp.org\/edificios-de-viviendas-para-todos-una-llamada-a-la-inclusion-y-la-accesibilidad-en-el-dia-de-la-discapacidad\/"},"author":{"name":"fundacionmdp","@id":"https:\/\/www.fundacionmdp.org\/#\/schema\/person\/12f9af801cac25dfcb5a96cb0090f703"},"headline":"Edificis d\u2019habitatges per a tothom: Una crida a la inclusi\u00f3 i l\u2019accessibilitat en el Dia de la Discapacitat","datePublished":"2024-12-02T05:00:52+00:00","mainEntityOfPage":{"@id":"https:\/\/www.fundacionmdp.org\/edificios-de-viviendas-para-todos-una-llamada-a-la-inclusion-y-la-accesibilidad-en-el-dia-de-la-discapacidad\/"},"wordCount":1097,"commentCount":0,"publisher":{"@id":"https:\/\/www.fundacionmdp.org\/#organization"},"image":{"@id":"https:\/\/www.fundacionmdp.org\/edificios-de-viviendas-para-todos-una-llamada-a-la-inclusion-y-la-accesibilidad-en-el-dia-de-la-discapacidad\/#primaryimage"},"thumbnailUrl":"https:\/\/www.fundacionmdp.org\/wp-content\/uploads\/2024\/11\/Silla-1.png","articleSection":["Sin categorizar"],"inLanguage":"ca","potentialAction":[{"@type":"CommentAction","name":"Comment","target":["https:\/\/www.fundacionmdp.org\/edificios-de-viviendas-para-todos-una-llamada-a-la-inclusion-y-la-accesibilidad-en-el-dia-de-la-discapacidad\/#respond"]}]},{"@type":"WebPage","@id":"https:\/\/www.fundacionmdp.org\/edificios-de-viviendas-para-todos-una-llamada-a-la-inclusion-y-la-accesibilidad-en-el-dia-de-la-discapacidad\/","url":"https:\/\/www.fundacionmdp.org\/edificios-de-viviendas-para-todos-una-llamada-a-la-inclusion-y-la-accesibilidad-en-el-dia-de-la-discapacidad\/","name":"Edificis d\u2019habitatges per a tothom: Una crida a la inclusi\u00f3 i l\u2019accessibilitat en el Dia de la Discapacitat - Fundaci\u00f3n Mutua de Propietarios","isPartOf":{"@id":"https:\/\/www.fundacionmdp.org\/#website"},"primaryImageOfPage":{"@id":"https:\/\/www.fundacionmdp.org\/edificios-de-viviendas-para-todos-una-llamada-a-la-inclusion-y-la-accesibilidad-en-el-dia-de-la-discapacidad\/#primaryimage"},"image":{"@id":"https:\/\/www.fundacionmdp.org\/edificios-de-viviendas-para-todos-una-llamada-a-la-inclusion-y-la-accesibilidad-en-el-dia-de-la-discapacidad\/#primaryimage"},"thumbnailUrl":"https:\/\/www.fundacionmdp.org\/wp-content\/uploads\/2024\/11\/Silla-1.png","datePublished":"2024-12-02T05:00:52+00:00","breadcrumb":{"@id":"https:\/\/www.fundacionmdp.org\/edificios-de-viviendas-para-todos-una-llamada-a-la-inclusion-y-la-accesibilidad-en-el-dia-de-la-discapacidad\/#breadcrumb"},"inLanguage":"ca","potentialAction":[{"@type":"ReadAction","target":["https:\/\/www.fundacionmdp.org\/edificios-de-viviendas-para-todos-una-llamada-a-la-inclusion-y-la-accesibilidad-en-el-dia-de-la-discapacidad\/"]}]},{"@type":"ImageObject","inLanguage":"ca","@id":"https:\/\/www.fundacionmdp.org\/edificios-de-viviendas-para-todos-una-llamada-a-la-inclusion-y-la-accesibilidad-en-el-dia-de-la-discapacidad\/#primaryimage","url":"https:\/\/www.fundacionmdp.org\/wp-content\/uploads\/2024\/11\/Silla-1.png","contentUrl":"https:\/\/www.fundacionmdp.org\/wp-content\/uploads\/2024\/11\/Silla-1.png","width":325,"height":540},{"@type":"BreadcrumbList","@id":"https:\/\/www.fundacionmdp.org\/edificios-de-viviendas-para-todos-una-llamada-a-la-inclusion-y-la-accesibilidad-en-el-dia-de-la-discapacidad\/#breadcrumb","itemListElement":[{"@type":"ListItem","position":1,"name":"Home","item":"https:\/\/www.fundacionmdp.org\/ca\/"},{"@type":"ListItem","position":2,"name":"Edificis d\u2019habitatges per a tothom: Una crida a la inclusi\u00f3 i l\u2019accessibilitat en el Dia de la Discapacitat"}]},{"@type":"WebSite","@id":"https:\/\/www.fundacionmdp.org\/#website","url":"https:\/\/www.fundacionmdp.org\/","name":"Fundaci\u00f3n Mutua de Propietarios","description":"En la Fundaci\u00f3n Mutua de Propietarios te ayudamos a convertir tu edificio de viviendas en un espacio sin barreras arquitect\u00f3nicas.","publisher":{"@id":"https:\/\/www.fundacionmdp.org\/#organization"},"potentialAction":[{"@type":"SearchAction","target":{"@type":"EntryPoint","urlTemplate":"https:\/\/www.fundacionmdp.org\/?s={search_term_string}"},"query-input":{"@type":"PropertyValueSpecification","valueRequired":true,"valueName":"search_term_string"}}],"inLanguage":"ca"},{"@type":"Organization","@id":"https:\/\/www.fundacionmdp.org\/#organization","name":"Fundaci\u00f3n Mutua de Propietarios","url":"https:\/\/www.fundacionmdp.org\/","logo":{"@type":"ImageObject","inLanguage":"ca","@id":"https:\/\/www.fundacionmdp.org\/#\/schema\/logo\/image\/","url":"https:\/\/www.fundacionmdp.org\/wp-content\/uploads\/2023\/05\/logo_FMdP_cat.png","contentUrl":"https:\/\/www.fundacionmdp.org\/wp-content\/uploads\/2023\/05\/logo_FMdP_cat.png","width":655,"height":297,"caption":"Fundaci\u00f3n Mutua de Propietarios"},"image":{"@id":"https:\/\/www.fundacionmdp.org\/#\/schema\/logo\/image\/"}},{"@type":"Person","@id":"https:\/\/www.fundacionmdp.org\/#\/schema\/person\/12f9af801cac25dfcb5a96cb0090f703","name":"fundacionmdp","image":{"@type":"ImageObject","inLanguage":"ca","@id":"https:\/\/secure.gravatar.com\/avatar\/b540f93d1816a14d85e51109d050c3243b98fb660a665f517a6d2597cff3bbed?s=96&d=mm&r=g","url":"https:\/\/secure.gravatar.com\/avatar\/b540f93d1816a14d85e51109d050c3243b98fb660a665f517a6d2597cff3bbed?s=96&d=mm&r=g","contentUrl":"https:\/\/secure.gravatar.com\/avatar\/b540f93d1816a14d85e51109d050c3243b98fb660a665f517a6d2597cff3bbed?s=96&d=mm&r=g","caption":"fundacionmdp"},"sameAs":["http:\/\/prezuk.com.mialias.net\/fundacionmdp"],"url":"https:\/\/www.fundacionmdp.org\/ca\/author\/fundacionmdp\/"}]}},"_links":{"self":[{"href":"https:\/\/www.fundacionmdp.org\/ca\/wp-json\/wp\/v2\/posts\/10791","targetHints":{"allow":["GET"]}}],"collection":[{"href":"https:\/\/www.fundacionmdp.org\/ca\/wp-json\/wp\/v2\/posts"}],"about":[{"href":"https:\/\/www.fundacionmdp.org\/ca\/wp-json\/wp\/v2\/types\/post"}],"author":[{"embeddable":true,"href":"https:\/\/www.fundacionmdp.org\/ca\/wp-json\/wp\/v2\/users\/1"}],"replies":[{"embeddable":true,"href":"https:\/\/www.fundacionmdp.org\/ca\/wp-json\/wp\/v2\/comments?post=10791"}],"version-history":[{"count":4,"href":"https:\/\/www.fundacionmdp.org\/ca\/wp-json\/wp\/v2\/posts\/10791\/revisions"}],"predecessor-version":[{"id":10795,"href":"https:\/\/www.fundacionmdp.org\/ca\/wp-json\/wp\/v2\/posts\/10791\/revisions\/10795"}],"wp:featuredmedia":[{"embeddable":true,"href":"https:\/\/www.fundacionmdp.org\/ca\/wp-json\/wp\/v2\/media\/10786"}],"wp:attachment":[{"href":"https:\/\/www.fundacionmdp.org\/ca\/wp-json\/wp\/v2\/media?parent=10791"}],"wp:term":[{"taxonomy":"category","embeddable":true,"href":"https:\/\/www.fundacionmdp.org\/ca\/wp-json\/wp\/v2\/categories?post=10791"},{"taxonomy":"post_tag","embeddable":true,"href":"https:\/\/www.fundacionmdp.org\/ca\/wp-json\/wp\/v2\/tags?post=10791"}],"curies":[{"name":"wp","href":"https:\/\/api.w.org\/{rel}","templated":true}]}}