{"id":10822,"date":"2024-12-02T11:23:44","date_gmt":"2024-12-02T09:23:44","guid":{"rendered":"https:\/\/www.fundacionmdp.org\/?p=10822"},"modified":"2024-12-02T11:23:57","modified_gmt":"2024-12-02T09:23:57","slug":"el-84-dels-catalans-veu-necessaria-mes-sensibilitzacio-sobre-les-dificultats-de-les-persones-amb-mobilitat-reduida","status":"publish","type":"post","link":"https:\/\/www.fundacionmdp.org\/ca\/el-84-dels-catalans-veu-necessaria-mes-sensibilitzacio-sobre-les-dificultats-de-les-persones-amb-mobilitat-reduida\/","title":{"rendered":"EL 84% DELS CATALANS VEU NECESS\u00c0RIA M\u00c9S SENSIBILITZACI\u00d3 SOBRE LES DIFICULTATS DE LES PERSONES AMB MOBILITAT REDU\u00cfDA"},"content":{"rendered":"\n<p><strong>Fer esport (74%), dur a terme tasques quotidianes (67%) o sortir de l&#8217;habitatge al carrer (51%) s\u00f3n algunes de les barreres que afronten les persones amb mobilitat redu\u00efda en el seu dia a dia<\/strong><\/p>\n\n\n\n<p>El 84% dels catalans creu que \u00e9s necessari intensificar les tasques de conscienciaci\u00f3 sobre les dificultats de les persones amb mobilitat redu\u00efda, i nom\u00e9s un 36% reconeix que el seu entorn est\u00e0 sensibilitzat, d&#8217;acord amb l&#8217;estudi \u2018La Veu de l&#8217;Accessibilitat\u2019, elaborat per la Fundaci\u00f3 Mutua de Propietarios per a con\u00e8ixer el dia a dia de les m\u00e9s de 340 mil persones que pateixen aquesta discapacitat a Catalunya.<\/p>\n\n\n\n<p>\u201cAconseguir una societat m\u00e9s inclusiva i accessible \u00e9s una responsabilitat compartida que ens afectada a tots\u201d, explica Cristina Pall\u00e0s, directora de la Fundaci\u00f3 Mutua de Propietarios. \u201cEncara queda un llarg cam\u00ed per a rec\u00f3rrer per a aconseguir-ho, per\u00f2 ser conscients d&#8217;aquesta realitat \u00e9s un primer pas per a aconseguir la independ\u00e8ncia i la vida plena del col\u00b7lectiu de les persones amb mobilitat redu\u00efda\u201d.<\/p>\n\n\n\n<p>Encara que els nivells de conscienciaci\u00f3 varien entre les diferents prov\u00edncies -solament un quart dels&nbsp;tarragonins&nbsp;considera la gent del seu entorn tenen en compte aquesta situaci\u00f3, mentre que, a Girona i Barcelona, la xifra augmenta fins a gaireb\u00e9 un 40% de la poblaci\u00f3-, els catalans suspenen en sensibilitzaci\u00f3 amb un 3,9 sobre 10, una nota m\u00e9s baixa si es pregunta als qui sofreixen aquesta problem\u00e0tica (3,8).<\/p>\n\n\n\n<p>Aix\u00ed mateix, l&#8217;estudi posa en relleu una significativa desconnexi\u00f3 social respecte a les necessitats d&#8217;aquest col\u00b7lectiu. Un de cada dos catalans assegura que no coneix a ning\u00fa amb mobilitat redu\u00efda, per la qual cosa no \u00e9s conscient de les barreres que afronten per a fer tasques tan comuns com fer esport (74%), dur a terme tasques quotidianes (67%), fer la compra (64%) o sortir de l&#8217;habitatge al carrer (51%). \u201cAquesta falta de contacte directe acaba per limitar l&#8217;empatia i la comprensi\u00f3 de les necessitats de les persones amb aquesta discapacitat, fent que sentin que no estan sent escoltades per la societat\u201d, destaca Cristina Pall\u00e0s, directora de la Fundaci\u00f3 Mutua de Propietarios.<\/p>\n\n\n\n<p><strong><em>Una situaci\u00f3 m\u00e9s com\u00fa del que sembla<\/em><\/strong><\/p>\n\n\n<div class=\"wp-block-image\">\n<figure class=\"alignright size-full is-resized\"><img fetchpriority=\"high\" decoding=\"async\" width=\"497\" height=\"301\" src=\"https:\/\/www.fundacionmdp.org\/wp-content\/uploads\/2024\/12\/Imagen2-cAT.png\" alt=\"\" class=\"wp-image-10824\" style=\"width:452px\" srcset=\"https:\/\/www.fundacionmdp.org\/wp-content\/uploads\/2024\/12\/Imagen2-cAT.png 497w, https:\/\/www.fundacionmdp.org\/wp-content\/uploads\/2024\/12\/Imagen2-cAT-300x182.png 300w\" sizes=\"(max-width: 497px) 100vw, 497px\" \/><\/figure>\n<\/div>\n\n\n<p>Malgrat aquesta falta de conscienciaci\u00f3 general, viure el dia a dia de les persones amb limitaci\u00f3 de mobilitat resulta com\u00fa en algun moment de la vida. Si b\u00e9 un de cada dos catalans ha sofert alguna lesi\u00f3 que els ha fet experimentar de primera m\u00e0 aquest problema, la durada tendeix a ser relativament curta: entre un i tres mesos en el 16% dels casos, o fins i tot menor, entre 16 i 30 dies (13%).<\/p>\n\n\n\n<p>\u201cViure en primera persona aquesta realitat, encara que sigui per un curt per\u00edode de temps, hauria de convidar-nos a reflexionar i a actuar: L&#8217;accessibilitat no hauria de ser un luxe, sin\u00f3 una prioritat\u201d, conclou Cristina Pall\u00e0s.<\/p>\n","protected":false},"excerpt":{"rendered":"<p>Fer esport (74%), dur a terme tasques quotidianes (67%) o sortir de l&#8217;habitatge al carrer (51%) s\u00f3n algunes de les barreres que afronten les persones amb mobilitat redu\u00efda en el seu dia a dia El 84% dels catalans creu que \u00e9s necessari intensificar les tasques de conscienciaci\u00f3 sobre les dificultats de les persones amb mobilitat [&hellip;]<\/p>\n","protected":false},"author":29,"featured_media":10799,"comment_status":"open","ping_status":"open","sticky":false,"template":"","format":"standard","meta":{"_acf_changed":false,"ocean_post_layout":"","ocean_both_sidebars_style":"","ocean_both_sidebars_content_width":0,"ocean_both_sidebars_sidebars_width":0,"ocean_sidebar":"","ocean_second_sidebar":"","ocean_disable_margins":"enable","ocean_add_body_class":"","ocean_shortcode_before_top_bar":"","ocean_shortcode_after_top_bar":"","ocean_shortcode_before_header":"","ocean_shortcode_after_header":"","ocean_has_shortcode":"","ocean_shortcode_after_title":"","ocean_shortcode_before_footer_widgets":"","ocean_shortcode_after_footer_widgets":"","ocean_shortcode_before_footer_bottom":"","ocean_shortcode_after_footer_bottom":"","ocean_display_top_bar":"default","ocean_display_header":"default","ocean_header_style":"","ocean_center_header_left_menu":"","ocean_custom_header_template":"","ocean_custom_logo":0,"ocean_custom_retina_logo":0,"ocean_custom_logo_max_width":0,"ocean_custom_logo_tablet_max_width":0,"ocean_custom_logo_mobile_max_width":0,"ocean_custom_logo_max_height":0,"ocean_custom_logo_tablet_max_height":0,"ocean_custom_logo_mobile_max_height":0,"ocean_header_custom_menu":"","ocean_menu_typo_font_family":"","ocean_menu_typo_font_subset":"","ocean_menu_typo_font_size":0,"ocean_menu_typo_font_size_tablet":0,"ocean_menu_typo_font_size_mobile":0,"ocean_menu_typo_font_size_unit":"px","ocean_menu_typo_font_weight":"","ocean_menu_typo_font_weight_tablet":"","ocean_menu_typo_font_weight_mobile":"","ocean_menu_typo_transform":"","ocean_menu_typo_transform_tablet":"","ocean_menu_typo_transform_mobile":"","ocean_menu_typo_line_height":0,"ocean_menu_typo_line_height_tablet":0,"ocean_menu_typo_line_height_mobile":0,"ocean_menu_typo_line_height_unit":"","ocean_menu_typo_spacing":0,"ocean_menu_typo_spacing_tablet":0,"ocean_menu_typo_spacing_mobile":0,"ocean_menu_typo_spacing_unit":"","ocean_menu_link_color":"","ocean_menu_link_color_hover":"","ocean_menu_link_color_active":"","ocean_menu_link_background":"","ocean_menu_link_hover_background":"","ocean_menu_link_active_background":"","ocean_menu_social_links_bg":"","ocean_menu_social_hover_links_bg":"","ocean_menu_social_links_color":"","ocean_menu_social_hover_links_color":"","ocean_disable_title":"default","ocean_disable_heading":"default","ocean_post_title":"","ocean_post_subheading":"","ocean_post_title_style":"","ocean_post_title_background_color":"","ocean_post_title_background":0,"ocean_post_title_bg_image_position":"","ocean_post_title_bg_image_attachment":"","ocean_post_title_bg_image_repeat":"","ocean_post_title_bg_image_size":"","ocean_post_title_height":0,"ocean_post_title_bg_overlay":0.5,"ocean_post_title_bg_overlay_color":"","ocean_disable_breadcrumbs":"default","ocean_breadcrumbs_color":"","ocean_breadcrumbs_separator_color":"","ocean_breadcrumbs_links_color":"","ocean_breadcrumbs_links_hover_color":"","ocean_display_footer_widgets":"default","ocean_display_footer_bottom":"default","ocean_custom_footer_template":"","ocean_post_oembed":"","ocean_post_self_hosted_media":"","ocean_post_video_embed":"","ocean_link_format":"","ocean_link_format_target":"self","ocean_quote_format":"","ocean_quote_format_link":"post","ocean_gallery_link_images":"on","ocean_gallery_id":[],"footnotes":""},"categories":[1],"tags":[42,43,45],"class_list":["post-10822","post","type-post","status-publish","format-standard","has-post-thumbnail","hentry","category-sin-categorizar","tag-la-voz-de-la-accesibilidad-ca","tag-miriam-fernandez-ca","tag-ser-tu-voz-ca","entry","has-media"],"acf":[],"yoast_head":"<!-- This site is optimized with the Yoast SEO plugin v27.3 - https:\/\/yoast.com\/product\/yoast-seo-wordpress\/ -->\n<title>EL 84% DELS CATALANS VEU NECESS\u00c0RIA M\u00c9S SENSIBILITZACI\u00d3 SOBRE LES DIFICULTATS DE LES PERSONES AMB MOBILITAT REDU\u00cfDA - Fundaci\u00f3n Mutua de Propietarios<\/title>\n<meta name=\"robots\" content=\"index, follow, max-snippet:-1, max-image-preview:large, max-video-preview:-1\" \/>\n<link rel=\"canonical\" href=\"https:\/\/www.fundacionmdp.org\/el-82-de-los-espanoles-ve-necesaria-mas-sensibilizacion-sobre-las-dificultades-de-las-personas-con-movilidad-reducida\/\" \/>\n<meta property=\"og:locale\" content=\"ca_ES\" \/>\n<meta property=\"og:type\" content=\"article\" \/>\n<meta property=\"og:title\" content=\"EL 84% DELS CATALANS VEU NECESS\u00c0RIA M\u00c9S SENSIBILITZACI\u00d3 SOBRE LES DIFICULTATS DE LES PERSONES AMB MOBILITAT REDU\u00cfDA - Fundaci\u00f3n Mutua de Propietarios\" \/>\n<meta property=\"og:description\" content=\"Fer esport (74%), dur a terme tasques quotidianes (67%) o sortir de l&#8217;habitatge al carrer (51%) s\u00f3n algunes de les barreres que afronten les persones amb mobilitat redu\u00efda en el seu dia a dia El 84% dels catalans creu que \u00e9s necessari intensificar les tasques de conscienciaci\u00f3 sobre les dificultats de les persones amb mobilitat [&hellip;]\" \/>\n<meta property=\"og:url\" content=\"https:\/\/www.fundacionmdp.org\/el-82-de-los-espanoles-ve-necesaria-mas-sensibilizacion-sobre-las-dificultades-de-las-personas-con-movilidad-reducida\/\" \/>\n<meta property=\"og:site_name\" content=\"Fundaci\u00f3n Mutua de Propietarios\" \/>\n<meta property=\"article:published_time\" content=\"2024-12-02T09:23:44+00:00\" \/>\n<meta property=\"article:modified_time\" content=\"2024-12-02T09:23:57+00:00\" \/>\n<meta property=\"og:image\" content=\"https:\/\/www.fundacionmdp.org\/wp-content\/uploads\/2024\/12\/Dia-de-la-Discapacidad-1024x576.png\" \/>\n\t<meta property=\"og:image:width\" content=\"1024\" \/>\n\t<meta property=\"og:image:height\" content=\"576\" \/>\n\t<meta property=\"og:image:type\" content=\"image\/png\" \/>\n<meta name=\"author\" content=\"consultinglasker@gmail.com\" \/>\n<meta name=\"twitter:card\" content=\"summary_large_image\" \/>\n<meta name=\"twitter:label1\" content=\"Escrit per\" \/>\n\t<meta name=\"twitter:data1\" content=\"consultinglasker@gmail.com\" \/>\n\t<meta name=\"twitter:label2\" content=\"Temps estimat de lectura\" \/>\n\t<meta name=\"twitter:data2\" content=\"2 minuts\" \/>\n<script type=\"application\/ld+json\" class=\"yoast-schema-graph\">{\"@context\":\"https:\\\/\\\/schema.org\",\"@graph\":[{\"@type\":\"Article\",\"@id\":\"https:\\\/\\\/www.fundacionmdp.org\\\/el-82-de-los-espanoles-ve-necesaria-mas-sensibilizacion-sobre-las-dificultades-de-las-personas-con-movilidad-reducida\\\/#article\",\"isPartOf\":{\"@id\":\"https:\\\/\\\/www.fundacionmdp.org\\\/el-82-de-los-espanoles-ve-necesaria-mas-sensibilizacion-sobre-las-dificultades-de-las-personas-con-movilidad-reducida\\\/\"},\"author\":{\"name\":\"consultinglasker@gmail.com\",\"@id\":\"https:\\\/\\\/www.fundacionmdp.org\\\/#\\\/schema\\\/person\\\/0a0491f126b8cd8387f8f0da72129079\"},\"headline\":\"EL 84% DELS CATALANS VEU NECESS\u00c0RIA M\u00c9S SENSIBILITZACI\u00d3 SOBRE LES DIFICULTATS DE LES PERSONES AMB MOBILITAT REDU\u00cfDA\",\"datePublished\":\"2024-12-02T09:23:44+00:00\",\"dateModified\":\"2024-12-02T09:23:57+00:00\",\"mainEntityOfPage\":{\"@id\":\"https:\\\/\\\/www.fundacionmdp.org\\\/el-82-de-los-espanoles-ve-necesaria-mas-sensibilizacion-sobre-las-dificultades-de-las-personas-con-movilidad-reducida\\\/\"},\"wordCount\":495,\"commentCount\":0,\"publisher\":{\"@id\":\"https:\\\/\\\/www.fundacionmdp.org\\\/#organization\"},\"image\":{\"@id\":\"https:\\\/\\\/www.fundacionmdp.org\\\/el-82-de-los-espanoles-ve-necesaria-mas-sensibilizacion-sobre-las-dificultades-de-las-personas-con-movilidad-reducida\\\/#primaryimage\"},\"thumbnailUrl\":\"https:\\\/\\\/www.fundacionmdp.org\\\/wp-content\\\/uploads\\\/2024\\\/12\\\/Dia-de-la-Discapacidad.png\",\"keywords\":[\"La Voz de la Accesibilidad\",\"Miriam Fern\u00e1ndez\",\"Ser Tu Voz\"],\"articleSection\":[\"Sin categorizar\"],\"inLanguage\":\"ca\",\"potentialAction\":[{\"@type\":\"CommentAction\",\"name\":\"Comment\",\"target\":[\"https:\\\/\\\/www.fundacionmdp.org\\\/el-82-de-los-espanoles-ve-necesaria-mas-sensibilizacion-sobre-las-dificultades-de-las-personas-con-movilidad-reducida\\\/#respond\"]}]},{\"@type\":\"WebPage\",\"@id\":\"https:\\\/\\\/www.fundacionmdp.org\\\/el-82-de-los-espanoles-ve-necesaria-mas-sensibilizacion-sobre-las-dificultades-de-las-personas-con-movilidad-reducida\\\/\",\"url\":\"https:\\\/\\\/www.fundacionmdp.org\\\/el-82-de-los-espanoles-ve-necesaria-mas-sensibilizacion-sobre-las-dificultades-de-las-personas-con-movilidad-reducida\\\/\",\"name\":\"EL 84% DELS CATALANS VEU NECESS\u00c0RIA M\u00c9S SENSIBILITZACI\u00d3 SOBRE LES DIFICULTATS DE LES PERSONES AMB MOBILITAT REDU\u00cfDA - Fundaci\u00f3n Mutua de Propietarios\",\"isPartOf\":{\"@id\":\"https:\\\/\\\/www.fundacionmdp.org\\\/#website\"},\"primaryImageOfPage\":{\"@id\":\"https:\\\/\\\/www.fundacionmdp.org\\\/el-82-de-los-espanoles-ve-necesaria-mas-sensibilizacion-sobre-las-dificultades-de-las-personas-con-movilidad-reducida\\\/#primaryimage\"},\"image\":{\"@id\":\"https:\\\/\\\/www.fundacionmdp.org\\\/el-82-de-los-espanoles-ve-necesaria-mas-sensibilizacion-sobre-las-dificultades-de-las-personas-con-movilidad-reducida\\\/#primaryimage\"},\"thumbnailUrl\":\"https:\\\/\\\/www.fundacionmdp.org\\\/wp-content\\\/uploads\\\/2024\\\/12\\\/Dia-de-la-Discapacidad.png\",\"datePublished\":\"2024-12-02T09:23:44+00:00\",\"dateModified\":\"2024-12-02T09:23:57+00:00\",\"breadcrumb\":{\"@id\":\"https:\\\/\\\/www.fundacionmdp.org\\\/el-82-de-los-espanoles-ve-necesaria-mas-sensibilizacion-sobre-las-dificultades-de-las-personas-con-movilidad-reducida\\\/#breadcrumb\"},\"inLanguage\":\"ca\",\"potentialAction\":[{\"@type\":\"ReadAction\",\"target\":[\"https:\\\/\\\/www.fundacionmdp.org\\\/el-82-de-los-espanoles-ve-necesaria-mas-sensibilizacion-sobre-las-dificultades-de-las-personas-con-movilidad-reducida\\\/\"]}]},{\"@type\":\"ImageObject\",\"inLanguage\":\"ca\",\"@id\":\"https:\\\/\\\/www.fundacionmdp.org\\\/el-82-de-los-espanoles-ve-necesaria-mas-sensibilizacion-sobre-las-dificultades-de-las-personas-con-movilidad-reducida\\\/#primaryimage\",\"url\":\"https:\\\/\\\/www.fundacionmdp.org\\\/wp-content\\\/uploads\\\/2024\\\/12\\\/Dia-de-la-Discapacidad.png\",\"contentUrl\":\"https:\\\/\\\/www.fundacionmdp.org\\\/wp-content\\\/uploads\\\/2024\\\/12\\\/Dia-de-la-Discapacidad.png\",\"width\":2560,\"height\":1440},{\"@type\":\"BreadcrumbList\",\"@id\":\"https:\\\/\\\/www.fundacionmdp.org\\\/el-82-de-los-espanoles-ve-necesaria-mas-sensibilizacion-sobre-las-dificultades-de-las-personas-con-movilidad-reducida\\\/#breadcrumb\",\"itemListElement\":[{\"@type\":\"ListItem\",\"position\":1,\"name\":\"Home\",\"item\":\"https:\\\/\\\/www.fundacionmdp.org\\\/ca\\\/\"},{\"@type\":\"ListItem\",\"position\":2,\"name\":\"EL 84% DELS CATALANS VEU NECESS\u00c0RIA M\u00c9S SENSIBILITZACI\u00d3 SOBRE LES DIFICULTATS DE LES PERSONES AMB MOBILITAT REDU\u00cfDA\"}]},{\"@type\":\"WebSite\",\"@id\":\"https:\\\/\\\/www.fundacionmdp.org\\\/#website\",\"url\":\"https:\\\/\\\/www.fundacionmdp.org\\\/\",\"name\":\"Fundaci\u00f3n Mutua de Propietarios\",\"description\":\"En la Fundaci\u00f3n Mutua de Propietarios te ayudamos a convertir tu edificio de viviendas en un espacio sin barreras arquitect\u00f3nicas.\",\"publisher\":{\"@id\":\"https:\\\/\\\/www.fundacionmdp.org\\\/#organization\"},\"potentialAction\":[{\"@type\":\"SearchAction\",\"target\":{\"@type\":\"EntryPoint\",\"urlTemplate\":\"https:\\\/\\\/www.fundacionmdp.org\\\/?s={search_term_string}\"},\"query-input\":{\"@type\":\"PropertyValueSpecification\",\"valueRequired\":true,\"valueName\":\"search_term_string\"}}],\"inLanguage\":\"ca\"},{\"@type\":\"Organization\",\"@id\":\"https:\\\/\\\/www.fundacionmdp.org\\\/#organization\",\"name\":\"Fundaci\u00f3n Mutua de Propietarios\",\"url\":\"https:\\\/\\\/www.fundacionmdp.org\\\/\",\"logo\":{\"@type\":\"ImageObject\",\"inLanguage\":\"ca\",\"@id\":\"https:\\\/\\\/www.fundacionmdp.org\\\/#\\\/schema\\\/logo\\\/image\\\/\",\"url\":\"https:\\\/\\\/www.fundacionmdp.org\\\/wp-content\\\/uploads\\\/2023\\\/05\\\/logo_FMdP_cat.png\",\"contentUrl\":\"https:\\\/\\\/www.fundacionmdp.org\\\/wp-content\\\/uploads\\\/2023\\\/05\\\/logo_FMdP_cat.png\",\"width\":655,\"height\":297,\"caption\":\"Fundaci\u00f3n Mutua de Propietarios\"},\"image\":{\"@id\":\"https:\\\/\\\/www.fundacionmdp.org\\\/#\\\/schema\\\/logo\\\/image\\\/\"}},{\"@type\":\"Person\",\"@id\":\"https:\\\/\\\/www.fundacionmdp.org\\\/#\\\/schema\\\/person\\\/0a0491f126b8cd8387f8f0da72129079\",\"name\":\"consultinglasker@gmail.com\",\"image\":{\"@type\":\"ImageObject\",\"inLanguage\":\"ca\",\"@id\":\"https:\\\/\\\/secure.gravatar.com\\\/avatar\\\/7a939fbe5ab9abbba5f8a779e3054b4bee69cfadd53950db933d836ae1fc6281?s=96&d=mm&r=g\",\"url\":\"https:\\\/\\\/secure.gravatar.com\\\/avatar\\\/7a939fbe5ab9abbba5f8a779e3054b4bee69cfadd53950db933d836ae1fc6281?s=96&d=mm&r=g\",\"contentUrl\":\"https:\\\/\\\/secure.gravatar.com\\\/avatar\\\/7a939fbe5ab9abbba5f8a779e3054b4bee69cfadd53950db933d836ae1fc6281?s=96&d=mm&r=g\",\"caption\":\"consultinglasker@gmail.com\"},\"url\":\"https:\\\/\\\/www.fundacionmdp.org\\\/ca\\\/author\\\/consultinglaskergmail-com\\\/\"}]}<\/script>\n<!-- \/ Yoast SEO plugin. -->","yoast_head_json":{"title":"EL 84% DELS CATALANS VEU NECESS\u00c0RIA M\u00c9S SENSIBILITZACI\u00d3 SOBRE LES DIFICULTATS DE LES PERSONES AMB MOBILITAT REDU\u00cfDA - Fundaci\u00f3n Mutua de Propietarios","robots":{"index":"index","follow":"follow","max-snippet":"max-snippet:-1","max-image-preview":"max-image-preview:large","max-video-preview":"max-video-preview:-1"},"canonical":"https:\/\/www.fundacionmdp.org\/el-82-de-los-espanoles-ve-necesaria-mas-sensibilizacion-sobre-las-dificultades-de-las-personas-con-movilidad-reducida\/","og_locale":"ca_ES","og_type":"article","og_title":"EL 84% DELS CATALANS VEU NECESS\u00c0RIA M\u00c9S SENSIBILITZACI\u00d3 SOBRE LES DIFICULTATS DE LES PERSONES AMB MOBILITAT REDU\u00cfDA - Fundaci\u00f3n Mutua de Propietarios","og_description":"Fer esport (74%), dur a terme tasques quotidianes (67%) o sortir de l&#8217;habitatge al carrer (51%) s\u00f3n algunes de les barreres que afronten les persones amb mobilitat redu\u00efda en el seu dia a dia El 84% dels catalans creu que \u00e9s necessari intensificar les tasques de conscienciaci\u00f3 sobre les dificultats de les persones amb mobilitat [&hellip;]","og_url":"https:\/\/www.fundacionmdp.org\/el-82-de-los-espanoles-ve-necesaria-mas-sensibilizacion-sobre-las-dificultades-de-las-personas-con-movilidad-reducida\/","og_site_name":"Fundaci\u00f3n Mutua de Propietarios","article_published_time":"2024-12-02T09:23:44+00:00","article_modified_time":"2024-12-02T09:23:57+00:00","og_image":[{"width":1024,"height":576,"url":"https:\/\/www.fundacionmdp.org\/wp-content\/uploads\/2024\/12\/Dia-de-la-Discapacidad-1024x576.png","type":"image\/png"}],"author":"consultinglasker@gmail.com","twitter_card":"summary_large_image","twitter_misc":{"Escrit per":"consultinglasker@gmail.com","Temps estimat de lectura":"2 minuts"},"schema":{"@context":"https:\/\/schema.org","@graph":[{"@type":"Article","@id":"https:\/\/www.fundacionmdp.org\/el-82-de-los-espanoles-ve-necesaria-mas-sensibilizacion-sobre-las-dificultades-de-las-personas-con-movilidad-reducida\/#article","isPartOf":{"@id":"https:\/\/www.fundacionmdp.org\/el-82-de-los-espanoles-ve-necesaria-mas-sensibilizacion-sobre-las-dificultades-de-las-personas-con-movilidad-reducida\/"},"author":{"name":"consultinglasker@gmail.com","@id":"https:\/\/www.fundacionmdp.org\/#\/schema\/person\/0a0491f126b8cd8387f8f0da72129079"},"headline":"EL 84% DELS CATALANS VEU NECESS\u00c0RIA M\u00c9S SENSIBILITZACI\u00d3 SOBRE LES DIFICULTATS DE LES PERSONES AMB MOBILITAT REDU\u00cfDA","datePublished":"2024-12-02T09:23:44+00:00","dateModified":"2024-12-02T09:23:57+00:00","mainEntityOfPage":{"@id":"https:\/\/www.fundacionmdp.org\/el-82-de-los-espanoles-ve-necesaria-mas-sensibilizacion-sobre-las-dificultades-de-las-personas-con-movilidad-reducida\/"},"wordCount":495,"commentCount":0,"publisher":{"@id":"https:\/\/www.fundacionmdp.org\/#organization"},"image":{"@id":"https:\/\/www.fundacionmdp.org\/el-82-de-los-espanoles-ve-necesaria-mas-sensibilizacion-sobre-las-dificultades-de-las-personas-con-movilidad-reducida\/#primaryimage"},"thumbnailUrl":"https:\/\/www.fundacionmdp.org\/wp-content\/uploads\/2024\/12\/Dia-de-la-Discapacidad.png","keywords":["La Voz de la Accesibilidad","Miriam Fern\u00e1ndez","Ser Tu Voz"],"articleSection":["Sin categorizar"],"inLanguage":"ca","potentialAction":[{"@type":"CommentAction","name":"Comment","target":["https:\/\/www.fundacionmdp.org\/el-82-de-los-espanoles-ve-necesaria-mas-sensibilizacion-sobre-las-dificultades-de-las-personas-con-movilidad-reducida\/#respond"]}]},{"@type":"WebPage","@id":"https:\/\/www.fundacionmdp.org\/el-82-de-los-espanoles-ve-necesaria-mas-sensibilizacion-sobre-las-dificultades-de-las-personas-con-movilidad-reducida\/","url":"https:\/\/www.fundacionmdp.org\/el-82-de-los-espanoles-ve-necesaria-mas-sensibilizacion-sobre-las-dificultades-de-las-personas-con-movilidad-reducida\/","name":"EL 84% DELS CATALANS VEU NECESS\u00c0RIA M\u00c9S SENSIBILITZACI\u00d3 SOBRE LES DIFICULTATS DE LES PERSONES AMB MOBILITAT REDU\u00cfDA - Fundaci\u00f3n Mutua de Propietarios","isPartOf":{"@id":"https:\/\/www.fundacionmdp.org\/#website"},"primaryImageOfPage":{"@id":"https:\/\/www.fundacionmdp.org\/el-82-de-los-espanoles-ve-necesaria-mas-sensibilizacion-sobre-las-dificultades-de-las-personas-con-movilidad-reducida\/#primaryimage"},"image":{"@id":"https:\/\/www.fundacionmdp.org\/el-82-de-los-espanoles-ve-necesaria-mas-sensibilizacion-sobre-las-dificultades-de-las-personas-con-movilidad-reducida\/#primaryimage"},"thumbnailUrl":"https:\/\/www.fundacionmdp.org\/wp-content\/uploads\/2024\/12\/Dia-de-la-Discapacidad.png","datePublished":"2024-12-02T09:23:44+00:00","dateModified":"2024-12-02T09:23:57+00:00","breadcrumb":{"@id":"https:\/\/www.fundacionmdp.org\/el-82-de-los-espanoles-ve-necesaria-mas-sensibilizacion-sobre-las-dificultades-de-las-personas-con-movilidad-reducida\/#breadcrumb"},"inLanguage":"ca","potentialAction":[{"@type":"ReadAction","target":["https:\/\/www.fundacionmdp.org\/el-82-de-los-espanoles-ve-necesaria-mas-sensibilizacion-sobre-las-dificultades-de-las-personas-con-movilidad-reducida\/"]}]},{"@type":"ImageObject","inLanguage":"ca","@id":"https:\/\/www.fundacionmdp.org\/el-82-de-los-espanoles-ve-necesaria-mas-sensibilizacion-sobre-las-dificultades-de-las-personas-con-movilidad-reducida\/#primaryimage","url":"https:\/\/www.fundacionmdp.org\/wp-content\/uploads\/2024\/12\/Dia-de-la-Discapacidad.png","contentUrl":"https:\/\/www.fundacionmdp.org\/wp-content\/uploads\/2024\/12\/Dia-de-la-Discapacidad.png","width":2560,"height":1440},{"@type":"BreadcrumbList","@id":"https:\/\/www.fundacionmdp.org\/el-82-de-los-espanoles-ve-necesaria-mas-sensibilizacion-sobre-las-dificultades-de-las-personas-con-movilidad-reducida\/#breadcrumb","itemListElement":[{"@type":"ListItem","position":1,"name":"Home","item":"https:\/\/www.fundacionmdp.org\/ca\/"},{"@type":"ListItem","position":2,"name":"EL 84% DELS CATALANS VEU NECESS\u00c0RIA M\u00c9S SENSIBILITZACI\u00d3 SOBRE LES DIFICULTATS DE LES PERSONES AMB MOBILITAT REDU\u00cfDA"}]},{"@type":"WebSite","@id":"https:\/\/www.fundacionmdp.org\/#website","url":"https:\/\/www.fundacionmdp.org\/","name":"Fundaci\u00f3n Mutua de Propietarios","description":"En la Fundaci\u00f3n Mutua de Propietarios te ayudamos a convertir tu edificio de viviendas en un espacio sin barreras arquitect\u00f3nicas.","publisher":{"@id":"https:\/\/www.fundacionmdp.org\/#organization"},"potentialAction":[{"@type":"SearchAction","target":{"@type":"EntryPoint","urlTemplate":"https:\/\/www.fundacionmdp.org\/?s={search_term_string}"},"query-input":{"@type":"PropertyValueSpecification","valueRequired":true,"valueName":"search_term_string"}}],"inLanguage":"ca"},{"@type":"Organization","@id":"https:\/\/www.fundacionmdp.org\/#organization","name":"Fundaci\u00f3n Mutua de Propietarios","url":"https:\/\/www.fundacionmdp.org\/","logo":{"@type":"ImageObject","inLanguage":"ca","@id":"https:\/\/www.fundacionmdp.org\/#\/schema\/logo\/image\/","url":"https:\/\/www.fundacionmdp.org\/wp-content\/uploads\/2023\/05\/logo_FMdP_cat.png","contentUrl":"https:\/\/www.fundacionmdp.org\/wp-content\/uploads\/2023\/05\/logo_FMdP_cat.png","width":655,"height":297,"caption":"Fundaci\u00f3n Mutua de Propietarios"},"image":{"@id":"https:\/\/www.fundacionmdp.org\/#\/schema\/logo\/image\/"}},{"@type":"Person","@id":"https:\/\/www.fundacionmdp.org\/#\/schema\/person\/0a0491f126b8cd8387f8f0da72129079","name":"consultinglasker@gmail.com","image":{"@type":"ImageObject","inLanguage":"ca","@id":"https:\/\/secure.gravatar.com\/avatar\/7a939fbe5ab9abbba5f8a779e3054b4bee69cfadd53950db933d836ae1fc6281?s=96&d=mm&r=g","url":"https:\/\/secure.gravatar.com\/avatar\/7a939fbe5ab9abbba5f8a779e3054b4bee69cfadd53950db933d836ae1fc6281?s=96&d=mm&r=g","contentUrl":"https:\/\/secure.gravatar.com\/avatar\/7a939fbe5ab9abbba5f8a779e3054b4bee69cfadd53950db933d836ae1fc6281?s=96&d=mm&r=g","caption":"consultinglasker@gmail.com"},"url":"https:\/\/www.fundacionmdp.org\/ca\/author\/consultinglaskergmail-com\/"}]}},"_links":{"self":[{"href":"https:\/\/www.fundacionmdp.org\/ca\/wp-json\/wp\/v2\/posts\/10822","targetHints":{"allow":["GET"]}}],"collection":[{"href":"https:\/\/www.fundacionmdp.org\/ca\/wp-json\/wp\/v2\/posts"}],"about":[{"href":"https:\/\/www.fundacionmdp.org\/ca\/wp-json\/wp\/v2\/types\/post"}],"author":[{"embeddable":true,"href":"https:\/\/www.fundacionmdp.org\/ca\/wp-json\/wp\/v2\/users\/29"}],"replies":[{"embeddable":true,"href":"https:\/\/www.fundacionmdp.org\/ca\/wp-json\/wp\/v2\/comments?post=10822"}],"version-history":[{"count":2,"href":"https:\/\/www.fundacionmdp.org\/ca\/wp-json\/wp\/v2\/posts\/10822\/revisions"}],"predecessor-version":[{"id":10826,"href":"https:\/\/www.fundacionmdp.org\/ca\/wp-json\/wp\/v2\/posts\/10822\/revisions\/10826"}],"wp:featuredmedia":[{"embeddable":true,"href":"https:\/\/www.fundacionmdp.org\/ca\/wp-json\/wp\/v2\/media\/10799"}],"wp:attachment":[{"href":"https:\/\/www.fundacionmdp.org\/ca\/wp-json\/wp\/v2\/media?parent=10822"}],"wp:term":[{"taxonomy":"category","embeddable":true,"href":"https:\/\/www.fundacionmdp.org\/ca\/wp-json\/wp\/v2\/categories?post=10822"},{"taxonomy":"post_tag","embeddable":true,"href":"https:\/\/www.fundacionmdp.org\/ca\/wp-json\/wp\/v2\/tags?post=10822"}],"curies":[{"name":"wp","href":"https:\/\/api.w.org\/{rel}","templated":true}]}}