{"id":11180,"date":"2025-03-18T10:32:02","date_gmt":"2025-03-18T08:32:02","guid":{"rendered":"https:\/\/www.fundacionmdp.org\/?p=11180"},"modified":"2025-03-18T10:34:03","modified_gmt":"2025-03-18T08:34:03","slug":"nova-convocatoria-del-programa-dajuts-sense-barreres-per-a-millorar-laccessibilitat-en-els-edificis-dhabitatges","status":"publish","type":"post","link":"https:\/\/www.fundacionmdp.org\/ca\/nova-convocatoria-del-programa-dajuts-sense-barreres-per-a-millorar-laccessibilitat-en-els-edificis-dhabitatges\/","title":{"rendered":"NOVA CONVOCAT\u00d2RIA DEL PROGRAMA D&#8217;AJUTS \u2018SENSE BARRERES\u2019 PER A MILLORAR L&#8217;ACCESSIBILITAT EN ELS EDIFICIS D&#8217;HABITATGES"},"content":{"rendered":"\n<p>La Fundaci\u00f3 Mutua de Propietarios ha obert<strong> la vuitena convocat\u00f2ria del programa \u2018Sense Barreres\u2019 per a la subvenci\u00f3 d&#8217;obres d&#8217;eliminaci\u00f3 de les barreres arquitect\u00f2niques en els edificis d&#8217;habitatges<\/strong>, contribuint aix\u00ed a la seva missi\u00f3 de millorar la qualitat de vida de les persones amb mobilitat redu\u00efda.<\/p>\n\n\n\n<p>Des de l&#8217;inici del programa en 2018, la Fundaci\u00f3 Mutua de Propietarios ha concedit 1.364.210 \u20ac en ajuts, de les quals s&#8217;han beneficiat 601 residents amb mobilitat redu\u00efda que ja poden accedir d&#8217;una manera aut\u00f2noma a casa seva, 1.752 habitatges i un total de 4.380 ve\u00efns.<\/p>\n\n\n<div class=\"wp-block-image\">\n<figure class=\"alignright size-full is-resized\"><img fetchpriority=\"high\" decoding=\"async\" width=\"940\" height=\"543\" src=\"https:\/\/www.fundacionmdp.org\/wp-content\/uploads\/2025\/03\/Diseno-sin-titulo-10.png\" alt=\"\" class=\"wp-image-11181\" style=\"width:552px;height:auto\" srcset=\"https:\/\/www.fundacionmdp.org\/wp-content\/uploads\/2025\/03\/Diseno-sin-titulo-10.png 940w, https:\/\/www.fundacionmdp.org\/wp-content\/uploads\/2025\/03\/Diseno-sin-titulo-10-300x173.png 300w, https:\/\/www.fundacionmdp.org\/wp-content\/uploads\/2025\/03\/Diseno-sin-titulo-10-768x444.png 768w\" sizes=\"(max-width: 940px) 100vw, 940px\" \/><\/figure>\n<\/div>\n\n\n<p>El programa \u2018Sense Barreres\u2019 consta de dos ajuts econ\u00f2miques diferents per a la realitzaci\u00f3 d&#8217;obres en mat\u00e8ria d&#8217;accessibilitat.<strong> Als Ajuts Directes<\/strong>, amb una dotaci\u00f3 de 152.000\u20ac, podran optar les comunitats de propietaris en r\u00e8gim horitzontal que estiguin situades a la ciutat de <strong>Madrid; la Comunitat de Madrid; Barcelona i la seva \u00e0rea metropolitana i, com a novetat, les\u00a0comunitats\u00a0situades a la ciutat de Val\u00e8ncia.<\/strong><\/p>\n\n\n\n<p>Per a optar a aquests ajuts, a l&#8217;edifici haur\u00e0 de residir almenys una persona major de 75 anys i\/o una persona que tingui una discapacitat amb afectaci\u00f3 a la mobilitat. La quantia de la&nbsp;subvenci\u00f3&nbsp;ascendir\u00e0 al 50% de la suma del pressupost per a l&#8217;execuci\u00f3 de l&#8217;obra d&#8217;accessibilitat i els honoraris t\u00e8cnics per a la redacci\u00f3 del projecte i direcci\u00f3 d&#8217;obra, fins a un m\u00e0xim de 15.000\u20ac per comunitat.<\/p>\n\n\n\n<p>Per altra banda, els <strong>Ajuts per al Finan\u00e7ament al 0%<\/strong> estan dirigits a les comunitats de\u00a0propietaris\u00a0de qualsevol punt del territori espanyol. Amb un capital de 500.000\u20ac, a aquests ajuts podran optar les comunitats que compleixin una de les dues condicions seg\u00fcents: <strong>que a l&#8217;edifici visquin, en primera resid\u00e8ncia, un percentatge igual o superior al 40% de les persones de 65 anys o,\u00a0com a\u00a0m\u00ednim, una persona amb mobilitat redu\u00efda, i en aquest cas aquest percentatge es reduir\u00e0 al 20%<\/strong>. Fins a la data, el programa de la Fundaci\u00f3 Mutua de Propietarios ha subvencionat els interessos de pr\u00e9stecs per valor de 153.919 \u20ac.<\/p>\n\n\n\n<p>Les comunitats de propietaris nom\u00e9s podran accedir a una de les dues subvencions, havent d&#8217;avaluar quina s&#8217;adapta millor als requisits de les obres d&#8217;eliminaci\u00f3 de les barreres&nbsp;arquitect\u00f2niques&nbsp;en les zones comunes de l&#8217;edifici, per a fer accessible l&#8217;itinerari del carrer als habitatges.<\/p>\n\n\n\n<p><br>La presentaci\u00f3 de sol\u00b7licituds es realitzar\u00e0 a trav\u00e9s de la Plataforma d&#8217;Ajuts de la <a href=\"https:\/\/www.fundacionmdp.org\/ca\/convocatories-dajuts-del-programa-dajuts-sense-barreres\/\">Fundaci\u00f3 Mutua de Propietarios.<\/a><\/p>\n\n\n\n<p><\/p>\n","protected":false},"excerpt":{"rendered":"<p>La Fundaci\u00f3 Mutua de Propietarios ha obert la vuitena convocat\u00f2ria del programa \u2018Sense Barreres\u2019 per a la subvenci\u00f3 d&#8217;obres d&#8217;eliminaci\u00f3 de les barreres arquitect\u00f2niques en els edificis d&#8217;habitatges, contribuint aix\u00ed a la seva missi\u00f3 de millorar la qualitat de vida de les persones amb mobilitat redu\u00efda. Des de l&#8217;inici del programa en 2018, la Fundaci\u00f3 [&hellip;]<\/p>\n","protected":false},"author":29,"featured_media":11178,"comment_status":"open","ping_status":"open","sticky":false,"template":"","format":"standard","meta":{"_acf_changed":false,"ocean_post_layout":"","ocean_both_sidebars_style":"","ocean_both_sidebars_content_width":0,"ocean_both_sidebars_sidebars_width":0,"ocean_sidebar":"","ocean_second_sidebar":"","ocean_disable_margins":"enable","ocean_add_body_class":"","ocean_shortcode_before_top_bar":"","ocean_shortcode_after_top_bar":"","ocean_shortcode_before_header":"","ocean_shortcode_after_header":"","ocean_has_shortcode":"","ocean_shortcode_after_title":"","ocean_shortcode_before_footer_widgets":"","ocean_shortcode_after_footer_widgets":"","ocean_shortcode_before_footer_bottom":"","ocean_shortcode_after_footer_bottom":"","ocean_display_top_bar":"default","ocean_display_header":"default","ocean_header_style":"","ocean_center_header_left_menu":"","ocean_custom_header_template":"","ocean_custom_logo":0,"ocean_custom_retina_logo":0,"ocean_custom_logo_max_width":0,"ocean_custom_logo_tablet_max_width":0,"ocean_custom_logo_mobile_max_width":0,"ocean_custom_logo_max_height":0,"ocean_custom_logo_tablet_max_height":0,"ocean_custom_logo_mobile_max_height":0,"ocean_header_custom_menu":"","ocean_menu_typo_font_family":"","ocean_menu_typo_font_subset":"","ocean_menu_typo_font_size":0,"ocean_menu_typo_font_size_tablet":0,"ocean_menu_typo_font_size_mobile":0,"ocean_menu_typo_font_size_unit":"px","ocean_menu_typo_font_weight":"","ocean_menu_typo_font_weight_tablet":"","ocean_menu_typo_font_weight_mobile":"","ocean_menu_typo_transform":"","ocean_menu_typo_transform_tablet":"","ocean_menu_typo_transform_mobile":"","ocean_menu_typo_line_height":0,"ocean_menu_typo_line_height_tablet":0,"ocean_menu_typo_line_height_mobile":0,"ocean_menu_typo_line_height_unit":"","ocean_menu_typo_spacing":0,"ocean_menu_typo_spacing_tablet":0,"ocean_menu_typo_spacing_mobile":0,"ocean_menu_typo_spacing_unit":"","ocean_menu_link_color":"","ocean_menu_link_color_hover":"","ocean_menu_link_color_active":"","ocean_menu_link_background":"","ocean_menu_link_hover_background":"","ocean_menu_link_active_background":"","ocean_menu_social_links_bg":"","ocean_menu_social_hover_links_bg":"","ocean_menu_social_links_color":"","ocean_menu_social_hover_links_color":"","ocean_disable_title":"default","ocean_disable_heading":"default","ocean_post_title":"","ocean_post_subheading":"","ocean_post_title_style":"","ocean_post_title_background_color":"","ocean_post_title_background":0,"ocean_post_title_bg_image_position":"","ocean_post_title_bg_image_attachment":"","ocean_post_title_bg_image_repeat":"","ocean_post_title_bg_image_size":"","ocean_post_title_height":0,"ocean_post_title_bg_overlay":0.5,"ocean_post_title_bg_overlay_color":"","ocean_disable_breadcrumbs":"default","ocean_breadcrumbs_color":"","ocean_breadcrumbs_separator_color":"","ocean_breadcrumbs_links_color":"","ocean_breadcrumbs_links_hover_color":"","ocean_display_footer_widgets":"default","ocean_display_footer_bottom":"default","ocean_custom_footer_template":"","ocean_post_oembed":"","ocean_post_self_hosted_media":"","ocean_post_video_embed":"","ocean_link_format":"","ocean_link_format_target":"self","ocean_quote_format":"","ocean_quote_format_link":"post","ocean_gallery_link_images":"on","ocean_gallery_id":[],"footnotes":""},"categories":[1],"tags":[41,55,56,44,51,57],"class_list":["post-11180","post","type-post","status-publish","format-standard","has-post-thumbnail","hentry","category-sin-categorizar","tag-accesibilidad-ca","tag-ayudas-directas-ca","tag-ayudas-para-la-financiacion-al-0-ca","tag-movilidad-reducida-ca","tag-programa-sin-barreras-ca","tag-programa-sin-barreras-2025-ca","entry","has-media"],"acf":[],"yoast_head":"<!-- This site is optimized with the Yoast SEO plugin v27.3 - https:\/\/yoast.com\/product\/yoast-seo-wordpress\/ -->\n<title>NOVA CONVOCAT\u00d2RIA DEL PROGRAMA D&#039;AJUTS \u2018SENSE BARRERES\u2019 PER A MILLORAR L&#039;ACCESSIBILITAT EN ELS EDIFICIS D&#039;HABITATGES - Fundaci\u00f3n Mutua de Propietarios<\/title>\n<meta name=\"robots\" content=\"index, follow, max-snippet:-1, max-image-preview:large, max-video-preview:-1\" \/>\n<link rel=\"canonical\" href=\"https:\/\/www.fundacionmdp.org\/ca\/nova-convocatoria-del-programa-dajuts-sense-barreres-per-a-millorar-laccessibilitat-en-els-edificis-dhabitatges\/\" \/>\n<meta property=\"og:locale\" content=\"ca_ES\" \/>\n<meta property=\"og:type\" content=\"article\" \/>\n<meta property=\"og:title\" content=\"NOVA CONVOCAT\u00d2RIA DEL PROGRAMA D&#039;AJUTS \u2018SENSE BARRERES\u2019 PER A MILLORAR L&#039;ACCESSIBILITAT EN ELS EDIFICIS D&#039;HABITATGES - Fundaci\u00f3n Mutua de Propietarios\" \/>\n<meta property=\"og:description\" content=\"La Fundaci\u00f3 Mutua de Propietarios ha obert la vuitena convocat\u00f2ria del programa \u2018Sense Barreres\u2019 per a la subvenci\u00f3 d&#8217;obres d&#8217;eliminaci\u00f3 de les barreres arquitect\u00f2niques en els edificis d&#8217;habitatges, contribuint aix\u00ed a la seva missi\u00f3 de millorar la qualitat de vida de les persones amb mobilitat redu\u00efda. Des de l&#8217;inici del programa en 2018, la Fundaci\u00f3 [&hellip;]\" \/>\n<meta property=\"og:url\" content=\"https:\/\/www.fundacionmdp.org\/ca\/nova-convocatoria-del-programa-dajuts-sense-barreres-per-a-millorar-laccessibilitat-en-els-edificis-dhabitatges\/\" \/>\n<meta property=\"og:site_name\" content=\"Fundaci\u00f3n Mutua de Propietarios\" \/>\n<meta property=\"article:published_time\" content=\"2025-03-18T08:32:02+00:00\" \/>\n<meta property=\"article:modified_time\" content=\"2025-03-18T08:34:03+00:00\" \/>\n<meta property=\"og:image\" content=\"https:\/\/www.fundacionmdp.org\/wp-content\/uploads\/2025\/03\/shutterstock_2320157451-scaled.jpg\" \/>\n\t<meta property=\"og:image:width\" content=\"2560\" \/>\n\t<meta property=\"og:image:height\" content=\"1696\" \/>\n\t<meta property=\"og:image:type\" content=\"image\/jpeg\" \/>\n<meta name=\"author\" content=\"consultinglasker@gmail.com\" \/>\n<meta name=\"twitter:card\" content=\"summary_large_image\" \/>\n<meta name=\"twitter:label1\" content=\"Escrit per\" \/>\n\t<meta name=\"twitter:data1\" content=\"consultinglasker@gmail.com\" \/>\n\t<meta name=\"twitter:label2\" content=\"Temps estimat de lectura\" \/>\n\t<meta name=\"twitter:data2\" content=\"3 minuts\" \/>\n<script type=\"application\/ld+json\" class=\"yoast-schema-graph\">{\"@context\":\"https:\\\/\\\/schema.org\",\"@graph\":[{\"@type\":\"Article\",\"@id\":\"https:\\\/\\\/www.fundacionmdp.org\\\/ca\\\/nova-convocatoria-del-programa-dajuts-sense-barreres-per-a-millorar-laccessibilitat-en-els-edificis-dhabitatges\\\/#article\",\"isPartOf\":{\"@id\":\"https:\\\/\\\/www.fundacionmdp.org\\\/ca\\\/nova-convocatoria-del-programa-dajuts-sense-barreres-per-a-millorar-laccessibilitat-en-els-edificis-dhabitatges\\\/\"},\"author\":{\"name\":\"consultinglasker@gmail.com\",\"@id\":\"https:\\\/\\\/www.fundacionmdp.org\\\/#\\\/schema\\\/person\\\/0a0491f126b8cd8387f8f0da72129079\"},\"headline\":\"NOVA CONVOCAT\u00d2RIA DEL PROGRAMA D&#8217;AJUTS \u2018SENSE BARRERES\u2019 PER A MILLORAR L&#8217;ACCESSIBILITAT EN ELS EDIFICIS D&#8217;HABITATGES\",\"datePublished\":\"2025-03-18T08:32:02+00:00\",\"dateModified\":\"2025-03-18T08:34:03+00:00\",\"mainEntityOfPage\":{\"@id\":\"https:\\\/\\\/www.fundacionmdp.org\\\/ca\\\/nova-convocatoria-del-programa-dajuts-sense-barreres-per-a-millorar-laccessibilitat-en-els-edificis-dhabitatges\\\/\"},\"wordCount\":442,\"commentCount\":0,\"publisher\":{\"@id\":\"https:\\\/\\\/www.fundacionmdp.org\\\/#organization\"},\"image\":{\"@id\":\"https:\\\/\\\/www.fundacionmdp.org\\\/ca\\\/nova-convocatoria-del-programa-dajuts-sense-barreres-per-a-millorar-laccessibilitat-en-els-edificis-dhabitatges\\\/#primaryimage\"},\"thumbnailUrl\":\"https:\\\/\\\/www.fundacionmdp.org\\\/wp-content\\\/uploads\\\/2025\\\/03\\\/shutterstock_2320157451-scaled.jpg\",\"keywords\":[\"Accesibilidad\",\"Ayudas Directas\",\"Ayudas para la Financiaci\u00f3n al 0%\",\"Movilidad reducida\",\"Programa Sin Barreras\",\"Programa Sin Barreras 2025\"],\"articleSection\":[\"Sin categorizar\"],\"inLanguage\":\"ca\",\"potentialAction\":[{\"@type\":\"CommentAction\",\"name\":\"Comment\",\"target\":[\"https:\\\/\\\/www.fundacionmdp.org\\\/ca\\\/nova-convocatoria-del-programa-dajuts-sense-barreres-per-a-millorar-laccessibilitat-en-els-edificis-dhabitatges\\\/#respond\"]}]},{\"@type\":\"WebPage\",\"@id\":\"https:\\\/\\\/www.fundacionmdp.org\\\/ca\\\/nova-convocatoria-del-programa-dajuts-sense-barreres-per-a-millorar-laccessibilitat-en-els-edificis-dhabitatges\\\/\",\"url\":\"https:\\\/\\\/www.fundacionmdp.org\\\/ca\\\/nova-convocatoria-del-programa-dajuts-sense-barreres-per-a-millorar-laccessibilitat-en-els-edificis-dhabitatges\\\/\",\"name\":\"NOVA CONVOCAT\u00d2RIA DEL PROGRAMA D'AJUTS \u2018SENSE BARRERES\u2019 PER A MILLORAR L'ACCESSIBILITAT EN ELS EDIFICIS D'HABITATGES - Fundaci\u00f3n Mutua de Propietarios\",\"isPartOf\":{\"@id\":\"https:\\\/\\\/www.fundacionmdp.org\\\/#website\"},\"primaryImageOfPage\":{\"@id\":\"https:\\\/\\\/www.fundacionmdp.org\\\/ca\\\/nova-convocatoria-del-programa-dajuts-sense-barreres-per-a-millorar-laccessibilitat-en-els-edificis-dhabitatges\\\/#primaryimage\"},\"image\":{\"@id\":\"https:\\\/\\\/www.fundacionmdp.org\\\/ca\\\/nova-convocatoria-del-programa-dajuts-sense-barreres-per-a-millorar-laccessibilitat-en-els-edificis-dhabitatges\\\/#primaryimage\"},\"thumbnailUrl\":\"https:\\\/\\\/www.fundacionmdp.org\\\/wp-content\\\/uploads\\\/2025\\\/03\\\/shutterstock_2320157451-scaled.jpg\",\"datePublished\":\"2025-03-18T08:32:02+00:00\",\"dateModified\":\"2025-03-18T08:34:03+00:00\",\"breadcrumb\":{\"@id\":\"https:\\\/\\\/www.fundacionmdp.org\\\/ca\\\/nova-convocatoria-del-programa-dajuts-sense-barreres-per-a-millorar-laccessibilitat-en-els-edificis-dhabitatges\\\/#breadcrumb\"},\"inLanguage\":\"ca\",\"potentialAction\":[{\"@type\":\"ReadAction\",\"target\":[\"https:\\\/\\\/www.fundacionmdp.org\\\/ca\\\/nova-convocatoria-del-programa-dajuts-sense-barreres-per-a-millorar-laccessibilitat-en-els-edificis-dhabitatges\\\/\"]}]},{\"@type\":\"ImageObject\",\"inLanguage\":\"ca\",\"@id\":\"https:\\\/\\\/www.fundacionmdp.org\\\/ca\\\/nova-convocatoria-del-programa-dajuts-sense-barreres-per-a-millorar-laccessibilitat-en-els-edificis-dhabitatges\\\/#primaryimage\",\"url\":\"https:\\\/\\\/www.fundacionmdp.org\\\/wp-content\\\/uploads\\\/2025\\\/03\\\/shutterstock_2320157451-scaled.jpg\",\"contentUrl\":\"https:\\\/\\\/www.fundacionmdp.org\\\/wp-content\\\/uploads\\\/2025\\\/03\\\/shutterstock_2320157451-scaled.jpg\",\"width\":2560,\"height\":1696},{\"@type\":\"BreadcrumbList\",\"@id\":\"https:\\\/\\\/www.fundacionmdp.org\\\/ca\\\/nova-convocatoria-del-programa-dajuts-sense-barreres-per-a-millorar-laccessibilitat-en-els-edificis-dhabitatges\\\/#breadcrumb\",\"itemListElement\":[{\"@type\":\"ListItem\",\"position\":1,\"name\":\"Home\",\"item\":\"https:\\\/\\\/www.fundacionmdp.org\\\/ca\\\/\"},{\"@type\":\"ListItem\",\"position\":2,\"name\":\"NOVA CONVOCAT\u00d2RIA DEL PROGRAMA D&#8217;AJUTS \u2018SENSE BARRERES\u2019 PER A MILLORAR L&#8217;ACCESSIBILITAT EN ELS EDIFICIS D&#8217;HABITATGES\"}]},{\"@type\":\"WebSite\",\"@id\":\"https:\\\/\\\/www.fundacionmdp.org\\\/#website\",\"url\":\"https:\\\/\\\/www.fundacionmdp.org\\\/\",\"name\":\"Fundaci\u00f3n Mutua de Propietarios\",\"description\":\"En la Fundaci\u00f3n Mutua de Propietarios te ayudamos a convertir tu edificio de viviendas en un espacio sin barreras arquitect\u00f3nicas.\",\"publisher\":{\"@id\":\"https:\\\/\\\/www.fundacionmdp.org\\\/#organization\"},\"potentialAction\":[{\"@type\":\"SearchAction\",\"target\":{\"@type\":\"EntryPoint\",\"urlTemplate\":\"https:\\\/\\\/www.fundacionmdp.org\\\/?s={search_term_string}\"},\"query-input\":{\"@type\":\"PropertyValueSpecification\",\"valueRequired\":true,\"valueName\":\"search_term_string\"}}],\"inLanguage\":\"ca\"},{\"@type\":\"Organization\",\"@id\":\"https:\\\/\\\/www.fundacionmdp.org\\\/#organization\",\"name\":\"Fundaci\u00f3n Mutua de Propietarios\",\"url\":\"https:\\\/\\\/www.fundacionmdp.org\\\/\",\"logo\":{\"@type\":\"ImageObject\",\"inLanguage\":\"ca\",\"@id\":\"https:\\\/\\\/www.fundacionmdp.org\\\/#\\\/schema\\\/logo\\\/image\\\/\",\"url\":\"https:\\\/\\\/www.fundacionmdp.org\\\/wp-content\\\/uploads\\\/2023\\\/05\\\/logo_FMdP_cat.png\",\"contentUrl\":\"https:\\\/\\\/www.fundacionmdp.org\\\/wp-content\\\/uploads\\\/2023\\\/05\\\/logo_FMdP_cat.png\",\"width\":655,\"height\":297,\"caption\":\"Fundaci\u00f3n Mutua de Propietarios\"},\"image\":{\"@id\":\"https:\\\/\\\/www.fundacionmdp.org\\\/#\\\/schema\\\/logo\\\/image\\\/\"}},{\"@type\":\"Person\",\"@id\":\"https:\\\/\\\/www.fundacionmdp.org\\\/#\\\/schema\\\/person\\\/0a0491f126b8cd8387f8f0da72129079\",\"name\":\"consultinglasker@gmail.com\",\"image\":{\"@type\":\"ImageObject\",\"inLanguage\":\"ca\",\"@id\":\"https:\\\/\\\/secure.gravatar.com\\\/avatar\\\/7a939fbe5ab9abbba5f8a779e3054b4bee69cfadd53950db933d836ae1fc6281?s=96&d=mm&r=g\",\"url\":\"https:\\\/\\\/secure.gravatar.com\\\/avatar\\\/7a939fbe5ab9abbba5f8a779e3054b4bee69cfadd53950db933d836ae1fc6281?s=96&d=mm&r=g\",\"contentUrl\":\"https:\\\/\\\/secure.gravatar.com\\\/avatar\\\/7a939fbe5ab9abbba5f8a779e3054b4bee69cfadd53950db933d836ae1fc6281?s=96&d=mm&r=g\",\"caption\":\"consultinglasker@gmail.com\"},\"url\":\"https:\\\/\\\/www.fundacionmdp.org\\\/ca\\\/author\\\/consultinglaskergmail-com\\\/\"}]}<\/script>\n<!-- \/ Yoast SEO plugin. -->","yoast_head_json":{"title":"NOVA CONVOCAT\u00d2RIA DEL PROGRAMA D'AJUTS \u2018SENSE BARRERES\u2019 PER A MILLORAR L'ACCESSIBILITAT EN ELS EDIFICIS D'HABITATGES - Fundaci\u00f3n Mutua de Propietarios","robots":{"index":"index","follow":"follow","max-snippet":"max-snippet:-1","max-image-preview":"max-image-preview:large","max-video-preview":"max-video-preview:-1"},"canonical":"https:\/\/www.fundacionmdp.org\/ca\/nova-convocatoria-del-programa-dajuts-sense-barreres-per-a-millorar-laccessibilitat-en-els-edificis-dhabitatges\/","og_locale":"ca_ES","og_type":"article","og_title":"NOVA CONVOCAT\u00d2RIA DEL PROGRAMA D'AJUTS \u2018SENSE BARRERES\u2019 PER A MILLORAR L'ACCESSIBILITAT EN ELS EDIFICIS D'HABITATGES - Fundaci\u00f3n Mutua de Propietarios","og_description":"La Fundaci\u00f3 Mutua de Propietarios ha obert la vuitena convocat\u00f2ria del programa \u2018Sense Barreres\u2019 per a la subvenci\u00f3 d&#8217;obres d&#8217;eliminaci\u00f3 de les barreres arquitect\u00f2niques en els edificis d&#8217;habitatges, contribuint aix\u00ed a la seva missi\u00f3 de millorar la qualitat de vida de les persones amb mobilitat redu\u00efda. Des de l&#8217;inici del programa en 2018, la Fundaci\u00f3 [&hellip;]","og_url":"https:\/\/www.fundacionmdp.org\/ca\/nova-convocatoria-del-programa-dajuts-sense-barreres-per-a-millorar-laccessibilitat-en-els-edificis-dhabitatges\/","og_site_name":"Fundaci\u00f3n Mutua de Propietarios","article_published_time":"2025-03-18T08:32:02+00:00","article_modified_time":"2025-03-18T08:34:03+00:00","og_image":[{"width":2560,"height":1696,"url":"https:\/\/www.fundacionmdp.org\/wp-content\/uploads\/2025\/03\/shutterstock_2320157451-scaled.jpg","type":"image\/jpeg"}],"author":"consultinglasker@gmail.com","twitter_card":"summary_large_image","twitter_misc":{"Escrit per":"consultinglasker@gmail.com","Temps estimat de lectura":"3 minuts"},"schema":{"@context":"https:\/\/schema.org","@graph":[{"@type":"Article","@id":"https:\/\/www.fundacionmdp.org\/ca\/nova-convocatoria-del-programa-dajuts-sense-barreres-per-a-millorar-laccessibilitat-en-els-edificis-dhabitatges\/#article","isPartOf":{"@id":"https:\/\/www.fundacionmdp.org\/ca\/nova-convocatoria-del-programa-dajuts-sense-barreres-per-a-millorar-laccessibilitat-en-els-edificis-dhabitatges\/"},"author":{"name":"consultinglasker@gmail.com","@id":"https:\/\/www.fundacionmdp.org\/#\/schema\/person\/0a0491f126b8cd8387f8f0da72129079"},"headline":"NOVA CONVOCAT\u00d2RIA DEL PROGRAMA D&#8217;AJUTS \u2018SENSE BARRERES\u2019 PER A MILLORAR L&#8217;ACCESSIBILITAT EN ELS EDIFICIS D&#8217;HABITATGES","datePublished":"2025-03-18T08:32:02+00:00","dateModified":"2025-03-18T08:34:03+00:00","mainEntityOfPage":{"@id":"https:\/\/www.fundacionmdp.org\/ca\/nova-convocatoria-del-programa-dajuts-sense-barreres-per-a-millorar-laccessibilitat-en-els-edificis-dhabitatges\/"},"wordCount":442,"commentCount":0,"publisher":{"@id":"https:\/\/www.fundacionmdp.org\/#organization"},"image":{"@id":"https:\/\/www.fundacionmdp.org\/ca\/nova-convocatoria-del-programa-dajuts-sense-barreres-per-a-millorar-laccessibilitat-en-els-edificis-dhabitatges\/#primaryimage"},"thumbnailUrl":"https:\/\/www.fundacionmdp.org\/wp-content\/uploads\/2025\/03\/shutterstock_2320157451-scaled.jpg","keywords":["Accesibilidad","Ayudas Directas","Ayudas para la Financiaci\u00f3n al 0%","Movilidad reducida","Programa Sin Barreras","Programa Sin Barreras 2025"],"articleSection":["Sin categorizar"],"inLanguage":"ca","potentialAction":[{"@type":"CommentAction","name":"Comment","target":["https:\/\/www.fundacionmdp.org\/ca\/nova-convocatoria-del-programa-dajuts-sense-barreres-per-a-millorar-laccessibilitat-en-els-edificis-dhabitatges\/#respond"]}]},{"@type":"WebPage","@id":"https:\/\/www.fundacionmdp.org\/ca\/nova-convocatoria-del-programa-dajuts-sense-barreres-per-a-millorar-laccessibilitat-en-els-edificis-dhabitatges\/","url":"https:\/\/www.fundacionmdp.org\/ca\/nova-convocatoria-del-programa-dajuts-sense-barreres-per-a-millorar-laccessibilitat-en-els-edificis-dhabitatges\/","name":"NOVA CONVOCAT\u00d2RIA DEL PROGRAMA D'AJUTS \u2018SENSE BARRERES\u2019 PER A MILLORAR L'ACCESSIBILITAT EN ELS EDIFICIS D'HABITATGES - Fundaci\u00f3n Mutua de Propietarios","isPartOf":{"@id":"https:\/\/www.fundacionmdp.org\/#website"},"primaryImageOfPage":{"@id":"https:\/\/www.fundacionmdp.org\/ca\/nova-convocatoria-del-programa-dajuts-sense-barreres-per-a-millorar-laccessibilitat-en-els-edificis-dhabitatges\/#primaryimage"},"image":{"@id":"https:\/\/www.fundacionmdp.org\/ca\/nova-convocatoria-del-programa-dajuts-sense-barreres-per-a-millorar-laccessibilitat-en-els-edificis-dhabitatges\/#primaryimage"},"thumbnailUrl":"https:\/\/www.fundacionmdp.org\/wp-content\/uploads\/2025\/03\/shutterstock_2320157451-scaled.jpg","datePublished":"2025-03-18T08:32:02+00:00","dateModified":"2025-03-18T08:34:03+00:00","breadcrumb":{"@id":"https:\/\/www.fundacionmdp.org\/ca\/nova-convocatoria-del-programa-dajuts-sense-barreres-per-a-millorar-laccessibilitat-en-els-edificis-dhabitatges\/#breadcrumb"},"inLanguage":"ca","potentialAction":[{"@type":"ReadAction","target":["https:\/\/www.fundacionmdp.org\/ca\/nova-convocatoria-del-programa-dajuts-sense-barreres-per-a-millorar-laccessibilitat-en-els-edificis-dhabitatges\/"]}]},{"@type":"ImageObject","inLanguage":"ca","@id":"https:\/\/www.fundacionmdp.org\/ca\/nova-convocatoria-del-programa-dajuts-sense-barreres-per-a-millorar-laccessibilitat-en-els-edificis-dhabitatges\/#primaryimage","url":"https:\/\/www.fundacionmdp.org\/wp-content\/uploads\/2025\/03\/shutterstock_2320157451-scaled.jpg","contentUrl":"https:\/\/www.fundacionmdp.org\/wp-content\/uploads\/2025\/03\/shutterstock_2320157451-scaled.jpg","width":2560,"height":1696},{"@type":"BreadcrumbList","@id":"https:\/\/www.fundacionmdp.org\/ca\/nova-convocatoria-del-programa-dajuts-sense-barreres-per-a-millorar-laccessibilitat-en-els-edificis-dhabitatges\/#breadcrumb","itemListElement":[{"@type":"ListItem","position":1,"name":"Home","item":"https:\/\/www.fundacionmdp.org\/ca\/"},{"@type":"ListItem","position":2,"name":"NOVA CONVOCAT\u00d2RIA DEL PROGRAMA D&#8217;AJUTS \u2018SENSE BARRERES\u2019 PER A MILLORAR L&#8217;ACCESSIBILITAT EN ELS EDIFICIS D&#8217;HABITATGES"}]},{"@type":"WebSite","@id":"https:\/\/www.fundacionmdp.org\/#website","url":"https:\/\/www.fundacionmdp.org\/","name":"Fundaci\u00f3n Mutua de Propietarios","description":"En la Fundaci\u00f3n Mutua de Propietarios te ayudamos a convertir tu edificio de viviendas en un espacio sin barreras arquitect\u00f3nicas.","publisher":{"@id":"https:\/\/www.fundacionmdp.org\/#organization"},"potentialAction":[{"@type":"SearchAction","target":{"@type":"EntryPoint","urlTemplate":"https:\/\/www.fundacionmdp.org\/?s={search_term_string}"},"query-input":{"@type":"PropertyValueSpecification","valueRequired":true,"valueName":"search_term_string"}}],"inLanguage":"ca"},{"@type":"Organization","@id":"https:\/\/www.fundacionmdp.org\/#organization","name":"Fundaci\u00f3n Mutua de Propietarios","url":"https:\/\/www.fundacionmdp.org\/","logo":{"@type":"ImageObject","inLanguage":"ca","@id":"https:\/\/www.fundacionmdp.org\/#\/schema\/logo\/image\/","url":"https:\/\/www.fundacionmdp.org\/wp-content\/uploads\/2023\/05\/logo_FMdP_cat.png","contentUrl":"https:\/\/www.fundacionmdp.org\/wp-content\/uploads\/2023\/05\/logo_FMdP_cat.png","width":655,"height":297,"caption":"Fundaci\u00f3n Mutua de Propietarios"},"image":{"@id":"https:\/\/www.fundacionmdp.org\/#\/schema\/logo\/image\/"}},{"@type":"Person","@id":"https:\/\/www.fundacionmdp.org\/#\/schema\/person\/0a0491f126b8cd8387f8f0da72129079","name":"consultinglasker@gmail.com","image":{"@type":"ImageObject","inLanguage":"ca","@id":"https:\/\/secure.gravatar.com\/avatar\/7a939fbe5ab9abbba5f8a779e3054b4bee69cfadd53950db933d836ae1fc6281?s=96&d=mm&r=g","url":"https:\/\/secure.gravatar.com\/avatar\/7a939fbe5ab9abbba5f8a779e3054b4bee69cfadd53950db933d836ae1fc6281?s=96&d=mm&r=g","contentUrl":"https:\/\/secure.gravatar.com\/avatar\/7a939fbe5ab9abbba5f8a779e3054b4bee69cfadd53950db933d836ae1fc6281?s=96&d=mm&r=g","caption":"consultinglasker@gmail.com"},"url":"https:\/\/www.fundacionmdp.org\/ca\/author\/consultinglaskergmail-com\/"}]}},"_links":{"self":[{"href":"https:\/\/www.fundacionmdp.org\/ca\/wp-json\/wp\/v2\/posts\/11180","targetHints":{"allow":["GET"]}}],"collection":[{"href":"https:\/\/www.fundacionmdp.org\/ca\/wp-json\/wp\/v2\/posts"}],"about":[{"href":"https:\/\/www.fundacionmdp.org\/ca\/wp-json\/wp\/v2\/types\/post"}],"author":[{"embeddable":true,"href":"https:\/\/www.fundacionmdp.org\/ca\/wp-json\/wp\/v2\/users\/29"}],"replies":[{"embeddable":true,"href":"https:\/\/www.fundacionmdp.org\/ca\/wp-json\/wp\/v2\/comments?post=11180"}],"version-history":[{"count":4,"href":"https:\/\/www.fundacionmdp.org\/ca\/wp-json\/wp\/v2\/posts\/11180\/revisions"}],"predecessor-version":[{"id":11188,"href":"https:\/\/www.fundacionmdp.org\/ca\/wp-json\/wp\/v2\/posts\/11180\/revisions\/11188"}],"wp:featuredmedia":[{"embeddable":true,"href":"https:\/\/www.fundacionmdp.org\/ca\/wp-json\/wp\/v2\/media\/11178"}],"wp:attachment":[{"href":"https:\/\/www.fundacionmdp.org\/ca\/wp-json\/wp\/v2\/media?parent=11180"}],"wp:term":[{"taxonomy":"category","embeddable":true,"href":"https:\/\/www.fundacionmdp.org\/ca\/wp-json\/wp\/v2\/categories?post=11180"},{"taxonomy":"post_tag","embeddable":true,"href":"https:\/\/www.fundacionmdp.org\/ca\/wp-json\/wp\/v2\/tags?post=11180"}],"curies":[{"name":"wp","href":"https:\/\/api.w.org\/{rel}","templated":true}]}}