{"id":11478,"date":"2025-05-08T12:58:00","date_gmt":"2025-05-08T10:58:00","guid":{"rendered":"https:\/\/www.fundacionmdp.org\/eliminar-barreras-arquitectonicas-en-edificios\/"},"modified":"2025-05-08T16:54:46","modified_gmt":"2025-05-08T14:54:46","slug":"eliminar-barreres-arquitectoniques-a-edificis","status":"publish","type":"post","link":"https:\/\/www.fundacionmdp.org\/ca\/eliminar-barreres-arquitectoniques-a-edificis\/","title":{"rendered":"Eliminar barreres arquitect\u00f2niques a edificis: normes d&#8217;accesibilitat"},"content":{"rendered":"\t\t<div data-elementor-type=\"wp-post\" data-elementor-id=\"11478\" class=\"elementor elementor-11478 elementor-5594\">\n\t\t\t\t<div class=\"elementor-element elementor-element-4109a296 e-flex e-con-boxed e-con e-parent\" data-id=\"4109a296\" data-element_type=\"container\" data-e-type=\"container\">\n\t\t\t\t\t<div class=\"e-con-inner\">\n\t\t\t\t<div class=\"elementor-element elementor-element-6d118b2f elementor-widget elementor-widget-text-editor\" data-id=\"6d118b2f\" data-element_type=\"widget\" data-e-type=\"widget\" data-widget_type=\"text-editor.default\">\n\t\t\t\t<div class=\"elementor-widget-container\">\n\t\t\t\t\t\t\t\t\t<p>La manca d&#8217;accessibilitat a edificis p\u00fablics i privats continua sent avui dia un problema. Persones grans, persones amb discapacitat o mobilitat redu\u00efda continuen tenint problemes per accedir als seus domicilis o espais p\u00fablics.<\/p><p>Actualment, els edificis p\u00fablics i habitatges es dissenyen i es construeixen tenint en compte les necessitats d&#8217;aquests col\u00b7lectius. Tot i aix\u00f2, \u00e9s un problema de gran import\u00e0ncia en espais ja constru\u00efts, i \u00e9s on entra en joc la idea d&#8217;eliminar les barreres arquitect\u00f2niques de la millor manera possible.<\/p><p>En aquest article us expliquem qu\u00e8 s\u00f3n les barreres arquitect\u00f2niques, els tipus de barreres arquitect\u00f2niques i possibles solucions per suprimir-les, aix\u00ed com la normativa existent que dicta la seva eliminaci\u00f3.<\/p><h3>Qu\u00e8 s\u00f3n les barreres arquitect\u00f2niques en edificis<\/h3><p>Les barreres arquitect\u00f2niques s\u00f3n aquells obstacles f\u00edsics que impedeixen que determinades persones i col\u00b7lectius puguin arribar, accedir o moure&#8217;s en un entorn urb\u00e0, un edifici o una part, generalment l&#8217;acc\u00e9s.<\/p><p>Les barreres arquitect\u00f2niques s\u00f3n el tipus m\u00e9s com\u00fa de barreres d&#8217;accessibilitat perqu\u00e8 s\u00f3n presents al medi f\u00edsic i s\u00f3n les que m\u00e9s afecten les persones.<\/p><p>\u00c9s un error pensar que les barreres arquitect\u00f2niques nom\u00e9s afecten persones grans o amb mobilitat redu\u00efda. La veritat \u00e9s que algunes de les barreres d&#8217;accessibilitat tamb\u00e9 impedeixen la lliure mobilitat de persones convalescents per alguna operaci\u00f3 o fins i tot a dones embarassades.<\/p><p>En conclusi\u00f3, les barreres arquitect\u00f2niques s\u00f3n obstacles de disseny o de construcci\u00f3, que impedeixen que determinades persones es puguin moure, transitar, accedir, visitar o residir en un espai o per un espai concret.<\/p><h3>Tipus de barreres arquitect\u00f2niques en edificis<\/h3><p>Podem trobar barreres arquitect\u00f2niques de molts tipus. Un tram d&#8217;escales, una vorera o un edifici sense ascensor poden ser un obstacle insuperable per a una persona gran o amb mobilitat redu\u00efda. Aquests s\u00f3n els tipus de barreres arquitect\u00f2niques en edificis:<\/p><h4>Barreres de tipus infraestructura<\/h4><p>S\u00f3n les que trobem en espais p\u00fablics. S\u00f3n, entre d&#8217;altres, voreres molt estretes que impedeixen el pas d&#8217;una o m\u00e9s persones, per\u00f2 tamb\u00e9 on no hi cap una cadira de rodes, fanals mal situats, senyals que ocupen les voreres i obstaculitzen el pas, paviments irregulars o en mal estat, etc.<\/p><h4>Barreres en edificis<\/h4><p>Les barreres arquitect\u00f2niques que hi ha en edificis p\u00fablics o privats s\u00f3n aquelles que impedeixen l&#8217;acc\u00e9s a portals, edificis de diverses plantes sense ascensor o que no disposen de rampes, espais molt estrets pels quals no hi cap una persona amb crosses, caminador o amb cadira de rodes.<\/p><h4>Barreres de transport p\u00fablic<\/h4><p>Mitjans de transport p\u00fablic com l&#8217;autob\u00fas sense rampa, d\u00e0rsenes d&#8217;autobusos i trens en males condicions, accessos a metro sense ascensor a totes les parades, entre moltes altres.<\/p><p>Per veure la magnitud del problema, ens hem d&#8217;adonar que moltes persones no surten al carrer per tenir mobilitat redu\u00efda i per no tenir l&#8217;autonomia necess\u00e0ria per despla\u00e7ar-se.\u00a0<\/p><h3>Com suprimir les barreres arquitect\u00f2niques<\/h3><p>Les principals barreres arquitect\u00f2niques que es troben s\u00f3n a accessos a edificis per falta d&#8217;escales, acc\u00e9s a portals, zones comunes. En la majoria dels casos hi ha una soluci\u00f3 total per eliminar barreres arquitect\u00f2niques, mentre que nom\u00e9s en una petita part \u00e9s totalment impossible.<\/p><p>Aquestes s\u00f3n algunes de les maneres d&#8217;eliminar o suprimir les barreres arquitect\u00f2niques:<\/p><p><img fetchpriority=\"high\" decoding=\"async\" class=\"alignleft wp-image-11214 size-medium\" src=\"https:\/\/www.fundacionmdp.org\/wp-content\/uploads\/2025\/05\/Barreras_arquitectonicas_edificios.png\" alt=\"\" width=\"300\" height=\"300\" \/><\/p><ul><li>Ascensors<\/li><li>Rampes d&#8217;acc\u00e9s<\/li><li>Cadires puja escales<\/li><li>Plataformes salva escales<\/li><li>Plataformes elevadores verticals<\/li><li>Cadires grua<\/li><li>Escales convertibles<\/li><\/ul><p>Una forma innovadora de suprimir les barreres arquitect\u00f2niques a edificis d&#8217;habitatges s\u00f3n les rampes 3D. Gr\u00e0cies a la tecnologia 3D poden crear peces en forma de blocs que s&#8217;ajusten f\u00e0cilment, fent \u00e0gil la seva instal\u00b7laci\u00f3. A m\u00e9s, la fabricaci\u00f3 de peces 3D permet adaptar-nos a tots els espais, podent fabricar Rampes 3D de moltes mides diferents per millorar l&#8217;accessibilitat de gaireb\u00e9 qualsevol edifici.<\/p><h3>Qu\u00e8 diu la llei a Espanya sobre les barreres arquitect\u00f2niques a edificis?<\/h3><p>Davant d&#8217;aquests problemes, trobem dos tipus de regulacions: lleis de compliment obligat i normatives aplicables, que suposen recomanacions de disseny, \u00fas, instal\u00b7laci\u00f3, construcci\u00f3 i manteniment.<\/p><p>A continuaci\u00f3, resumim algunes de les lleis i normatives m\u00e9s importants relacionades amb l&#8217;accessibilitat i l&#8217;eliminaci\u00f3 de barreres en edificis:<\/p><ul><li>Al febrer del 2025 a Espanya s&#8217;aprova <a href=\"https:\/\/www.dsca.gob.es\/es\/comunicacion\/notas-prensa\/aprobado-anteproyecto-reformar-leyes-dependencia-discapacidad-se\"><u>l&#8217;avantprojecte de reforma de les lleis de depend\u00e8ncia i discapacitat<\/u><\/a>. Aquest estableix noves normes per garantir l\u2019accessibilitat en habitatges i edificis per a persones amb discapacitat o mobilitat redu\u00efda. La reforma tamb\u00e9 modifica la Llei General de Drets de les Persones amb Discapacitat i la Llei de Propietat Horitzontal, obligant a les comunitats de propietaris a realitzar obres d&#8217;accessibilitat en zones comunes i atendre les sol\u00b7licituds de residents amb discapacitat o majors de 70 anys, sempre que el cost anual per a la comunitat, una vegada descomptades les possibles ajudes i\/o subvencions, no superi dotze mensualitats ordin\u00e0ries de despeses comunes.<\/li><li>Reial Decret Legislatiu 1\/2013, del 29 de novembre. <a href=\"https:\/\/www.boe.es\/buscar\/act.php?id=BOE-A-2013-12632\"><u>Text Refundit de la Llei General de Drets de les Persones amb Discapacitat i de la seva inclusi\u00f3 social<\/u><\/a>.<\/li><li>Llei 49\/2007, de 26 de desembre. S&#8217;estableix el r\u00e8gim d&#8217;infraccions i sancions en mat\u00e8ria d&#8217;igualtat d&#8217;oportunitats, no-discriminaci\u00f3 i accessibilitat universal de les persones amb discapacitat. Integrat en el Reial Decret Legislatiu 1\/2013, de 29 de novembre.<\/li><li>Reial Decret 505\/2007, del 20 d&#8217;abril. S&#8217;aproven les <a href=\"https:\/\/www.boe.es\/buscar\/act.php?id=BOE-A-2007-9607\"><u>condicions b\u00e0siques d&#8217;accessibilitat i no discriminaci\u00f3 de les persones amb discapacitat<\/u><\/a> per a l&#8217;acc\u00e9s i la utilitzaci\u00f3 dels espais p\u00fablics urbanitzats i edificacions.<\/li><li><a href=\"https:\/\/www.un.org\/esa\/socdev\/enable\/documents\/tccconvs.pdf\"><u>Convenci\u00f3 Internacional sobre els Drets de les Persones amb Discapacitat<\/u><\/a>, ratificada per Espanya el 2007, refor\u00e7a el principi d&#8217;accessibilitat universal com a dret fonamental. Pel que fa a les barreres arquitect\u00f2niques, la Convenci\u00f3 exigeix que els Estats part eliminin obstacles en edificis i entorns per garantir accessibilitat i participaci\u00f3 plena en igualtat de condicions.<\/li><li>El Codi T\u00e8cnic de l&#8217;Edificaci\u00f3 (CTE) \u00e9s el marc normatiu que estableix les exig\u00e8ncies que han de complir els edificis en relaci\u00f3 amb els requisits b\u00e0sics de seguretat, habitabilitat i accessibilitat establerts a la Llei 38\/1999 de 5 de novembre, d&#8217;ordenaci\u00f3 de l&#8217;edificaci\u00f3 (LOE). Reial Decret 314\/2006, de 17 de mar\u00e7, pel qual s&#8217;aprova el <a href=\"https:\/\/www.boe.es\/buscar\/doc.php?id=BOE-A-2006-5515\"><u>Codi T\u00e8cnic de l&#8217;Edificaci\u00f3<\/u><\/a>.<\/li><li><a href=\"https:\/\/www.boe.es\/buscar\/act.php?id=BOE-A-2003-22066\"><u>La Llei 51\/2003, de 2 de desembre<\/u><\/a>. Tracta la igualtat d&#8217;oportunitats, no discriminaci\u00f3 i accessibilitat universal de les persones amb discapacitat. Integrada en Reial Decret Legislatiu 1\/2013, de 29 de novembre.<\/li><li><a href=\"https:\/\/www.boe.es\/buscar\/act.php?id=BOE-A-1995-12914\"><u>La Llei 15\/1995, de 30 de maig<\/u><\/a>. Tracta els l\u00edmits de domini sobre immobles per eliminar barreres arquitect\u00f2niques a les persones amb discapacitat.<\/li><li><a href=\"https:\/\/www.boe.es\/buscar\/act.php?id=BOE-A-1960-10906\"><u>Llei 49\/1960, de 21 de juliol, sobre propietat horitzontal<\/u><\/a>, modificada recentment, per l&#8217;entrada en vigor de les anteriors.<\/li><\/ul>\t\t\t\t\t\t\t\t<\/div>\n\t\t\t\t<\/div>\n\t\t\t\t\t<\/div>\n\t\t\t\t<\/div>\n\t\t\t\t<\/div>\n\t\t","protected":false},"excerpt":{"rendered":"<p>La manca d&#8217;accessibilitat a edificis p\u00fablics i privats continua sent avui dia un problema. Persones grans, persones amb discapacitat o mobilitat redu\u00efda continuen tenint problemes per accedir als seus domicilis o espais p\u00fablics. Actualment, els edificis p\u00fablics i habitatges es dissenyen i es construeixen tenint en compte les necessitats d&#8217;aquests col\u00b7lectius. Tot i aix\u00f2, \u00e9s [&hellip;]<\/p>\n","protected":false},"author":1,"featured_media":7119,"comment_status":"open","ping_status":"open","sticky":false,"template":"","format":"standard","meta":{"_acf_changed":false,"ocean_post_layout":"","ocean_both_sidebars_style":"","ocean_both_sidebars_content_width":0,"ocean_both_sidebars_sidebars_width":0,"ocean_sidebar":"0","ocean_second_sidebar":"0","ocean_disable_margins":"enable","ocean_add_body_class":"","ocean_shortcode_before_top_bar":"","ocean_shortcode_after_top_bar":"","ocean_shortcode_before_header":"","ocean_shortcode_after_header":"","ocean_has_shortcode":"","ocean_shortcode_after_title":"","ocean_shortcode_before_footer_widgets":"","ocean_shortcode_after_footer_widgets":"","ocean_shortcode_before_footer_bottom":"","ocean_shortcode_after_footer_bottom":"","ocean_display_top_bar":"default","ocean_display_header":"default","ocean_header_style":"","ocean_center_header_left_menu":"0","ocean_custom_header_template":"0","ocean_custom_logo":0,"ocean_custom_retina_logo":0,"ocean_custom_logo_max_width":0,"ocean_custom_logo_tablet_max_width":0,"ocean_custom_logo_mobile_max_width":0,"ocean_custom_logo_max_height":0,"ocean_custom_logo_tablet_max_height":0,"ocean_custom_logo_mobile_max_height":0,"ocean_header_custom_menu":"0","ocean_menu_typo_font_family":"0","ocean_menu_typo_font_subset":"","ocean_menu_typo_font_size":0,"ocean_menu_typo_font_size_tablet":0,"ocean_menu_typo_font_size_mobile":0,"ocean_menu_typo_font_size_unit":"px","ocean_menu_typo_font_weight":"","ocean_menu_typo_font_weight_tablet":"","ocean_menu_typo_font_weight_mobile":"","ocean_menu_typo_transform":"","ocean_menu_typo_transform_tablet":"","ocean_menu_typo_transform_mobile":"","ocean_menu_typo_line_height":0,"ocean_menu_typo_line_height_tablet":0,"ocean_menu_typo_line_height_mobile":0,"ocean_menu_typo_line_height_unit":"","ocean_menu_typo_spacing":0,"ocean_menu_typo_spacing_tablet":0,"ocean_menu_typo_spacing_mobile":0,"ocean_menu_typo_spacing_unit":"","ocean_menu_link_color":"","ocean_menu_link_color_hover":"","ocean_menu_link_color_active":"","ocean_menu_link_background":"","ocean_menu_link_hover_background":"","ocean_menu_link_active_background":"","ocean_menu_social_links_bg":"","ocean_menu_social_hover_links_bg":"","ocean_menu_social_links_color":"","ocean_menu_social_hover_links_color":"","ocean_disable_title":"default","ocean_disable_heading":"default","ocean_post_title":"","ocean_post_subheading":"","ocean_post_title_style":"","ocean_post_title_background_color":"","ocean_post_title_background":0,"ocean_post_title_bg_image_position":"","ocean_post_title_bg_image_attachment":"","ocean_post_title_bg_image_repeat":"","ocean_post_title_bg_image_size":"","ocean_post_title_height":0,"ocean_post_title_bg_overlay":0.5,"ocean_post_title_bg_overlay_color":"","ocean_disable_breadcrumbs":"default","ocean_breadcrumbs_color":"","ocean_breadcrumbs_separator_color":"","ocean_breadcrumbs_links_color":"","ocean_breadcrumbs_links_hover_color":"","ocean_display_footer_widgets":"default","ocean_display_footer_bottom":"default","ocean_custom_footer_template":"0","ocean_post_oembed":"","ocean_post_self_hosted_media":"","ocean_post_video_embed":"","ocean_link_format":"","ocean_link_format_target":"self","ocean_quote_format":"","ocean_quote_format_link":"post","ocean_gallery_link_images":"off","ocean_gallery_id":[],"footnotes":""},"categories":[1],"tags":[],"class_list":["post-11478","post","type-post","status-publish","format-standard","has-post-thumbnail","hentry","category-sin-categorizar","entry","has-media"],"acf":[],"yoast_head":"<!-- This site is optimized with the Yoast SEO plugin v27.3 - https:\/\/yoast.com\/product\/yoast-seo-wordpress\/ -->\n<title>Eliminar barreres arquitect\u00f2niques a edificis: normes d&#039;accesibilitat - Fundaci\u00f3n Mutua de Propietarios<\/title>\n<meta name=\"robots\" content=\"index, follow, max-snippet:-1, max-image-preview:large, max-video-preview:-1\" \/>\n<link rel=\"canonical\" href=\"https:\/\/www.fundacionmdp.org\/ca\/eliminar-barreres-arquitectoniques-a-edificis\/\" \/>\n<meta property=\"og:locale\" content=\"ca_ES\" \/>\n<meta property=\"og:type\" content=\"article\" \/>\n<meta property=\"og:title\" content=\"Eliminar barreres arquitect\u00f2niques a edificis: normes d&#039;accesibilitat - Fundaci\u00f3n Mutua de Propietarios\" \/>\n<meta property=\"og:description\" content=\"La manca d&#8217;accessibilitat a edificis p\u00fablics i privats continua sent avui dia un problema. Persones grans, persones amb discapacitat o mobilitat redu\u00efda continuen tenint problemes per accedir als seus domicilis o espais p\u00fablics. Actualment, els edificis p\u00fablics i habitatges es dissenyen i es construeixen tenint en compte les necessitats d&#8217;aquests col\u00b7lectius. Tot i aix\u00f2, \u00e9s [&hellip;]\" \/>\n<meta property=\"og:url\" content=\"https:\/\/www.fundacionmdp.org\/ca\/eliminar-barreres-arquitectoniques-a-edificis\/\" \/>\n<meta property=\"og:site_name\" content=\"Fundaci\u00f3n Mutua de Propietarios\" \/>\n<meta property=\"article:published_time\" content=\"2025-05-08T10:58:00+00:00\" \/>\n<meta property=\"article:modified_time\" content=\"2025-05-08T14:54:46+00:00\" \/>\n<meta property=\"og:image\" content=\"https:\/\/www.fundacionmdp.org\/wp-content\/uploads\/2023\/05\/philipp-berndt-5i0GnoTTjSE-unsplash-scaled-1.jpg\" \/>\n\t<meta property=\"og:image:width\" content=\"2560\" \/>\n\t<meta property=\"og:image:height\" content=\"1843\" \/>\n\t<meta property=\"og:image:type\" content=\"image\/jpeg\" \/>\n<meta name=\"author\" content=\"fundacionmdp\" \/>\n<meta name=\"twitter:card\" content=\"summary_large_image\" \/>\n<meta name=\"twitter:label1\" content=\"Escrit per\" \/>\n\t<meta name=\"twitter:data1\" content=\"fundacionmdp\" \/>\n\t<meta name=\"twitter:label2\" content=\"Temps estimat de lectura\" \/>\n\t<meta name=\"twitter:data2\" content=\"6 minuts\" \/>\n<script type=\"application\/ld+json\" class=\"yoast-schema-graph\">{\"@context\":\"https:\\\/\\\/schema.org\",\"@graph\":[{\"@type\":\"Article\",\"@id\":\"https:\\\/\\\/www.fundacionmdp.org\\\/ca\\\/eliminar-barreres-arquitectoniques-a-edificis\\\/#article\",\"isPartOf\":{\"@id\":\"https:\\\/\\\/www.fundacionmdp.org\\\/ca\\\/eliminar-barreres-arquitectoniques-a-edificis\\\/\"},\"author\":{\"name\":\"fundacionmdp\",\"@id\":\"https:\\\/\\\/www.fundacionmdp.org\\\/#\\\/schema\\\/person\\\/12f9af801cac25dfcb5a96cb0090f703\"},\"headline\":\"Eliminar barreres arquitect\u00f2niques a edificis: normes d&#8217;accesibilitat\",\"datePublished\":\"2025-05-08T10:58:00+00:00\",\"dateModified\":\"2025-05-08T14:54:46+00:00\",\"mainEntityOfPage\":{\"@id\":\"https:\\\/\\\/www.fundacionmdp.org\\\/ca\\\/eliminar-barreres-arquitectoniques-a-edificis\\\/\"},\"wordCount\":1158,\"commentCount\":0,\"publisher\":{\"@id\":\"https:\\\/\\\/www.fundacionmdp.org\\\/#organization\"},\"image\":{\"@id\":\"https:\\\/\\\/www.fundacionmdp.org\\\/ca\\\/eliminar-barreres-arquitectoniques-a-edificis\\\/#primaryimage\"},\"thumbnailUrl\":\"https:\\\/\\\/www.fundacionmdp.org\\\/wp-content\\\/uploads\\\/2023\\\/05\\\/philipp-berndt-5i0GnoTTjSE-unsplash-scaled-1.jpg\",\"articleSection\":[\"Sin categorizar\"],\"inLanguage\":\"ca\",\"potentialAction\":[{\"@type\":\"CommentAction\",\"name\":\"Comment\",\"target\":[\"https:\\\/\\\/www.fundacionmdp.org\\\/ca\\\/eliminar-barreres-arquitectoniques-a-edificis\\\/#respond\"]}]},{\"@type\":\"WebPage\",\"@id\":\"https:\\\/\\\/www.fundacionmdp.org\\\/ca\\\/eliminar-barreres-arquitectoniques-a-edificis\\\/\",\"url\":\"https:\\\/\\\/www.fundacionmdp.org\\\/ca\\\/eliminar-barreres-arquitectoniques-a-edificis\\\/\",\"name\":\"Eliminar barreres arquitect\u00f2niques a edificis: normes d'accesibilitat - Fundaci\u00f3n Mutua de Propietarios\",\"isPartOf\":{\"@id\":\"https:\\\/\\\/www.fundacionmdp.org\\\/#website\"},\"primaryImageOfPage\":{\"@id\":\"https:\\\/\\\/www.fundacionmdp.org\\\/ca\\\/eliminar-barreres-arquitectoniques-a-edificis\\\/#primaryimage\"},\"image\":{\"@id\":\"https:\\\/\\\/www.fundacionmdp.org\\\/ca\\\/eliminar-barreres-arquitectoniques-a-edificis\\\/#primaryimage\"},\"thumbnailUrl\":\"https:\\\/\\\/www.fundacionmdp.org\\\/wp-content\\\/uploads\\\/2023\\\/05\\\/philipp-berndt-5i0GnoTTjSE-unsplash-scaled-1.jpg\",\"datePublished\":\"2025-05-08T10:58:00+00:00\",\"dateModified\":\"2025-05-08T14:54:46+00:00\",\"breadcrumb\":{\"@id\":\"https:\\\/\\\/www.fundacionmdp.org\\\/ca\\\/eliminar-barreres-arquitectoniques-a-edificis\\\/#breadcrumb\"},\"inLanguage\":\"ca\",\"potentialAction\":[{\"@type\":\"ReadAction\",\"target\":[\"https:\\\/\\\/www.fundacionmdp.org\\\/ca\\\/eliminar-barreres-arquitectoniques-a-edificis\\\/\"]}]},{\"@type\":\"ImageObject\",\"inLanguage\":\"ca\",\"@id\":\"https:\\\/\\\/www.fundacionmdp.org\\\/ca\\\/eliminar-barreres-arquitectoniques-a-edificis\\\/#primaryimage\",\"url\":\"https:\\\/\\\/www.fundacionmdp.org\\\/wp-content\\\/uploads\\\/2023\\\/05\\\/philipp-berndt-5i0GnoTTjSE-unsplash-scaled-1.jpg\",\"contentUrl\":\"https:\\\/\\\/www.fundacionmdp.org\\\/wp-content\\\/uploads\\\/2023\\\/05\\\/philipp-berndt-5i0GnoTTjSE-unsplash-scaled-1.jpg\",\"width\":2560,\"height\":1843},{\"@type\":\"BreadcrumbList\",\"@id\":\"https:\\\/\\\/www.fundacionmdp.org\\\/ca\\\/eliminar-barreres-arquitectoniques-a-edificis\\\/#breadcrumb\",\"itemListElement\":[{\"@type\":\"ListItem\",\"position\":1,\"name\":\"Home\",\"item\":\"https:\\\/\\\/www.fundacionmdp.org\\\/ca\\\/\"},{\"@type\":\"ListItem\",\"position\":2,\"name\":\"Eliminar barreres arquitect\u00f2niques a edificis: normes d&#8217;accesibilitat\"}]},{\"@type\":\"WebSite\",\"@id\":\"https:\\\/\\\/www.fundacionmdp.org\\\/#website\",\"url\":\"https:\\\/\\\/www.fundacionmdp.org\\\/\",\"name\":\"Fundaci\u00f3n Mutua de Propietarios\",\"description\":\"En la Fundaci\u00f3n Mutua de Propietarios te ayudamos a convertir tu edificio de viviendas en un espacio sin barreras arquitect\u00f3nicas.\",\"publisher\":{\"@id\":\"https:\\\/\\\/www.fundacionmdp.org\\\/#organization\"},\"potentialAction\":[{\"@type\":\"SearchAction\",\"target\":{\"@type\":\"EntryPoint\",\"urlTemplate\":\"https:\\\/\\\/www.fundacionmdp.org\\\/?s={search_term_string}\"},\"query-input\":{\"@type\":\"PropertyValueSpecification\",\"valueRequired\":true,\"valueName\":\"search_term_string\"}}],\"inLanguage\":\"ca\"},{\"@type\":\"Organization\",\"@id\":\"https:\\\/\\\/www.fundacionmdp.org\\\/#organization\",\"name\":\"Fundaci\u00f3n Mutua de Propietarios\",\"url\":\"https:\\\/\\\/www.fundacionmdp.org\\\/\",\"logo\":{\"@type\":\"ImageObject\",\"inLanguage\":\"ca\",\"@id\":\"https:\\\/\\\/www.fundacionmdp.org\\\/#\\\/schema\\\/logo\\\/image\\\/\",\"url\":\"https:\\\/\\\/www.fundacionmdp.org\\\/wp-content\\\/uploads\\\/2023\\\/05\\\/logo_FMdP_cat.png\",\"contentUrl\":\"https:\\\/\\\/www.fundacionmdp.org\\\/wp-content\\\/uploads\\\/2023\\\/05\\\/logo_FMdP_cat.png\",\"width\":655,\"height\":297,\"caption\":\"Fundaci\u00f3n Mutua de Propietarios\"},\"image\":{\"@id\":\"https:\\\/\\\/www.fundacionmdp.org\\\/#\\\/schema\\\/logo\\\/image\\\/\"}},{\"@type\":\"Person\",\"@id\":\"https:\\\/\\\/www.fundacionmdp.org\\\/#\\\/schema\\\/person\\\/12f9af801cac25dfcb5a96cb0090f703\",\"name\":\"fundacionmdp\",\"image\":{\"@type\":\"ImageObject\",\"inLanguage\":\"ca\",\"@id\":\"https:\\\/\\\/secure.gravatar.com\\\/avatar\\\/b540f93d1816a14d85e51109d050c3243b98fb660a665f517a6d2597cff3bbed?s=96&d=mm&r=g\",\"url\":\"https:\\\/\\\/secure.gravatar.com\\\/avatar\\\/b540f93d1816a14d85e51109d050c3243b98fb660a665f517a6d2597cff3bbed?s=96&d=mm&r=g\",\"contentUrl\":\"https:\\\/\\\/secure.gravatar.com\\\/avatar\\\/b540f93d1816a14d85e51109d050c3243b98fb660a665f517a6d2597cff3bbed?s=96&d=mm&r=g\",\"caption\":\"fundacionmdp\"},\"sameAs\":[\"http:\\\/\\\/prezuk.com.mialias.net\\\/fundacionmdp\"],\"url\":\"https:\\\/\\\/www.fundacionmdp.org\\\/ca\\\/author\\\/fundacionmdp\\\/\"}]}<\/script>\n<!-- \/ Yoast SEO plugin. -->","yoast_head_json":{"title":"Eliminar barreres arquitect\u00f2niques a edificis: normes d'accesibilitat - Fundaci\u00f3n Mutua de Propietarios","robots":{"index":"index","follow":"follow","max-snippet":"max-snippet:-1","max-image-preview":"max-image-preview:large","max-video-preview":"max-video-preview:-1"},"canonical":"https:\/\/www.fundacionmdp.org\/ca\/eliminar-barreres-arquitectoniques-a-edificis\/","og_locale":"ca_ES","og_type":"article","og_title":"Eliminar barreres arquitect\u00f2niques a edificis: normes d'accesibilitat - Fundaci\u00f3n Mutua de Propietarios","og_description":"La manca d&#8217;accessibilitat a edificis p\u00fablics i privats continua sent avui dia un problema. Persones grans, persones amb discapacitat o mobilitat redu\u00efda continuen tenint problemes per accedir als seus domicilis o espais p\u00fablics. Actualment, els edificis p\u00fablics i habitatges es dissenyen i es construeixen tenint en compte les necessitats d&#8217;aquests col\u00b7lectius. Tot i aix\u00f2, \u00e9s [&hellip;]","og_url":"https:\/\/www.fundacionmdp.org\/ca\/eliminar-barreres-arquitectoniques-a-edificis\/","og_site_name":"Fundaci\u00f3n Mutua de Propietarios","article_published_time":"2025-05-08T10:58:00+00:00","article_modified_time":"2025-05-08T14:54:46+00:00","og_image":[{"width":2560,"height":1843,"url":"https:\/\/www.fundacionmdp.org\/wp-content\/uploads\/2023\/05\/philipp-berndt-5i0GnoTTjSE-unsplash-scaled-1.jpg","type":"image\/jpeg"}],"author":"fundacionmdp","twitter_card":"summary_large_image","twitter_misc":{"Escrit per":"fundacionmdp","Temps estimat de lectura":"6 minuts"},"schema":{"@context":"https:\/\/schema.org","@graph":[{"@type":"Article","@id":"https:\/\/www.fundacionmdp.org\/ca\/eliminar-barreres-arquitectoniques-a-edificis\/#article","isPartOf":{"@id":"https:\/\/www.fundacionmdp.org\/ca\/eliminar-barreres-arquitectoniques-a-edificis\/"},"author":{"name":"fundacionmdp","@id":"https:\/\/www.fundacionmdp.org\/#\/schema\/person\/12f9af801cac25dfcb5a96cb0090f703"},"headline":"Eliminar barreres arquitect\u00f2niques a edificis: normes d&#8217;accesibilitat","datePublished":"2025-05-08T10:58:00+00:00","dateModified":"2025-05-08T14:54:46+00:00","mainEntityOfPage":{"@id":"https:\/\/www.fundacionmdp.org\/ca\/eliminar-barreres-arquitectoniques-a-edificis\/"},"wordCount":1158,"commentCount":0,"publisher":{"@id":"https:\/\/www.fundacionmdp.org\/#organization"},"image":{"@id":"https:\/\/www.fundacionmdp.org\/ca\/eliminar-barreres-arquitectoniques-a-edificis\/#primaryimage"},"thumbnailUrl":"https:\/\/www.fundacionmdp.org\/wp-content\/uploads\/2023\/05\/philipp-berndt-5i0GnoTTjSE-unsplash-scaled-1.jpg","articleSection":["Sin categorizar"],"inLanguage":"ca","potentialAction":[{"@type":"CommentAction","name":"Comment","target":["https:\/\/www.fundacionmdp.org\/ca\/eliminar-barreres-arquitectoniques-a-edificis\/#respond"]}]},{"@type":"WebPage","@id":"https:\/\/www.fundacionmdp.org\/ca\/eliminar-barreres-arquitectoniques-a-edificis\/","url":"https:\/\/www.fundacionmdp.org\/ca\/eliminar-barreres-arquitectoniques-a-edificis\/","name":"Eliminar barreres arquitect\u00f2niques a edificis: normes d'accesibilitat - Fundaci\u00f3n Mutua de Propietarios","isPartOf":{"@id":"https:\/\/www.fundacionmdp.org\/#website"},"primaryImageOfPage":{"@id":"https:\/\/www.fundacionmdp.org\/ca\/eliminar-barreres-arquitectoniques-a-edificis\/#primaryimage"},"image":{"@id":"https:\/\/www.fundacionmdp.org\/ca\/eliminar-barreres-arquitectoniques-a-edificis\/#primaryimage"},"thumbnailUrl":"https:\/\/www.fundacionmdp.org\/wp-content\/uploads\/2023\/05\/philipp-berndt-5i0GnoTTjSE-unsplash-scaled-1.jpg","datePublished":"2025-05-08T10:58:00+00:00","dateModified":"2025-05-08T14:54:46+00:00","breadcrumb":{"@id":"https:\/\/www.fundacionmdp.org\/ca\/eliminar-barreres-arquitectoniques-a-edificis\/#breadcrumb"},"inLanguage":"ca","potentialAction":[{"@type":"ReadAction","target":["https:\/\/www.fundacionmdp.org\/ca\/eliminar-barreres-arquitectoniques-a-edificis\/"]}]},{"@type":"ImageObject","inLanguage":"ca","@id":"https:\/\/www.fundacionmdp.org\/ca\/eliminar-barreres-arquitectoniques-a-edificis\/#primaryimage","url":"https:\/\/www.fundacionmdp.org\/wp-content\/uploads\/2023\/05\/philipp-berndt-5i0GnoTTjSE-unsplash-scaled-1.jpg","contentUrl":"https:\/\/www.fundacionmdp.org\/wp-content\/uploads\/2023\/05\/philipp-berndt-5i0GnoTTjSE-unsplash-scaled-1.jpg","width":2560,"height":1843},{"@type":"BreadcrumbList","@id":"https:\/\/www.fundacionmdp.org\/ca\/eliminar-barreres-arquitectoniques-a-edificis\/#breadcrumb","itemListElement":[{"@type":"ListItem","position":1,"name":"Home","item":"https:\/\/www.fundacionmdp.org\/ca\/"},{"@type":"ListItem","position":2,"name":"Eliminar barreres arquitect\u00f2niques a edificis: normes d&#8217;accesibilitat"}]},{"@type":"WebSite","@id":"https:\/\/www.fundacionmdp.org\/#website","url":"https:\/\/www.fundacionmdp.org\/","name":"Fundaci\u00f3n Mutua de Propietarios","description":"En la Fundaci\u00f3n Mutua de Propietarios te ayudamos a convertir tu edificio de viviendas en un espacio sin barreras arquitect\u00f3nicas.","publisher":{"@id":"https:\/\/www.fundacionmdp.org\/#organization"},"potentialAction":[{"@type":"SearchAction","target":{"@type":"EntryPoint","urlTemplate":"https:\/\/www.fundacionmdp.org\/?s={search_term_string}"},"query-input":{"@type":"PropertyValueSpecification","valueRequired":true,"valueName":"search_term_string"}}],"inLanguage":"ca"},{"@type":"Organization","@id":"https:\/\/www.fundacionmdp.org\/#organization","name":"Fundaci\u00f3n Mutua de Propietarios","url":"https:\/\/www.fundacionmdp.org\/","logo":{"@type":"ImageObject","inLanguage":"ca","@id":"https:\/\/www.fundacionmdp.org\/#\/schema\/logo\/image\/","url":"https:\/\/www.fundacionmdp.org\/wp-content\/uploads\/2023\/05\/logo_FMdP_cat.png","contentUrl":"https:\/\/www.fundacionmdp.org\/wp-content\/uploads\/2023\/05\/logo_FMdP_cat.png","width":655,"height":297,"caption":"Fundaci\u00f3n Mutua de Propietarios"},"image":{"@id":"https:\/\/www.fundacionmdp.org\/#\/schema\/logo\/image\/"}},{"@type":"Person","@id":"https:\/\/www.fundacionmdp.org\/#\/schema\/person\/12f9af801cac25dfcb5a96cb0090f703","name":"fundacionmdp","image":{"@type":"ImageObject","inLanguage":"ca","@id":"https:\/\/secure.gravatar.com\/avatar\/b540f93d1816a14d85e51109d050c3243b98fb660a665f517a6d2597cff3bbed?s=96&d=mm&r=g","url":"https:\/\/secure.gravatar.com\/avatar\/b540f93d1816a14d85e51109d050c3243b98fb660a665f517a6d2597cff3bbed?s=96&d=mm&r=g","contentUrl":"https:\/\/secure.gravatar.com\/avatar\/b540f93d1816a14d85e51109d050c3243b98fb660a665f517a6d2597cff3bbed?s=96&d=mm&r=g","caption":"fundacionmdp"},"sameAs":["http:\/\/prezuk.com.mialias.net\/fundacionmdp"],"url":"https:\/\/www.fundacionmdp.org\/ca\/author\/fundacionmdp\/"}]}},"_links":{"self":[{"href":"https:\/\/www.fundacionmdp.org\/ca\/wp-json\/wp\/v2\/posts\/11478","targetHints":{"allow":["GET"]}}],"collection":[{"href":"https:\/\/www.fundacionmdp.org\/ca\/wp-json\/wp\/v2\/posts"}],"about":[{"href":"https:\/\/www.fundacionmdp.org\/ca\/wp-json\/wp\/v2\/types\/post"}],"author":[{"embeddable":true,"href":"https:\/\/www.fundacionmdp.org\/ca\/wp-json\/wp\/v2\/users\/1"}],"replies":[{"embeddable":true,"href":"https:\/\/www.fundacionmdp.org\/ca\/wp-json\/wp\/v2\/comments?post=11478"}],"version-history":[{"count":5,"href":"https:\/\/www.fundacionmdp.org\/ca\/wp-json\/wp\/v2\/posts\/11478\/revisions"}],"predecessor-version":[{"id":11483,"href":"https:\/\/www.fundacionmdp.org\/ca\/wp-json\/wp\/v2\/posts\/11478\/revisions\/11483"}],"wp:featuredmedia":[{"embeddable":true,"href":"https:\/\/www.fundacionmdp.org\/ca\/wp-json\/wp\/v2\/media\/7119"}],"wp:attachment":[{"href":"https:\/\/www.fundacionmdp.org\/ca\/wp-json\/wp\/v2\/media?parent=11478"}],"wp:term":[{"taxonomy":"category","embeddable":true,"href":"https:\/\/www.fundacionmdp.org\/ca\/wp-json\/wp\/v2\/categories?post=11478"},{"taxonomy":"post_tag","embeddable":true,"href":"https:\/\/www.fundacionmdp.org\/ca\/wp-json\/wp\/v2\/tags?post=11478"}],"curies":[{"name":"wp","href":"https:\/\/api.w.org\/{rel}","templated":true}]}}