{"id":11494,"date":"2025-05-27T17:14:18","date_gmt":"2025-05-27T15:14:18","guid":{"rendered":"https:\/\/www.fundacionmdp.org\/?p=11494"},"modified":"2025-05-27T17:13:56","modified_gmt":"2025-05-27T15:13:56","slug":"que-son-les-barreres-arquitectoniques-exemples-en-edificis-i-comunitats-de-propietaris","status":"publish","type":"post","link":"https:\/\/www.fundacionmdp.org\/ca\/que-son-les-barreres-arquitectoniques-exemples-en-edificis-i-comunitats-de-propietaris\/","title":{"rendered":"Qu\u00e8 s\u00f3n les barreres arquitect\u00f2niques? Exemples en edificis i comunitats de propietaris"},"content":{"rendered":"\t\t<div data-elementor-type=\"wp-post\" data-elementor-id=\"11494\" class=\"elementor elementor-11494 elementor-11487\">\n\t\t\t\t<div class=\"elementor-element elementor-element-8b68ba0 e-flex e-con-boxed e-con e-parent\" data-id=\"8b68ba0\" data-element_type=\"container\" data-e-type=\"container\">\n\t\t\t\t\t<div class=\"e-con-inner\">\n\t\t\t\t<div class=\"elementor-element elementor-element-3445334 elementor-widget elementor-widget-text-editor\" data-id=\"3445334\" data-element_type=\"widget\" data-e-type=\"widget\" data-widget_type=\"text-editor.default\">\n\t\t\t\t<div class=\"elementor-widget-container\">\n\t\t\t\t\t\t\t\t\t<p>Les barreres arquitect\u00f2niques s\u00f3n el conjunt de tots els obstacles f\u00edsics que en els edificis impedeixen o dificulten l\u2019acc\u00e9s per a persones amb mobilitat redu\u00efda o algun tipus de discapacitat f\u00edsica. Si t\u2019interessa con\u00e8ixer exemples d\u2019aquest tipus de barreres en els edificis avui dia i vols saber com poden ser m\u00e9s accessibles, avui a <span style=\"color: #800000;\"><a style=\"color: #800000;\" href=\"https:\/\/www.fundacionmdp.org\/\">Fundaci\u00f3n Mutua Propietarios<\/a>,<\/span> t\u2019ho expliquem tot.<\/p><h2>Qu\u00e8 s\u00f3n les barreres arquitect\u00f2niques?<\/h2><h3>Definici\u00f3 de barreres arquitect\u00f2niques<\/h3><p>Com hem dit, les barreres arquitect\u00f2niques s\u00f3n tots aquells obstacles f\u00edsics presents en els edificis o tamb\u00e9 en els espais urbans que dificulten o impedeixen la lliure mobilitat i l\u2019\u00fas d\u2019aquests espais per persones amb mobilitat redu\u00efda, alguna discapacitat f\u00edsica, o dificultats de moviment (com pot ser el cas de les persones grans, els nens o persones que tenen alguna lesi\u00f3 temporal).<\/p><p>Aquests obstacles poden ser evidents per a tothom, com passa en edificis que no compten amb ascensors o escales amb rampa, per\u00f2 tamb\u00e9 poden ser subtils i gaireb\u00e9 imperceptibles per a les persones que no experimenten cap tipus de dificultat, com podria ser, per exemple, un passad\u00eds massa estret com perqu\u00e8 entri una cadira de rodes o una porta sense obertura autom\u00e0tica. Per aix\u00f2, \u00e9s important comptar amb una s\u00e8rie de mesures per millorar l\u2019accessibilitat dels nostres espais i edificis, una labor amb la qual Fundaci\u00f3 Mutua Propietarios estem plenament compromesos.<\/p><h3>Per qu\u00e8 s\u00f3n un problema les barreres arquitect\u00f2niques en els habitatges?<\/h3><p>Les barreres arquitect\u00f2niques en habitatges suposen grans obstacles per a les persones amb mobilitat redu\u00efda, ja que limiten la seva capacitat d\u2019autonomia i independ\u00e8ncia. En termes generals, no comptar amb edificis accessibles per a cada persona repercuteix en la qualitat de vida, especialment en els afectats, per\u00f2 tamb\u00e9 en la societat en general, que es torna menys lliure, justa i equitativa. A m\u00e9s, les barreres arquitect\u00f2niques en edificis, habitatges i entorns poden afectar l\u2019autoestima de les persones, generar depend\u00e8ncia i impedir la mobilitat en el dia a dia dificultant la bona integraci\u00f3 en la societat i la vida comunit\u00e0ria, aix\u00ed com en la vida personal i laboral de les persones amb algun tipus de discapacitat o diversitat funcional.<\/p><h2>Tipus de barreres arquitect\u00f2niques en edificis d\u2019habitatges<\/h2><p>Existeix una enorme varietat de barreres arquitect\u00f2niques amb les quals les persones amb mobilitat redu\u00efda s\u2019enfronten en el seu dia a dia. Poder catalogar-les en els diferents tipus ens ajuda a atendre de manera particular les diferents necessitats d\u2019accessibilitat:<\/p><ol><li>Barreres f\u00edsiques d\u2019acc\u00e9s<\/li><\/ol><p>Aquestes barreres es troben en els punts d\u2019entrada i sortida dels edificis. Inclouen esglaons en l\u2019entrada, abs\u00e8ncia de rampes o portes massa pesades com per emp\u00e8nyer-les si es t\u00e9 algun problema de mobilitat o s\u2019utilitza una cadira de rodes.<\/p><ol start=\"2\"><li>Barreres en zones comunes (portals, ascensors, escales)<\/li><\/ol><p>En les zones comunes dels edificis, com s\u00f3n els portals, els ascensors o les escales, \u00e9s molt freq\u00fcent trobar-se amb obstacles com portes elevades sense rampes, escales sense passamans ni ascensor o esglaons irregulars. Totes aquestes barreres podrien impedir que les persones accedissin de manera c\u00f2moda a la sortida i a l\u2019entrada als seus habitatges, impedint-los el seu dret a la llibertat de moviment.<\/p><ol><li>Barreres dins dels habitatges (portes, banys, cuines)<\/li><\/ol><p>Ja dins de les llars tamb\u00e9 existeixen barreres arquitect\u00f2niques. S\u00f3n molts els habitatges que no compten amb les mesures d\u2019accessibilitat necess\u00e0ries tant en passadissos i portes, com en banys i cuines. Un acc\u00e9s massa estret, un bany on no entra una cadira de rodes o una cuina amb elements d\u2019acc\u00e9s dif\u00edcil des d\u2019una cadira de rodes poden dificultar enormement la rutina di\u00e0ria de les persones amb discapacitat i no nom\u00e9s empitjorar la seva autonomia, sin\u00f3 tamb\u00e9 comprometre la seva seguretat.<\/p><h2>Exemples de barreres arquitect\u00f2niques en edificis d\u2019habitatges<\/h2><p>A continuaci\u00f3, realitzarem un breu rep\u00e0s d\u2019alguns exemples de barreres arquitect\u00f2niques en edificis d\u2019habitatges, per posar el focus en com poden arribar a dificultar la vida quotidiana de les persones amb mobilitat redu\u00efda:<\/p><h3>Portals sense rampa d\u2019acc\u00e9s<\/h3><p>Un dels exemples m\u00e9s comuns \u00e9s el portal d\u2019un edifici al qual nom\u00e9s es pot accedir pujant esglaons i que no compta amb rampes d\u2019acc\u00e9s per cadires de rodes o carrets. Aix\u00f2 fa que les persones hagin de demanar ajuda cada vegada que volen entrar o sortir del seu propi habitatge.<\/p><h3>Ascensors inaccessibles o inexistents<\/h3><p>Un altre problema molt freq\u00fcent \u00e9s que, en molts edificis antics, no hi ha ascensors o aquests s\u00f3n massa petits com perqu\u00e8 hi c\u00e0piga una cadira de rodes. Tamb\u00e9 pot ser que l\u2019ascensor no compti amb portes autom\u00e0tiques o que no arribi a cota zero (el nivell inferior) i que per arribar-hi s\u2019hagi de superar un tram d\u2019escales. Aix\u00f2 tanca a moltes persones a casa seva, tant a persones amb cadira de rodes com a persones grans o amb dificultats de mobilitat, fent que hagin de demanar ajuda per entrar o sortir i limitant la seva independ\u00e8ncia.<\/p><h3>Portes estretes i escales sense passamans<\/h3><p>Les portes massa estretes impedeixen el pas de cadires de rodes o caminadors. D\u2019altra banda, les escales sense passamans o amb esglaons irregulars suposen un risc de caigudes i accidents, arribant a ser molt perilloses quan no compleixen amb els requisits de seguretat necessaris.<\/p><h3>Adaptacions recomanades per millorar l\u2019accessibilitat en habitatges<\/h3><p>Entre les adaptacions m\u00e9s recomanades per millorar l\u2019accessibilitat trobem, en primer lloc, la instal\u00b7laci\u00f3 de rampes, ascensors accessibles i portes autom\u00e0tiques. A m\u00e9s, es recomana tamb\u00e9 ampliar l\u2019amplada dels passadissos, substituir banyeres per plats de dutxa i assegurar el bon estat d\u2019escales i passamans. Aquestes millores no nom\u00e9s beneficien persones amb discapacitat o mobilitat redu\u00efda sin\u00f3 que tamb\u00e9 augmenten la comoditat i seguretat per a tots els residents.<\/p><h2>Com eliminar les barreres arquitect\u00f2niques en edificis d\u2019habitatges?<\/h2><h3>Mesures pr\u00e0ctiques d\u2019accessibilitat<\/h3><p>L\u2019eliminaci\u00f3 de barreres arquitect\u00f2niques \u00e9s tot un repte en qu\u00e8 cal treballar de manera progressiva, ja que requereix una an\u00e0lisi de cada situaci\u00f3 en funci\u00f3 de l\u2019espai amb qu\u00e8 es compta, el tipus d\u2019edifici, per aconseguir solucions adaptades. A continuaci\u00f3, et presentem una llista amb algunes mesures pr\u00e0ctiques que es poden dur a terme per millorar l\u2019accessibilitat:<\/p><ul><li>Instal\u00b7laci\u00f3 de rampes en portals i zones d\u2019acc\u00e9s.<\/li><li>Col\u00b7locaci\u00f3 d\u2019ascensors o plataformes d\u2019ascens.<\/li><li>Ampliaci\u00f3 de portes i passadissos per permetre el pas de cadires de rodes.<\/li><li>Instal\u00b7laci\u00f3 de passamans en escales i zones de molt tr\u00e0nsit.<\/li><li>Incorporaci\u00f3 de sistemes d\u2019obertura autom\u00e0tica de portes i elements de senyalitzaci\u00f3 per a diferents tipus de discapacitat f\u00edsica.<\/li><\/ul><h2>Conclusi\u00f3: un futur m\u00e9s accessible \u00e9s possible eliminant barreres arquitect\u00f2niques<\/h2><p>Les barreres arquitect\u00f2niques en els edificis d\u2019habitatges suposen un obstacle real per l\u2019autonomia i qualitat de vida de moltes persones. La seva eliminaci\u00f3 no nom\u00e9s \u00e9s una obligaci\u00f3 de les comunitats de propietaris, sin\u00f3 que \u00e9s tamb\u00e9 una responsabilitat social que pot aconseguir assolir una societat m\u00e9s justa i accessible per a tothom.<\/p><p>A Fundaci\u00f3 Mutua Propietarios estem compromesos amb aquesta missi\u00f3 i volem ser part del canvi que ajudi a crear espais sense barreres. Si vols millorar l\u2019accessibilitat en el teu edifici, informa\u2019t sobre les subvencions econ\u00f2miques disponibles del nostre <span style=\"color: #800000;\"><a style=\"color: #800000;\" href=\"https:\/\/www.fundacionmdp.org\/programa-de-ajuts-sense-barreres\/\">Programa d\u2019Ajuts Sense Barreres <\/a>\u00a0<\/span>i fes el primer pas cap a un futur m\u00e9s accessible, de la m\u00e0 de <span style=\"color: #800000;\"><a style=\"color: #800000;\" href=\"https:\/\/www.fundacionmdp.org\/\">Fundaci\u00f3 Mutua Propietarios.<\/a>\u00a0<\/span><\/p>\t\t\t\t\t\t\t\t<\/div>\n\t\t\t\t<\/div>\n\t\t\t\t\t<\/div>\n\t\t\t\t<\/div>\n\t\t\t\t<\/div>\n\t\t","protected":false},"excerpt":{"rendered":"<p>Les barreres arquitect\u00f2niques s\u00f3n el conjunt de tots els obstacles f\u00edsics que en els edificis impedeixen o dificulten l\u2019acc\u00e9s per a persones amb mobilitat redu\u00efda o algun tipus de discapacitat f\u00edsica. Si t\u2019interessa con\u00e8ixer exemples d\u2019aquest tipus de barreres en els edificis avui dia i vols saber com poden ser m\u00e9s accessibles, avui a Fundaci\u00f3n [&hellip;]<\/p>\n","protected":false},"author":1,"featured_media":11489,"comment_status":"open","ping_status":"open","sticky":false,"template":"","format":"standard","meta":{"_acf_changed":false,"ocean_post_layout":"","ocean_both_sidebars_style":"","ocean_both_sidebars_content_width":0,"ocean_both_sidebars_sidebars_width":0,"ocean_sidebar":"","ocean_second_sidebar":"","ocean_disable_margins":"enable","ocean_add_body_class":"","ocean_shortcode_before_top_bar":"","ocean_shortcode_after_top_bar":"","ocean_shortcode_before_header":"","ocean_shortcode_after_header":"","ocean_has_shortcode":"","ocean_shortcode_after_title":"","ocean_shortcode_before_footer_widgets":"","ocean_shortcode_after_footer_widgets":"","ocean_shortcode_before_footer_bottom":"","ocean_shortcode_after_footer_bottom":"","ocean_display_top_bar":"default","ocean_display_header":"default","ocean_header_style":"","ocean_center_header_left_menu":"","ocean_custom_header_template":"","ocean_custom_logo":0,"ocean_custom_retina_logo":0,"ocean_custom_logo_max_width":0,"ocean_custom_logo_tablet_max_width":0,"ocean_custom_logo_mobile_max_width":0,"ocean_custom_logo_max_height":0,"ocean_custom_logo_tablet_max_height":0,"ocean_custom_logo_mobile_max_height":0,"ocean_header_custom_menu":"","ocean_menu_typo_font_family":"","ocean_menu_typo_font_subset":"","ocean_menu_typo_font_size":0,"ocean_menu_typo_font_size_tablet":0,"ocean_menu_typo_font_size_mobile":0,"ocean_menu_typo_font_size_unit":"px","ocean_menu_typo_font_weight":"","ocean_menu_typo_font_weight_tablet":"","ocean_menu_typo_font_weight_mobile":"","ocean_menu_typo_transform":"","ocean_menu_typo_transform_tablet":"","ocean_menu_typo_transform_mobile":"","ocean_menu_typo_line_height":0,"ocean_menu_typo_line_height_tablet":0,"ocean_menu_typo_line_height_mobile":0,"ocean_menu_typo_line_height_unit":"","ocean_menu_typo_spacing":0,"ocean_menu_typo_spacing_tablet":0,"ocean_menu_typo_spacing_mobile":0,"ocean_menu_typo_spacing_unit":"","ocean_menu_link_color":"","ocean_menu_link_color_hover":"","ocean_menu_link_color_active":"","ocean_menu_link_background":"","ocean_menu_link_hover_background":"","ocean_menu_link_active_background":"","ocean_menu_social_links_bg":"","ocean_menu_social_hover_links_bg":"","ocean_menu_social_links_color":"","ocean_menu_social_hover_links_color":"","ocean_disable_title":"default","ocean_disable_heading":"default","ocean_post_title":"","ocean_post_subheading":"","ocean_post_title_style":"","ocean_post_title_background_color":"","ocean_post_title_background":0,"ocean_post_title_bg_image_position":"","ocean_post_title_bg_image_attachment":"","ocean_post_title_bg_image_repeat":"","ocean_post_title_bg_image_size":"","ocean_post_title_height":0,"ocean_post_title_bg_overlay":0.5,"ocean_post_title_bg_overlay_color":"","ocean_disable_breadcrumbs":"default","ocean_breadcrumbs_color":"","ocean_breadcrumbs_separator_color":"","ocean_breadcrumbs_links_color":"","ocean_breadcrumbs_links_hover_color":"","ocean_display_footer_widgets":"default","ocean_display_footer_bottom":"default","ocean_custom_footer_template":"","ocean_post_oembed":"","ocean_post_self_hosted_media":"","ocean_post_video_embed":"","ocean_link_format":"","ocean_link_format_target":"self","ocean_quote_format":"","ocean_quote_format_link":"post","ocean_gallery_link_images":"on","ocean_gallery_id":[],"footnotes":""},"categories":[1],"tags":[],"class_list":["post-11494","post","type-post","status-publish","format-standard","has-post-thumbnail","hentry","category-sin-categorizar","entry","has-media"],"acf":[],"yoast_head":"<!-- This site is optimized with the Yoast SEO plugin v27.3 - https:\/\/yoast.com\/product\/yoast-seo-wordpress\/ -->\n<title>Qu\u00e8 s\u00f3n les barreres arquitect\u00f2niques? Exemples en edificis i comunitats de propietaris - Fundaci\u00f3n Mutua de Propietarios<\/title>\n<meta name=\"robots\" content=\"index, follow, max-snippet:-1, max-image-preview:large, max-video-preview:-1\" \/>\n<link rel=\"canonical\" href=\"https:\/\/www.fundacionmdp.org\/ca\/que-son-les-barreres-arquitectoniques-exemples-en-edificis-i-comunitats-de-propietaris\/\" \/>\n<meta property=\"og:locale\" content=\"ca_ES\" \/>\n<meta property=\"og:type\" content=\"article\" \/>\n<meta property=\"og:title\" content=\"Qu\u00e8 s\u00f3n les barreres arquitect\u00f2niques? Exemples en edificis i comunitats de propietaris - Fundaci\u00f3n Mutua de Propietarios\" \/>\n<meta property=\"og:description\" content=\"Les barreres arquitect\u00f2niques s\u00f3n el conjunt de tots els obstacles f\u00edsics que en els edificis impedeixen o dificulten l\u2019acc\u00e9s per a persones amb mobilitat redu\u00efda o algun tipus de discapacitat f\u00edsica. Si t\u2019interessa con\u00e8ixer exemples d\u2019aquest tipus de barreres en els edificis avui dia i vols saber com poden ser m\u00e9s accessibles, avui a Fundaci\u00f3n [&hellip;]\" \/>\n<meta property=\"og:url\" content=\"https:\/\/www.fundacionmdp.org\/ca\/que-son-les-barreres-arquitectoniques-exemples-en-edificis-i-comunitats-de-propietaris\/\" \/>\n<meta property=\"og:site_name\" content=\"Fundaci\u00f3n Mutua de Propietarios\" \/>\n<meta property=\"article:published_time\" content=\"2025-05-27T15:14:18+00:00\" \/>\n<meta property=\"og:image\" content=\"https:\/\/www.fundacionmdp.org\/wp-content\/uploads\/2025\/05\/30-9-20.jpg\" \/>\n\t<meta property=\"og:image:width\" content=\"1000\" \/>\n\t<meta property=\"og:image:height\" content=\"743\" \/>\n\t<meta property=\"og:image:type\" content=\"image\/jpeg\" \/>\n<meta name=\"author\" content=\"fundacionmdp\" \/>\n<meta name=\"twitter:card\" content=\"summary_large_image\" \/>\n<meta name=\"twitter:label1\" content=\"Escrit per\" \/>\n\t<meta name=\"twitter:data1\" content=\"fundacionmdp\" \/>\n\t<meta name=\"twitter:label2\" content=\"Temps estimat de lectura\" \/>\n\t<meta name=\"twitter:data2\" content=\"6 minuts\" \/>\n<script type=\"application\/ld+json\" class=\"yoast-schema-graph\">{\"@context\":\"https:\\\/\\\/schema.org\",\"@graph\":[{\"@type\":\"Article\",\"@id\":\"https:\\\/\\\/www.fundacionmdp.org\\\/ca\\\/que-son-les-barreres-arquitectoniques-exemples-en-edificis-i-comunitats-de-propietaris\\\/#article\",\"isPartOf\":{\"@id\":\"https:\\\/\\\/www.fundacionmdp.org\\\/ca\\\/que-son-les-barreres-arquitectoniques-exemples-en-edificis-i-comunitats-de-propietaris\\\/\"},\"author\":{\"name\":\"fundacionmdp\",\"@id\":\"https:\\\/\\\/www.fundacionmdp.org\\\/#\\\/schema\\\/person\\\/12f9af801cac25dfcb5a96cb0090f703\"},\"headline\":\"Qu\u00e8 s\u00f3n les barreres arquitect\u00f2niques? Exemples en edificis i comunitats de propietaris\",\"datePublished\":\"2025-05-27T15:14:18+00:00\",\"mainEntityOfPage\":{\"@id\":\"https:\\\/\\\/www.fundacionmdp.org\\\/ca\\\/que-son-les-barreres-arquitectoniques-exemples-en-edificis-i-comunitats-de-propietaris\\\/\"},\"wordCount\":1311,\"commentCount\":0,\"publisher\":{\"@id\":\"https:\\\/\\\/www.fundacionmdp.org\\\/#organization\"},\"image\":{\"@id\":\"https:\\\/\\\/www.fundacionmdp.org\\\/ca\\\/que-son-les-barreres-arquitectoniques-exemples-en-edificis-i-comunitats-de-propietaris\\\/#primaryimage\"},\"thumbnailUrl\":\"https:\\\/\\\/www.fundacionmdp.org\\\/wp-content\\\/uploads\\\/2025\\\/05\\\/30-9-20.jpg\",\"articleSection\":[\"Sin categorizar\"],\"inLanguage\":\"ca\",\"potentialAction\":[{\"@type\":\"CommentAction\",\"name\":\"Comment\",\"target\":[\"https:\\\/\\\/www.fundacionmdp.org\\\/ca\\\/que-son-les-barreres-arquitectoniques-exemples-en-edificis-i-comunitats-de-propietaris\\\/#respond\"]}]},{\"@type\":\"WebPage\",\"@id\":\"https:\\\/\\\/www.fundacionmdp.org\\\/ca\\\/que-son-les-barreres-arquitectoniques-exemples-en-edificis-i-comunitats-de-propietaris\\\/\",\"url\":\"https:\\\/\\\/www.fundacionmdp.org\\\/ca\\\/que-son-les-barreres-arquitectoniques-exemples-en-edificis-i-comunitats-de-propietaris\\\/\",\"name\":\"Qu\u00e8 s\u00f3n les barreres arquitect\u00f2niques? Exemples en edificis i comunitats de propietaris - Fundaci\u00f3n Mutua de Propietarios\",\"isPartOf\":{\"@id\":\"https:\\\/\\\/www.fundacionmdp.org\\\/#website\"},\"primaryImageOfPage\":{\"@id\":\"https:\\\/\\\/www.fundacionmdp.org\\\/ca\\\/que-son-les-barreres-arquitectoniques-exemples-en-edificis-i-comunitats-de-propietaris\\\/#primaryimage\"},\"image\":{\"@id\":\"https:\\\/\\\/www.fundacionmdp.org\\\/ca\\\/que-son-les-barreres-arquitectoniques-exemples-en-edificis-i-comunitats-de-propietaris\\\/#primaryimage\"},\"thumbnailUrl\":\"https:\\\/\\\/www.fundacionmdp.org\\\/wp-content\\\/uploads\\\/2025\\\/05\\\/30-9-20.jpg\",\"datePublished\":\"2025-05-27T15:14:18+00:00\",\"breadcrumb\":{\"@id\":\"https:\\\/\\\/www.fundacionmdp.org\\\/ca\\\/que-son-les-barreres-arquitectoniques-exemples-en-edificis-i-comunitats-de-propietaris\\\/#breadcrumb\"},\"inLanguage\":\"ca\",\"potentialAction\":[{\"@type\":\"ReadAction\",\"target\":[\"https:\\\/\\\/www.fundacionmdp.org\\\/ca\\\/que-son-les-barreres-arquitectoniques-exemples-en-edificis-i-comunitats-de-propietaris\\\/\"]}]},{\"@type\":\"ImageObject\",\"inLanguage\":\"ca\",\"@id\":\"https:\\\/\\\/www.fundacionmdp.org\\\/ca\\\/que-son-les-barreres-arquitectoniques-exemples-en-edificis-i-comunitats-de-propietaris\\\/#primaryimage\",\"url\":\"https:\\\/\\\/www.fundacionmdp.org\\\/wp-content\\\/uploads\\\/2025\\\/05\\\/30-9-20.jpg\",\"contentUrl\":\"https:\\\/\\\/www.fundacionmdp.org\\\/wp-content\\\/uploads\\\/2025\\\/05\\\/30-9-20.jpg\",\"width\":1000,\"height\":743},{\"@type\":\"BreadcrumbList\",\"@id\":\"https:\\\/\\\/www.fundacionmdp.org\\\/ca\\\/que-son-les-barreres-arquitectoniques-exemples-en-edificis-i-comunitats-de-propietaris\\\/#breadcrumb\",\"itemListElement\":[{\"@type\":\"ListItem\",\"position\":1,\"name\":\"Home\",\"item\":\"https:\\\/\\\/www.fundacionmdp.org\\\/ca\\\/\"},{\"@type\":\"ListItem\",\"position\":2,\"name\":\"Qu\u00e8 s\u00f3n les barreres arquitect\u00f2niques? Exemples en edificis i comunitats de propietaris\"}]},{\"@type\":\"WebSite\",\"@id\":\"https:\\\/\\\/www.fundacionmdp.org\\\/#website\",\"url\":\"https:\\\/\\\/www.fundacionmdp.org\\\/\",\"name\":\"Fundaci\u00f3n Mutua de Propietarios\",\"description\":\"En la Fundaci\u00f3n Mutua de Propietarios te ayudamos a convertir tu edificio de viviendas en un espacio sin barreras arquitect\u00f3nicas.\",\"publisher\":{\"@id\":\"https:\\\/\\\/www.fundacionmdp.org\\\/#organization\"},\"potentialAction\":[{\"@type\":\"SearchAction\",\"target\":{\"@type\":\"EntryPoint\",\"urlTemplate\":\"https:\\\/\\\/www.fundacionmdp.org\\\/?s={search_term_string}\"},\"query-input\":{\"@type\":\"PropertyValueSpecification\",\"valueRequired\":true,\"valueName\":\"search_term_string\"}}],\"inLanguage\":\"ca\"},{\"@type\":\"Organization\",\"@id\":\"https:\\\/\\\/www.fundacionmdp.org\\\/#organization\",\"name\":\"Fundaci\u00f3n Mutua de Propietarios\",\"url\":\"https:\\\/\\\/www.fundacionmdp.org\\\/\",\"logo\":{\"@type\":\"ImageObject\",\"inLanguage\":\"ca\",\"@id\":\"https:\\\/\\\/www.fundacionmdp.org\\\/#\\\/schema\\\/logo\\\/image\\\/\",\"url\":\"https:\\\/\\\/www.fundacionmdp.org\\\/wp-content\\\/uploads\\\/2023\\\/05\\\/logo_FMdP_cat.png\",\"contentUrl\":\"https:\\\/\\\/www.fundacionmdp.org\\\/wp-content\\\/uploads\\\/2023\\\/05\\\/logo_FMdP_cat.png\",\"width\":655,\"height\":297,\"caption\":\"Fundaci\u00f3n Mutua de Propietarios\"},\"image\":{\"@id\":\"https:\\\/\\\/www.fundacionmdp.org\\\/#\\\/schema\\\/logo\\\/image\\\/\"}},{\"@type\":\"Person\",\"@id\":\"https:\\\/\\\/www.fundacionmdp.org\\\/#\\\/schema\\\/person\\\/12f9af801cac25dfcb5a96cb0090f703\",\"name\":\"fundacionmdp\",\"image\":{\"@type\":\"ImageObject\",\"inLanguage\":\"ca\",\"@id\":\"https:\\\/\\\/secure.gravatar.com\\\/avatar\\\/b540f93d1816a14d85e51109d050c3243b98fb660a665f517a6d2597cff3bbed?s=96&d=mm&r=g\",\"url\":\"https:\\\/\\\/secure.gravatar.com\\\/avatar\\\/b540f93d1816a14d85e51109d050c3243b98fb660a665f517a6d2597cff3bbed?s=96&d=mm&r=g\",\"contentUrl\":\"https:\\\/\\\/secure.gravatar.com\\\/avatar\\\/b540f93d1816a14d85e51109d050c3243b98fb660a665f517a6d2597cff3bbed?s=96&d=mm&r=g\",\"caption\":\"fundacionmdp\"},\"sameAs\":[\"http:\\\/\\\/prezuk.com.mialias.net\\\/fundacionmdp\"],\"url\":\"https:\\\/\\\/www.fundacionmdp.org\\\/ca\\\/author\\\/fundacionmdp\\\/\"}]}<\/script>\n<!-- \/ Yoast SEO plugin. -->","yoast_head_json":{"title":"Qu\u00e8 s\u00f3n les barreres arquitect\u00f2niques? Exemples en edificis i comunitats de propietaris - Fundaci\u00f3n Mutua de Propietarios","robots":{"index":"index","follow":"follow","max-snippet":"max-snippet:-1","max-image-preview":"max-image-preview:large","max-video-preview":"max-video-preview:-1"},"canonical":"https:\/\/www.fundacionmdp.org\/ca\/que-son-les-barreres-arquitectoniques-exemples-en-edificis-i-comunitats-de-propietaris\/","og_locale":"ca_ES","og_type":"article","og_title":"Qu\u00e8 s\u00f3n les barreres arquitect\u00f2niques? Exemples en edificis i comunitats de propietaris - Fundaci\u00f3n Mutua de Propietarios","og_description":"Les barreres arquitect\u00f2niques s\u00f3n el conjunt de tots els obstacles f\u00edsics que en els edificis impedeixen o dificulten l\u2019acc\u00e9s per a persones amb mobilitat redu\u00efda o algun tipus de discapacitat f\u00edsica. Si t\u2019interessa con\u00e8ixer exemples d\u2019aquest tipus de barreres en els edificis avui dia i vols saber com poden ser m\u00e9s accessibles, avui a Fundaci\u00f3n [&hellip;]","og_url":"https:\/\/www.fundacionmdp.org\/ca\/que-son-les-barreres-arquitectoniques-exemples-en-edificis-i-comunitats-de-propietaris\/","og_site_name":"Fundaci\u00f3n Mutua de Propietarios","article_published_time":"2025-05-27T15:14:18+00:00","og_image":[{"width":1000,"height":743,"url":"https:\/\/www.fundacionmdp.org\/wp-content\/uploads\/2025\/05\/30-9-20.jpg","type":"image\/jpeg"}],"author":"fundacionmdp","twitter_card":"summary_large_image","twitter_misc":{"Escrit per":"fundacionmdp","Temps estimat de lectura":"6 minuts"},"schema":{"@context":"https:\/\/schema.org","@graph":[{"@type":"Article","@id":"https:\/\/www.fundacionmdp.org\/ca\/que-son-les-barreres-arquitectoniques-exemples-en-edificis-i-comunitats-de-propietaris\/#article","isPartOf":{"@id":"https:\/\/www.fundacionmdp.org\/ca\/que-son-les-barreres-arquitectoniques-exemples-en-edificis-i-comunitats-de-propietaris\/"},"author":{"name":"fundacionmdp","@id":"https:\/\/www.fundacionmdp.org\/#\/schema\/person\/12f9af801cac25dfcb5a96cb0090f703"},"headline":"Qu\u00e8 s\u00f3n les barreres arquitect\u00f2niques? Exemples en edificis i comunitats de propietaris","datePublished":"2025-05-27T15:14:18+00:00","mainEntityOfPage":{"@id":"https:\/\/www.fundacionmdp.org\/ca\/que-son-les-barreres-arquitectoniques-exemples-en-edificis-i-comunitats-de-propietaris\/"},"wordCount":1311,"commentCount":0,"publisher":{"@id":"https:\/\/www.fundacionmdp.org\/#organization"},"image":{"@id":"https:\/\/www.fundacionmdp.org\/ca\/que-son-les-barreres-arquitectoniques-exemples-en-edificis-i-comunitats-de-propietaris\/#primaryimage"},"thumbnailUrl":"https:\/\/www.fundacionmdp.org\/wp-content\/uploads\/2025\/05\/30-9-20.jpg","articleSection":["Sin categorizar"],"inLanguage":"ca","potentialAction":[{"@type":"CommentAction","name":"Comment","target":["https:\/\/www.fundacionmdp.org\/ca\/que-son-les-barreres-arquitectoniques-exemples-en-edificis-i-comunitats-de-propietaris\/#respond"]}]},{"@type":"WebPage","@id":"https:\/\/www.fundacionmdp.org\/ca\/que-son-les-barreres-arquitectoniques-exemples-en-edificis-i-comunitats-de-propietaris\/","url":"https:\/\/www.fundacionmdp.org\/ca\/que-son-les-barreres-arquitectoniques-exemples-en-edificis-i-comunitats-de-propietaris\/","name":"Qu\u00e8 s\u00f3n les barreres arquitect\u00f2niques? Exemples en edificis i comunitats de propietaris - Fundaci\u00f3n Mutua de Propietarios","isPartOf":{"@id":"https:\/\/www.fundacionmdp.org\/#website"},"primaryImageOfPage":{"@id":"https:\/\/www.fundacionmdp.org\/ca\/que-son-les-barreres-arquitectoniques-exemples-en-edificis-i-comunitats-de-propietaris\/#primaryimage"},"image":{"@id":"https:\/\/www.fundacionmdp.org\/ca\/que-son-les-barreres-arquitectoniques-exemples-en-edificis-i-comunitats-de-propietaris\/#primaryimage"},"thumbnailUrl":"https:\/\/www.fundacionmdp.org\/wp-content\/uploads\/2025\/05\/30-9-20.jpg","datePublished":"2025-05-27T15:14:18+00:00","breadcrumb":{"@id":"https:\/\/www.fundacionmdp.org\/ca\/que-son-les-barreres-arquitectoniques-exemples-en-edificis-i-comunitats-de-propietaris\/#breadcrumb"},"inLanguage":"ca","potentialAction":[{"@type":"ReadAction","target":["https:\/\/www.fundacionmdp.org\/ca\/que-son-les-barreres-arquitectoniques-exemples-en-edificis-i-comunitats-de-propietaris\/"]}]},{"@type":"ImageObject","inLanguage":"ca","@id":"https:\/\/www.fundacionmdp.org\/ca\/que-son-les-barreres-arquitectoniques-exemples-en-edificis-i-comunitats-de-propietaris\/#primaryimage","url":"https:\/\/www.fundacionmdp.org\/wp-content\/uploads\/2025\/05\/30-9-20.jpg","contentUrl":"https:\/\/www.fundacionmdp.org\/wp-content\/uploads\/2025\/05\/30-9-20.jpg","width":1000,"height":743},{"@type":"BreadcrumbList","@id":"https:\/\/www.fundacionmdp.org\/ca\/que-son-les-barreres-arquitectoniques-exemples-en-edificis-i-comunitats-de-propietaris\/#breadcrumb","itemListElement":[{"@type":"ListItem","position":1,"name":"Home","item":"https:\/\/www.fundacionmdp.org\/ca\/"},{"@type":"ListItem","position":2,"name":"Qu\u00e8 s\u00f3n les barreres arquitect\u00f2niques? Exemples en edificis i comunitats de propietaris"}]},{"@type":"WebSite","@id":"https:\/\/www.fundacionmdp.org\/#website","url":"https:\/\/www.fundacionmdp.org\/","name":"Fundaci\u00f3n Mutua de Propietarios","description":"En la Fundaci\u00f3n Mutua de Propietarios te ayudamos a convertir tu edificio de viviendas en un espacio sin barreras arquitect\u00f3nicas.","publisher":{"@id":"https:\/\/www.fundacionmdp.org\/#organization"},"potentialAction":[{"@type":"SearchAction","target":{"@type":"EntryPoint","urlTemplate":"https:\/\/www.fundacionmdp.org\/?s={search_term_string}"},"query-input":{"@type":"PropertyValueSpecification","valueRequired":true,"valueName":"search_term_string"}}],"inLanguage":"ca"},{"@type":"Organization","@id":"https:\/\/www.fundacionmdp.org\/#organization","name":"Fundaci\u00f3n Mutua de Propietarios","url":"https:\/\/www.fundacionmdp.org\/","logo":{"@type":"ImageObject","inLanguage":"ca","@id":"https:\/\/www.fundacionmdp.org\/#\/schema\/logo\/image\/","url":"https:\/\/www.fundacionmdp.org\/wp-content\/uploads\/2023\/05\/logo_FMdP_cat.png","contentUrl":"https:\/\/www.fundacionmdp.org\/wp-content\/uploads\/2023\/05\/logo_FMdP_cat.png","width":655,"height":297,"caption":"Fundaci\u00f3n Mutua de Propietarios"},"image":{"@id":"https:\/\/www.fundacionmdp.org\/#\/schema\/logo\/image\/"}},{"@type":"Person","@id":"https:\/\/www.fundacionmdp.org\/#\/schema\/person\/12f9af801cac25dfcb5a96cb0090f703","name":"fundacionmdp","image":{"@type":"ImageObject","inLanguage":"ca","@id":"https:\/\/secure.gravatar.com\/avatar\/b540f93d1816a14d85e51109d050c3243b98fb660a665f517a6d2597cff3bbed?s=96&d=mm&r=g","url":"https:\/\/secure.gravatar.com\/avatar\/b540f93d1816a14d85e51109d050c3243b98fb660a665f517a6d2597cff3bbed?s=96&d=mm&r=g","contentUrl":"https:\/\/secure.gravatar.com\/avatar\/b540f93d1816a14d85e51109d050c3243b98fb660a665f517a6d2597cff3bbed?s=96&d=mm&r=g","caption":"fundacionmdp"},"sameAs":["http:\/\/prezuk.com.mialias.net\/fundacionmdp"],"url":"https:\/\/www.fundacionmdp.org\/ca\/author\/fundacionmdp\/"}]}},"_links":{"self":[{"href":"https:\/\/www.fundacionmdp.org\/ca\/wp-json\/wp\/v2\/posts\/11494","targetHints":{"allow":["GET"]}}],"collection":[{"href":"https:\/\/www.fundacionmdp.org\/ca\/wp-json\/wp\/v2\/posts"}],"about":[{"href":"https:\/\/www.fundacionmdp.org\/ca\/wp-json\/wp\/v2\/types\/post"}],"author":[{"embeddable":true,"href":"https:\/\/www.fundacionmdp.org\/ca\/wp-json\/wp\/v2\/users\/1"}],"replies":[{"embeddable":true,"href":"https:\/\/www.fundacionmdp.org\/ca\/wp-json\/wp\/v2\/comments?post=11494"}],"version-history":[{"count":3,"href":"https:\/\/www.fundacionmdp.org\/ca\/wp-json\/wp\/v2\/posts\/11494\/revisions"}],"predecessor-version":[{"id":11497,"href":"https:\/\/www.fundacionmdp.org\/ca\/wp-json\/wp\/v2\/posts\/11494\/revisions\/11497"}],"wp:featuredmedia":[{"embeddable":true,"href":"https:\/\/www.fundacionmdp.org\/ca\/wp-json\/wp\/v2\/media\/11489"}],"wp:attachment":[{"href":"https:\/\/www.fundacionmdp.org\/ca\/wp-json\/wp\/v2\/media?parent=11494"}],"wp:term":[{"taxonomy":"category","embeddable":true,"href":"https:\/\/www.fundacionmdp.org\/ca\/wp-json\/wp\/v2\/categories?post=11494"},{"taxonomy":"post_tag","embeddable":true,"href":"https:\/\/www.fundacionmdp.org\/ca\/wp-json\/wp\/v2\/tags?post=11494"}],"curies":[{"name":"wp","href":"https:\/\/api.w.org\/{rel}","templated":true}]}}