{"id":11503,"date":"2025-06-02T15:57:44","date_gmt":"2025-06-02T13:57:44","guid":{"rendered":"https:\/\/www.fundacionmdp.org\/?p=11503"},"modified":"2025-06-02T15:58:52","modified_gmt":"2025-06-02T13:58:52","slug":"la-fundacio-mutua-de-propietarios-i-lasepau-col%c2%b7laboraran-per-a-promoure-laccessibilitat-universal-en-els-edificis","status":"publish","type":"post","link":"https:\/\/www.fundacionmdp.org\/ca\/la-fundacio-mutua-de-propietarios-i-lasepau-col%c2%b7laboraran-per-a-promoure-laccessibilitat-universal-en-els-edificis\/","title":{"rendered":"LA FUNDACI\u00d3 MUTUA DE PROPIETARIOS I\u00a0L\u2019ASEPAU\u00a0COL\u00b7LABORARAN PER A PROMOURE L&#8217;ACCESSIBILITAT UNIVERSAL EN ELS EDIFICIS"},"content":{"rendered":"\n<p>La Fundaci\u00f3 Mutua de Propietarios i l&#8217;Associaci\u00f3 Espanyola de Professionals de l&#8217;Accessibilitat Universal (ASEPAU)&nbsp;han signat un acord per a promoure l&#8217;accessibilitat universal en els edificis d&#8217;habitatges, amb l&#8217;objectiu de millorar la qualitat de vida de les persones en situaci\u00f3 de discapacitat o amb necessitats espec\u00edfiques de suport o assist\u00e8ncia.<\/p>\n\n\n\n<p>Aquesta col\u00b7laboraci\u00f3 refor\u00e7a l&#8217;aposta i el comprom\u00eds de totes dues entitats amb el dret a l&#8217;accessibilitat en l&#8217;entorn residencial, en l\u00ednia amb els principis de la Convenci\u00f3 Internacional sobre els Drets de les Persones amb Discapacitat, amb la finalitat de facilitar l&#8217;autonomia, la participaci\u00f3 activa en la societat i la recepci\u00f3 de suports i cures de les persones amb discapacitat.<\/p>\n\n\n\n<p><br>La Fundaci\u00f3 Mutua de Propietarios \u00e9s una entitat sense \u00e0nim de lucre que t\u00e9 per objectiu millorar la qualitat de vida de les persones amb mobilitat redu\u00efda facilitant l&#8217;accessibilitat a l&#8217;habitatge i al seu entorn. Amb aquest objectiu, la Fundaci\u00f3 treballa per a sensibilitzar a la societat i a les institucions sobre la necessitat d&#8217;acabar amb les barreres arquitect\u00f2niques, a m\u00e9s de desenvolupar solucions innovadores que permetin a les persones viure de manera aut\u00f2noma.<\/p>\n\n\n\n<p><br>Per part seva,&nbsp;ASEPAU&nbsp;\u00e9s una associaci\u00f3 que agrupa diferents professionals especialitzats en l\u2019accessibilitat universal, que busquen impulsar la igualtat d&#8217;oportunitats mitjan\u00e7ant la creaci\u00f3 d&#8217;entorns dissenyats per a totes les persones, amb especial atenci\u00f3 als col\u00b7lectius m\u00e9s vulnerables com s\u00f3n les persones amb discapacitat o les persones grans.<\/p>\n\n\n\n<p><br>Finalment, la Fundaci\u00f3 Mutua de Propietarios i\u00a0l\u2019ASEPAU\u00a0avaluaran l&#8217;organitzaci\u00f3 i la participaci\u00f3 en f\u00f2rums de debat i trobades professionals entorn de tem\u00e0tiques d&#8217;inter\u00e8s i es comprometen a col\u00b7laborar t\u00e8cnicament en aquells estudis o projectes d&#8217;inter\u00e8s mutu per a la implementaci\u00f3 de mesures d&#8217;accessibilitat universal en comunitats de ve\u00efns.<\/p>\n\n\n\n<p><br>\u201cAquest acord refor\u00e7a el nostre comprom\u00eds amb l&#8217;accessibilitat universal i la inclusi\u00f3, permetent-nos treballar al costat de professionals altament especialitzats per a continuar avan\u00e7ant cap a un objectiu com\u00fa: crear entorns residencials m\u00e9s equitatius i adaptats a totes les persones\u201d, assenyala Cristina Pall\u00e0s, directora de la Fundaci\u00f3 Mutua de Propietarios.<\/p>\n\n\n\n<p><br>Per part seva, Delf\u00edn Jim\u00e9nez, president d\u2019Asepau, ressenya: \u201cAmb l&#8217;inici d&#8217;aquesta col\u00b7laboraci\u00f3 amb la Fundaci\u00f3 Mutua de Propietarios, la nostra associaci\u00f3 estableix l\u00ednia directa amb una entitat referent en l&#8217;ajut per a la millora de l&#8217;accessibilitat al parc residencial del nostre pa\u00eds\u201d.<\/p>\n\n\n\n<p><br>El conveni, signat a Madrid, facilitar\u00e0 la difusi\u00f3 entre els associats de l\u2019\u00a0ASEPAU\u00a0d&#8217;iniciatives dutes a terme per la Fundaci\u00f3 Mutua de Propietarios, com el programa \u2018Sense Barreres\u2019, que ofereix ajuts econ\u00f2miques per a la realitzaci\u00f3 d&#8217;obres de millora de l&#8217;accessibilitat en els edificis d&#8217;habitatges.<\/p>\n\n\n\n<p>Aix\u00ed mateix, l&#8217;associaci\u00f3 es compromet a promoure l&#8217;\u00fas de l&#8217;aplicaci\u00f3\u00a0Zero\u00a0Barreres de la Fundaci\u00f3, que permet, de manera senzilla, mesurar el grau d&#8217;accessibilitat de cadascun dels elements comuns d&#8217;un edifici, identificant les barreres arquitect\u00f2niques a les quals s&#8217;ha d&#8217;enfrontar di\u00e0riament una persona amb mobilitat redu\u00efda per a accedir a la seva llar.<\/p>\n","protected":false},"excerpt":{"rendered":"<p>La Fundaci\u00f3 Mutua de Propietarios i l&#8217;Associaci\u00f3 Espanyola de Professionals de l&#8217;Accessibilitat Universal (ASEPAU)&nbsp;han signat un acord per a promoure l&#8217;accessibilitat universal en els edificis d&#8217;habitatges, amb l&#8217;objectiu de millorar la qualitat de vida de les persones en situaci\u00f3 de discapacitat o amb necessitats espec\u00edfiques de suport o assist\u00e8ncia. Aquesta col\u00b7laboraci\u00f3 refor\u00e7a l&#8217;aposta i el [&hellip;]<\/p>\n","protected":false},"author":29,"featured_media":11501,"comment_status":"open","ping_status":"open","sticky":false,"template":"","format":"standard","meta":{"_acf_changed":false,"ocean_post_layout":"","ocean_both_sidebars_style":"","ocean_both_sidebars_content_width":0,"ocean_both_sidebars_sidebars_width":0,"ocean_sidebar":"","ocean_second_sidebar":"","ocean_disable_margins":"enable","ocean_add_body_class":"","ocean_shortcode_before_top_bar":"","ocean_shortcode_after_top_bar":"","ocean_shortcode_before_header":"","ocean_shortcode_after_header":"","ocean_has_shortcode":"","ocean_shortcode_after_title":"","ocean_shortcode_before_footer_widgets":"","ocean_shortcode_after_footer_widgets":"","ocean_shortcode_before_footer_bottom":"","ocean_shortcode_after_footer_bottom":"","ocean_display_top_bar":"default","ocean_display_header":"default","ocean_header_style":"","ocean_center_header_left_menu":"","ocean_custom_header_template":"","ocean_custom_logo":0,"ocean_custom_retina_logo":0,"ocean_custom_logo_max_width":0,"ocean_custom_logo_tablet_max_width":0,"ocean_custom_logo_mobile_max_width":0,"ocean_custom_logo_max_height":0,"ocean_custom_logo_tablet_max_height":0,"ocean_custom_logo_mobile_max_height":0,"ocean_header_custom_menu":"","ocean_menu_typo_font_family":"","ocean_menu_typo_font_subset":"","ocean_menu_typo_font_size":0,"ocean_menu_typo_font_size_tablet":0,"ocean_menu_typo_font_size_mobile":0,"ocean_menu_typo_font_size_unit":"px","ocean_menu_typo_font_weight":"","ocean_menu_typo_font_weight_tablet":"","ocean_menu_typo_font_weight_mobile":"","ocean_menu_typo_transform":"","ocean_menu_typo_transform_tablet":"","ocean_menu_typo_transform_mobile":"","ocean_menu_typo_line_height":0,"ocean_menu_typo_line_height_tablet":0,"ocean_menu_typo_line_height_mobile":0,"ocean_menu_typo_line_height_unit":"","ocean_menu_typo_spacing":0,"ocean_menu_typo_spacing_tablet":0,"ocean_menu_typo_spacing_mobile":0,"ocean_menu_typo_spacing_unit":"","ocean_menu_link_color":"","ocean_menu_link_color_hover":"","ocean_menu_link_color_active":"","ocean_menu_link_background":"","ocean_menu_link_hover_background":"","ocean_menu_link_active_background":"","ocean_menu_social_links_bg":"","ocean_menu_social_hover_links_bg":"","ocean_menu_social_links_color":"","ocean_menu_social_hover_links_color":"","ocean_disable_title":"default","ocean_disable_heading":"default","ocean_post_title":"","ocean_post_subheading":"","ocean_post_title_style":"","ocean_post_title_background_color":"","ocean_post_title_background":0,"ocean_post_title_bg_image_position":"","ocean_post_title_bg_image_attachment":"","ocean_post_title_bg_image_repeat":"","ocean_post_title_bg_image_size":"","ocean_post_title_height":0,"ocean_post_title_bg_overlay":0.5,"ocean_post_title_bg_overlay_color":"","ocean_disable_breadcrumbs":"default","ocean_breadcrumbs_color":"","ocean_breadcrumbs_separator_color":"","ocean_breadcrumbs_links_color":"","ocean_breadcrumbs_links_hover_color":"","ocean_display_footer_widgets":"default","ocean_display_footer_bottom":"default","ocean_custom_footer_template":"","ocean_post_oembed":"","ocean_post_self_hosted_media":"","ocean_post_video_embed":"","ocean_link_format":"","ocean_link_format_target":"self","ocean_quote_format":"","ocean_quote_format_link":"post","ocean_gallery_link_images":"on","ocean_gallery_id":[],"footnotes":""},"categories":[1],"tags":[],"class_list":["post-11503","post","type-post","status-publish","format-standard","has-post-thumbnail","hentry","category-sin-categorizar","entry","has-media"],"acf":[],"yoast_head":"<!-- This site is optimized with the Yoast SEO plugin v27.3 - https:\/\/yoast.com\/product\/yoast-seo-wordpress\/ -->\n<title>LA FUNDACI\u00d3 MUTUA DE PROPIETARIOS I\u00a0L\u2019ASEPAU\u00a0COL\u00b7LABORARAN PER A PROMOURE L&#039;ACCESSIBILITAT UNIVERSAL EN ELS EDIFICIS - Fundaci\u00f3n Mutua de Propietarios<\/title>\n<meta name=\"robots\" content=\"index, follow, max-snippet:-1, max-image-preview:large, max-video-preview:-1\" \/>\n<link rel=\"canonical\" href=\"https:\/\/www.fundacionmdp.org\/ca\/la-fundacio-mutua-de-propietarios-i-lasepau-col\u00b7laboraran-per-a-promoure-laccessibilitat-universal-en-els-edificis\/\" \/>\n<meta property=\"og:locale\" content=\"ca_ES\" \/>\n<meta property=\"og:type\" content=\"article\" \/>\n<meta property=\"og:title\" content=\"LA FUNDACI\u00d3 MUTUA DE PROPIETARIOS I\u00a0L\u2019ASEPAU\u00a0COL\u00b7LABORARAN PER A PROMOURE L&#039;ACCESSIBILITAT UNIVERSAL EN ELS EDIFICIS - Fundaci\u00f3n Mutua de Propietarios\" \/>\n<meta property=\"og:description\" content=\"La Fundaci\u00f3 Mutua de Propietarios i l&#8217;Associaci\u00f3 Espanyola de Professionals de l&#8217;Accessibilitat Universal (ASEPAU)&nbsp;han signat un acord per a promoure l&#8217;accessibilitat universal en els edificis d&#8217;habitatges, amb l&#8217;objectiu de millorar la qualitat de vida de les persones en situaci\u00f3 de discapacitat o amb necessitats espec\u00edfiques de suport o assist\u00e8ncia. Aquesta col\u00b7laboraci\u00f3 refor\u00e7a l&#8217;aposta i el [&hellip;]\" \/>\n<meta property=\"og:url\" content=\"https:\/\/www.fundacionmdp.org\/ca\/la-fundacio-mutua-de-propietarios-i-lasepau-col\u00b7laboraran-per-a-promoure-laccessibilitat-universal-en-els-edificis\/\" \/>\n<meta property=\"og:site_name\" content=\"Fundaci\u00f3n Mutua de Propietarios\" \/>\n<meta property=\"article:published_time\" content=\"2025-06-02T13:57:44+00:00\" \/>\n<meta property=\"article:modified_time\" content=\"2025-06-02T13:58:52+00:00\" \/>\n<meta property=\"og:image\" content=\"https:\/\/www.fundacionmdp.org\/wp-content\/uploads\/2025\/06\/Fmas1p.jpg\" \/>\n\t<meta property=\"og:image:width\" content=\"2362\" \/>\n\t<meta property=\"og:image:height\" content=\"1575\" \/>\n\t<meta property=\"og:image:type\" content=\"image\/jpeg\" \/>\n<meta name=\"author\" content=\"consultinglasker@gmail.com\" \/>\n<meta name=\"twitter:card\" content=\"summary_large_image\" \/>\n<meta name=\"twitter:label1\" content=\"Escrit per\" \/>\n\t<meta name=\"twitter:data1\" content=\"consultinglasker@gmail.com\" \/>\n\t<meta name=\"twitter:label2\" content=\"Temps estimat de lectura\" \/>\n\t<meta name=\"twitter:data2\" content=\"3 minuts\" \/>\n<script type=\"application\/ld+json\" class=\"yoast-schema-graph\">{\"@context\":\"https:\\\/\\\/schema.org\",\"@graph\":[{\"@type\":\"Article\",\"@id\":\"https:\\\/\\\/www.fundacionmdp.org\\\/ca\\\/la-fundacio-mutua-de-propietarios-i-lasepau-col%c2%b7laboraran-per-a-promoure-laccessibilitat-universal-en-els-edificis\\\/#article\",\"isPartOf\":{\"@id\":\"https:\\\/\\\/www.fundacionmdp.org\\\/ca\\\/la-fundacio-mutua-de-propietarios-i-lasepau-col%c2%b7laboraran-per-a-promoure-laccessibilitat-universal-en-els-edificis\\\/\"},\"author\":{\"name\":\"consultinglasker@gmail.com\",\"@id\":\"https:\\\/\\\/www.fundacionmdp.org\\\/#\\\/schema\\\/person\\\/0a0491f126b8cd8387f8f0da72129079\"},\"headline\":\"LA FUNDACI\u00d3 MUTUA DE PROPIETARIOS I\u00a0L\u2019ASEPAU\u00a0COL\u00b7LABORARAN PER A PROMOURE L&#8217;ACCESSIBILITAT UNIVERSAL EN ELS EDIFICIS\",\"datePublished\":\"2025-06-02T13:57:44+00:00\",\"dateModified\":\"2025-06-02T13:58:52+00:00\",\"mainEntityOfPage\":{\"@id\":\"https:\\\/\\\/www.fundacionmdp.org\\\/ca\\\/la-fundacio-mutua-de-propietarios-i-lasepau-col%c2%b7laboraran-per-a-promoure-laccessibilitat-universal-en-els-edificis\\\/\"},\"wordCount\":566,\"commentCount\":0,\"publisher\":{\"@id\":\"https:\\\/\\\/www.fundacionmdp.org\\\/#organization\"},\"image\":{\"@id\":\"https:\\\/\\\/www.fundacionmdp.org\\\/ca\\\/la-fundacio-mutua-de-propietarios-i-lasepau-col%c2%b7laboraran-per-a-promoure-laccessibilitat-universal-en-els-edificis\\\/#primaryimage\"},\"thumbnailUrl\":\"https:\\\/\\\/www.fundacionmdp.org\\\/wp-content\\\/uploads\\\/2025\\\/06\\\/Fmas1p.jpg\",\"articleSection\":[\"Sin categorizar\"],\"inLanguage\":\"ca\",\"potentialAction\":[{\"@type\":\"CommentAction\",\"name\":\"Comment\",\"target\":[\"https:\\\/\\\/www.fundacionmdp.org\\\/ca\\\/la-fundacio-mutua-de-propietarios-i-lasepau-col%c2%b7laboraran-per-a-promoure-laccessibilitat-universal-en-els-edificis\\\/#respond\"]}]},{\"@type\":\"WebPage\",\"@id\":\"https:\\\/\\\/www.fundacionmdp.org\\\/ca\\\/la-fundacio-mutua-de-propietarios-i-lasepau-col%c2%b7laboraran-per-a-promoure-laccessibilitat-universal-en-els-edificis\\\/\",\"url\":\"https:\\\/\\\/www.fundacionmdp.org\\\/ca\\\/la-fundacio-mutua-de-propietarios-i-lasepau-col%c2%b7laboraran-per-a-promoure-laccessibilitat-universal-en-els-edificis\\\/\",\"name\":\"LA FUNDACI\u00d3 MUTUA DE PROPIETARIOS I\u00a0L\u2019ASEPAU\u00a0COL\u00b7LABORARAN PER A PROMOURE L'ACCESSIBILITAT UNIVERSAL EN ELS EDIFICIS - Fundaci\u00f3n Mutua de Propietarios\",\"isPartOf\":{\"@id\":\"https:\\\/\\\/www.fundacionmdp.org\\\/#website\"},\"primaryImageOfPage\":{\"@id\":\"https:\\\/\\\/www.fundacionmdp.org\\\/ca\\\/la-fundacio-mutua-de-propietarios-i-lasepau-col%c2%b7laboraran-per-a-promoure-laccessibilitat-universal-en-els-edificis\\\/#primaryimage\"},\"image\":{\"@id\":\"https:\\\/\\\/www.fundacionmdp.org\\\/ca\\\/la-fundacio-mutua-de-propietarios-i-lasepau-col%c2%b7laboraran-per-a-promoure-laccessibilitat-universal-en-els-edificis\\\/#primaryimage\"},\"thumbnailUrl\":\"https:\\\/\\\/www.fundacionmdp.org\\\/wp-content\\\/uploads\\\/2025\\\/06\\\/Fmas1p.jpg\",\"datePublished\":\"2025-06-02T13:57:44+00:00\",\"dateModified\":\"2025-06-02T13:58:52+00:00\",\"breadcrumb\":{\"@id\":\"https:\\\/\\\/www.fundacionmdp.org\\\/ca\\\/la-fundacio-mutua-de-propietarios-i-lasepau-col%c2%b7laboraran-per-a-promoure-laccessibilitat-universal-en-els-edificis\\\/#breadcrumb\"},\"inLanguage\":\"ca\",\"potentialAction\":[{\"@type\":\"ReadAction\",\"target\":[\"https:\\\/\\\/www.fundacionmdp.org\\\/ca\\\/la-fundacio-mutua-de-propietarios-i-lasepau-col%c2%b7laboraran-per-a-promoure-laccessibilitat-universal-en-els-edificis\\\/\"]}]},{\"@type\":\"ImageObject\",\"inLanguage\":\"ca\",\"@id\":\"https:\\\/\\\/www.fundacionmdp.org\\\/ca\\\/la-fundacio-mutua-de-propietarios-i-lasepau-col%c2%b7laboraran-per-a-promoure-laccessibilitat-universal-en-els-edificis\\\/#primaryimage\",\"url\":\"https:\\\/\\\/www.fundacionmdp.org\\\/wp-content\\\/uploads\\\/2025\\\/06\\\/Fmas1p.jpg\",\"contentUrl\":\"https:\\\/\\\/www.fundacionmdp.org\\\/wp-content\\\/uploads\\\/2025\\\/06\\\/Fmas1p.jpg\",\"width\":2362,\"height\":1575,\"caption\":\"\u00a9MIGUEL BERROCAL\"},{\"@type\":\"BreadcrumbList\",\"@id\":\"https:\\\/\\\/www.fundacionmdp.org\\\/ca\\\/la-fundacio-mutua-de-propietarios-i-lasepau-col%c2%b7laboraran-per-a-promoure-laccessibilitat-universal-en-els-edificis\\\/#breadcrumb\",\"itemListElement\":[{\"@type\":\"ListItem\",\"position\":1,\"name\":\"Home\",\"item\":\"https:\\\/\\\/www.fundacionmdp.org\\\/ca\\\/\"},{\"@type\":\"ListItem\",\"position\":2,\"name\":\"LA FUNDACI\u00d3 MUTUA DE PROPIETARIOS I\u00a0L\u2019ASEPAU\u00a0COL\u00b7LABORARAN PER A PROMOURE L&#8217;ACCESSIBILITAT UNIVERSAL EN ELS EDIFICIS\"}]},{\"@type\":\"WebSite\",\"@id\":\"https:\\\/\\\/www.fundacionmdp.org\\\/#website\",\"url\":\"https:\\\/\\\/www.fundacionmdp.org\\\/\",\"name\":\"Fundaci\u00f3n Mutua de Propietarios\",\"description\":\"En la Fundaci\u00f3n Mutua de Propietarios te ayudamos a convertir tu edificio de viviendas en un espacio sin barreras arquitect\u00f3nicas.\",\"publisher\":{\"@id\":\"https:\\\/\\\/www.fundacionmdp.org\\\/#organization\"},\"potentialAction\":[{\"@type\":\"SearchAction\",\"target\":{\"@type\":\"EntryPoint\",\"urlTemplate\":\"https:\\\/\\\/www.fundacionmdp.org\\\/?s={search_term_string}\"},\"query-input\":{\"@type\":\"PropertyValueSpecification\",\"valueRequired\":true,\"valueName\":\"search_term_string\"}}],\"inLanguage\":\"ca\"},{\"@type\":\"Organization\",\"@id\":\"https:\\\/\\\/www.fundacionmdp.org\\\/#organization\",\"name\":\"Fundaci\u00f3n Mutua de Propietarios\",\"url\":\"https:\\\/\\\/www.fundacionmdp.org\\\/\",\"logo\":{\"@type\":\"ImageObject\",\"inLanguage\":\"ca\",\"@id\":\"https:\\\/\\\/www.fundacionmdp.org\\\/#\\\/schema\\\/logo\\\/image\\\/\",\"url\":\"https:\\\/\\\/www.fundacionmdp.org\\\/wp-content\\\/uploads\\\/2023\\\/05\\\/logo_FMdP_cat.png\",\"contentUrl\":\"https:\\\/\\\/www.fundacionmdp.org\\\/wp-content\\\/uploads\\\/2023\\\/05\\\/logo_FMdP_cat.png\",\"width\":655,\"height\":297,\"caption\":\"Fundaci\u00f3n Mutua de Propietarios\"},\"image\":{\"@id\":\"https:\\\/\\\/www.fundacionmdp.org\\\/#\\\/schema\\\/logo\\\/image\\\/\"}},{\"@type\":\"Person\",\"@id\":\"https:\\\/\\\/www.fundacionmdp.org\\\/#\\\/schema\\\/person\\\/0a0491f126b8cd8387f8f0da72129079\",\"name\":\"consultinglasker@gmail.com\",\"image\":{\"@type\":\"ImageObject\",\"inLanguage\":\"ca\",\"@id\":\"https:\\\/\\\/secure.gravatar.com\\\/avatar\\\/7a939fbe5ab9abbba5f8a779e3054b4bee69cfadd53950db933d836ae1fc6281?s=96&d=mm&r=g\",\"url\":\"https:\\\/\\\/secure.gravatar.com\\\/avatar\\\/7a939fbe5ab9abbba5f8a779e3054b4bee69cfadd53950db933d836ae1fc6281?s=96&d=mm&r=g\",\"contentUrl\":\"https:\\\/\\\/secure.gravatar.com\\\/avatar\\\/7a939fbe5ab9abbba5f8a779e3054b4bee69cfadd53950db933d836ae1fc6281?s=96&d=mm&r=g\",\"caption\":\"consultinglasker@gmail.com\"},\"url\":\"https:\\\/\\\/www.fundacionmdp.org\\\/ca\\\/author\\\/consultinglaskergmail-com\\\/\"}]}<\/script>\n<!-- \/ Yoast SEO plugin. -->","yoast_head_json":{"title":"LA FUNDACI\u00d3 MUTUA DE PROPIETARIOS I\u00a0L\u2019ASEPAU\u00a0COL\u00b7LABORARAN PER A PROMOURE L'ACCESSIBILITAT UNIVERSAL EN ELS EDIFICIS - Fundaci\u00f3n Mutua de Propietarios","robots":{"index":"index","follow":"follow","max-snippet":"max-snippet:-1","max-image-preview":"max-image-preview:large","max-video-preview":"max-video-preview:-1"},"canonical":"https:\/\/www.fundacionmdp.org\/ca\/la-fundacio-mutua-de-propietarios-i-lasepau-col\u00b7laboraran-per-a-promoure-laccessibilitat-universal-en-els-edificis\/","og_locale":"ca_ES","og_type":"article","og_title":"LA FUNDACI\u00d3 MUTUA DE PROPIETARIOS I\u00a0L\u2019ASEPAU\u00a0COL\u00b7LABORARAN PER A PROMOURE L'ACCESSIBILITAT UNIVERSAL EN ELS EDIFICIS - Fundaci\u00f3n Mutua de Propietarios","og_description":"La Fundaci\u00f3 Mutua de Propietarios i l&#8217;Associaci\u00f3 Espanyola de Professionals de l&#8217;Accessibilitat Universal (ASEPAU)&nbsp;han signat un acord per a promoure l&#8217;accessibilitat universal en els edificis d&#8217;habitatges, amb l&#8217;objectiu de millorar la qualitat de vida de les persones en situaci\u00f3 de discapacitat o amb necessitats espec\u00edfiques de suport o assist\u00e8ncia. Aquesta col\u00b7laboraci\u00f3 refor\u00e7a l&#8217;aposta i el [&hellip;]","og_url":"https:\/\/www.fundacionmdp.org\/ca\/la-fundacio-mutua-de-propietarios-i-lasepau-col\u00b7laboraran-per-a-promoure-laccessibilitat-universal-en-els-edificis\/","og_site_name":"Fundaci\u00f3n Mutua de Propietarios","article_published_time":"2025-06-02T13:57:44+00:00","article_modified_time":"2025-06-02T13:58:52+00:00","og_image":[{"width":2362,"height":1575,"url":"https:\/\/www.fundacionmdp.org\/wp-content\/uploads\/2025\/06\/Fmas1p.jpg","type":"image\/jpeg"}],"author":"consultinglasker@gmail.com","twitter_card":"summary_large_image","twitter_misc":{"Escrit per":"consultinglasker@gmail.com","Temps estimat de lectura":"3 minuts"},"schema":{"@context":"https:\/\/schema.org","@graph":[{"@type":"Article","@id":"https:\/\/www.fundacionmdp.org\/ca\/la-fundacio-mutua-de-propietarios-i-lasepau-col%c2%b7laboraran-per-a-promoure-laccessibilitat-universal-en-els-edificis\/#article","isPartOf":{"@id":"https:\/\/www.fundacionmdp.org\/ca\/la-fundacio-mutua-de-propietarios-i-lasepau-col%c2%b7laboraran-per-a-promoure-laccessibilitat-universal-en-els-edificis\/"},"author":{"name":"consultinglasker@gmail.com","@id":"https:\/\/www.fundacionmdp.org\/#\/schema\/person\/0a0491f126b8cd8387f8f0da72129079"},"headline":"LA FUNDACI\u00d3 MUTUA DE PROPIETARIOS I\u00a0L\u2019ASEPAU\u00a0COL\u00b7LABORARAN PER A PROMOURE L&#8217;ACCESSIBILITAT UNIVERSAL EN ELS EDIFICIS","datePublished":"2025-06-02T13:57:44+00:00","dateModified":"2025-06-02T13:58:52+00:00","mainEntityOfPage":{"@id":"https:\/\/www.fundacionmdp.org\/ca\/la-fundacio-mutua-de-propietarios-i-lasepau-col%c2%b7laboraran-per-a-promoure-laccessibilitat-universal-en-els-edificis\/"},"wordCount":566,"commentCount":0,"publisher":{"@id":"https:\/\/www.fundacionmdp.org\/#organization"},"image":{"@id":"https:\/\/www.fundacionmdp.org\/ca\/la-fundacio-mutua-de-propietarios-i-lasepau-col%c2%b7laboraran-per-a-promoure-laccessibilitat-universal-en-els-edificis\/#primaryimage"},"thumbnailUrl":"https:\/\/www.fundacionmdp.org\/wp-content\/uploads\/2025\/06\/Fmas1p.jpg","articleSection":["Sin categorizar"],"inLanguage":"ca","potentialAction":[{"@type":"CommentAction","name":"Comment","target":["https:\/\/www.fundacionmdp.org\/ca\/la-fundacio-mutua-de-propietarios-i-lasepau-col%c2%b7laboraran-per-a-promoure-laccessibilitat-universal-en-els-edificis\/#respond"]}]},{"@type":"WebPage","@id":"https:\/\/www.fundacionmdp.org\/ca\/la-fundacio-mutua-de-propietarios-i-lasepau-col%c2%b7laboraran-per-a-promoure-laccessibilitat-universal-en-els-edificis\/","url":"https:\/\/www.fundacionmdp.org\/ca\/la-fundacio-mutua-de-propietarios-i-lasepau-col%c2%b7laboraran-per-a-promoure-laccessibilitat-universal-en-els-edificis\/","name":"LA FUNDACI\u00d3 MUTUA DE PROPIETARIOS I\u00a0L\u2019ASEPAU\u00a0COL\u00b7LABORARAN PER A PROMOURE L'ACCESSIBILITAT UNIVERSAL EN ELS EDIFICIS - Fundaci\u00f3n Mutua de Propietarios","isPartOf":{"@id":"https:\/\/www.fundacionmdp.org\/#website"},"primaryImageOfPage":{"@id":"https:\/\/www.fundacionmdp.org\/ca\/la-fundacio-mutua-de-propietarios-i-lasepau-col%c2%b7laboraran-per-a-promoure-laccessibilitat-universal-en-els-edificis\/#primaryimage"},"image":{"@id":"https:\/\/www.fundacionmdp.org\/ca\/la-fundacio-mutua-de-propietarios-i-lasepau-col%c2%b7laboraran-per-a-promoure-laccessibilitat-universal-en-els-edificis\/#primaryimage"},"thumbnailUrl":"https:\/\/www.fundacionmdp.org\/wp-content\/uploads\/2025\/06\/Fmas1p.jpg","datePublished":"2025-06-02T13:57:44+00:00","dateModified":"2025-06-02T13:58:52+00:00","breadcrumb":{"@id":"https:\/\/www.fundacionmdp.org\/ca\/la-fundacio-mutua-de-propietarios-i-lasepau-col%c2%b7laboraran-per-a-promoure-laccessibilitat-universal-en-els-edificis\/#breadcrumb"},"inLanguage":"ca","potentialAction":[{"@type":"ReadAction","target":["https:\/\/www.fundacionmdp.org\/ca\/la-fundacio-mutua-de-propietarios-i-lasepau-col%c2%b7laboraran-per-a-promoure-laccessibilitat-universal-en-els-edificis\/"]}]},{"@type":"ImageObject","inLanguage":"ca","@id":"https:\/\/www.fundacionmdp.org\/ca\/la-fundacio-mutua-de-propietarios-i-lasepau-col%c2%b7laboraran-per-a-promoure-laccessibilitat-universal-en-els-edificis\/#primaryimage","url":"https:\/\/www.fundacionmdp.org\/wp-content\/uploads\/2025\/06\/Fmas1p.jpg","contentUrl":"https:\/\/www.fundacionmdp.org\/wp-content\/uploads\/2025\/06\/Fmas1p.jpg","width":2362,"height":1575,"caption":"\u00a9MIGUEL BERROCAL"},{"@type":"BreadcrumbList","@id":"https:\/\/www.fundacionmdp.org\/ca\/la-fundacio-mutua-de-propietarios-i-lasepau-col%c2%b7laboraran-per-a-promoure-laccessibilitat-universal-en-els-edificis\/#breadcrumb","itemListElement":[{"@type":"ListItem","position":1,"name":"Home","item":"https:\/\/www.fundacionmdp.org\/ca\/"},{"@type":"ListItem","position":2,"name":"LA FUNDACI\u00d3 MUTUA DE PROPIETARIOS I\u00a0L\u2019ASEPAU\u00a0COL\u00b7LABORARAN PER A PROMOURE L&#8217;ACCESSIBILITAT UNIVERSAL EN ELS EDIFICIS"}]},{"@type":"WebSite","@id":"https:\/\/www.fundacionmdp.org\/#website","url":"https:\/\/www.fundacionmdp.org\/","name":"Fundaci\u00f3n Mutua de Propietarios","description":"En la Fundaci\u00f3n Mutua de Propietarios te ayudamos a convertir tu edificio de viviendas en un espacio sin barreras arquitect\u00f3nicas.","publisher":{"@id":"https:\/\/www.fundacionmdp.org\/#organization"},"potentialAction":[{"@type":"SearchAction","target":{"@type":"EntryPoint","urlTemplate":"https:\/\/www.fundacionmdp.org\/?s={search_term_string}"},"query-input":{"@type":"PropertyValueSpecification","valueRequired":true,"valueName":"search_term_string"}}],"inLanguage":"ca"},{"@type":"Organization","@id":"https:\/\/www.fundacionmdp.org\/#organization","name":"Fundaci\u00f3n Mutua de Propietarios","url":"https:\/\/www.fundacionmdp.org\/","logo":{"@type":"ImageObject","inLanguage":"ca","@id":"https:\/\/www.fundacionmdp.org\/#\/schema\/logo\/image\/","url":"https:\/\/www.fundacionmdp.org\/wp-content\/uploads\/2023\/05\/logo_FMdP_cat.png","contentUrl":"https:\/\/www.fundacionmdp.org\/wp-content\/uploads\/2023\/05\/logo_FMdP_cat.png","width":655,"height":297,"caption":"Fundaci\u00f3n Mutua de Propietarios"},"image":{"@id":"https:\/\/www.fundacionmdp.org\/#\/schema\/logo\/image\/"}},{"@type":"Person","@id":"https:\/\/www.fundacionmdp.org\/#\/schema\/person\/0a0491f126b8cd8387f8f0da72129079","name":"consultinglasker@gmail.com","image":{"@type":"ImageObject","inLanguage":"ca","@id":"https:\/\/secure.gravatar.com\/avatar\/7a939fbe5ab9abbba5f8a779e3054b4bee69cfadd53950db933d836ae1fc6281?s=96&d=mm&r=g","url":"https:\/\/secure.gravatar.com\/avatar\/7a939fbe5ab9abbba5f8a779e3054b4bee69cfadd53950db933d836ae1fc6281?s=96&d=mm&r=g","contentUrl":"https:\/\/secure.gravatar.com\/avatar\/7a939fbe5ab9abbba5f8a779e3054b4bee69cfadd53950db933d836ae1fc6281?s=96&d=mm&r=g","caption":"consultinglasker@gmail.com"},"url":"https:\/\/www.fundacionmdp.org\/ca\/author\/consultinglaskergmail-com\/"}]}},"_links":{"self":[{"href":"https:\/\/www.fundacionmdp.org\/ca\/wp-json\/wp\/v2\/posts\/11503","targetHints":{"allow":["GET"]}}],"collection":[{"href":"https:\/\/www.fundacionmdp.org\/ca\/wp-json\/wp\/v2\/posts"}],"about":[{"href":"https:\/\/www.fundacionmdp.org\/ca\/wp-json\/wp\/v2\/types\/post"}],"author":[{"embeddable":true,"href":"https:\/\/www.fundacionmdp.org\/ca\/wp-json\/wp\/v2\/users\/29"}],"replies":[{"embeddable":true,"href":"https:\/\/www.fundacionmdp.org\/ca\/wp-json\/wp\/v2\/comments?post=11503"}],"version-history":[{"count":2,"href":"https:\/\/www.fundacionmdp.org\/ca\/wp-json\/wp\/v2\/posts\/11503\/revisions"}],"predecessor-version":[{"id":11505,"href":"https:\/\/www.fundacionmdp.org\/ca\/wp-json\/wp\/v2\/posts\/11503\/revisions\/11505"}],"wp:featuredmedia":[{"embeddable":true,"href":"https:\/\/www.fundacionmdp.org\/ca\/wp-json\/wp\/v2\/media\/11501"}],"wp:attachment":[{"href":"https:\/\/www.fundacionmdp.org\/ca\/wp-json\/wp\/v2\/media?parent=11503"}],"wp:term":[{"taxonomy":"category","embeddable":true,"href":"https:\/\/www.fundacionmdp.org\/ca\/wp-json\/wp\/v2\/categories?post=11503"},{"taxonomy":"post_tag","embeddable":true,"href":"https:\/\/www.fundacionmdp.org\/ca\/wp-json\/wp\/v2\/tags?post=11503"}],"curies":[{"name":"wp","href":"https:\/\/api.w.org\/{rel}","templated":true}]}}