{"id":11543,"date":"2025-06-26T16:16:29","date_gmt":"2025-06-26T14:16:29","guid":{"rendered":"https:\/\/www.fundacionmdp.org\/?p=11543"},"modified":"2025-06-26T16:16:19","modified_gmt":"2025-06-26T14:16:19","slug":"la-campanya-la-veu-de-laccessibilitat-de-la-fundacio-mutua-de-propietarios-finalista-del-premi-a-lexcel%c2%b7lencia-en-inclusio-laboral","status":"publish","type":"post","link":"https:\/\/www.fundacionmdp.org\/ca\/la-campanya-la-veu-de-laccessibilitat-de-la-fundacio-mutua-de-propietarios-finalista-del-premi-a-lexcel%c2%b7lencia-en-inclusio-laboral\/","title":{"rendered":"LA CAMPANYA \u2018LA VEU DE L&#8217;ACCESSIBILITAT\u2019 DE LA FUNDACI\u00d3 MUTUA DE PROPIETARIOS, FINALISTA DEL PREMI A L&#8217;EXCEL\u00b7L\u00c8NCIA EN INCLUSI\u00d3 LABORAL"},"content":{"rendered":"\n<p><strong><br><\/strong>La Fundaci\u00f3 Vivo F\u00e1cil, entitat compromesa amb la millora de la qualitat de vida de les persones, ha reconegut a la campanya \u201cLa Veu de l&#8217;Accessibilitat\u201d de la Fundaci\u00f3 Mutua de Propietarios com a finalista del premi a l&#8217;Excel\u00b7l\u00e8ncia en la \u201cInclusi\u00f3 Laboral i la prevenci\u00f3 de Riscos Laborals de les Persones amb Discapacitat&#8221; pel seu extraordinari impacte social.<\/p>\n\n\n\n<p>Aquesta distinci\u00f3 forma part dels Premis Nacionals Vivo F\u00e1cil que reconeixen el comprom\u00eds i la dedicaci\u00f3 d&#8217;organitzacions i professionals en la promoci\u00f3 d&#8217;un entorn laboral m\u00e9s inclusiu i equilibrat, i fomentar la conciliaci\u00f3 entre la vida personal i professional.<\/p>\n\n\n\n<p><br>\u201cAquesta distinci\u00f3 ens impulsa a continuar treballant per una societat sense barreres arquitect\u00f2niques, en la que totes les persones tinguin les mateixes oportunitats de viure en plenitud i participar de manera aut\u00f2noma en la societat\u201d, va afirmar Salvador D\u00edez&nbsp;Lloris, patr\u00f3 de la Fundaci\u00f3 Mutua de Propietarios que va assistir al lliurament dels premis que va tenir lloc ahir al vespre a Madrid.<\/p>\n\n\n\n<p><br>La campanya \u201cLa Veu de l&#8217;Accessibilitat\u201d parteix d&#8217;un estudi elaborat per l&#8217;entitat que evidenciava un clar problema de conscienciaci\u00f3 social: un 55% dels espanyols admetia no estar sensibilitzat amb l&#8217;impacte de les barreres arquitect\u00f2niques en el dia a dia de les persones amb mobilitat redu\u00efda.<\/p>\n\n\n\n<p><br>Amb la missi\u00f3 de conscienciar a la societat sobre aquesta situaci\u00f3, la Fundaci\u00f3 Mutua de Propietarios es va unir a un dels referents en mobilitat redu\u00efda que l&#8217;estudi havia identificat: la cantautora Miriam Fern\u00e1ndez. La compositora madrilenya va posar lletra i m\u00fasica a la campanya amb el tema \u201cSer Tu Voz\u201d, un himne a l&#8217;accessibilitat i a la necessitat d&#8217;impulsar un entorn lliure de barreres arquitect\u00f2niques com a garantia per a una inclusi\u00f3 social plena d&#8217;aquest col\u00b7lectiu.<\/p>\n\n\n\n<p><br>\u201cVa ser un privilegi comptar amb la figura de qui cada dia lluita per avan\u00e7ar en la igualtat de les persones amb mobilitat redu\u00efda. Utilitzar la m\u00fasica com a llenguatge universal ens va permetre portar m\u00e9s lluny el nostre missatge i conscienciar en la necessitat de continuar treballant per a aconseguir una societat m\u00e9s justa\u201d, va assenyalar D\u00edez&nbsp;Lloris.<\/p>\n\n\n\n<p>La campanya \u201cLa Veu de l&#8217;Accessibilitat\u201d va concloure a la finals de l\u2019any passat i va culminar amb un esdeveniment de la Fundaci\u00f3 Mutua de Propietarios que va reunir representants de les institucions, associacions i col\u00b7legis professionals que tenen un paper clau en la promoci\u00f3 de l&#8217;accessibilitat en els edificis d&#8217;habitatges i el seu entorn. Una gala emotiva que va comptar amb l&#8217;actuaci\u00f3 de Miriam Fern\u00e1ndez i de l&#8217;agrupaci\u00f3 musical J\u00f3venes de la Fundaci\u00f3n Acci\u00f3n por la Musica, que van unir les seves veus per a interpretar l\u2019 \u2018Himne a l&#8217;alegria\u2019, tot un missatge d&#8217;esperan\u00e7a, optimisme i unitat.<\/p>\n","protected":false},"excerpt":{"rendered":"<p>La Fundaci\u00f3 Vivo F\u00e1cil, entitat compromesa amb la millora de la qualitat de vida de les persones, ha reconegut a la campanya \u201cLa Veu de l&#8217;Accessibilitat\u201d de la Fundaci\u00f3 Mutua de Propietarios com a finalista del premi a l&#8217;Excel\u00b7l\u00e8ncia en la \u201cInclusi\u00f3 Laboral i la prevenci\u00f3 de Riscos Laborals de les Persones amb Discapacitat&#8221; pel [&hellip;]<\/p>\n","protected":false},"author":29,"featured_media":11541,"comment_status":"open","ping_status":"open","sticky":false,"template":"","format":"standard","meta":{"_acf_changed":false,"ocean_post_layout":"","ocean_both_sidebars_style":"","ocean_both_sidebars_content_width":0,"ocean_both_sidebars_sidebars_width":0,"ocean_sidebar":"","ocean_second_sidebar":"","ocean_disable_margins":"enable","ocean_add_body_class":"","ocean_shortcode_before_top_bar":"","ocean_shortcode_after_top_bar":"","ocean_shortcode_before_header":"","ocean_shortcode_after_header":"","ocean_has_shortcode":"","ocean_shortcode_after_title":"","ocean_shortcode_before_footer_widgets":"","ocean_shortcode_after_footer_widgets":"","ocean_shortcode_before_footer_bottom":"","ocean_shortcode_after_footer_bottom":"","ocean_display_top_bar":"default","ocean_display_header":"default","ocean_header_style":"","ocean_center_header_left_menu":"","ocean_custom_header_template":"","ocean_custom_logo":0,"ocean_custom_retina_logo":0,"ocean_custom_logo_max_width":0,"ocean_custom_logo_tablet_max_width":0,"ocean_custom_logo_mobile_max_width":0,"ocean_custom_logo_max_height":0,"ocean_custom_logo_tablet_max_height":0,"ocean_custom_logo_mobile_max_height":0,"ocean_header_custom_menu":"","ocean_menu_typo_font_family":"","ocean_menu_typo_font_subset":"","ocean_menu_typo_font_size":0,"ocean_menu_typo_font_size_tablet":0,"ocean_menu_typo_font_size_mobile":0,"ocean_menu_typo_font_size_unit":"px","ocean_menu_typo_font_weight":"","ocean_menu_typo_font_weight_tablet":"","ocean_menu_typo_font_weight_mobile":"","ocean_menu_typo_transform":"","ocean_menu_typo_transform_tablet":"","ocean_menu_typo_transform_mobile":"","ocean_menu_typo_line_height":0,"ocean_menu_typo_line_height_tablet":0,"ocean_menu_typo_line_height_mobile":0,"ocean_menu_typo_line_height_unit":"","ocean_menu_typo_spacing":0,"ocean_menu_typo_spacing_tablet":0,"ocean_menu_typo_spacing_mobile":0,"ocean_menu_typo_spacing_unit":"","ocean_menu_link_color":"","ocean_menu_link_color_hover":"","ocean_menu_link_color_active":"","ocean_menu_link_background":"","ocean_menu_link_hover_background":"","ocean_menu_link_active_background":"","ocean_menu_social_links_bg":"","ocean_menu_social_hover_links_bg":"","ocean_menu_social_links_color":"","ocean_menu_social_hover_links_color":"","ocean_disable_title":"default","ocean_disable_heading":"default","ocean_post_title":"","ocean_post_subheading":"","ocean_post_title_style":"","ocean_post_title_background_color":"","ocean_post_title_background":0,"ocean_post_title_bg_image_position":"","ocean_post_title_bg_image_attachment":"","ocean_post_title_bg_image_repeat":"","ocean_post_title_bg_image_size":"","ocean_post_title_height":0,"ocean_post_title_bg_overlay":0.5,"ocean_post_title_bg_overlay_color":"","ocean_disable_breadcrumbs":"default","ocean_breadcrumbs_color":"","ocean_breadcrumbs_separator_color":"","ocean_breadcrumbs_links_color":"","ocean_breadcrumbs_links_hover_color":"","ocean_display_footer_widgets":"default","ocean_display_footer_bottom":"default","ocean_custom_footer_template":"","ocean_post_oembed":"","ocean_post_self_hosted_media":"","ocean_post_video_embed":"","ocean_link_format":"","ocean_link_format_target":"self","ocean_quote_format":"","ocean_quote_format_link":"post","ocean_gallery_link_images":"on","ocean_gallery_id":[],"footnotes":""},"categories":[1],"tags":[],"class_list":["post-11543","post","type-post","status-publish","format-standard","has-post-thumbnail","hentry","category-sin-categorizar","entry","has-media"],"acf":[],"yoast_head":"<!-- This site is optimized with the Yoast SEO plugin v27.3 - https:\/\/yoast.com\/product\/yoast-seo-wordpress\/ -->\n<title>LA CAMPANYA \u2018LA VEU DE L&#039;ACCESSIBILITAT\u2019 DE LA FUNDACI\u00d3 MUTUA DE PROPIETARIOS, FINALISTA DEL PREMI A L&#039;EXCEL\u00b7L\u00c8NCIA EN INCLUSI\u00d3 LABORAL - Fundaci\u00f3n Mutua de Propietarios<\/title>\n<meta name=\"description\" content=\"La Fundaci\u00f3n Vivo F\u00e1cil, entidad comprometida con la mejora de la calidad de vida de las personas, ha reconocido a la campa\u00f1a \u201cLa Voz de la Accesibilidad\u201d de la Fundaci\u00f3n Mutua de Propietarios como finalista del premio a la Excelencia en la \u201cInclusi\u00f3n Laboral y la prevenci\u00f3n de Riesgos Laborales de las Personas con Discapacidad&quot; por su extraordinario impacto social.\" \/>\n<meta name=\"robots\" content=\"index, follow, max-snippet:-1, max-image-preview:large, max-video-preview:-1\" \/>\n<link rel=\"canonical\" href=\"https:\/\/www.fundacionmdp.org\/ca\/la-campanya-la-veu-de-laccessibilitat-de-la-fundacio-mutua-de-propietarios-finalista-del-premi-a-lexcel\u00b7lencia-en-inclusio-laboral\/\" \/>\n<meta property=\"og:locale\" content=\"ca_ES\" \/>\n<meta property=\"og:type\" content=\"article\" \/>\n<meta property=\"og:title\" content=\"LA CAMPANYA \u2018LA VEU DE L&#039;ACCESSIBILITAT\u2019 DE LA FUNDACI\u00d3 MUTUA DE PROPIETARIOS, FINALISTA DEL PREMI A L&#039;EXCEL\u00b7L\u00c8NCIA EN INCLUSI\u00d3 LABORAL - Fundaci\u00f3n Mutua de Propietarios\" \/>\n<meta property=\"og:description\" content=\"La Fundaci\u00f3n Vivo F\u00e1cil, entidad comprometida con la mejora de la calidad de vida de las personas, ha reconocido a la campa\u00f1a \u201cLa Voz de la Accesibilidad\u201d de la Fundaci\u00f3n Mutua de Propietarios como finalista del premio a la Excelencia en la \u201cInclusi\u00f3n Laboral y la prevenci\u00f3n de Riesgos Laborales de las Personas con Discapacidad&quot; por su extraordinario impacto social.\" \/>\n<meta property=\"og:url\" content=\"https:\/\/www.fundacionmdp.org\/ca\/la-campanya-la-veu-de-laccessibilitat-de-la-fundacio-mutua-de-propietarios-finalista-del-premi-a-lexcel\u00b7lencia-en-inclusio-laboral\/\" \/>\n<meta property=\"og:site_name\" content=\"Fundaci\u00f3n Mutua de Propietarios\" \/>\n<meta property=\"article:published_time\" content=\"2025-06-26T14:16:29+00:00\" \/>\n<meta property=\"og:image\" content=\"https:\/\/www.fundacionmdp.org\/wp-content\/uploads\/2025\/06\/Miriam-Fernandez-campana-1024x576.png\" \/>\n\t<meta property=\"og:image:width\" content=\"1024\" \/>\n\t<meta property=\"og:image:height\" content=\"576\" \/>\n\t<meta property=\"og:image:type\" content=\"image\/png\" \/>\n<meta name=\"author\" content=\"consultinglasker@gmail.com\" \/>\n<meta name=\"twitter:card\" content=\"summary_large_image\" \/>\n<meta name=\"twitter:label1\" content=\"Escrit per\" \/>\n\t<meta name=\"twitter:data1\" content=\"consultinglasker@gmail.com\" \/>\n\t<meta name=\"twitter:label2\" content=\"Temps estimat de lectura\" \/>\n\t<meta name=\"twitter:data2\" content=\"3 minuts\" \/>\n<script type=\"application\/ld+json\" class=\"yoast-schema-graph\">{\"@context\":\"https:\\\/\\\/schema.org\",\"@graph\":[{\"@type\":\"Article\",\"@id\":\"https:\\\/\\\/www.fundacionmdp.org\\\/ca\\\/la-campanya-la-veu-de-laccessibilitat-de-la-fundacio-mutua-de-propietarios-finalista-del-premi-a-lexcel%c2%b7lencia-en-inclusio-laboral\\\/#article\",\"isPartOf\":{\"@id\":\"https:\\\/\\\/www.fundacionmdp.org\\\/ca\\\/la-campanya-la-veu-de-laccessibilitat-de-la-fundacio-mutua-de-propietarios-finalista-del-premi-a-lexcel%c2%b7lencia-en-inclusio-laboral\\\/\"},\"author\":{\"name\":\"consultinglasker@gmail.com\",\"@id\":\"https:\\\/\\\/www.fundacionmdp.org\\\/#\\\/schema\\\/person\\\/0a0491f126b8cd8387f8f0da72129079\"},\"headline\":\"LA CAMPANYA \u2018LA VEU DE L&#8217;ACCESSIBILITAT\u2019 DE LA FUNDACI\u00d3 MUTUA DE PROPIETARIOS, FINALISTA DEL PREMI A L&#8217;EXCEL\u00b7L\u00c8NCIA EN INCLUSI\u00d3 LABORAL\",\"datePublished\":\"2025-06-26T14:16:29+00:00\",\"mainEntityOfPage\":{\"@id\":\"https:\\\/\\\/www.fundacionmdp.org\\\/ca\\\/la-campanya-la-veu-de-laccessibilitat-de-la-fundacio-mutua-de-propietarios-finalista-del-premi-a-lexcel%c2%b7lencia-en-inclusio-laboral\\\/\"},\"wordCount\":513,\"commentCount\":0,\"publisher\":{\"@id\":\"https:\\\/\\\/www.fundacionmdp.org\\\/#organization\"},\"image\":{\"@id\":\"https:\\\/\\\/www.fundacionmdp.org\\\/ca\\\/la-campanya-la-veu-de-laccessibilitat-de-la-fundacio-mutua-de-propietarios-finalista-del-premi-a-lexcel%c2%b7lencia-en-inclusio-laboral\\\/#primaryimage\"},\"thumbnailUrl\":\"https:\\\/\\\/www.fundacionmdp.org\\\/wp-content\\\/uploads\\\/2025\\\/06\\\/Miriam-Fernandez-campana-scaled.png\",\"articleSection\":[\"Sin categorizar\"],\"inLanguage\":\"ca\",\"potentialAction\":[{\"@type\":\"CommentAction\",\"name\":\"Comment\",\"target\":[\"https:\\\/\\\/www.fundacionmdp.org\\\/ca\\\/la-campanya-la-veu-de-laccessibilitat-de-la-fundacio-mutua-de-propietarios-finalista-del-premi-a-lexcel%c2%b7lencia-en-inclusio-laboral\\\/#respond\"]}]},{\"@type\":\"WebPage\",\"@id\":\"https:\\\/\\\/www.fundacionmdp.org\\\/ca\\\/la-campanya-la-veu-de-laccessibilitat-de-la-fundacio-mutua-de-propietarios-finalista-del-premi-a-lexcel%c2%b7lencia-en-inclusio-laboral\\\/\",\"url\":\"https:\\\/\\\/www.fundacionmdp.org\\\/ca\\\/la-campanya-la-veu-de-laccessibilitat-de-la-fundacio-mutua-de-propietarios-finalista-del-premi-a-lexcel%c2%b7lencia-en-inclusio-laboral\\\/\",\"name\":\"LA CAMPANYA \u2018LA VEU DE L'ACCESSIBILITAT\u2019 DE LA FUNDACI\u00d3 MUTUA DE PROPIETARIOS, FINALISTA DEL PREMI A L'EXCEL\u00b7L\u00c8NCIA EN INCLUSI\u00d3 LABORAL - Fundaci\u00f3n Mutua de Propietarios\",\"isPartOf\":{\"@id\":\"https:\\\/\\\/www.fundacionmdp.org\\\/#website\"},\"primaryImageOfPage\":{\"@id\":\"https:\\\/\\\/www.fundacionmdp.org\\\/ca\\\/la-campanya-la-veu-de-laccessibilitat-de-la-fundacio-mutua-de-propietarios-finalista-del-premi-a-lexcel%c2%b7lencia-en-inclusio-laboral\\\/#primaryimage\"},\"image\":{\"@id\":\"https:\\\/\\\/www.fundacionmdp.org\\\/ca\\\/la-campanya-la-veu-de-laccessibilitat-de-la-fundacio-mutua-de-propietarios-finalista-del-premi-a-lexcel%c2%b7lencia-en-inclusio-laboral\\\/#primaryimage\"},\"thumbnailUrl\":\"https:\\\/\\\/www.fundacionmdp.org\\\/wp-content\\\/uploads\\\/2025\\\/06\\\/Miriam-Fernandez-campana-scaled.png\",\"datePublished\":\"2025-06-26T14:16:29+00:00\",\"description\":\"La Fundaci\u00f3n Vivo F\u00e1cil, entidad comprometida con la mejora de la calidad de vida de las personas, ha reconocido a la campa\u00f1a \u201cLa Voz de la Accesibilidad\u201d de la Fundaci\u00f3n Mutua de Propietarios como finalista del premio a la Excelencia en la \u201cInclusi\u00f3n Laboral y la prevenci\u00f3n de Riesgos Laborales de las Personas con Discapacidad\\\" por su extraordinario impacto social.\",\"breadcrumb\":{\"@id\":\"https:\\\/\\\/www.fundacionmdp.org\\\/ca\\\/la-campanya-la-veu-de-laccessibilitat-de-la-fundacio-mutua-de-propietarios-finalista-del-premi-a-lexcel%c2%b7lencia-en-inclusio-laboral\\\/#breadcrumb\"},\"inLanguage\":\"ca\",\"potentialAction\":[{\"@type\":\"ReadAction\",\"target\":[\"https:\\\/\\\/www.fundacionmdp.org\\\/ca\\\/la-campanya-la-veu-de-laccessibilitat-de-la-fundacio-mutua-de-propietarios-finalista-del-premi-a-lexcel%c2%b7lencia-en-inclusio-laboral\\\/\"]}]},{\"@type\":\"ImageObject\",\"inLanguage\":\"ca\",\"@id\":\"https:\\\/\\\/www.fundacionmdp.org\\\/ca\\\/la-campanya-la-veu-de-laccessibilitat-de-la-fundacio-mutua-de-propietarios-finalista-del-premi-a-lexcel%c2%b7lencia-en-inclusio-laboral\\\/#primaryimage\",\"url\":\"https:\\\/\\\/www.fundacionmdp.org\\\/wp-content\\\/uploads\\\/2025\\\/06\\\/Miriam-Fernandez-campana-scaled.png\",\"contentUrl\":\"https:\\\/\\\/www.fundacionmdp.org\\\/wp-content\\\/uploads\\\/2025\\\/06\\\/Miriam-Fernandez-campana-scaled.png\",\"width\":2560,\"height\":1440},{\"@type\":\"BreadcrumbList\",\"@id\":\"https:\\\/\\\/www.fundacionmdp.org\\\/ca\\\/la-campanya-la-veu-de-laccessibilitat-de-la-fundacio-mutua-de-propietarios-finalista-del-premi-a-lexcel%c2%b7lencia-en-inclusio-laboral\\\/#breadcrumb\",\"itemListElement\":[{\"@type\":\"ListItem\",\"position\":1,\"name\":\"Home\",\"item\":\"https:\\\/\\\/www.fundacionmdp.org\\\/ca\\\/\"},{\"@type\":\"ListItem\",\"position\":2,\"name\":\"LA CAMPANYA \u2018LA VEU DE L&#8217;ACCESSIBILITAT\u2019 DE LA FUNDACI\u00d3 MUTUA DE PROPIETARIOS, FINALISTA DEL PREMI A L&#8217;EXCEL\u00b7L\u00c8NCIA EN INCLUSI\u00d3 LABORAL\"}]},{\"@type\":\"WebSite\",\"@id\":\"https:\\\/\\\/www.fundacionmdp.org\\\/#website\",\"url\":\"https:\\\/\\\/www.fundacionmdp.org\\\/\",\"name\":\"Fundaci\u00f3n Mutua de Propietarios\",\"description\":\"En la Fundaci\u00f3n Mutua de Propietarios te ayudamos a convertir tu edificio de viviendas en un espacio sin barreras arquitect\u00f3nicas.\",\"publisher\":{\"@id\":\"https:\\\/\\\/www.fundacionmdp.org\\\/#organization\"},\"potentialAction\":[{\"@type\":\"SearchAction\",\"target\":{\"@type\":\"EntryPoint\",\"urlTemplate\":\"https:\\\/\\\/www.fundacionmdp.org\\\/?s={search_term_string}\"},\"query-input\":{\"@type\":\"PropertyValueSpecification\",\"valueRequired\":true,\"valueName\":\"search_term_string\"}}],\"inLanguage\":\"ca\"},{\"@type\":\"Organization\",\"@id\":\"https:\\\/\\\/www.fundacionmdp.org\\\/#organization\",\"name\":\"Fundaci\u00f3n Mutua de Propietarios\",\"url\":\"https:\\\/\\\/www.fundacionmdp.org\\\/\",\"logo\":{\"@type\":\"ImageObject\",\"inLanguage\":\"ca\",\"@id\":\"https:\\\/\\\/www.fundacionmdp.org\\\/#\\\/schema\\\/logo\\\/image\\\/\",\"url\":\"https:\\\/\\\/www.fundacionmdp.org\\\/wp-content\\\/uploads\\\/2023\\\/05\\\/logo_FMdP_cat.png\",\"contentUrl\":\"https:\\\/\\\/www.fundacionmdp.org\\\/wp-content\\\/uploads\\\/2023\\\/05\\\/logo_FMdP_cat.png\",\"width\":655,\"height\":297,\"caption\":\"Fundaci\u00f3n Mutua de Propietarios\"},\"image\":{\"@id\":\"https:\\\/\\\/www.fundacionmdp.org\\\/#\\\/schema\\\/logo\\\/image\\\/\"}},{\"@type\":\"Person\",\"@id\":\"https:\\\/\\\/www.fundacionmdp.org\\\/#\\\/schema\\\/person\\\/0a0491f126b8cd8387f8f0da72129079\",\"name\":\"consultinglasker@gmail.com\",\"image\":{\"@type\":\"ImageObject\",\"inLanguage\":\"ca\",\"@id\":\"https:\\\/\\\/secure.gravatar.com\\\/avatar\\\/7a939fbe5ab9abbba5f8a779e3054b4bee69cfadd53950db933d836ae1fc6281?s=96&d=mm&r=g\",\"url\":\"https:\\\/\\\/secure.gravatar.com\\\/avatar\\\/7a939fbe5ab9abbba5f8a779e3054b4bee69cfadd53950db933d836ae1fc6281?s=96&d=mm&r=g\",\"contentUrl\":\"https:\\\/\\\/secure.gravatar.com\\\/avatar\\\/7a939fbe5ab9abbba5f8a779e3054b4bee69cfadd53950db933d836ae1fc6281?s=96&d=mm&r=g\",\"caption\":\"consultinglasker@gmail.com\"},\"url\":\"https:\\\/\\\/www.fundacionmdp.org\\\/ca\\\/author\\\/consultinglaskergmail-com\\\/\"}]}<\/script>\n<!-- \/ Yoast SEO plugin. -->","yoast_head_json":{"title":"LA CAMPANYA \u2018LA VEU DE L'ACCESSIBILITAT\u2019 DE LA FUNDACI\u00d3 MUTUA DE PROPIETARIOS, FINALISTA DEL PREMI A L'EXCEL\u00b7L\u00c8NCIA EN INCLUSI\u00d3 LABORAL - Fundaci\u00f3n Mutua de Propietarios","description":"La Fundaci\u00f3n Vivo F\u00e1cil, entidad comprometida con la mejora de la calidad de vida de las personas, ha reconocido a la campa\u00f1a \u201cLa Voz de la Accesibilidad\u201d de la Fundaci\u00f3n Mutua de Propietarios como finalista del premio a la Excelencia en la \u201cInclusi\u00f3n Laboral y la prevenci\u00f3n de Riesgos Laborales de las Personas con Discapacidad\" por su extraordinario impacto social.","robots":{"index":"index","follow":"follow","max-snippet":"max-snippet:-1","max-image-preview":"max-image-preview:large","max-video-preview":"max-video-preview:-1"},"canonical":"https:\/\/www.fundacionmdp.org\/ca\/la-campanya-la-veu-de-laccessibilitat-de-la-fundacio-mutua-de-propietarios-finalista-del-premi-a-lexcel\u00b7lencia-en-inclusio-laboral\/","og_locale":"ca_ES","og_type":"article","og_title":"LA CAMPANYA \u2018LA VEU DE L'ACCESSIBILITAT\u2019 DE LA FUNDACI\u00d3 MUTUA DE PROPIETARIOS, FINALISTA DEL PREMI A L'EXCEL\u00b7L\u00c8NCIA EN INCLUSI\u00d3 LABORAL - Fundaci\u00f3n Mutua de Propietarios","og_description":"La Fundaci\u00f3n Vivo F\u00e1cil, entidad comprometida con la mejora de la calidad de vida de las personas, ha reconocido a la campa\u00f1a \u201cLa Voz de la Accesibilidad\u201d de la Fundaci\u00f3n Mutua de Propietarios como finalista del premio a la Excelencia en la \u201cInclusi\u00f3n Laboral y la prevenci\u00f3n de Riesgos Laborales de las Personas con Discapacidad\" por su extraordinario impacto social.","og_url":"https:\/\/www.fundacionmdp.org\/ca\/la-campanya-la-veu-de-laccessibilitat-de-la-fundacio-mutua-de-propietarios-finalista-del-premi-a-lexcel\u00b7lencia-en-inclusio-laboral\/","og_site_name":"Fundaci\u00f3n Mutua de Propietarios","article_published_time":"2025-06-26T14:16:29+00:00","og_image":[{"width":1024,"height":576,"url":"https:\/\/www.fundacionmdp.org\/wp-content\/uploads\/2025\/06\/Miriam-Fernandez-campana-1024x576.png","type":"image\/png"}],"author":"consultinglasker@gmail.com","twitter_card":"summary_large_image","twitter_misc":{"Escrit per":"consultinglasker@gmail.com","Temps estimat de lectura":"3 minuts"},"schema":{"@context":"https:\/\/schema.org","@graph":[{"@type":"Article","@id":"https:\/\/www.fundacionmdp.org\/ca\/la-campanya-la-veu-de-laccessibilitat-de-la-fundacio-mutua-de-propietarios-finalista-del-premi-a-lexcel%c2%b7lencia-en-inclusio-laboral\/#article","isPartOf":{"@id":"https:\/\/www.fundacionmdp.org\/ca\/la-campanya-la-veu-de-laccessibilitat-de-la-fundacio-mutua-de-propietarios-finalista-del-premi-a-lexcel%c2%b7lencia-en-inclusio-laboral\/"},"author":{"name":"consultinglasker@gmail.com","@id":"https:\/\/www.fundacionmdp.org\/#\/schema\/person\/0a0491f126b8cd8387f8f0da72129079"},"headline":"LA CAMPANYA \u2018LA VEU DE L&#8217;ACCESSIBILITAT\u2019 DE LA FUNDACI\u00d3 MUTUA DE PROPIETARIOS, FINALISTA DEL PREMI A L&#8217;EXCEL\u00b7L\u00c8NCIA EN INCLUSI\u00d3 LABORAL","datePublished":"2025-06-26T14:16:29+00:00","mainEntityOfPage":{"@id":"https:\/\/www.fundacionmdp.org\/ca\/la-campanya-la-veu-de-laccessibilitat-de-la-fundacio-mutua-de-propietarios-finalista-del-premi-a-lexcel%c2%b7lencia-en-inclusio-laboral\/"},"wordCount":513,"commentCount":0,"publisher":{"@id":"https:\/\/www.fundacionmdp.org\/#organization"},"image":{"@id":"https:\/\/www.fundacionmdp.org\/ca\/la-campanya-la-veu-de-laccessibilitat-de-la-fundacio-mutua-de-propietarios-finalista-del-premi-a-lexcel%c2%b7lencia-en-inclusio-laboral\/#primaryimage"},"thumbnailUrl":"https:\/\/www.fundacionmdp.org\/wp-content\/uploads\/2025\/06\/Miriam-Fernandez-campana-scaled.png","articleSection":["Sin categorizar"],"inLanguage":"ca","potentialAction":[{"@type":"CommentAction","name":"Comment","target":["https:\/\/www.fundacionmdp.org\/ca\/la-campanya-la-veu-de-laccessibilitat-de-la-fundacio-mutua-de-propietarios-finalista-del-premi-a-lexcel%c2%b7lencia-en-inclusio-laboral\/#respond"]}]},{"@type":"WebPage","@id":"https:\/\/www.fundacionmdp.org\/ca\/la-campanya-la-veu-de-laccessibilitat-de-la-fundacio-mutua-de-propietarios-finalista-del-premi-a-lexcel%c2%b7lencia-en-inclusio-laboral\/","url":"https:\/\/www.fundacionmdp.org\/ca\/la-campanya-la-veu-de-laccessibilitat-de-la-fundacio-mutua-de-propietarios-finalista-del-premi-a-lexcel%c2%b7lencia-en-inclusio-laboral\/","name":"LA CAMPANYA \u2018LA VEU DE L'ACCESSIBILITAT\u2019 DE LA FUNDACI\u00d3 MUTUA DE PROPIETARIOS, FINALISTA DEL PREMI A L'EXCEL\u00b7L\u00c8NCIA EN INCLUSI\u00d3 LABORAL - Fundaci\u00f3n Mutua de Propietarios","isPartOf":{"@id":"https:\/\/www.fundacionmdp.org\/#website"},"primaryImageOfPage":{"@id":"https:\/\/www.fundacionmdp.org\/ca\/la-campanya-la-veu-de-laccessibilitat-de-la-fundacio-mutua-de-propietarios-finalista-del-premi-a-lexcel%c2%b7lencia-en-inclusio-laboral\/#primaryimage"},"image":{"@id":"https:\/\/www.fundacionmdp.org\/ca\/la-campanya-la-veu-de-laccessibilitat-de-la-fundacio-mutua-de-propietarios-finalista-del-premi-a-lexcel%c2%b7lencia-en-inclusio-laboral\/#primaryimage"},"thumbnailUrl":"https:\/\/www.fundacionmdp.org\/wp-content\/uploads\/2025\/06\/Miriam-Fernandez-campana-scaled.png","datePublished":"2025-06-26T14:16:29+00:00","description":"La Fundaci\u00f3n Vivo F\u00e1cil, entidad comprometida con la mejora de la calidad de vida de las personas, ha reconocido a la campa\u00f1a \u201cLa Voz de la Accesibilidad\u201d de la Fundaci\u00f3n Mutua de Propietarios como finalista del premio a la Excelencia en la \u201cInclusi\u00f3n Laboral y la prevenci\u00f3n de Riesgos Laborales de las Personas con Discapacidad\" por su extraordinario impacto social.","breadcrumb":{"@id":"https:\/\/www.fundacionmdp.org\/ca\/la-campanya-la-veu-de-laccessibilitat-de-la-fundacio-mutua-de-propietarios-finalista-del-premi-a-lexcel%c2%b7lencia-en-inclusio-laboral\/#breadcrumb"},"inLanguage":"ca","potentialAction":[{"@type":"ReadAction","target":["https:\/\/www.fundacionmdp.org\/ca\/la-campanya-la-veu-de-laccessibilitat-de-la-fundacio-mutua-de-propietarios-finalista-del-premi-a-lexcel%c2%b7lencia-en-inclusio-laboral\/"]}]},{"@type":"ImageObject","inLanguage":"ca","@id":"https:\/\/www.fundacionmdp.org\/ca\/la-campanya-la-veu-de-laccessibilitat-de-la-fundacio-mutua-de-propietarios-finalista-del-premi-a-lexcel%c2%b7lencia-en-inclusio-laboral\/#primaryimage","url":"https:\/\/www.fundacionmdp.org\/wp-content\/uploads\/2025\/06\/Miriam-Fernandez-campana-scaled.png","contentUrl":"https:\/\/www.fundacionmdp.org\/wp-content\/uploads\/2025\/06\/Miriam-Fernandez-campana-scaled.png","width":2560,"height":1440},{"@type":"BreadcrumbList","@id":"https:\/\/www.fundacionmdp.org\/ca\/la-campanya-la-veu-de-laccessibilitat-de-la-fundacio-mutua-de-propietarios-finalista-del-premi-a-lexcel%c2%b7lencia-en-inclusio-laboral\/#breadcrumb","itemListElement":[{"@type":"ListItem","position":1,"name":"Home","item":"https:\/\/www.fundacionmdp.org\/ca\/"},{"@type":"ListItem","position":2,"name":"LA CAMPANYA \u2018LA VEU DE L&#8217;ACCESSIBILITAT\u2019 DE LA FUNDACI\u00d3 MUTUA DE PROPIETARIOS, FINALISTA DEL PREMI A L&#8217;EXCEL\u00b7L\u00c8NCIA EN INCLUSI\u00d3 LABORAL"}]},{"@type":"WebSite","@id":"https:\/\/www.fundacionmdp.org\/#website","url":"https:\/\/www.fundacionmdp.org\/","name":"Fundaci\u00f3n Mutua de Propietarios","description":"En la Fundaci\u00f3n Mutua de Propietarios te ayudamos a convertir tu edificio de viviendas en un espacio sin barreras arquitect\u00f3nicas.","publisher":{"@id":"https:\/\/www.fundacionmdp.org\/#organization"},"potentialAction":[{"@type":"SearchAction","target":{"@type":"EntryPoint","urlTemplate":"https:\/\/www.fundacionmdp.org\/?s={search_term_string}"},"query-input":{"@type":"PropertyValueSpecification","valueRequired":true,"valueName":"search_term_string"}}],"inLanguage":"ca"},{"@type":"Organization","@id":"https:\/\/www.fundacionmdp.org\/#organization","name":"Fundaci\u00f3n Mutua de Propietarios","url":"https:\/\/www.fundacionmdp.org\/","logo":{"@type":"ImageObject","inLanguage":"ca","@id":"https:\/\/www.fundacionmdp.org\/#\/schema\/logo\/image\/","url":"https:\/\/www.fundacionmdp.org\/wp-content\/uploads\/2023\/05\/logo_FMdP_cat.png","contentUrl":"https:\/\/www.fundacionmdp.org\/wp-content\/uploads\/2023\/05\/logo_FMdP_cat.png","width":655,"height":297,"caption":"Fundaci\u00f3n Mutua de Propietarios"},"image":{"@id":"https:\/\/www.fundacionmdp.org\/#\/schema\/logo\/image\/"}},{"@type":"Person","@id":"https:\/\/www.fundacionmdp.org\/#\/schema\/person\/0a0491f126b8cd8387f8f0da72129079","name":"consultinglasker@gmail.com","image":{"@type":"ImageObject","inLanguage":"ca","@id":"https:\/\/secure.gravatar.com\/avatar\/7a939fbe5ab9abbba5f8a779e3054b4bee69cfadd53950db933d836ae1fc6281?s=96&d=mm&r=g","url":"https:\/\/secure.gravatar.com\/avatar\/7a939fbe5ab9abbba5f8a779e3054b4bee69cfadd53950db933d836ae1fc6281?s=96&d=mm&r=g","contentUrl":"https:\/\/secure.gravatar.com\/avatar\/7a939fbe5ab9abbba5f8a779e3054b4bee69cfadd53950db933d836ae1fc6281?s=96&d=mm&r=g","caption":"consultinglasker@gmail.com"},"url":"https:\/\/www.fundacionmdp.org\/ca\/author\/consultinglaskergmail-com\/"}]}},"_links":{"self":[{"href":"https:\/\/www.fundacionmdp.org\/ca\/wp-json\/wp\/v2\/posts\/11543","targetHints":{"allow":["GET"]}}],"collection":[{"href":"https:\/\/www.fundacionmdp.org\/ca\/wp-json\/wp\/v2\/posts"}],"about":[{"href":"https:\/\/www.fundacionmdp.org\/ca\/wp-json\/wp\/v2\/types\/post"}],"author":[{"embeddable":true,"href":"https:\/\/www.fundacionmdp.org\/ca\/wp-json\/wp\/v2\/users\/29"}],"replies":[{"embeddable":true,"href":"https:\/\/www.fundacionmdp.org\/ca\/wp-json\/wp\/v2\/comments?post=11543"}],"version-history":[{"count":1,"href":"https:\/\/www.fundacionmdp.org\/ca\/wp-json\/wp\/v2\/posts\/11543\/revisions"}],"predecessor-version":[{"id":11544,"href":"https:\/\/www.fundacionmdp.org\/ca\/wp-json\/wp\/v2\/posts\/11543\/revisions\/11544"}],"wp:featuredmedia":[{"embeddable":true,"href":"https:\/\/www.fundacionmdp.org\/ca\/wp-json\/wp\/v2\/media\/11541"}],"wp:attachment":[{"href":"https:\/\/www.fundacionmdp.org\/ca\/wp-json\/wp\/v2\/media?parent=11543"}],"wp:term":[{"taxonomy":"category","embeddable":true,"href":"https:\/\/www.fundacionmdp.org\/ca\/wp-json\/wp\/v2\/categories?post=11543"},{"taxonomy":"post_tag","embeddable":true,"href":"https:\/\/www.fundacionmdp.org\/ca\/wp-json\/wp\/v2\/tags?post=11543"}],"curies":[{"name":"wp","href":"https:\/\/api.w.org\/{rel}","templated":true}]}}