{"id":11552,"date":"2025-06-27T11:00:55","date_gmt":"2025-06-27T09:00:55","guid":{"rendered":"https:\/\/www.fundacionmdp.org\/?p=11552"},"modified":"2025-06-27T11:04:11","modified_gmt":"2025-06-27T09:04:11","slug":"cap-a-un-habitatge-sense-barreres-i-mes-inclusiu-reforma-de-la-llei-de-discapacitat-i-el-seu-impacte-en-laccessibilitat","status":"publish","type":"post","link":"https:\/\/www.fundacionmdp.org\/ca\/cap-a-un-habitatge-sense-barreres-i-mes-inclusiu-reforma-de-la-llei-de-discapacitat-i-el-seu-impacte-en-laccessibilitat\/","title":{"rendered":"Cap a un Habitatge Sense Barreres i m\u00e9s inclusiu: Reforma de la llei de discapacitat i el seu impacte en l&#8217;accessibilitat"},"content":{"rendered":"\t\t<div data-elementor-type=\"wp-post\" data-elementor-id=\"11552\" class=\"elementor elementor-11552 elementor-11545\">\n\t\t\t\t<div class=\"elementor-element elementor-element-4017183 e-flex e-con-boxed e-con e-parent\" data-id=\"4017183\" data-element_type=\"container\" data-e-type=\"container\">\n\t\t\t\t\t<div class=\"e-con-inner\">\n\t\t\t\t<div class=\"elementor-element elementor-element-d6585dc elementor-widget elementor-widget-text-editor\" data-id=\"d6585dc\" data-element_type=\"widget\" data-e-type=\"widget\" data-widget_type=\"text-editor.default\">\n\t\t\t\t<div class=\"elementor-widget-container\">\n\t\t\t\t\t\t\t\t\t<p>La accesibilidad en los edificios de viviendas y comunidades de vecinos se ha convertido en una prioridad debido al envejecimiento de la poblaci\u00f3n y el avance hacia una sociedad m\u00e1s inclusiva. Con una poblaci\u00f3n cada vez m\u00e1s mayor, garantizar la accesibilidad es esencial para permitir que las personas vivan de manera aut\u00f3noma y digna. Ante este nuevo contexto, la legislaci\u00f3n y las normativas tambi\u00e9n deben adaptarse a las nuevas necesidades de los ciudadanos.<\/p><p><strong>La Necesidad de la Reforma<\/strong><\/p><p>La reforma de la Ley de Dependencia y Discapacidad busca abordar los desaf\u00edos que enfrentan las personas con movilidad reducida y otras discapacidades en su vida diaria. Esta ley no solo simplifica el reconocimiento de la discapacidad, sino que tambi\u00e9n ampl\u00eda los mecanismos para hacer valer los derechos de estas personas en el \u00e1mbito de la vivienda. La accesibilidad en los edificios residenciales ya no es solo una opci\u00f3n deseable, sino un derecho exigible.<\/p><p><strong>Accesibilidad en las Comunidades de Vecinos<\/strong><\/p><p>Para las comunidades de propietarios, esta reforma implica un esfuerzo conjunto para adaptar los espacios comunes y garantizar que todos los residentes, especialmente aquellos con discapacidad o mayores de 70 a\u00f1os, puedan moverse libremente y con seguridad. La ley obligar\u00e1 a las comunidades a realizar las obras necesarias para garantizar la accesibilidad en las zonas comunes del edificio, desde portales, rampas y ascensores hasta se\u00f1alizaci\u00f3n y control de accesos.<\/p><p><strong>Obligaciones y Beneficios<\/strong><\/p><p>\u00a0Uno de los cambios m\u00e1s significativos ser\u00e1 la obligaci\u00f3n de atender las solicitudes de las personas residentes con discapacidad o mayores de 70 a\u00f1os que necesiten adaptaciones, siempre que el coste anual de las obras, despu\u00e9s de descontar subvenciones o ayudas, no exceda de doce mensualidades ordinarias de gastos comunes. Esto implica gestionar solicitudes con mayor agilidad, asesorar sobre las nuevas exigencias normativas, tramitar ayudas y subvenciones disponibles, y facilitar la comunicaci\u00f3n entre vecinos y t\u00e9cnicos.<\/p><p><strong>El Papel de los Administradores de Fincas<\/strong>\u00a0<\/p><p>Los administradores de fincas jugar\u00e1n un papel crucial en este proceso, liderando la transformaci\u00f3n hacia entornos m\u00e1s accesibles y guiando a las comunidades de propietarios. \u00a0Informar, sensibilizar y acompa\u00f1ar a las comunidades en la eliminaci\u00f3n de barreras arquitect\u00f3nicas ya es fundamental para cumplir con la legalidad y construir entornos donde todas las personas, independientemente de si sufren alguna limitaci\u00f3n de movimiento o discapacidad, puedan vivir y entrar y salir de sus viviendas y edificios con autonom\u00eda y dignidad.<\/p><p><strong>Conclusi\u00f3n<\/strong>\u00a0<\/p><p>La aprobaci\u00f3n de la nueva ley marcar\u00e1 un antes y un despu\u00e9s en la gesti\u00f3n de la accesibilidad en los edificios residenciales. El compromiso de las comunidades de vecinos y de los administradores de fincas, ser\u00e1 esencial para lograr viviendas y entornos m\u00e1s inclusivos, seguros y adaptados al futuro. La accesibilidad es un derecho que debe ser garantizado para todos, y esta reforma que llega es un paso importante para conseguirlo.<\/p><p>\u00a0<\/p>\t\t\t\t\t\t\t\t<\/div>\n\t\t\t\t<\/div>\n\t\t\t\t\t<\/div>\n\t\t\t\t<\/div>\n\t\t\t\t<\/div>\n\t\t","protected":false},"excerpt":{"rendered":"<p>La accesibilidad en los edificios de viviendas y comunidades de vecinos se ha convertido en una prioridad debido al envejecimiento de la poblaci\u00f3n y el avance hacia una sociedad m\u00e1s inclusiva. Con una poblaci\u00f3n cada vez m\u00e1s mayor, garantizar la accesibilidad es esencial para permitir que las personas vivan de manera aut\u00f3noma y digna. Ante [&hellip;]<\/p>\n","protected":false},"author":1,"featured_media":11547,"comment_status":"open","ping_status":"open","sticky":false,"template":"","format":"standard","meta":{"_acf_changed":false,"ocean_post_layout":"","ocean_both_sidebars_style":"","ocean_both_sidebars_content_width":0,"ocean_both_sidebars_sidebars_width":0,"ocean_sidebar":"","ocean_second_sidebar":"","ocean_disable_margins":"enable","ocean_add_body_class":"","ocean_shortcode_before_top_bar":"","ocean_shortcode_after_top_bar":"","ocean_shortcode_before_header":"","ocean_shortcode_after_header":"","ocean_has_shortcode":"","ocean_shortcode_after_title":"","ocean_shortcode_before_footer_widgets":"","ocean_shortcode_after_footer_widgets":"","ocean_shortcode_before_footer_bottom":"","ocean_shortcode_after_footer_bottom":"","ocean_display_top_bar":"default","ocean_display_header":"default","ocean_header_style":"","ocean_center_header_left_menu":"","ocean_custom_header_template":"","ocean_custom_logo":0,"ocean_custom_retina_logo":0,"ocean_custom_logo_max_width":0,"ocean_custom_logo_tablet_max_width":0,"ocean_custom_logo_mobile_max_width":0,"ocean_custom_logo_max_height":0,"ocean_custom_logo_tablet_max_height":0,"ocean_custom_logo_mobile_max_height":0,"ocean_header_custom_menu":"","ocean_menu_typo_font_family":"","ocean_menu_typo_font_subset":"","ocean_menu_typo_font_size":0,"ocean_menu_typo_font_size_tablet":0,"ocean_menu_typo_font_size_mobile":0,"ocean_menu_typo_font_size_unit":"px","ocean_menu_typo_font_weight":"","ocean_menu_typo_font_weight_tablet":"","ocean_menu_typo_font_weight_mobile":"","ocean_menu_typo_transform":"","ocean_menu_typo_transform_tablet":"","ocean_menu_typo_transform_mobile":"","ocean_menu_typo_line_height":0,"ocean_menu_typo_line_height_tablet":0,"ocean_menu_typo_line_height_mobile":0,"ocean_menu_typo_line_height_unit":"","ocean_menu_typo_spacing":0,"ocean_menu_typo_spacing_tablet":0,"ocean_menu_typo_spacing_mobile":0,"ocean_menu_typo_spacing_unit":"","ocean_menu_link_color":"","ocean_menu_link_color_hover":"","ocean_menu_link_color_active":"","ocean_menu_link_background":"","ocean_menu_link_hover_background":"","ocean_menu_link_active_background":"","ocean_menu_social_links_bg":"","ocean_menu_social_hover_links_bg":"","ocean_menu_social_links_color":"","ocean_menu_social_hover_links_color":"","ocean_disable_title":"default","ocean_disable_heading":"default","ocean_post_title":"","ocean_post_subheading":"","ocean_post_title_style":"","ocean_post_title_background_color":"","ocean_post_title_background":0,"ocean_post_title_bg_image_position":"","ocean_post_title_bg_image_attachment":"","ocean_post_title_bg_image_repeat":"","ocean_post_title_bg_image_size":"","ocean_post_title_height":0,"ocean_post_title_bg_overlay":0.5,"ocean_post_title_bg_overlay_color":"","ocean_disable_breadcrumbs":"default","ocean_breadcrumbs_color":"","ocean_breadcrumbs_separator_color":"","ocean_breadcrumbs_links_color":"","ocean_breadcrumbs_links_hover_color":"","ocean_display_footer_widgets":"default","ocean_display_footer_bottom":"default","ocean_custom_footer_template":"","ocean_post_oembed":"","ocean_post_self_hosted_media":"","ocean_post_video_embed":"","ocean_link_format":"","ocean_link_format_target":"self","ocean_quote_format":"","ocean_quote_format_link":"post","ocean_gallery_link_images":"on","ocean_gallery_id":[],"footnotes":""},"categories":[1],"tags":[],"class_list":["post-11552","post","type-post","status-publish","format-standard","has-post-thumbnail","hentry","category-sin-categorizar","entry","has-media"],"acf":[],"yoast_head":"<!-- This site is optimized with the Yoast SEO plugin v27.3 - https:\/\/yoast.com\/product\/yoast-seo-wordpress\/ -->\n<title>Cap a un Habitatge Sense Barreres i m\u00e9s inclusiu: Reforma de la llei de discapacitat i el seu impacte en l&#039;accessibilitat - Fundaci\u00f3n Mutua de Propietarios<\/title>\n<meta name=\"robots\" content=\"index, follow, max-snippet:-1, max-image-preview:large, max-video-preview:-1\" \/>\n<link rel=\"canonical\" href=\"https:\/\/www.fundacionmdp.org\/ca\/cap-a-un-habitatge-sense-barreres-i-mes-inclusiu-reforma-de-la-llei-de-discapacitat-i-el-seu-impacte-en-laccessibilitat\/\" \/>\n<meta property=\"og:locale\" content=\"ca_ES\" \/>\n<meta property=\"og:type\" content=\"article\" \/>\n<meta property=\"og:title\" content=\"Cap a un Habitatge Sense Barreres i m\u00e9s inclusiu: Reforma de la llei de discapacitat i el seu impacte en l&#039;accessibilitat - Fundaci\u00f3n Mutua de Propietarios\" \/>\n<meta property=\"og:description\" content=\"La accesibilidad en los edificios de viviendas y comunidades de vecinos se ha convertido en una prioridad debido al envejecimiento de la poblaci\u00f3n y el avance hacia una sociedad m\u00e1s inclusiva. Con una poblaci\u00f3n cada vez m\u00e1s mayor, garantizar la accesibilidad es esencial para permitir que las personas vivan de manera aut\u00f3noma y digna. Ante [&hellip;]\" \/>\n<meta property=\"og:url\" content=\"https:\/\/www.fundacionmdp.org\/ca\/cap-a-un-habitatge-sense-barreres-i-mes-inclusiu-reforma-de-la-llei-de-discapacitat-i-el-seu-impacte-en-laccessibilitat\/\" \/>\n<meta property=\"og:site_name\" content=\"Fundaci\u00f3n Mutua de Propietarios\" \/>\n<meta property=\"article:published_time\" content=\"2025-06-27T09:00:55+00:00\" \/>\n<meta property=\"article:modified_time\" content=\"2025-06-27T09:04:11+00:00\" \/>\n<meta property=\"og:image\" content=\"https:\/\/www.fundacionmdp.org\/wp-content\/uploads\/2025\/06\/Accesible.jpg\" \/>\n\t<meta property=\"og:image:width\" content=\"1024\" \/>\n\t<meta property=\"og:image:height\" content=\"1024\" \/>\n\t<meta property=\"og:image:type\" content=\"image\/jpeg\" \/>\n<meta name=\"author\" content=\"fundacionmdp\" \/>\n<meta name=\"twitter:card\" content=\"summary_large_image\" \/>\n<meta name=\"twitter:label1\" content=\"Escrit per\" \/>\n\t<meta name=\"twitter:data1\" content=\"fundacionmdp\" \/>\n\t<meta name=\"twitter:label2\" content=\"Temps estimat de lectura\" \/>\n\t<meta name=\"twitter:data2\" content=\"3 minuts\" \/>\n<script type=\"application\/ld+json\" class=\"yoast-schema-graph\">{\"@context\":\"https:\\\/\\\/schema.org\",\"@graph\":[{\"@type\":\"Article\",\"@id\":\"https:\\\/\\\/www.fundacionmdp.org\\\/ca\\\/cap-a-un-habitatge-sense-barreres-i-mes-inclusiu-reforma-de-la-llei-de-discapacitat-i-el-seu-impacte-en-laccessibilitat\\\/#article\",\"isPartOf\":{\"@id\":\"https:\\\/\\\/www.fundacionmdp.org\\\/ca\\\/cap-a-un-habitatge-sense-barreres-i-mes-inclusiu-reforma-de-la-llei-de-discapacitat-i-el-seu-impacte-en-laccessibilitat\\\/\"},\"author\":{\"name\":\"fundacionmdp\",\"@id\":\"https:\\\/\\\/www.fundacionmdp.org\\\/#\\\/schema\\\/person\\\/12f9af801cac25dfcb5a96cb0090f703\"},\"headline\":\"Cap a un Habitatge Sense Barreres i m\u00e9s inclusiu: Reforma de la llei de discapacitat i el seu impacte en l&#8217;accessibilitat\",\"datePublished\":\"2025-06-27T09:00:55+00:00\",\"dateModified\":\"2025-06-27T09:04:11+00:00\",\"mainEntityOfPage\":{\"@id\":\"https:\\\/\\\/www.fundacionmdp.org\\\/ca\\\/cap-a-un-habitatge-sense-barreres-i-mes-inclusiu-reforma-de-la-llei-de-discapacitat-i-el-seu-impacte-en-laccessibilitat\\\/\"},\"wordCount\":517,\"commentCount\":0,\"publisher\":{\"@id\":\"https:\\\/\\\/www.fundacionmdp.org\\\/#organization\"},\"image\":{\"@id\":\"https:\\\/\\\/www.fundacionmdp.org\\\/ca\\\/cap-a-un-habitatge-sense-barreres-i-mes-inclusiu-reforma-de-la-llei-de-discapacitat-i-el-seu-impacte-en-laccessibilitat\\\/#primaryimage\"},\"thumbnailUrl\":\"https:\\\/\\\/www.fundacionmdp.org\\\/wp-content\\\/uploads\\\/2025\\\/06\\\/Accesible.jpg\",\"articleSection\":[\"Sin categorizar\"],\"inLanguage\":\"ca\",\"potentialAction\":[{\"@type\":\"CommentAction\",\"name\":\"Comment\",\"target\":[\"https:\\\/\\\/www.fundacionmdp.org\\\/ca\\\/cap-a-un-habitatge-sense-barreres-i-mes-inclusiu-reforma-de-la-llei-de-discapacitat-i-el-seu-impacte-en-laccessibilitat\\\/#respond\"]}]},{\"@type\":\"WebPage\",\"@id\":\"https:\\\/\\\/www.fundacionmdp.org\\\/ca\\\/cap-a-un-habitatge-sense-barreres-i-mes-inclusiu-reforma-de-la-llei-de-discapacitat-i-el-seu-impacte-en-laccessibilitat\\\/\",\"url\":\"https:\\\/\\\/www.fundacionmdp.org\\\/ca\\\/cap-a-un-habitatge-sense-barreres-i-mes-inclusiu-reforma-de-la-llei-de-discapacitat-i-el-seu-impacte-en-laccessibilitat\\\/\",\"name\":\"Cap a un Habitatge Sense Barreres i m\u00e9s inclusiu: Reforma de la llei de discapacitat i el seu impacte en l'accessibilitat - Fundaci\u00f3n Mutua de Propietarios\",\"isPartOf\":{\"@id\":\"https:\\\/\\\/www.fundacionmdp.org\\\/#website\"},\"primaryImageOfPage\":{\"@id\":\"https:\\\/\\\/www.fundacionmdp.org\\\/ca\\\/cap-a-un-habitatge-sense-barreres-i-mes-inclusiu-reforma-de-la-llei-de-discapacitat-i-el-seu-impacte-en-laccessibilitat\\\/#primaryimage\"},\"image\":{\"@id\":\"https:\\\/\\\/www.fundacionmdp.org\\\/ca\\\/cap-a-un-habitatge-sense-barreres-i-mes-inclusiu-reforma-de-la-llei-de-discapacitat-i-el-seu-impacte-en-laccessibilitat\\\/#primaryimage\"},\"thumbnailUrl\":\"https:\\\/\\\/www.fundacionmdp.org\\\/wp-content\\\/uploads\\\/2025\\\/06\\\/Accesible.jpg\",\"datePublished\":\"2025-06-27T09:00:55+00:00\",\"dateModified\":\"2025-06-27T09:04:11+00:00\",\"breadcrumb\":{\"@id\":\"https:\\\/\\\/www.fundacionmdp.org\\\/ca\\\/cap-a-un-habitatge-sense-barreres-i-mes-inclusiu-reforma-de-la-llei-de-discapacitat-i-el-seu-impacte-en-laccessibilitat\\\/#breadcrumb\"},\"inLanguage\":\"ca\",\"potentialAction\":[{\"@type\":\"ReadAction\",\"target\":[\"https:\\\/\\\/www.fundacionmdp.org\\\/ca\\\/cap-a-un-habitatge-sense-barreres-i-mes-inclusiu-reforma-de-la-llei-de-discapacitat-i-el-seu-impacte-en-laccessibilitat\\\/\"]}]},{\"@type\":\"ImageObject\",\"inLanguage\":\"ca\",\"@id\":\"https:\\\/\\\/www.fundacionmdp.org\\\/ca\\\/cap-a-un-habitatge-sense-barreres-i-mes-inclusiu-reforma-de-la-llei-de-discapacitat-i-el-seu-impacte-en-laccessibilitat\\\/#primaryimage\",\"url\":\"https:\\\/\\\/www.fundacionmdp.org\\\/wp-content\\\/uploads\\\/2025\\\/06\\\/Accesible.jpg\",\"contentUrl\":\"https:\\\/\\\/www.fundacionmdp.org\\\/wp-content\\\/uploads\\\/2025\\\/06\\\/Accesible.jpg\",\"width\":1024,\"height\":1024},{\"@type\":\"BreadcrumbList\",\"@id\":\"https:\\\/\\\/www.fundacionmdp.org\\\/ca\\\/cap-a-un-habitatge-sense-barreres-i-mes-inclusiu-reforma-de-la-llei-de-discapacitat-i-el-seu-impacte-en-laccessibilitat\\\/#breadcrumb\",\"itemListElement\":[{\"@type\":\"ListItem\",\"position\":1,\"name\":\"Home\",\"item\":\"https:\\\/\\\/www.fundacionmdp.org\\\/ca\\\/\"},{\"@type\":\"ListItem\",\"position\":2,\"name\":\"Cap a un Habitatge Sense Barreres i m\u00e9s inclusiu: Reforma de la llei de discapacitat i el seu impacte en l&#8217;accessibilitat\"}]},{\"@type\":\"WebSite\",\"@id\":\"https:\\\/\\\/www.fundacionmdp.org\\\/#website\",\"url\":\"https:\\\/\\\/www.fundacionmdp.org\\\/\",\"name\":\"Fundaci\u00f3n Mutua de Propietarios\",\"description\":\"En la Fundaci\u00f3n Mutua de Propietarios te ayudamos a convertir tu edificio de viviendas en un espacio sin barreras arquitect\u00f3nicas.\",\"publisher\":{\"@id\":\"https:\\\/\\\/www.fundacionmdp.org\\\/#organization\"},\"potentialAction\":[{\"@type\":\"SearchAction\",\"target\":{\"@type\":\"EntryPoint\",\"urlTemplate\":\"https:\\\/\\\/www.fundacionmdp.org\\\/?s={search_term_string}\"},\"query-input\":{\"@type\":\"PropertyValueSpecification\",\"valueRequired\":true,\"valueName\":\"search_term_string\"}}],\"inLanguage\":\"ca\"},{\"@type\":\"Organization\",\"@id\":\"https:\\\/\\\/www.fundacionmdp.org\\\/#organization\",\"name\":\"Fundaci\u00f3n Mutua de Propietarios\",\"url\":\"https:\\\/\\\/www.fundacionmdp.org\\\/\",\"logo\":{\"@type\":\"ImageObject\",\"inLanguage\":\"ca\",\"@id\":\"https:\\\/\\\/www.fundacionmdp.org\\\/#\\\/schema\\\/logo\\\/image\\\/\",\"url\":\"https:\\\/\\\/www.fundacionmdp.org\\\/wp-content\\\/uploads\\\/2023\\\/05\\\/logo_FMdP_cat.png\",\"contentUrl\":\"https:\\\/\\\/www.fundacionmdp.org\\\/wp-content\\\/uploads\\\/2023\\\/05\\\/logo_FMdP_cat.png\",\"width\":655,\"height\":297,\"caption\":\"Fundaci\u00f3n Mutua de Propietarios\"},\"image\":{\"@id\":\"https:\\\/\\\/www.fundacionmdp.org\\\/#\\\/schema\\\/logo\\\/image\\\/\"}},{\"@type\":\"Person\",\"@id\":\"https:\\\/\\\/www.fundacionmdp.org\\\/#\\\/schema\\\/person\\\/12f9af801cac25dfcb5a96cb0090f703\",\"name\":\"fundacionmdp\",\"image\":{\"@type\":\"ImageObject\",\"inLanguage\":\"ca\",\"@id\":\"https:\\\/\\\/secure.gravatar.com\\\/avatar\\\/b540f93d1816a14d85e51109d050c3243b98fb660a665f517a6d2597cff3bbed?s=96&d=mm&r=g\",\"url\":\"https:\\\/\\\/secure.gravatar.com\\\/avatar\\\/b540f93d1816a14d85e51109d050c3243b98fb660a665f517a6d2597cff3bbed?s=96&d=mm&r=g\",\"contentUrl\":\"https:\\\/\\\/secure.gravatar.com\\\/avatar\\\/b540f93d1816a14d85e51109d050c3243b98fb660a665f517a6d2597cff3bbed?s=96&d=mm&r=g\",\"caption\":\"fundacionmdp\"},\"sameAs\":[\"http:\\\/\\\/prezuk.com.mialias.net\\\/fundacionmdp\"],\"url\":\"https:\\\/\\\/www.fundacionmdp.org\\\/ca\\\/author\\\/fundacionmdp\\\/\"}]}<\/script>\n<!-- \/ Yoast SEO plugin. -->","yoast_head_json":{"title":"Cap a un Habitatge Sense Barreres i m\u00e9s inclusiu: Reforma de la llei de discapacitat i el seu impacte en l'accessibilitat - Fundaci\u00f3n Mutua de Propietarios","robots":{"index":"index","follow":"follow","max-snippet":"max-snippet:-1","max-image-preview":"max-image-preview:large","max-video-preview":"max-video-preview:-1"},"canonical":"https:\/\/www.fundacionmdp.org\/ca\/cap-a-un-habitatge-sense-barreres-i-mes-inclusiu-reforma-de-la-llei-de-discapacitat-i-el-seu-impacte-en-laccessibilitat\/","og_locale":"ca_ES","og_type":"article","og_title":"Cap a un Habitatge Sense Barreres i m\u00e9s inclusiu: Reforma de la llei de discapacitat i el seu impacte en l'accessibilitat - Fundaci\u00f3n Mutua de Propietarios","og_description":"La accesibilidad en los edificios de viviendas y comunidades de vecinos se ha convertido en una prioridad debido al envejecimiento de la poblaci\u00f3n y el avance hacia una sociedad m\u00e1s inclusiva. Con una poblaci\u00f3n cada vez m\u00e1s mayor, garantizar la accesibilidad es esencial para permitir que las personas vivan de manera aut\u00f3noma y digna. Ante [&hellip;]","og_url":"https:\/\/www.fundacionmdp.org\/ca\/cap-a-un-habitatge-sense-barreres-i-mes-inclusiu-reforma-de-la-llei-de-discapacitat-i-el-seu-impacte-en-laccessibilitat\/","og_site_name":"Fundaci\u00f3n Mutua de Propietarios","article_published_time":"2025-06-27T09:00:55+00:00","article_modified_time":"2025-06-27T09:04:11+00:00","og_image":[{"width":1024,"height":1024,"url":"https:\/\/www.fundacionmdp.org\/wp-content\/uploads\/2025\/06\/Accesible.jpg","type":"image\/jpeg"}],"author":"fundacionmdp","twitter_card":"summary_large_image","twitter_misc":{"Escrit per":"fundacionmdp","Temps estimat de lectura":"3 minuts"},"schema":{"@context":"https:\/\/schema.org","@graph":[{"@type":"Article","@id":"https:\/\/www.fundacionmdp.org\/ca\/cap-a-un-habitatge-sense-barreres-i-mes-inclusiu-reforma-de-la-llei-de-discapacitat-i-el-seu-impacte-en-laccessibilitat\/#article","isPartOf":{"@id":"https:\/\/www.fundacionmdp.org\/ca\/cap-a-un-habitatge-sense-barreres-i-mes-inclusiu-reforma-de-la-llei-de-discapacitat-i-el-seu-impacte-en-laccessibilitat\/"},"author":{"name":"fundacionmdp","@id":"https:\/\/www.fundacionmdp.org\/#\/schema\/person\/12f9af801cac25dfcb5a96cb0090f703"},"headline":"Cap a un Habitatge Sense Barreres i m\u00e9s inclusiu: Reforma de la llei de discapacitat i el seu impacte en l&#8217;accessibilitat","datePublished":"2025-06-27T09:00:55+00:00","dateModified":"2025-06-27T09:04:11+00:00","mainEntityOfPage":{"@id":"https:\/\/www.fundacionmdp.org\/ca\/cap-a-un-habitatge-sense-barreres-i-mes-inclusiu-reforma-de-la-llei-de-discapacitat-i-el-seu-impacte-en-laccessibilitat\/"},"wordCount":517,"commentCount":0,"publisher":{"@id":"https:\/\/www.fundacionmdp.org\/#organization"},"image":{"@id":"https:\/\/www.fundacionmdp.org\/ca\/cap-a-un-habitatge-sense-barreres-i-mes-inclusiu-reforma-de-la-llei-de-discapacitat-i-el-seu-impacte-en-laccessibilitat\/#primaryimage"},"thumbnailUrl":"https:\/\/www.fundacionmdp.org\/wp-content\/uploads\/2025\/06\/Accesible.jpg","articleSection":["Sin categorizar"],"inLanguage":"ca","potentialAction":[{"@type":"CommentAction","name":"Comment","target":["https:\/\/www.fundacionmdp.org\/ca\/cap-a-un-habitatge-sense-barreres-i-mes-inclusiu-reforma-de-la-llei-de-discapacitat-i-el-seu-impacte-en-laccessibilitat\/#respond"]}]},{"@type":"WebPage","@id":"https:\/\/www.fundacionmdp.org\/ca\/cap-a-un-habitatge-sense-barreres-i-mes-inclusiu-reforma-de-la-llei-de-discapacitat-i-el-seu-impacte-en-laccessibilitat\/","url":"https:\/\/www.fundacionmdp.org\/ca\/cap-a-un-habitatge-sense-barreres-i-mes-inclusiu-reforma-de-la-llei-de-discapacitat-i-el-seu-impacte-en-laccessibilitat\/","name":"Cap a un Habitatge Sense Barreres i m\u00e9s inclusiu: Reforma de la llei de discapacitat i el seu impacte en l'accessibilitat - Fundaci\u00f3n Mutua de Propietarios","isPartOf":{"@id":"https:\/\/www.fundacionmdp.org\/#website"},"primaryImageOfPage":{"@id":"https:\/\/www.fundacionmdp.org\/ca\/cap-a-un-habitatge-sense-barreres-i-mes-inclusiu-reforma-de-la-llei-de-discapacitat-i-el-seu-impacte-en-laccessibilitat\/#primaryimage"},"image":{"@id":"https:\/\/www.fundacionmdp.org\/ca\/cap-a-un-habitatge-sense-barreres-i-mes-inclusiu-reforma-de-la-llei-de-discapacitat-i-el-seu-impacte-en-laccessibilitat\/#primaryimage"},"thumbnailUrl":"https:\/\/www.fundacionmdp.org\/wp-content\/uploads\/2025\/06\/Accesible.jpg","datePublished":"2025-06-27T09:00:55+00:00","dateModified":"2025-06-27T09:04:11+00:00","breadcrumb":{"@id":"https:\/\/www.fundacionmdp.org\/ca\/cap-a-un-habitatge-sense-barreres-i-mes-inclusiu-reforma-de-la-llei-de-discapacitat-i-el-seu-impacte-en-laccessibilitat\/#breadcrumb"},"inLanguage":"ca","potentialAction":[{"@type":"ReadAction","target":["https:\/\/www.fundacionmdp.org\/ca\/cap-a-un-habitatge-sense-barreres-i-mes-inclusiu-reforma-de-la-llei-de-discapacitat-i-el-seu-impacte-en-laccessibilitat\/"]}]},{"@type":"ImageObject","inLanguage":"ca","@id":"https:\/\/www.fundacionmdp.org\/ca\/cap-a-un-habitatge-sense-barreres-i-mes-inclusiu-reforma-de-la-llei-de-discapacitat-i-el-seu-impacte-en-laccessibilitat\/#primaryimage","url":"https:\/\/www.fundacionmdp.org\/wp-content\/uploads\/2025\/06\/Accesible.jpg","contentUrl":"https:\/\/www.fundacionmdp.org\/wp-content\/uploads\/2025\/06\/Accesible.jpg","width":1024,"height":1024},{"@type":"BreadcrumbList","@id":"https:\/\/www.fundacionmdp.org\/ca\/cap-a-un-habitatge-sense-barreres-i-mes-inclusiu-reforma-de-la-llei-de-discapacitat-i-el-seu-impacte-en-laccessibilitat\/#breadcrumb","itemListElement":[{"@type":"ListItem","position":1,"name":"Home","item":"https:\/\/www.fundacionmdp.org\/ca\/"},{"@type":"ListItem","position":2,"name":"Cap a un Habitatge Sense Barreres i m\u00e9s inclusiu: Reforma de la llei de discapacitat i el seu impacte en l&#8217;accessibilitat"}]},{"@type":"WebSite","@id":"https:\/\/www.fundacionmdp.org\/#website","url":"https:\/\/www.fundacionmdp.org\/","name":"Fundaci\u00f3n Mutua de Propietarios","description":"En la Fundaci\u00f3n Mutua de Propietarios te ayudamos a convertir tu edificio de viviendas en un espacio sin barreras arquitect\u00f3nicas.","publisher":{"@id":"https:\/\/www.fundacionmdp.org\/#organization"},"potentialAction":[{"@type":"SearchAction","target":{"@type":"EntryPoint","urlTemplate":"https:\/\/www.fundacionmdp.org\/?s={search_term_string}"},"query-input":{"@type":"PropertyValueSpecification","valueRequired":true,"valueName":"search_term_string"}}],"inLanguage":"ca"},{"@type":"Organization","@id":"https:\/\/www.fundacionmdp.org\/#organization","name":"Fundaci\u00f3n Mutua de Propietarios","url":"https:\/\/www.fundacionmdp.org\/","logo":{"@type":"ImageObject","inLanguage":"ca","@id":"https:\/\/www.fundacionmdp.org\/#\/schema\/logo\/image\/","url":"https:\/\/www.fundacionmdp.org\/wp-content\/uploads\/2023\/05\/logo_FMdP_cat.png","contentUrl":"https:\/\/www.fundacionmdp.org\/wp-content\/uploads\/2023\/05\/logo_FMdP_cat.png","width":655,"height":297,"caption":"Fundaci\u00f3n Mutua de Propietarios"},"image":{"@id":"https:\/\/www.fundacionmdp.org\/#\/schema\/logo\/image\/"}},{"@type":"Person","@id":"https:\/\/www.fundacionmdp.org\/#\/schema\/person\/12f9af801cac25dfcb5a96cb0090f703","name":"fundacionmdp","image":{"@type":"ImageObject","inLanguage":"ca","@id":"https:\/\/secure.gravatar.com\/avatar\/b540f93d1816a14d85e51109d050c3243b98fb660a665f517a6d2597cff3bbed?s=96&d=mm&r=g","url":"https:\/\/secure.gravatar.com\/avatar\/b540f93d1816a14d85e51109d050c3243b98fb660a665f517a6d2597cff3bbed?s=96&d=mm&r=g","contentUrl":"https:\/\/secure.gravatar.com\/avatar\/b540f93d1816a14d85e51109d050c3243b98fb660a665f517a6d2597cff3bbed?s=96&d=mm&r=g","caption":"fundacionmdp"},"sameAs":["http:\/\/prezuk.com.mialias.net\/fundacionmdp"],"url":"https:\/\/www.fundacionmdp.org\/ca\/author\/fundacionmdp\/"}]}},"_links":{"self":[{"href":"https:\/\/www.fundacionmdp.org\/ca\/wp-json\/wp\/v2\/posts\/11552","targetHints":{"allow":["GET"]}}],"collection":[{"href":"https:\/\/www.fundacionmdp.org\/ca\/wp-json\/wp\/v2\/posts"}],"about":[{"href":"https:\/\/www.fundacionmdp.org\/ca\/wp-json\/wp\/v2\/types\/post"}],"author":[{"embeddable":true,"href":"https:\/\/www.fundacionmdp.org\/ca\/wp-json\/wp\/v2\/users\/1"}],"replies":[{"embeddable":true,"href":"https:\/\/www.fundacionmdp.org\/ca\/wp-json\/wp\/v2\/comments?post=11552"}],"version-history":[{"count":6,"href":"https:\/\/www.fundacionmdp.org\/ca\/wp-json\/wp\/v2\/posts\/11552\/revisions"}],"predecessor-version":[{"id":11557,"href":"https:\/\/www.fundacionmdp.org\/ca\/wp-json\/wp\/v2\/posts\/11552\/revisions\/11557"}],"wp:featuredmedia":[{"embeddable":true,"href":"https:\/\/www.fundacionmdp.org\/ca\/wp-json\/wp\/v2\/media\/11547"}],"wp:attachment":[{"href":"https:\/\/www.fundacionmdp.org\/ca\/wp-json\/wp\/v2\/media?parent=11552"}],"wp:term":[{"taxonomy":"category","embeddable":true,"href":"https:\/\/www.fundacionmdp.org\/ca\/wp-json\/wp\/v2\/categories?post=11552"},{"taxonomy":"post_tag","embeddable":true,"href":"https:\/\/www.fundacionmdp.org\/ca\/wp-json\/wp\/v2\/tags?post=11552"}],"curies":[{"name":"wp","href":"https:\/\/api.w.org\/{rel}","templated":true}]}}