{"id":11588,"date":"2025-07-03T09:42:14","date_gmt":"2025-07-03T07:42:14","guid":{"rendered":"https:\/\/www.fundacionmdp.org\/?p=11588"},"modified":"2025-07-03T10:04:55","modified_gmt":"2025-07-03T08:04:55","slug":"les-barreres-arquitectoniques-obliguen-a-un-82-de-les-persones-amb-mobilitat-reduida-a-renunciar-a-la-seva-vida-social","status":"publish","type":"post","link":"https:\/\/www.fundacionmdp.org\/ca\/les-barreres-arquitectoniques-obliguen-a-un-82-de-les-persones-amb-mobilitat-reduida-a-renunciar-a-la-seva-vida-social\/","title":{"rendered":"LES BARRERES ARQUITECT\u00d2NIQUES OBLIGUEN A UN 82% DE LES PERSONES AMB MOBILITAT REDU\u00cfDA A RENUNCIAR A LA SEVA VIDA SOCIAL"},"content":{"rendered":"\n<p>Un 82% de les persones amb mobilitat redu\u00efda s&#8217;ha sentit obligada a renunciar a plans amb les seves amistats a causa de l&#8217;exist\u00e8ncia de barreres arquitect\u00f2niques a l&#8217;entorn. Aquest \u00e9s una de les principals dades que aboca l&#8217;estudi \u2018Sumant Veus\u201d impulsat per la Fundaci\u00f3 Mutua de Propietaris amb la col\u00b7laboraci\u00f3 de&nbsp;COCEMFE&nbsp;per a con\u00e8ixer, des de la pr\u00f2pia veu dels protagonistes, la vida quotidiana d&#8217;aquest col\u00b7lectiu i els desafiaments que afronten en el seu dia a dia per la pres\u00e8ncia de barreres arquitect\u00f2niques.<\/p>\n\n\n\n<p>\u201cMalgrat els avan\u00e7os normatius, la majoria de les persones amb mobilitat redu\u00efda continua enfrontant-se habitualment a obstacles en el seu entorn que afecten especialment la seva vida social, l&#8217;oci i les tasques dom\u00e8stiques, limitant la seva autonomia i impactant directament en el seu benestar\u201d, afirma Cristina Pall\u00e0s, directora de la Fundaci\u00f3 Mutua de Propietarios.<\/p>\n\n\n<div class=\"wp-block-image\">\n<figure class=\"alignright size-full is-resized\"><img fetchpriority=\"high\" decoding=\"async\" width=\"657\" height=\"564\" src=\"https:\/\/www.fundacionmdp.org\/wp-content\/uploads\/2025\/07\/Imagen5.png\" alt=\"\" class=\"wp-image-11589\" style=\"width:331px;height:auto\" srcset=\"https:\/\/www.fundacionmdp.org\/wp-content\/uploads\/2025\/07\/Imagen5.png 657w, https:\/\/www.fundacionmdp.org\/wp-content\/uploads\/2025\/07\/Imagen5-300x258.png 300w\" sizes=\"(max-width: 657px) 100vw, 657px\" \/><\/figure>\n<\/div>\n\n\n<p>Esta renuncia obligada tambi\u00e9n se ha hecho patente para un 74% de las personas con movilidad reducida en el \u00e1mbito de la familia, para un 49% en el entorno del trabajo y para el 54% en el marco de los estudios.<\/p>\n\n\n\n<p>Aquesta ren\u00fancia obligada tamb\u00e9 s&#8217;ha fet palesa per a un 75% de les persones amb mobilitat redu\u00efda en l&#8217;\u00e0mbit de la fam\u00edlia, per a un 49% a l\u2019esfera professional i per al 54% en el marc dels estudis.<\/p>\n\n\n\n<p><br>\u201cLa falta d&#8217;accessibilitat continua sent una llosa di\u00e0ria per a milions de persones amb mobilitat redu\u00efda, els qui ens veiem en l&#8217;obligaci\u00f3 de renunciar a aspectes fonamentals com quedar amb amics, sortir a passejar, visitar a la fam\u00edlia, estudiar o treballar\u201d, assegura el president de&nbsp;COCEMFE,&nbsp;Anxo&nbsp;Queiruga, destacant que \u201cla falta d&#8217;accessibilitat vulnera drets fonamentals i genera sentiments de frustraci\u00f3 i ren\u00fancia, que no haurien de formar part del dia a dia de ning\u00fa\u201d.<\/p>\n\n\n\n<div class=\"wp-block-group is-nowrap is-layout-flex wp-container-core-group-is-layout-ad2f72ca wp-block-group-is-layout-flex\">\n<p>I \u00e9s que, l&#8217;autonomia real continua sent una meta llunyana per a aquest col\u00b7lectiu. En aquest sentit, la majoria dels enquestats valora el seu grau d&#8217;independ\u00e8ncia personal entre 5 i 8, situant-se la mitjana en 5 i nom\u00e9s un 8% es considera completament aut\u00f2nom en el seu dia a dia.<\/p>\n<\/div>\n\n\n<div class=\"wp-block-image\">\n<figure class=\"alignright size-large is-resized\"><img decoding=\"async\" width=\"1024\" height=\"625\" src=\"https:\/\/www.fundacionmdp.org\/wp-content\/uploads\/2025\/07\/Imagen6-1024x625.png\" alt=\"\" class=\"wp-image-11591\" style=\"width:382px;height:auto\" srcset=\"https:\/\/www.fundacionmdp.org\/wp-content\/uploads\/2025\/07\/Imagen6-1024x625.png 1024w, https:\/\/www.fundacionmdp.org\/wp-content\/uploads\/2025\/07\/Imagen6-300x183.png 300w, https:\/\/www.fundacionmdp.org\/wp-content\/uploads\/2025\/07\/Imagen6-768x469.png 768w, https:\/\/www.fundacionmdp.org\/wp-content\/uploads\/2025\/07\/Imagen6.png 1184w\" sizes=\"(max-width: 1024px) 100vw, 1024px\" \/><\/figure>\n<\/div>\n\n\n<p>Per\u00f2, d&#8217;acord amb l&#8217;informe \u2018Sumant Veus\u201d, aquesta falta d&#8217;autonomia t\u00e9 una causa clara: set de cada deu persones ensopeguen di\u00e0riament amb barreres arquitect\u00f2niques. Una situaci\u00f3 que dificulta la mobilitat f\u00edsica i afecta directament a la vida social i l&#8217;oci -els \u00e0mbits m\u00e9s perjudicats, segons un 55% i un 54% dels enquestats-, a m\u00e9s de limitar activitats dom\u00e8stiques (54%) i esportives (41%).<\/p>\n\n\n\n<p>En aquest aspecte, cal destacar que s\u00f3n les dones les qui declaren una experi\u00e8ncia encara m\u00e9s negativa que els homes: l&#8217;impacte en la seva vida social \u00e9s del 65% enfront del 60% dels homes, i en l&#8217;oci un 62% enfront d&#8217;un 58%.<\/p>\n\n\n\n<p><strong><em><br>Conseq\u00fc\u00e8ncies emocionals davant un entorn no accessible.<\/em><\/strong><\/p>\n\n\n\n<p>Aquesta doble penalitzaci\u00f3 tamb\u00e9 es reflecteix en el pla emocional on l&#8217;informe de la Fundaci\u00f3 Mutua de Propietarios i COCEMFE posa en relleu la necessitat de tenir en consideraci\u00f3 les conseq\u00fc\u00e8ncies emocionals de l&#8217;impacte de les barreres arquitect\u00f2niques. En l\u00ednies generals, el sentiment predominant al trobar-se en un entorn no accessible \u00e9s la frustraci\u00f3 (28%) i la impot\u00e8ncia (28%), i les dones presenten de nou nivells m\u00e9s alts de frustraci\u00f3 -35% enfront del 28% en homes- i tristesa -10% enfront del 6%-.<strong><em><\/em><\/strong><\/p>\n\n\n\n<p>Per contra, un 9% de les persones amb mobilitat redu\u00efda se senten motivades per a buscar solucions i un 22% declara sentir-se enfadat. Altres emocions com la tristesa (4%) o la indifer\u00e8ncia (6%), s\u00f3n menys freq\u00fcents.<\/p>\n\n\n\n<p>\u201cLa veritable barrera no sempre \u00e9s f\u00edsica: \u00e9s necess\u00e0ria una major empatia, suport i voluntat social i per a superar aquest buit \u00e9s imprescindible transformar actituds i comportaments, generant espais de di\u00e0leg, formaci\u00f3 i sensibilitzaci\u00f3 que integrin a les persones amb mobilitat redu\u00efda en tots els aspectes de la vida social\u201d, afirma la directora de la Fundaci\u00f3 Mutua de Propietarios.<\/p>\n\n\n\n<p><strong><em>La fam\u00edlia, el suport principal<\/em><\/strong><\/p>\n\n\n\n<p>L&#8217;estudi \u2018Sumant Veus\u2019 revela que la fam\u00edlia continua sent el principal pilar enfront de les dificultats que suposen les barreres arquitect\u00f2niques, mentre que les institucions continuen jugant un paper redu\u00eft. En concret, el 60% de les persones amb mobilitat redu\u00efda busca ajuda en la fam\u00edlia amb la qual conviu per a afrontar els reptes del dia a dia, seguida dels amics (46%); familiars amb els quals no conviu (28%); personal extern (25%) i ve\u00efns (11%). L&#8217;Administraci\u00f3 p\u00fablica (5%) i el voluntariat (6%) s\u00f3n opcions minorit\u00e0ries i un 8% afirma no comptar amb suport.<\/p>\n\n\n\n<p>Una \u00e0mplia majoria (74%) percep que la societat \u00e9s poc conscient dels problemes que enfronten les persones amb mobilitat redu\u00efda, i un 19% creu que no hi ha cap consci\u00e8ncia. Nom\u00e9s un 7% opina que la societat \u00e9s bastant o molt conscient de les seves dificultats quotidianes.<\/p>\n\n\n<div class=\"wp-block-image\">\n<figure class=\"alignright size-full is-resized\"><img decoding=\"async\" width=\"864\" height=\"556\" src=\"https:\/\/www.fundacionmdp.org\/wp-content\/uploads\/2025\/07\/Imagen7.png\" alt=\"\" class=\"wp-image-11593\" style=\"width:327px;height:auto\" srcset=\"https:\/\/www.fundacionmdp.org\/wp-content\/uploads\/2025\/07\/Imagen7.png 864w, https:\/\/www.fundacionmdp.org\/wp-content\/uploads\/2025\/07\/Imagen7-300x193.png 300w, https:\/\/www.fundacionmdp.org\/wp-content\/uploads\/2025\/07\/Imagen7-768x494.png 768w\" sizes=\"(max-width: 864px) 100vw, 864px\" \/><\/figure>\n<\/div>\n\n\n<p>Per al president de COCEMFE, \u201cla millora dels entorns f\u00edsics ha d&#8217;anar acompanyada de pol\u00edtiques eficaces, recursos suficients i una escolta activa a les persones amb discapacitat i les organitzacions que les representem\u201d. \u201c\u00c9s urgent refor\u00e7ar els suports institucionals perqu\u00e8 l&#8217;entorn familiar no sigui l&#8217;\u00fanic suport i promoure entorns inclusius des del disseny universal perqu\u00e8 totes les persones puguem sortir-nos amb autonomia i participar plenament en la societat\u201d, conclou Queiruga.<\/p>\n\n\n\n<p><\/p>\n\n\n<div class=\"wp-block-image\">\n<figure class=\"alignleft size-full is-resized\"><img loading=\"lazy\" decoding=\"async\" width=\"380\" height=\"167\" src=\"https:\/\/www.fundacionmdp.org\/wp-content\/uploads\/2025\/07\/Imagen8.png\" alt=\"\" class=\"wp-image-11595\" style=\"width:479px;height:auto\" srcset=\"https:\/\/www.fundacionmdp.org\/wp-content\/uploads\/2025\/07\/Imagen8.png 380w, https:\/\/www.fundacionmdp.org\/wp-content\/uploads\/2025\/07\/Imagen8-300x132.png 300w\" sizes=\"(max-width: 380px) 100vw, 380px\" \/><\/figure>\n<\/div>","protected":false},"excerpt":{"rendered":"<p>Un 82% de les persones amb mobilitat redu\u00efda s&#8217;ha sentit obligada a renunciar a plans amb les seves amistats a causa de l&#8217;exist\u00e8ncia de barreres arquitect\u00f2niques a l&#8217;entorn. Aquest \u00e9s una de les principals dades que aboca l&#8217;estudi \u2018Sumant Veus\u201d impulsat per la Fundaci\u00f3 Mutua de Propietaris amb la col\u00b7laboraci\u00f3 de&nbsp;COCEMFE&nbsp;per a con\u00e8ixer, des de [&hellip;]<\/p>\n","protected":false},"author":29,"featured_media":11589,"comment_status":"open","ping_status":"open","sticky":false,"template":"","format":"standard","meta":{"_acf_changed":false,"ocean_post_layout":"","ocean_both_sidebars_style":"","ocean_both_sidebars_content_width":0,"ocean_both_sidebars_sidebars_width":0,"ocean_sidebar":"","ocean_second_sidebar":"","ocean_disable_margins":"enable","ocean_add_body_class":"","ocean_shortcode_before_top_bar":"","ocean_shortcode_after_top_bar":"","ocean_shortcode_before_header":"","ocean_shortcode_after_header":"","ocean_has_shortcode":"","ocean_shortcode_after_title":"","ocean_shortcode_before_footer_widgets":"","ocean_shortcode_after_footer_widgets":"","ocean_shortcode_before_footer_bottom":"","ocean_shortcode_after_footer_bottom":"","ocean_display_top_bar":"default","ocean_display_header":"default","ocean_header_style":"","ocean_center_header_left_menu":"","ocean_custom_header_template":"","ocean_custom_logo":0,"ocean_custom_retina_logo":0,"ocean_custom_logo_max_width":0,"ocean_custom_logo_tablet_max_width":0,"ocean_custom_logo_mobile_max_width":0,"ocean_custom_logo_max_height":0,"ocean_custom_logo_tablet_max_height":0,"ocean_custom_logo_mobile_max_height":0,"ocean_header_custom_menu":"","ocean_menu_typo_font_family":"","ocean_menu_typo_font_subset":"","ocean_menu_typo_font_size":0,"ocean_menu_typo_font_size_tablet":0,"ocean_menu_typo_font_size_mobile":0,"ocean_menu_typo_font_size_unit":"px","ocean_menu_typo_font_weight":"","ocean_menu_typo_font_weight_tablet":"","ocean_menu_typo_font_weight_mobile":"","ocean_menu_typo_transform":"","ocean_menu_typo_transform_tablet":"","ocean_menu_typo_transform_mobile":"","ocean_menu_typo_line_height":0,"ocean_menu_typo_line_height_tablet":0,"ocean_menu_typo_line_height_mobile":0,"ocean_menu_typo_line_height_unit":"","ocean_menu_typo_spacing":0,"ocean_menu_typo_spacing_tablet":0,"ocean_menu_typo_spacing_mobile":0,"ocean_menu_typo_spacing_unit":"","ocean_menu_link_color":"","ocean_menu_link_color_hover":"","ocean_menu_link_color_active":"","ocean_menu_link_background":"","ocean_menu_link_hover_background":"","ocean_menu_link_active_background":"","ocean_menu_social_links_bg":"","ocean_menu_social_hover_links_bg":"","ocean_menu_social_links_color":"","ocean_menu_social_hover_links_color":"","ocean_disable_title":"default","ocean_disable_heading":"default","ocean_post_title":"","ocean_post_subheading":"","ocean_post_title_style":"","ocean_post_title_background_color":"","ocean_post_title_background":0,"ocean_post_title_bg_image_position":"","ocean_post_title_bg_image_attachment":"","ocean_post_title_bg_image_repeat":"","ocean_post_title_bg_image_size":"","ocean_post_title_height":0,"ocean_post_title_bg_overlay":0.5,"ocean_post_title_bg_overlay_color":"","ocean_disable_breadcrumbs":"default","ocean_breadcrumbs_color":"","ocean_breadcrumbs_separator_color":"","ocean_breadcrumbs_links_color":"","ocean_breadcrumbs_links_hover_color":"","ocean_display_footer_widgets":"default","ocean_display_footer_bottom":"default","ocean_custom_footer_template":"","ocean_post_oembed":"","ocean_post_self_hosted_media":"","ocean_post_video_embed":"","ocean_link_format":"","ocean_link_format_target":"self","ocean_quote_format":"","ocean_quote_format_link":"post","ocean_gallery_link_images":"on","ocean_gallery_id":[],"footnotes":""},"categories":[1],"tags":[],"class_list":["post-11588","post","type-post","status-publish","format-standard","has-post-thumbnail","hentry","category-sin-categorizar","entry","has-media"],"acf":[],"yoast_head":"<!-- This site is optimized with the Yoast SEO plugin v27.3 - https:\/\/yoast.com\/product\/yoast-seo-wordpress\/ -->\n<title>LES BARRERES ARQUITECT\u00d2NIQUES OBLIGUEN A UN 82% DE LES PERSONES AMB MOBILITAT REDU\u00cfDA A RENUNCIAR A LA SEVA VIDA SOCIAL - Fundaci\u00f3n Mutua de Propietarios<\/title>\n<meta name=\"robots\" content=\"index, follow, max-snippet:-1, max-image-preview:large, max-video-preview:-1\" \/>\n<link rel=\"canonical\" href=\"https:\/\/www.fundacionmdp.org\/ca\/les-barreres-arquitectoniques-obliguen-a-un-82-de-les-persones-amb-mobilitat-reduida-a-renunciar-a-la-seva-vida-social\/\" \/>\n<meta property=\"og:locale\" content=\"ca_ES\" \/>\n<meta property=\"og:type\" content=\"article\" \/>\n<meta property=\"og:title\" content=\"LES BARRERES ARQUITECT\u00d2NIQUES OBLIGUEN A UN 82% DE LES PERSONES AMB MOBILITAT REDU\u00cfDA A RENUNCIAR A LA SEVA VIDA SOCIAL - Fundaci\u00f3n Mutua de Propietarios\" \/>\n<meta property=\"og:description\" content=\"Un 82% de les persones amb mobilitat redu\u00efda s&#8217;ha sentit obligada a renunciar a plans amb les seves amistats a causa de l&#8217;exist\u00e8ncia de barreres arquitect\u00f2niques a l&#8217;entorn. Aquest \u00e9s una de les principals dades que aboca l&#8217;estudi \u2018Sumant Veus\u201d impulsat per la Fundaci\u00f3 Mutua de Propietaris amb la col\u00b7laboraci\u00f3 de&nbsp;COCEMFE&nbsp;per a con\u00e8ixer, des de [&hellip;]\" \/>\n<meta property=\"og:url\" content=\"https:\/\/www.fundacionmdp.org\/ca\/les-barreres-arquitectoniques-obliguen-a-un-82-de-les-persones-amb-mobilitat-reduida-a-renunciar-a-la-seva-vida-social\/\" \/>\n<meta property=\"og:site_name\" content=\"Fundaci\u00f3n Mutua de Propietarios\" \/>\n<meta property=\"article:published_time\" content=\"2025-07-03T07:42:14+00:00\" \/>\n<meta property=\"article:modified_time\" content=\"2025-07-03T08:04:55+00:00\" \/>\n<meta property=\"og:image\" content=\"https:\/\/www.fundacionmdp.org\/wp-content\/uploads\/2025\/07\/Imagen5.png\" \/>\n\t<meta property=\"og:image:width\" content=\"657\" \/>\n\t<meta property=\"og:image:height\" content=\"564\" \/>\n\t<meta property=\"og:image:type\" content=\"image\/png\" \/>\n<meta name=\"author\" content=\"consultinglasker@gmail.com\" \/>\n<meta name=\"twitter:card\" content=\"summary_large_image\" \/>\n<meta name=\"twitter:label1\" content=\"Escrit per\" \/>\n\t<meta name=\"twitter:data1\" content=\"consultinglasker@gmail.com\" \/>\n\t<meta name=\"twitter:label2\" content=\"Temps estimat de lectura\" \/>\n\t<meta name=\"twitter:data2\" content=\"5 minuts\" \/>\n<script type=\"application\/ld+json\" class=\"yoast-schema-graph\">{\"@context\":\"https:\\\/\\\/schema.org\",\"@graph\":[{\"@type\":\"Article\",\"@id\":\"https:\\\/\\\/www.fundacionmdp.org\\\/ca\\\/les-barreres-arquitectoniques-obliguen-a-un-82-de-les-persones-amb-mobilitat-reduida-a-renunciar-a-la-seva-vida-social\\\/#article\",\"isPartOf\":{\"@id\":\"https:\\\/\\\/www.fundacionmdp.org\\\/ca\\\/les-barreres-arquitectoniques-obliguen-a-un-82-de-les-persones-amb-mobilitat-reduida-a-renunciar-a-la-seva-vida-social\\\/\"},\"author\":{\"name\":\"consultinglasker@gmail.com\",\"@id\":\"https:\\\/\\\/www.fundacionmdp.org\\\/#\\\/schema\\\/person\\\/0a0491f126b8cd8387f8f0da72129079\"},\"headline\":\"LES BARRERES ARQUITECT\u00d2NIQUES OBLIGUEN A UN 82% DE LES PERSONES AMB MOBILITAT REDU\u00cfDA A RENUNCIAR A LA SEVA VIDA SOCIAL\",\"datePublished\":\"2025-07-03T07:42:14+00:00\",\"dateModified\":\"2025-07-03T08:04:55+00:00\",\"mainEntityOfPage\":{\"@id\":\"https:\\\/\\\/www.fundacionmdp.org\\\/ca\\\/les-barreres-arquitectoniques-obliguen-a-un-82-de-les-persones-amb-mobilitat-reduida-a-renunciar-a-la-seva-vida-social\\\/\"},\"wordCount\":926,\"commentCount\":0,\"publisher\":{\"@id\":\"https:\\\/\\\/www.fundacionmdp.org\\\/#organization\"},\"image\":{\"@id\":\"https:\\\/\\\/www.fundacionmdp.org\\\/ca\\\/les-barreres-arquitectoniques-obliguen-a-un-82-de-les-persones-amb-mobilitat-reduida-a-renunciar-a-la-seva-vida-social\\\/#primaryimage\"},\"thumbnailUrl\":\"https:\\\/\\\/www.fundacionmdp.org\\\/wp-content\\\/uploads\\\/2025\\\/07\\\/Imagen5.png\",\"articleSection\":[\"Sin categorizar\"],\"inLanguage\":\"ca\",\"potentialAction\":[{\"@type\":\"CommentAction\",\"name\":\"Comment\",\"target\":[\"https:\\\/\\\/www.fundacionmdp.org\\\/ca\\\/les-barreres-arquitectoniques-obliguen-a-un-82-de-les-persones-amb-mobilitat-reduida-a-renunciar-a-la-seva-vida-social\\\/#respond\"]}]},{\"@type\":\"WebPage\",\"@id\":\"https:\\\/\\\/www.fundacionmdp.org\\\/ca\\\/les-barreres-arquitectoniques-obliguen-a-un-82-de-les-persones-amb-mobilitat-reduida-a-renunciar-a-la-seva-vida-social\\\/\",\"url\":\"https:\\\/\\\/www.fundacionmdp.org\\\/ca\\\/les-barreres-arquitectoniques-obliguen-a-un-82-de-les-persones-amb-mobilitat-reduida-a-renunciar-a-la-seva-vida-social\\\/\",\"name\":\"LES BARRERES ARQUITECT\u00d2NIQUES OBLIGUEN A UN 82% DE LES PERSONES AMB MOBILITAT REDU\u00cfDA A RENUNCIAR A LA SEVA VIDA SOCIAL - Fundaci\u00f3n Mutua de Propietarios\",\"isPartOf\":{\"@id\":\"https:\\\/\\\/www.fundacionmdp.org\\\/#website\"},\"primaryImageOfPage\":{\"@id\":\"https:\\\/\\\/www.fundacionmdp.org\\\/ca\\\/les-barreres-arquitectoniques-obliguen-a-un-82-de-les-persones-amb-mobilitat-reduida-a-renunciar-a-la-seva-vida-social\\\/#primaryimage\"},\"image\":{\"@id\":\"https:\\\/\\\/www.fundacionmdp.org\\\/ca\\\/les-barreres-arquitectoniques-obliguen-a-un-82-de-les-persones-amb-mobilitat-reduida-a-renunciar-a-la-seva-vida-social\\\/#primaryimage\"},\"thumbnailUrl\":\"https:\\\/\\\/www.fundacionmdp.org\\\/wp-content\\\/uploads\\\/2025\\\/07\\\/Imagen5.png\",\"datePublished\":\"2025-07-03T07:42:14+00:00\",\"dateModified\":\"2025-07-03T08:04:55+00:00\",\"breadcrumb\":{\"@id\":\"https:\\\/\\\/www.fundacionmdp.org\\\/ca\\\/les-barreres-arquitectoniques-obliguen-a-un-82-de-les-persones-amb-mobilitat-reduida-a-renunciar-a-la-seva-vida-social\\\/#breadcrumb\"},\"inLanguage\":\"ca\",\"potentialAction\":[{\"@type\":\"ReadAction\",\"target\":[\"https:\\\/\\\/www.fundacionmdp.org\\\/ca\\\/les-barreres-arquitectoniques-obliguen-a-un-82-de-les-persones-amb-mobilitat-reduida-a-renunciar-a-la-seva-vida-social\\\/\"]}]},{\"@type\":\"ImageObject\",\"inLanguage\":\"ca\",\"@id\":\"https:\\\/\\\/www.fundacionmdp.org\\\/ca\\\/les-barreres-arquitectoniques-obliguen-a-un-82-de-les-persones-amb-mobilitat-reduida-a-renunciar-a-la-seva-vida-social\\\/#primaryimage\",\"url\":\"https:\\\/\\\/www.fundacionmdp.org\\\/wp-content\\\/uploads\\\/2025\\\/07\\\/Imagen5.png\",\"contentUrl\":\"https:\\\/\\\/www.fundacionmdp.org\\\/wp-content\\\/uploads\\\/2025\\\/07\\\/Imagen5.png\",\"width\":657,\"height\":564},{\"@type\":\"BreadcrumbList\",\"@id\":\"https:\\\/\\\/www.fundacionmdp.org\\\/ca\\\/les-barreres-arquitectoniques-obliguen-a-un-82-de-les-persones-amb-mobilitat-reduida-a-renunciar-a-la-seva-vida-social\\\/#breadcrumb\",\"itemListElement\":[{\"@type\":\"ListItem\",\"position\":1,\"name\":\"Home\",\"item\":\"https:\\\/\\\/www.fundacionmdp.org\\\/ca\\\/\"},{\"@type\":\"ListItem\",\"position\":2,\"name\":\"LES BARRERES ARQUITECT\u00d2NIQUES OBLIGUEN A UN 82% DE LES PERSONES AMB MOBILITAT REDU\u00cfDA A RENUNCIAR A LA SEVA VIDA SOCIAL\"}]},{\"@type\":\"WebSite\",\"@id\":\"https:\\\/\\\/www.fundacionmdp.org\\\/#website\",\"url\":\"https:\\\/\\\/www.fundacionmdp.org\\\/\",\"name\":\"Fundaci\u00f3n Mutua de Propietarios\",\"description\":\"En la Fundaci\u00f3n Mutua de Propietarios te ayudamos a convertir tu edificio de viviendas en un espacio sin barreras arquitect\u00f3nicas.\",\"publisher\":{\"@id\":\"https:\\\/\\\/www.fundacionmdp.org\\\/#organization\"},\"potentialAction\":[{\"@type\":\"SearchAction\",\"target\":{\"@type\":\"EntryPoint\",\"urlTemplate\":\"https:\\\/\\\/www.fundacionmdp.org\\\/?s={search_term_string}\"},\"query-input\":{\"@type\":\"PropertyValueSpecification\",\"valueRequired\":true,\"valueName\":\"search_term_string\"}}],\"inLanguage\":\"ca\"},{\"@type\":\"Organization\",\"@id\":\"https:\\\/\\\/www.fundacionmdp.org\\\/#organization\",\"name\":\"Fundaci\u00f3n Mutua de Propietarios\",\"url\":\"https:\\\/\\\/www.fundacionmdp.org\\\/\",\"logo\":{\"@type\":\"ImageObject\",\"inLanguage\":\"ca\",\"@id\":\"https:\\\/\\\/www.fundacionmdp.org\\\/#\\\/schema\\\/logo\\\/image\\\/\",\"url\":\"https:\\\/\\\/www.fundacionmdp.org\\\/wp-content\\\/uploads\\\/2023\\\/05\\\/logo_FMdP_cat.png\",\"contentUrl\":\"https:\\\/\\\/www.fundacionmdp.org\\\/wp-content\\\/uploads\\\/2023\\\/05\\\/logo_FMdP_cat.png\",\"width\":655,\"height\":297,\"caption\":\"Fundaci\u00f3n Mutua de Propietarios\"},\"image\":{\"@id\":\"https:\\\/\\\/www.fundacionmdp.org\\\/#\\\/schema\\\/logo\\\/image\\\/\"}},{\"@type\":\"Person\",\"@id\":\"https:\\\/\\\/www.fundacionmdp.org\\\/#\\\/schema\\\/person\\\/0a0491f126b8cd8387f8f0da72129079\",\"name\":\"consultinglasker@gmail.com\",\"image\":{\"@type\":\"ImageObject\",\"inLanguage\":\"ca\",\"@id\":\"https:\\\/\\\/secure.gravatar.com\\\/avatar\\\/7a939fbe5ab9abbba5f8a779e3054b4bee69cfadd53950db933d836ae1fc6281?s=96&d=mm&r=g\",\"url\":\"https:\\\/\\\/secure.gravatar.com\\\/avatar\\\/7a939fbe5ab9abbba5f8a779e3054b4bee69cfadd53950db933d836ae1fc6281?s=96&d=mm&r=g\",\"contentUrl\":\"https:\\\/\\\/secure.gravatar.com\\\/avatar\\\/7a939fbe5ab9abbba5f8a779e3054b4bee69cfadd53950db933d836ae1fc6281?s=96&d=mm&r=g\",\"caption\":\"consultinglasker@gmail.com\"},\"url\":\"https:\\\/\\\/www.fundacionmdp.org\\\/ca\\\/author\\\/consultinglaskergmail-com\\\/\"}]}<\/script>\n<!-- \/ Yoast SEO plugin. -->","yoast_head_json":{"title":"LES BARRERES ARQUITECT\u00d2NIQUES OBLIGUEN A UN 82% DE LES PERSONES AMB MOBILITAT REDU\u00cfDA A RENUNCIAR A LA SEVA VIDA SOCIAL - Fundaci\u00f3n Mutua de Propietarios","robots":{"index":"index","follow":"follow","max-snippet":"max-snippet:-1","max-image-preview":"max-image-preview:large","max-video-preview":"max-video-preview:-1"},"canonical":"https:\/\/www.fundacionmdp.org\/ca\/les-barreres-arquitectoniques-obliguen-a-un-82-de-les-persones-amb-mobilitat-reduida-a-renunciar-a-la-seva-vida-social\/","og_locale":"ca_ES","og_type":"article","og_title":"LES BARRERES ARQUITECT\u00d2NIQUES OBLIGUEN A UN 82% DE LES PERSONES AMB MOBILITAT REDU\u00cfDA A RENUNCIAR A LA SEVA VIDA SOCIAL - Fundaci\u00f3n Mutua de Propietarios","og_description":"Un 82% de les persones amb mobilitat redu\u00efda s&#8217;ha sentit obligada a renunciar a plans amb les seves amistats a causa de l&#8217;exist\u00e8ncia de barreres arquitect\u00f2niques a l&#8217;entorn. Aquest \u00e9s una de les principals dades que aboca l&#8217;estudi \u2018Sumant Veus\u201d impulsat per la Fundaci\u00f3 Mutua de Propietaris amb la col\u00b7laboraci\u00f3 de&nbsp;COCEMFE&nbsp;per a con\u00e8ixer, des de [&hellip;]","og_url":"https:\/\/www.fundacionmdp.org\/ca\/les-barreres-arquitectoniques-obliguen-a-un-82-de-les-persones-amb-mobilitat-reduida-a-renunciar-a-la-seva-vida-social\/","og_site_name":"Fundaci\u00f3n Mutua de Propietarios","article_published_time":"2025-07-03T07:42:14+00:00","article_modified_time":"2025-07-03T08:04:55+00:00","og_image":[{"width":657,"height":564,"url":"https:\/\/www.fundacionmdp.org\/wp-content\/uploads\/2025\/07\/Imagen5.png","type":"image\/png"}],"author":"consultinglasker@gmail.com","twitter_card":"summary_large_image","twitter_misc":{"Escrit per":"consultinglasker@gmail.com","Temps estimat de lectura":"5 minuts"},"schema":{"@context":"https:\/\/schema.org","@graph":[{"@type":"Article","@id":"https:\/\/www.fundacionmdp.org\/ca\/les-barreres-arquitectoniques-obliguen-a-un-82-de-les-persones-amb-mobilitat-reduida-a-renunciar-a-la-seva-vida-social\/#article","isPartOf":{"@id":"https:\/\/www.fundacionmdp.org\/ca\/les-barreres-arquitectoniques-obliguen-a-un-82-de-les-persones-amb-mobilitat-reduida-a-renunciar-a-la-seva-vida-social\/"},"author":{"name":"consultinglasker@gmail.com","@id":"https:\/\/www.fundacionmdp.org\/#\/schema\/person\/0a0491f126b8cd8387f8f0da72129079"},"headline":"LES BARRERES ARQUITECT\u00d2NIQUES OBLIGUEN A UN 82% DE LES PERSONES AMB MOBILITAT REDU\u00cfDA A RENUNCIAR A LA SEVA VIDA SOCIAL","datePublished":"2025-07-03T07:42:14+00:00","dateModified":"2025-07-03T08:04:55+00:00","mainEntityOfPage":{"@id":"https:\/\/www.fundacionmdp.org\/ca\/les-barreres-arquitectoniques-obliguen-a-un-82-de-les-persones-amb-mobilitat-reduida-a-renunciar-a-la-seva-vida-social\/"},"wordCount":926,"commentCount":0,"publisher":{"@id":"https:\/\/www.fundacionmdp.org\/#organization"},"image":{"@id":"https:\/\/www.fundacionmdp.org\/ca\/les-barreres-arquitectoniques-obliguen-a-un-82-de-les-persones-amb-mobilitat-reduida-a-renunciar-a-la-seva-vida-social\/#primaryimage"},"thumbnailUrl":"https:\/\/www.fundacionmdp.org\/wp-content\/uploads\/2025\/07\/Imagen5.png","articleSection":["Sin categorizar"],"inLanguage":"ca","potentialAction":[{"@type":"CommentAction","name":"Comment","target":["https:\/\/www.fundacionmdp.org\/ca\/les-barreres-arquitectoniques-obliguen-a-un-82-de-les-persones-amb-mobilitat-reduida-a-renunciar-a-la-seva-vida-social\/#respond"]}]},{"@type":"WebPage","@id":"https:\/\/www.fundacionmdp.org\/ca\/les-barreres-arquitectoniques-obliguen-a-un-82-de-les-persones-amb-mobilitat-reduida-a-renunciar-a-la-seva-vida-social\/","url":"https:\/\/www.fundacionmdp.org\/ca\/les-barreres-arquitectoniques-obliguen-a-un-82-de-les-persones-amb-mobilitat-reduida-a-renunciar-a-la-seva-vida-social\/","name":"LES BARRERES ARQUITECT\u00d2NIQUES OBLIGUEN A UN 82% DE LES PERSONES AMB MOBILITAT REDU\u00cfDA A RENUNCIAR A LA SEVA VIDA SOCIAL - Fundaci\u00f3n Mutua de Propietarios","isPartOf":{"@id":"https:\/\/www.fundacionmdp.org\/#website"},"primaryImageOfPage":{"@id":"https:\/\/www.fundacionmdp.org\/ca\/les-barreres-arquitectoniques-obliguen-a-un-82-de-les-persones-amb-mobilitat-reduida-a-renunciar-a-la-seva-vida-social\/#primaryimage"},"image":{"@id":"https:\/\/www.fundacionmdp.org\/ca\/les-barreres-arquitectoniques-obliguen-a-un-82-de-les-persones-amb-mobilitat-reduida-a-renunciar-a-la-seva-vida-social\/#primaryimage"},"thumbnailUrl":"https:\/\/www.fundacionmdp.org\/wp-content\/uploads\/2025\/07\/Imagen5.png","datePublished":"2025-07-03T07:42:14+00:00","dateModified":"2025-07-03T08:04:55+00:00","breadcrumb":{"@id":"https:\/\/www.fundacionmdp.org\/ca\/les-barreres-arquitectoniques-obliguen-a-un-82-de-les-persones-amb-mobilitat-reduida-a-renunciar-a-la-seva-vida-social\/#breadcrumb"},"inLanguage":"ca","potentialAction":[{"@type":"ReadAction","target":["https:\/\/www.fundacionmdp.org\/ca\/les-barreres-arquitectoniques-obliguen-a-un-82-de-les-persones-amb-mobilitat-reduida-a-renunciar-a-la-seva-vida-social\/"]}]},{"@type":"ImageObject","inLanguage":"ca","@id":"https:\/\/www.fundacionmdp.org\/ca\/les-barreres-arquitectoniques-obliguen-a-un-82-de-les-persones-amb-mobilitat-reduida-a-renunciar-a-la-seva-vida-social\/#primaryimage","url":"https:\/\/www.fundacionmdp.org\/wp-content\/uploads\/2025\/07\/Imagen5.png","contentUrl":"https:\/\/www.fundacionmdp.org\/wp-content\/uploads\/2025\/07\/Imagen5.png","width":657,"height":564},{"@type":"BreadcrumbList","@id":"https:\/\/www.fundacionmdp.org\/ca\/les-barreres-arquitectoniques-obliguen-a-un-82-de-les-persones-amb-mobilitat-reduida-a-renunciar-a-la-seva-vida-social\/#breadcrumb","itemListElement":[{"@type":"ListItem","position":1,"name":"Home","item":"https:\/\/www.fundacionmdp.org\/ca\/"},{"@type":"ListItem","position":2,"name":"LES BARRERES ARQUITECT\u00d2NIQUES OBLIGUEN A UN 82% DE LES PERSONES AMB MOBILITAT REDU\u00cfDA A RENUNCIAR A LA SEVA VIDA SOCIAL"}]},{"@type":"WebSite","@id":"https:\/\/www.fundacionmdp.org\/#website","url":"https:\/\/www.fundacionmdp.org\/","name":"Fundaci\u00f3n Mutua de Propietarios","description":"En la Fundaci\u00f3n Mutua de Propietarios te ayudamos a convertir tu edificio de viviendas en un espacio sin barreras arquitect\u00f3nicas.","publisher":{"@id":"https:\/\/www.fundacionmdp.org\/#organization"},"potentialAction":[{"@type":"SearchAction","target":{"@type":"EntryPoint","urlTemplate":"https:\/\/www.fundacionmdp.org\/?s={search_term_string}"},"query-input":{"@type":"PropertyValueSpecification","valueRequired":true,"valueName":"search_term_string"}}],"inLanguage":"ca"},{"@type":"Organization","@id":"https:\/\/www.fundacionmdp.org\/#organization","name":"Fundaci\u00f3n Mutua de Propietarios","url":"https:\/\/www.fundacionmdp.org\/","logo":{"@type":"ImageObject","inLanguage":"ca","@id":"https:\/\/www.fundacionmdp.org\/#\/schema\/logo\/image\/","url":"https:\/\/www.fundacionmdp.org\/wp-content\/uploads\/2023\/05\/logo_FMdP_cat.png","contentUrl":"https:\/\/www.fundacionmdp.org\/wp-content\/uploads\/2023\/05\/logo_FMdP_cat.png","width":655,"height":297,"caption":"Fundaci\u00f3n Mutua de Propietarios"},"image":{"@id":"https:\/\/www.fundacionmdp.org\/#\/schema\/logo\/image\/"}},{"@type":"Person","@id":"https:\/\/www.fundacionmdp.org\/#\/schema\/person\/0a0491f126b8cd8387f8f0da72129079","name":"consultinglasker@gmail.com","image":{"@type":"ImageObject","inLanguage":"ca","@id":"https:\/\/secure.gravatar.com\/avatar\/7a939fbe5ab9abbba5f8a779e3054b4bee69cfadd53950db933d836ae1fc6281?s=96&d=mm&r=g","url":"https:\/\/secure.gravatar.com\/avatar\/7a939fbe5ab9abbba5f8a779e3054b4bee69cfadd53950db933d836ae1fc6281?s=96&d=mm&r=g","contentUrl":"https:\/\/secure.gravatar.com\/avatar\/7a939fbe5ab9abbba5f8a779e3054b4bee69cfadd53950db933d836ae1fc6281?s=96&d=mm&r=g","caption":"consultinglasker@gmail.com"},"url":"https:\/\/www.fundacionmdp.org\/ca\/author\/consultinglaskergmail-com\/"}]}},"_links":{"self":[{"href":"https:\/\/www.fundacionmdp.org\/ca\/wp-json\/wp\/v2\/posts\/11588","targetHints":{"allow":["GET"]}}],"collection":[{"href":"https:\/\/www.fundacionmdp.org\/ca\/wp-json\/wp\/v2\/posts"}],"about":[{"href":"https:\/\/www.fundacionmdp.org\/ca\/wp-json\/wp\/v2\/types\/post"}],"author":[{"embeddable":true,"href":"https:\/\/www.fundacionmdp.org\/ca\/wp-json\/wp\/v2\/users\/29"}],"replies":[{"embeddable":true,"href":"https:\/\/www.fundacionmdp.org\/ca\/wp-json\/wp\/v2\/comments?post=11588"}],"version-history":[{"count":5,"href":"https:\/\/www.fundacionmdp.org\/ca\/wp-json\/wp\/v2\/posts\/11588\/revisions"}],"predecessor-version":[{"id":11618,"href":"https:\/\/www.fundacionmdp.org\/ca\/wp-json\/wp\/v2\/posts\/11588\/revisions\/11618"}],"wp:featuredmedia":[{"embeddable":true,"href":"https:\/\/www.fundacionmdp.org\/ca\/wp-json\/wp\/v2\/media\/11589"}],"wp:attachment":[{"href":"https:\/\/www.fundacionmdp.org\/ca\/wp-json\/wp\/v2\/media?parent=11588"}],"wp:term":[{"taxonomy":"category","embeddable":true,"href":"https:\/\/www.fundacionmdp.org\/ca\/wp-json\/wp\/v2\/categories?post=11588"},{"taxonomy":"post_tag","embeddable":true,"href":"https:\/\/www.fundacionmdp.org\/ca\/wp-json\/wp\/v2\/tags?post=11588"}],"curies":[{"name":"wp","href":"https:\/\/api.w.org\/{rel}","templated":true}]}}