{"id":11766,"date":"2025-07-22T14:07:58","date_gmt":"2025-07-22T12:07:58","guid":{"rendered":"https:\/\/www.fundacionmdp.org\/como-son-las-viviendas-accesibles-para-silla-de-ruedas\/"},"modified":"2025-07-22T14:12:16","modified_gmt":"2025-07-22T12:12:16","slug":"com-son-els-habitatges-accessibles-per-a-cadita-de-rodes","status":"publish","type":"post","link":"https:\/\/www.fundacionmdp.org\/ca\/com-son-els-habitatges-accessibles-per-a-cadita-de-rodes\/","title":{"rendered":"Com s\u00f3n els habitatges accessibles per a cadira de rodes?"},"content":{"rendered":"\t\t<div data-elementor-type=\"wp-post\" data-elementor-id=\"11766\" class=\"elementor elementor-11766 elementor-11758\">\n\t\t\t\t<div class=\"elementor-element elementor-element-d102784 e-flex e-con-boxed e-con e-parent\" data-id=\"d102784\" data-element_type=\"container\" data-e-type=\"container\">\n\t\t\t\t\t<div class=\"e-con-inner\">\n\t\t\t\t<div class=\"elementor-element elementor-element-849672f elementor-widget elementor-widget-text-editor\" data-id=\"849672f\" data-element_type=\"widget\" data-e-type=\"widget\" data-widget_type=\"text-editor.default\">\n\t\t\t\t<div class=\"elementor-widget-container\">\n\t\t\t\t\t\t\t\t\t<p>Les persones amb cadira de rodes s&#8217;enfronten a reptes di\u00e0riament pel que fa a l&#8217;accessibilitat i la mobilitat, ja que molts dels nostres espais no estan correctament adaptats. No obstant aix\u00f2, el problema social de l&#8217;accessibilitat no sols afecta als espais p\u00fablics, sin\u00f3 que tamb\u00e9 moltes persones veuen dificultat cada dia l&#8217;acc\u00e9s al seu propi habitatge. En <span style=\"color: #800000;\"><a style=\"color: #800000;\" href=\"https:\/\/www.fundacionmdp.org\/\">Fundaci\u00f3 Mutua Propietarios<\/a><\/span> estem compromesos a ajudar a millorar la qualitat de vida de les persones amb mobilitat redu\u00efda facilitant l&#8217;acc\u00e9s als seus habitatges. Per a aix\u00f2 \u00e9s fonamental fer que els nostres edificis d&#8217;habitatges i comunitats de propietaris siguin inclusius i accessibles per a fomentar l&#8217;autonomia personal de les persones amb mobilitat redu\u00efda, discapacitat o que utilitzin cadira de rodes.<\/p><p>Si vols con\u00e8ixer m\u00e9s sobre com han de ser els edificis d&#8217;habitatges per a ser accessibles per a cadira de rodes, en l&#8217;article d&#8217;avui t&#8217;expliquem quines adaptacions s\u00f3n necess\u00e0ries i poden dur-se a terme en la comunitat de ve\u00efns.<\/p><h2 style=\"font-size: 30px;\">Qu\u00e8 implica que un habitatge sigui accessible?<\/h2><p>Fer que un edifici d&#8217;habitatges sigui accessible pot marcar la difer\u00e8ncia en la vida d&#8217;una persona que es despla\u00e7a en cadira de rodes. No es tracta \u00fanicament d&#8217;una mesura que millora la comoditat, sin\u00f3 que l&#8217;acc\u00e9s a l&#8217;habitatge \u00e9s un dret fonamental de les persones i moltes veuen limitada la seva mobilitat per residir en un habitatge que no compleix amb els requisits d&#8217;accessibilitat necessaris per a poder utilitzar la seva cadira de rodes. La lliure circulaci\u00f3 de persones en els accessos i zones comunes del seu edifici d&#8217;habitatge no sols repercuteix en la seva qualitat de vida, sin\u00f3 en la seva autonomia personal, independ\u00e8ncia i autoestima.<\/p><h2 style=\"font-size: 30px;\">Barreres f\u00edsiques per a persones amb cadira de rodes<\/h2><p>Per a les persones amb cadira de rodes, qualsevol obstacle a la meitat del cam\u00ed d&#8217;acc\u00e9s a l&#8217;habitatge pot fer que el seu pas es vegi impedit. Aix\u00f2 inclou des de graons en el portal sense rampa, abs\u00e8ncia d&#8217;ascensor, ascensor massa estret per al pas de la cadira de rodes o sense portes autom\u00e0tiques, passadissos i portes massa estretes. Les comunitats de propietaris tenen un paper important a l&#8217;hora de promoure l&#8217;accessibilitat a les persones, perqu\u00e8 poden posar en marxa les modificacions necess\u00e0ries en les zones comunes perqu\u00e8 l&#8217;edifici sigui transitable per qualsevol persona amb mobilitat redu\u00efda o usu\u00e0ria de cadira de rodes.<\/p><h2 style=\"font-size: 30px;\">Qu\u00e8 \u00e9s un habitatge accessible per a cadira de rodes?<\/h2><p>Que un habitatge sigui accessible implica que tant dins de la llar com en els accessos i espais comuns de l&#8217;edifici comptin amb les adaptacions necess\u00e0ries perqu\u00e8 persones amb mobilitat redu\u00efda, en cadira de rodes o majors puguin moure&#8217;s amb llibertat i utilitzar els espais amb autonomia i sense dependre de tercers.<\/p><p>Quan una persona no pot entrar i sortir del seu habitatge amb llibertat i dep\u00e8n d&#8217;una altra persona que li assisteixi per a fer-ho, no sols veu limitada la seva independ\u00e8ncia i la seva autonomia, sin\u00f3 que tamb\u00e9 se li restringeix un dret fonamental de totes les persones com \u00e9s la llibertat de moviment. Per aix\u00f2, el primer pas per a fer que un habitatge sigui accessible per a cadira de rodes \u00e9s dur a terme les modificacions necess\u00e0ries per a poder entrar, sortir i utilitzar les zones comunes i accessos de l&#8217;edifici amb llibertat. Aix\u00f2 inclou des de l&#8217;entrada principal, el portal, vest\u00edbuls, les escales i ascensors, portes i passadissos o zones exteriors, per les quals la cadira de rodes ha de poder circular sense barreres arquitect\u00f2niques.<\/p><h2 style=\"font-size: 30px;\">Quines s\u00f3n les principals adaptacions que \u00e9s necessari dur a terme en les zones comunes d\u2019un habitatge o com\u00fa?<\/h2><p>Per a fer que l&#8217;acc\u00e9s a un habitatge sigui lliure, ser\u00e0 necessari eliminar les barreres arquitect\u00f2niques (obstacles f\u00edsics) que impedeixin o dificultin l&#8217;accessibilitat amb cadires de rodes, o fer adaptacions.<\/p><h3>1.\u00a0\u00a0 Substituir graons per rampes d\u2019acc\u00e9s<\/h3><p>Una de les barreres m\u00e9s freq\u00fcents \u00e9s trobar petits graons d&#8217;acc\u00e9s a l&#8217;habitatge, normalment en el portal, vest\u00edbul o en l&#8217;entrada, que poden substituir-se per una rampa. L&#8217;entrada principal ha de comptar amb una rampa d&#8217;acc\u00e9s amb passamans, per a proporcionar seguretat i facilitar el despla\u00e7ament amb la cadira.<\/p><h3>2.\u00a0\u00a0 Portes d&#8217;acc\u00e9s autom\u00e0tiques o de f\u00e0cil obertura<\/h3><p>A m\u00e9s a m\u00e9s de ser prou amples com perqu\u00e8 entri una cadira de rodes, les portes han de poder obrir-se, si no de manera autom\u00e0tica, com a m\u00ednim amb facilitat.<\/p><h3>3.\u00a0\u00a0 Ascensors per a accedir a les plantes superiors<\/h3><p>Perqu\u00e8 la persona amb cadira de rodes pugui accedir a les plantes superiors de l&#8217;edifici amb autonomia, \u00e9s necessari comptar amb ascensors prou amplis per a allotjar la cadira, i amb portes autom\u00e0tiques o que es puguin obrir des de la cadira de rodes. A m\u00e9s, els botons han d&#8217;estar a una altura adequada i l&#8217;entrada i sortida a l&#8217;ascensor sempre sense obstacles.<\/p><h3>4.\u00a0\u00a0 Passadissos amplis per a al pas amb la cadira de rodes<\/h3><p>Els passadissos hauran de comptar amb l&#8217;ampl\u00e0ria m\u00ednima acceptada per a permetre el pas de la cadira de rodes sense obstaculitzar el cam\u00ed. A m\u00e9s, \u00e9s recomanable utilitzar s\u00f2l antilliscant per a evitar relliscades i assegurar-se sempre que la il\u00b7luminaci\u00f3 cobreix tots els espais comuns i es mantingui en bones condicions.<\/p><h3>5.\u00a0\u00a0 Sortides d\u2019emerg\u00e8ncia accessibles<\/h3><p>A m\u00e9s de comptar amb passadissos i portes suficientment amples, \u00e9s important que les sortides d&#8217;emerg\u00e8ncia estiguin ben senyalitzades i siguin accessibles per a les cadires de rodes.<\/p><h3>6.\u00a0\u00a0 Zones comunes i exteriors<\/h3><p>Si la comunitat compta amb zones exteriors comunes com a jardins, piscina o terrasses, aquestes tamb\u00e9 hauran de ser accessibles per a persones amb mobilitat redu\u00efda. Passa el mateix si hi ha aparcament o garatge, que s\u2019haur\u00e0 de comptar amb una pla\u00e7a reservada i pr\u00f2xima a la porta d&#8217;acc\u00e9s per a persones que es desplacen en cadira de rodes.<\/p><h2 style=\"font-size: 30px;\">Avantatges de comptar amb un habitatge accessible per a cadira de rodes<\/h2><p>Els avantatges de fer que l&#8217;edifici d&#8217;habitatges sigui accessible per a persones amb mobilitat redu\u00efda i\/o en cadira de rodes, no sols repercuteixen en elles, sin\u00f3 en la resta de persones que viuen en l&#8217;edifici com a persones grans, fam\u00edlies amb nens i\/o carrets de beb\u00e8 o persones que s&#8217;han lesionat temporalment. Un habitatge accessible millora a nivell general la qualitat de vida de les persones, permetent que es desplacin amb llibertat i accedeixin amb la major autonomia possible al seu habitatge. A nivell social, es millora la inclusi\u00f3, la conviv\u00e8ncia entre els ve\u00efns i la qualitat de vida de les persones amb mobilitat redu\u00efda. D&#8217;altra banda, la comunitat de propietaris s&#8217;assegura de complir la normativa vigent en mat\u00e8ria d&#8217;accessibilitat, es redueixen els conflictes i s&#8217;augmenta, a llarg termini, el valor de l&#8217;immoble.<\/p><h2 style=\"font-size: 30px;\">Fundaci\u00f3 Mutua de Propietarios: compromesos amb tu per a aconseguir l&#8217;accessibilitat en edificis d&#8217;habitatges<\/h2><p>Avui dia, aconseguir l&#8217;accessibilitat en els edificis d&#8217;habitatges \u00e9s un dels grans reptes que tenim com a societat, especialment tenint en compte que la poblaci\u00f3 \u00e9s cada vegada m\u00e9s longeva i arribada una certa edat, la majoria de les persones tenen problemes de mobilitat.\u00a0 A la Fundaci\u00f3 Mutua de Propietarios volem ajudar a crear un futur de conviv\u00e8ncia m\u00e9s inclusiu, integrador i just. Si el teu edifici d&#8217;habitatges o comunitat de propietaris encara no \u00e9s accessible per a cadira de rodes, et convidem a con\u00e8ixer el <span style=\"color: #800000;\"><a style=\"color: #800000;\" href=\"https:\/\/www.fundacionmdp.org\/que-hacemos\/\">nostre treball <\/a><\/span>\u00a0per a descobrir com fer de la teva comunitat un lloc m\u00e9s accessible per a persones amb mobilitat redu\u00efda.\u00a0<\/p>\t\t\t\t\t\t\t\t<\/div>\n\t\t\t\t<\/div>\n\t\t\t\t\t<\/div>\n\t\t\t\t<\/div>\n\t\t\t\t<\/div>\n\t\t","protected":false},"excerpt":{"rendered":"<p>Les persones amb cadira de rodes s&#8217;enfronten a reptes di\u00e0riament pel que fa a l&#8217;accessibilitat i la mobilitat, ja que molts dels nostres espais no estan correctament adaptats. No obstant aix\u00f2, el problema social de l&#8217;accessibilitat no sols afecta als espais p\u00fablics, sin\u00f3 que tamb\u00e9 moltes persones veuen dificultat cada dia l&#8217;acc\u00e9s al seu propi [&hellip;]<\/p>\n","protected":false},"author":1,"featured_media":11761,"comment_status":"open","ping_status":"open","sticky":false,"template":"","format":"standard","meta":{"_acf_changed":false,"ocean_post_layout":"","ocean_both_sidebars_style":"","ocean_both_sidebars_content_width":0,"ocean_both_sidebars_sidebars_width":0,"ocean_sidebar":"","ocean_second_sidebar":"","ocean_disable_margins":"enable","ocean_add_body_class":"","ocean_shortcode_before_top_bar":"","ocean_shortcode_after_top_bar":"","ocean_shortcode_before_header":"","ocean_shortcode_after_header":"","ocean_has_shortcode":"","ocean_shortcode_after_title":"","ocean_shortcode_before_footer_widgets":"","ocean_shortcode_after_footer_widgets":"","ocean_shortcode_before_footer_bottom":"","ocean_shortcode_after_footer_bottom":"","ocean_display_top_bar":"default","ocean_display_header":"default","ocean_header_style":"","ocean_center_header_left_menu":"","ocean_custom_header_template":"","ocean_custom_logo":0,"ocean_custom_retina_logo":0,"ocean_custom_logo_max_width":0,"ocean_custom_logo_tablet_max_width":0,"ocean_custom_logo_mobile_max_width":0,"ocean_custom_logo_max_height":0,"ocean_custom_logo_tablet_max_height":0,"ocean_custom_logo_mobile_max_height":0,"ocean_header_custom_menu":"","ocean_menu_typo_font_family":"","ocean_menu_typo_font_subset":"","ocean_menu_typo_font_size":0,"ocean_menu_typo_font_size_tablet":0,"ocean_menu_typo_font_size_mobile":0,"ocean_menu_typo_font_size_unit":"px","ocean_menu_typo_font_weight":"","ocean_menu_typo_font_weight_tablet":"","ocean_menu_typo_font_weight_mobile":"","ocean_menu_typo_transform":"","ocean_menu_typo_transform_tablet":"","ocean_menu_typo_transform_mobile":"","ocean_menu_typo_line_height":0,"ocean_menu_typo_line_height_tablet":0,"ocean_menu_typo_line_height_mobile":0,"ocean_menu_typo_line_height_unit":"","ocean_menu_typo_spacing":0,"ocean_menu_typo_spacing_tablet":0,"ocean_menu_typo_spacing_mobile":0,"ocean_menu_typo_spacing_unit":"","ocean_menu_link_color":"","ocean_menu_link_color_hover":"","ocean_menu_link_color_active":"","ocean_menu_link_background":"","ocean_menu_link_hover_background":"","ocean_menu_link_active_background":"","ocean_menu_social_links_bg":"","ocean_menu_social_hover_links_bg":"","ocean_menu_social_links_color":"","ocean_menu_social_hover_links_color":"","ocean_disable_title":"default","ocean_disable_heading":"default","ocean_post_title":"","ocean_post_subheading":"","ocean_post_title_style":"","ocean_post_title_background_color":"","ocean_post_title_background":0,"ocean_post_title_bg_image_position":"","ocean_post_title_bg_image_attachment":"","ocean_post_title_bg_image_repeat":"","ocean_post_title_bg_image_size":"","ocean_post_title_height":0,"ocean_post_title_bg_overlay":0.5,"ocean_post_title_bg_overlay_color":"","ocean_disable_breadcrumbs":"default","ocean_breadcrumbs_color":"","ocean_breadcrumbs_separator_color":"","ocean_breadcrumbs_links_color":"","ocean_breadcrumbs_links_hover_color":"","ocean_display_footer_widgets":"default","ocean_display_footer_bottom":"default","ocean_custom_footer_template":"","ocean_post_oembed":"","ocean_post_self_hosted_media":"","ocean_post_video_embed":"","ocean_link_format":"","ocean_link_format_target":"self","ocean_quote_format":"","ocean_quote_format_link":"post","ocean_gallery_link_images":"on","ocean_gallery_id":[],"footnotes":""},"categories":[1],"tags":[],"class_list":["post-11766","post","type-post","status-publish","format-standard","has-post-thumbnail","hentry","category-sin-categorizar","entry","has-media"],"acf":[],"yoast_head":"<!-- This site is optimized with the Yoast SEO plugin v27.3 - https:\/\/yoast.com\/product\/yoast-seo-wordpress\/ -->\n<title>Com s\u00f3n els habitatges accessibles per a cadira de rodes? - Fundaci\u00f3n Mutua de Propietarios<\/title>\n<meta name=\"robots\" content=\"index, follow, max-snippet:-1, max-image-preview:large, max-video-preview:-1\" \/>\n<link rel=\"canonical\" href=\"https:\/\/www.fundacionmdp.org\/ca\/com-son-els-habitatges-accessibles-per-a-cadita-de-rodes\/\" \/>\n<meta property=\"og:locale\" content=\"ca_ES\" \/>\n<meta property=\"og:type\" content=\"article\" \/>\n<meta property=\"og:title\" content=\"Com s\u00f3n els habitatges accessibles per a cadira de rodes? - Fundaci\u00f3n Mutua de Propietarios\" \/>\n<meta property=\"og:description\" content=\"Les persones amb cadira de rodes s&#8217;enfronten a reptes di\u00e0riament pel que fa a l&#8217;accessibilitat i la mobilitat, ja que molts dels nostres espais no estan correctament adaptats. No obstant aix\u00f2, el problema social de l&#8217;accessibilitat no sols afecta als espais p\u00fablics, sin\u00f3 que tamb\u00e9 moltes persones veuen dificultat cada dia l&#8217;acc\u00e9s al seu propi [&hellip;]\" \/>\n<meta property=\"og:url\" content=\"https:\/\/www.fundacionmdp.org\/ca\/com-son-els-habitatges-accessibles-per-a-cadita-de-rodes\/\" \/>\n<meta property=\"og:site_name\" content=\"Fundaci\u00f3n Mutua de Propietarios\" \/>\n<meta property=\"article:published_time\" content=\"2025-07-22T12:07:58+00:00\" \/>\n<meta property=\"article:modified_time\" content=\"2025-07-22T12:12:16+00:00\" \/>\n<meta property=\"og:image\" content=\"https:\/\/www.fundacionmdp.org\/wp-content\/uploads\/2025\/07\/Imagen_20250721.jpg\" \/>\n\t<meta property=\"og:image:width\" content=\"1000\" \/>\n\t<meta property=\"og:image:height\" content=\"668\" \/>\n\t<meta property=\"og:image:type\" content=\"image\/jpeg\" \/>\n<meta name=\"author\" content=\"fundacionmdp\" \/>\n<meta name=\"twitter:card\" content=\"summary_large_image\" \/>\n<meta name=\"twitter:label1\" content=\"Escrit per\" \/>\n\t<meta name=\"twitter:data1\" content=\"fundacionmdp\" \/>\n\t<meta name=\"twitter:label2\" content=\"Temps estimat de lectura\" \/>\n\t<meta name=\"twitter:data2\" content=\"7 minuts\" \/>\n<script type=\"application\/ld+json\" class=\"yoast-schema-graph\">{\"@context\":\"https:\\\/\\\/schema.org\",\"@graph\":[{\"@type\":\"Article\",\"@id\":\"https:\\\/\\\/www.fundacionmdp.org\\\/ca\\\/com-son-els-habitatges-accessibles-per-a-cadita-de-rodes\\\/#article\",\"isPartOf\":{\"@id\":\"https:\\\/\\\/www.fundacionmdp.org\\\/ca\\\/com-son-els-habitatges-accessibles-per-a-cadita-de-rodes\\\/\"},\"author\":{\"name\":\"fundacionmdp\",\"@id\":\"https:\\\/\\\/www.fundacionmdp.org\\\/#\\\/schema\\\/person\\\/12f9af801cac25dfcb5a96cb0090f703\"},\"headline\":\"Com s\u00f3n els habitatges accessibles per a cadira de rodes?\",\"datePublished\":\"2025-07-22T12:07:58+00:00\",\"dateModified\":\"2025-07-22T12:12:16+00:00\",\"mainEntityOfPage\":{\"@id\":\"https:\\\/\\\/www.fundacionmdp.org\\\/ca\\\/com-son-els-habitatges-accessibles-per-a-cadita-de-rodes\\\/\"},\"wordCount\":1355,\"commentCount\":0,\"publisher\":{\"@id\":\"https:\\\/\\\/www.fundacionmdp.org\\\/#organization\"},\"image\":{\"@id\":\"https:\\\/\\\/www.fundacionmdp.org\\\/ca\\\/com-son-els-habitatges-accessibles-per-a-cadita-de-rodes\\\/#primaryimage\"},\"thumbnailUrl\":\"https:\\\/\\\/www.fundacionmdp.org\\\/wp-content\\\/uploads\\\/2025\\\/07\\\/Imagen_20250721.jpg\",\"articleSection\":[\"Sin categorizar\"],\"inLanguage\":\"ca\",\"potentialAction\":[{\"@type\":\"CommentAction\",\"name\":\"Comment\",\"target\":[\"https:\\\/\\\/www.fundacionmdp.org\\\/ca\\\/com-son-els-habitatges-accessibles-per-a-cadita-de-rodes\\\/#respond\"]}]},{\"@type\":\"WebPage\",\"@id\":\"https:\\\/\\\/www.fundacionmdp.org\\\/ca\\\/com-son-els-habitatges-accessibles-per-a-cadita-de-rodes\\\/\",\"url\":\"https:\\\/\\\/www.fundacionmdp.org\\\/ca\\\/com-son-els-habitatges-accessibles-per-a-cadita-de-rodes\\\/\",\"name\":\"Com s\u00f3n els habitatges accessibles per a cadira de rodes? - Fundaci\u00f3n Mutua de Propietarios\",\"isPartOf\":{\"@id\":\"https:\\\/\\\/www.fundacionmdp.org\\\/#website\"},\"primaryImageOfPage\":{\"@id\":\"https:\\\/\\\/www.fundacionmdp.org\\\/ca\\\/com-son-els-habitatges-accessibles-per-a-cadita-de-rodes\\\/#primaryimage\"},\"image\":{\"@id\":\"https:\\\/\\\/www.fundacionmdp.org\\\/ca\\\/com-son-els-habitatges-accessibles-per-a-cadita-de-rodes\\\/#primaryimage\"},\"thumbnailUrl\":\"https:\\\/\\\/www.fundacionmdp.org\\\/wp-content\\\/uploads\\\/2025\\\/07\\\/Imagen_20250721.jpg\",\"datePublished\":\"2025-07-22T12:07:58+00:00\",\"dateModified\":\"2025-07-22T12:12:16+00:00\",\"breadcrumb\":{\"@id\":\"https:\\\/\\\/www.fundacionmdp.org\\\/ca\\\/com-son-els-habitatges-accessibles-per-a-cadita-de-rodes\\\/#breadcrumb\"},\"inLanguage\":\"ca\",\"potentialAction\":[{\"@type\":\"ReadAction\",\"target\":[\"https:\\\/\\\/www.fundacionmdp.org\\\/ca\\\/com-son-els-habitatges-accessibles-per-a-cadita-de-rodes\\\/\"]}]},{\"@type\":\"ImageObject\",\"inLanguage\":\"ca\",\"@id\":\"https:\\\/\\\/www.fundacionmdp.org\\\/ca\\\/com-son-els-habitatges-accessibles-per-a-cadita-de-rodes\\\/#primaryimage\",\"url\":\"https:\\\/\\\/www.fundacionmdp.org\\\/wp-content\\\/uploads\\\/2025\\\/07\\\/Imagen_20250721.jpg\",\"contentUrl\":\"https:\\\/\\\/www.fundacionmdp.org\\\/wp-content\\\/uploads\\\/2025\\\/07\\\/Imagen_20250721.jpg\",\"width\":1000,\"height\":668},{\"@type\":\"BreadcrumbList\",\"@id\":\"https:\\\/\\\/www.fundacionmdp.org\\\/ca\\\/com-son-els-habitatges-accessibles-per-a-cadita-de-rodes\\\/#breadcrumb\",\"itemListElement\":[{\"@type\":\"ListItem\",\"position\":1,\"name\":\"Home\",\"item\":\"https:\\\/\\\/www.fundacionmdp.org\\\/ca\\\/\"},{\"@type\":\"ListItem\",\"position\":2,\"name\":\"Com s\u00f3n els habitatges accessibles per a cadira de rodes?\"}]},{\"@type\":\"WebSite\",\"@id\":\"https:\\\/\\\/www.fundacionmdp.org\\\/#website\",\"url\":\"https:\\\/\\\/www.fundacionmdp.org\\\/\",\"name\":\"Fundaci\u00f3n Mutua de Propietarios\",\"description\":\"En la Fundaci\u00f3n Mutua de Propietarios te ayudamos a convertir tu edificio de viviendas en un espacio sin barreras arquitect\u00f3nicas.\",\"publisher\":{\"@id\":\"https:\\\/\\\/www.fundacionmdp.org\\\/#organization\"},\"potentialAction\":[{\"@type\":\"SearchAction\",\"target\":{\"@type\":\"EntryPoint\",\"urlTemplate\":\"https:\\\/\\\/www.fundacionmdp.org\\\/?s={search_term_string}\"},\"query-input\":{\"@type\":\"PropertyValueSpecification\",\"valueRequired\":true,\"valueName\":\"search_term_string\"}}],\"inLanguage\":\"ca\"},{\"@type\":\"Organization\",\"@id\":\"https:\\\/\\\/www.fundacionmdp.org\\\/#organization\",\"name\":\"Fundaci\u00f3n Mutua de Propietarios\",\"url\":\"https:\\\/\\\/www.fundacionmdp.org\\\/\",\"logo\":{\"@type\":\"ImageObject\",\"inLanguage\":\"ca\",\"@id\":\"https:\\\/\\\/www.fundacionmdp.org\\\/#\\\/schema\\\/logo\\\/image\\\/\",\"url\":\"https:\\\/\\\/www.fundacionmdp.org\\\/wp-content\\\/uploads\\\/2023\\\/05\\\/logo_FMdP_cat.png\",\"contentUrl\":\"https:\\\/\\\/www.fundacionmdp.org\\\/wp-content\\\/uploads\\\/2023\\\/05\\\/logo_FMdP_cat.png\",\"width\":655,\"height\":297,\"caption\":\"Fundaci\u00f3n Mutua de Propietarios\"},\"image\":{\"@id\":\"https:\\\/\\\/www.fundacionmdp.org\\\/#\\\/schema\\\/logo\\\/image\\\/\"}},{\"@type\":\"Person\",\"@id\":\"https:\\\/\\\/www.fundacionmdp.org\\\/#\\\/schema\\\/person\\\/12f9af801cac25dfcb5a96cb0090f703\",\"name\":\"fundacionmdp\",\"image\":{\"@type\":\"ImageObject\",\"inLanguage\":\"ca\",\"@id\":\"https:\\\/\\\/secure.gravatar.com\\\/avatar\\\/b540f93d1816a14d85e51109d050c3243b98fb660a665f517a6d2597cff3bbed?s=96&d=mm&r=g\",\"url\":\"https:\\\/\\\/secure.gravatar.com\\\/avatar\\\/b540f93d1816a14d85e51109d050c3243b98fb660a665f517a6d2597cff3bbed?s=96&d=mm&r=g\",\"contentUrl\":\"https:\\\/\\\/secure.gravatar.com\\\/avatar\\\/b540f93d1816a14d85e51109d050c3243b98fb660a665f517a6d2597cff3bbed?s=96&d=mm&r=g\",\"caption\":\"fundacionmdp\"},\"sameAs\":[\"http:\\\/\\\/prezuk.com.mialias.net\\\/fundacionmdp\"],\"url\":\"https:\\\/\\\/www.fundacionmdp.org\\\/ca\\\/author\\\/fundacionmdp\\\/\"}]}<\/script>\n<!-- \/ Yoast SEO plugin. -->","yoast_head_json":{"title":"Com s\u00f3n els habitatges accessibles per a cadira de rodes? - Fundaci\u00f3n Mutua de Propietarios","robots":{"index":"index","follow":"follow","max-snippet":"max-snippet:-1","max-image-preview":"max-image-preview:large","max-video-preview":"max-video-preview:-1"},"canonical":"https:\/\/www.fundacionmdp.org\/ca\/com-son-els-habitatges-accessibles-per-a-cadita-de-rodes\/","og_locale":"ca_ES","og_type":"article","og_title":"Com s\u00f3n els habitatges accessibles per a cadira de rodes? - Fundaci\u00f3n Mutua de Propietarios","og_description":"Les persones amb cadira de rodes s&#8217;enfronten a reptes di\u00e0riament pel que fa a l&#8217;accessibilitat i la mobilitat, ja que molts dels nostres espais no estan correctament adaptats. No obstant aix\u00f2, el problema social de l&#8217;accessibilitat no sols afecta als espais p\u00fablics, sin\u00f3 que tamb\u00e9 moltes persones veuen dificultat cada dia l&#8217;acc\u00e9s al seu propi [&hellip;]","og_url":"https:\/\/www.fundacionmdp.org\/ca\/com-son-els-habitatges-accessibles-per-a-cadita-de-rodes\/","og_site_name":"Fundaci\u00f3n Mutua de Propietarios","article_published_time":"2025-07-22T12:07:58+00:00","article_modified_time":"2025-07-22T12:12:16+00:00","og_image":[{"width":1000,"height":668,"url":"https:\/\/www.fundacionmdp.org\/wp-content\/uploads\/2025\/07\/Imagen_20250721.jpg","type":"image\/jpeg"}],"author":"fundacionmdp","twitter_card":"summary_large_image","twitter_misc":{"Escrit per":"fundacionmdp","Temps estimat de lectura":"7 minuts"},"schema":{"@context":"https:\/\/schema.org","@graph":[{"@type":"Article","@id":"https:\/\/www.fundacionmdp.org\/ca\/com-son-els-habitatges-accessibles-per-a-cadita-de-rodes\/#article","isPartOf":{"@id":"https:\/\/www.fundacionmdp.org\/ca\/com-son-els-habitatges-accessibles-per-a-cadita-de-rodes\/"},"author":{"name":"fundacionmdp","@id":"https:\/\/www.fundacionmdp.org\/#\/schema\/person\/12f9af801cac25dfcb5a96cb0090f703"},"headline":"Com s\u00f3n els habitatges accessibles per a cadira de rodes?","datePublished":"2025-07-22T12:07:58+00:00","dateModified":"2025-07-22T12:12:16+00:00","mainEntityOfPage":{"@id":"https:\/\/www.fundacionmdp.org\/ca\/com-son-els-habitatges-accessibles-per-a-cadita-de-rodes\/"},"wordCount":1355,"commentCount":0,"publisher":{"@id":"https:\/\/www.fundacionmdp.org\/#organization"},"image":{"@id":"https:\/\/www.fundacionmdp.org\/ca\/com-son-els-habitatges-accessibles-per-a-cadita-de-rodes\/#primaryimage"},"thumbnailUrl":"https:\/\/www.fundacionmdp.org\/wp-content\/uploads\/2025\/07\/Imagen_20250721.jpg","articleSection":["Sin categorizar"],"inLanguage":"ca","potentialAction":[{"@type":"CommentAction","name":"Comment","target":["https:\/\/www.fundacionmdp.org\/ca\/com-son-els-habitatges-accessibles-per-a-cadita-de-rodes\/#respond"]}]},{"@type":"WebPage","@id":"https:\/\/www.fundacionmdp.org\/ca\/com-son-els-habitatges-accessibles-per-a-cadita-de-rodes\/","url":"https:\/\/www.fundacionmdp.org\/ca\/com-son-els-habitatges-accessibles-per-a-cadita-de-rodes\/","name":"Com s\u00f3n els habitatges accessibles per a cadira de rodes? - Fundaci\u00f3n Mutua de Propietarios","isPartOf":{"@id":"https:\/\/www.fundacionmdp.org\/#website"},"primaryImageOfPage":{"@id":"https:\/\/www.fundacionmdp.org\/ca\/com-son-els-habitatges-accessibles-per-a-cadita-de-rodes\/#primaryimage"},"image":{"@id":"https:\/\/www.fundacionmdp.org\/ca\/com-son-els-habitatges-accessibles-per-a-cadita-de-rodes\/#primaryimage"},"thumbnailUrl":"https:\/\/www.fundacionmdp.org\/wp-content\/uploads\/2025\/07\/Imagen_20250721.jpg","datePublished":"2025-07-22T12:07:58+00:00","dateModified":"2025-07-22T12:12:16+00:00","breadcrumb":{"@id":"https:\/\/www.fundacionmdp.org\/ca\/com-son-els-habitatges-accessibles-per-a-cadita-de-rodes\/#breadcrumb"},"inLanguage":"ca","potentialAction":[{"@type":"ReadAction","target":["https:\/\/www.fundacionmdp.org\/ca\/com-son-els-habitatges-accessibles-per-a-cadita-de-rodes\/"]}]},{"@type":"ImageObject","inLanguage":"ca","@id":"https:\/\/www.fundacionmdp.org\/ca\/com-son-els-habitatges-accessibles-per-a-cadita-de-rodes\/#primaryimage","url":"https:\/\/www.fundacionmdp.org\/wp-content\/uploads\/2025\/07\/Imagen_20250721.jpg","contentUrl":"https:\/\/www.fundacionmdp.org\/wp-content\/uploads\/2025\/07\/Imagen_20250721.jpg","width":1000,"height":668},{"@type":"BreadcrumbList","@id":"https:\/\/www.fundacionmdp.org\/ca\/com-son-els-habitatges-accessibles-per-a-cadita-de-rodes\/#breadcrumb","itemListElement":[{"@type":"ListItem","position":1,"name":"Home","item":"https:\/\/www.fundacionmdp.org\/ca\/"},{"@type":"ListItem","position":2,"name":"Com s\u00f3n els habitatges accessibles per a cadira de rodes?"}]},{"@type":"WebSite","@id":"https:\/\/www.fundacionmdp.org\/#website","url":"https:\/\/www.fundacionmdp.org\/","name":"Fundaci\u00f3n Mutua de Propietarios","description":"En la Fundaci\u00f3n Mutua de Propietarios te ayudamos a convertir tu edificio de viviendas en un espacio sin barreras arquitect\u00f3nicas.","publisher":{"@id":"https:\/\/www.fundacionmdp.org\/#organization"},"potentialAction":[{"@type":"SearchAction","target":{"@type":"EntryPoint","urlTemplate":"https:\/\/www.fundacionmdp.org\/?s={search_term_string}"},"query-input":{"@type":"PropertyValueSpecification","valueRequired":true,"valueName":"search_term_string"}}],"inLanguage":"ca"},{"@type":"Organization","@id":"https:\/\/www.fundacionmdp.org\/#organization","name":"Fundaci\u00f3n Mutua de Propietarios","url":"https:\/\/www.fundacionmdp.org\/","logo":{"@type":"ImageObject","inLanguage":"ca","@id":"https:\/\/www.fundacionmdp.org\/#\/schema\/logo\/image\/","url":"https:\/\/www.fundacionmdp.org\/wp-content\/uploads\/2023\/05\/logo_FMdP_cat.png","contentUrl":"https:\/\/www.fundacionmdp.org\/wp-content\/uploads\/2023\/05\/logo_FMdP_cat.png","width":655,"height":297,"caption":"Fundaci\u00f3n Mutua de Propietarios"},"image":{"@id":"https:\/\/www.fundacionmdp.org\/#\/schema\/logo\/image\/"}},{"@type":"Person","@id":"https:\/\/www.fundacionmdp.org\/#\/schema\/person\/12f9af801cac25dfcb5a96cb0090f703","name":"fundacionmdp","image":{"@type":"ImageObject","inLanguage":"ca","@id":"https:\/\/secure.gravatar.com\/avatar\/b540f93d1816a14d85e51109d050c3243b98fb660a665f517a6d2597cff3bbed?s=96&d=mm&r=g","url":"https:\/\/secure.gravatar.com\/avatar\/b540f93d1816a14d85e51109d050c3243b98fb660a665f517a6d2597cff3bbed?s=96&d=mm&r=g","contentUrl":"https:\/\/secure.gravatar.com\/avatar\/b540f93d1816a14d85e51109d050c3243b98fb660a665f517a6d2597cff3bbed?s=96&d=mm&r=g","caption":"fundacionmdp"},"sameAs":["http:\/\/prezuk.com.mialias.net\/fundacionmdp"],"url":"https:\/\/www.fundacionmdp.org\/ca\/author\/fundacionmdp\/"}]}},"_links":{"self":[{"href":"https:\/\/www.fundacionmdp.org\/ca\/wp-json\/wp\/v2\/posts\/11766","targetHints":{"allow":["GET"]}}],"collection":[{"href":"https:\/\/www.fundacionmdp.org\/ca\/wp-json\/wp\/v2\/posts"}],"about":[{"href":"https:\/\/www.fundacionmdp.org\/ca\/wp-json\/wp\/v2\/types\/post"}],"author":[{"embeddable":true,"href":"https:\/\/www.fundacionmdp.org\/ca\/wp-json\/wp\/v2\/users\/1"}],"replies":[{"embeddable":true,"href":"https:\/\/www.fundacionmdp.org\/ca\/wp-json\/wp\/v2\/comments?post=11766"}],"version-history":[{"count":4,"href":"https:\/\/www.fundacionmdp.org\/ca\/wp-json\/wp\/v2\/posts\/11766\/revisions"}],"predecessor-version":[{"id":11771,"href":"https:\/\/www.fundacionmdp.org\/ca\/wp-json\/wp\/v2\/posts\/11766\/revisions\/11771"}],"wp:featuredmedia":[{"embeddable":true,"href":"https:\/\/www.fundacionmdp.org\/ca\/wp-json\/wp\/v2\/media\/11761"}],"wp:attachment":[{"href":"https:\/\/www.fundacionmdp.org\/ca\/wp-json\/wp\/v2\/media?parent=11766"}],"wp:term":[{"taxonomy":"category","embeddable":true,"href":"https:\/\/www.fundacionmdp.org\/ca\/wp-json\/wp\/v2\/categories?post=11766"},{"taxonomy":"post_tag","embeddable":true,"href":"https:\/\/www.fundacionmdp.org\/ca\/wp-json\/wp\/v2\/tags?post=11766"}],"curies":[{"name":"wp","href":"https:\/\/api.w.org\/{rel}","templated":true}]}}