{"id":11880,"date":"2025-09-22T10:41:38","date_gmt":"2025-09-22T08:41:38","guid":{"rendered":"https:\/\/www.fundacionmdp.org\/?p=11880"},"modified":"2025-09-22T11:37:00","modified_gmt":"2025-09-22T09:37:00","slug":"disset-musics-sumen-les-seves-veus-a-lhimne-de-laccessibilitat-de-la-fundacio-mutua-de-propietaris-compost-per-miriam-fernandez","status":"publish","type":"post","link":"https:\/\/www.fundacionmdp.org\/ca\/disset-musics-sumen-les-seves-veus-a-lhimne-de-laccessibilitat-de-la-fundacio-mutua-de-propietaris-compost-per-miriam-fernandez\/","title":{"rendered":"DISSET M\u00daSICS \u2018SUMEN LES SEVES VEUS\u2019 A L&#8217;HIMNE DE L&#8217;ACCESSIBILITAT DE LA FUNDACI\u00d3 MUTUA DE PROPIETARIS COMPOST PER MIRIAM FERN\u00c1NDEZ"},"content":{"rendered":"\n<p>Disset m\u00fasics i cantants s&#8217;han unit a la compositora Miriam Fern\u00e1ndez i a la Fundaci\u00f3 Mutua de Propietarios per a fer una nova versi\u00f3 coral de \u2018Ser tu voz\u2019, l&#8217;himne de l&#8217;accessibilitat creat per l&#8217;artista madrilenya per a sensibilitzar en la necessitat d&#8217;avan\u00e7ar cap a un m\u00f3n sense barreres.<\/p>\n\n\n\n<div class=\"wp-block-group is-nowrap is-layout-flex wp-container-core-group-is-layout-ad2f72ca wp-block-group-is-layout-flex\">\n<p>Disponible des d&#8217;avui a\u00a0<a href=\"https:\/\/open.spotify.com\/intl-es\/album\/0SYvSRYWd4wqxo7E1iGmL1\">Spotify<\/a>\u00a0i a <a href=\"https:\/\/www.youtube.com\/watch?v=YDPAbLKekW8\">YouTube<\/a>, al videoclip participen, junt amb Miriam Fern\u00e1ndez, els int\u00e8rprets Nena\u00a0Daconte,\u00a0Thal\u00eda\u00a0Garrido, Irene Caruncho, Adriana\u00a0Rogan, Clara\u00a0DeMin, Lorena G\u00f3mez, Sonia G\u00f3mez, Cristina Medina, Marina\u00a0Damer, Iv\u00e1n Torres, Daniel Marco, David\u00a0DeMar\u00eda, Carlos\u00a0Valledor\u00a0i Rafa Blas, tots ells acompanyats del teclat d\u2019 en V\u00edctor El\u00edas, la bateria d\u2019 en Paul\u00a0Casali\u00a0i la guitarra de l\u2019 Alex\u00a0Gabasa\u00a0se sumen al projecte \u201cSumant Veus\u201d per a impulsar l&#8217;accessibilitat com a via per a garantir la plena inclusi\u00f3 de les persones amb mobilitat redu\u00efda.<\/p>\n<\/div>\n\n\n<div class=\"wp-block-image\">\n<figure class=\"alignright size-large is-resized\"><img fetchpriority=\"high\" decoding=\"async\" width=\"819\" height=\"1024\" src=\"https:\/\/www.fundacionmdp.org\/wp-content\/uploads\/2025\/09\/Sumando_Voces_1080_1350-819x1024.png\" alt=\"\" class=\"wp-image-11875\" style=\"width:317px;height:auto\" srcset=\"https:\/\/www.fundacionmdp.org\/wp-content\/uploads\/2025\/09\/Sumando_Voces_1080_1350-819x1024.png 819w, https:\/\/www.fundacionmdp.org\/wp-content\/uploads\/2025\/09\/Sumando_Voces_1080_1350-240x300.png 240w, https:\/\/www.fundacionmdp.org\/wp-content\/uploads\/2025\/09\/Sumando_Voces_1080_1350-768x960.png 768w, https:\/\/www.fundacionmdp.org\/wp-content\/uploads\/2025\/09\/Sumando_Voces_1080_1350.png 1080w\" sizes=\"(max-width: 819px) 100vw, 819px\" \/><\/figure>\n<\/div>\n\n\n<p>\u201cEls missatges cobren for\u00e7a i arriben m\u00e9s lluny quan es llancen a l&#8217;un\u00edson i des del cor. Per aix\u00f2, aquesta nova versi\u00f3 de \u2018Ser tu voz\u2019 \u00e9s una suma d&#8217;emocions i de compromisos, i desitja convertir-se en un s\u00edmbol d&#8217;esperan\u00e7a per a aquest col\u00b7lectiu\u201d, explica Cristina Pall\u00e0s, directora de la Fundaci\u00f3 Mutua de Propietarios.<\/p>\n\n\n\n<p>Composta per Miriam Fern\u00e1ndez, la can\u00e7\u00f3 recull les situacions, les preocupacions i els anhels dels 2,4 milions de persones amb mobilitat redu\u00efda que resideixen a Espanya. Viv\u00e8ncies tamb\u00e9 experimentades per la cantant que han quedat plasmades en versos plens de realitat i esperan\u00e7a: &#8220;Vull sortir i no puc, vull poder cr\u00e9ixer i sense per\u00f2s\/ Que s\u00e0piguen el que val el meu temps i no quedar-me enrere mai m\u00e9s\u2026. Tenir un habitatge sense barreres, gaudir de la ciutat que m&#8217;espera\/ Sense esquerdes que hagi de saltar a la vorera, amb portes que pugui arribar\u201d.<\/p>\n\n\n\n<p>\u201cPoder reunir i coordinar a tants artistes al voltant d&#8217;un mateix missatge d&#8217;esperan\u00e7a i accessibilitat ha estat una experi\u00e8ncia \u00fanica. He bolcat en aquesta can\u00e7\u00f3 les meves pr\u00f2pies viv\u00e8ncies i les de milions de persones que, dia a dia, s\u2019enfronten a barreres arquitect\u00f2niques: volem ser la veu de totes elles. Crec profundament en la for\u00e7a de la m\u00fasica per a transformar realitats, i amb aquest projecte, en el qual grans artistes i professionals han posat el seu talent i entrega, volem que l&#8217;esperan\u00e7a soni m\u00e9s forta que la por\u201d, afirma Miriam Fern\u00e1ndez.<\/p>\n\n\n\n<p>El projecte \u201cSumant Veus\u201d dona resposta a la necess\u00e0ria tasca de conscienciaci\u00f3 detectada en l&#8217;\u00faltim informe de la Fundaci\u00f3 Mutua de Propietarios: un 82% dels espanyols est\u00e0 d&#8217;acord en el fet que caldria sensibilitzar m\u00e9s a la societat sobre les barreres que di\u00e0riament enfronten els qui pateixen algun tipus de discapacitat motora. Una situaci\u00f3 que, com recull \u2018Ser tu voz\u2019, \u201ctots viuran quan arribin a la tercera edat\u201d.<\/p>\n\n\n\n<p><br>\u201cAmb l&#8217;ajut d&#8217;aquestes grans figures de la m\u00fasica de totes les generacions, els volem agrair la seva implicaci\u00f3 altruista, &nbsp;i volem portar el missatge de l&#8217;accessibilitat encara m\u00e9s lluny i calar m\u00e9s profund en la consci\u00e8ncia dels espanyols\u201d, afirma la directora de la Fundaci\u00f3 Mutua de Propietarios.<\/p>\n\n\n\n<p><br>En aquest sentit, la compositora madrilenya va definir al projecte Sumant Veus com \u201cun veritable regal\u201d, i va agrair a la Fundaci\u00f3 Mutua de Propietarios l&#8217;oportunitat de liderar aquesta iniciativa: \u201cCom a dona amb mobilitat redu\u00efda, m&#8217;ha fet molt feli\u00e7 demostrar que, quan es confia en les capacitats i es deixen a un costat els prejudicis o la condescend\u00e8ncia cap a les persones amb discapacitat \u2014tan freq\u00fcents, encara que moltes vegades involuntaris\u2014, es pot arribar molt lluny\u201d.<\/p>\n\n\n\n<figure class=\"wp-block-image size-full is-resized\"><img decoding=\"async\" width=\"954\" height=\"299\" src=\"https:\/\/www.fundacionmdp.org\/wp-content\/uploads\/2025\/09\/image.png\" alt=\"\" class=\"wp-image-11873\" style=\"width:702px;height:auto\" srcset=\"https:\/\/www.fundacionmdp.org\/wp-content\/uploads\/2025\/09\/image.png 954w, https:\/\/www.fundacionmdp.org\/wp-content\/uploads\/2025\/09\/image-300x94.png 300w, https:\/\/www.fundacionmdp.org\/wp-content\/uploads\/2025\/09\/image-768x241.png 768w\" sizes=\"(max-width: 954px) 100vw, 954px\" \/><\/figure>\n","protected":false},"excerpt":{"rendered":"<p>Disset m\u00fasics i cantants s&#8217;han unit a la compositora Miriam Fern\u00e1ndez i a la Fundaci\u00f3 Mutua de Propietarios per a fer una nova versi\u00f3 coral de \u2018Ser tu voz\u2019, l&#8217;himne de l&#8217;accessibilitat creat per l&#8217;artista madrilenya per a sensibilitzar en la necessitat d&#8217;avan\u00e7ar cap a un m\u00f3n sense barreres. Disponible des d&#8217;avui a\u00a0Spotify\u00a0i a YouTube, [&hellip;]<\/p>\n","protected":false},"author":29,"featured_media":11905,"comment_status":"open","ping_status":"open","sticky":false,"template":"","format":"standard","meta":{"_acf_changed":false,"ocean_post_layout":"","ocean_both_sidebars_style":"","ocean_both_sidebars_content_width":0,"ocean_both_sidebars_sidebars_width":0,"ocean_sidebar":"","ocean_second_sidebar":"","ocean_disable_margins":"enable","ocean_add_body_class":"","ocean_shortcode_before_top_bar":"","ocean_shortcode_after_top_bar":"","ocean_shortcode_before_header":"","ocean_shortcode_after_header":"","ocean_has_shortcode":"","ocean_shortcode_after_title":"","ocean_shortcode_before_footer_widgets":"","ocean_shortcode_after_footer_widgets":"","ocean_shortcode_before_footer_bottom":"","ocean_shortcode_after_footer_bottom":"","ocean_display_top_bar":"default","ocean_display_header":"default","ocean_header_style":"","ocean_center_header_left_menu":"","ocean_custom_header_template":"","ocean_custom_logo":0,"ocean_custom_retina_logo":0,"ocean_custom_logo_max_width":0,"ocean_custom_logo_tablet_max_width":0,"ocean_custom_logo_mobile_max_width":0,"ocean_custom_logo_max_height":0,"ocean_custom_logo_tablet_max_height":0,"ocean_custom_logo_mobile_max_height":0,"ocean_header_custom_menu":"","ocean_menu_typo_font_family":"","ocean_menu_typo_font_subset":"","ocean_menu_typo_font_size":0,"ocean_menu_typo_font_size_tablet":0,"ocean_menu_typo_font_size_mobile":0,"ocean_menu_typo_font_size_unit":"px","ocean_menu_typo_font_weight":"","ocean_menu_typo_font_weight_tablet":"","ocean_menu_typo_font_weight_mobile":"","ocean_menu_typo_transform":"","ocean_menu_typo_transform_tablet":"","ocean_menu_typo_transform_mobile":"","ocean_menu_typo_line_height":0,"ocean_menu_typo_line_height_tablet":0,"ocean_menu_typo_line_height_mobile":0,"ocean_menu_typo_line_height_unit":"","ocean_menu_typo_spacing":0,"ocean_menu_typo_spacing_tablet":0,"ocean_menu_typo_spacing_mobile":0,"ocean_menu_typo_spacing_unit":"","ocean_menu_link_color":"","ocean_menu_link_color_hover":"","ocean_menu_link_color_active":"","ocean_menu_link_background":"","ocean_menu_link_hover_background":"","ocean_menu_link_active_background":"","ocean_menu_social_links_bg":"","ocean_menu_social_hover_links_bg":"","ocean_menu_social_links_color":"","ocean_menu_social_hover_links_color":"","ocean_disable_title":"default","ocean_disable_heading":"default","ocean_post_title":"","ocean_post_subheading":"","ocean_post_title_style":"","ocean_post_title_background_color":"","ocean_post_title_background":0,"ocean_post_title_bg_image_position":"","ocean_post_title_bg_image_attachment":"","ocean_post_title_bg_image_repeat":"","ocean_post_title_bg_image_size":"","ocean_post_title_height":0,"ocean_post_title_bg_overlay":0.5,"ocean_post_title_bg_overlay_color":"","ocean_disable_breadcrumbs":"default","ocean_breadcrumbs_color":"","ocean_breadcrumbs_separator_color":"","ocean_breadcrumbs_links_color":"","ocean_breadcrumbs_links_hover_color":"","ocean_display_footer_widgets":"default","ocean_display_footer_bottom":"default","ocean_custom_footer_template":"","ocean_post_oembed":"","ocean_post_self_hosted_media":"","ocean_post_video_embed":"","ocean_link_format":"","ocean_link_format_target":"self","ocean_quote_format":"","ocean_quote_format_link":"post","ocean_gallery_link_images":"on","ocean_gallery_id":[],"footnotes":""},"categories":[1],"tags":[41,59,44,45,60],"class_list":["post-11880","post","type-post","status-publish","format-standard","has-post-thumbnail","hentry","category-sin-categorizar","tag-accesibilidad-ca","tag-cancion-ca","tag-movilidad-reducida-ca","tag-ser-tu-voz-ca","tag-sumando-voces-ca","entry","has-media"],"acf":[],"yoast_head":"<!-- This site is optimized with the Yoast SEO plugin v27.3 - https:\/\/yoast.com\/product\/yoast-seo-wordpress\/ -->\n<title>DISSET M\u00daSICS \u2018SUMEN LES SEVES VEUS\u2019 A L&#039;HIMNE DE L&#039;ACCESSIBILITAT DE LA FUNDACI\u00d3 MUTUA DE PROPIETARIS COMPOST PER MIRIAM FERN\u00c1NDEZ - Fundaci\u00f3n Mutua de Propietarios<\/title>\n<meta name=\"description\" content=\"Diecisiete m\u00fasicos y cantantes se han unido a la compositora Miriam Fern\u00e1ndez y a la Fundaci\u00f3n Mutua de Propietarios para hacer una nueva versi\u00f3n coral de \u2018Ser tu Voz\u2019, el himno a la accesibilidad creado por la artista madrile\u00f1a para sensibilizar en la necesidad de avanzar hacia un mundo sin barreras.\" \/>\n<meta name=\"robots\" content=\"index, follow, max-snippet:-1, max-image-preview:large, max-video-preview:-1\" \/>\n<link rel=\"canonical\" href=\"https:\/\/www.fundacionmdp.org\/ca\/disset-musics-sumen-les-seves-veus-a-lhimne-de-laccessibilitat-de-la-fundacio-mutua-de-propietaris-compost-per-miriam-fernandez\/\" \/>\n<meta property=\"og:locale\" content=\"ca_ES\" \/>\n<meta property=\"og:type\" content=\"article\" \/>\n<meta property=\"og:title\" content=\"DISSET M\u00daSICS \u2018SUMEN LES SEVES VEUS\u2019 A L&#039;HIMNE DE L&#039;ACCESSIBILITAT DE LA FUNDACI\u00d3 MUTUA DE PROPIETARIS COMPOST PER MIRIAM FERN\u00c1NDEZ - Fundaci\u00f3n Mutua de Propietarios\" \/>\n<meta property=\"og:description\" content=\"Diecisiete m\u00fasicos y cantantes se han unido a la compositora Miriam Fern\u00e1ndez y a la Fundaci\u00f3n Mutua de Propietarios para hacer una nueva versi\u00f3n coral de \u2018Ser tu Voz\u2019, el himno a la accesibilidad creado por la artista madrile\u00f1a para sensibilizar en la necesidad de avanzar hacia un mundo sin barreras.\" \/>\n<meta property=\"og:url\" content=\"https:\/\/www.fundacionmdp.org\/ca\/disset-musics-sumen-les-seves-veus-a-lhimne-de-laccessibilitat-de-la-fundacio-mutua-de-propietaris-compost-per-miriam-fernandez\/\" \/>\n<meta property=\"og:site_name\" content=\"Fundaci\u00f3n Mutua de Propietarios\" \/>\n<meta property=\"article:published_time\" content=\"2025-09-22T08:41:38+00:00\" \/>\n<meta property=\"article:modified_time\" content=\"2025-09-22T09:37:00+00:00\" \/>\n<meta property=\"og:image\" content=\"https:\/\/www.fundacionmdp.org\/wp-content\/uploads\/2025\/09\/Sumando_voces_1024_512.png\" \/>\n\t<meta property=\"og:image:width\" content=\"1024\" \/>\n\t<meta property=\"og:image:height\" content=\"512\" \/>\n\t<meta property=\"og:image:type\" content=\"image\/png\" \/>\n<meta name=\"author\" content=\"consultinglasker@gmail.com\" \/>\n<meta name=\"twitter:card\" content=\"summary_large_image\" \/>\n<meta name=\"twitter:label1\" content=\"Escrit per\" \/>\n\t<meta name=\"twitter:data1\" content=\"consultinglasker@gmail.com\" \/>\n\t<meta name=\"twitter:label2\" content=\"Temps estimat de lectura\" \/>\n\t<meta name=\"twitter:data2\" content=\"4 minuts\" \/>\n<script type=\"application\/ld+json\" class=\"yoast-schema-graph\">{\"@context\":\"https:\\\/\\\/schema.org\",\"@graph\":[{\"@type\":\"Article\",\"@id\":\"https:\\\/\\\/www.fundacionmdp.org\\\/ca\\\/disset-musics-sumen-les-seves-veus-a-lhimne-de-laccessibilitat-de-la-fundacio-mutua-de-propietaris-compost-per-miriam-fernandez\\\/#article\",\"isPartOf\":{\"@id\":\"https:\\\/\\\/www.fundacionmdp.org\\\/ca\\\/disset-musics-sumen-les-seves-veus-a-lhimne-de-laccessibilitat-de-la-fundacio-mutua-de-propietaris-compost-per-miriam-fernandez\\\/\"},\"author\":{\"name\":\"consultinglasker@gmail.com\",\"@id\":\"https:\\\/\\\/www.fundacionmdp.org\\\/#\\\/schema\\\/person\\\/0a0491f126b8cd8387f8f0da72129079\"},\"headline\":\"DISSET M\u00daSICS \u2018SUMEN LES SEVES VEUS\u2019 A L&#8217;HIMNE DE L&#8217;ACCESSIBILITAT DE LA FUNDACI\u00d3 MUTUA DE PROPIETARIS COMPOST PER MIRIAM FERN\u00c1NDEZ\",\"datePublished\":\"2025-09-22T08:41:38+00:00\",\"dateModified\":\"2025-09-22T09:37:00+00:00\",\"mainEntityOfPage\":{\"@id\":\"https:\\\/\\\/www.fundacionmdp.org\\\/ca\\\/disset-musics-sumen-les-seves-veus-a-lhimne-de-laccessibilitat-de-la-fundacio-mutua-de-propietaris-compost-per-miriam-fernandez\\\/\"},\"wordCount\":667,\"commentCount\":0,\"publisher\":{\"@id\":\"https:\\\/\\\/www.fundacionmdp.org\\\/#organization\"},\"image\":{\"@id\":\"https:\\\/\\\/www.fundacionmdp.org\\\/ca\\\/disset-musics-sumen-les-seves-veus-a-lhimne-de-laccessibilitat-de-la-fundacio-mutua-de-propietaris-compost-per-miriam-fernandez\\\/#primaryimage\"},\"thumbnailUrl\":\"https:\\\/\\\/www.fundacionmdp.org\\\/wp-content\\\/uploads\\\/2025\\\/09\\\/Sumando_voces_1200_630-3.png\",\"keywords\":[\"Accesibilidad\",\"Canci\u00f3n\",\"Movilidad reducida\",\"Ser Tu Voz\",\"Sumando Voces\"],\"articleSection\":[\"Sin categorizar\"],\"inLanguage\":\"ca\",\"potentialAction\":[{\"@type\":\"CommentAction\",\"name\":\"Comment\",\"target\":[\"https:\\\/\\\/www.fundacionmdp.org\\\/ca\\\/disset-musics-sumen-les-seves-veus-a-lhimne-de-laccessibilitat-de-la-fundacio-mutua-de-propietaris-compost-per-miriam-fernandez\\\/#respond\"]}]},{\"@type\":\"WebPage\",\"@id\":\"https:\\\/\\\/www.fundacionmdp.org\\\/ca\\\/disset-musics-sumen-les-seves-veus-a-lhimne-de-laccessibilitat-de-la-fundacio-mutua-de-propietaris-compost-per-miriam-fernandez\\\/\",\"url\":\"https:\\\/\\\/www.fundacionmdp.org\\\/ca\\\/disset-musics-sumen-les-seves-veus-a-lhimne-de-laccessibilitat-de-la-fundacio-mutua-de-propietaris-compost-per-miriam-fernandez\\\/\",\"name\":\"DISSET M\u00daSICS \u2018SUMEN LES SEVES VEUS\u2019 A L'HIMNE DE L'ACCESSIBILITAT DE LA FUNDACI\u00d3 MUTUA DE PROPIETARIS COMPOST PER MIRIAM FERN\u00c1NDEZ - Fundaci\u00f3n Mutua de Propietarios\",\"isPartOf\":{\"@id\":\"https:\\\/\\\/www.fundacionmdp.org\\\/#website\"},\"primaryImageOfPage\":{\"@id\":\"https:\\\/\\\/www.fundacionmdp.org\\\/ca\\\/disset-musics-sumen-les-seves-veus-a-lhimne-de-laccessibilitat-de-la-fundacio-mutua-de-propietaris-compost-per-miriam-fernandez\\\/#primaryimage\"},\"image\":{\"@id\":\"https:\\\/\\\/www.fundacionmdp.org\\\/ca\\\/disset-musics-sumen-les-seves-veus-a-lhimne-de-laccessibilitat-de-la-fundacio-mutua-de-propietaris-compost-per-miriam-fernandez\\\/#primaryimage\"},\"thumbnailUrl\":\"https:\\\/\\\/www.fundacionmdp.org\\\/wp-content\\\/uploads\\\/2025\\\/09\\\/Sumando_voces_1200_630-3.png\",\"datePublished\":\"2025-09-22T08:41:38+00:00\",\"dateModified\":\"2025-09-22T09:37:00+00:00\",\"description\":\"Diecisiete m\u00fasicos y cantantes se han unido a la compositora Miriam Fern\u00e1ndez y a la Fundaci\u00f3n Mutua de Propietarios para hacer una nueva versi\u00f3n coral de \u2018Ser tu Voz\u2019, el himno a la accesibilidad creado por la artista madrile\u00f1a para sensibilizar en la necesidad de avanzar hacia un mundo sin barreras.\",\"breadcrumb\":{\"@id\":\"https:\\\/\\\/www.fundacionmdp.org\\\/ca\\\/disset-musics-sumen-les-seves-veus-a-lhimne-de-laccessibilitat-de-la-fundacio-mutua-de-propietaris-compost-per-miriam-fernandez\\\/#breadcrumb\"},\"inLanguage\":\"ca\",\"potentialAction\":[{\"@type\":\"ReadAction\",\"target\":[\"https:\\\/\\\/www.fundacionmdp.org\\\/ca\\\/disset-musics-sumen-les-seves-veus-a-lhimne-de-laccessibilitat-de-la-fundacio-mutua-de-propietaris-compost-per-miriam-fernandez\\\/\"]}]},{\"@type\":\"ImageObject\",\"inLanguage\":\"ca\",\"@id\":\"https:\\\/\\\/www.fundacionmdp.org\\\/ca\\\/disset-musics-sumen-les-seves-veus-a-lhimne-de-laccessibilitat-de-la-fundacio-mutua-de-propietaris-compost-per-miriam-fernandez\\\/#primaryimage\",\"url\":\"https:\\\/\\\/www.fundacionmdp.org\\\/wp-content\\\/uploads\\\/2025\\\/09\\\/Sumando_voces_1200_630-3.png\",\"contentUrl\":\"https:\\\/\\\/www.fundacionmdp.org\\\/wp-content\\\/uploads\\\/2025\\\/09\\\/Sumando_voces_1200_630-3.png\",\"width\":1200,\"height\":630},{\"@type\":\"BreadcrumbList\",\"@id\":\"https:\\\/\\\/www.fundacionmdp.org\\\/ca\\\/disset-musics-sumen-les-seves-veus-a-lhimne-de-laccessibilitat-de-la-fundacio-mutua-de-propietaris-compost-per-miriam-fernandez\\\/#breadcrumb\",\"itemListElement\":[{\"@type\":\"ListItem\",\"position\":1,\"name\":\"Home\",\"item\":\"https:\\\/\\\/www.fundacionmdp.org\\\/ca\\\/\"},{\"@type\":\"ListItem\",\"position\":2,\"name\":\"DISSET M\u00daSICS \u2018SUMEN LES SEVES VEUS\u2019 A L&#8217;HIMNE DE L&#8217;ACCESSIBILITAT DE LA FUNDACI\u00d3 MUTUA DE PROPIETARIS COMPOST PER MIRIAM FERN\u00c1NDEZ\"}]},{\"@type\":\"WebSite\",\"@id\":\"https:\\\/\\\/www.fundacionmdp.org\\\/#website\",\"url\":\"https:\\\/\\\/www.fundacionmdp.org\\\/\",\"name\":\"Fundaci\u00f3n Mutua de Propietarios\",\"description\":\"En la Fundaci\u00f3n Mutua de Propietarios te ayudamos a convertir tu edificio de viviendas en un espacio sin barreras arquitect\u00f3nicas.\",\"publisher\":{\"@id\":\"https:\\\/\\\/www.fundacionmdp.org\\\/#organization\"},\"potentialAction\":[{\"@type\":\"SearchAction\",\"target\":{\"@type\":\"EntryPoint\",\"urlTemplate\":\"https:\\\/\\\/www.fundacionmdp.org\\\/?s={search_term_string}\"},\"query-input\":{\"@type\":\"PropertyValueSpecification\",\"valueRequired\":true,\"valueName\":\"search_term_string\"}}],\"inLanguage\":\"ca\"},{\"@type\":\"Organization\",\"@id\":\"https:\\\/\\\/www.fundacionmdp.org\\\/#organization\",\"name\":\"Fundaci\u00f3n Mutua de Propietarios\",\"url\":\"https:\\\/\\\/www.fundacionmdp.org\\\/\",\"logo\":{\"@type\":\"ImageObject\",\"inLanguage\":\"ca\",\"@id\":\"https:\\\/\\\/www.fundacionmdp.org\\\/#\\\/schema\\\/logo\\\/image\\\/\",\"url\":\"https:\\\/\\\/www.fundacionmdp.org\\\/wp-content\\\/uploads\\\/2023\\\/05\\\/logo_FMdP_cat.png\",\"contentUrl\":\"https:\\\/\\\/www.fundacionmdp.org\\\/wp-content\\\/uploads\\\/2023\\\/05\\\/logo_FMdP_cat.png\",\"width\":655,\"height\":297,\"caption\":\"Fundaci\u00f3n Mutua de Propietarios\"},\"image\":{\"@id\":\"https:\\\/\\\/www.fundacionmdp.org\\\/#\\\/schema\\\/logo\\\/image\\\/\"}},{\"@type\":\"Person\",\"@id\":\"https:\\\/\\\/www.fundacionmdp.org\\\/#\\\/schema\\\/person\\\/0a0491f126b8cd8387f8f0da72129079\",\"name\":\"consultinglasker@gmail.com\",\"image\":{\"@type\":\"ImageObject\",\"inLanguage\":\"ca\",\"@id\":\"https:\\\/\\\/secure.gravatar.com\\\/avatar\\\/7a939fbe5ab9abbba5f8a779e3054b4bee69cfadd53950db933d836ae1fc6281?s=96&d=mm&r=g\",\"url\":\"https:\\\/\\\/secure.gravatar.com\\\/avatar\\\/7a939fbe5ab9abbba5f8a779e3054b4bee69cfadd53950db933d836ae1fc6281?s=96&d=mm&r=g\",\"contentUrl\":\"https:\\\/\\\/secure.gravatar.com\\\/avatar\\\/7a939fbe5ab9abbba5f8a779e3054b4bee69cfadd53950db933d836ae1fc6281?s=96&d=mm&r=g\",\"caption\":\"consultinglasker@gmail.com\"},\"url\":\"https:\\\/\\\/www.fundacionmdp.org\\\/ca\\\/author\\\/consultinglaskergmail-com\\\/\"}]}<\/script>\n<!-- \/ Yoast SEO plugin. -->","yoast_head_json":{"title":"DISSET M\u00daSICS \u2018SUMEN LES SEVES VEUS\u2019 A L'HIMNE DE L'ACCESSIBILITAT DE LA FUNDACI\u00d3 MUTUA DE PROPIETARIS COMPOST PER MIRIAM FERN\u00c1NDEZ - Fundaci\u00f3n Mutua de Propietarios","description":"Diecisiete m\u00fasicos y cantantes se han unido a la compositora Miriam Fern\u00e1ndez y a la Fundaci\u00f3n Mutua de Propietarios para hacer una nueva versi\u00f3n coral de \u2018Ser tu Voz\u2019, el himno a la accesibilidad creado por la artista madrile\u00f1a para sensibilizar en la necesidad de avanzar hacia un mundo sin barreras.","robots":{"index":"index","follow":"follow","max-snippet":"max-snippet:-1","max-image-preview":"max-image-preview:large","max-video-preview":"max-video-preview:-1"},"canonical":"https:\/\/www.fundacionmdp.org\/ca\/disset-musics-sumen-les-seves-veus-a-lhimne-de-laccessibilitat-de-la-fundacio-mutua-de-propietaris-compost-per-miriam-fernandez\/","og_locale":"ca_ES","og_type":"article","og_title":"DISSET M\u00daSICS \u2018SUMEN LES SEVES VEUS\u2019 A L'HIMNE DE L'ACCESSIBILITAT DE LA FUNDACI\u00d3 MUTUA DE PROPIETARIS COMPOST PER MIRIAM FERN\u00c1NDEZ - Fundaci\u00f3n Mutua de Propietarios","og_description":"Diecisiete m\u00fasicos y cantantes se han unido a la compositora Miriam Fern\u00e1ndez y a la Fundaci\u00f3n Mutua de Propietarios para hacer una nueva versi\u00f3n coral de \u2018Ser tu Voz\u2019, el himno a la accesibilidad creado por la artista madrile\u00f1a para sensibilizar en la necesidad de avanzar hacia un mundo sin barreras.","og_url":"https:\/\/www.fundacionmdp.org\/ca\/disset-musics-sumen-les-seves-veus-a-lhimne-de-laccessibilitat-de-la-fundacio-mutua-de-propietaris-compost-per-miriam-fernandez\/","og_site_name":"Fundaci\u00f3n Mutua de Propietarios","article_published_time":"2025-09-22T08:41:38+00:00","article_modified_time":"2025-09-22T09:37:00+00:00","og_image":[{"width":1024,"height":512,"url":"https:\/\/www.fundacionmdp.org\/wp-content\/uploads\/2025\/09\/Sumando_voces_1024_512.png","type":"image\/png"}],"author":"consultinglasker@gmail.com","twitter_card":"summary_large_image","twitter_misc":{"Escrit per":"consultinglasker@gmail.com","Temps estimat de lectura":"4 minuts"},"schema":{"@context":"https:\/\/schema.org","@graph":[{"@type":"Article","@id":"https:\/\/www.fundacionmdp.org\/ca\/disset-musics-sumen-les-seves-veus-a-lhimne-de-laccessibilitat-de-la-fundacio-mutua-de-propietaris-compost-per-miriam-fernandez\/#article","isPartOf":{"@id":"https:\/\/www.fundacionmdp.org\/ca\/disset-musics-sumen-les-seves-veus-a-lhimne-de-laccessibilitat-de-la-fundacio-mutua-de-propietaris-compost-per-miriam-fernandez\/"},"author":{"name":"consultinglasker@gmail.com","@id":"https:\/\/www.fundacionmdp.org\/#\/schema\/person\/0a0491f126b8cd8387f8f0da72129079"},"headline":"DISSET M\u00daSICS \u2018SUMEN LES SEVES VEUS\u2019 A L&#8217;HIMNE DE L&#8217;ACCESSIBILITAT DE LA FUNDACI\u00d3 MUTUA DE PROPIETARIS COMPOST PER MIRIAM FERN\u00c1NDEZ","datePublished":"2025-09-22T08:41:38+00:00","dateModified":"2025-09-22T09:37:00+00:00","mainEntityOfPage":{"@id":"https:\/\/www.fundacionmdp.org\/ca\/disset-musics-sumen-les-seves-veus-a-lhimne-de-laccessibilitat-de-la-fundacio-mutua-de-propietaris-compost-per-miriam-fernandez\/"},"wordCount":667,"commentCount":0,"publisher":{"@id":"https:\/\/www.fundacionmdp.org\/#organization"},"image":{"@id":"https:\/\/www.fundacionmdp.org\/ca\/disset-musics-sumen-les-seves-veus-a-lhimne-de-laccessibilitat-de-la-fundacio-mutua-de-propietaris-compost-per-miriam-fernandez\/#primaryimage"},"thumbnailUrl":"https:\/\/www.fundacionmdp.org\/wp-content\/uploads\/2025\/09\/Sumando_voces_1200_630-3.png","keywords":["Accesibilidad","Canci\u00f3n","Movilidad reducida","Ser Tu Voz","Sumando Voces"],"articleSection":["Sin categorizar"],"inLanguage":"ca","potentialAction":[{"@type":"CommentAction","name":"Comment","target":["https:\/\/www.fundacionmdp.org\/ca\/disset-musics-sumen-les-seves-veus-a-lhimne-de-laccessibilitat-de-la-fundacio-mutua-de-propietaris-compost-per-miriam-fernandez\/#respond"]}]},{"@type":"WebPage","@id":"https:\/\/www.fundacionmdp.org\/ca\/disset-musics-sumen-les-seves-veus-a-lhimne-de-laccessibilitat-de-la-fundacio-mutua-de-propietaris-compost-per-miriam-fernandez\/","url":"https:\/\/www.fundacionmdp.org\/ca\/disset-musics-sumen-les-seves-veus-a-lhimne-de-laccessibilitat-de-la-fundacio-mutua-de-propietaris-compost-per-miriam-fernandez\/","name":"DISSET M\u00daSICS \u2018SUMEN LES SEVES VEUS\u2019 A L'HIMNE DE L'ACCESSIBILITAT DE LA FUNDACI\u00d3 MUTUA DE PROPIETARIS COMPOST PER MIRIAM FERN\u00c1NDEZ - Fundaci\u00f3n Mutua de Propietarios","isPartOf":{"@id":"https:\/\/www.fundacionmdp.org\/#website"},"primaryImageOfPage":{"@id":"https:\/\/www.fundacionmdp.org\/ca\/disset-musics-sumen-les-seves-veus-a-lhimne-de-laccessibilitat-de-la-fundacio-mutua-de-propietaris-compost-per-miriam-fernandez\/#primaryimage"},"image":{"@id":"https:\/\/www.fundacionmdp.org\/ca\/disset-musics-sumen-les-seves-veus-a-lhimne-de-laccessibilitat-de-la-fundacio-mutua-de-propietaris-compost-per-miriam-fernandez\/#primaryimage"},"thumbnailUrl":"https:\/\/www.fundacionmdp.org\/wp-content\/uploads\/2025\/09\/Sumando_voces_1200_630-3.png","datePublished":"2025-09-22T08:41:38+00:00","dateModified":"2025-09-22T09:37:00+00:00","description":"Diecisiete m\u00fasicos y cantantes se han unido a la compositora Miriam Fern\u00e1ndez y a la Fundaci\u00f3n Mutua de Propietarios para hacer una nueva versi\u00f3n coral de \u2018Ser tu Voz\u2019, el himno a la accesibilidad creado por la artista madrile\u00f1a para sensibilizar en la necesidad de avanzar hacia un mundo sin barreras.","breadcrumb":{"@id":"https:\/\/www.fundacionmdp.org\/ca\/disset-musics-sumen-les-seves-veus-a-lhimne-de-laccessibilitat-de-la-fundacio-mutua-de-propietaris-compost-per-miriam-fernandez\/#breadcrumb"},"inLanguage":"ca","potentialAction":[{"@type":"ReadAction","target":["https:\/\/www.fundacionmdp.org\/ca\/disset-musics-sumen-les-seves-veus-a-lhimne-de-laccessibilitat-de-la-fundacio-mutua-de-propietaris-compost-per-miriam-fernandez\/"]}]},{"@type":"ImageObject","inLanguage":"ca","@id":"https:\/\/www.fundacionmdp.org\/ca\/disset-musics-sumen-les-seves-veus-a-lhimne-de-laccessibilitat-de-la-fundacio-mutua-de-propietaris-compost-per-miriam-fernandez\/#primaryimage","url":"https:\/\/www.fundacionmdp.org\/wp-content\/uploads\/2025\/09\/Sumando_voces_1200_630-3.png","contentUrl":"https:\/\/www.fundacionmdp.org\/wp-content\/uploads\/2025\/09\/Sumando_voces_1200_630-3.png","width":1200,"height":630},{"@type":"BreadcrumbList","@id":"https:\/\/www.fundacionmdp.org\/ca\/disset-musics-sumen-les-seves-veus-a-lhimne-de-laccessibilitat-de-la-fundacio-mutua-de-propietaris-compost-per-miriam-fernandez\/#breadcrumb","itemListElement":[{"@type":"ListItem","position":1,"name":"Home","item":"https:\/\/www.fundacionmdp.org\/ca\/"},{"@type":"ListItem","position":2,"name":"DISSET M\u00daSICS \u2018SUMEN LES SEVES VEUS\u2019 A L&#8217;HIMNE DE L&#8217;ACCESSIBILITAT DE LA FUNDACI\u00d3 MUTUA DE PROPIETARIS COMPOST PER MIRIAM FERN\u00c1NDEZ"}]},{"@type":"WebSite","@id":"https:\/\/www.fundacionmdp.org\/#website","url":"https:\/\/www.fundacionmdp.org\/","name":"Fundaci\u00f3n Mutua de Propietarios","description":"En la Fundaci\u00f3n Mutua de Propietarios te ayudamos a convertir tu edificio de viviendas en un espacio sin barreras arquitect\u00f3nicas.","publisher":{"@id":"https:\/\/www.fundacionmdp.org\/#organization"},"potentialAction":[{"@type":"SearchAction","target":{"@type":"EntryPoint","urlTemplate":"https:\/\/www.fundacionmdp.org\/?s={search_term_string}"},"query-input":{"@type":"PropertyValueSpecification","valueRequired":true,"valueName":"search_term_string"}}],"inLanguage":"ca"},{"@type":"Organization","@id":"https:\/\/www.fundacionmdp.org\/#organization","name":"Fundaci\u00f3n Mutua de Propietarios","url":"https:\/\/www.fundacionmdp.org\/","logo":{"@type":"ImageObject","inLanguage":"ca","@id":"https:\/\/www.fundacionmdp.org\/#\/schema\/logo\/image\/","url":"https:\/\/www.fundacionmdp.org\/wp-content\/uploads\/2023\/05\/logo_FMdP_cat.png","contentUrl":"https:\/\/www.fundacionmdp.org\/wp-content\/uploads\/2023\/05\/logo_FMdP_cat.png","width":655,"height":297,"caption":"Fundaci\u00f3n Mutua de Propietarios"},"image":{"@id":"https:\/\/www.fundacionmdp.org\/#\/schema\/logo\/image\/"}},{"@type":"Person","@id":"https:\/\/www.fundacionmdp.org\/#\/schema\/person\/0a0491f126b8cd8387f8f0da72129079","name":"consultinglasker@gmail.com","image":{"@type":"ImageObject","inLanguage":"ca","@id":"https:\/\/secure.gravatar.com\/avatar\/7a939fbe5ab9abbba5f8a779e3054b4bee69cfadd53950db933d836ae1fc6281?s=96&d=mm&r=g","url":"https:\/\/secure.gravatar.com\/avatar\/7a939fbe5ab9abbba5f8a779e3054b4bee69cfadd53950db933d836ae1fc6281?s=96&d=mm&r=g","contentUrl":"https:\/\/secure.gravatar.com\/avatar\/7a939fbe5ab9abbba5f8a779e3054b4bee69cfadd53950db933d836ae1fc6281?s=96&d=mm&r=g","caption":"consultinglasker@gmail.com"},"url":"https:\/\/www.fundacionmdp.org\/ca\/author\/consultinglaskergmail-com\/"}]}},"_links":{"self":[{"href":"https:\/\/www.fundacionmdp.org\/ca\/wp-json\/wp\/v2\/posts\/11880","targetHints":{"allow":["GET"]}}],"collection":[{"href":"https:\/\/www.fundacionmdp.org\/ca\/wp-json\/wp\/v2\/posts"}],"about":[{"href":"https:\/\/www.fundacionmdp.org\/ca\/wp-json\/wp\/v2\/types\/post"}],"author":[{"embeddable":true,"href":"https:\/\/www.fundacionmdp.org\/ca\/wp-json\/wp\/v2\/users\/29"}],"replies":[{"embeddable":true,"href":"https:\/\/www.fundacionmdp.org\/ca\/wp-json\/wp\/v2\/comments?post=11880"}],"version-history":[{"count":4,"href":"https:\/\/www.fundacionmdp.org\/ca\/wp-json\/wp\/v2\/posts\/11880\/revisions"}],"predecessor-version":[{"id":11885,"href":"https:\/\/www.fundacionmdp.org\/ca\/wp-json\/wp\/v2\/posts\/11880\/revisions\/11885"}],"wp:featuredmedia":[{"embeddable":true,"href":"https:\/\/www.fundacionmdp.org\/ca\/wp-json\/wp\/v2\/media\/11905"}],"wp:attachment":[{"href":"https:\/\/www.fundacionmdp.org\/ca\/wp-json\/wp\/v2\/media?parent=11880"}],"wp:term":[{"taxonomy":"category","embeddable":true,"href":"https:\/\/www.fundacionmdp.org\/ca\/wp-json\/wp\/v2\/categories?post=11880"},{"taxonomy":"post_tag","embeddable":true,"href":"https:\/\/www.fundacionmdp.org\/ca\/wp-json\/wp\/v2\/tags?post=11880"}],"curies":[{"name":"wp","href":"https:\/\/api.w.org\/{rel}","templated":true}]}}