{"id":11944,"date":"2025-09-29T12:14:20","date_gmt":"2025-09-29T10:14:20","guid":{"rendered":"https:\/\/www.fundacionmdp.org\/?p=11944"},"modified":"2025-09-29T12:14:10","modified_gmt":"2025-09-29T10:14:10","slug":"el-77-dels-majors-de-65-anys-amb-mobilitat-reduida-ensopega-diariament-amb-barreres-arquitectoniques","status":"publish","type":"post","link":"https:\/\/www.fundacionmdp.org\/ca\/el-77-dels-majors-de-65-anys-amb-mobilitat-reduida-ensopega-diariament-amb-barreres-arquitectoniques\/","title":{"rendered":"EL 77% DELS MAJORS DE 65 ANYS AMB MOBILITAT REDU\u00cfDA ENSOPEGA DI\u00c0RIAMENT AMB BARRERES ARQUITECT\u00d2NIQUES"},"content":{"rendered":"\n<p>Un 77% dels majors de 65 anys amb mobilitat redu\u00efda ensopega di\u00e0riament amb barreres arquitect\u00f2niques. Una situaci\u00f3 que dificulta la seva mobilitat f\u00edsica i afecta directament a la vida social (68%), l&#8217;oci (52%) i les activitats dom\u00e8stiques (44%).<\/p>\n\n\n\n<p>Aix\u00ed ho recull l&#8217;informe \u201cSumant Veus\u201d elaborat per la Fundaci\u00f3 Mutua de Propietarios amb la col\u00b7laboraci\u00f3 de\u00a0COCEMFE\u00a0que analitza diferents aspectes relacionats amb l&#8217;entorn i la vida quotidiana dels m\u00e9s de 1,6 milions d&#8217;espanyols majors de 65 anys amb discapacitat f\u00edsica i org\u00e0nica*.<\/p>\n\n\n\n<p>D&#8217;acord amb l&#8217;estudi, un 78% dels majors de 65 anys amb problemes de mobilitat redu\u00efda s&#8217;ha sentit obligat a renunciar a plans amb les seves amistats a causa de l&#8217;exist\u00e8ncia de barreres arquitect\u00f2niques al seu entorn. Una situaci\u00f3 que tamb\u00e9 ha sofert un 77% d&#8217;aquest col\u00b7lectiu en l&#8217;\u00e0mbit de la fam\u00edlia, i un 51% en l&#8217;entorn ve\u00efnal.<\/p>\n\n\n<div class=\"wp-block-image\">\n<figure class=\"alignright size-full\"><img fetchpriority=\"high\" decoding=\"async\" width=\"297\" height=\"205\" src=\"https:\/\/www.fundacionmdp.org\/wp-content\/uploads\/2025\/09\/Imagen1.png\" alt=\"\" class=\"wp-image-11939\"\/><\/figure>\n<\/div>\n\n\n<p>\u00a0\u201cEn una societat envellida amb una esperan\u00e7a de vida creixent, l&#8217;accessibilitat continua sent una assignatura pendent al nostre pa\u00eds que condiciona de manera important la vida quotidiana de la gent gran\u201d, afirma Cristina Pall\u00e0s, directora de la Fundaci\u00f3 Mutua de Propietarios.<\/p>\n\n\n\n<p>I \u00e9s que, els majors de 65 anys consideren que el seu nivell mitj\u00e0 d&#8217;autonomia \u00e9s de 4,92 sobre 10, un suspens que posa sobre la taula la necessitat d&#8217;avan\u00e7ar en l&#8217;eliminaci\u00f3 de les barreres arquitect\u00f2niques. En aquest sentit, l&#8217;informe recull que nom\u00e9s un de cada quatre habitatges (27%) en els quals resideixen persones grans amb mobilitat redu\u00efda estan totalment adaptats a les seves necessitats, la qual cosa suposa una important barrera per a la seva autonomia personal.<\/p>\n\n\n\n<p>\u00c9s precisament en les tasques dom\u00e8stiques quotidianes \u2013 neteja, bugada\u2026- on es detecten les principals dificultats que deriven en una major depend\u00e8ncia. L&#8217;informe \u201cSumant Veus\u201d assenyala que un 47% de les persones grans amb mobilitat redu\u00efda declara no poder realitzar-les per si mateix i un 27% les fa amb molta dificultat. Aix\u00ed mateix, un 35% afirma que a causa d&#8217;aquestes barreres al seu habitatge no pot cuinar per si mateix i un 20% assegura que no pot dur a terme accions d&#8217;autocura -higiene, medicaci\u00f3\u2026-.<\/p>\n\n\n\n<p>&nbsp;\u201cLes persones grans amb discapacitat f\u00edsica i org\u00e0nica viuen situacions de discriminaci\u00f3 m\u00faltiple, derivades no solament de l&#8217;edat i la discapacitat, sin\u00f3 tamb\u00e9 d&#8217;un entorn f\u00edsic, social i econ\u00f2mic que no respon a les seves necessitats\u201d, assegura el president de&nbsp;COCEMFE,&nbsp;Anxo&nbsp;Queiruga, destacant que &#8220;les barreres f\u00edsiques i la falta de suports adequats limiten la seva autonomia i la seva qualitat de vida\u201d.<\/p>\n\n\n\n<p><strong><em>Depend\u00e8ncia familiar<\/em><\/strong><\/p>\n\n\n\n<p>Davant aquesta situaci\u00f3, l&#8217;informe \u201cSumant Veus\u201d revela una notable depend\u00e8ncia de l&#8217;entorn social m\u00e9s pr\u00f2xim i un acc\u00e9s limitat als serveis d&#8217;atenci\u00f3 professional o institucional. En concret, la principal font de suport de la gent gran \u00e9s un familiar o amic amb qui conviu (75%), el 34% recorre a personal extern remunerat i un 11% compta amb suport de familiars que no viuen a la mateixa llar. Finalment, un 5% no disposa de cap mena d&#8217;ajuda per a afrontar les seves activitats quotidianes i un 4% recorre als Serveis Socials.<\/p>\n\n\n\n<p><br>Per a&nbsp;Queiruga, \u201caquest estudi evidencia que impulsar l&#8217;accessibilitat universal i els suports professionals i comunitaris ha de ser una prioritat inajornable en l&#8217;agenda social i pol\u00edtica perqu\u00e8 les persones grans puguin viure amb la major independ\u00e8ncia i dignitat possible\u201d.<\/p>\n\n\n\n<p><br>\u201cEl paper de la fam\u00edlia i els amics \u00e9s fonamental perqu\u00e8 les persones grans amb mobilitat redu\u00efda mantinguin la seva autonomia i la seva participaci\u00f3 en la societat, per\u00f2 aquest esfor\u00e7 no pot recaure \u00fanicament en l&#8217;entorn m\u00e9s pr\u00f2xim. \u00c9s necessari un comprom\u00eds col\u00b7lectiu per a transformar habitatges, edificis i ciutats en espais accessibles, segurs i lliures de barreres arquitect\u00f2niques que garanteixin la plena inclusi\u00f3 de les persones grans i millorin el seu benestar i qualitat de vida\u201d, conclou Cristina Pall\u00e0s.<\/p>\n","protected":false},"excerpt":{"rendered":"<p>Un 77% dels majors de 65 anys amb mobilitat redu\u00efda ensopega di\u00e0riament amb barreres arquitect\u00f2niques. Una situaci\u00f3 que dificulta la seva mobilitat f\u00edsica i afecta directament a la vida social (68%), l&#8217;oci (52%) i les activitats dom\u00e8stiques (44%). Aix\u00ed ho recull l&#8217;informe \u201cSumant Veus\u201d elaborat per la Fundaci\u00f3 Mutua de Propietarios amb la col\u00b7laboraci\u00f3 de\u00a0COCEMFE\u00a0que [&hellip;]<\/p>\n","protected":false},"author":29,"featured_media":11943,"comment_status":"open","ping_status":"open","sticky":false,"template":"","format":"standard","meta":{"_acf_changed":false,"ocean_post_layout":"","ocean_both_sidebars_style":"","ocean_both_sidebars_content_width":0,"ocean_both_sidebars_sidebars_width":0,"ocean_sidebar":"","ocean_second_sidebar":"","ocean_disable_margins":"enable","ocean_add_body_class":"","ocean_shortcode_before_top_bar":"","ocean_shortcode_after_top_bar":"","ocean_shortcode_before_header":"","ocean_shortcode_after_header":"","ocean_has_shortcode":"","ocean_shortcode_after_title":"","ocean_shortcode_before_footer_widgets":"","ocean_shortcode_after_footer_widgets":"","ocean_shortcode_before_footer_bottom":"","ocean_shortcode_after_footer_bottom":"","ocean_display_top_bar":"default","ocean_display_header":"default","ocean_header_style":"","ocean_center_header_left_menu":"","ocean_custom_header_template":"","ocean_custom_logo":0,"ocean_custom_retina_logo":0,"ocean_custom_logo_max_width":0,"ocean_custom_logo_tablet_max_width":0,"ocean_custom_logo_mobile_max_width":0,"ocean_custom_logo_max_height":0,"ocean_custom_logo_tablet_max_height":0,"ocean_custom_logo_mobile_max_height":0,"ocean_header_custom_menu":"","ocean_menu_typo_font_family":"","ocean_menu_typo_font_subset":"","ocean_menu_typo_font_size":0,"ocean_menu_typo_font_size_tablet":0,"ocean_menu_typo_font_size_mobile":0,"ocean_menu_typo_font_size_unit":"px","ocean_menu_typo_font_weight":"","ocean_menu_typo_font_weight_tablet":"","ocean_menu_typo_font_weight_mobile":"","ocean_menu_typo_transform":"","ocean_menu_typo_transform_tablet":"","ocean_menu_typo_transform_mobile":"","ocean_menu_typo_line_height":0,"ocean_menu_typo_line_height_tablet":0,"ocean_menu_typo_line_height_mobile":0,"ocean_menu_typo_line_height_unit":"","ocean_menu_typo_spacing":0,"ocean_menu_typo_spacing_tablet":0,"ocean_menu_typo_spacing_mobile":0,"ocean_menu_typo_spacing_unit":"","ocean_menu_link_color":"","ocean_menu_link_color_hover":"","ocean_menu_link_color_active":"","ocean_menu_link_background":"","ocean_menu_link_hover_background":"","ocean_menu_link_active_background":"","ocean_menu_social_links_bg":"","ocean_menu_social_hover_links_bg":"","ocean_menu_social_links_color":"","ocean_menu_social_hover_links_color":"","ocean_disable_title":"default","ocean_disable_heading":"default","ocean_post_title":"","ocean_post_subheading":"","ocean_post_title_style":"","ocean_post_title_background_color":"","ocean_post_title_background":0,"ocean_post_title_bg_image_position":"","ocean_post_title_bg_image_attachment":"","ocean_post_title_bg_image_repeat":"","ocean_post_title_bg_image_size":"","ocean_post_title_height":0,"ocean_post_title_bg_overlay":0.5,"ocean_post_title_bg_overlay_color":"","ocean_disable_breadcrumbs":"default","ocean_breadcrumbs_color":"","ocean_breadcrumbs_separator_color":"","ocean_breadcrumbs_links_color":"","ocean_breadcrumbs_links_hover_color":"","ocean_display_footer_widgets":"default","ocean_display_footer_bottom":"default","ocean_custom_footer_template":"","ocean_post_oembed":"","ocean_post_self_hosted_media":"","ocean_post_video_embed":"","ocean_link_format":"","ocean_link_format_target":"self","ocean_quote_format":"","ocean_quote_format_link":"post","ocean_gallery_link_images":"on","ocean_gallery_id":[],"footnotes":""},"categories":[1],"tags":[],"class_list":["post-11944","post","type-post","status-publish","format-standard","has-post-thumbnail","hentry","category-sin-categorizar","entry","has-media"],"acf":[],"yoast_head":"<!-- This site is optimized with the Yoast SEO plugin v27.3 - https:\/\/yoast.com\/product\/yoast-seo-wordpress\/ -->\n<title>EL 77% DELS MAJORS DE 65 ANYS AMB MOBILITAT REDU\u00cfDA ENSOPEGA DI\u00c0RIAMENT AMB BARRERES ARQUITECT\u00d2NIQUES - Fundaci\u00f3n Mutua de Propietarios<\/title>\n<meta name=\"description\" content=\"Un 77% dels majors de 65 anys amb mobilitat redu\u00efda ensopega di\u00e0riament amb barreres arquitect\u00f2niques. Una situaci\u00f3 que dificulta la seva mobilitat f\u00edsica i afecta directament a la vida social (68%), l&#039;oci (52%) i les activitats dom\u00e8stiques (44%).\" \/>\n<meta name=\"robots\" content=\"index, follow, max-snippet:-1, max-image-preview:large, max-video-preview:-1\" \/>\n<link rel=\"canonical\" href=\"https:\/\/www.fundacionmdp.org\/ca\/el-77-dels-majors-de-65-anys-amb-mobilitat-reduida-ensopega-diariament-amb-barreres-arquitectoniques\/\" \/>\n<meta property=\"og:locale\" content=\"ca_ES\" \/>\n<meta property=\"og:type\" content=\"article\" \/>\n<meta property=\"og:title\" content=\"EL 77% DELS MAJORS DE 65 ANYS AMB MOBILITAT REDU\u00cfDA ENSOPEGA DI\u00c0RIAMENT AMB BARRERES ARQUITECT\u00d2NIQUES - Fundaci\u00f3n Mutua de Propietarios\" \/>\n<meta property=\"og:description\" content=\"Un 77% dels majors de 65 anys amb mobilitat redu\u00efda ensopega di\u00e0riament amb barreres arquitect\u00f2niques. Una situaci\u00f3 que dificulta la seva mobilitat f\u00edsica i afecta directament a la vida social (68%), l&#039;oci (52%) i les activitats dom\u00e8stiques (44%).\" \/>\n<meta property=\"og:url\" content=\"https:\/\/www.fundacionmdp.org\/ca\/el-77-dels-majors-de-65-anys-amb-mobilitat-reduida-ensopega-diariament-amb-barreres-arquitectoniques\/\" \/>\n<meta property=\"og:site_name\" content=\"Fundaci\u00f3n Mutua de Propietarios\" \/>\n<meta property=\"article:published_time\" content=\"2025-09-29T10:14:20+00:00\" \/>\n<meta property=\"og:image\" content=\"https:\/\/www.fundacionmdp.org\/wp-content\/uploads\/2025\/09\/shutterstock_2331647225-scaled.jpg\" \/>\n\t<meta property=\"og:image:width\" content=\"2560\" \/>\n\t<meta property=\"og:image:height\" content=\"1707\" \/>\n\t<meta property=\"og:image:type\" content=\"image\/jpeg\" \/>\n<meta name=\"author\" content=\"consultinglasker@gmail.com\" \/>\n<meta name=\"twitter:card\" content=\"summary_large_image\" \/>\n<meta name=\"twitter:label1\" content=\"Escrit per\" \/>\n\t<meta name=\"twitter:data1\" content=\"consultinglasker@gmail.com\" \/>\n\t<meta name=\"twitter:label2\" content=\"Temps estimat de lectura\" \/>\n\t<meta name=\"twitter:data2\" content=\"4 minuts\" \/>\n<script type=\"application\/ld+json\" class=\"yoast-schema-graph\">{\"@context\":\"https:\\\/\\\/schema.org\",\"@graph\":[{\"@type\":\"Article\",\"@id\":\"https:\\\/\\\/www.fundacionmdp.org\\\/ca\\\/el-77-dels-majors-de-65-anys-amb-mobilitat-reduida-ensopega-diariament-amb-barreres-arquitectoniques\\\/#article\",\"isPartOf\":{\"@id\":\"https:\\\/\\\/www.fundacionmdp.org\\\/ca\\\/el-77-dels-majors-de-65-anys-amb-mobilitat-reduida-ensopega-diariament-amb-barreres-arquitectoniques\\\/\"},\"author\":{\"name\":\"consultinglasker@gmail.com\",\"@id\":\"https:\\\/\\\/www.fundacionmdp.org\\\/#\\\/schema\\\/person\\\/0a0491f126b8cd8387f8f0da72129079\"},\"headline\":\"EL 77% DELS MAJORS DE 65 ANYS AMB MOBILITAT REDU\u00cfDA ENSOPEGA DI\u00c0RIAMENT AMB BARRERES ARQUITECT\u00d2NIQUES\",\"datePublished\":\"2025-09-29T10:14:20+00:00\",\"mainEntityOfPage\":{\"@id\":\"https:\\\/\\\/www.fundacionmdp.org\\\/ca\\\/el-77-dels-majors-de-65-anys-amb-mobilitat-reduida-ensopega-diariament-amb-barreres-arquitectoniques\\\/\"},\"wordCount\":691,\"commentCount\":0,\"publisher\":{\"@id\":\"https:\\\/\\\/www.fundacionmdp.org\\\/#organization\"},\"image\":{\"@id\":\"https:\\\/\\\/www.fundacionmdp.org\\\/ca\\\/el-77-dels-majors-de-65-anys-amb-mobilitat-reduida-ensopega-diariament-amb-barreres-arquitectoniques\\\/#primaryimage\"},\"thumbnailUrl\":\"https:\\\/\\\/www.fundacionmdp.org\\\/wp-content\\\/uploads\\\/2025\\\/09\\\/shutterstock_2331647225-scaled.jpg\",\"articleSection\":[\"Sin categorizar\"],\"inLanguage\":\"ca\",\"potentialAction\":[{\"@type\":\"CommentAction\",\"name\":\"Comment\",\"target\":[\"https:\\\/\\\/www.fundacionmdp.org\\\/ca\\\/el-77-dels-majors-de-65-anys-amb-mobilitat-reduida-ensopega-diariament-amb-barreres-arquitectoniques\\\/#respond\"]}]},{\"@type\":\"WebPage\",\"@id\":\"https:\\\/\\\/www.fundacionmdp.org\\\/ca\\\/el-77-dels-majors-de-65-anys-amb-mobilitat-reduida-ensopega-diariament-amb-barreres-arquitectoniques\\\/\",\"url\":\"https:\\\/\\\/www.fundacionmdp.org\\\/ca\\\/el-77-dels-majors-de-65-anys-amb-mobilitat-reduida-ensopega-diariament-amb-barreres-arquitectoniques\\\/\",\"name\":\"EL 77% DELS MAJORS DE 65 ANYS AMB MOBILITAT REDU\u00cfDA ENSOPEGA DI\u00c0RIAMENT AMB BARRERES ARQUITECT\u00d2NIQUES - Fundaci\u00f3n Mutua de Propietarios\",\"isPartOf\":{\"@id\":\"https:\\\/\\\/www.fundacionmdp.org\\\/#website\"},\"primaryImageOfPage\":{\"@id\":\"https:\\\/\\\/www.fundacionmdp.org\\\/ca\\\/el-77-dels-majors-de-65-anys-amb-mobilitat-reduida-ensopega-diariament-amb-barreres-arquitectoniques\\\/#primaryimage\"},\"image\":{\"@id\":\"https:\\\/\\\/www.fundacionmdp.org\\\/ca\\\/el-77-dels-majors-de-65-anys-amb-mobilitat-reduida-ensopega-diariament-amb-barreres-arquitectoniques\\\/#primaryimage\"},\"thumbnailUrl\":\"https:\\\/\\\/www.fundacionmdp.org\\\/wp-content\\\/uploads\\\/2025\\\/09\\\/shutterstock_2331647225-scaled.jpg\",\"datePublished\":\"2025-09-29T10:14:20+00:00\",\"description\":\"Un 77% dels majors de 65 anys amb mobilitat redu\u00efda ensopega di\u00e0riament amb barreres arquitect\u00f2niques. Una situaci\u00f3 que dificulta la seva mobilitat f\u00edsica i afecta directament a la vida social (68%), l'oci (52%) i les activitats dom\u00e8stiques (44%).\",\"breadcrumb\":{\"@id\":\"https:\\\/\\\/www.fundacionmdp.org\\\/ca\\\/el-77-dels-majors-de-65-anys-amb-mobilitat-reduida-ensopega-diariament-amb-barreres-arquitectoniques\\\/#breadcrumb\"},\"inLanguage\":\"ca\",\"potentialAction\":[{\"@type\":\"ReadAction\",\"target\":[\"https:\\\/\\\/www.fundacionmdp.org\\\/ca\\\/el-77-dels-majors-de-65-anys-amb-mobilitat-reduida-ensopega-diariament-amb-barreres-arquitectoniques\\\/\"]}]},{\"@type\":\"ImageObject\",\"inLanguage\":\"ca\",\"@id\":\"https:\\\/\\\/www.fundacionmdp.org\\\/ca\\\/el-77-dels-majors-de-65-anys-amb-mobilitat-reduida-ensopega-diariament-amb-barreres-arquitectoniques\\\/#primaryimage\",\"url\":\"https:\\\/\\\/www.fundacionmdp.org\\\/wp-content\\\/uploads\\\/2025\\\/09\\\/shutterstock_2331647225-scaled.jpg\",\"contentUrl\":\"https:\\\/\\\/www.fundacionmdp.org\\\/wp-content\\\/uploads\\\/2025\\\/09\\\/shutterstock_2331647225-scaled.jpg\",\"width\":2560,\"height\":1707},{\"@type\":\"BreadcrumbList\",\"@id\":\"https:\\\/\\\/www.fundacionmdp.org\\\/ca\\\/el-77-dels-majors-de-65-anys-amb-mobilitat-reduida-ensopega-diariament-amb-barreres-arquitectoniques\\\/#breadcrumb\",\"itemListElement\":[{\"@type\":\"ListItem\",\"position\":1,\"name\":\"Home\",\"item\":\"https:\\\/\\\/www.fundacionmdp.org\\\/ca\\\/\"},{\"@type\":\"ListItem\",\"position\":2,\"name\":\"EL 77% DELS MAJORS DE 65 ANYS AMB MOBILITAT REDU\u00cfDA ENSOPEGA DI\u00c0RIAMENT AMB BARRERES ARQUITECT\u00d2NIQUES\"}]},{\"@type\":\"WebSite\",\"@id\":\"https:\\\/\\\/www.fundacionmdp.org\\\/#website\",\"url\":\"https:\\\/\\\/www.fundacionmdp.org\\\/\",\"name\":\"Fundaci\u00f3n Mutua de Propietarios\",\"description\":\"En la Fundaci\u00f3n Mutua de Propietarios te ayudamos a convertir tu edificio de viviendas en un espacio sin barreras arquitect\u00f3nicas.\",\"publisher\":{\"@id\":\"https:\\\/\\\/www.fundacionmdp.org\\\/#organization\"},\"potentialAction\":[{\"@type\":\"SearchAction\",\"target\":{\"@type\":\"EntryPoint\",\"urlTemplate\":\"https:\\\/\\\/www.fundacionmdp.org\\\/?s={search_term_string}\"},\"query-input\":{\"@type\":\"PropertyValueSpecification\",\"valueRequired\":true,\"valueName\":\"search_term_string\"}}],\"inLanguage\":\"ca\"},{\"@type\":\"Organization\",\"@id\":\"https:\\\/\\\/www.fundacionmdp.org\\\/#organization\",\"name\":\"Fundaci\u00f3n Mutua de Propietarios\",\"url\":\"https:\\\/\\\/www.fundacionmdp.org\\\/\",\"logo\":{\"@type\":\"ImageObject\",\"inLanguage\":\"ca\",\"@id\":\"https:\\\/\\\/www.fundacionmdp.org\\\/#\\\/schema\\\/logo\\\/image\\\/\",\"url\":\"https:\\\/\\\/www.fundacionmdp.org\\\/wp-content\\\/uploads\\\/2023\\\/05\\\/logo_FMdP_cat.png\",\"contentUrl\":\"https:\\\/\\\/www.fundacionmdp.org\\\/wp-content\\\/uploads\\\/2023\\\/05\\\/logo_FMdP_cat.png\",\"width\":655,\"height\":297,\"caption\":\"Fundaci\u00f3n Mutua de Propietarios\"},\"image\":{\"@id\":\"https:\\\/\\\/www.fundacionmdp.org\\\/#\\\/schema\\\/logo\\\/image\\\/\"}},{\"@type\":\"Person\",\"@id\":\"https:\\\/\\\/www.fundacionmdp.org\\\/#\\\/schema\\\/person\\\/0a0491f126b8cd8387f8f0da72129079\",\"name\":\"consultinglasker@gmail.com\",\"image\":{\"@type\":\"ImageObject\",\"inLanguage\":\"ca\",\"@id\":\"https:\\\/\\\/secure.gravatar.com\\\/avatar\\\/7a939fbe5ab9abbba5f8a779e3054b4bee69cfadd53950db933d836ae1fc6281?s=96&d=mm&r=g\",\"url\":\"https:\\\/\\\/secure.gravatar.com\\\/avatar\\\/7a939fbe5ab9abbba5f8a779e3054b4bee69cfadd53950db933d836ae1fc6281?s=96&d=mm&r=g\",\"contentUrl\":\"https:\\\/\\\/secure.gravatar.com\\\/avatar\\\/7a939fbe5ab9abbba5f8a779e3054b4bee69cfadd53950db933d836ae1fc6281?s=96&d=mm&r=g\",\"caption\":\"consultinglasker@gmail.com\"},\"url\":\"https:\\\/\\\/www.fundacionmdp.org\\\/ca\\\/author\\\/consultinglaskergmail-com\\\/\"}]}<\/script>\n<!-- \/ Yoast SEO plugin. -->","yoast_head_json":{"title":"EL 77% DELS MAJORS DE 65 ANYS AMB MOBILITAT REDU\u00cfDA ENSOPEGA DI\u00c0RIAMENT AMB BARRERES ARQUITECT\u00d2NIQUES - Fundaci\u00f3n Mutua de Propietarios","description":"Un 77% dels majors de 65 anys amb mobilitat redu\u00efda ensopega di\u00e0riament amb barreres arquitect\u00f2niques. Una situaci\u00f3 que dificulta la seva mobilitat f\u00edsica i afecta directament a la vida social (68%), l'oci (52%) i les activitats dom\u00e8stiques (44%).","robots":{"index":"index","follow":"follow","max-snippet":"max-snippet:-1","max-image-preview":"max-image-preview:large","max-video-preview":"max-video-preview:-1"},"canonical":"https:\/\/www.fundacionmdp.org\/ca\/el-77-dels-majors-de-65-anys-amb-mobilitat-reduida-ensopega-diariament-amb-barreres-arquitectoniques\/","og_locale":"ca_ES","og_type":"article","og_title":"EL 77% DELS MAJORS DE 65 ANYS AMB MOBILITAT REDU\u00cfDA ENSOPEGA DI\u00c0RIAMENT AMB BARRERES ARQUITECT\u00d2NIQUES - Fundaci\u00f3n Mutua de Propietarios","og_description":"Un 77% dels majors de 65 anys amb mobilitat redu\u00efda ensopega di\u00e0riament amb barreres arquitect\u00f2niques. Una situaci\u00f3 que dificulta la seva mobilitat f\u00edsica i afecta directament a la vida social (68%), l'oci (52%) i les activitats dom\u00e8stiques (44%).","og_url":"https:\/\/www.fundacionmdp.org\/ca\/el-77-dels-majors-de-65-anys-amb-mobilitat-reduida-ensopega-diariament-amb-barreres-arquitectoniques\/","og_site_name":"Fundaci\u00f3n Mutua de Propietarios","article_published_time":"2025-09-29T10:14:20+00:00","og_image":[{"width":2560,"height":1707,"url":"https:\/\/www.fundacionmdp.org\/wp-content\/uploads\/2025\/09\/shutterstock_2331647225-scaled.jpg","type":"image\/jpeg"}],"author":"consultinglasker@gmail.com","twitter_card":"summary_large_image","twitter_misc":{"Escrit per":"consultinglasker@gmail.com","Temps estimat de lectura":"4 minuts"},"schema":{"@context":"https:\/\/schema.org","@graph":[{"@type":"Article","@id":"https:\/\/www.fundacionmdp.org\/ca\/el-77-dels-majors-de-65-anys-amb-mobilitat-reduida-ensopega-diariament-amb-barreres-arquitectoniques\/#article","isPartOf":{"@id":"https:\/\/www.fundacionmdp.org\/ca\/el-77-dels-majors-de-65-anys-amb-mobilitat-reduida-ensopega-diariament-amb-barreres-arquitectoniques\/"},"author":{"name":"consultinglasker@gmail.com","@id":"https:\/\/www.fundacionmdp.org\/#\/schema\/person\/0a0491f126b8cd8387f8f0da72129079"},"headline":"EL 77% DELS MAJORS DE 65 ANYS AMB MOBILITAT REDU\u00cfDA ENSOPEGA DI\u00c0RIAMENT AMB BARRERES ARQUITECT\u00d2NIQUES","datePublished":"2025-09-29T10:14:20+00:00","mainEntityOfPage":{"@id":"https:\/\/www.fundacionmdp.org\/ca\/el-77-dels-majors-de-65-anys-amb-mobilitat-reduida-ensopega-diariament-amb-barreres-arquitectoniques\/"},"wordCount":691,"commentCount":0,"publisher":{"@id":"https:\/\/www.fundacionmdp.org\/#organization"},"image":{"@id":"https:\/\/www.fundacionmdp.org\/ca\/el-77-dels-majors-de-65-anys-amb-mobilitat-reduida-ensopega-diariament-amb-barreres-arquitectoniques\/#primaryimage"},"thumbnailUrl":"https:\/\/www.fundacionmdp.org\/wp-content\/uploads\/2025\/09\/shutterstock_2331647225-scaled.jpg","articleSection":["Sin categorizar"],"inLanguage":"ca","potentialAction":[{"@type":"CommentAction","name":"Comment","target":["https:\/\/www.fundacionmdp.org\/ca\/el-77-dels-majors-de-65-anys-amb-mobilitat-reduida-ensopega-diariament-amb-barreres-arquitectoniques\/#respond"]}]},{"@type":"WebPage","@id":"https:\/\/www.fundacionmdp.org\/ca\/el-77-dels-majors-de-65-anys-amb-mobilitat-reduida-ensopega-diariament-amb-barreres-arquitectoniques\/","url":"https:\/\/www.fundacionmdp.org\/ca\/el-77-dels-majors-de-65-anys-amb-mobilitat-reduida-ensopega-diariament-amb-barreres-arquitectoniques\/","name":"EL 77% DELS MAJORS DE 65 ANYS AMB MOBILITAT REDU\u00cfDA ENSOPEGA DI\u00c0RIAMENT AMB BARRERES ARQUITECT\u00d2NIQUES - Fundaci\u00f3n Mutua de Propietarios","isPartOf":{"@id":"https:\/\/www.fundacionmdp.org\/#website"},"primaryImageOfPage":{"@id":"https:\/\/www.fundacionmdp.org\/ca\/el-77-dels-majors-de-65-anys-amb-mobilitat-reduida-ensopega-diariament-amb-barreres-arquitectoniques\/#primaryimage"},"image":{"@id":"https:\/\/www.fundacionmdp.org\/ca\/el-77-dels-majors-de-65-anys-amb-mobilitat-reduida-ensopega-diariament-amb-barreres-arquitectoniques\/#primaryimage"},"thumbnailUrl":"https:\/\/www.fundacionmdp.org\/wp-content\/uploads\/2025\/09\/shutterstock_2331647225-scaled.jpg","datePublished":"2025-09-29T10:14:20+00:00","description":"Un 77% dels majors de 65 anys amb mobilitat redu\u00efda ensopega di\u00e0riament amb barreres arquitect\u00f2niques. Una situaci\u00f3 que dificulta la seva mobilitat f\u00edsica i afecta directament a la vida social (68%), l'oci (52%) i les activitats dom\u00e8stiques (44%).","breadcrumb":{"@id":"https:\/\/www.fundacionmdp.org\/ca\/el-77-dels-majors-de-65-anys-amb-mobilitat-reduida-ensopega-diariament-amb-barreres-arquitectoniques\/#breadcrumb"},"inLanguage":"ca","potentialAction":[{"@type":"ReadAction","target":["https:\/\/www.fundacionmdp.org\/ca\/el-77-dels-majors-de-65-anys-amb-mobilitat-reduida-ensopega-diariament-amb-barreres-arquitectoniques\/"]}]},{"@type":"ImageObject","inLanguage":"ca","@id":"https:\/\/www.fundacionmdp.org\/ca\/el-77-dels-majors-de-65-anys-amb-mobilitat-reduida-ensopega-diariament-amb-barreres-arquitectoniques\/#primaryimage","url":"https:\/\/www.fundacionmdp.org\/wp-content\/uploads\/2025\/09\/shutterstock_2331647225-scaled.jpg","contentUrl":"https:\/\/www.fundacionmdp.org\/wp-content\/uploads\/2025\/09\/shutterstock_2331647225-scaled.jpg","width":2560,"height":1707},{"@type":"BreadcrumbList","@id":"https:\/\/www.fundacionmdp.org\/ca\/el-77-dels-majors-de-65-anys-amb-mobilitat-reduida-ensopega-diariament-amb-barreres-arquitectoniques\/#breadcrumb","itemListElement":[{"@type":"ListItem","position":1,"name":"Home","item":"https:\/\/www.fundacionmdp.org\/ca\/"},{"@type":"ListItem","position":2,"name":"EL 77% DELS MAJORS DE 65 ANYS AMB MOBILITAT REDU\u00cfDA ENSOPEGA DI\u00c0RIAMENT AMB BARRERES ARQUITECT\u00d2NIQUES"}]},{"@type":"WebSite","@id":"https:\/\/www.fundacionmdp.org\/#website","url":"https:\/\/www.fundacionmdp.org\/","name":"Fundaci\u00f3n Mutua de Propietarios","description":"En la Fundaci\u00f3n Mutua de Propietarios te ayudamos a convertir tu edificio de viviendas en un espacio sin barreras arquitect\u00f3nicas.","publisher":{"@id":"https:\/\/www.fundacionmdp.org\/#organization"},"potentialAction":[{"@type":"SearchAction","target":{"@type":"EntryPoint","urlTemplate":"https:\/\/www.fundacionmdp.org\/?s={search_term_string}"},"query-input":{"@type":"PropertyValueSpecification","valueRequired":true,"valueName":"search_term_string"}}],"inLanguage":"ca"},{"@type":"Organization","@id":"https:\/\/www.fundacionmdp.org\/#organization","name":"Fundaci\u00f3n Mutua de Propietarios","url":"https:\/\/www.fundacionmdp.org\/","logo":{"@type":"ImageObject","inLanguage":"ca","@id":"https:\/\/www.fundacionmdp.org\/#\/schema\/logo\/image\/","url":"https:\/\/www.fundacionmdp.org\/wp-content\/uploads\/2023\/05\/logo_FMdP_cat.png","contentUrl":"https:\/\/www.fundacionmdp.org\/wp-content\/uploads\/2023\/05\/logo_FMdP_cat.png","width":655,"height":297,"caption":"Fundaci\u00f3n Mutua de Propietarios"},"image":{"@id":"https:\/\/www.fundacionmdp.org\/#\/schema\/logo\/image\/"}},{"@type":"Person","@id":"https:\/\/www.fundacionmdp.org\/#\/schema\/person\/0a0491f126b8cd8387f8f0da72129079","name":"consultinglasker@gmail.com","image":{"@type":"ImageObject","inLanguage":"ca","@id":"https:\/\/secure.gravatar.com\/avatar\/7a939fbe5ab9abbba5f8a779e3054b4bee69cfadd53950db933d836ae1fc6281?s=96&d=mm&r=g","url":"https:\/\/secure.gravatar.com\/avatar\/7a939fbe5ab9abbba5f8a779e3054b4bee69cfadd53950db933d836ae1fc6281?s=96&d=mm&r=g","contentUrl":"https:\/\/secure.gravatar.com\/avatar\/7a939fbe5ab9abbba5f8a779e3054b4bee69cfadd53950db933d836ae1fc6281?s=96&d=mm&r=g","caption":"consultinglasker@gmail.com"},"url":"https:\/\/www.fundacionmdp.org\/ca\/author\/consultinglaskergmail-com\/"}]}},"_links":{"self":[{"href":"https:\/\/www.fundacionmdp.org\/ca\/wp-json\/wp\/v2\/posts\/11944","targetHints":{"allow":["GET"]}}],"collection":[{"href":"https:\/\/www.fundacionmdp.org\/ca\/wp-json\/wp\/v2\/posts"}],"about":[{"href":"https:\/\/www.fundacionmdp.org\/ca\/wp-json\/wp\/v2\/types\/post"}],"author":[{"embeddable":true,"href":"https:\/\/www.fundacionmdp.org\/ca\/wp-json\/wp\/v2\/users\/29"}],"replies":[{"embeddable":true,"href":"https:\/\/www.fundacionmdp.org\/ca\/wp-json\/wp\/v2\/comments?post=11944"}],"version-history":[{"count":1,"href":"https:\/\/www.fundacionmdp.org\/ca\/wp-json\/wp\/v2\/posts\/11944\/revisions"}],"predecessor-version":[{"id":11945,"href":"https:\/\/www.fundacionmdp.org\/ca\/wp-json\/wp\/v2\/posts\/11944\/revisions\/11945"}],"wp:featuredmedia":[{"embeddable":true,"href":"https:\/\/www.fundacionmdp.org\/ca\/wp-json\/wp\/v2\/media\/11943"}],"wp:attachment":[{"href":"https:\/\/www.fundacionmdp.org\/ca\/wp-json\/wp\/v2\/media?parent=11944"}],"wp:term":[{"taxonomy":"category","embeddable":true,"href":"https:\/\/www.fundacionmdp.org\/ca\/wp-json\/wp\/v2\/categories?post=11944"},{"taxonomy":"post_tag","embeddable":true,"href":"https:\/\/www.fundacionmdp.org\/ca\/wp-json\/wp\/v2\/tags?post=11944"}],"curies":[{"name":"wp","href":"https:\/\/api.w.org\/{rel}","templated":true}]}}