{"id":11953,"date":"2025-10-01T10:46:42","date_gmt":"2025-10-01T08:46:42","guid":{"rendered":"https:\/\/www.fundacionmdp.org\/?p=11953"},"modified":"2025-10-01T10:49:37","modified_gmt":"2025-10-01T08:49:37","slug":"com-adaptar-un-edifici-dhabitatges-per-a-persones-amb-mobilitat-reduida","status":"publish","type":"post","link":"https:\/\/www.fundacionmdp.org\/ca\/com-adaptar-un-edifici-dhabitatges-per-a-persones-amb-mobilitat-reduida\/","title":{"rendered":"Com adaptar un edifici d\u2019habitatges per a persones amb mobilitat redu\u00efda"},"content":{"rendered":"\t\t<div data-elementor-type=\"wp-post\" data-elementor-id=\"11953\" class=\"elementor elementor-11953 elementor-11946\">\n\t\t\t\t<div class=\"elementor-element elementor-element-b0ef478 e-flex e-con-boxed e-con e-parent\" data-id=\"b0ef478\" data-element_type=\"container\" data-e-type=\"container\">\n\t\t\t\t\t<div class=\"e-con-inner\">\n\t\t\t\t<div class=\"elementor-element elementor-element-59118bf elementor-widget elementor-widget-text-editor\" data-id=\"59118bf\" data-element_type=\"widget\" data-e-type=\"widget\" data-widget_type=\"text-editor.default\">\n\t\t\t\t<div class=\"elementor-widget-container\">\n\t\t\t\t\t\t\t\t\t<p>Crear comunitats de ve\u00efns veritablement inclusives suposa dissenyar entorns on cada resident o visitant pugui moure&#8217;s amb dignitat, autonomia i comoditat. En adaptar edificis d&#8217;habitatges a persones amb mobilitat redu\u00efda, no sols eliminem barreres arquitect\u00f2niques: constru\u00efm entorns que milloren la conviv\u00e8ncia, la seguretat i la participaci\u00f3 di\u00e0ria.<\/p><h3><strong>Accessos i entrades<\/strong><\/h3><p>L&#8217;entrada del portal \u00e9s el punt de contacte inicial amb l&#8217;edifici, i ha de reflectir calidesa, obertura i inclusi\u00f3. Les rampes d&#8217;acc\u00e9s han de tenir un pendent m\u00e0xim del 8% i un ample m\u00ednim de 1,20 m per a permetre el pas de cadires de rodes, carrets o persones amb bast\u00f3. Sempre que sigui possible, s&#8217;aconsella incloure descansos intermedis per a evitar la fatiga en pujar rampes llargues.<\/p><p>Les portes autom\u00e0tiques s\u00f3n una soluci\u00f3 ideal per a comunitats compromeses amb l&#8217;accessibilitat. Si no \u00e9s viable la seva instal\u00b7laci\u00f3, les portes manuals han d&#8217;obrir cap a fora, mesurar almenys 85 cm d&#8217;ample i comptar amb tiradors ergon\u00f2mics situats entre 80 cm i 120 cm d&#8217;altura. A m\u00e9s, la for\u00e7a necess\u00e0ria per a obrir-les no ha de superar els 2,5 kg.<\/p><p>El paviment ha de ser antilliscant, anivellat i sense desnivells superiors a 2 cm; en cas contrari, s&#8217;ha d&#8217;instal\u00b7lar una petita rampa de connexi\u00f3. Tamb\u00e9 recomanem que qualsevol reixeta o reixeta de drenatge tingui obertures inferiors a 1,3 cm per a evitar que s&#8217;embussessin les rodes de les cadires.<\/p><h3><strong>Connexi\u00f3 amb garatges, trasters i \u00e0rees comunes<\/strong><\/h3><p>Les zones que solen passar inadvertides, com ho s\u00f3n l&#8217;acc\u00e9s al garatge, trasters o zones de bicicletes, s\u00f3n fonamentals per a una mobilitat plena. La seva adequaci\u00f3 implica molt m\u00e9s que un passad\u00eds buidat: requereix una circulaci\u00f3 fluida i accessible.<\/p><p>Ha de garantir-se un ample m\u00ednim de 1,20 m, idealment 1,50 m, en aquests transitats espais. Les portes de trasters o acc\u00e9s al garatge han de seguir criteris similars als del portal: obertura c\u00f2moda, tiradors accessibles i m\u00ednima resist\u00e8ncia a l&#8217;embranzida o tracci\u00f3.<\/p><p>Quan sigui viable, instal\u00b7lar il\u00b7luminaci\u00f3 autom\u00e0tica mitjan\u00e7ant detectors de pres\u00e8ncia millora notablement l&#8217;experi\u00e8ncia en aquestes zones: elimina la necessitat de buscar interruptors i aporta major seguretat, especialment durant la nit. A m\u00e9s, senyalitzar els espais amb contrast crom\u00e0tic, per a les persones amb visi\u00f3 redu\u00efda, contribueix a orientar-se de manera aut\u00f2noma i segura.<\/p><h3><strong>Circulaci\u00f3 vertical<\/strong><\/h3><p>En comunitats de propietaris, l&#8217;ascensor \u00e9s una pe\u00e7a clau de l&#8217;accessibilitat. La cabina ha de permetre la rotaci\u00f3 completa d&#8217;una cadira de rodes, la qual cosa equival a dimensions m\u00ednimes de 1,40 m x 1,10 m, i comptar amb portes d&#8217;almenys 80 cm d&#8217;ample. Els comandaments que se solen situar a altures entre 90 cm i 120 cm han d&#8217;incloure n\u00fameros en relleu i Braille, i disposar d&#8217;avisos sonors per a indicar cada planta.<\/p><p>Si l&#8217;edifici no compta amb ascensor, una plataforma salvaescaleras pot ser una alternativa efica\u00e7. Aquest sistema ha d&#8217;incorporar cinturons de seguretat, sensors d&#8217;obstacles i un dispositiu d&#8217;emerg\u00e8ncia. Aix\u00ed mateix, \u00e9s fonamental que funcioni fins i tot en cas de tall el\u00e8ctric, mitjan\u00e7ant bateries de suport.<\/p><p>Encara que no sigui l&#8217;opci\u00f3 principal per a usuaris en cadira de rodes, les escales han de dissenyar-se pensant en persones amb altres dificultats de mobilitat o equilibri. \u00c9s imprescindible incloure passamans a doble altura (sobre els 70 cm i els 90 cm), superf\u00edcies antilliscants, i graons amb petjada m\u00ednima de 28 cm i contrapetja m\u00e0xima de 18 cm. A m\u00e9s, els passamans han de prolongar-se almenys 30 cm m\u00e9s enll\u00e0 del primer i \u00faltim gra\u00f3.<\/p><h3><strong>Adaptaci\u00f3 de b\u00fasties i elements comunitaris<\/strong><\/h3><p>En els vest\u00edbuls dels edificis, les b\u00fasties, porters el\u00e8ctrics, polsadors de timbres i sistemes de notificaci\u00f3 han de situar-se estrat\u00e8gicament per a ser utilitzables per persones en cadira de rodes o amb mobilitat redu\u00efda.<\/p><p>Les b\u00fasties han d&#8217;estar disposades en una franja entre 80 cm i 120 cm d&#8217;altura. Els porters el\u00e8ctrics o polsadors han de tenir formes accessibles i activar-se amb la m\u00ednima pressi\u00f3. Per a facilitar el seu \u00fas, se suggereix que els textos siguin de lectura senzilla i s&#8217;incloguin detalls en relleu o Braille, quan sigui possible.<\/p><p>A m\u00e9s, si la comunitat disposa d&#8217;ascensor o acc\u00e9s mitjan\u00e7ant clau electr\u00f2nica o comandament remot, \u00e9s molt \u00fatil oferir una alternativa accessible (com a lectors de proximitat a baixa altura o apps m\u00f2bils adaptades) per als qui tinguin dificultats f\u00edsiques, visuals o cognitives.<\/p><h3><strong>Tecnologia i sistemes intel\u00b7ligents<\/strong><\/h3><p>La <strong>dom\u00f2tica<\/strong> i els sistemes intel\u00b7ligents estan transformant la forma en qu\u00e8 les persones amb mobilitat redu\u00efda interactuen amb els edificis. Els sistemes de control per veu permeten operar llums, climatitzaci\u00f3, portes i ascensors sense necessitat de contacte f\u00edsic. Aquestes tecnologies s\u00f3n valuoses per a persones amb limitacions en la mobilitat de bra\u00e7os i mans, oferint un nivell d&#8217;independ\u00e8ncia que abans semblava inassolible.<\/p><p>Les aplicacions m\u00f2bils espec\u00edfiques per a edificis poden proporcionar navegaci\u00f3 interior pas a pas, similar a un GPS, per\u00f2 adaptada per a rutes accessibles. Aquestes apps poden indicar la ubicaci\u00f3 d&#8217;ascensors, banys accessibles, places d&#8217;aparcament reservades i rutes alternatives en cas que algun element estigui fora de servei.<\/p><p>Els <strong>sensors intel\u00b7ligents<\/strong> estan transformant l&#8217;experi\u00e8ncia de l&#8217;usuari en anticipar necessitats i ajustar autom\u00e0ticament l&#8217;entorn. Amb portes que s&#8217;obren en detectar l&#8217;acostament d&#8217;una cadira de rodes, ascensors que es posicionen autom\u00e0ticament en la planta baixa durant hores pico o sistemes d&#8217;il\u00b7luminaci\u00f3 que s&#8217;adapten a les necessitats espec\u00edfiques de persones amb baixa visi\u00f3.<\/p><p>Per a implementar aquestes <strong>adaptacions per a mobilitat redu\u00efda<\/strong>, necessites una estrat\u00e8gia completa que consideri les necessitats espec\u00edfiques de cada usuari. I \u00e9s que, quan combinem disseny acurat amb tecnologia avan\u00e7ada, es creen espais que veritablement celebren la diversitat humana i permeten que cada persona participi plenament en la vida comunit\u00e0ria.<\/p><h3><strong>Estrat\u00e8gia integral i participaci\u00f3 ve\u00efnal<\/strong><\/h3><p>Adaptar un edifici d&#8217;habitatges no sols implica realitzar obres: \u00e9s necessari comptar amb una estrat\u00e8gia global que inclogui planificaci\u00f3, finan\u00e7ament, i la implicaci\u00f3 comunit\u00e0ria i el seguiment.<\/p><ul><li><strong>Planificaci\u00f3 personalitzada:<\/strong> cada edifici \u00e9s \u00fanic. \u00c9s necessari avaluar les necessitats concretes de les persones que viuen en ell per a prioritzar les solucions.<\/li><li><strong>Suport econ\u00f2mic i t\u00e8cnic:<\/strong> el Programa \u201cSense Barreres\u201d de Fundaci\u00f3 Mutua de Propietarios ofereix ajuts espec\u00edfiques per a reformes d&#8217;accessibilitat en comunitats de propietaris.<\/li><li><strong>Sensibilitzaci\u00f3 ve\u00efnal:<\/strong> organitzar sessions informatives o distribuir materials divulgatius sobre la import\u00e0ncia de l&#8217;accessibilitat, fomenta la comprensi\u00f3 i el comprom\u00eds.<\/li><li><strong>Seguiment i manteniment:<\/strong> una vegada implementades les millores, es requereix supervisi\u00f3 peri\u00f2dica per a assegurar que els dispositius (rampes, botoneres, il\u00b7luminaci\u00f3, ascensors) es mantinguin operatius i \u00fatils.<\/li><\/ul><p>En combinar disseny acurat, tecnologia avan\u00e7ada, recursos econ\u00f2mics i participaci\u00f3 ve\u00efnal, s&#8217;aconsegueix crear edificis on viure en comunitat \u00e9s una experi\u00e8ncia m\u00e9s digna, compassiva i aut\u00f2noma.<\/p><p>En <strong>Fundaci\u00f3 Mutua de Propietarios<\/strong> treballem cada dia per a oferir la millor accessibilitat possible a persones amb discapacitats amb afectaci\u00f3 a la mobilitat o persones d&#8217;edat avan\u00e7ada. Les nostres iniciatives estan centrades en millorar la qualitat de vida de les persones, millorant l&#8217;accessibilitat en els edificis d&#8217;habitatges, sent la innovaci\u00f3 social i tecnol\u00f2gica un pilar, amb l&#8217;objectiu d&#8217;eliminar barreres arquitect\u00f2niques i crear ambients que promoguin la diversitat i la inclusi\u00f3 social.\u00a0<\/p>\t\t\t\t\t\t\t\t<\/div>\n\t\t\t\t<\/div>\n\t\t\t\t\t<\/div>\n\t\t\t\t<\/div>\n\t\t\t\t<\/div>\n\t\t","protected":false},"excerpt":{"rendered":"<p>Crear comunitats de ve\u00efns veritablement inclusives suposa dissenyar entorns on cada resident o visitant pugui moure&#8217;s amb dignitat, autonomia i comoditat. En adaptar edificis d&#8217;habitatges a persones amb mobilitat redu\u00efda, no sols eliminem barreres arquitect\u00f2niques: constru\u00efm entorns que milloren la conviv\u00e8ncia, la seguretat i la participaci\u00f3 di\u00e0ria. Accessos i entrades L&#8217;entrada del portal \u00e9s el [&hellip;]<\/p>\n","protected":false},"author":1,"featured_media":11949,"comment_status":"open","ping_status":"open","sticky":false,"template":"","format":"standard","meta":{"_acf_changed":false,"ocean_post_layout":"","ocean_both_sidebars_style":"","ocean_both_sidebars_content_width":0,"ocean_both_sidebars_sidebars_width":0,"ocean_sidebar":"","ocean_second_sidebar":"","ocean_disable_margins":"enable","ocean_add_body_class":"","ocean_shortcode_before_top_bar":"","ocean_shortcode_after_top_bar":"","ocean_shortcode_before_header":"","ocean_shortcode_after_header":"","ocean_has_shortcode":"","ocean_shortcode_after_title":"","ocean_shortcode_before_footer_widgets":"","ocean_shortcode_after_footer_widgets":"","ocean_shortcode_before_footer_bottom":"","ocean_shortcode_after_footer_bottom":"","ocean_display_top_bar":"default","ocean_display_header":"default","ocean_header_style":"","ocean_center_header_left_menu":"","ocean_custom_header_template":"","ocean_custom_logo":0,"ocean_custom_retina_logo":0,"ocean_custom_logo_max_width":0,"ocean_custom_logo_tablet_max_width":0,"ocean_custom_logo_mobile_max_width":0,"ocean_custom_logo_max_height":0,"ocean_custom_logo_tablet_max_height":0,"ocean_custom_logo_mobile_max_height":0,"ocean_header_custom_menu":"","ocean_menu_typo_font_family":"","ocean_menu_typo_font_subset":"","ocean_menu_typo_font_size":0,"ocean_menu_typo_font_size_tablet":0,"ocean_menu_typo_font_size_mobile":0,"ocean_menu_typo_font_size_unit":"px","ocean_menu_typo_font_weight":"","ocean_menu_typo_font_weight_tablet":"","ocean_menu_typo_font_weight_mobile":"","ocean_menu_typo_transform":"","ocean_menu_typo_transform_tablet":"","ocean_menu_typo_transform_mobile":"","ocean_menu_typo_line_height":0,"ocean_menu_typo_line_height_tablet":0,"ocean_menu_typo_line_height_mobile":0,"ocean_menu_typo_line_height_unit":"","ocean_menu_typo_spacing":0,"ocean_menu_typo_spacing_tablet":0,"ocean_menu_typo_spacing_mobile":0,"ocean_menu_typo_spacing_unit":"","ocean_menu_link_color":"","ocean_menu_link_color_hover":"","ocean_menu_link_color_active":"","ocean_menu_link_background":"","ocean_menu_link_hover_background":"","ocean_menu_link_active_background":"","ocean_menu_social_links_bg":"","ocean_menu_social_hover_links_bg":"","ocean_menu_social_links_color":"","ocean_menu_social_hover_links_color":"","ocean_disable_title":"default","ocean_disable_heading":"default","ocean_post_title":"","ocean_post_subheading":"","ocean_post_title_style":"","ocean_post_title_background_color":"","ocean_post_title_background":0,"ocean_post_title_bg_image_position":"","ocean_post_title_bg_image_attachment":"","ocean_post_title_bg_image_repeat":"","ocean_post_title_bg_image_size":"","ocean_post_title_height":0,"ocean_post_title_bg_overlay":0.5,"ocean_post_title_bg_overlay_color":"","ocean_disable_breadcrumbs":"default","ocean_breadcrumbs_color":"","ocean_breadcrumbs_separator_color":"","ocean_breadcrumbs_links_color":"","ocean_breadcrumbs_links_hover_color":"","ocean_display_footer_widgets":"default","ocean_display_footer_bottom":"default","ocean_custom_footer_template":"","ocean_post_oembed":"","ocean_post_self_hosted_media":"","ocean_post_video_embed":"","ocean_link_format":"","ocean_link_format_target":"self","ocean_quote_format":"","ocean_quote_format_link":"post","ocean_gallery_link_images":"on","ocean_gallery_id":[],"footnotes":""},"categories":[1],"tags":[],"class_list":["post-11953","post","type-post","status-publish","format-standard","has-post-thumbnail","hentry","category-sin-categorizar","entry","has-media"],"acf":[],"yoast_head":"<!-- This site is optimized with the Yoast SEO plugin v27.3 - https:\/\/yoast.com\/product\/yoast-seo-wordpress\/ -->\n<title>Com adaptar un edifici d\u2019habitatges per a persones amb mobilitat redu\u00efda - Fundaci\u00f3n Mutua de Propietarios<\/title>\n<meta name=\"robots\" content=\"index, follow, max-snippet:-1, max-image-preview:large, max-video-preview:-1\" \/>\n<link rel=\"canonical\" href=\"https:\/\/www.fundacionmdp.org\/ca\/com-adaptar-un-edifici-dhabitatges-per-a-persones-amb-mobilitat-reduida\/\" \/>\n<meta property=\"og:locale\" content=\"ca_ES\" \/>\n<meta property=\"og:type\" content=\"article\" \/>\n<meta property=\"og:title\" content=\"Com adaptar un edifici d\u2019habitatges per a persones amb mobilitat redu\u00efda - Fundaci\u00f3n Mutua de Propietarios\" \/>\n<meta property=\"og:description\" content=\"Crear comunitats de ve\u00efns veritablement inclusives suposa dissenyar entorns on cada resident o visitant pugui moure&#8217;s amb dignitat, autonomia i comoditat. En adaptar edificis d&#8217;habitatges a persones amb mobilitat redu\u00efda, no sols eliminem barreres arquitect\u00f2niques: constru\u00efm entorns que milloren la conviv\u00e8ncia, la seguretat i la participaci\u00f3 di\u00e0ria. Accessos i entrades L&#8217;entrada del portal \u00e9s el [&hellip;]\" \/>\n<meta property=\"og:url\" content=\"https:\/\/www.fundacionmdp.org\/ca\/com-adaptar-un-edifici-dhabitatges-per-a-persones-amb-mobilitat-reduida\/\" \/>\n<meta property=\"og:site_name\" content=\"Fundaci\u00f3n Mutua de Propietarios\" \/>\n<meta property=\"article:published_time\" content=\"2025-10-01T08:46:42+00:00\" \/>\n<meta property=\"article:modified_time\" content=\"2025-10-01T08:49:37+00:00\" \/>\n<meta property=\"og:image\" content=\"https:\/\/www.fundacionmdp.org\/wp-content\/uploads\/2025\/10\/vestibulo-con-escaleras.jpg\" \/>\n\t<meta property=\"og:image:width\" content=\"1000\" \/>\n\t<meta property=\"og:image:height\" content=\"668\" \/>\n\t<meta property=\"og:image:type\" content=\"image\/jpeg\" \/>\n<meta name=\"author\" content=\"fundacionmdp\" \/>\n<meta name=\"twitter:card\" content=\"summary_large_image\" \/>\n<meta name=\"twitter:label1\" content=\"Escrit per\" \/>\n\t<meta name=\"twitter:data1\" content=\"fundacionmdp\" \/>\n\t<meta name=\"twitter:label2\" content=\"Temps estimat de lectura\" \/>\n\t<meta name=\"twitter:data2\" content=\"7 minuts\" \/>\n<script type=\"application\/ld+json\" class=\"yoast-schema-graph\">{\"@context\":\"https:\\\/\\\/schema.org\",\"@graph\":[{\"@type\":\"Article\",\"@id\":\"https:\\\/\\\/www.fundacionmdp.org\\\/ca\\\/com-adaptar-un-edifici-dhabitatges-per-a-persones-amb-mobilitat-reduida\\\/#article\",\"isPartOf\":{\"@id\":\"https:\\\/\\\/www.fundacionmdp.org\\\/ca\\\/com-adaptar-un-edifici-dhabitatges-per-a-persones-amb-mobilitat-reduida\\\/\"},\"author\":{\"name\":\"fundacionmdp\",\"@id\":\"https:\\\/\\\/www.fundacionmdp.org\\\/#\\\/schema\\\/person\\\/12f9af801cac25dfcb5a96cb0090f703\"},\"headline\":\"Com adaptar un edifici d\u2019habitatges per a persones amb mobilitat redu\u00efda\",\"datePublished\":\"2025-10-01T08:46:42+00:00\",\"dateModified\":\"2025-10-01T08:49:37+00:00\",\"mainEntityOfPage\":{\"@id\":\"https:\\\/\\\/www.fundacionmdp.org\\\/ca\\\/com-adaptar-un-edifici-dhabitatges-per-a-persones-amb-mobilitat-reduida\\\/\"},\"wordCount\":1299,\"commentCount\":0,\"publisher\":{\"@id\":\"https:\\\/\\\/www.fundacionmdp.org\\\/#organization\"},\"image\":{\"@id\":\"https:\\\/\\\/www.fundacionmdp.org\\\/ca\\\/com-adaptar-un-edifici-dhabitatges-per-a-persones-amb-mobilitat-reduida\\\/#primaryimage\"},\"thumbnailUrl\":\"https:\\\/\\\/www.fundacionmdp.org\\\/wp-content\\\/uploads\\\/2025\\\/10\\\/vestibulo-con-escaleras.jpg\",\"articleSection\":[\"Sin categorizar\"],\"inLanguage\":\"ca\",\"potentialAction\":[{\"@type\":\"CommentAction\",\"name\":\"Comment\",\"target\":[\"https:\\\/\\\/www.fundacionmdp.org\\\/ca\\\/com-adaptar-un-edifici-dhabitatges-per-a-persones-amb-mobilitat-reduida\\\/#respond\"]}]},{\"@type\":\"WebPage\",\"@id\":\"https:\\\/\\\/www.fundacionmdp.org\\\/ca\\\/com-adaptar-un-edifici-dhabitatges-per-a-persones-amb-mobilitat-reduida\\\/\",\"url\":\"https:\\\/\\\/www.fundacionmdp.org\\\/ca\\\/com-adaptar-un-edifici-dhabitatges-per-a-persones-amb-mobilitat-reduida\\\/\",\"name\":\"Com adaptar un edifici d\u2019habitatges per a persones amb mobilitat redu\u00efda - Fundaci\u00f3n Mutua de Propietarios\",\"isPartOf\":{\"@id\":\"https:\\\/\\\/www.fundacionmdp.org\\\/#website\"},\"primaryImageOfPage\":{\"@id\":\"https:\\\/\\\/www.fundacionmdp.org\\\/ca\\\/com-adaptar-un-edifici-dhabitatges-per-a-persones-amb-mobilitat-reduida\\\/#primaryimage\"},\"image\":{\"@id\":\"https:\\\/\\\/www.fundacionmdp.org\\\/ca\\\/com-adaptar-un-edifici-dhabitatges-per-a-persones-amb-mobilitat-reduida\\\/#primaryimage\"},\"thumbnailUrl\":\"https:\\\/\\\/www.fundacionmdp.org\\\/wp-content\\\/uploads\\\/2025\\\/10\\\/vestibulo-con-escaleras.jpg\",\"datePublished\":\"2025-10-01T08:46:42+00:00\",\"dateModified\":\"2025-10-01T08:49:37+00:00\",\"breadcrumb\":{\"@id\":\"https:\\\/\\\/www.fundacionmdp.org\\\/ca\\\/com-adaptar-un-edifici-dhabitatges-per-a-persones-amb-mobilitat-reduida\\\/#breadcrumb\"},\"inLanguage\":\"ca\",\"potentialAction\":[{\"@type\":\"ReadAction\",\"target\":[\"https:\\\/\\\/www.fundacionmdp.org\\\/ca\\\/com-adaptar-un-edifici-dhabitatges-per-a-persones-amb-mobilitat-reduida\\\/\"]}]},{\"@type\":\"ImageObject\",\"inLanguage\":\"ca\",\"@id\":\"https:\\\/\\\/www.fundacionmdp.org\\\/ca\\\/com-adaptar-un-edifici-dhabitatges-per-a-persones-amb-mobilitat-reduida\\\/#primaryimage\",\"url\":\"https:\\\/\\\/www.fundacionmdp.org\\\/wp-content\\\/uploads\\\/2025\\\/10\\\/vestibulo-con-escaleras.jpg\",\"contentUrl\":\"https:\\\/\\\/www.fundacionmdp.org\\\/wp-content\\\/uploads\\\/2025\\\/10\\\/vestibulo-con-escaleras.jpg\",\"width\":1000,\"height\":668},{\"@type\":\"BreadcrumbList\",\"@id\":\"https:\\\/\\\/www.fundacionmdp.org\\\/ca\\\/com-adaptar-un-edifici-dhabitatges-per-a-persones-amb-mobilitat-reduida\\\/#breadcrumb\",\"itemListElement\":[{\"@type\":\"ListItem\",\"position\":1,\"name\":\"Home\",\"item\":\"https:\\\/\\\/www.fundacionmdp.org\\\/ca\\\/\"},{\"@type\":\"ListItem\",\"position\":2,\"name\":\"Com adaptar un edifici d\u2019habitatges per a persones amb mobilitat redu\u00efda\"}]},{\"@type\":\"WebSite\",\"@id\":\"https:\\\/\\\/www.fundacionmdp.org\\\/#website\",\"url\":\"https:\\\/\\\/www.fundacionmdp.org\\\/\",\"name\":\"Fundaci\u00f3n Mutua de Propietarios\",\"description\":\"En la Fundaci\u00f3n Mutua de Propietarios te ayudamos a convertir tu edificio de viviendas en un espacio sin barreras arquitect\u00f3nicas.\",\"publisher\":{\"@id\":\"https:\\\/\\\/www.fundacionmdp.org\\\/#organization\"},\"potentialAction\":[{\"@type\":\"SearchAction\",\"target\":{\"@type\":\"EntryPoint\",\"urlTemplate\":\"https:\\\/\\\/www.fundacionmdp.org\\\/?s={search_term_string}\"},\"query-input\":{\"@type\":\"PropertyValueSpecification\",\"valueRequired\":true,\"valueName\":\"search_term_string\"}}],\"inLanguage\":\"ca\"},{\"@type\":\"Organization\",\"@id\":\"https:\\\/\\\/www.fundacionmdp.org\\\/#organization\",\"name\":\"Fundaci\u00f3n Mutua de Propietarios\",\"url\":\"https:\\\/\\\/www.fundacionmdp.org\\\/\",\"logo\":{\"@type\":\"ImageObject\",\"inLanguage\":\"ca\",\"@id\":\"https:\\\/\\\/www.fundacionmdp.org\\\/#\\\/schema\\\/logo\\\/image\\\/\",\"url\":\"https:\\\/\\\/www.fundacionmdp.org\\\/wp-content\\\/uploads\\\/2023\\\/05\\\/logo_FMdP_cat.png\",\"contentUrl\":\"https:\\\/\\\/www.fundacionmdp.org\\\/wp-content\\\/uploads\\\/2023\\\/05\\\/logo_FMdP_cat.png\",\"width\":655,\"height\":297,\"caption\":\"Fundaci\u00f3n Mutua de Propietarios\"},\"image\":{\"@id\":\"https:\\\/\\\/www.fundacionmdp.org\\\/#\\\/schema\\\/logo\\\/image\\\/\"}},{\"@type\":\"Person\",\"@id\":\"https:\\\/\\\/www.fundacionmdp.org\\\/#\\\/schema\\\/person\\\/12f9af801cac25dfcb5a96cb0090f703\",\"name\":\"fundacionmdp\",\"image\":{\"@type\":\"ImageObject\",\"inLanguage\":\"ca\",\"@id\":\"https:\\\/\\\/secure.gravatar.com\\\/avatar\\\/b540f93d1816a14d85e51109d050c3243b98fb660a665f517a6d2597cff3bbed?s=96&d=mm&r=g\",\"url\":\"https:\\\/\\\/secure.gravatar.com\\\/avatar\\\/b540f93d1816a14d85e51109d050c3243b98fb660a665f517a6d2597cff3bbed?s=96&d=mm&r=g\",\"contentUrl\":\"https:\\\/\\\/secure.gravatar.com\\\/avatar\\\/b540f93d1816a14d85e51109d050c3243b98fb660a665f517a6d2597cff3bbed?s=96&d=mm&r=g\",\"caption\":\"fundacionmdp\"},\"sameAs\":[\"http:\\\/\\\/prezuk.com.mialias.net\\\/fundacionmdp\"],\"url\":\"https:\\\/\\\/www.fundacionmdp.org\\\/ca\\\/author\\\/fundacionmdp\\\/\"}]}<\/script>\n<!-- \/ Yoast SEO plugin. -->","yoast_head_json":{"title":"Com adaptar un edifici d\u2019habitatges per a persones amb mobilitat redu\u00efda - Fundaci\u00f3n Mutua de Propietarios","robots":{"index":"index","follow":"follow","max-snippet":"max-snippet:-1","max-image-preview":"max-image-preview:large","max-video-preview":"max-video-preview:-1"},"canonical":"https:\/\/www.fundacionmdp.org\/ca\/com-adaptar-un-edifici-dhabitatges-per-a-persones-amb-mobilitat-reduida\/","og_locale":"ca_ES","og_type":"article","og_title":"Com adaptar un edifici d\u2019habitatges per a persones amb mobilitat redu\u00efda - Fundaci\u00f3n Mutua de Propietarios","og_description":"Crear comunitats de ve\u00efns veritablement inclusives suposa dissenyar entorns on cada resident o visitant pugui moure&#8217;s amb dignitat, autonomia i comoditat. En adaptar edificis d&#8217;habitatges a persones amb mobilitat redu\u00efda, no sols eliminem barreres arquitect\u00f2niques: constru\u00efm entorns que milloren la conviv\u00e8ncia, la seguretat i la participaci\u00f3 di\u00e0ria. Accessos i entrades L&#8217;entrada del portal \u00e9s el [&hellip;]","og_url":"https:\/\/www.fundacionmdp.org\/ca\/com-adaptar-un-edifici-dhabitatges-per-a-persones-amb-mobilitat-reduida\/","og_site_name":"Fundaci\u00f3n Mutua de Propietarios","article_published_time":"2025-10-01T08:46:42+00:00","article_modified_time":"2025-10-01T08:49:37+00:00","og_image":[{"width":1000,"height":668,"url":"https:\/\/www.fundacionmdp.org\/wp-content\/uploads\/2025\/10\/vestibulo-con-escaleras.jpg","type":"image\/jpeg"}],"author":"fundacionmdp","twitter_card":"summary_large_image","twitter_misc":{"Escrit per":"fundacionmdp","Temps estimat de lectura":"7 minuts"},"schema":{"@context":"https:\/\/schema.org","@graph":[{"@type":"Article","@id":"https:\/\/www.fundacionmdp.org\/ca\/com-adaptar-un-edifici-dhabitatges-per-a-persones-amb-mobilitat-reduida\/#article","isPartOf":{"@id":"https:\/\/www.fundacionmdp.org\/ca\/com-adaptar-un-edifici-dhabitatges-per-a-persones-amb-mobilitat-reduida\/"},"author":{"name":"fundacionmdp","@id":"https:\/\/www.fundacionmdp.org\/#\/schema\/person\/12f9af801cac25dfcb5a96cb0090f703"},"headline":"Com adaptar un edifici d\u2019habitatges per a persones amb mobilitat redu\u00efda","datePublished":"2025-10-01T08:46:42+00:00","dateModified":"2025-10-01T08:49:37+00:00","mainEntityOfPage":{"@id":"https:\/\/www.fundacionmdp.org\/ca\/com-adaptar-un-edifici-dhabitatges-per-a-persones-amb-mobilitat-reduida\/"},"wordCount":1299,"commentCount":0,"publisher":{"@id":"https:\/\/www.fundacionmdp.org\/#organization"},"image":{"@id":"https:\/\/www.fundacionmdp.org\/ca\/com-adaptar-un-edifici-dhabitatges-per-a-persones-amb-mobilitat-reduida\/#primaryimage"},"thumbnailUrl":"https:\/\/www.fundacionmdp.org\/wp-content\/uploads\/2025\/10\/vestibulo-con-escaleras.jpg","articleSection":["Sin categorizar"],"inLanguage":"ca","potentialAction":[{"@type":"CommentAction","name":"Comment","target":["https:\/\/www.fundacionmdp.org\/ca\/com-adaptar-un-edifici-dhabitatges-per-a-persones-amb-mobilitat-reduida\/#respond"]}]},{"@type":"WebPage","@id":"https:\/\/www.fundacionmdp.org\/ca\/com-adaptar-un-edifici-dhabitatges-per-a-persones-amb-mobilitat-reduida\/","url":"https:\/\/www.fundacionmdp.org\/ca\/com-adaptar-un-edifici-dhabitatges-per-a-persones-amb-mobilitat-reduida\/","name":"Com adaptar un edifici d\u2019habitatges per a persones amb mobilitat redu\u00efda - Fundaci\u00f3n Mutua de Propietarios","isPartOf":{"@id":"https:\/\/www.fundacionmdp.org\/#website"},"primaryImageOfPage":{"@id":"https:\/\/www.fundacionmdp.org\/ca\/com-adaptar-un-edifici-dhabitatges-per-a-persones-amb-mobilitat-reduida\/#primaryimage"},"image":{"@id":"https:\/\/www.fundacionmdp.org\/ca\/com-adaptar-un-edifici-dhabitatges-per-a-persones-amb-mobilitat-reduida\/#primaryimage"},"thumbnailUrl":"https:\/\/www.fundacionmdp.org\/wp-content\/uploads\/2025\/10\/vestibulo-con-escaleras.jpg","datePublished":"2025-10-01T08:46:42+00:00","dateModified":"2025-10-01T08:49:37+00:00","breadcrumb":{"@id":"https:\/\/www.fundacionmdp.org\/ca\/com-adaptar-un-edifici-dhabitatges-per-a-persones-amb-mobilitat-reduida\/#breadcrumb"},"inLanguage":"ca","potentialAction":[{"@type":"ReadAction","target":["https:\/\/www.fundacionmdp.org\/ca\/com-adaptar-un-edifici-dhabitatges-per-a-persones-amb-mobilitat-reduida\/"]}]},{"@type":"ImageObject","inLanguage":"ca","@id":"https:\/\/www.fundacionmdp.org\/ca\/com-adaptar-un-edifici-dhabitatges-per-a-persones-amb-mobilitat-reduida\/#primaryimage","url":"https:\/\/www.fundacionmdp.org\/wp-content\/uploads\/2025\/10\/vestibulo-con-escaleras.jpg","contentUrl":"https:\/\/www.fundacionmdp.org\/wp-content\/uploads\/2025\/10\/vestibulo-con-escaleras.jpg","width":1000,"height":668},{"@type":"BreadcrumbList","@id":"https:\/\/www.fundacionmdp.org\/ca\/com-adaptar-un-edifici-dhabitatges-per-a-persones-amb-mobilitat-reduida\/#breadcrumb","itemListElement":[{"@type":"ListItem","position":1,"name":"Home","item":"https:\/\/www.fundacionmdp.org\/ca\/"},{"@type":"ListItem","position":2,"name":"Com adaptar un edifici d\u2019habitatges per a persones amb mobilitat redu\u00efda"}]},{"@type":"WebSite","@id":"https:\/\/www.fundacionmdp.org\/#website","url":"https:\/\/www.fundacionmdp.org\/","name":"Fundaci\u00f3n Mutua de Propietarios","description":"En la Fundaci\u00f3n Mutua de Propietarios te ayudamos a convertir tu edificio de viviendas en un espacio sin barreras arquitect\u00f3nicas.","publisher":{"@id":"https:\/\/www.fundacionmdp.org\/#organization"},"potentialAction":[{"@type":"SearchAction","target":{"@type":"EntryPoint","urlTemplate":"https:\/\/www.fundacionmdp.org\/?s={search_term_string}"},"query-input":{"@type":"PropertyValueSpecification","valueRequired":true,"valueName":"search_term_string"}}],"inLanguage":"ca"},{"@type":"Organization","@id":"https:\/\/www.fundacionmdp.org\/#organization","name":"Fundaci\u00f3n Mutua de Propietarios","url":"https:\/\/www.fundacionmdp.org\/","logo":{"@type":"ImageObject","inLanguage":"ca","@id":"https:\/\/www.fundacionmdp.org\/#\/schema\/logo\/image\/","url":"https:\/\/www.fundacionmdp.org\/wp-content\/uploads\/2023\/05\/logo_FMdP_cat.png","contentUrl":"https:\/\/www.fundacionmdp.org\/wp-content\/uploads\/2023\/05\/logo_FMdP_cat.png","width":655,"height":297,"caption":"Fundaci\u00f3n Mutua de Propietarios"},"image":{"@id":"https:\/\/www.fundacionmdp.org\/#\/schema\/logo\/image\/"}},{"@type":"Person","@id":"https:\/\/www.fundacionmdp.org\/#\/schema\/person\/12f9af801cac25dfcb5a96cb0090f703","name":"fundacionmdp","image":{"@type":"ImageObject","inLanguage":"ca","@id":"https:\/\/secure.gravatar.com\/avatar\/b540f93d1816a14d85e51109d050c3243b98fb660a665f517a6d2597cff3bbed?s=96&d=mm&r=g","url":"https:\/\/secure.gravatar.com\/avatar\/b540f93d1816a14d85e51109d050c3243b98fb660a665f517a6d2597cff3bbed?s=96&d=mm&r=g","contentUrl":"https:\/\/secure.gravatar.com\/avatar\/b540f93d1816a14d85e51109d050c3243b98fb660a665f517a6d2597cff3bbed?s=96&d=mm&r=g","caption":"fundacionmdp"},"sameAs":["http:\/\/prezuk.com.mialias.net\/fundacionmdp"],"url":"https:\/\/www.fundacionmdp.org\/ca\/author\/fundacionmdp\/"}]}},"_links":{"self":[{"href":"https:\/\/www.fundacionmdp.org\/ca\/wp-json\/wp\/v2\/posts\/11953","targetHints":{"allow":["GET"]}}],"collection":[{"href":"https:\/\/www.fundacionmdp.org\/ca\/wp-json\/wp\/v2\/posts"}],"about":[{"href":"https:\/\/www.fundacionmdp.org\/ca\/wp-json\/wp\/v2\/types\/post"}],"author":[{"embeddable":true,"href":"https:\/\/www.fundacionmdp.org\/ca\/wp-json\/wp\/v2\/users\/1"}],"replies":[{"embeddable":true,"href":"https:\/\/www.fundacionmdp.org\/ca\/wp-json\/wp\/v2\/comments?post=11953"}],"version-history":[{"count":7,"href":"https:\/\/www.fundacionmdp.org\/ca\/wp-json\/wp\/v2\/posts\/11953\/revisions"}],"predecessor-version":[{"id":11963,"href":"https:\/\/www.fundacionmdp.org\/ca\/wp-json\/wp\/v2\/posts\/11953\/revisions\/11963"}],"wp:featuredmedia":[{"embeddable":true,"href":"https:\/\/www.fundacionmdp.org\/ca\/wp-json\/wp\/v2\/media\/11949"}],"wp:attachment":[{"href":"https:\/\/www.fundacionmdp.org\/ca\/wp-json\/wp\/v2\/media?parent=11953"}],"wp:term":[{"taxonomy":"category","embeddable":true,"href":"https:\/\/www.fundacionmdp.org\/ca\/wp-json\/wp\/v2\/categories?post=11953"},{"taxonomy":"post_tag","embeddable":true,"href":"https:\/\/www.fundacionmdp.org\/ca\/wp-json\/wp\/v2\/tags?post=11953"}],"curies":[{"name":"wp","href":"https:\/\/api.w.org\/{rel}","templated":true}]}}