{"id":12007,"date":"2025-10-30T09:06:56","date_gmt":"2025-10-30T07:06:56","guid":{"rendered":"https:\/\/www.fundacionmdp.org\/?p=12007"},"modified":"2025-10-30T09:09:12","modified_gmt":"2025-10-30T07:09:12","slug":"laccessibilitat-com-a-valor-immobiliari-quant-augmenta-el-preu-dun-habitatge-adaptat","status":"publish","type":"post","link":"https:\/\/www.fundacionmdp.org\/ca\/laccessibilitat-com-a-valor-immobiliari-quant-augmenta-el-preu-dun-habitatge-adaptat\/","title":{"rendered":"L\u2019accessibilitat com a valor immobiliari: quant augmenta el preu d\u2019un habitatge adaptat?"},"content":{"rendered":"\t\t<div data-elementor-type=\"wp-post\" data-elementor-id=\"12007\" class=\"elementor elementor-12007 elementor-12002\">\n\t\t\t\t<div class=\"elementor-element elementor-element-2e7521d e-flex e-con-boxed e-con e-parent\" data-id=\"2e7521d\" data-element_type=\"container\" data-e-type=\"container\">\n\t\t\t\t\t<div class=\"e-con-inner\">\n\t\t\t\t<div class=\"elementor-element elementor-element-b539314 elementor-widget elementor-widget-text-editor\" data-id=\"b539314\" data-element_type=\"widget\" data-e-type=\"widget\" data-widget_type=\"text-editor.default\">\n\t\t\t\t<div class=\"elementor-widget-container\">\n\t\t\t\t\t\t\t\t\t<p>A Espanya, al voltant de 4,3 milions de persones tenen algun tipus de discapacitat. No obstant aix\u00f2, aquesta q\u00fcesti\u00f3 no sembla prou rellevant, ja que, gran part dels edificis residencials no s\u00f3n accessibles. Per aquest motiu, des de la <span style=\"color: #800000;\"><a style=\"color: #800000;\" href=\"https:\/\/www.fundacionmdp.org\/\">Fundaci\u00f3 Mutua de Propietarios<\/a> <\/span>treballem per a canviar aquesta situaci\u00f3, perqu\u00e8 l&#8217;accessibilitat, a m\u00e9s de ser una q\u00fcesti\u00f3 de drets fonamentals, tamb\u00e9 \u00e9s important per a aconseguir una transformaci\u00f3 urbana i social.<\/p><p>Tenint en compte la falta d&#8217;accessibilitat en els edificis d&#8217;habitatges, el sector immobiliari hauria de plantejar-se la seg\u00fcent q\u00fcesti\u00f3: Pot l&#8217;accessibilitat augmentar el valor d&#8217;un habitatge?<\/p><p>Des de la <span style=\"color: #800000;\"><a style=\"color: #800000;\" href=\"https:\/\/www.fundacionmdp.org\/\">Fundaci\u00f3 Mutua de Propietarios<\/a><\/span> considerem que s\u00ed, ja que adaptar la part comuna d&#8217;un edifici d&#8217;habitatges o un habitatge unifamiliar millora la qualitat de vida de totes les persones i, al mateix temps, \u00e9s una inversi\u00f3 que revaloritza la propietat.<\/p><p>Per tant, l&#8217;accessibilitat \u00e9s una decisi\u00f3 imprescindible, en una comunitat de propietaris que no disposa d&#8217;accessibilitat col\u00b7lectiva, i m\u00e9s, si cap, si en ella resideixen persones amb mobilitat redu\u00efda.<\/p><h3><strong>Accessibilitat: requisit creixent en el mercat immobiliari <\/strong><\/h3><p>L&#8217;envelliment de la poblaci\u00f3, juntament amb la creixent conscienciaci\u00f3 sobre la diversitat funcional, est\u00e0 provocant una transformaci\u00f3 en el mercat de l&#8217;habitatge. Cada vegada m\u00e9s persones busquen llars que els permetin desenvolupar la seva vida de manera aut\u00f2noma i segura, augmentant aix\u00ed, la demanda de llars adaptades a persones amb mobilitat redu\u00efda.<\/p><p>Atendre les necessitats d&#8217;aquestes persones, no nom\u00e9s implica la instal\u00b7laci\u00f3 d&#8217;ascensors o eliminar les barreres arquitect\u00f2niques, sin\u00f3 que s&#8217;han de crear espais funcionals, segurs i c\u00f2modes per a qualsevol inquil\u00ed, sense importar la seva condici\u00f3 f\u00edsica o la seva edat. \u00c9s a dir, que els habitatges i edificis han de dissenyar-se des de la perspectiva d&#8217;accessibilitat universal.<\/p><p>Els immobles accessibles s&#8217;estan convertint en una oportunitat de mercat important per als inversors, propietaris i promotors, ja que estan trobant en ells grans possibilitats, tant en el mercat de compravenda com en el de lloguer. D&#8217;aquesta manera, es pot afirmar, que l&#8217;accessibilitat ha de considerar-se com un valor afegit que aporta grans beneficis al sector immobiliari.<\/p><h3><strong>Quant pot augmentar el valor d&#8217;un habitatge adaptat?<\/strong><\/h3><p>En termes num\u00e8rics, els estudis de mercat que s&#8217;han anat realitzant al llarg dels anys, han determinat que un habitatge adaptat pot augmentar el seu valor entre un 5% i un 15%. Aquest creixement pot variar segons la ubicaci\u00f3, el tipus d&#8217;adaptaci\u00f3 i l&#8217;estat general de l&#8217;edifici. Per exemple, en llocs on l&#8217;accessibilitat dels edificis encara no est\u00e0 molt desenvolupada, disposar d&#8217;un ascensor o rampa accessible pot suposar una difer\u00e8ncia rellevant en el preu final dels immobles.<\/p><p>Millores com la instal\u00b7laci\u00f3 d&#8217;ascensors o elevadors, l&#8217;eliminaci\u00f3 de graons en els accessos, la col\u00b7locaci\u00f3 de rampes, un v\u00eddeo porter accessible o la incorporaci\u00f3 de tecnologies, influeixen directament en el valor de l&#8217;habitatge. Aix\u00f2 podria suposar un inconvenient, ja que s&#8217;est\u00e0 afirmant que, adaptar els edificis per a persones amb mobilitat redu\u00efda comporta una major inversi\u00f3; no obstant aix\u00f2, des del punt de vista immobiliari suposa m\u00e9s beneficis que p\u00e8rdues, ja que, aquesta condici\u00f3 d&#8217;accessibilitat no sols revaloritza la propietat, sin\u00f3 que redueix el seu temps mitj\u00e0 en el mercat i millora la reputaci\u00f3 de l&#8217;immoble.<\/p><h3><strong>Beneficis de l\u2019accessibilitat<\/strong><\/h3><p><strong>Des del punt de vista econ\u00f2mic:<\/strong><\/p><p>L&#8217;accessibilitat \u00e9s una molt bona opci\u00f3 per a propietaris i inversors, ja que revaloritza els immobles i augmenta el seu atractiu en el mercat. Un habitatge adaptat t\u00e9 una major demanda, la qual cosa suposa una reducci\u00f3 del temps de venda o lloguer i, a vegades, permet fixar quantitats m\u00e9s competitives.<\/p><p>A nivell financer, l&#8217;accessibilitat pot facilitar l&#8217;acc\u00e9s a subvencions p\u00fabliques i beneficis fiscals, que ajuden a reduir els costos inicials de les reformes d&#8217;altres aspectes t\u00e8cnics. Amb el pas del temps, l&#8217;habitatge accessible es converteix en una inversi\u00f3 positiva, ja que, incrementa el benestar i la perman\u00e8ncia dels inquilins, i refor\u00e7a el valor de l&#8217;immoble.<\/p><p>En resum, un habitatge accessible presenta els seg\u00fcents avantatges econ\u00f2mics:<\/p><ul><li>Revaloraci\u00f3 de l&#8217;immoble.<\/li><li>Major demanda.<\/li><li>Diversos perfils interessats en l&#8217;immoble.<\/li><li>Reducci\u00f3 del temps en el mercat.<\/li><li>Millor rendibilitat en el lloguer.<\/li><li>Acc\u00e9s a subvencions i ajuts p\u00fablics.<\/li><li>Major valor patrimonial a llarg termini.<\/li><li>Redueix el risc d&#8217;accidents.<\/li><\/ul><p><strong>Des del punt de vista social: <\/strong><\/p><p>Malgrat que l&#8217;increment del valor de mercat \u00e9s un argument important, l&#8217;accessibilitat tamb\u00e9 ofereix altres beneficis que van m\u00e9s enll\u00e0 de l&#8217;aspecte econ\u00f2mic. Des d&#8217;una perspectiva social, els habitatges accessibles ofereixen multitud d&#8217;avantatges, entre les quals destaquen:<\/p><ol><li><strong>Fomenta l\u2019autonomia<\/strong>: Facilita la independ\u00e8ncia de les persones grans o amb discapacitat.<\/li><li><strong>Millora de la qualitat de vida:<\/strong> Augment de la seguretat, la comoditat i el benestar de qui viuen en elles.<\/li><li><strong>Redueix la depend\u00e8ncia d\u2019ajuts externs:<\/strong> Disminueix la necessitat d&#8217;ajut per part de les fam\u00edlies i\/o de cuidadors.<\/li><li><strong>Afavoreix la inclusi\u00f3 social:<\/strong> Permet la participaci\u00f3 en la vida quotidiana i optar a les mateixes oportunitats sense tenir en compte el tipus de mobilitat de cada persona.<\/li><li><strong>Enforteix la cohesi\u00f3 comunit\u00e0ria:<\/strong> Crea entorns m\u00e9s igualitaris, segurs i respectuosos amb la diversitat.<\/li><li><strong>Permet l&#8217;envelliment en la llar:<\/strong> Amb habitatges per a tota la vida, s&#8217;evita trasllats obligats a altres habitatges a certes edats, permet envellir a la llar on les persones se senten segures i s\u2019endarrereixen possibles trasllats a resid\u00e8ncies o centres.<\/li><li><strong>Contribueix a la sostenibilitat urbana:<\/strong> Promou ciutats m\u00e9s adaptables, equitatives i habitables per a tots.<\/li><\/ol><h3><strong>Invertir en accessibilitat \u00e9s invertir en futur<\/strong><\/h3><p>L&#8217;accessibilitat no nom\u00e9s representa una condici\u00f3 t\u00e8cnica o un requisit legal, sin\u00f3 que, suposa una oportunitat de transformaci\u00f3. Els habitatges i edificis adaptats per a persones amb mobilitat redu\u00efda s\u00f3n considerades com una estrat\u00e8gia intel\u00b7ligent per a propietaris, inversors i promotors, ja que incrementa la rendibilitat dels seus actius (aquesta condici\u00f3 pot arribar a augmentar el valor dels immobles entre un 5% i un 15%) i els permet adaptar-se a una demanda social en creixement.<\/p><p>Per aquest motiu, des de la <span style=\"color: #800000;\"><a style=\"color: #800000;\" href=\"https:\/\/www.fundacionmdp.org\/\">Fundaci\u00f3 Mutua de Propietarios<\/a><\/span>, continuarem treballant perqu\u00e8 l&#8217;accessibilitat es converteixi en un requisit fonamental dins del sector immobiliari i es consolidi com un est\u00e0ndard de qualitat en l&#8217;habitatge. Invertir en accessibilitat \u00e9s invertir en el present i en el futur, construint ciutats i llars m\u00e9s humanes i inclusius i constituint un sector immobiliari m\u00e9s valu\u00f3s i sostenible.<\/p><p>Si est\u00e0 interessat a eliminar les barreres arquitect\u00f2niques, informi&#8217;s dels <span style=\"color: #800000;\"><a style=\"color: #800000;\" href=\"https:\/\/www.fundacionmdp.org\/convocatorias\/convocatoria-de-ayudas-economicas-para-la-financiacion-al-0-interes-para-la-mejora-de-accesibilidad-de-edificios-de-viviendas-ubicadas-en-todo-el-territorio-espanol\/\">ajuts<\/a><\/span> econ\u00f2mics amb convocat\u00f2ria oberta del Programa Sense Barreres, i els convidem a con\u00e8ixer tots els \u00a0<span style=\"color: #800000;\"><a style=\"color: #800000;\" href=\"https:\/\/www.fundacionmdp.org\/ca\/que-fem\/\">nostres programes<\/a><\/span>, on persegueixen l&#8217;objectiu de conscienciar a la societat, ajudar i donar-li la import\u00e0ncia suficient a l&#8217;accessibilitat.\u00a0<\/p>\t\t\t\t\t\t\t\t<\/div>\n\t\t\t\t<\/div>\n\t\t\t\t\t<\/div>\n\t\t\t\t<\/div>\n\t\t\t\t<\/div>\n\t\t","protected":false},"excerpt":{"rendered":"<p>A Espanya, al voltant de 4,3 milions de persones tenen algun tipus de discapacitat. No obstant aix\u00f2, aquesta q\u00fcesti\u00f3 no sembla prou rellevant, ja que, gran part dels edificis residencials no s\u00f3n accessibles. Per aquest motiu, des de la Fundaci\u00f3 Mutua de Propietarios treballem per a canviar aquesta situaci\u00f3, perqu\u00e8 l&#8217;accessibilitat, a m\u00e9s de ser [&hellip;]<\/p>\n","protected":false},"author":1,"featured_media":12012,"comment_status":"open","ping_status":"open","sticky":false,"template":"","format":"standard","meta":{"_acf_changed":false,"ocean_post_layout":"","ocean_both_sidebars_style":"","ocean_both_sidebars_content_width":0,"ocean_both_sidebars_sidebars_width":0,"ocean_sidebar":"","ocean_second_sidebar":"","ocean_disable_margins":"enable","ocean_add_body_class":"","ocean_shortcode_before_top_bar":"","ocean_shortcode_after_top_bar":"","ocean_shortcode_before_header":"","ocean_shortcode_after_header":"","ocean_has_shortcode":"","ocean_shortcode_after_title":"","ocean_shortcode_before_footer_widgets":"","ocean_shortcode_after_footer_widgets":"","ocean_shortcode_before_footer_bottom":"","ocean_shortcode_after_footer_bottom":"","ocean_display_top_bar":"default","ocean_display_header":"default","ocean_header_style":"","ocean_center_header_left_menu":"","ocean_custom_header_template":"","ocean_custom_logo":0,"ocean_custom_retina_logo":0,"ocean_custom_logo_max_width":0,"ocean_custom_logo_tablet_max_width":0,"ocean_custom_logo_mobile_max_width":0,"ocean_custom_logo_max_height":0,"ocean_custom_logo_tablet_max_height":0,"ocean_custom_logo_mobile_max_height":0,"ocean_header_custom_menu":"","ocean_menu_typo_font_family":"","ocean_menu_typo_font_subset":"","ocean_menu_typo_font_size":0,"ocean_menu_typo_font_size_tablet":0,"ocean_menu_typo_font_size_mobile":0,"ocean_menu_typo_font_size_unit":"px","ocean_menu_typo_font_weight":"","ocean_menu_typo_font_weight_tablet":"","ocean_menu_typo_font_weight_mobile":"","ocean_menu_typo_transform":"","ocean_menu_typo_transform_tablet":"","ocean_menu_typo_transform_mobile":"","ocean_menu_typo_line_height":0,"ocean_menu_typo_line_height_tablet":0,"ocean_menu_typo_line_height_mobile":0,"ocean_menu_typo_line_height_unit":"","ocean_menu_typo_spacing":0,"ocean_menu_typo_spacing_tablet":0,"ocean_menu_typo_spacing_mobile":0,"ocean_menu_typo_spacing_unit":"","ocean_menu_link_color":"","ocean_menu_link_color_hover":"","ocean_menu_link_color_active":"","ocean_menu_link_background":"","ocean_menu_link_hover_background":"","ocean_menu_link_active_background":"","ocean_menu_social_links_bg":"","ocean_menu_social_hover_links_bg":"","ocean_menu_social_links_color":"","ocean_menu_social_hover_links_color":"","ocean_disable_title":"default","ocean_disable_heading":"default","ocean_post_title":"","ocean_post_subheading":"","ocean_post_title_style":"","ocean_post_title_background_color":"","ocean_post_title_background":0,"ocean_post_title_bg_image_position":"","ocean_post_title_bg_image_attachment":"","ocean_post_title_bg_image_repeat":"","ocean_post_title_bg_image_size":"","ocean_post_title_height":0,"ocean_post_title_bg_overlay":0.5,"ocean_post_title_bg_overlay_color":"","ocean_disable_breadcrumbs":"default","ocean_breadcrumbs_color":"","ocean_breadcrumbs_separator_color":"","ocean_breadcrumbs_links_color":"","ocean_breadcrumbs_links_hover_color":"","ocean_display_footer_widgets":"default","ocean_display_footer_bottom":"default","ocean_custom_footer_template":"","ocean_post_oembed":"","ocean_post_self_hosted_media":"","ocean_post_video_embed":"","ocean_link_format":"","ocean_link_format_target":"self","ocean_quote_format":"","ocean_quote_format_link":"post","ocean_gallery_link_images":"on","ocean_gallery_id":[],"footnotes":""},"categories":[1],"tags":[],"class_list":["post-12007","post","type-post","status-publish","format-standard","has-post-thumbnail","hentry","category-sin-categorizar","entry","has-media"],"acf":[],"yoast_head":"<!-- This site is optimized with the Yoast SEO plugin v27.3 - https:\/\/yoast.com\/product\/yoast-seo-wordpress\/ -->\n<title>L\u2019accessibilitat com a valor immobiliari: quant augmenta el preu d\u2019un habitatge adaptat? - Fundaci\u00f3n Mutua de Propietarios<\/title>\n<meta name=\"robots\" content=\"index, follow, max-snippet:-1, max-image-preview:large, max-video-preview:-1\" \/>\n<link rel=\"canonical\" href=\"https:\/\/www.fundacionmdp.org\/ca\/laccessibilitat-com-a-valor-immobiliari-quant-augmenta-el-preu-dun-habitatge-adaptat\/\" \/>\n<meta property=\"og:locale\" content=\"ca_ES\" \/>\n<meta property=\"og:type\" content=\"article\" \/>\n<meta property=\"og:title\" content=\"L\u2019accessibilitat com a valor immobiliari: quant augmenta el preu d\u2019un habitatge adaptat? - Fundaci\u00f3n Mutua de Propietarios\" \/>\n<meta property=\"og:description\" content=\"A Espanya, al voltant de 4,3 milions de persones tenen algun tipus de discapacitat. No obstant aix\u00f2, aquesta q\u00fcesti\u00f3 no sembla prou rellevant, ja que, gran part dels edificis residencials no s\u00f3n accessibles. Per aquest motiu, des de la Fundaci\u00f3 Mutua de Propietarios treballem per a canviar aquesta situaci\u00f3, perqu\u00e8 l&#8217;accessibilitat, a m\u00e9s de ser [&hellip;]\" \/>\n<meta property=\"og:url\" content=\"https:\/\/www.fundacionmdp.org\/ca\/laccessibilitat-com-a-valor-immobiliari-quant-augmenta-el-preu-dun-habitatge-adaptat\/\" \/>\n<meta property=\"og:site_name\" content=\"Fundaci\u00f3n Mutua de Propietarios\" \/>\n<meta property=\"article:published_time\" content=\"2025-10-30T07:06:56+00:00\" \/>\n<meta property=\"article:modified_time\" content=\"2025-10-30T07:09:12+00:00\" \/>\n<meta property=\"og:image\" content=\"https:\/\/www.fundacionmdp.org\/wp-content\/uploads\/2025\/10\/8-2-21.jpg\" \/>\n\t<meta property=\"og:image:width\" content=\"1000\" \/>\n\t<meta property=\"og:image:height\" content=\"563\" \/>\n\t<meta property=\"og:image:type\" content=\"image\/jpeg\" \/>\n<meta name=\"author\" content=\"fundacionmdp\" \/>\n<meta name=\"twitter:card\" content=\"summary_large_image\" \/>\n<meta name=\"twitter:label1\" content=\"Escrit per\" \/>\n\t<meta name=\"twitter:data1\" content=\"fundacionmdp\" \/>\n\t<meta name=\"twitter:label2\" content=\"Temps estimat de lectura\" \/>\n\t<meta name=\"twitter:data2\" content=\"6 minuts\" \/>\n<script type=\"application\/ld+json\" class=\"yoast-schema-graph\">{\"@context\":\"https:\\\/\\\/schema.org\",\"@graph\":[{\"@type\":\"Article\",\"@id\":\"https:\\\/\\\/www.fundacionmdp.org\\\/ca\\\/laccessibilitat-com-a-valor-immobiliari-quant-augmenta-el-preu-dun-habitatge-adaptat\\\/#article\",\"isPartOf\":{\"@id\":\"https:\\\/\\\/www.fundacionmdp.org\\\/ca\\\/laccessibilitat-com-a-valor-immobiliari-quant-augmenta-el-preu-dun-habitatge-adaptat\\\/\"},\"author\":{\"name\":\"fundacionmdp\",\"@id\":\"https:\\\/\\\/www.fundacionmdp.org\\\/#\\\/schema\\\/person\\\/12f9af801cac25dfcb5a96cb0090f703\"},\"headline\":\"L\u2019accessibilitat com a valor immobiliari: quant augmenta el preu d\u2019un habitatge adaptat?\",\"datePublished\":\"2025-10-30T07:06:56+00:00\",\"dateModified\":\"2025-10-30T07:09:12+00:00\",\"mainEntityOfPage\":{\"@id\":\"https:\\\/\\\/www.fundacionmdp.org\\\/ca\\\/laccessibilitat-com-a-valor-immobiliari-quant-augmenta-el-preu-dun-habitatge-adaptat\\\/\"},\"wordCount\":1191,\"commentCount\":0,\"publisher\":{\"@id\":\"https:\\\/\\\/www.fundacionmdp.org\\\/#organization\"},\"image\":{\"@id\":\"https:\\\/\\\/www.fundacionmdp.org\\\/ca\\\/laccessibilitat-com-a-valor-immobiliari-quant-augmenta-el-preu-dun-habitatge-adaptat\\\/#primaryimage\"},\"thumbnailUrl\":\"https:\\\/\\\/www.fundacionmdp.org\\\/wp-content\\\/uploads\\\/2025\\\/10\\\/8-2-21.jpg\",\"articleSection\":[\"Sin categorizar\"],\"inLanguage\":\"ca\",\"potentialAction\":[{\"@type\":\"CommentAction\",\"name\":\"Comment\",\"target\":[\"https:\\\/\\\/www.fundacionmdp.org\\\/ca\\\/laccessibilitat-com-a-valor-immobiliari-quant-augmenta-el-preu-dun-habitatge-adaptat\\\/#respond\"]}]},{\"@type\":\"WebPage\",\"@id\":\"https:\\\/\\\/www.fundacionmdp.org\\\/ca\\\/laccessibilitat-com-a-valor-immobiliari-quant-augmenta-el-preu-dun-habitatge-adaptat\\\/\",\"url\":\"https:\\\/\\\/www.fundacionmdp.org\\\/ca\\\/laccessibilitat-com-a-valor-immobiliari-quant-augmenta-el-preu-dun-habitatge-adaptat\\\/\",\"name\":\"L\u2019accessibilitat com a valor immobiliari: quant augmenta el preu d\u2019un habitatge adaptat? - Fundaci\u00f3n Mutua de Propietarios\",\"isPartOf\":{\"@id\":\"https:\\\/\\\/www.fundacionmdp.org\\\/#website\"},\"primaryImageOfPage\":{\"@id\":\"https:\\\/\\\/www.fundacionmdp.org\\\/ca\\\/laccessibilitat-com-a-valor-immobiliari-quant-augmenta-el-preu-dun-habitatge-adaptat\\\/#primaryimage\"},\"image\":{\"@id\":\"https:\\\/\\\/www.fundacionmdp.org\\\/ca\\\/laccessibilitat-com-a-valor-immobiliari-quant-augmenta-el-preu-dun-habitatge-adaptat\\\/#primaryimage\"},\"thumbnailUrl\":\"https:\\\/\\\/www.fundacionmdp.org\\\/wp-content\\\/uploads\\\/2025\\\/10\\\/8-2-21.jpg\",\"datePublished\":\"2025-10-30T07:06:56+00:00\",\"dateModified\":\"2025-10-30T07:09:12+00:00\",\"breadcrumb\":{\"@id\":\"https:\\\/\\\/www.fundacionmdp.org\\\/ca\\\/laccessibilitat-com-a-valor-immobiliari-quant-augmenta-el-preu-dun-habitatge-adaptat\\\/#breadcrumb\"},\"inLanguage\":\"ca\",\"potentialAction\":[{\"@type\":\"ReadAction\",\"target\":[\"https:\\\/\\\/www.fundacionmdp.org\\\/ca\\\/laccessibilitat-com-a-valor-immobiliari-quant-augmenta-el-preu-dun-habitatge-adaptat\\\/\"]}]},{\"@type\":\"ImageObject\",\"inLanguage\":\"ca\",\"@id\":\"https:\\\/\\\/www.fundacionmdp.org\\\/ca\\\/laccessibilitat-com-a-valor-immobiliari-quant-augmenta-el-preu-dun-habitatge-adaptat\\\/#primaryimage\",\"url\":\"https:\\\/\\\/www.fundacionmdp.org\\\/wp-content\\\/uploads\\\/2025\\\/10\\\/8-2-21.jpg\",\"contentUrl\":\"https:\\\/\\\/www.fundacionmdp.org\\\/wp-content\\\/uploads\\\/2025\\\/10\\\/8-2-21.jpg\",\"width\":1000,\"height\":563},{\"@type\":\"BreadcrumbList\",\"@id\":\"https:\\\/\\\/www.fundacionmdp.org\\\/ca\\\/laccessibilitat-com-a-valor-immobiliari-quant-augmenta-el-preu-dun-habitatge-adaptat\\\/#breadcrumb\",\"itemListElement\":[{\"@type\":\"ListItem\",\"position\":1,\"name\":\"Home\",\"item\":\"https:\\\/\\\/www.fundacionmdp.org\\\/ca\\\/\"},{\"@type\":\"ListItem\",\"position\":2,\"name\":\"L\u2019accessibilitat com a valor immobiliari: quant augmenta el preu d\u2019un habitatge adaptat?\"}]},{\"@type\":\"WebSite\",\"@id\":\"https:\\\/\\\/www.fundacionmdp.org\\\/#website\",\"url\":\"https:\\\/\\\/www.fundacionmdp.org\\\/\",\"name\":\"Fundaci\u00f3n Mutua de Propietarios\",\"description\":\"En la Fundaci\u00f3n Mutua de Propietarios te ayudamos a convertir tu edificio de viviendas en un espacio sin barreras arquitect\u00f3nicas.\",\"publisher\":{\"@id\":\"https:\\\/\\\/www.fundacionmdp.org\\\/#organization\"},\"potentialAction\":[{\"@type\":\"SearchAction\",\"target\":{\"@type\":\"EntryPoint\",\"urlTemplate\":\"https:\\\/\\\/www.fundacionmdp.org\\\/?s={search_term_string}\"},\"query-input\":{\"@type\":\"PropertyValueSpecification\",\"valueRequired\":true,\"valueName\":\"search_term_string\"}}],\"inLanguage\":\"ca\"},{\"@type\":\"Organization\",\"@id\":\"https:\\\/\\\/www.fundacionmdp.org\\\/#organization\",\"name\":\"Fundaci\u00f3n Mutua de Propietarios\",\"url\":\"https:\\\/\\\/www.fundacionmdp.org\\\/\",\"logo\":{\"@type\":\"ImageObject\",\"inLanguage\":\"ca\",\"@id\":\"https:\\\/\\\/www.fundacionmdp.org\\\/#\\\/schema\\\/logo\\\/image\\\/\",\"url\":\"https:\\\/\\\/www.fundacionmdp.org\\\/wp-content\\\/uploads\\\/2023\\\/05\\\/logo_FMdP_cat.png\",\"contentUrl\":\"https:\\\/\\\/www.fundacionmdp.org\\\/wp-content\\\/uploads\\\/2023\\\/05\\\/logo_FMdP_cat.png\",\"width\":655,\"height\":297,\"caption\":\"Fundaci\u00f3n Mutua de Propietarios\"},\"image\":{\"@id\":\"https:\\\/\\\/www.fundacionmdp.org\\\/#\\\/schema\\\/logo\\\/image\\\/\"}},{\"@type\":\"Person\",\"@id\":\"https:\\\/\\\/www.fundacionmdp.org\\\/#\\\/schema\\\/person\\\/12f9af801cac25dfcb5a96cb0090f703\",\"name\":\"fundacionmdp\",\"image\":{\"@type\":\"ImageObject\",\"inLanguage\":\"ca\",\"@id\":\"https:\\\/\\\/secure.gravatar.com\\\/avatar\\\/b540f93d1816a14d85e51109d050c3243b98fb660a665f517a6d2597cff3bbed?s=96&d=mm&r=g\",\"url\":\"https:\\\/\\\/secure.gravatar.com\\\/avatar\\\/b540f93d1816a14d85e51109d050c3243b98fb660a665f517a6d2597cff3bbed?s=96&d=mm&r=g\",\"contentUrl\":\"https:\\\/\\\/secure.gravatar.com\\\/avatar\\\/b540f93d1816a14d85e51109d050c3243b98fb660a665f517a6d2597cff3bbed?s=96&d=mm&r=g\",\"caption\":\"fundacionmdp\"},\"sameAs\":[\"http:\\\/\\\/prezuk.com.mialias.net\\\/fundacionmdp\"],\"url\":\"https:\\\/\\\/www.fundacionmdp.org\\\/ca\\\/author\\\/fundacionmdp\\\/\"}]}<\/script>\n<!-- \/ Yoast SEO plugin. -->","yoast_head_json":{"title":"L\u2019accessibilitat com a valor immobiliari: quant augmenta el preu d\u2019un habitatge adaptat? - Fundaci\u00f3n Mutua de Propietarios","robots":{"index":"index","follow":"follow","max-snippet":"max-snippet:-1","max-image-preview":"max-image-preview:large","max-video-preview":"max-video-preview:-1"},"canonical":"https:\/\/www.fundacionmdp.org\/ca\/laccessibilitat-com-a-valor-immobiliari-quant-augmenta-el-preu-dun-habitatge-adaptat\/","og_locale":"ca_ES","og_type":"article","og_title":"L\u2019accessibilitat com a valor immobiliari: quant augmenta el preu d\u2019un habitatge adaptat? - Fundaci\u00f3n Mutua de Propietarios","og_description":"A Espanya, al voltant de 4,3 milions de persones tenen algun tipus de discapacitat. No obstant aix\u00f2, aquesta q\u00fcesti\u00f3 no sembla prou rellevant, ja que, gran part dels edificis residencials no s\u00f3n accessibles. Per aquest motiu, des de la Fundaci\u00f3 Mutua de Propietarios treballem per a canviar aquesta situaci\u00f3, perqu\u00e8 l&#8217;accessibilitat, a m\u00e9s de ser [&hellip;]","og_url":"https:\/\/www.fundacionmdp.org\/ca\/laccessibilitat-com-a-valor-immobiliari-quant-augmenta-el-preu-dun-habitatge-adaptat\/","og_site_name":"Fundaci\u00f3n Mutua de Propietarios","article_published_time":"2025-10-30T07:06:56+00:00","article_modified_time":"2025-10-30T07:09:12+00:00","og_image":[{"width":1000,"height":563,"url":"https:\/\/www.fundacionmdp.org\/wp-content\/uploads\/2025\/10\/8-2-21.jpg","type":"image\/jpeg"}],"author":"fundacionmdp","twitter_card":"summary_large_image","twitter_misc":{"Escrit per":"fundacionmdp","Temps estimat de lectura":"6 minuts"},"schema":{"@context":"https:\/\/schema.org","@graph":[{"@type":"Article","@id":"https:\/\/www.fundacionmdp.org\/ca\/laccessibilitat-com-a-valor-immobiliari-quant-augmenta-el-preu-dun-habitatge-adaptat\/#article","isPartOf":{"@id":"https:\/\/www.fundacionmdp.org\/ca\/laccessibilitat-com-a-valor-immobiliari-quant-augmenta-el-preu-dun-habitatge-adaptat\/"},"author":{"name":"fundacionmdp","@id":"https:\/\/www.fundacionmdp.org\/#\/schema\/person\/12f9af801cac25dfcb5a96cb0090f703"},"headline":"L\u2019accessibilitat com a valor immobiliari: quant augmenta el preu d\u2019un habitatge adaptat?","datePublished":"2025-10-30T07:06:56+00:00","dateModified":"2025-10-30T07:09:12+00:00","mainEntityOfPage":{"@id":"https:\/\/www.fundacionmdp.org\/ca\/laccessibilitat-com-a-valor-immobiliari-quant-augmenta-el-preu-dun-habitatge-adaptat\/"},"wordCount":1191,"commentCount":0,"publisher":{"@id":"https:\/\/www.fundacionmdp.org\/#organization"},"image":{"@id":"https:\/\/www.fundacionmdp.org\/ca\/laccessibilitat-com-a-valor-immobiliari-quant-augmenta-el-preu-dun-habitatge-adaptat\/#primaryimage"},"thumbnailUrl":"https:\/\/www.fundacionmdp.org\/wp-content\/uploads\/2025\/10\/8-2-21.jpg","articleSection":["Sin categorizar"],"inLanguage":"ca","potentialAction":[{"@type":"CommentAction","name":"Comment","target":["https:\/\/www.fundacionmdp.org\/ca\/laccessibilitat-com-a-valor-immobiliari-quant-augmenta-el-preu-dun-habitatge-adaptat\/#respond"]}]},{"@type":"WebPage","@id":"https:\/\/www.fundacionmdp.org\/ca\/laccessibilitat-com-a-valor-immobiliari-quant-augmenta-el-preu-dun-habitatge-adaptat\/","url":"https:\/\/www.fundacionmdp.org\/ca\/laccessibilitat-com-a-valor-immobiliari-quant-augmenta-el-preu-dun-habitatge-adaptat\/","name":"L\u2019accessibilitat com a valor immobiliari: quant augmenta el preu d\u2019un habitatge adaptat? - Fundaci\u00f3n Mutua de Propietarios","isPartOf":{"@id":"https:\/\/www.fundacionmdp.org\/#website"},"primaryImageOfPage":{"@id":"https:\/\/www.fundacionmdp.org\/ca\/laccessibilitat-com-a-valor-immobiliari-quant-augmenta-el-preu-dun-habitatge-adaptat\/#primaryimage"},"image":{"@id":"https:\/\/www.fundacionmdp.org\/ca\/laccessibilitat-com-a-valor-immobiliari-quant-augmenta-el-preu-dun-habitatge-adaptat\/#primaryimage"},"thumbnailUrl":"https:\/\/www.fundacionmdp.org\/wp-content\/uploads\/2025\/10\/8-2-21.jpg","datePublished":"2025-10-30T07:06:56+00:00","dateModified":"2025-10-30T07:09:12+00:00","breadcrumb":{"@id":"https:\/\/www.fundacionmdp.org\/ca\/laccessibilitat-com-a-valor-immobiliari-quant-augmenta-el-preu-dun-habitatge-adaptat\/#breadcrumb"},"inLanguage":"ca","potentialAction":[{"@type":"ReadAction","target":["https:\/\/www.fundacionmdp.org\/ca\/laccessibilitat-com-a-valor-immobiliari-quant-augmenta-el-preu-dun-habitatge-adaptat\/"]}]},{"@type":"ImageObject","inLanguage":"ca","@id":"https:\/\/www.fundacionmdp.org\/ca\/laccessibilitat-com-a-valor-immobiliari-quant-augmenta-el-preu-dun-habitatge-adaptat\/#primaryimage","url":"https:\/\/www.fundacionmdp.org\/wp-content\/uploads\/2025\/10\/8-2-21.jpg","contentUrl":"https:\/\/www.fundacionmdp.org\/wp-content\/uploads\/2025\/10\/8-2-21.jpg","width":1000,"height":563},{"@type":"BreadcrumbList","@id":"https:\/\/www.fundacionmdp.org\/ca\/laccessibilitat-com-a-valor-immobiliari-quant-augmenta-el-preu-dun-habitatge-adaptat\/#breadcrumb","itemListElement":[{"@type":"ListItem","position":1,"name":"Home","item":"https:\/\/www.fundacionmdp.org\/ca\/"},{"@type":"ListItem","position":2,"name":"L\u2019accessibilitat com a valor immobiliari: quant augmenta el preu d\u2019un habitatge adaptat?"}]},{"@type":"WebSite","@id":"https:\/\/www.fundacionmdp.org\/#website","url":"https:\/\/www.fundacionmdp.org\/","name":"Fundaci\u00f3n Mutua de Propietarios","description":"En la Fundaci\u00f3n Mutua de Propietarios te ayudamos a convertir tu edificio de viviendas en un espacio sin barreras arquitect\u00f3nicas.","publisher":{"@id":"https:\/\/www.fundacionmdp.org\/#organization"},"potentialAction":[{"@type":"SearchAction","target":{"@type":"EntryPoint","urlTemplate":"https:\/\/www.fundacionmdp.org\/?s={search_term_string}"},"query-input":{"@type":"PropertyValueSpecification","valueRequired":true,"valueName":"search_term_string"}}],"inLanguage":"ca"},{"@type":"Organization","@id":"https:\/\/www.fundacionmdp.org\/#organization","name":"Fundaci\u00f3n Mutua de Propietarios","url":"https:\/\/www.fundacionmdp.org\/","logo":{"@type":"ImageObject","inLanguage":"ca","@id":"https:\/\/www.fundacionmdp.org\/#\/schema\/logo\/image\/","url":"https:\/\/www.fundacionmdp.org\/wp-content\/uploads\/2023\/05\/logo_FMdP_cat.png","contentUrl":"https:\/\/www.fundacionmdp.org\/wp-content\/uploads\/2023\/05\/logo_FMdP_cat.png","width":655,"height":297,"caption":"Fundaci\u00f3n Mutua de Propietarios"},"image":{"@id":"https:\/\/www.fundacionmdp.org\/#\/schema\/logo\/image\/"}},{"@type":"Person","@id":"https:\/\/www.fundacionmdp.org\/#\/schema\/person\/12f9af801cac25dfcb5a96cb0090f703","name":"fundacionmdp","image":{"@type":"ImageObject","inLanguage":"ca","@id":"https:\/\/secure.gravatar.com\/avatar\/b540f93d1816a14d85e51109d050c3243b98fb660a665f517a6d2597cff3bbed?s=96&d=mm&r=g","url":"https:\/\/secure.gravatar.com\/avatar\/b540f93d1816a14d85e51109d050c3243b98fb660a665f517a6d2597cff3bbed?s=96&d=mm&r=g","contentUrl":"https:\/\/secure.gravatar.com\/avatar\/b540f93d1816a14d85e51109d050c3243b98fb660a665f517a6d2597cff3bbed?s=96&d=mm&r=g","caption":"fundacionmdp"},"sameAs":["http:\/\/prezuk.com.mialias.net\/fundacionmdp"],"url":"https:\/\/www.fundacionmdp.org\/ca\/author\/fundacionmdp\/"}]}},"_links":{"self":[{"href":"https:\/\/www.fundacionmdp.org\/ca\/wp-json\/wp\/v2\/posts\/12007","targetHints":{"allow":["GET"]}}],"collection":[{"href":"https:\/\/www.fundacionmdp.org\/ca\/wp-json\/wp\/v2\/posts"}],"about":[{"href":"https:\/\/www.fundacionmdp.org\/ca\/wp-json\/wp\/v2\/types\/post"}],"author":[{"embeddable":true,"href":"https:\/\/www.fundacionmdp.org\/ca\/wp-json\/wp\/v2\/users\/1"}],"replies":[{"embeddable":true,"href":"https:\/\/www.fundacionmdp.org\/ca\/wp-json\/wp\/v2\/comments?post=12007"}],"version-history":[{"count":12,"href":"https:\/\/www.fundacionmdp.org\/ca\/wp-json\/wp\/v2\/posts\/12007\/revisions"}],"predecessor-version":[{"id":12027,"href":"https:\/\/www.fundacionmdp.org\/ca\/wp-json\/wp\/v2\/posts\/12007\/revisions\/12027"}],"wp:featuredmedia":[{"embeddable":true,"href":"https:\/\/www.fundacionmdp.org\/ca\/wp-json\/wp\/v2\/media\/12012"}],"wp:attachment":[{"href":"https:\/\/www.fundacionmdp.org\/ca\/wp-json\/wp\/v2\/media?parent=12007"}],"wp:term":[{"taxonomy":"category","embeddable":true,"href":"https:\/\/www.fundacionmdp.org\/ca\/wp-json\/wp\/v2\/categories?post=12007"},{"taxonomy":"post_tag","embeddable":true,"href":"https:\/\/www.fundacionmdp.org\/ca\/wp-json\/wp\/v2\/tags?post=12007"}],"curies":[{"name":"wp","href":"https:\/\/api.w.org\/{rel}","templated":true}]}}