{"id":12118,"date":"2025-12-03T10:34:14","date_gmt":"2025-12-03T08:34:14","guid":{"rendered":"https:\/\/www.fundacionmdp.org\/solo-el-8-de-las-personas-con-movilidad-reducida-se-siente-plenamente-autonomo\/"},"modified":"2025-12-03T10:56:14","modified_gmt":"2025-12-03T08:56:14","slug":"nomes-el-8-de-les-persones-amb-mobilitat-reduida-se-sent-plenament-autonom","status":"publish","type":"post","link":"https:\/\/www.fundacionmdp.org\/ca\/nomes-el-8-de-les-persones-amb-mobilitat-reduida-se-sent-plenament-autonom\/","title":{"rendered":"NOM\u00c9S EL 8% DE LES PERSONES AMB MOBILITAT REDU\u00cfDA SE SENT PLENAMENT AUT\u00d2NOM"},"content":{"rendered":"\n<p>Solament el 8% de les persones amb mobilitat redu\u00efda se sent plenament aut\u00f2nom, d&#8217;acord amb l&#8217;estudi \u2018Sumant Veus\u2019, elaborat per la Fundaci\u00f3 Mutua de Propietarios amb la col\u00b7laboraci\u00f3 de&nbsp;COCEMFE&nbsp;per a con\u00e8ixer, des de la pr\u00f2pia veu dels protagonistes, la vida quotidiana d&#8217;aquest col\u00b7lectiu i els desafiaments que afronten en el seu dia a dia per la pres\u00e8ncia de barreres arquitect\u00f2niques.<\/p>\n\n\n\n<p>D&#8217;acord amb l&#8217;informe, el nivell d&#8217;independ\u00e8ncia dels m\u00e9s de 1,2 milions d&#8217;espanyols amb una discapacitat que limita la seva mobilitat se situa en un 5,5 sobre 10. I un dels motius \u00e9s clar: set de cada deu persones ensopeguen di\u00e0riament amb barreres arquitect\u00f2niques, una realitat que condiciona la seva llibertat personal i el seu benestar emocional.<\/p>\n\n\n<div class=\"wp-block-image\">\n<figure class=\"alignright size-large is-resized\"><img fetchpriority=\"high\" decoding=\"async\" width=\"884\" height=\"1024\" src=\"https:\/\/www.fundacionmdp.org\/wp-content\/uploads\/2025\/12\/Infografias_prensa02_CAT-884x1024.png\" alt=\"\" class=\"wp-image-12121\" style=\"aspect-ratio:0.8632954892168355;width:268px;height:auto\" srcset=\"https:\/\/www.fundacionmdp.org\/wp-content\/uploads\/2025\/12\/Infografias_prensa02_CAT-884x1024.png 884w, https:\/\/www.fundacionmdp.org\/wp-content\/uploads\/2025\/12\/Infografias_prensa02_CAT-259x300.png 259w, https:\/\/www.fundacionmdp.org\/wp-content\/uploads\/2025\/12\/Infografias_prensa02_CAT-768x890.png 768w, https:\/\/www.fundacionmdp.org\/wp-content\/uploads\/2025\/12\/Infografias_prensa02_CAT.png 963w\" sizes=\"(max-width: 884px) 100vw, 884px\" \/><\/figure>\n<\/div>\n\n\n<p><br>\u201cNo parlem nom\u00e9s de la pres\u00e8ncia de rampes o ascensors, sin\u00f3 del que la seva pres\u00e8ncia comporta: la possibilitat de decidir com viure, sortir, estudiar o treballar sense dependre d&#8217;uns altres\u201d, assenyala Cristina Pall\u00e0s, directora de la Fundaci\u00f3 Mutua de Propietarios. \u201cL&#8217;autonomia no hauria de ser un privilegi, sin\u00f3 un dret garantit\u201d.<\/p>\n\n\n\n<p><br>En aquest context, el domicili es converteix amb freq\u00fc\u00e8ncia en un entorn ple de limitacions en lloc d&#8217;en un espai segur. Nom\u00e9s una de cada quatre llars est\u00e0 totalment adaptada a les necessitats de mobilitat dels seus residents, mentre que gaireb\u00e9 la meitat (45%) compta \u00fanicament amb modificacions parcials i un 29% viu en espais poc o gens aptes.<\/p>\n\n\n\n<p>I, si dins de casa la situaci\u00f3 resulta complicada, tampoc millora en sortir d&#8217;ella. Nom\u00e9s el 27% dels qui resideixen en edificis considera que estan totalment adequats a les seves necessitats, mentre que la majoria creu que aquesta adaptaci\u00f3 \u00e9s parcial (43%).<\/p>\n\n\n\n<p><strong><em><strong><em>Dificultats de socialitzaci\u00f3.<\/em><\/strong><\/em><\/strong><\/p>\n\n\n\n<p>L&#8217;informe de la Fundaci\u00f3 Mutua de Propietarios revela que set de cada deu espanyols amb dificultats en la mobilitat s&#8217;enfronten freq\u00fcentment a barreres arquitect\u00f2niques, provocant que el 79% hagi hagut de renunciar a plans amb amics per falta d&#8217;accessibilitat, un 74% ho hagi hagut de fer en l&#8217;\u00e0mbit familiar, i gaireb\u00e9 la meitat (49%) al treball o als estudis.<br>Aix\u00ed mateix, el 60% assegura que aquests obstacles limiten les seves relacions personals, i el 54% que condicionen el seu temps lliure.<\/p>\n\n\n\n<p>\u201cLa falta d&#8217;accessibilitat no nom\u00e9s restringeix la mobilitat, tamb\u00e9 deixa empremta en l&#8217;autoestima, la salut mental i el sentit de pertinen\u00e7a a la comunitat. Per aix\u00f2, \u00e9s important comprendre que la inclusi\u00f3 no \u00e9s una q\u00fcesti\u00f3 merament t\u00e8cnica, sin\u00f3 tamb\u00e9 humana\u201d, assenyala&nbsp;Anxo&nbsp;Queiruga, president de&nbsp;COCEMFE.<\/p>\n\n\n<div class=\"wp-block-image\">\n<figure class=\"alignright size-large is-resized\"><img decoding=\"async\" width=\"1024\" height=\"442\" src=\"https:\/\/www.fundacionmdp.org\/wp-content\/uploads\/2025\/12\/Infografias_prensa_CAT-1024x442.png\" alt=\"\" class=\"wp-image-12124\" style=\"aspect-ratio:2.31684192380624;width:400px;height:auto\" srcset=\"https:\/\/www.fundacionmdp.org\/wp-content\/uploads\/2025\/12\/Infografias_prensa_CAT-1024x442.png 1024w, https:\/\/www.fundacionmdp.org\/wp-content\/uploads\/2025\/12\/Infografias_prensa_CAT-300x129.png 300w, https:\/\/www.fundacionmdp.org\/wp-content\/uploads\/2025\/12\/Infografias_prensa_CAT-768x331.png 768w, https:\/\/www.fundacionmdp.org\/wp-content\/uploads\/2025\/12\/Infografias_prensa_CAT-1536x663.png 1536w, https:\/\/www.fundacionmdp.org\/wp-content\/uploads\/2025\/12\/Infografias_prensa_CAT.png 1916w\" sizes=\"(max-width: 1024px) 100vw, 1024px\" \/><\/figure>\n<\/div>\n\n\n<p><br>Encara que vuit de cada deu persones amb mobilitat redu\u00efda asseguren sentir-se compreses en el seu entorn pr\u00f2xim, el pes emocional de la falta d&#8217;accessibilitat continua sent gran. Frustraci\u00f3 (32%), impot\u00e8ncia (27%), empipament (14%) i tristesa (7%) s\u00f3n els sentiments m\u00e9s comuns davant les barreres arquitect\u00f2niques que es troben di\u00e0riament. Tant \u00e9s aix\u00ed que nom\u00e9s un 14% afirma sentir-se motivat a buscar solucions enfront d&#8217;una problem\u00e0tica que, per al 91% de la poblaci\u00f3 encara no ent\u00e9n.<\/p>\n\n\n\n<p><br>\u201c\u00c9s urgent que, com a societat, avancem junts per aconseguir canvis reals que permetin l&#8217;accessibilitat universal i l&#8217;autonomia total de les persones amb discapacitat en la mobilitat. Derrocar les barreres arquitect\u00f2niques \u00e9s el primer pas per aconseguir una societat veritablement inclusiva. Per aix\u00f2, \u00e9s vital que unim esfor\u00e7os perqu\u00e8 la mobilitat redu\u00efda mai sigui un l\u00edmit perqu\u00e8 cada persona pugui cr\u00e9ixer, somiar i viure plenament\u201d, conclou Cristina Pall\u00e0s.<\/p>\n\n\n\n<p><\/p>\n","protected":false},"excerpt":{"rendered":"<p>Solament el 8% de les persones amb mobilitat redu\u00efda se sent plenament aut\u00f2nom, d&#8217;acord amb l&#8217;estudi \u2018Sumant Veus\u2019, elaborat per la Fundaci\u00f3 Mutua de Propietarios amb la col\u00b7laboraci\u00f3 de&nbsp;COCEMFE&nbsp;per a con\u00e8ixer, des de la pr\u00f2pia veu dels protagonistes, la vida quotidiana d&#8217;aquest col\u00b7lectiu i els desafiaments que afronten en el seu dia a dia per [&hellip;]<\/p>\n","protected":false},"author":29,"featured_media":12141,"comment_status":"open","ping_status":"open","sticky":false,"template":"","format":"standard","meta":{"_acf_changed":false,"ocean_post_layout":"","ocean_both_sidebars_style":"","ocean_both_sidebars_content_width":0,"ocean_both_sidebars_sidebars_width":0,"ocean_sidebar":"","ocean_second_sidebar":"","ocean_disable_margins":"enable","ocean_add_body_class":"","ocean_shortcode_before_top_bar":"","ocean_shortcode_after_top_bar":"","ocean_shortcode_before_header":"","ocean_shortcode_after_header":"","ocean_has_shortcode":"","ocean_shortcode_after_title":"","ocean_shortcode_before_footer_widgets":"","ocean_shortcode_after_footer_widgets":"","ocean_shortcode_before_footer_bottom":"","ocean_shortcode_after_footer_bottom":"","ocean_display_top_bar":"default","ocean_display_header":"default","ocean_header_style":"","ocean_center_header_left_menu":"","ocean_custom_header_template":"","ocean_custom_logo":0,"ocean_custom_retina_logo":0,"ocean_custom_logo_max_width":0,"ocean_custom_logo_tablet_max_width":0,"ocean_custom_logo_mobile_max_width":0,"ocean_custom_logo_max_height":0,"ocean_custom_logo_tablet_max_height":0,"ocean_custom_logo_mobile_max_height":0,"ocean_header_custom_menu":"","ocean_menu_typo_font_family":"","ocean_menu_typo_font_subset":"","ocean_menu_typo_font_size":0,"ocean_menu_typo_font_size_tablet":0,"ocean_menu_typo_font_size_mobile":0,"ocean_menu_typo_font_size_unit":"px","ocean_menu_typo_font_weight":"","ocean_menu_typo_font_weight_tablet":"","ocean_menu_typo_font_weight_mobile":"","ocean_menu_typo_transform":"","ocean_menu_typo_transform_tablet":"","ocean_menu_typo_transform_mobile":"","ocean_menu_typo_line_height":0,"ocean_menu_typo_line_height_tablet":0,"ocean_menu_typo_line_height_mobile":0,"ocean_menu_typo_line_height_unit":"","ocean_menu_typo_spacing":0,"ocean_menu_typo_spacing_tablet":0,"ocean_menu_typo_spacing_mobile":0,"ocean_menu_typo_spacing_unit":"","ocean_menu_link_color":"","ocean_menu_link_color_hover":"","ocean_menu_link_color_active":"","ocean_menu_link_background":"","ocean_menu_link_hover_background":"","ocean_menu_link_active_background":"","ocean_menu_social_links_bg":"","ocean_menu_social_hover_links_bg":"","ocean_menu_social_links_color":"","ocean_menu_social_hover_links_color":"","ocean_disable_title":"default","ocean_disable_heading":"default","ocean_post_title":"","ocean_post_subheading":"","ocean_post_title_style":"","ocean_post_title_background_color":"","ocean_post_title_background":0,"ocean_post_title_bg_image_position":"","ocean_post_title_bg_image_attachment":"","ocean_post_title_bg_image_repeat":"","ocean_post_title_bg_image_size":"","ocean_post_title_height":0,"ocean_post_title_bg_overlay":0.5,"ocean_post_title_bg_overlay_color":"","ocean_disable_breadcrumbs":"default","ocean_breadcrumbs_color":"","ocean_breadcrumbs_separator_color":"","ocean_breadcrumbs_links_color":"","ocean_breadcrumbs_links_hover_color":"","ocean_display_footer_widgets":"default","ocean_display_footer_bottom":"default","ocean_custom_footer_template":"","ocean_post_oembed":"","ocean_post_self_hosted_media":"","ocean_post_video_embed":"","ocean_link_format":"","ocean_link_format_target":"self","ocean_quote_format":"","ocean_quote_format_link":"post","ocean_gallery_link_images":"on","ocean_gallery_id":[],"footnotes":""},"categories":[1],"tags":[41,63,64,44],"class_list":["post-12118","post","type-post","status-publish","format-standard","has-post-thumbnail","hentry","category-sin-categorizar","tag-accesibilidad-ca","tag-dia-internacional-de-las-personas-con-discapacidad-ca","tag-discapacidad-ca","tag-movilidad-reducida-ca","entry","has-media"],"acf":[],"yoast_head":"<!-- This site is optimized with the Yoast SEO plugin v27.3 - https:\/\/yoast.com\/product\/yoast-seo-wordpress\/ -->\n<title>NOM\u00c9S EL 8% DE LES PERSONES AMB MOBILITAT REDU\u00cfDA SE SENT PLENAMENT AUT\u00d2NOM - Fundaci\u00f3n Mutua de Propietarios<\/title>\n<meta name=\"description\" content=\"Solament el 8% de les persones amb mobilitat redu\u00efda se sent plenament aut\u00f2nom, d&#039;acord amb l&#039;estudi \u2018Sumant Veus\u2019, elaborat per la Fundaci\u00f3 Mutua de Propietarios amb la col\u00b7laboraci\u00f3 de\u00a0COCEMFE\u00a0per a con\u00e8ixer, des de la pr\u00f2pia veu dels protagonistes, la vida quotidiana d&#039;aquest col\u00b7lectiu i els desafiaments que afronten en el seu dia a dia per la pres\u00e8ncia de barreres arquitect\u00f2niques.\" \/>\n<meta name=\"robots\" content=\"index, follow, max-snippet:-1, max-image-preview:large, max-video-preview:-1\" \/>\n<link rel=\"canonical\" href=\"https:\/\/www.fundacionmdp.org\/ca\/nomes-el-8-de-les-persones-amb-mobilitat-reduida-se-sent-plenament-autonom\/\" \/>\n<meta property=\"og:locale\" content=\"ca_ES\" \/>\n<meta property=\"og:type\" content=\"article\" \/>\n<meta property=\"og:title\" content=\"NOM\u00c9S EL 8% DE LES PERSONES AMB MOBILITAT REDU\u00cfDA SE SENT PLENAMENT AUT\u00d2NOM - Fundaci\u00f3n Mutua de Propietarios\" \/>\n<meta property=\"og:description\" content=\"Solament el 8% de les persones amb mobilitat redu\u00efda se sent plenament aut\u00f2nom, d&#039;acord amb l&#039;estudi \u2018Sumant Veus\u2019, elaborat per la Fundaci\u00f3 Mutua de Propietarios amb la col\u00b7laboraci\u00f3 de\u00a0COCEMFE\u00a0per a con\u00e8ixer, des de la pr\u00f2pia veu dels protagonistes, la vida quotidiana d&#039;aquest col\u00b7lectiu i els desafiaments que afronten en el seu dia a dia per la pres\u00e8ncia de barreres arquitect\u00f2niques.\" \/>\n<meta property=\"og:url\" content=\"https:\/\/www.fundacionmdp.org\/ca\/nomes-el-8-de-les-persones-amb-mobilitat-reduida-se-sent-plenament-autonom\/\" \/>\n<meta property=\"og:site_name\" content=\"Fundaci\u00f3n Mutua de Propietarios\" \/>\n<meta property=\"article:published_time\" content=\"2025-12-03T08:34:14+00:00\" \/>\n<meta property=\"article:modified_time\" content=\"2025-12-03T08:56:14+00:00\" \/>\n<meta property=\"og:image\" content=\"https:\/\/www.fundacionmdp.org\/wp-content\/uploads\/2025\/12\/dia-accesibilidad.png\" \/>\n\t<meta property=\"og:image:width\" content=\"1600\" \/>\n\t<meta property=\"og:image:height\" content=\"900\" \/>\n\t<meta property=\"og:image:type\" content=\"image\/png\" \/>\n<meta name=\"author\" content=\"consultinglasker@gmail.com\" \/>\n<meta name=\"twitter:card\" content=\"summary_large_image\" \/>\n<meta name=\"twitter:label1\" content=\"Escrit per\" \/>\n\t<meta name=\"twitter:data1\" content=\"consultinglasker@gmail.com\" \/>\n\t<meta name=\"twitter:label2\" content=\"Temps estimat de lectura\" \/>\n\t<meta name=\"twitter:data2\" content=\"4 minuts\" \/>\n<script type=\"application\/ld+json\" class=\"yoast-schema-graph\">{\"@context\":\"https:\\\/\\\/schema.org\",\"@graph\":[{\"@type\":\"Article\",\"@id\":\"https:\\\/\\\/www.fundacionmdp.org\\\/ca\\\/nomes-el-8-de-les-persones-amb-mobilitat-reduida-se-sent-plenament-autonom\\\/#article\",\"isPartOf\":{\"@id\":\"https:\\\/\\\/www.fundacionmdp.org\\\/ca\\\/nomes-el-8-de-les-persones-amb-mobilitat-reduida-se-sent-plenament-autonom\\\/\"},\"author\":{\"name\":\"consultinglasker@gmail.com\",\"@id\":\"https:\\\/\\\/www.fundacionmdp.org\\\/#\\\/schema\\\/person\\\/0a0491f126b8cd8387f8f0da72129079\"},\"headline\":\"NOM\u00c9S EL 8% DE LES PERSONES AMB MOBILITAT REDU\u00cfDA SE SENT PLENAMENT AUT\u00d2NOM\",\"datePublished\":\"2025-12-03T08:34:14+00:00\",\"dateModified\":\"2025-12-03T08:56:14+00:00\",\"mainEntityOfPage\":{\"@id\":\"https:\\\/\\\/www.fundacionmdp.org\\\/ca\\\/nomes-el-8-de-les-persones-amb-mobilitat-reduida-se-sent-plenament-autonom\\\/\"},\"wordCount\":609,\"commentCount\":0,\"publisher\":{\"@id\":\"https:\\\/\\\/www.fundacionmdp.org\\\/#organization\"},\"image\":{\"@id\":\"https:\\\/\\\/www.fundacionmdp.org\\\/ca\\\/nomes-el-8-de-les-persones-amb-mobilitat-reduida-se-sent-plenament-autonom\\\/#primaryimage\"},\"thumbnailUrl\":\"https:\\\/\\\/www.fundacionmdp.org\\\/wp-content\\\/uploads\\\/2025\\\/12\\\/dia-accesibilidad.png\",\"keywords\":[\"Accesibilidad\",\"D\u00eda Internacional de las Personas con Discapacidad\",\"Discapacidad\",\"Movilidad reducida\"],\"articleSection\":[\"Sin categorizar\"],\"inLanguage\":\"ca\",\"potentialAction\":[{\"@type\":\"CommentAction\",\"name\":\"Comment\",\"target\":[\"https:\\\/\\\/www.fundacionmdp.org\\\/ca\\\/nomes-el-8-de-les-persones-amb-mobilitat-reduida-se-sent-plenament-autonom\\\/#respond\"]}]},{\"@type\":\"WebPage\",\"@id\":\"https:\\\/\\\/www.fundacionmdp.org\\\/ca\\\/nomes-el-8-de-les-persones-amb-mobilitat-reduida-se-sent-plenament-autonom\\\/\",\"url\":\"https:\\\/\\\/www.fundacionmdp.org\\\/ca\\\/nomes-el-8-de-les-persones-amb-mobilitat-reduida-se-sent-plenament-autonom\\\/\",\"name\":\"NOM\u00c9S EL 8% DE LES PERSONES AMB MOBILITAT REDU\u00cfDA SE SENT PLENAMENT AUT\u00d2NOM - Fundaci\u00f3n Mutua de Propietarios\",\"isPartOf\":{\"@id\":\"https:\\\/\\\/www.fundacionmdp.org\\\/#website\"},\"primaryImageOfPage\":{\"@id\":\"https:\\\/\\\/www.fundacionmdp.org\\\/ca\\\/nomes-el-8-de-les-persones-amb-mobilitat-reduida-se-sent-plenament-autonom\\\/#primaryimage\"},\"image\":{\"@id\":\"https:\\\/\\\/www.fundacionmdp.org\\\/ca\\\/nomes-el-8-de-les-persones-amb-mobilitat-reduida-se-sent-plenament-autonom\\\/#primaryimage\"},\"thumbnailUrl\":\"https:\\\/\\\/www.fundacionmdp.org\\\/wp-content\\\/uploads\\\/2025\\\/12\\\/dia-accesibilidad.png\",\"datePublished\":\"2025-12-03T08:34:14+00:00\",\"dateModified\":\"2025-12-03T08:56:14+00:00\",\"description\":\"Solament el 8% de les persones amb mobilitat redu\u00efda se sent plenament aut\u00f2nom, d'acord amb l'estudi \u2018Sumant Veus\u2019, elaborat per la Fundaci\u00f3 Mutua de Propietarios amb la col\u00b7laboraci\u00f3 de\u00a0COCEMFE\u00a0per a con\u00e8ixer, des de la pr\u00f2pia veu dels protagonistes, la vida quotidiana d'aquest col\u00b7lectiu i els desafiaments que afronten en el seu dia a dia per la pres\u00e8ncia de barreres arquitect\u00f2niques.\",\"breadcrumb\":{\"@id\":\"https:\\\/\\\/www.fundacionmdp.org\\\/ca\\\/nomes-el-8-de-les-persones-amb-mobilitat-reduida-se-sent-plenament-autonom\\\/#breadcrumb\"},\"inLanguage\":\"ca\",\"potentialAction\":[{\"@type\":\"ReadAction\",\"target\":[\"https:\\\/\\\/www.fundacionmdp.org\\\/ca\\\/nomes-el-8-de-les-persones-amb-mobilitat-reduida-se-sent-plenament-autonom\\\/\"]}]},{\"@type\":\"ImageObject\",\"inLanguage\":\"ca\",\"@id\":\"https:\\\/\\\/www.fundacionmdp.org\\\/ca\\\/nomes-el-8-de-les-persones-amb-mobilitat-reduida-se-sent-plenament-autonom\\\/#primaryimage\",\"url\":\"https:\\\/\\\/www.fundacionmdp.org\\\/wp-content\\\/uploads\\\/2025\\\/12\\\/dia-accesibilidad.png\",\"contentUrl\":\"https:\\\/\\\/www.fundacionmdp.org\\\/wp-content\\\/uploads\\\/2025\\\/12\\\/dia-accesibilidad.png\",\"width\":1600,\"height\":900},{\"@type\":\"BreadcrumbList\",\"@id\":\"https:\\\/\\\/www.fundacionmdp.org\\\/ca\\\/nomes-el-8-de-les-persones-amb-mobilitat-reduida-se-sent-plenament-autonom\\\/#breadcrumb\",\"itemListElement\":[{\"@type\":\"ListItem\",\"position\":1,\"name\":\"Home\",\"item\":\"https:\\\/\\\/www.fundacionmdp.org\\\/ca\\\/\"},{\"@type\":\"ListItem\",\"position\":2,\"name\":\"NOM\u00c9S EL 8% DE LES PERSONES AMB MOBILITAT REDU\u00cfDA SE SENT PLENAMENT AUT\u00d2NOM\"}]},{\"@type\":\"WebSite\",\"@id\":\"https:\\\/\\\/www.fundacionmdp.org\\\/#website\",\"url\":\"https:\\\/\\\/www.fundacionmdp.org\\\/\",\"name\":\"Fundaci\u00f3n Mutua de Propietarios\",\"description\":\"En la Fundaci\u00f3n Mutua de Propietarios te ayudamos a convertir tu edificio de viviendas en un espacio sin barreras arquitect\u00f3nicas.\",\"publisher\":{\"@id\":\"https:\\\/\\\/www.fundacionmdp.org\\\/#organization\"},\"potentialAction\":[{\"@type\":\"SearchAction\",\"target\":{\"@type\":\"EntryPoint\",\"urlTemplate\":\"https:\\\/\\\/www.fundacionmdp.org\\\/?s={search_term_string}\"},\"query-input\":{\"@type\":\"PropertyValueSpecification\",\"valueRequired\":true,\"valueName\":\"search_term_string\"}}],\"inLanguage\":\"ca\"},{\"@type\":\"Organization\",\"@id\":\"https:\\\/\\\/www.fundacionmdp.org\\\/#organization\",\"name\":\"Fundaci\u00f3n Mutua de Propietarios\",\"url\":\"https:\\\/\\\/www.fundacionmdp.org\\\/\",\"logo\":{\"@type\":\"ImageObject\",\"inLanguage\":\"ca\",\"@id\":\"https:\\\/\\\/www.fundacionmdp.org\\\/#\\\/schema\\\/logo\\\/image\\\/\",\"url\":\"https:\\\/\\\/www.fundacionmdp.org\\\/wp-content\\\/uploads\\\/2023\\\/05\\\/logo_FMdP_cat.png\",\"contentUrl\":\"https:\\\/\\\/www.fundacionmdp.org\\\/wp-content\\\/uploads\\\/2023\\\/05\\\/logo_FMdP_cat.png\",\"width\":655,\"height\":297,\"caption\":\"Fundaci\u00f3n Mutua de Propietarios\"},\"image\":{\"@id\":\"https:\\\/\\\/www.fundacionmdp.org\\\/#\\\/schema\\\/logo\\\/image\\\/\"}},{\"@type\":\"Person\",\"@id\":\"https:\\\/\\\/www.fundacionmdp.org\\\/#\\\/schema\\\/person\\\/0a0491f126b8cd8387f8f0da72129079\",\"name\":\"consultinglasker@gmail.com\",\"image\":{\"@type\":\"ImageObject\",\"inLanguage\":\"ca\",\"@id\":\"https:\\\/\\\/secure.gravatar.com\\\/avatar\\\/7a939fbe5ab9abbba5f8a779e3054b4bee69cfadd53950db933d836ae1fc6281?s=96&d=mm&r=g\",\"url\":\"https:\\\/\\\/secure.gravatar.com\\\/avatar\\\/7a939fbe5ab9abbba5f8a779e3054b4bee69cfadd53950db933d836ae1fc6281?s=96&d=mm&r=g\",\"contentUrl\":\"https:\\\/\\\/secure.gravatar.com\\\/avatar\\\/7a939fbe5ab9abbba5f8a779e3054b4bee69cfadd53950db933d836ae1fc6281?s=96&d=mm&r=g\",\"caption\":\"consultinglasker@gmail.com\"},\"url\":\"https:\\\/\\\/www.fundacionmdp.org\\\/ca\\\/author\\\/consultinglaskergmail-com\\\/\"}]}<\/script>\n<!-- \/ Yoast SEO plugin. -->","yoast_head_json":{"title":"NOM\u00c9S EL 8% DE LES PERSONES AMB MOBILITAT REDU\u00cfDA SE SENT PLENAMENT AUT\u00d2NOM - Fundaci\u00f3n Mutua de Propietarios","description":"Solament el 8% de les persones amb mobilitat redu\u00efda se sent plenament aut\u00f2nom, d'acord amb l'estudi \u2018Sumant Veus\u2019, elaborat per la Fundaci\u00f3 Mutua de Propietarios amb la col\u00b7laboraci\u00f3 de\u00a0COCEMFE\u00a0per a con\u00e8ixer, des de la pr\u00f2pia veu dels protagonistes, la vida quotidiana d'aquest col\u00b7lectiu i els desafiaments que afronten en el seu dia a dia per la pres\u00e8ncia de barreres arquitect\u00f2niques.","robots":{"index":"index","follow":"follow","max-snippet":"max-snippet:-1","max-image-preview":"max-image-preview:large","max-video-preview":"max-video-preview:-1"},"canonical":"https:\/\/www.fundacionmdp.org\/ca\/nomes-el-8-de-les-persones-amb-mobilitat-reduida-se-sent-plenament-autonom\/","og_locale":"ca_ES","og_type":"article","og_title":"NOM\u00c9S EL 8% DE LES PERSONES AMB MOBILITAT REDU\u00cfDA SE SENT PLENAMENT AUT\u00d2NOM - Fundaci\u00f3n Mutua de Propietarios","og_description":"Solament el 8% de les persones amb mobilitat redu\u00efda se sent plenament aut\u00f2nom, d'acord amb l'estudi \u2018Sumant Veus\u2019, elaborat per la Fundaci\u00f3 Mutua de Propietarios amb la col\u00b7laboraci\u00f3 de\u00a0COCEMFE\u00a0per a con\u00e8ixer, des de la pr\u00f2pia veu dels protagonistes, la vida quotidiana d'aquest col\u00b7lectiu i els desafiaments que afronten en el seu dia a dia per la pres\u00e8ncia de barreres arquitect\u00f2niques.","og_url":"https:\/\/www.fundacionmdp.org\/ca\/nomes-el-8-de-les-persones-amb-mobilitat-reduida-se-sent-plenament-autonom\/","og_site_name":"Fundaci\u00f3n Mutua de Propietarios","article_published_time":"2025-12-03T08:34:14+00:00","article_modified_time":"2025-12-03T08:56:14+00:00","og_image":[{"width":1600,"height":900,"url":"https:\/\/www.fundacionmdp.org\/wp-content\/uploads\/2025\/12\/dia-accesibilidad.png","type":"image\/png"}],"author":"consultinglasker@gmail.com","twitter_card":"summary_large_image","twitter_misc":{"Escrit per":"consultinglasker@gmail.com","Temps estimat de lectura":"4 minuts"},"schema":{"@context":"https:\/\/schema.org","@graph":[{"@type":"Article","@id":"https:\/\/www.fundacionmdp.org\/ca\/nomes-el-8-de-les-persones-amb-mobilitat-reduida-se-sent-plenament-autonom\/#article","isPartOf":{"@id":"https:\/\/www.fundacionmdp.org\/ca\/nomes-el-8-de-les-persones-amb-mobilitat-reduida-se-sent-plenament-autonom\/"},"author":{"name":"consultinglasker@gmail.com","@id":"https:\/\/www.fundacionmdp.org\/#\/schema\/person\/0a0491f126b8cd8387f8f0da72129079"},"headline":"NOM\u00c9S EL 8% DE LES PERSONES AMB MOBILITAT REDU\u00cfDA SE SENT PLENAMENT AUT\u00d2NOM","datePublished":"2025-12-03T08:34:14+00:00","dateModified":"2025-12-03T08:56:14+00:00","mainEntityOfPage":{"@id":"https:\/\/www.fundacionmdp.org\/ca\/nomes-el-8-de-les-persones-amb-mobilitat-reduida-se-sent-plenament-autonom\/"},"wordCount":609,"commentCount":0,"publisher":{"@id":"https:\/\/www.fundacionmdp.org\/#organization"},"image":{"@id":"https:\/\/www.fundacionmdp.org\/ca\/nomes-el-8-de-les-persones-amb-mobilitat-reduida-se-sent-plenament-autonom\/#primaryimage"},"thumbnailUrl":"https:\/\/www.fundacionmdp.org\/wp-content\/uploads\/2025\/12\/dia-accesibilidad.png","keywords":["Accesibilidad","D\u00eda Internacional de las Personas con Discapacidad","Discapacidad","Movilidad reducida"],"articleSection":["Sin categorizar"],"inLanguage":"ca","potentialAction":[{"@type":"CommentAction","name":"Comment","target":["https:\/\/www.fundacionmdp.org\/ca\/nomes-el-8-de-les-persones-amb-mobilitat-reduida-se-sent-plenament-autonom\/#respond"]}]},{"@type":"WebPage","@id":"https:\/\/www.fundacionmdp.org\/ca\/nomes-el-8-de-les-persones-amb-mobilitat-reduida-se-sent-plenament-autonom\/","url":"https:\/\/www.fundacionmdp.org\/ca\/nomes-el-8-de-les-persones-amb-mobilitat-reduida-se-sent-plenament-autonom\/","name":"NOM\u00c9S EL 8% DE LES PERSONES AMB MOBILITAT REDU\u00cfDA SE SENT PLENAMENT AUT\u00d2NOM - Fundaci\u00f3n Mutua de Propietarios","isPartOf":{"@id":"https:\/\/www.fundacionmdp.org\/#website"},"primaryImageOfPage":{"@id":"https:\/\/www.fundacionmdp.org\/ca\/nomes-el-8-de-les-persones-amb-mobilitat-reduida-se-sent-plenament-autonom\/#primaryimage"},"image":{"@id":"https:\/\/www.fundacionmdp.org\/ca\/nomes-el-8-de-les-persones-amb-mobilitat-reduida-se-sent-plenament-autonom\/#primaryimage"},"thumbnailUrl":"https:\/\/www.fundacionmdp.org\/wp-content\/uploads\/2025\/12\/dia-accesibilidad.png","datePublished":"2025-12-03T08:34:14+00:00","dateModified":"2025-12-03T08:56:14+00:00","description":"Solament el 8% de les persones amb mobilitat redu\u00efda se sent plenament aut\u00f2nom, d'acord amb l'estudi \u2018Sumant Veus\u2019, elaborat per la Fundaci\u00f3 Mutua de Propietarios amb la col\u00b7laboraci\u00f3 de\u00a0COCEMFE\u00a0per a con\u00e8ixer, des de la pr\u00f2pia veu dels protagonistes, la vida quotidiana d'aquest col\u00b7lectiu i els desafiaments que afronten en el seu dia a dia per la pres\u00e8ncia de barreres arquitect\u00f2niques.","breadcrumb":{"@id":"https:\/\/www.fundacionmdp.org\/ca\/nomes-el-8-de-les-persones-amb-mobilitat-reduida-se-sent-plenament-autonom\/#breadcrumb"},"inLanguage":"ca","potentialAction":[{"@type":"ReadAction","target":["https:\/\/www.fundacionmdp.org\/ca\/nomes-el-8-de-les-persones-amb-mobilitat-reduida-se-sent-plenament-autonom\/"]}]},{"@type":"ImageObject","inLanguage":"ca","@id":"https:\/\/www.fundacionmdp.org\/ca\/nomes-el-8-de-les-persones-amb-mobilitat-reduida-se-sent-plenament-autonom\/#primaryimage","url":"https:\/\/www.fundacionmdp.org\/wp-content\/uploads\/2025\/12\/dia-accesibilidad.png","contentUrl":"https:\/\/www.fundacionmdp.org\/wp-content\/uploads\/2025\/12\/dia-accesibilidad.png","width":1600,"height":900},{"@type":"BreadcrumbList","@id":"https:\/\/www.fundacionmdp.org\/ca\/nomes-el-8-de-les-persones-amb-mobilitat-reduida-se-sent-plenament-autonom\/#breadcrumb","itemListElement":[{"@type":"ListItem","position":1,"name":"Home","item":"https:\/\/www.fundacionmdp.org\/ca\/"},{"@type":"ListItem","position":2,"name":"NOM\u00c9S EL 8% DE LES PERSONES AMB MOBILITAT REDU\u00cfDA SE SENT PLENAMENT AUT\u00d2NOM"}]},{"@type":"WebSite","@id":"https:\/\/www.fundacionmdp.org\/#website","url":"https:\/\/www.fundacionmdp.org\/","name":"Fundaci\u00f3n Mutua de Propietarios","description":"En la Fundaci\u00f3n Mutua de Propietarios te ayudamos a convertir tu edificio de viviendas en un espacio sin barreras arquitect\u00f3nicas.","publisher":{"@id":"https:\/\/www.fundacionmdp.org\/#organization"},"potentialAction":[{"@type":"SearchAction","target":{"@type":"EntryPoint","urlTemplate":"https:\/\/www.fundacionmdp.org\/?s={search_term_string}"},"query-input":{"@type":"PropertyValueSpecification","valueRequired":true,"valueName":"search_term_string"}}],"inLanguage":"ca"},{"@type":"Organization","@id":"https:\/\/www.fundacionmdp.org\/#organization","name":"Fundaci\u00f3n Mutua de Propietarios","url":"https:\/\/www.fundacionmdp.org\/","logo":{"@type":"ImageObject","inLanguage":"ca","@id":"https:\/\/www.fundacionmdp.org\/#\/schema\/logo\/image\/","url":"https:\/\/www.fundacionmdp.org\/wp-content\/uploads\/2023\/05\/logo_FMdP_cat.png","contentUrl":"https:\/\/www.fundacionmdp.org\/wp-content\/uploads\/2023\/05\/logo_FMdP_cat.png","width":655,"height":297,"caption":"Fundaci\u00f3n Mutua de Propietarios"},"image":{"@id":"https:\/\/www.fundacionmdp.org\/#\/schema\/logo\/image\/"}},{"@type":"Person","@id":"https:\/\/www.fundacionmdp.org\/#\/schema\/person\/0a0491f126b8cd8387f8f0da72129079","name":"consultinglasker@gmail.com","image":{"@type":"ImageObject","inLanguage":"ca","@id":"https:\/\/secure.gravatar.com\/avatar\/7a939fbe5ab9abbba5f8a779e3054b4bee69cfadd53950db933d836ae1fc6281?s=96&d=mm&r=g","url":"https:\/\/secure.gravatar.com\/avatar\/7a939fbe5ab9abbba5f8a779e3054b4bee69cfadd53950db933d836ae1fc6281?s=96&d=mm&r=g","contentUrl":"https:\/\/secure.gravatar.com\/avatar\/7a939fbe5ab9abbba5f8a779e3054b4bee69cfadd53950db933d836ae1fc6281?s=96&d=mm&r=g","caption":"consultinglasker@gmail.com"},"url":"https:\/\/www.fundacionmdp.org\/ca\/author\/consultinglaskergmail-com\/"}]}},"_links":{"self":[{"href":"https:\/\/www.fundacionmdp.org\/ca\/wp-json\/wp\/v2\/posts\/12118","targetHints":{"allow":["GET"]}}],"collection":[{"href":"https:\/\/www.fundacionmdp.org\/ca\/wp-json\/wp\/v2\/posts"}],"about":[{"href":"https:\/\/www.fundacionmdp.org\/ca\/wp-json\/wp\/v2\/types\/post"}],"author":[{"embeddable":true,"href":"https:\/\/www.fundacionmdp.org\/ca\/wp-json\/wp\/v2\/users\/29"}],"replies":[{"embeddable":true,"href":"https:\/\/www.fundacionmdp.org\/ca\/wp-json\/wp\/v2\/comments?post=12118"}],"version-history":[{"count":2,"href":"https:\/\/www.fundacionmdp.org\/ca\/wp-json\/wp\/v2\/posts\/12118\/revisions"}],"predecessor-version":[{"id":12126,"href":"https:\/\/www.fundacionmdp.org\/ca\/wp-json\/wp\/v2\/posts\/12118\/revisions\/12126"}],"wp:featuredmedia":[{"embeddable":true,"href":"https:\/\/www.fundacionmdp.org\/ca\/wp-json\/wp\/v2\/media\/12141"}],"wp:attachment":[{"href":"https:\/\/www.fundacionmdp.org\/ca\/wp-json\/wp\/v2\/media?parent=12118"}],"wp:term":[{"taxonomy":"category","embeddable":true,"href":"https:\/\/www.fundacionmdp.org\/ca\/wp-json\/wp\/v2\/categories?post=12118"},{"taxonomy":"post_tag","embeddable":true,"href":"https:\/\/www.fundacionmdp.org\/ca\/wp-json\/wp\/v2\/tags?post=12118"}],"curies":[{"name":"wp","href":"https:\/\/api.w.org\/{rel}","templated":true}]}}