{"id":12171,"date":"2025-12-29T17:21:08","date_gmt":"2025-12-29T15:21:08","guid":{"rendered":"https:\/\/www.fundacionmdp.org\/?p=12171"},"modified":"2025-12-29T17:24:30","modified_gmt":"2025-12-29T15:24:30","slug":"habitatges-mes-accessibles-guia-definitiva-per-a-dissenyar-espais-sense-barreres-i-fomentar-la-inclusio-en-comunitats-de-propietaris","status":"publish","type":"post","link":"https:\/\/www.fundacionmdp.org\/ca\/habitatges-mes-accessibles-guia-definitiva-per-a-dissenyar-espais-sense-barreres-i-fomentar-la-inclusio-en-comunitats-de-propietaris\/","title":{"rendered":"Habitatges m\u00e9s accessibles: Guia definitiva per a dissenyar espais sense barreres i fomentar la inclusi\u00f3 en comunitats de propietaris"},"content":{"rendered":"\t\t<div data-elementor-type=\"wp-post\" data-elementor-id=\"12171\" class=\"elementor elementor-12171 elementor-12161\">\n\t\t\t\t<div class=\"elementor-element elementor-element-2d78ba4 e-flex e-con-boxed e-con e-parent\" data-id=\"2d78ba4\" data-element_type=\"container\" data-e-type=\"container\">\n\t\t\t\t\t<div class=\"e-con-inner\">\n\t\t\t\t<div class=\"elementor-element elementor-element-93ca950 elementor-widget elementor-widget-text-editor\" data-id=\"93ca950\" data-element_type=\"widget\" data-e-type=\"widget\" data-widget_type=\"text-editor.default\">\n\t\t\t\t<div class=\"elementor-widget-container\">\n\t\t\t\t\t\t\t\t\t<h3><strong>Per qu\u00e8 l&#8217;accessibilitat en habitatges i comunitats de propietaris \u00e9s clau avui?<\/strong><\/h3>\n<p>L&#8217;<strong>accessibilitat<\/strong> en la llar i en les comunitats de propietaris no \u00e9s un luxe, sin\u00f3 una necessitat fonamental. En el context actual, on cada vegada m\u00e9s fam\u00edlies conviuen amb persones majors o amb <strong>mobilitat redu\u00efda<\/strong>, la falta d&#8217;adaptaci\u00f3 d&#8217;edificis i habitatges pot suposar una limitaci\u00f3 greu de la seva autonomia i qualitat de vida.\u00a0<\/p>\n<p>De fet, la urg\u00e8ncia \u00e9s real: segons el nostre informe &#8220;Accessibilitat i mobilitat: millorant la qualitat de vida de les persones amb discapacitat&#8221;, <strong>2 de cada 10 persones amb mobilitat redu\u00efda han hagut de mudar-se<\/strong> al no poder adaptar el seu habitatge.<\/p>\n<p>Garantir <strong>espais accessibles<\/strong> significa millorar la qualitat de vida, promoure l&#8217;autonomia i fomentar la <strong>inclusi\u00f3 social<\/strong>. Per\u00f2 qu\u00e8 implica realment un <strong>habitatge accessible<\/strong>? A continuaci\u00f3, et vam mostrar les claus per a aconseguir-ho.<\/p>\n<h3><strong>Primer pas: l\u2019accessibilitat a l\u2019edifici i la comunitat de propietaris <\/strong><\/h3>\n<p>Abans d&#8217;abordar l&#8217;interior de l&#8217;habitatge, l&#8217;acc\u00e9s a l&#8217;edifici \u00e9s la barrera m\u00e9s cr\u00edtica. <strong>Sabies que el 60% dels portals a Espanya tenen escales?<\/strong> Aix\u00f2 constitueix una barrera arquitect\u00f2nica enorme per a usuaris de cadira de rodes o persones amb mobilitat redu\u00efda.<\/p>\n<h3><strong>Mesures d\u2019accessibilitaten zones comuns:<\/strong><\/h3>\n<ul>\n<li><strong>Rampes d&#8217;acc\u00e9s segures:<\/strong> Han de comptar amb un pendent adequat (segons normativa) i una superf\u00edcie antilliscant per a evitar accidents.<\/li>\n<li><strong>Ascensor adaptat: <\/strong>La cabina ha de tenir una grand\u00e0ria m\u00ednima de 1,20m x 1,20m i portes autom\u00e0tiques amb temps suficient pel tr\u00e0nsit.<\/li>\n<li><strong>Portes d&#8217;acc\u00e9s \u00e0mplies:<\/strong> Un m\u00ednim de 80 cm per permetre el pas c\u00f2mode i segur.<\/li>\n<li><strong>Il\u00b7luminaci\u00f3 i senyalitzaci\u00f3:<\/strong> Clara i amb contrast en zones comunes, escales i rampes.<\/li>\n<li><strong>Passamans dobles:<\/strong> En rampes i escales, instal\u00b7lats a doble altura per a l&#8217;\u00fas de nens, adults o persones en cadira de rodes.<\/li>\n<\/ul>\n<h3><strong>Claus per adaptar el interior: disseny d\u2019un habitatge funcional y segur<\/strong><\/h3>\n<p>Una vegada dins, la <strong>llar accessible<\/strong> ha de ser funcional, c\u00f2mode i segur. Aquestes s\u00f3n les adaptacions essencials que s&#8217;han de considerar en el disseny interior:<\/p>\n<ol>\n<li><strong>Portes i passadissos accessibles: <\/strong><\/li>\n<\/ol>\n<ul>\n<li><strong>Portes interiors:<\/strong> M\u00ednim de 80 cm d&#8217;ample pel pas.<\/li>\n<li><strong>Passadissos:<\/strong> Un ample de 90 cm com a m\u00ednim \u00e9s ideal per permetre la maniobra d&#8217;una cadira de rodes.<\/li>\n<\/ul>\n<ol start=\"2\">\n<li><strong>Banys i lavabos sense barreres:<\/strong><\/li>\n<\/ol>\n<p>En resum, un habitatge accessible presenta els seg\u00fcents avantatges econ\u00f2mics:<\/p>\n<ul>\n<li><strong>Lavabo:<\/strong> Altura m\u00e0xima de 85 cm amb un buit inferior lliure de 70 cm per permetre l&#8217;aproximaci\u00f3 frontal.<\/li>\n<li><strong>Barres de suport:<\/strong> Instal\u00b7lades en v\u00e0ter i dutxa per a facilitar les transfer\u00e8ncies.<\/li>\n<li><strong>Plat de dutxa arran de terra:<\/strong> \u00c9s fonamental eliminar qualsevol vora o gra\u00f3 que pugui provocar caigudes.<\/li>\n<\/ul>\n<ol start=\"3\">\n<li><strong>Disseny d&#8217;una cuina adaptada:<\/strong><\/li>\n<\/ol>\n<ul>\n<li><strong>Lavabo:<\/strong> Altura m\u00e0xima de 85 cm amb un buit inferior lliure de 70 cm per permetre l&#8217;aproximaci\u00f3 frontal.<\/li>\n<li><strong>Barres de suport:<\/strong> Instal\u00b7lades en v\u00e0ter i dutxa per a facilitar les transfer\u00e8ncies.<\/li>\n<li><strong>Plat de dutxa arran de terra:<\/strong> \u00c9s fonamental eliminar qualsevol vora o gra\u00f3 que pugui provocar caigudes.<\/li>\n<\/ul>\n<ol start=\"4\">\n<li><strong>S\u00f2ls, mobiliari i seguretat:<\/strong><\/li>\n<\/ol>\n<ul>\n<li><strong>S\u00f2ls: <\/strong>Han de ser antilliscants, sense irregularitats i amb un contrast crom\u00e0tic per a facilitar l&#8217;orientaci\u00f3.<\/li>\n<li><strong>Mobiliari: <\/strong>L&#8217;altura i disposici\u00f3 han de ser adequades per a l&#8217;abast d&#8217;una persona en cadira de rodes, evitant arestes perilloses.<\/li>\n<\/ul>\n<ol start=\"5\">\n<li><strong>Noves tecnologies i dom\u00f2tica al servei de l&#8217;accessibilitat<\/strong><\/li>\n<\/ol>\n<p>La <strong>dom\u00f2tica<\/strong> \u00e9s una eina poderosa que transforma l&#8217;autonomia en l&#8217;habitatge, el qual permet controlar:<\/p>\n<ul>\n<li>Llums, persianes i portes.<\/li>\n<li>Sistemes de seguretat i comunicaci\u00f3 (porter autom\u00e0tic).<\/li>\n<li>Control mitjan\u00e7ant veu o aplicacions.<\/li>\n<\/ul>\n<h3><strong>Finan\u00e7ament: per qu\u00e8 hi ha habitatges i comunitats que no adapten?\u00a0<\/strong><\/h3>\n<p>Malgrat la urg\u00e8ncia i els beneficis, la realitat \u00e9s que moltes fam\u00edlies posterguen les <strong>reformes d&#8217;accessibilitat<\/strong>. El nostre informe desvetllen que un <strong>12% de les fam\u00edlies no realitza les obres per la falta de recursos econ\u00f2mics<\/strong>.<\/p>\n<p>Aix\u00f2 subratlla la necessitat cr\u00edtica d&#8217;impulsar <strong>subvencions, ajuts p\u00fablics i deduccions fiscals<\/strong> per a garantir el dret a l&#8217;accessibilitat universal en les llars i edificis.<\/p>\n<h3><strong>Ajuts de la Fundaci\u00f3 Mutua de Propietarios<\/strong><\/h3>\n<p>En aquest context, la Fundaci\u00f3 Mutua de Propietarios actua com un suport essencial. El nostre <strong>Programa d&#8217;Ajuts Sense Barreres<\/strong> t\u00e9 com a objectiu principal proporcionar ajuts econ\u00f2miques i\/o finan\u00e7ament al 0% d&#8217;inter\u00e8s per a millorar l&#8217;accessibilitat en els edificis d&#8217;habitatges de persones amb <strong>mobilitat redu\u00efda<\/strong>.<\/p>\n<p>A trav\u00e9s de les Convocat\u00f2ries d&#8217;ajuts del Programa Sense Barreres, subvencionem obres d&#8217;accessibilitat en les zones comunes del teu edifici d&#8217;habitatges, com la supressi\u00f3 de barreres arquitect\u00f2niques o la instal\u00b7laci\u00f3 d&#8217;ascensors:<\/p>\n<p>Consulta les nostres convocat\u00f2ries d&#8217;ajuts directes o de finan\u00e7ament per a trobar l&#8217;opci\u00f3 que millor s&#8217;adapti a la teva comunitat i permeti que el teu edifici quedi lliure de barreres.<\/p>\n<p>\ud83d\udc49Revisa aqu\u00ed les convocat\u00f2ries: <span style=\"color: #800080;\"><a style=\"color: #800080;\" href=\"https:\/\/www.fundacionmdp.org\/ca\/convocatories-dajuts-del-programa-dajuts-sense-barreres\/\">Convocat\u00f2ries d\u2019Ajuts del Programa d\u2019Ajuts Sense Barreres\u00a0\u00a0 &#8211; Fundaci\u00f3 Mutua de Propietarios<\/a>.<\/span><\/p>\n<h3><strong>Conclusi\u00f3: l&#8217;accessibilitat \u00e9s una inversi\u00f3 en l\u2019autonomia i qualitat de vida de les persones<\/strong><\/h3>\n<p>Un habitatge accessible no nom\u00e9s \u00e9s un espai sense barreres f\u00edsiques; \u00e9s un espai que obre la porta a l&#8217;autonomia, ofereix les mateixes oportunitats a totes les persones, mant\u00e9 la dignitat necess\u00e0ria i convida a la plena inclusi\u00f3 de cadascun dels seus habitants i visitants per igual.<\/p>\n<p>Eliminar les barreres arquitect\u00f2niques en comunitats de propietaris i llars \u00e9s la millor inversi\u00f3 que es pot realitzar en qualitat de vida i benestar, pel present i pel futur.<\/p>\t\t\t\t\t\t\t\t<\/div>\n\t\t\t\t<\/div>\n\t\t\t\t\t<\/div>\n\t\t\t\t<\/div>\n\t\t\t\t<\/div>\n\t\t","protected":false},"excerpt":{"rendered":"<p>Per qu\u00e8 l&#8217;accessibilitat en habitatges i comunitats de propietaris \u00e9s clau avui? L&#8217;accessibilitat en la llar i en les comunitats de propietaris no \u00e9s un luxe, sin\u00f3 una necessitat fonamental. En el context actual, on cada vegada m\u00e9s fam\u00edlies conviuen amb persones majors o amb mobilitat redu\u00efda, la falta d&#8217;adaptaci\u00f3 d&#8217;edificis i habitatges pot suposar [&hellip;]<\/p>\n","protected":false},"author":1,"featured_media":12167,"comment_status":"open","ping_status":"open","sticky":false,"template":"","format":"standard","meta":{"_acf_changed":false,"ocean_post_layout":"","ocean_both_sidebars_style":"","ocean_both_sidebars_content_width":0,"ocean_both_sidebars_sidebars_width":0,"ocean_sidebar":"","ocean_second_sidebar":"","ocean_disable_margins":"enable","ocean_add_body_class":"","ocean_shortcode_before_top_bar":"","ocean_shortcode_after_top_bar":"","ocean_shortcode_before_header":"","ocean_shortcode_after_header":"","ocean_has_shortcode":"","ocean_shortcode_after_title":"","ocean_shortcode_before_footer_widgets":"","ocean_shortcode_after_footer_widgets":"","ocean_shortcode_before_footer_bottom":"","ocean_shortcode_after_footer_bottom":"","ocean_display_top_bar":"default","ocean_display_header":"default","ocean_header_style":"","ocean_center_header_left_menu":"","ocean_custom_header_template":"","ocean_custom_logo":0,"ocean_custom_retina_logo":0,"ocean_custom_logo_max_width":0,"ocean_custom_logo_tablet_max_width":0,"ocean_custom_logo_mobile_max_width":0,"ocean_custom_logo_max_height":0,"ocean_custom_logo_tablet_max_height":0,"ocean_custom_logo_mobile_max_height":0,"ocean_header_custom_menu":"","ocean_menu_typo_font_family":"","ocean_menu_typo_font_subset":"","ocean_menu_typo_font_size":0,"ocean_menu_typo_font_size_tablet":0,"ocean_menu_typo_font_size_mobile":0,"ocean_menu_typo_font_size_unit":"px","ocean_menu_typo_font_weight":"","ocean_menu_typo_font_weight_tablet":"","ocean_menu_typo_font_weight_mobile":"","ocean_menu_typo_transform":"","ocean_menu_typo_transform_tablet":"","ocean_menu_typo_transform_mobile":"","ocean_menu_typo_line_height":0,"ocean_menu_typo_line_height_tablet":0,"ocean_menu_typo_line_height_mobile":0,"ocean_menu_typo_line_height_unit":"","ocean_menu_typo_spacing":0,"ocean_menu_typo_spacing_tablet":0,"ocean_menu_typo_spacing_mobile":0,"ocean_menu_typo_spacing_unit":"","ocean_menu_link_color":"","ocean_menu_link_color_hover":"","ocean_menu_link_color_active":"","ocean_menu_link_background":"","ocean_menu_link_hover_background":"","ocean_menu_link_active_background":"","ocean_menu_social_links_bg":"","ocean_menu_social_hover_links_bg":"","ocean_menu_social_links_color":"","ocean_menu_social_hover_links_color":"","ocean_disable_title":"default","ocean_disable_heading":"default","ocean_post_title":"","ocean_post_subheading":"","ocean_post_title_style":"","ocean_post_title_background_color":"","ocean_post_title_background":0,"ocean_post_title_bg_image_position":"","ocean_post_title_bg_image_attachment":"","ocean_post_title_bg_image_repeat":"","ocean_post_title_bg_image_size":"","ocean_post_title_height":0,"ocean_post_title_bg_overlay":0.5,"ocean_post_title_bg_overlay_color":"","ocean_disable_breadcrumbs":"default","ocean_breadcrumbs_color":"","ocean_breadcrumbs_separator_color":"","ocean_breadcrumbs_links_color":"","ocean_breadcrumbs_links_hover_color":"","ocean_display_footer_widgets":"default","ocean_display_footer_bottom":"default","ocean_custom_footer_template":"","ocean_post_oembed":"","ocean_post_self_hosted_media":"","ocean_post_video_embed":"","ocean_link_format":"","ocean_link_format_target":"self","ocean_quote_format":"","ocean_quote_format_link":"post","ocean_gallery_link_images":"on","ocean_gallery_id":[],"footnotes":""},"categories":[1],"tags":[],"class_list":["post-12171","post","type-post","status-publish","format-standard","has-post-thumbnail","hentry","category-sin-categorizar","entry","has-media"],"acf":[],"yoast_head":"<!-- This site is optimized with the Yoast SEO plugin v27.3 - https:\/\/yoast.com\/product\/yoast-seo-wordpress\/ -->\n<title>Habitatges m\u00e9s accessibles: Guia definitiva per a dissenyar espais sense barreres i fomentar la inclusi\u00f3 en comunitats de propietaris - Fundaci\u00f3n Mutua de Propietarios<\/title>\n<meta name=\"robots\" content=\"index, follow, max-snippet:-1, max-image-preview:large, max-video-preview:-1\" \/>\n<link rel=\"canonical\" href=\"https:\/\/www.fundacionmdp.org\/ca\/habitatges-mes-accessibles-guia-definitiva-per-a-dissenyar-espais-sense-barreres-i-fomentar-la-inclusio-en-comunitats-de-propietaris\/\" \/>\n<meta property=\"og:locale\" content=\"ca_ES\" \/>\n<meta property=\"og:type\" content=\"article\" \/>\n<meta property=\"og:title\" content=\"Habitatges m\u00e9s accessibles: Guia definitiva per a dissenyar espais sense barreres i fomentar la inclusi\u00f3 en comunitats de propietaris - Fundaci\u00f3n Mutua de Propietarios\" \/>\n<meta property=\"og:description\" content=\"Per qu\u00e8 l&#8217;accessibilitat en habitatges i comunitats de propietaris \u00e9s clau avui? L&#8217;accessibilitat en la llar i en les comunitats de propietaris no \u00e9s un luxe, sin\u00f3 una necessitat fonamental. En el context actual, on cada vegada m\u00e9s fam\u00edlies conviuen amb persones majors o amb mobilitat redu\u00efda, la falta d&#8217;adaptaci\u00f3 d&#8217;edificis i habitatges pot suposar [&hellip;]\" \/>\n<meta property=\"og:url\" content=\"https:\/\/www.fundacionmdp.org\/ca\/habitatges-mes-accessibles-guia-definitiva-per-a-dissenyar-espais-sense-barreres-i-fomentar-la-inclusio-en-comunitats-de-propietaris\/\" \/>\n<meta property=\"og:site_name\" content=\"Fundaci\u00f3n Mutua de Propietarios\" \/>\n<meta property=\"article:published_time\" content=\"2025-12-29T15:21:08+00:00\" \/>\n<meta property=\"article:modified_time\" content=\"2025-12-29T15:24:30+00:00\" \/>\n<meta property=\"og:image\" content=\"https:\/\/www.fundacionmdp.org\/wp-content\/uploads\/2025\/12\/Vivienda-Accesible.png\" \/>\n\t<meta property=\"og:image:width\" content=\"1024\" \/>\n\t<meta property=\"og:image:height\" content=\"881\" \/>\n\t<meta property=\"og:image:type\" content=\"image\/png\" \/>\n<meta name=\"author\" content=\"fundacionmdp\" \/>\n<meta name=\"twitter:card\" content=\"summary_large_image\" \/>\n<meta name=\"twitter:label1\" content=\"Escrit per\" \/>\n\t<meta name=\"twitter:data1\" content=\"fundacionmdp\" \/>\n\t<meta name=\"twitter:label2\" content=\"Temps estimat de lectura\" \/>\n\t<meta name=\"twitter:data2\" content=\"5 minuts\" \/>\n<script type=\"application\/ld+json\" class=\"yoast-schema-graph\">{\"@context\":\"https:\\\/\\\/schema.org\",\"@graph\":[{\"@type\":\"Article\",\"@id\":\"https:\\\/\\\/www.fundacionmdp.org\\\/ca\\\/habitatges-mes-accessibles-guia-definitiva-per-a-dissenyar-espais-sense-barreres-i-fomentar-la-inclusio-en-comunitats-de-propietaris\\\/#article\",\"isPartOf\":{\"@id\":\"https:\\\/\\\/www.fundacionmdp.org\\\/ca\\\/habitatges-mes-accessibles-guia-definitiva-per-a-dissenyar-espais-sense-barreres-i-fomentar-la-inclusio-en-comunitats-de-propietaris\\\/\"},\"author\":{\"name\":\"fundacionmdp\",\"@id\":\"https:\\\/\\\/www.fundacionmdp.org\\\/#\\\/schema\\\/person\\\/12f9af801cac25dfcb5a96cb0090f703\"},\"headline\":\"Habitatges m\u00e9s accessibles: Guia definitiva per a dissenyar espais sense barreres i fomentar la inclusi\u00f3 en comunitats de propietaris\",\"datePublished\":\"2025-12-29T15:21:08+00:00\",\"dateModified\":\"2025-12-29T15:24:30+00:00\",\"mainEntityOfPage\":{\"@id\":\"https:\\\/\\\/www.fundacionmdp.org\\\/ca\\\/habitatges-mes-accessibles-guia-definitiva-per-a-dissenyar-espais-sense-barreres-i-fomentar-la-inclusio-en-comunitats-de-propietaris\\\/\"},\"wordCount\":965,\"commentCount\":0,\"publisher\":{\"@id\":\"https:\\\/\\\/www.fundacionmdp.org\\\/#organization\"},\"image\":{\"@id\":\"https:\\\/\\\/www.fundacionmdp.org\\\/ca\\\/habitatges-mes-accessibles-guia-definitiva-per-a-dissenyar-espais-sense-barreres-i-fomentar-la-inclusio-en-comunitats-de-propietaris\\\/#primaryimage\"},\"thumbnailUrl\":\"https:\\\/\\\/www.fundacionmdp.org\\\/wp-content\\\/uploads\\\/2025\\\/12\\\/Vivienda-Accesible.png\",\"articleSection\":[\"Sin categorizar\"],\"inLanguage\":\"ca\",\"potentialAction\":[{\"@type\":\"CommentAction\",\"name\":\"Comment\",\"target\":[\"https:\\\/\\\/www.fundacionmdp.org\\\/ca\\\/habitatges-mes-accessibles-guia-definitiva-per-a-dissenyar-espais-sense-barreres-i-fomentar-la-inclusio-en-comunitats-de-propietaris\\\/#respond\"]}]},{\"@type\":\"WebPage\",\"@id\":\"https:\\\/\\\/www.fundacionmdp.org\\\/ca\\\/habitatges-mes-accessibles-guia-definitiva-per-a-dissenyar-espais-sense-barreres-i-fomentar-la-inclusio-en-comunitats-de-propietaris\\\/\",\"url\":\"https:\\\/\\\/www.fundacionmdp.org\\\/ca\\\/habitatges-mes-accessibles-guia-definitiva-per-a-dissenyar-espais-sense-barreres-i-fomentar-la-inclusio-en-comunitats-de-propietaris\\\/\",\"name\":\"Habitatges m\u00e9s accessibles: Guia definitiva per a dissenyar espais sense barreres i fomentar la inclusi\u00f3 en comunitats de propietaris - Fundaci\u00f3n Mutua de Propietarios\",\"isPartOf\":{\"@id\":\"https:\\\/\\\/www.fundacionmdp.org\\\/#website\"},\"primaryImageOfPage\":{\"@id\":\"https:\\\/\\\/www.fundacionmdp.org\\\/ca\\\/habitatges-mes-accessibles-guia-definitiva-per-a-dissenyar-espais-sense-barreres-i-fomentar-la-inclusio-en-comunitats-de-propietaris\\\/#primaryimage\"},\"image\":{\"@id\":\"https:\\\/\\\/www.fundacionmdp.org\\\/ca\\\/habitatges-mes-accessibles-guia-definitiva-per-a-dissenyar-espais-sense-barreres-i-fomentar-la-inclusio-en-comunitats-de-propietaris\\\/#primaryimage\"},\"thumbnailUrl\":\"https:\\\/\\\/www.fundacionmdp.org\\\/wp-content\\\/uploads\\\/2025\\\/12\\\/Vivienda-Accesible.png\",\"datePublished\":\"2025-12-29T15:21:08+00:00\",\"dateModified\":\"2025-12-29T15:24:30+00:00\",\"breadcrumb\":{\"@id\":\"https:\\\/\\\/www.fundacionmdp.org\\\/ca\\\/habitatges-mes-accessibles-guia-definitiva-per-a-dissenyar-espais-sense-barreres-i-fomentar-la-inclusio-en-comunitats-de-propietaris\\\/#breadcrumb\"},\"inLanguage\":\"ca\",\"potentialAction\":[{\"@type\":\"ReadAction\",\"target\":[\"https:\\\/\\\/www.fundacionmdp.org\\\/ca\\\/habitatges-mes-accessibles-guia-definitiva-per-a-dissenyar-espais-sense-barreres-i-fomentar-la-inclusio-en-comunitats-de-propietaris\\\/\"]}]},{\"@type\":\"ImageObject\",\"inLanguage\":\"ca\",\"@id\":\"https:\\\/\\\/www.fundacionmdp.org\\\/ca\\\/habitatges-mes-accessibles-guia-definitiva-per-a-dissenyar-espais-sense-barreres-i-fomentar-la-inclusio-en-comunitats-de-propietaris\\\/#primaryimage\",\"url\":\"https:\\\/\\\/www.fundacionmdp.org\\\/wp-content\\\/uploads\\\/2025\\\/12\\\/Vivienda-Accesible.png\",\"contentUrl\":\"https:\\\/\\\/www.fundacionmdp.org\\\/wp-content\\\/uploads\\\/2025\\\/12\\\/Vivienda-Accesible.png\",\"width\":1024,\"height\":881},{\"@type\":\"BreadcrumbList\",\"@id\":\"https:\\\/\\\/www.fundacionmdp.org\\\/ca\\\/habitatges-mes-accessibles-guia-definitiva-per-a-dissenyar-espais-sense-barreres-i-fomentar-la-inclusio-en-comunitats-de-propietaris\\\/#breadcrumb\",\"itemListElement\":[{\"@type\":\"ListItem\",\"position\":1,\"name\":\"Home\",\"item\":\"https:\\\/\\\/www.fundacionmdp.org\\\/ca\\\/\"},{\"@type\":\"ListItem\",\"position\":2,\"name\":\"Habitatges m\u00e9s accessibles: Guia definitiva per a dissenyar espais sense barreres i fomentar la inclusi\u00f3 en comunitats de propietaris\"}]},{\"@type\":\"WebSite\",\"@id\":\"https:\\\/\\\/www.fundacionmdp.org\\\/#website\",\"url\":\"https:\\\/\\\/www.fundacionmdp.org\\\/\",\"name\":\"Fundaci\u00f3n Mutua de Propietarios\",\"description\":\"En la Fundaci\u00f3n Mutua de Propietarios te ayudamos a convertir tu edificio de viviendas en un espacio sin barreras arquitect\u00f3nicas.\",\"publisher\":{\"@id\":\"https:\\\/\\\/www.fundacionmdp.org\\\/#organization\"},\"potentialAction\":[{\"@type\":\"SearchAction\",\"target\":{\"@type\":\"EntryPoint\",\"urlTemplate\":\"https:\\\/\\\/www.fundacionmdp.org\\\/?s={search_term_string}\"},\"query-input\":{\"@type\":\"PropertyValueSpecification\",\"valueRequired\":true,\"valueName\":\"search_term_string\"}}],\"inLanguage\":\"ca\"},{\"@type\":\"Organization\",\"@id\":\"https:\\\/\\\/www.fundacionmdp.org\\\/#organization\",\"name\":\"Fundaci\u00f3n Mutua de Propietarios\",\"url\":\"https:\\\/\\\/www.fundacionmdp.org\\\/\",\"logo\":{\"@type\":\"ImageObject\",\"inLanguage\":\"ca\",\"@id\":\"https:\\\/\\\/www.fundacionmdp.org\\\/#\\\/schema\\\/logo\\\/image\\\/\",\"url\":\"https:\\\/\\\/www.fundacionmdp.org\\\/wp-content\\\/uploads\\\/2023\\\/05\\\/logo_FMdP_cat.png\",\"contentUrl\":\"https:\\\/\\\/www.fundacionmdp.org\\\/wp-content\\\/uploads\\\/2023\\\/05\\\/logo_FMdP_cat.png\",\"width\":655,\"height\":297,\"caption\":\"Fundaci\u00f3n Mutua de Propietarios\"},\"image\":{\"@id\":\"https:\\\/\\\/www.fundacionmdp.org\\\/#\\\/schema\\\/logo\\\/image\\\/\"}},{\"@type\":\"Person\",\"@id\":\"https:\\\/\\\/www.fundacionmdp.org\\\/#\\\/schema\\\/person\\\/12f9af801cac25dfcb5a96cb0090f703\",\"name\":\"fundacionmdp\",\"image\":{\"@type\":\"ImageObject\",\"inLanguage\":\"ca\",\"@id\":\"https:\\\/\\\/secure.gravatar.com\\\/avatar\\\/b540f93d1816a14d85e51109d050c3243b98fb660a665f517a6d2597cff3bbed?s=96&d=mm&r=g\",\"url\":\"https:\\\/\\\/secure.gravatar.com\\\/avatar\\\/b540f93d1816a14d85e51109d050c3243b98fb660a665f517a6d2597cff3bbed?s=96&d=mm&r=g\",\"contentUrl\":\"https:\\\/\\\/secure.gravatar.com\\\/avatar\\\/b540f93d1816a14d85e51109d050c3243b98fb660a665f517a6d2597cff3bbed?s=96&d=mm&r=g\",\"caption\":\"fundacionmdp\"},\"sameAs\":[\"http:\\\/\\\/prezuk.com.mialias.net\\\/fundacionmdp\"],\"url\":\"https:\\\/\\\/www.fundacionmdp.org\\\/ca\\\/author\\\/fundacionmdp\\\/\"}]}<\/script>\n<!-- \/ Yoast SEO plugin. -->","yoast_head_json":{"title":"Habitatges m\u00e9s accessibles: Guia definitiva per a dissenyar espais sense barreres i fomentar la inclusi\u00f3 en comunitats de propietaris - Fundaci\u00f3n Mutua de Propietarios","robots":{"index":"index","follow":"follow","max-snippet":"max-snippet:-1","max-image-preview":"max-image-preview:large","max-video-preview":"max-video-preview:-1"},"canonical":"https:\/\/www.fundacionmdp.org\/ca\/habitatges-mes-accessibles-guia-definitiva-per-a-dissenyar-espais-sense-barreres-i-fomentar-la-inclusio-en-comunitats-de-propietaris\/","og_locale":"ca_ES","og_type":"article","og_title":"Habitatges m\u00e9s accessibles: Guia definitiva per a dissenyar espais sense barreres i fomentar la inclusi\u00f3 en comunitats de propietaris - Fundaci\u00f3n Mutua de Propietarios","og_description":"Per qu\u00e8 l&#8217;accessibilitat en habitatges i comunitats de propietaris \u00e9s clau avui? L&#8217;accessibilitat en la llar i en les comunitats de propietaris no \u00e9s un luxe, sin\u00f3 una necessitat fonamental. En el context actual, on cada vegada m\u00e9s fam\u00edlies conviuen amb persones majors o amb mobilitat redu\u00efda, la falta d&#8217;adaptaci\u00f3 d&#8217;edificis i habitatges pot suposar [&hellip;]","og_url":"https:\/\/www.fundacionmdp.org\/ca\/habitatges-mes-accessibles-guia-definitiva-per-a-dissenyar-espais-sense-barreres-i-fomentar-la-inclusio-en-comunitats-de-propietaris\/","og_site_name":"Fundaci\u00f3n Mutua de Propietarios","article_published_time":"2025-12-29T15:21:08+00:00","article_modified_time":"2025-12-29T15:24:30+00:00","og_image":[{"width":1024,"height":881,"url":"https:\/\/www.fundacionmdp.org\/wp-content\/uploads\/2025\/12\/Vivienda-Accesible.png","type":"image\/png"}],"author":"fundacionmdp","twitter_card":"summary_large_image","twitter_misc":{"Escrit per":"fundacionmdp","Temps estimat de lectura":"5 minuts"},"schema":{"@context":"https:\/\/schema.org","@graph":[{"@type":"Article","@id":"https:\/\/www.fundacionmdp.org\/ca\/habitatges-mes-accessibles-guia-definitiva-per-a-dissenyar-espais-sense-barreres-i-fomentar-la-inclusio-en-comunitats-de-propietaris\/#article","isPartOf":{"@id":"https:\/\/www.fundacionmdp.org\/ca\/habitatges-mes-accessibles-guia-definitiva-per-a-dissenyar-espais-sense-barreres-i-fomentar-la-inclusio-en-comunitats-de-propietaris\/"},"author":{"name":"fundacionmdp","@id":"https:\/\/www.fundacionmdp.org\/#\/schema\/person\/12f9af801cac25dfcb5a96cb0090f703"},"headline":"Habitatges m\u00e9s accessibles: Guia definitiva per a dissenyar espais sense barreres i fomentar la inclusi\u00f3 en comunitats de propietaris","datePublished":"2025-12-29T15:21:08+00:00","dateModified":"2025-12-29T15:24:30+00:00","mainEntityOfPage":{"@id":"https:\/\/www.fundacionmdp.org\/ca\/habitatges-mes-accessibles-guia-definitiva-per-a-dissenyar-espais-sense-barreres-i-fomentar-la-inclusio-en-comunitats-de-propietaris\/"},"wordCount":965,"commentCount":0,"publisher":{"@id":"https:\/\/www.fundacionmdp.org\/#organization"},"image":{"@id":"https:\/\/www.fundacionmdp.org\/ca\/habitatges-mes-accessibles-guia-definitiva-per-a-dissenyar-espais-sense-barreres-i-fomentar-la-inclusio-en-comunitats-de-propietaris\/#primaryimage"},"thumbnailUrl":"https:\/\/www.fundacionmdp.org\/wp-content\/uploads\/2025\/12\/Vivienda-Accesible.png","articleSection":["Sin categorizar"],"inLanguage":"ca","potentialAction":[{"@type":"CommentAction","name":"Comment","target":["https:\/\/www.fundacionmdp.org\/ca\/habitatges-mes-accessibles-guia-definitiva-per-a-dissenyar-espais-sense-barreres-i-fomentar-la-inclusio-en-comunitats-de-propietaris\/#respond"]}]},{"@type":"WebPage","@id":"https:\/\/www.fundacionmdp.org\/ca\/habitatges-mes-accessibles-guia-definitiva-per-a-dissenyar-espais-sense-barreres-i-fomentar-la-inclusio-en-comunitats-de-propietaris\/","url":"https:\/\/www.fundacionmdp.org\/ca\/habitatges-mes-accessibles-guia-definitiva-per-a-dissenyar-espais-sense-barreres-i-fomentar-la-inclusio-en-comunitats-de-propietaris\/","name":"Habitatges m\u00e9s accessibles: Guia definitiva per a dissenyar espais sense barreres i fomentar la inclusi\u00f3 en comunitats de propietaris - Fundaci\u00f3n Mutua de Propietarios","isPartOf":{"@id":"https:\/\/www.fundacionmdp.org\/#website"},"primaryImageOfPage":{"@id":"https:\/\/www.fundacionmdp.org\/ca\/habitatges-mes-accessibles-guia-definitiva-per-a-dissenyar-espais-sense-barreres-i-fomentar-la-inclusio-en-comunitats-de-propietaris\/#primaryimage"},"image":{"@id":"https:\/\/www.fundacionmdp.org\/ca\/habitatges-mes-accessibles-guia-definitiva-per-a-dissenyar-espais-sense-barreres-i-fomentar-la-inclusio-en-comunitats-de-propietaris\/#primaryimage"},"thumbnailUrl":"https:\/\/www.fundacionmdp.org\/wp-content\/uploads\/2025\/12\/Vivienda-Accesible.png","datePublished":"2025-12-29T15:21:08+00:00","dateModified":"2025-12-29T15:24:30+00:00","breadcrumb":{"@id":"https:\/\/www.fundacionmdp.org\/ca\/habitatges-mes-accessibles-guia-definitiva-per-a-dissenyar-espais-sense-barreres-i-fomentar-la-inclusio-en-comunitats-de-propietaris\/#breadcrumb"},"inLanguage":"ca","potentialAction":[{"@type":"ReadAction","target":["https:\/\/www.fundacionmdp.org\/ca\/habitatges-mes-accessibles-guia-definitiva-per-a-dissenyar-espais-sense-barreres-i-fomentar-la-inclusio-en-comunitats-de-propietaris\/"]}]},{"@type":"ImageObject","inLanguage":"ca","@id":"https:\/\/www.fundacionmdp.org\/ca\/habitatges-mes-accessibles-guia-definitiva-per-a-dissenyar-espais-sense-barreres-i-fomentar-la-inclusio-en-comunitats-de-propietaris\/#primaryimage","url":"https:\/\/www.fundacionmdp.org\/wp-content\/uploads\/2025\/12\/Vivienda-Accesible.png","contentUrl":"https:\/\/www.fundacionmdp.org\/wp-content\/uploads\/2025\/12\/Vivienda-Accesible.png","width":1024,"height":881},{"@type":"BreadcrumbList","@id":"https:\/\/www.fundacionmdp.org\/ca\/habitatges-mes-accessibles-guia-definitiva-per-a-dissenyar-espais-sense-barreres-i-fomentar-la-inclusio-en-comunitats-de-propietaris\/#breadcrumb","itemListElement":[{"@type":"ListItem","position":1,"name":"Home","item":"https:\/\/www.fundacionmdp.org\/ca\/"},{"@type":"ListItem","position":2,"name":"Habitatges m\u00e9s accessibles: Guia definitiva per a dissenyar espais sense barreres i fomentar la inclusi\u00f3 en comunitats de propietaris"}]},{"@type":"WebSite","@id":"https:\/\/www.fundacionmdp.org\/#website","url":"https:\/\/www.fundacionmdp.org\/","name":"Fundaci\u00f3n Mutua de Propietarios","description":"En la Fundaci\u00f3n Mutua de Propietarios te ayudamos a convertir tu edificio de viviendas en un espacio sin barreras arquitect\u00f3nicas.","publisher":{"@id":"https:\/\/www.fundacionmdp.org\/#organization"},"potentialAction":[{"@type":"SearchAction","target":{"@type":"EntryPoint","urlTemplate":"https:\/\/www.fundacionmdp.org\/?s={search_term_string}"},"query-input":{"@type":"PropertyValueSpecification","valueRequired":true,"valueName":"search_term_string"}}],"inLanguage":"ca"},{"@type":"Organization","@id":"https:\/\/www.fundacionmdp.org\/#organization","name":"Fundaci\u00f3n Mutua de Propietarios","url":"https:\/\/www.fundacionmdp.org\/","logo":{"@type":"ImageObject","inLanguage":"ca","@id":"https:\/\/www.fundacionmdp.org\/#\/schema\/logo\/image\/","url":"https:\/\/www.fundacionmdp.org\/wp-content\/uploads\/2023\/05\/logo_FMdP_cat.png","contentUrl":"https:\/\/www.fundacionmdp.org\/wp-content\/uploads\/2023\/05\/logo_FMdP_cat.png","width":655,"height":297,"caption":"Fundaci\u00f3n Mutua de Propietarios"},"image":{"@id":"https:\/\/www.fundacionmdp.org\/#\/schema\/logo\/image\/"}},{"@type":"Person","@id":"https:\/\/www.fundacionmdp.org\/#\/schema\/person\/12f9af801cac25dfcb5a96cb0090f703","name":"fundacionmdp","image":{"@type":"ImageObject","inLanguage":"ca","@id":"https:\/\/secure.gravatar.com\/avatar\/b540f93d1816a14d85e51109d050c3243b98fb660a665f517a6d2597cff3bbed?s=96&d=mm&r=g","url":"https:\/\/secure.gravatar.com\/avatar\/b540f93d1816a14d85e51109d050c3243b98fb660a665f517a6d2597cff3bbed?s=96&d=mm&r=g","contentUrl":"https:\/\/secure.gravatar.com\/avatar\/b540f93d1816a14d85e51109d050c3243b98fb660a665f517a6d2597cff3bbed?s=96&d=mm&r=g","caption":"fundacionmdp"},"sameAs":["http:\/\/prezuk.com.mialias.net\/fundacionmdp"],"url":"https:\/\/www.fundacionmdp.org\/ca\/author\/fundacionmdp\/"}]}},"_links":{"self":[{"href":"https:\/\/www.fundacionmdp.org\/ca\/wp-json\/wp\/v2\/posts\/12171","targetHints":{"allow":["GET"]}}],"collection":[{"href":"https:\/\/www.fundacionmdp.org\/ca\/wp-json\/wp\/v2\/posts"}],"about":[{"href":"https:\/\/www.fundacionmdp.org\/ca\/wp-json\/wp\/v2\/types\/post"}],"author":[{"embeddable":true,"href":"https:\/\/www.fundacionmdp.org\/ca\/wp-json\/wp\/v2\/users\/1"}],"replies":[{"embeddable":true,"href":"https:\/\/www.fundacionmdp.org\/ca\/wp-json\/wp\/v2\/comments?post=12171"}],"version-history":[{"count":7,"href":"https:\/\/www.fundacionmdp.org\/ca\/wp-json\/wp\/v2\/posts\/12171\/revisions"}],"predecessor-version":[{"id":12182,"href":"https:\/\/www.fundacionmdp.org\/ca\/wp-json\/wp\/v2\/posts\/12171\/revisions\/12182"}],"wp:featuredmedia":[{"embeddable":true,"href":"https:\/\/www.fundacionmdp.org\/ca\/wp-json\/wp\/v2\/media\/12167"}],"wp:attachment":[{"href":"https:\/\/www.fundacionmdp.org\/ca\/wp-json\/wp\/v2\/media?parent=12171"}],"wp:term":[{"taxonomy":"category","embeddable":true,"href":"https:\/\/www.fundacionmdp.org\/ca\/wp-json\/wp\/v2\/categories?post=12171"},{"taxonomy":"post_tag","embeddable":true,"href":"https:\/\/www.fundacionmdp.org\/ca\/wp-json\/wp\/v2\/tags?post=12171"}],"curies":[{"name":"wp","href":"https:\/\/api.w.org\/{rel}","templated":true}]}}