{"id":3379,"date":"2018-04-25T12:40:31","date_gmt":"2018-04-25T11:40:31","guid":{"rendered":"https:\/\/www.fundacionmdp.org\/actualitat-1\/"},"modified":"2023-05-15T08:03:52","modified_gmt":"2023-05-15T08:03:52","slug":"opcions-per-millor-accessibilitat-a-un-edifici-habitatges","status":"publish","type":"post","link":"https:\/\/www.fundacionmdp.org\/ca\/opcions-per-millor-accessibilitat-a-un-edifici-habitatges\/","title":{"rendered":"Tres opcions per millor l\u2019accessibilitat a un edifici d\u2019habitatges"},"content":{"rendered":"<h2>Rampes, plataformes salvaescales, ascensor a nivell del portal<\/h2>\n<p>L\u2019accessibilitat \u00e9s un factor que s\u2019hauria de tenir m\u00e9s en compte en els espais comuns d\u2019un gran nombre de comunitats de ve\u00efns avui en dia. Aix\u00f2 suposa un problema per a les persones amb mobilitat redu\u00efda a l\u2019hora d\u2019accedir al seu portal o altres espais d\u2019un edifici.<\/p>\n<p>Tanmateix, existeixen varies opcions d\u2019adequaci\u00f3 que permetrien garantir l\u2019acc\u00e9s a aquells ve\u00efns als que no els sigui possible patir algun tipus de discapacitat motriu:<\/p>\n<p><img decoding=\"async\" class=\"wp-image-1661 alignleft\" style=\"width: 40%; min-width: 260px; border-radius: 20px; margin-right: 40px;\" src=\"http:\/\/prezuk.com.mialias.net\/fundacionmdp\/wp-content\/uploads\/2023\/05\/wheelchair-798420_640.jpg\" alt=\"\" \/><\/p>\n<ol>\n<li><strong>Rampa: <\/strong><\/li>\n<\/ol>\n<p>S\u00f3n moltes les comunitats que compten amb una entrada al portal formada per escales. A l\u2019hora d\u2019adequar els espais comuns per garantir l\u2019accessibilitat, la rampa \u00e9s possible que sigui una de les opcions m\u00e9s escollides per part de les comunitats de ve\u00efns.<\/p>\n<p>No requereix d\u2019una gran obra, ja que nom\u00e9s \u00e9s necessari eliminar una part de les escales per construir una rampa que permeti l\u2019acc\u00e9s, si b\u00e9 es tracta d\u2019un element realment \u00fatil per persones que utilitzin cadires de rodes. No obstant, s\u2019ha de tenir en compte que, si l\u2019acc\u00e9s al portal \u00e9s molt estret, no sempre ser\u00e0 possible executar aquesta obra.<\/p>\n<ol start=\"2\">\n<li><strong>Plataforma salvaescales:<\/strong><\/li>\n<\/ol>\n<p>La plataforma salavaescales \u00e9s una altra opci\u00f3 a tenir en compte per millorar l\u2019acc\u00e9s en una comunitat de ve\u00efns. Una de les seves avantatges es que la pot utilitzar tan una persona que es despla\u00e7a en cadira de rodes, com un ve\u00ed que utilitza muletes.<\/p>\n<p>Existeixen plataformes que poden plegar-se per ocupar el menor espai possible al portal. En aquest cas, no s\u2019ha d\u2019executar una obra: \u00e9s suficient amb instal\u00b7lar una m\u00e0quina. Tot i aix\u00ed, tamb\u00e9 s\u2019han de tenir en compte les dimensions de les escales del portal.<\/p>\n<ol start=\"3\">\n<li><strong>Ascensor a nivell de portal: <\/strong><\/li>\n<\/ol>\n<p>Davant del problema de les escales d\u2019acc\u00e9s a la comunitat, disposar d\u2019un ascensor a nivell del portal o nivell zero seria una opci\u00f3 que garantiria l\u2019accessibilitat de qualsevol persona amb mobilitat redu\u00efda. \u00c9s cert que aquest cas implica realitzar una obra civil que, depenent de molts factors, pot ser m\u00e9s o menys costos, per\u00f2 seria la m\u00e9s c\u00f2moda d\u2019utilitzar per qualsevol persona independent del seu grau de minusvalidesa.<\/p>\n<p>Algunes comunitats de ve\u00efns encara son reticents a realitzar qualsevol modificaci\u00f3 i\/o obra en espais comuns, principalment per raons econ\u00f2miques. No obstant, avui en dia cada vegada m\u00e9s institucions estan conscienciades amb la import\u00e0ncia de l\u2019accessibilitat i el grau problema que suposa per les persones amb mobilitat redu\u00efda, de manera que s\u2019ofereixen ajudes davant aquest tipus de situacions. A la <a href=\"\/?p=813\" target=\"_blank\" rel=\"noopener\"><strong>Fundaci\u00f3 Mutua de Propietarios<\/strong><\/a> mitjan\u00e7ant el nostre <strong>programa \u201cSense Barreres\u201d<\/strong>, s\u2019ha obert una convocat\u00f2ria per sol\u00b7licitar les ajudes que permetin <strong>subvencionar<\/strong> gran part dels costos que impliquen les <strong>obres per l\u2019eliminaci\u00f3 de les barreres arquitect\u00f2niques a favor de l\u2019accessibilitat.<\/strong><\/p>\n","protected":false},"excerpt":{"rendered":"<p>Rampes, plataformes salvaescales, ascensor a nivell del portal<\/p>\n","protected":false},"author":1,"featured_media":6844,"comment_status":"closed","ping_status":"closed","sticky":false,"template":"","format":"standard","meta":{"_acf_changed":false,"ocean_post_layout":"","ocean_both_sidebars_style":"","ocean_both_sidebars_content_width":0,"ocean_both_sidebars_sidebars_width":0,"ocean_sidebar":"0","ocean_second_sidebar":"0","ocean_disable_margins":"enable","ocean_add_body_class":"","ocean_shortcode_before_top_bar":"","ocean_shortcode_after_top_bar":"","ocean_shortcode_before_header":"","ocean_shortcode_after_header":"","ocean_has_shortcode":"","ocean_shortcode_after_title":"","ocean_shortcode_before_footer_widgets":"","ocean_shortcode_after_footer_widgets":"","ocean_shortcode_before_footer_bottom":"","ocean_shortcode_after_footer_bottom":"","ocean_display_top_bar":"default","ocean_display_header":"default","ocean_header_style":"","ocean_center_header_left_menu":"0","ocean_custom_header_template":"0","ocean_custom_logo":0,"ocean_custom_retina_logo":0,"ocean_custom_logo_max_width":0,"ocean_custom_logo_tablet_max_width":0,"ocean_custom_logo_mobile_max_width":0,"ocean_custom_logo_max_height":0,"ocean_custom_logo_tablet_max_height":0,"ocean_custom_logo_mobile_max_height":0,"ocean_header_custom_menu":"0","ocean_menu_typo_font_family":"0","ocean_menu_typo_font_subset":"","ocean_menu_typo_font_size":0,"ocean_menu_typo_font_size_tablet":0,"ocean_menu_typo_font_size_mobile":0,"ocean_menu_typo_font_size_unit":"px","ocean_menu_typo_font_weight":"","ocean_menu_typo_font_weight_tablet":"","ocean_menu_typo_font_weight_mobile":"","ocean_menu_typo_transform":"","ocean_menu_typo_transform_tablet":"","ocean_menu_typo_transform_mobile":"","ocean_menu_typo_line_height":0,"ocean_menu_typo_line_height_tablet":0,"ocean_menu_typo_line_height_mobile":0,"ocean_menu_typo_line_height_unit":"","ocean_menu_typo_spacing":0,"ocean_menu_typo_spacing_tablet":0,"ocean_menu_typo_spacing_mobile":0,"ocean_menu_typo_spacing_unit":"","ocean_menu_link_color":"","ocean_menu_link_color_hover":"","ocean_menu_link_color_active":"","ocean_menu_link_background":"","ocean_menu_link_hover_background":"","ocean_menu_link_active_background":"","ocean_menu_social_links_bg":"","ocean_menu_social_hover_links_bg":"","ocean_menu_social_links_color":"","ocean_menu_social_hover_links_color":"","ocean_disable_title":"default","ocean_disable_heading":"default","ocean_post_title":"","ocean_post_subheading":"","ocean_post_title_style":"","ocean_post_title_background_color":"","ocean_post_title_background":0,"ocean_post_title_bg_image_position":"","ocean_post_title_bg_image_attachment":"","ocean_post_title_bg_image_repeat":"","ocean_post_title_bg_image_size":"","ocean_post_title_height":0,"ocean_post_title_bg_overlay":0.5,"ocean_post_title_bg_overlay_color":"","ocean_disable_breadcrumbs":"default","ocean_breadcrumbs_color":"","ocean_breadcrumbs_separator_color":"","ocean_breadcrumbs_links_color":"","ocean_breadcrumbs_links_hover_color":"","ocean_display_footer_widgets":"default","ocean_display_footer_bottom":"default","ocean_custom_footer_template":"0","ocean_post_oembed":"","ocean_post_self_hosted_media":"","ocean_post_video_embed":"","ocean_link_format":"","ocean_link_format_target":"self","ocean_quote_format":"","ocean_quote_format_link":"post","ocean_gallery_link_images":"off","ocean_gallery_id":[],"footnotes":""},"categories":[1],"tags":[],"class_list":["post-3379","post","type-post","status-publish","format-standard","has-post-thumbnail","hentry","category-sin-categorizar","entry","has-media"],"acf":[],"yoast_head":"<!-- This site is optimized with the Yoast SEO plugin v27.3 - https:\/\/yoast.com\/product\/yoast-seo-wordpress\/ -->\n<title>Tres opcions per millor l\u2019accessibilitat a un edifici d\u2019habitatges - Fundaci\u00f3n Mutua de Propietarios<\/title>\n<meta name=\"robots\" content=\"index, follow, max-snippet:-1, max-image-preview:large, max-video-preview:-1\" \/>\n<link rel=\"canonical\" href=\"https:\/\/www.fundacionmdp.org\/ca\/opcions-per-millor-accessibilitat-a-un-edifici-habitatges\/\" \/>\n<meta property=\"og:locale\" content=\"ca_ES\" \/>\n<meta property=\"og:type\" content=\"article\" \/>\n<meta property=\"og:title\" content=\"Tres opcions per millor l\u2019accessibilitat a un edifici d\u2019habitatges - Fundaci\u00f3n Mutua de Propietarios\" \/>\n<meta property=\"og:description\" content=\"Rampes, plataformes salvaescales, ascensor a nivell del portal\" \/>\n<meta property=\"og:url\" content=\"https:\/\/www.fundacionmdp.org\/ca\/opcions-per-millor-accessibilitat-a-un-edifici-habitatges\/\" \/>\n<meta property=\"og:site_name\" content=\"Fundaci\u00f3n Mutua de Propietarios\" \/>\n<meta property=\"article:published_time\" content=\"2018-04-25T11:40:31+00:00\" \/>\n<meta property=\"article:modified_time\" content=\"2023-05-15T08:03:52+00:00\" \/>\n<meta property=\"og:image\" content=\"https:\/\/www.fundacionmdp.org\/wp-content\/uploads\/2023\/05\/wheelchair-798420_640.jpg\" \/>\n\t<meta property=\"og:image:width\" content=\"640\" \/>\n\t<meta property=\"og:image:height\" content=\"425\" \/>\n\t<meta property=\"og:image:type\" content=\"image\/jpeg\" \/>\n<meta name=\"author\" content=\"fundacionmdp\" \/>\n<meta name=\"twitter:card\" content=\"summary_large_image\" \/>\n<meta name=\"twitter:label1\" content=\"Escrit per\" \/>\n\t<meta name=\"twitter:data1\" content=\"fundacionmdp\" \/>\n\t<meta name=\"twitter:label2\" content=\"Temps estimat de lectura\" \/>\n\t<meta name=\"twitter:data2\" content=\"3 minuts\" \/>\n<script type=\"application\/ld+json\" class=\"yoast-schema-graph\">{\"@context\":\"https:\\\/\\\/schema.org\",\"@graph\":[{\"@type\":\"Article\",\"@id\":\"https:\\\/\\\/www.fundacionmdp.org\\\/ca\\\/opcions-per-millor-accessibilitat-a-un-edifici-habitatges\\\/#article\",\"isPartOf\":{\"@id\":\"https:\\\/\\\/www.fundacionmdp.org\\\/ca\\\/opcions-per-millor-accessibilitat-a-un-edifici-habitatges\\\/\"},\"author\":{\"name\":\"fundacionmdp\",\"@id\":\"https:\\\/\\\/www.fundacionmdp.org\\\/#\\\/schema\\\/person\\\/12f9af801cac25dfcb5a96cb0090f703\"},\"headline\":\"Tres opcions per millor l\u2019accessibilitat a un edifici d\u2019habitatges\",\"datePublished\":\"2018-04-25T11:40:31+00:00\",\"dateModified\":\"2023-05-15T08:03:52+00:00\",\"mainEntityOfPage\":{\"@id\":\"https:\\\/\\\/www.fundacionmdp.org\\\/ca\\\/opcions-per-millor-accessibilitat-a-un-edifici-habitatges\\\/\"},\"wordCount\":515,\"publisher\":{\"@id\":\"https:\\\/\\\/www.fundacionmdp.org\\\/#organization\"},\"image\":{\"@id\":\"https:\\\/\\\/www.fundacionmdp.org\\\/ca\\\/opcions-per-millor-accessibilitat-a-un-edifici-habitatges\\\/#primaryimage\"},\"thumbnailUrl\":\"https:\\\/\\\/www.fundacionmdp.org\\\/wp-content\\\/uploads\\\/2023\\\/05\\\/wheelchair-798420_640.jpg\",\"articleSection\":[\"Sin categorizar\"],\"inLanguage\":\"ca\"},{\"@type\":\"WebPage\",\"@id\":\"https:\\\/\\\/www.fundacionmdp.org\\\/ca\\\/opcions-per-millor-accessibilitat-a-un-edifici-habitatges\\\/\",\"url\":\"https:\\\/\\\/www.fundacionmdp.org\\\/ca\\\/opcions-per-millor-accessibilitat-a-un-edifici-habitatges\\\/\",\"name\":\"Tres opcions per millor l\u2019accessibilitat a un edifici d\u2019habitatges - Fundaci\u00f3n Mutua de Propietarios\",\"isPartOf\":{\"@id\":\"https:\\\/\\\/www.fundacionmdp.org\\\/#website\"},\"primaryImageOfPage\":{\"@id\":\"https:\\\/\\\/www.fundacionmdp.org\\\/ca\\\/opcions-per-millor-accessibilitat-a-un-edifici-habitatges\\\/#primaryimage\"},\"image\":{\"@id\":\"https:\\\/\\\/www.fundacionmdp.org\\\/ca\\\/opcions-per-millor-accessibilitat-a-un-edifici-habitatges\\\/#primaryimage\"},\"thumbnailUrl\":\"https:\\\/\\\/www.fundacionmdp.org\\\/wp-content\\\/uploads\\\/2023\\\/05\\\/wheelchair-798420_640.jpg\",\"datePublished\":\"2018-04-25T11:40:31+00:00\",\"dateModified\":\"2023-05-15T08:03:52+00:00\",\"breadcrumb\":{\"@id\":\"https:\\\/\\\/www.fundacionmdp.org\\\/ca\\\/opcions-per-millor-accessibilitat-a-un-edifici-habitatges\\\/#breadcrumb\"},\"inLanguage\":\"ca\",\"potentialAction\":[{\"@type\":\"ReadAction\",\"target\":[\"https:\\\/\\\/www.fundacionmdp.org\\\/ca\\\/opcions-per-millor-accessibilitat-a-un-edifici-habitatges\\\/\"]}]},{\"@type\":\"ImageObject\",\"inLanguage\":\"ca\",\"@id\":\"https:\\\/\\\/www.fundacionmdp.org\\\/ca\\\/opcions-per-millor-accessibilitat-a-un-edifici-habitatges\\\/#primaryimage\",\"url\":\"https:\\\/\\\/www.fundacionmdp.org\\\/wp-content\\\/uploads\\\/2023\\\/05\\\/wheelchair-798420_640.jpg\",\"contentUrl\":\"https:\\\/\\\/www.fundacionmdp.org\\\/wp-content\\\/uploads\\\/2023\\\/05\\\/wheelchair-798420_640.jpg\",\"width\":640,\"height\":425},{\"@type\":\"BreadcrumbList\",\"@id\":\"https:\\\/\\\/www.fundacionmdp.org\\\/ca\\\/opcions-per-millor-accessibilitat-a-un-edifici-habitatges\\\/#breadcrumb\",\"itemListElement\":[{\"@type\":\"ListItem\",\"position\":1,\"name\":\"Home\",\"item\":\"https:\\\/\\\/www.fundacionmdp.org\\\/ca\\\/\"},{\"@type\":\"ListItem\",\"position\":2,\"name\":\"Tres opcions per millor l\u2019accessibilitat a un edifici d\u2019habitatges\"}]},{\"@type\":\"WebSite\",\"@id\":\"https:\\\/\\\/www.fundacionmdp.org\\\/#website\",\"url\":\"https:\\\/\\\/www.fundacionmdp.org\\\/\",\"name\":\"Fundaci\u00f3n Mutua de Propietarios\",\"description\":\"En la Fundaci\u00f3n Mutua de Propietarios te ayudamos a convertir tu edificio de viviendas en un espacio sin barreras arquitect\u00f3nicas.\",\"publisher\":{\"@id\":\"https:\\\/\\\/www.fundacionmdp.org\\\/#organization\"},\"potentialAction\":[{\"@type\":\"SearchAction\",\"target\":{\"@type\":\"EntryPoint\",\"urlTemplate\":\"https:\\\/\\\/www.fundacionmdp.org\\\/?s={search_term_string}\"},\"query-input\":{\"@type\":\"PropertyValueSpecification\",\"valueRequired\":true,\"valueName\":\"search_term_string\"}}],\"inLanguage\":\"ca\"},{\"@type\":\"Organization\",\"@id\":\"https:\\\/\\\/www.fundacionmdp.org\\\/#organization\",\"name\":\"Fundaci\u00f3n Mutua de Propietarios\",\"url\":\"https:\\\/\\\/www.fundacionmdp.org\\\/\",\"logo\":{\"@type\":\"ImageObject\",\"inLanguage\":\"ca\",\"@id\":\"https:\\\/\\\/www.fundacionmdp.org\\\/#\\\/schema\\\/logo\\\/image\\\/\",\"url\":\"https:\\\/\\\/www.fundacionmdp.org\\\/wp-content\\\/uploads\\\/2023\\\/05\\\/logo_FMdP_cat.png\",\"contentUrl\":\"https:\\\/\\\/www.fundacionmdp.org\\\/wp-content\\\/uploads\\\/2023\\\/05\\\/logo_FMdP_cat.png\",\"width\":655,\"height\":297,\"caption\":\"Fundaci\u00f3n Mutua de Propietarios\"},\"image\":{\"@id\":\"https:\\\/\\\/www.fundacionmdp.org\\\/#\\\/schema\\\/logo\\\/image\\\/\"}},{\"@type\":\"Person\",\"@id\":\"https:\\\/\\\/www.fundacionmdp.org\\\/#\\\/schema\\\/person\\\/12f9af801cac25dfcb5a96cb0090f703\",\"name\":\"fundacionmdp\",\"image\":{\"@type\":\"ImageObject\",\"inLanguage\":\"ca\",\"@id\":\"https:\\\/\\\/secure.gravatar.com\\\/avatar\\\/b540f93d1816a14d85e51109d050c3243b98fb660a665f517a6d2597cff3bbed?s=96&d=mm&r=g\",\"url\":\"https:\\\/\\\/secure.gravatar.com\\\/avatar\\\/b540f93d1816a14d85e51109d050c3243b98fb660a665f517a6d2597cff3bbed?s=96&d=mm&r=g\",\"contentUrl\":\"https:\\\/\\\/secure.gravatar.com\\\/avatar\\\/b540f93d1816a14d85e51109d050c3243b98fb660a665f517a6d2597cff3bbed?s=96&d=mm&r=g\",\"caption\":\"fundacionmdp\"},\"sameAs\":[\"http:\\\/\\\/prezuk.com.mialias.net\\\/fundacionmdp\"],\"url\":\"https:\\\/\\\/www.fundacionmdp.org\\\/ca\\\/author\\\/fundacionmdp\\\/\"}]}<\/script>\n<!-- \/ Yoast SEO plugin. -->","yoast_head_json":{"title":"Tres opcions per millor l\u2019accessibilitat a un edifici d\u2019habitatges - Fundaci\u00f3n Mutua de Propietarios","robots":{"index":"index","follow":"follow","max-snippet":"max-snippet:-1","max-image-preview":"max-image-preview:large","max-video-preview":"max-video-preview:-1"},"canonical":"https:\/\/www.fundacionmdp.org\/ca\/opcions-per-millor-accessibilitat-a-un-edifici-habitatges\/","og_locale":"ca_ES","og_type":"article","og_title":"Tres opcions per millor l\u2019accessibilitat a un edifici d\u2019habitatges - Fundaci\u00f3n Mutua de Propietarios","og_description":"Rampes, plataformes salvaescales, ascensor a nivell del portal","og_url":"https:\/\/www.fundacionmdp.org\/ca\/opcions-per-millor-accessibilitat-a-un-edifici-habitatges\/","og_site_name":"Fundaci\u00f3n Mutua de Propietarios","article_published_time":"2018-04-25T11:40:31+00:00","article_modified_time":"2023-05-15T08:03:52+00:00","og_image":[{"width":640,"height":425,"url":"https:\/\/www.fundacionmdp.org\/wp-content\/uploads\/2023\/05\/wheelchair-798420_640.jpg","type":"image\/jpeg"}],"author":"fundacionmdp","twitter_card":"summary_large_image","twitter_misc":{"Escrit per":"fundacionmdp","Temps estimat de lectura":"3 minuts"},"schema":{"@context":"https:\/\/schema.org","@graph":[{"@type":"Article","@id":"https:\/\/www.fundacionmdp.org\/ca\/opcions-per-millor-accessibilitat-a-un-edifici-habitatges\/#article","isPartOf":{"@id":"https:\/\/www.fundacionmdp.org\/ca\/opcions-per-millor-accessibilitat-a-un-edifici-habitatges\/"},"author":{"name":"fundacionmdp","@id":"https:\/\/www.fundacionmdp.org\/#\/schema\/person\/12f9af801cac25dfcb5a96cb0090f703"},"headline":"Tres opcions per millor l\u2019accessibilitat a un edifici d\u2019habitatges","datePublished":"2018-04-25T11:40:31+00:00","dateModified":"2023-05-15T08:03:52+00:00","mainEntityOfPage":{"@id":"https:\/\/www.fundacionmdp.org\/ca\/opcions-per-millor-accessibilitat-a-un-edifici-habitatges\/"},"wordCount":515,"publisher":{"@id":"https:\/\/www.fundacionmdp.org\/#organization"},"image":{"@id":"https:\/\/www.fundacionmdp.org\/ca\/opcions-per-millor-accessibilitat-a-un-edifici-habitatges\/#primaryimage"},"thumbnailUrl":"https:\/\/www.fundacionmdp.org\/wp-content\/uploads\/2023\/05\/wheelchair-798420_640.jpg","articleSection":["Sin categorizar"],"inLanguage":"ca"},{"@type":"WebPage","@id":"https:\/\/www.fundacionmdp.org\/ca\/opcions-per-millor-accessibilitat-a-un-edifici-habitatges\/","url":"https:\/\/www.fundacionmdp.org\/ca\/opcions-per-millor-accessibilitat-a-un-edifici-habitatges\/","name":"Tres opcions per millor l\u2019accessibilitat a un edifici d\u2019habitatges - Fundaci\u00f3n Mutua de Propietarios","isPartOf":{"@id":"https:\/\/www.fundacionmdp.org\/#website"},"primaryImageOfPage":{"@id":"https:\/\/www.fundacionmdp.org\/ca\/opcions-per-millor-accessibilitat-a-un-edifici-habitatges\/#primaryimage"},"image":{"@id":"https:\/\/www.fundacionmdp.org\/ca\/opcions-per-millor-accessibilitat-a-un-edifici-habitatges\/#primaryimage"},"thumbnailUrl":"https:\/\/www.fundacionmdp.org\/wp-content\/uploads\/2023\/05\/wheelchair-798420_640.jpg","datePublished":"2018-04-25T11:40:31+00:00","dateModified":"2023-05-15T08:03:52+00:00","breadcrumb":{"@id":"https:\/\/www.fundacionmdp.org\/ca\/opcions-per-millor-accessibilitat-a-un-edifici-habitatges\/#breadcrumb"},"inLanguage":"ca","potentialAction":[{"@type":"ReadAction","target":["https:\/\/www.fundacionmdp.org\/ca\/opcions-per-millor-accessibilitat-a-un-edifici-habitatges\/"]}]},{"@type":"ImageObject","inLanguage":"ca","@id":"https:\/\/www.fundacionmdp.org\/ca\/opcions-per-millor-accessibilitat-a-un-edifici-habitatges\/#primaryimage","url":"https:\/\/www.fundacionmdp.org\/wp-content\/uploads\/2023\/05\/wheelchair-798420_640.jpg","contentUrl":"https:\/\/www.fundacionmdp.org\/wp-content\/uploads\/2023\/05\/wheelchair-798420_640.jpg","width":640,"height":425},{"@type":"BreadcrumbList","@id":"https:\/\/www.fundacionmdp.org\/ca\/opcions-per-millor-accessibilitat-a-un-edifici-habitatges\/#breadcrumb","itemListElement":[{"@type":"ListItem","position":1,"name":"Home","item":"https:\/\/www.fundacionmdp.org\/ca\/"},{"@type":"ListItem","position":2,"name":"Tres opcions per millor l\u2019accessibilitat a un edifici d\u2019habitatges"}]},{"@type":"WebSite","@id":"https:\/\/www.fundacionmdp.org\/#website","url":"https:\/\/www.fundacionmdp.org\/","name":"Fundaci\u00f3n Mutua de Propietarios","description":"En la Fundaci\u00f3n Mutua de Propietarios te ayudamos a convertir tu edificio de viviendas en un espacio sin barreras arquitect\u00f3nicas.","publisher":{"@id":"https:\/\/www.fundacionmdp.org\/#organization"},"potentialAction":[{"@type":"SearchAction","target":{"@type":"EntryPoint","urlTemplate":"https:\/\/www.fundacionmdp.org\/?s={search_term_string}"},"query-input":{"@type":"PropertyValueSpecification","valueRequired":true,"valueName":"search_term_string"}}],"inLanguage":"ca"},{"@type":"Organization","@id":"https:\/\/www.fundacionmdp.org\/#organization","name":"Fundaci\u00f3n Mutua de Propietarios","url":"https:\/\/www.fundacionmdp.org\/","logo":{"@type":"ImageObject","inLanguage":"ca","@id":"https:\/\/www.fundacionmdp.org\/#\/schema\/logo\/image\/","url":"https:\/\/www.fundacionmdp.org\/wp-content\/uploads\/2023\/05\/logo_FMdP_cat.png","contentUrl":"https:\/\/www.fundacionmdp.org\/wp-content\/uploads\/2023\/05\/logo_FMdP_cat.png","width":655,"height":297,"caption":"Fundaci\u00f3n Mutua de Propietarios"},"image":{"@id":"https:\/\/www.fundacionmdp.org\/#\/schema\/logo\/image\/"}},{"@type":"Person","@id":"https:\/\/www.fundacionmdp.org\/#\/schema\/person\/12f9af801cac25dfcb5a96cb0090f703","name":"fundacionmdp","image":{"@type":"ImageObject","inLanguage":"ca","@id":"https:\/\/secure.gravatar.com\/avatar\/b540f93d1816a14d85e51109d050c3243b98fb660a665f517a6d2597cff3bbed?s=96&d=mm&r=g","url":"https:\/\/secure.gravatar.com\/avatar\/b540f93d1816a14d85e51109d050c3243b98fb660a665f517a6d2597cff3bbed?s=96&d=mm&r=g","contentUrl":"https:\/\/secure.gravatar.com\/avatar\/b540f93d1816a14d85e51109d050c3243b98fb660a665f517a6d2597cff3bbed?s=96&d=mm&r=g","caption":"fundacionmdp"},"sameAs":["http:\/\/prezuk.com.mialias.net\/fundacionmdp"],"url":"https:\/\/www.fundacionmdp.org\/ca\/author\/fundacionmdp\/"}]}},"_links":{"self":[{"href":"https:\/\/www.fundacionmdp.org\/ca\/wp-json\/wp\/v2\/posts\/3379","targetHints":{"allow":["GET"]}}],"collection":[{"href":"https:\/\/www.fundacionmdp.org\/ca\/wp-json\/wp\/v2\/posts"}],"about":[{"href":"https:\/\/www.fundacionmdp.org\/ca\/wp-json\/wp\/v2\/types\/post"}],"author":[{"embeddable":true,"href":"https:\/\/www.fundacionmdp.org\/ca\/wp-json\/wp\/v2\/users\/1"}],"replies":[{"embeddable":true,"href":"https:\/\/www.fundacionmdp.org\/ca\/wp-json\/wp\/v2\/comments?post=3379"}],"version-history":[{"count":2,"href":"https:\/\/www.fundacionmdp.org\/ca\/wp-json\/wp\/v2\/posts\/3379\/revisions"}],"predecessor-version":[{"id":6846,"href":"https:\/\/www.fundacionmdp.org\/ca\/wp-json\/wp\/v2\/posts\/3379\/revisions\/6846"}],"wp:featuredmedia":[{"embeddable":true,"href":"https:\/\/www.fundacionmdp.org\/ca\/wp-json\/wp\/v2\/media\/6844"}],"wp:attachment":[{"href":"https:\/\/www.fundacionmdp.org\/ca\/wp-json\/wp\/v2\/media?parent=3379"}],"wp:term":[{"taxonomy":"category","embeddable":true,"href":"https:\/\/www.fundacionmdp.org\/ca\/wp-json\/wp\/v2\/categories?post=3379"},{"taxonomy":"post_tag","embeddable":true,"href":"https:\/\/www.fundacionmdp.org\/ca\/wp-json\/wp\/v2\/tags?post=3379"}],"curies":[{"name":"wp","href":"https:\/\/api.w.org\/{rel}","templated":true}]}}