{"id":3382,"date":"2018-05-28T16:27:45","date_gmt":"2018-05-28T15:27:45","guid":{"rendered":"https:\/\/www.fundacionmdp.org\/buenas-practicas-en-accesibilidad-urbanismos-sin-barreras-arquitectonicas\/"},"modified":"2023-05-15T08:07:58","modified_gmt":"2023-05-15T08:07:58","slug":"bones-practiques-en-accessibilitat-urbanismes-sense-barreres-arquitectoniques","status":"publish","type":"post","link":"https:\/\/www.fundacionmdp.org\/ca\/bones-practiques-en-accessibilitat-urbanismes-sense-barreres-arquitectoniques\/","title":{"rendered":"Bones pr\u00e0ctiques en accessibilitat: urbanismes sense barreres arquitect\u00f2niques"},"content":{"rendered":"<h2>Les ciutats europees m\u00e9s accessibles<\/h2>\n<p>El 75% dels europeus viuen en ciutats. I lluny del que pugui semblar, \u00e9s precisament en les ciutats on les persones amb diversitat funcional troben, en moltes ocasions, m\u00e9s barreres arquitect\u00f2niques, el que els impedeix transitar lliurement i els posa traves en el seu dia a dia: des del disseny del transport p\u00fablic fins a l\u2019acc\u00e9s a centres urbans hist\u00f2rics, passant per portals d\u2019habitatges no accessibles per persones amb mobilitat redu\u00efda.<\/p>\n<p>Tampoc es pot oblidar una realitat com \u00e9s l\u2019envelliment de la poblaci\u00f3 i la necessitat d\u2019avan\u00e7ar cap a l\u2019adequaci\u00f3 d\u2019espais urbans i edificis accessibles.<\/p>\n<p><a href=\"https:\/\/www.fundacionmdp.org\/ca\/\">Fundacions d\u2019ajuda a l\u2019accessibilitat<\/a> i organitzacions treballen per <strong>potenciar l\u2019eliminaci\u00f3 de barreres arquitect\u00f2niques<\/strong> i crear una Europa accessible.<\/p>\n<p>Com a resultat d\u2019aquest treball, la Comissi\u00f3 Europea atorga, cada any, la categoria de \u201c<a href=\"https:\/\/ec.europa.eu\/social\/main.jsp?catId=1141&amp;langId=en\">ciutat accessible<\/a>\u201d a una ciutat europea. La primera en emportar-se aquest guard\u00f3 va ser <strong>\u00c0vila<\/strong>, que al 2010 va ser premiada \u201cper la seva defensa de l\u2019accessibilitat per les persones amb discapacitat\u201d despr\u00e9s de l\u2019aplicaci\u00f3 del Pla d\u2019Ordenaci\u00f3 Urbana. Amb aquest pla es va condicionar, entre altres coses, part de l\u2019emblem\u00e0tica muralla per tal que persones en cadira de rodes puguin gaudir d\u2019ella, creant una rampa a la zona de la \u201cPuerta del Puente\u201d.<\/p>\n<p>\u00c0vila va ser la primera, per\u00f2 no la \u00fanica. Des de llavors, nombroses ciutats han rebut la condecoraci\u00f3 de cuitat accessible.<\/p>\n<p>L\u2019any passat la guanyadora va ser la ciutat de<strong> Chester<\/strong>, al Regne Unit, on tamb\u00e9 les persones amb diversitat funcional poden gaudir d\u2019un passeig per la bonica muralla medieval.<\/p>\n<p>La ciutat de <strong>Mil\u00e0<\/strong>, que va rebre la condecoraci\u00f3 al 2016, \u00e9s una altra de les ciutats que ha treballat durant anys amb associacions i fundacions d\u2019ajuda a l\u2019accessibilitat <strong>per detectar barreres arquitect\u00f2niques i eliminar-les<\/strong>. D\u2019aquesta manera s\u2019ha aconseguit que els principals atractius tur\u00edstics de la ciutat comptin amb rampes i ascensors que facin f\u00e0cil l\u2019acc\u00e9s de persones amb mobilitat redu\u00efda.<\/p>\n<p>Al 2013 Berl\u00edn, va ser la que es va emportar el reconeixement. I es que la capital alemanya destaca per<strong> l\u2019accessibilitat de la seva infraestructura<\/strong>. La major part dels edificis p\u00fablics s\u00f3n accessibles, ja sigui mitjan\u00e7ant rampes fixes o port\u00e0tils, o mitjan\u00e7ant ascensors o muntac\u00e0rregues. Hotels, restaurants i transport compta amb rampes d\u2019acc\u00e9s i banys adaptats, el que fan de Berlin una ciutat id\u00f2nia pel turisme de persones amb diversitat funcional.<\/p>\n","protected":false},"excerpt":{"rendered":"<p>Les ciutats europees m\u00e9s accessibles<\/p>\n","protected":false},"author":1,"featured_media":6848,"comment_status":"open","ping_status":"open","sticky":false,"template":"","format":"standard","meta":{"_acf_changed":false,"ocean_post_layout":"","ocean_both_sidebars_style":"","ocean_both_sidebars_content_width":0,"ocean_both_sidebars_sidebars_width":0,"ocean_sidebar":"0","ocean_second_sidebar":"0","ocean_disable_margins":"enable","ocean_add_body_class":"","ocean_shortcode_before_top_bar":"","ocean_shortcode_after_top_bar":"","ocean_shortcode_before_header":"","ocean_shortcode_after_header":"","ocean_has_shortcode":"","ocean_shortcode_after_title":"","ocean_shortcode_before_footer_widgets":"","ocean_shortcode_after_footer_widgets":"","ocean_shortcode_before_footer_bottom":"","ocean_shortcode_after_footer_bottom":"","ocean_display_top_bar":"default","ocean_display_header":"default","ocean_header_style":"","ocean_center_header_left_menu":"0","ocean_custom_header_template":"0","ocean_custom_logo":0,"ocean_custom_retina_logo":0,"ocean_custom_logo_max_width":0,"ocean_custom_logo_tablet_max_width":0,"ocean_custom_logo_mobile_max_width":0,"ocean_custom_logo_max_height":0,"ocean_custom_logo_tablet_max_height":0,"ocean_custom_logo_mobile_max_height":0,"ocean_header_custom_menu":"0","ocean_menu_typo_font_family":"0","ocean_menu_typo_font_subset":"","ocean_menu_typo_font_size":0,"ocean_menu_typo_font_size_tablet":0,"ocean_menu_typo_font_size_mobile":0,"ocean_menu_typo_font_size_unit":"px","ocean_menu_typo_font_weight":"","ocean_menu_typo_font_weight_tablet":"","ocean_menu_typo_font_weight_mobile":"","ocean_menu_typo_transform":"","ocean_menu_typo_transform_tablet":"","ocean_menu_typo_transform_mobile":"","ocean_menu_typo_line_height":0,"ocean_menu_typo_line_height_tablet":0,"ocean_menu_typo_line_height_mobile":0,"ocean_menu_typo_line_height_unit":"","ocean_menu_typo_spacing":0,"ocean_menu_typo_spacing_tablet":0,"ocean_menu_typo_spacing_mobile":0,"ocean_menu_typo_spacing_unit":"","ocean_menu_link_color":"","ocean_menu_link_color_hover":"","ocean_menu_link_color_active":"","ocean_menu_link_background":"","ocean_menu_link_hover_background":"","ocean_menu_link_active_background":"","ocean_menu_social_links_bg":"","ocean_menu_social_hover_links_bg":"","ocean_menu_social_links_color":"","ocean_menu_social_hover_links_color":"","ocean_disable_title":"default","ocean_disable_heading":"default","ocean_post_title":"","ocean_post_subheading":"","ocean_post_title_style":"","ocean_post_title_background_color":"","ocean_post_title_background":0,"ocean_post_title_bg_image_position":"","ocean_post_title_bg_image_attachment":"","ocean_post_title_bg_image_repeat":"","ocean_post_title_bg_image_size":"","ocean_post_title_height":0,"ocean_post_title_bg_overlay":0.5,"ocean_post_title_bg_overlay_color":"","ocean_disable_breadcrumbs":"default","ocean_breadcrumbs_color":"","ocean_breadcrumbs_separator_color":"","ocean_breadcrumbs_links_color":"","ocean_breadcrumbs_links_hover_color":"","ocean_display_footer_widgets":"default","ocean_display_footer_bottom":"default","ocean_custom_footer_template":"0","ocean_post_oembed":"","ocean_post_self_hosted_media":"","ocean_post_video_embed":"","ocean_link_format":"","ocean_link_format_target":"self","ocean_quote_format":"","ocean_quote_format_link":"post","ocean_gallery_link_images":"off","ocean_gallery_id":[],"footnotes":""},"categories":[1],"tags":[],"class_list":["post-3382","post","type-post","status-publish","format-standard","has-post-thumbnail","hentry","category-sin-categorizar","entry","has-media"],"acf":[],"yoast_head":"<!-- This site is optimized with the Yoast SEO plugin v27.3 - https:\/\/yoast.com\/product\/yoast-seo-wordpress\/ -->\n<title>Bones pr\u00e0ctiques en accessibilitat: urbanismes sense barreres arquitect\u00f2niques - Fundaci\u00f3n Mutua de Propietarios<\/title>\n<meta name=\"robots\" content=\"index, follow, max-snippet:-1, max-image-preview:large, max-video-preview:-1\" \/>\n<link rel=\"canonical\" href=\"https:\/\/www.fundacionmdp.org\/ca\/bones-practiques-en-accessibilitat-urbanismes-sense-barreres-arquitectoniques\/\" \/>\n<meta property=\"og:locale\" content=\"ca_ES\" \/>\n<meta property=\"og:type\" content=\"article\" \/>\n<meta property=\"og:title\" content=\"Bones pr\u00e0ctiques en accessibilitat: urbanismes sense barreres arquitect\u00f2niques - Fundaci\u00f3n Mutua de Propietarios\" \/>\n<meta property=\"og:description\" content=\"Les ciutats europees m\u00e9s accessibles\" \/>\n<meta property=\"og:url\" content=\"https:\/\/www.fundacionmdp.org\/ca\/bones-practiques-en-accessibilitat-urbanismes-sense-barreres-arquitectoniques\/\" \/>\n<meta property=\"og:site_name\" content=\"Fundaci\u00f3n Mutua de Propietarios\" \/>\n<meta property=\"article:published_time\" content=\"2018-05-28T15:27:45+00:00\" \/>\n<meta property=\"article:modified_time\" content=\"2023-05-15T08:07:58+00:00\" \/>\n<meta property=\"og:image\" content=\"https:\/\/www.fundacionmdp.org\/wp-content\/uploads\/2018\/05\/barreras-arquitectonicas.jpg\" \/>\n\t<meta property=\"og:image:width\" content=\"696\" \/>\n\t<meta property=\"og:image:height\" content=\"435\" \/>\n\t<meta property=\"og:image:type\" content=\"image\/jpeg\" \/>\n<meta name=\"author\" content=\"fundacionmdp\" \/>\n<meta name=\"twitter:card\" content=\"summary_large_image\" \/>\n<meta name=\"twitter:label1\" content=\"Escrit per\" \/>\n\t<meta name=\"twitter:data1\" content=\"fundacionmdp\" \/>\n\t<meta name=\"twitter:label2\" content=\"Temps estimat de lectura\" \/>\n\t<meta name=\"twitter:data2\" content=\"2 minuts\" \/>\n<script type=\"application\/ld+json\" class=\"yoast-schema-graph\">{\"@context\":\"https:\\\/\\\/schema.org\",\"@graph\":[{\"@type\":\"Article\",\"@id\":\"https:\\\/\\\/www.fundacionmdp.org\\\/ca\\\/bones-practiques-en-accessibilitat-urbanismes-sense-barreres-arquitectoniques\\\/#article\",\"isPartOf\":{\"@id\":\"https:\\\/\\\/www.fundacionmdp.org\\\/ca\\\/bones-practiques-en-accessibilitat-urbanismes-sense-barreres-arquitectoniques\\\/\"},\"author\":{\"name\":\"fundacionmdp\",\"@id\":\"https:\\\/\\\/www.fundacionmdp.org\\\/#\\\/schema\\\/person\\\/12f9af801cac25dfcb5a96cb0090f703\"},\"headline\":\"Bones pr\u00e0ctiques en accessibilitat: urbanismes sense barreres arquitect\u00f2niques\",\"datePublished\":\"2018-05-28T15:27:45+00:00\",\"dateModified\":\"2023-05-15T08:07:58+00:00\",\"mainEntityOfPage\":{\"@id\":\"https:\\\/\\\/www.fundacionmdp.org\\\/ca\\\/bones-practiques-en-accessibilitat-urbanismes-sense-barreres-arquitectoniques\\\/\"},\"wordCount\":443,\"commentCount\":0,\"publisher\":{\"@id\":\"https:\\\/\\\/www.fundacionmdp.org\\\/#organization\"},\"image\":{\"@id\":\"https:\\\/\\\/www.fundacionmdp.org\\\/ca\\\/bones-practiques-en-accessibilitat-urbanismes-sense-barreres-arquitectoniques\\\/#primaryimage\"},\"thumbnailUrl\":\"https:\\\/\\\/www.fundacionmdp.org\\\/wp-content\\\/uploads\\\/2018\\\/05\\\/barreras-arquitectonicas.jpg\",\"articleSection\":[\"Sin categorizar\"],\"inLanguage\":\"ca\",\"potentialAction\":[{\"@type\":\"CommentAction\",\"name\":\"Comment\",\"target\":[\"https:\\\/\\\/www.fundacionmdp.org\\\/ca\\\/bones-practiques-en-accessibilitat-urbanismes-sense-barreres-arquitectoniques\\\/#respond\"]}]},{\"@type\":\"WebPage\",\"@id\":\"https:\\\/\\\/www.fundacionmdp.org\\\/ca\\\/bones-practiques-en-accessibilitat-urbanismes-sense-barreres-arquitectoniques\\\/\",\"url\":\"https:\\\/\\\/www.fundacionmdp.org\\\/ca\\\/bones-practiques-en-accessibilitat-urbanismes-sense-barreres-arquitectoniques\\\/\",\"name\":\"Bones pr\u00e0ctiques en accessibilitat: urbanismes sense barreres arquitect\u00f2niques - Fundaci\u00f3n Mutua de Propietarios\",\"isPartOf\":{\"@id\":\"https:\\\/\\\/www.fundacionmdp.org\\\/#website\"},\"primaryImageOfPage\":{\"@id\":\"https:\\\/\\\/www.fundacionmdp.org\\\/ca\\\/bones-practiques-en-accessibilitat-urbanismes-sense-barreres-arquitectoniques\\\/#primaryimage\"},\"image\":{\"@id\":\"https:\\\/\\\/www.fundacionmdp.org\\\/ca\\\/bones-practiques-en-accessibilitat-urbanismes-sense-barreres-arquitectoniques\\\/#primaryimage\"},\"thumbnailUrl\":\"https:\\\/\\\/www.fundacionmdp.org\\\/wp-content\\\/uploads\\\/2018\\\/05\\\/barreras-arquitectonicas.jpg\",\"datePublished\":\"2018-05-28T15:27:45+00:00\",\"dateModified\":\"2023-05-15T08:07:58+00:00\",\"breadcrumb\":{\"@id\":\"https:\\\/\\\/www.fundacionmdp.org\\\/ca\\\/bones-practiques-en-accessibilitat-urbanismes-sense-barreres-arquitectoniques\\\/#breadcrumb\"},\"inLanguage\":\"ca\",\"potentialAction\":[{\"@type\":\"ReadAction\",\"target\":[\"https:\\\/\\\/www.fundacionmdp.org\\\/ca\\\/bones-practiques-en-accessibilitat-urbanismes-sense-barreres-arquitectoniques\\\/\"]}]},{\"@type\":\"ImageObject\",\"inLanguage\":\"ca\",\"@id\":\"https:\\\/\\\/www.fundacionmdp.org\\\/ca\\\/bones-practiques-en-accessibilitat-urbanismes-sense-barreres-arquitectoniques\\\/#primaryimage\",\"url\":\"https:\\\/\\\/www.fundacionmdp.org\\\/wp-content\\\/uploads\\\/2018\\\/05\\\/barreras-arquitectonicas.jpg\",\"contentUrl\":\"https:\\\/\\\/www.fundacionmdp.org\\\/wp-content\\\/uploads\\\/2018\\\/05\\\/barreras-arquitectonicas.jpg\",\"width\":696,\"height\":435},{\"@type\":\"BreadcrumbList\",\"@id\":\"https:\\\/\\\/www.fundacionmdp.org\\\/ca\\\/bones-practiques-en-accessibilitat-urbanismes-sense-barreres-arquitectoniques\\\/#breadcrumb\",\"itemListElement\":[{\"@type\":\"ListItem\",\"position\":1,\"name\":\"Home\",\"item\":\"https:\\\/\\\/www.fundacionmdp.org\\\/ca\\\/\"},{\"@type\":\"ListItem\",\"position\":2,\"name\":\"Bones pr\u00e0ctiques en accessibilitat: urbanismes sense barreres arquitect\u00f2niques\"}]},{\"@type\":\"WebSite\",\"@id\":\"https:\\\/\\\/www.fundacionmdp.org\\\/#website\",\"url\":\"https:\\\/\\\/www.fundacionmdp.org\\\/\",\"name\":\"Fundaci\u00f3n Mutua de Propietarios\",\"description\":\"En la Fundaci\u00f3n Mutua de Propietarios te ayudamos a convertir tu edificio de viviendas en un espacio sin barreras arquitect\u00f3nicas.\",\"publisher\":{\"@id\":\"https:\\\/\\\/www.fundacionmdp.org\\\/#organization\"},\"potentialAction\":[{\"@type\":\"SearchAction\",\"target\":{\"@type\":\"EntryPoint\",\"urlTemplate\":\"https:\\\/\\\/www.fundacionmdp.org\\\/?s={search_term_string}\"},\"query-input\":{\"@type\":\"PropertyValueSpecification\",\"valueRequired\":true,\"valueName\":\"search_term_string\"}}],\"inLanguage\":\"ca\"},{\"@type\":\"Organization\",\"@id\":\"https:\\\/\\\/www.fundacionmdp.org\\\/#organization\",\"name\":\"Fundaci\u00f3n Mutua de Propietarios\",\"url\":\"https:\\\/\\\/www.fundacionmdp.org\\\/\",\"logo\":{\"@type\":\"ImageObject\",\"inLanguage\":\"ca\",\"@id\":\"https:\\\/\\\/www.fundacionmdp.org\\\/#\\\/schema\\\/logo\\\/image\\\/\",\"url\":\"https:\\\/\\\/www.fundacionmdp.org\\\/wp-content\\\/uploads\\\/2023\\\/05\\\/logo_FMdP_cat.png\",\"contentUrl\":\"https:\\\/\\\/www.fundacionmdp.org\\\/wp-content\\\/uploads\\\/2023\\\/05\\\/logo_FMdP_cat.png\",\"width\":655,\"height\":297,\"caption\":\"Fundaci\u00f3n Mutua de Propietarios\"},\"image\":{\"@id\":\"https:\\\/\\\/www.fundacionmdp.org\\\/#\\\/schema\\\/logo\\\/image\\\/\"}},{\"@type\":\"Person\",\"@id\":\"https:\\\/\\\/www.fundacionmdp.org\\\/#\\\/schema\\\/person\\\/12f9af801cac25dfcb5a96cb0090f703\",\"name\":\"fundacionmdp\",\"image\":{\"@type\":\"ImageObject\",\"inLanguage\":\"ca\",\"@id\":\"https:\\\/\\\/secure.gravatar.com\\\/avatar\\\/b540f93d1816a14d85e51109d050c3243b98fb660a665f517a6d2597cff3bbed?s=96&d=mm&r=g\",\"url\":\"https:\\\/\\\/secure.gravatar.com\\\/avatar\\\/b540f93d1816a14d85e51109d050c3243b98fb660a665f517a6d2597cff3bbed?s=96&d=mm&r=g\",\"contentUrl\":\"https:\\\/\\\/secure.gravatar.com\\\/avatar\\\/b540f93d1816a14d85e51109d050c3243b98fb660a665f517a6d2597cff3bbed?s=96&d=mm&r=g\",\"caption\":\"fundacionmdp\"},\"sameAs\":[\"http:\\\/\\\/prezuk.com.mialias.net\\\/fundacionmdp\"],\"url\":\"https:\\\/\\\/www.fundacionmdp.org\\\/ca\\\/author\\\/fundacionmdp\\\/\"}]}<\/script>\n<!-- \/ Yoast SEO plugin. -->","yoast_head_json":{"title":"Bones pr\u00e0ctiques en accessibilitat: urbanismes sense barreres arquitect\u00f2niques - Fundaci\u00f3n Mutua de Propietarios","robots":{"index":"index","follow":"follow","max-snippet":"max-snippet:-1","max-image-preview":"max-image-preview:large","max-video-preview":"max-video-preview:-1"},"canonical":"https:\/\/www.fundacionmdp.org\/ca\/bones-practiques-en-accessibilitat-urbanismes-sense-barreres-arquitectoniques\/","og_locale":"ca_ES","og_type":"article","og_title":"Bones pr\u00e0ctiques en accessibilitat: urbanismes sense barreres arquitect\u00f2niques - Fundaci\u00f3n Mutua de Propietarios","og_description":"Les ciutats europees m\u00e9s accessibles","og_url":"https:\/\/www.fundacionmdp.org\/ca\/bones-practiques-en-accessibilitat-urbanismes-sense-barreres-arquitectoniques\/","og_site_name":"Fundaci\u00f3n Mutua de Propietarios","article_published_time":"2018-05-28T15:27:45+00:00","article_modified_time":"2023-05-15T08:07:58+00:00","og_image":[{"width":696,"height":435,"url":"https:\/\/www.fundacionmdp.org\/wp-content\/uploads\/2018\/05\/barreras-arquitectonicas.jpg","type":"image\/jpeg"}],"author":"fundacionmdp","twitter_card":"summary_large_image","twitter_misc":{"Escrit per":"fundacionmdp","Temps estimat de lectura":"2 minuts"},"schema":{"@context":"https:\/\/schema.org","@graph":[{"@type":"Article","@id":"https:\/\/www.fundacionmdp.org\/ca\/bones-practiques-en-accessibilitat-urbanismes-sense-barreres-arquitectoniques\/#article","isPartOf":{"@id":"https:\/\/www.fundacionmdp.org\/ca\/bones-practiques-en-accessibilitat-urbanismes-sense-barreres-arquitectoniques\/"},"author":{"name":"fundacionmdp","@id":"https:\/\/www.fundacionmdp.org\/#\/schema\/person\/12f9af801cac25dfcb5a96cb0090f703"},"headline":"Bones pr\u00e0ctiques en accessibilitat: urbanismes sense barreres arquitect\u00f2niques","datePublished":"2018-05-28T15:27:45+00:00","dateModified":"2023-05-15T08:07:58+00:00","mainEntityOfPage":{"@id":"https:\/\/www.fundacionmdp.org\/ca\/bones-practiques-en-accessibilitat-urbanismes-sense-barreres-arquitectoniques\/"},"wordCount":443,"commentCount":0,"publisher":{"@id":"https:\/\/www.fundacionmdp.org\/#organization"},"image":{"@id":"https:\/\/www.fundacionmdp.org\/ca\/bones-practiques-en-accessibilitat-urbanismes-sense-barreres-arquitectoniques\/#primaryimage"},"thumbnailUrl":"https:\/\/www.fundacionmdp.org\/wp-content\/uploads\/2018\/05\/barreras-arquitectonicas.jpg","articleSection":["Sin categorizar"],"inLanguage":"ca","potentialAction":[{"@type":"CommentAction","name":"Comment","target":["https:\/\/www.fundacionmdp.org\/ca\/bones-practiques-en-accessibilitat-urbanismes-sense-barreres-arquitectoniques\/#respond"]}]},{"@type":"WebPage","@id":"https:\/\/www.fundacionmdp.org\/ca\/bones-practiques-en-accessibilitat-urbanismes-sense-barreres-arquitectoniques\/","url":"https:\/\/www.fundacionmdp.org\/ca\/bones-practiques-en-accessibilitat-urbanismes-sense-barreres-arquitectoniques\/","name":"Bones pr\u00e0ctiques en accessibilitat: urbanismes sense barreres arquitect\u00f2niques - Fundaci\u00f3n Mutua de Propietarios","isPartOf":{"@id":"https:\/\/www.fundacionmdp.org\/#website"},"primaryImageOfPage":{"@id":"https:\/\/www.fundacionmdp.org\/ca\/bones-practiques-en-accessibilitat-urbanismes-sense-barreres-arquitectoniques\/#primaryimage"},"image":{"@id":"https:\/\/www.fundacionmdp.org\/ca\/bones-practiques-en-accessibilitat-urbanismes-sense-barreres-arquitectoniques\/#primaryimage"},"thumbnailUrl":"https:\/\/www.fundacionmdp.org\/wp-content\/uploads\/2018\/05\/barreras-arquitectonicas.jpg","datePublished":"2018-05-28T15:27:45+00:00","dateModified":"2023-05-15T08:07:58+00:00","breadcrumb":{"@id":"https:\/\/www.fundacionmdp.org\/ca\/bones-practiques-en-accessibilitat-urbanismes-sense-barreres-arquitectoniques\/#breadcrumb"},"inLanguage":"ca","potentialAction":[{"@type":"ReadAction","target":["https:\/\/www.fundacionmdp.org\/ca\/bones-practiques-en-accessibilitat-urbanismes-sense-barreres-arquitectoniques\/"]}]},{"@type":"ImageObject","inLanguage":"ca","@id":"https:\/\/www.fundacionmdp.org\/ca\/bones-practiques-en-accessibilitat-urbanismes-sense-barreres-arquitectoniques\/#primaryimage","url":"https:\/\/www.fundacionmdp.org\/wp-content\/uploads\/2018\/05\/barreras-arquitectonicas.jpg","contentUrl":"https:\/\/www.fundacionmdp.org\/wp-content\/uploads\/2018\/05\/barreras-arquitectonicas.jpg","width":696,"height":435},{"@type":"BreadcrumbList","@id":"https:\/\/www.fundacionmdp.org\/ca\/bones-practiques-en-accessibilitat-urbanismes-sense-barreres-arquitectoniques\/#breadcrumb","itemListElement":[{"@type":"ListItem","position":1,"name":"Home","item":"https:\/\/www.fundacionmdp.org\/ca\/"},{"@type":"ListItem","position":2,"name":"Bones pr\u00e0ctiques en accessibilitat: urbanismes sense barreres arquitect\u00f2niques"}]},{"@type":"WebSite","@id":"https:\/\/www.fundacionmdp.org\/#website","url":"https:\/\/www.fundacionmdp.org\/","name":"Fundaci\u00f3n Mutua de Propietarios","description":"En la Fundaci\u00f3n Mutua de Propietarios te ayudamos a convertir tu edificio de viviendas en un espacio sin barreras arquitect\u00f3nicas.","publisher":{"@id":"https:\/\/www.fundacionmdp.org\/#organization"},"potentialAction":[{"@type":"SearchAction","target":{"@type":"EntryPoint","urlTemplate":"https:\/\/www.fundacionmdp.org\/?s={search_term_string}"},"query-input":{"@type":"PropertyValueSpecification","valueRequired":true,"valueName":"search_term_string"}}],"inLanguage":"ca"},{"@type":"Organization","@id":"https:\/\/www.fundacionmdp.org\/#organization","name":"Fundaci\u00f3n Mutua de Propietarios","url":"https:\/\/www.fundacionmdp.org\/","logo":{"@type":"ImageObject","inLanguage":"ca","@id":"https:\/\/www.fundacionmdp.org\/#\/schema\/logo\/image\/","url":"https:\/\/www.fundacionmdp.org\/wp-content\/uploads\/2023\/05\/logo_FMdP_cat.png","contentUrl":"https:\/\/www.fundacionmdp.org\/wp-content\/uploads\/2023\/05\/logo_FMdP_cat.png","width":655,"height":297,"caption":"Fundaci\u00f3n Mutua de Propietarios"},"image":{"@id":"https:\/\/www.fundacionmdp.org\/#\/schema\/logo\/image\/"}},{"@type":"Person","@id":"https:\/\/www.fundacionmdp.org\/#\/schema\/person\/12f9af801cac25dfcb5a96cb0090f703","name":"fundacionmdp","image":{"@type":"ImageObject","inLanguage":"ca","@id":"https:\/\/secure.gravatar.com\/avatar\/b540f93d1816a14d85e51109d050c3243b98fb660a665f517a6d2597cff3bbed?s=96&d=mm&r=g","url":"https:\/\/secure.gravatar.com\/avatar\/b540f93d1816a14d85e51109d050c3243b98fb660a665f517a6d2597cff3bbed?s=96&d=mm&r=g","contentUrl":"https:\/\/secure.gravatar.com\/avatar\/b540f93d1816a14d85e51109d050c3243b98fb660a665f517a6d2597cff3bbed?s=96&d=mm&r=g","caption":"fundacionmdp"},"sameAs":["http:\/\/prezuk.com.mialias.net\/fundacionmdp"],"url":"https:\/\/www.fundacionmdp.org\/ca\/author\/fundacionmdp\/"}]}},"_links":{"self":[{"href":"https:\/\/www.fundacionmdp.org\/ca\/wp-json\/wp\/v2\/posts\/3382","targetHints":{"allow":["GET"]}}],"collection":[{"href":"https:\/\/www.fundacionmdp.org\/ca\/wp-json\/wp\/v2\/posts"}],"about":[{"href":"https:\/\/www.fundacionmdp.org\/ca\/wp-json\/wp\/v2\/types\/post"}],"author":[{"embeddable":true,"href":"https:\/\/www.fundacionmdp.org\/ca\/wp-json\/wp\/v2\/users\/1"}],"replies":[{"embeddable":true,"href":"https:\/\/www.fundacionmdp.org\/ca\/wp-json\/wp\/v2\/comments?post=3382"}],"version-history":[{"count":2,"href":"https:\/\/www.fundacionmdp.org\/ca\/wp-json\/wp\/v2\/posts\/3382\/revisions"}],"predecessor-version":[{"id":6851,"href":"https:\/\/www.fundacionmdp.org\/ca\/wp-json\/wp\/v2\/posts\/3382\/revisions\/6851"}],"wp:featuredmedia":[{"embeddable":true,"href":"https:\/\/www.fundacionmdp.org\/ca\/wp-json\/wp\/v2\/media\/6848"}],"wp:attachment":[{"href":"https:\/\/www.fundacionmdp.org\/ca\/wp-json\/wp\/v2\/media?parent=3382"}],"wp:term":[{"taxonomy":"category","embeddable":true,"href":"https:\/\/www.fundacionmdp.org\/ca\/wp-json\/wp\/v2\/categories?post=3382"},{"taxonomy":"post_tag","embeddable":true,"href":"https:\/\/www.fundacionmdp.org\/ca\/wp-json\/wp\/v2\/tags?post=3382"}],"curies":[{"name":"wp","href":"https:\/\/api.w.org\/{rel}","templated":true}]}}