{"id":3392,"date":"2018-07-26T12:56:41","date_gmt":"2018-07-26T11:56:41","guid":{"rendered":"https:\/\/www.fundacionmdp.org\/radares-humanos-para-ayudar-a-los-mayores\/"},"modified":"2023-05-15T08:32:30","modified_gmt":"2023-05-15T08:32:30","slug":"radars-humans-per-ajudar-a-les-persones-grans","status":"publish","type":"post","link":"https:\/\/www.fundacionmdp.org\/ca\/radars-humans-per-ajudar-a-les-persones-grans\/","title":{"rendered":"Radars humans per ajudar a les persones grans"},"content":{"rendered":"<h2>L&#8217;article de la Directora<\/h2>\n<p>Cada el nostre m\u00f3n s\u2019assembla m\u00e9s a una ciutat en creixement, explica la <a href=\"https:\/\/www.who.int\/ageing\/projects\/age_friendly_cities_network\/es\/\" target=\"_blank\" rel=\"noopener\">OMS en la seva guia de Ciutats Amigues de la Gent Gran<\/a>. La guia destaca que des del 2007 m\u00e9s de la meitat de la poblaci\u00f3 mundial ja viu en ciutats, i m\u00e9s d\u2019un 9% de la poblaci\u00f3 urbana en mega-ciutats de m\u00e9s de 10 milions d\u2019habitants.<\/p>\n<p>Avui en dia, viure en una ciutat \u00e9s un fet estimulat en molts sentits; el moviment, la gent entrant i sortint de les seves llars, la feina, el major acc\u00e9s a serveis, oportunitats y activitats que han fet que moltes persones a l\u2019\u00faltim segle es vagin aproximant a aquests nuclis urbans. Aquesta situaci\u00f3 de concentraci\u00f3 de persones, inicialment ens porta a pensar que estem m\u00e9s comunicats i menys sols, per\u00f2 la realitat mostra que sovint ni tan sols som coneixedors dels ve\u00efns m\u00e9s enll\u00e0 del nostre repl\u00e0.<\/p>\n<p>A <a href=\"\/?p=1827\" target=\"_blank\" rel=\"noopener\">l\u2019estudi sobre l\u2019accessibilitat als habitatges espanyols<\/a> realitzat per la nostra <a href=\"https:\/\/www.fundacionmdp.org\/ca\/\" target=\"_blank\" rel=\"noopener\">Fundaci\u00f3 Mutua de Propietarios<\/a> es va detectar que un 18% de les persones que resideixen en comunitats i que van ser enquestades no va saber respondre si hi havia ve\u00efns amb mobilitat redu\u00efda al seu edifici i els que si van respondre no van precisar quantes.<\/p>\n<p><img fetchpriority=\"high\" decoding=\"async\" class=\"size-medium wp-image-6888 alignleft\" src=\"http:\/\/prezuk.com.mialias.net\/fundacionmdp\/wp-content\/uploads\/2018\/07\/destination-2386255_640-300x207.jpg\" alt=\"\" width=\"300\" height=\"207\" srcset=\"https:\/\/www.fundacionmdp.org\/wp-content\/uploads\/2018\/07\/destination-2386255_640-300x207.jpg 300w, https:\/\/www.fundacionmdp.org\/wp-content\/uploads\/2018\/07\/destination-2386255_640.jpg 640w\" sizes=\"(max-width: 300px) 100vw, 300px\" \/>L\u2019augment de la mobilitat redu\u00efda fruit de l\u2019envelliment de la nostra societat, unit a l\u2019a\u00efllament personal o familiar que comporta residir en una ciutat, est\u00e0 alertant els serveis socials d\u2019alguns ajuntaments que estan cercant fomentar el contacte de \u201cbarri\u201d amb les persones grans que viuen soles, per detectar o preveure problemes o situacions an\u00f2males. El projecte \u201c<a href=\"http:\/\/w110.bcn.cat\/portal\/site\/ServeisSocials\/menuitem.931633495bcd6167b4f7b4f7a2ef8a0c\/index9c55.html?vgnextoid=7fa38ba038732410VgnVCM1000001947900aRCRD&amp;vgnextchannel=7fa38ba038732410VgnVCM1000001947900aRCRD&amp;lang=ca_ES?\" target=\"_blank\" rel=\"noopener\">Radars<\/a>\u201d de l\u2019Ajuntament de Barcelona ha creat una xarxa de vigil\u00e0ncia d\u2019aquestes persones en comer\u00e7os, bars i ve\u00efns voluntaris, que informen en cas de detectar d\u2019alguna situaci\u00f3 estranya o an\u00f2mala, o b\u00e9, ajudant a les persones grans que es comuniquin i interactu\u00efn amb el entorn de la forma m\u00e9s natural possible.<\/p>\n<p>L\u2019intercanvi de petites paraules, el mostrar inter\u00e8s per aquestes persones grans que resideixen soles, s\u00f3n sense cap dubte, petits gestos que poden ajudar a donar grans passes per combatre la solitud i detectar situacions greus com caigudes o dificultats en les seves vides.<\/p>\n","protected":false},"excerpt":{"rendered":"<p>L&#8217;article de la Directora<\/p>\n","protected":false},"author":1,"featured_media":6888,"comment_status":"open","ping_status":"open","sticky":false,"template":"","format":"standard","meta":{"_acf_changed":false,"ocean_post_layout":"","ocean_both_sidebars_style":"","ocean_both_sidebars_content_width":0,"ocean_both_sidebars_sidebars_width":0,"ocean_sidebar":"0","ocean_second_sidebar":"0","ocean_disable_margins":"enable","ocean_add_body_class":"","ocean_shortcode_before_top_bar":"","ocean_shortcode_after_top_bar":"","ocean_shortcode_before_header":"","ocean_shortcode_after_header":"","ocean_has_shortcode":"","ocean_shortcode_after_title":"","ocean_shortcode_before_footer_widgets":"","ocean_shortcode_after_footer_widgets":"","ocean_shortcode_before_footer_bottom":"","ocean_shortcode_after_footer_bottom":"","ocean_display_top_bar":"default","ocean_display_header":"default","ocean_header_style":"","ocean_center_header_left_menu":"0","ocean_custom_header_template":"0","ocean_custom_logo":0,"ocean_custom_retina_logo":0,"ocean_custom_logo_max_width":0,"ocean_custom_logo_tablet_max_width":0,"ocean_custom_logo_mobile_max_width":0,"ocean_custom_logo_max_height":0,"ocean_custom_logo_tablet_max_height":0,"ocean_custom_logo_mobile_max_height":0,"ocean_header_custom_menu":"0","ocean_menu_typo_font_family":"0","ocean_menu_typo_font_subset":"","ocean_menu_typo_font_size":0,"ocean_menu_typo_font_size_tablet":0,"ocean_menu_typo_font_size_mobile":0,"ocean_menu_typo_font_size_unit":"px","ocean_menu_typo_font_weight":"","ocean_menu_typo_font_weight_tablet":"","ocean_menu_typo_font_weight_mobile":"","ocean_menu_typo_transform":"","ocean_menu_typo_transform_tablet":"","ocean_menu_typo_transform_mobile":"","ocean_menu_typo_line_height":0,"ocean_menu_typo_line_height_tablet":0,"ocean_menu_typo_line_height_mobile":0,"ocean_menu_typo_line_height_unit":"","ocean_menu_typo_spacing":0,"ocean_menu_typo_spacing_tablet":0,"ocean_menu_typo_spacing_mobile":0,"ocean_menu_typo_spacing_unit":"","ocean_menu_link_color":"","ocean_menu_link_color_hover":"","ocean_menu_link_color_active":"","ocean_menu_link_background":"","ocean_menu_link_hover_background":"","ocean_menu_link_active_background":"","ocean_menu_social_links_bg":"","ocean_menu_social_hover_links_bg":"","ocean_menu_social_links_color":"","ocean_menu_social_hover_links_color":"","ocean_disable_title":"default","ocean_disable_heading":"default","ocean_post_title":"","ocean_post_subheading":"","ocean_post_title_style":"","ocean_post_title_background_color":"","ocean_post_title_background":0,"ocean_post_title_bg_image_position":"","ocean_post_title_bg_image_attachment":"","ocean_post_title_bg_image_repeat":"","ocean_post_title_bg_image_size":"","ocean_post_title_height":0,"ocean_post_title_bg_overlay":0.5,"ocean_post_title_bg_overlay_color":"","ocean_disable_breadcrumbs":"default","ocean_breadcrumbs_color":"","ocean_breadcrumbs_separator_color":"","ocean_breadcrumbs_links_color":"","ocean_breadcrumbs_links_hover_color":"","ocean_display_footer_widgets":"default","ocean_display_footer_bottom":"default","ocean_custom_footer_template":"0","ocean_post_oembed":"","ocean_post_self_hosted_media":"","ocean_post_video_embed":"","ocean_link_format":"","ocean_link_format_target":"self","ocean_quote_format":"","ocean_quote_format_link":"post","ocean_gallery_link_images":"off","ocean_gallery_id":[],"footnotes":""},"categories":[1],"tags":[],"class_list":["post-3392","post","type-post","status-publish","format-standard","has-post-thumbnail","hentry","category-sin-categorizar","entry","has-media"],"acf":[],"yoast_head":"<!-- This site is optimized with the Yoast SEO plugin v27.3 - https:\/\/yoast.com\/product\/yoast-seo-wordpress\/ -->\n<title>Radars humans per ajudar a les persones grans - Fundaci\u00f3n Mutua de Propietarios<\/title>\n<meta name=\"robots\" content=\"index, follow, max-snippet:-1, max-image-preview:large, max-video-preview:-1\" \/>\n<link rel=\"canonical\" href=\"https:\/\/www.fundacionmdp.org\/ca\/radars-humans-per-ajudar-a-les-persones-grans\/\" \/>\n<meta property=\"og:locale\" content=\"ca_ES\" \/>\n<meta property=\"og:type\" content=\"article\" \/>\n<meta property=\"og:title\" content=\"Radars humans per ajudar a les persones grans - Fundaci\u00f3n Mutua de Propietarios\" \/>\n<meta property=\"og:description\" content=\"L&#039;article de la Directora\" \/>\n<meta property=\"og:url\" content=\"https:\/\/www.fundacionmdp.org\/ca\/radars-humans-per-ajudar-a-les-persones-grans\/\" \/>\n<meta property=\"og:site_name\" content=\"Fundaci\u00f3n Mutua de Propietarios\" \/>\n<meta property=\"article:published_time\" content=\"2018-07-26T11:56:41+00:00\" \/>\n<meta property=\"article:modified_time\" content=\"2023-05-15T08:32:30+00:00\" \/>\n<meta property=\"og:image\" content=\"https:\/\/www.fundacionmdp.org\/wp-content\/uploads\/2018\/07\/destination-2386255_640.jpg\" \/>\n\t<meta property=\"og:image:width\" content=\"640\" \/>\n\t<meta property=\"og:image:height\" content=\"442\" \/>\n\t<meta property=\"og:image:type\" content=\"image\/jpeg\" \/>\n<meta name=\"author\" content=\"fundacionmdp\" \/>\n<meta name=\"twitter:card\" content=\"summary_large_image\" \/>\n<meta name=\"twitter:label1\" content=\"Escrit per\" \/>\n\t<meta name=\"twitter:data1\" content=\"fundacionmdp\" \/>\n\t<meta name=\"twitter:label2\" content=\"Temps estimat de lectura\" \/>\n\t<meta name=\"twitter:data2\" content=\"2 minuts\" \/>\n<script type=\"application\/ld+json\" class=\"yoast-schema-graph\">{\"@context\":\"https:\\\/\\\/schema.org\",\"@graph\":[{\"@type\":\"Article\",\"@id\":\"https:\\\/\\\/www.fundacionmdp.org\\\/ca\\\/radars-humans-per-ajudar-a-les-persones-grans\\\/#article\",\"isPartOf\":{\"@id\":\"https:\\\/\\\/www.fundacionmdp.org\\\/ca\\\/radars-humans-per-ajudar-a-les-persones-grans\\\/\"},\"author\":{\"name\":\"fundacionmdp\",\"@id\":\"https:\\\/\\\/www.fundacionmdp.org\\\/#\\\/schema\\\/person\\\/12f9af801cac25dfcb5a96cb0090f703\"},\"headline\":\"Radars humans per ajudar a les persones grans\",\"datePublished\":\"2018-07-26T11:56:41+00:00\",\"dateModified\":\"2023-05-15T08:32:30+00:00\",\"mainEntityOfPage\":{\"@id\":\"https:\\\/\\\/www.fundacionmdp.org\\\/ca\\\/radars-humans-per-ajudar-a-les-persones-grans\\\/\"},\"wordCount\":399,\"commentCount\":0,\"publisher\":{\"@id\":\"https:\\\/\\\/www.fundacionmdp.org\\\/#organization\"},\"image\":{\"@id\":\"https:\\\/\\\/www.fundacionmdp.org\\\/ca\\\/radars-humans-per-ajudar-a-les-persones-grans\\\/#primaryimage\"},\"thumbnailUrl\":\"https:\\\/\\\/www.fundacionmdp.org\\\/wp-content\\\/uploads\\\/2018\\\/07\\\/destination-2386255_640.jpg\",\"articleSection\":[\"Sin categorizar\"],\"inLanguage\":\"ca\",\"potentialAction\":[{\"@type\":\"CommentAction\",\"name\":\"Comment\",\"target\":[\"https:\\\/\\\/www.fundacionmdp.org\\\/ca\\\/radars-humans-per-ajudar-a-les-persones-grans\\\/#respond\"]}]},{\"@type\":\"WebPage\",\"@id\":\"https:\\\/\\\/www.fundacionmdp.org\\\/ca\\\/radars-humans-per-ajudar-a-les-persones-grans\\\/\",\"url\":\"https:\\\/\\\/www.fundacionmdp.org\\\/ca\\\/radars-humans-per-ajudar-a-les-persones-grans\\\/\",\"name\":\"Radars humans per ajudar a les persones grans - Fundaci\u00f3n Mutua de Propietarios\",\"isPartOf\":{\"@id\":\"https:\\\/\\\/www.fundacionmdp.org\\\/#website\"},\"primaryImageOfPage\":{\"@id\":\"https:\\\/\\\/www.fundacionmdp.org\\\/ca\\\/radars-humans-per-ajudar-a-les-persones-grans\\\/#primaryimage\"},\"image\":{\"@id\":\"https:\\\/\\\/www.fundacionmdp.org\\\/ca\\\/radars-humans-per-ajudar-a-les-persones-grans\\\/#primaryimage\"},\"thumbnailUrl\":\"https:\\\/\\\/www.fundacionmdp.org\\\/wp-content\\\/uploads\\\/2018\\\/07\\\/destination-2386255_640.jpg\",\"datePublished\":\"2018-07-26T11:56:41+00:00\",\"dateModified\":\"2023-05-15T08:32:30+00:00\",\"breadcrumb\":{\"@id\":\"https:\\\/\\\/www.fundacionmdp.org\\\/ca\\\/radars-humans-per-ajudar-a-les-persones-grans\\\/#breadcrumb\"},\"inLanguage\":\"ca\",\"potentialAction\":[{\"@type\":\"ReadAction\",\"target\":[\"https:\\\/\\\/www.fundacionmdp.org\\\/ca\\\/radars-humans-per-ajudar-a-les-persones-grans\\\/\"]}]},{\"@type\":\"ImageObject\",\"inLanguage\":\"ca\",\"@id\":\"https:\\\/\\\/www.fundacionmdp.org\\\/ca\\\/radars-humans-per-ajudar-a-les-persones-grans\\\/#primaryimage\",\"url\":\"https:\\\/\\\/www.fundacionmdp.org\\\/wp-content\\\/uploads\\\/2018\\\/07\\\/destination-2386255_640.jpg\",\"contentUrl\":\"https:\\\/\\\/www.fundacionmdp.org\\\/wp-content\\\/uploads\\\/2018\\\/07\\\/destination-2386255_640.jpg\",\"width\":640,\"height\":442},{\"@type\":\"BreadcrumbList\",\"@id\":\"https:\\\/\\\/www.fundacionmdp.org\\\/ca\\\/radars-humans-per-ajudar-a-les-persones-grans\\\/#breadcrumb\",\"itemListElement\":[{\"@type\":\"ListItem\",\"position\":1,\"name\":\"Home\",\"item\":\"https:\\\/\\\/www.fundacionmdp.org\\\/ca\\\/\"},{\"@type\":\"ListItem\",\"position\":2,\"name\":\"Radars humans per ajudar a les persones grans\"}]},{\"@type\":\"WebSite\",\"@id\":\"https:\\\/\\\/www.fundacionmdp.org\\\/#website\",\"url\":\"https:\\\/\\\/www.fundacionmdp.org\\\/\",\"name\":\"Fundaci\u00f3n Mutua de Propietarios\",\"description\":\"En la Fundaci\u00f3n Mutua de Propietarios te ayudamos a convertir tu edificio de viviendas en un espacio sin barreras arquitect\u00f3nicas.\",\"publisher\":{\"@id\":\"https:\\\/\\\/www.fundacionmdp.org\\\/#organization\"},\"potentialAction\":[{\"@type\":\"SearchAction\",\"target\":{\"@type\":\"EntryPoint\",\"urlTemplate\":\"https:\\\/\\\/www.fundacionmdp.org\\\/?s={search_term_string}\"},\"query-input\":{\"@type\":\"PropertyValueSpecification\",\"valueRequired\":true,\"valueName\":\"search_term_string\"}}],\"inLanguage\":\"ca\"},{\"@type\":\"Organization\",\"@id\":\"https:\\\/\\\/www.fundacionmdp.org\\\/#organization\",\"name\":\"Fundaci\u00f3n Mutua de Propietarios\",\"url\":\"https:\\\/\\\/www.fundacionmdp.org\\\/\",\"logo\":{\"@type\":\"ImageObject\",\"inLanguage\":\"ca\",\"@id\":\"https:\\\/\\\/www.fundacionmdp.org\\\/#\\\/schema\\\/logo\\\/image\\\/\",\"url\":\"https:\\\/\\\/www.fundacionmdp.org\\\/wp-content\\\/uploads\\\/2023\\\/05\\\/logo_FMdP_cat.png\",\"contentUrl\":\"https:\\\/\\\/www.fundacionmdp.org\\\/wp-content\\\/uploads\\\/2023\\\/05\\\/logo_FMdP_cat.png\",\"width\":655,\"height\":297,\"caption\":\"Fundaci\u00f3n Mutua de Propietarios\"},\"image\":{\"@id\":\"https:\\\/\\\/www.fundacionmdp.org\\\/#\\\/schema\\\/logo\\\/image\\\/\"}},{\"@type\":\"Person\",\"@id\":\"https:\\\/\\\/www.fundacionmdp.org\\\/#\\\/schema\\\/person\\\/12f9af801cac25dfcb5a96cb0090f703\",\"name\":\"fundacionmdp\",\"image\":{\"@type\":\"ImageObject\",\"inLanguage\":\"ca\",\"@id\":\"https:\\\/\\\/secure.gravatar.com\\\/avatar\\\/b540f93d1816a14d85e51109d050c3243b98fb660a665f517a6d2597cff3bbed?s=96&d=mm&r=g\",\"url\":\"https:\\\/\\\/secure.gravatar.com\\\/avatar\\\/b540f93d1816a14d85e51109d050c3243b98fb660a665f517a6d2597cff3bbed?s=96&d=mm&r=g\",\"contentUrl\":\"https:\\\/\\\/secure.gravatar.com\\\/avatar\\\/b540f93d1816a14d85e51109d050c3243b98fb660a665f517a6d2597cff3bbed?s=96&d=mm&r=g\",\"caption\":\"fundacionmdp\"},\"sameAs\":[\"http:\\\/\\\/prezuk.com.mialias.net\\\/fundacionmdp\"],\"url\":\"https:\\\/\\\/www.fundacionmdp.org\\\/ca\\\/author\\\/fundacionmdp\\\/\"}]}<\/script>\n<!-- \/ Yoast SEO plugin. -->","yoast_head_json":{"title":"Radars humans per ajudar a les persones grans - Fundaci\u00f3n Mutua de Propietarios","robots":{"index":"index","follow":"follow","max-snippet":"max-snippet:-1","max-image-preview":"max-image-preview:large","max-video-preview":"max-video-preview:-1"},"canonical":"https:\/\/www.fundacionmdp.org\/ca\/radars-humans-per-ajudar-a-les-persones-grans\/","og_locale":"ca_ES","og_type":"article","og_title":"Radars humans per ajudar a les persones grans - Fundaci\u00f3n Mutua de Propietarios","og_description":"L'article de la Directora","og_url":"https:\/\/www.fundacionmdp.org\/ca\/radars-humans-per-ajudar-a-les-persones-grans\/","og_site_name":"Fundaci\u00f3n Mutua de Propietarios","article_published_time":"2018-07-26T11:56:41+00:00","article_modified_time":"2023-05-15T08:32:30+00:00","og_image":[{"width":640,"height":442,"url":"https:\/\/www.fundacionmdp.org\/wp-content\/uploads\/2018\/07\/destination-2386255_640.jpg","type":"image\/jpeg"}],"author":"fundacionmdp","twitter_card":"summary_large_image","twitter_misc":{"Escrit per":"fundacionmdp","Temps estimat de lectura":"2 minuts"},"schema":{"@context":"https:\/\/schema.org","@graph":[{"@type":"Article","@id":"https:\/\/www.fundacionmdp.org\/ca\/radars-humans-per-ajudar-a-les-persones-grans\/#article","isPartOf":{"@id":"https:\/\/www.fundacionmdp.org\/ca\/radars-humans-per-ajudar-a-les-persones-grans\/"},"author":{"name":"fundacionmdp","@id":"https:\/\/www.fundacionmdp.org\/#\/schema\/person\/12f9af801cac25dfcb5a96cb0090f703"},"headline":"Radars humans per ajudar a les persones grans","datePublished":"2018-07-26T11:56:41+00:00","dateModified":"2023-05-15T08:32:30+00:00","mainEntityOfPage":{"@id":"https:\/\/www.fundacionmdp.org\/ca\/radars-humans-per-ajudar-a-les-persones-grans\/"},"wordCount":399,"commentCount":0,"publisher":{"@id":"https:\/\/www.fundacionmdp.org\/#organization"},"image":{"@id":"https:\/\/www.fundacionmdp.org\/ca\/radars-humans-per-ajudar-a-les-persones-grans\/#primaryimage"},"thumbnailUrl":"https:\/\/www.fundacionmdp.org\/wp-content\/uploads\/2018\/07\/destination-2386255_640.jpg","articleSection":["Sin categorizar"],"inLanguage":"ca","potentialAction":[{"@type":"CommentAction","name":"Comment","target":["https:\/\/www.fundacionmdp.org\/ca\/radars-humans-per-ajudar-a-les-persones-grans\/#respond"]}]},{"@type":"WebPage","@id":"https:\/\/www.fundacionmdp.org\/ca\/radars-humans-per-ajudar-a-les-persones-grans\/","url":"https:\/\/www.fundacionmdp.org\/ca\/radars-humans-per-ajudar-a-les-persones-grans\/","name":"Radars humans per ajudar a les persones grans - Fundaci\u00f3n Mutua de Propietarios","isPartOf":{"@id":"https:\/\/www.fundacionmdp.org\/#website"},"primaryImageOfPage":{"@id":"https:\/\/www.fundacionmdp.org\/ca\/radars-humans-per-ajudar-a-les-persones-grans\/#primaryimage"},"image":{"@id":"https:\/\/www.fundacionmdp.org\/ca\/radars-humans-per-ajudar-a-les-persones-grans\/#primaryimage"},"thumbnailUrl":"https:\/\/www.fundacionmdp.org\/wp-content\/uploads\/2018\/07\/destination-2386255_640.jpg","datePublished":"2018-07-26T11:56:41+00:00","dateModified":"2023-05-15T08:32:30+00:00","breadcrumb":{"@id":"https:\/\/www.fundacionmdp.org\/ca\/radars-humans-per-ajudar-a-les-persones-grans\/#breadcrumb"},"inLanguage":"ca","potentialAction":[{"@type":"ReadAction","target":["https:\/\/www.fundacionmdp.org\/ca\/radars-humans-per-ajudar-a-les-persones-grans\/"]}]},{"@type":"ImageObject","inLanguage":"ca","@id":"https:\/\/www.fundacionmdp.org\/ca\/radars-humans-per-ajudar-a-les-persones-grans\/#primaryimage","url":"https:\/\/www.fundacionmdp.org\/wp-content\/uploads\/2018\/07\/destination-2386255_640.jpg","contentUrl":"https:\/\/www.fundacionmdp.org\/wp-content\/uploads\/2018\/07\/destination-2386255_640.jpg","width":640,"height":442},{"@type":"BreadcrumbList","@id":"https:\/\/www.fundacionmdp.org\/ca\/radars-humans-per-ajudar-a-les-persones-grans\/#breadcrumb","itemListElement":[{"@type":"ListItem","position":1,"name":"Home","item":"https:\/\/www.fundacionmdp.org\/ca\/"},{"@type":"ListItem","position":2,"name":"Radars humans per ajudar a les persones grans"}]},{"@type":"WebSite","@id":"https:\/\/www.fundacionmdp.org\/#website","url":"https:\/\/www.fundacionmdp.org\/","name":"Fundaci\u00f3n Mutua de Propietarios","description":"En la Fundaci\u00f3n Mutua de Propietarios te ayudamos a convertir tu edificio de viviendas en un espacio sin barreras arquitect\u00f3nicas.","publisher":{"@id":"https:\/\/www.fundacionmdp.org\/#organization"},"potentialAction":[{"@type":"SearchAction","target":{"@type":"EntryPoint","urlTemplate":"https:\/\/www.fundacionmdp.org\/?s={search_term_string}"},"query-input":{"@type":"PropertyValueSpecification","valueRequired":true,"valueName":"search_term_string"}}],"inLanguage":"ca"},{"@type":"Organization","@id":"https:\/\/www.fundacionmdp.org\/#organization","name":"Fundaci\u00f3n Mutua de Propietarios","url":"https:\/\/www.fundacionmdp.org\/","logo":{"@type":"ImageObject","inLanguage":"ca","@id":"https:\/\/www.fundacionmdp.org\/#\/schema\/logo\/image\/","url":"https:\/\/www.fundacionmdp.org\/wp-content\/uploads\/2023\/05\/logo_FMdP_cat.png","contentUrl":"https:\/\/www.fundacionmdp.org\/wp-content\/uploads\/2023\/05\/logo_FMdP_cat.png","width":655,"height":297,"caption":"Fundaci\u00f3n Mutua de Propietarios"},"image":{"@id":"https:\/\/www.fundacionmdp.org\/#\/schema\/logo\/image\/"}},{"@type":"Person","@id":"https:\/\/www.fundacionmdp.org\/#\/schema\/person\/12f9af801cac25dfcb5a96cb0090f703","name":"fundacionmdp","image":{"@type":"ImageObject","inLanguage":"ca","@id":"https:\/\/secure.gravatar.com\/avatar\/b540f93d1816a14d85e51109d050c3243b98fb660a665f517a6d2597cff3bbed?s=96&d=mm&r=g","url":"https:\/\/secure.gravatar.com\/avatar\/b540f93d1816a14d85e51109d050c3243b98fb660a665f517a6d2597cff3bbed?s=96&d=mm&r=g","contentUrl":"https:\/\/secure.gravatar.com\/avatar\/b540f93d1816a14d85e51109d050c3243b98fb660a665f517a6d2597cff3bbed?s=96&d=mm&r=g","caption":"fundacionmdp"},"sameAs":["http:\/\/prezuk.com.mialias.net\/fundacionmdp"],"url":"https:\/\/www.fundacionmdp.org\/ca\/author\/fundacionmdp\/"}]}},"_links":{"self":[{"href":"https:\/\/www.fundacionmdp.org\/ca\/wp-json\/wp\/v2\/posts\/3392","targetHints":{"allow":["GET"]}}],"collection":[{"href":"https:\/\/www.fundacionmdp.org\/ca\/wp-json\/wp\/v2\/posts"}],"about":[{"href":"https:\/\/www.fundacionmdp.org\/ca\/wp-json\/wp\/v2\/types\/post"}],"author":[{"embeddable":true,"href":"https:\/\/www.fundacionmdp.org\/ca\/wp-json\/wp\/v2\/users\/1"}],"replies":[{"embeddable":true,"href":"https:\/\/www.fundacionmdp.org\/ca\/wp-json\/wp\/v2\/comments?post=3392"}],"version-history":[{"count":2,"href":"https:\/\/www.fundacionmdp.org\/ca\/wp-json\/wp\/v2\/posts\/3392\/revisions"}],"predecessor-version":[{"id":6890,"href":"https:\/\/www.fundacionmdp.org\/ca\/wp-json\/wp\/v2\/posts\/3392\/revisions\/6890"}],"wp:featuredmedia":[{"embeddable":true,"href":"https:\/\/www.fundacionmdp.org\/ca\/wp-json\/wp\/v2\/media\/6888"}],"wp:attachment":[{"href":"https:\/\/www.fundacionmdp.org\/ca\/wp-json\/wp\/v2\/media?parent=3392"}],"wp:term":[{"taxonomy":"category","embeddable":true,"href":"https:\/\/www.fundacionmdp.org\/ca\/wp-json\/wp\/v2\/categories?post=3392"},{"taxonomy":"post_tag","embeddable":true,"href":"https:\/\/www.fundacionmdp.org\/ca\/wp-json\/wp\/v2\/tags?post=3392"}],"curies":[{"name":"wp","href":"https:\/\/api.w.org\/{rel}","templated":true}]}}