{"id":3755,"date":"2019-08-12T09:00:30","date_gmt":"2019-08-12T08:00:30","guid":{"rendered":"https:\/\/www.fundacionmdp.org\/adaptar-vivienda-personas-discapacidad\/"},"modified":"2023-05-15T09:06:06","modified_gmt":"2023-05-15T09:06:06","slug":"adaptar-vivienda-personas-discapacidad-2","status":"publish","type":"post","link":"https:\/\/www.fundacionmdp.org\/ca\/adaptar-vivienda-personas-discapacidad-2\/","title":{"rendered":"Adaptar l\u2019habitatge per persones amb discapacitat"},"content":{"rendered":"<p>&nbsp;<\/p>\n<p><span style=\"font-weight: 400;\">Les persones amb discapacitats f\u00edsiques es troben sovint amb obstacles que els impedeixen disposar d\u2019una vida de qualitat, tant fora com dins de casa. Per llei, <\/span><b>com a m\u00ednim un 4% <\/b><span style=\"font-weight: 400;\">dels habitatges totals previstos en els programes anuals de promoci\u00f3 p\u00fablica hauran de reservar-se per persones amb discapacitat. Aix\u00f2 significa que s\u2019inclouen elements tals com rampes o ascensors que faciliten l\u2019accessibilitat i permeten tenir una qualitat de vida adient.<\/span><\/p>\n<p><!--more--><\/p>\n<p><span style=\"font-weight: 400;\">En altres molts casos, ens trobem amb habitatges particulars molt antics i que no poden ser reformats per incloure tals elements. Tanmateix, a la resta d\u2019habitatges, l\u2019adaptaci\u00f3 \u00e9s possible. Abans d\u2019iniciar una reforma d\u2019<\/span><b>adaptaci\u00f3 d\u2019un habitatge per discapacitats<\/b><span style=\"font-weight: 400;\">, s\u2019han de tenir en compte les necessitats espec\u00edfiques de cada individu.<\/span><\/p>\n<h2><strong>Avaluaci\u00f3 de les necessitats<\/strong><\/h2>\n<p><span style=\"font-weight: 400;\"><img fetchpriority=\"high\" decoding=\"async\" class=\"size-medium wp-image-3735 alignleft\" src=\"http:\/\/prezuk.com.mialias.net\/fundacionmdp\/wp-content\/uploads\/2023\/05\/Disability-1.jpg\" alt=\"adaptaci\u00f3n de una vivienda para discapacitados\" width=\"300\" height=\"200\"><\/span><\/p>\n<p><span style=\"font-weight: 400;\">Aquest \u00e9s un dels aspectes essencials abans de realitzar una reforma per l\u2019adaptaci\u00f3 de l\u2019habitatge de discapacitats. El nivell de discapacitat de cada individu determinar\u00e0 una s\u00e8rie d\u2019elements imprescindibles: no \u00e9s el mateix un discapacitat en cadira de rodes que un discapacitat visual. A m\u00e9s, si es tracta d\u2019una discapacitat gradual, \u00e9s necessari tenir-ho en compte per realitzar els canvis pertinents a llarg termini. D\u2019aquesta manera, no tindrem que realitzar m\u00e9s obra en els anys seg\u00fcents.<\/span><\/p>\n<p><span style=\"font-weight: 400;\">Una vegada sapiguem quines s\u00f3n les necessitats de la persona en concret, haurem de consultar amb un expert les solucions, ja que cada habitatge o edifici t\u00e9 unes caracter\u00edstiques determinades.<\/span><\/p>\n<p><span style=\"font-weight: 400;\">El millor \u00e9s rec\u00f3rrer a una assessoria en la que es puguin determinar les solucions abans d\u2019iniciar el projecte, ja que cada cas \u00e9s \u00fanic i nom\u00e9s els professionals sabran adaptar l\u2019habitatge en les millors condicions. No nom\u00e9s es tracta de tirar a terra t\u00e0bics, s\u2019han de tenir en compte una gran quantitat de detalls.<\/span><\/p>\n<p><span style=\"font-weight: 400;\">Una vegada consultades les adaptacions, s\u2019ha de tenir en compte la possibilitat d\u2019haver de reformar \u00e0rees comuns o els accessos als edificis en cas de necessitar-ho. Aix\u00f2 est\u00e0 regulat per llei, per tant, s\u2019hauran de consultar amb anterioritat els permisos o llic\u00e8ncies necessaris per a cada cas concret.<\/span><\/p>\n<p><span style=\"font-weight: 400;\">&nbsp;<\/span><\/p>\n<p><strong>Principals obstacles i solucions<\/strong><\/p>\n<p><span style=\"font-weight: 400;\">Els <\/span><a href=\"https:\/\/www.fundacionmdp.org\/ca\/elements-indispensables-per-a-laccessibilitat-als-edificis-dhabitatges\/\"><span style=\"font-weight: 400;\">&nbsp;aspectes m\u00e9s importants<\/span><\/a><span style=\"font-weight: 400;\"> a tenir en compte a l\u2019hora de finalitzar una reforma per <\/span><b>l\u2019adaptaci\u00f3 de l\u2019habitatge per persones amb discapacitat<\/b><span style=\"font-weight: 400;\">, i sabent que cada cas \u00e9s \u00fanic, s\u00f3n els seg\u00fcents:<\/span><\/p>\n<ul>\n<li><span style=\"font-weight: 400;\">Els <strong>habitatges amb escala suposen un obstacle<\/strong> m\u00e9s que evident per a les persones amb discapacitat, pel que les solucions solen ser incorporar un ascensor o una cadira salva-escales.<\/span><\/li>\n<li><span style=\"font-weight: 400;\">D\u2019altra banda, la <strong>distribuci\u00f3 del espai<\/strong> ha de ser plantejada de manera que s\u2019eliminin les compartimentacions i les barreres arquitect\u00f2niques o com a m\u00ednim, que es mantingui un espai adaptat a les necessitats de la persona. Les cases di\u00e0fanes solen ser l\u2019opci\u00f3 m\u00e9s adient per garantir una correcta mobilitat.<\/span><\/li>\n<li><span style=\"font-weight: 400;\"><strong>Els passadissos hauran de tenir una amplada m\u00ednima de 110 cent\u00edmetres<\/strong>. Per la seva banda, les entrades hauran de complir els 80 cent\u00edmetres d\u2019amplada i si es possible, amb portes corredores. Els punts de gir, per la seu cant\u00f3, hauran de tenir 1,20 metres de di\u00e0metre. En general, aquestes mesures proporcionaran mobilitat a les persones amb discapacitat.<\/span><\/li>\n<li><span style=\"font-weight: 400;\"><strong>En el cas dels banys,<\/strong> <strong>hauran de disposar d\u2019una dutxa a ras de terra<\/strong> i mantenir una s\u00e8rie de mesures de seguretat per evitar o impedir accidents. El mateix passaria amb les cuines, que han de tenir una al\u00e7ada adient en el que ajudaria a <\/span><b>l\u2019adaptaci\u00f3 de l\u2019habitatge per persones amb discapacitat<\/b><span style=\"font-weight: 400;\">, a m\u00e9s de comptar amb sistemes de seguretat com els detectors de fum.<\/span><\/li>\n<\/ul>\n<p><span style=\"font-weight: 400;\">Si est\u00e0s pensant en adaptar un habitatge per persones amb discapacitat, pots consultar quines son les ajudes per discapacitat al 2019 <\/span><a href=\"http:\/\/blog.movernos.com\/conoce-las-ayudas-discapacitados-2019\/\"><span style=\"font-weight: 400;\">aqu\u00ed <\/span><\/a><span style=\"font-weight: 400;\">i la convocat\u00f2ria de finan\u00e7ament <\/span><a href=\"https:\/\/www.fundacionmdp.org\/ca\/solution\/convocatoria-de-financament-al-0-dinteressos-per-obres-daccessibilitat-en-edificis\/\"><span style=\"font-weight: 400;\">aqu\u00ed<\/span><\/a><span style=\"font-weight: 400;\">.<\/span><\/p>\n","protected":false},"excerpt":{"rendered":"<p>&nbsp; Les persones amb discapacitats f\u00edsiques es troben sovint amb obstacles que els impedeixen disposar d\u2019una vida de qualitat, tant fora com dins de casa. Per llei, com a m\u00ednim un 4% dels habitatges totals previstos en els programes anuals de promoci\u00f3 p\u00fablica hauran de reservar-se per persones amb discapacitat. Aix\u00f2 significa que s\u2019inclouen elements [&hellip;]<\/p>\n","protected":false},"author":1,"featured_media":6955,"comment_status":"open","ping_status":"closed","sticky":false,"template":"","format":"standard","meta":{"_acf_changed":false,"ocean_post_layout":"","ocean_both_sidebars_style":"","ocean_both_sidebars_content_width":0,"ocean_both_sidebars_sidebars_width":0,"ocean_sidebar":"0","ocean_second_sidebar":"0","ocean_disable_margins":"enable","ocean_add_body_class":"","ocean_shortcode_before_top_bar":"","ocean_shortcode_after_top_bar":"","ocean_shortcode_before_header":"","ocean_shortcode_after_header":"","ocean_has_shortcode":"","ocean_shortcode_after_title":"","ocean_shortcode_before_footer_widgets":"","ocean_shortcode_after_footer_widgets":"","ocean_shortcode_before_footer_bottom":"","ocean_shortcode_after_footer_bottom":"","ocean_display_top_bar":"default","ocean_display_header":"default","ocean_header_style":"","ocean_center_header_left_menu":"0","ocean_custom_header_template":"0","ocean_custom_logo":0,"ocean_custom_retina_logo":0,"ocean_custom_logo_max_width":0,"ocean_custom_logo_tablet_max_width":0,"ocean_custom_logo_mobile_max_width":0,"ocean_custom_logo_max_height":0,"ocean_custom_logo_tablet_max_height":0,"ocean_custom_logo_mobile_max_height":0,"ocean_header_custom_menu":"0","ocean_menu_typo_font_family":"0","ocean_menu_typo_font_subset":"","ocean_menu_typo_font_size":0,"ocean_menu_typo_font_size_tablet":0,"ocean_menu_typo_font_size_mobile":0,"ocean_menu_typo_font_size_unit":"px","ocean_menu_typo_font_weight":"","ocean_menu_typo_font_weight_tablet":"","ocean_menu_typo_font_weight_mobile":"","ocean_menu_typo_transform":"","ocean_menu_typo_transform_tablet":"","ocean_menu_typo_transform_mobile":"","ocean_menu_typo_line_height":0,"ocean_menu_typo_line_height_tablet":0,"ocean_menu_typo_line_height_mobile":0,"ocean_menu_typo_line_height_unit":"","ocean_menu_typo_spacing":0,"ocean_menu_typo_spacing_tablet":0,"ocean_menu_typo_spacing_mobile":0,"ocean_menu_typo_spacing_unit":"","ocean_menu_link_color":"","ocean_menu_link_color_hover":"","ocean_menu_link_color_active":"","ocean_menu_link_background":"","ocean_menu_link_hover_background":"","ocean_menu_link_active_background":"","ocean_menu_social_links_bg":"","ocean_menu_social_hover_links_bg":"","ocean_menu_social_links_color":"","ocean_menu_social_hover_links_color":"","ocean_disable_title":"default","ocean_disable_heading":"default","ocean_post_title":"","ocean_post_subheading":"","ocean_post_title_style":"","ocean_post_title_background_color":"","ocean_post_title_background":0,"ocean_post_title_bg_image_position":"","ocean_post_title_bg_image_attachment":"","ocean_post_title_bg_image_repeat":"","ocean_post_title_bg_image_size":"","ocean_post_title_height":0,"ocean_post_title_bg_overlay":0.5,"ocean_post_title_bg_overlay_color":"","ocean_disable_breadcrumbs":"default","ocean_breadcrumbs_color":"","ocean_breadcrumbs_separator_color":"","ocean_breadcrumbs_links_color":"","ocean_breadcrumbs_links_hover_color":"","ocean_display_footer_widgets":"default","ocean_display_footer_bottom":"default","ocean_custom_footer_template":"0","ocean_post_oembed":"","ocean_post_self_hosted_media":"","ocean_post_video_embed":"","ocean_link_format":"","ocean_link_format_target":"self","ocean_quote_format":"","ocean_quote_format_link":"post","ocean_gallery_link_images":"off","ocean_gallery_id":[],"footnotes":""},"categories":[1],"tags":[],"class_list":["post-3755","post","type-post","status-publish","format-standard","has-post-thumbnail","hentry","category-sin-categorizar","entry","has-media"],"acf":[],"yoast_head":"<!-- This site is optimized with the Yoast SEO plugin v27.3 - https:\/\/yoast.com\/product\/yoast-seo-wordpress\/ -->\n<title>Adaptar l\u2019habitatge per persones amb discapacitat - Fundaci\u00f3n Mutua de Propietarios<\/title>\n<meta name=\"robots\" content=\"index, follow, max-snippet:-1, max-image-preview:large, max-video-preview:-1\" \/>\n<link rel=\"canonical\" href=\"https:\/\/www.fundacionmdp.org\/ca\/adaptar-vivienda-personas-discapacidad-2\/\" \/>\n<meta property=\"og:locale\" content=\"ca_ES\" \/>\n<meta property=\"og:type\" content=\"article\" \/>\n<meta property=\"og:title\" content=\"Adaptar l\u2019habitatge per persones amb discapacitat - Fundaci\u00f3n Mutua de Propietarios\" \/>\n<meta property=\"og:description\" content=\"&nbsp; Les persones amb discapacitats f\u00edsiques es troben sovint amb obstacles que els impedeixen disposar d\u2019una vida de qualitat, tant fora com dins de casa. Per llei, com a m\u00ednim un 4% dels habitatges totals previstos en els programes anuals de promoci\u00f3 p\u00fablica hauran de reservar-se per persones amb discapacitat. Aix\u00f2 significa que s\u2019inclouen elements [&hellip;]\" \/>\n<meta property=\"og:url\" content=\"https:\/\/www.fundacionmdp.org\/ca\/adaptar-vivienda-personas-discapacidad-2\/\" \/>\n<meta property=\"og:site_name\" content=\"Fundaci\u00f3n Mutua de Propietarios\" \/>\n<meta property=\"article:published_time\" content=\"2019-08-12T08:00:30+00:00\" \/>\n<meta property=\"article:modified_time\" content=\"2023-05-15T09:06:06+00:00\" \/>\n<meta property=\"og:image\" content=\"https:\/\/www.fundacionmdp.org\/wp-content\/uploads\/2019\/08\/Disability-1.jpg\" \/>\n\t<meta property=\"og:image:width\" content=\"1000\" \/>\n\t<meta property=\"og:image:height\" content=\"668\" \/>\n\t<meta property=\"og:image:type\" content=\"image\/jpeg\" \/>\n<meta name=\"author\" content=\"fundacionmdp\" \/>\n<meta name=\"twitter:card\" content=\"summary_large_image\" \/>\n<meta name=\"twitter:label1\" content=\"Escrit per\" \/>\n\t<meta name=\"twitter:data1\" content=\"fundacionmdp\" \/>\n\t<meta name=\"twitter:label2\" content=\"Temps estimat de lectura\" \/>\n\t<meta name=\"twitter:data2\" content=\"3 minuts\" \/>\n<script type=\"application\/ld+json\" class=\"yoast-schema-graph\">{\"@context\":\"https:\\\/\\\/schema.org\",\"@graph\":[{\"@type\":\"Article\",\"@id\":\"https:\\\/\\\/www.fundacionmdp.org\\\/ca\\\/adaptar-vivienda-personas-discapacidad-2\\\/#article\",\"isPartOf\":{\"@id\":\"https:\\\/\\\/www.fundacionmdp.org\\\/ca\\\/adaptar-vivienda-personas-discapacidad-2\\\/\"},\"author\":{\"name\":\"fundacionmdp\",\"@id\":\"https:\\\/\\\/www.fundacionmdp.org\\\/#\\\/schema\\\/person\\\/12f9af801cac25dfcb5a96cb0090f703\"},\"headline\":\"Adaptar l\u2019habitatge per persones amb discapacitat\",\"datePublished\":\"2019-08-12T08:00:30+00:00\",\"dateModified\":\"2023-05-15T09:06:06+00:00\",\"mainEntityOfPage\":{\"@id\":\"https:\\\/\\\/www.fundacionmdp.org\\\/ca\\\/adaptar-vivienda-personas-discapacidad-2\\\/\"},\"wordCount\":664,\"commentCount\":0,\"publisher\":{\"@id\":\"https:\\\/\\\/www.fundacionmdp.org\\\/#organization\"},\"image\":{\"@id\":\"https:\\\/\\\/www.fundacionmdp.org\\\/ca\\\/adaptar-vivienda-personas-discapacidad-2\\\/#primaryimage\"},\"thumbnailUrl\":\"https:\\\/\\\/www.fundacionmdp.org\\\/wp-content\\\/uploads\\\/2019\\\/08\\\/Disability-1.jpg\",\"articleSection\":[\"Sin categorizar\"],\"inLanguage\":\"ca\",\"potentialAction\":[{\"@type\":\"CommentAction\",\"name\":\"Comment\",\"target\":[\"https:\\\/\\\/www.fundacionmdp.org\\\/ca\\\/adaptar-vivienda-personas-discapacidad-2\\\/#respond\"]}]},{\"@type\":\"WebPage\",\"@id\":\"https:\\\/\\\/www.fundacionmdp.org\\\/ca\\\/adaptar-vivienda-personas-discapacidad-2\\\/\",\"url\":\"https:\\\/\\\/www.fundacionmdp.org\\\/ca\\\/adaptar-vivienda-personas-discapacidad-2\\\/\",\"name\":\"Adaptar l\u2019habitatge per persones amb discapacitat - Fundaci\u00f3n Mutua de Propietarios\",\"isPartOf\":{\"@id\":\"https:\\\/\\\/www.fundacionmdp.org\\\/#website\"},\"primaryImageOfPage\":{\"@id\":\"https:\\\/\\\/www.fundacionmdp.org\\\/ca\\\/adaptar-vivienda-personas-discapacidad-2\\\/#primaryimage\"},\"image\":{\"@id\":\"https:\\\/\\\/www.fundacionmdp.org\\\/ca\\\/adaptar-vivienda-personas-discapacidad-2\\\/#primaryimage\"},\"thumbnailUrl\":\"https:\\\/\\\/www.fundacionmdp.org\\\/wp-content\\\/uploads\\\/2019\\\/08\\\/Disability-1.jpg\",\"datePublished\":\"2019-08-12T08:00:30+00:00\",\"dateModified\":\"2023-05-15T09:06:06+00:00\",\"breadcrumb\":{\"@id\":\"https:\\\/\\\/www.fundacionmdp.org\\\/ca\\\/adaptar-vivienda-personas-discapacidad-2\\\/#breadcrumb\"},\"inLanguage\":\"ca\",\"potentialAction\":[{\"@type\":\"ReadAction\",\"target\":[\"https:\\\/\\\/www.fundacionmdp.org\\\/ca\\\/adaptar-vivienda-personas-discapacidad-2\\\/\"]}]},{\"@type\":\"ImageObject\",\"inLanguage\":\"ca\",\"@id\":\"https:\\\/\\\/www.fundacionmdp.org\\\/ca\\\/adaptar-vivienda-personas-discapacidad-2\\\/#primaryimage\",\"url\":\"https:\\\/\\\/www.fundacionmdp.org\\\/wp-content\\\/uploads\\\/2019\\\/08\\\/Disability-1.jpg\",\"contentUrl\":\"https:\\\/\\\/www.fundacionmdp.org\\\/wp-content\\\/uploads\\\/2019\\\/08\\\/Disability-1.jpg\",\"width\":1000,\"height\":668},{\"@type\":\"BreadcrumbList\",\"@id\":\"https:\\\/\\\/www.fundacionmdp.org\\\/ca\\\/adaptar-vivienda-personas-discapacidad-2\\\/#breadcrumb\",\"itemListElement\":[{\"@type\":\"ListItem\",\"position\":1,\"name\":\"Home\",\"item\":\"https:\\\/\\\/www.fundacionmdp.org\\\/ca\\\/\"},{\"@type\":\"ListItem\",\"position\":2,\"name\":\"Adaptar l\u2019habitatge per persones amb discapacitat\"}]},{\"@type\":\"WebSite\",\"@id\":\"https:\\\/\\\/www.fundacionmdp.org\\\/#website\",\"url\":\"https:\\\/\\\/www.fundacionmdp.org\\\/\",\"name\":\"Fundaci\u00f3n Mutua de Propietarios\",\"description\":\"En la Fundaci\u00f3n Mutua de Propietarios te ayudamos a convertir tu edificio de viviendas en un espacio sin barreras arquitect\u00f3nicas.\",\"publisher\":{\"@id\":\"https:\\\/\\\/www.fundacionmdp.org\\\/#organization\"},\"potentialAction\":[{\"@type\":\"SearchAction\",\"target\":{\"@type\":\"EntryPoint\",\"urlTemplate\":\"https:\\\/\\\/www.fundacionmdp.org\\\/?s={search_term_string}\"},\"query-input\":{\"@type\":\"PropertyValueSpecification\",\"valueRequired\":true,\"valueName\":\"search_term_string\"}}],\"inLanguage\":\"ca\"},{\"@type\":\"Organization\",\"@id\":\"https:\\\/\\\/www.fundacionmdp.org\\\/#organization\",\"name\":\"Fundaci\u00f3n Mutua de Propietarios\",\"url\":\"https:\\\/\\\/www.fundacionmdp.org\\\/\",\"logo\":{\"@type\":\"ImageObject\",\"inLanguage\":\"ca\",\"@id\":\"https:\\\/\\\/www.fundacionmdp.org\\\/#\\\/schema\\\/logo\\\/image\\\/\",\"url\":\"https:\\\/\\\/www.fundacionmdp.org\\\/wp-content\\\/uploads\\\/2023\\\/05\\\/logo_FMdP_cat.png\",\"contentUrl\":\"https:\\\/\\\/www.fundacionmdp.org\\\/wp-content\\\/uploads\\\/2023\\\/05\\\/logo_FMdP_cat.png\",\"width\":655,\"height\":297,\"caption\":\"Fundaci\u00f3n Mutua de Propietarios\"},\"image\":{\"@id\":\"https:\\\/\\\/www.fundacionmdp.org\\\/#\\\/schema\\\/logo\\\/image\\\/\"}},{\"@type\":\"Person\",\"@id\":\"https:\\\/\\\/www.fundacionmdp.org\\\/#\\\/schema\\\/person\\\/12f9af801cac25dfcb5a96cb0090f703\",\"name\":\"fundacionmdp\",\"image\":{\"@type\":\"ImageObject\",\"inLanguage\":\"ca\",\"@id\":\"https:\\\/\\\/secure.gravatar.com\\\/avatar\\\/b540f93d1816a14d85e51109d050c3243b98fb660a665f517a6d2597cff3bbed?s=96&d=mm&r=g\",\"url\":\"https:\\\/\\\/secure.gravatar.com\\\/avatar\\\/b540f93d1816a14d85e51109d050c3243b98fb660a665f517a6d2597cff3bbed?s=96&d=mm&r=g\",\"contentUrl\":\"https:\\\/\\\/secure.gravatar.com\\\/avatar\\\/b540f93d1816a14d85e51109d050c3243b98fb660a665f517a6d2597cff3bbed?s=96&d=mm&r=g\",\"caption\":\"fundacionmdp\"},\"sameAs\":[\"http:\\\/\\\/prezuk.com.mialias.net\\\/fundacionmdp\"],\"url\":\"https:\\\/\\\/www.fundacionmdp.org\\\/ca\\\/author\\\/fundacionmdp\\\/\"}]}<\/script>\n<!-- \/ Yoast SEO plugin. -->","yoast_head_json":{"title":"Adaptar l\u2019habitatge per persones amb discapacitat - Fundaci\u00f3n Mutua de Propietarios","robots":{"index":"index","follow":"follow","max-snippet":"max-snippet:-1","max-image-preview":"max-image-preview:large","max-video-preview":"max-video-preview:-1"},"canonical":"https:\/\/www.fundacionmdp.org\/ca\/adaptar-vivienda-personas-discapacidad-2\/","og_locale":"ca_ES","og_type":"article","og_title":"Adaptar l\u2019habitatge per persones amb discapacitat - Fundaci\u00f3n Mutua de Propietarios","og_description":"&nbsp; Les persones amb discapacitats f\u00edsiques es troben sovint amb obstacles que els impedeixen disposar d\u2019una vida de qualitat, tant fora com dins de casa. Per llei, com a m\u00ednim un 4% dels habitatges totals previstos en els programes anuals de promoci\u00f3 p\u00fablica hauran de reservar-se per persones amb discapacitat. Aix\u00f2 significa que s\u2019inclouen elements [&hellip;]","og_url":"https:\/\/www.fundacionmdp.org\/ca\/adaptar-vivienda-personas-discapacidad-2\/","og_site_name":"Fundaci\u00f3n Mutua de Propietarios","article_published_time":"2019-08-12T08:00:30+00:00","article_modified_time":"2023-05-15T09:06:06+00:00","og_image":[{"width":1000,"height":668,"url":"https:\/\/www.fundacionmdp.org\/wp-content\/uploads\/2019\/08\/Disability-1.jpg","type":"image\/jpeg"}],"author":"fundacionmdp","twitter_card":"summary_large_image","twitter_misc":{"Escrit per":"fundacionmdp","Temps estimat de lectura":"3 minuts"},"schema":{"@context":"https:\/\/schema.org","@graph":[{"@type":"Article","@id":"https:\/\/www.fundacionmdp.org\/ca\/adaptar-vivienda-personas-discapacidad-2\/#article","isPartOf":{"@id":"https:\/\/www.fundacionmdp.org\/ca\/adaptar-vivienda-personas-discapacidad-2\/"},"author":{"name":"fundacionmdp","@id":"https:\/\/www.fundacionmdp.org\/#\/schema\/person\/12f9af801cac25dfcb5a96cb0090f703"},"headline":"Adaptar l\u2019habitatge per persones amb discapacitat","datePublished":"2019-08-12T08:00:30+00:00","dateModified":"2023-05-15T09:06:06+00:00","mainEntityOfPage":{"@id":"https:\/\/www.fundacionmdp.org\/ca\/adaptar-vivienda-personas-discapacidad-2\/"},"wordCount":664,"commentCount":0,"publisher":{"@id":"https:\/\/www.fundacionmdp.org\/#organization"},"image":{"@id":"https:\/\/www.fundacionmdp.org\/ca\/adaptar-vivienda-personas-discapacidad-2\/#primaryimage"},"thumbnailUrl":"https:\/\/www.fundacionmdp.org\/wp-content\/uploads\/2019\/08\/Disability-1.jpg","articleSection":["Sin categorizar"],"inLanguage":"ca","potentialAction":[{"@type":"CommentAction","name":"Comment","target":["https:\/\/www.fundacionmdp.org\/ca\/adaptar-vivienda-personas-discapacidad-2\/#respond"]}]},{"@type":"WebPage","@id":"https:\/\/www.fundacionmdp.org\/ca\/adaptar-vivienda-personas-discapacidad-2\/","url":"https:\/\/www.fundacionmdp.org\/ca\/adaptar-vivienda-personas-discapacidad-2\/","name":"Adaptar l\u2019habitatge per persones amb discapacitat - Fundaci\u00f3n Mutua de Propietarios","isPartOf":{"@id":"https:\/\/www.fundacionmdp.org\/#website"},"primaryImageOfPage":{"@id":"https:\/\/www.fundacionmdp.org\/ca\/adaptar-vivienda-personas-discapacidad-2\/#primaryimage"},"image":{"@id":"https:\/\/www.fundacionmdp.org\/ca\/adaptar-vivienda-personas-discapacidad-2\/#primaryimage"},"thumbnailUrl":"https:\/\/www.fundacionmdp.org\/wp-content\/uploads\/2019\/08\/Disability-1.jpg","datePublished":"2019-08-12T08:00:30+00:00","dateModified":"2023-05-15T09:06:06+00:00","breadcrumb":{"@id":"https:\/\/www.fundacionmdp.org\/ca\/adaptar-vivienda-personas-discapacidad-2\/#breadcrumb"},"inLanguage":"ca","potentialAction":[{"@type":"ReadAction","target":["https:\/\/www.fundacionmdp.org\/ca\/adaptar-vivienda-personas-discapacidad-2\/"]}]},{"@type":"ImageObject","inLanguage":"ca","@id":"https:\/\/www.fundacionmdp.org\/ca\/adaptar-vivienda-personas-discapacidad-2\/#primaryimage","url":"https:\/\/www.fundacionmdp.org\/wp-content\/uploads\/2019\/08\/Disability-1.jpg","contentUrl":"https:\/\/www.fundacionmdp.org\/wp-content\/uploads\/2019\/08\/Disability-1.jpg","width":1000,"height":668},{"@type":"BreadcrumbList","@id":"https:\/\/www.fundacionmdp.org\/ca\/adaptar-vivienda-personas-discapacidad-2\/#breadcrumb","itemListElement":[{"@type":"ListItem","position":1,"name":"Home","item":"https:\/\/www.fundacionmdp.org\/ca\/"},{"@type":"ListItem","position":2,"name":"Adaptar l\u2019habitatge per persones amb discapacitat"}]},{"@type":"WebSite","@id":"https:\/\/www.fundacionmdp.org\/#website","url":"https:\/\/www.fundacionmdp.org\/","name":"Fundaci\u00f3n Mutua de Propietarios","description":"En la Fundaci\u00f3n Mutua de Propietarios te ayudamos a convertir tu edificio de viviendas en un espacio sin barreras arquitect\u00f3nicas.","publisher":{"@id":"https:\/\/www.fundacionmdp.org\/#organization"},"potentialAction":[{"@type":"SearchAction","target":{"@type":"EntryPoint","urlTemplate":"https:\/\/www.fundacionmdp.org\/?s={search_term_string}"},"query-input":{"@type":"PropertyValueSpecification","valueRequired":true,"valueName":"search_term_string"}}],"inLanguage":"ca"},{"@type":"Organization","@id":"https:\/\/www.fundacionmdp.org\/#organization","name":"Fundaci\u00f3n Mutua de Propietarios","url":"https:\/\/www.fundacionmdp.org\/","logo":{"@type":"ImageObject","inLanguage":"ca","@id":"https:\/\/www.fundacionmdp.org\/#\/schema\/logo\/image\/","url":"https:\/\/www.fundacionmdp.org\/wp-content\/uploads\/2023\/05\/logo_FMdP_cat.png","contentUrl":"https:\/\/www.fundacionmdp.org\/wp-content\/uploads\/2023\/05\/logo_FMdP_cat.png","width":655,"height":297,"caption":"Fundaci\u00f3n Mutua de Propietarios"},"image":{"@id":"https:\/\/www.fundacionmdp.org\/#\/schema\/logo\/image\/"}},{"@type":"Person","@id":"https:\/\/www.fundacionmdp.org\/#\/schema\/person\/12f9af801cac25dfcb5a96cb0090f703","name":"fundacionmdp","image":{"@type":"ImageObject","inLanguage":"ca","@id":"https:\/\/secure.gravatar.com\/avatar\/b540f93d1816a14d85e51109d050c3243b98fb660a665f517a6d2597cff3bbed?s=96&d=mm&r=g","url":"https:\/\/secure.gravatar.com\/avatar\/b540f93d1816a14d85e51109d050c3243b98fb660a665f517a6d2597cff3bbed?s=96&d=mm&r=g","contentUrl":"https:\/\/secure.gravatar.com\/avatar\/b540f93d1816a14d85e51109d050c3243b98fb660a665f517a6d2597cff3bbed?s=96&d=mm&r=g","caption":"fundacionmdp"},"sameAs":["http:\/\/prezuk.com.mialias.net\/fundacionmdp"],"url":"https:\/\/www.fundacionmdp.org\/ca\/author\/fundacionmdp\/"}]}},"_links":{"self":[{"href":"https:\/\/www.fundacionmdp.org\/ca\/wp-json\/wp\/v2\/posts\/3755","targetHints":{"allow":["GET"]}}],"collection":[{"href":"https:\/\/www.fundacionmdp.org\/ca\/wp-json\/wp\/v2\/posts"}],"about":[{"href":"https:\/\/www.fundacionmdp.org\/ca\/wp-json\/wp\/v2\/types\/post"}],"author":[{"embeddable":true,"href":"https:\/\/www.fundacionmdp.org\/ca\/wp-json\/wp\/v2\/users\/1"}],"replies":[{"embeddable":true,"href":"https:\/\/www.fundacionmdp.org\/ca\/wp-json\/wp\/v2\/comments?post=3755"}],"version-history":[{"count":2,"href":"https:\/\/www.fundacionmdp.org\/ca\/wp-json\/wp\/v2\/posts\/3755\/revisions"}],"predecessor-version":[{"id":6959,"href":"https:\/\/www.fundacionmdp.org\/ca\/wp-json\/wp\/v2\/posts\/3755\/revisions\/6959"}],"wp:featuredmedia":[{"embeddable":true,"href":"https:\/\/www.fundacionmdp.org\/ca\/wp-json\/wp\/v2\/media\/6955"}],"wp:attachment":[{"href":"https:\/\/www.fundacionmdp.org\/ca\/wp-json\/wp\/v2\/media?parent=3755"}],"wp:term":[{"taxonomy":"category","embeddable":true,"href":"https:\/\/www.fundacionmdp.org\/ca\/wp-json\/wp\/v2\/categories?post=3755"},{"taxonomy":"post_tag","embeddable":true,"href":"https:\/\/www.fundacionmdp.org\/ca\/wp-json\/wp\/v2\/tags?post=3755"}],"curies":[{"name":"wp","href":"https:\/\/api.w.org\/{rel}","templated":true}]}}