{"id":3832,"date":"2019-09-16T12:26:07","date_gmt":"2019-09-16T10:26:07","guid":{"rendered":"https:\/\/www.fundacionmdp.org\/?p=3832"},"modified":"2024-10-22T12:08:55","modified_gmt":"2024-10-22T10:08:55","slug":"que-es-el-barem-de-mobilitat-reduida","status":"publish","type":"post","link":"https:\/\/www.fundacionmdp.org\/ca\/que-es-el-barem-de-mobilitat-reduida\/","title":{"rendered":"Qu\u00e8 \u00e9s el barem de mobilitat redu\u00efda?"},"content":{"rendered":"<p><span style=\"font-weight: 400;\">El barem de Mobilitat redu\u00efda determina el <\/span><b>grau de capacitat motriu que t\u00e9 una persona amb discapacitat mitjan\u00e7ant una puntuaci\u00f3 estimada per l\u2019Administraci\u00f3.<\/b><span style=\"font-weight: 400;\"> Aquest Barem de Mobilitat \u00e9s necessari per adquirir el Certificat de Discapacitat, que permet a les persones amb discapacitat beneficiar-se de les prestacions tant locals, com auton\u00f2miques o estatals.<\/span><\/p>\n<p><span style=\"font-weight: 400;\">A partir d\u2019un\u00a0 grau de discapacitat igual o superior al 33% es comprova mitjan\u00e7ant el Barem si la persona amb discapacitat podria o no tenir <\/span><b>dificultats per utilitzar els transports col\u00b7lectius.<\/b><span style=\"font-weight: 400;\"> La regulaci\u00f3 determina que el Barem de mobilitat ateny a aquelles persones amb un grau igual o superior al 33% de discapacitat, que pateixen p\u00e8rdues anat\u00f2miques o deformacions essencials.\u00a0<\/span><\/p>\n<h2><b>Certificat de Discapacitat<\/b><\/h2>\n<p><span style=\"font-weight: 400;\"><img fetchpriority=\"high\" decoding=\"async\" class=\"alignleft wp-image-6973\" src=\"https:\/\/www.fundacionmdp.org\/wp-content\/uploads\/2019\/09\/movilidad.jpg\" alt=\"senyal de parking per a persona amb discapcitat\" width=\"378\" height=\"252\" srcset=\"https:\/\/www.fundacionmdp.org\/wp-content\/uploads\/2019\/09\/movilidad.jpg 1000w, https:\/\/www.fundacionmdp.org\/wp-content\/uploads\/2019\/09\/movilidad-300x200.jpg 300w, https:\/\/www.fundacionmdp.org\/wp-content\/uploads\/2019\/09\/movilidad-768x512.jpg 768w\" sizes=\"(max-width: 378px) 100vw, 378px\" \/>El Certificat de Discapacitat el concedeix l\u2019Administraci\u00f3 P\u00fablica de forma autom\u00e0tica a aquelles persones amb discapacitat que utilitzen cadires de rodes. Tamb\u00e9 es trobaran en aquesta situaci\u00f3 respecte aquest certificat aquelles persones amb discapacitat que depenguin de bastons per despla\u00e7ar-se o que per defici\u00e8ncies intel\u00b7lectuals greus tinguin comportaments dif\u00edcils de controlar.<\/span><\/p>\n<p><span style=\"font-weight: 400;\">Si qui ho sol\u00b7licita no veu reflectida la seva situaci\u00f3 en l\u2019anteriorment citat,<\/span><b> haur\u00e0 de realitzar el c\u00e0lcul del barem de mobilitat tenint en compte els diferents casos que es presentin. <\/b><span style=\"font-weight: 400;\">El n\u00famero o resultat d\u2019aquest barem ha de ser positiu i igual o major de 7 per tal que numero sigui concedit.<\/span><\/p>\n<p><span style=\"font-weight: 400;\">El Barem de Mobilitat redu\u00efda est\u00e0 regulat sota el <\/span><a href=\"https:\/\/transparencia.gob.es\/servicios-buscador\/contenido\/realdecreto.htm?id=NORMAT_E0492190112468&amp;fcAct=2017-02-15T15:53:12.861Z&amp;lang=es\"><span style=\"font-weight: 400;\">Reial Decreto de 1971\/1999<\/span><\/a><span style=\"font-weight: 400;\">, de 23 de desembre (BOE del 26 de gener de 2000) de procediment pel reconeixement, declaraci\u00f3 i qualificaci\u00f3 del grau de discapacitat.<\/span><\/p>\n<h2><b>Quins s\u00f3n els beneficis de disposar del Certificat de Discapacitat i el Barem de Mobilitat redu\u00efda?<\/b><\/h2>\n<p><span style=\"font-weight: 400;\">El Barem de Mobilitat i per tant el Certificat de Discapacitat et permetr\u00e0 obtenir <\/span><b>beneficis tant socials com econ\u00f2mics en les \u00e0rees que corresponguin <\/b><span style=\"font-weight: 400;\">a serveis de salut i programes de salut, educaci\u00f3, feina i participaci\u00f3 i comunitat. A m\u00e9s, et permetr\u00e0 sol\u00b7licitar ajuts per adquirir un habitatge o vehicle adaptat, i incl\u00fas la reducci\u00f3 d\u2019impostos. El m\u00e9s recomanable \u00e9s <\/span><b>informar-se directament a l\u2019Administraci\u00f3 P\u00fablica de cada Comunitat Aut\u00f2noma<\/b><span style=\"font-weight: 400;\"> (per la llibertat de legislaci\u00f3 en mat\u00e8ria de pol\u00edtica social) de la situaci\u00f3 individual i als ajuts i subvencions a les que es pot optar depenent de la puntuaci\u00f3 de Barem de Mobilitat.<\/span><b>\u00a0<\/b><\/p>\n<h2><b>Com es calcula el Barem de Mobilitat?<\/b><\/h2>\n<p><span style=\"font-weight: 400;\">Com ja hem dit en els punts anteriors, es requereix d\u2019una puntuaci\u00f3 igual o superior a 7 i positiva per adquirir el Barem de Mobilitat Redu\u00efda. Seguint els seg\u00fcents punts podrem saber si existeix o no mobilitat redu\u00efda i en quin grau, el que servir\u00e0 per obtenir els beneficis fiscals i socials, a m\u00e9s d\u2019ajuts i subvencions.<\/span><\/p>\n<p><span style=\"font-weight: 400;\">L\u2019Administraci\u00f3 P\u00fablica concedeix autom\u00e0ticament el Certificat de Discapacitat a aquelles persones que presentin les seg\u00fcents situacions:<\/span><\/p>\n<ul>\n<li style=\"font-weight: 400;\"><span style=\"font-weight: 400;\">Utilitzin <\/span><b>cadira de rodes<\/b><\/li>\n<li style=\"font-weight: 400;\"><span style=\"font-weight: 400;\">Depenguin de <\/span><b>bastons<\/b><span style=\"font-weight: 400;\"> para poder-se moure<\/span><\/li>\n<li style=\"font-weight: 400;\"><span style=\"font-weight: 400;\">Puguin caminar per\u00f2 que degut a greus defici\u00e8ncies intel\u00b7lectuals amb conductes molestes o agressives o de dif\u00edcil control, <\/span><b>els dificulti la utilitzaci\u00f3 de mitjans de transport normalitzats.<\/b><span style=\"font-weight: 400;\">\u00a0<\/span><\/li>\n<\/ul>\n<p><span style=\"font-weight: 400;\">Aquelles persones amb discapacitat que no entrin en cap d\u2019aquestes situacions, hauran d\u2019avaluar el seu grau de discapacitat mitjan\u00e7ant una <\/span><b>puntuaci\u00f3 que ha de donar un resultat d\u2019un m\u00ednim de 7 punts en total. <\/b><span style=\"font-weight: 400;\">Els apartats que s\u2019hauran d\u2019avaluar seran els seg\u00fcents; sent 1 punt per una limitaci\u00f3 lleu, 2 punts per una limitaci\u00f3 greu i 3 punts per una limitaci\u00f3 molt greu en cadascun dels apartats.<\/span><\/p>\n<ul>\n<li style=\"font-weight: 400;\"><span style=\"font-weight: 400;\">Deambular en un terreny pla<\/span><\/li>\n<li style=\"font-weight: 400;\"><span style=\"font-weight: 400;\">Deambular en un terreny amb obstacles<\/span><\/li>\n<li style=\"font-weight: 400;\"><span style=\"font-weight: 400;\">Pujar i baixar un tram d\u2019escales<\/span><\/li>\n<li style=\"font-weight: 400;\"><span style=\"font-weight: 400;\">Sobrepassar un gra\u00f3 de 40 cent\u00edmetres<\/span><\/li>\n<li style=\"font-weight: 400;\"><span style=\"font-weight: 400;\">Sostenir-se en peu en una plataforma d\u2019un mitj\u00e0 normalitzat de transport<\/span><\/li>\n<\/ul>\n","protected":false},"excerpt":{"rendered":"<p>El barem de Mobilitat redu\u00efda determina el grau de capacitat motriu que t\u00e9 una persona amb discapacitat mitjan\u00e7ant una puntuaci\u00f3 estimada per l\u2019Administraci\u00f3. Aquest Barem de Mobilitat \u00e9s necessari per adquirir el Certificat de Discapacitat, que permet a les persones amb discapacitat beneficiar-se de les prestacions tant locals, com auton\u00f2miques o estatals. A partir d\u2019un\u00a0 [&hellip;]<\/p>\n","protected":false},"author":1,"featured_media":6973,"comment_status":"open","ping_status":"open","sticky":false,"template":"","format":"standard","meta":{"_acf_changed":false,"ocean_post_layout":"","ocean_both_sidebars_style":"","ocean_both_sidebars_content_width":0,"ocean_both_sidebars_sidebars_width":0,"ocean_sidebar":"0","ocean_second_sidebar":"0","ocean_disable_margins":"enable","ocean_add_body_class":"","ocean_shortcode_before_top_bar":"","ocean_shortcode_after_top_bar":"","ocean_shortcode_before_header":"","ocean_shortcode_after_header":"","ocean_has_shortcode":"","ocean_shortcode_after_title":"","ocean_shortcode_before_footer_widgets":"","ocean_shortcode_after_footer_widgets":"","ocean_shortcode_before_footer_bottom":"","ocean_shortcode_after_footer_bottom":"","ocean_display_top_bar":"default","ocean_display_header":"default","ocean_header_style":"","ocean_center_header_left_menu":"0","ocean_custom_header_template":"0","ocean_custom_logo":0,"ocean_custom_retina_logo":0,"ocean_custom_logo_max_width":0,"ocean_custom_logo_tablet_max_width":0,"ocean_custom_logo_mobile_max_width":0,"ocean_custom_logo_max_height":0,"ocean_custom_logo_tablet_max_height":0,"ocean_custom_logo_mobile_max_height":0,"ocean_header_custom_menu":"0","ocean_menu_typo_font_family":"0","ocean_menu_typo_font_subset":"","ocean_menu_typo_font_size":0,"ocean_menu_typo_font_size_tablet":0,"ocean_menu_typo_font_size_mobile":0,"ocean_menu_typo_font_size_unit":"px","ocean_menu_typo_font_weight":"","ocean_menu_typo_font_weight_tablet":"","ocean_menu_typo_font_weight_mobile":"","ocean_menu_typo_transform":"","ocean_menu_typo_transform_tablet":"","ocean_menu_typo_transform_mobile":"","ocean_menu_typo_line_height":0,"ocean_menu_typo_line_height_tablet":0,"ocean_menu_typo_line_height_mobile":0,"ocean_menu_typo_line_height_unit":"","ocean_menu_typo_spacing":0,"ocean_menu_typo_spacing_tablet":0,"ocean_menu_typo_spacing_mobile":0,"ocean_menu_typo_spacing_unit":"","ocean_menu_link_color":"","ocean_menu_link_color_hover":"","ocean_menu_link_color_active":"","ocean_menu_link_background":"","ocean_menu_link_hover_background":"","ocean_menu_link_active_background":"","ocean_menu_social_links_bg":"","ocean_menu_social_hover_links_bg":"","ocean_menu_social_links_color":"","ocean_menu_social_hover_links_color":"","ocean_disable_title":"default","ocean_disable_heading":"default","ocean_post_title":"","ocean_post_subheading":"","ocean_post_title_style":"","ocean_post_title_background_color":"","ocean_post_title_background":0,"ocean_post_title_bg_image_position":"","ocean_post_title_bg_image_attachment":"","ocean_post_title_bg_image_repeat":"","ocean_post_title_bg_image_size":"","ocean_post_title_height":0,"ocean_post_title_bg_overlay":0.5,"ocean_post_title_bg_overlay_color":"","ocean_disable_breadcrumbs":"default","ocean_breadcrumbs_color":"","ocean_breadcrumbs_separator_color":"","ocean_breadcrumbs_links_color":"","ocean_breadcrumbs_links_hover_color":"","ocean_display_footer_widgets":"default","ocean_display_footer_bottom":"default","ocean_custom_footer_template":"0","ocean_post_oembed":"","ocean_post_self_hosted_media":"","ocean_post_video_embed":"","ocean_link_format":"","ocean_link_format_target":"self","ocean_quote_format":"","ocean_quote_format_link":"post","ocean_gallery_link_images":"off","ocean_gallery_id":[],"footnotes":""},"categories":[1],"tags":[],"class_list":["post-3832","post","type-post","status-publish","format-standard","has-post-thumbnail","hentry","category-sin-categorizar","entry","has-media"],"acf":[],"yoast_head":"<!-- This site is optimized with the Yoast SEO plugin v27.3 - https:\/\/yoast.com\/product\/yoast-seo-wordpress\/ -->\n<title>Qu\u00e8 \u00e9s el barem de mobilitat redu\u00efda? - Fundaci\u00f3n Mutua de Propietarios<\/title>\n<meta name=\"robots\" content=\"index, follow, max-snippet:-1, max-image-preview:large, max-video-preview:-1\" \/>\n<link rel=\"canonical\" href=\"https:\/\/www.fundacionmdp.org\/ca\/que-es-el-barem-de-mobilitat-reduida\/\" \/>\n<meta property=\"og:locale\" content=\"ca_ES\" \/>\n<meta property=\"og:type\" content=\"article\" \/>\n<meta property=\"og:title\" content=\"Qu\u00e8 \u00e9s el barem de mobilitat redu\u00efda? - Fundaci\u00f3n Mutua de Propietarios\" \/>\n<meta property=\"og:description\" content=\"El barem de Mobilitat redu\u00efda determina el grau de capacitat motriu que t\u00e9 una persona amb discapacitat mitjan\u00e7ant una puntuaci\u00f3 estimada per l\u2019Administraci\u00f3. Aquest Barem de Mobilitat \u00e9s necessari per adquirir el Certificat de Discapacitat, que permet a les persones amb discapacitat beneficiar-se de les prestacions tant locals, com auton\u00f2miques o estatals. A partir d\u2019un\u00a0 [&hellip;]\" \/>\n<meta property=\"og:url\" content=\"https:\/\/www.fundacionmdp.org\/ca\/que-es-el-barem-de-mobilitat-reduida\/\" \/>\n<meta property=\"og:site_name\" content=\"Fundaci\u00f3n Mutua de Propietarios\" \/>\n<meta property=\"article:published_time\" content=\"2019-09-16T10:26:07+00:00\" \/>\n<meta property=\"article:modified_time\" content=\"2024-10-22T10:08:55+00:00\" \/>\n<meta property=\"og:image\" content=\"https:\/\/www.fundacionmdp.org\/wp-content\/uploads\/2019\/09\/movilidad.jpg\" \/>\n\t<meta property=\"og:image:width\" content=\"1000\" \/>\n\t<meta property=\"og:image:height\" content=\"667\" \/>\n\t<meta property=\"og:image:type\" content=\"image\/jpeg\" \/>\n<meta name=\"author\" content=\"fundacionmdp\" \/>\n<meta name=\"twitter:card\" content=\"summary_large_image\" \/>\n<meta name=\"twitter:label1\" content=\"Escrit per\" \/>\n\t<meta name=\"twitter:data1\" content=\"fundacionmdp\" \/>\n\t<meta name=\"twitter:label2\" content=\"Temps estimat de lectura\" \/>\n\t<meta name=\"twitter:data2\" content=\"3 minuts\" \/>\n<script type=\"application\/ld+json\" class=\"yoast-schema-graph\">{\"@context\":\"https:\\\/\\\/schema.org\",\"@graph\":[{\"@type\":\"Article\",\"@id\":\"https:\\\/\\\/www.fundacionmdp.org\\\/ca\\\/que-es-el-barem-de-mobilitat-reduida\\\/#article\",\"isPartOf\":{\"@id\":\"https:\\\/\\\/www.fundacionmdp.org\\\/ca\\\/que-es-el-barem-de-mobilitat-reduida\\\/\"},\"author\":{\"name\":\"fundacionmdp\",\"@id\":\"https:\\\/\\\/www.fundacionmdp.org\\\/#\\\/schema\\\/person\\\/12f9af801cac25dfcb5a96cb0090f703\"},\"headline\":\"Qu\u00e8 \u00e9s el barem de mobilitat redu\u00efda?\",\"datePublished\":\"2019-09-16T10:26:07+00:00\",\"dateModified\":\"2024-10-22T10:08:55+00:00\",\"mainEntityOfPage\":{\"@id\":\"https:\\\/\\\/www.fundacionmdp.org\\\/ca\\\/que-es-el-barem-de-mobilitat-reduida\\\/\"},\"wordCount\":644,\"commentCount\":0,\"publisher\":{\"@id\":\"https:\\\/\\\/www.fundacionmdp.org\\\/#organization\"},\"image\":{\"@id\":\"https:\\\/\\\/www.fundacionmdp.org\\\/ca\\\/que-es-el-barem-de-mobilitat-reduida\\\/#primaryimage\"},\"thumbnailUrl\":\"https:\\\/\\\/www.fundacionmdp.org\\\/wp-content\\\/uploads\\\/2019\\\/09\\\/movilidad.jpg\",\"articleSection\":[\"Sin categorizar\"],\"inLanguage\":\"ca\",\"potentialAction\":[{\"@type\":\"CommentAction\",\"name\":\"Comment\",\"target\":[\"https:\\\/\\\/www.fundacionmdp.org\\\/ca\\\/que-es-el-barem-de-mobilitat-reduida\\\/#respond\"]}]},{\"@type\":\"WebPage\",\"@id\":\"https:\\\/\\\/www.fundacionmdp.org\\\/ca\\\/que-es-el-barem-de-mobilitat-reduida\\\/\",\"url\":\"https:\\\/\\\/www.fundacionmdp.org\\\/ca\\\/que-es-el-barem-de-mobilitat-reduida\\\/\",\"name\":\"Qu\u00e8 \u00e9s el barem de mobilitat redu\u00efda? - Fundaci\u00f3n Mutua de Propietarios\",\"isPartOf\":{\"@id\":\"https:\\\/\\\/www.fundacionmdp.org\\\/#website\"},\"primaryImageOfPage\":{\"@id\":\"https:\\\/\\\/www.fundacionmdp.org\\\/ca\\\/que-es-el-barem-de-mobilitat-reduida\\\/#primaryimage\"},\"image\":{\"@id\":\"https:\\\/\\\/www.fundacionmdp.org\\\/ca\\\/que-es-el-barem-de-mobilitat-reduida\\\/#primaryimage\"},\"thumbnailUrl\":\"https:\\\/\\\/www.fundacionmdp.org\\\/wp-content\\\/uploads\\\/2019\\\/09\\\/movilidad.jpg\",\"datePublished\":\"2019-09-16T10:26:07+00:00\",\"dateModified\":\"2024-10-22T10:08:55+00:00\",\"breadcrumb\":{\"@id\":\"https:\\\/\\\/www.fundacionmdp.org\\\/ca\\\/que-es-el-barem-de-mobilitat-reduida\\\/#breadcrumb\"},\"inLanguage\":\"ca\",\"potentialAction\":[{\"@type\":\"ReadAction\",\"target\":[\"https:\\\/\\\/www.fundacionmdp.org\\\/ca\\\/que-es-el-barem-de-mobilitat-reduida\\\/\"]}]},{\"@type\":\"ImageObject\",\"inLanguage\":\"ca\",\"@id\":\"https:\\\/\\\/www.fundacionmdp.org\\\/ca\\\/que-es-el-barem-de-mobilitat-reduida\\\/#primaryimage\",\"url\":\"https:\\\/\\\/www.fundacionmdp.org\\\/wp-content\\\/uploads\\\/2019\\\/09\\\/movilidad.jpg\",\"contentUrl\":\"https:\\\/\\\/www.fundacionmdp.org\\\/wp-content\\\/uploads\\\/2019\\\/09\\\/movilidad.jpg\",\"width\":1000,\"height\":667},{\"@type\":\"BreadcrumbList\",\"@id\":\"https:\\\/\\\/www.fundacionmdp.org\\\/ca\\\/que-es-el-barem-de-mobilitat-reduida\\\/#breadcrumb\",\"itemListElement\":[{\"@type\":\"ListItem\",\"position\":1,\"name\":\"Home\",\"item\":\"https:\\\/\\\/www.fundacionmdp.org\\\/ca\\\/\"},{\"@type\":\"ListItem\",\"position\":2,\"name\":\"Qu\u00e8 \u00e9s el barem de mobilitat redu\u00efda?\"}]},{\"@type\":\"WebSite\",\"@id\":\"https:\\\/\\\/www.fundacionmdp.org\\\/#website\",\"url\":\"https:\\\/\\\/www.fundacionmdp.org\\\/\",\"name\":\"Fundaci\u00f3n Mutua de Propietarios\",\"description\":\"En la Fundaci\u00f3n Mutua de Propietarios te ayudamos a convertir tu edificio de viviendas en un espacio sin barreras arquitect\u00f3nicas.\",\"publisher\":{\"@id\":\"https:\\\/\\\/www.fundacionmdp.org\\\/#organization\"},\"potentialAction\":[{\"@type\":\"SearchAction\",\"target\":{\"@type\":\"EntryPoint\",\"urlTemplate\":\"https:\\\/\\\/www.fundacionmdp.org\\\/?s={search_term_string}\"},\"query-input\":{\"@type\":\"PropertyValueSpecification\",\"valueRequired\":true,\"valueName\":\"search_term_string\"}}],\"inLanguage\":\"ca\"},{\"@type\":\"Organization\",\"@id\":\"https:\\\/\\\/www.fundacionmdp.org\\\/#organization\",\"name\":\"Fundaci\u00f3n Mutua de Propietarios\",\"url\":\"https:\\\/\\\/www.fundacionmdp.org\\\/\",\"logo\":{\"@type\":\"ImageObject\",\"inLanguage\":\"ca\",\"@id\":\"https:\\\/\\\/www.fundacionmdp.org\\\/#\\\/schema\\\/logo\\\/image\\\/\",\"url\":\"https:\\\/\\\/www.fundacionmdp.org\\\/wp-content\\\/uploads\\\/2023\\\/05\\\/logo_FMdP_cat.png\",\"contentUrl\":\"https:\\\/\\\/www.fundacionmdp.org\\\/wp-content\\\/uploads\\\/2023\\\/05\\\/logo_FMdP_cat.png\",\"width\":655,\"height\":297,\"caption\":\"Fundaci\u00f3n Mutua de Propietarios\"},\"image\":{\"@id\":\"https:\\\/\\\/www.fundacionmdp.org\\\/#\\\/schema\\\/logo\\\/image\\\/\"}},{\"@type\":\"Person\",\"@id\":\"https:\\\/\\\/www.fundacionmdp.org\\\/#\\\/schema\\\/person\\\/12f9af801cac25dfcb5a96cb0090f703\",\"name\":\"fundacionmdp\",\"image\":{\"@type\":\"ImageObject\",\"inLanguage\":\"ca\",\"@id\":\"https:\\\/\\\/secure.gravatar.com\\\/avatar\\\/b540f93d1816a14d85e51109d050c3243b98fb660a665f517a6d2597cff3bbed?s=96&d=mm&r=g\",\"url\":\"https:\\\/\\\/secure.gravatar.com\\\/avatar\\\/b540f93d1816a14d85e51109d050c3243b98fb660a665f517a6d2597cff3bbed?s=96&d=mm&r=g\",\"contentUrl\":\"https:\\\/\\\/secure.gravatar.com\\\/avatar\\\/b540f93d1816a14d85e51109d050c3243b98fb660a665f517a6d2597cff3bbed?s=96&d=mm&r=g\",\"caption\":\"fundacionmdp\"},\"sameAs\":[\"http:\\\/\\\/prezuk.com.mialias.net\\\/fundacionmdp\"],\"url\":\"https:\\\/\\\/www.fundacionmdp.org\\\/ca\\\/author\\\/fundacionmdp\\\/\"}]}<\/script>\n<!-- \/ Yoast SEO plugin. -->","yoast_head_json":{"title":"Qu\u00e8 \u00e9s el barem de mobilitat redu\u00efda? - Fundaci\u00f3n Mutua de Propietarios","robots":{"index":"index","follow":"follow","max-snippet":"max-snippet:-1","max-image-preview":"max-image-preview:large","max-video-preview":"max-video-preview:-1"},"canonical":"https:\/\/www.fundacionmdp.org\/ca\/que-es-el-barem-de-mobilitat-reduida\/","og_locale":"ca_ES","og_type":"article","og_title":"Qu\u00e8 \u00e9s el barem de mobilitat redu\u00efda? - Fundaci\u00f3n Mutua de Propietarios","og_description":"El barem de Mobilitat redu\u00efda determina el grau de capacitat motriu que t\u00e9 una persona amb discapacitat mitjan\u00e7ant una puntuaci\u00f3 estimada per l\u2019Administraci\u00f3. Aquest Barem de Mobilitat \u00e9s necessari per adquirir el Certificat de Discapacitat, que permet a les persones amb discapacitat beneficiar-se de les prestacions tant locals, com auton\u00f2miques o estatals. A partir d\u2019un\u00a0 [&hellip;]","og_url":"https:\/\/www.fundacionmdp.org\/ca\/que-es-el-barem-de-mobilitat-reduida\/","og_site_name":"Fundaci\u00f3n Mutua de Propietarios","article_published_time":"2019-09-16T10:26:07+00:00","article_modified_time":"2024-10-22T10:08:55+00:00","og_image":[{"width":1000,"height":667,"url":"https:\/\/www.fundacionmdp.org\/wp-content\/uploads\/2019\/09\/movilidad.jpg","type":"image\/jpeg"}],"author":"fundacionmdp","twitter_card":"summary_large_image","twitter_misc":{"Escrit per":"fundacionmdp","Temps estimat de lectura":"3 minuts"},"schema":{"@context":"https:\/\/schema.org","@graph":[{"@type":"Article","@id":"https:\/\/www.fundacionmdp.org\/ca\/que-es-el-barem-de-mobilitat-reduida\/#article","isPartOf":{"@id":"https:\/\/www.fundacionmdp.org\/ca\/que-es-el-barem-de-mobilitat-reduida\/"},"author":{"name":"fundacionmdp","@id":"https:\/\/www.fundacionmdp.org\/#\/schema\/person\/12f9af801cac25dfcb5a96cb0090f703"},"headline":"Qu\u00e8 \u00e9s el barem de mobilitat redu\u00efda?","datePublished":"2019-09-16T10:26:07+00:00","dateModified":"2024-10-22T10:08:55+00:00","mainEntityOfPage":{"@id":"https:\/\/www.fundacionmdp.org\/ca\/que-es-el-barem-de-mobilitat-reduida\/"},"wordCount":644,"commentCount":0,"publisher":{"@id":"https:\/\/www.fundacionmdp.org\/#organization"},"image":{"@id":"https:\/\/www.fundacionmdp.org\/ca\/que-es-el-barem-de-mobilitat-reduida\/#primaryimage"},"thumbnailUrl":"https:\/\/www.fundacionmdp.org\/wp-content\/uploads\/2019\/09\/movilidad.jpg","articleSection":["Sin categorizar"],"inLanguage":"ca","potentialAction":[{"@type":"CommentAction","name":"Comment","target":["https:\/\/www.fundacionmdp.org\/ca\/que-es-el-barem-de-mobilitat-reduida\/#respond"]}]},{"@type":"WebPage","@id":"https:\/\/www.fundacionmdp.org\/ca\/que-es-el-barem-de-mobilitat-reduida\/","url":"https:\/\/www.fundacionmdp.org\/ca\/que-es-el-barem-de-mobilitat-reduida\/","name":"Qu\u00e8 \u00e9s el barem de mobilitat redu\u00efda? - Fundaci\u00f3n Mutua de Propietarios","isPartOf":{"@id":"https:\/\/www.fundacionmdp.org\/#website"},"primaryImageOfPage":{"@id":"https:\/\/www.fundacionmdp.org\/ca\/que-es-el-barem-de-mobilitat-reduida\/#primaryimage"},"image":{"@id":"https:\/\/www.fundacionmdp.org\/ca\/que-es-el-barem-de-mobilitat-reduida\/#primaryimage"},"thumbnailUrl":"https:\/\/www.fundacionmdp.org\/wp-content\/uploads\/2019\/09\/movilidad.jpg","datePublished":"2019-09-16T10:26:07+00:00","dateModified":"2024-10-22T10:08:55+00:00","breadcrumb":{"@id":"https:\/\/www.fundacionmdp.org\/ca\/que-es-el-barem-de-mobilitat-reduida\/#breadcrumb"},"inLanguage":"ca","potentialAction":[{"@type":"ReadAction","target":["https:\/\/www.fundacionmdp.org\/ca\/que-es-el-barem-de-mobilitat-reduida\/"]}]},{"@type":"ImageObject","inLanguage":"ca","@id":"https:\/\/www.fundacionmdp.org\/ca\/que-es-el-barem-de-mobilitat-reduida\/#primaryimage","url":"https:\/\/www.fundacionmdp.org\/wp-content\/uploads\/2019\/09\/movilidad.jpg","contentUrl":"https:\/\/www.fundacionmdp.org\/wp-content\/uploads\/2019\/09\/movilidad.jpg","width":1000,"height":667},{"@type":"BreadcrumbList","@id":"https:\/\/www.fundacionmdp.org\/ca\/que-es-el-barem-de-mobilitat-reduida\/#breadcrumb","itemListElement":[{"@type":"ListItem","position":1,"name":"Home","item":"https:\/\/www.fundacionmdp.org\/ca\/"},{"@type":"ListItem","position":2,"name":"Qu\u00e8 \u00e9s el barem de mobilitat redu\u00efda?"}]},{"@type":"WebSite","@id":"https:\/\/www.fundacionmdp.org\/#website","url":"https:\/\/www.fundacionmdp.org\/","name":"Fundaci\u00f3n Mutua de Propietarios","description":"En la Fundaci\u00f3n Mutua de Propietarios te ayudamos a convertir tu edificio de viviendas en un espacio sin barreras arquitect\u00f3nicas.","publisher":{"@id":"https:\/\/www.fundacionmdp.org\/#organization"},"potentialAction":[{"@type":"SearchAction","target":{"@type":"EntryPoint","urlTemplate":"https:\/\/www.fundacionmdp.org\/?s={search_term_string}"},"query-input":{"@type":"PropertyValueSpecification","valueRequired":true,"valueName":"search_term_string"}}],"inLanguage":"ca"},{"@type":"Organization","@id":"https:\/\/www.fundacionmdp.org\/#organization","name":"Fundaci\u00f3n Mutua de Propietarios","url":"https:\/\/www.fundacionmdp.org\/","logo":{"@type":"ImageObject","inLanguage":"ca","@id":"https:\/\/www.fundacionmdp.org\/#\/schema\/logo\/image\/","url":"https:\/\/www.fundacionmdp.org\/wp-content\/uploads\/2023\/05\/logo_FMdP_cat.png","contentUrl":"https:\/\/www.fundacionmdp.org\/wp-content\/uploads\/2023\/05\/logo_FMdP_cat.png","width":655,"height":297,"caption":"Fundaci\u00f3n Mutua de Propietarios"},"image":{"@id":"https:\/\/www.fundacionmdp.org\/#\/schema\/logo\/image\/"}},{"@type":"Person","@id":"https:\/\/www.fundacionmdp.org\/#\/schema\/person\/12f9af801cac25dfcb5a96cb0090f703","name":"fundacionmdp","image":{"@type":"ImageObject","inLanguage":"ca","@id":"https:\/\/secure.gravatar.com\/avatar\/b540f93d1816a14d85e51109d050c3243b98fb660a665f517a6d2597cff3bbed?s=96&d=mm&r=g","url":"https:\/\/secure.gravatar.com\/avatar\/b540f93d1816a14d85e51109d050c3243b98fb660a665f517a6d2597cff3bbed?s=96&d=mm&r=g","contentUrl":"https:\/\/secure.gravatar.com\/avatar\/b540f93d1816a14d85e51109d050c3243b98fb660a665f517a6d2597cff3bbed?s=96&d=mm&r=g","caption":"fundacionmdp"},"sameAs":["http:\/\/prezuk.com.mialias.net\/fundacionmdp"],"url":"https:\/\/www.fundacionmdp.org\/ca\/author\/fundacionmdp\/"}]}},"_links":{"self":[{"href":"https:\/\/www.fundacionmdp.org\/ca\/wp-json\/wp\/v2\/posts\/3832","targetHints":{"allow":["GET"]}}],"collection":[{"href":"https:\/\/www.fundacionmdp.org\/ca\/wp-json\/wp\/v2\/posts"}],"about":[{"href":"https:\/\/www.fundacionmdp.org\/ca\/wp-json\/wp\/v2\/types\/post"}],"author":[{"embeddable":true,"href":"https:\/\/www.fundacionmdp.org\/ca\/wp-json\/wp\/v2\/users\/1"}],"replies":[{"embeddable":true,"href":"https:\/\/www.fundacionmdp.org\/ca\/wp-json\/wp\/v2\/comments?post=3832"}],"version-history":[{"count":3,"href":"https:\/\/www.fundacionmdp.org\/ca\/wp-json\/wp\/v2\/posts\/3832\/revisions"}],"predecessor-version":[{"id":10201,"href":"https:\/\/www.fundacionmdp.org\/ca\/wp-json\/wp\/v2\/posts\/3832\/revisions\/10201"}],"wp:featuredmedia":[{"embeddable":true,"href":"https:\/\/www.fundacionmdp.org\/ca\/wp-json\/wp\/v2\/media\/6973"}],"wp:attachment":[{"href":"https:\/\/www.fundacionmdp.org\/ca\/wp-json\/wp\/v2\/media?parent=3832"}],"wp:term":[{"taxonomy":"category","embeddable":true,"href":"https:\/\/www.fundacionmdp.org\/ca\/wp-json\/wp\/v2\/categories?post=3832"},{"taxonomy":"post_tag","embeddable":true,"href":"https:\/\/www.fundacionmdp.org\/ca\/wp-json\/wp\/v2\/tags?post=3832"}],"curies":[{"name":"wp","href":"https:\/\/api.w.org\/{rel}","templated":true}]}}