{"id":3835,"date":"2019-10-08T16:22:12","date_gmt":"2019-10-08T16:22:12","guid":{"rendered":"https:\/\/www.fundacionmdp.org\/?p=3835"},"modified":"2023-05-15T09:16:55","modified_gmt":"2023-05-15T09:16:55","slug":"les-ajudes-tecniques-per-les-persones-amb-mobilitat-reduida","status":"publish","type":"post","link":"https:\/\/www.fundacionmdp.org\/ca\/les-ajudes-tecniques-per-les-persones-amb-mobilitat-reduida\/","title":{"rendered":"Les ajudes t\u00e8cniques per les persones amb mobilitat redu\u00efda"},"content":{"rendered":"<p><span style=\"font-weight: 400;\">Actualment, <\/span><b>les ajudes t\u00e8cniques s\u00f3n necess\u00e0ries per compensar una limitaci\u00f3 i no necessitar aix\u00ed d\u2019assist\u00e8ncia.<\/b><span style=\"font-weight: 400;\"> Aquestes ajudes t\u00e8cniques estan destinades a persones grans o persones amb algun problema de mobilitat, \u00e9s a dir, persones dependents. A continuaci\u00f3, parlem de quines s\u00f3n aquestes ajudes t\u00e8cniques per les persones amb mobilitat redu\u00efda que els hi permetin augmentar la seva autonomia i independ\u00e8ncia en les seves tasques del dia a dia.<\/span><\/p>\n<h2><span style=\"font-weight: 400;\">Ajudes t\u00e8cniques per les persones amb mobilitat redu\u00efda<\/span><\/h2>\n<p><span style=\"font-weight: 400;\"><img fetchpriority=\"high\" decoding=\"async\" class=\"size-medium wp-image-3805 alignleft\" src=\"http:\/\/prezuk.com.mialias.net\/fundacionmdp\/wp-content\/uploads\/2023\/05\/action-daylight-disability-1568804-scaled.jpg\" alt=\"\" width=\"300\" height=\"200\">Les ajudes t\u00e8cniques s\u00f3n aquells sistemes o productes que es fabriquen exclusivament <\/span><b>pensant en resoldre una barrera per les persones amb discapacitat o mobilitat redu\u00efda. <\/b><span style=\"font-weight: 400;\">Gr\u00e0cies a aquest tipus d\u2019ajudes, i sempre i quan s\u2019adaptin a la persona i a la seva barrera concreta, \u00e9s possible <\/span><b>realitzar taques quotidianes<\/b><span style=\"font-weight: 400;\"> que sense les ajudes o dispositius de recolzament, serien molt dif\u00edcils de realitzar. D\u2019aquesta manera, \u00e9s possible garantir una bona <\/span><b>qualitat de vida <\/b><span style=\"font-weight: 400;\">per les persones, en aquest cas concret, amb mobilitat redu\u00efda, a m\u00e9s de la seva independ\u00e8ncia i autonomia a la vida di\u00e0ria.<\/span><\/p>\n<p>&nbsp;<\/p>\n<p><span style=\"font-weight: 400;\">Per tant, les ajudes t\u00e8cniques m\u00e9s freq\u00fcents per les persones amb mobilitat redu\u00efda s\u00f3n les seg\u00fcents:<\/span><\/p>\n<ul>\n<li style=\"font-weight: 400;\"><span style=\"font-weight: 400;\">Aquelles <\/span><b>ajudes per la neteja i la cura personal<\/b><span style=\"font-weight: 400;\">, on trobem multitud de productes que permetin a la persona realitzar la seva rutina de neteja di\u00e0ria de forma senzilla. En aquest cas, podem parlar d\u2019esponges de m\u00e0nec llarg flexible, que permet netejar-se les zones de m\u00e9s dif\u00edcil acc\u00e9s. Tamb\u00e9 entren en aquesta categoria els aplicadors, tant de xamp\u00fa com de crema, que gr\u00e0cies a un m\u00e0nec extensible \u00e9s possible utilitzar-lo de forma c\u00f2mode. El tallaungles adaptat, tant per mans com per peus, fa que la feina de tallar-se les ungles no resulti una activitat complicada. No nom\u00e9s els elements extensibles es troben en aquest apartat, sin\u00f3 que podem trobar altres ajudes t\u00e8cniques com les que permeten elevar el v\u00e0ter per facilitar l\u2019accessibilitat.<\/span><\/li>\n<li style=\"font-weight: 400;\"><span style=\"font-weight: 400;\">Les <\/span><b>ajudes per garantir la mobilitat<\/b><span style=\"font-weight: 400;\"> com els bastons, les cadires que permeten les transfer\u00e8ncies a certs llocs amb barreres arquitect\u00f2niques, les plataformes elevadores (de la mateixa manera que les cadires salva-escales o els ascensors) o els caminadors. Tot all\u00f2 que permet la mobilitat i l\u2019acc\u00e9s a qualsevol lloc, encara que certes ajudes t\u00e8cniques com els salva-escales requereixin d\u2019instal\u00b7laci\u00f3. Tamb\u00e9 existeixen algunes ajudes t\u00e8cniques, que encara menys conegudes, poden ser de gran ajuda en ocasions determinades, com les bicicletes adaptades (es maneguen amb els bra\u00e7os), motos el\u00e8ctriques o cadires adaptades per la platja.<\/span><\/li>\n<li style=\"font-weight: 400;\"><span style=\"font-weight: 400;\">Les <\/span><b>ajudes t\u00e8cniques per la llar<\/b><span style=\"font-weight: 400;\"> s\u00f3n productes que permeten a una persona amb mobilitat redu\u00efda valer-se per s\u00ed mateixa a l\u2019hora de realitzar algunes tasques que requeriran anteriorment de supervisi\u00f3 o assist\u00e8ncia. Alguns dels exemples les ajudes t\u00e8cniques per l\u2019habitatge s\u00f3n per exemple els giradors de les aixetes, que faciliten el proc\u00e9s d\u2019obrir i tancar aixetes, a m\u00e9s d\u2019allargar el m\u00e0nec dels mateixos. \u00c9s molt com\u00fa trobar giradors per m\u00faltiples dispositius i llocs de l\u2019habitatge, al igual que les cadires especials per la dutxa o barres i nanses pel bany. Tamb\u00e9 es poden trobar ajudes t\u00e8cniques per altres est\u00e0ncies de la llar, com cal\u00e7adors adaptats.<\/span><\/li>\n<li style=\"font-weight: 400;\"><span style=\"font-weight: 400;\">Les <\/span><b>ajudes per la comunicaci\u00f3 <\/b><span style=\"font-weight: 400;\">tamb\u00e9 s\u00f3n molt importants, ja que permeten a les persones amb mobilitat redu\u00efda seguir relacionant-se de maneres diferents. Aix\u00ed, existeixen productes especials per escriure a m\u00e0, punters per l\u2019ordinador o ratolins adaptats. En general, aquells aparells que permetin l\u2019adaptaci\u00f3 a diferents sistemes.<\/span><\/li>\n<\/ul>\n","protected":false},"excerpt":{"rendered":"<p>Actualment, les ajudes t\u00e8cniques s\u00f3n necess\u00e0ries per compensar una limitaci\u00f3 i no necessitar aix\u00ed d\u2019assist\u00e8ncia. Aquestes ajudes t\u00e8cniques estan destinades a persones grans o persones amb algun problema de mobilitat, \u00e9s a dir, persones dependents. A continuaci\u00f3, parlem de quines s\u00f3n aquestes ajudes t\u00e8cniques per les persones amb mobilitat redu\u00efda que els hi permetin augmentar [&hellip;]<\/p>\n","protected":false},"author":1,"featured_media":6979,"comment_status":"open","ping_status":"open","sticky":false,"template":"","format":"standard","meta":{"_acf_changed":false,"ocean_post_layout":"","ocean_both_sidebars_style":"","ocean_both_sidebars_content_width":0,"ocean_both_sidebars_sidebars_width":0,"ocean_sidebar":"0","ocean_second_sidebar":"0","ocean_disable_margins":"enable","ocean_add_body_class":"","ocean_shortcode_before_top_bar":"","ocean_shortcode_after_top_bar":"","ocean_shortcode_before_header":"","ocean_shortcode_after_header":"","ocean_has_shortcode":"","ocean_shortcode_after_title":"","ocean_shortcode_before_footer_widgets":"","ocean_shortcode_after_footer_widgets":"","ocean_shortcode_before_footer_bottom":"","ocean_shortcode_after_footer_bottom":"","ocean_display_top_bar":"default","ocean_display_header":"default","ocean_header_style":"","ocean_center_header_left_menu":"0","ocean_custom_header_template":"0","ocean_custom_logo":0,"ocean_custom_retina_logo":0,"ocean_custom_logo_max_width":0,"ocean_custom_logo_tablet_max_width":0,"ocean_custom_logo_mobile_max_width":0,"ocean_custom_logo_max_height":0,"ocean_custom_logo_tablet_max_height":0,"ocean_custom_logo_mobile_max_height":0,"ocean_header_custom_menu":"0","ocean_menu_typo_font_family":"0","ocean_menu_typo_font_subset":"","ocean_menu_typo_font_size":0,"ocean_menu_typo_font_size_tablet":0,"ocean_menu_typo_font_size_mobile":0,"ocean_menu_typo_font_size_unit":"px","ocean_menu_typo_font_weight":"","ocean_menu_typo_font_weight_tablet":"","ocean_menu_typo_font_weight_mobile":"","ocean_menu_typo_transform":"","ocean_menu_typo_transform_tablet":"","ocean_menu_typo_transform_mobile":"","ocean_menu_typo_line_height":0,"ocean_menu_typo_line_height_tablet":0,"ocean_menu_typo_line_height_mobile":0,"ocean_menu_typo_line_height_unit":"","ocean_menu_typo_spacing":0,"ocean_menu_typo_spacing_tablet":0,"ocean_menu_typo_spacing_mobile":0,"ocean_menu_typo_spacing_unit":"","ocean_menu_link_color":"","ocean_menu_link_color_hover":"","ocean_menu_link_color_active":"","ocean_menu_link_background":"","ocean_menu_link_hover_background":"","ocean_menu_link_active_background":"","ocean_menu_social_links_bg":"","ocean_menu_social_hover_links_bg":"","ocean_menu_social_links_color":"","ocean_menu_social_hover_links_color":"","ocean_disable_title":"default","ocean_disable_heading":"default","ocean_post_title":"","ocean_post_subheading":"","ocean_post_title_style":"","ocean_post_title_background_color":"","ocean_post_title_background":0,"ocean_post_title_bg_image_position":"","ocean_post_title_bg_image_attachment":"","ocean_post_title_bg_image_repeat":"","ocean_post_title_bg_image_size":"","ocean_post_title_height":0,"ocean_post_title_bg_overlay":0.5,"ocean_post_title_bg_overlay_color":"","ocean_disable_breadcrumbs":"default","ocean_breadcrumbs_color":"","ocean_breadcrumbs_separator_color":"","ocean_breadcrumbs_links_color":"","ocean_breadcrumbs_links_hover_color":"","ocean_display_footer_widgets":"default","ocean_display_footer_bottom":"default","ocean_custom_footer_template":"0","ocean_post_oembed":"","ocean_post_self_hosted_media":"","ocean_post_video_embed":"","ocean_link_format":"","ocean_link_format_target":"self","ocean_quote_format":"","ocean_quote_format_link":"post","ocean_gallery_link_images":"off","ocean_gallery_id":[],"footnotes":""},"categories":[1],"tags":[],"class_list":["post-3835","post","type-post","status-publish","format-standard","has-post-thumbnail","hentry","category-sin-categorizar","entry","has-media"],"acf":[],"yoast_head":"<!-- This site is optimized with the Yoast SEO plugin v27.3 - https:\/\/yoast.com\/product\/yoast-seo-wordpress\/ -->\n<title>Les ajudes t\u00e8cniques per les persones amb mobilitat redu\u00efda - Fundaci\u00f3n Mutua de Propietarios<\/title>\n<meta name=\"robots\" content=\"index, follow, max-snippet:-1, max-image-preview:large, max-video-preview:-1\" \/>\n<link rel=\"canonical\" href=\"https:\/\/www.fundacionmdp.org\/ca\/les-ajudes-tecniques-per-les-persones-amb-mobilitat-reduida\/\" \/>\n<meta property=\"og:locale\" content=\"ca_ES\" \/>\n<meta property=\"og:type\" content=\"article\" \/>\n<meta property=\"og:title\" content=\"Les ajudes t\u00e8cniques per les persones amb mobilitat redu\u00efda - Fundaci\u00f3n Mutua de Propietarios\" \/>\n<meta property=\"og:description\" content=\"Actualment, les ajudes t\u00e8cniques s\u00f3n necess\u00e0ries per compensar una limitaci\u00f3 i no necessitar aix\u00ed d\u2019assist\u00e8ncia. Aquestes ajudes t\u00e8cniques estan destinades a persones grans o persones amb algun problema de mobilitat, \u00e9s a dir, persones dependents. A continuaci\u00f3, parlem de quines s\u00f3n aquestes ajudes t\u00e8cniques per les persones amb mobilitat redu\u00efda que els hi permetin augmentar [&hellip;]\" \/>\n<meta property=\"og:url\" content=\"https:\/\/www.fundacionmdp.org\/ca\/les-ajudes-tecniques-per-les-persones-amb-mobilitat-reduida\/\" \/>\n<meta property=\"og:site_name\" content=\"Fundaci\u00f3n Mutua de Propietarios\" \/>\n<meta property=\"article:published_time\" content=\"2019-10-08T16:22:12+00:00\" \/>\n<meta property=\"article:modified_time\" content=\"2023-05-15T09:16:55+00:00\" \/>\n<meta property=\"og:image\" content=\"https:\/\/www.fundacionmdp.org\/wp-content\/uploads\/2023\/05\/action-daylight-disability-1568804-scaled.jpg\" \/>\n\t<meta property=\"og:image:width\" content=\"2560\" \/>\n\t<meta property=\"og:image:height\" content=\"1706\" \/>\n\t<meta property=\"og:image:type\" content=\"image\/jpeg\" \/>\n<meta name=\"author\" content=\"fundacionmdp\" \/>\n<meta name=\"twitter:card\" content=\"summary_large_image\" \/>\n<meta name=\"twitter:label1\" content=\"Escrit per\" \/>\n\t<meta name=\"twitter:data1\" content=\"fundacionmdp\" \/>\n\t<meta name=\"twitter:label2\" content=\"Temps estimat de lectura\" \/>\n\t<meta name=\"twitter:data2\" content=\"3 minuts\" \/>\n<script type=\"application\/ld+json\" class=\"yoast-schema-graph\">{\"@context\":\"https:\\\/\\\/schema.org\",\"@graph\":[{\"@type\":\"Article\",\"@id\":\"https:\\\/\\\/www.fundacionmdp.org\\\/ca\\\/les-ajudes-tecniques-per-les-persones-amb-mobilitat-reduida\\\/#article\",\"isPartOf\":{\"@id\":\"https:\\\/\\\/www.fundacionmdp.org\\\/ca\\\/les-ajudes-tecniques-per-les-persones-amb-mobilitat-reduida\\\/\"},\"author\":{\"name\":\"fundacionmdp\",\"@id\":\"https:\\\/\\\/www.fundacionmdp.org\\\/#\\\/schema\\\/person\\\/12f9af801cac25dfcb5a96cb0090f703\"},\"headline\":\"Les ajudes t\u00e8cniques per les persones amb mobilitat redu\u00efda\",\"datePublished\":\"2019-10-08T16:22:12+00:00\",\"dateModified\":\"2023-05-15T09:16:55+00:00\",\"mainEntityOfPage\":{\"@id\":\"https:\\\/\\\/www.fundacionmdp.org\\\/ca\\\/les-ajudes-tecniques-per-les-persones-amb-mobilitat-reduida\\\/\"},\"wordCount\":641,\"commentCount\":0,\"publisher\":{\"@id\":\"https:\\\/\\\/www.fundacionmdp.org\\\/#organization\"},\"image\":{\"@id\":\"https:\\\/\\\/www.fundacionmdp.org\\\/ca\\\/les-ajudes-tecniques-per-les-persones-amb-mobilitat-reduida\\\/#primaryimage\"},\"thumbnailUrl\":\"https:\\\/\\\/www.fundacionmdp.org\\\/wp-content\\\/uploads\\\/2023\\\/05\\\/action-daylight-disability-1568804-scaled.jpg\",\"articleSection\":[\"Sin categorizar\"],\"inLanguage\":\"ca\",\"potentialAction\":[{\"@type\":\"CommentAction\",\"name\":\"Comment\",\"target\":[\"https:\\\/\\\/www.fundacionmdp.org\\\/ca\\\/les-ajudes-tecniques-per-les-persones-amb-mobilitat-reduida\\\/#respond\"]}]},{\"@type\":\"WebPage\",\"@id\":\"https:\\\/\\\/www.fundacionmdp.org\\\/ca\\\/les-ajudes-tecniques-per-les-persones-amb-mobilitat-reduida\\\/\",\"url\":\"https:\\\/\\\/www.fundacionmdp.org\\\/ca\\\/les-ajudes-tecniques-per-les-persones-amb-mobilitat-reduida\\\/\",\"name\":\"Les ajudes t\u00e8cniques per les persones amb mobilitat redu\u00efda - Fundaci\u00f3n Mutua de Propietarios\",\"isPartOf\":{\"@id\":\"https:\\\/\\\/www.fundacionmdp.org\\\/#website\"},\"primaryImageOfPage\":{\"@id\":\"https:\\\/\\\/www.fundacionmdp.org\\\/ca\\\/les-ajudes-tecniques-per-les-persones-amb-mobilitat-reduida\\\/#primaryimage\"},\"image\":{\"@id\":\"https:\\\/\\\/www.fundacionmdp.org\\\/ca\\\/les-ajudes-tecniques-per-les-persones-amb-mobilitat-reduida\\\/#primaryimage\"},\"thumbnailUrl\":\"https:\\\/\\\/www.fundacionmdp.org\\\/wp-content\\\/uploads\\\/2023\\\/05\\\/action-daylight-disability-1568804-scaled.jpg\",\"datePublished\":\"2019-10-08T16:22:12+00:00\",\"dateModified\":\"2023-05-15T09:16:55+00:00\",\"breadcrumb\":{\"@id\":\"https:\\\/\\\/www.fundacionmdp.org\\\/ca\\\/les-ajudes-tecniques-per-les-persones-amb-mobilitat-reduida\\\/#breadcrumb\"},\"inLanguage\":\"ca\",\"potentialAction\":[{\"@type\":\"ReadAction\",\"target\":[\"https:\\\/\\\/www.fundacionmdp.org\\\/ca\\\/les-ajudes-tecniques-per-les-persones-amb-mobilitat-reduida\\\/\"]}]},{\"@type\":\"ImageObject\",\"inLanguage\":\"ca\",\"@id\":\"https:\\\/\\\/www.fundacionmdp.org\\\/ca\\\/les-ajudes-tecniques-per-les-persones-amb-mobilitat-reduida\\\/#primaryimage\",\"url\":\"https:\\\/\\\/www.fundacionmdp.org\\\/wp-content\\\/uploads\\\/2023\\\/05\\\/action-daylight-disability-1568804-scaled.jpg\",\"contentUrl\":\"https:\\\/\\\/www.fundacionmdp.org\\\/wp-content\\\/uploads\\\/2023\\\/05\\\/action-daylight-disability-1568804-scaled.jpg\",\"width\":2560,\"height\":1706},{\"@type\":\"BreadcrumbList\",\"@id\":\"https:\\\/\\\/www.fundacionmdp.org\\\/ca\\\/les-ajudes-tecniques-per-les-persones-amb-mobilitat-reduida\\\/#breadcrumb\",\"itemListElement\":[{\"@type\":\"ListItem\",\"position\":1,\"name\":\"Home\",\"item\":\"https:\\\/\\\/www.fundacionmdp.org\\\/ca\\\/\"},{\"@type\":\"ListItem\",\"position\":2,\"name\":\"Les ajudes t\u00e8cniques per les persones amb mobilitat redu\u00efda\"}]},{\"@type\":\"WebSite\",\"@id\":\"https:\\\/\\\/www.fundacionmdp.org\\\/#website\",\"url\":\"https:\\\/\\\/www.fundacionmdp.org\\\/\",\"name\":\"Fundaci\u00f3n Mutua de Propietarios\",\"description\":\"En la Fundaci\u00f3n Mutua de Propietarios te ayudamos a convertir tu edificio de viviendas en un espacio sin barreras arquitect\u00f3nicas.\",\"publisher\":{\"@id\":\"https:\\\/\\\/www.fundacionmdp.org\\\/#organization\"},\"potentialAction\":[{\"@type\":\"SearchAction\",\"target\":{\"@type\":\"EntryPoint\",\"urlTemplate\":\"https:\\\/\\\/www.fundacionmdp.org\\\/?s={search_term_string}\"},\"query-input\":{\"@type\":\"PropertyValueSpecification\",\"valueRequired\":true,\"valueName\":\"search_term_string\"}}],\"inLanguage\":\"ca\"},{\"@type\":\"Organization\",\"@id\":\"https:\\\/\\\/www.fundacionmdp.org\\\/#organization\",\"name\":\"Fundaci\u00f3n Mutua de Propietarios\",\"url\":\"https:\\\/\\\/www.fundacionmdp.org\\\/\",\"logo\":{\"@type\":\"ImageObject\",\"inLanguage\":\"ca\",\"@id\":\"https:\\\/\\\/www.fundacionmdp.org\\\/#\\\/schema\\\/logo\\\/image\\\/\",\"url\":\"https:\\\/\\\/www.fundacionmdp.org\\\/wp-content\\\/uploads\\\/2023\\\/05\\\/logo_FMdP_cat.png\",\"contentUrl\":\"https:\\\/\\\/www.fundacionmdp.org\\\/wp-content\\\/uploads\\\/2023\\\/05\\\/logo_FMdP_cat.png\",\"width\":655,\"height\":297,\"caption\":\"Fundaci\u00f3n Mutua de Propietarios\"},\"image\":{\"@id\":\"https:\\\/\\\/www.fundacionmdp.org\\\/#\\\/schema\\\/logo\\\/image\\\/\"}},{\"@type\":\"Person\",\"@id\":\"https:\\\/\\\/www.fundacionmdp.org\\\/#\\\/schema\\\/person\\\/12f9af801cac25dfcb5a96cb0090f703\",\"name\":\"fundacionmdp\",\"image\":{\"@type\":\"ImageObject\",\"inLanguage\":\"ca\",\"@id\":\"https:\\\/\\\/secure.gravatar.com\\\/avatar\\\/b540f93d1816a14d85e51109d050c3243b98fb660a665f517a6d2597cff3bbed?s=96&d=mm&r=g\",\"url\":\"https:\\\/\\\/secure.gravatar.com\\\/avatar\\\/b540f93d1816a14d85e51109d050c3243b98fb660a665f517a6d2597cff3bbed?s=96&d=mm&r=g\",\"contentUrl\":\"https:\\\/\\\/secure.gravatar.com\\\/avatar\\\/b540f93d1816a14d85e51109d050c3243b98fb660a665f517a6d2597cff3bbed?s=96&d=mm&r=g\",\"caption\":\"fundacionmdp\"},\"sameAs\":[\"http:\\\/\\\/prezuk.com.mialias.net\\\/fundacionmdp\"],\"url\":\"https:\\\/\\\/www.fundacionmdp.org\\\/ca\\\/author\\\/fundacionmdp\\\/\"}]}<\/script>\n<!-- \/ Yoast SEO plugin. -->","yoast_head_json":{"title":"Les ajudes t\u00e8cniques per les persones amb mobilitat redu\u00efda - Fundaci\u00f3n Mutua de Propietarios","robots":{"index":"index","follow":"follow","max-snippet":"max-snippet:-1","max-image-preview":"max-image-preview:large","max-video-preview":"max-video-preview:-1"},"canonical":"https:\/\/www.fundacionmdp.org\/ca\/les-ajudes-tecniques-per-les-persones-amb-mobilitat-reduida\/","og_locale":"ca_ES","og_type":"article","og_title":"Les ajudes t\u00e8cniques per les persones amb mobilitat redu\u00efda - Fundaci\u00f3n Mutua de Propietarios","og_description":"Actualment, les ajudes t\u00e8cniques s\u00f3n necess\u00e0ries per compensar una limitaci\u00f3 i no necessitar aix\u00ed d\u2019assist\u00e8ncia. Aquestes ajudes t\u00e8cniques estan destinades a persones grans o persones amb algun problema de mobilitat, \u00e9s a dir, persones dependents. A continuaci\u00f3, parlem de quines s\u00f3n aquestes ajudes t\u00e8cniques per les persones amb mobilitat redu\u00efda que els hi permetin augmentar [&hellip;]","og_url":"https:\/\/www.fundacionmdp.org\/ca\/les-ajudes-tecniques-per-les-persones-amb-mobilitat-reduida\/","og_site_name":"Fundaci\u00f3n Mutua de Propietarios","article_published_time":"2019-10-08T16:22:12+00:00","article_modified_time":"2023-05-15T09:16:55+00:00","og_image":[{"width":2560,"height":1706,"url":"https:\/\/www.fundacionmdp.org\/wp-content\/uploads\/2023\/05\/action-daylight-disability-1568804-scaled.jpg","type":"image\/jpeg"}],"author":"fundacionmdp","twitter_card":"summary_large_image","twitter_misc":{"Escrit per":"fundacionmdp","Temps estimat de lectura":"3 minuts"},"schema":{"@context":"https:\/\/schema.org","@graph":[{"@type":"Article","@id":"https:\/\/www.fundacionmdp.org\/ca\/les-ajudes-tecniques-per-les-persones-amb-mobilitat-reduida\/#article","isPartOf":{"@id":"https:\/\/www.fundacionmdp.org\/ca\/les-ajudes-tecniques-per-les-persones-amb-mobilitat-reduida\/"},"author":{"name":"fundacionmdp","@id":"https:\/\/www.fundacionmdp.org\/#\/schema\/person\/12f9af801cac25dfcb5a96cb0090f703"},"headline":"Les ajudes t\u00e8cniques per les persones amb mobilitat redu\u00efda","datePublished":"2019-10-08T16:22:12+00:00","dateModified":"2023-05-15T09:16:55+00:00","mainEntityOfPage":{"@id":"https:\/\/www.fundacionmdp.org\/ca\/les-ajudes-tecniques-per-les-persones-amb-mobilitat-reduida\/"},"wordCount":641,"commentCount":0,"publisher":{"@id":"https:\/\/www.fundacionmdp.org\/#organization"},"image":{"@id":"https:\/\/www.fundacionmdp.org\/ca\/les-ajudes-tecniques-per-les-persones-amb-mobilitat-reduida\/#primaryimage"},"thumbnailUrl":"https:\/\/www.fundacionmdp.org\/wp-content\/uploads\/2023\/05\/action-daylight-disability-1568804-scaled.jpg","articleSection":["Sin categorizar"],"inLanguage":"ca","potentialAction":[{"@type":"CommentAction","name":"Comment","target":["https:\/\/www.fundacionmdp.org\/ca\/les-ajudes-tecniques-per-les-persones-amb-mobilitat-reduida\/#respond"]}]},{"@type":"WebPage","@id":"https:\/\/www.fundacionmdp.org\/ca\/les-ajudes-tecniques-per-les-persones-amb-mobilitat-reduida\/","url":"https:\/\/www.fundacionmdp.org\/ca\/les-ajudes-tecniques-per-les-persones-amb-mobilitat-reduida\/","name":"Les ajudes t\u00e8cniques per les persones amb mobilitat redu\u00efda - Fundaci\u00f3n Mutua de Propietarios","isPartOf":{"@id":"https:\/\/www.fundacionmdp.org\/#website"},"primaryImageOfPage":{"@id":"https:\/\/www.fundacionmdp.org\/ca\/les-ajudes-tecniques-per-les-persones-amb-mobilitat-reduida\/#primaryimage"},"image":{"@id":"https:\/\/www.fundacionmdp.org\/ca\/les-ajudes-tecniques-per-les-persones-amb-mobilitat-reduida\/#primaryimage"},"thumbnailUrl":"https:\/\/www.fundacionmdp.org\/wp-content\/uploads\/2023\/05\/action-daylight-disability-1568804-scaled.jpg","datePublished":"2019-10-08T16:22:12+00:00","dateModified":"2023-05-15T09:16:55+00:00","breadcrumb":{"@id":"https:\/\/www.fundacionmdp.org\/ca\/les-ajudes-tecniques-per-les-persones-amb-mobilitat-reduida\/#breadcrumb"},"inLanguage":"ca","potentialAction":[{"@type":"ReadAction","target":["https:\/\/www.fundacionmdp.org\/ca\/les-ajudes-tecniques-per-les-persones-amb-mobilitat-reduida\/"]}]},{"@type":"ImageObject","inLanguage":"ca","@id":"https:\/\/www.fundacionmdp.org\/ca\/les-ajudes-tecniques-per-les-persones-amb-mobilitat-reduida\/#primaryimage","url":"https:\/\/www.fundacionmdp.org\/wp-content\/uploads\/2023\/05\/action-daylight-disability-1568804-scaled.jpg","contentUrl":"https:\/\/www.fundacionmdp.org\/wp-content\/uploads\/2023\/05\/action-daylight-disability-1568804-scaled.jpg","width":2560,"height":1706},{"@type":"BreadcrumbList","@id":"https:\/\/www.fundacionmdp.org\/ca\/les-ajudes-tecniques-per-les-persones-amb-mobilitat-reduida\/#breadcrumb","itemListElement":[{"@type":"ListItem","position":1,"name":"Home","item":"https:\/\/www.fundacionmdp.org\/ca\/"},{"@type":"ListItem","position":2,"name":"Les ajudes t\u00e8cniques per les persones amb mobilitat redu\u00efda"}]},{"@type":"WebSite","@id":"https:\/\/www.fundacionmdp.org\/#website","url":"https:\/\/www.fundacionmdp.org\/","name":"Fundaci\u00f3n Mutua de Propietarios","description":"En la Fundaci\u00f3n Mutua de Propietarios te ayudamos a convertir tu edificio de viviendas en un espacio sin barreras arquitect\u00f3nicas.","publisher":{"@id":"https:\/\/www.fundacionmdp.org\/#organization"},"potentialAction":[{"@type":"SearchAction","target":{"@type":"EntryPoint","urlTemplate":"https:\/\/www.fundacionmdp.org\/?s={search_term_string}"},"query-input":{"@type":"PropertyValueSpecification","valueRequired":true,"valueName":"search_term_string"}}],"inLanguage":"ca"},{"@type":"Organization","@id":"https:\/\/www.fundacionmdp.org\/#organization","name":"Fundaci\u00f3n Mutua de Propietarios","url":"https:\/\/www.fundacionmdp.org\/","logo":{"@type":"ImageObject","inLanguage":"ca","@id":"https:\/\/www.fundacionmdp.org\/#\/schema\/logo\/image\/","url":"https:\/\/www.fundacionmdp.org\/wp-content\/uploads\/2023\/05\/logo_FMdP_cat.png","contentUrl":"https:\/\/www.fundacionmdp.org\/wp-content\/uploads\/2023\/05\/logo_FMdP_cat.png","width":655,"height":297,"caption":"Fundaci\u00f3n Mutua de Propietarios"},"image":{"@id":"https:\/\/www.fundacionmdp.org\/#\/schema\/logo\/image\/"}},{"@type":"Person","@id":"https:\/\/www.fundacionmdp.org\/#\/schema\/person\/12f9af801cac25dfcb5a96cb0090f703","name":"fundacionmdp","image":{"@type":"ImageObject","inLanguage":"ca","@id":"https:\/\/secure.gravatar.com\/avatar\/b540f93d1816a14d85e51109d050c3243b98fb660a665f517a6d2597cff3bbed?s=96&d=mm&r=g","url":"https:\/\/secure.gravatar.com\/avatar\/b540f93d1816a14d85e51109d050c3243b98fb660a665f517a6d2597cff3bbed?s=96&d=mm&r=g","contentUrl":"https:\/\/secure.gravatar.com\/avatar\/b540f93d1816a14d85e51109d050c3243b98fb660a665f517a6d2597cff3bbed?s=96&d=mm&r=g","caption":"fundacionmdp"},"sameAs":["http:\/\/prezuk.com.mialias.net\/fundacionmdp"],"url":"https:\/\/www.fundacionmdp.org\/ca\/author\/fundacionmdp\/"}]}},"_links":{"self":[{"href":"https:\/\/www.fundacionmdp.org\/ca\/wp-json\/wp\/v2\/posts\/3835","targetHints":{"allow":["GET"]}}],"collection":[{"href":"https:\/\/www.fundacionmdp.org\/ca\/wp-json\/wp\/v2\/posts"}],"about":[{"href":"https:\/\/www.fundacionmdp.org\/ca\/wp-json\/wp\/v2\/types\/post"}],"author":[{"embeddable":true,"href":"https:\/\/www.fundacionmdp.org\/ca\/wp-json\/wp\/v2\/users\/1"}],"replies":[{"embeddable":true,"href":"https:\/\/www.fundacionmdp.org\/ca\/wp-json\/wp\/v2\/comments?post=3835"}],"version-history":[{"count":2,"href":"https:\/\/www.fundacionmdp.org\/ca\/wp-json\/wp\/v2\/posts\/3835\/revisions"}],"predecessor-version":[{"id":6983,"href":"https:\/\/www.fundacionmdp.org\/ca\/wp-json\/wp\/v2\/posts\/3835\/revisions\/6983"}],"wp:featuredmedia":[{"embeddable":true,"href":"https:\/\/www.fundacionmdp.org\/ca\/wp-json\/wp\/v2\/media\/6979"}],"wp:attachment":[{"href":"https:\/\/www.fundacionmdp.org\/ca\/wp-json\/wp\/v2\/media?parent=3835"}],"wp:term":[{"taxonomy":"category","embeddable":true,"href":"https:\/\/www.fundacionmdp.org\/ca\/wp-json\/wp\/v2\/categories?post=3835"},{"taxonomy":"post_tag","embeddable":true,"href":"https:\/\/www.fundacionmdp.org\/ca\/wp-json\/wp\/v2\/tags?post=3835"}],"curies":[{"name":"wp","href":"https:\/\/api.w.org\/{rel}","templated":true}]}}