{"id":4097,"date":"2019-12-09T09:10:28","date_gmt":"2019-12-09T08:10:28","guid":{"rendered":"https:\/\/www.fundacionmdp.org\/elevadors-salva-escales-la-tecnologia-al-servei-de-las-persones-amb-mobilitat-reduida\/"},"modified":"2023-05-15T09:18:35","modified_gmt":"2023-05-15T09:18:35","slug":"elevadors-salva-escales-la-tecnologia-al-servei-de-las-persones-amb-mobilitat-reduida","status":"publish","type":"post","link":"https:\/\/www.fundacionmdp.org\/ca\/elevadors-salva-escales-la-tecnologia-al-servei-de-las-persones-amb-mobilitat-reduida\/","title":{"rendered":"Elevadors salva-escales: la tecnologia al servei de las persones amb mobilitat redu\u00efda"},"content":{"rendered":"<p><span style=\"font-weight: 400;\">Els elevadors salva-escales o plataformes salva-escales s\u00f3n un sistema que permet eliminar la barrera arquitect\u00f2nica que implica les escales. \u00c9s a dir, que \u00e9s un sistema pensat per persones en cadires de rodes o amb mobilitat redu\u00efda, que permet l\u2019accessibilitat universal.&nbsp;<\/span><\/p>\n<p><!--more--><\/p>\n<p>&nbsp;<\/p>\n<p><span style=\"font-weight: 400;\">D\u2019aquesta manera, \u00e9s possible que les persones amb mobilitat redu\u00efda puguin utilitzar aquest tipus de tecnologies per salvar trams d\u2019escales de forma aut\u00f2noma i segura. Aix\u00f2 s\u2019aconsegueix mitjan\u00e7ant una plataforma que s\u2019eleva de forma vertical o b\u00e9 es desplacen per un carril que es troba ancorat a l\u2019escala. No \u00e9s nom\u00e9s \u00fatil per aquelles persones que es traslladin d\u2019un costat a l\u2019altre, sin\u00f3 que \u00e9s com\u00fa tamb\u00e9 perqu\u00e8 les persones grans puguin pujar o baixar d\u2019un pis a l\u2019altre.<\/span><\/p>\n<h2>Varietats de salva-escales<\/h2>\n<p><span style=\"font-weight: 400;\"><img fetchpriority=\"high\" decoding=\"async\" class=\"size-medium wp-image-3731 alignleft\" src=\"http:\/\/prezuk.com.mialias.net\/fundacionmdp\/wp-content\/uploads\/2023\/05\/IMG_1718-scaled.jpg\" alt=\"accesibilidad universal\" width=\"310\" height=\"240\">No existeix un sol tipus de salva-escales, sin\u00f3 que podem trobar diferents opcions depenent de les necessitats espec\u00edfiques tant de les persones com dels elements arquitect\u00f2nics amb els comptem.<\/span><\/p>\n<p><strong>Ascensors<\/strong><br \/>\n<span style=\"font-weight: 400;\">Com \u00e9s obvi, els elevadors o salva-escales m\u00e9s coneguts s\u00f3n els ascensors, que permeten evitar trams llargs d\u2019escales o moltes plantes. Existeix una varietat d\u2019ascensors que s\u00f3n els de velocitat redu\u00efda, els quals la seva velocitat m\u00e0xima s\u00f3n els 15 cent\u00edmetres per segon i que s\u00f3n una soluci\u00f3 factible per salvar fins a 6 pisos. <\/span><\/p>\n<p><strong>Elevador vertical<\/strong><br \/>\n<span style=\"font-weight: 400;\">Els elevadors verticals solen ser de recorregut curt, pujant un m\u00e0xim de tres metres. Es caracteritzen per tenir una cabina oberta, que permeti carregar una cadira de rodes de forma senzilla, o qualsevol element sempre que no superi el pes m\u00e0xim que estableix el fabricant. <\/span><\/p>\n<p><strong>Cadira salva-escales<\/strong><br \/>\n<span style=\"font-weight: 400;\">Aquesta opci\u00f3 \u00e9s m\u00e9s com\u00fa en cases unifamiliars i est\u00e0 especialment dissenyada per l\u2019\u00fas de persones grans amb mobilitat redu\u00efda. Disposen d\u2019un seient i cintur\u00f3 de seguretat per salvar els trams d\u2019escala, sempre i quan es superi els 65 cent\u00edmetres d\u2019amplada, sense importar la forma o inclinaci\u00f3 de la mateixa.<\/span><\/p>\n<p><strong>Plataforma salva-escales<\/strong><br \/>\n<span style=\"font-weight: 400;\">Es tracta d&#8217;una soluci\u00f3 formada per una base accessible per persones en cadira de rodes que es despla\u00e7a de forma vertical. Generalment s&#8217;acostuma a utilitzar en trams de poques escales, per\u00f2 pot servir per salvar varies plantes d&#8217;al\u00e7ada. <\/span><\/p>\n<h2>Una soluci\u00f3 para cada necessitat<\/h2>\n<p><span style=\"font-weight: 400;\">Cada persona requereix d\u2019unes necessitats diferents, pel que l\u2019elecci\u00f3 dels elevadors salva-escales depenen d\u2019aquest detall. Com ja hem vist en els exemples citats, les cadires salav-escales s\u00f3n la soluci\u00f3 ideal per les persones grans amb problemes de mobilitat. Per la seva banda, els elevadors verticals estan orientats a oferir problemes de mobilitat. Per la seva banda, els elevadors verticals estan orientats a oferir solucions per les persones amb cadira de rodes. Per aix\u00f2, a l\u2019hora d\u2019escollir la tecnologia a utilitzar, el millor \u00e9s consultar amb experts que puguin determinar quina elecci\u00f3 s\u2019adapta m\u00e9s a la persones i les seves necessitats.&nbsp;<\/span><\/p>\n","protected":false},"excerpt":{"rendered":"<p>Els elevadors salva-escales o plataformes salva-escales s\u00f3n un sistema que permet eliminar la barrera arquitect\u00f2nica que implica les escales. \u00c9s a dir, que \u00e9s un sistema pensat per persones en cadires de rodes o amb mobilitat redu\u00efda, que permet l\u2019accessibilitat universal.&nbsp;<\/p>\n","protected":false},"author":1,"featured_media":6985,"comment_status":"open","ping_status":"open","sticky":false,"template":"","format":"standard","meta":{"_acf_changed":false,"ocean_post_layout":"","ocean_both_sidebars_style":"","ocean_both_sidebars_content_width":0,"ocean_both_sidebars_sidebars_width":0,"ocean_sidebar":"0","ocean_second_sidebar":"0","ocean_disable_margins":"enable","ocean_add_body_class":"","ocean_shortcode_before_top_bar":"","ocean_shortcode_after_top_bar":"","ocean_shortcode_before_header":"","ocean_shortcode_after_header":"","ocean_has_shortcode":"","ocean_shortcode_after_title":"","ocean_shortcode_before_footer_widgets":"","ocean_shortcode_after_footer_widgets":"","ocean_shortcode_before_footer_bottom":"","ocean_shortcode_after_footer_bottom":"","ocean_display_top_bar":"default","ocean_display_header":"default","ocean_header_style":"","ocean_center_header_left_menu":"0","ocean_custom_header_template":"0","ocean_custom_logo":0,"ocean_custom_retina_logo":0,"ocean_custom_logo_max_width":0,"ocean_custom_logo_tablet_max_width":0,"ocean_custom_logo_mobile_max_width":0,"ocean_custom_logo_max_height":0,"ocean_custom_logo_tablet_max_height":0,"ocean_custom_logo_mobile_max_height":0,"ocean_header_custom_menu":"0","ocean_menu_typo_font_family":"0","ocean_menu_typo_font_subset":"","ocean_menu_typo_font_size":0,"ocean_menu_typo_font_size_tablet":0,"ocean_menu_typo_font_size_mobile":0,"ocean_menu_typo_font_size_unit":"px","ocean_menu_typo_font_weight":"","ocean_menu_typo_font_weight_tablet":"","ocean_menu_typo_font_weight_mobile":"","ocean_menu_typo_transform":"","ocean_menu_typo_transform_tablet":"","ocean_menu_typo_transform_mobile":"","ocean_menu_typo_line_height":0,"ocean_menu_typo_line_height_tablet":0,"ocean_menu_typo_line_height_mobile":0,"ocean_menu_typo_line_height_unit":"","ocean_menu_typo_spacing":0,"ocean_menu_typo_spacing_tablet":0,"ocean_menu_typo_spacing_mobile":0,"ocean_menu_typo_spacing_unit":"","ocean_menu_link_color":"","ocean_menu_link_color_hover":"","ocean_menu_link_color_active":"","ocean_menu_link_background":"","ocean_menu_link_hover_background":"","ocean_menu_link_active_background":"","ocean_menu_social_links_bg":"","ocean_menu_social_hover_links_bg":"","ocean_menu_social_links_color":"","ocean_menu_social_hover_links_color":"","ocean_disable_title":"default","ocean_disable_heading":"default","ocean_post_title":"","ocean_post_subheading":"","ocean_post_title_style":"","ocean_post_title_background_color":"","ocean_post_title_background":0,"ocean_post_title_bg_image_position":"","ocean_post_title_bg_image_attachment":"","ocean_post_title_bg_image_repeat":"","ocean_post_title_bg_image_size":"","ocean_post_title_height":0,"ocean_post_title_bg_overlay":0.5,"ocean_post_title_bg_overlay_color":"","ocean_disable_breadcrumbs":"default","ocean_breadcrumbs_color":"","ocean_breadcrumbs_separator_color":"","ocean_breadcrumbs_links_color":"","ocean_breadcrumbs_links_hover_color":"","ocean_display_footer_widgets":"default","ocean_display_footer_bottom":"default","ocean_custom_footer_template":"0","ocean_post_oembed":"","ocean_post_self_hosted_media":"","ocean_post_video_embed":"","ocean_link_format":"","ocean_link_format_target":"self","ocean_quote_format":"","ocean_quote_format_link":"post","ocean_gallery_link_images":"off","ocean_gallery_id":[],"footnotes":""},"categories":[1],"tags":[],"class_list":["post-4097","post","type-post","status-publish","format-standard","has-post-thumbnail","hentry","category-sin-categorizar","entry","has-media"],"acf":[],"yoast_head":"<!-- This site is optimized with the Yoast SEO plugin v27.3 - https:\/\/yoast.com\/product\/yoast-seo-wordpress\/ -->\n<title>Elevadors salva-escales: la tecnologia al servei de las persones amb mobilitat redu\u00efda - Fundaci\u00f3n Mutua de Propietarios<\/title>\n<meta name=\"robots\" content=\"index, follow, max-snippet:-1, max-image-preview:large, max-video-preview:-1\" \/>\n<link rel=\"canonical\" href=\"https:\/\/www.fundacionmdp.org\/ca\/elevadors-salva-escales-la-tecnologia-al-servei-de-las-persones-amb-mobilitat-reduida\/\" \/>\n<meta property=\"og:locale\" content=\"ca_ES\" \/>\n<meta property=\"og:type\" content=\"article\" \/>\n<meta property=\"og:title\" content=\"Elevadors salva-escales: la tecnologia al servei de las persones amb mobilitat redu\u00efda - Fundaci\u00f3n Mutua de Propietarios\" \/>\n<meta property=\"og:description\" content=\"Els elevadors salva-escales o plataformes salva-escales s\u00f3n un sistema que permet eliminar la barrera arquitect\u00f2nica que implica les escales. \u00c9s a dir, que \u00e9s un sistema pensat per persones en cadires de rodes o amb mobilitat redu\u00efda, que permet l\u2019accessibilitat universal.&nbsp;\" \/>\n<meta property=\"og:url\" content=\"https:\/\/www.fundacionmdp.org\/ca\/elevadors-salva-escales-la-tecnologia-al-servei-de-las-persones-amb-mobilitat-reduida\/\" \/>\n<meta property=\"og:site_name\" content=\"Fundaci\u00f3n Mutua de Propietarios\" \/>\n<meta property=\"article:published_time\" content=\"2019-12-09T08:10:28+00:00\" \/>\n<meta property=\"article:modified_time\" content=\"2023-05-15T09:18:35+00:00\" \/>\n<meta property=\"og:image\" content=\"https:\/\/www.fundacionmdp.org\/wp-content\/uploads\/2023\/05\/IMG_1718-scaled.jpg\" \/>\n\t<meta property=\"og:image:width\" content=\"1920\" \/>\n\t<meta property=\"og:image:height\" content=\"2560\" \/>\n\t<meta property=\"og:image:type\" content=\"image\/jpeg\" \/>\n<meta name=\"author\" content=\"fundacionmdp\" \/>\n<meta name=\"twitter:card\" content=\"summary_large_image\" \/>\n<meta name=\"twitter:label1\" content=\"Escrit per\" \/>\n\t<meta name=\"twitter:data1\" content=\"fundacionmdp\" \/>\n\t<meta name=\"twitter:label2\" content=\"Temps estimat de lectura\" \/>\n\t<meta name=\"twitter:data2\" content=\"3 minuts\" \/>\n<script type=\"application\/ld+json\" class=\"yoast-schema-graph\">{\"@context\":\"https:\\\/\\\/schema.org\",\"@graph\":[{\"@type\":\"Article\",\"@id\":\"https:\\\/\\\/www.fundacionmdp.org\\\/ca\\\/elevadors-salva-escales-la-tecnologia-al-servei-de-las-persones-amb-mobilitat-reduida\\\/#article\",\"isPartOf\":{\"@id\":\"https:\\\/\\\/www.fundacionmdp.org\\\/ca\\\/elevadors-salva-escales-la-tecnologia-al-servei-de-las-persones-amb-mobilitat-reduida\\\/\"},\"author\":{\"name\":\"fundacionmdp\",\"@id\":\"https:\\\/\\\/www.fundacionmdp.org\\\/#\\\/schema\\\/person\\\/12f9af801cac25dfcb5a96cb0090f703\"},\"headline\":\"Elevadors salva-escales: la tecnologia al servei de las persones amb mobilitat redu\u00efda\",\"datePublished\":\"2019-12-09T08:10:28+00:00\",\"dateModified\":\"2023-05-15T09:18:35+00:00\",\"mainEntityOfPage\":{\"@id\":\"https:\\\/\\\/www.fundacionmdp.org\\\/ca\\\/elevadors-salva-escales-la-tecnologia-al-servei-de-las-persones-amb-mobilitat-reduida\\\/\"},\"wordCount\":516,\"commentCount\":0,\"publisher\":{\"@id\":\"https:\\\/\\\/www.fundacionmdp.org\\\/#organization\"},\"image\":{\"@id\":\"https:\\\/\\\/www.fundacionmdp.org\\\/ca\\\/elevadors-salva-escales-la-tecnologia-al-servei-de-las-persones-amb-mobilitat-reduida\\\/#primaryimage\"},\"thumbnailUrl\":\"https:\\\/\\\/www.fundacionmdp.org\\\/wp-content\\\/uploads\\\/2023\\\/05\\\/IMG_1718-scaled.jpg\",\"articleSection\":[\"Sin categorizar\"],\"inLanguage\":\"ca\",\"potentialAction\":[{\"@type\":\"CommentAction\",\"name\":\"Comment\",\"target\":[\"https:\\\/\\\/www.fundacionmdp.org\\\/ca\\\/elevadors-salva-escales-la-tecnologia-al-servei-de-las-persones-amb-mobilitat-reduida\\\/#respond\"]}]},{\"@type\":\"WebPage\",\"@id\":\"https:\\\/\\\/www.fundacionmdp.org\\\/ca\\\/elevadors-salva-escales-la-tecnologia-al-servei-de-las-persones-amb-mobilitat-reduida\\\/\",\"url\":\"https:\\\/\\\/www.fundacionmdp.org\\\/ca\\\/elevadors-salva-escales-la-tecnologia-al-servei-de-las-persones-amb-mobilitat-reduida\\\/\",\"name\":\"Elevadors salva-escales: la tecnologia al servei de las persones amb mobilitat redu\u00efda - Fundaci\u00f3n Mutua de Propietarios\",\"isPartOf\":{\"@id\":\"https:\\\/\\\/www.fundacionmdp.org\\\/#website\"},\"primaryImageOfPage\":{\"@id\":\"https:\\\/\\\/www.fundacionmdp.org\\\/ca\\\/elevadors-salva-escales-la-tecnologia-al-servei-de-las-persones-amb-mobilitat-reduida\\\/#primaryimage\"},\"image\":{\"@id\":\"https:\\\/\\\/www.fundacionmdp.org\\\/ca\\\/elevadors-salva-escales-la-tecnologia-al-servei-de-las-persones-amb-mobilitat-reduida\\\/#primaryimage\"},\"thumbnailUrl\":\"https:\\\/\\\/www.fundacionmdp.org\\\/wp-content\\\/uploads\\\/2023\\\/05\\\/IMG_1718-scaled.jpg\",\"datePublished\":\"2019-12-09T08:10:28+00:00\",\"dateModified\":\"2023-05-15T09:18:35+00:00\",\"breadcrumb\":{\"@id\":\"https:\\\/\\\/www.fundacionmdp.org\\\/ca\\\/elevadors-salva-escales-la-tecnologia-al-servei-de-las-persones-amb-mobilitat-reduida\\\/#breadcrumb\"},\"inLanguage\":\"ca\",\"potentialAction\":[{\"@type\":\"ReadAction\",\"target\":[\"https:\\\/\\\/www.fundacionmdp.org\\\/ca\\\/elevadors-salva-escales-la-tecnologia-al-servei-de-las-persones-amb-mobilitat-reduida\\\/\"]}]},{\"@type\":\"ImageObject\",\"inLanguage\":\"ca\",\"@id\":\"https:\\\/\\\/www.fundacionmdp.org\\\/ca\\\/elevadors-salva-escales-la-tecnologia-al-servei-de-las-persones-amb-mobilitat-reduida\\\/#primaryimage\",\"url\":\"https:\\\/\\\/www.fundacionmdp.org\\\/wp-content\\\/uploads\\\/2023\\\/05\\\/IMG_1718-scaled.jpg\",\"contentUrl\":\"https:\\\/\\\/www.fundacionmdp.org\\\/wp-content\\\/uploads\\\/2023\\\/05\\\/IMG_1718-scaled.jpg\",\"width\":1920,\"height\":2560},{\"@type\":\"BreadcrumbList\",\"@id\":\"https:\\\/\\\/www.fundacionmdp.org\\\/ca\\\/elevadors-salva-escales-la-tecnologia-al-servei-de-las-persones-amb-mobilitat-reduida\\\/#breadcrumb\",\"itemListElement\":[{\"@type\":\"ListItem\",\"position\":1,\"name\":\"Home\",\"item\":\"https:\\\/\\\/www.fundacionmdp.org\\\/ca\\\/\"},{\"@type\":\"ListItem\",\"position\":2,\"name\":\"Elevadors salva-escales: la tecnologia al servei de las persones amb mobilitat redu\u00efda\"}]},{\"@type\":\"WebSite\",\"@id\":\"https:\\\/\\\/www.fundacionmdp.org\\\/#website\",\"url\":\"https:\\\/\\\/www.fundacionmdp.org\\\/\",\"name\":\"Fundaci\u00f3n Mutua de Propietarios\",\"description\":\"En la Fundaci\u00f3n Mutua de Propietarios te ayudamos a convertir tu edificio de viviendas en un espacio sin barreras arquitect\u00f3nicas.\",\"publisher\":{\"@id\":\"https:\\\/\\\/www.fundacionmdp.org\\\/#organization\"},\"potentialAction\":[{\"@type\":\"SearchAction\",\"target\":{\"@type\":\"EntryPoint\",\"urlTemplate\":\"https:\\\/\\\/www.fundacionmdp.org\\\/?s={search_term_string}\"},\"query-input\":{\"@type\":\"PropertyValueSpecification\",\"valueRequired\":true,\"valueName\":\"search_term_string\"}}],\"inLanguage\":\"ca\"},{\"@type\":\"Organization\",\"@id\":\"https:\\\/\\\/www.fundacionmdp.org\\\/#organization\",\"name\":\"Fundaci\u00f3n Mutua de Propietarios\",\"url\":\"https:\\\/\\\/www.fundacionmdp.org\\\/\",\"logo\":{\"@type\":\"ImageObject\",\"inLanguage\":\"ca\",\"@id\":\"https:\\\/\\\/www.fundacionmdp.org\\\/#\\\/schema\\\/logo\\\/image\\\/\",\"url\":\"https:\\\/\\\/www.fundacionmdp.org\\\/wp-content\\\/uploads\\\/2023\\\/05\\\/logo_FMdP_cat.png\",\"contentUrl\":\"https:\\\/\\\/www.fundacionmdp.org\\\/wp-content\\\/uploads\\\/2023\\\/05\\\/logo_FMdP_cat.png\",\"width\":655,\"height\":297,\"caption\":\"Fundaci\u00f3n Mutua de Propietarios\"},\"image\":{\"@id\":\"https:\\\/\\\/www.fundacionmdp.org\\\/#\\\/schema\\\/logo\\\/image\\\/\"}},{\"@type\":\"Person\",\"@id\":\"https:\\\/\\\/www.fundacionmdp.org\\\/#\\\/schema\\\/person\\\/12f9af801cac25dfcb5a96cb0090f703\",\"name\":\"fundacionmdp\",\"image\":{\"@type\":\"ImageObject\",\"inLanguage\":\"ca\",\"@id\":\"https:\\\/\\\/secure.gravatar.com\\\/avatar\\\/b540f93d1816a14d85e51109d050c3243b98fb660a665f517a6d2597cff3bbed?s=96&d=mm&r=g\",\"url\":\"https:\\\/\\\/secure.gravatar.com\\\/avatar\\\/b540f93d1816a14d85e51109d050c3243b98fb660a665f517a6d2597cff3bbed?s=96&d=mm&r=g\",\"contentUrl\":\"https:\\\/\\\/secure.gravatar.com\\\/avatar\\\/b540f93d1816a14d85e51109d050c3243b98fb660a665f517a6d2597cff3bbed?s=96&d=mm&r=g\",\"caption\":\"fundacionmdp\"},\"sameAs\":[\"http:\\\/\\\/prezuk.com.mialias.net\\\/fundacionmdp\"],\"url\":\"https:\\\/\\\/www.fundacionmdp.org\\\/ca\\\/author\\\/fundacionmdp\\\/\"}]}<\/script>\n<!-- \/ Yoast SEO plugin. -->","yoast_head_json":{"title":"Elevadors salva-escales: la tecnologia al servei de las persones amb mobilitat redu\u00efda - Fundaci\u00f3n Mutua de Propietarios","robots":{"index":"index","follow":"follow","max-snippet":"max-snippet:-1","max-image-preview":"max-image-preview:large","max-video-preview":"max-video-preview:-1"},"canonical":"https:\/\/www.fundacionmdp.org\/ca\/elevadors-salva-escales-la-tecnologia-al-servei-de-las-persones-amb-mobilitat-reduida\/","og_locale":"ca_ES","og_type":"article","og_title":"Elevadors salva-escales: la tecnologia al servei de las persones amb mobilitat redu\u00efda - Fundaci\u00f3n Mutua de Propietarios","og_description":"Els elevadors salva-escales o plataformes salva-escales s\u00f3n un sistema que permet eliminar la barrera arquitect\u00f2nica que implica les escales. \u00c9s a dir, que \u00e9s un sistema pensat per persones en cadires de rodes o amb mobilitat redu\u00efda, que permet l\u2019accessibilitat universal.&nbsp;","og_url":"https:\/\/www.fundacionmdp.org\/ca\/elevadors-salva-escales-la-tecnologia-al-servei-de-las-persones-amb-mobilitat-reduida\/","og_site_name":"Fundaci\u00f3n Mutua de Propietarios","article_published_time":"2019-12-09T08:10:28+00:00","article_modified_time":"2023-05-15T09:18:35+00:00","og_image":[{"width":1920,"height":2560,"url":"https:\/\/www.fundacionmdp.org\/wp-content\/uploads\/2023\/05\/IMG_1718-scaled.jpg","type":"image\/jpeg"}],"author":"fundacionmdp","twitter_card":"summary_large_image","twitter_misc":{"Escrit per":"fundacionmdp","Temps estimat de lectura":"3 minuts"},"schema":{"@context":"https:\/\/schema.org","@graph":[{"@type":"Article","@id":"https:\/\/www.fundacionmdp.org\/ca\/elevadors-salva-escales-la-tecnologia-al-servei-de-las-persones-amb-mobilitat-reduida\/#article","isPartOf":{"@id":"https:\/\/www.fundacionmdp.org\/ca\/elevadors-salva-escales-la-tecnologia-al-servei-de-las-persones-amb-mobilitat-reduida\/"},"author":{"name":"fundacionmdp","@id":"https:\/\/www.fundacionmdp.org\/#\/schema\/person\/12f9af801cac25dfcb5a96cb0090f703"},"headline":"Elevadors salva-escales: la tecnologia al servei de las persones amb mobilitat redu\u00efda","datePublished":"2019-12-09T08:10:28+00:00","dateModified":"2023-05-15T09:18:35+00:00","mainEntityOfPage":{"@id":"https:\/\/www.fundacionmdp.org\/ca\/elevadors-salva-escales-la-tecnologia-al-servei-de-las-persones-amb-mobilitat-reduida\/"},"wordCount":516,"commentCount":0,"publisher":{"@id":"https:\/\/www.fundacionmdp.org\/#organization"},"image":{"@id":"https:\/\/www.fundacionmdp.org\/ca\/elevadors-salva-escales-la-tecnologia-al-servei-de-las-persones-amb-mobilitat-reduida\/#primaryimage"},"thumbnailUrl":"https:\/\/www.fundacionmdp.org\/wp-content\/uploads\/2023\/05\/IMG_1718-scaled.jpg","articleSection":["Sin categorizar"],"inLanguage":"ca","potentialAction":[{"@type":"CommentAction","name":"Comment","target":["https:\/\/www.fundacionmdp.org\/ca\/elevadors-salva-escales-la-tecnologia-al-servei-de-las-persones-amb-mobilitat-reduida\/#respond"]}]},{"@type":"WebPage","@id":"https:\/\/www.fundacionmdp.org\/ca\/elevadors-salva-escales-la-tecnologia-al-servei-de-las-persones-amb-mobilitat-reduida\/","url":"https:\/\/www.fundacionmdp.org\/ca\/elevadors-salva-escales-la-tecnologia-al-servei-de-las-persones-amb-mobilitat-reduida\/","name":"Elevadors salva-escales: la tecnologia al servei de las persones amb mobilitat redu\u00efda - Fundaci\u00f3n Mutua de Propietarios","isPartOf":{"@id":"https:\/\/www.fundacionmdp.org\/#website"},"primaryImageOfPage":{"@id":"https:\/\/www.fundacionmdp.org\/ca\/elevadors-salva-escales-la-tecnologia-al-servei-de-las-persones-amb-mobilitat-reduida\/#primaryimage"},"image":{"@id":"https:\/\/www.fundacionmdp.org\/ca\/elevadors-salva-escales-la-tecnologia-al-servei-de-las-persones-amb-mobilitat-reduida\/#primaryimage"},"thumbnailUrl":"https:\/\/www.fundacionmdp.org\/wp-content\/uploads\/2023\/05\/IMG_1718-scaled.jpg","datePublished":"2019-12-09T08:10:28+00:00","dateModified":"2023-05-15T09:18:35+00:00","breadcrumb":{"@id":"https:\/\/www.fundacionmdp.org\/ca\/elevadors-salva-escales-la-tecnologia-al-servei-de-las-persones-amb-mobilitat-reduida\/#breadcrumb"},"inLanguage":"ca","potentialAction":[{"@type":"ReadAction","target":["https:\/\/www.fundacionmdp.org\/ca\/elevadors-salva-escales-la-tecnologia-al-servei-de-las-persones-amb-mobilitat-reduida\/"]}]},{"@type":"ImageObject","inLanguage":"ca","@id":"https:\/\/www.fundacionmdp.org\/ca\/elevadors-salva-escales-la-tecnologia-al-servei-de-las-persones-amb-mobilitat-reduida\/#primaryimage","url":"https:\/\/www.fundacionmdp.org\/wp-content\/uploads\/2023\/05\/IMG_1718-scaled.jpg","contentUrl":"https:\/\/www.fundacionmdp.org\/wp-content\/uploads\/2023\/05\/IMG_1718-scaled.jpg","width":1920,"height":2560},{"@type":"BreadcrumbList","@id":"https:\/\/www.fundacionmdp.org\/ca\/elevadors-salva-escales-la-tecnologia-al-servei-de-las-persones-amb-mobilitat-reduida\/#breadcrumb","itemListElement":[{"@type":"ListItem","position":1,"name":"Home","item":"https:\/\/www.fundacionmdp.org\/ca\/"},{"@type":"ListItem","position":2,"name":"Elevadors salva-escales: la tecnologia al servei de las persones amb mobilitat redu\u00efda"}]},{"@type":"WebSite","@id":"https:\/\/www.fundacionmdp.org\/#website","url":"https:\/\/www.fundacionmdp.org\/","name":"Fundaci\u00f3n Mutua de Propietarios","description":"En la Fundaci\u00f3n Mutua de Propietarios te ayudamos a convertir tu edificio de viviendas en un espacio sin barreras arquitect\u00f3nicas.","publisher":{"@id":"https:\/\/www.fundacionmdp.org\/#organization"},"potentialAction":[{"@type":"SearchAction","target":{"@type":"EntryPoint","urlTemplate":"https:\/\/www.fundacionmdp.org\/?s={search_term_string}"},"query-input":{"@type":"PropertyValueSpecification","valueRequired":true,"valueName":"search_term_string"}}],"inLanguage":"ca"},{"@type":"Organization","@id":"https:\/\/www.fundacionmdp.org\/#organization","name":"Fundaci\u00f3n Mutua de Propietarios","url":"https:\/\/www.fundacionmdp.org\/","logo":{"@type":"ImageObject","inLanguage":"ca","@id":"https:\/\/www.fundacionmdp.org\/#\/schema\/logo\/image\/","url":"https:\/\/www.fundacionmdp.org\/wp-content\/uploads\/2023\/05\/logo_FMdP_cat.png","contentUrl":"https:\/\/www.fundacionmdp.org\/wp-content\/uploads\/2023\/05\/logo_FMdP_cat.png","width":655,"height":297,"caption":"Fundaci\u00f3n Mutua de Propietarios"},"image":{"@id":"https:\/\/www.fundacionmdp.org\/#\/schema\/logo\/image\/"}},{"@type":"Person","@id":"https:\/\/www.fundacionmdp.org\/#\/schema\/person\/12f9af801cac25dfcb5a96cb0090f703","name":"fundacionmdp","image":{"@type":"ImageObject","inLanguage":"ca","@id":"https:\/\/secure.gravatar.com\/avatar\/b540f93d1816a14d85e51109d050c3243b98fb660a665f517a6d2597cff3bbed?s=96&d=mm&r=g","url":"https:\/\/secure.gravatar.com\/avatar\/b540f93d1816a14d85e51109d050c3243b98fb660a665f517a6d2597cff3bbed?s=96&d=mm&r=g","contentUrl":"https:\/\/secure.gravatar.com\/avatar\/b540f93d1816a14d85e51109d050c3243b98fb660a665f517a6d2597cff3bbed?s=96&d=mm&r=g","caption":"fundacionmdp"},"sameAs":["http:\/\/prezuk.com.mialias.net\/fundacionmdp"],"url":"https:\/\/www.fundacionmdp.org\/ca\/author\/fundacionmdp\/"}]}},"_links":{"self":[{"href":"https:\/\/www.fundacionmdp.org\/ca\/wp-json\/wp\/v2\/posts\/4097","targetHints":{"allow":["GET"]}}],"collection":[{"href":"https:\/\/www.fundacionmdp.org\/ca\/wp-json\/wp\/v2\/posts"}],"about":[{"href":"https:\/\/www.fundacionmdp.org\/ca\/wp-json\/wp\/v2\/types\/post"}],"author":[{"embeddable":true,"href":"https:\/\/www.fundacionmdp.org\/ca\/wp-json\/wp\/v2\/users\/1"}],"replies":[{"embeddable":true,"href":"https:\/\/www.fundacionmdp.org\/ca\/wp-json\/wp\/v2\/comments?post=4097"}],"version-history":[{"count":1,"href":"https:\/\/www.fundacionmdp.org\/ca\/wp-json\/wp\/v2\/posts\/4097\/revisions"}],"predecessor-version":[{"id":6986,"href":"https:\/\/www.fundacionmdp.org\/ca\/wp-json\/wp\/v2\/posts\/4097\/revisions\/6986"}],"wp:featuredmedia":[{"embeddable":true,"href":"https:\/\/www.fundacionmdp.org\/ca\/wp-json\/wp\/v2\/media\/6985"}],"wp:attachment":[{"href":"https:\/\/www.fundacionmdp.org\/ca\/wp-json\/wp\/v2\/media?parent=4097"}],"wp:term":[{"taxonomy":"category","embeddable":true,"href":"https:\/\/www.fundacionmdp.org\/ca\/wp-json\/wp\/v2\/categories?post=4097"},{"taxonomy":"post_tag","embeddable":true,"href":"https:\/\/www.fundacionmdp.org\/ca\/wp-json\/wp\/v2\/tags?post=4097"}],"curies":[{"name":"wp","href":"https:\/\/api.w.org\/{rel}","templated":true}]}}