{"id":4194,"date":"2020-02-18T13:55:21","date_gmt":"2020-02-18T12:55:21","guid":{"rendered":"https:\/\/www.fundacionmdp.org\/?p=4194"},"modified":"2023-05-15T09:24:26","modified_gmt":"2023-05-15T09:24:26","slug":"quina-es-la-normativa-nacional-sobre-accessibilitat","status":"publish","type":"post","link":"https:\/\/www.fundacionmdp.org\/ca\/quina-es-la-normativa-nacional-sobre-accessibilitat\/","title":{"rendered":"Quina \u00e9s la normativa nacional sobre accessibilitat?"},"content":{"rendered":"<p>L&#8217;accessibilitat \u00e9s un dret universal que ha de ser garantit per a tothom, i per tant les regulacions jur\u00eddiques d&#8217;accessibilitat han d&#8217;exigir certes condicions i normatives a aquest efecte. En aquest post t&#8217;expliquem quina \u00e9s la normativa nacional sobre accessibilitat, on s&#8217;estableixen els articles i la legislaci\u00f3 b\u00e0sica sobre accessibilitat, els productes i els serveis als quals fa refer\u00e8ncia.<\/p>\n<h2>Qu\u00e8 entenem per accessibilitat?<\/h2>\n<p><span style=\"font-weight: 400;\"><img fetchpriority=\"high\" decoding=\"async\" class=\"size-medium wp-image-3804 alignleft\" src=\"http:\/\/prezuk.com.mialias.net\/fundacionmdp\/wp-content\/uploads\/2023\/05\/bcn.jpg\" alt=\"\" width=\"300\" height=\"200\">Com t&#8217;hem avan\u00e7at, l&#8217;accessibilitat \u00e9s un dret que s\u2019ha d\u2019atorgar a tota la societat. Es tracta de la possibilitat de poder accedir, evitant les barreres, a qualsevol lloc, servei o activitat sense cap tipus de limitaci\u00f3. Per aquest motiu, podem recollir diversos tipus d&#8217;accessibilitat en funci\u00f3 del lloc, els quals s&#8217;estableixen a la regulaci\u00f3 jur\u00eddica:&nbsp;<\/span><\/p>\n<p><span style=\"font-weight: 400;\">&#8211; L&#8217;accessibilitat urban\u00edstica, que es refereix a l&#8217;eliminaci\u00f3 de barreres en el medi urb\u00e0.<\/span><\/p>\n<p><span style=\"font-weight: 400;\">&#8211; L&#8217;accessibilitat arquitect\u00f2nica s&#8217;estableix tant en edificis p\u00fablics com en privats.<\/span><\/p>\n<p><span style=\"font-weight: 400;\">&#8211; L&#8217;accessibilitat en els transports es refereix a la possibilitat d&#8217;accedir als mitjans p\u00fablics de transport.<\/span><\/p>\n<p><span style=\"font-weight: 400;\">&#8211; L&#8217;accessibilitat en la comunicaci\u00f3 s&#8217;estableix tant pel que fa a la informaci\u00f3 individual com en la col\u00b7lectiva.<\/span><\/p>\n<p>Tots aquests factors permeten l&#8217;exercici dels drets universals referits tant a la llibertat de circulaci\u00f3, com de comunicaci\u00f3 o expressi\u00f3 per a les persones amb discapacitat o mobilitat redu\u00efda. D&#8217;aquesta manera, s&#8217;evita la discriminaci\u00f3 i es millora l&#8217;accessibilitat.<\/p>\n<h2>La Llei d&#8217;Accessibilitat a Espanya<\/h2>\n<p>El text constitucional recull en el seu article 9 l&#8217;exig\u00e8ncia als poders p\u00fablics de garantir el m\u00e0xim benestar als ciutadans, permetent-los i facilitant la seva participaci\u00f3 a la vida pol\u00edtica, econ\u00f2mica, cultural i social; a m\u00e9s de remoure els obstacles que impedeixin la participaci\u00f3 en aquests aspectes. De la mateixa manera, a l&#8217;Article 14 podem llegir que tots els espanyols s\u00f3n iguals davant la llei, independentment del seu naixement, ra\u00e7a, sexe o qualsevol altra condici\u00f3 o circumst\u00e0ncia. En base a aquests preceptes, s&#8217;atribueix a les comunitats aut\u00f2nomes la compet\u00e8ncia en mat\u00e8ria tant pel que fa a accessibilitat urbana, com edificacions, transport o comunicaci\u00f3. Pots consultar les Lleis de cada comunitat aut\u00f2noma i algunes normatives d&#8217;inter\u00e8s a trav\u00e9s de la p\u00e0gina web de <a href=\"https:\/\/www.discapnet.es\/areas-tematicas\/nuestros-derechos\/legislacion\/normativas-de-interes\">Discapnet<\/a>.<\/p>\n<p>La Llei 51\/2003, de 2 desembre, emmarcada en el <a href=\"https:\/\/www.boe.es\/buscar\/act.php?lang=ca&amp;id=BOE-A-2003-22066&amp;tn=&amp;p=\">BOE de 3 de desembre de 2003 de igualtat d&#8217;oportunitats, no discriminaci\u00f3 i accessibilitat universal de les persones amb discapacitat<\/a> \u00e9s la que estableix les lleis b\u00e0siques a aquests efectes, tenint en compte els preceptes b\u00e0sics d&#8217;igualtat. Posteriorment, a partir de 2007, es van aprovar les diferents disposicions que amplien la mateixa per a les q\u00fcestions referents a les <a href=\"https:\/\/www.boe.es\/buscar\/doc.php?lang=ca&amp;id=BOE-A-2007-6239\">relacions amb l&#8217;Administraci\u00f3 General de l&#8217;Estat<\/a>, <a href=\"https:\/\/www.boe.es\/buscar\/doc.php?lang=ca&amp;id=BOE-A-2007-9607\">l&#8217;accessibilitat i no discriminaci\u00f3 de les persones amb discapacitat per a l&#8217;acc\u00e9s i utilitzaci\u00f3 dels espais p\u00fablics urbanitzats i edificacions<\/a>, <a href=\"https:\/\/www.boe.es\/buscar\/act.php?id=BOE-A-2007-19968\">les condicions b\u00e0siques per a l&#8217;acc\u00e9s a les tecnologies, productes i serveis relacionats amb la societat de la informaci\u00f3 i els mitjans de comunicaci\u00f3<\/a>; i tamb\u00e9 les referents a <a href=\"https:\/\/www.boe.es\/buscar\/doc.php?id=BOE-A-2007-20785\">l&#8217;acc\u00e9s i utilitzaci\u00f3 dels transports p\u00fablics<\/a>.<\/p>\n<p>Si necessites m\u00e9s informaci\u00f3 sobre la legislaci\u00f3 i els procediments b\u00e0sics per garantir l&#8217;accessibilitat en el teu edifici, pots <a href=\"https:\/\/www.fundacionmdp.org\/ca\/contacte\/\">contactar amb Fundaci\u00f3 M\u00fatua de Propietaris<\/a>. Tractarem de resoldre tots els teus dubtes. A m\u00e9s, pots consultar la nostra <a href=\"https:\/\/www.fundacionmdp.org\/ca\/guia-daccessibilitat-en-edificacions-existents\/\">Guia d&#8217;Accessibilitat en Edificacions Existents<\/a> per con\u00e8ixer tots els detalls T&#8217;esperem!<\/p>\n","protected":false},"excerpt":{"rendered":"<p>L&#8217;accessibilitat \u00e9s un dret universal que ha de ser garantit per a tothom, i per tant les regulacions jur\u00eddiques d&#8217;accessibilitat han d&#8217;exigir certes condicions i normatives a aquest efecte. En aquest post t&#8217;expliquem quina \u00e9s la normativa nacional sobre accessibilitat, on s&#8217;estableixen els articles i la legislaci\u00f3 b\u00e0sica sobre accessibilitat, els productes i els serveis [&hellip;]<\/p>\n","protected":false},"author":1,"featured_media":6988,"comment_status":"open","ping_status":"open","sticky":false,"template":"","format":"standard","meta":{"_acf_changed":false,"ocean_post_layout":"","ocean_both_sidebars_style":"","ocean_both_sidebars_content_width":0,"ocean_both_sidebars_sidebars_width":0,"ocean_sidebar":"0","ocean_second_sidebar":"0","ocean_disable_margins":"enable","ocean_add_body_class":"","ocean_shortcode_before_top_bar":"","ocean_shortcode_after_top_bar":"","ocean_shortcode_before_header":"","ocean_shortcode_after_header":"","ocean_has_shortcode":"","ocean_shortcode_after_title":"","ocean_shortcode_before_footer_widgets":"","ocean_shortcode_after_footer_widgets":"","ocean_shortcode_before_footer_bottom":"","ocean_shortcode_after_footer_bottom":"","ocean_display_top_bar":"default","ocean_display_header":"default","ocean_header_style":"","ocean_center_header_left_menu":"0","ocean_custom_header_template":"0","ocean_custom_logo":0,"ocean_custom_retina_logo":0,"ocean_custom_logo_max_width":0,"ocean_custom_logo_tablet_max_width":0,"ocean_custom_logo_mobile_max_width":0,"ocean_custom_logo_max_height":0,"ocean_custom_logo_tablet_max_height":0,"ocean_custom_logo_mobile_max_height":0,"ocean_header_custom_menu":"0","ocean_menu_typo_font_family":"0","ocean_menu_typo_font_subset":"","ocean_menu_typo_font_size":0,"ocean_menu_typo_font_size_tablet":0,"ocean_menu_typo_font_size_mobile":0,"ocean_menu_typo_font_size_unit":"px","ocean_menu_typo_font_weight":"","ocean_menu_typo_font_weight_tablet":"","ocean_menu_typo_font_weight_mobile":"","ocean_menu_typo_transform":"","ocean_menu_typo_transform_tablet":"","ocean_menu_typo_transform_mobile":"","ocean_menu_typo_line_height":0,"ocean_menu_typo_line_height_tablet":0,"ocean_menu_typo_line_height_mobile":0,"ocean_menu_typo_line_height_unit":"","ocean_menu_typo_spacing":0,"ocean_menu_typo_spacing_tablet":0,"ocean_menu_typo_spacing_mobile":0,"ocean_menu_typo_spacing_unit":"","ocean_menu_link_color":"","ocean_menu_link_color_hover":"","ocean_menu_link_color_active":"","ocean_menu_link_background":"","ocean_menu_link_hover_background":"","ocean_menu_link_active_background":"","ocean_menu_social_links_bg":"","ocean_menu_social_hover_links_bg":"","ocean_menu_social_links_color":"","ocean_menu_social_hover_links_color":"","ocean_disable_title":"default","ocean_disable_heading":"default","ocean_post_title":"","ocean_post_subheading":"","ocean_post_title_style":"","ocean_post_title_background_color":"","ocean_post_title_background":0,"ocean_post_title_bg_image_position":"","ocean_post_title_bg_image_attachment":"","ocean_post_title_bg_image_repeat":"","ocean_post_title_bg_image_size":"","ocean_post_title_height":0,"ocean_post_title_bg_overlay":0.5,"ocean_post_title_bg_overlay_color":"","ocean_disable_breadcrumbs":"default","ocean_breadcrumbs_color":"","ocean_breadcrumbs_separator_color":"","ocean_breadcrumbs_links_color":"","ocean_breadcrumbs_links_hover_color":"","ocean_display_footer_widgets":"default","ocean_display_footer_bottom":"default","ocean_custom_footer_template":"0","ocean_post_oembed":"","ocean_post_self_hosted_media":"","ocean_post_video_embed":"","ocean_link_format":"","ocean_link_format_target":"self","ocean_quote_format":"","ocean_quote_format_link":"post","ocean_gallery_link_images":"off","ocean_gallery_id":[],"footnotes":""},"categories":[1],"tags":[],"class_list":["post-4194","post","type-post","status-publish","format-standard","has-post-thumbnail","hentry","category-sin-categorizar","entry","has-media"],"acf":[],"yoast_head":"<!-- This site is optimized with the Yoast SEO plugin v27.3 - https:\/\/yoast.com\/product\/yoast-seo-wordpress\/ -->\n<title>Quina \u00e9s la normativa nacional sobre accessibilitat? - Fundaci\u00f3n Mutua de Propietarios<\/title>\n<meta name=\"robots\" content=\"index, follow, max-snippet:-1, max-image-preview:large, max-video-preview:-1\" \/>\n<link rel=\"canonical\" href=\"https:\/\/www.fundacionmdp.org\/ca\/quina-es-la-normativa-nacional-sobre-accessibilitat\/\" \/>\n<meta property=\"og:locale\" content=\"ca_ES\" \/>\n<meta property=\"og:type\" content=\"article\" \/>\n<meta property=\"og:title\" content=\"Quina \u00e9s la normativa nacional sobre accessibilitat? - Fundaci\u00f3n Mutua de Propietarios\" \/>\n<meta property=\"og:description\" content=\"L&#8217;accessibilitat \u00e9s un dret universal que ha de ser garantit per a tothom, i per tant les regulacions jur\u00eddiques d&#8217;accessibilitat han d&#8217;exigir certes condicions i normatives a aquest efecte. En aquest post t&#8217;expliquem quina \u00e9s la normativa nacional sobre accessibilitat, on s&#8217;estableixen els articles i la legislaci\u00f3 b\u00e0sica sobre accessibilitat, els productes i els serveis [&hellip;]\" \/>\n<meta property=\"og:url\" content=\"https:\/\/www.fundacionmdp.org\/ca\/quina-es-la-normativa-nacional-sobre-accessibilitat\/\" \/>\n<meta property=\"og:site_name\" content=\"Fundaci\u00f3n Mutua de Propietarios\" \/>\n<meta property=\"article:published_time\" content=\"2020-02-18T12:55:21+00:00\" \/>\n<meta property=\"article:modified_time\" content=\"2023-05-15T09:24:26+00:00\" \/>\n<meta property=\"og:image\" content=\"https:\/\/www.fundacionmdp.org\/wp-content\/uploads\/2023\/05\/bcn.jpg\" \/>\n\t<meta property=\"og:image:width\" content=\"320\" \/>\n\t<meta property=\"og:image:height\" content=\"216\" \/>\n\t<meta property=\"og:image:type\" content=\"image\/jpeg\" \/>\n<meta name=\"author\" content=\"fundacionmdp\" \/>\n<meta name=\"twitter:card\" content=\"summary_large_image\" \/>\n<meta name=\"twitter:label1\" content=\"Escrit per\" \/>\n\t<meta name=\"twitter:data1\" content=\"fundacionmdp\" \/>\n\t<meta name=\"twitter:label2\" content=\"Temps estimat de lectura\" \/>\n\t<meta name=\"twitter:data2\" content=\"3 minuts\" \/>\n<script type=\"application\/ld+json\" class=\"yoast-schema-graph\">{\"@context\":\"https:\\\/\\\/schema.org\",\"@graph\":[{\"@type\":\"Article\",\"@id\":\"https:\\\/\\\/www.fundacionmdp.org\\\/ca\\\/quina-es-la-normativa-nacional-sobre-accessibilitat\\\/#article\",\"isPartOf\":{\"@id\":\"https:\\\/\\\/www.fundacionmdp.org\\\/ca\\\/quina-es-la-normativa-nacional-sobre-accessibilitat\\\/\"},\"author\":{\"name\":\"fundacionmdp\",\"@id\":\"https:\\\/\\\/www.fundacionmdp.org\\\/#\\\/schema\\\/person\\\/12f9af801cac25dfcb5a96cb0090f703\"},\"headline\":\"Quina \u00e9s la normativa nacional sobre accessibilitat?\",\"datePublished\":\"2020-02-18T12:55:21+00:00\",\"dateModified\":\"2023-05-15T09:24:26+00:00\",\"mainEntityOfPage\":{\"@id\":\"https:\\\/\\\/www.fundacionmdp.org\\\/ca\\\/quina-es-la-normativa-nacional-sobre-accessibilitat\\\/\"},\"wordCount\":602,\"commentCount\":0,\"publisher\":{\"@id\":\"https:\\\/\\\/www.fundacionmdp.org\\\/#organization\"},\"image\":{\"@id\":\"https:\\\/\\\/www.fundacionmdp.org\\\/ca\\\/quina-es-la-normativa-nacional-sobre-accessibilitat\\\/#primaryimage\"},\"thumbnailUrl\":\"https:\\\/\\\/www.fundacionmdp.org\\\/wp-content\\\/uploads\\\/2023\\\/05\\\/bcn.jpg\",\"articleSection\":[\"Sin categorizar\"],\"inLanguage\":\"ca\",\"potentialAction\":[{\"@type\":\"CommentAction\",\"name\":\"Comment\",\"target\":[\"https:\\\/\\\/www.fundacionmdp.org\\\/ca\\\/quina-es-la-normativa-nacional-sobre-accessibilitat\\\/#respond\"]}]},{\"@type\":\"WebPage\",\"@id\":\"https:\\\/\\\/www.fundacionmdp.org\\\/ca\\\/quina-es-la-normativa-nacional-sobre-accessibilitat\\\/\",\"url\":\"https:\\\/\\\/www.fundacionmdp.org\\\/ca\\\/quina-es-la-normativa-nacional-sobre-accessibilitat\\\/\",\"name\":\"Quina \u00e9s la normativa nacional sobre accessibilitat? - Fundaci\u00f3n Mutua de Propietarios\",\"isPartOf\":{\"@id\":\"https:\\\/\\\/www.fundacionmdp.org\\\/#website\"},\"primaryImageOfPage\":{\"@id\":\"https:\\\/\\\/www.fundacionmdp.org\\\/ca\\\/quina-es-la-normativa-nacional-sobre-accessibilitat\\\/#primaryimage\"},\"image\":{\"@id\":\"https:\\\/\\\/www.fundacionmdp.org\\\/ca\\\/quina-es-la-normativa-nacional-sobre-accessibilitat\\\/#primaryimage\"},\"thumbnailUrl\":\"https:\\\/\\\/www.fundacionmdp.org\\\/wp-content\\\/uploads\\\/2023\\\/05\\\/bcn.jpg\",\"datePublished\":\"2020-02-18T12:55:21+00:00\",\"dateModified\":\"2023-05-15T09:24:26+00:00\",\"breadcrumb\":{\"@id\":\"https:\\\/\\\/www.fundacionmdp.org\\\/ca\\\/quina-es-la-normativa-nacional-sobre-accessibilitat\\\/#breadcrumb\"},\"inLanguage\":\"ca\",\"potentialAction\":[{\"@type\":\"ReadAction\",\"target\":[\"https:\\\/\\\/www.fundacionmdp.org\\\/ca\\\/quina-es-la-normativa-nacional-sobre-accessibilitat\\\/\"]}]},{\"@type\":\"ImageObject\",\"inLanguage\":\"ca\",\"@id\":\"https:\\\/\\\/www.fundacionmdp.org\\\/ca\\\/quina-es-la-normativa-nacional-sobre-accessibilitat\\\/#primaryimage\",\"url\":\"https:\\\/\\\/www.fundacionmdp.org\\\/wp-content\\\/uploads\\\/2023\\\/05\\\/bcn.jpg\",\"contentUrl\":\"https:\\\/\\\/www.fundacionmdp.org\\\/wp-content\\\/uploads\\\/2023\\\/05\\\/bcn.jpg\",\"width\":320,\"height\":216},{\"@type\":\"BreadcrumbList\",\"@id\":\"https:\\\/\\\/www.fundacionmdp.org\\\/ca\\\/quina-es-la-normativa-nacional-sobre-accessibilitat\\\/#breadcrumb\",\"itemListElement\":[{\"@type\":\"ListItem\",\"position\":1,\"name\":\"Home\",\"item\":\"https:\\\/\\\/www.fundacionmdp.org\\\/ca\\\/\"},{\"@type\":\"ListItem\",\"position\":2,\"name\":\"Quina \u00e9s la normativa nacional sobre accessibilitat?\"}]},{\"@type\":\"WebSite\",\"@id\":\"https:\\\/\\\/www.fundacionmdp.org\\\/#website\",\"url\":\"https:\\\/\\\/www.fundacionmdp.org\\\/\",\"name\":\"Fundaci\u00f3n Mutua de Propietarios\",\"description\":\"En la Fundaci\u00f3n Mutua de Propietarios te ayudamos a convertir tu edificio de viviendas en un espacio sin barreras arquitect\u00f3nicas.\",\"publisher\":{\"@id\":\"https:\\\/\\\/www.fundacionmdp.org\\\/#organization\"},\"potentialAction\":[{\"@type\":\"SearchAction\",\"target\":{\"@type\":\"EntryPoint\",\"urlTemplate\":\"https:\\\/\\\/www.fundacionmdp.org\\\/?s={search_term_string}\"},\"query-input\":{\"@type\":\"PropertyValueSpecification\",\"valueRequired\":true,\"valueName\":\"search_term_string\"}}],\"inLanguage\":\"ca\"},{\"@type\":\"Organization\",\"@id\":\"https:\\\/\\\/www.fundacionmdp.org\\\/#organization\",\"name\":\"Fundaci\u00f3n Mutua de Propietarios\",\"url\":\"https:\\\/\\\/www.fundacionmdp.org\\\/\",\"logo\":{\"@type\":\"ImageObject\",\"inLanguage\":\"ca\",\"@id\":\"https:\\\/\\\/www.fundacionmdp.org\\\/#\\\/schema\\\/logo\\\/image\\\/\",\"url\":\"https:\\\/\\\/www.fundacionmdp.org\\\/wp-content\\\/uploads\\\/2023\\\/05\\\/logo_FMdP_cat.png\",\"contentUrl\":\"https:\\\/\\\/www.fundacionmdp.org\\\/wp-content\\\/uploads\\\/2023\\\/05\\\/logo_FMdP_cat.png\",\"width\":655,\"height\":297,\"caption\":\"Fundaci\u00f3n Mutua de Propietarios\"},\"image\":{\"@id\":\"https:\\\/\\\/www.fundacionmdp.org\\\/#\\\/schema\\\/logo\\\/image\\\/\"}},{\"@type\":\"Person\",\"@id\":\"https:\\\/\\\/www.fundacionmdp.org\\\/#\\\/schema\\\/person\\\/12f9af801cac25dfcb5a96cb0090f703\",\"name\":\"fundacionmdp\",\"image\":{\"@type\":\"ImageObject\",\"inLanguage\":\"ca\",\"@id\":\"https:\\\/\\\/secure.gravatar.com\\\/avatar\\\/b540f93d1816a14d85e51109d050c3243b98fb660a665f517a6d2597cff3bbed?s=96&d=mm&r=g\",\"url\":\"https:\\\/\\\/secure.gravatar.com\\\/avatar\\\/b540f93d1816a14d85e51109d050c3243b98fb660a665f517a6d2597cff3bbed?s=96&d=mm&r=g\",\"contentUrl\":\"https:\\\/\\\/secure.gravatar.com\\\/avatar\\\/b540f93d1816a14d85e51109d050c3243b98fb660a665f517a6d2597cff3bbed?s=96&d=mm&r=g\",\"caption\":\"fundacionmdp\"},\"sameAs\":[\"http:\\\/\\\/prezuk.com.mialias.net\\\/fundacionmdp\"],\"url\":\"https:\\\/\\\/www.fundacionmdp.org\\\/ca\\\/author\\\/fundacionmdp\\\/\"}]}<\/script>\n<!-- \/ Yoast SEO plugin. -->","yoast_head_json":{"title":"Quina \u00e9s la normativa nacional sobre accessibilitat? - Fundaci\u00f3n Mutua de Propietarios","robots":{"index":"index","follow":"follow","max-snippet":"max-snippet:-1","max-image-preview":"max-image-preview:large","max-video-preview":"max-video-preview:-1"},"canonical":"https:\/\/www.fundacionmdp.org\/ca\/quina-es-la-normativa-nacional-sobre-accessibilitat\/","og_locale":"ca_ES","og_type":"article","og_title":"Quina \u00e9s la normativa nacional sobre accessibilitat? - Fundaci\u00f3n Mutua de Propietarios","og_description":"L&#8217;accessibilitat \u00e9s un dret universal que ha de ser garantit per a tothom, i per tant les regulacions jur\u00eddiques d&#8217;accessibilitat han d&#8217;exigir certes condicions i normatives a aquest efecte. En aquest post t&#8217;expliquem quina \u00e9s la normativa nacional sobre accessibilitat, on s&#8217;estableixen els articles i la legislaci\u00f3 b\u00e0sica sobre accessibilitat, els productes i els serveis [&hellip;]","og_url":"https:\/\/www.fundacionmdp.org\/ca\/quina-es-la-normativa-nacional-sobre-accessibilitat\/","og_site_name":"Fundaci\u00f3n Mutua de Propietarios","article_published_time":"2020-02-18T12:55:21+00:00","article_modified_time":"2023-05-15T09:24:26+00:00","og_image":[{"width":320,"height":216,"url":"https:\/\/www.fundacionmdp.org\/wp-content\/uploads\/2023\/05\/bcn.jpg","type":"image\/jpeg"}],"author":"fundacionmdp","twitter_card":"summary_large_image","twitter_misc":{"Escrit per":"fundacionmdp","Temps estimat de lectura":"3 minuts"},"schema":{"@context":"https:\/\/schema.org","@graph":[{"@type":"Article","@id":"https:\/\/www.fundacionmdp.org\/ca\/quina-es-la-normativa-nacional-sobre-accessibilitat\/#article","isPartOf":{"@id":"https:\/\/www.fundacionmdp.org\/ca\/quina-es-la-normativa-nacional-sobre-accessibilitat\/"},"author":{"name":"fundacionmdp","@id":"https:\/\/www.fundacionmdp.org\/#\/schema\/person\/12f9af801cac25dfcb5a96cb0090f703"},"headline":"Quina \u00e9s la normativa nacional sobre accessibilitat?","datePublished":"2020-02-18T12:55:21+00:00","dateModified":"2023-05-15T09:24:26+00:00","mainEntityOfPage":{"@id":"https:\/\/www.fundacionmdp.org\/ca\/quina-es-la-normativa-nacional-sobre-accessibilitat\/"},"wordCount":602,"commentCount":0,"publisher":{"@id":"https:\/\/www.fundacionmdp.org\/#organization"},"image":{"@id":"https:\/\/www.fundacionmdp.org\/ca\/quina-es-la-normativa-nacional-sobre-accessibilitat\/#primaryimage"},"thumbnailUrl":"https:\/\/www.fundacionmdp.org\/wp-content\/uploads\/2023\/05\/bcn.jpg","articleSection":["Sin categorizar"],"inLanguage":"ca","potentialAction":[{"@type":"CommentAction","name":"Comment","target":["https:\/\/www.fundacionmdp.org\/ca\/quina-es-la-normativa-nacional-sobre-accessibilitat\/#respond"]}]},{"@type":"WebPage","@id":"https:\/\/www.fundacionmdp.org\/ca\/quina-es-la-normativa-nacional-sobre-accessibilitat\/","url":"https:\/\/www.fundacionmdp.org\/ca\/quina-es-la-normativa-nacional-sobre-accessibilitat\/","name":"Quina \u00e9s la normativa nacional sobre accessibilitat? - Fundaci\u00f3n Mutua de Propietarios","isPartOf":{"@id":"https:\/\/www.fundacionmdp.org\/#website"},"primaryImageOfPage":{"@id":"https:\/\/www.fundacionmdp.org\/ca\/quina-es-la-normativa-nacional-sobre-accessibilitat\/#primaryimage"},"image":{"@id":"https:\/\/www.fundacionmdp.org\/ca\/quina-es-la-normativa-nacional-sobre-accessibilitat\/#primaryimage"},"thumbnailUrl":"https:\/\/www.fundacionmdp.org\/wp-content\/uploads\/2023\/05\/bcn.jpg","datePublished":"2020-02-18T12:55:21+00:00","dateModified":"2023-05-15T09:24:26+00:00","breadcrumb":{"@id":"https:\/\/www.fundacionmdp.org\/ca\/quina-es-la-normativa-nacional-sobre-accessibilitat\/#breadcrumb"},"inLanguage":"ca","potentialAction":[{"@type":"ReadAction","target":["https:\/\/www.fundacionmdp.org\/ca\/quina-es-la-normativa-nacional-sobre-accessibilitat\/"]}]},{"@type":"ImageObject","inLanguage":"ca","@id":"https:\/\/www.fundacionmdp.org\/ca\/quina-es-la-normativa-nacional-sobre-accessibilitat\/#primaryimage","url":"https:\/\/www.fundacionmdp.org\/wp-content\/uploads\/2023\/05\/bcn.jpg","contentUrl":"https:\/\/www.fundacionmdp.org\/wp-content\/uploads\/2023\/05\/bcn.jpg","width":320,"height":216},{"@type":"BreadcrumbList","@id":"https:\/\/www.fundacionmdp.org\/ca\/quina-es-la-normativa-nacional-sobre-accessibilitat\/#breadcrumb","itemListElement":[{"@type":"ListItem","position":1,"name":"Home","item":"https:\/\/www.fundacionmdp.org\/ca\/"},{"@type":"ListItem","position":2,"name":"Quina \u00e9s la normativa nacional sobre accessibilitat?"}]},{"@type":"WebSite","@id":"https:\/\/www.fundacionmdp.org\/#website","url":"https:\/\/www.fundacionmdp.org\/","name":"Fundaci\u00f3n Mutua de Propietarios","description":"En la Fundaci\u00f3n Mutua de Propietarios te ayudamos a convertir tu edificio de viviendas en un espacio sin barreras arquitect\u00f3nicas.","publisher":{"@id":"https:\/\/www.fundacionmdp.org\/#organization"},"potentialAction":[{"@type":"SearchAction","target":{"@type":"EntryPoint","urlTemplate":"https:\/\/www.fundacionmdp.org\/?s={search_term_string}"},"query-input":{"@type":"PropertyValueSpecification","valueRequired":true,"valueName":"search_term_string"}}],"inLanguage":"ca"},{"@type":"Organization","@id":"https:\/\/www.fundacionmdp.org\/#organization","name":"Fundaci\u00f3n Mutua de Propietarios","url":"https:\/\/www.fundacionmdp.org\/","logo":{"@type":"ImageObject","inLanguage":"ca","@id":"https:\/\/www.fundacionmdp.org\/#\/schema\/logo\/image\/","url":"https:\/\/www.fundacionmdp.org\/wp-content\/uploads\/2023\/05\/logo_FMdP_cat.png","contentUrl":"https:\/\/www.fundacionmdp.org\/wp-content\/uploads\/2023\/05\/logo_FMdP_cat.png","width":655,"height":297,"caption":"Fundaci\u00f3n Mutua de Propietarios"},"image":{"@id":"https:\/\/www.fundacionmdp.org\/#\/schema\/logo\/image\/"}},{"@type":"Person","@id":"https:\/\/www.fundacionmdp.org\/#\/schema\/person\/12f9af801cac25dfcb5a96cb0090f703","name":"fundacionmdp","image":{"@type":"ImageObject","inLanguage":"ca","@id":"https:\/\/secure.gravatar.com\/avatar\/b540f93d1816a14d85e51109d050c3243b98fb660a665f517a6d2597cff3bbed?s=96&d=mm&r=g","url":"https:\/\/secure.gravatar.com\/avatar\/b540f93d1816a14d85e51109d050c3243b98fb660a665f517a6d2597cff3bbed?s=96&d=mm&r=g","contentUrl":"https:\/\/secure.gravatar.com\/avatar\/b540f93d1816a14d85e51109d050c3243b98fb660a665f517a6d2597cff3bbed?s=96&d=mm&r=g","caption":"fundacionmdp"},"sameAs":["http:\/\/prezuk.com.mialias.net\/fundacionmdp"],"url":"https:\/\/www.fundacionmdp.org\/ca\/author\/fundacionmdp\/"}]}},"_links":{"self":[{"href":"https:\/\/www.fundacionmdp.org\/ca\/wp-json\/wp\/v2\/posts\/4194","targetHints":{"allow":["GET"]}}],"collection":[{"href":"https:\/\/www.fundacionmdp.org\/ca\/wp-json\/wp\/v2\/posts"}],"about":[{"href":"https:\/\/www.fundacionmdp.org\/ca\/wp-json\/wp\/v2\/types\/post"}],"author":[{"embeddable":true,"href":"https:\/\/www.fundacionmdp.org\/ca\/wp-json\/wp\/v2\/users\/1"}],"replies":[{"embeddable":true,"href":"https:\/\/www.fundacionmdp.org\/ca\/wp-json\/wp\/v2\/comments?post=4194"}],"version-history":[{"count":3,"href":"https:\/\/www.fundacionmdp.org\/ca\/wp-json\/wp\/v2\/posts\/4194\/revisions"}],"predecessor-version":[{"id":6994,"href":"https:\/\/www.fundacionmdp.org\/ca\/wp-json\/wp\/v2\/posts\/4194\/revisions\/6994"}],"wp:featuredmedia":[{"embeddable":true,"href":"https:\/\/www.fundacionmdp.org\/ca\/wp-json\/wp\/v2\/media\/6988"}],"wp:attachment":[{"href":"https:\/\/www.fundacionmdp.org\/ca\/wp-json\/wp\/v2\/media?parent=4194"}],"wp:term":[{"taxonomy":"category","embeddable":true,"href":"https:\/\/www.fundacionmdp.org\/ca\/wp-json\/wp\/v2\/categories?post=4194"},{"taxonomy":"post_tag","embeddable":true,"href":"https:\/\/www.fundacionmdp.org\/ca\/wp-json\/wp\/v2\/tags?post=4194"}],"curies":[{"name":"wp","href":"https:\/\/api.w.org\/{rel}","templated":true}]}}