{"id":4211,"date":"2020-02-28T12:03:15","date_gmt":"2020-02-28T11:03:15","guid":{"rendered":"https:\/\/www.fundacionmdp.org\/?p=4211"},"modified":"2023-05-15T09:26:40","modified_gmt":"2023-05-15T09:26:40","slug":"com-la-domotica-pot-ajudar-a-laccessibilitat-en-edificis","status":"publish","type":"post","link":"https:\/\/www.fundacionmdp.org\/ca\/com-la-domotica-pot-ajudar-a-laccessibilitat-en-edificis\/","title":{"rendered":"Com la dom\u00f2tica pot ajudar a l\u2019accessibilitat en edificis"},"content":{"rendered":"<p>En els \u00faltims anys hem vist com s\u2019ha desenvolupat un important canvi en els sistemes de comunicaci\u00f3 i tecnologia, sent un dels pilars la dom\u00f2tica, que de ser un luxe ha passat a ser un element quotidi\u00e0 en moltes llars.<\/p>\n<p>La dom\u00f2tica t\u00e9 com a objectiu millorar la qualitat de vida de les persones i constitueix una eina molt efica\u00e7 per millorar la vida de les persones amb mobilitat redu\u00efda.<\/p>\n<p>A Espanya, s\u2019estima que hi ha 3,85 milions de persones amb mobilitat redu\u00efda, el que equival al 20% de les llars, de les quals, el 74% afirma tenir dificultats per realitzar activitats b\u00e0siques de la vida di\u00e0ria.<\/p>\n<h2>Avantatges de la dom\u00f2tica per a l\u2019accessibilitat en edificis<\/h2>\n<p>La dom\u00f2tica, aplicada tant a l\u2019habitatge particular com a l\u2019edifici, converteix aquests elements en \u201cintel\u00b7ligents\u201d perqu\u00e8 les persones que fan \u00fas d\u2019ella puguin minimitzar els esfor\u00e7os, sent un instrument ideal perqu\u00e8 les persones que pateixen algun tipus de problema que redueixi la seva mobilitat puguin tenir autonomia, no nom\u00e9s facilitant l\u2019exercici de les tasques, sin\u00f3 tamb\u00e9 millorant la comunicaci\u00f3 amb les persones de l\u2019entorn.<\/p>\n<p><span style=\"font-weight: 400;\"><img fetchpriority=\"high\" decoding=\"async\" class=\"size-medium wp-image-3804 alignleft\" src=\"http:\/\/prezuk.com.mialias.net\/fundacionmdp\/wp-content\/uploads\/2023\/05\/20180108_Ascensor-SB-scaled.jpg\" alt=\"\" width=\"300\" height=\"200\"><span style=\"font-weight: 400;\">&#8211; Tancament i obertura autom\u00e0tica de portes: les portes dels portals solen ser pesades i solen tancar-se r\u00e0pid despr\u00e9s del pas, el que se suma el fet d\u2019haver d\u2019introduir la clau al pany mentre es realitza l\u2019obertura. Aix\u00f2 provoca que l\u2019acc\u00e9s al portal suposi un repte per a les persones amb mobilitat redu\u00efda. <\/span><\/span><\/p>\n<p><span style=\"font-weight: 400;\">&#8211; En aquest punt, la dom\u00f2tica facilita la tasca mitjan\u00e7ant l\u2019obertura autom\u00e0tica de portes mecanitzades amb pressi\u00f3 o acostament d\u2019objectes al pany, que ha d\u2019estar situada a una altura m\u00e0xima de 120 cm.<br \/>\n<\/span><\/p>\n<p><span style=\"font-weight: 400;\">&#8211; Cadires elevadores: per a aquells edificis desprove\u00efts d\u2019ascensors en els quals hi hagi un desnivell en l\u2019acc\u00e9s al portal o dins d\u2019aquest, \u00e9s essencial la instal\u00b7laci\u00f3 de cadires elevadores que permetin a les persones amb mobilitat redu\u00efda salvar aquestes barreres arquitect\u00f2niques.<\/span><\/p>\n<p><span style=\"font-weight: 400;\">&#8211; Int\u00e8rfons amb c\u00e0mera: els int\u00e8rfons amb c\u00e0mera permeten a les persones amb mobilitat redu\u00efda observar qui els crida sense necessitat de despla\u00e7ar-se cap a l\u2019acc\u00e9s a la casa, a trav\u00e9s de la visualitzaci\u00f3 del portal a la televisi\u00f3.<\/span><\/p>\n<p><span style=\"font-weight: 400;\">&#8211; Il\u00b7luminaci\u00f3 detectora de pres\u00e8ncia: aquest sistema \u00e9s, potser, el m\u00e9s est\u00e8s en els edificis. Es tracta d\u2019un sistema que detecta la pres\u00e8ncia de la persona a l\u2019interior de l\u2019estan\u00e7a i activa la il\u00b7luminaci\u00f3 d\u2019aquesta sense necessitat de pressionar interruptors. <\/span><\/p>\n<p>A m\u00e9s d\u2019aquests sistemes tecnol\u00f2gics i inform\u00e0tics per a l\u2019accessibilitat a l\u2019edifici, hi ha altres aplicacions dom\u00f2tiques que ajuden a l\u2019accessibilitat a la llar, com ara tel\u00e8fons amb sensors o reconeixement de veu, comandaments amb control per veu per a gestionar determinants equips, etc.<\/p>\n<p>Tots els mecanismes i components que integren un edifici dom\u00f2tic es basen en l\u2019accessibilitat universal i el \u201cdisseny per a tots\u201d. L\u2019objectiu \u00e9s dotar de suport a les persones amb mobilitat redu\u00efda per al desenvolupament de les tasques quotidianes i proporcionar una major autonomia, en una realitat on nom\u00e9s un 0,6% dels 9,8 milions d\u2019edificis d\u2019habitatges compleixen els criteris d\u2019accessibilitat universal.<\/p>\n","protected":false},"excerpt":{"rendered":"<p>En els \u00faltims anys hem vist com s\u2019ha desenvolupat un important canvi en els sistemes de comunicaci\u00f3 i tecnologia, sent un dels pilars la dom\u00f2tica, que de ser un luxe ha passat a ser un element quotidi\u00e0 en moltes llars. La dom\u00f2tica t\u00e9 com a objectiu millorar la qualitat de vida de les persones i [&hellip;]<\/p>\n","protected":false},"author":1,"featured_media":7000,"comment_status":"open","ping_status":"open","sticky":false,"template":"","format":"standard","meta":{"_acf_changed":false,"ocean_post_layout":"","ocean_both_sidebars_style":"","ocean_both_sidebars_content_width":0,"ocean_both_sidebars_sidebars_width":0,"ocean_sidebar":"0","ocean_second_sidebar":"0","ocean_disable_margins":"enable","ocean_add_body_class":"","ocean_shortcode_before_top_bar":"","ocean_shortcode_after_top_bar":"","ocean_shortcode_before_header":"","ocean_shortcode_after_header":"","ocean_has_shortcode":"","ocean_shortcode_after_title":"","ocean_shortcode_before_footer_widgets":"","ocean_shortcode_after_footer_widgets":"","ocean_shortcode_before_footer_bottom":"","ocean_shortcode_after_footer_bottom":"","ocean_display_top_bar":"default","ocean_display_header":"default","ocean_header_style":"","ocean_center_header_left_menu":"0","ocean_custom_header_template":"0","ocean_custom_logo":0,"ocean_custom_retina_logo":0,"ocean_custom_logo_max_width":0,"ocean_custom_logo_tablet_max_width":0,"ocean_custom_logo_mobile_max_width":0,"ocean_custom_logo_max_height":0,"ocean_custom_logo_tablet_max_height":0,"ocean_custom_logo_mobile_max_height":0,"ocean_header_custom_menu":"0","ocean_menu_typo_font_family":"0","ocean_menu_typo_font_subset":"","ocean_menu_typo_font_size":0,"ocean_menu_typo_font_size_tablet":0,"ocean_menu_typo_font_size_mobile":0,"ocean_menu_typo_font_size_unit":"px","ocean_menu_typo_font_weight":"","ocean_menu_typo_font_weight_tablet":"","ocean_menu_typo_font_weight_mobile":"","ocean_menu_typo_transform":"","ocean_menu_typo_transform_tablet":"","ocean_menu_typo_transform_mobile":"","ocean_menu_typo_line_height":0,"ocean_menu_typo_line_height_tablet":0,"ocean_menu_typo_line_height_mobile":0,"ocean_menu_typo_line_height_unit":"","ocean_menu_typo_spacing":0,"ocean_menu_typo_spacing_tablet":0,"ocean_menu_typo_spacing_mobile":0,"ocean_menu_typo_spacing_unit":"","ocean_menu_link_color":"","ocean_menu_link_color_hover":"","ocean_menu_link_color_active":"","ocean_menu_link_background":"","ocean_menu_link_hover_background":"","ocean_menu_link_active_background":"","ocean_menu_social_links_bg":"","ocean_menu_social_hover_links_bg":"","ocean_menu_social_links_color":"","ocean_menu_social_hover_links_color":"","ocean_disable_title":"default","ocean_disable_heading":"default","ocean_post_title":"","ocean_post_subheading":"","ocean_post_title_style":"","ocean_post_title_background_color":"","ocean_post_title_background":0,"ocean_post_title_bg_image_position":"","ocean_post_title_bg_image_attachment":"","ocean_post_title_bg_image_repeat":"","ocean_post_title_bg_image_size":"","ocean_post_title_height":0,"ocean_post_title_bg_overlay":0.5,"ocean_post_title_bg_overlay_color":"","ocean_disable_breadcrumbs":"default","ocean_breadcrumbs_color":"","ocean_breadcrumbs_separator_color":"","ocean_breadcrumbs_links_color":"","ocean_breadcrumbs_links_hover_color":"","ocean_display_footer_widgets":"default","ocean_display_footer_bottom":"default","ocean_custom_footer_template":"0","ocean_post_oembed":"","ocean_post_self_hosted_media":"","ocean_post_video_embed":"","ocean_link_format":"","ocean_link_format_target":"self","ocean_quote_format":"","ocean_quote_format_link":"post","ocean_gallery_link_images":"off","ocean_gallery_id":[],"footnotes":""},"categories":[1],"tags":[],"class_list":["post-4211","post","type-post","status-publish","format-standard","has-post-thumbnail","hentry","category-sin-categorizar","entry","has-media"],"acf":[],"yoast_head":"<!-- This site is optimized with the Yoast SEO plugin v27.3 - https:\/\/yoast.com\/product\/yoast-seo-wordpress\/ -->\n<title>Com la dom\u00f2tica pot ajudar a l\u2019accessibilitat en edificis - Fundaci\u00f3n Mutua de Propietarios<\/title>\n<meta name=\"robots\" content=\"index, follow, max-snippet:-1, max-image-preview:large, max-video-preview:-1\" \/>\n<link rel=\"canonical\" href=\"https:\/\/www.fundacionmdp.org\/ca\/com-la-domotica-pot-ajudar-a-laccessibilitat-en-edificis\/\" \/>\n<meta property=\"og:locale\" content=\"ca_ES\" \/>\n<meta property=\"og:type\" content=\"article\" \/>\n<meta property=\"og:title\" content=\"Com la dom\u00f2tica pot ajudar a l\u2019accessibilitat en edificis - Fundaci\u00f3n Mutua de Propietarios\" \/>\n<meta property=\"og:description\" content=\"En els \u00faltims anys hem vist com s\u2019ha desenvolupat un important canvi en els sistemes de comunicaci\u00f3 i tecnologia, sent un dels pilars la dom\u00f2tica, que de ser un luxe ha passat a ser un element quotidi\u00e0 en moltes llars. La dom\u00f2tica t\u00e9 com a objectiu millorar la qualitat de vida de les persones i [&hellip;]\" \/>\n<meta property=\"og:url\" content=\"https:\/\/www.fundacionmdp.org\/ca\/com-la-domotica-pot-ajudar-a-laccessibilitat-en-edificis\/\" \/>\n<meta property=\"og:site_name\" content=\"Fundaci\u00f3n Mutua de Propietarios\" \/>\n<meta property=\"article:published_time\" content=\"2020-02-28T11:03:15+00:00\" \/>\n<meta property=\"article:modified_time\" content=\"2023-05-15T09:26:40+00:00\" \/>\n<meta property=\"og:image\" content=\"https:\/\/www.fundacionmdp.org\/wp-content\/uploads\/2023\/05\/20180108_Ascensor-SB-scaled.jpg\" \/>\n\t<meta property=\"og:image:width\" content=\"2560\" \/>\n\t<meta property=\"og:image:height\" content=\"1714\" \/>\n\t<meta property=\"og:image:type\" content=\"image\/jpeg\" \/>\n<meta name=\"author\" content=\"fundacionmdp\" \/>\n<meta name=\"twitter:card\" content=\"summary_large_image\" \/>\n<meta name=\"twitter:label1\" content=\"Escrit per\" \/>\n\t<meta name=\"twitter:data1\" content=\"fundacionmdp\" \/>\n\t<meta name=\"twitter:label2\" content=\"Temps estimat de lectura\" \/>\n\t<meta name=\"twitter:data2\" content=\"3 minuts\" \/>\n<script type=\"application\/ld+json\" class=\"yoast-schema-graph\">{\"@context\":\"https:\\\/\\\/schema.org\",\"@graph\":[{\"@type\":\"Article\",\"@id\":\"https:\\\/\\\/www.fundacionmdp.org\\\/ca\\\/com-la-domotica-pot-ajudar-a-laccessibilitat-en-edificis\\\/#article\",\"isPartOf\":{\"@id\":\"https:\\\/\\\/www.fundacionmdp.org\\\/ca\\\/com-la-domotica-pot-ajudar-a-laccessibilitat-en-edificis\\\/\"},\"author\":{\"name\":\"fundacionmdp\",\"@id\":\"https:\\\/\\\/www.fundacionmdp.org\\\/#\\\/schema\\\/person\\\/12f9af801cac25dfcb5a96cb0090f703\"},\"headline\":\"Com la dom\u00f2tica pot ajudar a l\u2019accessibilitat en edificis\",\"datePublished\":\"2020-02-28T11:03:15+00:00\",\"dateModified\":\"2023-05-15T09:26:40+00:00\",\"mainEntityOfPage\":{\"@id\":\"https:\\\/\\\/www.fundacionmdp.org\\\/ca\\\/com-la-domotica-pot-ajudar-a-laccessibilitat-en-edificis\\\/\"},\"wordCount\":577,\"commentCount\":0,\"publisher\":{\"@id\":\"https:\\\/\\\/www.fundacionmdp.org\\\/#organization\"},\"image\":{\"@id\":\"https:\\\/\\\/www.fundacionmdp.org\\\/ca\\\/com-la-domotica-pot-ajudar-a-laccessibilitat-en-edificis\\\/#primaryimage\"},\"thumbnailUrl\":\"https:\\\/\\\/www.fundacionmdp.org\\\/wp-content\\\/uploads\\\/2023\\\/05\\\/20180108_Ascensor-SB-scaled.jpg\",\"articleSection\":[\"Sin categorizar\"],\"inLanguage\":\"ca\",\"potentialAction\":[{\"@type\":\"CommentAction\",\"name\":\"Comment\",\"target\":[\"https:\\\/\\\/www.fundacionmdp.org\\\/ca\\\/com-la-domotica-pot-ajudar-a-laccessibilitat-en-edificis\\\/#respond\"]}]},{\"@type\":\"WebPage\",\"@id\":\"https:\\\/\\\/www.fundacionmdp.org\\\/ca\\\/com-la-domotica-pot-ajudar-a-laccessibilitat-en-edificis\\\/\",\"url\":\"https:\\\/\\\/www.fundacionmdp.org\\\/ca\\\/com-la-domotica-pot-ajudar-a-laccessibilitat-en-edificis\\\/\",\"name\":\"Com la dom\u00f2tica pot ajudar a l\u2019accessibilitat en edificis - Fundaci\u00f3n Mutua de Propietarios\",\"isPartOf\":{\"@id\":\"https:\\\/\\\/www.fundacionmdp.org\\\/#website\"},\"primaryImageOfPage\":{\"@id\":\"https:\\\/\\\/www.fundacionmdp.org\\\/ca\\\/com-la-domotica-pot-ajudar-a-laccessibilitat-en-edificis\\\/#primaryimage\"},\"image\":{\"@id\":\"https:\\\/\\\/www.fundacionmdp.org\\\/ca\\\/com-la-domotica-pot-ajudar-a-laccessibilitat-en-edificis\\\/#primaryimage\"},\"thumbnailUrl\":\"https:\\\/\\\/www.fundacionmdp.org\\\/wp-content\\\/uploads\\\/2023\\\/05\\\/20180108_Ascensor-SB-scaled.jpg\",\"datePublished\":\"2020-02-28T11:03:15+00:00\",\"dateModified\":\"2023-05-15T09:26:40+00:00\",\"breadcrumb\":{\"@id\":\"https:\\\/\\\/www.fundacionmdp.org\\\/ca\\\/com-la-domotica-pot-ajudar-a-laccessibilitat-en-edificis\\\/#breadcrumb\"},\"inLanguage\":\"ca\",\"potentialAction\":[{\"@type\":\"ReadAction\",\"target\":[\"https:\\\/\\\/www.fundacionmdp.org\\\/ca\\\/com-la-domotica-pot-ajudar-a-laccessibilitat-en-edificis\\\/\"]}]},{\"@type\":\"ImageObject\",\"inLanguage\":\"ca\",\"@id\":\"https:\\\/\\\/www.fundacionmdp.org\\\/ca\\\/com-la-domotica-pot-ajudar-a-laccessibilitat-en-edificis\\\/#primaryimage\",\"url\":\"https:\\\/\\\/www.fundacionmdp.org\\\/wp-content\\\/uploads\\\/2023\\\/05\\\/20180108_Ascensor-SB-scaled.jpg\",\"contentUrl\":\"https:\\\/\\\/www.fundacionmdp.org\\\/wp-content\\\/uploads\\\/2023\\\/05\\\/20180108_Ascensor-SB-scaled.jpg\",\"width\":2560,\"height\":1714},{\"@type\":\"BreadcrumbList\",\"@id\":\"https:\\\/\\\/www.fundacionmdp.org\\\/ca\\\/com-la-domotica-pot-ajudar-a-laccessibilitat-en-edificis\\\/#breadcrumb\",\"itemListElement\":[{\"@type\":\"ListItem\",\"position\":1,\"name\":\"Home\",\"item\":\"https:\\\/\\\/www.fundacionmdp.org\\\/ca\\\/\"},{\"@type\":\"ListItem\",\"position\":2,\"name\":\"Com la dom\u00f2tica pot ajudar a l\u2019accessibilitat en edificis\"}]},{\"@type\":\"WebSite\",\"@id\":\"https:\\\/\\\/www.fundacionmdp.org\\\/#website\",\"url\":\"https:\\\/\\\/www.fundacionmdp.org\\\/\",\"name\":\"Fundaci\u00f3n Mutua de Propietarios\",\"description\":\"En la Fundaci\u00f3n Mutua de Propietarios te ayudamos a convertir tu edificio de viviendas en un espacio sin barreras arquitect\u00f3nicas.\",\"publisher\":{\"@id\":\"https:\\\/\\\/www.fundacionmdp.org\\\/#organization\"},\"potentialAction\":[{\"@type\":\"SearchAction\",\"target\":{\"@type\":\"EntryPoint\",\"urlTemplate\":\"https:\\\/\\\/www.fundacionmdp.org\\\/?s={search_term_string}\"},\"query-input\":{\"@type\":\"PropertyValueSpecification\",\"valueRequired\":true,\"valueName\":\"search_term_string\"}}],\"inLanguage\":\"ca\"},{\"@type\":\"Organization\",\"@id\":\"https:\\\/\\\/www.fundacionmdp.org\\\/#organization\",\"name\":\"Fundaci\u00f3n Mutua de Propietarios\",\"url\":\"https:\\\/\\\/www.fundacionmdp.org\\\/\",\"logo\":{\"@type\":\"ImageObject\",\"inLanguage\":\"ca\",\"@id\":\"https:\\\/\\\/www.fundacionmdp.org\\\/#\\\/schema\\\/logo\\\/image\\\/\",\"url\":\"https:\\\/\\\/www.fundacionmdp.org\\\/wp-content\\\/uploads\\\/2023\\\/05\\\/logo_FMdP_cat.png\",\"contentUrl\":\"https:\\\/\\\/www.fundacionmdp.org\\\/wp-content\\\/uploads\\\/2023\\\/05\\\/logo_FMdP_cat.png\",\"width\":655,\"height\":297,\"caption\":\"Fundaci\u00f3n Mutua de Propietarios\"},\"image\":{\"@id\":\"https:\\\/\\\/www.fundacionmdp.org\\\/#\\\/schema\\\/logo\\\/image\\\/\"}},{\"@type\":\"Person\",\"@id\":\"https:\\\/\\\/www.fundacionmdp.org\\\/#\\\/schema\\\/person\\\/12f9af801cac25dfcb5a96cb0090f703\",\"name\":\"fundacionmdp\",\"image\":{\"@type\":\"ImageObject\",\"inLanguage\":\"ca\",\"@id\":\"https:\\\/\\\/secure.gravatar.com\\\/avatar\\\/b540f93d1816a14d85e51109d050c3243b98fb660a665f517a6d2597cff3bbed?s=96&d=mm&r=g\",\"url\":\"https:\\\/\\\/secure.gravatar.com\\\/avatar\\\/b540f93d1816a14d85e51109d050c3243b98fb660a665f517a6d2597cff3bbed?s=96&d=mm&r=g\",\"contentUrl\":\"https:\\\/\\\/secure.gravatar.com\\\/avatar\\\/b540f93d1816a14d85e51109d050c3243b98fb660a665f517a6d2597cff3bbed?s=96&d=mm&r=g\",\"caption\":\"fundacionmdp\"},\"sameAs\":[\"http:\\\/\\\/prezuk.com.mialias.net\\\/fundacionmdp\"],\"url\":\"https:\\\/\\\/www.fundacionmdp.org\\\/ca\\\/author\\\/fundacionmdp\\\/\"}]}<\/script>\n<!-- \/ Yoast SEO plugin. -->","yoast_head_json":{"title":"Com la dom\u00f2tica pot ajudar a l\u2019accessibilitat en edificis - Fundaci\u00f3n Mutua de Propietarios","robots":{"index":"index","follow":"follow","max-snippet":"max-snippet:-1","max-image-preview":"max-image-preview:large","max-video-preview":"max-video-preview:-1"},"canonical":"https:\/\/www.fundacionmdp.org\/ca\/com-la-domotica-pot-ajudar-a-laccessibilitat-en-edificis\/","og_locale":"ca_ES","og_type":"article","og_title":"Com la dom\u00f2tica pot ajudar a l\u2019accessibilitat en edificis - Fundaci\u00f3n Mutua de Propietarios","og_description":"En els \u00faltims anys hem vist com s\u2019ha desenvolupat un important canvi en els sistemes de comunicaci\u00f3 i tecnologia, sent un dels pilars la dom\u00f2tica, que de ser un luxe ha passat a ser un element quotidi\u00e0 en moltes llars. La dom\u00f2tica t\u00e9 com a objectiu millorar la qualitat de vida de les persones i [&hellip;]","og_url":"https:\/\/www.fundacionmdp.org\/ca\/com-la-domotica-pot-ajudar-a-laccessibilitat-en-edificis\/","og_site_name":"Fundaci\u00f3n Mutua de Propietarios","article_published_time":"2020-02-28T11:03:15+00:00","article_modified_time":"2023-05-15T09:26:40+00:00","og_image":[{"width":2560,"height":1714,"url":"https:\/\/www.fundacionmdp.org\/wp-content\/uploads\/2023\/05\/20180108_Ascensor-SB-scaled.jpg","type":"image\/jpeg"}],"author":"fundacionmdp","twitter_card":"summary_large_image","twitter_misc":{"Escrit per":"fundacionmdp","Temps estimat de lectura":"3 minuts"},"schema":{"@context":"https:\/\/schema.org","@graph":[{"@type":"Article","@id":"https:\/\/www.fundacionmdp.org\/ca\/com-la-domotica-pot-ajudar-a-laccessibilitat-en-edificis\/#article","isPartOf":{"@id":"https:\/\/www.fundacionmdp.org\/ca\/com-la-domotica-pot-ajudar-a-laccessibilitat-en-edificis\/"},"author":{"name":"fundacionmdp","@id":"https:\/\/www.fundacionmdp.org\/#\/schema\/person\/12f9af801cac25dfcb5a96cb0090f703"},"headline":"Com la dom\u00f2tica pot ajudar a l\u2019accessibilitat en edificis","datePublished":"2020-02-28T11:03:15+00:00","dateModified":"2023-05-15T09:26:40+00:00","mainEntityOfPage":{"@id":"https:\/\/www.fundacionmdp.org\/ca\/com-la-domotica-pot-ajudar-a-laccessibilitat-en-edificis\/"},"wordCount":577,"commentCount":0,"publisher":{"@id":"https:\/\/www.fundacionmdp.org\/#organization"},"image":{"@id":"https:\/\/www.fundacionmdp.org\/ca\/com-la-domotica-pot-ajudar-a-laccessibilitat-en-edificis\/#primaryimage"},"thumbnailUrl":"https:\/\/www.fundacionmdp.org\/wp-content\/uploads\/2023\/05\/20180108_Ascensor-SB-scaled.jpg","articleSection":["Sin categorizar"],"inLanguage":"ca","potentialAction":[{"@type":"CommentAction","name":"Comment","target":["https:\/\/www.fundacionmdp.org\/ca\/com-la-domotica-pot-ajudar-a-laccessibilitat-en-edificis\/#respond"]}]},{"@type":"WebPage","@id":"https:\/\/www.fundacionmdp.org\/ca\/com-la-domotica-pot-ajudar-a-laccessibilitat-en-edificis\/","url":"https:\/\/www.fundacionmdp.org\/ca\/com-la-domotica-pot-ajudar-a-laccessibilitat-en-edificis\/","name":"Com la dom\u00f2tica pot ajudar a l\u2019accessibilitat en edificis - Fundaci\u00f3n Mutua de Propietarios","isPartOf":{"@id":"https:\/\/www.fundacionmdp.org\/#website"},"primaryImageOfPage":{"@id":"https:\/\/www.fundacionmdp.org\/ca\/com-la-domotica-pot-ajudar-a-laccessibilitat-en-edificis\/#primaryimage"},"image":{"@id":"https:\/\/www.fundacionmdp.org\/ca\/com-la-domotica-pot-ajudar-a-laccessibilitat-en-edificis\/#primaryimage"},"thumbnailUrl":"https:\/\/www.fundacionmdp.org\/wp-content\/uploads\/2023\/05\/20180108_Ascensor-SB-scaled.jpg","datePublished":"2020-02-28T11:03:15+00:00","dateModified":"2023-05-15T09:26:40+00:00","breadcrumb":{"@id":"https:\/\/www.fundacionmdp.org\/ca\/com-la-domotica-pot-ajudar-a-laccessibilitat-en-edificis\/#breadcrumb"},"inLanguage":"ca","potentialAction":[{"@type":"ReadAction","target":["https:\/\/www.fundacionmdp.org\/ca\/com-la-domotica-pot-ajudar-a-laccessibilitat-en-edificis\/"]}]},{"@type":"ImageObject","inLanguage":"ca","@id":"https:\/\/www.fundacionmdp.org\/ca\/com-la-domotica-pot-ajudar-a-laccessibilitat-en-edificis\/#primaryimage","url":"https:\/\/www.fundacionmdp.org\/wp-content\/uploads\/2023\/05\/20180108_Ascensor-SB-scaled.jpg","contentUrl":"https:\/\/www.fundacionmdp.org\/wp-content\/uploads\/2023\/05\/20180108_Ascensor-SB-scaled.jpg","width":2560,"height":1714},{"@type":"BreadcrumbList","@id":"https:\/\/www.fundacionmdp.org\/ca\/com-la-domotica-pot-ajudar-a-laccessibilitat-en-edificis\/#breadcrumb","itemListElement":[{"@type":"ListItem","position":1,"name":"Home","item":"https:\/\/www.fundacionmdp.org\/ca\/"},{"@type":"ListItem","position":2,"name":"Com la dom\u00f2tica pot ajudar a l\u2019accessibilitat en edificis"}]},{"@type":"WebSite","@id":"https:\/\/www.fundacionmdp.org\/#website","url":"https:\/\/www.fundacionmdp.org\/","name":"Fundaci\u00f3n Mutua de Propietarios","description":"En la Fundaci\u00f3n Mutua de Propietarios te ayudamos a convertir tu edificio de viviendas en un espacio sin barreras arquitect\u00f3nicas.","publisher":{"@id":"https:\/\/www.fundacionmdp.org\/#organization"},"potentialAction":[{"@type":"SearchAction","target":{"@type":"EntryPoint","urlTemplate":"https:\/\/www.fundacionmdp.org\/?s={search_term_string}"},"query-input":{"@type":"PropertyValueSpecification","valueRequired":true,"valueName":"search_term_string"}}],"inLanguage":"ca"},{"@type":"Organization","@id":"https:\/\/www.fundacionmdp.org\/#organization","name":"Fundaci\u00f3n Mutua de Propietarios","url":"https:\/\/www.fundacionmdp.org\/","logo":{"@type":"ImageObject","inLanguage":"ca","@id":"https:\/\/www.fundacionmdp.org\/#\/schema\/logo\/image\/","url":"https:\/\/www.fundacionmdp.org\/wp-content\/uploads\/2023\/05\/logo_FMdP_cat.png","contentUrl":"https:\/\/www.fundacionmdp.org\/wp-content\/uploads\/2023\/05\/logo_FMdP_cat.png","width":655,"height":297,"caption":"Fundaci\u00f3n Mutua de Propietarios"},"image":{"@id":"https:\/\/www.fundacionmdp.org\/#\/schema\/logo\/image\/"}},{"@type":"Person","@id":"https:\/\/www.fundacionmdp.org\/#\/schema\/person\/12f9af801cac25dfcb5a96cb0090f703","name":"fundacionmdp","image":{"@type":"ImageObject","inLanguage":"ca","@id":"https:\/\/secure.gravatar.com\/avatar\/b540f93d1816a14d85e51109d050c3243b98fb660a665f517a6d2597cff3bbed?s=96&d=mm&r=g","url":"https:\/\/secure.gravatar.com\/avatar\/b540f93d1816a14d85e51109d050c3243b98fb660a665f517a6d2597cff3bbed?s=96&d=mm&r=g","contentUrl":"https:\/\/secure.gravatar.com\/avatar\/b540f93d1816a14d85e51109d050c3243b98fb660a665f517a6d2597cff3bbed?s=96&d=mm&r=g","caption":"fundacionmdp"},"sameAs":["http:\/\/prezuk.com.mialias.net\/fundacionmdp"],"url":"https:\/\/www.fundacionmdp.org\/ca\/author\/fundacionmdp\/"}]}},"_links":{"self":[{"href":"https:\/\/www.fundacionmdp.org\/ca\/wp-json\/wp\/v2\/posts\/4211","targetHints":{"allow":["GET"]}}],"collection":[{"href":"https:\/\/www.fundacionmdp.org\/ca\/wp-json\/wp\/v2\/posts"}],"about":[{"href":"https:\/\/www.fundacionmdp.org\/ca\/wp-json\/wp\/v2\/types\/post"}],"author":[{"embeddable":true,"href":"https:\/\/www.fundacionmdp.org\/ca\/wp-json\/wp\/v2\/users\/1"}],"replies":[{"embeddable":true,"href":"https:\/\/www.fundacionmdp.org\/ca\/wp-json\/wp\/v2\/comments?post=4211"}],"version-history":[{"count":3,"href":"https:\/\/www.fundacionmdp.org\/ca\/wp-json\/wp\/v2\/posts\/4211\/revisions"}],"predecessor-version":[{"id":7009,"href":"https:\/\/www.fundacionmdp.org\/ca\/wp-json\/wp\/v2\/posts\/4211\/revisions\/7009"}],"wp:featuredmedia":[{"embeddable":true,"href":"https:\/\/www.fundacionmdp.org\/ca\/wp-json\/wp\/v2\/media\/7000"}],"wp:attachment":[{"href":"https:\/\/www.fundacionmdp.org\/ca\/wp-json\/wp\/v2\/media?parent=4211"}],"wp:term":[{"taxonomy":"category","embeddable":true,"href":"https:\/\/www.fundacionmdp.org\/ca\/wp-json\/wp\/v2\/categories?post=4211"},{"taxonomy":"post_tag","embeddable":true,"href":"https:\/\/www.fundacionmdp.org\/ca\/wp-json\/wp\/v2\/tags?post=4211"}],"curies":[{"name":"wp","href":"https:\/\/api.w.org\/{rel}","templated":true}]}}