{"id":4654,"date":"2020-09-08T13:35:03","date_gmt":"2020-09-08T12:35:03","guid":{"rendered":"https:\/\/www.fundacionmdp.org\/criteris-devacuacio-accessible-en-edificis\/"},"modified":"2023-05-15T09:31:29","modified_gmt":"2023-05-15T09:31:29","slug":"criteris-devacuacio-accessible-en-edificis","status":"publish","type":"post","link":"https:\/\/www.fundacionmdp.org\/ca\/criteris-devacuacio-accessible-en-edificis\/","title":{"rendered":"Criteris d&#8217;evacuaci\u00f3 accessible en edificis"},"content":{"rendered":"<p>L&#8217;accessibilitat universal permet l&#8217;autonomia de les persones amb mobilitat redu\u00efda o en cadira de rodes, a m\u00e9s de ser una forma de garantir la r\u00e0pida evacuaci\u00f3 en cas d&#8217;emerg\u00e8ncia. Per\u00f2, saps quins s\u00f3n els criteris d&#8217;evacuaci\u00f3 accessible? Te&#8217;ls expliquem a continuaci\u00f3.<\/p>\n<h2>Dificultats de mobilitat i grups espec\u00edfics en una evacuaci\u00f3 accessible<\/h2>\n<p><span style=\"font-weight: 400;\"><img fetchpriority=\"high\" decoding=\"async\" class=\"size-medium wp-image-3731 alignleft\" src=\"http:\/\/prezuk.com.mialias.net\/fundacionmdp\/wp-content\/uploads\/2023\/05\/26-enero-1.jpg\" alt=\"accesibilidad universal\" width=\"325\" height=\"275\"><br \/>\nEn funci\u00f3 de les dificultats de mobilitat o grau de discapacitat, podem trobar diferents grups espec\u00edfics. Cada un d&#8217;aquests grups requeriran una s\u00e8rie de necessitats per fer efectiva i accessible una evacuaci\u00f3<br \/>\nHi ha diferents tipus de dificultats de mobilitat que poden complicar l&#8217;evacuaci\u00f3, per la qual cosa cal tenir-los molt en compte per fer que l&#8217;accessibilitat sigui universal. Podem trobar persones amb dificultats de mobilitat que no poden fer front a esglaons de pujada o de baixada, persones amb dificultats sensorials que necessitaran d&#8217;informaci\u00f3 auditiva o t\u00e0ctil, aix\u00ed com rutes d&#8217;evacuaci\u00f3 memoritzades; persones amb altres dificultats que poden perdre el sentit de l&#8217;orientaci\u00f3 i que \u00e9s possible que requereixin d&#8217;instruccions d&#8217;emerg\u00e8ncia en passos senzills. A m\u00e9s, els nens tamb\u00e9 serien un grup a considerar, ja que necessitaran m\u00e9s temps per a l&#8217;evacuaci\u00f3 i recorreguts accessibles i segurs.<br \/>\nNo existeix un model est\u00e0ndard d&#8217;evacuaci\u00f3 espec\u00edfic que garanteixi una evacuaci\u00f3 completament correcta i segura, ja que influiran molts factors perqu\u00e8 el pla d&#8217;evacuaci\u00f3 sigui accessible. Per aconseguir-ho, cal fer un estudi d&#8217;accessibilitat, i complementar-altres mitjans t\u00e8cnics i simulacres peri\u00f2dics.<\/span><\/p>\n<h2>Criteris d&#8217;evacuaci\u00f3 accessibles<\/h2>\n<p>Per garantir una evacuaci\u00f3 accessible per a tots els grups amb dificultats de mobilitat, ser\u00e0 necessari realitzar un estudi de la propietat que inclogui:<\/p>\n<p style=\"padding-left: 40px;\">&#8211; En aquest estudi es determinaran les millors rutes o itineraris que estiguin lliures d&#8217;obstacles, eliminant a m\u00e9s esglaons a\u00efllats. A m\u00e9s, amb un estudi \u00e9s possible identificar l&#8217;altura a la qual han d&#8217;estar els elements en els quals \u00e9s necessari la manipulaci\u00f3 per part de personal, com alarmes i extintors. De la mateixa manera, s&#8217;hauran d&#8217;estudiar les portes i els sistemes d&#8217;obertures, les condicions de circulaci\u00f3 en les escales i la senyalitzaci\u00f3 correcta que hauria d&#8217;haver. Tamb\u00e9 haur\u00e0 de garantir que hi ha sortides d&#8217;emerg\u00e8ncia per a persones amb mobilitat redu\u00efda i que les superf\u00edcies estiguin adaptades a persones tant amb mobilitat redu\u00efda com amb discapacitat visual. Aquest estudi permet determinar les zones segures en cas d&#8217;avaluaci\u00f3, on hi ha d&#8217;haver zones de refugi amb il\u00b7luminaci\u00f3 i intercomunicadors, aix\u00ed com una zona de seguretat o punt de trobada.<\/p>\n<p>En el cas dels mitjans t\u00e8cnics, la senyalitzaci\u00f3 i el suport per als casos d&#8217;emerg\u00e8ncia, ser\u00e0 necessari comptar amb els seg\u00fcents elements:<\/p>\n<p style=\"padding-left: 40px;\">&#8211; Ajudes t\u00e8cniques de comunicaci\u00f3 d&#8217;emerg\u00e8ncies, com alarmes sonores i lluminoses, juntament amb sistemes d&#8217;il\u00b7luminaci\u00f3 d&#8217;emerg\u00e8ncia. De la mateixa manera, hi ha d&#8217;haver una alternativa d&#8217;evacuaci\u00f3 pensada espec\u00edficament per a persones amb discapacitat, especialment per a persones amb mobilitat redu\u00efda. Com els ascensors no han de ser usats durant una evacuaci\u00f3, caldr\u00e0 proveir d&#8217;ajudes t\u00e8cniques que garanteixin una correcta evacuaci\u00f3 accessible.<\/p>\n<p>Els protocols, per la seva banda, han d&#8217;estar adaptats tant a les persones com a cada edifici, per la qual cosa han de ser avaluats de forma \u00fanica. No hi ha d&#8217;haver mai un \u00fanic protocol per a diversos llocs. En qualsevol situaci\u00f3 d&#8217;evacuaci\u00f3, el millor sempre ser\u00e0 propiciar el suport per a la correcta evacuaci\u00f3, a m\u00e9s d&#8217;atendre i informar en tot moment a les persones amb discapacitat.<\/p>\n","protected":false},"excerpt":{"rendered":"<p>L&#8217;accessibilitat universal permet l&#8217;autonomia de les persones amb mobilitat redu\u00efda o en cadira de rodes, a m\u00e9s de ser una forma de garantir la r\u00e0pida evacuaci\u00f3 en cas d&#8217;emerg\u00e8ncia. Per\u00f2, saps quins s\u00f3n els criteris d&#8217;evacuaci\u00f3 accessible? Te&#8217;ls expliquem a continuaci\u00f3. Dificultats de mobilitat i grups espec\u00edfics en una evacuaci\u00f3 accessible En funci\u00f3 de les [&hellip;]<\/p>\n","protected":false},"author":1,"featured_media":7016,"comment_status":"open","ping_status":"open","sticky":false,"template":"","format":"standard","meta":{"_acf_changed":false,"ocean_post_layout":"","ocean_both_sidebars_style":"","ocean_both_sidebars_content_width":0,"ocean_both_sidebars_sidebars_width":0,"ocean_sidebar":"0","ocean_second_sidebar":"0","ocean_disable_margins":"enable","ocean_add_body_class":"","ocean_shortcode_before_top_bar":"","ocean_shortcode_after_top_bar":"","ocean_shortcode_before_header":"","ocean_shortcode_after_header":"","ocean_has_shortcode":"","ocean_shortcode_after_title":"","ocean_shortcode_before_footer_widgets":"","ocean_shortcode_after_footer_widgets":"","ocean_shortcode_before_footer_bottom":"","ocean_shortcode_after_footer_bottom":"","ocean_display_top_bar":"default","ocean_display_header":"default","ocean_header_style":"","ocean_center_header_left_menu":"0","ocean_custom_header_template":"0","ocean_custom_logo":0,"ocean_custom_retina_logo":0,"ocean_custom_logo_max_width":0,"ocean_custom_logo_tablet_max_width":0,"ocean_custom_logo_mobile_max_width":0,"ocean_custom_logo_max_height":0,"ocean_custom_logo_tablet_max_height":0,"ocean_custom_logo_mobile_max_height":0,"ocean_header_custom_menu":"0","ocean_menu_typo_font_family":"0","ocean_menu_typo_font_subset":"","ocean_menu_typo_font_size":0,"ocean_menu_typo_font_size_tablet":0,"ocean_menu_typo_font_size_mobile":0,"ocean_menu_typo_font_size_unit":"px","ocean_menu_typo_font_weight":"","ocean_menu_typo_font_weight_tablet":"","ocean_menu_typo_font_weight_mobile":"","ocean_menu_typo_transform":"","ocean_menu_typo_transform_tablet":"","ocean_menu_typo_transform_mobile":"","ocean_menu_typo_line_height":0,"ocean_menu_typo_line_height_tablet":0,"ocean_menu_typo_line_height_mobile":0,"ocean_menu_typo_line_height_unit":"","ocean_menu_typo_spacing":0,"ocean_menu_typo_spacing_tablet":0,"ocean_menu_typo_spacing_mobile":0,"ocean_menu_typo_spacing_unit":"","ocean_menu_link_color":"","ocean_menu_link_color_hover":"","ocean_menu_link_color_active":"","ocean_menu_link_background":"","ocean_menu_link_hover_background":"","ocean_menu_link_active_background":"","ocean_menu_social_links_bg":"","ocean_menu_social_hover_links_bg":"","ocean_menu_social_links_color":"","ocean_menu_social_hover_links_color":"","ocean_disable_title":"default","ocean_disable_heading":"default","ocean_post_title":"","ocean_post_subheading":"","ocean_post_title_style":"","ocean_post_title_background_color":"","ocean_post_title_background":0,"ocean_post_title_bg_image_position":"","ocean_post_title_bg_image_attachment":"","ocean_post_title_bg_image_repeat":"","ocean_post_title_bg_image_size":"","ocean_post_title_height":0,"ocean_post_title_bg_overlay":0.5,"ocean_post_title_bg_overlay_color":"","ocean_disable_breadcrumbs":"default","ocean_breadcrumbs_color":"","ocean_breadcrumbs_separator_color":"","ocean_breadcrumbs_links_color":"","ocean_breadcrumbs_links_hover_color":"","ocean_display_footer_widgets":"default","ocean_display_footer_bottom":"default","ocean_custom_footer_template":"0","ocean_post_oembed":"","ocean_post_self_hosted_media":"","ocean_post_video_embed":"","ocean_link_format":"","ocean_link_format_target":"self","ocean_quote_format":"","ocean_quote_format_link":"post","ocean_gallery_link_images":"off","ocean_gallery_id":[],"footnotes":""},"categories":[1],"tags":[],"class_list":["post-4654","post","type-post","status-publish","format-standard","has-post-thumbnail","hentry","category-sin-categorizar","entry","has-media"],"acf":[],"yoast_head":"<!-- This site is optimized with the Yoast SEO plugin v27.3 - https:\/\/yoast.com\/product\/yoast-seo-wordpress\/ -->\n<title>Criteris d&#039;evacuaci\u00f3 accessible en edificis - Fundaci\u00f3n Mutua de Propietarios<\/title>\n<meta name=\"robots\" content=\"index, follow, max-snippet:-1, max-image-preview:large, max-video-preview:-1\" \/>\n<link rel=\"canonical\" href=\"https:\/\/www.fundacionmdp.org\/ca\/criteris-devacuacio-accessible-en-edificis\/\" \/>\n<meta property=\"og:locale\" content=\"ca_ES\" \/>\n<meta property=\"og:type\" content=\"article\" \/>\n<meta property=\"og:title\" content=\"Criteris d&#039;evacuaci\u00f3 accessible en edificis - Fundaci\u00f3n Mutua de Propietarios\" \/>\n<meta property=\"og:description\" content=\"L&#8217;accessibilitat universal permet l&#8217;autonomia de les persones amb mobilitat redu\u00efda o en cadira de rodes, a m\u00e9s de ser una forma de garantir la r\u00e0pida evacuaci\u00f3 en cas d&#8217;emerg\u00e8ncia. Per\u00f2, saps quins s\u00f3n els criteris d&#8217;evacuaci\u00f3 accessible? Te&#8217;ls expliquem a continuaci\u00f3. Dificultats de mobilitat i grups espec\u00edfics en una evacuaci\u00f3 accessible En funci\u00f3 de les [&hellip;]\" \/>\n<meta property=\"og:url\" content=\"https:\/\/www.fundacionmdp.org\/ca\/criteris-devacuacio-accessible-en-edificis\/\" \/>\n<meta property=\"og:site_name\" content=\"Fundaci\u00f3n Mutua de Propietarios\" \/>\n<meta property=\"article:published_time\" content=\"2020-09-08T12:35:03+00:00\" \/>\n<meta property=\"article:modified_time\" content=\"2023-05-15T09:31:29+00:00\" \/>\n<meta property=\"og:image\" content=\"https:\/\/www.fundacionmdp.org\/wp-content\/uploads\/2023\/05\/26-enero-1.jpg\" \/>\n\t<meta property=\"og:image:width\" content=\"1000\" \/>\n\t<meta property=\"og:image:height\" content=\"667\" \/>\n\t<meta property=\"og:image:type\" content=\"image\/jpeg\" \/>\n<meta name=\"author\" content=\"fundacionmdp\" \/>\n<meta name=\"twitter:card\" content=\"summary_large_image\" \/>\n<meta name=\"twitter:label1\" content=\"Escrit per\" \/>\n\t<meta name=\"twitter:data1\" content=\"fundacionmdp\" \/>\n\t<meta name=\"twitter:label2\" content=\"Temps estimat de lectura\" \/>\n\t<meta name=\"twitter:data2\" content=\"3 minuts\" \/>\n<script type=\"application\/ld+json\" class=\"yoast-schema-graph\">{\"@context\":\"https:\\\/\\\/schema.org\",\"@graph\":[{\"@type\":\"Article\",\"@id\":\"https:\\\/\\\/www.fundacionmdp.org\\\/ca\\\/criteris-devacuacio-accessible-en-edificis\\\/#article\",\"isPartOf\":{\"@id\":\"https:\\\/\\\/www.fundacionmdp.org\\\/ca\\\/criteris-devacuacio-accessible-en-edificis\\\/\"},\"author\":{\"name\":\"fundacionmdp\",\"@id\":\"https:\\\/\\\/www.fundacionmdp.org\\\/#\\\/schema\\\/person\\\/12f9af801cac25dfcb5a96cb0090f703\"},\"headline\":\"Criteris d&#8217;evacuaci\u00f3 accessible en edificis\",\"datePublished\":\"2020-09-08T12:35:03+00:00\",\"dateModified\":\"2023-05-15T09:31:29+00:00\",\"mainEntityOfPage\":{\"@id\":\"https:\\\/\\\/www.fundacionmdp.org\\\/ca\\\/criteris-devacuacio-accessible-en-edificis\\\/\"},\"wordCount\":627,\"commentCount\":0,\"publisher\":{\"@id\":\"https:\\\/\\\/www.fundacionmdp.org\\\/#organization\"},\"image\":{\"@id\":\"https:\\\/\\\/www.fundacionmdp.org\\\/ca\\\/criteris-devacuacio-accessible-en-edificis\\\/#primaryimage\"},\"thumbnailUrl\":\"https:\\\/\\\/www.fundacionmdp.org\\\/wp-content\\\/uploads\\\/2023\\\/05\\\/26-enero-1.jpg\",\"articleSection\":[\"Sin categorizar\"],\"inLanguage\":\"ca\",\"potentialAction\":[{\"@type\":\"CommentAction\",\"name\":\"Comment\",\"target\":[\"https:\\\/\\\/www.fundacionmdp.org\\\/ca\\\/criteris-devacuacio-accessible-en-edificis\\\/#respond\"]}]},{\"@type\":\"WebPage\",\"@id\":\"https:\\\/\\\/www.fundacionmdp.org\\\/ca\\\/criteris-devacuacio-accessible-en-edificis\\\/\",\"url\":\"https:\\\/\\\/www.fundacionmdp.org\\\/ca\\\/criteris-devacuacio-accessible-en-edificis\\\/\",\"name\":\"Criteris d'evacuaci\u00f3 accessible en edificis - Fundaci\u00f3n Mutua de Propietarios\",\"isPartOf\":{\"@id\":\"https:\\\/\\\/www.fundacionmdp.org\\\/#website\"},\"primaryImageOfPage\":{\"@id\":\"https:\\\/\\\/www.fundacionmdp.org\\\/ca\\\/criteris-devacuacio-accessible-en-edificis\\\/#primaryimage\"},\"image\":{\"@id\":\"https:\\\/\\\/www.fundacionmdp.org\\\/ca\\\/criteris-devacuacio-accessible-en-edificis\\\/#primaryimage\"},\"thumbnailUrl\":\"https:\\\/\\\/www.fundacionmdp.org\\\/wp-content\\\/uploads\\\/2023\\\/05\\\/26-enero-1.jpg\",\"datePublished\":\"2020-09-08T12:35:03+00:00\",\"dateModified\":\"2023-05-15T09:31:29+00:00\",\"breadcrumb\":{\"@id\":\"https:\\\/\\\/www.fundacionmdp.org\\\/ca\\\/criteris-devacuacio-accessible-en-edificis\\\/#breadcrumb\"},\"inLanguage\":\"ca\",\"potentialAction\":[{\"@type\":\"ReadAction\",\"target\":[\"https:\\\/\\\/www.fundacionmdp.org\\\/ca\\\/criteris-devacuacio-accessible-en-edificis\\\/\"]}]},{\"@type\":\"ImageObject\",\"inLanguage\":\"ca\",\"@id\":\"https:\\\/\\\/www.fundacionmdp.org\\\/ca\\\/criteris-devacuacio-accessible-en-edificis\\\/#primaryimage\",\"url\":\"https:\\\/\\\/www.fundacionmdp.org\\\/wp-content\\\/uploads\\\/2023\\\/05\\\/26-enero-1.jpg\",\"contentUrl\":\"https:\\\/\\\/www.fundacionmdp.org\\\/wp-content\\\/uploads\\\/2023\\\/05\\\/26-enero-1.jpg\",\"width\":1000,\"height\":667},{\"@type\":\"BreadcrumbList\",\"@id\":\"https:\\\/\\\/www.fundacionmdp.org\\\/ca\\\/criteris-devacuacio-accessible-en-edificis\\\/#breadcrumb\",\"itemListElement\":[{\"@type\":\"ListItem\",\"position\":1,\"name\":\"Home\",\"item\":\"https:\\\/\\\/www.fundacionmdp.org\\\/ca\\\/\"},{\"@type\":\"ListItem\",\"position\":2,\"name\":\"Criteris d&#8217;evacuaci\u00f3 accessible en edificis\"}]},{\"@type\":\"WebSite\",\"@id\":\"https:\\\/\\\/www.fundacionmdp.org\\\/#website\",\"url\":\"https:\\\/\\\/www.fundacionmdp.org\\\/\",\"name\":\"Fundaci\u00f3n Mutua de Propietarios\",\"description\":\"En la Fundaci\u00f3n Mutua de Propietarios te ayudamos a convertir tu edificio de viviendas en un espacio sin barreras arquitect\u00f3nicas.\",\"publisher\":{\"@id\":\"https:\\\/\\\/www.fundacionmdp.org\\\/#organization\"},\"potentialAction\":[{\"@type\":\"SearchAction\",\"target\":{\"@type\":\"EntryPoint\",\"urlTemplate\":\"https:\\\/\\\/www.fundacionmdp.org\\\/?s={search_term_string}\"},\"query-input\":{\"@type\":\"PropertyValueSpecification\",\"valueRequired\":true,\"valueName\":\"search_term_string\"}}],\"inLanguage\":\"ca\"},{\"@type\":\"Organization\",\"@id\":\"https:\\\/\\\/www.fundacionmdp.org\\\/#organization\",\"name\":\"Fundaci\u00f3n Mutua de Propietarios\",\"url\":\"https:\\\/\\\/www.fundacionmdp.org\\\/\",\"logo\":{\"@type\":\"ImageObject\",\"inLanguage\":\"ca\",\"@id\":\"https:\\\/\\\/www.fundacionmdp.org\\\/#\\\/schema\\\/logo\\\/image\\\/\",\"url\":\"https:\\\/\\\/www.fundacionmdp.org\\\/wp-content\\\/uploads\\\/2023\\\/05\\\/logo_FMdP_cat.png\",\"contentUrl\":\"https:\\\/\\\/www.fundacionmdp.org\\\/wp-content\\\/uploads\\\/2023\\\/05\\\/logo_FMdP_cat.png\",\"width\":655,\"height\":297,\"caption\":\"Fundaci\u00f3n Mutua de Propietarios\"},\"image\":{\"@id\":\"https:\\\/\\\/www.fundacionmdp.org\\\/#\\\/schema\\\/logo\\\/image\\\/\"}},{\"@type\":\"Person\",\"@id\":\"https:\\\/\\\/www.fundacionmdp.org\\\/#\\\/schema\\\/person\\\/12f9af801cac25dfcb5a96cb0090f703\",\"name\":\"fundacionmdp\",\"image\":{\"@type\":\"ImageObject\",\"inLanguage\":\"ca\",\"@id\":\"https:\\\/\\\/secure.gravatar.com\\\/avatar\\\/b540f93d1816a14d85e51109d050c3243b98fb660a665f517a6d2597cff3bbed?s=96&d=mm&r=g\",\"url\":\"https:\\\/\\\/secure.gravatar.com\\\/avatar\\\/b540f93d1816a14d85e51109d050c3243b98fb660a665f517a6d2597cff3bbed?s=96&d=mm&r=g\",\"contentUrl\":\"https:\\\/\\\/secure.gravatar.com\\\/avatar\\\/b540f93d1816a14d85e51109d050c3243b98fb660a665f517a6d2597cff3bbed?s=96&d=mm&r=g\",\"caption\":\"fundacionmdp\"},\"sameAs\":[\"http:\\\/\\\/prezuk.com.mialias.net\\\/fundacionmdp\"],\"url\":\"https:\\\/\\\/www.fundacionmdp.org\\\/ca\\\/author\\\/fundacionmdp\\\/\"}]}<\/script>\n<!-- \/ Yoast SEO plugin. -->","yoast_head_json":{"title":"Criteris d'evacuaci\u00f3 accessible en edificis - Fundaci\u00f3n Mutua de Propietarios","robots":{"index":"index","follow":"follow","max-snippet":"max-snippet:-1","max-image-preview":"max-image-preview:large","max-video-preview":"max-video-preview:-1"},"canonical":"https:\/\/www.fundacionmdp.org\/ca\/criteris-devacuacio-accessible-en-edificis\/","og_locale":"ca_ES","og_type":"article","og_title":"Criteris d'evacuaci\u00f3 accessible en edificis - Fundaci\u00f3n Mutua de Propietarios","og_description":"L&#8217;accessibilitat universal permet l&#8217;autonomia de les persones amb mobilitat redu\u00efda o en cadira de rodes, a m\u00e9s de ser una forma de garantir la r\u00e0pida evacuaci\u00f3 en cas d&#8217;emerg\u00e8ncia. Per\u00f2, saps quins s\u00f3n els criteris d&#8217;evacuaci\u00f3 accessible? Te&#8217;ls expliquem a continuaci\u00f3. Dificultats de mobilitat i grups espec\u00edfics en una evacuaci\u00f3 accessible En funci\u00f3 de les [&hellip;]","og_url":"https:\/\/www.fundacionmdp.org\/ca\/criteris-devacuacio-accessible-en-edificis\/","og_site_name":"Fundaci\u00f3n Mutua de Propietarios","article_published_time":"2020-09-08T12:35:03+00:00","article_modified_time":"2023-05-15T09:31:29+00:00","og_image":[{"width":1000,"height":667,"url":"https:\/\/www.fundacionmdp.org\/wp-content\/uploads\/2023\/05\/26-enero-1.jpg","type":"image\/jpeg"}],"author":"fundacionmdp","twitter_card":"summary_large_image","twitter_misc":{"Escrit per":"fundacionmdp","Temps estimat de lectura":"3 minuts"},"schema":{"@context":"https:\/\/schema.org","@graph":[{"@type":"Article","@id":"https:\/\/www.fundacionmdp.org\/ca\/criteris-devacuacio-accessible-en-edificis\/#article","isPartOf":{"@id":"https:\/\/www.fundacionmdp.org\/ca\/criteris-devacuacio-accessible-en-edificis\/"},"author":{"name":"fundacionmdp","@id":"https:\/\/www.fundacionmdp.org\/#\/schema\/person\/12f9af801cac25dfcb5a96cb0090f703"},"headline":"Criteris d&#8217;evacuaci\u00f3 accessible en edificis","datePublished":"2020-09-08T12:35:03+00:00","dateModified":"2023-05-15T09:31:29+00:00","mainEntityOfPage":{"@id":"https:\/\/www.fundacionmdp.org\/ca\/criteris-devacuacio-accessible-en-edificis\/"},"wordCount":627,"commentCount":0,"publisher":{"@id":"https:\/\/www.fundacionmdp.org\/#organization"},"image":{"@id":"https:\/\/www.fundacionmdp.org\/ca\/criteris-devacuacio-accessible-en-edificis\/#primaryimage"},"thumbnailUrl":"https:\/\/www.fundacionmdp.org\/wp-content\/uploads\/2023\/05\/26-enero-1.jpg","articleSection":["Sin categorizar"],"inLanguage":"ca","potentialAction":[{"@type":"CommentAction","name":"Comment","target":["https:\/\/www.fundacionmdp.org\/ca\/criteris-devacuacio-accessible-en-edificis\/#respond"]}]},{"@type":"WebPage","@id":"https:\/\/www.fundacionmdp.org\/ca\/criteris-devacuacio-accessible-en-edificis\/","url":"https:\/\/www.fundacionmdp.org\/ca\/criteris-devacuacio-accessible-en-edificis\/","name":"Criteris d'evacuaci\u00f3 accessible en edificis - Fundaci\u00f3n Mutua de Propietarios","isPartOf":{"@id":"https:\/\/www.fundacionmdp.org\/#website"},"primaryImageOfPage":{"@id":"https:\/\/www.fundacionmdp.org\/ca\/criteris-devacuacio-accessible-en-edificis\/#primaryimage"},"image":{"@id":"https:\/\/www.fundacionmdp.org\/ca\/criteris-devacuacio-accessible-en-edificis\/#primaryimage"},"thumbnailUrl":"https:\/\/www.fundacionmdp.org\/wp-content\/uploads\/2023\/05\/26-enero-1.jpg","datePublished":"2020-09-08T12:35:03+00:00","dateModified":"2023-05-15T09:31:29+00:00","breadcrumb":{"@id":"https:\/\/www.fundacionmdp.org\/ca\/criteris-devacuacio-accessible-en-edificis\/#breadcrumb"},"inLanguage":"ca","potentialAction":[{"@type":"ReadAction","target":["https:\/\/www.fundacionmdp.org\/ca\/criteris-devacuacio-accessible-en-edificis\/"]}]},{"@type":"ImageObject","inLanguage":"ca","@id":"https:\/\/www.fundacionmdp.org\/ca\/criteris-devacuacio-accessible-en-edificis\/#primaryimage","url":"https:\/\/www.fundacionmdp.org\/wp-content\/uploads\/2023\/05\/26-enero-1.jpg","contentUrl":"https:\/\/www.fundacionmdp.org\/wp-content\/uploads\/2023\/05\/26-enero-1.jpg","width":1000,"height":667},{"@type":"BreadcrumbList","@id":"https:\/\/www.fundacionmdp.org\/ca\/criteris-devacuacio-accessible-en-edificis\/#breadcrumb","itemListElement":[{"@type":"ListItem","position":1,"name":"Home","item":"https:\/\/www.fundacionmdp.org\/ca\/"},{"@type":"ListItem","position":2,"name":"Criteris d&#8217;evacuaci\u00f3 accessible en edificis"}]},{"@type":"WebSite","@id":"https:\/\/www.fundacionmdp.org\/#website","url":"https:\/\/www.fundacionmdp.org\/","name":"Fundaci\u00f3n Mutua de Propietarios","description":"En la Fundaci\u00f3n Mutua de Propietarios te ayudamos a convertir tu edificio de viviendas en un espacio sin barreras arquitect\u00f3nicas.","publisher":{"@id":"https:\/\/www.fundacionmdp.org\/#organization"},"potentialAction":[{"@type":"SearchAction","target":{"@type":"EntryPoint","urlTemplate":"https:\/\/www.fundacionmdp.org\/?s={search_term_string}"},"query-input":{"@type":"PropertyValueSpecification","valueRequired":true,"valueName":"search_term_string"}}],"inLanguage":"ca"},{"@type":"Organization","@id":"https:\/\/www.fundacionmdp.org\/#organization","name":"Fundaci\u00f3n Mutua de Propietarios","url":"https:\/\/www.fundacionmdp.org\/","logo":{"@type":"ImageObject","inLanguage":"ca","@id":"https:\/\/www.fundacionmdp.org\/#\/schema\/logo\/image\/","url":"https:\/\/www.fundacionmdp.org\/wp-content\/uploads\/2023\/05\/logo_FMdP_cat.png","contentUrl":"https:\/\/www.fundacionmdp.org\/wp-content\/uploads\/2023\/05\/logo_FMdP_cat.png","width":655,"height":297,"caption":"Fundaci\u00f3n Mutua de Propietarios"},"image":{"@id":"https:\/\/www.fundacionmdp.org\/#\/schema\/logo\/image\/"}},{"@type":"Person","@id":"https:\/\/www.fundacionmdp.org\/#\/schema\/person\/12f9af801cac25dfcb5a96cb0090f703","name":"fundacionmdp","image":{"@type":"ImageObject","inLanguage":"ca","@id":"https:\/\/secure.gravatar.com\/avatar\/b540f93d1816a14d85e51109d050c3243b98fb660a665f517a6d2597cff3bbed?s=96&d=mm&r=g","url":"https:\/\/secure.gravatar.com\/avatar\/b540f93d1816a14d85e51109d050c3243b98fb660a665f517a6d2597cff3bbed?s=96&d=mm&r=g","contentUrl":"https:\/\/secure.gravatar.com\/avatar\/b540f93d1816a14d85e51109d050c3243b98fb660a665f517a6d2597cff3bbed?s=96&d=mm&r=g","caption":"fundacionmdp"},"sameAs":["http:\/\/prezuk.com.mialias.net\/fundacionmdp"],"url":"https:\/\/www.fundacionmdp.org\/ca\/author\/fundacionmdp\/"}]}},"_links":{"self":[{"href":"https:\/\/www.fundacionmdp.org\/ca\/wp-json\/wp\/v2\/posts\/4654","targetHints":{"allow":["GET"]}}],"collection":[{"href":"https:\/\/www.fundacionmdp.org\/ca\/wp-json\/wp\/v2\/posts"}],"about":[{"href":"https:\/\/www.fundacionmdp.org\/ca\/wp-json\/wp\/v2\/types\/post"}],"author":[{"embeddable":true,"href":"https:\/\/www.fundacionmdp.org\/ca\/wp-json\/wp\/v2\/users\/1"}],"replies":[{"embeddable":true,"href":"https:\/\/www.fundacionmdp.org\/ca\/wp-json\/wp\/v2\/comments?post=4654"}],"version-history":[{"count":2,"href":"https:\/\/www.fundacionmdp.org\/ca\/wp-json\/wp\/v2\/posts\/4654\/revisions"}],"predecessor-version":[{"id":7018,"href":"https:\/\/www.fundacionmdp.org\/ca\/wp-json\/wp\/v2\/posts\/4654\/revisions\/7018"}],"wp:featuredmedia":[{"embeddable":true,"href":"https:\/\/www.fundacionmdp.org\/ca\/wp-json\/wp\/v2\/media\/7016"}],"wp:attachment":[{"href":"https:\/\/www.fundacionmdp.org\/ca\/wp-json\/wp\/v2\/media?parent=4654"}],"wp:term":[{"taxonomy":"category","embeddable":true,"href":"https:\/\/www.fundacionmdp.org\/ca\/wp-json\/wp\/v2\/categories?post=4654"},{"taxonomy":"post_tag","embeddable":true,"href":"https:\/\/www.fundacionmdp.org\/ca\/wp-json\/wp\/v2\/tags?post=4654"}],"curies":[{"name":"wp","href":"https:\/\/api.w.org\/{rel}","templated":true}]}}