{"id":4678,"date":"2020-09-29T15:39:40","date_gmt":"2020-09-29T14:39:40","guid":{"rendered":"https:\/\/www.fundacionmdp.org\/?p=4678"},"modified":"2023-05-15T09:33:05","modified_gmt":"2023-05-15T09:33:05","slug":"lautomatitzacio-dedificis-per-a-habitatges-accessibles","status":"publish","type":"post","link":"https:\/\/www.fundacionmdp.org\/ca\/lautomatitzacio-dedificis-per-a-habitatges-accessibles\/","title":{"rendered":"L&#8217;automatitzaci\u00f3 d&#8217;edificis per a habitatges accessibles"},"content":{"rendered":"<p>En altres ocasions hem parlat dels avantatges de comptar amb la dom\u00f2tica per ajudar a l&#8217;accessibilitat en els edificis, un avan\u00e7 especialment important per a les persones amb mobilitat redu\u00efda. Les millores tecnol\u00f2giques permeten incloure un seguit d&#8217;elements que anteriorment nom\u00e9s podien gaudir uns pocs. Aquest tipus de sistemes d&#8217;automatitzaci\u00f3, permeten que les persones amb mobilitat redu\u00efda o amb dificultats per a realitzar activitats b\u00e0siques puguin ser aut\u00f2nomes i l&#8217;accessibilitat sigui universal.<\/p>\n<h2>Edificis automatitzats i habitatges accessibles<\/h2>\n<p>De vegades, a l&#8217;escoltar el terme &#8220;edificis automatitzats&#8221; pensem \u00fanicament en tot el que envolta als edificis d&#8217;oficines, hospitals o hotels: els sistemes d&#8217;acc\u00e9s o de seguretat s\u00f3n un exemple d&#8217;aix\u00f2. No obstant aix\u00f2, cada vegada m\u00e9s edificis d&#8217;habitatges han incorporat sistemes d&#8217;automatitzaci\u00f3 que permeten millorar l&#8217;accessibilitat i garanteixen que aquesta sigui universal, a m\u00e9s de facilitar la vida a molts individus a l&#8217;hora d&#8217;utilitzar aquests sistemes.<br \/>\nA aquests edificis automatitzats se&#8217;ls denomina &#8220;smart building&#8221;, encara que el m\u00e9s com\u00fa \u00e9s parlar de &#8220;Smart Home&#8221; o habitatge intel\u00b7ligent. En qualsevol cas, les llars ja poden incloure una s\u00e8rie de sistemes que garanteixen la millora de qualitat de vida de les persones que l&#8217;habiten.<\/p>\n<h2>Sistemes d&#8217;automatitzaci\u00f3 d&#8217;edificis per a habitatges accessibles<\/h2>\n<p><span style=\"font-weight: 400;\"><img fetchpriority=\"high\" decoding=\"async\" class=\"size-medium wp-image-3731 alignleft\" src=\"http:\/\/prezuk.com.mialias.net\/fundacionmdp\/wp-content\/uploads\/2023\/05\/20200929-Foto-scaled-1.jpg\" alt=\"accesibilidad universal\" width=\"325\" height=\"275\"><\/span>L&#8217;automatitzaci\u00f3 dels edificis per garantir habitatges accessibles pot veure com una inversi\u00f3 inicial for\u00e7a elevada. No obstant aix\u00f2, aquesta inversi\u00f3 inicial posteriorment permet un major estalvi energ\u00e8tic de l&#8217;immoble o edifici, aix\u00ed com una major qualitat de vida i la seguretat dels usuaris.<\/p>\n<p>Els sistemes d&#8217;automatitzaci\u00f3 poden ser molt variats, i en general permeten controlar tots els elements que conformen l&#8217;ambient, com el control de l&#8217;aire, aigua o temperatura, per\u00f2 tamb\u00e9 la generaci\u00f3 d&#8217;energia o el sistema contra incendis. L&#8217;objectiu de tenir un edifici d&#8217;aquestes caracter\u00edstiques \u00e9s el de garantir el confort, principalment, i sobretot la sostenibilitat.<\/p>\n<p>Per assegurar-nos que es compleixen aquestes condicions, l&#8217;edifici ha de comptar amb elements i recursos completament eficients per oferir un confort a tots els usuaris mitjan\u00e7ant la centralitzaci\u00f3 i coordinaci\u00f3 dels sistemes.<\/p>\n<p>En definitiva, tots els sistemes i elements intel\u00b7ligents que implementem faran que els habitatges i l&#8217;edifici siguin m\u00e9s accessibles. Per a aix\u00f2, es necessita la coordinaci\u00f3 de tots els sistemes implementats: els sistemes d&#8217;energia amb el condicionament i el monitoratge; els sistemes de connectivitat que permetin enlla\u00e7ar a tots els usuaris; els sistemes de seguretat com els porters autom\u00e0tics, el control d&#8217;acc\u00e9s o la detecci\u00f3 d&#8217;incendis; aix\u00ed com els sistemes de climatitzaci\u00f3 referents a l&#8217;aire, la calefacci\u00f3 ventilaci\u00f3 o refrigeraci\u00f3. Com diem, tots aquests sistemes s&#8217;han de coordinar perqu\u00e8, si per exemple el sistema de seguretat detecta un foc, el sistema de climatitzaci\u00f3 apagui els equips i posi en marxa una conting\u00e8ncia el\u00e8ctrica. Aix\u00f2 \u00e9s nom\u00e9s un exemple dels avantatges de comptar amb l&#8217;automatitzaci\u00f3 de manera coordinada en edificis, garantint aix\u00ed la seguretat dels individus, el seu confort i sobretot habitatges accessibles universalment.<\/p>\n<p>A la Fundaci\u00f3 M\u00fatua de Propietaris volem que tota la informaci\u00f3 estigui al teu abast. Per aix\u00f2, pots consultar els teus dubtes sobre la legislaci\u00f3 i els procediments b\u00e0sics per garantir l&#8217;accessibilitat en el teu edifici a trav\u00e9s del nostre formulari de contacte.<\/p>\n","protected":false},"excerpt":{"rendered":"<p>En altres ocasions hem parlat dels avantatges de comptar amb la dom\u00f2tica per ajudar a l&#8217;accessibilitat en els edificis, un avan\u00e7 especialment important per a les persones amb mobilitat redu\u00efda. Les millores tecnol\u00f2giques permeten incloure un seguit d&#8217;elements que anteriorment nom\u00e9s podien gaudir uns pocs. Aquest tipus de sistemes d&#8217;automatitzaci\u00f3, permeten que les persones amb [&hellip;]<\/p>\n","protected":false},"author":1,"featured_media":7019,"comment_status":"open","ping_status":"open","sticky":false,"template":"","format":"standard","meta":{"_acf_changed":false,"ocean_post_layout":"","ocean_both_sidebars_style":"","ocean_both_sidebars_content_width":0,"ocean_both_sidebars_sidebars_width":0,"ocean_sidebar":"0","ocean_second_sidebar":"0","ocean_disable_margins":"enable","ocean_add_body_class":"","ocean_shortcode_before_top_bar":"","ocean_shortcode_after_top_bar":"","ocean_shortcode_before_header":"","ocean_shortcode_after_header":"","ocean_has_shortcode":"","ocean_shortcode_after_title":"","ocean_shortcode_before_footer_widgets":"","ocean_shortcode_after_footer_widgets":"","ocean_shortcode_before_footer_bottom":"","ocean_shortcode_after_footer_bottom":"","ocean_display_top_bar":"default","ocean_display_header":"default","ocean_header_style":"","ocean_center_header_left_menu":"0","ocean_custom_header_template":"0","ocean_custom_logo":0,"ocean_custom_retina_logo":0,"ocean_custom_logo_max_width":0,"ocean_custom_logo_tablet_max_width":0,"ocean_custom_logo_mobile_max_width":0,"ocean_custom_logo_max_height":0,"ocean_custom_logo_tablet_max_height":0,"ocean_custom_logo_mobile_max_height":0,"ocean_header_custom_menu":"0","ocean_menu_typo_font_family":"0","ocean_menu_typo_font_subset":"","ocean_menu_typo_font_size":0,"ocean_menu_typo_font_size_tablet":0,"ocean_menu_typo_font_size_mobile":0,"ocean_menu_typo_font_size_unit":"px","ocean_menu_typo_font_weight":"","ocean_menu_typo_font_weight_tablet":"","ocean_menu_typo_font_weight_mobile":"","ocean_menu_typo_transform":"","ocean_menu_typo_transform_tablet":"","ocean_menu_typo_transform_mobile":"","ocean_menu_typo_line_height":0,"ocean_menu_typo_line_height_tablet":0,"ocean_menu_typo_line_height_mobile":0,"ocean_menu_typo_line_height_unit":"","ocean_menu_typo_spacing":0,"ocean_menu_typo_spacing_tablet":0,"ocean_menu_typo_spacing_mobile":0,"ocean_menu_typo_spacing_unit":"","ocean_menu_link_color":"","ocean_menu_link_color_hover":"","ocean_menu_link_color_active":"","ocean_menu_link_background":"","ocean_menu_link_hover_background":"","ocean_menu_link_active_background":"","ocean_menu_social_links_bg":"","ocean_menu_social_hover_links_bg":"","ocean_menu_social_links_color":"","ocean_menu_social_hover_links_color":"","ocean_disable_title":"default","ocean_disable_heading":"default","ocean_post_title":"","ocean_post_subheading":"","ocean_post_title_style":"","ocean_post_title_background_color":"","ocean_post_title_background":0,"ocean_post_title_bg_image_position":"","ocean_post_title_bg_image_attachment":"","ocean_post_title_bg_image_repeat":"","ocean_post_title_bg_image_size":"","ocean_post_title_height":0,"ocean_post_title_bg_overlay":0.5,"ocean_post_title_bg_overlay_color":"","ocean_disable_breadcrumbs":"default","ocean_breadcrumbs_color":"","ocean_breadcrumbs_separator_color":"","ocean_breadcrumbs_links_color":"","ocean_breadcrumbs_links_hover_color":"","ocean_display_footer_widgets":"default","ocean_display_footer_bottom":"default","ocean_custom_footer_template":"0","ocean_post_oembed":"","ocean_post_self_hosted_media":"","ocean_post_video_embed":"","ocean_link_format":"","ocean_link_format_target":"self","ocean_quote_format":"","ocean_quote_format_link":"post","ocean_gallery_link_images":"off","ocean_gallery_id":[],"footnotes":""},"categories":[1],"tags":[],"class_list":["post-4678","post","type-post","status-publish","format-standard","has-post-thumbnail","hentry","category-sin-categorizar","entry","has-media"],"acf":[],"yoast_head":"<!-- This site is optimized with the Yoast SEO plugin v27.3 - https:\/\/yoast.com\/product\/yoast-seo-wordpress\/ -->\n<title>L&#039;automatitzaci\u00f3 d&#039;edificis per a habitatges accessibles - Fundaci\u00f3n Mutua de Propietarios<\/title>\n<meta name=\"robots\" content=\"index, follow, max-snippet:-1, max-image-preview:large, max-video-preview:-1\" \/>\n<link rel=\"canonical\" href=\"https:\/\/www.fundacionmdp.org\/ca\/lautomatitzacio-dedificis-per-a-habitatges-accessibles\/\" \/>\n<meta property=\"og:locale\" content=\"ca_ES\" \/>\n<meta property=\"og:type\" content=\"article\" \/>\n<meta property=\"og:title\" content=\"L&#039;automatitzaci\u00f3 d&#039;edificis per a habitatges accessibles - Fundaci\u00f3n Mutua de Propietarios\" \/>\n<meta property=\"og:description\" content=\"En altres ocasions hem parlat dels avantatges de comptar amb la dom\u00f2tica per ajudar a l&#8217;accessibilitat en els edificis, un avan\u00e7 especialment important per a les persones amb mobilitat redu\u00efda. Les millores tecnol\u00f2giques permeten incloure un seguit d&#8217;elements que anteriorment nom\u00e9s podien gaudir uns pocs. Aquest tipus de sistemes d&#8217;automatitzaci\u00f3, permeten que les persones amb [&hellip;]\" \/>\n<meta property=\"og:url\" content=\"https:\/\/www.fundacionmdp.org\/ca\/lautomatitzacio-dedificis-per-a-habitatges-accessibles\/\" \/>\n<meta property=\"og:site_name\" content=\"Fundaci\u00f3n Mutua de Propietarios\" \/>\n<meta property=\"article:published_time\" content=\"2020-09-29T14:39:40+00:00\" \/>\n<meta property=\"article:modified_time\" content=\"2023-05-15T09:33:05+00:00\" \/>\n<meta property=\"og:image\" content=\"https:\/\/www.fundacionmdp.org\/wp-content\/uploads\/2023\/05\/20200929-Foto-scaled-1.jpg\" \/>\n\t<meta property=\"og:image:width\" content=\"2560\" \/>\n\t<meta property=\"og:image:height\" content=\"1707\" \/>\n\t<meta property=\"og:image:type\" content=\"image\/jpeg\" \/>\n<meta name=\"author\" content=\"fundacionmdp\" \/>\n<meta name=\"twitter:card\" content=\"summary_large_image\" \/>\n<meta name=\"twitter:label1\" content=\"Escrit per\" \/>\n\t<meta name=\"twitter:data1\" content=\"fundacionmdp\" \/>\n\t<meta name=\"twitter:label2\" content=\"Temps estimat de lectura\" \/>\n\t<meta name=\"twitter:data2\" content=\"3 minuts\" \/>\n<script type=\"application\/ld+json\" class=\"yoast-schema-graph\">{\"@context\":\"https:\\\/\\\/schema.org\",\"@graph\":[{\"@type\":\"Article\",\"@id\":\"https:\\\/\\\/www.fundacionmdp.org\\\/ca\\\/lautomatitzacio-dedificis-per-a-habitatges-accessibles\\\/#article\",\"isPartOf\":{\"@id\":\"https:\\\/\\\/www.fundacionmdp.org\\\/ca\\\/lautomatitzacio-dedificis-per-a-habitatges-accessibles\\\/\"},\"author\":{\"name\":\"fundacionmdp\",\"@id\":\"https:\\\/\\\/www.fundacionmdp.org\\\/#\\\/schema\\\/person\\\/12f9af801cac25dfcb5a96cb0090f703\"},\"headline\":\"L&#8217;automatitzaci\u00f3 d&#8217;edificis per a habitatges accessibles\",\"datePublished\":\"2020-09-29T14:39:40+00:00\",\"dateModified\":\"2023-05-15T09:33:05+00:00\",\"mainEntityOfPage\":{\"@id\":\"https:\\\/\\\/www.fundacionmdp.org\\\/ca\\\/lautomatitzacio-dedificis-per-a-habitatges-accessibles\\\/\"},\"wordCount\":583,\"commentCount\":0,\"publisher\":{\"@id\":\"https:\\\/\\\/www.fundacionmdp.org\\\/#organization\"},\"image\":{\"@id\":\"https:\\\/\\\/www.fundacionmdp.org\\\/ca\\\/lautomatitzacio-dedificis-per-a-habitatges-accessibles\\\/#primaryimage\"},\"thumbnailUrl\":\"https:\\\/\\\/www.fundacionmdp.org\\\/wp-content\\\/uploads\\\/2023\\\/05\\\/20200929-Foto-scaled-1.jpg\",\"articleSection\":[\"Sin categorizar\"],\"inLanguage\":\"ca\",\"potentialAction\":[{\"@type\":\"CommentAction\",\"name\":\"Comment\",\"target\":[\"https:\\\/\\\/www.fundacionmdp.org\\\/ca\\\/lautomatitzacio-dedificis-per-a-habitatges-accessibles\\\/#respond\"]}]},{\"@type\":\"WebPage\",\"@id\":\"https:\\\/\\\/www.fundacionmdp.org\\\/ca\\\/lautomatitzacio-dedificis-per-a-habitatges-accessibles\\\/\",\"url\":\"https:\\\/\\\/www.fundacionmdp.org\\\/ca\\\/lautomatitzacio-dedificis-per-a-habitatges-accessibles\\\/\",\"name\":\"L'automatitzaci\u00f3 d'edificis per a habitatges accessibles - Fundaci\u00f3n Mutua de Propietarios\",\"isPartOf\":{\"@id\":\"https:\\\/\\\/www.fundacionmdp.org\\\/#website\"},\"primaryImageOfPage\":{\"@id\":\"https:\\\/\\\/www.fundacionmdp.org\\\/ca\\\/lautomatitzacio-dedificis-per-a-habitatges-accessibles\\\/#primaryimage\"},\"image\":{\"@id\":\"https:\\\/\\\/www.fundacionmdp.org\\\/ca\\\/lautomatitzacio-dedificis-per-a-habitatges-accessibles\\\/#primaryimage\"},\"thumbnailUrl\":\"https:\\\/\\\/www.fundacionmdp.org\\\/wp-content\\\/uploads\\\/2023\\\/05\\\/20200929-Foto-scaled-1.jpg\",\"datePublished\":\"2020-09-29T14:39:40+00:00\",\"dateModified\":\"2023-05-15T09:33:05+00:00\",\"breadcrumb\":{\"@id\":\"https:\\\/\\\/www.fundacionmdp.org\\\/ca\\\/lautomatitzacio-dedificis-per-a-habitatges-accessibles\\\/#breadcrumb\"},\"inLanguage\":\"ca\",\"potentialAction\":[{\"@type\":\"ReadAction\",\"target\":[\"https:\\\/\\\/www.fundacionmdp.org\\\/ca\\\/lautomatitzacio-dedificis-per-a-habitatges-accessibles\\\/\"]}]},{\"@type\":\"ImageObject\",\"inLanguage\":\"ca\",\"@id\":\"https:\\\/\\\/www.fundacionmdp.org\\\/ca\\\/lautomatitzacio-dedificis-per-a-habitatges-accessibles\\\/#primaryimage\",\"url\":\"https:\\\/\\\/www.fundacionmdp.org\\\/wp-content\\\/uploads\\\/2023\\\/05\\\/20200929-Foto-scaled-1.jpg\",\"contentUrl\":\"https:\\\/\\\/www.fundacionmdp.org\\\/wp-content\\\/uploads\\\/2023\\\/05\\\/20200929-Foto-scaled-1.jpg\",\"width\":2560,\"height\":1707},{\"@type\":\"BreadcrumbList\",\"@id\":\"https:\\\/\\\/www.fundacionmdp.org\\\/ca\\\/lautomatitzacio-dedificis-per-a-habitatges-accessibles\\\/#breadcrumb\",\"itemListElement\":[{\"@type\":\"ListItem\",\"position\":1,\"name\":\"Home\",\"item\":\"https:\\\/\\\/www.fundacionmdp.org\\\/ca\\\/\"},{\"@type\":\"ListItem\",\"position\":2,\"name\":\"L&#8217;automatitzaci\u00f3 d&#8217;edificis per a habitatges accessibles\"}]},{\"@type\":\"WebSite\",\"@id\":\"https:\\\/\\\/www.fundacionmdp.org\\\/#website\",\"url\":\"https:\\\/\\\/www.fundacionmdp.org\\\/\",\"name\":\"Fundaci\u00f3n Mutua de Propietarios\",\"description\":\"En la Fundaci\u00f3n Mutua de Propietarios te ayudamos a convertir tu edificio de viviendas en un espacio sin barreras arquitect\u00f3nicas.\",\"publisher\":{\"@id\":\"https:\\\/\\\/www.fundacionmdp.org\\\/#organization\"},\"potentialAction\":[{\"@type\":\"SearchAction\",\"target\":{\"@type\":\"EntryPoint\",\"urlTemplate\":\"https:\\\/\\\/www.fundacionmdp.org\\\/?s={search_term_string}\"},\"query-input\":{\"@type\":\"PropertyValueSpecification\",\"valueRequired\":true,\"valueName\":\"search_term_string\"}}],\"inLanguage\":\"ca\"},{\"@type\":\"Organization\",\"@id\":\"https:\\\/\\\/www.fundacionmdp.org\\\/#organization\",\"name\":\"Fundaci\u00f3n Mutua de Propietarios\",\"url\":\"https:\\\/\\\/www.fundacionmdp.org\\\/\",\"logo\":{\"@type\":\"ImageObject\",\"inLanguage\":\"ca\",\"@id\":\"https:\\\/\\\/www.fundacionmdp.org\\\/#\\\/schema\\\/logo\\\/image\\\/\",\"url\":\"https:\\\/\\\/www.fundacionmdp.org\\\/wp-content\\\/uploads\\\/2023\\\/05\\\/logo_FMdP_cat.png\",\"contentUrl\":\"https:\\\/\\\/www.fundacionmdp.org\\\/wp-content\\\/uploads\\\/2023\\\/05\\\/logo_FMdP_cat.png\",\"width\":655,\"height\":297,\"caption\":\"Fundaci\u00f3n Mutua de Propietarios\"},\"image\":{\"@id\":\"https:\\\/\\\/www.fundacionmdp.org\\\/#\\\/schema\\\/logo\\\/image\\\/\"}},{\"@type\":\"Person\",\"@id\":\"https:\\\/\\\/www.fundacionmdp.org\\\/#\\\/schema\\\/person\\\/12f9af801cac25dfcb5a96cb0090f703\",\"name\":\"fundacionmdp\",\"image\":{\"@type\":\"ImageObject\",\"inLanguage\":\"ca\",\"@id\":\"https:\\\/\\\/secure.gravatar.com\\\/avatar\\\/b540f93d1816a14d85e51109d050c3243b98fb660a665f517a6d2597cff3bbed?s=96&d=mm&r=g\",\"url\":\"https:\\\/\\\/secure.gravatar.com\\\/avatar\\\/b540f93d1816a14d85e51109d050c3243b98fb660a665f517a6d2597cff3bbed?s=96&d=mm&r=g\",\"contentUrl\":\"https:\\\/\\\/secure.gravatar.com\\\/avatar\\\/b540f93d1816a14d85e51109d050c3243b98fb660a665f517a6d2597cff3bbed?s=96&d=mm&r=g\",\"caption\":\"fundacionmdp\"},\"sameAs\":[\"http:\\\/\\\/prezuk.com.mialias.net\\\/fundacionmdp\"],\"url\":\"https:\\\/\\\/www.fundacionmdp.org\\\/ca\\\/author\\\/fundacionmdp\\\/\"}]}<\/script>\n<!-- \/ Yoast SEO plugin. -->","yoast_head_json":{"title":"L'automatitzaci\u00f3 d'edificis per a habitatges accessibles - Fundaci\u00f3n Mutua de Propietarios","robots":{"index":"index","follow":"follow","max-snippet":"max-snippet:-1","max-image-preview":"max-image-preview:large","max-video-preview":"max-video-preview:-1"},"canonical":"https:\/\/www.fundacionmdp.org\/ca\/lautomatitzacio-dedificis-per-a-habitatges-accessibles\/","og_locale":"ca_ES","og_type":"article","og_title":"L'automatitzaci\u00f3 d'edificis per a habitatges accessibles - Fundaci\u00f3n Mutua de Propietarios","og_description":"En altres ocasions hem parlat dels avantatges de comptar amb la dom\u00f2tica per ajudar a l&#8217;accessibilitat en els edificis, un avan\u00e7 especialment important per a les persones amb mobilitat redu\u00efda. Les millores tecnol\u00f2giques permeten incloure un seguit d&#8217;elements que anteriorment nom\u00e9s podien gaudir uns pocs. Aquest tipus de sistemes d&#8217;automatitzaci\u00f3, permeten que les persones amb [&hellip;]","og_url":"https:\/\/www.fundacionmdp.org\/ca\/lautomatitzacio-dedificis-per-a-habitatges-accessibles\/","og_site_name":"Fundaci\u00f3n Mutua de Propietarios","article_published_time":"2020-09-29T14:39:40+00:00","article_modified_time":"2023-05-15T09:33:05+00:00","og_image":[{"width":2560,"height":1707,"url":"https:\/\/www.fundacionmdp.org\/wp-content\/uploads\/2023\/05\/20200929-Foto-scaled-1.jpg","type":"image\/jpeg"}],"author":"fundacionmdp","twitter_card":"summary_large_image","twitter_misc":{"Escrit per":"fundacionmdp","Temps estimat de lectura":"3 minuts"},"schema":{"@context":"https:\/\/schema.org","@graph":[{"@type":"Article","@id":"https:\/\/www.fundacionmdp.org\/ca\/lautomatitzacio-dedificis-per-a-habitatges-accessibles\/#article","isPartOf":{"@id":"https:\/\/www.fundacionmdp.org\/ca\/lautomatitzacio-dedificis-per-a-habitatges-accessibles\/"},"author":{"name":"fundacionmdp","@id":"https:\/\/www.fundacionmdp.org\/#\/schema\/person\/12f9af801cac25dfcb5a96cb0090f703"},"headline":"L&#8217;automatitzaci\u00f3 d&#8217;edificis per a habitatges accessibles","datePublished":"2020-09-29T14:39:40+00:00","dateModified":"2023-05-15T09:33:05+00:00","mainEntityOfPage":{"@id":"https:\/\/www.fundacionmdp.org\/ca\/lautomatitzacio-dedificis-per-a-habitatges-accessibles\/"},"wordCount":583,"commentCount":0,"publisher":{"@id":"https:\/\/www.fundacionmdp.org\/#organization"},"image":{"@id":"https:\/\/www.fundacionmdp.org\/ca\/lautomatitzacio-dedificis-per-a-habitatges-accessibles\/#primaryimage"},"thumbnailUrl":"https:\/\/www.fundacionmdp.org\/wp-content\/uploads\/2023\/05\/20200929-Foto-scaled-1.jpg","articleSection":["Sin categorizar"],"inLanguage":"ca","potentialAction":[{"@type":"CommentAction","name":"Comment","target":["https:\/\/www.fundacionmdp.org\/ca\/lautomatitzacio-dedificis-per-a-habitatges-accessibles\/#respond"]}]},{"@type":"WebPage","@id":"https:\/\/www.fundacionmdp.org\/ca\/lautomatitzacio-dedificis-per-a-habitatges-accessibles\/","url":"https:\/\/www.fundacionmdp.org\/ca\/lautomatitzacio-dedificis-per-a-habitatges-accessibles\/","name":"L'automatitzaci\u00f3 d'edificis per a habitatges accessibles - Fundaci\u00f3n Mutua de Propietarios","isPartOf":{"@id":"https:\/\/www.fundacionmdp.org\/#website"},"primaryImageOfPage":{"@id":"https:\/\/www.fundacionmdp.org\/ca\/lautomatitzacio-dedificis-per-a-habitatges-accessibles\/#primaryimage"},"image":{"@id":"https:\/\/www.fundacionmdp.org\/ca\/lautomatitzacio-dedificis-per-a-habitatges-accessibles\/#primaryimage"},"thumbnailUrl":"https:\/\/www.fundacionmdp.org\/wp-content\/uploads\/2023\/05\/20200929-Foto-scaled-1.jpg","datePublished":"2020-09-29T14:39:40+00:00","dateModified":"2023-05-15T09:33:05+00:00","breadcrumb":{"@id":"https:\/\/www.fundacionmdp.org\/ca\/lautomatitzacio-dedificis-per-a-habitatges-accessibles\/#breadcrumb"},"inLanguage":"ca","potentialAction":[{"@type":"ReadAction","target":["https:\/\/www.fundacionmdp.org\/ca\/lautomatitzacio-dedificis-per-a-habitatges-accessibles\/"]}]},{"@type":"ImageObject","inLanguage":"ca","@id":"https:\/\/www.fundacionmdp.org\/ca\/lautomatitzacio-dedificis-per-a-habitatges-accessibles\/#primaryimage","url":"https:\/\/www.fundacionmdp.org\/wp-content\/uploads\/2023\/05\/20200929-Foto-scaled-1.jpg","contentUrl":"https:\/\/www.fundacionmdp.org\/wp-content\/uploads\/2023\/05\/20200929-Foto-scaled-1.jpg","width":2560,"height":1707},{"@type":"BreadcrumbList","@id":"https:\/\/www.fundacionmdp.org\/ca\/lautomatitzacio-dedificis-per-a-habitatges-accessibles\/#breadcrumb","itemListElement":[{"@type":"ListItem","position":1,"name":"Home","item":"https:\/\/www.fundacionmdp.org\/ca\/"},{"@type":"ListItem","position":2,"name":"L&#8217;automatitzaci\u00f3 d&#8217;edificis per a habitatges accessibles"}]},{"@type":"WebSite","@id":"https:\/\/www.fundacionmdp.org\/#website","url":"https:\/\/www.fundacionmdp.org\/","name":"Fundaci\u00f3n Mutua de Propietarios","description":"En la Fundaci\u00f3n Mutua de Propietarios te ayudamos a convertir tu edificio de viviendas en un espacio sin barreras arquitect\u00f3nicas.","publisher":{"@id":"https:\/\/www.fundacionmdp.org\/#organization"},"potentialAction":[{"@type":"SearchAction","target":{"@type":"EntryPoint","urlTemplate":"https:\/\/www.fundacionmdp.org\/?s={search_term_string}"},"query-input":{"@type":"PropertyValueSpecification","valueRequired":true,"valueName":"search_term_string"}}],"inLanguage":"ca"},{"@type":"Organization","@id":"https:\/\/www.fundacionmdp.org\/#organization","name":"Fundaci\u00f3n Mutua de Propietarios","url":"https:\/\/www.fundacionmdp.org\/","logo":{"@type":"ImageObject","inLanguage":"ca","@id":"https:\/\/www.fundacionmdp.org\/#\/schema\/logo\/image\/","url":"https:\/\/www.fundacionmdp.org\/wp-content\/uploads\/2023\/05\/logo_FMdP_cat.png","contentUrl":"https:\/\/www.fundacionmdp.org\/wp-content\/uploads\/2023\/05\/logo_FMdP_cat.png","width":655,"height":297,"caption":"Fundaci\u00f3n Mutua de Propietarios"},"image":{"@id":"https:\/\/www.fundacionmdp.org\/#\/schema\/logo\/image\/"}},{"@type":"Person","@id":"https:\/\/www.fundacionmdp.org\/#\/schema\/person\/12f9af801cac25dfcb5a96cb0090f703","name":"fundacionmdp","image":{"@type":"ImageObject","inLanguage":"ca","@id":"https:\/\/secure.gravatar.com\/avatar\/b540f93d1816a14d85e51109d050c3243b98fb660a665f517a6d2597cff3bbed?s=96&d=mm&r=g","url":"https:\/\/secure.gravatar.com\/avatar\/b540f93d1816a14d85e51109d050c3243b98fb660a665f517a6d2597cff3bbed?s=96&d=mm&r=g","contentUrl":"https:\/\/secure.gravatar.com\/avatar\/b540f93d1816a14d85e51109d050c3243b98fb660a665f517a6d2597cff3bbed?s=96&d=mm&r=g","caption":"fundacionmdp"},"sameAs":["http:\/\/prezuk.com.mialias.net\/fundacionmdp"],"url":"https:\/\/www.fundacionmdp.org\/ca\/author\/fundacionmdp\/"}]}},"_links":{"self":[{"href":"https:\/\/www.fundacionmdp.org\/ca\/wp-json\/wp\/v2\/posts\/4678","targetHints":{"allow":["GET"]}}],"collection":[{"href":"https:\/\/www.fundacionmdp.org\/ca\/wp-json\/wp\/v2\/posts"}],"about":[{"href":"https:\/\/www.fundacionmdp.org\/ca\/wp-json\/wp\/v2\/types\/post"}],"author":[{"embeddable":true,"href":"https:\/\/www.fundacionmdp.org\/ca\/wp-json\/wp\/v2\/users\/1"}],"replies":[{"embeddable":true,"href":"https:\/\/www.fundacionmdp.org\/ca\/wp-json\/wp\/v2\/comments?post=4678"}],"version-history":[{"count":3,"href":"https:\/\/www.fundacionmdp.org\/ca\/wp-json\/wp\/v2\/posts\/4678\/revisions"}],"predecessor-version":[{"id":7022,"href":"https:\/\/www.fundacionmdp.org\/ca\/wp-json\/wp\/v2\/posts\/4678\/revisions\/7022"}],"wp:featuredmedia":[{"embeddable":true,"href":"https:\/\/www.fundacionmdp.org\/ca\/wp-json\/wp\/v2\/media\/7019"}],"wp:attachment":[{"href":"https:\/\/www.fundacionmdp.org\/ca\/wp-json\/wp\/v2\/media?parent=4678"}],"wp:term":[{"taxonomy":"category","embeddable":true,"href":"https:\/\/www.fundacionmdp.org\/ca\/wp-json\/wp\/v2\/categories?post=4678"},{"taxonomy":"post_tag","embeddable":true,"href":"https:\/\/www.fundacionmdp.org\/ca\/wp-json\/wp\/v2\/tags?post=4678"}],"curies":[{"name":"wp","href":"https:\/\/api.w.org\/{rel}","templated":true}]}}