{"id":4702,"date":"2020-10-05T15:22:54","date_gmt":"2020-10-05T14:22:54","guid":{"rendered":"https:\/\/www.fundacionmdp.org\/?p=4702"},"modified":"2023-05-15T09:35:08","modified_gmt":"2023-05-15T09:35:08","slug":"obres-daccessibilitat-dins-dun-edifici","status":"publish","type":"post","link":"https:\/\/www.fundacionmdp.org\/ca\/obres-daccessibilitat-dins-dun-edifici\/","title":{"rendered":"Obres d&#8217;accessibilitat dins d&#8217;un edifici"},"content":{"rendered":"<p>L&#8217;accessibilitat universal \u00e9s la condici\u00f3 que haurien de complir tots els edificis, entorns, productes i serveis. No obstant aix\u00f2, les barreres arquitect\u00f2niques encara s\u00f3n una realitat que impedeix a moltes persones amb necessitats de mobilitat i d&#8217;altres tipus ser aut\u00f2nomes. Per aix\u00f2, hi ha una normativa que busca garantir aquest dret universal i sota el qual s&#8217;han d&#8217;acollir tots els edificis de nova construcci\u00f3, i al que s&#8217;han d&#8217;adaptar tamb\u00e9 la resta d&#8217;edificis.<\/p>\n<h2>Discriminaci\u00f3 freq\u00fcent<\/h2>\n<p>La manca d&#8217;accessibilitat de forma generalitzada \u00e9s una de les causes de discriminaci\u00f3 m\u00e9s freq\u00fcents que pateixen les persones amb discapacitat i mobilitat redu\u00efda al nostre pa\u00eds. Per a aix\u00f2, hi ha una s\u00e8rie de lleis que garanteixen que totes les persones tinguin autonomia i no es trobin amb barreres arquitect\u00f2niques que els impedeixin desenvolupar la seva vida amb normalitat. Entre elles, es parla tamb\u00e9 de l&#8217;accessibilitat en edificis, i \u00e9s important explicar els tipus d&#8217;obres que es poden dur a terme en un edifici que vol proporcionar una major qualitat de vida a les persones que hi viuen.<\/p>\n<p>Cal tenir en compte que les despeses de les obres, en cas de no ser habitatges de nova construcci\u00f3, han de ser coberts per tots els ve\u00efns de l&#8217;immoble, sempre que l&#8217;import anual no excedeixi de les 12 mensualitats ordin\u00e0ries de despeses comunes, descomptant les subvencions i ajudes p\u00fabliques.<\/p>\n<p>En cas que les obres per dotar d&#8217;accessibilitat a l&#8217;immoble siguin superior a aquestes dotze mensualitats de despeses ordin\u00e0ries, s&#8217;haur\u00e0 d&#8217;obtenir un acord de la comunitat. En cas que l&#8217;acord sigui v\u00e0lid, tots els propietaris hauran de pagar les mensualitats independentment de si estaven a favor o en contra de les mateixes.<\/p>\n<h2>Lleis i normes que regulen les obres d&#8217;accessibilitat en els edificis<\/h2>\n<p><span style=\"font-weight: 400;\"><img fetchpriority=\"high\" decoding=\"async\" class=\"size-medium wp-image-3731 alignleft\" src=\"http:\/\/prezuk.com.mialias.net\/fundacionmdp\/wp-content\/uploads\/2023\/05\/20200510-Foto.jpg\" alt=\"accesibilidad universal\" width=\"400\" height=\"250\"><\/span>L&#8217;ordenament jur\u00eddic presenta una s\u00e8rie de mecanismes per millorar i afavorir l&#8217;accessibilitat en edificis d&#8217;habitatges. Aquestes regulacions s\u00f3n les seg\u00fcents:<br \/>\n&#8211; La Llei 49\/1960. de 21 de juliol de Propietat Horitzontal (LPH)<br \/>\n&#8211; La Llei 15\/1995, de 30 de maig, de L\u00edmits al Domini sobre Immobles per a Eliminar Barreres Arquitect\u00f2niques a les Persones amb Discapacitat.<br \/>\n&#8211; La Llei 8\/2013, de 26 de juny, de rehabilitaci\u00f3, regeneraci\u00f3 i renovaci\u00f3 urbanes.<br \/>\n&#8211; El Reial Decret Legislatiu 1\/2013, de 29 de novembre, pel qual s&#8217;aprova el Text ref\u00f3s de la Llei general de drets de les persones amb discapacitat i de la seva inclusi\u00f3 social.<br \/>\n&#8211; El Reial Decret Legislatiu 7\/2015, de 30 d&#8217;octubre, pel qual s&#8217;aprova el text ref\u00f3s de la Llei del S\u00f2l i Rehabilitaci\u00f3 Urbana<\/p>\n<p>A m\u00e9s, cada comunitat aut\u00f2noma t\u00e9 el seu propi decret per garantir l&#8217;accessibilitat dels edificis, de manera que \u00e9s convenient revisar tamb\u00e9 aquestes lleis de les que ja parlem en ocasions anteriors.<\/p>\n<h2>Quines obres es poden dur a terme en un edifici perqu\u00e8 sigui accessible?<\/h2>\n<p>Si ens centrem en els tipus d&#8217;obres, aquests poden anar des de la col\u00b7locaci\u00f3 o construcci\u00f3 de rampes per garantir l&#8217;acc\u00e9s a la propietat per part de persones amb mobilitat redu\u00efda, fins senyalitzaci\u00f3 especial per a persones amb discapacitat visual, rampes o fins i tot dispositius mec\u00e0nics i electr\u00f2nics que afavoreixin tant la comunicaci\u00f3 com l&#8217;orientaci\u00f3.<br \/>\nPots consultar elements concrets que poden ajudar a obtenir aquest dret universal en els edificis en el nostre article sobre els <a href=\"https:\/\/www.fundacionmdp.org\/elementos-indispensables-para-la-accesibilidad-en-edificios-de-viviendas\/\">elements indispensables per a l&#8217;accessibilitat en edificis d&#8217;habitatges.<\/a><\/p>\n","protected":false},"excerpt":{"rendered":"<p>L&#8217;accessibilitat universal \u00e9s la condici\u00f3 que haurien de complir tots els edificis, entorns, productes i serveis. No obstant aix\u00f2, les barreres arquitect\u00f2niques encara s\u00f3n una realitat que impedeix a moltes persones amb necessitats de mobilitat i d&#8217;altres tipus ser aut\u00f2nomes. Per aix\u00f2, hi ha una normativa que busca garantir aquest dret universal i sota el [&hellip;]<\/p>\n","protected":false},"author":1,"featured_media":7024,"comment_status":"open","ping_status":"open","sticky":false,"template":"","format":"standard","meta":{"_acf_changed":false,"ocean_post_layout":"","ocean_both_sidebars_style":"","ocean_both_sidebars_content_width":0,"ocean_both_sidebars_sidebars_width":0,"ocean_sidebar":"0","ocean_second_sidebar":"0","ocean_disable_margins":"enable","ocean_add_body_class":"","ocean_shortcode_before_top_bar":"","ocean_shortcode_after_top_bar":"","ocean_shortcode_before_header":"","ocean_shortcode_after_header":"","ocean_has_shortcode":"","ocean_shortcode_after_title":"","ocean_shortcode_before_footer_widgets":"","ocean_shortcode_after_footer_widgets":"","ocean_shortcode_before_footer_bottom":"","ocean_shortcode_after_footer_bottom":"","ocean_display_top_bar":"default","ocean_display_header":"default","ocean_header_style":"","ocean_center_header_left_menu":"0","ocean_custom_header_template":"0","ocean_custom_logo":0,"ocean_custom_retina_logo":0,"ocean_custom_logo_max_width":0,"ocean_custom_logo_tablet_max_width":0,"ocean_custom_logo_mobile_max_width":0,"ocean_custom_logo_max_height":0,"ocean_custom_logo_tablet_max_height":0,"ocean_custom_logo_mobile_max_height":0,"ocean_header_custom_menu":"0","ocean_menu_typo_font_family":"0","ocean_menu_typo_font_subset":"","ocean_menu_typo_font_size":0,"ocean_menu_typo_font_size_tablet":0,"ocean_menu_typo_font_size_mobile":0,"ocean_menu_typo_font_size_unit":"px","ocean_menu_typo_font_weight":"","ocean_menu_typo_font_weight_tablet":"","ocean_menu_typo_font_weight_mobile":"","ocean_menu_typo_transform":"","ocean_menu_typo_transform_tablet":"","ocean_menu_typo_transform_mobile":"","ocean_menu_typo_line_height":0,"ocean_menu_typo_line_height_tablet":0,"ocean_menu_typo_line_height_mobile":0,"ocean_menu_typo_line_height_unit":"","ocean_menu_typo_spacing":0,"ocean_menu_typo_spacing_tablet":0,"ocean_menu_typo_spacing_mobile":0,"ocean_menu_typo_spacing_unit":"","ocean_menu_link_color":"","ocean_menu_link_color_hover":"","ocean_menu_link_color_active":"","ocean_menu_link_background":"","ocean_menu_link_hover_background":"","ocean_menu_link_active_background":"","ocean_menu_social_links_bg":"","ocean_menu_social_hover_links_bg":"","ocean_menu_social_links_color":"","ocean_menu_social_hover_links_color":"","ocean_disable_title":"default","ocean_disable_heading":"default","ocean_post_title":"","ocean_post_subheading":"","ocean_post_title_style":"","ocean_post_title_background_color":"","ocean_post_title_background":0,"ocean_post_title_bg_image_position":"","ocean_post_title_bg_image_attachment":"","ocean_post_title_bg_image_repeat":"","ocean_post_title_bg_image_size":"","ocean_post_title_height":0,"ocean_post_title_bg_overlay":0.5,"ocean_post_title_bg_overlay_color":"","ocean_disable_breadcrumbs":"default","ocean_breadcrumbs_color":"","ocean_breadcrumbs_separator_color":"","ocean_breadcrumbs_links_color":"","ocean_breadcrumbs_links_hover_color":"","ocean_display_footer_widgets":"default","ocean_display_footer_bottom":"default","ocean_custom_footer_template":"0","ocean_post_oembed":"","ocean_post_self_hosted_media":"","ocean_post_video_embed":"","ocean_link_format":"","ocean_link_format_target":"self","ocean_quote_format":"","ocean_quote_format_link":"post","ocean_gallery_link_images":"off","ocean_gallery_id":[],"footnotes":""},"categories":[1],"tags":[],"class_list":["post-4702","post","type-post","status-publish","format-standard","has-post-thumbnail","hentry","category-sin-categorizar","entry","has-media"],"acf":[],"yoast_head":"<!-- This site is optimized with the Yoast SEO plugin v27.3 - https:\/\/yoast.com\/product\/yoast-seo-wordpress\/ -->\n<title>Obres d&#039;accessibilitat dins d&#039;un edifici - Fundaci\u00f3n Mutua de Propietarios<\/title>\n<meta name=\"robots\" content=\"index, follow, max-snippet:-1, max-image-preview:large, max-video-preview:-1\" \/>\n<link rel=\"canonical\" href=\"https:\/\/www.fundacionmdp.org\/ca\/obres-daccessibilitat-dins-dun-edifici\/\" \/>\n<meta property=\"og:locale\" content=\"ca_ES\" \/>\n<meta property=\"og:type\" content=\"article\" \/>\n<meta property=\"og:title\" content=\"Obres d&#039;accessibilitat dins d&#039;un edifici - Fundaci\u00f3n Mutua de Propietarios\" \/>\n<meta property=\"og:description\" content=\"L&#8217;accessibilitat universal \u00e9s la condici\u00f3 que haurien de complir tots els edificis, entorns, productes i serveis. No obstant aix\u00f2, les barreres arquitect\u00f2niques encara s\u00f3n una realitat que impedeix a moltes persones amb necessitats de mobilitat i d&#8217;altres tipus ser aut\u00f2nomes. Per aix\u00f2, hi ha una normativa que busca garantir aquest dret universal i sota el [&hellip;]\" \/>\n<meta property=\"og:url\" content=\"https:\/\/www.fundacionmdp.org\/ca\/obres-daccessibilitat-dins-dun-edifici\/\" \/>\n<meta property=\"og:site_name\" content=\"Fundaci\u00f3n Mutua de Propietarios\" \/>\n<meta property=\"article:published_time\" content=\"2020-10-05T14:22:54+00:00\" \/>\n<meta property=\"article:modified_time\" content=\"2023-05-15T09:35:08+00:00\" \/>\n<meta property=\"og:image\" content=\"https:\/\/www.fundacionmdp.org\/wp-content\/uploads\/2023\/05\/20200510-Foto.jpg\" \/>\n\t<meta property=\"og:image:width\" content=\"321\" \/>\n\t<meta property=\"og:image:height\" content=\"214\" \/>\n\t<meta property=\"og:image:type\" content=\"image\/jpeg\" \/>\n<meta name=\"author\" content=\"fundacionmdp\" \/>\n<meta name=\"twitter:card\" content=\"summary_large_image\" \/>\n<meta name=\"twitter:label1\" content=\"Escrit per\" \/>\n\t<meta name=\"twitter:data1\" content=\"fundacionmdp\" \/>\n\t<meta name=\"twitter:label2\" content=\"Temps estimat de lectura\" \/>\n\t<meta name=\"twitter:data2\" content=\"3 minuts\" \/>\n<script type=\"application\/ld+json\" class=\"yoast-schema-graph\">{\"@context\":\"https:\\\/\\\/schema.org\",\"@graph\":[{\"@type\":\"Article\",\"@id\":\"https:\\\/\\\/www.fundacionmdp.org\\\/ca\\\/obres-daccessibilitat-dins-dun-edifici\\\/#article\",\"isPartOf\":{\"@id\":\"https:\\\/\\\/www.fundacionmdp.org\\\/ca\\\/obres-daccessibilitat-dins-dun-edifici\\\/\"},\"author\":{\"name\":\"fundacionmdp\",\"@id\":\"https:\\\/\\\/www.fundacionmdp.org\\\/#\\\/schema\\\/person\\\/12f9af801cac25dfcb5a96cb0090f703\"},\"headline\":\"Obres d&#8217;accessibilitat dins d&#8217;un edifici\",\"datePublished\":\"2020-10-05T14:22:54+00:00\",\"dateModified\":\"2023-05-15T09:35:08+00:00\",\"mainEntityOfPage\":{\"@id\":\"https:\\\/\\\/www.fundacionmdp.org\\\/ca\\\/obres-daccessibilitat-dins-dun-edifici\\\/\"},\"wordCount\":599,\"commentCount\":0,\"publisher\":{\"@id\":\"https:\\\/\\\/www.fundacionmdp.org\\\/#organization\"},\"image\":{\"@id\":\"https:\\\/\\\/www.fundacionmdp.org\\\/ca\\\/obres-daccessibilitat-dins-dun-edifici\\\/#primaryimage\"},\"thumbnailUrl\":\"https:\\\/\\\/www.fundacionmdp.org\\\/wp-content\\\/uploads\\\/2023\\\/05\\\/20200510-Foto.jpg\",\"articleSection\":[\"Sin categorizar\"],\"inLanguage\":\"ca\",\"potentialAction\":[{\"@type\":\"CommentAction\",\"name\":\"Comment\",\"target\":[\"https:\\\/\\\/www.fundacionmdp.org\\\/ca\\\/obres-daccessibilitat-dins-dun-edifici\\\/#respond\"]}]},{\"@type\":\"WebPage\",\"@id\":\"https:\\\/\\\/www.fundacionmdp.org\\\/ca\\\/obres-daccessibilitat-dins-dun-edifici\\\/\",\"url\":\"https:\\\/\\\/www.fundacionmdp.org\\\/ca\\\/obres-daccessibilitat-dins-dun-edifici\\\/\",\"name\":\"Obres d'accessibilitat dins d'un edifici - Fundaci\u00f3n Mutua de Propietarios\",\"isPartOf\":{\"@id\":\"https:\\\/\\\/www.fundacionmdp.org\\\/#website\"},\"primaryImageOfPage\":{\"@id\":\"https:\\\/\\\/www.fundacionmdp.org\\\/ca\\\/obres-daccessibilitat-dins-dun-edifici\\\/#primaryimage\"},\"image\":{\"@id\":\"https:\\\/\\\/www.fundacionmdp.org\\\/ca\\\/obres-daccessibilitat-dins-dun-edifici\\\/#primaryimage\"},\"thumbnailUrl\":\"https:\\\/\\\/www.fundacionmdp.org\\\/wp-content\\\/uploads\\\/2023\\\/05\\\/20200510-Foto.jpg\",\"datePublished\":\"2020-10-05T14:22:54+00:00\",\"dateModified\":\"2023-05-15T09:35:08+00:00\",\"breadcrumb\":{\"@id\":\"https:\\\/\\\/www.fundacionmdp.org\\\/ca\\\/obres-daccessibilitat-dins-dun-edifici\\\/#breadcrumb\"},\"inLanguage\":\"ca\",\"potentialAction\":[{\"@type\":\"ReadAction\",\"target\":[\"https:\\\/\\\/www.fundacionmdp.org\\\/ca\\\/obres-daccessibilitat-dins-dun-edifici\\\/\"]}]},{\"@type\":\"ImageObject\",\"inLanguage\":\"ca\",\"@id\":\"https:\\\/\\\/www.fundacionmdp.org\\\/ca\\\/obres-daccessibilitat-dins-dun-edifici\\\/#primaryimage\",\"url\":\"https:\\\/\\\/www.fundacionmdp.org\\\/wp-content\\\/uploads\\\/2023\\\/05\\\/20200510-Foto.jpg\",\"contentUrl\":\"https:\\\/\\\/www.fundacionmdp.org\\\/wp-content\\\/uploads\\\/2023\\\/05\\\/20200510-Foto.jpg\",\"width\":321,\"height\":214},{\"@type\":\"BreadcrumbList\",\"@id\":\"https:\\\/\\\/www.fundacionmdp.org\\\/ca\\\/obres-daccessibilitat-dins-dun-edifici\\\/#breadcrumb\",\"itemListElement\":[{\"@type\":\"ListItem\",\"position\":1,\"name\":\"Home\",\"item\":\"https:\\\/\\\/www.fundacionmdp.org\\\/ca\\\/\"},{\"@type\":\"ListItem\",\"position\":2,\"name\":\"Obres d&#8217;accessibilitat dins d&#8217;un edifici\"}]},{\"@type\":\"WebSite\",\"@id\":\"https:\\\/\\\/www.fundacionmdp.org\\\/#website\",\"url\":\"https:\\\/\\\/www.fundacionmdp.org\\\/\",\"name\":\"Fundaci\u00f3n Mutua de Propietarios\",\"description\":\"En la Fundaci\u00f3n Mutua de Propietarios te ayudamos a convertir tu edificio de viviendas en un espacio sin barreras arquitect\u00f3nicas.\",\"publisher\":{\"@id\":\"https:\\\/\\\/www.fundacionmdp.org\\\/#organization\"},\"potentialAction\":[{\"@type\":\"SearchAction\",\"target\":{\"@type\":\"EntryPoint\",\"urlTemplate\":\"https:\\\/\\\/www.fundacionmdp.org\\\/?s={search_term_string}\"},\"query-input\":{\"@type\":\"PropertyValueSpecification\",\"valueRequired\":true,\"valueName\":\"search_term_string\"}}],\"inLanguage\":\"ca\"},{\"@type\":\"Organization\",\"@id\":\"https:\\\/\\\/www.fundacionmdp.org\\\/#organization\",\"name\":\"Fundaci\u00f3n Mutua de Propietarios\",\"url\":\"https:\\\/\\\/www.fundacionmdp.org\\\/\",\"logo\":{\"@type\":\"ImageObject\",\"inLanguage\":\"ca\",\"@id\":\"https:\\\/\\\/www.fundacionmdp.org\\\/#\\\/schema\\\/logo\\\/image\\\/\",\"url\":\"https:\\\/\\\/www.fundacionmdp.org\\\/wp-content\\\/uploads\\\/2023\\\/05\\\/logo_FMdP_cat.png\",\"contentUrl\":\"https:\\\/\\\/www.fundacionmdp.org\\\/wp-content\\\/uploads\\\/2023\\\/05\\\/logo_FMdP_cat.png\",\"width\":655,\"height\":297,\"caption\":\"Fundaci\u00f3n Mutua de Propietarios\"},\"image\":{\"@id\":\"https:\\\/\\\/www.fundacionmdp.org\\\/#\\\/schema\\\/logo\\\/image\\\/\"}},{\"@type\":\"Person\",\"@id\":\"https:\\\/\\\/www.fundacionmdp.org\\\/#\\\/schema\\\/person\\\/12f9af801cac25dfcb5a96cb0090f703\",\"name\":\"fundacionmdp\",\"image\":{\"@type\":\"ImageObject\",\"inLanguage\":\"ca\",\"@id\":\"https:\\\/\\\/secure.gravatar.com\\\/avatar\\\/b540f93d1816a14d85e51109d050c3243b98fb660a665f517a6d2597cff3bbed?s=96&d=mm&r=g\",\"url\":\"https:\\\/\\\/secure.gravatar.com\\\/avatar\\\/b540f93d1816a14d85e51109d050c3243b98fb660a665f517a6d2597cff3bbed?s=96&d=mm&r=g\",\"contentUrl\":\"https:\\\/\\\/secure.gravatar.com\\\/avatar\\\/b540f93d1816a14d85e51109d050c3243b98fb660a665f517a6d2597cff3bbed?s=96&d=mm&r=g\",\"caption\":\"fundacionmdp\"},\"sameAs\":[\"http:\\\/\\\/prezuk.com.mialias.net\\\/fundacionmdp\"],\"url\":\"https:\\\/\\\/www.fundacionmdp.org\\\/ca\\\/author\\\/fundacionmdp\\\/\"}]}<\/script>\n<!-- \/ Yoast SEO plugin. -->","yoast_head_json":{"title":"Obres d'accessibilitat dins d'un edifici - Fundaci\u00f3n Mutua de Propietarios","robots":{"index":"index","follow":"follow","max-snippet":"max-snippet:-1","max-image-preview":"max-image-preview:large","max-video-preview":"max-video-preview:-1"},"canonical":"https:\/\/www.fundacionmdp.org\/ca\/obres-daccessibilitat-dins-dun-edifici\/","og_locale":"ca_ES","og_type":"article","og_title":"Obres d'accessibilitat dins d'un edifici - Fundaci\u00f3n Mutua de Propietarios","og_description":"L&#8217;accessibilitat universal \u00e9s la condici\u00f3 que haurien de complir tots els edificis, entorns, productes i serveis. No obstant aix\u00f2, les barreres arquitect\u00f2niques encara s\u00f3n una realitat que impedeix a moltes persones amb necessitats de mobilitat i d&#8217;altres tipus ser aut\u00f2nomes. Per aix\u00f2, hi ha una normativa que busca garantir aquest dret universal i sota el [&hellip;]","og_url":"https:\/\/www.fundacionmdp.org\/ca\/obres-daccessibilitat-dins-dun-edifici\/","og_site_name":"Fundaci\u00f3n Mutua de Propietarios","article_published_time":"2020-10-05T14:22:54+00:00","article_modified_time":"2023-05-15T09:35:08+00:00","og_image":[{"width":321,"height":214,"url":"https:\/\/www.fundacionmdp.org\/wp-content\/uploads\/2023\/05\/20200510-Foto.jpg","type":"image\/jpeg"}],"author":"fundacionmdp","twitter_card":"summary_large_image","twitter_misc":{"Escrit per":"fundacionmdp","Temps estimat de lectura":"3 minuts"},"schema":{"@context":"https:\/\/schema.org","@graph":[{"@type":"Article","@id":"https:\/\/www.fundacionmdp.org\/ca\/obres-daccessibilitat-dins-dun-edifici\/#article","isPartOf":{"@id":"https:\/\/www.fundacionmdp.org\/ca\/obres-daccessibilitat-dins-dun-edifici\/"},"author":{"name":"fundacionmdp","@id":"https:\/\/www.fundacionmdp.org\/#\/schema\/person\/12f9af801cac25dfcb5a96cb0090f703"},"headline":"Obres d&#8217;accessibilitat dins d&#8217;un edifici","datePublished":"2020-10-05T14:22:54+00:00","dateModified":"2023-05-15T09:35:08+00:00","mainEntityOfPage":{"@id":"https:\/\/www.fundacionmdp.org\/ca\/obres-daccessibilitat-dins-dun-edifici\/"},"wordCount":599,"commentCount":0,"publisher":{"@id":"https:\/\/www.fundacionmdp.org\/#organization"},"image":{"@id":"https:\/\/www.fundacionmdp.org\/ca\/obres-daccessibilitat-dins-dun-edifici\/#primaryimage"},"thumbnailUrl":"https:\/\/www.fundacionmdp.org\/wp-content\/uploads\/2023\/05\/20200510-Foto.jpg","articleSection":["Sin categorizar"],"inLanguage":"ca","potentialAction":[{"@type":"CommentAction","name":"Comment","target":["https:\/\/www.fundacionmdp.org\/ca\/obres-daccessibilitat-dins-dun-edifici\/#respond"]}]},{"@type":"WebPage","@id":"https:\/\/www.fundacionmdp.org\/ca\/obres-daccessibilitat-dins-dun-edifici\/","url":"https:\/\/www.fundacionmdp.org\/ca\/obres-daccessibilitat-dins-dun-edifici\/","name":"Obres d'accessibilitat dins d'un edifici - Fundaci\u00f3n Mutua de Propietarios","isPartOf":{"@id":"https:\/\/www.fundacionmdp.org\/#website"},"primaryImageOfPage":{"@id":"https:\/\/www.fundacionmdp.org\/ca\/obres-daccessibilitat-dins-dun-edifici\/#primaryimage"},"image":{"@id":"https:\/\/www.fundacionmdp.org\/ca\/obres-daccessibilitat-dins-dun-edifici\/#primaryimage"},"thumbnailUrl":"https:\/\/www.fundacionmdp.org\/wp-content\/uploads\/2023\/05\/20200510-Foto.jpg","datePublished":"2020-10-05T14:22:54+00:00","dateModified":"2023-05-15T09:35:08+00:00","breadcrumb":{"@id":"https:\/\/www.fundacionmdp.org\/ca\/obres-daccessibilitat-dins-dun-edifici\/#breadcrumb"},"inLanguage":"ca","potentialAction":[{"@type":"ReadAction","target":["https:\/\/www.fundacionmdp.org\/ca\/obres-daccessibilitat-dins-dun-edifici\/"]}]},{"@type":"ImageObject","inLanguage":"ca","@id":"https:\/\/www.fundacionmdp.org\/ca\/obres-daccessibilitat-dins-dun-edifici\/#primaryimage","url":"https:\/\/www.fundacionmdp.org\/wp-content\/uploads\/2023\/05\/20200510-Foto.jpg","contentUrl":"https:\/\/www.fundacionmdp.org\/wp-content\/uploads\/2023\/05\/20200510-Foto.jpg","width":321,"height":214},{"@type":"BreadcrumbList","@id":"https:\/\/www.fundacionmdp.org\/ca\/obres-daccessibilitat-dins-dun-edifici\/#breadcrumb","itemListElement":[{"@type":"ListItem","position":1,"name":"Home","item":"https:\/\/www.fundacionmdp.org\/ca\/"},{"@type":"ListItem","position":2,"name":"Obres d&#8217;accessibilitat dins d&#8217;un edifici"}]},{"@type":"WebSite","@id":"https:\/\/www.fundacionmdp.org\/#website","url":"https:\/\/www.fundacionmdp.org\/","name":"Fundaci\u00f3n Mutua de Propietarios","description":"En la Fundaci\u00f3n Mutua de Propietarios te ayudamos a convertir tu edificio de viviendas en un espacio sin barreras arquitect\u00f3nicas.","publisher":{"@id":"https:\/\/www.fundacionmdp.org\/#organization"},"potentialAction":[{"@type":"SearchAction","target":{"@type":"EntryPoint","urlTemplate":"https:\/\/www.fundacionmdp.org\/?s={search_term_string}"},"query-input":{"@type":"PropertyValueSpecification","valueRequired":true,"valueName":"search_term_string"}}],"inLanguage":"ca"},{"@type":"Organization","@id":"https:\/\/www.fundacionmdp.org\/#organization","name":"Fundaci\u00f3n Mutua de Propietarios","url":"https:\/\/www.fundacionmdp.org\/","logo":{"@type":"ImageObject","inLanguage":"ca","@id":"https:\/\/www.fundacionmdp.org\/#\/schema\/logo\/image\/","url":"https:\/\/www.fundacionmdp.org\/wp-content\/uploads\/2023\/05\/logo_FMdP_cat.png","contentUrl":"https:\/\/www.fundacionmdp.org\/wp-content\/uploads\/2023\/05\/logo_FMdP_cat.png","width":655,"height":297,"caption":"Fundaci\u00f3n Mutua de Propietarios"},"image":{"@id":"https:\/\/www.fundacionmdp.org\/#\/schema\/logo\/image\/"}},{"@type":"Person","@id":"https:\/\/www.fundacionmdp.org\/#\/schema\/person\/12f9af801cac25dfcb5a96cb0090f703","name":"fundacionmdp","image":{"@type":"ImageObject","inLanguage":"ca","@id":"https:\/\/secure.gravatar.com\/avatar\/b540f93d1816a14d85e51109d050c3243b98fb660a665f517a6d2597cff3bbed?s=96&d=mm&r=g","url":"https:\/\/secure.gravatar.com\/avatar\/b540f93d1816a14d85e51109d050c3243b98fb660a665f517a6d2597cff3bbed?s=96&d=mm&r=g","contentUrl":"https:\/\/secure.gravatar.com\/avatar\/b540f93d1816a14d85e51109d050c3243b98fb660a665f517a6d2597cff3bbed?s=96&d=mm&r=g","caption":"fundacionmdp"},"sameAs":["http:\/\/prezuk.com.mialias.net\/fundacionmdp"],"url":"https:\/\/www.fundacionmdp.org\/ca\/author\/fundacionmdp\/"}]}},"_links":{"self":[{"href":"https:\/\/www.fundacionmdp.org\/ca\/wp-json\/wp\/v2\/posts\/4702","targetHints":{"allow":["GET"]}}],"collection":[{"href":"https:\/\/www.fundacionmdp.org\/ca\/wp-json\/wp\/v2\/posts"}],"about":[{"href":"https:\/\/www.fundacionmdp.org\/ca\/wp-json\/wp\/v2\/types\/post"}],"author":[{"embeddable":true,"href":"https:\/\/www.fundacionmdp.org\/ca\/wp-json\/wp\/v2\/users\/1"}],"replies":[{"embeddable":true,"href":"https:\/\/www.fundacionmdp.org\/ca\/wp-json\/wp\/v2\/comments?post=4702"}],"version-history":[{"count":3,"href":"https:\/\/www.fundacionmdp.org\/ca\/wp-json\/wp\/v2\/posts\/4702\/revisions"}],"predecessor-version":[{"id":7033,"href":"https:\/\/www.fundacionmdp.org\/ca\/wp-json\/wp\/v2\/posts\/4702\/revisions\/7033"}],"wp:featuredmedia":[{"embeddable":true,"href":"https:\/\/www.fundacionmdp.org\/ca\/wp-json\/wp\/v2\/media\/7024"}],"wp:attachment":[{"href":"https:\/\/www.fundacionmdp.org\/ca\/wp-json\/wp\/v2\/media?parent=4702"}],"wp:term":[{"taxonomy":"category","embeddable":true,"href":"https:\/\/www.fundacionmdp.org\/ca\/wp-json\/wp\/v2\/categories?post=4702"},{"taxonomy":"post_tag","embeddable":true,"href":"https:\/\/www.fundacionmdp.org\/ca\/wp-json\/wp\/v2\/tags?post=4702"}],"curies":[{"name":"wp","href":"https:\/\/api.w.org\/{rel}","templated":true}]}}