{"id":4770,"date":"2020-11-03T09:36:49","date_gmt":"2020-11-03T09:36:49","guid":{"rendered":"https:\/\/www.fundacionmdp.org\/?p=4770"},"modified":"2023-05-15T09:37:00","modified_gmt":"2023-05-15T09:37:00","slug":"rampes-accessibles-als-edificis","status":"publish","type":"post","link":"https:\/\/www.fundacionmdp.org\/ca\/rampes-accessibles-als-edificis\/","title":{"rendered":"Rampes accessibles als edificis"},"content":{"rendered":"<p>Les persones amb mobilitat redu\u00efda es troben di\u00e0riament amb dificultats tant en els espais p\u00fablics com en els seus propis edificis. Els accessos als immobles s\u00f3n de vegades un obstacle que limita l&#8217;accessibilitat. \u00c9s el que s&#8217;anomena barreres arquitect\u00f2niques, que han de ser eliminades per garantir que totes les persones puguin tenir autonomia en la seva vida di\u00e0ria. Les rampes accessibles s\u00f3n una soluci\u00f3 quan no es compleixen les normatives vigents respecte a <a href=\"https:\/\/www.fundacionmdp.org\/como-facilitar-accesibilidad-universal\/\">l&#8217;accessibilitat universal<\/a>, permetent aix\u00ed que les persones amb mobilitat redu\u00efda puguin entrar i sortir dels immobles sense dificultat.<\/p>\n<h2>L&#8217;accessibilitat en edificis<\/h2>\n<p><span style=\"font-weight: 400;\"><img fetchpriority=\"high\" decoding=\"async\" class=\"size-medium wp-image-3731 alignleft\" src=\"http:\/\/prezuk.com.mialias.net\/fundacionmdp\/wp-content\/uploads\/2023\/05\/20201030-Foto.jpg\" alt=\"accesibilidad universal\" width=\"400\" height=\"250\"><\/span>La normativa nacional estableix les necessitats d&#8217;accessibilitat i l&#8217;eliminaci\u00f3 de barreres arquitect\u00f2niques dels nous edificis, aix\u00ed com l&#8217;adequaci\u00f3 dels antics a aquestes necessitats. L&#8217;acc\u00e9s als edificis pot donar-se gr\u00e0cies a la instal\u00b7laci\u00f3 de rampes que puguin ser utilitzades per persones amb discapacitat o mobilitat redu\u00efda, per tal de garantir aquesta accessibilitat universal. Oferir un itinerari accessible que comuniqui la via p\u00fablica amb habitatges o amb altres espais resulta fonamental.<\/p>\n<p>La normativa espanyola estableix una s\u00e8rie de caracter\u00edstiques b\u00e0siques que s&#8217;han de complir perqu\u00e8 aquest tipus d&#8217;instal\u00b7lacions siguin accessibles, tant si es tracta d&#8217;espais p\u00fablics com en accessos a edificis. La normativa es divideix entre l&#8217;estatal, l&#8217;auton\u00f2mica i la municipal.<\/p>\n<p>&#8211; A la normativa estatal, el Codi T\u00e8cnic d&#8217;Edificaci\u00f3 (CTE) \u00e9s el que estableix que la pendent m\u00e0xima que ha de tenir una rampa accessible \u00e9s de 10% si compta amb una longitud menor de 3 metres; 8% quan la longitud sigui menor de 6 metres, i 6% en la resta dels casos. Per la seva banda, l&#8217;amplada ha de ser com a m\u00ednim de 1,20 metres, i ha d&#8217;incloure un passamans.<\/p>\n<p>&#8211; Per la seva banda, la normativa auton\u00f2mica variar\u00e0 en funci\u00f3 de la comunitat en la qual ens trobem. En aquest cas no hi ha un reglament que estableixi les obligacions d&#8217;aquest tipus d&#8217;instal\u00b7lacions, de manera que el millor \u00e9s consultar-ho a la normativa auton\u00f2mica concreta.<\/p>\n<p>&#8211; En el cas de la normativa municipal, dependr\u00e0 d&#8217;on es trobi situat l&#8217;edifici. Pot comptar amb una normativa espec\u00edfica o b\u00e9 pot haver-hi una Ordenan\u00e7a espec\u00edfica sobre l&#8217;accessibilitat. Cal consultar la normativa municipal pel que fa a rampes accessibles en els edificis perqu\u00e8 poden tenir variacions respecte del CTE sobre els criteris a l&#8217;hora de col\u00b7locar les rampes en edificis ja existents.<\/p>\n<p>&nbsp;<\/p>\n<h2>Quines caracter\u00edstiques han de tenir les rampes perqu\u00e8 siguin accessibles?<\/h2>\n<p>Com diem, en funci\u00f3 del criteri i normativa \u00e9s possible que hi hagi variacions. No obstant aix\u00f2, per als edificis ja existents \u00e9s possible que sorgeixin certs dubtes i problemes a l&#8217;hora d&#8217;instal\u00b7lar una rampa accessible. En qualsevol cas, hi ha tres q\u00fcestions essencials que s&#8217;han de tenir en compte al realitzar l&#8217;obra.<\/p>\n<p>&#8211; En primer lloc, \u00e9s molt important comptar amb professionals que estiguin a la diana de les solucions i opcions d&#8217;accessibilitat per a edificis.<\/p>\n<p>&#8211; El pendent i la longitud s\u00f3n caracter\u00edstiques fonamentals per garantir que el procediment s&#8217;ajusta a la legislaci\u00f3 vigent i a les necessitats de les persones. En primer lloc, el pendent mai pot ser superior a l&#8217;12%, ja que en cas de superar-ho, no permetria l&#8217;acc\u00e9s a persones amb mobilitat redu\u00efda. \u00c9s a dir, una rampa de m\u00e9s d&#8217;un 12% de pendent pot resoldre certes q\u00fcestions com l&#8217;acc\u00e9s amb cotxets de nens o maletes, per\u00f2 no permetria l&#8217;acc\u00e9s de persones amb mobilitat redu\u00efda. Cal tenir en compte que el percentatge de pendent varia en funci\u00f3 de la longitud, cosa que s&#8217;estableix al CTE. A m\u00e9s, la longitud m\u00e0xima d&#8217;una rampa ha de ser menor de 9 metres i sempre comptar amb un ample m\u00ednim de 1,20 metres.<\/p>\n<p>&#8211; Pel que fa al passamans, ser\u00e0 obligat\u00f2ria la seva instal\u00b7laci\u00f3 en un dels costats en aquelles rampes amb pendents de m\u00e9s de 5,5 cent\u00edmetres, mentre que ser\u00e0 obligatori instal\u00b7lar a banda i banda quan l&#8217;al\u00e7ada sigui de m\u00e9s de 16,5 cent\u00edmetres.<\/p>\n<p>&#8211; Els materials de la rampa antilliscant tamb\u00e9 s\u00f3n importants, ja que hauran de ser antilliscant per a garantir la seguretat dels qui la utilitzen.<\/p>\n<p>Si resulta inviable instal\u00b7lar una rampa que millori l&#8217;accessibilitat de l&#8217;edifici, hi ha altres solucions com posar <a href=\"https:\/\/www.fundacionmdp.org\/elevadores-salvaescaleras-la-tecnologia-al-servicio-de-las-personas-con-movilidad-reducida\/\">elevadors pujaescales<\/a> o b\u00e9 baixar l&#8217;ascensor a cota de carrer. Per poder garantir l&#8217;accessibilitat en qualsevol edifici, hi ha ajudes i subvencions que garanteixen una millora a trav\u00e9s de l&#8217;eliminaci\u00f3 de barreres arquitect\u00f2niques. \u00c9s el cas de les nostres Subvencions i Ajudes a l&#8217;Accessibilitat de el programa Sense Barreres, que pots revisar peri\u00f2dicament per veure quina \u00e9s la convocat\u00f2ria que millor s&#8217;adapta a les teves necessitats. Pots consultar totes les novetats a trav\u00e9s del nostre <a href=\"https:\/\/www.fundacionmdp.org\/noticias\/\">portal de not\u00edcies<\/a> o sol\u00b7licitar la informaci\u00f3 que necessitis <a href=\"https:\/\/www.fundacionmdp.org\/contacto\/\">posant-te en contacte amb nosaltres.<\/a> T&#8217;esperem!<\/p>\n","protected":false},"excerpt":{"rendered":"<p>Les persones amb mobilitat redu\u00efda es troben di\u00e0riament amb dificultats tant en els espais p\u00fablics com en els seus propis edificis. Els accessos als immobles s\u00f3n de vegades un obstacle que limita l&#8217;accessibilitat. \u00c9s el que s&#8217;anomena barreres arquitect\u00f2niques, que han de ser eliminades per garantir que totes les persones puguin tenir autonomia en la [&hellip;]<\/p>\n","protected":false},"author":1,"featured_media":4768,"comment_status":"open","ping_status":"open","sticky":false,"template":"","format":"standard","meta":{"_acf_changed":false,"ocean_post_layout":"","ocean_both_sidebars_style":"","ocean_both_sidebars_content_width":0,"ocean_both_sidebars_sidebars_width":0,"ocean_sidebar":"0","ocean_second_sidebar":"0","ocean_disable_margins":"enable","ocean_add_body_class":"","ocean_shortcode_before_top_bar":"","ocean_shortcode_after_top_bar":"","ocean_shortcode_before_header":"","ocean_shortcode_after_header":"","ocean_has_shortcode":"","ocean_shortcode_after_title":"","ocean_shortcode_before_footer_widgets":"","ocean_shortcode_after_footer_widgets":"","ocean_shortcode_before_footer_bottom":"","ocean_shortcode_after_footer_bottom":"","ocean_display_top_bar":"default","ocean_display_header":"default","ocean_header_style":"","ocean_center_header_left_menu":"0","ocean_custom_header_template":"0","ocean_custom_logo":0,"ocean_custom_retina_logo":0,"ocean_custom_logo_max_width":0,"ocean_custom_logo_tablet_max_width":0,"ocean_custom_logo_mobile_max_width":0,"ocean_custom_logo_max_height":0,"ocean_custom_logo_tablet_max_height":0,"ocean_custom_logo_mobile_max_height":0,"ocean_header_custom_menu":"0","ocean_menu_typo_font_family":"0","ocean_menu_typo_font_subset":"","ocean_menu_typo_font_size":0,"ocean_menu_typo_font_size_tablet":0,"ocean_menu_typo_font_size_mobile":0,"ocean_menu_typo_font_size_unit":"px","ocean_menu_typo_font_weight":"","ocean_menu_typo_font_weight_tablet":"","ocean_menu_typo_font_weight_mobile":"","ocean_menu_typo_transform":"","ocean_menu_typo_transform_tablet":"","ocean_menu_typo_transform_mobile":"","ocean_menu_typo_line_height":0,"ocean_menu_typo_line_height_tablet":0,"ocean_menu_typo_line_height_mobile":0,"ocean_menu_typo_line_height_unit":"","ocean_menu_typo_spacing":0,"ocean_menu_typo_spacing_tablet":0,"ocean_menu_typo_spacing_mobile":0,"ocean_menu_typo_spacing_unit":"","ocean_menu_link_color":"","ocean_menu_link_color_hover":"","ocean_menu_link_color_active":"","ocean_menu_link_background":"","ocean_menu_link_hover_background":"","ocean_menu_link_active_background":"","ocean_menu_social_links_bg":"","ocean_menu_social_hover_links_bg":"","ocean_menu_social_links_color":"","ocean_menu_social_hover_links_color":"","ocean_disable_title":"default","ocean_disable_heading":"default","ocean_post_title":"","ocean_post_subheading":"","ocean_post_title_style":"","ocean_post_title_background_color":"","ocean_post_title_background":0,"ocean_post_title_bg_image_position":"","ocean_post_title_bg_image_attachment":"","ocean_post_title_bg_image_repeat":"","ocean_post_title_bg_image_size":"","ocean_post_title_height":0,"ocean_post_title_bg_overlay":0.5,"ocean_post_title_bg_overlay_color":"","ocean_disable_breadcrumbs":"default","ocean_breadcrumbs_color":"","ocean_breadcrumbs_separator_color":"","ocean_breadcrumbs_links_color":"","ocean_breadcrumbs_links_hover_color":"","ocean_display_footer_widgets":"default","ocean_display_footer_bottom":"default","ocean_custom_footer_template":"0","ocean_post_oembed":"","ocean_post_self_hosted_media":"","ocean_post_video_embed":"","ocean_link_format":"","ocean_link_format_target":"self","ocean_quote_format":"","ocean_quote_format_link":"post","ocean_gallery_link_images":"off","ocean_gallery_id":[],"footnotes":""},"categories":[1],"tags":[],"class_list":["post-4770","post","type-post","status-publish","format-standard","has-post-thumbnail","hentry","category-sin-categorizar","entry","has-media"],"acf":[],"yoast_head":"<!-- This site is optimized with the Yoast SEO plugin v27.3 - https:\/\/yoast.com\/product\/yoast-seo-wordpress\/ -->\n<title>Rampes accessibles als edificis - Fundaci\u00f3n Mutua de Propietarios<\/title>\n<meta name=\"robots\" content=\"index, follow, max-snippet:-1, max-image-preview:large, max-video-preview:-1\" \/>\n<link rel=\"canonical\" href=\"https:\/\/www.fundacionmdp.org\/ca\/rampes-accessibles-als-edificis\/\" \/>\n<meta property=\"og:locale\" content=\"ca_ES\" \/>\n<meta property=\"og:type\" content=\"article\" \/>\n<meta property=\"og:title\" content=\"Rampes accessibles als edificis - Fundaci\u00f3n Mutua de Propietarios\" \/>\n<meta property=\"og:description\" content=\"Les persones amb mobilitat redu\u00efda es troben di\u00e0riament amb dificultats tant en els espais p\u00fablics com en els seus propis edificis. Els accessos als immobles s\u00f3n de vegades un obstacle que limita l&#8217;accessibilitat. \u00c9s el que s&#8217;anomena barreres arquitect\u00f2niques, que han de ser eliminades per garantir que totes les persones puguin tenir autonomia en la [&hellip;]\" \/>\n<meta property=\"og:url\" content=\"https:\/\/www.fundacionmdp.org\/ca\/rampes-accessibles-als-edificis\/\" \/>\n<meta property=\"og:site_name\" content=\"Fundaci\u00f3n Mutua de Propietarios\" \/>\n<meta property=\"article:published_time\" content=\"2020-11-03T09:36:49+00:00\" \/>\n<meta property=\"article:modified_time\" content=\"2023-05-15T09:37:00+00:00\" \/>\n<meta name=\"author\" content=\"fundacionmdp\" \/>\n<meta name=\"twitter:card\" content=\"summary_large_image\" \/>\n<meta name=\"twitter:label1\" content=\"Escrit per\" \/>\n\t<meta name=\"twitter:data1\" content=\"fundacionmdp\" \/>\n\t<meta name=\"twitter:label2\" content=\"Temps estimat de lectura\" \/>\n\t<meta name=\"twitter:data2\" content=\"4 minuts\" \/>\n<script type=\"application\/ld+json\" class=\"yoast-schema-graph\">{\"@context\":\"https:\\\/\\\/schema.org\",\"@graph\":[{\"@type\":\"Article\",\"@id\":\"https:\\\/\\\/www.fundacionmdp.org\\\/ca\\\/rampes-accessibles-als-edificis\\\/#article\",\"isPartOf\":{\"@id\":\"https:\\\/\\\/www.fundacionmdp.org\\\/ca\\\/rampes-accessibles-als-edificis\\\/\"},\"author\":{\"name\":\"fundacionmdp\",\"@id\":\"https:\\\/\\\/www.fundacionmdp.org\\\/#\\\/schema\\\/person\\\/12f9af801cac25dfcb5a96cb0090f703\"},\"headline\":\"Rampes accessibles als edificis\",\"datePublished\":\"2020-11-03T09:36:49+00:00\",\"dateModified\":\"2023-05-15T09:37:00+00:00\",\"mainEntityOfPage\":{\"@id\":\"https:\\\/\\\/www.fundacionmdp.org\\\/ca\\\/rampes-accessibles-als-edificis\\\/\"},\"wordCount\":871,\"commentCount\":0,\"publisher\":{\"@id\":\"https:\\\/\\\/www.fundacionmdp.org\\\/#organization\"},\"image\":{\"@id\":\"https:\\\/\\\/www.fundacionmdp.org\\\/ca\\\/rampes-accessibles-als-edificis\\\/#primaryimage\"},\"thumbnailUrl\":\"\",\"articleSection\":[\"Sin categorizar\"],\"inLanguage\":\"ca\",\"potentialAction\":[{\"@type\":\"CommentAction\",\"name\":\"Comment\",\"target\":[\"https:\\\/\\\/www.fundacionmdp.org\\\/ca\\\/rampes-accessibles-als-edificis\\\/#respond\"]}]},{\"@type\":\"WebPage\",\"@id\":\"https:\\\/\\\/www.fundacionmdp.org\\\/ca\\\/rampes-accessibles-als-edificis\\\/\",\"url\":\"https:\\\/\\\/www.fundacionmdp.org\\\/ca\\\/rampes-accessibles-als-edificis\\\/\",\"name\":\"Rampes accessibles als edificis - Fundaci\u00f3n Mutua de Propietarios\",\"isPartOf\":{\"@id\":\"https:\\\/\\\/www.fundacionmdp.org\\\/#website\"},\"primaryImageOfPage\":{\"@id\":\"https:\\\/\\\/www.fundacionmdp.org\\\/ca\\\/rampes-accessibles-als-edificis\\\/#primaryimage\"},\"image\":{\"@id\":\"https:\\\/\\\/www.fundacionmdp.org\\\/ca\\\/rampes-accessibles-als-edificis\\\/#primaryimage\"},\"thumbnailUrl\":\"\",\"datePublished\":\"2020-11-03T09:36:49+00:00\",\"dateModified\":\"2023-05-15T09:37:00+00:00\",\"breadcrumb\":{\"@id\":\"https:\\\/\\\/www.fundacionmdp.org\\\/ca\\\/rampes-accessibles-als-edificis\\\/#breadcrumb\"},\"inLanguage\":\"ca\",\"potentialAction\":[{\"@type\":\"ReadAction\",\"target\":[\"https:\\\/\\\/www.fundacionmdp.org\\\/ca\\\/rampes-accessibles-als-edificis\\\/\"]}]},{\"@type\":\"ImageObject\",\"inLanguage\":\"ca\",\"@id\":\"https:\\\/\\\/www.fundacionmdp.org\\\/ca\\\/rampes-accessibles-als-edificis\\\/#primaryimage\",\"url\":\"\",\"contentUrl\":\"\"},{\"@type\":\"BreadcrumbList\",\"@id\":\"https:\\\/\\\/www.fundacionmdp.org\\\/ca\\\/rampes-accessibles-als-edificis\\\/#breadcrumb\",\"itemListElement\":[{\"@type\":\"ListItem\",\"position\":1,\"name\":\"Home\",\"item\":\"https:\\\/\\\/www.fundacionmdp.org\\\/ca\\\/\"},{\"@type\":\"ListItem\",\"position\":2,\"name\":\"Rampes accessibles als edificis\"}]},{\"@type\":\"WebSite\",\"@id\":\"https:\\\/\\\/www.fundacionmdp.org\\\/#website\",\"url\":\"https:\\\/\\\/www.fundacionmdp.org\\\/\",\"name\":\"Fundaci\u00f3n Mutua de Propietarios\",\"description\":\"En la Fundaci\u00f3n Mutua de Propietarios te ayudamos a convertir tu edificio de viviendas en un espacio sin barreras arquitect\u00f3nicas.\",\"publisher\":{\"@id\":\"https:\\\/\\\/www.fundacionmdp.org\\\/#organization\"},\"potentialAction\":[{\"@type\":\"SearchAction\",\"target\":{\"@type\":\"EntryPoint\",\"urlTemplate\":\"https:\\\/\\\/www.fundacionmdp.org\\\/?s={search_term_string}\"},\"query-input\":{\"@type\":\"PropertyValueSpecification\",\"valueRequired\":true,\"valueName\":\"search_term_string\"}}],\"inLanguage\":\"ca\"},{\"@type\":\"Organization\",\"@id\":\"https:\\\/\\\/www.fundacionmdp.org\\\/#organization\",\"name\":\"Fundaci\u00f3n Mutua de Propietarios\",\"url\":\"https:\\\/\\\/www.fundacionmdp.org\\\/\",\"logo\":{\"@type\":\"ImageObject\",\"inLanguage\":\"ca\",\"@id\":\"https:\\\/\\\/www.fundacionmdp.org\\\/#\\\/schema\\\/logo\\\/image\\\/\",\"url\":\"https:\\\/\\\/www.fundacionmdp.org\\\/wp-content\\\/uploads\\\/2023\\\/05\\\/logo_FMdP_cat.png\",\"contentUrl\":\"https:\\\/\\\/www.fundacionmdp.org\\\/wp-content\\\/uploads\\\/2023\\\/05\\\/logo_FMdP_cat.png\",\"width\":655,\"height\":297,\"caption\":\"Fundaci\u00f3n Mutua de Propietarios\"},\"image\":{\"@id\":\"https:\\\/\\\/www.fundacionmdp.org\\\/#\\\/schema\\\/logo\\\/image\\\/\"}},{\"@type\":\"Person\",\"@id\":\"https:\\\/\\\/www.fundacionmdp.org\\\/#\\\/schema\\\/person\\\/12f9af801cac25dfcb5a96cb0090f703\",\"name\":\"fundacionmdp\",\"image\":{\"@type\":\"ImageObject\",\"inLanguage\":\"ca\",\"@id\":\"https:\\\/\\\/secure.gravatar.com\\\/avatar\\\/b540f93d1816a14d85e51109d050c3243b98fb660a665f517a6d2597cff3bbed?s=96&d=mm&r=g\",\"url\":\"https:\\\/\\\/secure.gravatar.com\\\/avatar\\\/b540f93d1816a14d85e51109d050c3243b98fb660a665f517a6d2597cff3bbed?s=96&d=mm&r=g\",\"contentUrl\":\"https:\\\/\\\/secure.gravatar.com\\\/avatar\\\/b540f93d1816a14d85e51109d050c3243b98fb660a665f517a6d2597cff3bbed?s=96&d=mm&r=g\",\"caption\":\"fundacionmdp\"},\"sameAs\":[\"http:\\\/\\\/prezuk.com.mialias.net\\\/fundacionmdp\"],\"url\":\"https:\\\/\\\/www.fundacionmdp.org\\\/ca\\\/author\\\/fundacionmdp\\\/\"}]}<\/script>\n<!-- \/ Yoast SEO plugin. -->","yoast_head_json":{"title":"Rampes accessibles als edificis - Fundaci\u00f3n Mutua de Propietarios","robots":{"index":"index","follow":"follow","max-snippet":"max-snippet:-1","max-image-preview":"max-image-preview:large","max-video-preview":"max-video-preview:-1"},"canonical":"https:\/\/www.fundacionmdp.org\/ca\/rampes-accessibles-als-edificis\/","og_locale":"ca_ES","og_type":"article","og_title":"Rampes accessibles als edificis - Fundaci\u00f3n Mutua de Propietarios","og_description":"Les persones amb mobilitat redu\u00efda es troben di\u00e0riament amb dificultats tant en els espais p\u00fablics com en els seus propis edificis. Els accessos als immobles s\u00f3n de vegades un obstacle que limita l&#8217;accessibilitat. \u00c9s el que s&#8217;anomena barreres arquitect\u00f2niques, que han de ser eliminades per garantir que totes les persones puguin tenir autonomia en la [&hellip;]","og_url":"https:\/\/www.fundacionmdp.org\/ca\/rampes-accessibles-als-edificis\/","og_site_name":"Fundaci\u00f3n Mutua de Propietarios","article_published_time":"2020-11-03T09:36:49+00:00","article_modified_time":"2023-05-15T09:37:00+00:00","author":"fundacionmdp","twitter_card":"summary_large_image","twitter_misc":{"Escrit per":"fundacionmdp","Temps estimat de lectura":"4 minuts"},"schema":{"@context":"https:\/\/schema.org","@graph":[{"@type":"Article","@id":"https:\/\/www.fundacionmdp.org\/ca\/rampes-accessibles-als-edificis\/#article","isPartOf":{"@id":"https:\/\/www.fundacionmdp.org\/ca\/rampes-accessibles-als-edificis\/"},"author":{"name":"fundacionmdp","@id":"https:\/\/www.fundacionmdp.org\/#\/schema\/person\/12f9af801cac25dfcb5a96cb0090f703"},"headline":"Rampes accessibles als edificis","datePublished":"2020-11-03T09:36:49+00:00","dateModified":"2023-05-15T09:37:00+00:00","mainEntityOfPage":{"@id":"https:\/\/www.fundacionmdp.org\/ca\/rampes-accessibles-als-edificis\/"},"wordCount":871,"commentCount":0,"publisher":{"@id":"https:\/\/www.fundacionmdp.org\/#organization"},"image":{"@id":"https:\/\/www.fundacionmdp.org\/ca\/rampes-accessibles-als-edificis\/#primaryimage"},"thumbnailUrl":"","articleSection":["Sin categorizar"],"inLanguage":"ca","potentialAction":[{"@type":"CommentAction","name":"Comment","target":["https:\/\/www.fundacionmdp.org\/ca\/rampes-accessibles-als-edificis\/#respond"]}]},{"@type":"WebPage","@id":"https:\/\/www.fundacionmdp.org\/ca\/rampes-accessibles-als-edificis\/","url":"https:\/\/www.fundacionmdp.org\/ca\/rampes-accessibles-als-edificis\/","name":"Rampes accessibles als edificis - Fundaci\u00f3n Mutua de Propietarios","isPartOf":{"@id":"https:\/\/www.fundacionmdp.org\/#website"},"primaryImageOfPage":{"@id":"https:\/\/www.fundacionmdp.org\/ca\/rampes-accessibles-als-edificis\/#primaryimage"},"image":{"@id":"https:\/\/www.fundacionmdp.org\/ca\/rampes-accessibles-als-edificis\/#primaryimage"},"thumbnailUrl":"","datePublished":"2020-11-03T09:36:49+00:00","dateModified":"2023-05-15T09:37:00+00:00","breadcrumb":{"@id":"https:\/\/www.fundacionmdp.org\/ca\/rampes-accessibles-als-edificis\/#breadcrumb"},"inLanguage":"ca","potentialAction":[{"@type":"ReadAction","target":["https:\/\/www.fundacionmdp.org\/ca\/rampes-accessibles-als-edificis\/"]}]},{"@type":"ImageObject","inLanguage":"ca","@id":"https:\/\/www.fundacionmdp.org\/ca\/rampes-accessibles-als-edificis\/#primaryimage","url":"","contentUrl":""},{"@type":"BreadcrumbList","@id":"https:\/\/www.fundacionmdp.org\/ca\/rampes-accessibles-als-edificis\/#breadcrumb","itemListElement":[{"@type":"ListItem","position":1,"name":"Home","item":"https:\/\/www.fundacionmdp.org\/ca\/"},{"@type":"ListItem","position":2,"name":"Rampes accessibles als edificis"}]},{"@type":"WebSite","@id":"https:\/\/www.fundacionmdp.org\/#website","url":"https:\/\/www.fundacionmdp.org\/","name":"Fundaci\u00f3n Mutua de Propietarios","description":"En la Fundaci\u00f3n Mutua de Propietarios te ayudamos a convertir tu edificio de viviendas en un espacio sin barreras arquitect\u00f3nicas.","publisher":{"@id":"https:\/\/www.fundacionmdp.org\/#organization"},"potentialAction":[{"@type":"SearchAction","target":{"@type":"EntryPoint","urlTemplate":"https:\/\/www.fundacionmdp.org\/?s={search_term_string}"},"query-input":{"@type":"PropertyValueSpecification","valueRequired":true,"valueName":"search_term_string"}}],"inLanguage":"ca"},{"@type":"Organization","@id":"https:\/\/www.fundacionmdp.org\/#organization","name":"Fundaci\u00f3n Mutua de Propietarios","url":"https:\/\/www.fundacionmdp.org\/","logo":{"@type":"ImageObject","inLanguage":"ca","@id":"https:\/\/www.fundacionmdp.org\/#\/schema\/logo\/image\/","url":"https:\/\/www.fundacionmdp.org\/wp-content\/uploads\/2023\/05\/logo_FMdP_cat.png","contentUrl":"https:\/\/www.fundacionmdp.org\/wp-content\/uploads\/2023\/05\/logo_FMdP_cat.png","width":655,"height":297,"caption":"Fundaci\u00f3n Mutua de Propietarios"},"image":{"@id":"https:\/\/www.fundacionmdp.org\/#\/schema\/logo\/image\/"}},{"@type":"Person","@id":"https:\/\/www.fundacionmdp.org\/#\/schema\/person\/12f9af801cac25dfcb5a96cb0090f703","name":"fundacionmdp","image":{"@type":"ImageObject","inLanguage":"ca","@id":"https:\/\/secure.gravatar.com\/avatar\/b540f93d1816a14d85e51109d050c3243b98fb660a665f517a6d2597cff3bbed?s=96&d=mm&r=g","url":"https:\/\/secure.gravatar.com\/avatar\/b540f93d1816a14d85e51109d050c3243b98fb660a665f517a6d2597cff3bbed?s=96&d=mm&r=g","contentUrl":"https:\/\/secure.gravatar.com\/avatar\/b540f93d1816a14d85e51109d050c3243b98fb660a665f517a6d2597cff3bbed?s=96&d=mm&r=g","caption":"fundacionmdp"},"sameAs":["http:\/\/prezuk.com.mialias.net\/fundacionmdp"],"url":"https:\/\/www.fundacionmdp.org\/ca\/author\/fundacionmdp\/"}]}},"_links":{"self":[{"href":"https:\/\/www.fundacionmdp.org\/ca\/wp-json\/wp\/v2\/posts\/4770","targetHints":{"allow":["GET"]}}],"collection":[{"href":"https:\/\/www.fundacionmdp.org\/ca\/wp-json\/wp\/v2\/posts"}],"about":[{"href":"https:\/\/www.fundacionmdp.org\/ca\/wp-json\/wp\/v2\/types\/post"}],"author":[{"embeddable":true,"href":"https:\/\/www.fundacionmdp.org\/ca\/wp-json\/wp\/v2\/users\/1"}],"replies":[{"embeddable":true,"href":"https:\/\/www.fundacionmdp.org\/ca\/wp-json\/wp\/v2\/comments?post=4770"}],"version-history":[{"count":3,"href":"https:\/\/www.fundacionmdp.org\/ca\/wp-json\/wp\/v2\/posts\/4770\/revisions"}],"predecessor-version":[{"id":7042,"href":"https:\/\/www.fundacionmdp.org\/ca\/wp-json\/wp\/v2\/posts\/4770\/revisions\/7042"}],"wp:featuredmedia":[{"embeddable":true,"href":"https:\/\/www.fundacionmdp.org\/ca\/wp-json\/"}],"wp:attachment":[{"href":"https:\/\/www.fundacionmdp.org\/ca\/wp-json\/wp\/v2\/media?parent=4770"}],"wp:term":[{"taxonomy":"category","embeddable":true,"href":"https:\/\/www.fundacionmdp.org\/ca\/wp-json\/wp\/v2\/categories?post=4770"},{"taxonomy":"post_tag","embeddable":true,"href":"https:\/\/www.fundacionmdp.org\/ca\/wp-json\/wp\/v2\/tags?post=4770"}],"curies":[{"name":"wp","href":"https:\/\/api.w.org\/{rel}","templated":true}]}}