{"id":5073,"date":"2021-02-19T10:27:25","date_gmt":"2021-02-19T09:27:25","guid":{"rendered":"https:\/\/www.fundacionmdp.org\/?p=5073"},"modified":"2023-05-15T09:46:15","modified_gmt":"2023-05-15T09:46:15","slug":"accessibilitat-dels-portals-en-els-edificis","status":"publish","type":"post","link":"https:\/\/www.fundacionmdp.org\/ca\/accessibilitat-dels-portals-en-els-edificis\/","title":{"rendered":"Accessibilitat dels portals en els edificis"},"content":{"rendered":"<p><img fetchpriority=\"high\" decoding=\"async\" class=\"size-medium wp-image-3731 alignleft\" src=\"http:\/\/prezuk.com.mialias.net\/fundacionmdp\/wp-content\/uploads\/2023\/05\/D74vvFtW4AA2q1S.jpg\" width=\"400\" height=\"250\">Encara que en l&#8217;actualitat se li d\u00f3na cada vegada m\u00e9s import\u00e0ncia a <b>l&#8217;eliminaci\u00f3 de barreres arquitect\u00f2niques en els edificis<\/b> la veritat \u00e9s que \u00e9s molt com\u00fa trobar edificis amb barreres arquitect\u00f2niques, \u00e9s a dir, amb obstacles que impedeixen la correcta accessibilitat de tots els ve\u00efns que viuen en una comunitat. Per aix\u00f2, cada vegada m\u00e9s, l&#8217;accessibilitat dels portals en els edificis \u00e9s una prioritat per a les comunitats de ve\u00efns.<\/p>\n<p>Avui t&#8217;expliquem quins s\u00f3n els problemes m\u00e9s comuns en <b>l&#8217;accessibilitat dels portals en els edificis i les solucions que existeixen<\/b>. Aqu\u00ed aclarim tots els teus dubtes.<\/p>\n<h2 style=\"margin-top: 150px;\">Problemes i solucions en l&#8217;accessibilitat dels portals<\/h2>\n<p>De vegades, es planteja la necessitat de realitzar obres al portal d&#8217;una comunitat de ve\u00efns per <b>facilitar l&#8217;acc\u00e9s<\/b> a totes les persones que habiten a l&#8217;edifici (gent gran, persones amb mobilitat redu\u00efda o persones discapacitades). La reforma dels portals sempre porta amb si obres que tenen lloc en zones comunes, i que suposen una alta inversi\u00f3 per a la comunitat de ve\u00efns.<\/p>\n<p>Aquesta reforma consisteix a <b>eliminar les barreres arquitect\u00f2niques <\/b> d&#8217;un habitatge i instal\u00b7lar els mecanismes adequats perqu\u00e8 l&#8217;acc\u00e9s i utilitzaci\u00f3 de persones amb algun tipus d&#8217;incapacitat, sigui m\u00e9s f\u00e0cil. D&#8217;aquesta manera, es garanteix la no discriminaci\u00f3, independ\u00e8ncia i seguretat d&#8217;aquestes persones.<\/p>\n<p>Anem a enumerar a continuaci\u00f3 els principals <b>problemes que existeixen en l&#8217;accessibilitat dels portals dels edificis<\/b> i possibles solucions als mateixos.<\/p>\n<h3 style=\"color: grey;\">Graons a l&#8217;entrada de l&#8217;edifici<\/h3>\n<p>Quan ens trobem amb <b>graons<\/b> a l&#8217;entrada d&#8217;un edifici, instal\u00b7lar una rampa pot ser la primera opci\u00f3 per eliminar desnivells o esglaons en els accessos als portals. No obstant aix\u00f2, en moltes ocasions, a causa de la falta d&#8217;espai per col\u00b7locar una rampa amb una inclinaci\u00f3 adequada, aquesta opci\u00f3 no \u00e9s viable.<\/p>\n<p>Hi ha altres alternatives, com instal\u00b7lar una <b>plataforma elevadora vertical<\/b>. \u00c9s l&#8217;opci\u00f3 ideal quan volem millorar l&#8217;accessibilitat d&#8217;unes escales, per\u00f2 no tenim gaire espai per fer una rampa \u00fatil i perfectament transitable. La plataforma elevadora vertical consisteix en un suport que s&#8217;eleva a les persones cap al repl\u00e0 que d\u00f3na acc\u00e9s a l&#8217;ascensor o pis 0, \u00e9s com un petit ascensor. No necessita obra i pot ser utilitzada tant per persones en cadires de rodes, com per persones de mobilitat redu\u00efda.<\/p>\n<p>Una altra opci\u00f3 \u00e9s la instal\u00b7laci\u00f3 d&#8217;una <b>plataforma puja-escales<\/b>. Aquest mecanisme consisteix a instal\u00b7lar una plataforma elevadora, que eleva a les persones sobre un tram d&#8217;escales. S\u00f3n una opci\u00f3 molt segura, ja que compten amb sistemes de seguretat i antilliscament.<\/p>\n<p>D&#8217;altra banda, instal\u00b7lar una <b>cadira salva-escales<\/b> podria ser una altra opci\u00f3, per\u00f2 limita molt la mobilitat si a l&#8217;edifici conviuen persones que es desplacen en cadires de rodes, ja que l&#8217;usuari ha de seure a la cadira, per despr\u00e9s ser transportat cap amunt. S\u00f3n les m\u00e9s utilitzades perqu\u00e8 gaireb\u00e9 no ocupen espai.<\/p>\n<h3 style=\"color: grey;\">Apertura de puertas<\/h3>\n<p>Les portes tamb\u00e9 poden complicar l&#8217;accessibilitat dels portals en els edificis, en el cas que siguin molt pesades, siguin molt dif\u00edcils d&#8217;obrir, no es mantinguin obertes per si soles o en el cas contrari, es tanquin massa r\u00e0pid.<\/p>\n<p>La soluci\u00f3 a aquest problema \u00e9s la instal\u00b7laci\u00f3 d&#8217;un <b>mecanisme d&#8217;obertura i tancament<\/b>, situat, en tots els casos, a una al\u00e7ada \u00f2ptima per a tots els usuaris (al voltant de 0.8 i 1,2 metres). L&#8217;objectiu d&#8217;aquest mecanisme \u00e9s que les persones amb mobilitat redu\u00efda puguin accedir al portal i que la porta s&#8217;obri a pressi\u00f3 o palanca i pugui ser subjectada amb una sola m\u00e0.<\/p>\n<h3 style=\"color: grey;\">Hueco de paso estrecho<\/h3>\n<p>Per millorar l&#8217;accessibilitat dels portals en els edificis, una altra opci\u00f3 \u00e9s fer m\u00e9s ample el <b>buit de les portes del portal<\/b> perqu\u00e8 impossibiliten l&#8217;entrada o sortida de persones en cadira de rodes, o fins i tot cotxets de nadons.<\/p>\n<p>En aquest cas s&#8217;ha de garantir que l&#8217;angle de l&#8217;obertura de la porta sigui major a 0,78 metres.<\/p>\n<h3 style=\"color: grey;\">No hay ascensor<\/h3>\n<p>Podem trobar-nos amb el cas que no hi hagi ascensor en un portal. En aquest cas la soluci\u00f3 \u00e9s simple: <b>instal\u00b7lar un ascensor<\/b>. No obstant aix\u00f2, en el cas que no hi hagi espai, l&#8217;alternativa \u00e9s instal\u00b7lar un ascensor per fora de la fa\u00e7ana o, les opcions abans esmentades, com cadires pujaescales o plataformes elevadores.<\/p>\n<p>Com veus, s\u00f3n diversos els obstacles que una persona en cadira de rodes o amb dificultat per despla\u00e7ar-se, es troben en la seva vida di\u00e0ria. Una cosa tan simple com poder sortir del portal de forma aut\u00f2noma \u00e9s de gran ajuda a qualsevol persona per poder viure dignament i de forma independent.<\/p>\n","protected":false},"excerpt":{"rendered":"<p>Encara que en l&#8217;actualitat se li d\u00f3na cada vegada m\u00e9s import\u00e0ncia a l&#8217;eliminaci\u00f3 de barreres arquitect\u00f2niques en els edificis la veritat \u00e9s que \u00e9s molt com\u00fa trobar edificis amb barreres arquitect\u00f2niques, \u00e9s a dir, amb obstacles que impedeixen la correcta accessibilitat de tots els ve\u00efns que viuen en una comunitat. Per aix\u00f2, cada vegada m\u00e9s, [&hellip;]<\/p>\n","protected":false},"author":1,"featured_media":7066,"comment_status":"open","ping_status":"open","sticky":false,"template":"","format":"standard","meta":{"_acf_changed":false,"ocean_post_layout":"","ocean_both_sidebars_style":"","ocean_both_sidebars_content_width":0,"ocean_both_sidebars_sidebars_width":0,"ocean_sidebar":"0","ocean_second_sidebar":"0","ocean_disable_margins":"enable","ocean_add_body_class":"","ocean_shortcode_before_top_bar":"","ocean_shortcode_after_top_bar":"","ocean_shortcode_before_header":"","ocean_shortcode_after_header":"","ocean_has_shortcode":"","ocean_shortcode_after_title":"","ocean_shortcode_before_footer_widgets":"","ocean_shortcode_after_footer_widgets":"","ocean_shortcode_before_footer_bottom":"","ocean_shortcode_after_footer_bottom":"","ocean_display_top_bar":"default","ocean_display_header":"default","ocean_header_style":"","ocean_center_header_left_menu":"0","ocean_custom_header_template":"0","ocean_custom_logo":0,"ocean_custom_retina_logo":0,"ocean_custom_logo_max_width":0,"ocean_custom_logo_tablet_max_width":0,"ocean_custom_logo_mobile_max_width":0,"ocean_custom_logo_max_height":0,"ocean_custom_logo_tablet_max_height":0,"ocean_custom_logo_mobile_max_height":0,"ocean_header_custom_menu":"0","ocean_menu_typo_font_family":"0","ocean_menu_typo_font_subset":"","ocean_menu_typo_font_size":0,"ocean_menu_typo_font_size_tablet":0,"ocean_menu_typo_font_size_mobile":0,"ocean_menu_typo_font_size_unit":"px","ocean_menu_typo_font_weight":"","ocean_menu_typo_font_weight_tablet":"","ocean_menu_typo_font_weight_mobile":"","ocean_menu_typo_transform":"","ocean_menu_typo_transform_tablet":"","ocean_menu_typo_transform_mobile":"","ocean_menu_typo_line_height":0,"ocean_menu_typo_line_height_tablet":0,"ocean_menu_typo_line_height_mobile":0,"ocean_menu_typo_line_height_unit":"","ocean_menu_typo_spacing":0,"ocean_menu_typo_spacing_tablet":0,"ocean_menu_typo_spacing_mobile":0,"ocean_menu_typo_spacing_unit":"","ocean_menu_link_color":"","ocean_menu_link_color_hover":"","ocean_menu_link_color_active":"","ocean_menu_link_background":"","ocean_menu_link_hover_background":"","ocean_menu_link_active_background":"","ocean_menu_social_links_bg":"","ocean_menu_social_hover_links_bg":"","ocean_menu_social_links_color":"","ocean_menu_social_hover_links_color":"","ocean_disable_title":"default","ocean_disable_heading":"default","ocean_post_title":"","ocean_post_subheading":"","ocean_post_title_style":"","ocean_post_title_background_color":"","ocean_post_title_background":0,"ocean_post_title_bg_image_position":"","ocean_post_title_bg_image_attachment":"","ocean_post_title_bg_image_repeat":"","ocean_post_title_bg_image_size":"","ocean_post_title_height":0,"ocean_post_title_bg_overlay":0.5,"ocean_post_title_bg_overlay_color":"","ocean_disable_breadcrumbs":"default","ocean_breadcrumbs_color":"","ocean_breadcrumbs_separator_color":"","ocean_breadcrumbs_links_color":"","ocean_breadcrumbs_links_hover_color":"","ocean_display_footer_widgets":"default","ocean_display_footer_bottom":"default","ocean_custom_footer_template":"0","ocean_post_oembed":"","ocean_post_self_hosted_media":"","ocean_post_video_embed":"","ocean_link_format":"","ocean_link_format_target":"self","ocean_quote_format":"","ocean_quote_format_link":"post","ocean_gallery_link_images":"off","ocean_gallery_id":[],"footnotes":""},"categories":[1],"tags":[],"class_list":["post-5073","post","type-post","status-publish","format-standard","has-post-thumbnail","hentry","category-sin-categorizar","entry","has-media"],"acf":[],"yoast_head":"<!-- This site is optimized with the Yoast SEO plugin v27.3 - https:\/\/yoast.com\/product\/yoast-seo-wordpress\/ -->\n<title>Accessibilitat dels portals en els edificis - Fundaci\u00f3n Mutua de Propietarios<\/title>\n<meta name=\"robots\" content=\"index, follow, max-snippet:-1, max-image-preview:large, max-video-preview:-1\" \/>\n<link rel=\"canonical\" href=\"https:\/\/www.fundacionmdp.org\/ca\/accessibilitat-dels-portals-en-els-edificis\/\" \/>\n<meta property=\"og:locale\" content=\"ca_ES\" \/>\n<meta property=\"og:type\" content=\"article\" \/>\n<meta property=\"og:title\" content=\"Accessibilitat dels portals en els edificis - Fundaci\u00f3n Mutua de Propietarios\" \/>\n<meta property=\"og:description\" content=\"Encara que en l&#8217;actualitat se li d\u00f3na cada vegada m\u00e9s import\u00e0ncia a l&#8217;eliminaci\u00f3 de barreres arquitect\u00f2niques en els edificis la veritat \u00e9s que \u00e9s molt com\u00fa trobar edificis amb barreres arquitect\u00f2niques, \u00e9s a dir, amb obstacles que impedeixen la correcta accessibilitat de tots els ve\u00efns que viuen en una comunitat. Per aix\u00f2, cada vegada m\u00e9s, [&hellip;]\" \/>\n<meta property=\"og:url\" content=\"https:\/\/www.fundacionmdp.org\/ca\/accessibilitat-dels-portals-en-els-edificis\/\" \/>\n<meta property=\"og:site_name\" content=\"Fundaci\u00f3n Mutua de Propietarios\" \/>\n<meta property=\"article:published_time\" content=\"2021-02-19T09:27:25+00:00\" \/>\n<meta property=\"article:modified_time\" content=\"2023-05-15T09:46:15+00:00\" \/>\n<meta property=\"og:image\" content=\"https:\/\/www.fundacionmdp.org\/wp-content\/uploads\/2023\/05\/D74vvFtW4AA2q1S.jpg\" \/>\n\t<meta property=\"og:image:width\" content=\"1000\" \/>\n\t<meta property=\"og:image:height\" content=\"667\" \/>\n\t<meta property=\"og:image:type\" content=\"image\/jpeg\" \/>\n<meta name=\"author\" content=\"fundacionmdp\" \/>\n<meta name=\"twitter:card\" content=\"summary_large_image\" \/>\n<meta name=\"twitter:label1\" content=\"Escrit per\" \/>\n\t<meta name=\"twitter:data1\" content=\"fundacionmdp\" \/>\n\t<meta name=\"twitter:label2\" content=\"Temps estimat de lectura\" \/>\n\t<meta name=\"twitter:data2\" content=\"4 minuts\" \/>\n<script type=\"application\/ld+json\" class=\"yoast-schema-graph\">{\"@context\":\"https:\\\/\\\/schema.org\",\"@graph\":[{\"@type\":\"Article\",\"@id\":\"https:\\\/\\\/www.fundacionmdp.org\\\/ca\\\/accessibilitat-dels-portals-en-els-edificis\\\/#article\",\"isPartOf\":{\"@id\":\"https:\\\/\\\/www.fundacionmdp.org\\\/ca\\\/accessibilitat-dels-portals-en-els-edificis\\\/\"},\"author\":{\"name\":\"fundacionmdp\",\"@id\":\"https:\\\/\\\/www.fundacionmdp.org\\\/#\\\/schema\\\/person\\\/12f9af801cac25dfcb5a96cb0090f703\"},\"headline\":\"Accessibilitat dels portals en els edificis\",\"datePublished\":\"2021-02-19T09:27:25+00:00\",\"dateModified\":\"2023-05-15T09:46:15+00:00\",\"mainEntityOfPage\":{\"@id\":\"https:\\\/\\\/www.fundacionmdp.org\\\/ca\\\/accessibilitat-dels-portals-en-els-edificis\\\/\"},\"wordCount\":825,\"commentCount\":0,\"publisher\":{\"@id\":\"https:\\\/\\\/www.fundacionmdp.org\\\/#organization\"},\"image\":{\"@id\":\"https:\\\/\\\/www.fundacionmdp.org\\\/ca\\\/accessibilitat-dels-portals-en-els-edificis\\\/#primaryimage\"},\"thumbnailUrl\":\"https:\\\/\\\/www.fundacionmdp.org\\\/wp-content\\\/uploads\\\/2023\\\/05\\\/D74vvFtW4AA2q1S.jpg\",\"articleSection\":[\"Sin categorizar\"],\"inLanguage\":\"ca\",\"potentialAction\":[{\"@type\":\"CommentAction\",\"name\":\"Comment\",\"target\":[\"https:\\\/\\\/www.fundacionmdp.org\\\/ca\\\/accessibilitat-dels-portals-en-els-edificis\\\/#respond\"]}]},{\"@type\":\"WebPage\",\"@id\":\"https:\\\/\\\/www.fundacionmdp.org\\\/ca\\\/accessibilitat-dels-portals-en-els-edificis\\\/\",\"url\":\"https:\\\/\\\/www.fundacionmdp.org\\\/ca\\\/accessibilitat-dels-portals-en-els-edificis\\\/\",\"name\":\"Accessibilitat dels portals en els edificis - Fundaci\u00f3n Mutua de Propietarios\",\"isPartOf\":{\"@id\":\"https:\\\/\\\/www.fundacionmdp.org\\\/#website\"},\"primaryImageOfPage\":{\"@id\":\"https:\\\/\\\/www.fundacionmdp.org\\\/ca\\\/accessibilitat-dels-portals-en-els-edificis\\\/#primaryimage\"},\"image\":{\"@id\":\"https:\\\/\\\/www.fundacionmdp.org\\\/ca\\\/accessibilitat-dels-portals-en-els-edificis\\\/#primaryimage\"},\"thumbnailUrl\":\"https:\\\/\\\/www.fundacionmdp.org\\\/wp-content\\\/uploads\\\/2023\\\/05\\\/D74vvFtW4AA2q1S.jpg\",\"datePublished\":\"2021-02-19T09:27:25+00:00\",\"dateModified\":\"2023-05-15T09:46:15+00:00\",\"breadcrumb\":{\"@id\":\"https:\\\/\\\/www.fundacionmdp.org\\\/ca\\\/accessibilitat-dels-portals-en-els-edificis\\\/#breadcrumb\"},\"inLanguage\":\"ca\",\"potentialAction\":[{\"@type\":\"ReadAction\",\"target\":[\"https:\\\/\\\/www.fundacionmdp.org\\\/ca\\\/accessibilitat-dels-portals-en-els-edificis\\\/\"]}]},{\"@type\":\"ImageObject\",\"inLanguage\":\"ca\",\"@id\":\"https:\\\/\\\/www.fundacionmdp.org\\\/ca\\\/accessibilitat-dels-portals-en-els-edificis\\\/#primaryimage\",\"url\":\"https:\\\/\\\/www.fundacionmdp.org\\\/wp-content\\\/uploads\\\/2023\\\/05\\\/D74vvFtW4AA2q1S.jpg\",\"contentUrl\":\"https:\\\/\\\/www.fundacionmdp.org\\\/wp-content\\\/uploads\\\/2023\\\/05\\\/D74vvFtW4AA2q1S.jpg\",\"width\":1000,\"height\":667},{\"@type\":\"BreadcrumbList\",\"@id\":\"https:\\\/\\\/www.fundacionmdp.org\\\/ca\\\/accessibilitat-dels-portals-en-els-edificis\\\/#breadcrumb\",\"itemListElement\":[{\"@type\":\"ListItem\",\"position\":1,\"name\":\"Home\",\"item\":\"https:\\\/\\\/www.fundacionmdp.org\\\/ca\\\/\"},{\"@type\":\"ListItem\",\"position\":2,\"name\":\"Accessibilitat dels portals en els edificis\"}]},{\"@type\":\"WebSite\",\"@id\":\"https:\\\/\\\/www.fundacionmdp.org\\\/#website\",\"url\":\"https:\\\/\\\/www.fundacionmdp.org\\\/\",\"name\":\"Fundaci\u00f3n Mutua de Propietarios\",\"description\":\"En la Fundaci\u00f3n Mutua de Propietarios te ayudamos a convertir tu edificio de viviendas en un espacio sin barreras arquitect\u00f3nicas.\",\"publisher\":{\"@id\":\"https:\\\/\\\/www.fundacionmdp.org\\\/#organization\"},\"potentialAction\":[{\"@type\":\"SearchAction\",\"target\":{\"@type\":\"EntryPoint\",\"urlTemplate\":\"https:\\\/\\\/www.fundacionmdp.org\\\/?s={search_term_string}\"},\"query-input\":{\"@type\":\"PropertyValueSpecification\",\"valueRequired\":true,\"valueName\":\"search_term_string\"}}],\"inLanguage\":\"ca\"},{\"@type\":\"Organization\",\"@id\":\"https:\\\/\\\/www.fundacionmdp.org\\\/#organization\",\"name\":\"Fundaci\u00f3n Mutua de Propietarios\",\"url\":\"https:\\\/\\\/www.fundacionmdp.org\\\/\",\"logo\":{\"@type\":\"ImageObject\",\"inLanguage\":\"ca\",\"@id\":\"https:\\\/\\\/www.fundacionmdp.org\\\/#\\\/schema\\\/logo\\\/image\\\/\",\"url\":\"https:\\\/\\\/www.fundacionmdp.org\\\/wp-content\\\/uploads\\\/2023\\\/05\\\/logo_FMdP_cat.png\",\"contentUrl\":\"https:\\\/\\\/www.fundacionmdp.org\\\/wp-content\\\/uploads\\\/2023\\\/05\\\/logo_FMdP_cat.png\",\"width\":655,\"height\":297,\"caption\":\"Fundaci\u00f3n Mutua de Propietarios\"},\"image\":{\"@id\":\"https:\\\/\\\/www.fundacionmdp.org\\\/#\\\/schema\\\/logo\\\/image\\\/\"}},{\"@type\":\"Person\",\"@id\":\"https:\\\/\\\/www.fundacionmdp.org\\\/#\\\/schema\\\/person\\\/12f9af801cac25dfcb5a96cb0090f703\",\"name\":\"fundacionmdp\",\"image\":{\"@type\":\"ImageObject\",\"inLanguage\":\"ca\",\"@id\":\"https:\\\/\\\/secure.gravatar.com\\\/avatar\\\/b540f93d1816a14d85e51109d050c3243b98fb660a665f517a6d2597cff3bbed?s=96&d=mm&r=g\",\"url\":\"https:\\\/\\\/secure.gravatar.com\\\/avatar\\\/b540f93d1816a14d85e51109d050c3243b98fb660a665f517a6d2597cff3bbed?s=96&d=mm&r=g\",\"contentUrl\":\"https:\\\/\\\/secure.gravatar.com\\\/avatar\\\/b540f93d1816a14d85e51109d050c3243b98fb660a665f517a6d2597cff3bbed?s=96&d=mm&r=g\",\"caption\":\"fundacionmdp\"},\"sameAs\":[\"http:\\\/\\\/prezuk.com.mialias.net\\\/fundacionmdp\"],\"url\":\"https:\\\/\\\/www.fundacionmdp.org\\\/ca\\\/author\\\/fundacionmdp\\\/\"}]}<\/script>\n<!-- \/ Yoast SEO plugin. -->","yoast_head_json":{"title":"Accessibilitat dels portals en els edificis - Fundaci\u00f3n Mutua de Propietarios","robots":{"index":"index","follow":"follow","max-snippet":"max-snippet:-1","max-image-preview":"max-image-preview:large","max-video-preview":"max-video-preview:-1"},"canonical":"https:\/\/www.fundacionmdp.org\/ca\/accessibilitat-dels-portals-en-els-edificis\/","og_locale":"ca_ES","og_type":"article","og_title":"Accessibilitat dels portals en els edificis - Fundaci\u00f3n Mutua de Propietarios","og_description":"Encara que en l&#8217;actualitat se li d\u00f3na cada vegada m\u00e9s import\u00e0ncia a l&#8217;eliminaci\u00f3 de barreres arquitect\u00f2niques en els edificis la veritat \u00e9s que \u00e9s molt com\u00fa trobar edificis amb barreres arquitect\u00f2niques, \u00e9s a dir, amb obstacles que impedeixen la correcta accessibilitat de tots els ve\u00efns que viuen en una comunitat. Per aix\u00f2, cada vegada m\u00e9s, [&hellip;]","og_url":"https:\/\/www.fundacionmdp.org\/ca\/accessibilitat-dels-portals-en-els-edificis\/","og_site_name":"Fundaci\u00f3n Mutua de Propietarios","article_published_time":"2021-02-19T09:27:25+00:00","article_modified_time":"2023-05-15T09:46:15+00:00","og_image":[{"width":1000,"height":667,"url":"https:\/\/www.fundacionmdp.org\/wp-content\/uploads\/2023\/05\/D74vvFtW4AA2q1S.jpg","type":"image\/jpeg"}],"author":"fundacionmdp","twitter_card":"summary_large_image","twitter_misc":{"Escrit per":"fundacionmdp","Temps estimat de lectura":"4 minuts"},"schema":{"@context":"https:\/\/schema.org","@graph":[{"@type":"Article","@id":"https:\/\/www.fundacionmdp.org\/ca\/accessibilitat-dels-portals-en-els-edificis\/#article","isPartOf":{"@id":"https:\/\/www.fundacionmdp.org\/ca\/accessibilitat-dels-portals-en-els-edificis\/"},"author":{"name":"fundacionmdp","@id":"https:\/\/www.fundacionmdp.org\/#\/schema\/person\/12f9af801cac25dfcb5a96cb0090f703"},"headline":"Accessibilitat dels portals en els edificis","datePublished":"2021-02-19T09:27:25+00:00","dateModified":"2023-05-15T09:46:15+00:00","mainEntityOfPage":{"@id":"https:\/\/www.fundacionmdp.org\/ca\/accessibilitat-dels-portals-en-els-edificis\/"},"wordCount":825,"commentCount":0,"publisher":{"@id":"https:\/\/www.fundacionmdp.org\/#organization"},"image":{"@id":"https:\/\/www.fundacionmdp.org\/ca\/accessibilitat-dels-portals-en-els-edificis\/#primaryimage"},"thumbnailUrl":"https:\/\/www.fundacionmdp.org\/wp-content\/uploads\/2023\/05\/D74vvFtW4AA2q1S.jpg","articleSection":["Sin categorizar"],"inLanguage":"ca","potentialAction":[{"@type":"CommentAction","name":"Comment","target":["https:\/\/www.fundacionmdp.org\/ca\/accessibilitat-dels-portals-en-els-edificis\/#respond"]}]},{"@type":"WebPage","@id":"https:\/\/www.fundacionmdp.org\/ca\/accessibilitat-dels-portals-en-els-edificis\/","url":"https:\/\/www.fundacionmdp.org\/ca\/accessibilitat-dels-portals-en-els-edificis\/","name":"Accessibilitat dels portals en els edificis - Fundaci\u00f3n Mutua de Propietarios","isPartOf":{"@id":"https:\/\/www.fundacionmdp.org\/#website"},"primaryImageOfPage":{"@id":"https:\/\/www.fundacionmdp.org\/ca\/accessibilitat-dels-portals-en-els-edificis\/#primaryimage"},"image":{"@id":"https:\/\/www.fundacionmdp.org\/ca\/accessibilitat-dels-portals-en-els-edificis\/#primaryimage"},"thumbnailUrl":"https:\/\/www.fundacionmdp.org\/wp-content\/uploads\/2023\/05\/D74vvFtW4AA2q1S.jpg","datePublished":"2021-02-19T09:27:25+00:00","dateModified":"2023-05-15T09:46:15+00:00","breadcrumb":{"@id":"https:\/\/www.fundacionmdp.org\/ca\/accessibilitat-dels-portals-en-els-edificis\/#breadcrumb"},"inLanguage":"ca","potentialAction":[{"@type":"ReadAction","target":["https:\/\/www.fundacionmdp.org\/ca\/accessibilitat-dels-portals-en-els-edificis\/"]}]},{"@type":"ImageObject","inLanguage":"ca","@id":"https:\/\/www.fundacionmdp.org\/ca\/accessibilitat-dels-portals-en-els-edificis\/#primaryimage","url":"https:\/\/www.fundacionmdp.org\/wp-content\/uploads\/2023\/05\/D74vvFtW4AA2q1S.jpg","contentUrl":"https:\/\/www.fundacionmdp.org\/wp-content\/uploads\/2023\/05\/D74vvFtW4AA2q1S.jpg","width":1000,"height":667},{"@type":"BreadcrumbList","@id":"https:\/\/www.fundacionmdp.org\/ca\/accessibilitat-dels-portals-en-els-edificis\/#breadcrumb","itemListElement":[{"@type":"ListItem","position":1,"name":"Home","item":"https:\/\/www.fundacionmdp.org\/ca\/"},{"@type":"ListItem","position":2,"name":"Accessibilitat dels portals en els edificis"}]},{"@type":"WebSite","@id":"https:\/\/www.fundacionmdp.org\/#website","url":"https:\/\/www.fundacionmdp.org\/","name":"Fundaci\u00f3n Mutua de Propietarios","description":"En la Fundaci\u00f3n Mutua de Propietarios te ayudamos a convertir tu edificio de viviendas en un espacio sin barreras arquitect\u00f3nicas.","publisher":{"@id":"https:\/\/www.fundacionmdp.org\/#organization"},"potentialAction":[{"@type":"SearchAction","target":{"@type":"EntryPoint","urlTemplate":"https:\/\/www.fundacionmdp.org\/?s={search_term_string}"},"query-input":{"@type":"PropertyValueSpecification","valueRequired":true,"valueName":"search_term_string"}}],"inLanguage":"ca"},{"@type":"Organization","@id":"https:\/\/www.fundacionmdp.org\/#organization","name":"Fundaci\u00f3n Mutua de Propietarios","url":"https:\/\/www.fundacionmdp.org\/","logo":{"@type":"ImageObject","inLanguage":"ca","@id":"https:\/\/www.fundacionmdp.org\/#\/schema\/logo\/image\/","url":"https:\/\/www.fundacionmdp.org\/wp-content\/uploads\/2023\/05\/logo_FMdP_cat.png","contentUrl":"https:\/\/www.fundacionmdp.org\/wp-content\/uploads\/2023\/05\/logo_FMdP_cat.png","width":655,"height":297,"caption":"Fundaci\u00f3n Mutua de Propietarios"},"image":{"@id":"https:\/\/www.fundacionmdp.org\/#\/schema\/logo\/image\/"}},{"@type":"Person","@id":"https:\/\/www.fundacionmdp.org\/#\/schema\/person\/12f9af801cac25dfcb5a96cb0090f703","name":"fundacionmdp","image":{"@type":"ImageObject","inLanguage":"ca","@id":"https:\/\/secure.gravatar.com\/avatar\/b540f93d1816a14d85e51109d050c3243b98fb660a665f517a6d2597cff3bbed?s=96&d=mm&r=g","url":"https:\/\/secure.gravatar.com\/avatar\/b540f93d1816a14d85e51109d050c3243b98fb660a665f517a6d2597cff3bbed?s=96&d=mm&r=g","contentUrl":"https:\/\/secure.gravatar.com\/avatar\/b540f93d1816a14d85e51109d050c3243b98fb660a665f517a6d2597cff3bbed?s=96&d=mm&r=g","caption":"fundacionmdp"},"sameAs":["http:\/\/prezuk.com.mialias.net\/fundacionmdp"],"url":"https:\/\/www.fundacionmdp.org\/ca\/author\/fundacionmdp\/"}]}},"_links":{"self":[{"href":"https:\/\/www.fundacionmdp.org\/ca\/wp-json\/wp\/v2\/posts\/5073","targetHints":{"allow":["GET"]}}],"collection":[{"href":"https:\/\/www.fundacionmdp.org\/ca\/wp-json\/wp\/v2\/posts"}],"about":[{"href":"https:\/\/www.fundacionmdp.org\/ca\/wp-json\/wp\/v2\/types\/post"}],"author":[{"embeddable":true,"href":"https:\/\/www.fundacionmdp.org\/ca\/wp-json\/wp\/v2\/users\/1"}],"replies":[{"embeddable":true,"href":"https:\/\/www.fundacionmdp.org\/ca\/wp-json\/wp\/v2\/comments?post=5073"}],"version-history":[{"count":2,"href":"https:\/\/www.fundacionmdp.org\/ca\/wp-json\/wp\/v2\/posts\/5073\/revisions"}],"predecessor-version":[{"id":7071,"href":"https:\/\/www.fundacionmdp.org\/ca\/wp-json\/wp\/v2\/posts\/5073\/revisions\/7071"}],"wp:featuredmedia":[{"embeddable":true,"href":"https:\/\/www.fundacionmdp.org\/ca\/wp-json\/wp\/v2\/media\/7066"}],"wp:attachment":[{"href":"https:\/\/www.fundacionmdp.org\/ca\/wp-json\/wp\/v2\/media?parent=5073"}],"wp:term":[{"taxonomy":"category","embeddable":true,"href":"https:\/\/www.fundacionmdp.org\/ca\/wp-json\/wp\/v2\/categories?post=5073"},{"taxonomy":"post_tag","embeddable":true,"href":"https:\/\/www.fundacionmdp.org\/ca\/wp-json\/wp\/v2\/tags?post=5073"}],"curies":[{"name":"wp","href":"https:\/\/api.w.org\/{rel}","templated":true}]}}