{"id":5286,"date":"2021-04-30T09:19:45","date_gmt":"2021-04-30T08:19:45","guid":{"rendered":"https:\/\/www.fundacionmdp.org\/?p=5286"},"modified":"2023-05-15T09:49:53","modified_gmt":"2023-05-15T09:49:53","slug":"que-son-les-cantoneres-per-a-esglaons-i-per-que-son-importants-en-un-habitatge-accessible","status":"publish","type":"post","link":"https:\/\/www.fundacionmdp.org\/ca\/que-son-les-cantoneres-per-a-esglaons-i-per-que-son-importants-en-un-habitatge-accessible\/","title":{"rendered":"Qu\u00e8 s\u00f3n les cantoneres per a esglaons i per qu\u00e8 s\u00f3n importants en un habitatge accessible?"},"content":{"rendered":"<p>Les <strong>escales s\u00f3n un elements que es tornen relliscosos<\/strong> quan es freguen, en mullar-se amb brut\u00edcia i aigua que porten les persones en el cal\u00e7at o humit. Aix\u00f2 s&#8217;agreuja molt m\u00e9s quan es tracta <strong>d&#8217;escales en l&#8217;exterior<\/strong>.<\/p>\n<p>Per a solucionar aquest problema, s&#8217;instal\u00b7len cantoneres per a esglaons. Vols saber qu\u00e8 s\u00f3n les cantoneres i per qu\u00e8 fan un habitatge m\u00e9s accessible? En el post d&#8217;avui te l&#8217;expliquem.<\/p>\n<h2>Qu\u00e8 s\u00f3n les cantoneres per a esglaons?<\/h2>\n<p><img fetchpriority=\"high\" decoding=\"async\" class=\"size-medium wp-image-3731 alignleft\" src=\"http:\/\/prezuk.com.mialias.net\/fundacionmdp\/wp-content\/uploads\/2023\/05\/29-4-20.jpg\" width=\"400\" height=\"250\">Les cantoneres per a esglaons s\u00f3n uns perfils de materials com a PVC, alumini, fibra de vidre o cautx\u00fa, <strong>que es col\u00b7loquen en els s\u00f2cols de les escales i tenen l&#8217;objectiu de reduir el factor de lliscament d&#8217;aquestes.<\/strong><\/p>\n<p>Es fixen als esglaons de les escales mitjan\u00e7ant caragols o cua adhesiva, depenent del material amb el qual estiguin fabricades, encara que tamb\u00e9 hi ha <strong>cantoneres per a esglaons que s&#8217;encaixen directament<\/strong> sense necessitat de ser fixades en la superf\u00edcie. Per exemple, la fibra de vidre es pega a la superf\u00edcie mitjan\u00e7ant una cola especial. Es tracta que les rematades quedin ben fixats, per\u00f2 discrets i elegants.<\/p>\n<p>Mitjan\u00e7ant l&#8217;\u00fas de cantoneres antilliscants, <strong>es modera el risc d&#8217;accident<\/strong> per relliscada o caiguda que podria derivar en lesions greus.<\/p>\n<h2 style=\"margin-top: 150px;\">Com milloren l&#8217;accessibilitat d&#8217;un habitatge les cantoneres per a esglaons?<\/h2>\n<p>Encara que en <strong>l&#8217;actualitat l&#8217;eliminaci\u00f3 de barreres arquitect\u00f2niques en els edificis t\u00e9 molta import\u00e0ncia<\/strong>, la veritat \u00e9s que \u00e9s molt com\u00fa trobar edificis amb barreres arquitect\u00f2niques, \u00e9s a dir, amb obstacles que impedeixen la correcta accessibilitat de tots els ve\u00efns que viuen en una comunitat. Per aix\u00f2, cada vegada m\u00e9s, l&#8217;accessibilitat dels portals dels edificis es converteixen en una prioritat per a les comunitats de ve\u00efns.<\/p>\n<p>Quan ens trobem amb <strong>graons <\/strong>a l&#8217;entrada d&#8217;un edifici, instal\u00b7lar una rampa pot ser la primera opci\u00f3 per a eliminar desnivells o graons en els accessos als portals. No obstant aix\u00f2, en moltes ocasions, a causa de la falta d&#8217;espai per a col\u00b7locar una rampa amb una inclinaci\u00f3 adequada, aquesta opci\u00f3 no \u00e9s viable i el m\u00e9s f\u00e0cil \u00e9s condicionar els graons per a evitar accidents.<\/p>\n<p>Si en l&#8217;edifici habita <strong>algun ve\u00ed que no pot accedir al seu habitatge mitjan\u00e7ant l&#8217;\u00fas d&#8217;escales<\/strong>, l&#8217;opci\u00f3 de condicionar els esglaons d&#8217;escales no \u00e9s possible. Sempre s&#8217;ha de garantir l&#8217;accessibilitat a tota la comunitat de ve\u00efns.<\/p>\n<h2>Per qu\u00e8 \u00e9s important garantir l&#8217;accessibilitat de l&#8217;edifici?<\/h2>\n<p><strong>Garantir l&#8217;accessibilitat en un edifici<\/strong> \u00e9s molt important per a <strong>no excloure a persones discapacitades o amb mobilitat redu\u00efda en les zones comunes<\/strong> de zones residencials col\u00b7lectives i altres espais p\u00fablics.<\/p>\n<p>Per a garantir l&#8217;accessibilitat dels edificis existeix <strong>l&#8217;Informe d&#8217;Accessibilitat<\/strong>. Aquest informe es realitza despr\u00e9s d&#8217;un exdetallat pel qual han de passar els edificis que pertanyen a un residencial col\u00b7lectiu, com s\u00f3n: hotels, resid\u00e8ncies, albergs o residencials col\u00b7lectius. Ho redacta un t\u00e8cnic format en edificaci\u00f3, un Arquitecte, Arquitecte T\u00e8cnic o Enginyer d&#8217;Edificaci\u00f3 i es realitza dins d&#8217;un <strong>Informe d&#8217;Avaluaci\u00f3 de l&#8217;Edifici (IEE)<\/strong> que ve contemplat en el <a href=\"https:\/\/www.boe.es\/boe\/dias\/2015\/10\/31\/pdfs\/BOE-A-2015-11723.pdf\">Reial decret 7\/2015<\/a> que inclou tamb\u00e9, l&#8217;estat de conservaci\u00f3 o el grau d&#8217;efici\u00e8ncia energ\u00e8tica.<\/p>\n<p>Amb tot aix\u00f2 s&#8217;aconsegueix <strong>avaluar l&#8217;estat actual d&#8217;un edifici o zona en particular, i prendre decisions sobre les mesures oportunes si l&#8217;edifici t\u00e9 defici\u00e8ncies<\/strong>, encara que tamb\u00e9 es realitza per a <strong>valorar la inversi\u00f3<\/strong> que \u00e9s necessari realitzar en el cas que sigui necessari esmenar aquestes defici\u00e8ncies.<\/p>\n<p><strong>Instal\u00b7lar cantoneres per a esglaons<\/strong> \u00e9s una bona opci\u00f3 i evita mals majors, per\u00f2 sempre tenint en compte que totes les persones tinguin garantit l&#8217;acc\u00e9s a l&#8217;edifici.<\/p>\n<p>Per tot aix\u00f2, des de la <strong>Fundaci\u00f3 Mutua de Propietarios<\/strong>, creiem necessari realitzar un Informe d&#8217;Accessibilitat en els edificis, per a garantir que les persones amb discapacitat o amb mobilitat redu\u00efda puguin sentir-se integrats dins d&#8217;una comunitat, i amb aix\u00f2, poder <strong>decidir quina \u00e9s la millor opci\u00f3 d&#8217;accessibilitat.<\/strong><\/p>\n","protected":false},"excerpt":{"rendered":"<p>Les escales s\u00f3n un elements que es tornen relliscosos quan es freguen, en mullar-se amb brut\u00edcia i aigua que porten les persones en el cal\u00e7at o humit. Aix\u00f2 s&#8217;agreuja molt m\u00e9s quan es tracta d&#8217;escales en l&#8217;exterior. Per a solucionar aquest problema, s&#8217;instal\u00b7len cantoneres per a esglaons. Vols saber qu\u00e8 s\u00f3n les cantoneres i per [&hellip;]<\/p>\n","protected":false},"author":1,"featured_media":7078,"comment_status":"open","ping_status":"open","sticky":false,"template":"","format":"standard","meta":{"_acf_changed":false,"ocean_post_layout":"","ocean_both_sidebars_style":"","ocean_both_sidebars_content_width":0,"ocean_both_sidebars_sidebars_width":0,"ocean_sidebar":"0","ocean_second_sidebar":"0","ocean_disable_margins":"enable","ocean_add_body_class":"","ocean_shortcode_before_top_bar":"","ocean_shortcode_after_top_bar":"","ocean_shortcode_before_header":"","ocean_shortcode_after_header":"","ocean_has_shortcode":"","ocean_shortcode_after_title":"","ocean_shortcode_before_footer_widgets":"","ocean_shortcode_after_footer_widgets":"","ocean_shortcode_before_footer_bottom":"","ocean_shortcode_after_footer_bottom":"","ocean_display_top_bar":"default","ocean_display_header":"default","ocean_header_style":"","ocean_center_header_left_menu":"0","ocean_custom_header_template":"0","ocean_custom_logo":0,"ocean_custom_retina_logo":0,"ocean_custom_logo_max_width":0,"ocean_custom_logo_tablet_max_width":0,"ocean_custom_logo_mobile_max_width":0,"ocean_custom_logo_max_height":0,"ocean_custom_logo_tablet_max_height":0,"ocean_custom_logo_mobile_max_height":0,"ocean_header_custom_menu":"0","ocean_menu_typo_font_family":"0","ocean_menu_typo_font_subset":"","ocean_menu_typo_font_size":0,"ocean_menu_typo_font_size_tablet":0,"ocean_menu_typo_font_size_mobile":0,"ocean_menu_typo_font_size_unit":"px","ocean_menu_typo_font_weight":"","ocean_menu_typo_font_weight_tablet":"","ocean_menu_typo_font_weight_mobile":"","ocean_menu_typo_transform":"","ocean_menu_typo_transform_tablet":"","ocean_menu_typo_transform_mobile":"","ocean_menu_typo_line_height":0,"ocean_menu_typo_line_height_tablet":0,"ocean_menu_typo_line_height_mobile":0,"ocean_menu_typo_line_height_unit":"","ocean_menu_typo_spacing":0,"ocean_menu_typo_spacing_tablet":0,"ocean_menu_typo_spacing_mobile":0,"ocean_menu_typo_spacing_unit":"","ocean_menu_link_color":"","ocean_menu_link_color_hover":"","ocean_menu_link_color_active":"","ocean_menu_link_background":"","ocean_menu_link_hover_background":"","ocean_menu_link_active_background":"","ocean_menu_social_links_bg":"","ocean_menu_social_hover_links_bg":"","ocean_menu_social_links_color":"","ocean_menu_social_hover_links_color":"","ocean_disable_title":"default","ocean_disable_heading":"default","ocean_post_title":"","ocean_post_subheading":"","ocean_post_title_style":"","ocean_post_title_background_color":"","ocean_post_title_background":0,"ocean_post_title_bg_image_position":"","ocean_post_title_bg_image_attachment":"","ocean_post_title_bg_image_repeat":"","ocean_post_title_bg_image_size":"","ocean_post_title_height":0,"ocean_post_title_bg_overlay":0.5,"ocean_post_title_bg_overlay_color":"","ocean_disable_breadcrumbs":"default","ocean_breadcrumbs_color":"","ocean_breadcrumbs_separator_color":"","ocean_breadcrumbs_links_color":"","ocean_breadcrumbs_links_hover_color":"","ocean_display_footer_widgets":"default","ocean_display_footer_bottom":"default","ocean_custom_footer_template":"0","ocean_post_oembed":"","ocean_post_self_hosted_media":"","ocean_post_video_embed":"","ocean_link_format":"","ocean_link_format_target":"self","ocean_quote_format":"","ocean_quote_format_link":"post","ocean_gallery_link_images":"off","ocean_gallery_id":[],"footnotes":""},"categories":[1],"tags":[],"class_list":["post-5286","post","type-post","status-publish","format-standard","has-post-thumbnail","hentry","category-sin-categorizar","entry","has-media"],"acf":[],"yoast_head":"<!-- This site is optimized with the Yoast SEO plugin v27.3 - https:\/\/yoast.com\/product\/yoast-seo-wordpress\/ -->\n<title>Qu\u00e8 s\u00f3n les cantoneres per a esglaons i per qu\u00e8 s\u00f3n importants en un habitatge accessible? - Fundaci\u00f3n Mutua de Propietarios<\/title>\n<meta name=\"robots\" content=\"index, follow, max-snippet:-1, max-image-preview:large, max-video-preview:-1\" \/>\n<link rel=\"canonical\" href=\"https:\/\/www.fundacionmdp.org\/ca\/que-son-les-cantoneres-per-a-esglaons-i-per-que-son-importants-en-un-habitatge-accessible\/\" \/>\n<meta property=\"og:locale\" content=\"ca_ES\" \/>\n<meta property=\"og:type\" content=\"article\" \/>\n<meta property=\"og:title\" content=\"Qu\u00e8 s\u00f3n les cantoneres per a esglaons i per qu\u00e8 s\u00f3n importants en un habitatge accessible? - Fundaci\u00f3n Mutua de Propietarios\" \/>\n<meta property=\"og:description\" content=\"Les escales s\u00f3n un elements que es tornen relliscosos quan es freguen, en mullar-se amb brut\u00edcia i aigua que porten les persones en el cal\u00e7at o humit. Aix\u00f2 s&#8217;agreuja molt m\u00e9s quan es tracta d&#8217;escales en l&#8217;exterior. Per a solucionar aquest problema, s&#8217;instal\u00b7len cantoneres per a esglaons. Vols saber qu\u00e8 s\u00f3n les cantoneres i per [&hellip;]\" \/>\n<meta property=\"og:url\" content=\"https:\/\/www.fundacionmdp.org\/ca\/que-son-les-cantoneres-per-a-esglaons-i-per-que-son-importants-en-un-habitatge-accessible\/\" \/>\n<meta property=\"og:site_name\" content=\"Fundaci\u00f3n Mutua de Propietarios\" \/>\n<meta property=\"article:published_time\" content=\"2021-04-30T08:19:45+00:00\" \/>\n<meta property=\"article:modified_time\" content=\"2023-05-15T09:49:53+00:00\" \/>\n<meta property=\"og:image\" content=\"https:\/\/www.fundacionmdp.org\/wp-content\/uploads\/2023\/05\/29-4-20.jpg\" \/>\n\t<meta property=\"og:image:width\" content=\"1000\" \/>\n\t<meta property=\"og:image:height\" content=\"661\" \/>\n\t<meta property=\"og:image:type\" content=\"image\/jpeg\" \/>\n<meta name=\"author\" content=\"fundacionmdp\" \/>\n<meta name=\"twitter:card\" content=\"summary_large_image\" \/>\n<meta name=\"twitter:label1\" content=\"Escrit per\" \/>\n\t<meta name=\"twitter:data1\" content=\"fundacionmdp\" \/>\n\t<meta name=\"twitter:label2\" content=\"Temps estimat de lectura\" \/>\n\t<meta name=\"twitter:data2\" content=\"3 minuts\" \/>\n<script type=\"application\/ld+json\" class=\"yoast-schema-graph\">{\"@context\":\"https:\\\/\\\/schema.org\",\"@graph\":[{\"@type\":\"Article\",\"@id\":\"https:\\\/\\\/www.fundacionmdp.org\\\/ca\\\/que-son-les-cantoneres-per-a-esglaons-i-per-que-son-importants-en-un-habitatge-accessible\\\/#article\",\"isPartOf\":{\"@id\":\"https:\\\/\\\/www.fundacionmdp.org\\\/ca\\\/que-son-les-cantoneres-per-a-esglaons-i-per-que-son-importants-en-un-habitatge-accessible\\\/\"},\"author\":{\"name\":\"fundacionmdp\",\"@id\":\"https:\\\/\\\/www.fundacionmdp.org\\\/#\\\/schema\\\/person\\\/12f9af801cac25dfcb5a96cb0090f703\"},\"headline\":\"Qu\u00e8 s\u00f3n les cantoneres per a esglaons i per qu\u00e8 s\u00f3n importants en un habitatge accessible?\",\"datePublished\":\"2021-04-30T08:19:45+00:00\",\"dateModified\":\"2023-05-15T09:49:53+00:00\",\"mainEntityOfPage\":{\"@id\":\"https:\\\/\\\/www.fundacionmdp.org\\\/ca\\\/que-son-les-cantoneres-per-a-esglaons-i-per-que-son-importants-en-un-habitatge-accessible\\\/\"},\"wordCount\":728,\"commentCount\":0,\"publisher\":{\"@id\":\"https:\\\/\\\/www.fundacionmdp.org\\\/#organization\"},\"image\":{\"@id\":\"https:\\\/\\\/www.fundacionmdp.org\\\/ca\\\/que-son-les-cantoneres-per-a-esglaons-i-per-que-son-importants-en-un-habitatge-accessible\\\/#primaryimage\"},\"thumbnailUrl\":\"https:\\\/\\\/www.fundacionmdp.org\\\/wp-content\\\/uploads\\\/2023\\\/05\\\/29-4-20.jpg\",\"articleSection\":[\"Sin categorizar\"],\"inLanguage\":\"ca\",\"potentialAction\":[{\"@type\":\"CommentAction\",\"name\":\"Comment\",\"target\":[\"https:\\\/\\\/www.fundacionmdp.org\\\/ca\\\/que-son-les-cantoneres-per-a-esglaons-i-per-que-son-importants-en-un-habitatge-accessible\\\/#respond\"]}]},{\"@type\":\"WebPage\",\"@id\":\"https:\\\/\\\/www.fundacionmdp.org\\\/ca\\\/que-son-les-cantoneres-per-a-esglaons-i-per-que-son-importants-en-un-habitatge-accessible\\\/\",\"url\":\"https:\\\/\\\/www.fundacionmdp.org\\\/ca\\\/que-son-les-cantoneres-per-a-esglaons-i-per-que-son-importants-en-un-habitatge-accessible\\\/\",\"name\":\"Qu\u00e8 s\u00f3n les cantoneres per a esglaons i per qu\u00e8 s\u00f3n importants en un habitatge accessible? - Fundaci\u00f3n Mutua de Propietarios\",\"isPartOf\":{\"@id\":\"https:\\\/\\\/www.fundacionmdp.org\\\/#website\"},\"primaryImageOfPage\":{\"@id\":\"https:\\\/\\\/www.fundacionmdp.org\\\/ca\\\/que-son-les-cantoneres-per-a-esglaons-i-per-que-son-importants-en-un-habitatge-accessible\\\/#primaryimage\"},\"image\":{\"@id\":\"https:\\\/\\\/www.fundacionmdp.org\\\/ca\\\/que-son-les-cantoneres-per-a-esglaons-i-per-que-son-importants-en-un-habitatge-accessible\\\/#primaryimage\"},\"thumbnailUrl\":\"https:\\\/\\\/www.fundacionmdp.org\\\/wp-content\\\/uploads\\\/2023\\\/05\\\/29-4-20.jpg\",\"datePublished\":\"2021-04-30T08:19:45+00:00\",\"dateModified\":\"2023-05-15T09:49:53+00:00\",\"breadcrumb\":{\"@id\":\"https:\\\/\\\/www.fundacionmdp.org\\\/ca\\\/que-son-les-cantoneres-per-a-esglaons-i-per-que-son-importants-en-un-habitatge-accessible\\\/#breadcrumb\"},\"inLanguage\":\"ca\",\"potentialAction\":[{\"@type\":\"ReadAction\",\"target\":[\"https:\\\/\\\/www.fundacionmdp.org\\\/ca\\\/que-son-les-cantoneres-per-a-esglaons-i-per-que-son-importants-en-un-habitatge-accessible\\\/\"]}]},{\"@type\":\"ImageObject\",\"inLanguage\":\"ca\",\"@id\":\"https:\\\/\\\/www.fundacionmdp.org\\\/ca\\\/que-son-les-cantoneres-per-a-esglaons-i-per-que-son-importants-en-un-habitatge-accessible\\\/#primaryimage\",\"url\":\"https:\\\/\\\/www.fundacionmdp.org\\\/wp-content\\\/uploads\\\/2023\\\/05\\\/29-4-20.jpg\",\"contentUrl\":\"https:\\\/\\\/www.fundacionmdp.org\\\/wp-content\\\/uploads\\\/2023\\\/05\\\/29-4-20.jpg\",\"width\":1000,\"height\":661},{\"@type\":\"BreadcrumbList\",\"@id\":\"https:\\\/\\\/www.fundacionmdp.org\\\/ca\\\/que-son-les-cantoneres-per-a-esglaons-i-per-que-son-importants-en-un-habitatge-accessible\\\/#breadcrumb\",\"itemListElement\":[{\"@type\":\"ListItem\",\"position\":1,\"name\":\"Home\",\"item\":\"https:\\\/\\\/www.fundacionmdp.org\\\/ca\\\/\"},{\"@type\":\"ListItem\",\"position\":2,\"name\":\"Qu\u00e8 s\u00f3n les cantoneres per a esglaons i per qu\u00e8 s\u00f3n importants en un habitatge accessible?\"}]},{\"@type\":\"WebSite\",\"@id\":\"https:\\\/\\\/www.fundacionmdp.org\\\/#website\",\"url\":\"https:\\\/\\\/www.fundacionmdp.org\\\/\",\"name\":\"Fundaci\u00f3n Mutua de Propietarios\",\"description\":\"En la Fundaci\u00f3n Mutua de Propietarios te ayudamos a convertir tu edificio de viviendas en un espacio sin barreras arquitect\u00f3nicas.\",\"publisher\":{\"@id\":\"https:\\\/\\\/www.fundacionmdp.org\\\/#organization\"},\"potentialAction\":[{\"@type\":\"SearchAction\",\"target\":{\"@type\":\"EntryPoint\",\"urlTemplate\":\"https:\\\/\\\/www.fundacionmdp.org\\\/?s={search_term_string}\"},\"query-input\":{\"@type\":\"PropertyValueSpecification\",\"valueRequired\":true,\"valueName\":\"search_term_string\"}}],\"inLanguage\":\"ca\"},{\"@type\":\"Organization\",\"@id\":\"https:\\\/\\\/www.fundacionmdp.org\\\/#organization\",\"name\":\"Fundaci\u00f3n Mutua de Propietarios\",\"url\":\"https:\\\/\\\/www.fundacionmdp.org\\\/\",\"logo\":{\"@type\":\"ImageObject\",\"inLanguage\":\"ca\",\"@id\":\"https:\\\/\\\/www.fundacionmdp.org\\\/#\\\/schema\\\/logo\\\/image\\\/\",\"url\":\"https:\\\/\\\/www.fundacionmdp.org\\\/wp-content\\\/uploads\\\/2023\\\/05\\\/logo_FMdP_cat.png\",\"contentUrl\":\"https:\\\/\\\/www.fundacionmdp.org\\\/wp-content\\\/uploads\\\/2023\\\/05\\\/logo_FMdP_cat.png\",\"width\":655,\"height\":297,\"caption\":\"Fundaci\u00f3n Mutua de Propietarios\"},\"image\":{\"@id\":\"https:\\\/\\\/www.fundacionmdp.org\\\/#\\\/schema\\\/logo\\\/image\\\/\"}},{\"@type\":\"Person\",\"@id\":\"https:\\\/\\\/www.fundacionmdp.org\\\/#\\\/schema\\\/person\\\/12f9af801cac25dfcb5a96cb0090f703\",\"name\":\"fundacionmdp\",\"image\":{\"@type\":\"ImageObject\",\"inLanguage\":\"ca\",\"@id\":\"https:\\\/\\\/secure.gravatar.com\\\/avatar\\\/b540f93d1816a14d85e51109d050c3243b98fb660a665f517a6d2597cff3bbed?s=96&d=mm&r=g\",\"url\":\"https:\\\/\\\/secure.gravatar.com\\\/avatar\\\/b540f93d1816a14d85e51109d050c3243b98fb660a665f517a6d2597cff3bbed?s=96&d=mm&r=g\",\"contentUrl\":\"https:\\\/\\\/secure.gravatar.com\\\/avatar\\\/b540f93d1816a14d85e51109d050c3243b98fb660a665f517a6d2597cff3bbed?s=96&d=mm&r=g\",\"caption\":\"fundacionmdp\"},\"sameAs\":[\"http:\\\/\\\/prezuk.com.mialias.net\\\/fundacionmdp\"],\"url\":\"https:\\\/\\\/www.fundacionmdp.org\\\/ca\\\/author\\\/fundacionmdp\\\/\"}]}<\/script>\n<!-- \/ Yoast SEO plugin. -->","yoast_head_json":{"title":"Qu\u00e8 s\u00f3n les cantoneres per a esglaons i per qu\u00e8 s\u00f3n importants en un habitatge accessible? - Fundaci\u00f3n Mutua de Propietarios","robots":{"index":"index","follow":"follow","max-snippet":"max-snippet:-1","max-image-preview":"max-image-preview:large","max-video-preview":"max-video-preview:-1"},"canonical":"https:\/\/www.fundacionmdp.org\/ca\/que-son-les-cantoneres-per-a-esglaons-i-per-que-son-importants-en-un-habitatge-accessible\/","og_locale":"ca_ES","og_type":"article","og_title":"Qu\u00e8 s\u00f3n les cantoneres per a esglaons i per qu\u00e8 s\u00f3n importants en un habitatge accessible? - Fundaci\u00f3n Mutua de Propietarios","og_description":"Les escales s\u00f3n un elements que es tornen relliscosos quan es freguen, en mullar-se amb brut\u00edcia i aigua que porten les persones en el cal\u00e7at o humit. Aix\u00f2 s&#8217;agreuja molt m\u00e9s quan es tracta d&#8217;escales en l&#8217;exterior. Per a solucionar aquest problema, s&#8217;instal\u00b7len cantoneres per a esglaons. Vols saber qu\u00e8 s\u00f3n les cantoneres i per [&hellip;]","og_url":"https:\/\/www.fundacionmdp.org\/ca\/que-son-les-cantoneres-per-a-esglaons-i-per-que-son-importants-en-un-habitatge-accessible\/","og_site_name":"Fundaci\u00f3n Mutua de Propietarios","article_published_time":"2021-04-30T08:19:45+00:00","article_modified_time":"2023-05-15T09:49:53+00:00","og_image":[{"width":1000,"height":661,"url":"https:\/\/www.fundacionmdp.org\/wp-content\/uploads\/2023\/05\/29-4-20.jpg","type":"image\/jpeg"}],"author":"fundacionmdp","twitter_card":"summary_large_image","twitter_misc":{"Escrit per":"fundacionmdp","Temps estimat de lectura":"3 minuts"},"schema":{"@context":"https:\/\/schema.org","@graph":[{"@type":"Article","@id":"https:\/\/www.fundacionmdp.org\/ca\/que-son-les-cantoneres-per-a-esglaons-i-per-que-son-importants-en-un-habitatge-accessible\/#article","isPartOf":{"@id":"https:\/\/www.fundacionmdp.org\/ca\/que-son-les-cantoneres-per-a-esglaons-i-per-que-son-importants-en-un-habitatge-accessible\/"},"author":{"name":"fundacionmdp","@id":"https:\/\/www.fundacionmdp.org\/#\/schema\/person\/12f9af801cac25dfcb5a96cb0090f703"},"headline":"Qu\u00e8 s\u00f3n les cantoneres per a esglaons i per qu\u00e8 s\u00f3n importants en un habitatge accessible?","datePublished":"2021-04-30T08:19:45+00:00","dateModified":"2023-05-15T09:49:53+00:00","mainEntityOfPage":{"@id":"https:\/\/www.fundacionmdp.org\/ca\/que-son-les-cantoneres-per-a-esglaons-i-per-que-son-importants-en-un-habitatge-accessible\/"},"wordCount":728,"commentCount":0,"publisher":{"@id":"https:\/\/www.fundacionmdp.org\/#organization"},"image":{"@id":"https:\/\/www.fundacionmdp.org\/ca\/que-son-les-cantoneres-per-a-esglaons-i-per-que-son-importants-en-un-habitatge-accessible\/#primaryimage"},"thumbnailUrl":"https:\/\/www.fundacionmdp.org\/wp-content\/uploads\/2023\/05\/29-4-20.jpg","articleSection":["Sin categorizar"],"inLanguage":"ca","potentialAction":[{"@type":"CommentAction","name":"Comment","target":["https:\/\/www.fundacionmdp.org\/ca\/que-son-les-cantoneres-per-a-esglaons-i-per-que-son-importants-en-un-habitatge-accessible\/#respond"]}]},{"@type":"WebPage","@id":"https:\/\/www.fundacionmdp.org\/ca\/que-son-les-cantoneres-per-a-esglaons-i-per-que-son-importants-en-un-habitatge-accessible\/","url":"https:\/\/www.fundacionmdp.org\/ca\/que-son-les-cantoneres-per-a-esglaons-i-per-que-son-importants-en-un-habitatge-accessible\/","name":"Qu\u00e8 s\u00f3n les cantoneres per a esglaons i per qu\u00e8 s\u00f3n importants en un habitatge accessible? - Fundaci\u00f3n Mutua de Propietarios","isPartOf":{"@id":"https:\/\/www.fundacionmdp.org\/#website"},"primaryImageOfPage":{"@id":"https:\/\/www.fundacionmdp.org\/ca\/que-son-les-cantoneres-per-a-esglaons-i-per-que-son-importants-en-un-habitatge-accessible\/#primaryimage"},"image":{"@id":"https:\/\/www.fundacionmdp.org\/ca\/que-son-les-cantoneres-per-a-esglaons-i-per-que-son-importants-en-un-habitatge-accessible\/#primaryimage"},"thumbnailUrl":"https:\/\/www.fundacionmdp.org\/wp-content\/uploads\/2023\/05\/29-4-20.jpg","datePublished":"2021-04-30T08:19:45+00:00","dateModified":"2023-05-15T09:49:53+00:00","breadcrumb":{"@id":"https:\/\/www.fundacionmdp.org\/ca\/que-son-les-cantoneres-per-a-esglaons-i-per-que-son-importants-en-un-habitatge-accessible\/#breadcrumb"},"inLanguage":"ca","potentialAction":[{"@type":"ReadAction","target":["https:\/\/www.fundacionmdp.org\/ca\/que-son-les-cantoneres-per-a-esglaons-i-per-que-son-importants-en-un-habitatge-accessible\/"]}]},{"@type":"ImageObject","inLanguage":"ca","@id":"https:\/\/www.fundacionmdp.org\/ca\/que-son-les-cantoneres-per-a-esglaons-i-per-que-son-importants-en-un-habitatge-accessible\/#primaryimage","url":"https:\/\/www.fundacionmdp.org\/wp-content\/uploads\/2023\/05\/29-4-20.jpg","contentUrl":"https:\/\/www.fundacionmdp.org\/wp-content\/uploads\/2023\/05\/29-4-20.jpg","width":1000,"height":661},{"@type":"BreadcrumbList","@id":"https:\/\/www.fundacionmdp.org\/ca\/que-son-les-cantoneres-per-a-esglaons-i-per-que-son-importants-en-un-habitatge-accessible\/#breadcrumb","itemListElement":[{"@type":"ListItem","position":1,"name":"Home","item":"https:\/\/www.fundacionmdp.org\/ca\/"},{"@type":"ListItem","position":2,"name":"Qu\u00e8 s\u00f3n les cantoneres per a esglaons i per qu\u00e8 s\u00f3n importants en un habitatge accessible?"}]},{"@type":"WebSite","@id":"https:\/\/www.fundacionmdp.org\/#website","url":"https:\/\/www.fundacionmdp.org\/","name":"Fundaci\u00f3n Mutua de Propietarios","description":"En la Fundaci\u00f3n Mutua de Propietarios te ayudamos a convertir tu edificio de viviendas en un espacio sin barreras arquitect\u00f3nicas.","publisher":{"@id":"https:\/\/www.fundacionmdp.org\/#organization"},"potentialAction":[{"@type":"SearchAction","target":{"@type":"EntryPoint","urlTemplate":"https:\/\/www.fundacionmdp.org\/?s={search_term_string}"},"query-input":{"@type":"PropertyValueSpecification","valueRequired":true,"valueName":"search_term_string"}}],"inLanguage":"ca"},{"@type":"Organization","@id":"https:\/\/www.fundacionmdp.org\/#organization","name":"Fundaci\u00f3n Mutua de Propietarios","url":"https:\/\/www.fundacionmdp.org\/","logo":{"@type":"ImageObject","inLanguage":"ca","@id":"https:\/\/www.fundacionmdp.org\/#\/schema\/logo\/image\/","url":"https:\/\/www.fundacionmdp.org\/wp-content\/uploads\/2023\/05\/logo_FMdP_cat.png","contentUrl":"https:\/\/www.fundacionmdp.org\/wp-content\/uploads\/2023\/05\/logo_FMdP_cat.png","width":655,"height":297,"caption":"Fundaci\u00f3n Mutua de Propietarios"},"image":{"@id":"https:\/\/www.fundacionmdp.org\/#\/schema\/logo\/image\/"}},{"@type":"Person","@id":"https:\/\/www.fundacionmdp.org\/#\/schema\/person\/12f9af801cac25dfcb5a96cb0090f703","name":"fundacionmdp","image":{"@type":"ImageObject","inLanguage":"ca","@id":"https:\/\/secure.gravatar.com\/avatar\/b540f93d1816a14d85e51109d050c3243b98fb660a665f517a6d2597cff3bbed?s=96&d=mm&r=g","url":"https:\/\/secure.gravatar.com\/avatar\/b540f93d1816a14d85e51109d050c3243b98fb660a665f517a6d2597cff3bbed?s=96&d=mm&r=g","contentUrl":"https:\/\/secure.gravatar.com\/avatar\/b540f93d1816a14d85e51109d050c3243b98fb660a665f517a6d2597cff3bbed?s=96&d=mm&r=g","caption":"fundacionmdp"},"sameAs":["http:\/\/prezuk.com.mialias.net\/fundacionmdp"],"url":"https:\/\/www.fundacionmdp.org\/ca\/author\/fundacionmdp\/"}]}},"_links":{"self":[{"href":"https:\/\/www.fundacionmdp.org\/ca\/wp-json\/wp\/v2\/posts\/5286","targetHints":{"allow":["GET"]}}],"collection":[{"href":"https:\/\/www.fundacionmdp.org\/ca\/wp-json\/wp\/v2\/posts"}],"about":[{"href":"https:\/\/www.fundacionmdp.org\/ca\/wp-json\/wp\/v2\/types\/post"}],"author":[{"embeddable":true,"href":"https:\/\/www.fundacionmdp.org\/ca\/wp-json\/wp\/v2\/users\/1"}],"replies":[{"embeddable":true,"href":"https:\/\/www.fundacionmdp.org\/ca\/wp-json\/wp\/v2\/comments?post=5286"}],"version-history":[{"count":2,"href":"https:\/\/www.fundacionmdp.org\/ca\/wp-json\/wp\/v2\/posts\/5286\/revisions"}],"predecessor-version":[{"id":7081,"href":"https:\/\/www.fundacionmdp.org\/ca\/wp-json\/wp\/v2\/posts\/5286\/revisions\/7081"}],"wp:featuredmedia":[{"embeddable":true,"href":"https:\/\/www.fundacionmdp.org\/ca\/wp-json\/wp\/v2\/media\/7078"}],"wp:attachment":[{"href":"https:\/\/www.fundacionmdp.org\/ca\/wp-json\/wp\/v2\/media?parent=5286"}],"wp:term":[{"taxonomy":"category","embeddable":true,"href":"https:\/\/www.fundacionmdp.org\/ca\/wp-json\/wp\/v2\/categories?post=5286"},{"taxonomy":"post_tag","embeddable":true,"href":"https:\/\/www.fundacionmdp.org\/ca\/wp-json\/wp\/v2\/tags?post=5286"}],"curies":[{"name":"wp","href":"https:\/\/api.w.org\/{rel}","templated":true}]}}