{"id":5305,"date":"2021-05-03T12:45:55","date_gmt":"2021-05-03T11:45:55","guid":{"rendered":"https:\/\/www.fundacionmdp.org\/?p=5300"},"modified":"2023-05-15T09:52:48","modified_gmt":"2023-05-15T09:52:48","slug":"que-es-el-paviment-podotactil-i-quina-es-la-seva-utilitat-per-a-les-persones-amb-mobilitat-reduida","status":"publish","type":"post","link":"https:\/\/www.fundacionmdp.org\/ca\/que-es-el-paviment-podotactil-i-quina-es-la-seva-utilitat-per-a-les-persones-amb-mobilitat-reduida\/","title":{"rendered":"Qu\u00e8 \u00e9s el paviment podot\u00e0ctil i quina \u00e9s la seva utilitat per a les persones amb mobilitat redu\u00efda?"},"content":{"rendered":"<p>T&#8217;has fixat en qu\u00e8 els passos de vianants o de zebra tenen <strong>un paviment diferent amb punts amb relleu<\/strong>? Estan fets de<strong> paviment podot\u00e0ctil<\/strong>.<\/p>\n<p>En el post d&#8217;avui t&#8217;expliquem qu\u00e8 \u00e9s el paviment podot\u00e0ctil, els seus tipus i <strong>quina \u00e9s la seva utilitat per a persones amb mobilitat redu\u00efda<\/strong>. Continua llegint.<\/p>\n<h2>Qu\u00e8 \u00e9s el paviment podot\u00e0ctil?<\/h2>\n<p><img fetchpriority=\"high\" decoding=\"async\" class=\"size-medium wp-image-3731 alignleft\" src=\"http:\/\/prezuk.com.mialias.net\/fundacionmdp\/wp-content\/uploads\/2023\/05\/paviment_accesible.jpg\" width=\"400\" height=\"250\">El paviment *podo t\u00e0ctil consisteix en una <strong>superf\u00edcie amb un relleu incorporat al terra dels llocs p\u00fablics<\/strong>, perqu\u00e8 les persones invidents o amb mobilitat redu\u00efda, puguin detectar-lo i recon\u00e8ixer-lo com un senyal per a mantenir-se alerta.<\/p>\n<p>Si l&#8217;usuari arriba a una zona amb paviment podot\u00e0ctil, <strong>reconeix la textura del paviment<\/strong> i ent\u00e9n que ha de tenir precauci\u00f3 davant un obstacle que s&#8217;aproxima. Aquest obstacle poden ser unes escales, canvis a nivell p passos de zebra.<\/p>\n<p>Gr\u00e0cies al paviment podot\u00e0ctil, les persones amb dificultats de visi\u00f3 o mobilitat redu\u00efda, tenen <strong>autonomia en ser conscients dels obstacles<\/strong> que es presenten en el seu trajecte.<\/p>\n<h2 style=\"margin-top: 150px;\">Tipus de paviment podot\u00e0ctil<\/h2>\n<p>Podem trobar <strong>dos tipus de paviments<\/strong>:<\/p>\n<p>\u25cf <strong>D&#8217;advertiment<\/strong>. Aquest tipus de paviment \u00e9s el que t\u00e9 punts i es col\u00b7loca en els encreuaments per als vianants. Concretament, es col\u00b7loca al caient de la vorera, molt prop del carrer o carretera. T\u00e9 l&#8217;objectiu que la persona amb discapacitat s\u00e0piga on acaba la vorera i comen\u00e7a el carrer.<\/p>\n<p>\u25cf <strong>Indicador de direcci\u00f3 o guia<\/strong>. Si veus un paviment amb l\u00ednies, es tracta del paviment indicador de direcci\u00f3. Pot estar col\u00b7locat de dues formes diferents. Quan les l\u00ednies van en sentit de la marxa, serveixen per a localitzar diferents obstacles en el pas, com els canvis de nivell. En canvi, si van en sentit transversal a la marxa, adverteixen d&#8217;un element rellevant.<\/p>\n<h2>Paviment podot\u00e0ctil per a millorar l&#8217;accessibilitat<\/h2>\n<p>En el cas d&#8217;aquesta mena de paviment, igual que en altres elements que es tracten en un <strong>estudi d&#8217;accessibilitat<\/strong>, el compliment de la normativa existent \u00e9s imprescindible. Tanmateix, aix\u00f2 per si mateix no assegura l&#8217;\u00e8xit de la implantaci\u00f3 d&#8217;aquesta mena de paviment.<\/p>\n<p>\u00c9s molt important <strong>aplicar la l\u00f2gica i un bon criteri<\/strong> per a assegurar la correcta circulaci\u00f3 dels vianants amb mobilitat redu\u00efda. Una cosa important, \u00e9s posar-se en el lloc de la persona que transitar\u00e0 i a utilitzar el paviment podot\u00e0ctil, per a analitzar si el paviment podot\u00e0ctil <strong>compleix la funci\u00f3 de guiar-li de manera segura i aut\u00f2noma.<\/strong><\/p>\n<h2>Normativa del paviment podot\u00e0ctil<\/h2>\n<p>Les normatives per a aquesta mena de paviment les regulen les autoritats. Aquests s\u00f3n alguns dels punts a tenir en compte:<\/p>\n<p>\u25cf Els paviments han de ser antilliscants i de f\u00e0cil detecci\u00f3.<br \/>\n\u25cf Els itineraris que vagi a seguir el vianant han d&#8217;estar accessibles. El paviment podot\u00e0ctil s&#8217;utilitzar\u00e0 per a orientar i advertir sobre aquells elements que es troben en el cam\u00ed del vianant.<br \/>\n\u25cf Les franges en sentit transversal, es col\u00b7locaran en rampes o escales, de manera que gui\u00efn el cam\u00ed per tots dos costats de la rampa o escales. Davant de les portes dels ascensors, tamb\u00e9 es col\u00b7locaran bandes d&#8217;encaminament de manera transversal.<br \/>\n\u25cf Entre el recorregut del vianant i l&#8217;itinerari dels vehicles, es col\u00b7locaran franges de 0,60 m de fons.<br \/>\n\u25cf En el cas que en l&#8217;itinerari per als vianants existeixin obres o actuacions que interrompin el pas, es col\u00b7locar\u00e0 paviment d&#8217;encaminament perqu\u00e8 gui\u00ef a les persones per un cam\u00ed alternatiu. Aquesta soluci\u00f3 \u00e9s de manera provisional.<br \/>\n\u25cf Els encreuaments per als vianants o punts decisius en el tr\u00e0nsit per als vianants, han d&#8217;estar assenyalats per paviment podot\u00e0ctil.<\/p>\n<p>Les persones amb dificultats per a veure i les persones amb mobilitat redu\u00efda han de poder transitar per la via p\u00fablica sense cap impediment, de manera aut\u00f2noma i lliure d&#8217;obstacles. Per aix\u00f2, el paviment podot\u00e0ctil \u00e9s la millor manera de guiar a aquests vianants en les seves traject\u00f2ries per llocs p\u00fablics.<\/p>\n<p>A la <strong>Fundaci\u00f3 Mutua de Propietarios<\/strong> treballem cada dia per a millorar l&#8217;acc\u00e9s als habitatges i al seu entorn a les persones amb mobilitat redu\u00efda. Coneixes el nostre <a href=\"https:\/\/www.fundacionmdp.org\/ca\/estudis-accessibilitat-observatori\/\">Observatori de l&#8217;Accessibilitat<\/a>?.<\/p>\n","protected":false},"excerpt":{"rendered":"<p>T&#8217;has fixat en qu\u00e8 els passos de vianants o de zebra tenen un paviment diferent amb punts amb relleu? Estan fets de paviment podot\u00e0ctil. En el post d&#8217;avui t&#8217;expliquem qu\u00e8 \u00e9s el paviment podot\u00e0ctil, els seus tipus i quina \u00e9s la seva utilitat per a persones amb mobilitat redu\u00efda. Continua llegint. Qu\u00e8 \u00e9s el paviment [&hellip;]<\/p>\n","protected":false},"author":1,"featured_media":7086,"comment_status":"open","ping_status":"open","sticky":false,"template":"","format":"standard","meta":{"_acf_changed":false,"ocean_post_layout":"","ocean_both_sidebars_style":"","ocean_both_sidebars_content_width":0,"ocean_both_sidebars_sidebars_width":0,"ocean_sidebar":"0","ocean_second_sidebar":"0","ocean_disable_margins":"enable","ocean_add_body_class":"","ocean_shortcode_before_top_bar":"","ocean_shortcode_after_top_bar":"","ocean_shortcode_before_header":"","ocean_shortcode_after_header":"","ocean_has_shortcode":"","ocean_shortcode_after_title":"","ocean_shortcode_before_footer_widgets":"","ocean_shortcode_after_footer_widgets":"","ocean_shortcode_before_footer_bottom":"","ocean_shortcode_after_footer_bottom":"","ocean_display_top_bar":"default","ocean_display_header":"default","ocean_header_style":"","ocean_center_header_left_menu":"0","ocean_custom_header_template":"0","ocean_custom_logo":0,"ocean_custom_retina_logo":0,"ocean_custom_logo_max_width":0,"ocean_custom_logo_tablet_max_width":0,"ocean_custom_logo_mobile_max_width":0,"ocean_custom_logo_max_height":0,"ocean_custom_logo_tablet_max_height":0,"ocean_custom_logo_mobile_max_height":0,"ocean_header_custom_menu":"0","ocean_menu_typo_font_family":"0","ocean_menu_typo_font_subset":"","ocean_menu_typo_font_size":0,"ocean_menu_typo_font_size_tablet":0,"ocean_menu_typo_font_size_mobile":0,"ocean_menu_typo_font_size_unit":"px","ocean_menu_typo_font_weight":"","ocean_menu_typo_font_weight_tablet":"","ocean_menu_typo_font_weight_mobile":"","ocean_menu_typo_transform":"","ocean_menu_typo_transform_tablet":"","ocean_menu_typo_transform_mobile":"","ocean_menu_typo_line_height":0,"ocean_menu_typo_line_height_tablet":0,"ocean_menu_typo_line_height_mobile":0,"ocean_menu_typo_line_height_unit":"","ocean_menu_typo_spacing":0,"ocean_menu_typo_spacing_tablet":0,"ocean_menu_typo_spacing_mobile":0,"ocean_menu_typo_spacing_unit":"","ocean_menu_link_color":"","ocean_menu_link_color_hover":"","ocean_menu_link_color_active":"","ocean_menu_link_background":"","ocean_menu_link_hover_background":"","ocean_menu_link_active_background":"","ocean_menu_social_links_bg":"","ocean_menu_social_hover_links_bg":"","ocean_menu_social_links_color":"","ocean_menu_social_hover_links_color":"","ocean_disable_title":"default","ocean_disable_heading":"default","ocean_post_title":"","ocean_post_subheading":"","ocean_post_title_style":"","ocean_post_title_background_color":"","ocean_post_title_background":0,"ocean_post_title_bg_image_position":"","ocean_post_title_bg_image_attachment":"","ocean_post_title_bg_image_repeat":"","ocean_post_title_bg_image_size":"","ocean_post_title_height":0,"ocean_post_title_bg_overlay":0.5,"ocean_post_title_bg_overlay_color":"","ocean_disable_breadcrumbs":"default","ocean_breadcrumbs_color":"","ocean_breadcrumbs_separator_color":"","ocean_breadcrumbs_links_color":"","ocean_breadcrumbs_links_hover_color":"","ocean_display_footer_widgets":"default","ocean_display_footer_bottom":"default","ocean_custom_footer_template":"0","ocean_post_oembed":"","ocean_post_self_hosted_media":"","ocean_post_video_embed":"","ocean_link_format":"","ocean_link_format_target":"self","ocean_quote_format":"","ocean_quote_format_link":"post","ocean_gallery_link_images":"off","ocean_gallery_id":[],"footnotes":""},"categories":[1],"tags":[],"class_list":["post-5305","post","type-post","status-publish","format-standard","has-post-thumbnail","hentry","category-sin-categorizar","entry","has-media"],"acf":[],"yoast_head":"<!-- This site is optimized with the Yoast SEO plugin v27.3 - https:\/\/yoast.com\/product\/yoast-seo-wordpress\/ -->\n<title>Qu\u00e8 \u00e9s el paviment podot\u00e0ctil i quina \u00e9s la seva utilitat per a les persones amb mobilitat redu\u00efda? - Fundaci\u00f3n Mutua de Propietarios<\/title>\n<meta name=\"robots\" content=\"index, follow, max-snippet:-1, max-image-preview:large, max-video-preview:-1\" \/>\n<link rel=\"canonical\" href=\"https:\/\/www.fundacionmdp.org\/ca\/que-es-el-paviment-podotactil-i-quina-es-la-seva-utilitat-per-a-les-persones-amb-mobilitat-reduida\/\" \/>\n<meta property=\"og:locale\" content=\"ca_ES\" \/>\n<meta property=\"og:type\" content=\"article\" \/>\n<meta property=\"og:title\" content=\"Qu\u00e8 \u00e9s el paviment podot\u00e0ctil i quina \u00e9s la seva utilitat per a les persones amb mobilitat redu\u00efda? - Fundaci\u00f3n Mutua de Propietarios\" \/>\n<meta property=\"og:description\" content=\"T&#8217;has fixat en qu\u00e8 els passos de vianants o de zebra tenen un paviment diferent amb punts amb relleu? Estan fets de paviment podot\u00e0ctil. En el post d&#8217;avui t&#8217;expliquem qu\u00e8 \u00e9s el paviment podot\u00e0ctil, els seus tipus i quina \u00e9s la seva utilitat per a persones amb mobilitat redu\u00efda. Continua llegint. Qu\u00e8 \u00e9s el paviment [&hellip;]\" \/>\n<meta property=\"og:url\" content=\"https:\/\/www.fundacionmdp.org\/ca\/que-es-el-paviment-podotactil-i-quina-es-la-seva-utilitat-per-a-les-persones-amb-mobilitat-reduida\/\" \/>\n<meta property=\"og:site_name\" content=\"Fundaci\u00f3n Mutua de Propietarios\" \/>\n<meta property=\"article:published_time\" content=\"2021-05-03T11:45:55+00:00\" \/>\n<meta property=\"article:modified_time\" content=\"2023-05-15T09:52:48+00:00\" \/>\n<meta property=\"og:image\" content=\"https:\/\/www.fundacionmdp.org\/wp-content\/uploads\/2023\/05\/paviment_accesible.jpg\" \/>\n\t<meta property=\"og:image:width\" content=\"1920\" \/>\n\t<meta property=\"og:image:height\" content=\"1276\" \/>\n\t<meta property=\"og:image:type\" content=\"image\/jpeg\" \/>\n<meta name=\"author\" content=\"fundacionmdp\" \/>\n<meta name=\"twitter:card\" content=\"summary_large_image\" \/>\n<meta name=\"twitter:label1\" content=\"Escrit per\" \/>\n\t<meta name=\"twitter:data1\" content=\"fundacionmdp\" \/>\n\t<meta name=\"twitter:label2\" content=\"Temps estimat de lectura\" \/>\n\t<meta name=\"twitter:data2\" content=\"3 minuts\" \/>\n<script type=\"application\/ld+json\" class=\"yoast-schema-graph\">{\"@context\":\"https:\\\/\\\/schema.org\",\"@graph\":[{\"@type\":\"Article\",\"@id\":\"https:\\\/\\\/www.fundacionmdp.org\\\/ca\\\/que-es-el-paviment-podotactil-i-quina-es-la-seva-utilitat-per-a-les-persones-amb-mobilitat-reduida\\\/#article\",\"isPartOf\":{\"@id\":\"https:\\\/\\\/www.fundacionmdp.org\\\/ca\\\/que-es-el-paviment-podotactil-i-quina-es-la-seva-utilitat-per-a-les-persones-amb-mobilitat-reduida\\\/\"},\"author\":{\"name\":\"fundacionmdp\",\"@id\":\"https:\\\/\\\/www.fundacionmdp.org\\\/#\\\/schema\\\/person\\\/12f9af801cac25dfcb5a96cb0090f703\"},\"headline\":\"Qu\u00e8 \u00e9s el paviment podot\u00e0ctil i quina \u00e9s la seva utilitat per a les persones amb mobilitat redu\u00efda?\",\"datePublished\":\"2021-05-03T11:45:55+00:00\",\"dateModified\":\"2023-05-15T09:52:48+00:00\",\"mainEntityOfPage\":{\"@id\":\"https:\\\/\\\/www.fundacionmdp.org\\\/ca\\\/que-es-el-paviment-podotactil-i-quina-es-la-seva-utilitat-per-a-les-persones-amb-mobilitat-reduida\\\/\"},\"wordCount\":734,\"commentCount\":0,\"publisher\":{\"@id\":\"https:\\\/\\\/www.fundacionmdp.org\\\/#organization\"},\"image\":{\"@id\":\"https:\\\/\\\/www.fundacionmdp.org\\\/ca\\\/que-es-el-paviment-podotactil-i-quina-es-la-seva-utilitat-per-a-les-persones-amb-mobilitat-reduida\\\/#primaryimage\"},\"thumbnailUrl\":\"https:\\\/\\\/www.fundacionmdp.org\\\/wp-content\\\/uploads\\\/2023\\\/05\\\/paviment_accesible.jpg\",\"articleSection\":[\"Sin categorizar\"],\"inLanguage\":\"ca\",\"potentialAction\":[{\"@type\":\"CommentAction\",\"name\":\"Comment\",\"target\":[\"https:\\\/\\\/www.fundacionmdp.org\\\/ca\\\/que-es-el-paviment-podotactil-i-quina-es-la-seva-utilitat-per-a-les-persones-amb-mobilitat-reduida\\\/#respond\"]}]},{\"@type\":\"WebPage\",\"@id\":\"https:\\\/\\\/www.fundacionmdp.org\\\/ca\\\/que-es-el-paviment-podotactil-i-quina-es-la-seva-utilitat-per-a-les-persones-amb-mobilitat-reduida\\\/\",\"url\":\"https:\\\/\\\/www.fundacionmdp.org\\\/ca\\\/que-es-el-paviment-podotactil-i-quina-es-la-seva-utilitat-per-a-les-persones-amb-mobilitat-reduida\\\/\",\"name\":\"Qu\u00e8 \u00e9s el paviment podot\u00e0ctil i quina \u00e9s la seva utilitat per a les persones amb mobilitat redu\u00efda? - Fundaci\u00f3n Mutua de Propietarios\",\"isPartOf\":{\"@id\":\"https:\\\/\\\/www.fundacionmdp.org\\\/#website\"},\"primaryImageOfPage\":{\"@id\":\"https:\\\/\\\/www.fundacionmdp.org\\\/ca\\\/que-es-el-paviment-podotactil-i-quina-es-la-seva-utilitat-per-a-les-persones-amb-mobilitat-reduida\\\/#primaryimage\"},\"image\":{\"@id\":\"https:\\\/\\\/www.fundacionmdp.org\\\/ca\\\/que-es-el-paviment-podotactil-i-quina-es-la-seva-utilitat-per-a-les-persones-amb-mobilitat-reduida\\\/#primaryimage\"},\"thumbnailUrl\":\"https:\\\/\\\/www.fundacionmdp.org\\\/wp-content\\\/uploads\\\/2023\\\/05\\\/paviment_accesible.jpg\",\"datePublished\":\"2021-05-03T11:45:55+00:00\",\"dateModified\":\"2023-05-15T09:52:48+00:00\",\"breadcrumb\":{\"@id\":\"https:\\\/\\\/www.fundacionmdp.org\\\/ca\\\/que-es-el-paviment-podotactil-i-quina-es-la-seva-utilitat-per-a-les-persones-amb-mobilitat-reduida\\\/#breadcrumb\"},\"inLanguage\":\"ca\",\"potentialAction\":[{\"@type\":\"ReadAction\",\"target\":[\"https:\\\/\\\/www.fundacionmdp.org\\\/ca\\\/que-es-el-paviment-podotactil-i-quina-es-la-seva-utilitat-per-a-les-persones-amb-mobilitat-reduida\\\/\"]}]},{\"@type\":\"ImageObject\",\"inLanguage\":\"ca\",\"@id\":\"https:\\\/\\\/www.fundacionmdp.org\\\/ca\\\/que-es-el-paviment-podotactil-i-quina-es-la-seva-utilitat-per-a-les-persones-amb-mobilitat-reduida\\\/#primaryimage\",\"url\":\"https:\\\/\\\/www.fundacionmdp.org\\\/wp-content\\\/uploads\\\/2023\\\/05\\\/paviment_accesible.jpg\",\"contentUrl\":\"https:\\\/\\\/www.fundacionmdp.org\\\/wp-content\\\/uploads\\\/2023\\\/05\\\/paviment_accesible.jpg\",\"width\":1920,\"height\":1276},{\"@type\":\"BreadcrumbList\",\"@id\":\"https:\\\/\\\/www.fundacionmdp.org\\\/ca\\\/que-es-el-paviment-podotactil-i-quina-es-la-seva-utilitat-per-a-les-persones-amb-mobilitat-reduida\\\/#breadcrumb\",\"itemListElement\":[{\"@type\":\"ListItem\",\"position\":1,\"name\":\"Home\",\"item\":\"https:\\\/\\\/www.fundacionmdp.org\\\/ca\\\/\"},{\"@type\":\"ListItem\",\"position\":2,\"name\":\"Qu\u00e8 \u00e9s el paviment podot\u00e0ctil i quina \u00e9s la seva utilitat per a les persones amb mobilitat redu\u00efda?\"}]},{\"@type\":\"WebSite\",\"@id\":\"https:\\\/\\\/www.fundacionmdp.org\\\/#website\",\"url\":\"https:\\\/\\\/www.fundacionmdp.org\\\/\",\"name\":\"Fundaci\u00f3n Mutua de Propietarios\",\"description\":\"En la Fundaci\u00f3n Mutua de Propietarios te ayudamos a convertir tu edificio de viviendas en un espacio sin barreras arquitect\u00f3nicas.\",\"publisher\":{\"@id\":\"https:\\\/\\\/www.fundacionmdp.org\\\/#organization\"},\"potentialAction\":[{\"@type\":\"SearchAction\",\"target\":{\"@type\":\"EntryPoint\",\"urlTemplate\":\"https:\\\/\\\/www.fundacionmdp.org\\\/?s={search_term_string}\"},\"query-input\":{\"@type\":\"PropertyValueSpecification\",\"valueRequired\":true,\"valueName\":\"search_term_string\"}}],\"inLanguage\":\"ca\"},{\"@type\":\"Organization\",\"@id\":\"https:\\\/\\\/www.fundacionmdp.org\\\/#organization\",\"name\":\"Fundaci\u00f3n Mutua de Propietarios\",\"url\":\"https:\\\/\\\/www.fundacionmdp.org\\\/\",\"logo\":{\"@type\":\"ImageObject\",\"inLanguage\":\"ca\",\"@id\":\"https:\\\/\\\/www.fundacionmdp.org\\\/#\\\/schema\\\/logo\\\/image\\\/\",\"url\":\"https:\\\/\\\/www.fundacionmdp.org\\\/wp-content\\\/uploads\\\/2023\\\/05\\\/logo_FMdP_cat.png\",\"contentUrl\":\"https:\\\/\\\/www.fundacionmdp.org\\\/wp-content\\\/uploads\\\/2023\\\/05\\\/logo_FMdP_cat.png\",\"width\":655,\"height\":297,\"caption\":\"Fundaci\u00f3n Mutua de Propietarios\"},\"image\":{\"@id\":\"https:\\\/\\\/www.fundacionmdp.org\\\/#\\\/schema\\\/logo\\\/image\\\/\"}},{\"@type\":\"Person\",\"@id\":\"https:\\\/\\\/www.fundacionmdp.org\\\/#\\\/schema\\\/person\\\/12f9af801cac25dfcb5a96cb0090f703\",\"name\":\"fundacionmdp\",\"image\":{\"@type\":\"ImageObject\",\"inLanguage\":\"ca\",\"@id\":\"https:\\\/\\\/secure.gravatar.com\\\/avatar\\\/b540f93d1816a14d85e51109d050c3243b98fb660a665f517a6d2597cff3bbed?s=96&d=mm&r=g\",\"url\":\"https:\\\/\\\/secure.gravatar.com\\\/avatar\\\/b540f93d1816a14d85e51109d050c3243b98fb660a665f517a6d2597cff3bbed?s=96&d=mm&r=g\",\"contentUrl\":\"https:\\\/\\\/secure.gravatar.com\\\/avatar\\\/b540f93d1816a14d85e51109d050c3243b98fb660a665f517a6d2597cff3bbed?s=96&d=mm&r=g\",\"caption\":\"fundacionmdp\"},\"sameAs\":[\"http:\\\/\\\/prezuk.com.mialias.net\\\/fundacionmdp\"],\"url\":\"https:\\\/\\\/www.fundacionmdp.org\\\/ca\\\/author\\\/fundacionmdp\\\/\"}]}<\/script>\n<!-- \/ Yoast SEO plugin. -->","yoast_head_json":{"title":"Qu\u00e8 \u00e9s el paviment podot\u00e0ctil i quina \u00e9s la seva utilitat per a les persones amb mobilitat redu\u00efda? - Fundaci\u00f3n Mutua de Propietarios","robots":{"index":"index","follow":"follow","max-snippet":"max-snippet:-1","max-image-preview":"max-image-preview:large","max-video-preview":"max-video-preview:-1"},"canonical":"https:\/\/www.fundacionmdp.org\/ca\/que-es-el-paviment-podotactil-i-quina-es-la-seva-utilitat-per-a-les-persones-amb-mobilitat-reduida\/","og_locale":"ca_ES","og_type":"article","og_title":"Qu\u00e8 \u00e9s el paviment podot\u00e0ctil i quina \u00e9s la seva utilitat per a les persones amb mobilitat redu\u00efda? - Fundaci\u00f3n Mutua de Propietarios","og_description":"T&#8217;has fixat en qu\u00e8 els passos de vianants o de zebra tenen un paviment diferent amb punts amb relleu? Estan fets de paviment podot\u00e0ctil. En el post d&#8217;avui t&#8217;expliquem qu\u00e8 \u00e9s el paviment podot\u00e0ctil, els seus tipus i quina \u00e9s la seva utilitat per a persones amb mobilitat redu\u00efda. Continua llegint. Qu\u00e8 \u00e9s el paviment [&hellip;]","og_url":"https:\/\/www.fundacionmdp.org\/ca\/que-es-el-paviment-podotactil-i-quina-es-la-seva-utilitat-per-a-les-persones-amb-mobilitat-reduida\/","og_site_name":"Fundaci\u00f3n Mutua de Propietarios","article_published_time":"2021-05-03T11:45:55+00:00","article_modified_time":"2023-05-15T09:52:48+00:00","og_image":[{"width":1920,"height":1276,"url":"https:\/\/www.fundacionmdp.org\/wp-content\/uploads\/2023\/05\/paviment_accesible.jpg","type":"image\/jpeg"}],"author":"fundacionmdp","twitter_card":"summary_large_image","twitter_misc":{"Escrit per":"fundacionmdp","Temps estimat de lectura":"3 minuts"},"schema":{"@context":"https:\/\/schema.org","@graph":[{"@type":"Article","@id":"https:\/\/www.fundacionmdp.org\/ca\/que-es-el-paviment-podotactil-i-quina-es-la-seva-utilitat-per-a-les-persones-amb-mobilitat-reduida\/#article","isPartOf":{"@id":"https:\/\/www.fundacionmdp.org\/ca\/que-es-el-paviment-podotactil-i-quina-es-la-seva-utilitat-per-a-les-persones-amb-mobilitat-reduida\/"},"author":{"name":"fundacionmdp","@id":"https:\/\/www.fundacionmdp.org\/#\/schema\/person\/12f9af801cac25dfcb5a96cb0090f703"},"headline":"Qu\u00e8 \u00e9s el paviment podot\u00e0ctil i quina \u00e9s la seva utilitat per a les persones amb mobilitat redu\u00efda?","datePublished":"2021-05-03T11:45:55+00:00","dateModified":"2023-05-15T09:52:48+00:00","mainEntityOfPage":{"@id":"https:\/\/www.fundacionmdp.org\/ca\/que-es-el-paviment-podotactil-i-quina-es-la-seva-utilitat-per-a-les-persones-amb-mobilitat-reduida\/"},"wordCount":734,"commentCount":0,"publisher":{"@id":"https:\/\/www.fundacionmdp.org\/#organization"},"image":{"@id":"https:\/\/www.fundacionmdp.org\/ca\/que-es-el-paviment-podotactil-i-quina-es-la-seva-utilitat-per-a-les-persones-amb-mobilitat-reduida\/#primaryimage"},"thumbnailUrl":"https:\/\/www.fundacionmdp.org\/wp-content\/uploads\/2023\/05\/paviment_accesible.jpg","articleSection":["Sin categorizar"],"inLanguage":"ca","potentialAction":[{"@type":"CommentAction","name":"Comment","target":["https:\/\/www.fundacionmdp.org\/ca\/que-es-el-paviment-podotactil-i-quina-es-la-seva-utilitat-per-a-les-persones-amb-mobilitat-reduida\/#respond"]}]},{"@type":"WebPage","@id":"https:\/\/www.fundacionmdp.org\/ca\/que-es-el-paviment-podotactil-i-quina-es-la-seva-utilitat-per-a-les-persones-amb-mobilitat-reduida\/","url":"https:\/\/www.fundacionmdp.org\/ca\/que-es-el-paviment-podotactil-i-quina-es-la-seva-utilitat-per-a-les-persones-amb-mobilitat-reduida\/","name":"Qu\u00e8 \u00e9s el paviment podot\u00e0ctil i quina \u00e9s la seva utilitat per a les persones amb mobilitat redu\u00efda? - Fundaci\u00f3n Mutua de Propietarios","isPartOf":{"@id":"https:\/\/www.fundacionmdp.org\/#website"},"primaryImageOfPage":{"@id":"https:\/\/www.fundacionmdp.org\/ca\/que-es-el-paviment-podotactil-i-quina-es-la-seva-utilitat-per-a-les-persones-amb-mobilitat-reduida\/#primaryimage"},"image":{"@id":"https:\/\/www.fundacionmdp.org\/ca\/que-es-el-paviment-podotactil-i-quina-es-la-seva-utilitat-per-a-les-persones-amb-mobilitat-reduida\/#primaryimage"},"thumbnailUrl":"https:\/\/www.fundacionmdp.org\/wp-content\/uploads\/2023\/05\/paviment_accesible.jpg","datePublished":"2021-05-03T11:45:55+00:00","dateModified":"2023-05-15T09:52:48+00:00","breadcrumb":{"@id":"https:\/\/www.fundacionmdp.org\/ca\/que-es-el-paviment-podotactil-i-quina-es-la-seva-utilitat-per-a-les-persones-amb-mobilitat-reduida\/#breadcrumb"},"inLanguage":"ca","potentialAction":[{"@type":"ReadAction","target":["https:\/\/www.fundacionmdp.org\/ca\/que-es-el-paviment-podotactil-i-quina-es-la-seva-utilitat-per-a-les-persones-amb-mobilitat-reduida\/"]}]},{"@type":"ImageObject","inLanguage":"ca","@id":"https:\/\/www.fundacionmdp.org\/ca\/que-es-el-paviment-podotactil-i-quina-es-la-seva-utilitat-per-a-les-persones-amb-mobilitat-reduida\/#primaryimage","url":"https:\/\/www.fundacionmdp.org\/wp-content\/uploads\/2023\/05\/paviment_accesible.jpg","contentUrl":"https:\/\/www.fundacionmdp.org\/wp-content\/uploads\/2023\/05\/paviment_accesible.jpg","width":1920,"height":1276},{"@type":"BreadcrumbList","@id":"https:\/\/www.fundacionmdp.org\/ca\/que-es-el-paviment-podotactil-i-quina-es-la-seva-utilitat-per-a-les-persones-amb-mobilitat-reduida\/#breadcrumb","itemListElement":[{"@type":"ListItem","position":1,"name":"Home","item":"https:\/\/www.fundacionmdp.org\/ca\/"},{"@type":"ListItem","position":2,"name":"Qu\u00e8 \u00e9s el paviment podot\u00e0ctil i quina \u00e9s la seva utilitat per a les persones amb mobilitat redu\u00efda?"}]},{"@type":"WebSite","@id":"https:\/\/www.fundacionmdp.org\/#website","url":"https:\/\/www.fundacionmdp.org\/","name":"Fundaci\u00f3n Mutua de Propietarios","description":"En la Fundaci\u00f3n Mutua de Propietarios te ayudamos a convertir tu edificio de viviendas en un espacio sin barreras arquitect\u00f3nicas.","publisher":{"@id":"https:\/\/www.fundacionmdp.org\/#organization"},"potentialAction":[{"@type":"SearchAction","target":{"@type":"EntryPoint","urlTemplate":"https:\/\/www.fundacionmdp.org\/?s={search_term_string}"},"query-input":{"@type":"PropertyValueSpecification","valueRequired":true,"valueName":"search_term_string"}}],"inLanguage":"ca"},{"@type":"Organization","@id":"https:\/\/www.fundacionmdp.org\/#organization","name":"Fundaci\u00f3n Mutua de Propietarios","url":"https:\/\/www.fundacionmdp.org\/","logo":{"@type":"ImageObject","inLanguage":"ca","@id":"https:\/\/www.fundacionmdp.org\/#\/schema\/logo\/image\/","url":"https:\/\/www.fundacionmdp.org\/wp-content\/uploads\/2023\/05\/logo_FMdP_cat.png","contentUrl":"https:\/\/www.fundacionmdp.org\/wp-content\/uploads\/2023\/05\/logo_FMdP_cat.png","width":655,"height":297,"caption":"Fundaci\u00f3n Mutua de Propietarios"},"image":{"@id":"https:\/\/www.fundacionmdp.org\/#\/schema\/logo\/image\/"}},{"@type":"Person","@id":"https:\/\/www.fundacionmdp.org\/#\/schema\/person\/12f9af801cac25dfcb5a96cb0090f703","name":"fundacionmdp","image":{"@type":"ImageObject","inLanguage":"ca","@id":"https:\/\/secure.gravatar.com\/avatar\/b540f93d1816a14d85e51109d050c3243b98fb660a665f517a6d2597cff3bbed?s=96&d=mm&r=g","url":"https:\/\/secure.gravatar.com\/avatar\/b540f93d1816a14d85e51109d050c3243b98fb660a665f517a6d2597cff3bbed?s=96&d=mm&r=g","contentUrl":"https:\/\/secure.gravatar.com\/avatar\/b540f93d1816a14d85e51109d050c3243b98fb660a665f517a6d2597cff3bbed?s=96&d=mm&r=g","caption":"fundacionmdp"},"sameAs":["http:\/\/prezuk.com.mialias.net\/fundacionmdp"],"url":"https:\/\/www.fundacionmdp.org\/ca\/author\/fundacionmdp\/"}]}},"_links":{"self":[{"href":"https:\/\/www.fundacionmdp.org\/ca\/wp-json\/wp\/v2\/posts\/5305","targetHints":{"allow":["GET"]}}],"collection":[{"href":"https:\/\/www.fundacionmdp.org\/ca\/wp-json\/wp\/v2\/posts"}],"about":[{"href":"https:\/\/www.fundacionmdp.org\/ca\/wp-json\/wp\/v2\/types\/post"}],"author":[{"embeddable":true,"href":"https:\/\/www.fundacionmdp.org\/ca\/wp-json\/wp\/v2\/users\/1"}],"replies":[{"embeddable":true,"href":"https:\/\/www.fundacionmdp.org\/ca\/wp-json\/wp\/v2\/comments?post=5305"}],"version-history":[{"count":2,"href":"https:\/\/www.fundacionmdp.org\/ca\/wp-json\/wp\/v2\/posts\/5305\/revisions"}],"predecessor-version":[{"id":7088,"href":"https:\/\/www.fundacionmdp.org\/ca\/wp-json\/wp\/v2\/posts\/5305\/revisions\/7088"}],"wp:featuredmedia":[{"embeddable":true,"href":"https:\/\/www.fundacionmdp.org\/ca\/wp-json\/wp\/v2\/media\/7086"}],"wp:attachment":[{"href":"https:\/\/www.fundacionmdp.org\/ca\/wp-json\/wp\/v2\/media?parent=5305"}],"wp:term":[{"taxonomy":"category","embeddable":true,"href":"https:\/\/www.fundacionmdp.org\/ca\/wp-json\/wp\/v2\/categories?post=5305"},{"taxonomy":"post_tag","embeddable":true,"href":"https:\/\/www.fundacionmdp.org\/ca\/wp-json\/wp\/v2\/tags?post=5305"}],"curies":[{"name":"wp","href":"https:\/\/api.w.org\/{rel}","templated":true}]}}