{"id":5534,"date":"2021-06-17T08:16:44","date_gmt":"2021-06-17T07:16:44","guid":{"rendered":"https:\/\/www.fundacionmdp.org\/?p=5534"},"modified":"2023-05-15T09:57:09","modified_gmt":"2023-05-15T09:57:09","slug":"les-plataformes-salva-escales-per-a-edificis-accessibles","status":"publish","type":"post","link":"https:\/\/www.fundacionmdp.org\/ca\/les-plataformes-salva-escales-per-a-edificis-accessibles\/","title":{"rendered":"Les plataformes salva escales per a edificis accessibles"},"content":{"rendered":"<p>Les <strong>plataformes salva escales o plataformes elevadores<\/strong> s\u00f3n uns sistemes d&#8217;elevaci\u00f3, del tipus ascensor muntac\u00e0rregues. La seva instal\u00b7laci\u00f3 \u00e9s senzilla i el seu l&#8217;objectiu \u00e9s suprimir les barreres arquitect\u00f2niques en habitatges, locals i altres centres p\u00fablics. Si b\u00e9 la seva instal\u00b7laci\u00f3 es realitza per a millorar l&#8217;accessibilitat dels habitatges i altres centres p\u00fablics, algunes comunitats de ve\u00efns s\u00f3n poc inclinades a la seva instal\u00b7laci\u00f3 per desconeixement.<\/p>\n<p>Avui aprofundirem m\u00e9s en les plataformes salva escales, com milloren l&#8217;accessibilitat dels edificis i qu\u00e8 diu la Llei de Propietat Horitzontal en quant a la seva instal\u00b7laci\u00f3.<\/p>\n<h2>Solucions d\u2019accessibilitat per comunitats de ve\u00efns<\/h2>\n<p><img fetchpriority=\"high\" decoding=\"async\" class=\"size-medium wp-image-3731 alignleft\" src=\"http:\/\/prezuk.com.mialias.net\/fundacionmdp\/wp-content\/uploads\/2023\/05\/salvaescales.jpg\" width=\"400\" height=\"250\">Las plataformes salva escales <strong>ajuden a les persones amb mobilitat redu\u00efda<\/strong>, amb dificultats per pujar escales o esglaons o a persones que es desplacen amb cadira de rodes o altres elements, a accedir a una o v\u00e0ries plantes de l\u2019edifici o habitatge.<\/p>\n<p>Aquest tipus d\u2019ascensors s\u00f3n una de les millors opcions per garantir l\u2019acc\u00e9s a tots els usuaris, sense necessitat de realitzar grans reformes o inversions. Els riells que necessita la plataforma salva escales s\u2019instal\u00b7la a la paret o esglaons i nom\u00e9s es necessari un endoll per posar en funcionament la plataforma salva escales.<\/p>\n<p>Els motius pels quals es pot arribar a instal\u00b7lar aquest tipus d&#8217;elevadors s\u00f3n, per exemple, facilitar l&#8217;acc\u00e9s al vest\u00edbul de l&#8217;ascensor en aquells casos en els quals hi hagi una escala o alguns esglaons, que impedeixin arribar a tots els usuaris fins ell. Si les escales d&#8217;entrada s\u00f3n amples, es podr\u00e0 instal\u00b7lar una plataforma salva escales que garanteixi l&#8217;acc\u00e9s a persones amb mobilitat redu\u00efda.<\/p>\n<p>D&#8217;altra banda, pot donar-se el cas que sigui necessari salvar algun tram d&#8217;escales en els portals. Per exemple, per a accedir a alguna zona comuna, com l&#8217;aparcament o els trasters. En aquest cas, si no existeix l&#8217;opci\u00f3 de poder col\u00b7locar una rampa, les plataformes salva escales s\u00f3n la millor opci\u00f3.<\/p>\n<h2>Plataformes salva escales, segures i estables<\/h2>\n<p>Encara que les plataformes salva escales estan fetes per a transportar persones que necessiten moure&#8217;s en cadira de rodes, la veritat \u00e9s que tamb\u00e9 s\u00f3n v\u00e0lides en el cas que les persones majors no puguin pujar escales, tinguin dificultats per a ajupir-se o pujar bossa d&#8217;anar a comprar.<\/p>\n<p>S\u00f3n plataformes molt segures. Estan dissenyades per a garantir l&#8217;estabilitat i la seguretat i destaquen pel seu maneig, molt f\u00e0cil i intu\u00eftiu. La seva grand\u00e0ria \u00e9s una mica major que el de les cadires salva escales, per\u00f2 s\u00f3n m\u00e9s vers\u00e0tils perqu\u00e8 poden ser usades per persones discapacitades, aquelles que tinguin mobilitat redu\u00efda, persones majors, etc.<\/p>\n<p>Quant a l&#8217;est\u00e8tica de les plataformes salva escales, podem trobar molts models en el mercat. Des de les plataformes salva escales transparents, fins a plataformes de colors que vagin d&#8217;acord amb l&#8217;est\u00e8tica dels edificis.<\/p>\n<p>Finalment, destacar que les plataformes salva escales, no consumeixen massa energia el\u00e8ctrica.<\/p>\n<h2>Qu\u00e8 diu la Llei de Propietat Horitzontal sobre les plataformes salva escales?<\/h2>\n<p>Si ens basem en l&#8217;\u00faltima modificaci\u00f3 de la <a href=\"https:\/\/www.boe.es\/buscar\/act.php?id=BOE-A-1960-10906\">Llei de Propietat Horitzontal<\/a> (LPH), aquesta estableix que aquest tipus d&#8217;obres, considerades menors, s\u00f3n de car\u00e0cter obligatori. \u00c9s a dir, els edificis p\u00fablics o comunitats de ve\u00efns en els quals visquin o treballin persones amb discapacitat, hauran d&#8217;escometre les obres sempre que el seu cost repercutit entre cada ve\u00ed no sigui superior a les 12 mensualitats ordin\u00e0ries de la quota de la comunitat.<\/p>\n<p>Fins a aquesta modificaci\u00f3, era necessari que exist\u00eds majoria de ve\u00efns que estiguessin disposats a c\u00f3rrer amb les despeses de l&#8217;obra. Amb aquesta modificaci\u00f3, \u00e9s obligatori garantir l&#8217;acc\u00e9s a persones amb mobilitat redu\u00efda.<\/p>\n<p>En fer-se obligatori, s&#8217;ha ampliat l&#8217;oferta d&#8217;aquesta mena d&#8217;ascensors muntac\u00e0rregues per a la supressi\u00f3 de barreres arquitect\u00f2niques que existeixin en habitatges, comunitats o locals. \u00c9s necessari garantir l&#8217;accessibilitat i la supressi\u00f3 dels desnivells verticals perqu\u00e8, aquelles persones amb discapacitat o majors de 70 anys, puguin gaudir de la seva autonomia i activitats di\u00e0ries.<\/p>\n<p>Cal destacar que la LPH aplica a tot el territori espanyol, tret de Catalunya, on hi ha alguna difer\u00e8ncia. A la llei catalana 5\/2015 , tamb\u00e9 s\u2019estableix la obligatorietat de la realitzaci\u00f3 d\u2019obres d\u2019accessibilitat sempre que siguin ajustos \u201craonables\u201d, per\u00f2 amb la difer\u00e8ncia que no s\u2019estableix un import m\u00ednim a assumir per cada propietari o titular. En aquest cas, les persones o convivents amb persones majors de 70 anys o amb alguna discapacitat precisaran d\u2019un acord de Junta aprovat per majoria simple de la comunitat de propietaris per tirar-les endavant sense l\u00edmit d\u2019import. Donat el car\u00e0cter obligatori de les obres, si no s\u2019aconsegueixi aquest acord, els peticionaris podran sol\u00b7licitar a l\u2019autoritat judicial la decisi\u00f3 sobre l\u2019import i l\u00edmit a aportar per cada propietari o titular.<\/p>\n<p>En Fundaci\u00f3 M\u00fatua de Propietaris volem continuar informant en mat\u00e8ria d&#8217;accessibilitat dels edificis, amb les millors opcions per a cada habitatge i edifici. Sempre amb l&#8217;objectiu de millorar la qualitat de vida de les persones amb mobilitat redu\u00efda facilitant l&#8217;accessibilitat a l&#8217;habitatge i el seu entorn.<\/p>\n","protected":false},"excerpt":{"rendered":"<p>Les plataformes salva escales o plataformes elevadores s\u00f3n uns sistemes d&#8217;elevaci\u00f3, del tipus ascensor muntac\u00e0rregues. La seva instal\u00b7laci\u00f3 \u00e9s senzilla i el seu l&#8217;objectiu \u00e9s suprimir les barreres arquitect\u00f2niques en habitatges, locals i altres centres p\u00fablics. Si b\u00e9 la seva instal\u00b7laci\u00f3 es realitza per a millorar l&#8217;accessibilitat dels habitatges i altres centres p\u00fablics, algunes comunitats [&hellip;]<\/p>\n","protected":false},"author":1,"featured_media":7102,"comment_status":"open","ping_status":"open","sticky":false,"template":"","format":"standard","meta":{"_acf_changed":false,"ocean_post_layout":"","ocean_both_sidebars_style":"","ocean_both_sidebars_content_width":0,"ocean_both_sidebars_sidebars_width":0,"ocean_sidebar":"0","ocean_second_sidebar":"0","ocean_disable_margins":"enable","ocean_add_body_class":"","ocean_shortcode_before_top_bar":"","ocean_shortcode_after_top_bar":"","ocean_shortcode_before_header":"","ocean_shortcode_after_header":"","ocean_has_shortcode":"","ocean_shortcode_after_title":"","ocean_shortcode_before_footer_widgets":"","ocean_shortcode_after_footer_widgets":"","ocean_shortcode_before_footer_bottom":"","ocean_shortcode_after_footer_bottom":"","ocean_display_top_bar":"default","ocean_display_header":"default","ocean_header_style":"","ocean_center_header_left_menu":"0","ocean_custom_header_template":"0","ocean_custom_logo":0,"ocean_custom_retina_logo":0,"ocean_custom_logo_max_width":0,"ocean_custom_logo_tablet_max_width":0,"ocean_custom_logo_mobile_max_width":0,"ocean_custom_logo_max_height":0,"ocean_custom_logo_tablet_max_height":0,"ocean_custom_logo_mobile_max_height":0,"ocean_header_custom_menu":"0","ocean_menu_typo_font_family":"0","ocean_menu_typo_font_subset":"","ocean_menu_typo_font_size":0,"ocean_menu_typo_font_size_tablet":0,"ocean_menu_typo_font_size_mobile":0,"ocean_menu_typo_font_size_unit":"px","ocean_menu_typo_font_weight":"","ocean_menu_typo_font_weight_tablet":"","ocean_menu_typo_font_weight_mobile":"","ocean_menu_typo_transform":"","ocean_menu_typo_transform_tablet":"","ocean_menu_typo_transform_mobile":"","ocean_menu_typo_line_height":0,"ocean_menu_typo_line_height_tablet":0,"ocean_menu_typo_line_height_mobile":0,"ocean_menu_typo_line_height_unit":"","ocean_menu_typo_spacing":0,"ocean_menu_typo_spacing_tablet":0,"ocean_menu_typo_spacing_mobile":0,"ocean_menu_typo_spacing_unit":"","ocean_menu_link_color":"","ocean_menu_link_color_hover":"","ocean_menu_link_color_active":"","ocean_menu_link_background":"","ocean_menu_link_hover_background":"","ocean_menu_link_active_background":"","ocean_menu_social_links_bg":"","ocean_menu_social_hover_links_bg":"","ocean_menu_social_links_color":"","ocean_menu_social_hover_links_color":"","ocean_disable_title":"default","ocean_disable_heading":"default","ocean_post_title":"","ocean_post_subheading":"","ocean_post_title_style":"","ocean_post_title_background_color":"","ocean_post_title_background":0,"ocean_post_title_bg_image_position":"","ocean_post_title_bg_image_attachment":"","ocean_post_title_bg_image_repeat":"","ocean_post_title_bg_image_size":"","ocean_post_title_height":0,"ocean_post_title_bg_overlay":0.5,"ocean_post_title_bg_overlay_color":"","ocean_disable_breadcrumbs":"default","ocean_breadcrumbs_color":"","ocean_breadcrumbs_separator_color":"","ocean_breadcrumbs_links_color":"","ocean_breadcrumbs_links_hover_color":"","ocean_display_footer_widgets":"default","ocean_display_footer_bottom":"default","ocean_custom_footer_template":"0","ocean_post_oembed":"","ocean_post_self_hosted_media":"","ocean_post_video_embed":"","ocean_link_format":"","ocean_link_format_target":"self","ocean_quote_format":"","ocean_quote_format_link":"post","ocean_gallery_link_images":"off","ocean_gallery_id":[],"footnotes":""},"categories":[1],"tags":[],"class_list":["post-5534","post","type-post","status-publish","format-standard","has-post-thumbnail","hentry","category-sin-categorizar","entry","has-media"],"acf":[],"yoast_head":"<!-- This site is optimized with the Yoast SEO plugin v27.3 - https:\/\/yoast.com\/product\/yoast-seo-wordpress\/ -->\n<title>Les plataformes salva escales per a edificis accessibles - Fundaci\u00f3n Mutua de Propietarios<\/title>\n<meta name=\"robots\" content=\"index, follow, max-snippet:-1, max-image-preview:large, max-video-preview:-1\" \/>\n<link rel=\"canonical\" href=\"https:\/\/www.fundacionmdp.org\/ca\/les-plataformes-salva-escales-per-a-edificis-accessibles\/\" \/>\n<meta property=\"og:locale\" content=\"ca_ES\" \/>\n<meta property=\"og:type\" content=\"article\" \/>\n<meta property=\"og:title\" content=\"Les plataformes salva escales per a edificis accessibles - Fundaci\u00f3n Mutua de Propietarios\" \/>\n<meta property=\"og:description\" content=\"Les plataformes salva escales o plataformes elevadores s\u00f3n uns sistemes d&#8217;elevaci\u00f3, del tipus ascensor muntac\u00e0rregues. La seva instal\u00b7laci\u00f3 \u00e9s senzilla i el seu l&#8217;objectiu \u00e9s suprimir les barreres arquitect\u00f2niques en habitatges, locals i altres centres p\u00fablics. Si b\u00e9 la seva instal\u00b7laci\u00f3 es realitza per a millorar l&#8217;accessibilitat dels habitatges i altres centres p\u00fablics, algunes comunitats [&hellip;]\" \/>\n<meta property=\"og:url\" content=\"https:\/\/www.fundacionmdp.org\/ca\/les-plataformes-salva-escales-per-a-edificis-accessibles\/\" \/>\n<meta property=\"og:site_name\" content=\"Fundaci\u00f3n Mutua de Propietarios\" \/>\n<meta property=\"article:published_time\" content=\"2021-06-17T07:16:44+00:00\" \/>\n<meta property=\"article:modified_time\" content=\"2023-05-15T09:57:09+00:00\" \/>\n<meta property=\"og:image\" content=\"https:\/\/www.fundacionmdp.org\/wp-content\/uploads\/2023\/05\/salvaescales.jpg\" \/>\n\t<meta property=\"og:image:width\" content=\"1000\" \/>\n\t<meta property=\"og:image:height\" content=\"780\" \/>\n\t<meta property=\"og:image:type\" content=\"image\/jpeg\" \/>\n<meta name=\"author\" content=\"fundacionmdp\" \/>\n<meta name=\"twitter:card\" content=\"summary_large_image\" \/>\n<meta name=\"twitter:label1\" content=\"Escrit per\" \/>\n\t<meta name=\"twitter:data1\" content=\"fundacionmdp\" \/>\n\t<meta name=\"twitter:label2\" content=\"Temps estimat de lectura\" \/>\n\t<meta name=\"twitter:data2\" content=\"4 minuts\" \/>\n<script type=\"application\/ld+json\" class=\"yoast-schema-graph\">{\"@context\":\"https:\\\/\\\/schema.org\",\"@graph\":[{\"@type\":\"Article\",\"@id\":\"https:\\\/\\\/www.fundacionmdp.org\\\/ca\\\/les-plataformes-salva-escales-per-a-edificis-accessibles\\\/#article\",\"isPartOf\":{\"@id\":\"https:\\\/\\\/www.fundacionmdp.org\\\/ca\\\/les-plataformes-salva-escales-per-a-edificis-accessibles\\\/\"},\"author\":{\"name\":\"fundacionmdp\",\"@id\":\"https:\\\/\\\/www.fundacionmdp.org\\\/#\\\/schema\\\/person\\\/12f9af801cac25dfcb5a96cb0090f703\"},\"headline\":\"Les plataformes salva escales per a edificis accessibles\",\"datePublished\":\"2021-06-17T07:16:44+00:00\",\"dateModified\":\"2023-05-15T09:57:09+00:00\",\"mainEntityOfPage\":{\"@id\":\"https:\\\/\\\/www.fundacionmdp.org\\\/ca\\\/les-plataformes-salva-escales-per-a-edificis-accessibles\\\/\"},\"wordCount\":917,\"commentCount\":0,\"publisher\":{\"@id\":\"https:\\\/\\\/www.fundacionmdp.org\\\/#organization\"},\"image\":{\"@id\":\"https:\\\/\\\/www.fundacionmdp.org\\\/ca\\\/les-plataformes-salva-escales-per-a-edificis-accessibles\\\/#primaryimage\"},\"thumbnailUrl\":\"https:\\\/\\\/www.fundacionmdp.org\\\/wp-content\\\/uploads\\\/2023\\\/05\\\/salvaescales.jpg\",\"articleSection\":[\"Sin categorizar\"],\"inLanguage\":\"ca\",\"potentialAction\":[{\"@type\":\"CommentAction\",\"name\":\"Comment\",\"target\":[\"https:\\\/\\\/www.fundacionmdp.org\\\/ca\\\/les-plataformes-salva-escales-per-a-edificis-accessibles\\\/#respond\"]}]},{\"@type\":\"WebPage\",\"@id\":\"https:\\\/\\\/www.fundacionmdp.org\\\/ca\\\/les-plataformes-salva-escales-per-a-edificis-accessibles\\\/\",\"url\":\"https:\\\/\\\/www.fundacionmdp.org\\\/ca\\\/les-plataformes-salva-escales-per-a-edificis-accessibles\\\/\",\"name\":\"Les plataformes salva escales per a edificis accessibles - Fundaci\u00f3n Mutua de Propietarios\",\"isPartOf\":{\"@id\":\"https:\\\/\\\/www.fundacionmdp.org\\\/#website\"},\"primaryImageOfPage\":{\"@id\":\"https:\\\/\\\/www.fundacionmdp.org\\\/ca\\\/les-plataformes-salva-escales-per-a-edificis-accessibles\\\/#primaryimage\"},\"image\":{\"@id\":\"https:\\\/\\\/www.fundacionmdp.org\\\/ca\\\/les-plataformes-salva-escales-per-a-edificis-accessibles\\\/#primaryimage\"},\"thumbnailUrl\":\"https:\\\/\\\/www.fundacionmdp.org\\\/wp-content\\\/uploads\\\/2023\\\/05\\\/salvaescales.jpg\",\"datePublished\":\"2021-06-17T07:16:44+00:00\",\"dateModified\":\"2023-05-15T09:57:09+00:00\",\"breadcrumb\":{\"@id\":\"https:\\\/\\\/www.fundacionmdp.org\\\/ca\\\/les-plataformes-salva-escales-per-a-edificis-accessibles\\\/#breadcrumb\"},\"inLanguage\":\"ca\",\"potentialAction\":[{\"@type\":\"ReadAction\",\"target\":[\"https:\\\/\\\/www.fundacionmdp.org\\\/ca\\\/les-plataformes-salva-escales-per-a-edificis-accessibles\\\/\"]}]},{\"@type\":\"ImageObject\",\"inLanguage\":\"ca\",\"@id\":\"https:\\\/\\\/www.fundacionmdp.org\\\/ca\\\/les-plataformes-salva-escales-per-a-edificis-accessibles\\\/#primaryimage\",\"url\":\"https:\\\/\\\/www.fundacionmdp.org\\\/wp-content\\\/uploads\\\/2023\\\/05\\\/salvaescales.jpg\",\"contentUrl\":\"https:\\\/\\\/www.fundacionmdp.org\\\/wp-content\\\/uploads\\\/2023\\\/05\\\/salvaescales.jpg\",\"width\":1000,\"height\":780},{\"@type\":\"BreadcrumbList\",\"@id\":\"https:\\\/\\\/www.fundacionmdp.org\\\/ca\\\/les-plataformes-salva-escales-per-a-edificis-accessibles\\\/#breadcrumb\",\"itemListElement\":[{\"@type\":\"ListItem\",\"position\":1,\"name\":\"Home\",\"item\":\"https:\\\/\\\/www.fundacionmdp.org\\\/ca\\\/\"},{\"@type\":\"ListItem\",\"position\":2,\"name\":\"Les plataformes salva escales per a edificis accessibles\"}]},{\"@type\":\"WebSite\",\"@id\":\"https:\\\/\\\/www.fundacionmdp.org\\\/#website\",\"url\":\"https:\\\/\\\/www.fundacionmdp.org\\\/\",\"name\":\"Fundaci\u00f3n Mutua de Propietarios\",\"description\":\"En la Fundaci\u00f3n Mutua de Propietarios te ayudamos a convertir tu edificio de viviendas en un espacio sin barreras arquitect\u00f3nicas.\",\"publisher\":{\"@id\":\"https:\\\/\\\/www.fundacionmdp.org\\\/#organization\"},\"potentialAction\":[{\"@type\":\"SearchAction\",\"target\":{\"@type\":\"EntryPoint\",\"urlTemplate\":\"https:\\\/\\\/www.fundacionmdp.org\\\/?s={search_term_string}\"},\"query-input\":{\"@type\":\"PropertyValueSpecification\",\"valueRequired\":true,\"valueName\":\"search_term_string\"}}],\"inLanguage\":\"ca\"},{\"@type\":\"Organization\",\"@id\":\"https:\\\/\\\/www.fundacionmdp.org\\\/#organization\",\"name\":\"Fundaci\u00f3n Mutua de Propietarios\",\"url\":\"https:\\\/\\\/www.fundacionmdp.org\\\/\",\"logo\":{\"@type\":\"ImageObject\",\"inLanguage\":\"ca\",\"@id\":\"https:\\\/\\\/www.fundacionmdp.org\\\/#\\\/schema\\\/logo\\\/image\\\/\",\"url\":\"https:\\\/\\\/www.fundacionmdp.org\\\/wp-content\\\/uploads\\\/2023\\\/05\\\/logo_FMdP_cat.png\",\"contentUrl\":\"https:\\\/\\\/www.fundacionmdp.org\\\/wp-content\\\/uploads\\\/2023\\\/05\\\/logo_FMdP_cat.png\",\"width\":655,\"height\":297,\"caption\":\"Fundaci\u00f3n Mutua de Propietarios\"},\"image\":{\"@id\":\"https:\\\/\\\/www.fundacionmdp.org\\\/#\\\/schema\\\/logo\\\/image\\\/\"}},{\"@type\":\"Person\",\"@id\":\"https:\\\/\\\/www.fundacionmdp.org\\\/#\\\/schema\\\/person\\\/12f9af801cac25dfcb5a96cb0090f703\",\"name\":\"fundacionmdp\",\"image\":{\"@type\":\"ImageObject\",\"inLanguage\":\"ca\",\"@id\":\"https:\\\/\\\/secure.gravatar.com\\\/avatar\\\/b540f93d1816a14d85e51109d050c3243b98fb660a665f517a6d2597cff3bbed?s=96&d=mm&r=g\",\"url\":\"https:\\\/\\\/secure.gravatar.com\\\/avatar\\\/b540f93d1816a14d85e51109d050c3243b98fb660a665f517a6d2597cff3bbed?s=96&d=mm&r=g\",\"contentUrl\":\"https:\\\/\\\/secure.gravatar.com\\\/avatar\\\/b540f93d1816a14d85e51109d050c3243b98fb660a665f517a6d2597cff3bbed?s=96&d=mm&r=g\",\"caption\":\"fundacionmdp\"},\"sameAs\":[\"http:\\\/\\\/prezuk.com.mialias.net\\\/fundacionmdp\"],\"url\":\"https:\\\/\\\/www.fundacionmdp.org\\\/ca\\\/author\\\/fundacionmdp\\\/\"}]}<\/script>\n<!-- \/ Yoast SEO plugin. -->","yoast_head_json":{"title":"Les plataformes salva escales per a edificis accessibles - Fundaci\u00f3n Mutua de Propietarios","robots":{"index":"index","follow":"follow","max-snippet":"max-snippet:-1","max-image-preview":"max-image-preview:large","max-video-preview":"max-video-preview:-1"},"canonical":"https:\/\/www.fundacionmdp.org\/ca\/les-plataformes-salva-escales-per-a-edificis-accessibles\/","og_locale":"ca_ES","og_type":"article","og_title":"Les plataformes salva escales per a edificis accessibles - Fundaci\u00f3n Mutua de Propietarios","og_description":"Les plataformes salva escales o plataformes elevadores s\u00f3n uns sistemes d&#8217;elevaci\u00f3, del tipus ascensor muntac\u00e0rregues. La seva instal\u00b7laci\u00f3 \u00e9s senzilla i el seu l&#8217;objectiu \u00e9s suprimir les barreres arquitect\u00f2niques en habitatges, locals i altres centres p\u00fablics. Si b\u00e9 la seva instal\u00b7laci\u00f3 es realitza per a millorar l&#8217;accessibilitat dels habitatges i altres centres p\u00fablics, algunes comunitats [&hellip;]","og_url":"https:\/\/www.fundacionmdp.org\/ca\/les-plataformes-salva-escales-per-a-edificis-accessibles\/","og_site_name":"Fundaci\u00f3n Mutua de Propietarios","article_published_time":"2021-06-17T07:16:44+00:00","article_modified_time":"2023-05-15T09:57:09+00:00","og_image":[{"width":1000,"height":780,"url":"https:\/\/www.fundacionmdp.org\/wp-content\/uploads\/2023\/05\/salvaescales.jpg","type":"image\/jpeg"}],"author":"fundacionmdp","twitter_card":"summary_large_image","twitter_misc":{"Escrit per":"fundacionmdp","Temps estimat de lectura":"4 minuts"},"schema":{"@context":"https:\/\/schema.org","@graph":[{"@type":"Article","@id":"https:\/\/www.fundacionmdp.org\/ca\/les-plataformes-salva-escales-per-a-edificis-accessibles\/#article","isPartOf":{"@id":"https:\/\/www.fundacionmdp.org\/ca\/les-plataformes-salva-escales-per-a-edificis-accessibles\/"},"author":{"name":"fundacionmdp","@id":"https:\/\/www.fundacionmdp.org\/#\/schema\/person\/12f9af801cac25dfcb5a96cb0090f703"},"headline":"Les plataformes salva escales per a edificis accessibles","datePublished":"2021-06-17T07:16:44+00:00","dateModified":"2023-05-15T09:57:09+00:00","mainEntityOfPage":{"@id":"https:\/\/www.fundacionmdp.org\/ca\/les-plataformes-salva-escales-per-a-edificis-accessibles\/"},"wordCount":917,"commentCount":0,"publisher":{"@id":"https:\/\/www.fundacionmdp.org\/#organization"},"image":{"@id":"https:\/\/www.fundacionmdp.org\/ca\/les-plataformes-salva-escales-per-a-edificis-accessibles\/#primaryimage"},"thumbnailUrl":"https:\/\/www.fundacionmdp.org\/wp-content\/uploads\/2023\/05\/salvaescales.jpg","articleSection":["Sin categorizar"],"inLanguage":"ca","potentialAction":[{"@type":"CommentAction","name":"Comment","target":["https:\/\/www.fundacionmdp.org\/ca\/les-plataformes-salva-escales-per-a-edificis-accessibles\/#respond"]}]},{"@type":"WebPage","@id":"https:\/\/www.fundacionmdp.org\/ca\/les-plataformes-salva-escales-per-a-edificis-accessibles\/","url":"https:\/\/www.fundacionmdp.org\/ca\/les-plataformes-salva-escales-per-a-edificis-accessibles\/","name":"Les plataformes salva escales per a edificis accessibles - Fundaci\u00f3n Mutua de Propietarios","isPartOf":{"@id":"https:\/\/www.fundacionmdp.org\/#website"},"primaryImageOfPage":{"@id":"https:\/\/www.fundacionmdp.org\/ca\/les-plataformes-salva-escales-per-a-edificis-accessibles\/#primaryimage"},"image":{"@id":"https:\/\/www.fundacionmdp.org\/ca\/les-plataformes-salva-escales-per-a-edificis-accessibles\/#primaryimage"},"thumbnailUrl":"https:\/\/www.fundacionmdp.org\/wp-content\/uploads\/2023\/05\/salvaescales.jpg","datePublished":"2021-06-17T07:16:44+00:00","dateModified":"2023-05-15T09:57:09+00:00","breadcrumb":{"@id":"https:\/\/www.fundacionmdp.org\/ca\/les-plataformes-salva-escales-per-a-edificis-accessibles\/#breadcrumb"},"inLanguage":"ca","potentialAction":[{"@type":"ReadAction","target":["https:\/\/www.fundacionmdp.org\/ca\/les-plataformes-salva-escales-per-a-edificis-accessibles\/"]}]},{"@type":"ImageObject","inLanguage":"ca","@id":"https:\/\/www.fundacionmdp.org\/ca\/les-plataformes-salva-escales-per-a-edificis-accessibles\/#primaryimage","url":"https:\/\/www.fundacionmdp.org\/wp-content\/uploads\/2023\/05\/salvaescales.jpg","contentUrl":"https:\/\/www.fundacionmdp.org\/wp-content\/uploads\/2023\/05\/salvaescales.jpg","width":1000,"height":780},{"@type":"BreadcrumbList","@id":"https:\/\/www.fundacionmdp.org\/ca\/les-plataformes-salva-escales-per-a-edificis-accessibles\/#breadcrumb","itemListElement":[{"@type":"ListItem","position":1,"name":"Home","item":"https:\/\/www.fundacionmdp.org\/ca\/"},{"@type":"ListItem","position":2,"name":"Les plataformes salva escales per a edificis accessibles"}]},{"@type":"WebSite","@id":"https:\/\/www.fundacionmdp.org\/#website","url":"https:\/\/www.fundacionmdp.org\/","name":"Fundaci\u00f3n Mutua de Propietarios","description":"En la Fundaci\u00f3n Mutua de Propietarios te ayudamos a convertir tu edificio de viviendas en un espacio sin barreras arquitect\u00f3nicas.","publisher":{"@id":"https:\/\/www.fundacionmdp.org\/#organization"},"potentialAction":[{"@type":"SearchAction","target":{"@type":"EntryPoint","urlTemplate":"https:\/\/www.fundacionmdp.org\/?s={search_term_string}"},"query-input":{"@type":"PropertyValueSpecification","valueRequired":true,"valueName":"search_term_string"}}],"inLanguage":"ca"},{"@type":"Organization","@id":"https:\/\/www.fundacionmdp.org\/#organization","name":"Fundaci\u00f3n Mutua de Propietarios","url":"https:\/\/www.fundacionmdp.org\/","logo":{"@type":"ImageObject","inLanguage":"ca","@id":"https:\/\/www.fundacionmdp.org\/#\/schema\/logo\/image\/","url":"https:\/\/www.fundacionmdp.org\/wp-content\/uploads\/2023\/05\/logo_FMdP_cat.png","contentUrl":"https:\/\/www.fundacionmdp.org\/wp-content\/uploads\/2023\/05\/logo_FMdP_cat.png","width":655,"height":297,"caption":"Fundaci\u00f3n Mutua de Propietarios"},"image":{"@id":"https:\/\/www.fundacionmdp.org\/#\/schema\/logo\/image\/"}},{"@type":"Person","@id":"https:\/\/www.fundacionmdp.org\/#\/schema\/person\/12f9af801cac25dfcb5a96cb0090f703","name":"fundacionmdp","image":{"@type":"ImageObject","inLanguage":"ca","@id":"https:\/\/secure.gravatar.com\/avatar\/b540f93d1816a14d85e51109d050c3243b98fb660a665f517a6d2597cff3bbed?s=96&d=mm&r=g","url":"https:\/\/secure.gravatar.com\/avatar\/b540f93d1816a14d85e51109d050c3243b98fb660a665f517a6d2597cff3bbed?s=96&d=mm&r=g","contentUrl":"https:\/\/secure.gravatar.com\/avatar\/b540f93d1816a14d85e51109d050c3243b98fb660a665f517a6d2597cff3bbed?s=96&d=mm&r=g","caption":"fundacionmdp"},"sameAs":["http:\/\/prezuk.com.mialias.net\/fundacionmdp"],"url":"https:\/\/www.fundacionmdp.org\/ca\/author\/fundacionmdp\/"}]}},"_links":{"self":[{"href":"https:\/\/www.fundacionmdp.org\/ca\/wp-json\/wp\/v2\/posts\/5534","targetHints":{"allow":["GET"]}}],"collection":[{"href":"https:\/\/www.fundacionmdp.org\/ca\/wp-json\/wp\/v2\/posts"}],"about":[{"href":"https:\/\/www.fundacionmdp.org\/ca\/wp-json\/wp\/v2\/types\/post"}],"author":[{"embeddable":true,"href":"https:\/\/www.fundacionmdp.org\/ca\/wp-json\/wp\/v2\/users\/1"}],"replies":[{"embeddable":true,"href":"https:\/\/www.fundacionmdp.org\/ca\/wp-json\/wp\/v2\/comments?post=5534"}],"version-history":[{"count":2,"href":"https:\/\/www.fundacionmdp.org\/ca\/wp-json\/wp\/v2\/posts\/5534\/revisions"}],"predecessor-version":[{"id":7110,"href":"https:\/\/www.fundacionmdp.org\/ca\/wp-json\/wp\/v2\/posts\/5534\/revisions\/7110"}],"wp:featuredmedia":[{"embeddable":true,"href":"https:\/\/www.fundacionmdp.org\/ca\/wp-json\/wp\/v2\/media\/7102"}],"wp:attachment":[{"href":"https:\/\/www.fundacionmdp.org\/ca\/wp-json\/wp\/v2\/media?parent=5534"}],"wp:term":[{"taxonomy":"category","embeddable":true,"href":"https:\/\/www.fundacionmdp.org\/ca\/wp-json\/wp\/v2\/categories?post=5534"},{"taxonomy":"post_tag","embeddable":true,"href":"https:\/\/www.fundacionmdp.org\/ca\/wp-json\/wp\/v2\/tags?post=5534"}],"curies":[{"name":"wp","href":"https:\/\/api.w.org\/{rel}","templated":true}]}}