{"id":5568,"date":"2021-06-23T09:58:16","date_gmt":"2021-06-23T09:58:16","guid":{"rendered":"https:\/\/www.fundacionmdp.org\/?p=5568"},"modified":"2023-05-15T09:58:55","modified_gmt":"2023-05-15T09:58:55","slug":"rampes-3d-per-a-edificis-accessibles","status":"publish","type":"post","link":"https:\/\/www.fundacionmdp.org\/ca\/rampes-3d-per-a-edificis-accessibles\/","title":{"rendered":"Rampes 3D per a edificis accessibles"},"content":{"rendered":"<p>Com era d&#8217;esperar, <strong>la tecnologia ha arribat per a millorar l&#8217;accessibilitat dels edificis<\/strong>. Des de Fundaci\u00f3 Mutua de Propietarios s&#8217;ha presentat una soluci\u00f3 digital que inclou la tecnologia 3D i que t\u00e9 com a objectiu millorar tant l&#8217;accessibilitat dels edificis, com la instal\u00b7laci\u00f3 de rampes.<\/p>\n<p>Les comunitats de propietaris mai ho han tingut m\u00e9s f\u00e0cil per a implantar aquest tipus de mesures que milloren la vida de les persones majors i amb mobilitat redu\u00efda que resideixin en comunitats de ve\u00efns. T&#8217;expliquem qu\u00e8 s\u00f3n, <strong>com es fabriquen i altres caracter\u00edstiques de les Rampes 3D.<\/strong><\/p>\n<h2>Qu\u00e8 s\u00f3n les Rampes 3D?<\/h2>\n<p><img fetchpriority=\"high\" decoding=\"async\" class=\"size-medium wp-image-3731 alignleft\" src=\"http:\/\/prezuk.com.mialias.net\/fundacionmdp\/wp-content\/uploads\/2023\/05\/rampa_3d_fmdp.jpg\" width=\"400\" height=\"250\">Si en un edifici hi ha barreres arquitect\u00f2niques que impedeixen la lliure circulaci\u00f3 de persones, \u00e9s necessari <strong>pujar d&#8217;1 a 4 esglaons<\/strong> fins a arribar a l&#8217;ascensor o en l&#8217;immoble viuen persones majors o persones amb mobilitat redu\u00efda, \u00e9s necessari <strong>instal\u00b7lar algun element que garanteixi que totes les persones puguin accedir a l&#8217;edifici<\/strong>. Existeixen moltes maneres de suprimir les barreres arquitect\u00f2niques, per\u00f2 la m\u00e9s f\u00e0cil, sens dubte, \u00e9s la instal\u00b7laci\u00f3 d&#8217;una Rampa 3D.<\/p>\n<p>Una rampa \u00e9s un element arquitect\u00f2nic que t\u00e9 la funci\u00f3 de <strong>comunicar dos plans que es troben a diferents altures<\/strong>, de manera que salva la difer\u00e8ncia entre tots dos espais. Per\u00f2 el que de veritat fa especialment \u00fatils a les Rampes 3D \u00e9s que, tant la seva fabricaci\u00f3 com la seva instal\u00b7laci\u00f3 es realitzen r\u00e0pida i f\u00e0cilment.<\/p>\n<p>Les Rampes 3D estan fabricades amb <strong>materials ecol\u00f2gics<\/strong>, com la fibra PLA (\u00e0cid pol\u00ed l\u00e0ctic), que s&#8217;obt\u00e9 del blat de moro o la remolatxa. La fibra d&#8217;impressi\u00f3 3D PLA \u00e9s molt resistent, per la qual cosa garanteix una llarga vida \u00fatil de la Rampa 3D. La seva producci\u00f3 es pot fer en qualsevol lloc, de manera que sent una producci\u00f3 km0, s&#8217;aconsegueix seguir les pautes dels ODS (<strong>Objectius de Desenvolupament Sostenible<\/strong>) de l&#8217;ONU, a m\u00e9s dels instruments Next Generation EU del programa de Recuperaci\u00f3 i Resili\u00e8ncia del Consell de la Uni\u00f3 Europea. D&#8217;altra banda, aquest material fa que les Rampes 3D <strong>absorbeixin CO\u2082 i altres contaminants<\/strong>, de manera que s\u00f3n un element m\u00e9s que se suma a la lluita contra el canvi clim\u00e0tic.<\/p>\n<p>Gr\u00e0cies a la tecnologia 3D s&#8217;han pogut crear les peces de la rampa de manera que <strong>els blocs s&#8217;ajusten f\u00e0cilment com a peces de \u201clego\u201d<\/strong>, fent \u00e0gil la seva instal\u00b7laci\u00f3. A m\u00e9s, la fabricaci\u00f3 de peces 3D ens dona la possibilitat d&#8217;<strong>adaptar-nos a la gran majoria dels espais<\/strong>, podent fabricar Rampes 3D de moltes mesures diferents.<\/p>\n<h2>Rampes 3D per a millorar l&#8217;accessibilitat en edificis<\/h2>\n<p>Per a les persones \u00e9s molt important que els edificis comptin amb elements que garanteixin l&#8217;accessibilitat. Tant \u00e9s aix\u00ed, que el 38% dels espanyols ha tingut en compte que un edifici compti amb rampa o plataforma elevadora en el moment de comprar el seu habitatge. I \u00e9s que en algun moment de la nostra vida, tots i totes farem \u00fas d&#8217;aquests elements.<\/p>\n<p>Si tenim en compte les dades de l&#8217;informe \u201c<strong>Rampa cap a l&#8217;Accessibilitat<\/strong>\u201d elaborat per Fundaci\u00f3 Mutua de Propietarios, veiem que les rampes s\u00f3n les mesures m\u00e9s urgents que demanden les comunitats de propietaris per a facilitar l&#8217;acc\u00e9s als habitatges a les persones amb mobilitat redu\u00efda. Li segueixen les portes d&#8217;obertura autom\u00e0tica i els porters autom\u00e0tics adaptats a l&#8217;altura de persones que es mouen en cadires de rodes.<\/p>\n<p>Per aix\u00f2, les Rampes 3D es poden sol\u00b7licitar ja des de la p\u00e0gina web de la <a href=\"https:\/\/www.fundacionmdp.org\/rampas3d\/\">Fundaci\u00f3 Mutua de Propietarios<\/a>. L&#8217;objectiu del projecte \u00e9s que sigui possible dissenyar de manera autom\u00e0tica la rampa a partir de l&#8217;enviament de fotografies del lloc on es vol instal\u00b7lar la Rampa 3D i que posteriorment es fabriquin les peces i s&#8217;envi\u00efn a les comunitats per al seu muntatge i instal\u00b7laci\u00f3.<\/p>\n<p>La Rampa 3D \u00e9s un altre pas m\u00e9s per a aconseguir que totes les persones puguin accedir de manera aut\u00f2noma i lliure als seus habitatges.<\/p>\n","protected":false},"excerpt":{"rendered":"<p>Com era d&#8217;esperar, la tecnologia ha arribat per a millorar l&#8217;accessibilitat dels edificis. Des de Fundaci\u00f3 Mutua de Propietarios s&#8217;ha presentat una soluci\u00f3 digital que inclou la tecnologia 3D i que t\u00e9 com a objectiu millorar tant l&#8217;accessibilitat dels edificis, com la instal\u00b7laci\u00f3 de rampes. Les comunitats de propietaris mai ho han tingut m\u00e9s f\u00e0cil [&hellip;]<\/p>\n","protected":false},"author":1,"featured_media":7112,"comment_status":"open","ping_status":"open","sticky":false,"template":"","format":"standard","meta":{"_acf_changed":false,"ocean_post_layout":"","ocean_both_sidebars_style":"","ocean_both_sidebars_content_width":0,"ocean_both_sidebars_sidebars_width":0,"ocean_sidebar":"0","ocean_second_sidebar":"0","ocean_disable_margins":"enable","ocean_add_body_class":"","ocean_shortcode_before_top_bar":"","ocean_shortcode_after_top_bar":"","ocean_shortcode_before_header":"","ocean_shortcode_after_header":"","ocean_has_shortcode":"","ocean_shortcode_after_title":"","ocean_shortcode_before_footer_widgets":"","ocean_shortcode_after_footer_widgets":"","ocean_shortcode_before_footer_bottom":"","ocean_shortcode_after_footer_bottom":"","ocean_display_top_bar":"default","ocean_display_header":"default","ocean_header_style":"","ocean_center_header_left_menu":"0","ocean_custom_header_template":"0","ocean_custom_logo":0,"ocean_custom_retina_logo":0,"ocean_custom_logo_max_width":0,"ocean_custom_logo_tablet_max_width":0,"ocean_custom_logo_mobile_max_width":0,"ocean_custom_logo_max_height":0,"ocean_custom_logo_tablet_max_height":0,"ocean_custom_logo_mobile_max_height":0,"ocean_header_custom_menu":"0","ocean_menu_typo_font_family":"0","ocean_menu_typo_font_subset":"","ocean_menu_typo_font_size":0,"ocean_menu_typo_font_size_tablet":0,"ocean_menu_typo_font_size_mobile":0,"ocean_menu_typo_font_size_unit":"px","ocean_menu_typo_font_weight":"","ocean_menu_typo_font_weight_tablet":"","ocean_menu_typo_font_weight_mobile":"","ocean_menu_typo_transform":"","ocean_menu_typo_transform_tablet":"","ocean_menu_typo_transform_mobile":"","ocean_menu_typo_line_height":0,"ocean_menu_typo_line_height_tablet":0,"ocean_menu_typo_line_height_mobile":0,"ocean_menu_typo_line_height_unit":"","ocean_menu_typo_spacing":0,"ocean_menu_typo_spacing_tablet":0,"ocean_menu_typo_spacing_mobile":0,"ocean_menu_typo_spacing_unit":"","ocean_menu_link_color":"","ocean_menu_link_color_hover":"","ocean_menu_link_color_active":"","ocean_menu_link_background":"","ocean_menu_link_hover_background":"","ocean_menu_link_active_background":"","ocean_menu_social_links_bg":"","ocean_menu_social_hover_links_bg":"","ocean_menu_social_links_color":"","ocean_menu_social_hover_links_color":"","ocean_disable_title":"default","ocean_disable_heading":"default","ocean_post_title":"","ocean_post_subheading":"","ocean_post_title_style":"","ocean_post_title_background_color":"","ocean_post_title_background":0,"ocean_post_title_bg_image_position":"","ocean_post_title_bg_image_attachment":"","ocean_post_title_bg_image_repeat":"","ocean_post_title_bg_image_size":"","ocean_post_title_height":0,"ocean_post_title_bg_overlay":0.5,"ocean_post_title_bg_overlay_color":"","ocean_disable_breadcrumbs":"default","ocean_breadcrumbs_color":"","ocean_breadcrumbs_separator_color":"","ocean_breadcrumbs_links_color":"","ocean_breadcrumbs_links_hover_color":"","ocean_display_footer_widgets":"default","ocean_display_footer_bottom":"default","ocean_custom_footer_template":"0","ocean_post_oembed":"","ocean_post_self_hosted_media":"","ocean_post_video_embed":"","ocean_link_format":"","ocean_link_format_target":"self","ocean_quote_format":"","ocean_quote_format_link":"post","ocean_gallery_link_images":"off","ocean_gallery_id":[],"footnotes":""},"categories":[1],"tags":[],"class_list":["post-5568","post","type-post","status-publish","format-standard","has-post-thumbnail","hentry","category-sin-categorizar","entry","has-media"],"acf":[],"yoast_head":"<!-- This site is optimized with the Yoast SEO plugin v27.3 - https:\/\/yoast.com\/product\/yoast-seo-wordpress\/ -->\n<title>Rampes 3D per a edificis accessibles - Fundaci\u00f3n Mutua de Propietarios<\/title>\n<meta name=\"robots\" content=\"index, follow, max-snippet:-1, max-image-preview:large, max-video-preview:-1\" \/>\n<link rel=\"canonical\" href=\"https:\/\/www.fundacionmdp.org\/ca\/rampes-3d-per-a-edificis-accessibles\/\" \/>\n<meta property=\"og:locale\" content=\"ca_ES\" \/>\n<meta property=\"og:type\" content=\"article\" \/>\n<meta property=\"og:title\" content=\"Rampes 3D per a edificis accessibles - Fundaci\u00f3n Mutua de Propietarios\" \/>\n<meta property=\"og:description\" content=\"Com era d&#8217;esperar, la tecnologia ha arribat per a millorar l&#8217;accessibilitat dels edificis. Des de Fundaci\u00f3 Mutua de Propietarios s&#8217;ha presentat una soluci\u00f3 digital que inclou la tecnologia 3D i que t\u00e9 com a objectiu millorar tant l&#8217;accessibilitat dels edificis, com la instal\u00b7laci\u00f3 de rampes. Les comunitats de propietaris mai ho han tingut m\u00e9s f\u00e0cil [&hellip;]\" \/>\n<meta property=\"og:url\" content=\"https:\/\/www.fundacionmdp.org\/ca\/rampes-3d-per-a-edificis-accessibles\/\" \/>\n<meta property=\"og:site_name\" content=\"Fundaci\u00f3n Mutua de Propietarios\" \/>\n<meta property=\"article:published_time\" content=\"2021-06-23T09:58:16+00:00\" \/>\n<meta property=\"article:modified_time\" content=\"2023-05-15T09:58:55+00:00\" \/>\n<meta property=\"og:image\" content=\"https:\/\/www.fundacionmdp.org\/wp-content\/uploads\/2023\/05\/rampa_3d_fmdp.jpg\" \/>\n\t<meta property=\"og:image:width\" content=\"1000\" \/>\n\t<meta property=\"og:image:height\" content=\"529\" \/>\n\t<meta property=\"og:image:type\" content=\"image\/jpeg\" \/>\n<meta name=\"author\" content=\"fundacionmdp\" \/>\n<meta name=\"twitter:card\" content=\"summary_large_image\" \/>\n<meta name=\"twitter:label1\" content=\"Escrit per\" \/>\n\t<meta name=\"twitter:data1\" content=\"fundacionmdp\" \/>\n\t<meta name=\"twitter:label2\" content=\"Temps estimat de lectura\" \/>\n\t<meta name=\"twitter:data2\" content=\"3 minuts\" \/>\n<script type=\"application\/ld+json\" class=\"yoast-schema-graph\">{\"@context\":\"https:\\\/\\\/schema.org\",\"@graph\":[{\"@type\":\"Article\",\"@id\":\"https:\\\/\\\/www.fundacionmdp.org\\\/ca\\\/rampes-3d-per-a-edificis-accessibles\\\/#article\",\"isPartOf\":{\"@id\":\"https:\\\/\\\/www.fundacionmdp.org\\\/ca\\\/rampes-3d-per-a-edificis-accessibles\\\/\"},\"author\":{\"name\":\"fundacionmdp\",\"@id\":\"https:\\\/\\\/www.fundacionmdp.org\\\/#\\\/schema\\\/person\\\/12f9af801cac25dfcb5a96cb0090f703\"},\"headline\":\"Rampes 3D per a edificis accessibles\",\"datePublished\":\"2021-06-23T09:58:16+00:00\",\"dateModified\":\"2023-05-15T09:58:55+00:00\",\"mainEntityOfPage\":{\"@id\":\"https:\\\/\\\/www.fundacionmdp.org\\\/ca\\\/rampes-3d-per-a-edificis-accessibles\\\/\"},\"wordCount\":712,\"commentCount\":0,\"publisher\":{\"@id\":\"https:\\\/\\\/www.fundacionmdp.org\\\/#organization\"},\"image\":{\"@id\":\"https:\\\/\\\/www.fundacionmdp.org\\\/ca\\\/rampes-3d-per-a-edificis-accessibles\\\/#primaryimage\"},\"thumbnailUrl\":\"https:\\\/\\\/www.fundacionmdp.org\\\/wp-content\\\/uploads\\\/2023\\\/05\\\/rampa_3d_fmdp.jpg\",\"articleSection\":[\"Sin categorizar\"],\"inLanguage\":\"ca\",\"potentialAction\":[{\"@type\":\"CommentAction\",\"name\":\"Comment\",\"target\":[\"https:\\\/\\\/www.fundacionmdp.org\\\/ca\\\/rampes-3d-per-a-edificis-accessibles\\\/#respond\"]}]},{\"@type\":\"WebPage\",\"@id\":\"https:\\\/\\\/www.fundacionmdp.org\\\/ca\\\/rampes-3d-per-a-edificis-accessibles\\\/\",\"url\":\"https:\\\/\\\/www.fundacionmdp.org\\\/ca\\\/rampes-3d-per-a-edificis-accessibles\\\/\",\"name\":\"Rampes 3D per a edificis accessibles - Fundaci\u00f3n Mutua de Propietarios\",\"isPartOf\":{\"@id\":\"https:\\\/\\\/www.fundacionmdp.org\\\/#website\"},\"primaryImageOfPage\":{\"@id\":\"https:\\\/\\\/www.fundacionmdp.org\\\/ca\\\/rampes-3d-per-a-edificis-accessibles\\\/#primaryimage\"},\"image\":{\"@id\":\"https:\\\/\\\/www.fundacionmdp.org\\\/ca\\\/rampes-3d-per-a-edificis-accessibles\\\/#primaryimage\"},\"thumbnailUrl\":\"https:\\\/\\\/www.fundacionmdp.org\\\/wp-content\\\/uploads\\\/2023\\\/05\\\/rampa_3d_fmdp.jpg\",\"datePublished\":\"2021-06-23T09:58:16+00:00\",\"dateModified\":\"2023-05-15T09:58:55+00:00\",\"breadcrumb\":{\"@id\":\"https:\\\/\\\/www.fundacionmdp.org\\\/ca\\\/rampes-3d-per-a-edificis-accessibles\\\/#breadcrumb\"},\"inLanguage\":\"ca\",\"potentialAction\":[{\"@type\":\"ReadAction\",\"target\":[\"https:\\\/\\\/www.fundacionmdp.org\\\/ca\\\/rampes-3d-per-a-edificis-accessibles\\\/\"]}]},{\"@type\":\"ImageObject\",\"inLanguage\":\"ca\",\"@id\":\"https:\\\/\\\/www.fundacionmdp.org\\\/ca\\\/rampes-3d-per-a-edificis-accessibles\\\/#primaryimage\",\"url\":\"https:\\\/\\\/www.fundacionmdp.org\\\/wp-content\\\/uploads\\\/2023\\\/05\\\/rampa_3d_fmdp.jpg\",\"contentUrl\":\"https:\\\/\\\/www.fundacionmdp.org\\\/wp-content\\\/uploads\\\/2023\\\/05\\\/rampa_3d_fmdp.jpg\",\"width\":1000,\"height\":529},{\"@type\":\"BreadcrumbList\",\"@id\":\"https:\\\/\\\/www.fundacionmdp.org\\\/ca\\\/rampes-3d-per-a-edificis-accessibles\\\/#breadcrumb\",\"itemListElement\":[{\"@type\":\"ListItem\",\"position\":1,\"name\":\"Home\",\"item\":\"https:\\\/\\\/www.fundacionmdp.org\\\/ca\\\/\"},{\"@type\":\"ListItem\",\"position\":2,\"name\":\"Rampes 3D per a edificis accessibles\"}]},{\"@type\":\"WebSite\",\"@id\":\"https:\\\/\\\/www.fundacionmdp.org\\\/#website\",\"url\":\"https:\\\/\\\/www.fundacionmdp.org\\\/\",\"name\":\"Fundaci\u00f3n Mutua de Propietarios\",\"description\":\"En la Fundaci\u00f3n Mutua de Propietarios te ayudamos a convertir tu edificio de viviendas en un espacio sin barreras arquitect\u00f3nicas.\",\"publisher\":{\"@id\":\"https:\\\/\\\/www.fundacionmdp.org\\\/#organization\"},\"potentialAction\":[{\"@type\":\"SearchAction\",\"target\":{\"@type\":\"EntryPoint\",\"urlTemplate\":\"https:\\\/\\\/www.fundacionmdp.org\\\/?s={search_term_string}\"},\"query-input\":{\"@type\":\"PropertyValueSpecification\",\"valueRequired\":true,\"valueName\":\"search_term_string\"}}],\"inLanguage\":\"ca\"},{\"@type\":\"Organization\",\"@id\":\"https:\\\/\\\/www.fundacionmdp.org\\\/#organization\",\"name\":\"Fundaci\u00f3n Mutua de Propietarios\",\"url\":\"https:\\\/\\\/www.fundacionmdp.org\\\/\",\"logo\":{\"@type\":\"ImageObject\",\"inLanguage\":\"ca\",\"@id\":\"https:\\\/\\\/www.fundacionmdp.org\\\/#\\\/schema\\\/logo\\\/image\\\/\",\"url\":\"https:\\\/\\\/www.fundacionmdp.org\\\/wp-content\\\/uploads\\\/2023\\\/05\\\/logo_FMdP_cat.png\",\"contentUrl\":\"https:\\\/\\\/www.fundacionmdp.org\\\/wp-content\\\/uploads\\\/2023\\\/05\\\/logo_FMdP_cat.png\",\"width\":655,\"height\":297,\"caption\":\"Fundaci\u00f3n Mutua de Propietarios\"},\"image\":{\"@id\":\"https:\\\/\\\/www.fundacionmdp.org\\\/#\\\/schema\\\/logo\\\/image\\\/\"}},{\"@type\":\"Person\",\"@id\":\"https:\\\/\\\/www.fundacionmdp.org\\\/#\\\/schema\\\/person\\\/12f9af801cac25dfcb5a96cb0090f703\",\"name\":\"fundacionmdp\",\"image\":{\"@type\":\"ImageObject\",\"inLanguage\":\"ca\",\"@id\":\"https:\\\/\\\/secure.gravatar.com\\\/avatar\\\/b540f93d1816a14d85e51109d050c3243b98fb660a665f517a6d2597cff3bbed?s=96&d=mm&r=g\",\"url\":\"https:\\\/\\\/secure.gravatar.com\\\/avatar\\\/b540f93d1816a14d85e51109d050c3243b98fb660a665f517a6d2597cff3bbed?s=96&d=mm&r=g\",\"contentUrl\":\"https:\\\/\\\/secure.gravatar.com\\\/avatar\\\/b540f93d1816a14d85e51109d050c3243b98fb660a665f517a6d2597cff3bbed?s=96&d=mm&r=g\",\"caption\":\"fundacionmdp\"},\"sameAs\":[\"http:\\\/\\\/prezuk.com.mialias.net\\\/fundacionmdp\"],\"url\":\"https:\\\/\\\/www.fundacionmdp.org\\\/ca\\\/author\\\/fundacionmdp\\\/\"}]}<\/script>\n<!-- \/ Yoast SEO plugin. -->","yoast_head_json":{"title":"Rampes 3D per a edificis accessibles - Fundaci\u00f3n Mutua de Propietarios","robots":{"index":"index","follow":"follow","max-snippet":"max-snippet:-1","max-image-preview":"max-image-preview:large","max-video-preview":"max-video-preview:-1"},"canonical":"https:\/\/www.fundacionmdp.org\/ca\/rampes-3d-per-a-edificis-accessibles\/","og_locale":"ca_ES","og_type":"article","og_title":"Rampes 3D per a edificis accessibles - Fundaci\u00f3n Mutua de Propietarios","og_description":"Com era d&#8217;esperar, la tecnologia ha arribat per a millorar l&#8217;accessibilitat dels edificis. Des de Fundaci\u00f3 Mutua de Propietarios s&#8217;ha presentat una soluci\u00f3 digital que inclou la tecnologia 3D i que t\u00e9 com a objectiu millorar tant l&#8217;accessibilitat dels edificis, com la instal\u00b7laci\u00f3 de rampes. Les comunitats de propietaris mai ho han tingut m\u00e9s f\u00e0cil [&hellip;]","og_url":"https:\/\/www.fundacionmdp.org\/ca\/rampes-3d-per-a-edificis-accessibles\/","og_site_name":"Fundaci\u00f3n Mutua de Propietarios","article_published_time":"2021-06-23T09:58:16+00:00","article_modified_time":"2023-05-15T09:58:55+00:00","og_image":[{"width":1000,"height":529,"url":"https:\/\/www.fundacionmdp.org\/wp-content\/uploads\/2023\/05\/rampa_3d_fmdp.jpg","type":"image\/jpeg"}],"author":"fundacionmdp","twitter_card":"summary_large_image","twitter_misc":{"Escrit per":"fundacionmdp","Temps estimat de lectura":"3 minuts"},"schema":{"@context":"https:\/\/schema.org","@graph":[{"@type":"Article","@id":"https:\/\/www.fundacionmdp.org\/ca\/rampes-3d-per-a-edificis-accessibles\/#article","isPartOf":{"@id":"https:\/\/www.fundacionmdp.org\/ca\/rampes-3d-per-a-edificis-accessibles\/"},"author":{"name":"fundacionmdp","@id":"https:\/\/www.fundacionmdp.org\/#\/schema\/person\/12f9af801cac25dfcb5a96cb0090f703"},"headline":"Rampes 3D per a edificis accessibles","datePublished":"2021-06-23T09:58:16+00:00","dateModified":"2023-05-15T09:58:55+00:00","mainEntityOfPage":{"@id":"https:\/\/www.fundacionmdp.org\/ca\/rampes-3d-per-a-edificis-accessibles\/"},"wordCount":712,"commentCount":0,"publisher":{"@id":"https:\/\/www.fundacionmdp.org\/#organization"},"image":{"@id":"https:\/\/www.fundacionmdp.org\/ca\/rampes-3d-per-a-edificis-accessibles\/#primaryimage"},"thumbnailUrl":"https:\/\/www.fundacionmdp.org\/wp-content\/uploads\/2023\/05\/rampa_3d_fmdp.jpg","articleSection":["Sin categorizar"],"inLanguage":"ca","potentialAction":[{"@type":"CommentAction","name":"Comment","target":["https:\/\/www.fundacionmdp.org\/ca\/rampes-3d-per-a-edificis-accessibles\/#respond"]}]},{"@type":"WebPage","@id":"https:\/\/www.fundacionmdp.org\/ca\/rampes-3d-per-a-edificis-accessibles\/","url":"https:\/\/www.fundacionmdp.org\/ca\/rampes-3d-per-a-edificis-accessibles\/","name":"Rampes 3D per a edificis accessibles - Fundaci\u00f3n Mutua de Propietarios","isPartOf":{"@id":"https:\/\/www.fundacionmdp.org\/#website"},"primaryImageOfPage":{"@id":"https:\/\/www.fundacionmdp.org\/ca\/rampes-3d-per-a-edificis-accessibles\/#primaryimage"},"image":{"@id":"https:\/\/www.fundacionmdp.org\/ca\/rampes-3d-per-a-edificis-accessibles\/#primaryimage"},"thumbnailUrl":"https:\/\/www.fundacionmdp.org\/wp-content\/uploads\/2023\/05\/rampa_3d_fmdp.jpg","datePublished":"2021-06-23T09:58:16+00:00","dateModified":"2023-05-15T09:58:55+00:00","breadcrumb":{"@id":"https:\/\/www.fundacionmdp.org\/ca\/rampes-3d-per-a-edificis-accessibles\/#breadcrumb"},"inLanguage":"ca","potentialAction":[{"@type":"ReadAction","target":["https:\/\/www.fundacionmdp.org\/ca\/rampes-3d-per-a-edificis-accessibles\/"]}]},{"@type":"ImageObject","inLanguage":"ca","@id":"https:\/\/www.fundacionmdp.org\/ca\/rampes-3d-per-a-edificis-accessibles\/#primaryimage","url":"https:\/\/www.fundacionmdp.org\/wp-content\/uploads\/2023\/05\/rampa_3d_fmdp.jpg","contentUrl":"https:\/\/www.fundacionmdp.org\/wp-content\/uploads\/2023\/05\/rampa_3d_fmdp.jpg","width":1000,"height":529},{"@type":"BreadcrumbList","@id":"https:\/\/www.fundacionmdp.org\/ca\/rampes-3d-per-a-edificis-accessibles\/#breadcrumb","itemListElement":[{"@type":"ListItem","position":1,"name":"Home","item":"https:\/\/www.fundacionmdp.org\/ca\/"},{"@type":"ListItem","position":2,"name":"Rampes 3D per a edificis accessibles"}]},{"@type":"WebSite","@id":"https:\/\/www.fundacionmdp.org\/#website","url":"https:\/\/www.fundacionmdp.org\/","name":"Fundaci\u00f3n Mutua de Propietarios","description":"En la Fundaci\u00f3n Mutua de Propietarios te ayudamos a convertir tu edificio de viviendas en un espacio sin barreras arquitect\u00f3nicas.","publisher":{"@id":"https:\/\/www.fundacionmdp.org\/#organization"},"potentialAction":[{"@type":"SearchAction","target":{"@type":"EntryPoint","urlTemplate":"https:\/\/www.fundacionmdp.org\/?s={search_term_string}"},"query-input":{"@type":"PropertyValueSpecification","valueRequired":true,"valueName":"search_term_string"}}],"inLanguage":"ca"},{"@type":"Organization","@id":"https:\/\/www.fundacionmdp.org\/#organization","name":"Fundaci\u00f3n Mutua de Propietarios","url":"https:\/\/www.fundacionmdp.org\/","logo":{"@type":"ImageObject","inLanguage":"ca","@id":"https:\/\/www.fundacionmdp.org\/#\/schema\/logo\/image\/","url":"https:\/\/www.fundacionmdp.org\/wp-content\/uploads\/2023\/05\/logo_FMdP_cat.png","contentUrl":"https:\/\/www.fundacionmdp.org\/wp-content\/uploads\/2023\/05\/logo_FMdP_cat.png","width":655,"height":297,"caption":"Fundaci\u00f3n Mutua de Propietarios"},"image":{"@id":"https:\/\/www.fundacionmdp.org\/#\/schema\/logo\/image\/"}},{"@type":"Person","@id":"https:\/\/www.fundacionmdp.org\/#\/schema\/person\/12f9af801cac25dfcb5a96cb0090f703","name":"fundacionmdp","image":{"@type":"ImageObject","inLanguage":"ca","@id":"https:\/\/secure.gravatar.com\/avatar\/b540f93d1816a14d85e51109d050c3243b98fb660a665f517a6d2597cff3bbed?s=96&d=mm&r=g","url":"https:\/\/secure.gravatar.com\/avatar\/b540f93d1816a14d85e51109d050c3243b98fb660a665f517a6d2597cff3bbed?s=96&d=mm&r=g","contentUrl":"https:\/\/secure.gravatar.com\/avatar\/b540f93d1816a14d85e51109d050c3243b98fb660a665f517a6d2597cff3bbed?s=96&d=mm&r=g","caption":"fundacionmdp"},"sameAs":["http:\/\/prezuk.com.mialias.net\/fundacionmdp"],"url":"https:\/\/www.fundacionmdp.org\/ca\/author\/fundacionmdp\/"}]}},"_links":{"self":[{"href":"https:\/\/www.fundacionmdp.org\/ca\/wp-json\/wp\/v2\/posts\/5568","targetHints":{"allow":["GET"]}}],"collection":[{"href":"https:\/\/www.fundacionmdp.org\/ca\/wp-json\/wp\/v2\/posts"}],"about":[{"href":"https:\/\/www.fundacionmdp.org\/ca\/wp-json\/wp\/v2\/types\/post"}],"author":[{"embeddable":true,"href":"https:\/\/www.fundacionmdp.org\/ca\/wp-json\/wp\/v2\/users\/1"}],"replies":[{"embeddable":true,"href":"https:\/\/www.fundacionmdp.org\/ca\/wp-json\/wp\/v2\/comments?post=5568"}],"version-history":[{"count":2,"href":"https:\/\/www.fundacionmdp.org\/ca\/wp-json\/wp\/v2\/posts\/5568\/revisions"}],"predecessor-version":[{"id":7117,"href":"https:\/\/www.fundacionmdp.org\/ca\/wp-json\/wp\/v2\/posts\/5568\/revisions\/7117"}],"wp:featuredmedia":[{"embeddable":true,"href":"https:\/\/www.fundacionmdp.org\/ca\/wp-json\/wp\/v2\/media\/7112"}],"wp:attachment":[{"href":"https:\/\/www.fundacionmdp.org\/ca\/wp-json\/wp\/v2\/media?parent=5568"}],"wp:term":[{"taxonomy":"category","embeddable":true,"href":"https:\/\/www.fundacionmdp.org\/ca\/wp-json\/wp\/v2\/categories?post=5568"},{"taxonomy":"post_tag","embeddable":true,"href":"https:\/\/www.fundacionmdp.org\/ca\/wp-json\/wp\/v2\/tags?post=5568"}],"curies":[{"name":"wp","href":"https:\/\/api.w.org\/{rel}","templated":true}]}}