{"id":5676,"date":"2025-01-28T14:43:00","date_gmt":"2025-01-28T12:43:00","guid":{"rendered":"https:\/\/www.fundacionmdp.org\/?p=5676"},"modified":"2025-01-28T16:56:15","modified_gmt":"2025-01-28T14:56:15","slug":"que-es-laccessibilitat-universal","status":"publish","type":"post","link":"https:\/\/www.fundacionmdp.org\/ca\/que-es-laccessibilitat-universal\/","title":{"rendered":"Qu\u00e8 \u00e9s l&#8217;accessibilitat universal?"},"content":{"rendered":"<p>El <strong>concepte d&#8217;accessibilitat<\/strong> ha anat evolucionant al llarg del temps. La complexitat del seu concepte ha fet que calgui <strong>incloure no nom\u00e9s els entorns, sin\u00f3 tamb\u00e9 edificacions, b\u00e9ns o serveis<\/strong>. Es defineix per la RAE com a &#8220;qualitat de ser de f\u00e0cil acc\u00e9s&#8221;. Tamb\u00e9 s&#8217;ent\u00e9n com la relaci\u00f3 amb les tres formes d&#8217;activitat humana: <strong>mobilitat, comunicaci\u00f3 i comprensi\u00f3<\/strong>, \u00e9s a dir, des de moure&#8217;s per l&#8217;entorn, a comunicar-se amb ell i les altres persones, i ser totalment compresos i entesos.<\/p>\n<p>Abans, el concepte d&#8217;accessibilitat feia refer\u00e8ncia a entorns f\u00edsics, \u00e9s a dir, a l&#8217;eliminaci\u00f3 de barreres d&#8217;arquitect\u00f2niques que dificulten l&#8217;acc\u00e9s a un lloc determinat. En l&#8217;actualitat, el terme de l&#8217;accessibilitat arriba fins a sectors com el dels videojocs e internet. Es tracta de <strong>garantir que totes les persones, tinguin les mateixes oportunitats. <\/strong>Per aquestes raons, fa alguns anys, va sorgir el <strong>concepte d&#8217;accessibilitat universal<\/strong>, per annexionar totes i cadascuna de les formes en qu\u00e8 \u00e9s possible entendre l&#8217;accessibilitat. Anem a veure qu\u00e8 s&#8217;ent\u00e9n per accessibilitat universal i qui la regula.<\/p>\n<h2>Qu\u00e8 significa accessibilitat universal?<\/h2>\n<p>Accessibilitat universal \u00e9s la caracter\u00edstica que han de complir els entorns i altres contextos, que garanteixi a totes les persones el seu acc\u00e9s, utilitzaci\u00f3, comprensi\u00f3 i gaudi de manera normalitzada, eficient, c\u00f2moda i segura. Accessibilitat \u00e9s un concepte contraposat a barreres. <strong>L&#8217;accessibilitat universal assegura que qualsevol entorn sigui accessible a tots els individus, <\/strong>independentment de si pateixen una discapacitat motriu i que puguin continuar utilitzant-los de forma aut\u00f2noma, segura, eficient i sense problemes d&#8217;accessibilitat.<\/p>\n<p>\u00c9s tan important en l&#8217;\u00e0mbit en qu\u00e8 ens trobem, que l<strong>&#8216;incompliment del principi d&#8217;accessibilitat <\/strong>i l&#8217;obligatorietat de realitzar els canvis necessaris perqu\u00e8 aix\u00ed sigui, s\u00f3n <strong>considerats per la llei com a sup\u00f2sits de violaci\u00f3 del dret d&#8217;igualtat d&#8217;oportunitats de les persones amb discapacitat.<\/strong><\/p>\n<h2>Qui s\u00f3n els usuaris de l&#8217;accessibilitat universal?<\/h2>\n<p>En aquest context, les <strong>persones amb diversitat funcional o mobilitat redu\u00efda<\/strong> posseeixen una s\u00e8rie de limitacions per a l&#8217;acc\u00e9s a certs est\u00e0ndards de la societat. Aquests est\u00e0ndards es converteixen en barreres que impedeixen que aquelles persones puguin fer una vida el m\u00e9s normal possible.<\/p>\n<p>Tanmateix, <strong>l&#8217;accessibilitat afavoreix d&#8217;una o altra forma tota la poblaci\u00f3<\/strong>, per\u00f2 com \u00e9s evident, hi ha grups de persones que es veuran m\u00e9s afavorits que d&#8217;altres.<\/p>\n<p>Les mesures per garantir <strong>l&#8217;accessibilitat universal tenen per objectiu aconseguir que totes les persones que es mouen en societat i interactuen entre elles i amb el medi, tinguin les mateixes oportunitats de fer-ho.<\/strong><\/p>\n<h3>Accessibilitat universal i usabilitat<\/h3>\n<p>Accessibilitat universal i usabilitat s\u00f3n <strong>dos conceptes que estan estretament relacionats. <\/strong>Qualificar que un element \u00e9s <strong>accessible<\/strong>, implica que \u00e9s funcional, que les persones poden<strong> utilitzar aquest producte de forma simple i c\u00f2moda, que \u00e9s pr\u00e0ctic del seu \u00fas i que aquest posseeix la qualitat suficient per satisfer les necessitats de qualsevol persona. <\/strong>La usabilitat \u00e9s una condici\u00f3 necess\u00e0ria per a l&#8217;accessibilitat i han d&#8217; anar de la m\u00e0.<\/p>\n<h2>Qui regula l&#8217;accessibilitat universal?<\/h2>\n<p>La regulaci\u00f3 sobre accessibilitat es cont\u00e9 en el <u>R<\/u><a href=\"https:\/\/www.boe.es\/boe\/dias\/2013\/12\/03\/pdfs\/BOE-A-2013-12632.pdf\">eal Decret Legislatiu 1\/2013, de 29 de novembre, pel qual s&#8217;aprova el Text Ref\u00f3s de la Llei General de drets de les persones amb discapacitat i de la seva inclusi\u00f3 social<\/a>, i en les normes que la desenvolupen, on es regulen les condicions b\u00e0siques d&#8217;accessibilitat en cadascun dels seus <strong>\u00e0mbits d&#8217;intervenci\u00f3: telecomunicacions i societat de la informaci\u00f3, espais p\u00fablics urbanitzats, infraestructures i edificaci\u00f3, transports, b\u00e9ns i serveis a disposici\u00f3 del p\u00fablic i relacions amb les administracions p\u00fabliques.<\/strong><\/p>\n<p>Per tant, l&#8217;accessibilitat t\u00e9 per objectiu trobar la manera de que totes les persones, independentment de les seves capacitats, puguin gaudir del medi que ens envolta, de la manera m\u00e9s senzilla i c\u00f2moda possible, sense cap mena d&#8217;impediment. <strong>Accessibilitat ha de ser sempre un sin\u00f2nim de qualitat i seguretat.<\/strong><\/p>\n<h2>Accessibilitat universal en edificis i habitatges<\/h2>\n<p>No podem parlar d&#8217;accessibilitat universal sense nombrar els edificis i les edificacions. <strong>Els edificis d&#8217;habitatges representen un dels focus m\u00e9s importants quan parlem d&#8217;accessibilitat.<\/strong> I \u00e9s que garantir l&#8217;accessibilitat de qualsevol propietari, aix\u00ed pateixi discapacitat o mobilitat redu\u00efda, \u00e9s molt <strong>important per a la qualitat de vida d&#8217;aquestes persones i la seva independ\u00e8ncia cap a activitats quotidianes. <\/strong><\/p>\n<p>Qualsevol persona amb mobilitat redu\u00efda o discapacitat, t\u00e9 la possibilitat i el dret de demanar a la comunitat de propietaris de l&#8217;edifici on resideixi, la realitzaci\u00f3 de les obres pertinents que garanteixin l&#8217;\u00fas i gaudi de totes les zones comunes, i millorin l&#8217;accessibilitat de l&#8217;edifici.<\/p>\n<p>Des del nostre <a href=\"https:\/\/www.fundacionmdp.org\/programa-de-ayudas-sin-barreras\/\">Programa d&#8217;Ajuts Sense Barreres<\/a>, a Fundaci\u00f3 M\u00fatua de Propietarios oferim ajudes econ\u00f2miques i\/o finan\u00e7ament per a la realitzaci\u00f3 d&#8217;obres que millorin l&#8217;accessibilitat de l&#8217;edifici a les comunitats de propietaris. Et convidem a con\u00e8ixer-les.<\/p>\n<h2>Com s&#8217;aconsegueix l&#8217;accessibilitat universal?<\/h2>\n<p>En la mesura que<strong> l&#8217;accessibilitat universal involucra diferents \u00e0rees de la vida de les persones,<\/strong> implementar les mesures necess\u00e0ries per garantir espais i din\u00e0miques universalment accessibles \u00e9s una<strong> tasca que correspon a tota la societat.<\/strong> Per dur a terme les modificacions pertinents \u00e9s imprescindible comptar amb professionals de <strong>diferents \u00e0mbits com arquitectes, enginyers, dissenyadors, legisladors, personal sanitari, educadors&#8230;<\/strong>Per suposat, tamb\u00e9 \u00e9s important la <strong>conscienciaci\u00f3 social i la participaci\u00f3 ciutadana activa <\/strong>per fer que les activitats quotidianes siguin les m\u00e9s inclusives possibles. A m\u00e9s a m\u00e9s de realitzar <strong>inspeccions peri\u00f2diques <\/strong>amb usuaris que vagin a emprar les modificacions per <strong>tenir en compte les seves necessitats, prefer\u00e8ncies i comentaris.<\/strong><\/p>\n<h3>Quines mesures es poden incloure?<\/h3>\n<p style=\"padding-left: 40px;\"><strong>1. Disseny universal<\/strong><\/p>\n<p style=\"padding-left: 40px;\">El disseny universal \u00e9s un principi fonamental de l&#8217;accessibilitat universal. Es tracta de <strong>crear entorns, espais i serveis que puguin ser utilitzats per totes les persones, sense necessitat d&#8217;adaptaci\u00f3 o disseny especialitzat.<\/strong> Es tracta de <strong>dissenyar des del principi pensant que els espais i habitatges siguin utilitzables per qualsevol persona <\/strong>independentment del seu nivell de mobilitat.<\/p>\n<p style=\"padding-left: 40px;\"><strong>2. Tecnologia adaptada<\/strong><\/p>\n<p style=\"padding-left: 40px;\">La tecnologia juga un paper crucial en la millora de l&#8217;accessibilitat, ja que no tota l&#8217;accessibilitat t\u00e9 a veure amb el moviment. Des de lectors de pantalla per a persones amb discapacitat visual fins a sistemes de control per veu per a aquells amb mobilitat redu\u00efda, <strong>avui la tecnologia ens permet superar barreres que abans semblaven infranquejables.<\/strong><\/p>\n<p style=\"padding-left: 40px;\"><strong>\u00a03. <\/strong><strong>Programes d&#8217;educaci\u00f3 i conscienciaci\u00f3 social<\/strong><\/p>\n<p style=\"padding-left: 40px;\">Un aspecte fonamental per aconseguir una societat veritablement inclusiva i accessible \u00e9s l<strong>&#8216;educaci\u00f3 i conscienciaci\u00f3 de la poblaci\u00f3.<\/strong> Aix\u00f2 implica fomentar l&#8217;empatia i l&#8217;entesa de les necessitats d&#8217;accessibilitat de diferents grups de persones i<strong> educar les persones des de la inf\u00e0ncia a fer que ning\u00fa se senti excl\u00f2s.<\/strong><\/p>\n<h2>Beneficis de l&#8217;accessibilitat universal<\/h2>\n<p>La implementaci\u00f3 de l&#8217;accessibilitat universal comporta <strong>nombrosos beneficis per a tota la societat en el seu conjunt. <\/strong>En primer lloc, assoleix una <strong>comunitat d&#8217;individus m\u00e9s cohesionada<\/strong> i permet que totes les persones participin de les activitats de manera plena amb independ\u00e8ncia de les seves necessitats particulars de moviment o adaptaci\u00f3 d&#8217;espais. En <strong>fomentar la independ\u00e8ncia de les persones, contribueix a millorar tant la qualitat de vida<\/strong> com l&#8217;esperan\u00e7a de vida de les persones amb discapacitat i mobilitat redu\u00efda, aix\u00ed com la seva <strong>autoestima i integraci\u00f3 social.<\/strong> Per exemple, pot <strong>permetre una inserci\u00f3 laboral m\u00e9s satisfact\u00f2ria o a la realitzaci\u00f3 d&#8217;activitats l\u00fadiques,<\/strong> socials, esportives&#8230;<\/p>\n<h2>Reptes per l&#8217;accessibilitat universal: un futur en el qual cal continuar treballant<\/h2>\n<p>Tot i que dia a dia s&#8217;aconsegueix augmentar el nivell d&#8217;accessibilitat universal i malgrat els nombrosos aven\u00e7os en aquesta mat\u00e8ria, continuen existint una s\u00e8rie de <strong>reptes i desafiaments en el cam\u00ed d&#8217;aconseguir una accessibilitat plena. <\/strong>Des de problemes econ\u00f2mics i de pressupost fins a la bretxa digital de la gent gran, l&#8217;accessibilitat universal suposa una s\u00e8rie de desafiaments que<strong> necessiten d&#8217;innovaci\u00f3 i comprom\u00eds constant. <\/strong>La implementaci\u00f3 d&#8217;aquestes mesures no nom\u00e9s beneficia les persones amb discapacitat, sin\u00f3 que millora la qualitat de vida de tota la poblaci\u00f3.<\/p>\n<p>Per aix\u00f2, \u00e9s important <strong>no perdre de vista aquest objectiu i continuar treballant per acostar-nos a un futur millor com a societat, <\/strong>m\u00e9s inclusiu i integrador.<\/p>\n","protected":false},"excerpt":{"rendered":"<p>El concepte d&#8217;accessibilitat ha anat evolucionant al llarg del temps. La complexitat del seu concepte ha fet que calgui incloure no nom\u00e9s els entorns, sin\u00f3 tamb\u00e9 edificacions, b\u00e9ns o serveis. Es defineix per la RAE com a &#8220;qualitat de ser de f\u00e0cil acc\u00e9s&#8221;. Tamb\u00e9 s&#8217;ent\u00e9n com la relaci\u00f3 amb les tres formes d&#8217;activitat humana: mobilitat, [&hellip;]<\/p>\n","protected":false},"author":1,"featured_media":10878,"comment_status":"open","ping_status":"open","sticky":false,"template":"","format":"standard","meta":{"_acf_changed":false,"ocean_post_layout":"","ocean_both_sidebars_style":"","ocean_both_sidebars_content_width":0,"ocean_both_sidebars_sidebars_width":0,"ocean_sidebar":"0","ocean_second_sidebar":"0","ocean_disable_margins":"enable","ocean_add_body_class":"","ocean_shortcode_before_top_bar":"","ocean_shortcode_after_top_bar":"","ocean_shortcode_before_header":"","ocean_shortcode_after_header":"","ocean_has_shortcode":"","ocean_shortcode_after_title":"","ocean_shortcode_before_footer_widgets":"","ocean_shortcode_after_footer_widgets":"","ocean_shortcode_before_footer_bottom":"","ocean_shortcode_after_footer_bottom":"","ocean_display_top_bar":"default","ocean_display_header":"default","ocean_header_style":"","ocean_center_header_left_menu":"0","ocean_custom_header_template":"0","ocean_custom_logo":0,"ocean_custom_retina_logo":0,"ocean_custom_logo_max_width":0,"ocean_custom_logo_tablet_max_width":0,"ocean_custom_logo_mobile_max_width":0,"ocean_custom_logo_max_height":0,"ocean_custom_logo_tablet_max_height":0,"ocean_custom_logo_mobile_max_height":0,"ocean_header_custom_menu":"0","ocean_menu_typo_font_family":"0","ocean_menu_typo_font_subset":"","ocean_menu_typo_font_size":0,"ocean_menu_typo_font_size_tablet":0,"ocean_menu_typo_font_size_mobile":0,"ocean_menu_typo_font_size_unit":"px","ocean_menu_typo_font_weight":"","ocean_menu_typo_font_weight_tablet":"","ocean_menu_typo_font_weight_mobile":"","ocean_menu_typo_transform":"","ocean_menu_typo_transform_tablet":"","ocean_menu_typo_transform_mobile":"","ocean_menu_typo_line_height":0,"ocean_menu_typo_line_height_tablet":0,"ocean_menu_typo_line_height_mobile":0,"ocean_menu_typo_line_height_unit":"","ocean_menu_typo_spacing":0,"ocean_menu_typo_spacing_tablet":0,"ocean_menu_typo_spacing_mobile":0,"ocean_menu_typo_spacing_unit":"","ocean_menu_link_color":"","ocean_menu_link_color_hover":"","ocean_menu_link_color_active":"","ocean_menu_link_background":"","ocean_menu_link_hover_background":"","ocean_menu_link_active_background":"","ocean_menu_social_links_bg":"","ocean_menu_social_hover_links_bg":"","ocean_menu_social_links_color":"","ocean_menu_social_hover_links_color":"","ocean_disable_title":"default","ocean_disable_heading":"default","ocean_post_title":"","ocean_post_subheading":"","ocean_post_title_style":"","ocean_post_title_background_color":"","ocean_post_title_background":0,"ocean_post_title_bg_image_position":"","ocean_post_title_bg_image_attachment":"","ocean_post_title_bg_image_repeat":"","ocean_post_title_bg_image_size":"","ocean_post_title_height":0,"ocean_post_title_bg_overlay":0.5,"ocean_post_title_bg_overlay_color":"","ocean_disable_breadcrumbs":"default","ocean_breadcrumbs_color":"","ocean_breadcrumbs_separator_color":"","ocean_breadcrumbs_links_color":"","ocean_breadcrumbs_links_hover_color":"","ocean_display_footer_widgets":"default","ocean_display_footer_bottom":"default","ocean_custom_footer_template":"0","ocean_post_oembed":"","ocean_post_self_hosted_media":"","ocean_post_video_embed":"","ocean_link_format":"","ocean_link_format_target":"self","ocean_quote_format":"","ocean_quote_format_link":"post","ocean_gallery_link_images":"off","ocean_gallery_id":[],"footnotes":""},"categories":[1],"tags":[],"class_list":["post-5676","post","type-post","status-publish","format-standard","has-post-thumbnail","hentry","category-sin-categorizar","entry","has-media"],"acf":[],"yoast_head":"<!-- This site is optimized with the Yoast SEO plugin v27.3 - https:\/\/yoast.com\/product\/yoast-seo-wordpress\/ -->\n<title>Qu\u00e8 \u00e9s l&#039;accessibilitat universal? - Fundaci\u00f3n Mutua de Propietarios<\/title>\n<meta name=\"robots\" content=\"index, follow, max-snippet:-1, max-image-preview:large, max-video-preview:-1\" \/>\n<link rel=\"canonical\" href=\"https:\/\/www.fundacionmdp.org\/ca\/que-es-laccessibilitat-universal\/\" \/>\n<meta property=\"og:locale\" content=\"ca_ES\" \/>\n<meta property=\"og:type\" content=\"article\" \/>\n<meta property=\"og:title\" content=\"Qu\u00e8 \u00e9s l&#039;accessibilitat universal? - Fundaci\u00f3n Mutua de Propietarios\" \/>\n<meta property=\"og:description\" content=\"El concepte d&#8217;accessibilitat ha anat evolucionant al llarg del temps. La complexitat del seu concepte ha fet que calgui incloure no nom\u00e9s els entorns, sin\u00f3 tamb\u00e9 edificacions, b\u00e9ns o serveis. Es defineix per la RAE com a &#8220;qualitat de ser de f\u00e0cil acc\u00e9s&#8221;. Tamb\u00e9 s&#8217;ent\u00e9n com la relaci\u00f3 amb les tres formes d&#8217;activitat humana: mobilitat, [&hellip;]\" \/>\n<meta property=\"og:url\" content=\"https:\/\/www.fundacionmdp.org\/ca\/que-es-laccessibilitat-universal\/\" \/>\n<meta property=\"og:site_name\" content=\"Fundaci\u00f3n Mutua de Propietarios\" \/>\n<meta property=\"article:published_time\" content=\"2025-01-28T12:43:00+00:00\" \/>\n<meta property=\"article:modified_time\" content=\"2025-01-28T14:56:15+00:00\" \/>\n<meta property=\"og:image\" content=\"https:\/\/www.fundacionmdp.org\/wp-content\/uploads\/2021\/10\/\u00bfQue-es-la-accesibilidad-universal.jpg\" \/>\n\t<meta property=\"og:image:width\" content=\"1000\" \/>\n\t<meta property=\"og:image:height\" content=\"667\" \/>\n\t<meta property=\"og:image:type\" content=\"image\/jpeg\" \/>\n<meta name=\"author\" content=\"fundacionmdp\" \/>\n<meta name=\"twitter:card\" content=\"summary_large_image\" \/>\n<meta name=\"twitter:label1\" content=\"Escrit per\" \/>\n\t<meta name=\"twitter:data1\" content=\"fundacionmdp\" \/>\n\t<meta name=\"twitter:label2\" content=\"Temps estimat de lectura\" \/>\n\t<meta name=\"twitter:data2\" content=\"7 minuts\" \/>\n<script type=\"application\/ld+json\" class=\"yoast-schema-graph\">{\"@context\":\"https:\\\/\\\/schema.org\",\"@graph\":[{\"@type\":\"Article\",\"@id\":\"https:\\\/\\\/www.fundacionmdp.org\\\/ca\\\/que-es-laccessibilitat-universal\\\/#article\",\"isPartOf\":{\"@id\":\"https:\\\/\\\/www.fundacionmdp.org\\\/ca\\\/que-es-laccessibilitat-universal\\\/\"},\"author\":{\"name\":\"fundacionmdp\",\"@id\":\"https:\\\/\\\/www.fundacionmdp.org\\\/#\\\/schema\\\/person\\\/12f9af801cac25dfcb5a96cb0090f703\"},\"headline\":\"Qu\u00e8 \u00e9s l&#8217;accessibilitat universal?\",\"datePublished\":\"2025-01-28T12:43:00+00:00\",\"dateModified\":\"2025-01-28T14:56:15+00:00\",\"mainEntityOfPage\":{\"@id\":\"https:\\\/\\\/www.fundacionmdp.org\\\/ca\\\/que-es-laccessibilitat-universal\\\/\"},\"wordCount\":1423,\"commentCount\":0,\"publisher\":{\"@id\":\"https:\\\/\\\/www.fundacionmdp.org\\\/#organization\"},\"image\":{\"@id\":\"https:\\\/\\\/www.fundacionmdp.org\\\/ca\\\/que-es-laccessibilitat-universal\\\/#primaryimage\"},\"thumbnailUrl\":\"https:\\\/\\\/www.fundacionmdp.org\\\/wp-content\\\/uploads\\\/2021\\\/10\\\/\u00bfQue-es-la-accesibilidad-universal.jpg\",\"articleSection\":[\"Sin categorizar\"],\"inLanguage\":\"ca\",\"potentialAction\":[{\"@type\":\"CommentAction\",\"name\":\"Comment\",\"target\":[\"https:\\\/\\\/www.fundacionmdp.org\\\/ca\\\/que-es-laccessibilitat-universal\\\/#respond\"]}]},{\"@type\":\"WebPage\",\"@id\":\"https:\\\/\\\/www.fundacionmdp.org\\\/ca\\\/que-es-laccessibilitat-universal\\\/\",\"url\":\"https:\\\/\\\/www.fundacionmdp.org\\\/ca\\\/que-es-laccessibilitat-universal\\\/\",\"name\":\"Qu\u00e8 \u00e9s l'accessibilitat universal? - Fundaci\u00f3n Mutua de Propietarios\",\"isPartOf\":{\"@id\":\"https:\\\/\\\/www.fundacionmdp.org\\\/#website\"},\"primaryImageOfPage\":{\"@id\":\"https:\\\/\\\/www.fundacionmdp.org\\\/ca\\\/que-es-laccessibilitat-universal\\\/#primaryimage\"},\"image\":{\"@id\":\"https:\\\/\\\/www.fundacionmdp.org\\\/ca\\\/que-es-laccessibilitat-universal\\\/#primaryimage\"},\"thumbnailUrl\":\"https:\\\/\\\/www.fundacionmdp.org\\\/wp-content\\\/uploads\\\/2021\\\/10\\\/\u00bfQue-es-la-accesibilidad-universal.jpg\",\"datePublished\":\"2025-01-28T12:43:00+00:00\",\"dateModified\":\"2025-01-28T14:56:15+00:00\",\"breadcrumb\":{\"@id\":\"https:\\\/\\\/www.fundacionmdp.org\\\/ca\\\/que-es-laccessibilitat-universal\\\/#breadcrumb\"},\"inLanguage\":\"ca\",\"potentialAction\":[{\"@type\":\"ReadAction\",\"target\":[\"https:\\\/\\\/www.fundacionmdp.org\\\/ca\\\/que-es-laccessibilitat-universal\\\/\"]}]},{\"@type\":\"ImageObject\",\"inLanguage\":\"ca\",\"@id\":\"https:\\\/\\\/www.fundacionmdp.org\\\/ca\\\/que-es-laccessibilitat-universal\\\/#primaryimage\",\"url\":\"https:\\\/\\\/www.fundacionmdp.org\\\/wp-content\\\/uploads\\\/2021\\\/10\\\/\u00bfQue-es-la-accesibilidad-universal.jpg\",\"contentUrl\":\"https:\\\/\\\/www.fundacionmdp.org\\\/wp-content\\\/uploads\\\/2021\\\/10\\\/\u00bfQue-es-la-accesibilidad-universal.jpg\",\"width\":1000,\"height\":667},{\"@type\":\"BreadcrumbList\",\"@id\":\"https:\\\/\\\/www.fundacionmdp.org\\\/ca\\\/que-es-laccessibilitat-universal\\\/#breadcrumb\",\"itemListElement\":[{\"@type\":\"ListItem\",\"position\":1,\"name\":\"Home\",\"item\":\"https:\\\/\\\/www.fundacionmdp.org\\\/ca\\\/\"},{\"@type\":\"ListItem\",\"position\":2,\"name\":\"Qu\u00e8 \u00e9s l&#8217;accessibilitat universal?\"}]},{\"@type\":\"WebSite\",\"@id\":\"https:\\\/\\\/www.fundacionmdp.org\\\/#website\",\"url\":\"https:\\\/\\\/www.fundacionmdp.org\\\/\",\"name\":\"Fundaci\u00f3n Mutua de Propietarios\",\"description\":\"En la Fundaci\u00f3n Mutua de Propietarios te ayudamos a convertir tu edificio de viviendas en un espacio sin barreras arquitect\u00f3nicas.\",\"publisher\":{\"@id\":\"https:\\\/\\\/www.fundacionmdp.org\\\/#organization\"},\"potentialAction\":[{\"@type\":\"SearchAction\",\"target\":{\"@type\":\"EntryPoint\",\"urlTemplate\":\"https:\\\/\\\/www.fundacionmdp.org\\\/?s={search_term_string}\"},\"query-input\":{\"@type\":\"PropertyValueSpecification\",\"valueRequired\":true,\"valueName\":\"search_term_string\"}}],\"inLanguage\":\"ca\"},{\"@type\":\"Organization\",\"@id\":\"https:\\\/\\\/www.fundacionmdp.org\\\/#organization\",\"name\":\"Fundaci\u00f3n Mutua de Propietarios\",\"url\":\"https:\\\/\\\/www.fundacionmdp.org\\\/\",\"logo\":{\"@type\":\"ImageObject\",\"inLanguage\":\"ca\",\"@id\":\"https:\\\/\\\/www.fundacionmdp.org\\\/#\\\/schema\\\/logo\\\/image\\\/\",\"url\":\"https:\\\/\\\/www.fundacionmdp.org\\\/wp-content\\\/uploads\\\/2023\\\/05\\\/logo_FMdP_cat.png\",\"contentUrl\":\"https:\\\/\\\/www.fundacionmdp.org\\\/wp-content\\\/uploads\\\/2023\\\/05\\\/logo_FMdP_cat.png\",\"width\":655,\"height\":297,\"caption\":\"Fundaci\u00f3n Mutua de Propietarios\"},\"image\":{\"@id\":\"https:\\\/\\\/www.fundacionmdp.org\\\/#\\\/schema\\\/logo\\\/image\\\/\"}},{\"@type\":\"Person\",\"@id\":\"https:\\\/\\\/www.fundacionmdp.org\\\/#\\\/schema\\\/person\\\/12f9af801cac25dfcb5a96cb0090f703\",\"name\":\"fundacionmdp\",\"image\":{\"@type\":\"ImageObject\",\"inLanguage\":\"ca\",\"@id\":\"https:\\\/\\\/secure.gravatar.com\\\/avatar\\\/b540f93d1816a14d85e51109d050c3243b98fb660a665f517a6d2597cff3bbed?s=96&d=mm&r=g\",\"url\":\"https:\\\/\\\/secure.gravatar.com\\\/avatar\\\/b540f93d1816a14d85e51109d050c3243b98fb660a665f517a6d2597cff3bbed?s=96&d=mm&r=g\",\"contentUrl\":\"https:\\\/\\\/secure.gravatar.com\\\/avatar\\\/b540f93d1816a14d85e51109d050c3243b98fb660a665f517a6d2597cff3bbed?s=96&d=mm&r=g\",\"caption\":\"fundacionmdp\"},\"sameAs\":[\"http:\\\/\\\/prezuk.com.mialias.net\\\/fundacionmdp\"],\"url\":\"https:\\\/\\\/www.fundacionmdp.org\\\/ca\\\/author\\\/fundacionmdp\\\/\"}]}<\/script>\n<!-- \/ Yoast SEO plugin. -->","yoast_head_json":{"title":"Qu\u00e8 \u00e9s l'accessibilitat universal? - Fundaci\u00f3n Mutua de Propietarios","robots":{"index":"index","follow":"follow","max-snippet":"max-snippet:-1","max-image-preview":"max-image-preview:large","max-video-preview":"max-video-preview:-1"},"canonical":"https:\/\/www.fundacionmdp.org\/ca\/que-es-laccessibilitat-universal\/","og_locale":"ca_ES","og_type":"article","og_title":"Qu\u00e8 \u00e9s l'accessibilitat universal? - Fundaci\u00f3n Mutua de Propietarios","og_description":"El concepte d&#8217;accessibilitat ha anat evolucionant al llarg del temps. La complexitat del seu concepte ha fet que calgui incloure no nom\u00e9s els entorns, sin\u00f3 tamb\u00e9 edificacions, b\u00e9ns o serveis. Es defineix per la RAE com a &#8220;qualitat de ser de f\u00e0cil acc\u00e9s&#8221;. Tamb\u00e9 s&#8217;ent\u00e9n com la relaci\u00f3 amb les tres formes d&#8217;activitat humana: mobilitat, [&hellip;]","og_url":"https:\/\/www.fundacionmdp.org\/ca\/que-es-laccessibilitat-universal\/","og_site_name":"Fundaci\u00f3n Mutua de Propietarios","article_published_time":"2025-01-28T12:43:00+00:00","article_modified_time":"2025-01-28T14:56:15+00:00","og_image":[{"width":1000,"height":667,"url":"https:\/\/www.fundacionmdp.org\/wp-content\/uploads\/2021\/10\/\u00bfQue-es-la-accesibilidad-universal.jpg","type":"image\/jpeg"}],"author":"fundacionmdp","twitter_card":"summary_large_image","twitter_misc":{"Escrit per":"fundacionmdp","Temps estimat de lectura":"7 minuts"},"schema":{"@context":"https:\/\/schema.org","@graph":[{"@type":"Article","@id":"https:\/\/www.fundacionmdp.org\/ca\/que-es-laccessibilitat-universal\/#article","isPartOf":{"@id":"https:\/\/www.fundacionmdp.org\/ca\/que-es-laccessibilitat-universal\/"},"author":{"name":"fundacionmdp","@id":"https:\/\/www.fundacionmdp.org\/#\/schema\/person\/12f9af801cac25dfcb5a96cb0090f703"},"headline":"Qu\u00e8 \u00e9s l&#8217;accessibilitat universal?","datePublished":"2025-01-28T12:43:00+00:00","dateModified":"2025-01-28T14:56:15+00:00","mainEntityOfPage":{"@id":"https:\/\/www.fundacionmdp.org\/ca\/que-es-laccessibilitat-universal\/"},"wordCount":1423,"commentCount":0,"publisher":{"@id":"https:\/\/www.fundacionmdp.org\/#organization"},"image":{"@id":"https:\/\/www.fundacionmdp.org\/ca\/que-es-laccessibilitat-universal\/#primaryimage"},"thumbnailUrl":"https:\/\/www.fundacionmdp.org\/wp-content\/uploads\/2021\/10\/\u00bfQue-es-la-accesibilidad-universal.jpg","articleSection":["Sin categorizar"],"inLanguage":"ca","potentialAction":[{"@type":"CommentAction","name":"Comment","target":["https:\/\/www.fundacionmdp.org\/ca\/que-es-laccessibilitat-universal\/#respond"]}]},{"@type":"WebPage","@id":"https:\/\/www.fundacionmdp.org\/ca\/que-es-laccessibilitat-universal\/","url":"https:\/\/www.fundacionmdp.org\/ca\/que-es-laccessibilitat-universal\/","name":"Qu\u00e8 \u00e9s l'accessibilitat universal? - Fundaci\u00f3n Mutua de Propietarios","isPartOf":{"@id":"https:\/\/www.fundacionmdp.org\/#website"},"primaryImageOfPage":{"@id":"https:\/\/www.fundacionmdp.org\/ca\/que-es-laccessibilitat-universal\/#primaryimage"},"image":{"@id":"https:\/\/www.fundacionmdp.org\/ca\/que-es-laccessibilitat-universal\/#primaryimage"},"thumbnailUrl":"https:\/\/www.fundacionmdp.org\/wp-content\/uploads\/2021\/10\/\u00bfQue-es-la-accesibilidad-universal.jpg","datePublished":"2025-01-28T12:43:00+00:00","dateModified":"2025-01-28T14:56:15+00:00","breadcrumb":{"@id":"https:\/\/www.fundacionmdp.org\/ca\/que-es-laccessibilitat-universal\/#breadcrumb"},"inLanguage":"ca","potentialAction":[{"@type":"ReadAction","target":["https:\/\/www.fundacionmdp.org\/ca\/que-es-laccessibilitat-universal\/"]}]},{"@type":"ImageObject","inLanguage":"ca","@id":"https:\/\/www.fundacionmdp.org\/ca\/que-es-laccessibilitat-universal\/#primaryimage","url":"https:\/\/www.fundacionmdp.org\/wp-content\/uploads\/2021\/10\/\u00bfQue-es-la-accesibilidad-universal.jpg","contentUrl":"https:\/\/www.fundacionmdp.org\/wp-content\/uploads\/2021\/10\/\u00bfQue-es-la-accesibilidad-universal.jpg","width":1000,"height":667},{"@type":"BreadcrumbList","@id":"https:\/\/www.fundacionmdp.org\/ca\/que-es-laccessibilitat-universal\/#breadcrumb","itemListElement":[{"@type":"ListItem","position":1,"name":"Home","item":"https:\/\/www.fundacionmdp.org\/ca\/"},{"@type":"ListItem","position":2,"name":"Qu\u00e8 \u00e9s l&#8217;accessibilitat universal?"}]},{"@type":"WebSite","@id":"https:\/\/www.fundacionmdp.org\/#website","url":"https:\/\/www.fundacionmdp.org\/","name":"Fundaci\u00f3n Mutua de Propietarios","description":"En la Fundaci\u00f3n Mutua de Propietarios te ayudamos a convertir tu edificio de viviendas en un espacio sin barreras arquitect\u00f3nicas.","publisher":{"@id":"https:\/\/www.fundacionmdp.org\/#organization"},"potentialAction":[{"@type":"SearchAction","target":{"@type":"EntryPoint","urlTemplate":"https:\/\/www.fundacionmdp.org\/?s={search_term_string}"},"query-input":{"@type":"PropertyValueSpecification","valueRequired":true,"valueName":"search_term_string"}}],"inLanguage":"ca"},{"@type":"Organization","@id":"https:\/\/www.fundacionmdp.org\/#organization","name":"Fundaci\u00f3n Mutua de Propietarios","url":"https:\/\/www.fundacionmdp.org\/","logo":{"@type":"ImageObject","inLanguage":"ca","@id":"https:\/\/www.fundacionmdp.org\/#\/schema\/logo\/image\/","url":"https:\/\/www.fundacionmdp.org\/wp-content\/uploads\/2023\/05\/logo_FMdP_cat.png","contentUrl":"https:\/\/www.fundacionmdp.org\/wp-content\/uploads\/2023\/05\/logo_FMdP_cat.png","width":655,"height":297,"caption":"Fundaci\u00f3n Mutua de Propietarios"},"image":{"@id":"https:\/\/www.fundacionmdp.org\/#\/schema\/logo\/image\/"}},{"@type":"Person","@id":"https:\/\/www.fundacionmdp.org\/#\/schema\/person\/12f9af801cac25dfcb5a96cb0090f703","name":"fundacionmdp","image":{"@type":"ImageObject","inLanguage":"ca","@id":"https:\/\/secure.gravatar.com\/avatar\/b540f93d1816a14d85e51109d050c3243b98fb660a665f517a6d2597cff3bbed?s=96&d=mm&r=g","url":"https:\/\/secure.gravatar.com\/avatar\/b540f93d1816a14d85e51109d050c3243b98fb660a665f517a6d2597cff3bbed?s=96&d=mm&r=g","contentUrl":"https:\/\/secure.gravatar.com\/avatar\/b540f93d1816a14d85e51109d050c3243b98fb660a665f517a6d2597cff3bbed?s=96&d=mm&r=g","caption":"fundacionmdp"},"sameAs":["http:\/\/prezuk.com.mialias.net\/fundacionmdp"],"url":"https:\/\/www.fundacionmdp.org\/ca\/author\/fundacionmdp\/"}]}},"_links":{"self":[{"href":"https:\/\/www.fundacionmdp.org\/ca\/wp-json\/wp\/v2\/posts\/5676","targetHints":{"allow":["GET"]}}],"collection":[{"href":"https:\/\/www.fundacionmdp.org\/ca\/wp-json\/wp\/v2\/posts"}],"about":[{"href":"https:\/\/www.fundacionmdp.org\/ca\/wp-json\/wp\/v2\/types\/post"}],"author":[{"embeddable":true,"href":"https:\/\/www.fundacionmdp.org\/ca\/wp-json\/wp\/v2\/users\/1"}],"replies":[{"embeddable":true,"href":"https:\/\/www.fundacionmdp.org\/ca\/wp-json\/wp\/v2\/comments?post=5676"}],"version-history":[{"count":3,"href":"https:\/\/www.fundacionmdp.org\/ca\/wp-json\/wp\/v2\/posts\/5676\/revisions"}],"predecessor-version":[{"id":10880,"href":"https:\/\/www.fundacionmdp.org\/ca\/wp-json\/wp\/v2\/posts\/5676\/revisions\/10880"}],"wp:featuredmedia":[{"embeddable":true,"href":"https:\/\/www.fundacionmdp.org\/ca\/wp-json\/wp\/v2\/media\/10878"}],"wp:attachment":[{"href":"https:\/\/www.fundacionmdp.org\/ca\/wp-json\/wp\/v2\/media?parent=5676"}],"wp:term":[{"taxonomy":"category","embeddable":true,"href":"https:\/\/www.fundacionmdp.org\/ca\/wp-json\/wp\/v2\/categories?post=5676"},{"taxonomy":"post_tag","embeddable":true,"href":"https:\/\/www.fundacionmdp.org\/ca\/wp-json\/wp\/v2\/tags?post=5676"}],"curies":[{"name":"wp","href":"https:\/\/api.w.org\/{rel}","templated":true}]}}