{"id":6028,"date":"2022-04-25T10:13:34","date_gmt":"2022-04-25T09:13:34","guid":{"rendered":"https:\/\/www.fundacionmdp.org\/?p=6028"},"modified":"2023-05-15T10:15:14","modified_gmt":"2023-05-15T10:15:14","slug":"subvencions-per-a-instal%c2%b7lar-un-ascensor-en-una-comunitat-de-propietaris-2022","status":"publish","type":"post","link":"https:\/\/www.fundacionmdp.org\/ca\/subvencions-per-a-instal%c2%b7lar-un-ascensor-en-una-comunitat-de-propietaris-2022\/","title":{"rendered":"Subvencions per a instal\u00b7lar un ascensor en una comunitat de propietaris (2022)"},"content":{"rendered":"<p>Avui dia els ascensors s\u00f3n uns dels factors m\u00e9s importants a tenir en compte a l&#8217;hora que un edifici sigui accessible, c\u00f2mode i modern. Un ascensor no sols fa que l&#8217;edifici tingui m\u00e9s accessibilitat i confort, sin\u00f3 que en l&#8217;actualitat que un habitatge disposi d&#8217;ascensor pot augmentar el preu de venda de la propietat fins a un 40% el metre quadrat.<\/p>\n<p>La disponibilitat d&#8217;ascensor en una comunitat de propietaris \u00e9s una de les principals demandes quant a accessibilitat en edificis i habitatges. Segons el nostre estudi L&#8217;accessibilitat en els habitatges d&#8217;Espanya , el 22% dels edificis d&#8217;habitatge no disposen d&#8217;ascensor, en les edificacions constru\u00efdes abans del 1965 aquesta xifra ronda el 45% i per aquest motiu, fins a un 22% de les persones amb mobilitat redu\u00efda han hagut de canviar d&#8217;habitatge.<\/p>\n<p>La instal\u00b7laci\u00f3 d&#8217;ascensors en edificis s\u00f3n intervencions que requereixen en la majoria dels casos una dotaci\u00f3 econ\u00f2mica elevada, \u00e9s per aix\u00f2 que <strong>des de la Fundaci\u00f3 Mutua de Propietarios, amb el Programa Sense Barreres de convocat\u00f2ria d&#8217;ajudes econ\u00f2miques<\/strong>, subvencionem actuacions que millorin l&#8217;accessibilitat d&#8217;edificis d&#8217;habitatges per a comunitats de propietaris, com s\u00f3n les subvencions per a instal\u00b7lar un ascensor.<\/p>\n<h2>&nbsp;<\/h2>\n<h2>La import\u00e0ncia de tenir un ascensor accessible en el teu edifici<\/h2>\n<p><img fetchpriority=\"high\" decoding=\"async\" class=\" wp-image-6026 alignleft\" src=\"http:\/\/prezuk.com.mialias.net\/fundacionmdp\/wp-content\/uploads\/2023\/05\/russ-ward-inmwDB0800-unsplash-scaled.jpg\" alt=\"\" width=\"306\" height=\"203\">L&#8217;accessibilitat \u00e9s un dret que tard o d&#8217;hora ens afecta directament la majoria de nosaltres. \u00c9s molt important ser conscients de la seva import\u00e0ncia a l&#8217;hora de prendre unes certes decisions, i si ho apliquem als edificis, volem que aquests siguin el m\u00e9s accessibles possibles. \u00c9s per aix\u00f2 que l&#8217;ideal \u00e9s adaptar els diferents elements que es troben en el seu interior perqu\u00e8 totes les persones, al marge de les seves condicions, puguin fer \u00fas d&#8217;ell de manera aut\u00f2noma i independent. I part d&#8217;aix\u00f2 s&#8217;aconsegueix amb la instal\u00b7laci\u00f3 d&#8217;un ascensor.<\/p>\n<p>En general, la instal\u00b7laci\u00f3 d&#8217;un ascensor en un edifici \u00e9s una millora que sempre cotitzar\u00e0 a l&#8217;al\u00e7a, ja que far\u00e0 que l&#8217;edifici sigui m\u00e9s accessible i per tant m\u00e9s c\u00f2mode per a qualsevol persona, no solament per a aquelles persones amb problemes de mobilitat<\/p>\n<p>Els avantatges que ofereixen els edificis que disposen d&#8217;ascensors, les podr\u00edem resumir en:<\/p>\n<h3>Accessibilitat<\/h3>\n<p>Una cosa molt important a tenir en compte per a les persones amb mobilitat redu\u00efda i\/o les persones majors.<\/p>\n<h3>Qualitat de vida<\/h3>\n<p>Pot\u00e8ncia la qualitat de vida de totes les persones que resideixen en l&#8217;immoble.<\/p>\n<h3>Seguretat<\/h3>\n<p>Augmenta la seguretat dels ve\u00efns en evitar pujar un carro de beb\u00e8 o la compra del supermercat per les escales.<\/p>\n<h3>Velocitat<\/h3>\n<p>Agilita el tr\u00e0nsit tant de les persones que viuen en aquesta propietat com dels visitants que rebem.<\/p>\n<h2>Ajudes del Programa Sense Barreres de la Fundaci\u00f3 M\u00fatua de Propietaris<\/h2>\n<p>En l&#8217;actualitat existeixen diferents ajudes econ\u00f2miques o subvencions que tenen com a finalitat millorar l&#8217;efici\u00e8ncia energ\u00e8tica, la sostenibilitat i incrementar la seguretat i accessibilitat d&#8217;edificis i habitatges.<\/p>\n<p><strong>Des de la Fundaci\u00f3 Mutua de Propietarios, volem ajudar-te a convertir el teu edifici d&#8217;habitatges o comunitat de propietaris en un espai m\u00e9s accessible, sense barreres arquitect\u00f2niques que limitin o dificultin la mobilitat<\/strong>, i per aix\u00f2, en el marc del nostre Programa Sense Barreres, hem obert la Convocat\u00f2ria 2022 d&#8217;ajudes econ\u00f2miques per a \u201cEdificis Accessibles\u201d. Amb aquestes ajudes tractem de millorar la qualitat de vida de les persones amb mobilitat redu\u00efda, facilitant l&#8217;accessibilitat a l&#8217;habitatge i al seu entorn. Des de 2018, prop de 850 habitatges i m\u00e9s de 2.120 ve\u00efns s&#8217;han beneficiat de les ajudes del programa \u201cSense Barreres\u201d<\/p>\n<p>Les ajudes del Programa Sense Barreres 2022 estan dirigides a les comunitats de propietaris en r\u00e8gim de propietat horitzontal d&#8217;edificis plurifamiliars situats a Barcelona i l&#8217;\u00e0rea metropolitana de Barcelona o b\u00e9 Madrid ciutat i Comunitat de Madrid, en els quals resideixin tant persones a les quals se l&#8217;hagi reconegut legalment algun grau de discapacitat que afecti la seva mobilitat, com a persones de m\u00e9s de 75 anys.<\/p>\n<p>La quantia de les ajudes que s&#8217;atribueixen ser\u00e0 el 50% de la suma dels costos subvencionables, <strong>fins a un m\u00e0xim de 15.000\u20ac per comunitat<\/strong>. Considerant costos subvencionables els derivats dels pressupostos per a l&#8217;execuci\u00f3 de les obres d&#8217;accessibilitat i els honoraris t\u00e8cnics de projectes i direcci\u00f3 d&#8217;obra, si s\u00f3n exclusivament per a obres de millora de l&#8217;accessibilitat.<\/p>\n<h3>Quins s\u00f3n els requisits t\u00e8cnics obligatoris?<\/h3>\n<p>Els requisits t\u00e8cnics obligatoris per a optar a l&#8217;ajuda s\u00f3n:<\/p>\n<ul>\n<li>Llic\u00e8ncia d&#8217;Obra o Perm\u00eds d&#8217;Obra atorgada per l&#8217;Ajuntament corresponent.<\/li>\n<li>C\u00f2pia del Certificat d&#8217;Aptitud *ITE o de la sol\u00b7licitud de la *ITE.<\/li>\n<li>Documentaci\u00f3 T\u00e8cnica:<\/li>\n<li>Projecte Visat pel col\u00b7legi oficial corresponent: Si es tracta d&#8217;instal\u00b7lacions d&#8217;ascensors nous, obres per a baixar ascensors a cota 0 i execuci\u00f3 de rampes<\/li>\n<li>Projecte o Mem\u00f2ria T\u00e8cnica + Plans delimitats: Si es tracta d&#8217;obres de millora de l&#8217;accessibilitat en ascensors (ampliacions o reformes constructives)<\/li>\n<li>Informe que inclogui plans o en defecte d&#8217;aix\u00f2 fotografies de l&#8217;actuaci\u00f3 a realitzar: Si es tracta d&#8217;una obra menor de millora d&#8217;accessibilitat.<\/li>\n<\/ul>\n<p>Recordi que el termini de presentaci\u00f3 de les sol\u00b7licituds per a la convocat\u00f2ria 2022 est\u00e0 obert fins al pr\u00f2xim 15 de maig. Podr\u00e0s sol\u00b7licitar aquesta ajuda de manera telem\u00e0tica mitjan\u00e7ant una inscripci\u00f3 a aquesta convocat\u00f2ria accedint directament al seg\u00fcent enlla\u00e7: <a href=\"https:\/\/www.fundacionmdp.org\/ayudas\/\">https:\/\/www.fundacionmdp.org\/ayudas\/<\/a>.<\/p>\n<p>Si tens algun dubte no dubtis a posar-te en contacte amb nosaltres i t&#8217;atendrem encantats.<\/p>\n","protected":false},"excerpt":{"rendered":"<p>Avui dia els ascensors s\u00f3n uns dels factors m\u00e9s importants a tenir en compte a l&#8217;hora que un edifici sigui accessible, c\u00f2mode i modern. Un ascensor no sols fa que l&#8217;edifici tingui m\u00e9s accessibilitat i confort, sin\u00f3 que en l&#8217;actualitat que un habitatge disposi d&#8217;ascensor pot augmentar el preu de venda de la propietat fins [&hellip;]<\/p>\n","protected":false},"author":1,"featured_media":7157,"comment_status":"open","ping_status":"open","sticky":false,"template":"","format":"standard","meta":{"_acf_changed":false,"ocean_post_layout":"","ocean_both_sidebars_style":"","ocean_both_sidebars_content_width":0,"ocean_both_sidebars_sidebars_width":0,"ocean_sidebar":"0","ocean_second_sidebar":"0","ocean_disable_margins":"enable","ocean_add_body_class":"","ocean_shortcode_before_top_bar":"","ocean_shortcode_after_top_bar":"","ocean_shortcode_before_header":"","ocean_shortcode_after_header":"","ocean_has_shortcode":"","ocean_shortcode_after_title":"","ocean_shortcode_before_footer_widgets":"","ocean_shortcode_after_footer_widgets":"","ocean_shortcode_before_footer_bottom":"","ocean_shortcode_after_footer_bottom":"","ocean_display_top_bar":"default","ocean_display_header":"default","ocean_header_style":"","ocean_center_header_left_menu":"0","ocean_custom_header_template":"0","ocean_custom_logo":0,"ocean_custom_retina_logo":0,"ocean_custom_logo_max_width":0,"ocean_custom_logo_tablet_max_width":0,"ocean_custom_logo_mobile_max_width":0,"ocean_custom_logo_max_height":0,"ocean_custom_logo_tablet_max_height":0,"ocean_custom_logo_mobile_max_height":0,"ocean_header_custom_menu":"0","ocean_menu_typo_font_family":"0","ocean_menu_typo_font_subset":"","ocean_menu_typo_font_size":0,"ocean_menu_typo_font_size_tablet":0,"ocean_menu_typo_font_size_mobile":0,"ocean_menu_typo_font_size_unit":"px","ocean_menu_typo_font_weight":"","ocean_menu_typo_font_weight_tablet":"","ocean_menu_typo_font_weight_mobile":"","ocean_menu_typo_transform":"","ocean_menu_typo_transform_tablet":"","ocean_menu_typo_transform_mobile":"","ocean_menu_typo_line_height":0,"ocean_menu_typo_line_height_tablet":0,"ocean_menu_typo_line_height_mobile":0,"ocean_menu_typo_line_height_unit":"","ocean_menu_typo_spacing":0,"ocean_menu_typo_spacing_tablet":0,"ocean_menu_typo_spacing_mobile":0,"ocean_menu_typo_spacing_unit":"","ocean_menu_link_color":"","ocean_menu_link_color_hover":"","ocean_menu_link_color_active":"","ocean_menu_link_background":"","ocean_menu_link_hover_background":"","ocean_menu_link_active_background":"","ocean_menu_social_links_bg":"","ocean_menu_social_hover_links_bg":"","ocean_menu_social_links_color":"","ocean_menu_social_hover_links_color":"","ocean_disable_title":"default","ocean_disable_heading":"default","ocean_post_title":"","ocean_post_subheading":"","ocean_post_title_style":"","ocean_post_title_background_color":"","ocean_post_title_background":0,"ocean_post_title_bg_image_position":"","ocean_post_title_bg_image_attachment":"","ocean_post_title_bg_image_repeat":"","ocean_post_title_bg_image_size":"","ocean_post_title_height":0,"ocean_post_title_bg_overlay":0.5,"ocean_post_title_bg_overlay_color":"","ocean_disable_breadcrumbs":"default","ocean_breadcrumbs_color":"","ocean_breadcrumbs_separator_color":"","ocean_breadcrumbs_links_color":"","ocean_breadcrumbs_links_hover_color":"","ocean_display_footer_widgets":"default","ocean_display_footer_bottom":"default","ocean_custom_footer_template":"0","ocean_post_oembed":"","ocean_post_self_hosted_media":"","ocean_post_video_embed":"","ocean_link_format":"","ocean_link_format_target":"self","ocean_quote_format":"","ocean_quote_format_link":"post","ocean_gallery_link_images":"off","ocean_gallery_id":[],"footnotes":""},"categories":[1],"tags":[],"class_list":["post-6028","post","type-post","status-publish","format-standard","has-post-thumbnail","hentry","category-sin-categorizar","entry","has-media"],"acf":[],"yoast_head":"<!-- This site is optimized with the Yoast SEO plugin v27.3 - https:\/\/yoast.com\/product\/yoast-seo-wordpress\/ -->\n<title>Subvencions per a instal\u00b7lar un ascensor en una comunitat de propietaris (2022) - Fundaci\u00f3n Mutua de Propietarios<\/title>\n<meta name=\"robots\" content=\"index, follow, max-snippet:-1, max-image-preview:large, max-video-preview:-1\" \/>\n<link rel=\"canonical\" href=\"https:\/\/www.fundacionmdp.org\/ca\/subvencions-per-a-instal\u00b7lar-un-ascensor-en-una-comunitat-de-propietaris-2022\/\" \/>\n<meta property=\"og:locale\" content=\"ca_ES\" \/>\n<meta property=\"og:type\" content=\"article\" \/>\n<meta property=\"og:title\" content=\"Subvencions per a instal\u00b7lar un ascensor en una comunitat de propietaris (2022) - Fundaci\u00f3n Mutua de Propietarios\" \/>\n<meta property=\"og:description\" content=\"Avui dia els ascensors s\u00f3n uns dels factors m\u00e9s importants a tenir en compte a l&#8217;hora que un edifici sigui accessible, c\u00f2mode i modern. Un ascensor no sols fa que l&#8217;edifici tingui m\u00e9s accessibilitat i confort, sin\u00f3 que en l&#8217;actualitat que un habitatge disposi d&#8217;ascensor pot augmentar el preu de venda de la propietat fins [&hellip;]\" \/>\n<meta property=\"og:url\" content=\"https:\/\/www.fundacionmdp.org\/ca\/subvencions-per-a-instal\u00b7lar-un-ascensor-en-una-comunitat-de-propietaris-2022\/\" \/>\n<meta property=\"og:site_name\" content=\"Fundaci\u00f3n Mutua de Propietarios\" \/>\n<meta property=\"article:published_time\" content=\"2022-04-25T09:13:34+00:00\" \/>\n<meta property=\"article:modified_time\" content=\"2023-05-15T10:15:14+00:00\" \/>\n<meta property=\"og:image\" content=\"https:\/\/www.fundacionmdp.org\/wp-content\/uploads\/2023\/05\/russ-ward-inmwDB0800-unsplash-scaled.jpg\" \/>\n\t<meta property=\"og:image:width\" content=\"2560\" \/>\n\t<meta property=\"og:image:height\" content=\"1702\" \/>\n\t<meta property=\"og:image:type\" content=\"image\/jpeg\" \/>\n<meta name=\"author\" content=\"fundacionmdp\" \/>\n<meta name=\"twitter:card\" content=\"summary_large_image\" \/>\n<meta name=\"twitter:label1\" content=\"Escrit per\" \/>\n\t<meta name=\"twitter:data1\" content=\"fundacionmdp\" \/>\n\t<meta name=\"twitter:label2\" content=\"Temps estimat de lectura\" \/>\n\t<meta name=\"twitter:data2\" content=\"5 minuts\" \/>\n<script type=\"application\/ld+json\" class=\"yoast-schema-graph\">{\"@context\":\"https:\\\/\\\/schema.org\",\"@graph\":[{\"@type\":\"Article\",\"@id\":\"https:\\\/\\\/www.fundacionmdp.org\\\/ca\\\/subvencions-per-a-instal%c2%b7lar-un-ascensor-en-una-comunitat-de-propietaris-2022\\\/#article\",\"isPartOf\":{\"@id\":\"https:\\\/\\\/www.fundacionmdp.org\\\/ca\\\/subvencions-per-a-instal%c2%b7lar-un-ascensor-en-una-comunitat-de-propietaris-2022\\\/\"},\"author\":{\"name\":\"fundacionmdp\",\"@id\":\"https:\\\/\\\/www.fundacionmdp.org\\\/#\\\/schema\\\/person\\\/12f9af801cac25dfcb5a96cb0090f703\"},\"headline\":\"Subvencions per a instal\u00b7lar un ascensor en una comunitat de propietaris (2022)\",\"datePublished\":\"2022-04-25T09:13:34+00:00\",\"dateModified\":\"2023-05-15T10:15:14+00:00\",\"mainEntityOfPage\":{\"@id\":\"https:\\\/\\\/www.fundacionmdp.org\\\/ca\\\/subvencions-per-a-instal%c2%b7lar-un-ascensor-en-una-comunitat-de-propietaris-2022\\\/\"},\"wordCount\":971,\"commentCount\":0,\"publisher\":{\"@id\":\"https:\\\/\\\/www.fundacionmdp.org\\\/#organization\"},\"image\":{\"@id\":\"https:\\\/\\\/www.fundacionmdp.org\\\/ca\\\/subvencions-per-a-instal%c2%b7lar-un-ascensor-en-una-comunitat-de-propietaris-2022\\\/#primaryimage\"},\"thumbnailUrl\":\"https:\\\/\\\/www.fundacionmdp.org\\\/wp-content\\\/uploads\\\/2023\\\/05\\\/russ-ward-inmwDB0800-unsplash-scaled.jpg\",\"articleSection\":[\"Sin categorizar\"],\"inLanguage\":\"ca\",\"potentialAction\":[{\"@type\":\"CommentAction\",\"name\":\"Comment\",\"target\":[\"https:\\\/\\\/www.fundacionmdp.org\\\/ca\\\/subvencions-per-a-instal%c2%b7lar-un-ascensor-en-una-comunitat-de-propietaris-2022\\\/#respond\"]}]},{\"@type\":\"WebPage\",\"@id\":\"https:\\\/\\\/www.fundacionmdp.org\\\/ca\\\/subvencions-per-a-instal%c2%b7lar-un-ascensor-en-una-comunitat-de-propietaris-2022\\\/\",\"url\":\"https:\\\/\\\/www.fundacionmdp.org\\\/ca\\\/subvencions-per-a-instal%c2%b7lar-un-ascensor-en-una-comunitat-de-propietaris-2022\\\/\",\"name\":\"Subvencions per a instal\u00b7lar un ascensor en una comunitat de propietaris (2022) - Fundaci\u00f3n Mutua de Propietarios\",\"isPartOf\":{\"@id\":\"https:\\\/\\\/www.fundacionmdp.org\\\/#website\"},\"primaryImageOfPage\":{\"@id\":\"https:\\\/\\\/www.fundacionmdp.org\\\/ca\\\/subvencions-per-a-instal%c2%b7lar-un-ascensor-en-una-comunitat-de-propietaris-2022\\\/#primaryimage\"},\"image\":{\"@id\":\"https:\\\/\\\/www.fundacionmdp.org\\\/ca\\\/subvencions-per-a-instal%c2%b7lar-un-ascensor-en-una-comunitat-de-propietaris-2022\\\/#primaryimage\"},\"thumbnailUrl\":\"https:\\\/\\\/www.fundacionmdp.org\\\/wp-content\\\/uploads\\\/2023\\\/05\\\/russ-ward-inmwDB0800-unsplash-scaled.jpg\",\"datePublished\":\"2022-04-25T09:13:34+00:00\",\"dateModified\":\"2023-05-15T10:15:14+00:00\",\"breadcrumb\":{\"@id\":\"https:\\\/\\\/www.fundacionmdp.org\\\/ca\\\/subvencions-per-a-instal%c2%b7lar-un-ascensor-en-una-comunitat-de-propietaris-2022\\\/#breadcrumb\"},\"inLanguage\":\"ca\",\"potentialAction\":[{\"@type\":\"ReadAction\",\"target\":[\"https:\\\/\\\/www.fundacionmdp.org\\\/ca\\\/subvencions-per-a-instal%c2%b7lar-un-ascensor-en-una-comunitat-de-propietaris-2022\\\/\"]}]},{\"@type\":\"ImageObject\",\"inLanguage\":\"ca\",\"@id\":\"https:\\\/\\\/www.fundacionmdp.org\\\/ca\\\/subvencions-per-a-instal%c2%b7lar-un-ascensor-en-una-comunitat-de-propietaris-2022\\\/#primaryimage\",\"url\":\"https:\\\/\\\/www.fundacionmdp.org\\\/wp-content\\\/uploads\\\/2023\\\/05\\\/russ-ward-inmwDB0800-unsplash-scaled.jpg\",\"contentUrl\":\"https:\\\/\\\/www.fundacionmdp.org\\\/wp-content\\\/uploads\\\/2023\\\/05\\\/russ-ward-inmwDB0800-unsplash-scaled.jpg\",\"width\":2560,\"height\":1702},{\"@type\":\"BreadcrumbList\",\"@id\":\"https:\\\/\\\/www.fundacionmdp.org\\\/ca\\\/subvencions-per-a-instal%c2%b7lar-un-ascensor-en-una-comunitat-de-propietaris-2022\\\/#breadcrumb\",\"itemListElement\":[{\"@type\":\"ListItem\",\"position\":1,\"name\":\"Home\",\"item\":\"https:\\\/\\\/www.fundacionmdp.org\\\/ca\\\/\"},{\"@type\":\"ListItem\",\"position\":2,\"name\":\"Subvencions per a instal\u00b7lar un ascensor en una comunitat de propietaris (2022)\"}]},{\"@type\":\"WebSite\",\"@id\":\"https:\\\/\\\/www.fundacionmdp.org\\\/#website\",\"url\":\"https:\\\/\\\/www.fundacionmdp.org\\\/\",\"name\":\"Fundaci\u00f3n Mutua de Propietarios\",\"description\":\"En la Fundaci\u00f3n Mutua de Propietarios te ayudamos a convertir tu edificio de viviendas en un espacio sin barreras arquitect\u00f3nicas.\",\"publisher\":{\"@id\":\"https:\\\/\\\/www.fundacionmdp.org\\\/#organization\"},\"potentialAction\":[{\"@type\":\"SearchAction\",\"target\":{\"@type\":\"EntryPoint\",\"urlTemplate\":\"https:\\\/\\\/www.fundacionmdp.org\\\/?s={search_term_string}\"},\"query-input\":{\"@type\":\"PropertyValueSpecification\",\"valueRequired\":true,\"valueName\":\"search_term_string\"}}],\"inLanguage\":\"ca\"},{\"@type\":\"Organization\",\"@id\":\"https:\\\/\\\/www.fundacionmdp.org\\\/#organization\",\"name\":\"Fundaci\u00f3n Mutua de Propietarios\",\"url\":\"https:\\\/\\\/www.fundacionmdp.org\\\/\",\"logo\":{\"@type\":\"ImageObject\",\"inLanguage\":\"ca\",\"@id\":\"https:\\\/\\\/www.fundacionmdp.org\\\/#\\\/schema\\\/logo\\\/image\\\/\",\"url\":\"https:\\\/\\\/www.fundacionmdp.org\\\/wp-content\\\/uploads\\\/2023\\\/05\\\/logo_FMdP_cat.png\",\"contentUrl\":\"https:\\\/\\\/www.fundacionmdp.org\\\/wp-content\\\/uploads\\\/2023\\\/05\\\/logo_FMdP_cat.png\",\"width\":655,\"height\":297,\"caption\":\"Fundaci\u00f3n Mutua de Propietarios\"},\"image\":{\"@id\":\"https:\\\/\\\/www.fundacionmdp.org\\\/#\\\/schema\\\/logo\\\/image\\\/\"}},{\"@type\":\"Person\",\"@id\":\"https:\\\/\\\/www.fundacionmdp.org\\\/#\\\/schema\\\/person\\\/12f9af801cac25dfcb5a96cb0090f703\",\"name\":\"fundacionmdp\",\"image\":{\"@type\":\"ImageObject\",\"inLanguage\":\"ca\",\"@id\":\"https:\\\/\\\/secure.gravatar.com\\\/avatar\\\/b540f93d1816a14d85e51109d050c3243b98fb660a665f517a6d2597cff3bbed?s=96&d=mm&r=g\",\"url\":\"https:\\\/\\\/secure.gravatar.com\\\/avatar\\\/b540f93d1816a14d85e51109d050c3243b98fb660a665f517a6d2597cff3bbed?s=96&d=mm&r=g\",\"contentUrl\":\"https:\\\/\\\/secure.gravatar.com\\\/avatar\\\/b540f93d1816a14d85e51109d050c3243b98fb660a665f517a6d2597cff3bbed?s=96&d=mm&r=g\",\"caption\":\"fundacionmdp\"},\"sameAs\":[\"http:\\\/\\\/prezuk.com.mialias.net\\\/fundacionmdp\"],\"url\":\"https:\\\/\\\/www.fundacionmdp.org\\\/ca\\\/author\\\/fundacionmdp\\\/\"}]}<\/script>\n<!-- \/ Yoast SEO plugin. -->","yoast_head_json":{"title":"Subvencions per a instal\u00b7lar un ascensor en una comunitat de propietaris (2022) - Fundaci\u00f3n Mutua de Propietarios","robots":{"index":"index","follow":"follow","max-snippet":"max-snippet:-1","max-image-preview":"max-image-preview:large","max-video-preview":"max-video-preview:-1"},"canonical":"https:\/\/www.fundacionmdp.org\/ca\/subvencions-per-a-instal\u00b7lar-un-ascensor-en-una-comunitat-de-propietaris-2022\/","og_locale":"ca_ES","og_type":"article","og_title":"Subvencions per a instal\u00b7lar un ascensor en una comunitat de propietaris (2022) - Fundaci\u00f3n Mutua de Propietarios","og_description":"Avui dia els ascensors s\u00f3n uns dels factors m\u00e9s importants a tenir en compte a l&#8217;hora que un edifici sigui accessible, c\u00f2mode i modern. Un ascensor no sols fa que l&#8217;edifici tingui m\u00e9s accessibilitat i confort, sin\u00f3 que en l&#8217;actualitat que un habitatge disposi d&#8217;ascensor pot augmentar el preu de venda de la propietat fins [&hellip;]","og_url":"https:\/\/www.fundacionmdp.org\/ca\/subvencions-per-a-instal\u00b7lar-un-ascensor-en-una-comunitat-de-propietaris-2022\/","og_site_name":"Fundaci\u00f3n Mutua de Propietarios","article_published_time":"2022-04-25T09:13:34+00:00","article_modified_time":"2023-05-15T10:15:14+00:00","og_image":[{"width":2560,"height":1702,"url":"https:\/\/www.fundacionmdp.org\/wp-content\/uploads\/2023\/05\/russ-ward-inmwDB0800-unsplash-scaled.jpg","type":"image\/jpeg"}],"author":"fundacionmdp","twitter_card":"summary_large_image","twitter_misc":{"Escrit per":"fundacionmdp","Temps estimat de lectura":"5 minuts"},"schema":{"@context":"https:\/\/schema.org","@graph":[{"@type":"Article","@id":"https:\/\/www.fundacionmdp.org\/ca\/subvencions-per-a-instal%c2%b7lar-un-ascensor-en-una-comunitat-de-propietaris-2022\/#article","isPartOf":{"@id":"https:\/\/www.fundacionmdp.org\/ca\/subvencions-per-a-instal%c2%b7lar-un-ascensor-en-una-comunitat-de-propietaris-2022\/"},"author":{"name":"fundacionmdp","@id":"https:\/\/www.fundacionmdp.org\/#\/schema\/person\/12f9af801cac25dfcb5a96cb0090f703"},"headline":"Subvencions per a instal\u00b7lar un ascensor en una comunitat de propietaris (2022)","datePublished":"2022-04-25T09:13:34+00:00","dateModified":"2023-05-15T10:15:14+00:00","mainEntityOfPage":{"@id":"https:\/\/www.fundacionmdp.org\/ca\/subvencions-per-a-instal%c2%b7lar-un-ascensor-en-una-comunitat-de-propietaris-2022\/"},"wordCount":971,"commentCount":0,"publisher":{"@id":"https:\/\/www.fundacionmdp.org\/#organization"},"image":{"@id":"https:\/\/www.fundacionmdp.org\/ca\/subvencions-per-a-instal%c2%b7lar-un-ascensor-en-una-comunitat-de-propietaris-2022\/#primaryimage"},"thumbnailUrl":"https:\/\/www.fundacionmdp.org\/wp-content\/uploads\/2023\/05\/russ-ward-inmwDB0800-unsplash-scaled.jpg","articleSection":["Sin categorizar"],"inLanguage":"ca","potentialAction":[{"@type":"CommentAction","name":"Comment","target":["https:\/\/www.fundacionmdp.org\/ca\/subvencions-per-a-instal%c2%b7lar-un-ascensor-en-una-comunitat-de-propietaris-2022\/#respond"]}]},{"@type":"WebPage","@id":"https:\/\/www.fundacionmdp.org\/ca\/subvencions-per-a-instal%c2%b7lar-un-ascensor-en-una-comunitat-de-propietaris-2022\/","url":"https:\/\/www.fundacionmdp.org\/ca\/subvencions-per-a-instal%c2%b7lar-un-ascensor-en-una-comunitat-de-propietaris-2022\/","name":"Subvencions per a instal\u00b7lar un ascensor en una comunitat de propietaris (2022) - Fundaci\u00f3n Mutua de Propietarios","isPartOf":{"@id":"https:\/\/www.fundacionmdp.org\/#website"},"primaryImageOfPage":{"@id":"https:\/\/www.fundacionmdp.org\/ca\/subvencions-per-a-instal%c2%b7lar-un-ascensor-en-una-comunitat-de-propietaris-2022\/#primaryimage"},"image":{"@id":"https:\/\/www.fundacionmdp.org\/ca\/subvencions-per-a-instal%c2%b7lar-un-ascensor-en-una-comunitat-de-propietaris-2022\/#primaryimage"},"thumbnailUrl":"https:\/\/www.fundacionmdp.org\/wp-content\/uploads\/2023\/05\/russ-ward-inmwDB0800-unsplash-scaled.jpg","datePublished":"2022-04-25T09:13:34+00:00","dateModified":"2023-05-15T10:15:14+00:00","breadcrumb":{"@id":"https:\/\/www.fundacionmdp.org\/ca\/subvencions-per-a-instal%c2%b7lar-un-ascensor-en-una-comunitat-de-propietaris-2022\/#breadcrumb"},"inLanguage":"ca","potentialAction":[{"@type":"ReadAction","target":["https:\/\/www.fundacionmdp.org\/ca\/subvencions-per-a-instal%c2%b7lar-un-ascensor-en-una-comunitat-de-propietaris-2022\/"]}]},{"@type":"ImageObject","inLanguage":"ca","@id":"https:\/\/www.fundacionmdp.org\/ca\/subvencions-per-a-instal%c2%b7lar-un-ascensor-en-una-comunitat-de-propietaris-2022\/#primaryimage","url":"https:\/\/www.fundacionmdp.org\/wp-content\/uploads\/2023\/05\/russ-ward-inmwDB0800-unsplash-scaled.jpg","contentUrl":"https:\/\/www.fundacionmdp.org\/wp-content\/uploads\/2023\/05\/russ-ward-inmwDB0800-unsplash-scaled.jpg","width":2560,"height":1702},{"@type":"BreadcrumbList","@id":"https:\/\/www.fundacionmdp.org\/ca\/subvencions-per-a-instal%c2%b7lar-un-ascensor-en-una-comunitat-de-propietaris-2022\/#breadcrumb","itemListElement":[{"@type":"ListItem","position":1,"name":"Home","item":"https:\/\/www.fundacionmdp.org\/ca\/"},{"@type":"ListItem","position":2,"name":"Subvencions per a instal\u00b7lar un ascensor en una comunitat de propietaris (2022)"}]},{"@type":"WebSite","@id":"https:\/\/www.fundacionmdp.org\/#website","url":"https:\/\/www.fundacionmdp.org\/","name":"Fundaci\u00f3n Mutua de Propietarios","description":"En la Fundaci\u00f3n Mutua de Propietarios te ayudamos a convertir tu edificio de viviendas en un espacio sin barreras arquitect\u00f3nicas.","publisher":{"@id":"https:\/\/www.fundacionmdp.org\/#organization"},"potentialAction":[{"@type":"SearchAction","target":{"@type":"EntryPoint","urlTemplate":"https:\/\/www.fundacionmdp.org\/?s={search_term_string}"},"query-input":{"@type":"PropertyValueSpecification","valueRequired":true,"valueName":"search_term_string"}}],"inLanguage":"ca"},{"@type":"Organization","@id":"https:\/\/www.fundacionmdp.org\/#organization","name":"Fundaci\u00f3n Mutua de Propietarios","url":"https:\/\/www.fundacionmdp.org\/","logo":{"@type":"ImageObject","inLanguage":"ca","@id":"https:\/\/www.fundacionmdp.org\/#\/schema\/logo\/image\/","url":"https:\/\/www.fundacionmdp.org\/wp-content\/uploads\/2023\/05\/logo_FMdP_cat.png","contentUrl":"https:\/\/www.fundacionmdp.org\/wp-content\/uploads\/2023\/05\/logo_FMdP_cat.png","width":655,"height":297,"caption":"Fundaci\u00f3n Mutua de Propietarios"},"image":{"@id":"https:\/\/www.fundacionmdp.org\/#\/schema\/logo\/image\/"}},{"@type":"Person","@id":"https:\/\/www.fundacionmdp.org\/#\/schema\/person\/12f9af801cac25dfcb5a96cb0090f703","name":"fundacionmdp","image":{"@type":"ImageObject","inLanguage":"ca","@id":"https:\/\/secure.gravatar.com\/avatar\/b540f93d1816a14d85e51109d050c3243b98fb660a665f517a6d2597cff3bbed?s=96&d=mm&r=g","url":"https:\/\/secure.gravatar.com\/avatar\/b540f93d1816a14d85e51109d050c3243b98fb660a665f517a6d2597cff3bbed?s=96&d=mm&r=g","contentUrl":"https:\/\/secure.gravatar.com\/avatar\/b540f93d1816a14d85e51109d050c3243b98fb660a665f517a6d2597cff3bbed?s=96&d=mm&r=g","caption":"fundacionmdp"},"sameAs":["http:\/\/prezuk.com.mialias.net\/fundacionmdp"],"url":"https:\/\/www.fundacionmdp.org\/ca\/author\/fundacionmdp\/"}]}},"_links":{"self":[{"href":"https:\/\/www.fundacionmdp.org\/ca\/wp-json\/wp\/v2\/posts\/6028","targetHints":{"allow":["GET"]}}],"collection":[{"href":"https:\/\/www.fundacionmdp.org\/ca\/wp-json\/wp\/v2\/posts"}],"about":[{"href":"https:\/\/www.fundacionmdp.org\/ca\/wp-json\/wp\/v2\/types\/post"}],"author":[{"embeddable":true,"href":"https:\/\/www.fundacionmdp.org\/ca\/wp-json\/wp\/v2\/users\/1"}],"replies":[{"embeddable":true,"href":"https:\/\/www.fundacionmdp.org\/ca\/wp-json\/wp\/v2\/comments?post=6028"}],"version-history":[{"count":2,"href":"https:\/\/www.fundacionmdp.org\/ca\/wp-json\/wp\/v2\/posts\/6028\/revisions"}],"predecessor-version":[{"id":7158,"href":"https:\/\/www.fundacionmdp.org\/ca\/wp-json\/wp\/v2\/posts\/6028\/revisions\/7158"}],"wp:featuredmedia":[{"embeddable":true,"href":"https:\/\/www.fundacionmdp.org\/ca\/wp-json\/wp\/v2\/media\/7157"}],"wp:attachment":[{"href":"https:\/\/www.fundacionmdp.org\/ca\/wp-json\/wp\/v2\/media?parent=6028"}],"wp:term":[{"taxonomy":"category","embeddable":true,"href":"https:\/\/www.fundacionmdp.org\/ca\/wp-json\/wp\/v2\/categories?post=6028"},{"taxonomy":"post_tag","embeddable":true,"href":"https:\/\/www.fundacionmdp.org\/ca\/wp-json\/wp\/v2\/tags?post=6028"}],"curies":[{"name":"wp","href":"https:\/\/api.w.org\/{rel}","templated":true}]}}