{"id":6118,"date":"2022-05-16T10:49:40","date_gmt":"2022-05-16T09:49:40","guid":{"rendered":"https:\/\/www.fundacionmdp.org\/?p=6118"},"modified":"2023-05-15T10:17:03","modified_gmt":"2023-05-15T10:17:03","slug":"claus-per-a-millorar-laccessibilitat-en-la-teva-comunitat-de-veins","status":"publish","type":"post","link":"https:\/\/www.fundacionmdp.org\/ca\/claus-per-a-millorar-laccessibilitat-en-la-teva-comunitat-de-veins\/","title":{"rendered":"Claus per a millorar l&#8217;accessibilitat en la teva comunitat de ve\u00efns"},"content":{"rendered":"<p>Sabies que \u00fanicament el 0,6% dels m\u00e9s de 9,8 milions d&#8217;habitatges que hi ha a Espanya compleixen els criteris d&#8217;accessibilitat universal? Resulten incre\u00efbles aquestes dades en els temps que vivim, encara que cal destacar que cada vegada s\u00f3n m\u00e9s els edificis que adeq\u00fcen els seus accessos perqu\u00e8 totes les persones, incloses aquelles que tinguin algun tipus de discapacitat o tenen mobilitat redu\u00efda, puguin tenir un acc\u00e9s f\u00e0cil al seu habitatge. Si tu tamb\u00e9 vols fer que el teu habitatge sigui accessible per a totes les persones, no et perdis les claus per a millorar l&#8217;accessibilitat en la teva comunitat de ve\u00efns que et comptem avui des de Fundaci\u00f3 M\u00fatua de Propietaris.<\/p>\n<p>&nbsp;<\/p>\n<h2>Qu\u00e8 has de tenir en compte per a millorar l&#8217;accessibilitat en la teva comunitat de ve\u00efns?<\/h2>\n<p>Abans de parlar dels elements que has d&#8217;incorporar en la teva comunitat de ve\u00efns per a tenir una bona accessibilitat, des de Fundaci\u00f3 M\u00fatua de Propietaris, et parlarem sobre els diferents aspectes d&#8217;accessibilitat que haur\u00e0 de tenir en compte una comunitat de ve\u00efns, amb l&#8217;objectiu de millorar la qualitat de vida de tots els seus residents:<\/p>\n<h3>L&#8217;accessibilitat en les comunitats de ve\u00efns \u00e9s obligat\u00f2ria per llei<\/h3>\n<p><strong>Tota persona amb discapacitat o major de 70 anys t\u00e9 dret a un acc\u00e9s b\u00e0sic al seu habitatge tal com dicta el Reial decret legislatiu 1\/2013 de 29 de novembre<\/strong>. De manera que, \u00e9s necessari que totes les comunitats disposin d&#8217;una accessibilitat raonable, per la qual cosa en cas que no sigui aix\u00ed hauran de realitzar les obres pertinents amb l&#8217;objectiu de garantir aquests drets.<\/p>\n<h3>Les obres m\u00e9s comunes en les comunitats de ve\u00efns<\/h3>\n<p>Generalment les obres m\u00e9s comunes que se solen fer s\u00f3n la instal\u00b7laci\u00f3 d&#8217;una rampa, d&#8217;una cadira salva escales, d&#8217;una plataforma i d&#8217;un ascensor que garanteixi una millor mobilitat pels espais comuns de l&#8217;edifici.<\/p>\n<p>&nbsp;<\/p>\n<p>Hi ha molts edificis que, per la seva estructura, no permeten la instal\u00b7laci\u00f3 d&#8217;una rampa, que sol ser una de les principals opcions. Si aquest \u00e9s el vostre cas sempre pots:<\/p>\n<ul>\n<li>Baixar l&#8217;ascensor a cota zero del portal i per tant incrementar el seu recorregut.<\/li>\n<li>Eliminar les barreres col\u00b7locant una plataforma elevadora.<\/li>\n<li>Instal\u00b7lar una cadira salva escales. Cal dir, per\u00f2 quin en aquests casos, si la persona va en cadira de rodes necessitar\u00e0 sempre de l&#8217;ajuda d&#8217;un tercer.<\/li>\n<\/ul>\n<p>&nbsp;<\/p>\n<h2>Elements imprescindibles perqu\u00e8 la teva comunitat de ve\u00efns sigui accessible<\/h2>\n<p>&nbsp;<\/p>\n<p>La llei actua assegurant els drets de tots els ciutadans enfront d&#8217;aquelles situacions on un ve\u00ed pot sentir-se vulnerable davant la comunitat. No obstant aix\u00f2<strong>, l&#8217;adaptaci\u00f3 per a garantir i facilitar l&#8217;accessibilitat ha de ser una filosofia que neixi de la pr\u00f2pia comunitat<\/strong>, ja que totes les persones s\u00f3n susceptibles de sofrir problemes de mobilitat. Aquests s\u00f3n els elements imprescindibles perqu\u00e8 una comunitat de ve\u00efns sigui completament accessible.<\/p>\n<h3>Ascensor<\/h3>\n<p>\u00c9s l&#8217;element principal a l&#8217;hora d&#8217;adaptar una comunitat i ha de ser capa\u00e7 de comunicar totes les zones comunes. En cas que sigui impossible aconseguir que totes les zones es connectin amb un sol ascensor pot optar-se per la instal\u00b7laci\u00f3 de varis, o per incloure una cadira salva escales per a reduir costos.<\/p>\n<h3>Rampes<\/h3>\n<p>Un problema cl\u00e0ssic al qual s&#8217;enfronten les persones amb problemes de mobilitat \u00e9s que no existeixen rampes en l&#8217;acc\u00e9s al portal o b\u00e9 les rampes d&#8217;acc\u00e9s estan constru\u00efdes sense pensar en el seu \u00fas quotidi\u00e0. S&#8217;ha d&#8217;evitar instal\u00b7lar rampes massa inclinades, ja que, fins i tot, poden arribar a ser perilloses.<\/p>\n<p>En Fundaci\u00f3 Mutua de Propietaris, al costat de SENSEDI, hem desenvolupat <strong>les rampes 3D.<\/strong> Una rampa 3D \u00e9s una soluci\u00f3 digital i sostenible que, per mitj\u00e0 de peces impreses en 3D amb materials ecol\u00f2gics es pot muntar in situ d&#8217;una forma \u00e0gil i r\u00e0pida.<\/p>\n<p>&nbsp;<\/p>\n<h3>Baranes de seguretat<\/h3>\n<p>Sempre hi haur\u00e0 zones m\u00e9s delicades de transitar que poden requerir un punt de seguretat addicional, com una barana. No sols s&#8217;han d&#8217;instal\u00b7lar en les escales, tamb\u00e9 en els seus lim\u00edtrofs i prop de les finestres.<\/p>\n<h3>Espai de maniobra<\/h3>\n<p>A m\u00e9s d&#8217;adaptar els elements f\u00edsics de la comunitat, cal comptar que l&#8217;espai de maniobra d&#8217;una persona amb mobilitat redu\u00efda generalment \u00e9s major. La comunitat ha de comptar amb unes zones comunes espaioses, que permetin moure&#8217;s amb llibertat a totes les persones.<\/p>\n<p>Recorda que en Fundaci\u00f3 Mutua Propietarios pots sol\u00b7licitar ajudes econ\u00f2miques per a aconseguir que la teva comunitat de ve\u00efns sigui m\u00e9s accessible. Si tens algun dubte no dubtis a posar-te en contacte amb nosaltres i t&#8217;atendrem encantats.<\/p>\n","protected":false},"excerpt":{"rendered":"<p>Sabies que \u00fanicament el 0,6% dels m\u00e9s de 9,8 milions d&#8217;habitatges que hi ha a Espanya compleixen els criteris d&#8217;accessibilitat universal? Resulten incre\u00efbles aquestes dades en els temps que vivim, encara que cal destacar que cada vegada s\u00f3n m\u00e9s els edificis que adeq\u00fcen els seus accessos perqu\u00e8 totes les persones, incloses aquelles que tinguin algun [&hellip;]<\/p>\n","protected":false},"author":1,"featured_media":7161,"comment_status":"open","ping_status":"open","sticky":false,"template":"","format":"standard","meta":{"_acf_changed":false,"ocean_post_layout":"","ocean_both_sidebars_style":"","ocean_both_sidebars_content_width":0,"ocean_both_sidebars_sidebars_width":0,"ocean_sidebar":"0","ocean_second_sidebar":"0","ocean_disable_margins":"enable","ocean_add_body_class":"","ocean_shortcode_before_top_bar":"","ocean_shortcode_after_top_bar":"","ocean_shortcode_before_header":"","ocean_shortcode_after_header":"","ocean_has_shortcode":"","ocean_shortcode_after_title":"","ocean_shortcode_before_footer_widgets":"","ocean_shortcode_after_footer_widgets":"","ocean_shortcode_before_footer_bottom":"","ocean_shortcode_after_footer_bottom":"","ocean_display_top_bar":"default","ocean_display_header":"default","ocean_header_style":"","ocean_center_header_left_menu":"0","ocean_custom_header_template":"0","ocean_custom_logo":0,"ocean_custom_retina_logo":0,"ocean_custom_logo_max_width":0,"ocean_custom_logo_tablet_max_width":0,"ocean_custom_logo_mobile_max_width":0,"ocean_custom_logo_max_height":0,"ocean_custom_logo_tablet_max_height":0,"ocean_custom_logo_mobile_max_height":0,"ocean_header_custom_menu":"0","ocean_menu_typo_font_family":"0","ocean_menu_typo_font_subset":"","ocean_menu_typo_font_size":0,"ocean_menu_typo_font_size_tablet":0,"ocean_menu_typo_font_size_mobile":0,"ocean_menu_typo_font_size_unit":"px","ocean_menu_typo_font_weight":"","ocean_menu_typo_font_weight_tablet":"","ocean_menu_typo_font_weight_mobile":"","ocean_menu_typo_transform":"","ocean_menu_typo_transform_tablet":"","ocean_menu_typo_transform_mobile":"","ocean_menu_typo_line_height":0,"ocean_menu_typo_line_height_tablet":0,"ocean_menu_typo_line_height_mobile":0,"ocean_menu_typo_line_height_unit":"","ocean_menu_typo_spacing":0,"ocean_menu_typo_spacing_tablet":0,"ocean_menu_typo_spacing_mobile":0,"ocean_menu_typo_spacing_unit":"","ocean_menu_link_color":"","ocean_menu_link_color_hover":"","ocean_menu_link_color_active":"","ocean_menu_link_background":"","ocean_menu_link_hover_background":"","ocean_menu_link_active_background":"","ocean_menu_social_links_bg":"","ocean_menu_social_hover_links_bg":"","ocean_menu_social_links_color":"","ocean_menu_social_hover_links_color":"","ocean_disable_title":"default","ocean_disable_heading":"default","ocean_post_title":"","ocean_post_subheading":"","ocean_post_title_style":"","ocean_post_title_background_color":"","ocean_post_title_background":0,"ocean_post_title_bg_image_position":"","ocean_post_title_bg_image_attachment":"","ocean_post_title_bg_image_repeat":"","ocean_post_title_bg_image_size":"","ocean_post_title_height":0,"ocean_post_title_bg_overlay":0.5,"ocean_post_title_bg_overlay_color":"","ocean_disable_breadcrumbs":"default","ocean_breadcrumbs_color":"","ocean_breadcrumbs_separator_color":"","ocean_breadcrumbs_links_color":"","ocean_breadcrumbs_links_hover_color":"","ocean_display_footer_widgets":"default","ocean_display_footer_bottom":"default","ocean_custom_footer_template":"0","ocean_post_oembed":"","ocean_post_self_hosted_media":"","ocean_post_video_embed":"","ocean_link_format":"","ocean_link_format_target":"self","ocean_quote_format":"","ocean_quote_format_link":"post","ocean_gallery_link_images":"off","ocean_gallery_id":[],"footnotes":""},"categories":[1],"tags":[],"class_list":["post-6118","post","type-post","status-publish","format-standard","has-post-thumbnail","hentry","category-sin-categorizar","entry","has-media"],"acf":[],"yoast_head":"<!-- This site is optimized with the Yoast SEO plugin v27.3 - https:\/\/yoast.com\/product\/yoast-seo-wordpress\/ -->\n<title>Claus per a millorar l&#039;accessibilitat en la teva comunitat de ve\u00efns - Fundaci\u00f3n Mutua de Propietarios<\/title>\n<meta name=\"robots\" content=\"index, follow, max-snippet:-1, max-image-preview:large, max-video-preview:-1\" \/>\n<link rel=\"canonical\" href=\"https:\/\/www.fundacionmdp.org\/ca\/claus-per-a-millorar-laccessibilitat-en-la-teva-comunitat-de-veins\/\" \/>\n<meta property=\"og:locale\" content=\"ca_ES\" \/>\n<meta property=\"og:type\" content=\"article\" \/>\n<meta property=\"og:title\" content=\"Claus per a millorar l&#039;accessibilitat en la teva comunitat de ve\u00efns - Fundaci\u00f3n Mutua de Propietarios\" \/>\n<meta property=\"og:description\" content=\"Sabies que \u00fanicament el 0,6% dels m\u00e9s de 9,8 milions d&#8217;habitatges que hi ha a Espanya compleixen els criteris d&#8217;accessibilitat universal? Resulten incre\u00efbles aquestes dades en els temps que vivim, encara que cal destacar que cada vegada s\u00f3n m\u00e9s els edificis que adeq\u00fcen els seus accessos perqu\u00e8 totes les persones, incloses aquelles que tinguin algun [&hellip;]\" \/>\n<meta property=\"og:url\" content=\"https:\/\/www.fundacionmdp.org\/ca\/claus-per-a-millorar-laccessibilitat-en-la-teva-comunitat-de-veins\/\" \/>\n<meta property=\"og:site_name\" content=\"Fundaci\u00f3n Mutua de Propietarios\" \/>\n<meta property=\"article:published_time\" content=\"2022-05-16T09:49:40+00:00\" \/>\n<meta property=\"article:modified_time\" content=\"2023-05-15T10:17:03+00:00\" \/>\n<meta property=\"og:image\" content=\"https:\/\/www.fundacionmdp.org\/wp-content\/uploads\/2022\/05\/accesible.png\" \/>\n\t<meta property=\"og:image:width\" content=\"1000\" \/>\n\t<meta property=\"og:image:height\" content=\"667\" \/>\n\t<meta property=\"og:image:type\" content=\"image\/png\" \/>\n<meta name=\"author\" content=\"fundacionmdp\" \/>\n<meta name=\"twitter:card\" content=\"summary_large_image\" \/>\n<meta name=\"twitter:label1\" content=\"Escrit per\" \/>\n\t<meta name=\"twitter:data1\" content=\"fundacionmdp\" \/>\n\t<meta name=\"twitter:label2\" content=\"Temps estimat de lectura\" \/>\n\t<meta name=\"twitter:data2\" content=\"4 minuts\" \/>\n<script type=\"application\/ld+json\" class=\"yoast-schema-graph\">{\"@context\":\"https:\\\/\\\/schema.org\",\"@graph\":[{\"@type\":\"Article\",\"@id\":\"https:\\\/\\\/www.fundacionmdp.org\\\/ca\\\/claus-per-a-millorar-laccessibilitat-en-la-teva-comunitat-de-veins\\\/#article\",\"isPartOf\":{\"@id\":\"https:\\\/\\\/www.fundacionmdp.org\\\/ca\\\/claus-per-a-millorar-laccessibilitat-en-la-teva-comunitat-de-veins\\\/\"},\"author\":{\"name\":\"fundacionmdp\",\"@id\":\"https:\\\/\\\/www.fundacionmdp.org\\\/#\\\/schema\\\/person\\\/12f9af801cac25dfcb5a96cb0090f703\"},\"headline\":\"Claus per a millorar l&#8217;accessibilitat en la teva comunitat de ve\u00efns\",\"datePublished\":\"2022-05-16T09:49:40+00:00\",\"dateModified\":\"2023-05-15T10:17:03+00:00\",\"mainEntityOfPage\":{\"@id\":\"https:\\\/\\\/www.fundacionmdp.org\\\/ca\\\/claus-per-a-millorar-laccessibilitat-en-la-teva-comunitat-de-veins\\\/\"},\"wordCount\":827,\"commentCount\":0,\"publisher\":{\"@id\":\"https:\\\/\\\/www.fundacionmdp.org\\\/#organization\"},\"image\":{\"@id\":\"https:\\\/\\\/www.fundacionmdp.org\\\/ca\\\/claus-per-a-millorar-laccessibilitat-en-la-teva-comunitat-de-veins\\\/#primaryimage\"},\"thumbnailUrl\":\"https:\\\/\\\/www.fundacionmdp.org\\\/wp-content\\\/uploads\\\/2022\\\/05\\\/accesible.png\",\"articleSection\":[\"Sin categorizar\"],\"inLanguage\":\"ca\",\"potentialAction\":[{\"@type\":\"CommentAction\",\"name\":\"Comment\",\"target\":[\"https:\\\/\\\/www.fundacionmdp.org\\\/ca\\\/claus-per-a-millorar-laccessibilitat-en-la-teva-comunitat-de-veins\\\/#respond\"]}]},{\"@type\":\"WebPage\",\"@id\":\"https:\\\/\\\/www.fundacionmdp.org\\\/ca\\\/claus-per-a-millorar-laccessibilitat-en-la-teva-comunitat-de-veins\\\/\",\"url\":\"https:\\\/\\\/www.fundacionmdp.org\\\/ca\\\/claus-per-a-millorar-laccessibilitat-en-la-teva-comunitat-de-veins\\\/\",\"name\":\"Claus per a millorar l'accessibilitat en la teva comunitat de ve\u00efns - Fundaci\u00f3n Mutua de Propietarios\",\"isPartOf\":{\"@id\":\"https:\\\/\\\/www.fundacionmdp.org\\\/#website\"},\"primaryImageOfPage\":{\"@id\":\"https:\\\/\\\/www.fundacionmdp.org\\\/ca\\\/claus-per-a-millorar-laccessibilitat-en-la-teva-comunitat-de-veins\\\/#primaryimage\"},\"image\":{\"@id\":\"https:\\\/\\\/www.fundacionmdp.org\\\/ca\\\/claus-per-a-millorar-laccessibilitat-en-la-teva-comunitat-de-veins\\\/#primaryimage\"},\"thumbnailUrl\":\"https:\\\/\\\/www.fundacionmdp.org\\\/wp-content\\\/uploads\\\/2022\\\/05\\\/accesible.png\",\"datePublished\":\"2022-05-16T09:49:40+00:00\",\"dateModified\":\"2023-05-15T10:17:03+00:00\",\"breadcrumb\":{\"@id\":\"https:\\\/\\\/www.fundacionmdp.org\\\/ca\\\/claus-per-a-millorar-laccessibilitat-en-la-teva-comunitat-de-veins\\\/#breadcrumb\"},\"inLanguage\":\"ca\",\"potentialAction\":[{\"@type\":\"ReadAction\",\"target\":[\"https:\\\/\\\/www.fundacionmdp.org\\\/ca\\\/claus-per-a-millorar-laccessibilitat-en-la-teva-comunitat-de-veins\\\/\"]}]},{\"@type\":\"ImageObject\",\"inLanguage\":\"ca\",\"@id\":\"https:\\\/\\\/www.fundacionmdp.org\\\/ca\\\/claus-per-a-millorar-laccessibilitat-en-la-teva-comunitat-de-veins\\\/#primaryimage\",\"url\":\"https:\\\/\\\/www.fundacionmdp.org\\\/wp-content\\\/uploads\\\/2022\\\/05\\\/accesible.png\",\"contentUrl\":\"https:\\\/\\\/www.fundacionmdp.org\\\/wp-content\\\/uploads\\\/2022\\\/05\\\/accesible.png\",\"width\":1000,\"height\":667},{\"@type\":\"BreadcrumbList\",\"@id\":\"https:\\\/\\\/www.fundacionmdp.org\\\/ca\\\/claus-per-a-millorar-laccessibilitat-en-la-teva-comunitat-de-veins\\\/#breadcrumb\",\"itemListElement\":[{\"@type\":\"ListItem\",\"position\":1,\"name\":\"Home\",\"item\":\"https:\\\/\\\/www.fundacionmdp.org\\\/ca\\\/\"},{\"@type\":\"ListItem\",\"position\":2,\"name\":\"Claus per a millorar l&#8217;accessibilitat en la teva comunitat de ve\u00efns\"}]},{\"@type\":\"WebSite\",\"@id\":\"https:\\\/\\\/www.fundacionmdp.org\\\/#website\",\"url\":\"https:\\\/\\\/www.fundacionmdp.org\\\/\",\"name\":\"Fundaci\u00f3n Mutua de Propietarios\",\"description\":\"En la Fundaci\u00f3n Mutua de Propietarios te ayudamos a convertir tu edificio de viviendas en un espacio sin barreras arquitect\u00f3nicas.\",\"publisher\":{\"@id\":\"https:\\\/\\\/www.fundacionmdp.org\\\/#organization\"},\"potentialAction\":[{\"@type\":\"SearchAction\",\"target\":{\"@type\":\"EntryPoint\",\"urlTemplate\":\"https:\\\/\\\/www.fundacionmdp.org\\\/?s={search_term_string}\"},\"query-input\":{\"@type\":\"PropertyValueSpecification\",\"valueRequired\":true,\"valueName\":\"search_term_string\"}}],\"inLanguage\":\"ca\"},{\"@type\":\"Organization\",\"@id\":\"https:\\\/\\\/www.fundacionmdp.org\\\/#organization\",\"name\":\"Fundaci\u00f3n Mutua de Propietarios\",\"url\":\"https:\\\/\\\/www.fundacionmdp.org\\\/\",\"logo\":{\"@type\":\"ImageObject\",\"inLanguage\":\"ca\",\"@id\":\"https:\\\/\\\/www.fundacionmdp.org\\\/#\\\/schema\\\/logo\\\/image\\\/\",\"url\":\"https:\\\/\\\/www.fundacionmdp.org\\\/wp-content\\\/uploads\\\/2023\\\/05\\\/logo_FMdP_cat.png\",\"contentUrl\":\"https:\\\/\\\/www.fundacionmdp.org\\\/wp-content\\\/uploads\\\/2023\\\/05\\\/logo_FMdP_cat.png\",\"width\":655,\"height\":297,\"caption\":\"Fundaci\u00f3n Mutua de Propietarios\"},\"image\":{\"@id\":\"https:\\\/\\\/www.fundacionmdp.org\\\/#\\\/schema\\\/logo\\\/image\\\/\"}},{\"@type\":\"Person\",\"@id\":\"https:\\\/\\\/www.fundacionmdp.org\\\/#\\\/schema\\\/person\\\/12f9af801cac25dfcb5a96cb0090f703\",\"name\":\"fundacionmdp\",\"image\":{\"@type\":\"ImageObject\",\"inLanguage\":\"ca\",\"@id\":\"https:\\\/\\\/secure.gravatar.com\\\/avatar\\\/b540f93d1816a14d85e51109d050c3243b98fb660a665f517a6d2597cff3bbed?s=96&d=mm&r=g\",\"url\":\"https:\\\/\\\/secure.gravatar.com\\\/avatar\\\/b540f93d1816a14d85e51109d050c3243b98fb660a665f517a6d2597cff3bbed?s=96&d=mm&r=g\",\"contentUrl\":\"https:\\\/\\\/secure.gravatar.com\\\/avatar\\\/b540f93d1816a14d85e51109d050c3243b98fb660a665f517a6d2597cff3bbed?s=96&d=mm&r=g\",\"caption\":\"fundacionmdp\"},\"sameAs\":[\"http:\\\/\\\/prezuk.com.mialias.net\\\/fundacionmdp\"],\"url\":\"https:\\\/\\\/www.fundacionmdp.org\\\/ca\\\/author\\\/fundacionmdp\\\/\"}]}<\/script>\n<!-- \/ Yoast SEO plugin. -->","yoast_head_json":{"title":"Claus per a millorar l'accessibilitat en la teva comunitat de ve\u00efns - Fundaci\u00f3n Mutua de Propietarios","robots":{"index":"index","follow":"follow","max-snippet":"max-snippet:-1","max-image-preview":"max-image-preview:large","max-video-preview":"max-video-preview:-1"},"canonical":"https:\/\/www.fundacionmdp.org\/ca\/claus-per-a-millorar-laccessibilitat-en-la-teva-comunitat-de-veins\/","og_locale":"ca_ES","og_type":"article","og_title":"Claus per a millorar l'accessibilitat en la teva comunitat de ve\u00efns - Fundaci\u00f3n Mutua de Propietarios","og_description":"Sabies que \u00fanicament el 0,6% dels m\u00e9s de 9,8 milions d&#8217;habitatges que hi ha a Espanya compleixen els criteris d&#8217;accessibilitat universal? Resulten incre\u00efbles aquestes dades en els temps que vivim, encara que cal destacar que cada vegada s\u00f3n m\u00e9s els edificis que adeq\u00fcen els seus accessos perqu\u00e8 totes les persones, incloses aquelles que tinguin algun [&hellip;]","og_url":"https:\/\/www.fundacionmdp.org\/ca\/claus-per-a-millorar-laccessibilitat-en-la-teva-comunitat-de-veins\/","og_site_name":"Fundaci\u00f3n Mutua de Propietarios","article_published_time":"2022-05-16T09:49:40+00:00","article_modified_time":"2023-05-15T10:17:03+00:00","og_image":[{"width":1000,"height":667,"url":"https:\/\/www.fundacionmdp.org\/wp-content\/uploads\/2022\/05\/accesible.png","type":"image\/png"}],"author":"fundacionmdp","twitter_card":"summary_large_image","twitter_misc":{"Escrit per":"fundacionmdp","Temps estimat de lectura":"4 minuts"},"schema":{"@context":"https:\/\/schema.org","@graph":[{"@type":"Article","@id":"https:\/\/www.fundacionmdp.org\/ca\/claus-per-a-millorar-laccessibilitat-en-la-teva-comunitat-de-veins\/#article","isPartOf":{"@id":"https:\/\/www.fundacionmdp.org\/ca\/claus-per-a-millorar-laccessibilitat-en-la-teva-comunitat-de-veins\/"},"author":{"name":"fundacionmdp","@id":"https:\/\/www.fundacionmdp.org\/#\/schema\/person\/12f9af801cac25dfcb5a96cb0090f703"},"headline":"Claus per a millorar l&#8217;accessibilitat en la teva comunitat de ve\u00efns","datePublished":"2022-05-16T09:49:40+00:00","dateModified":"2023-05-15T10:17:03+00:00","mainEntityOfPage":{"@id":"https:\/\/www.fundacionmdp.org\/ca\/claus-per-a-millorar-laccessibilitat-en-la-teva-comunitat-de-veins\/"},"wordCount":827,"commentCount":0,"publisher":{"@id":"https:\/\/www.fundacionmdp.org\/#organization"},"image":{"@id":"https:\/\/www.fundacionmdp.org\/ca\/claus-per-a-millorar-laccessibilitat-en-la-teva-comunitat-de-veins\/#primaryimage"},"thumbnailUrl":"https:\/\/www.fundacionmdp.org\/wp-content\/uploads\/2022\/05\/accesible.png","articleSection":["Sin categorizar"],"inLanguage":"ca","potentialAction":[{"@type":"CommentAction","name":"Comment","target":["https:\/\/www.fundacionmdp.org\/ca\/claus-per-a-millorar-laccessibilitat-en-la-teva-comunitat-de-veins\/#respond"]}]},{"@type":"WebPage","@id":"https:\/\/www.fundacionmdp.org\/ca\/claus-per-a-millorar-laccessibilitat-en-la-teva-comunitat-de-veins\/","url":"https:\/\/www.fundacionmdp.org\/ca\/claus-per-a-millorar-laccessibilitat-en-la-teva-comunitat-de-veins\/","name":"Claus per a millorar l'accessibilitat en la teva comunitat de ve\u00efns - Fundaci\u00f3n Mutua de Propietarios","isPartOf":{"@id":"https:\/\/www.fundacionmdp.org\/#website"},"primaryImageOfPage":{"@id":"https:\/\/www.fundacionmdp.org\/ca\/claus-per-a-millorar-laccessibilitat-en-la-teva-comunitat-de-veins\/#primaryimage"},"image":{"@id":"https:\/\/www.fundacionmdp.org\/ca\/claus-per-a-millorar-laccessibilitat-en-la-teva-comunitat-de-veins\/#primaryimage"},"thumbnailUrl":"https:\/\/www.fundacionmdp.org\/wp-content\/uploads\/2022\/05\/accesible.png","datePublished":"2022-05-16T09:49:40+00:00","dateModified":"2023-05-15T10:17:03+00:00","breadcrumb":{"@id":"https:\/\/www.fundacionmdp.org\/ca\/claus-per-a-millorar-laccessibilitat-en-la-teva-comunitat-de-veins\/#breadcrumb"},"inLanguage":"ca","potentialAction":[{"@type":"ReadAction","target":["https:\/\/www.fundacionmdp.org\/ca\/claus-per-a-millorar-laccessibilitat-en-la-teva-comunitat-de-veins\/"]}]},{"@type":"ImageObject","inLanguage":"ca","@id":"https:\/\/www.fundacionmdp.org\/ca\/claus-per-a-millorar-laccessibilitat-en-la-teva-comunitat-de-veins\/#primaryimage","url":"https:\/\/www.fundacionmdp.org\/wp-content\/uploads\/2022\/05\/accesible.png","contentUrl":"https:\/\/www.fundacionmdp.org\/wp-content\/uploads\/2022\/05\/accesible.png","width":1000,"height":667},{"@type":"BreadcrumbList","@id":"https:\/\/www.fundacionmdp.org\/ca\/claus-per-a-millorar-laccessibilitat-en-la-teva-comunitat-de-veins\/#breadcrumb","itemListElement":[{"@type":"ListItem","position":1,"name":"Home","item":"https:\/\/www.fundacionmdp.org\/ca\/"},{"@type":"ListItem","position":2,"name":"Claus per a millorar l&#8217;accessibilitat en la teva comunitat de ve\u00efns"}]},{"@type":"WebSite","@id":"https:\/\/www.fundacionmdp.org\/#website","url":"https:\/\/www.fundacionmdp.org\/","name":"Fundaci\u00f3n Mutua de Propietarios","description":"En la Fundaci\u00f3n Mutua de Propietarios te ayudamos a convertir tu edificio de viviendas en un espacio sin barreras arquitect\u00f3nicas.","publisher":{"@id":"https:\/\/www.fundacionmdp.org\/#organization"},"potentialAction":[{"@type":"SearchAction","target":{"@type":"EntryPoint","urlTemplate":"https:\/\/www.fundacionmdp.org\/?s={search_term_string}"},"query-input":{"@type":"PropertyValueSpecification","valueRequired":true,"valueName":"search_term_string"}}],"inLanguage":"ca"},{"@type":"Organization","@id":"https:\/\/www.fundacionmdp.org\/#organization","name":"Fundaci\u00f3n Mutua de Propietarios","url":"https:\/\/www.fundacionmdp.org\/","logo":{"@type":"ImageObject","inLanguage":"ca","@id":"https:\/\/www.fundacionmdp.org\/#\/schema\/logo\/image\/","url":"https:\/\/www.fundacionmdp.org\/wp-content\/uploads\/2023\/05\/logo_FMdP_cat.png","contentUrl":"https:\/\/www.fundacionmdp.org\/wp-content\/uploads\/2023\/05\/logo_FMdP_cat.png","width":655,"height":297,"caption":"Fundaci\u00f3n Mutua de Propietarios"},"image":{"@id":"https:\/\/www.fundacionmdp.org\/#\/schema\/logo\/image\/"}},{"@type":"Person","@id":"https:\/\/www.fundacionmdp.org\/#\/schema\/person\/12f9af801cac25dfcb5a96cb0090f703","name":"fundacionmdp","image":{"@type":"ImageObject","inLanguage":"ca","@id":"https:\/\/secure.gravatar.com\/avatar\/b540f93d1816a14d85e51109d050c3243b98fb660a665f517a6d2597cff3bbed?s=96&d=mm&r=g","url":"https:\/\/secure.gravatar.com\/avatar\/b540f93d1816a14d85e51109d050c3243b98fb660a665f517a6d2597cff3bbed?s=96&d=mm&r=g","contentUrl":"https:\/\/secure.gravatar.com\/avatar\/b540f93d1816a14d85e51109d050c3243b98fb660a665f517a6d2597cff3bbed?s=96&d=mm&r=g","caption":"fundacionmdp"},"sameAs":["http:\/\/prezuk.com.mialias.net\/fundacionmdp"],"url":"https:\/\/www.fundacionmdp.org\/ca\/author\/fundacionmdp\/"}]}},"_links":{"self":[{"href":"https:\/\/www.fundacionmdp.org\/ca\/wp-json\/wp\/v2\/posts\/6118","targetHints":{"allow":["GET"]}}],"collection":[{"href":"https:\/\/www.fundacionmdp.org\/ca\/wp-json\/wp\/v2\/posts"}],"about":[{"href":"https:\/\/www.fundacionmdp.org\/ca\/wp-json\/wp\/v2\/types\/post"}],"author":[{"embeddable":true,"href":"https:\/\/www.fundacionmdp.org\/ca\/wp-json\/wp\/v2\/users\/1"}],"replies":[{"embeddable":true,"href":"https:\/\/www.fundacionmdp.org\/ca\/wp-json\/wp\/v2\/comments?post=6118"}],"version-history":[{"count":1,"href":"https:\/\/www.fundacionmdp.org\/ca\/wp-json\/wp\/v2\/posts\/6118\/revisions"}],"predecessor-version":[{"id":6366,"href":"https:\/\/www.fundacionmdp.org\/ca\/wp-json\/wp\/v2\/posts\/6118\/revisions\/6366"}],"wp:featuredmedia":[{"embeddable":true,"href":"https:\/\/www.fundacionmdp.org\/ca\/wp-json\/wp\/v2\/media\/7161"}],"wp:attachment":[{"href":"https:\/\/www.fundacionmdp.org\/ca\/wp-json\/wp\/v2\/media?parent=6118"}],"wp:term":[{"taxonomy":"category","embeddable":true,"href":"https:\/\/www.fundacionmdp.org\/ca\/wp-json\/wp\/v2\/categories?post=6118"},{"taxonomy":"post_tag","embeddable":true,"href":"https:\/\/www.fundacionmdp.org\/ca\/wp-json\/wp\/v2\/tags?post=6118"}],"curies":[{"name":"wp","href":"https:\/\/api.w.org\/{rel}","templated":true}]}}