{"id":6293,"date":"2022-12-07T08:18:28","date_gmt":"2022-12-07T07:18:28","guid":{"rendered":"https:\/\/www.fundacionmdp.org\/?p=6293"},"modified":"2023-05-15T10:22:01","modified_gmt":"2023-05-15T10:22:01","slug":"ajuts-per-a-la-millora-de-laccessibilitat-en-edificis-per-a-persones-amb-mobilitat-reduida","status":"publish","type":"post","link":"https:\/\/www.fundacionmdp.org\/ca\/ajuts-per-a-la-millora-de-laccessibilitat-en-edificis-per-a-persones-amb-mobilitat-reduida\/","title":{"rendered":"Ajuts per a la millora de l&#8217;accessibilitat en edificis per a persones amb mobilitat redu\u00efda"},"content":{"rendered":"<p>Sabies que hi ha ajudes o subvencions per fer que els edificis i\/o habitatges siguin m\u00e9s accessibles per a persones amb <strong>mobilitat redu\u00efda<\/strong>?<\/p>\n<p>A <a href=\"https:\/\/www.fundacionmdp.org\/\">Fundaci\u00f3 Mutua de Propietarios<\/a> t\u2019expliquem quines s\u00f3n les <strong>ajudes per a la millora de l&#8217;accessibilitat dels edificis i per qu\u00e8 s\u00f3n tan importants per a les persones amb mobilitat redu\u00efda que hi resideixen.<\/strong><\/p>\n<p>&nbsp;<\/p>\n<h2>Qu\u00e8 \u00e9s la mobilitat redu\u00efda?<\/h2>\n<p>La <strong>mobilitat redu\u00efda <\/strong>fa refer\u00e8ncia a la condici\u00f3 de les persones que compten amb una <strong>discapacitat d&#8217;almenys el 33%<\/strong>, la qual cosa els suposa dificultats per despla\u00e7ar-se en el seu entorn com, per exemple, transport p\u00fablic, transports col\u00b7lectius o desnivells.<\/p>\n<p>Una persona no ha d&#8217;anar en cadira de rodes per considerar-se persona amb mobilitat redu\u00efda, per exemple, una persona amb problemes de deambulaci\u00f3 pot ser que obtingui el percentatge m\u00ednim indicat perqu\u00e8 la seva mobilitat li suposa prou dificultats per despla\u00e7ar-se, sigui en zones p\u00fabliques o privades.<\/p>\n<p>&nbsp;<\/p>\n<h2>Quines ajudes tenen?<\/h2>\n<p>Les persones amb mobilitat redu\u00efda poden sol\u00b7licitar diferents ajudes per millorar les seves condicions de vida. Entre elles, estan les ajudes econ\u00f2miques per a l&#8217;ocupaci\u00f3, ajudes econ\u00f2miques per a la instal\u00b7laci\u00f3 d&#8217;elements d&#8217;accessibilitat i ajudes t\u00e8cniques. En aquest article parlarem de les dues \u00faltimes.<\/p>\n<p>&nbsp;<\/p>\n<h2>Ajuts econ\u00f2mics per a la instal\u00b7laci\u00f3 d&#8217;elements d&#8217;accessibilitat<\/h2>\n<p>El <a href=\"https:\/\/www.mitma.gob.es\/el-ministerio\/campanas-de-publicidad-acciones-de-comunicacion-y-otros-eventos_new\/acciones-de-comunicacion-2022\/peav-2022-2025\">Plan Estatal de viviendas 2022-2025<\/a> compta amb una s\u00e8rie d&#8217;ajudes per ajustar els habitatges on visqui almenys una persona amb mobilitat redu\u00efda amb discapacitat legalment reconeguda igual o superior al 33%. Les subvencions s\u00f3n:<\/p>\n<ul>\n<li>Les relacionades amb la conservaci\u00f3 exterior de l&#8217; edifici.<\/li>\n<li>Les orientades a la millora de l&#8217;accessibilitat (instal\u00b7laci\u00f3 d&#8217;ascensors, rampes o salva escales).<\/li>\n<li>L&#8217;adequaci\u00f3 de l&#8217;interior perqu\u00e8 les persones amb discapacitat tinguin unes m\u00ednimes condicions de seguretat, higiene i habitabilitat.<\/li>\n<\/ul>\n<p>Algunes comunitats aut\u00f2nomes convoquen subvencions i ajudes que s&#8217;adrecen a la rehabilitaci\u00f3 d&#8217;habitatges i la instal\u00b7laci\u00f3 d&#8217;elements per millorar la qualitat de vida de les persones amb discapacitat f\u00edsica, elements com ascensors i salva escales.<\/p>\n<p>&nbsp;<\/p>\n<h2>Ajuts t\u00e8cnics<\/h2>\n<p>Aquestes fan refer\u00e8ncia a un conjunt de sistemes o productes fets amb la intenci\u00f3 de solucionar els problemes de les persones amb mobilitat redu\u00efda, permetent-los una vida m\u00e9s aut\u00f2noma i independent.<\/p>\n<p>Entre els ajuts t\u00e8cnics m\u00e9s comuns trobem:<\/p>\n<ul>\n<li><strong>Ajuts relacionats amb la higiene i la cura personal<\/strong>: sistemes d&#8217;elevaci\u00f3 de l&#8217;indolor, cadires per a la dutxa i barres per al bany.<\/li>\n<li><strong>Ajuts per a la mobilitat<\/strong>: cadires per pujar les escales, rampes per accedir al portal, ascensors, plataformes elevadores, etc.<\/li>\n<li><strong>Ajuts per a la llar<\/strong>: Respecte dins als habitatges, facilitar les tasques di\u00e0ries de les persones amb discapacitat f\u00edsica, existeixen, per exemple, giradors d&#8217;aixetes.<\/li>\n<\/ul>\n<p>&nbsp;<\/p>\n<h2>Ajuts econ\u00f2mics i subvencions<\/h2>\n<p>Ja hem vist que hi ha diverses ajudes per a les persones amb mobilitat redu\u00efda que eliminen els obstacles que tenen a diari.<\/p>\n<p>Depenent del lloc de resid\u00e8ncia, les ajudes i subvencions varien, per la qual cosa \u00e9s fonamental identificar quins es donen a la teva ciutat. Totes estan recolzades pel marc legal del Plan Estatal de la vivienda, un pla que neix per millorar l&#8217;accessibilitat a habitatges i edificis amb barreres arquitect\u00f2niques i que s&#8217;ha ampliat fins al 2025. L&#8217;objectiu de El Plan Estatal de viviendas \u00e9s donar suport a adaptacions d&#8217;edificis i habitatges on visquin persones amb diferents graus de mobilitat redu\u00efda, persones majors de 65 anys i persones que a causa de malalties cr\u00f2niques els costi moure&#8217;s.<\/p>\n<p>El <a href=\"https:\/\/www.mitma.gob.es\/arquitectura-vivienda-y-suelo\/programas-de-ayudas-a-la-vivienda\/programa-6\">Ministerio de Transportes, Movilidad y Agenda Urbana<\/a> t\u00e9 un dels programes m\u00e9s interessants per a les fam\u00edlies espanyoles que requereixen d&#8217;aquestes ajudes i subvencions.<\/p>\n<p>Es donen diversos casos:<\/p>\n<ul>\n<li>Si a l&#8217;habitatge hi viu una <strong>persona amb discapacitat<\/strong>, pot aconseguir<strong> fins a 14.000\u20ac<\/strong>.<\/li>\n<li>Si a l&#8217;habitatge resideix una <strong>persona amb un grau alt de discapacitat<\/strong>, la quantitat augmenta<strong> fins als 17.000\u20ac<\/strong>.<\/li>\n<\/ul>\n<p>Per\u00f2 l&#8217;Estat no \u00e9s l&#8217;\u00fanic que concedeix subvencions. Les comunitats aut\u00f2nomes tamb\u00e9 les concedeixen i es poden sol\u00b7licitar als ajuntaments i delegacions provincials de la <strong>Conselleria d&#8217;Igualtat i Benestar Social<\/strong> pertanyents a cada territori.<\/p>\n<p>&nbsp;<\/p>\n<h2>Convocat\u00f2ries d&#8217;Ajuts de la Fundaci\u00f3 Mutua de Propietarios &#8220;Sense Barreres&#8221;<\/h2>\n<p>Des <strong>de la Fundaci\u00f3 M\u00fatua de Propietarios<\/strong> tamb\u00e9 oferim ajudes per a la millora de l&#8217;accessibilitat en els edificis d&#8217;habitatges, que suposen una <strong>millora de la qualitat de vida<\/strong> de les persones amb mobilitat redu\u00efda.<\/p>\n<p>En els nostres cinc anys d&#8217;activitat, el nostre Programa &#8216;Sense Barreres&#8217; ha entregat 993.547 euros en ajudes per a la millora de l&#8217;accessibilitat en els edificis d&#8217;habitatges en els quals resideixen persones amb mobilitat redu\u00efda, de les quals s&#8217;han beneficiat quasi 3.000 persones de 1.200 habitatges de comunitats de ve\u00efns.<\/p>\n<p>El novembre del 2022, hem tornat a obrir la convocat\u00f2ria del programa &#8216;Sense Barreres&#8217; programa de pr\u00e9stecs amb finan\u00e7ament al 0% d&#8217;interessos per a la realitzaci\u00f3 d&#8217;obres amb finan\u00e7ament per a la supressi\u00f3 de barreres arquitect\u00f2niques que contribueixin a millorar l&#8217;accessibilitat dels edificis d&#8217;habitatges a les persones amb mobilitat redu\u00efda.<\/p>\n<p>Aquests ajuts estan destinats a Comunitats de Propietarios de tot Espanya que compleixin amb una de les dues condicions:<\/p>\n<ul>\n<li>Que a l&#8217; edifici resideixin un percentatge igual o superior al 40% de persones de 65 anys o m\u00e9s.<\/li>\n<li>Que a l&#8217;edifici resideixi com a m\u00ednim (1) una persona amb mobilitat redu\u00efda (certificat de discapacitat legalment reconegut) + un percentatge igual o superior al 20% de persones de 65 anys o m\u00e9s.<\/li>\n<\/ul>\n<p>Per a m\u00e9s informaci\u00f3 sobre aquests ajuts, consulta <a href=\"https:\/\/www.fundacionmdp.org\/solution\/convocatoria-financiacion-al-0-de-intereses-para-obras-de-accesibilidad-en-edificios-2-2\/\">aqu\u00ed<\/a>.<\/p>\n<p>A <strong>Fundaci\u00f3 Mutua de Propietarios<\/strong> la nostra missi\u00f3 \u00e9s oferir millorar&nbsp; l&#8217;accessibilitat a les persones que tenen mobilitat redu\u00efda o alguna discapacitat f\u00edsica a l&#8217;habitatge. Treballem en la inclusi\u00f3 social, la innovaci\u00f3 i l&#8217;accessibilitat.<\/p>\n<p>Posa&#8217;t en <a href=\"https:\/\/www.fundacionmdp.org\/contacto\/\">contacte<\/a> amb la Fundaci\u00f3 si vols m\u00e9s informaci\u00f3.<\/p>\n","protected":false},"excerpt":{"rendered":"<p>Sabies que hi ha ajudes o subvencions per fer que els edificis i\/o habitatges siguin m\u00e9s accessibles per a persones amb mobilitat redu\u00efda? A Fundaci\u00f3 Mutua de Propietarios t\u2019expliquem quines s\u00f3n les ajudes per a la millora de l&#8217;accessibilitat dels edificis i per qu\u00e8 s\u00f3n tan importants per a les persones amb mobilitat redu\u00efda que [&hellip;]<\/p>\n","protected":false},"author":1,"featured_media":7176,"comment_status":"open","ping_status":"open","sticky":false,"template":"","format":"standard","meta":{"_acf_changed":false,"ocean_post_layout":"","ocean_both_sidebars_style":"","ocean_both_sidebars_content_width":0,"ocean_both_sidebars_sidebars_width":0,"ocean_sidebar":"0","ocean_second_sidebar":"0","ocean_disable_margins":"enable","ocean_add_body_class":"","ocean_shortcode_before_top_bar":"","ocean_shortcode_after_top_bar":"","ocean_shortcode_before_header":"","ocean_shortcode_after_header":"","ocean_has_shortcode":"","ocean_shortcode_after_title":"","ocean_shortcode_before_footer_widgets":"","ocean_shortcode_after_footer_widgets":"","ocean_shortcode_before_footer_bottom":"","ocean_shortcode_after_footer_bottom":"","ocean_display_top_bar":"default","ocean_display_header":"default","ocean_header_style":"","ocean_center_header_left_menu":"0","ocean_custom_header_template":"0","ocean_custom_logo":0,"ocean_custom_retina_logo":0,"ocean_custom_logo_max_width":0,"ocean_custom_logo_tablet_max_width":0,"ocean_custom_logo_mobile_max_width":0,"ocean_custom_logo_max_height":0,"ocean_custom_logo_tablet_max_height":0,"ocean_custom_logo_mobile_max_height":0,"ocean_header_custom_menu":"0","ocean_menu_typo_font_family":"0","ocean_menu_typo_font_subset":"","ocean_menu_typo_font_size":0,"ocean_menu_typo_font_size_tablet":0,"ocean_menu_typo_font_size_mobile":0,"ocean_menu_typo_font_size_unit":"px","ocean_menu_typo_font_weight":"","ocean_menu_typo_font_weight_tablet":"","ocean_menu_typo_font_weight_mobile":"","ocean_menu_typo_transform":"","ocean_menu_typo_transform_tablet":"","ocean_menu_typo_transform_mobile":"","ocean_menu_typo_line_height":0,"ocean_menu_typo_line_height_tablet":0,"ocean_menu_typo_line_height_mobile":0,"ocean_menu_typo_line_height_unit":"","ocean_menu_typo_spacing":0,"ocean_menu_typo_spacing_tablet":0,"ocean_menu_typo_spacing_mobile":0,"ocean_menu_typo_spacing_unit":"","ocean_menu_link_color":"","ocean_menu_link_color_hover":"","ocean_menu_link_color_active":"","ocean_menu_link_background":"","ocean_menu_link_hover_background":"","ocean_menu_link_active_background":"","ocean_menu_social_links_bg":"","ocean_menu_social_hover_links_bg":"","ocean_menu_social_links_color":"","ocean_menu_social_hover_links_color":"","ocean_disable_title":"default","ocean_disable_heading":"default","ocean_post_title":"","ocean_post_subheading":"","ocean_post_title_style":"","ocean_post_title_background_color":"","ocean_post_title_background":0,"ocean_post_title_bg_image_position":"","ocean_post_title_bg_image_attachment":"","ocean_post_title_bg_image_repeat":"","ocean_post_title_bg_image_size":"","ocean_post_title_height":0,"ocean_post_title_bg_overlay":0.5,"ocean_post_title_bg_overlay_color":"","ocean_disable_breadcrumbs":"default","ocean_breadcrumbs_color":"","ocean_breadcrumbs_separator_color":"","ocean_breadcrumbs_links_color":"","ocean_breadcrumbs_links_hover_color":"","ocean_display_footer_widgets":"default","ocean_display_footer_bottom":"default","ocean_custom_footer_template":"0","ocean_post_oembed":"","ocean_post_self_hosted_media":"","ocean_post_video_embed":"","ocean_link_format":"","ocean_link_format_target":"self","ocean_quote_format":"","ocean_quote_format_link":"post","ocean_gallery_link_images":"off","ocean_gallery_id":[],"footnotes":""},"categories":[1],"tags":[],"class_list":["post-6293","post","type-post","status-publish","format-standard","has-post-thumbnail","hentry","category-sin-categorizar","entry","has-media"],"acf":[],"yoast_head":"<!-- This site is optimized with the Yoast SEO plugin v27.3 - https:\/\/yoast.com\/product\/yoast-seo-wordpress\/ -->\n<title>Ajuts per a la millora de l&#039;accessibilitat en edificis per a persones amb mobilitat redu\u00efda - Fundaci\u00f3n Mutua de Propietarios<\/title>\n<meta name=\"robots\" content=\"index, follow, max-snippet:-1, max-image-preview:large, max-video-preview:-1\" \/>\n<link rel=\"canonical\" href=\"https:\/\/www.fundacionmdp.org\/ca\/ajuts-per-a-la-millora-de-laccessibilitat-en-edificis-per-a-persones-amb-mobilitat-reduida\/\" \/>\n<meta property=\"og:locale\" content=\"ca_ES\" \/>\n<meta property=\"og:type\" content=\"article\" \/>\n<meta property=\"og:title\" content=\"Ajuts per a la millora de l&#039;accessibilitat en edificis per a persones amb mobilitat redu\u00efda - Fundaci\u00f3n Mutua de Propietarios\" \/>\n<meta property=\"og:description\" content=\"Sabies que hi ha ajudes o subvencions per fer que els edificis i\/o habitatges siguin m\u00e9s accessibles per a persones amb mobilitat redu\u00efda? A Fundaci\u00f3 Mutua de Propietarios t\u2019expliquem quines s\u00f3n les ajudes per a la millora de l&#8217;accessibilitat dels edificis i per qu\u00e8 s\u00f3n tan importants per a les persones amb mobilitat redu\u00efda que [&hellip;]\" \/>\n<meta property=\"og:url\" content=\"https:\/\/www.fundacionmdp.org\/ca\/ajuts-per-a-la-millora-de-laccessibilitat-en-edificis-per-a-persones-amb-mobilitat-reduida\/\" \/>\n<meta property=\"og:site_name\" content=\"Fundaci\u00f3n Mutua de Propietarios\" \/>\n<meta property=\"article:published_time\" content=\"2022-12-07T07:18:28+00:00\" \/>\n<meta property=\"article:modified_time\" content=\"2023-05-15T10:22:01+00:00\" \/>\n<meta property=\"og:image\" content=\"https:\/\/www.fundacionmdp.org\/wp-content\/uploads\/2022\/12\/Imagen-ayudas-Fundacion-scaled-1.jpg\" \/>\n\t<meta property=\"og:image:width\" content=\"2560\" \/>\n\t<meta property=\"og:image:height\" content=\"1707\" \/>\n\t<meta property=\"og:image:type\" content=\"image\/jpeg\" \/>\n<meta name=\"author\" content=\"fundacionmdp\" \/>\n<meta name=\"twitter:card\" content=\"summary_large_image\" \/>\n<meta name=\"twitter:label1\" content=\"Escrit per\" \/>\n\t<meta name=\"twitter:data1\" content=\"fundacionmdp\" \/>\n\t<meta name=\"twitter:label2\" content=\"Temps estimat de lectura\" \/>\n\t<meta name=\"twitter:data2\" content=\"5 minuts\" \/>\n<script type=\"application\/ld+json\" class=\"yoast-schema-graph\">{\"@context\":\"https:\\\/\\\/schema.org\",\"@graph\":[{\"@type\":\"Article\",\"@id\":\"https:\\\/\\\/www.fundacionmdp.org\\\/ca\\\/ajuts-per-a-la-millora-de-laccessibilitat-en-edificis-per-a-persones-amb-mobilitat-reduida\\\/#article\",\"isPartOf\":{\"@id\":\"https:\\\/\\\/www.fundacionmdp.org\\\/ca\\\/ajuts-per-a-la-millora-de-laccessibilitat-en-edificis-per-a-persones-amb-mobilitat-reduida\\\/\"},\"author\":{\"name\":\"fundacionmdp\",\"@id\":\"https:\\\/\\\/www.fundacionmdp.org\\\/#\\\/schema\\\/person\\\/12f9af801cac25dfcb5a96cb0090f703\"},\"headline\":\"Ajuts per a la millora de l&#8217;accessibilitat en edificis per a persones amb mobilitat redu\u00efda\",\"datePublished\":\"2022-12-07T07:18:28+00:00\",\"dateModified\":\"2023-05-15T10:22:01+00:00\",\"mainEntityOfPage\":{\"@id\":\"https:\\\/\\\/www.fundacionmdp.org\\\/ca\\\/ajuts-per-a-la-millora-de-laccessibilitat-en-edificis-per-a-persones-amb-mobilitat-reduida\\\/\"},\"wordCount\":1031,\"commentCount\":0,\"publisher\":{\"@id\":\"https:\\\/\\\/www.fundacionmdp.org\\\/#organization\"},\"image\":{\"@id\":\"https:\\\/\\\/www.fundacionmdp.org\\\/ca\\\/ajuts-per-a-la-millora-de-laccessibilitat-en-edificis-per-a-persones-amb-mobilitat-reduida\\\/#primaryimage\"},\"thumbnailUrl\":\"https:\\\/\\\/www.fundacionmdp.org\\\/wp-content\\\/uploads\\\/2022\\\/12\\\/Imagen-ayudas-Fundacion-scaled-1.jpg\",\"articleSection\":[\"Sin categorizar\"],\"inLanguage\":\"ca\",\"potentialAction\":[{\"@type\":\"CommentAction\",\"name\":\"Comment\",\"target\":[\"https:\\\/\\\/www.fundacionmdp.org\\\/ca\\\/ajuts-per-a-la-millora-de-laccessibilitat-en-edificis-per-a-persones-amb-mobilitat-reduida\\\/#respond\"]}]},{\"@type\":\"WebPage\",\"@id\":\"https:\\\/\\\/www.fundacionmdp.org\\\/ca\\\/ajuts-per-a-la-millora-de-laccessibilitat-en-edificis-per-a-persones-amb-mobilitat-reduida\\\/\",\"url\":\"https:\\\/\\\/www.fundacionmdp.org\\\/ca\\\/ajuts-per-a-la-millora-de-laccessibilitat-en-edificis-per-a-persones-amb-mobilitat-reduida\\\/\",\"name\":\"Ajuts per a la millora de l'accessibilitat en edificis per a persones amb mobilitat redu\u00efda - Fundaci\u00f3n Mutua de Propietarios\",\"isPartOf\":{\"@id\":\"https:\\\/\\\/www.fundacionmdp.org\\\/#website\"},\"primaryImageOfPage\":{\"@id\":\"https:\\\/\\\/www.fundacionmdp.org\\\/ca\\\/ajuts-per-a-la-millora-de-laccessibilitat-en-edificis-per-a-persones-amb-mobilitat-reduida\\\/#primaryimage\"},\"image\":{\"@id\":\"https:\\\/\\\/www.fundacionmdp.org\\\/ca\\\/ajuts-per-a-la-millora-de-laccessibilitat-en-edificis-per-a-persones-amb-mobilitat-reduida\\\/#primaryimage\"},\"thumbnailUrl\":\"https:\\\/\\\/www.fundacionmdp.org\\\/wp-content\\\/uploads\\\/2022\\\/12\\\/Imagen-ayudas-Fundacion-scaled-1.jpg\",\"datePublished\":\"2022-12-07T07:18:28+00:00\",\"dateModified\":\"2023-05-15T10:22:01+00:00\",\"breadcrumb\":{\"@id\":\"https:\\\/\\\/www.fundacionmdp.org\\\/ca\\\/ajuts-per-a-la-millora-de-laccessibilitat-en-edificis-per-a-persones-amb-mobilitat-reduida\\\/#breadcrumb\"},\"inLanguage\":\"ca\",\"potentialAction\":[{\"@type\":\"ReadAction\",\"target\":[\"https:\\\/\\\/www.fundacionmdp.org\\\/ca\\\/ajuts-per-a-la-millora-de-laccessibilitat-en-edificis-per-a-persones-amb-mobilitat-reduida\\\/\"]}]},{\"@type\":\"ImageObject\",\"inLanguage\":\"ca\",\"@id\":\"https:\\\/\\\/www.fundacionmdp.org\\\/ca\\\/ajuts-per-a-la-millora-de-laccessibilitat-en-edificis-per-a-persones-amb-mobilitat-reduida\\\/#primaryimage\",\"url\":\"https:\\\/\\\/www.fundacionmdp.org\\\/wp-content\\\/uploads\\\/2022\\\/12\\\/Imagen-ayudas-Fundacion-scaled-1.jpg\",\"contentUrl\":\"https:\\\/\\\/www.fundacionmdp.org\\\/wp-content\\\/uploads\\\/2022\\\/12\\\/Imagen-ayudas-Fundacion-scaled-1.jpg\",\"width\":2560,\"height\":1707},{\"@type\":\"BreadcrumbList\",\"@id\":\"https:\\\/\\\/www.fundacionmdp.org\\\/ca\\\/ajuts-per-a-la-millora-de-laccessibilitat-en-edificis-per-a-persones-amb-mobilitat-reduida\\\/#breadcrumb\",\"itemListElement\":[{\"@type\":\"ListItem\",\"position\":1,\"name\":\"Home\",\"item\":\"https:\\\/\\\/www.fundacionmdp.org\\\/ca\\\/\"},{\"@type\":\"ListItem\",\"position\":2,\"name\":\"Ajuts per a la millora de l&#8217;accessibilitat en edificis per a persones amb mobilitat redu\u00efda\"}]},{\"@type\":\"WebSite\",\"@id\":\"https:\\\/\\\/www.fundacionmdp.org\\\/#website\",\"url\":\"https:\\\/\\\/www.fundacionmdp.org\\\/\",\"name\":\"Fundaci\u00f3n Mutua de Propietarios\",\"description\":\"En la Fundaci\u00f3n Mutua de Propietarios te ayudamos a convertir tu edificio de viviendas en un espacio sin barreras arquitect\u00f3nicas.\",\"publisher\":{\"@id\":\"https:\\\/\\\/www.fundacionmdp.org\\\/#organization\"},\"potentialAction\":[{\"@type\":\"SearchAction\",\"target\":{\"@type\":\"EntryPoint\",\"urlTemplate\":\"https:\\\/\\\/www.fundacionmdp.org\\\/?s={search_term_string}\"},\"query-input\":{\"@type\":\"PropertyValueSpecification\",\"valueRequired\":true,\"valueName\":\"search_term_string\"}}],\"inLanguage\":\"ca\"},{\"@type\":\"Organization\",\"@id\":\"https:\\\/\\\/www.fundacionmdp.org\\\/#organization\",\"name\":\"Fundaci\u00f3n Mutua de Propietarios\",\"url\":\"https:\\\/\\\/www.fundacionmdp.org\\\/\",\"logo\":{\"@type\":\"ImageObject\",\"inLanguage\":\"ca\",\"@id\":\"https:\\\/\\\/www.fundacionmdp.org\\\/#\\\/schema\\\/logo\\\/image\\\/\",\"url\":\"https:\\\/\\\/www.fundacionmdp.org\\\/wp-content\\\/uploads\\\/2023\\\/05\\\/logo_FMdP_cat.png\",\"contentUrl\":\"https:\\\/\\\/www.fundacionmdp.org\\\/wp-content\\\/uploads\\\/2023\\\/05\\\/logo_FMdP_cat.png\",\"width\":655,\"height\":297,\"caption\":\"Fundaci\u00f3n Mutua de Propietarios\"},\"image\":{\"@id\":\"https:\\\/\\\/www.fundacionmdp.org\\\/#\\\/schema\\\/logo\\\/image\\\/\"}},{\"@type\":\"Person\",\"@id\":\"https:\\\/\\\/www.fundacionmdp.org\\\/#\\\/schema\\\/person\\\/12f9af801cac25dfcb5a96cb0090f703\",\"name\":\"fundacionmdp\",\"image\":{\"@type\":\"ImageObject\",\"inLanguage\":\"ca\",\"@id\":\"https:\\\/\\\/secure.gravatar.com\\\/avatar\\\/b540f93d1816a14d85e51109d050c3243b98fb660a665f517a6d2597cff3bbed?s=96&d=mm&r=g\",\"url\":\"https:\\\/\\\/secure.gravatar.com\\\/avatar\\\/b540f93d1816a14d85e51109d050c3243b98fb660a665f517a6d2597cff3bbed?s=96&d=mm&r=g\",\"contentUrl\":\"https:\\\/\\\/secure.gravatar.com\\\/avatar\\\/b540f93d1816a14d85e51109d050c3243b98fb660a665f517a6d2597cff3bbed?s=96&d=mm&r=g\",\"caption\":\"fundacionmdp\"},\"sameAs\":[\"http:\\\/\\\/prezuk.com.mialias.net\\\/fundacionmdp\"],\"url\":\"https:\\\/\\\/www.fundacionmdp.org\\\/ca\\\/author\\\/fundacionmdp\\\/\"}]}<\/script>\n<!-- \/ Yoast SEO plugin. -->","yoast_head_json":{"title":"Ajuts per a la millora de l'accessibilitat en edificis per a persones amb mobilitat redu\u00efda - Fundaci\u00f3n Mutua de Propietarios","robots":{"index":"index","follow":"follow","max-snippet":"max-snippet:-1","max-image-preview":"max-image-preview:large","max-video-preview":"max-video-preview:-1"},"canonical":"https:\/\/www.fundacionmdp.org\/ca\/ajuts-per-a-la-millora-de-laccessibilitat-en-edificis-per-a-persones-amb-mobilitat-reduida\/","og_locale":"ca_ES","og_type":"article","og_title":"Ajuts per a la millora de l'accessibilitat en edificis per a persones amb mobilitat redu\u00efda - Fundaci\u00f3n Mutua de Propietarios","og_description":"Sabies que hi ha ajudes o subvencions per fer que els edificis i\/o habitatges siguin m\u00e9s accessibles per a persones amb mobilitat redu\u00efda? A Fundaci\u00f3 Mutua de Propietarios t\u2019expliquem quines s\u00f3n les ajudes per a la millora de l&#8217;accessibilitat dels edificis i per qu\u00e8 s\u00f3n tan importants per a les persones amb mobilitat redu\u00efda que [&hellip;]","og_url":"https:\/\/www.fundacionmdp.org\/ca\/ajuts-per-a-la-millora-de-laccessibilitat-en-edificis-per-a-persones-amb-mobilitat-reduida\/","og_site_name":"Fundaci\u00f3n Mutua de Propietarios","article_published_time":"2022-12-07T07:18:28+00:00","article_modified_time":"2023-05-15T10:22:01+00:00","og_image":[{"width":2560,"height":1707,"url":"https:\/\/www.fundacionmdp.org\/wp-content\/uploads\/2022\/12\/Imagen-ayudas-Fundacion-scaled-1.jpg","type":"image\/jpeg"}],"author":"fundacionmdp","twitter_card":"summary_large_image","twitter_misc":{"Escrit per":"fundacionmdp","Temps estimat de lectura":"5 minuts"},"schema":{"@context":"https:\/\/schema.org","@graph":[{"@type":"Article","@id":"https:\/\/www.fundacionmdp.org\/ca\/ajuts-per-a-la-millora-de-laccessibilitat-en-edificis-per-a-persones-amb-mobilitat-reduida\/#article","isPartOf":{"@id":"https:\/\/www.fundacionmdp.org\/ca\/ajuts-per-a-la-millora-de-laccessibilitat-en-edificis-per-a-persones-amb-mobilitat-reduida\/"},"author":{"name":"fundacionmdp","@id":"https:\/\/www.fundacionmdp.org\/#\/schema\/person\/12f9af801cac25dfcb5a96cb0090f703"},"headline":"Ajuts per a la millora de l&#8217;accessibilitat en edificis per a persones amb mobilitat redu\u00efda","datePublished":"2022-12-07T07:18:28+00:00","dateModified":"2023-05-15T10:22:01+00:00","mainEntityOfPage":{"@id":"https:\/\/www.fundacionmdp.org\/ca\/ajuts-per-a-la-millora-de-laccessibilitat-en-edificis-per-a-persones-amb-mobilitat-reduida\/"},"wordCount":1031,"commentCount":0,"publisher":{"@id":"https:\/\/www.fundacionmdp.org\/#organization"},"image":{"@id":"https:\/\/www.fundacionmdp.org\/ca\/ajuts-per-a-la-millora-de-laccessibilitat-en-edificis-per-a-persones-amb-mobilitat-reduida\/#primaryimage"},"thumbnailUrl":"https:\/\/www.fundacionmdp.org\/wp-content\/uploads\/2022\/12\/Imagen-ayudas-Fundacion-scaled-1.jpg","articleSection":["Sin categorizar"],"inLanguage":"ca","potentialAction":[{"@type":"CommentAction","name":"Comment","target":["https:\/\/www.fundacionmdp.org\/ca\/ajuts-per-a-la-millora-de-laccessibilitat-en-edificis-per-a-persones-amb-mobilitat-reduida\/#respond"]}]},{"@type":"WebPage","@id":"https:\/\/www.fundacionmdp.org\/ca\/ajuts-per-a-la-millora-de-laccessibilitat-en-edificis-per-a-persones-amb-mobilitat-reduida\/","url":"https:\/\/www.fundacionmdp.org\/ca\/ajuts-per-a-la-millora-de-laccessibilitat-en-edificis-per-a-persones-amb-mobilitat-reduida\/","name":"Ajuts per a la millora de l'accessibilitat en edificis per a persones amb mobilitat redu\u00efda - Fundaci\u00f3n Mutua de Propietarios","isPartOf":{"@id":"https:\/\/www.fundacionmdp.org\/#website"},"primaryImageOfPage":{"@id":"https:\/\/www.fundacionmdp.org\/ca\/ajuts-per-a-la-millora-de-laccessibilitat-en-edificis-per-a-persones-amb-mobilitat-reduida\/#primaryimage"},"image":{"@id":"https:\/\/www.fundacionmdp.org\/ca\/ajuts-per-a-la-millora-de-laccessibilitat-en-edificis-per-a-persones-amb-mobilitat-reduida\/#primaryimage"},"thumbnailUrl":"https:\/\/www.fundacionmdp.org\/wp-content\/uploads\/2022\/12\/Imagen-ayudas-Fundacion-scaled-1.jpg","datePublished":"2022-12-07T07:18:28+00:00","dateModified":"2023-05-15T10:22:01+00:00","breadcrumb":{"@id":"https:\/\/www.fundacionmdp.org\/ca\/ajuts-per-a-la-millora-de-laccessibilitat-en-edificis-per-a-persones-amb-mobilitat-reduida\/#breadcrumb"},"inLanguage":"ca","potentialAction":[{"@type":"ReadAction","target":["https:\/\/www.fundacionmdp.org\/ca\/ajuts-per-a-la-millora-de-laccessibilitat-en-edificis-per-a-persones-amb-mobilitat-reduida\/"]}]},{"@type":"ImageObject","inLanguage":"ca","@id":"https:\/\/www.fundacionmdp.org\/ca\/ajuts-per-a-la-millora-de-laccessibilitat-en-edificis-per-a-persones-amb-mobilitat-reduida\/#primaryimage","url":"https:\/\/www.fundacionmdp.org\/wp-content\/uploads\/2022\/12\/Imagen-ayudas-Fundacion-scaled-1.jpg","contentUrl":"https:\/\/www.fundacionmdp.org\/wp-content\/uploads\/2022\/12\/Imagen-ayudas-Fundacion-scaled-1.jpg","width":2560,"height":1707},{"@type":"BreadcrumbList","@id":"https:\/\/www.fundacionmdp.org\/ca\/ajuts-per-a-la-millora-de-laccessibilitat-en-edificis-per-a-persones-amb-mobilitat-reduida\/#breadcrumb","itemListElement":[{"@type":"ListItem","position":1,"name":"Home","item":"https:\/\/www.fundacionmdp.org\/ca\/"},{"@type":"ListItem","position":2,"name":"Ajuts per a la millora de l&#8217;accessibilitat en edificis per a persones amb mobilitat redu\u00efda"}]},{"@type":"WebSite","@id":"https:\/\/www.fundacionmdp.org\/#website","url":"https:\/\/www.fundacionmdp.org\/","name":"Fundaci\u00f3n Mutua de Propietarios","description":"En la Fundaci\u00f3n Mutua de Propietarios te ayudamos a convertir tu edificio de viviendas en un espacio sin barreras arquitect\u00f3nicas.","publisher":{"@id":"https:\/\/www.fundacionmdp.org\/#organization"},"potentialAction":[{"@type":"SearchAction","target":{"@type":"EntryPoint","urlTemplate":"https:\/\/www.fundacionmdp.org\/?s={search_term_string}"},"query-input":{"@type":"PropertyValueSpecification","valueRequired":true,"valueName":"search_term_string"}}],"inLanguage":"ca"},{"@type":"Organization","@id":"https:\/\/www.fundacionmdp.org\/#organization","name":"Fundaci\u00f3n Mutua de Propietarios","url":"https:\/\/www.fundacionmdp.org\/","logo":{"@type":"ImageObject","inLanguage":"ca","@id":"https:\/\/www.fundacionmdp.org\/#\/schema\/logo\/image\/","url":"https:\/\/www.fundacionmdp.org\/wp-content\/uploads\/2023\/05\/logo_FMdP_cat.png","contentUrl":"https:\/\/www.fundacionmdp.org\/wp-content\/uploads\/2023\/05\/logo_FMdP_cat.png","width":655,"height":297,"caption":"Fundaci\u00f3n Mutua de Propietarios"},"image":{"@id":"https:\/\/www.fundacionmdp.org\/#\/schema\/logo\/image\/"}},{"@type":"Person","@id":"https:\/\/www.fundacionmdp.org\/#\/schema\/person\/12f9af801cac25dfcb5a96cb0090f703","name":"fundacionmdp","image":{"@type":"ImageObject","inLanguage":"ca","@id":"https:\/\/secure.gravatar.com\/avatar\/b540f93d1816a14d85e51109d050c3243b98fb660a665f517a6d2597cff3bbed?s=96&d=mm&r=g","url":"https:\/\/secure.gravatar.com\/avatar\/b540f93d1816a14d85e51109d050c3243b98fb660a665f517a6d2597cff3bbed?s=96&d=mm&r=g","contentUrl":"https:\/\/secure.gravatar.com\/avatar\/b540f93d1816a14d85e51109d050c3243b98fb660a665f517a6d2597cff3bbed?s=96&d=mm&r=g","caption":"fundacionmdp"},"sameAs":["http:\/\/prezuk.com.mialias.net\/fundacionmdp"],"url":"https:\/\/www.fundacionmdp.org\/ca\/author\/fundacionmdp\/"}]}},"_links":{"self":[{"href":"https:\/\/www.fundacionmdp.org\/ca\/wp-json\/wp\/v2\/posts\/6293","targetHints":{"allow":["GET"]}}],"collection":[{"href":"https:\/\/www.fundacionmdp.org\/ca\/wp-json\/wp\/v2\/posts"}],"about":[{"href":"https:\/\/www.fundacionmdp.org\/ca\/wp-json\/wp\/v2\/types\/post"}],"author":[{"embeddable":true,"href":"https:\/\/www.fundacionmdp.org\/ca\/wp-json\/wp\/v2\/users\/1"}],"replies":[{"embeddable":true,"href":"https:\/\/www.fundacionmdp.org\/ca\/wp-json\/wp\/v2\/comments?post=6293"}],"version-history":[{"count":2,"href":"https:\/\/www.fundacionmdp.org\/ca\/wp-json\/wp\/v2\/posts\/6293\/revisions"}],"predecessor-version":[{"id":7178,"href":"https:\/\/www.fundacionmdp.org\/ca\/wp-json\/wp\/v2\/posts\/6293\/revisions\/7178"}],"wp:featuredmedia":[{"embeddable":true,"href":"https:\/\/www.fundacionmdp.org\/ca\/wp-json\/wp\/v2\/media\/7176"}],"wp:attachment":[{"href":"https:\/\/www.fundacionmdp.org\/ca\/wp-json\/wp\/v2\/media?parent=6293"}],"wp:term":[{"taxonomy":"category","embeddable":true,"href":"https:\/\/www.fundacionmdp.org\/ca\/wp-json\/wp\/v2\/categories?post=6293"},{"taxonomy":"post_tag","embeddable":true,"href":"https:\/\/www.fundacionmdp.org\/ca\/wp-json\/wp\/v2\/tags?post=6293"}],"curies":[{"name":"wp","href":"https:\/\/api.w.org\/{rel}","templated":true}]}}