{"id":6338,"date":"2023-02-21T11:23:32","date_gmt":"2023-02-21T10:23:32","guid":{"rendered":"https:\/\/www.fundacionmdp.org\/?p=6338"},"modified":"2023-05-15T10:23:33","modified_gmt":"2023-05-15T10:23:33","slug":"com-ajuden-les-noves-tecnologies-als-edificis-i-llars-de-les-persones-amb-mobilitat-reduida","status":"publish","type":"post","link":"https:\/\/www.fundacionmdp.org\/ca\/com-ajuden-les-noves-tecnologies-als-edificis-i-llars-de-les-persones-amb-mobilitat-reduida\/","title":{"rendered":"Com ajuden les noves tecnologies als edificis i llars de les persones amb mobilitat redu\u00efda?"},"content":{"rendered":"<p>L<strong>&#8216; accessibilitat a l&#8217; habitatge <\/strong>\u00e9s un <strong>dret universal<\/strong>, per la qual cosa els habitatges i els seus espais comunitaris han de tenir els recursos necessaris perqu\u00e8 tota persona hi pugui accedir. &nbsp;L&#8217;arquitectura d&#8217;aquest segle, incloent-hi les reformes, ha d&#8217;incorporar&nbsp; l&#8217;accessibilitat com un element imperceptible d&#8217;aquesta, aix\u00ed que, ha de formar part del nostre entorn sense que es noti. No obstant aix\u00f2, la realitat \u00e9s diferent, ja que hi ha<strong> persones amb mobilitat redu\u00efda <\/strong>a les quals els resulta pr\u00e0cticament impossible accedir al seu edifici ja que aquests tenen barreres arquitect\u00f2niques i no compten amb els mitjans ni recursos necessaris, com ascensors, rampes i\/o portes autom\u00e0tiques, per moure\u2019s amb autonomia.<\/p>\n<p>Quan parlem <strong>d&#8217;accessibilitat en edificis i habitatges<\/strong> ens referim a, els elements que faciliten l&#8217;acc\u00e9s aut\u00f2nom i la mobilitat per l&#8217;edifici a les persones que compten amb dificultats a llarg termini o temporals d&#8217;afectaci\u00f3 a la mobilitat o, per contra, a l&#8217;eliminaci\u00f3 d&#8217;elements arquitect\u00f2nics que s\u00f3n el seu gran obstacle per a la seva vital autonomia.<\/p>\n<p>L&#8217;accessibilitat dins i fora de l&#8217;habitatge t\u00e9 molts matisos, no nom\u00e9s el d&#8217;accedir als edificis i habitatges, tamb\u00e9 encendre els llums del vest\u00edbul, recollir les cartes de la b\u00fastia, encendre l&#8217;equip de m\u00fasica o regular la temperatura de la casa. S\u00f3n moltes les activitats quotidianes que requereixen de mitjans i recursos per realitzar amb total mobilitat i autonomia i, les noves tecnologies poden ajudar a les persones amb mobilitat redu\u00efda a realitzar-les sense dependre d&#8217;una altra persona de confian\u00e7a constantment.<\/p>\n<p>A <a href=\"https:\/\/www.fundacionmdp.org\/\"><strong>Fundaci\u00f3 M\u00fatua de Propietaris<\/strong><\/a> sabem de la import\u00e0ncia de la tecnologia i la innovaci\u00f3 <strong>per ajudar les persones amb mobilitat redu\u00efda<\/strong> a accedir a aquests espais comuns i individuals i realitzar totes les accions pertinents.<\/p>\n<h2><\/h2>\n<h2>Quines s\u00f3n les noves tecnologies en edificis i llars que poden ser \u00fatils a les persones amb mobilitat redu\u00efda?<\/h2>\n<p>Les noves tecnologies han beneficiat en qualitat de vida de les persones amb mobilitat redu\u00efda i\/o alguna discapacitat f\u00edsica. En refer\u00e8ncia a habitatges i edificis, els han facilitat una vida m\u00e9s aut\u00f2noma, c\u00f2moda i senzilla sense haver de dependre cont\u00ednuament d&#8217;una altra persona de confian\u00e7a.<\/p>\n<p>Entre les<strong> innovacions tecnol\u00f2giques<\/strong> m\u00e9s eficients podem trobar sistemes d&#8217;automatitzaci\u00f3 de l&#8217;habitatge, dispositius de seguiment, ajuda amb assist\u00e8ncia de veu i robots d&#8217;assist\u00e8ncia.<\/p>\n<p>Definim-los m\u00e9s a fons:<\/p>\n<ul>\n<li><strong>Automatitzaci\u00f3 de l&#8217;habitatge<\/strong>: un dels grans avantatges de l&#8217;automatitzaci\u00f3 de l&#8217;habitatge \u00e9s que les persones poden controlar de forma senzilla els sistemes de climatitzaci\u00f3, seguretat i il\u00b7luminaci\u00f3 de les seves cases a trav\u00e9s d&#8217;una aplicaci\u00f3 m\u00f2bil o d&#8217;un comandament. Una tecnologia \u00fatil per a les persones a les quals els costi moure&#8217;s per regular la temperatura de la llar, apagar els llums o connectar el sistema de seguretat. A m\u00e9s, entre els seus avantatges podem destacar que hi ha alguns sistemes d&#8217;automatitzaci\u00f3 que tenen l&#8217;opci\u00f3 d&#8217;enlla\u00e7ar-se amb dispositius de seguiment per garantir la seguretat de les persones.<\/li>\n<li><strong>Assist\u00e8ncia de veu<\/strong>: per a aix\u00f2, no cal tenir a m\u00e0 un teclat o una pantalla. N&#8217;hi ha prou amb donar una ordre vocal a un assistent virtual com pot ser Google Home. Per exemple, \u00e9s \u00fatil a l&#8217;hora d&#8217;ordenar l&#8217;encesa o apagat de llums o pujar o baixar el volum d&#8217;algun dispositiu, sigui la televisi\u00f3, la m\u00fasica, entre d&#8217;altres.<\/li>\n<li><strong>Tasques dom\u00e8stiques amb robots<\/strong>: A casa hi ha altres tasques di\u00e0ries i rutin\u00e0ries que a les persones amb alguna diversitat funcional els pot costar, com per exemple podria ser, agafar algun objecte del terra, doblegar la roba, netejar el terra, posar la taula o estirar-se i aixecar-se del llit.<\/li>\n<li><strong>Aplicacions per mesurar l&#8217;accessibilitat de les comunitats de ve\u00efns<\/strong>: La tecnologia i la Intel\u00b7lig\u00e8ncia Artificial poden facilitar la detecci\u00f3 de barreres arquitect\u00f2niques i millorar l&#8217;arquitectura dels edificis si s\u2019inverteixen els recursos necessaris en seguretat i accessibilitat per a tothom. Amb l&#8217;aplicaci\u00f3 per a m\u00f2bils &#8220;Zero Barreres&#8221;, de Fundaci\u00f3 M\u00fatua de Propietaris, els usuaris poden mesurar amb el seu propi m\u00f2bil de forma r\u00e0pida i senzilla els elements del seu edifici i saber on invertir els recursos per millorar l&#8217;accessibilitat, si fos necessari.<\/li>\n<li><a href=\"https:\/\/www.fundacionmdp.org\/rampas3d\/\"><strong>Rampes 3D<\/strong><\/a>: es tracta d&#8217; una soluci\u00f3 sostenible i tecnol\u00f2gica per als edificis que tenen rampes en els accessos als vest\u00edbuls o altres entorns comuns en les comunitats de ve\u00efns. Les rampes 3D estan impreses amb materials ecol\u00f2gics, antilliscants i s\u00f3n ideals per als vest\u00edbuls amb esglaons com a \u00fanic obstacle. &nbsp;Es col\u00b7loquen com si fossin peces lego-encaixables, evitant les obres, el soroll i la pols.<\/li>\n<\/ul>\n<p>&nbsp;<\/p>\n<p>A <strong>Fundaci\u00f3 M\u00fatua de Propietaris<\/strong> treballem per millorar la qualitat de vida de les persones amb mobilitat redu\u00efda i\/o alguna discapacitat amb grau d&#8217;afectaci\u00f3 a la mobilitat a trav\u00e9s de la <strong>millora de l&#8217;accessibilitat al seu edifici<\/strong> i el seu entorn. Treballem en la inclusi\u00f3 social, l&#8217;accessibilitat i la innovaci\u00f3 per fer de l&#8217;accessibilitat un dret universal.<\/p>\n<p>Si necessites ajuda o vols saber m\u00e9s sobre les nostres activitats, posa&#8217;t en contacte amb nosaltres.<\/p>\n","protected":false},"excerpt":{"rendered":"<p>L&#8216; accessibilitat a l&#8217; habitatge \u00e9s un dret universal, per la qual cosa els habitatges i els seus espais comunitaris han de tenir els recursos necessaris perqu\u00e8 tota persona hi pugui accedir. &nbsp;L&#8217;arquitectura d&#8217;aquest segle, incloent-hi les reformes, ha d&#8217;incorporar&nbsp; l&#8217;accessibilitat com un element imperceptible d&#8217;aquesta, aix\u00ed que, ha de formar part del nostre entorn [&hellip;]<\/p>\n","protected":false},"author":1,"featured_media":7180,"comment_status":"open","ping_status":"open","sticky":false,"template":"","format":"standard","meta":{"_acf_changed":false,"ocean_post_layout":"","ocean_both_sidebars_style":"","ocean_both_sidebars_content_width":0,"ocean_both_sidebars_sidebars_width":0,"ocean_sidebar":"0","ocean_second_sidebar":"0","ocean_disable_margins":"enable","ocean_add_body_class":"","ocean_shortcode_before_top_bar":"","ocean_shortcode_after_top_bar":"","ocean_shortcode_before_header":"","ocean_shortcode_after_header":"","ocean_has_shortcode":"","ocean_shortcode_after_title":"","ocean_shortcode_before_footer_widgets":"","ocean_shortcode_after_footer_widgets":"","ocean_shortcode_before_footer_bottom":"","ocean_shortcode_after_footer_bottom":"","ocean_display_top_bar":"default","ocean_display_header":"default","ocean_header_style":"","ocean_center_header_left_menu":"0","ocean_custom_header_template":"0","ocean_custom_logo":0,"ocean_custom_retina_logo":0,"ocean_custom_logo_max_width":0,"ocean_custom_logo_tablet_max_width":0,"ocean_custom_logo_mobile_max_width":0,"ocean_custom_logo_max_height":0,"ocean_custom_logo_tablet_max_height":0,"ocean_custom_logo_mobile_max_height":0,"ocean_header_custom_menu":"0","ocean_menu_typo_font_family":"0","ocean_menu_typo_font_subset":"","ocean_menu_typo_font_size":0,"ocean_menu_typo_font_size_tablet":0,"ocean_menu_typo_font_size_mobile":0,"ocean_menu_typo_font_size_unit":"px","ocean_menu_typo_font_weight":"","ocean_menu_typo_font_weight_tablet":"","ocean_menu_typo_font_weight_mobile":"","ocean_menu_typo_transform":"","ocean_menu_typo_transform_tablet":"","ocean_menu_typo_transform_mobile":"","ocean_menu_typo_line_height":0,"ocean_menu_typo_line_height_tablet":0,"ocean_menu_typo_line_height_mobile":0,"ocean_menu_typo_line_height_unit":"","ocean_menu_typo_spacing":0,"ocean_menu_typo_spacing_tablet":0,"ocean_menu_typo_spacing_mobile":0,"ocean_menu_typo_spacing_unit":"","ocean_menu_link_color":"","ocean_menu_link_color_hover":"","ocean_menu_link_color_active":"","ocean_menu_link_background":"","ocean_menu_link_hover_background":"","ocean_menu_link_active_background":"","ocean_menu_social_links_bg":"","ocean_menu_social_hover_links_bg":"","ocean_menu_social_links_color":"","ocean_menu_social_hover_links_color":"","ocean_disable_title":"default","ocean_disable_heading":"default","ocean_post_title":"","ocean_post_subheading":"","ocean_post_title_style":"","ocean_post_title_background_color":"","ocean_post_title_background":0,"ocean_post_title_bg_image_position":"","ocean_post_title_bg_image_attachment":"","ocean_post_title_bg_image_repeat":"","ocean_post_title_bg_image_size":"","ocean_post_title_height":0,"ocean_post_title_bg_overlay":0.5,"ocean_post_title_bg_overlay_color":"","ocean_disable_breadcrumbs":"default","ocean_breadcrumbs_color":"","ocean_breadcrumbs_separator_color":"","ocean_breadcrumbs_links_color":"","ocean_breadcrumbs_links_hover_color":"","ocean_display_footer_widgets":"default","ocean_display_footer_bottom":"default","ocean_custom_footer_template":"0","ocean_post_oembed":"","ocean_post_self_hosted_media":"","ocean_post_video_embed":"","ocean_link_format":"","ocean_link_format_target":"self","ocean_quote_format":"","ocean_quote_format_link":"post","ocean_gallery_link_images":"off","ocean_gallery_id":[],"footnotes":""},"categories":[1],"tags":[],"class_list":["post-6338","post","type-post","status-publish","format-standard","has-post-thumbnail","hentry","category-sin-categorizar","entry","has-media"],"acf":[],"yoast_head":"<!-- This site is optimized with the Yoast SEO plugin v27.3 - https:\/\/yoast.com\/product\/yoast-seo-wordpress\/ -->\n<title>Com ajuden les noves tecnologies als edificis i llars de les persones amb mobilitat redu\u00efda? - Fundaci\u00f3n Mutua de Propietarios<\/title>\n<meta name=\"robots\" content=\"index, follow, max-snippet:-1, max-image-preview:large, max-video-preview:-1\" \/>\n<link rel=\"canonical\" href=\"https:\/\/www.fundacionmdp.org\/ca\/com-ajuden-les-noves-tecnologies-als-edificis-i-llars-de-les-persones-amb-mobilitat-reduida\/\" \/>\n<meta property=\"og:locale\" content=\"ca_ES\" \/>\n<meta property=\"og:type\" content=\"article\" \/>\n<meta property=\"og:title\" content=\"Com ajuden les noves tecnologies als edificis i llars de les persones amb mobilitat redu\u00efda? - Fundaci\u00f3n Mutua de Propietarios\" \/>\n<meta property=\"og:description\" content=\"L&#8216; accessibilitat a l&#8217; habitatge \u00e9s un dret universal, per la qual cosa els habitatges i els seus espais comunitaris han de tenir els recursos necessaris perqu\u00e8 tota persona hi pugui accedir. &nbsp;L&#8217;arquitectura d&#8217;aquest segle, incloent-hi les reformes, ha d&#8217;incorporar&nbsp; l&#8217;accessibilitat com un element imperceptible d&#8217;aquesta, aix\u00ed que, ha de formar part del nostre entorn [&hellip;]\" \/>\n<meta property=\"og:url\" content=\"https:\/\/www.fundacionmdp.org\/ca\/com-ajuden-les-noves-tecnologies-als-edificis-i-llars-de-les-persones-amb-mobilitat-reduida\/\" \/>\n<meta property=\"og:site_name\" content=\"Fundaci\u00f3n Mutua de Propietarios\" \/>\n<meta property=\"article:published_time\" content=\"2023-02-21T10:23:32+00:00\" \/>\n<meta property=\"article:modified_time\" content=\"2023-05-15T10:23:33+00:00\" \/>\n<meta property=\"og:image\" content=\"https:\/\/www.fundacionmdp.org\/wp-content\/uploads\/2023\/02\/Imagen-para-articulo-tecnologias-.jpg\" \/>\n\t<meta property=\"og:image:width\" content=\"1000\" \/>\n\t<meta property=\"og:image:height\" content=\"667\" \/>\n\t<meta property=\"og:image:type\" content=\"image\/jpeg\" \/>\n<meta name=\"author\" content=\"fundacionmdp\" \/>\n<meta name=\"twitter:card\" content=\"summary_large_image\" \/>\n<meta name=\"twitter:label1\" content=\"Escrit per\" \/>\n\t<meta name=\"twitter:data1\" content=\"fundacionmdp\" \/>\n\t<meta name=\"twitter:label2\" content=\"Temps estimat de lectura\" \/>\n\t<meta name=\"twitter:data2\" content=\"4 minuts\" \/>\n<script type=\"application\/ld+json\" class=\"yoast-schema-graph\">{\"@context\":\"https:\\\/\\\/schema.org\",\"@graph\":[{\"@type\":\"Article\",\"@id\":\"https:\\\/\\\/www.fundacionmdp.org\\\/ca\\\/com-ajuden-les-noves-tecnologies-als-edificis-i-llars-de-les-persones-amb-mobilitat-reduida\\\/#article\",\"isPartOf\":{\"@id\":\"https:\\\/\\\/www.fundacionmdp.org\\\/ca\\\/com-ajuden-les-noves-tecnologies-als-edificis-i-llars-de-les-persones-amb-mobilitat-reduida\\\/\"},\"author\":{\"name\":\"fundacionmdp\",\"@id\":\"https:\\\/\\\/www.fundacionmdp.org\\\/#\\\/schema\\\/person\\\/12f9af801cac25dfcb5a96cb0090f703\"},\"headline\":\"Com ajuden les noves tecnologies als edificis i llars de les persones amb mobilitat redu\u00efda?\",\"datePublished\":\"2023-02-21T10:23:32+00:00\",\"dateModified\":\"2023-05-15T10:23:33+00:00\",\"mainEntityOfPage\":{\"@id\":\"https:\\\/\\\/www.fundacionmdp.org\\\/ca\\\/com-ajuden-les-noves-tecnologies-als-edificis-i-llars-de-les-persones-amb-mobilitat-reduida\\\/\"},\"wordCount\":931,\"commentCount\":0,\"publisher\":{\"@id\":\"https:\\\/\\\/www.fundacionmdp.org\\\/#organization\"},\"image\":{\"@id\":\"https:\\\/\\\/www.fundacionmdp.org\\\/ca\\\/com-ajuden-les-noves-tecnologies-als-edificis-i-llars-de-les-persones-amb-mobilitat-reduida\\\/#primaryimage\"},\"thumbnailUrl\":\"https:\\\/\\\/www.fundacionmdp.org\\\/wp-content\\\/uploads\\\/2023\\\/02\\\/Imagen-para-articulo-tecnologias-.jpg\",\"articleSection\":[\"Sin categorizar\"],\"inLanguage\":\"ca\",\"potentialAction\":[{\"@type\":\"CommentAction\",\"name\":\"Comment\",\"target\":[\"https:\\\/\\\/www.fundacionmdp.org\\\/ca\\\/com-ajuden-les-noves-tecnologies-als-edificis-i-llars-de-les-persones-amb-mobilitat-reduida\\\/#respond\"]}]},{\"@type\":\"WebPage\",\"@id\":\"https:\\\/\\\/www.fundacionmdp.org\\\/ca\\\/com-ajuden-les-noves-tecnologies-als-edificis-i-llars-de-les-persones-amb-mobilitat-reduida\\\/\",\"url\":\"https:\\\/\\\/www.fundacionmdp.org\\\/ca\\\/com-ajuden-les-noves-tecnologies-als-edificis-i-llars-de-les-persones-amb-mobilitat-reduida\\\/\",\"name\":\"Com ajuden les noves tecnologies als edificis i llars de les persones amb mobilitat redu\u00efda? - Fundaci\u00f3n Mutua de Propietarios\",\"isPartOf\":{\"@id\":\"https:\\\/\\\/www.fundacionmdp.org\\\/#website\"},\"primaryImageOfPage\":{\"@id\":\"https:\\\/\\\/www.fundacionmdp.org\\\/ca\\\/com-ajuden-les-noves-tecnologies-als-edificis-i-llars-de-les-persones-amb-mobilitat-reduida\\\/#primaryimage\"},\"image\":{\"@id\":\"https:\\\/\\\/www.fundacionmdp.org\\\/ca\\\/com-ajuden-les-noves-tecnologies-als-edificis-i-llars-de-les-persones-amb-mobilitat-reduida\\\/#primaryimage\"},\"thumbnailUrl\":\"https:\\\/\\\/www.fundacionmdp.org\\\/wp-content\\\/uploads\\\/2023\\\/02\\\/Imagen-para-articulo-tecnologias-.jpg\",\"datePublished\":\"2023-02-21T10:23:32+00:00\",\"dateModified\":\"2023-05-15T10:23:33+00:00\",\"breadcrumb\":{\"@id\":\"https:\\\/\\\/www.fundacionmdp.org\\\/ca\\\/com-ajuden-les-noves-tecnologies-als-edificis-i-llars-de-les-persones-amb-mobilitat-reduida\\\/#breadcrumb\"},\"inLanguage\":\"ca\",\"potentialAction\":[{\"@type\":\"ReadAction\",\"target\":[\"https:\\\/\\\/www.fundacionmdp.org\\\/ca\\\/com-ajuden-les-noves-tecnologies-als-edificis-i-llars-de-les-persones-amb-mobilitat-reduida\\\/\"]}]},{\"@type\":\"ImageObject\",\"inLanguage\":\"ca\",\"@id\":\"https:\\\/\\\/www.fundacionmdp.org\\\/ca\\\/com-ajuden-les-noves-tecnologies-als-edificis-i-llars-de-les-persones-amb-mobilitat-reduida\\\/#primaryimage\",\"url\":\"https:\\\/\\\/www.fundacionmdp.org\\\/wp-content\\\/uploads\\\/2023\\\/02\\\/Imagen-para-articulo-tecnologias-.jpg\",\"contentUrl\":\"https:\\\/\\\/www.fundacionmdp.org\\\/wp-content\\\/uploads\\\/2023\\\/02\\\/Imagen-para-articulo-tecnologias-.jpg\",\"width\":1000,\"height\":667},{\"@type\":\"BreadcrumbList\",\"@id\":\"https:\\\/\\\/www.fundacionmdp.org\\\/ca\\\/com-ajuden-les-noves-tecnologies-als-edificis-i-llars-de-les-persones-amb-mobilitat-reduida\\\/#breadcrumb\",\"itemListElement\":[{\"@type\":\"ListItem\",\"position\":1,\"name\":\"Home\",\"item\":\"https:\\\/\\\/www.fundacionmdp.org\\\/ca\\\/\"},{\"@type\":\"ListItem\",\"position\":2,\"name\":\"Com ajuden les noves tecnologies als edificis i llars de les persones amb mobilitat redu\u00efda?\"}]},{\"@type\":\"WebSite\",\"@id\":\"https:\\\/\\\/www.fundacionmdp.org\\\/#website\",\"url\":\"https:\\\/\\\/www.fundacionmdp.org\\\/\",\"name\":\"Fundaci\u00f3n Mutua de Propietarios\",\"description\":\"En la Fundaci\u00f3n Mutua de Propietarios te ayudamos a convertir tu edificio de viviendas en un espacio sin barreras arquitect\u00f3nicas.\",\"publisher\":{\"@id\":\"https:\\\/\\\/www.fundacionmdp.org\\\/#organization\"},\"potentialAction\":[{\"@type\":\"SearchAction\",\"target\":{\"@type\":\"EntryPoint\",\"urlTemplate\":\"https:\\\/\\\/www.fundacionmdp.org\\\/?s={search_term_string}\"},\"query-input\":{\"@type\":\"PropertyValueSpecification\",\"valueRequired\":true,\"valueName\":\"search_term_string\"}}],\"inLanguage\":\"ca\"},{\"@type\":\"Organization\",\"@id\":\"https:\\\/\\\/www.fundacionmdp.org\\\/#organization\",\"name\":\"Fundaci\u00f3n Mutua de Propietarios\",\"url\":\"https:\\\/\\\/www.fundacionmdp.org\\\/\",\"logo\":{\"@type\":\"ImageObject\",\"inLanguage\":\"ca\",\"@id\":\"https:\\\/\\\/www.fundacionmdp.org\\\/#\\\/schema\\\/logo\\\/image\\\/\",\"url\":\"https:\\\/\\\/www.fundacionmdp.org\\\/wp-content\\\/uploads\\\/2023\\\/05\\\/logo_FMdP_cat.png\",\"contentUrl\":\"https:\\\/\\\/www.fundacionmdp.org\\\/wp-content\\\/uploads\\\/2023\\\/05\\\/logo_FMdP_cat.png\",\"width\":655,\"height\":297,\"caption\":\"Fundaci\u00f3n Mutua de Propietarios\"},\"image\":{\"@id\":\"https:\\\/\\\/www.fundacionmdp.org\\\/#\\\/schema\\\/logo\\\/image\\\/\"}},{\"@type\":\"Person\",\"@id\":\"https:\\\/\\\/www.fundacionmdp.org\\\/#\\\/schema\\\/person\\\/12f9af801cac25dfcb5a96cb0090f703\",\"name\":\"fundacionmdp\",\"image\":{\"@type\":\"ImageObject\",\"inLanguage\":\"ca\",\"@id\":\"https:\\\/\\\/secure.gravatar.com\\\/avatar\\\/b540f93d1816a14d85e51109d050c3243b98fb660a665f517a6d2597cff3bbed?s=96&d=mm&r=g\",\"url\":\"https:\\\/\\\/secure.gravatar.com\\\/avatar\\\/b540f93d1816a14d85e51109d050c3243b98fb660a665f517a6d2597cff3bbed?s=96&d=mm&r=g\",\"contentUrl\":\"https:\\\/\\\/secure.gravatar.com\\\/avatar\\\/b540f93d1816a14d85e51109d050c3243b98fb660a665f517a6d2597cff3bbed?s=96&d=mm&r=g\",\"caption\":\"fundacionmdp\"},\"sameAs\":[\"http:\\\/\\\/prezuk.com.mialias.net\\\/fundacionmdp\"],\"url\":\"https:\\\/\\\/www.fundacionmdp.org\\\/ca\\\/author\\\/fundacionmdp\\\/\"}]}<\/script>\n<!-- \/ Yoast SEO plugin. -->","yoast_head_json":{"title":"Com ajuden les noves tecnologies als edificis i llars de les persones amb mobilitat redu\u00efda? - Fundaci\u00f3n Mutua de Propietarios","robots":{"index":"index","follow":"follow","max-snippet":"max-snippet:-1","max-image-preview":"max-image-preview:large","max-video-preview":"max-video-preview:-1"},"canonical":"https:\/\/www.fundacionmdp.org\/ca\/com-ajuden-les-noves-tecnologies-als-edificis-i-llars-de-les-persones-amb-mobilitat-reduida\/","og_locale":"ca_ES","og_type":"article","og_title":"Com ajuden les noves tecnologies als edificis i llars de les persones amb mobilitat redu\u00efda? - Fundaci\u00f3n Mutua de Propietarios","og_description":"L&#8216; accessibilitat a l&#8217; habitatge \u00e9s un dret universal, per la qual cosa els habitatges i els seus espais comunitaris han de tenir els recursos necessaris perqu\u00e8 tota persona hi pugui accedir. &nbsp;L&#8217;arquitectura d&#8217;aquest segle, incloent-hi les reformes, ha d&#8217;incorporar&nbsp; l&#8217;accessibilitat com un element imperceptible d&#8217;aquesta, aix\u00ed que, ha de formar part del nostre entorn [&hellip;]","og_url":"https:\/\/www.fundacionmdp.org\/ca\/com-ajuden-les-noves-tecnologies-als-edificis-i-llars-de-les-persones-amb-mobilitat-reduida\/","og_site_name":"Fundaci\u00f3n Mutua de Propietarios","article_published_time":"2023-02-21T10:23:32+00:00","article_modified_time":"2023-05-15T10:23:33+00:00","og_image":[{"width":1000,"height":667,"url":"https:\/\/www.fundacionmdp.org\/wp-content\/uploads\/2023\/02\/Imagen-para-articulo-tecnologias-.jpg","type":"image\/jpeg"}],"author":"fundacionmdp","twitter_card":"summary_large_image","twitter_misc":{"Escrit per":"fundacionmdp","Temps estimat de lectura":"4 minuts"},"schema":{"@context":"https:\/\/schema.org","@graph":[{"@type":"Article","@id":"https:\/\/www.fundacionmdp.org\/ca\/com-ajuden-les-noves-tecnologies-als-edificis-i-llars-de-les-persones-amb-mobilitat-reduida\/#article","isPartOf":{"@id":"https:\/\/www.fundacionmdp.org\/ca\/com-ajuden-les-noves-tecnologies-als-edificis-i-llars-de-les-persones-amb-mobilitat-reduida\/"},"author":{"name":"fundacionmdp","@id":"https:\/\/www.fundacionmdp.org\/#\/schema\/person\/12f9af801cac25dfcb5a96cb0090f703"},"headline":"Com ajuden les noves tecnologies als edificis i llars de les persones amb mobilitat redu\u00efda?","datePublished":"2023-02-21T10:23:32+00:00","dateModified":"2023-05-15T10:23:33+00:00","mainEntityOfPage":{"@id":"https:\/\/www.fundacionmdp.org\/ca\/com-ajuden-les-noves-tecnologies-als-edificis-i-llars-de-les-persones-amb-mobilitat-reduida\/"},"wordCount":931,"commentCount":0,"publisher":{"@id":"https:\/\/www.fundacionmdp.org\/#organization"},"image":{"@id":"https:\/\/www.fundacionmdp.org\/ca\/com-ajuden-les-noves-tecnologies-als-edificis-i-llars-de-les-persones-amb-mobilitat-reduida\/#primaryimage"},"thumbnailUrl":"https:\/\/www.fundacionmdp.org\/wp-content\/uploads\/2023\/02\/Imagen-para-articulo-tecnologias-.jpg","articleSection":["Sin categorizar"],"inLanguage":"ca","potentialAction":[{"@type":"CommentAction","name":"Comment","target":["https:\/\/www.fundacionmdp.org\/ca\/com-ajuden-les-noves-tecnologies-als-edificis-i-llars-de-les-persones-amb-mobilitat-reduida\/#respond"]}]},{"@type":"WebPage","@id":"https:\/\/www.fundacionmdp.org\/ca\/com-ajuden-les-noves-tecnologies-als-edificis-i-llars-de-les-persones-amb-mobilitat-reduida\/","url":"https:\/\/www.fundacionmdp.org\/ca\/com-ajuden-les-noves-tecnologies-als-edificis-i-llars-de-les-persones-amb-mobilitat-reduida\/","name":"Com ajuden les noves tecnologies als edificis i llars de les persones amb mobilitat redu\u00efda? - Fundaci\u00f3n Mutua de Propietarios","isPartOf":{"@id":"https:\/\/www.fundacionmdp.org\/#website"},"primaryImageOfPage":{"@id":"https:\/\/www.fundacionmdp.org\/ca\/com-ajuden-les-noves-tecnologies-als-edificis-i-llars-de-les-persones-amb-mobilitat-reduida\/#primaryimage"},"image":{"@id":"https:\/\/www.fundacionmdp.org\/ca\/com-ajuden-les-noves-tecnologies-als-edificis-i-llars-de-les-persones-amb-mobilitat-reduida\/#primaryimage"},"thumbnailUrl":"https:\/\/www.fundacionmdp.org\/wp-content\/uploads\/2023\/02\/Imagen-para-articulo-tecnologias-.jpg","datePublished":"2023-02-21T10:23:32+00:00","dateModified":"2023-05-15T10:23:33+00:00","breadcrumb":{"@id":"https:\/\/www.fundacionmdp.org\/ca\/com-ajuden-les-noves-tecnologies-als-edificis-i-llars-de-les-persones-amb-mobilitat-reduida\/#breadcrumb"},"inLanguage":"ca","potentialAction":[{"@type":"ReadAction","target":["https:\/\/www.fundacionmdp.org\/ca\/com-ajuden-les-noves-tecnologies-als-edificis-i-llars-de-les-persones-amb-mobilitat-reduida\/"]}]},{"@type":"ImageObject","inLanguage":"ca","@id":"https:\/\/www.fundacionmdp.org\/ca\/com-ajuden-les-noves-tecnologies-als-edificis-i-llars-de-les-persones-amb-mobilitat-reduida\/#primaryimage","url":"https:\/\/www.fundacionmdp.org\/wp-content\/uploads\/2023\/02\/Imagen-para-articulo-tecnologias-.jpg","contentUrl":"https:\/\/www.fundacionmdp.org\/wp-content\/uploads\/2023\/02\/Imagen-para-articulo-tecnologias-.jpg","width":1000,"height":667},{"@type":"BreadcrumbList","@id":"https:\/\/www.fundacionmdp.org\/ca\/com-ajuden-les-noves-tecnologies-als-edificis-i-llars-de-les-persones-amb-mobilitat-reduida\/#breadcrumb","itemListElement":[{"@type":"ListItem","position":1,"name":"Home","item":"https:\/\/www.fundacionmdp.org\/ca\/"},{"@type":"ListItem","position":2,"name":"Com ajuden les noves tecnologies als edificis i llars de les persones amb mobilitat redu\u00efda?"}]},{"@type":"WebSite","@id":"https:\/\/www.fundacionmdp.org\/#website","url":"https:\/\/www.fundacionmdp.org\/","name":"Fundaci\u00f3n Mutua de Propietarios","description":"En la Fundaci\u00f3n Mutua de Propietarios te ayudamos a convertir tu edificio de viviendas en un espacio sin barreras arquitect\u00f3nicas.","publisher":{"@id":"https:\/\/www.fundacionmdp.org\/#organization"},"potentialAction":[{"@type":"SearchAction","target":{"@type":"EntryPoint","urlTemplate":"https:\/\/www.fundacionmdp.org\/?s={search_term_string}"},"query-input":{"@type":"PropertyValueSpecification","valueRequired":true,"valueName":"search_term_string"}}],"inLanguage":"ca"},{"@type":"Organization","@id":"https:\/\/www.fundacionmdp.org\/#organization","name":"Fundaci\u00f3n Mutua de Propietarios","url":"https:\/\/www.fundacionmdp.org\/","logo":{"@type":"ImageObject","inLanguage":"ca","@id":"https:\/\/www.fundacionmdp.org\/#\/schema\/logo\/image\/","url":"https:\/\/www.fundacionmdp.org\/wp-content\/uploads\/2023\/05\/logo_FMdP_cat.png","contentUrl":"https:\/\/www.fundacionmdp.org\/wp-content\/uploads\/2023\/05\/logo_FMdP_cat.png","width":655,"height":297,"caption":"Fundaci\u00f3n Mutua de Propietarios"},"image":{"@id":"https:\/\/www.fundacionmdp.org\/#\/schema\/logo\/image\/"}},{"@type":"Person","@id":"https:\/\/www.fundacionmdp.org\/#\/schema\/person\/12f9af801cac25dfcb5a96cb0090f703","name":"fundacionmdp","image":{"@type":"ImageObject","inLanguage":"ca","@id":"https:\/\/secure.gravatar.com\/avatar\/b540f93d1816a14d85e51109d050c3243b98fb660a665f517a6d2597cff3bbed?s=96&d=mm&r=g","url":"https:\/\/secure.gravatar.com\/avatar\/b540f93d1816a14d85e51109d050c3243b98fb660a665f517a6d2597cff3bbed?s=96&d=mm&r=g","contentUrl":"https:\/\/secure.gravatar.com\/avatar\/b540f93d1816a14d85e51109d050c3243b98fb660a665f517a6d2597cff3bbed?s=96&d=mm&r=g","caption":"fundacionmdp"},"sameAs":["http:\/\/prezuk.com.mialias.net\/fundacionmdp"],"url":"https:\/\/www.fundacionmdp.org\/ca\/author\/fundacionmdp\/"}]}},"_links":{"self":[{"href":"https:\/\/www.fundacionmdp.org\/ca\/wp-json\/wp\/v2\/posts\/6338","targetHints":{"allow":["GET"]}}],"collection":[{"href":"https:\/\/www.fundacionmdp.org\/ca\/wp-json\/wp\/v2\/posts"}],"about":[{"href":"https:\/\/www.fundacionmdp.org\/ca\/wp-json\/wp\/v2\/types\/post"}],"author":[{"embeddable":true,"href":"https:\/\/www.fundacionmdp.org\/ca\/wp-json\/wp\/v2\/users\/1"}],"replies":[{"embeddable":true,"href":"https:\/\/www.fundacionmdp.org\/ca\/wp-json\/wp\/v2\/comments?post=6338"}],"version-history":[{"count":2,"href":"https:\/\/www.fundacionmdp.org\/ca\/wp-json\/wp\/v2\/posts\/6338\/revisions"}],"predecessor-version":[{"id":7182,"href":"https:\/\/www.fundacionmdp.org\/ca\/wp-json\/wp\/v2\/posts\/6338\/revisions\/7182"}],"wp:featuredmedia":[{"embeddable":true,"href":"https:\/\/www.fundacionmdp.org\/ca\/wp-json\/wp\/v2\/media\/7180"}],"wp:attachment":[{"href":"https:\/\/www.fundacionmdp.org\/ca\/wp-json\/wp\/v2\/media?parent=6338"}],"wp:term":[{"taxonomy":"category","embeddable":true,"href":"https:\/\/www.fundacionmdp.org\/ca\/wp-json\/wp\/v2\/categories?post=6338"},{"taxonomy":"post_tag","embeddable":true,"href":"https:\/\/www.fundacionmdp.org\/ca\/wp-json\/wp\/v2\/tags?post=6338"}],"curies":[{"name":"wp","href":"https:\/\/api.w.org\/{rel}","templated":true}]}}