{"id":6360,"date":"2023-03-23T12:06:45","date_gmt":"2023-03-23T12:06:45","guid":{"rendered":"https:\/\/www.fundacionmdp.org\/?p=6360"},"modified":"2023-05-15T10:25:36","modified_gmt":"2023-05-15T10:25:36","slug":"incorporacio-de-mesures-daccessibilitat-en-la-planificacio-i-construccio-de-nous-edificis","status":"publish","type":"post","link":"https:\/\/www.fundacionmdp.org\/ca\/incorporacio-de-mesures-daccessibilitat-en-la-planificacio-i-construccio-de-nous-edificis\/","title":{"rendered":"Incorporaci\u00f3 de mesures d&#8217;accessibilitat en la planificaci\u00f3 i construcci\u00f3 de nous edificis"},"content":{"rendered":"<p>En la <strong>planificaci\u00f3 i construcci\u00f3 de nous edificis<\/strong> cal tenir en compte les persones amb mobilitat redu\u00efda, amb alguna discapacitat i la gent gran, perqu\u00e8 l&#8217;acc\u00e9s als habitatges els resulti tan f\u00e0cil com a la resta. Per aix\u00f2, caldr\u00e0 veure quins elements s\u00f3n necessaris incloure en els edificis o, per contra, quins s\u00f3n millor eliminar ja que dificulten l&#8217;accessibilitat.<\/p>\n<p>En realitat, en la <strong>planificaci\u00f3 i construcci\u00f3 de nous edificis<\/strong> cal tenir en compte totes les persones, aix\u00f2 significa que les persones amb diversitat funcional tamb\u00e9 han d&#8217;estar incloses. Per exemple, persones amb mobilitat redu\u00efda, amb alguna discapacitat f\u00edsica, sensorial, intel\u00b7lectual, gent gran, etc. De vegades, moure&#8217;s amb elements com carrets de nadons o circumst\u00e0ncies com trencar-se una cama jugant a futbol, fa que veiem m\u00e9s visible el problema de la falta d&#8217;accessibilitat, aix\u00ed que, perqu\u00e8 l&#8217;acc\u00e9s als habitatges els resulti tan f\u00e0cil com a la resta de societat, l&#8217;arquitectura de l&#8217;edifici ha d&#8217; integrar l&#8217;accessibilitat per a tothom. Per aix\u00f2, caldr\u00e0 veure quins elements a tenir en compte i incloure en els edificis o, per contra, quins s\u00f3n els elements que incapaciten les persones cap a l&#8217;autonomia i evitar-los ja que dificulten l&#8217;accessibilitat.<\/p>\n<p>Rampes, salva escales i ascensors s\u00f3n els elements per excel\u00b7l\u00e8ncia que poden facilitar l&#8217;acc\u00e9s a l&#8217;habitatge. Les normatives vigents en la legislaci\u00f3 espanyola integren l&#8217;accessibilitat en els edificis de nova construcci\u00f3. Per exemple, tenir una rampa no \u00e9s s\u00edmbol d&#8217;accessibilitat si la rampa t\u00e9 un pendent superior al 6% en edificis nous.<\/p>\n<p>Des <a href=\"https:\/\/www.fundacionmdp.org\/\"><strong>de Fundaci\u00f3 M\u00fatua de Propietaris<\/strong><\/a> assenyalem quines s\u00f3n les <strong>mesures d&#8217;accessibilitat en la planificaci\u00f3 i construcci\u00f3 d&#8217;edificis<\/strong>.<\/p>\n<p>&nbsp;<\/p>\n<h2>Accessibilitat universal en nous edificis i habitatges<\/h2>\n<p>L<strong>&#8216;accessibilitat universal<\/strong> \u00e9s la condici\u00f3 que han de complir els entorns, processos, b\u00e9ns, productes i serveis, aix\u00ed com els objectes o instruments, eines i dispositius, per ser comprensibles, utilitzables i practicables per totes les persones en condicions de seguretat i comoditat i de la forma m\u00e9s aut\u00f2noma i natural possible. \u00c9s a dir, suposa que s&#8217;utilitza un &#8220;disseny per a tothom&#8221;, sigui quines siguin les condicions o circumst\u00e0ncies de la persona.<\/p>\n<p>Parlar d<strong>&#8216;accessibilitat universal en els nous edificis o habitatges<\/strong> implica, per tant, dissenyar i construir nous edificis i habitatges que s&#8217;adaptin a les necessitats de totes les persones per igual, especialment si s\u00f3n persones amb mobilitat redu\u00efda, discapacitat o gent gran. Qualsevol desnivell o barrera arquitect\u00f2nica que hi hagi en els edificis ha de poder ser superat aut\u00f2nomament per totes les persones, incloses &nbsp;totes les diversitats funcionals. Aix\u00f2 implica, per exemple, que en la construcci\u00f3 de nous edificis no s&#8217;han d&#8217;incloure esglaons al portal, o si s&#8217;hi inclouen, l&#8217;edifici ha de comptar amb una rampa en base a la normativa vigent respecte a l&#8217;accessibilitat.<\/p>\n<p>Incloure les persones amb mobilitat redu\u00efda significa tamb\u00e9 construir edificis o reformar-los perqu\u00e8 no se&#8217;ls dificulti el dia a dia a l&#8217;entrada i sortida dels seus habitatges i generar habitatges per a totes les fases de la vida.<\/p>\n<p>&nbsp;<\/p>\n<h2>Normativa en la nova construcci\u00f3 d&#8217; edificis<\/h2>\n<p>La Llei d&#8217;Igualtat, No Discriminaci\u00f3 i Accessibilitat Universal protegeix i garanteix els drets de les persones amb discapacitat. &nbsp;El seu objectiu \u00e9s establir mesures per garantir el <a href=\"http:\/\/discapnet2020.e-presentaciones.net\/derechos\">dret<\/a> a la igualtat d&#8217;oportunitats de les persones amb discapacitat. Per aix\u00f2, es basa en la no discriminaci\u00f3, l&#8217;acci\u00f3 positiva, i l&#8217;accessibilitat universal.<\/p>\n<p>Respecte a la planificaci\u00f3 i construcci\u00f3 de nous edificis, ambdues fases s&#8217;han de fer complint la legislaci\u00f3 relativa a l&#8217;accessibilitat, que s\u00f3n el <a href=\"https:\/\/www.boe.es\/boe\/dias\/2013\/12\/03\/pdfs\/BOE-A-2013-12632.pdf\"><strong>Reial Decret Legislatiu 1\/2013 <\/strong><\/a>on es recullen les sancions i les normes per a la igualtat de les persones amb discapacitat i el <a href=\"https:\/\/boe.es\/buscar\/act.php?id=BOE-A-2006-5515\"><strong>Codi T\u00e8cnic de l&#8217;Edificaci\u00f3 DB SUA Apartat 4.3<\/strong><\/a>, que indica quines han de ser les mesures de les rampes,&nbsp; aix\u00ed com les seves caracter\u00edstiques.<\/p>\n<p>Els articles del Reial Decret Legislatiu 1\/2013 on es fa refer\u00e8ncia a l&#8217;accessibilitat dels edificis s\u00f3n el 26.1 i el 32.4.<\/p>\n<p><strong>Article 26.1<\/strong>: &#8220;Les normes t\u00e8cniques sobre edificaci\u00f3 inclouran previsions relatives a les condicions m\u00ednimes que hauran de reunir els edificis de qualsevol tipus per permetre l&#8217;accessibilitat de les persones amb discapacitat&#8221;<\/p>\n<p><strong>Article 32.4<\/strong>: &#8220;Quan el projecte es refereixi a un conjunt d&#8217;edificis i instal\u00b7lacions que constitueixin un complex arquitect\u00f2nic, aquest es projectar\u00e0 i construir\u00e0 en condicions que permetin, en tot cas, l&#8217;accessibilitat de les persones amb discapacitat als diferents immobles i instal\u00b7lacions complement\u00e0ries&#8221;.<\/p>\n<p>&nbsp;<\/p>\n<h2>Elements d&#8217;instal\u00b7laci\u00f3 m\u00e9s comuns per a l&#8217;accessibilitat universal<\/h2>\n<p><strong>Rampes, salva escales i ascensors<\/strong> s\u00f3n els elements d&#8217;instal\u00b7laci\u00f3 m\u00e9s comuns per facilitar l&#8217;entrada i sortida de les persones amb algun tipus de mobilitat redu\u00efda als seus edificis i habitatges.<\/p>\n<p>Les rampes han de comptar amb les caracter\u00edstiques seg\u00fcents:<\/p>\n<ul>\n<li>Han de comptar amb passamans per facilitar el cam\u00ed d&#8217;un costat a l&#8217;altre. Si la rampa \u00e9s de m\u00e9s de 5,5 cm s&#8217;ha d&#8217; instal\u00b7lar obligat\u00f2riament en un dels seus costats. Si l&#8217;al\u00e7ada \u00e9s de m\u00e9s de 16,5 cm a banda i banda.<\/li>\n<li>El terra ha de ser antilliscant per garantir la seguretat.<\/li>\n<li>Estar fetes per professionals que s\u00e0piguen quines s\u00f3n les opcions a l&#8217;hora d&#8217;instal\u00b7lar-les.<\/li>\n<\/ul>\n<p>&nbsp;<\/p>\n<h2>Quines ajudes econ\u00f2miques existeixen per a la instal\u00b7laci\u00f3 d&#8217;elements d&#8217;accessibilitat en edificis?<\/h2>\n<p>Pel que fa als ajuts p\u00fablics, el<a href=\"https:\/\/www.mitma.gob.es\/el-ministerio\/campanas-de-publicidad-acciones-de-comunicacion-y-otros-eventos_new\/acciones-de-comunicacion-2022\/peav-2022-2025\"><strong> Pla Estatal d&#8217;Habitatge 2022-2025 <\/strong><\/a>engloba una s\u00e8rie d&#8217;ajuts per reformar els habitatges en cas que no comptin amb elements per facilitar l&#8217;accessibilitat a persones amb mobilitat redu\u00efda. Aquests ajuts s\u00f3n per a persones que tinguin una discapacitat igual o superior al 33%. Les subvencions s\u00f3n:<\/p>\n<ul>\n<li>Relacionades amb la conservaci\u00f3 exterior de l&#8217;edifici.<\/li>\n<li>Les que milloren l&#8217;accessibilitat (instal\u00b7laci\u00f3 d&#8217;ascensors, salva escales o rampes).<\/li>\n<li>Les que adapten l&#8217;interior de l&#8217;edifici per a les persones que compten amb alguna discapacitat.<\/li>\n<\/ul>\n<p>Pel que fa a les ajudes privades, a la Fundaci\u00f3 M\u00fatua de Propietaris, a trav\u00e9s del <strong>Programa d&#8217;Ajuts sense Barreres<\/strong>, oferim peri\u00f2dicament ajudes i\/o subvencions a obres d&#8217;accessibilitat als edificis d&#8217;habitatges i comunitats de propietaris. &nbsp;Consulta m\u00e9s informaci\u00f3 sobre les nostres activitats a la nostra web.<\/p>\n","protected":false},"excerpt":{"rendered":"<p>En la planificaci\u00f3 i construcci\u00f3 de nous edificis cal tenir en compte les persones amb mobilitat redu\u00efda, amb alguna discapacitat i la gent gran, perqu\u00e8 l&#8217;acc\u00e9s als habitatges els resulti tan f\u00e0cil com a la resta. Per aix\u00f2, caldr\u00e0 veure quins elements s\u00f3n necessaris incloure en els edificis o, per contra, quins s\u00f3n millor eliminar [&hellip;]<\/p>\n","protected":false},"author":1,"featured_media":7185,"comment_status":"open","ping_status":"open","sticky":false,"template":"","format":"standard","meta":{"_acf_changed":false,"ocean_post_layout":"","ocean_both_sidebars_style":"","ocean_both_sidebars_content_width":0,"ocean_both_sidebars_sidebars_width":0,"ocean_sidebar":"0","ocean_second_sidebar":"0","ocean_disable_margins":"enable","ocean_add_body_class":"","ocean_shortcode_before_top_bar":"","ocean_shortcode_after_top_bar":"","ocean_shortcode_before_header":"","ocean_shortcode_after_header":"","ocean_has_shortcode":"","ocean_shortcode_after_title":"","ocean_shortcode_before_footer_widgets":"","ocean_shortcode_after_footer_widgets":"","ocean_shortcode_before_footer_bottom":"","ocean_shortcode_after_footer_bottom":"","ocean_display_top_bar":"default","ocean_display_header":"default","ocean_header_style":"","ocean_center_header_left_menu":"0","ocean_custom_header_template":"0","ocean_custom_logo":0,"ocean_custom_retina_logo":0,"ocean_custom_logo_max_width":0,"ocean_custom_logo_tablet_max_width":0,"ocean_custom_logo_mobile_max_width":0,"ocean_custom_logo_max_height":0,"ocean_custom_logo_tablet_max_height":0,"ocean_custom_logo_mobile_max_height":0,"ocean_header_custom_menu":"0","ocean_menu_typo_font_family":"0","ocean_menu_typo_font_subset":"","ocean_menu_typo_font_size":0,"ocean_menu_typo_font_size_tablet":0,"ocean_menu_typo_font_size_mobile":0,"ocean_menu_typo_font_size_unit":"px","ocean_menu_typo_font_weight":"","ocean_menu_typo_font_weight_tablet":"","ocean_menu_typo_font_weight_mobile":"","ocean_menu_typo_transform":"","ocean_menu_typo_transform_tablet":"","ocean_menu_typo_transform_mobile":"","ocean_menu_typo_line_height":0,"ocean_menu_typo_line_height_tablet":0,"ocean_menu_typo_line_height_mobile":0,"ocean_menu_typo_line_height_unit":"","ocean_menu_typo_spacing":0,"ocean_menu_typo_spacing_tablet":0,"ocean_menu_typo_spacing_mobile":0,"ocean_menu_typo_spacing_unit":"","ocean_menu_link_color":"","ocean_menu_link_color_hover":"","ocean_menu_link_color_active":"","ocean_menu_link_background":"","ocean_menu_link_hover_background":"","ocean_menu_link_active_background":"","ocean_menu_social_links_bg":"","ocean_menu_social_hover_links_bg":"","ocean_menu_social_links_color":"","ocean_menu_social_hover_links_color":"","ocean_disable_title":"default","ocean_disable_heading":"default","ocean_post_title":"","ocean_post_subheading":"","ocean_post_title_style":"","ocean_post_title_background_color":"","ocean_post_title_background":0,"ocean_post_title_bg_image_position":"","ocean_post_title_bg_image_attachment":"","ocean_post_title_bg_image_repeat":"","ocean_post_title_bg_image_size":"","ocean_post_title_height":0,"ocean_post_title_bg_overlay":0.5,"ocean_post_title_bg_overlay_color":"","ocean_disable_breadcrumbs":"default","ocean_breadcrumbs_color":"","ocean_breadcrumbs_separator_color":"","ocean_breadcrumbs_links_color":"","ocean_breadcrumbs_links_hover_color":"","ocean_display_footer_widgets":"default","ocean_display_footer_bottom":"default","ocean_custom_footer_template":"0","ocean_post_oembed":"","ocean_post_self_hosted_media":"","ocean_post_video_embed":"","ocean_link_format":"","ocean_link_format_target":"self","ocean_quote_format":"","ocean_quote_format_link":"post","ocean_gallery_link_images":"off","ocean_gallery_id":[],"footnotes":""},"categories":[1],"tags":[],"class_list":["post-6360","post","type-post","status-publish","format-standard","has-post-thumbnail","hentry","category-sin-categorizar","entry","has-media"],"acf":[],"yoast_head":"<!-- This site is optimized with the Yoast SEO plugin v27.3 - https:\/\/yoast.com\/product\/yoast-seo-wordpress\/ -->\n<title>Incorporaci\u00f3 de mesures d&#039;accessibilitat en la planificaci\u00f3 i construcci\u00f3 de nous edificis - Fundaci\u00f3n Mutua de Propietarios<\/title>\n<meta name=\"robots\" content=\"index, follow, max-snippet:-1, max-image-preview:large, max-video-preview:-1\" \/>\n<link rel=\"canonical\" href=\"https:\/\/www.fundacionmdp.org\/ca\/incorporacio-de-mesures-daccessibilitat-en-la-planificacio-i-construccio-de-nous-edificis\/\" \/>\n<meta property=\"og:locale\" content=\"ca_ES\" \/>\n<meta property=\"og:type\" content=\"article\" \/>\n<meta property=\"og:title\" content=\"Incorporaci\u00f3 de mesures d&#039;accessibilitat en la planificaci\u00f3 i construcci\u00f3 de nous edificis - Fundaci\u00f3n Mutua de Propietarios\" \/>\n<meta property=\"og:description\" content=\"En la planificaci\u00f3 i construcci\u00f3 de nous edificis cal tenir en compte les persones amb mobilitat redu\u00efda, amb alguna discapacitat i la gent gran, perqu\u00e8 l&#8217;acc\u00e9s als habitatges els resulti tan f\u00e0cil com a la resta. Per aix\u00f2, caldr\u00e0 veure quins elements s\u00f3n necessaris incloure en els edificis o, per contra, quins s\u00f3n millor eliminar [&hellip;]\" \/>\n<meta property=\"og:url\" content=\"https:\/\/www.fundacionmdp.org\/ca\/incorporacio-de-mesures-daccessibilitat-en-la-planificacio-i-construccio-de-nous-edificis\/\" \/>\n<meta property=\"og:site_name\" content=\"Fundaci\u00f3n Mutua de Propietarios\" \/>\n<meta property=\"article:published_time\" content=\"2023-03-23T12:06:45+00:00\" \/>\n<meta property=\"article:modified_time\" content=\"2023-05-15T10:25:36+00:00\" \/>\n<meta property=\"og:image\" content=\"https:\/\/www.fundacionmdp.org\/wp-content\/uploads\/2023\/03\/Articulo-marzo.png\" \/>\n\t<meta property=\"og:image:width\" content=\"1000\" \/>\n\t<meta property=\"og:image:height\" content=\"750\" \/>\n\t<meta property=\"og:image:type\" content=\"image\/png\" \/>\n<meta name=\"author\" content=\"fundacionmdp\" \/>\n<meta name=\"twitter:card\" content=\"summary_large_image\" \/>\n<meta name=\"twitter:label1\" content=\"Escrit per\" \/>\n\t<meta name=\"twitter:data1\" content=\"fundacionmdp\" \/>\n\t<meta name=\"twitter:label2\" content=\"Temps estimat de lectura\" \/>\n\t<meta name=\"twitter:data2\" content=\"5 minuts\" \/>\n<script type=\"application\/ld+json\" class=\"yoast-schema-graph\">{\"@context\":\"https:\\\/\\\/schema.org\",\"@graph\":[{\"@type\":\"Article\",\"@id\":\"https:\\\/\\\/www.fundacionmdp.org\\\/ca\\\/incorporacio-de-mesures-daccessibilitat-en-la-planificacio-i-construccio-de-nous-edificis\\\/#article\",\"isPartOf\":{\"@id\":\"https:\\\/\\\/www.fundacionmdp.org\\\/ca\\\/incorporacio-de-mesures-daccessibilitat-en-la-planificacio-i-construccio-de-nous-edificis\\\/\"},\"author\":{\"name\":\"fundacionmdp\",\"@id\":\"https:\\\/\\\/www.fundacionmdp.org\\\/#\\\/schema\\\/person\\\/12f9af801cac25dfcb5a96cb0090f703\"},\"headline\":\"Incorporaci\u00f3 de mesures d&#8217;accessibilitat en la planificaci\u00f3 i construcci\u00f3 de nous edificis\",\"datePublished\":\"2023-03-23T12:06:45+00:00\",\"dateModified\":\"2023-05-15T10:25:36+00:00\",\"mainEntityOfPage\":{\"@id\":\"https:\\\/\\\/www.fundacionmdp.org\\\/ca\\\/incorporacio-de-mesures-daccessibilitat-en-la-planificacio-i-construccio-de-nous-edificis\\\/\"},\"wordCount\":1100,\"commentCount\":0,\"publisher\":{\"@id\":\"https:\\\/\\\/www.fundacionmdp.org\\\/#organization\"},\"image\":{\"@id\":\"https:\\\/\\\/www.fundacionmdp.org\\\/ca\\\/incorporacio-de-mesures-daccessibilitat-en-la-planificacio-i-construccio-de-nous-edificis\\\/#primaryimage\"},\"thumbnailUrl\":\"https:\\\/\\\/www.fundacionmdp.org\\\/wp-content\\\/uploads\\\/2023\\\/03\\\/Articulo-marzo.png\",\"articleSection\":[\"Sin categorizar\"],\"inLanguage\":\"ca\",\"potentialAction\":[{\"@type\":\"CommentAction\",\"name\":\"Comment\",\"target\":[\"https:\\\/\\\/www.fundacionmdp.org\\\/ca\\\/incorporacio-de-mesures-daccessibilitat-en-la-planificacio-i-construccio-de-nous-edificis\\\/#respond\"]}]},{\"@type\":\"WebPage\",\"@id\":\"https:\\\/\\\/www.fundacionmdp.org\\\/ca\\\/incorporacio-de-mesures-daccessibilitat-en-la-planificacio-i-construccio-de-nous-edificis\\\/\",\"url\":\"https:\\\/\\\/www.fundacionmdp.org\\\/ca\\\/incorporacio-de-mesures-daccessibilitat-en-la-planificacio-i-construccio-de-nous-edificis\\\/\",\"name\":\"Incorporaci\u00f3 de mesures d'accessibilitat en la planificaci\u00f3 i construcci\u00f3 de nous edificis - Fundaci\u00f3n Mutua de Propietarios\",\"isPartOf\":{\"@id\":\"https:\\\/\\\/www.fundacionmdp.org\\\/#website\"},\"primaryImageOfPage\":{\"@id\":\"https:\\\/\\\/www.fundacionmdp.org\\\/ca\\\/incorporacio-de-mesures-daccessibilitat-en-la-planificacio-i-construccio-de-nous-edificis\\\/#primaryimage\"},\"image\":{\"@id\":\"https:\\\/\\\/www.fundacionmdp.org\\\/ca\\\/incorporacio-de-mesures-daccessibilitat-en-la-planificacio-i-construccio-de-nous-edificis\\\/#primaryimage\"},\"thumbnailUrl\":\"https:\\\/\\\/www.fundacionmdp.org\\\/wp-content\\\/uploads\\\/2023\\\/03\\\/Articulo-marzo.png\",\"datePublished\":\"2023-03-23T12:06:45+00:00\",\"dateModified\":\"2023-05-15T10:25:36+00:00\",\"breadcrumb\":{\"@id\":\"https:\\\/\\\/www.fundacionmdp.org\\\/ca\\\/incorporacio-de-mesures-daccessibilitat-en-la-planificacio-i-construccio-de-nous-edificis\\\/#breadcrumb\"},\"inLanguage\":\"ca\",\"potentialAction\":[{\"@type\":\"ReadAction\",\"target\":[\"https:\\\/\\\/www.fundacionmdp.org\\\/ca\\\/incorporacio-de-mesures-daccessibilitat-en-la-planificacio-i-construccio-de-nous-edificis\\\/\"]}]},{\"@type\":\"ImageObject\",\"inLanguage\":\"ca\",\"@id\":\"https:\\\/\\\/www.fundacionmdp.org\\\/ca\\\/incorporacio-de-mesures-daccessibilitat-en-la-planificacio-i-construccio-de-nous-edificis\\\/#primaryimage\",\"url\":\"https:\\\/\\\/www.fundacionmdp.org\\\/wp-content\\\/uploads\\\/2023\\\/03\\\/Articulo-marzo.png\",\"contentUrl\":\"https:\\\/\\\/www.fundacionmdp.org\\\/wp-content\\\/uploads\\\/2023\\\/03\\\/Articulo-marzo.png\",\"width\":1000,\"height\":750},{\"@type\":\"BreadcrumbList\",\"@id\":\"https:\\\/\\\/www.fundacionmdp.org\\\/ca\\\/incorporacio-de-mesures-daccessibilitat-en-la-planificacio-i-construccio-de-nous-edificis\\\/#breadcrumb\",\"itemListElement\":[{\"@type\":\"ListItem\",\"position\":1,\"name\":\"Home\",\"item\":\"https:\\\/\\\/www.fundacionmdp.org\\\/ca\\\/\"},{\"@type\":\"ListItem\",\"position\":2,\"name\":\"Incorporaci\u00f3 de mesures d&#8217;accessibilitat en la planificaci\u00f3 i construcci\u00f3 de nous edificis\"}]},{\"@type\":\"WebSite\",\"@id\":\"https:\\\/\\\/www.fundacionmdp.org\\\/#website\",\"url\":\"https:\\\/\\\/www.fundacionmdp.org\\\/\",\"name\":\"Fundaci\u00f3n Mutua de Propietarios\",\"description\":\"En la Fundaci\u00f3n Mutua de Propietarios te ayudamos a convertir tu edificio de viviendas en un espacio sin barreras arquitect\u00f3nicas.\",\"publisher\":{\"@id\":\"https:\\\/\\\/www.fundacionmdp.org\\\/#organization\"},\"potentialAction\":[{\"@type\":\"SearchAction\",\"target\":{\"@type\":\"EntryPoint\",\"urlTemplate\":\"https:\\\/\\\/www.fundacionmdp.org\\\/?s={search_term_string}\"},\"query-input\":{\"@type\":\"PropertyValueSpecification\",\"valueRequired\":true,\"valueName\":\"search_term_string\"}}],\"inLanguage\":\"ca\"},{\"@type\":\"Organization\",\"@id\":\"https:\\\/\\\/www.fundacionmdp.org\\\/#organization\",\"name\":\"Fundaci\u00f3n Mutua de Propietarios\",\"url\":\"https:\\\/\\\/www.fundacionmdp.org\\\/\",\"logo\":{\"@type\":\"ImageObject\",\"inLanguage\":\"ca\",\"@id\":\"https:\\\/\\\/www.fundacionmdp.org\\\/#\\\/schema\\\/logo\\\/image\\\/\",\"url\":\"https:\\\/\\\/www.fundacionmdp.org\\\/wp-content\\\/uploads\\\/2023\\\/05\\\/logo_FMdP_cat.png\",\"contentUrl\":\"https:\\\/\\\/www.fundacionmdp.org\\\/wp-content\\\/uploads\\\/2023\\\/05\\\/logo_FMdP_cat.png\",\"width\":655,\"height\":297,\"caption\":\"Fundaci\u00f3n Mutua de Propietarios\"},\"image\":{\"@id\":\"https:\\\/\\\/www.fundacionmdp.org\\\/#\\\/schema\\\/logo\\\/image\\\/\"}},{\"@type\":\"Person\",\"@id\":\"https:\\\/\\\/www.fundacionmdp.org\\\/#\\\/schema\\\/person\\\/12f9af801cac25dfcb5a96cb0090f703\",\"name\":\"fundacionmdp\",\"image\":{\"@type\":\"ImageObject\",\"inLanguage\":\"ca\",\"@id\":\"https:\\\/\\\/secure.gravatar.com\\\/avatar\\\/b540f93d1816a14d85e51109d050c3243b98fb660a665f517a6d2597cff3bbed?s=96&d=mm&r=g\",\"url\":\"https:\\\/\\\/secure.gravatar.com\\\/avatar\\\/b540f93d1816a14d85e51109d050c3243b98fb660a665f517a6d2597cff3bbed?s=96&d=mm&r=g\",\"contentUrl\":\"https:\\\/\\\/secure.gravatar.com\\\/avatar\\\/b540f93d1816a14d85e51109d050c3243b98fb660a665f517a6d2597cff3bbed?s=96&d=mm&r=g\",\"caption\":\"fundacionmdp\"},\"sameAs\":[\"http:\\\/\\\/prezuk.com.mialias.net\\\/fundacionmdp\"],\"url\":\"https:\\\/\\\/www.fundacionmdp.org\\\/ca\\\/author\\\/fundacionmdp\\\/\"}]}<\/script>\n<!-- \/ Yoast SEO plugin. -->","yoast_head_json":{"title":"Incorporaci\u00f3 de mesures d'accessibilitat en la planificaci\u00f3 i construcci\u00f3 de nous edificis - Fundaci\u00f3n Mutua de Propietarios","robots":{"index":"index","follow":"follow","max-snippet":"max-snippet:-1","max-image-preview":"max-image-preview:large","max-video-preview":"max-video-preview:-1"},"canonical":"https:\/\/www.fundacionmdp.org\/ca\/incorporacio-de-mesures-daccessibilitat-en-la-planificacio-i-construccio-de-nous-edificis\/","og_locale":"ca_ES","og_type":"article","og_title":"Incorporaci\u00f3 de mesures d'accessibilitat en la planificaci\u00f3 i construcci\u00f3 de nous edificis - Fundaci\u00f3n Mutua de Propietarios","og_description":"En la planificaci\u00f3 i construcci\u00f3 de nous edificis cal tenir en compte les persones amb mobilitat redu\u00efda, amb alguna discapacitat i la gent gran, perqu\u00e8 l&#8217;acc\u00e9s als habitatges els resulti tan f\u00e0cil com a la resta. Per aix\u00f2, caldr\u00e0 veure quins elements s\u00f3n necessaris incloure en els edificis o, per contra, quins s\u00f3n millor eliminar [&hellip;]","og_url":"https:\/\/www.fundacionmdp.org\/ca\/incorporacio-de-mesures-daccessibilitat-en-la-planificacio-i-construccio-de-nous-edificis\/","og_site_name":"Fundaci\u00f3n Mutua de Propietarios","article_published_time":"2023-03-23T12:06:45+00:00","article_modified_time":"2023-05-15T10:25:36+00:00","og_image":[{"width":1000,"height":750,"url":"https:\/\/www.fundacionmdp.org\/wp-content\/uploads\/2023\/03\/Articulo-marzo.png","type":"image\/png"}],"author":"fundacionmdp","twitter_card":"summary_large_image","twitter_misc":{"Escrit per":"fundacionmdp","Temps estimat de lectura":"5 minuts"},"schema":{"@context":"https:\/\/schema.org","@graph":[{"@type":"Article","@id":"https:\/\/www.fundacionmdp.org\/ca\/incorporacio-de-mesures-daccessibilitat-en-la-planificacio-i-construccio-de-nous-edificis\/#article","isPartOf":{"@id":"https:\/\/www.fundacionmdp.org\/ca\/incorporacio-de-mesures-daccessibilitat-en-la-planificacio-i-construccio-de-nous-edificis\/"},"author":{"name":"fundacionmdp","@id":"https:\/\/www.fundacionmdp.org\/#\/schema\/person\/12f9af801cac25dfcb5a96cb0090f703"},"headline":"Incorporaci\u00f3 de mesures d&#8217;accessibilitat en la planificaci\u00f3 i construcci\u00f3 de nous edificis","datePublished":"2023-03-23T12:06:45+00:00","dateModified":"2023-05-15T10:25:36+00:00","mainEntityOfPage":{"@id":"https:\/\/www.fundacionmdp.org\/ca\/incorporacio-de-mesures-daccessibilitat-en-la-planificacio-i-construccio-de-nous-edificis\/"},"wordCount":1100,"commentCount":0,"publisher":{"@id":"https:\/\/www.fundacionmdp.org\/#organization"},"image":{"@id":"https:\/\/www.fundacionmdp.org\/ca\/incorporacio-de-mesures-daccessibilitat-en-la-planificacio-i-construccio-de-nous-edificis\/#primaryimage"},"thumbnailUrl":"https:\/\/www.fundacionmdp.org\/wp-content\/uploads\/2023\/03\/Articulo-marzo.png","articleSection":["Sin categorizar"],"inLanguage":"ca","potentialAction":[{"@type":"CommentAction","name":"Comment","target":["https:\/\/www.fundacionmdp.org\/ca\/incorporacio-de-mesures-daccessibilitat-en-la-planificacio-i-construccio-de-nous-edificis\/#respond"]}]},{"@type":"WebPage","@id":"https:\/\/www.fundacionmdp.org\/ca\/incorporacio-de-mesures-daccessibilitat-en-la-planificacio-i-construccio-de-nous-edificis\/","url":"https:\/\/www.fundacionmdp.org\/ca\/incorporacio-de-mesures-daccessibilitat-en-la-planificacio-i-construccio-de-nous-edificis\/","name":"Incorporaci\u00f3 de mesures d'accessibilitat en la planificaci\u00f3 i construcci\u00f3 de nous edificis - Fundaci\u00f3n Mutua de Propietarios","isPartOf":{"@id":"https:\/\/www.fundacionmdp.org\/#website"},"primaryImageOfPage":{"@id":"https:\/\/www.fundacionmdp.org\/ca\/incorporacio-de-mesures-daccessibilitat-en-la-planificacio-i-construccio-de-nous-edificis\/#primaryimage"},"image":{"@id":"https:\/\/www.fundacionmdp.org\/ca\/incorporacio-de-mesures-daccessibilitat-en-la-planificacio-i-construccio-de-nous-edificis\/#primaryimage"},"thumbnailUrl":"https:\/\/www.fundacionmdp.org\/wp-content\/uploads\/2023\/03\/Articulo-marzo.png","datePublished":"2023-03-23T12:06:45+00:00","dateModified":"2023-05-15T10:25:36+00:00","breadcrumb":{"@id":"https:\/\/www.fundacionmdp.org\/ca\/incorporacio-de-mesures-daccessibilitat-en-la-planificacio-i-construccio-de-nous-edificis\/#breadcrumb"},"inLanguage":"ca","potentialAction":[{"@type":"ReadAction","target":["https:\/\/www.fundacionmdp.org\/ca\/incorporacio-de-mesures-daccessibilitat-en-la-planificacio-i-construccio-de-nous-edificis\/"]}]},{"@type":"ImageObject","inLanguage":"ca","@id":"https:\/\/www.fundacionmdp.org\/ca\/incorporacio-de-mesures-daccessibilitat-en-la-planificacio-i-construccio-de-nous-edificis\/#primaryimage","url":"https:\/\/www.fundacionmdp.org\/wp-content\/uploads\/2023\/03\/Articulo-marzo.png","contentUrl":"https:\/\/www.fundacionmdp.org\/wp-content\/uploads\/2023\/03\/Articulo-marzo.png","width":1000,"height":750},{"@type":"BreadcrumbList","@id":"https:\/\/www.fundacionmdp.org\/ca\/incorporacio-de-mesures-daccessibilitat-en-la-planificacio-i-construccio-de-nous-edificis\/#breadcrumb","itemListElement":[{"@type":"ListItem","position":1,"name":"Home","item":"https:\/\/www.fundacionmdp.org\/ca\/"},{"@type":"ListItem","position":2,"name":"Incorporaci\u00f3 de mesures d&#8217;accessibilitat en la planificaci\u00f3 i construcci\u00f3 de nous edificis"}]},{"@type":"WebSite","@id":"https:\/\/www.fundacionmdp.org\/#website","url":"https:\/\/www.fundacionmdp.org\/","name":"Fundaci\u00f3n Mutua de Propietarios","description":"En la Fundaci\u00f3n Mutua de Propietarios te ayudamos a convertir tu edificio de viviendas en un espacio sin barreras arquitect\u00f3nicas.","publisher":{"@id":"https:\/\/www.fundacionmdp.org\/#organization"},"potentialAction":[{"@type":"SearchAction","target":{"@type":"EntryPoint","urlTemplate":"https:\/\/www.fundacionmdp.org\/?s={search_term_string}"},"query-input":{"@type":"PropertyValueSpecification","valueRequired":true,"valueName":"search_term_string"}}],"inLanguage":"ca"},{"@type":"Organization","@id":"https:\/\/www.fundacionmdp.org\/#organization","name":"Fundaci\u00f3n Mutua de Propietarios","url":"https:\/\/www.fundacionmdp.org\/","logo":{"@type":"ImageObject","inLanguage":"ca","@id":"https:\/\/www.fundacionmdp.org\/#\/schema\/logo\/image\/","url":"https:\/\/www.fundacionmdp.org\/wp-content\/uploads\/2023\/05\/logo_FMdP_cat.png","contentUrl":"https:\/\/www.fundacionmdp.org\/wp-content\/uploads\/2023\/05\/logo_FMdP_cat.png","width":655,"height":297,"caption":"Fundaci\u00f3n Mutua de Propietarios"},"image":{"@id":"https:\/\/www.fundacionmdp.org\/#\/schema\/logo\/image\/"}},{"@type":"Person","@id":"https:\/\/www.fundacionmdp.org\/#\/schema\/person\/12f9af801cac25dfcb5a96cb0090f703","name":"fundacionmdp","image":{"@type":"ImageObject","inLanguage":"ca","@id":"https:\/\/secure.gravatar.com\/avatar\/b540f93d1816a14d85e51109d050c3243b98fb660a665f517a6d2597cff3bbed?s=96&d=mm&r=g","url":"https:\/\/secure.gravatar.com\/avatar\/b540f93d1816a14d85e51109d050c3243b98fb660a665f517a6d2597cff3bbed?s=96&d=mm&r=g","contentUrl":"https:\/\/secure.gravatar.com\/avatar\/b540f93d1816a14d85e51109d050c3243b98fb660a665f517a6d2597cff3bbed?s=96&d=mm&r=g","caption":"fundacionmdp"},"sameAs":["http:\/\/prezuk.com.mialias.net\/fundacionmdp"],"url":"https:\/\/www.fundacionmdp.org\/ca\/author\/fundacionmdp\/"}]}},"_links":{"self":[{"href":"https:\/\/www.fundacionmdp.org\/ca\/wp-json\/wp\/v2\/posts\/6360","targetHints":{"allow":["GET"]}}],"collection":[{"href":"https:\/\/www.fundacionmdp.org\/ca\/wp-json\/wp\/v2\/posts"}],"about":[{"href":"https:\/\/www.fundacionmdp.org\/ca\/wp-json\/wp\/v2\/types\/post"}],"author":[{"embeddable":true,"href":"https:\/\/www.fundacionmdp.org\/ca\/wp-json\/wp\/v2\/users\/1"}],"replies":[{"embeddable":true,"href":"https:\/\/www.fundacionmdp.org\/ca\/wp-json\/wp\/v2\/comments?post=6360"}],"version-history":[{"count":2,"href":"https:\/\/www.fundacionmdp.org\/ca\/wp-json\/wp\/v2\/posts\/6360\/revisions"}],"predecessor-version":[{"id":7187,"href":"https:\/\/www.fundacionmdp.org\/ca\/wp-json\/wp\/v2\/posts\/6360\/revisions\/7187"}],"wp:featuredmedia":[{"embeddable":true,"href":"https:\/\/www.fundacionmdp.org\/ca\/wp-json\/wp\/v2\/media\/7185"}],"wp:attachment":[{"href":"https:\/\/www.fundacionmdp.org\/ca\/wp-json\/wp\/v2\/media?parent=6360"}],"wp:term":[{"taxonomy":"category","embeddable":true,"href":"https:\/\/www.fundacionmdp.org\/ca\/wp-json\/wp\/v2\/categories?post=6360"},{"taxonomy":"post_tag","embeddable":true,"href":"https:\/\/www.fundacionmdp.org\/ca\/wp-json\/wp\/v2\/tags?post=6360"}],"curies":[{"name":"wp","href":"https:\/\/api.w.org\/{rel}","templated":true}]}}