{"id":6922,"date":"2019-02-19T17:47:08","date_gmt":"2019-02-19T17:47:08","guid":{"rendered":"http:\/\/prezuk.com.mialias.net\/fundacionmdp\/entrevista-a-montserrat-pallares\/"},"modified":"2019-02-19T17:47:08","modified_gmt":"2019-02-19T17:47:08","slug":"entrevista-a-montserrat-pallares","status":"publish","type":"post","link":"https:\/\/www.fundacionmdp.org\/ca\/entrevista-a-montserrat-pallares\/","title":{"rendered":"Entrevista a Montserrat Pallar\u00e8s"},"content":{"rendered":"<h3>Presidenta COCEMFE Barcelona<\/h3>\n<p>COCEMFE es la Confederaci\u00f3n Espa\u00f1ola de Personas con Discapacidad F\u00edsica y Org\u00e1nica, cuyo objetivo es aglutinar, fortalecer, formar y coordinar los esfuerzos y actividades de las entidades que trabajan a favor de las personas con discapacidad f\u00edsica y org\u00e1nica para defender sus derechos y mejorar su calidad de vida. En la <a href=\"https:\/\/www.fundacionmdp.org\/\">Fundaci\u00f3n Mutua de Propietarios<\/a> hemos hablado con <a href=\"https:\/\/twitter.com\/CidegMP\">Montserrat Pallar\u00e8s<\/a>, presidenta de <a href=\"http:\/\/www.cocemfe-barcelona.es\/es\">COCEMFE Barcelona<\/a> sobre los logros alcanzados en Espa\u00f1a en materia de accesibilidad y sobre los nuevos retos a los que se enfrenta este organismo en 2019.<\/p>\n<p><img fetchpriority=\"high\" decoding=\"async\" class=\"size-medium wp-image-6919 alignleft\" src=\"http:\/\/prezuk.com.mialias.net\/fundacionmdp\/wp-content\/uploads\/2019\/02\/MontserratPallares-294x300.jpg\" alt=\"\" width=\"294\" height=\"300\" srcset=\"https:\/\/www.fundacionmdp.org\/wp-content\/uploads\/2019\/02\/MontserratPallares-294x300.jpg 294w, https:\/\/www.fundacionmdp.org\/wp-content\/uploads\/2019\/02\/MontserratPallares-768x784.jpg 768w, https:\/\/www.fundacionmdp.org\/wp-content\/uploads\/2019\/02\/MontserratPallares.jpg 882w\" sizes=\"(max-width: 294px) 100vw, 294px\" \/><\/p>\n<ol>\n<li><strong>Echando la vista atr\u00e1s, \u00bfCu\u00e1l es la situaci\u00f3n actual de las personas con discapacidad en Espa\u00f1a? \u00bfY en Barcelona? \u00bfCu\u00e1l es el rol de COCEMFE?<\/strong><\/li>\n<\/ol>\n<p style=\"padding-left: 30px;\">En t\u00e9rminos generales, creo que en las \u00faltimas cuatro d\u00e9cadas hemos avanzado desde muchos puntos de vista: el lenguaje, la accesibilidad, los recursos, etc. Pero dicho esto, las personas con discapacidad seguimos encontrando barreras de todo tipo a la hora de realizar nuestra vida cotidiana.<\/p>\n<p style=\"padding-left: 30px;\">Se nos ponen barreras f\u00edsicas, comunicativas, barreras para acceder a colegios e institutos, para coger un tren, un bus o el metro, para pasar a los centros sanitarios, a tiendas y comercios o a instalaciones deportivas y culturales\u2026 es decir para desarrollar actividades de la vida cotidiana que adem\u00e1s est\u00e1n relacionadas con derechos b\u00e1sicos como la educaci\u00f3n, la salud o el trabajo.<\/p>\n<p style=\"padding-left: 30px;\">Por tanto, tenemos que seguir impulsando un cambio cultural que d\u00e9 lugar a una sociedad inclusiva, basada en el dise\u00f1o y la accesibilidad universal y en la que todas las personas, al margen de nuestra edad y circunstancias, podamos ejercer nuestra autonom\u00eda personal.<\/p>\n<p style=\"padding-left: 30px;\">Para COCEMFE Barcelona, la accesibilidad universal es una de nuestras l\u00edneas prioritarias de trabajo. Por ejemplo, en 2017 lanzamos la Declaraci\u00f3n de Barcelona \u201cLa accesibilidad universal, una contribuci\u00f3n al bien com\u00fan\u201d que fue suscrita por centenares de entidades y organizaciones de distinta \u00edndole. Y en esta misma l\u00ednea de denuncia y reivindicaci\u00f3n trabaja el Observatorio de la Discapacidad F\u00edsica, una herramienta que impulsamos precisamente para poner en la agenda pol\u00edtica las necesidades y derechos de las personas con discapacidad en base a los estudios y encuestas que realizamos.<\/p>\n<ol start=\"2\">\n<li><strong>Hablando de accesibilidad \u00bfen qu\u00e9 medida ha mejorado la accesibilidad en las viviendas en los \u00faltimos a\u00f1os? \u00bfY la concienciaci\u00f3n social acerca de este problema? <\/strong><\/li>\n<\/ol>\n<p style=\"padding-left: 30px;\">El acceso a la vivienda sigue siendo uno de nuestros caballos de batalla. De hecho, en COCEMFE acabamos 2018 con una acci\u00f3n coordinada en 37 ciudades de toda Espa\u00f1a para denunciar la situaci\u00f3n de discriminaci\u00f3n que sufren algunas personas con discapacidad que, sin haber cometido delito alguno, est\u00e1n encerradas en sus casas por falta de accesibilidad. Con la campa\u00f1a \u201cArrest\u00f3polis\u201d reclamamos que se modifique la Ley de Propiedad Horizontal y que se elimine la actual limitaci\u00f3n econ\u00f3mica de 12 mensualidades de gastos de la comunidad para que sea obligatorio realizar las reformas de accesibilidad, de la misma forma que las comunidades vecinales afrontan otras reformas ineludibles derivadas de las condiciones estructurales, la estanqueidad, la habitabilidad y la seguridad.<\/p>\n<p style=\"padding-left: 30px;\">Adem\u00e1s, por citar alguna m\u00e1s de nuestras reivindicaciones, pedimos ayudas espec\u00edficas a todas las comunidades vecinales que deban afrontar este tipo de actuaciones, ya que actualmente solo el 10% de los edificios que realizan estas obras han obtenido subvenci\u00f3n para llevarlas a cabo.<\/p>\n<p style=\"padding-left: 30px;\">Respondiendo a la primera parte de la pregunta, seg\u00fan los datos de vuestro estudio \u201cLa accesibilidad en Espa\u00f1a y Europa\u201d, s\u00f3lo un 0,6% de los edificios de viviendas espa\u00f1oles son universalmente accesibles. Esta cifra habla por s\u00ed sola e indica el gran trabajo que nos queda para conseguir que las viviendas sean plenamente accesibles.<\/p>\n<ol start=\"3\">\n<li><strong>\u00bfCu\u00e1les son los retos que se ha propuesto COCEMFE Barcelona este a\u00f1o en materia de accesibilidad? \u00bfC\u00f3mo se aborda desde COCEMFE la situaci\u00f3n de las personas con discapacidad que no pueden salir de sus viviendas debido a que los inmuebles en los que habitan presentan grandes barreras para ellos? <\/strong><\/li>\n<\/ol>\n<p style=\"padding-left: 30px;\">Paralelo a la accesibilidad, ha de correr el concepto de autonom\u00eda personal, es decir, el derecho que tenemos todas las personas a vivir nuestra vida seg\u00fan las decisiones y principios que tenemos y que obviamente han de ser respetadas. La autonom\u00eda personal es un derecho irrenunciable que garantiza la igualdad de oportunidades a todas las personas y las administraciones tienen el deber de salvaguardarlo. Y para ello es imprescindible la accesibilidad universal.<\/p>\n<p style=\"padding-left: 30px;\">Respecto a la accesibilidad de las viviendas, seguiremos realizando campa\u00f1as de concienciaci\u00f3n como la citada \u201cArrest\u00f3polis\u201d porque no podemos hacer depender la accesibilidad universal de los recursos econ\u00f3micos que tiene la ciudadan\u00eda; un edificio accesible es un edificio para todas las personas y realizar las obras necesarias para garantizar la accesibilidad es una inversi\u00f3n justa y necesaria adem\u00e1s de una contribuci\u00f3n al bien com\u00fan, ya que ninguna persona tiene un certificado que le garantice que jam\u00e1s tendr\u00e1 una discapacidad. Es m\u00e1s, los estudios dicen que m\u00e1s del 80% de las discapacidades son sobrevenidas a lo largo de la vida.<\/p>\n<ol start=\"4\">\n<li><strong>\u00bfQuerr\u00eda destacar alguna iniciativa que COCEMFE Barcelona haya puesto en marcha en 2018 en la l\u00ednea de hacer m\u00e1s accesible los entornos y edificios a las personas con alguna discapacidad?<\/strong><\/li>\n<\/ol>\n<p style=\"padding-left: 30px;\">En 2018 COCEMFE Barcelona puso en marcha la Oficina T\u00e9cnica de la Accesibilidad (OTA) dirigida a personas con discapacidad f\u00edsica y org\u00e1nica y con movilidad reducida. Se trata de un programa de asesoramiento para personas con discapacidad f\u00edsica u org\u00e1nica, en relaci\u00f3n con su entorno m\u00e1s inmediato, con el que realizamos acompa\u00f1amiento a lo largo de todo el proceso.<\/p>\n<p style=\"padding-left: 30px;\">El trabajo de la OTA es apoyar a las personas con discapacidad en relaci\u00f3n con la accesibilidad de los entornos y edificios, en base al cumplimiento de la Ley General de Derechos de las Personas con Discapacidad y avanzar, a trav\u00e9s de un dise\u00f1o para todas las personas, <strong>hacia la plena inclusi\u00f3n.<\/strong><\/p>\n<p>Algunas de las acciones que llevamos a cabo son:<\/p>\n<ul>\n<li>Orientaci\u00f3n en actuaciones de mejora tanto en edificios como viviendas: eliminaci\u00f3n de barreras arquitect\u00f3nicas y aplicaci\u00f3n de los principios del dise\u00f1o universal para su adaptaci\u00f3n.<\/li>\n<li>Acompa\u00f1amiento en la gesti\u00f3n de ayudas y subvenciones de rehabilitaci\u00f3n de espacios para la promoci\u00f3n de la accesibilidad.<\/li>\n<li>Intermediaci\u00f3n en la gesti\u00f3n de programas de accesibilidad entre las comunidades de propietarios o entidades y personas con discapacidad.<\/li>\n<li>Sensibilizaci\u00f3n de la ciudadan\u00eda sobre la importancia del dise\u00f1o universal y de la accesibilidad a trav\u00e9s de la coordinaci\u00f3n con entidades, administraciones p\u00fablicas y empresas.<\/li>\n<li>Asesoramiento y acompa\u00f1amiento en la renovaci\u00f3n de los planes de accesibilidad universal en los municipios de la provincia.<\/li>\n<\/ul>\n","protected":false},"excerpt":{"rendered":"<p>Presidenta COCEMFE Barcelona<\/p>\n","protected":false},"author":1,"featured_media":6920,"comment_status":"open","ping_status":"open","sticky":false,"template":"","format":"standard","meta":{"_acf_changed":false,"ocean_post_layout":"","ocean_both_sidebars_style":"","ocean_both_sidebars_content_width":0,"ocean_both_sidebars_sidebars_width":0,"ocean_sidebar":"0","ocean_second_sidebar":"0","ocean_disable_margins":"enable","ocean_add_body_class":"","ocean_shortcode_before_top_bar":"","ocean_shortcode_after_top_bar":"","ocean_shortcode_before_header":"","ocean_shortcode_after_header":"","ocean_has_shortcode":"","ocean_shortcode_after_title":"","ocean_shortcode_before_footer_widgets":"","ocean_shortcode_after_footer_widgets":"","ocean_shortcode_before_footer_bottom":"","ocean_shortcode_after_footer_bottom":"","ocean_display_top_bar":"default","ocean_display_header":"default","ocean_header_style":"","ocean_center_header_left_menu":"0","ocean_custom_header_template":"0","ocean_custom_logo":0,"ocean_custom_retina_logo":0,"ocean_custom_logo_max_width":0,"ocean_custom_logo_tablet_max_width":0,"ocean_custom_logo_mobile_max_width":0,"ocean_custom_logo_max_height":0,"ocean_custom_logo_tablet_max_height":0,"ocean_custom_logo_mobile_max_height":0,"ocean_header_custom_menu":"0","ocean_menu_typo_font_family":"0","ocean_menu_typo_font_subset":"","ocean_menu_typo_font_size":0,"ocean_menu_typo_font_size_tablet":0,"ocean_menu_typo_font_size_mobile":0,"ocean_menu_typo_font_size_unit":"px","ocean_menu_typo_font_weight":"","ocean_menu_typo_font_weight_tablet":"","ocean_menu_typo_font_weight_mobile":"","ocean_menu_typo_transform":"","ocean_menu_typo_transform_tablet":"","ocean_menu_typo_transform_mobile":"","ocean_menu_typo_line_height":0,"ocean_menu_typo_line_height_tablet":0,"ocean_menu_typo_line_height_mobile":0,"ocean_menu_typo_line_height_unit":"","ocean_menu_typo_spacing":0,"ocean_menu_typo_spacing_tablet":0,"ocean_menu_typo_spacing_mobile":0,"ocean_menu_typo_spacing_unit":"","ocean_menu_link_color":"","ocean_menu_link_color_hover":"","ocean_menu_link_color_active":"","ocean_menu_link_background":"","ocean_menu_link_hover_background":"","ocean_menu_link_active_background":"","ocean_menu_social_links_bg":"","ocean_menu_social_hover_links_bg":"","ocean_menu_social_links_color":"","ocean_menu_social_hover_links_color":"","ocean_disable_title":"default","ocean_disable_heading":"default","ocean_post_title":"","ocean_post_subheading":"","ocean_post_title_style":"","ocean_post_title_background_color":"","ocean_post_title_background":0,"ocean_post_title_bg_image_position":"","ocean_post_title_bg_image_attachment":"","ocean_post_title_bg_image_repeat":"","ocean_post_title_bg_image_size":"","ocean_post_title_height":0,"ocean_post_title_bg_overlay":0.5,"ocean_post_title_bg_overlay_color":"","ocean_disable_breadcrumbs":"default","ocean_breadcrumbs_color":"","ocean_breadcrumbs_separator_color":"","ocean_breadcrumbs_links_color":"","ocean_breadcrumbs_links_hover_color":"","ocean_display_footer_widgets":"default","ocean_display_footer_bottom":"default","ocean_custom_footer_template":"0","ocean_post_oembed":"","ocean_post_self_hosted_media":"","ocean_post_video_embed":"","ocean_link_format":"","ocean_link_format_target":"self","ocean_quote_format":"","ocean_quote_format_link":"post","ocean_gallery_link_images":"on","ocean_gallery_id":[],"footnotes":""},"categories":[1],"tags":[],"class_list":["post-6922","post","type-post","status-publish","format-standard","has-post-thumbnail","hentry","category-sin-categorizar","entry","has-media"],"acf":[],"yoast_head":"<!-- This site is optimized with the Yoast SEO plugin v27.3 - https:\/\/yoast.com\/product\/yoast-seo-wordpress\/ -->\n<title>Entrevista a Montserrat Pallar\u00e8s - Fundaci\u00f3n Mutua de Propietarios<\/title>\n<meta name=\"robots\" content=\"index, follow, max-snippet:-1, max-image-preview:large, max-video-preview:-1\" \/>\n<link rel=\"canonical\" href=\"https:\/\/www.fundacionmdp.org\/entrevista-a-montserrat-pallares\/\" \/>\n<meta property=\"og:locale\" content=\"ca_ES\" \/>\n<meta property=\"og:type\" content=\"article\" \/>\n<meta property=\"og:title\" content=\"Entrevista a Montserrat Pallar\u00e8s - Fundaci\u00f3n Mutua de Propietarios\" \/>\n<meta property=\"og:description\" content=\"Presidenta COCEMFE Barcelona\" \/>\n<meta property=\"og:url\" content=\"https:\/\/www.fundacionmdp.org\/entrevista-a-montserrat-pallares\/\" \/>\n<meta property=\"og:site_name\" content=\"Fundaci\u00f3n Mutua de Propietarios\" \/>\n<meta property=\"article:published_time\" content=\"2019-02-19T17:47:08+00:00\" \/>\n<meta property=\"og:image\" content=\"https:\/\/www.fundacionmdp.org\/wp-content\/uploads\/2019\/02\/MontserratPallares.jpg\" \/>\n\t<meta property=\"og:image:width\" content=\"882\" \/>\n\t<meta property=\"og:image:height\" content=\"900\" \/>\n\t<meta property=\"og:image:type\" content=\"image\/jpeg\" \/>\n<meta name=\"author\" content=\"fundacionmdp\" \/>\n<meta name=\"twitter:card\" content=\"summary_large_image\" \/>\n<meta name=\"twitter:label1\" content=\"Escrit per\" \/>\n\t<meta name=\"twitter:data1\" content=\"fundacionmdp\" \/>\n\t<meta name=\"twitter:label2\" content=\"Temps estimat de lectura\" \/>\n\t<meta name=\"twitter:data2\" content=\"6 minuts\" \/>\n<script type=\"application\/ld+json\" class=\"yoast-schema-graph\">{\"@context\":\"https:\\\/\\\/schema.org\",\"@graph\":[{\"@type\":\"Article\",\"@id\":\"https:\\\/\\\/www.fundacionmdp.org\\\/entrevista-a-montserrat-pallares\\\/#article\",\"isPartOf\":{\"@id\":\"https:\\\/\\\/www.fundacionmdp.org\\\/entrevista-a-montserrat-pallares\\\/\"},\"author\":{\"name\":\"fundacionmdp\",\"@id\":\"https:\\\/\\\/www.fundacionmdp.org\\\/#\\\/schema\\\/person\\\/12f9af801cac25dfcb5a96cb0090f703\"},\"headline\":\"Entrevista a Montserrat Pallar\u00e8s\",\"datePublished\":\"2019-02-19T17:47:08+00:00\",\"mainEntityOfPage\":{\"@id\":\"https:\\\/\\\/www.fundacionmdp.org\\\/entrevista-a-montserrat-pallares\\\/\"},\"wordCount\":1168,\"commentCount\":0,\"publisher\":{\"@id\":\"https:\\\/\\\/www.fundacionmdp.org\\\/#organization\"},\"image\":{\"@id\":\"https:\\\/\\\/www.fundacionmdp.org\\\/entrevista-a-montserrat-pallares\\\/#primaryimage\"},\"thumbnailUrl\":\"https:\\\/\\\/www.fundacionmdp.org\\\/wp-content\\\/uploads\\\/2019\\\/02\\\/MontserratPallares.jpg\",\"articleSection\":[\"Sin categorizar\"],\"inLanguage\":\"ca\",\"potentialAction\":[{\"@type\":\"CommentAction\",\"name\":\"Comment\",\"target\":[\"https:\\\/\\\/www.fundacionmdp.org\\\/entrevista-a-montserrat-pallares\\\/#respond\"]}]},{\"@type\":\"WebPage\",\"@id\":\"https:\\\/\\\/www.fundacionmdp.org\\\/entrevista-a-montserrat-pallares\\\/\",\"url\":\"https:\\\/\\\/www.fundacionmdp.org\\\/entrevista-a-montserrat-pallares\\\/\",\"name\":\"Entrevista a Montserrat Pallar\u00e8s - Fundaci\u00f3n Mutua de Propietarios\",\"isPartOf\":{\"@id\":\"https:\\\/\\\/www.fundacionmdp.org\\\/#website\"},\"primaryImageOfPage\":{\"@id\":\"https:\\\/\\\/www.fundacionmdp.org\\\/entrevista-a-montserrat-pallares\\\/#primaryimage\"},\"image\":{\"@id\":\"https:\\\/\\\/www.fundacionmdp.org\\\/entrevista-a-montserrat-pallares\\\/#primaryimage\"},\"thumbnailUrl\":\"https:\\\/\\\/www.fundacionmdp.org\\\/wp-content\\\/uploads\\\/2019\\\/02\\\/MontserratPallares.jpg\",\"datePublished\":\"2019-02-19T17:47:08+00:00\",\"breadcrumb\":{\"@id\":\"https:\\\/\\\/www.fundacionmdp.org\\\/entrevista-a-montserrat-pallares\\\/#breadcrumb\"},\"inLanguage\":\"ca\",\"potentialAction\":[{\"@type\":\"ReadAction\",\"target\":[\"https:\\\/\\\/www.fundacionmdp.org\\\/entrevista-a-montserrat-pallares\\\/\"]}]},{\"@type\":\"ImageObject\",\"inLanguage\":\"ca\",\"@id\":\"https:\\\/\\\/www.fundacionmdp.org\\\/entrevista-a-montserrat-pallares\\\/#primaryimage\",\"url\":\"https:\\\/\\\/www.fundacionmdp.org\\\/wp-content\\\/uploads\\\/2019\\\/02\\\/MontserratPallares.jpg\",\"contentUrl\":\"https:\\\/\\\/www.fundacionmdp.org\\\/wp-content\\\/uploads\\\/2019\\\/02\\\/MontserratPallares.jpg\",\"width\":882,\"height\":900},{\"@type\":\"BreadcrumbList\",\"@id\":\"https:\\\/\\\/www.fundacionmdp.org\\\/entrevista-a-montserrat-pallares\\\/#breadcrumb\",\"itemListElement\":[{\"@type\":\"ListItem\",\"position\":1,\"name\":\"Home\",\"item\":\"https:\\\/\\\/www.fundacionmdp.org\\\/ca\\\/\"},{\"@type\":\"ListItem\",\"position\":2,\"name\":\"Entrevista a Montserrat Pallar\u00e8s\"}]},{\"@type\":\"WebSite\",\"@id\":\"https:\\\/\\\/www.fundacionmdp.org\\\/#website\",\"url\":\"https:\\\/\\\/www.fundacionmdp.org\\\/\",\"name\":\"Fundaci\u00f3n Mutua de Propietarios\",\"description\":\"En la Fundaci\u00f3n Mutua de Propietarios te ayudamos a convertir tu edificio de viviendas en un espacio sin barreras arquitect\u00f3nicas.\",\"publisher\":{\"@id\":\"https:\\\/\\\/www.fundacionmdp.org\\\/#organization\"},\"potentialAction\":[{\"@type\":\"SearchAction\",\"target\":{\"@type\":\"EntryPoint\",\"urlTemplate\":\"https:\\\/\\\/www.fundacionmdp.org\\\/?s={search_term_string}\"},\"query-input\":{\"@type\":\"PropertyValueSpecification\",\"valueRequired\":true,\"valueName\":\"search_term_string\"}}],\"inLanguage\":\"ca\"},{\"@type\":\"Organization\",\"@id\":\"https:\\\/\\\/www.fundacionmdp.org\\\/#organization\",\"name\":\"Fundaci\u00f3n Mutua de Propietarios\",\"url\":\"https:\\\/\\\/www.fundacionmdp.org\\\/\",\"logo\":{\"@type\":\"ImageObject\",\"inLanguage\":\"ca\",\"@id\":\"https:\\\/\\\/www.fundacionmdp.org\\\/#\\\/schema\\\/logo\\\/image\\\/\",\"url\":\"https:\\\/\\\/www.fundacionmdp.org\\\/wp-content\\\/uploads\\\/2023\\\/05\\\/logo_FMdP_cat.png\",\"contentUrl\":\"https:\\\/\\\/www.fundacionmdp.org\\\/wp-content\\\/uploads\\\/2023\\\/05\\\/logo_FMdP_cat.png\",\"width\":655,\"height\":297,\"caption\":\"Fundaci\u00f3n Mutua de Propietarios\"},\"image\":{\"@id\":\"https:\\\/\\\/www.fundacionmdp.org\\\/#\\\/schema\\\/logo\\\/image\\\/\"}},{\"@type\":\"Person\",\"@id\":\"https:\\\/\\\/www.fundacionmdp.org\\\/#\\\/schema\\\/person\\\/12f9af801cac25dfcb5a96cb0090f703\",\"name\":\"fundacionmdp\",\"image\":{\"@type\":\"ImageObject\",\"inLanguage\":\"ca\",\"@id\":\"https:\\\/\\\/secure.gravatar.com\\\/avatar\\\/b540f93d1816a14d85e51109d050c3243b98fb660a665f517a6d2597cff3bbed?s=96&d=mm&r=g\",\"url\":\"https:\\\/\\\/secure.gravatar.com\\\/avatar\\\/b540f93d1816a14d85e51109d050c3243b98fb660a665f517a6d2597cff3bbed?s=96&d=mm&r=g\",\"contentUrl\":\"https:\\\/\\\/secure.gravatar.com\\\/avatar\\\/b540f93d1816a14d85e51109d050c3243b98fb660a665f517a6d2597cff3bbed?s=96&d=mm&r=g\",\"caption\":\"fundacionmdp\"},\"sameAs\":[\"http:\\\/\\\/prezuk.com.mialias.net\\\/fundacionmdp\"],\"url\":\"https:\\\/\\\/www.fundacionmdp.org\\\/ca\\\/author\\\/fundacionmdp\\\/\"}]}<\/script>\n<!-- \/ Yoast SEO plugin. -->","yoast_head_json":{"title":"Entrevista a Montserrat Pallar\u00e8s - Fundaci\u00f3n Mutua de Propietarios","robots":{"index":"index","follow":"follow","max-snippet":"max-snippet:-1","max-image-preview":"max-image-preview:large","max-video-preview":"max-video-preview:-1"},"canonical":"https:\/\/www.fundacionmdp.org\/entrevista-a-montserrat-pallares\/","og_locale":"ca_ES","og_type":"article","og_title":"Entrevista a Montserrat Pallar\u00e8s - Fundaci\u00f3n Mutua de Propietarios","og_description":"Presidenta COCEMFE Barcelona","og_url":"https:\/\/www.fundacionmdp.org\/entrevista-a-montserrat-pallares\/","og_site_name":"Fundaci\u00f3n Mutua de Propietarios","article_published_time":"2019-02-19T17:47:08+00:00","og_image":[{"width":882,"height":900,"url":"https:\/\/www.fundacionmdp.org\/wp-content\/uploads\/2019\/02\/MontserratPallares.jpg","type":"image\/jpeg"}],"author":"fundacionmdp","twitter_card":"summary_large_image","twitter_misc":{"Escrit per":"fundacionmdp","Temps estimat de lectura":"6 minuts"},"schema":{"@context":"https:\/\/schema.org","@graph":[{"@type":"Article","@id":"https:\/\/www.fundacionmdp.org\/entrevista-a-montserrat-pallares\/#article","isPartOf":{"@id":"https:\/\/www.fundacionmdp.org\/entrevista-a-montserrat-pallares\/"},"author":{"name":"fundacionmdp","@id":"https:\/\/www.fundacionmdp.org\/#\/schema\/person\/12f9af801cac25dfcb5a96cb0090f703"},"headline":"Entrevista a Montserrat Pallar\u00e8s","datePublished":"2019-02-19T17:47:08+00:00","mainEntityOfPage":{"@id":"https:\/\/www.fundacionmdp.org\/entrevista-a-montserrat-pallares\/"},"wordCount":1168,"commentCount":0,"publisher":{"@id":"https:\/\/www.fundacionmdp.org\/#organization"},"image":{"@id":"https:\/\/www.fundacionmdp.org\/entrevista-a-montserrat-pallares\/#primaryimage"},"thumbnailUrl":"https:\/\/www.fundacionmdp.org\/wp-content\/uploads\/2019\/02\/MontserratPallares.jpg","articleSection":["Sin categorizar"],"inLanguage":"ca","potentialAction":[{"@type":"CommentAction","name":"Comment","target":["https:\/\/www.fundacionmdp.org\/entrevista-a-montserrat-pallares\/#respond"]}]},{"@type":"WebPage","@id":"https:\/\/www.fundacionmdp.org\/entrevista-a-montserrat-pallares\/","url":"https:\/\/www.fundacionmdp.org\/entrevista-a-montserrat-pallares\/","name":"Entrevista a Montserrat Pallar\u00e8s - Fundaci\u00f3n Mutua de Propietarios","isPartOf":{"@id":"https:\/\/www.fundacionmdp.org\/#website"},"primaryImageOfPage":{"@id":"https:\/\/www.fundacionmdp.org\/entrevista-a-montserrat-pallares\/#primaryimage"},"image":{"@id":"https:\/\/www.fundacionmdp.org\/entrevista-a-montserrat-pallares\/#primaryimage"},"thumbnailUrl":"https:\/\/www.fundacionmdp.org\/wp-content\/uploads\/2019\/02\/MontserratPallares.jpg","datePublished":"2019-02-19T17:47:08+00:00","breadcrumb":{"@id":"https:\/\/www.fundacionmdp.org\/entrevista-a-montserrat-pallares\/#breadcrumb"},"inLanguage":"ca","potentialAction":[{"@type":"ReadAction","target":["https:\/\/www.fundacionmdp.org\/entrevista-a-montserrat-pallares\/"]}]},{"@type":"ImageObject","inLanguage":"ca","@id":"https:\/\/www.fundacionmdp.org\/entrevista-a-montserrat-pallares\/#primaryimage","url":"https:\/\/www.fundacionmdp.org\/wp-content\/uploads\/2019\/02\/MontserratPallares.jpg","contentUrl":"https:\/\/www.fundacionmdp.org\/wp-content\/uploads\/2019\/02\/MontserratPallares.jpg","width":882,"height":900},{"@type":"BreadcrumbList","@id":"https:\/\/www.fundacionmdp.org\/entrevista-a-montserrat-pallares\/#breadcrumb","itemListElement":[{"@type":"ListItem","position":1,"name":"Home","item":"https:\/\/www.fundacionmdp.org\/ca\/"},{"@type":"ListItem","position":2,"name":"Entrevista a Montserrat Pallar\u00e8s"}]},{"@type":"WebSite","@id":"https:\/\/www.fundacionmdp.org\/#website","url":"https:\/\/www.fundacionmdp.org\/","name":"Fundaci\u00f3n Mutua de Propietarios","description":"En la Fundaci\u00f3n Mutua de Propietarios te ayudamos a convertir tu edificio de viviendas en un espacio sin barreras arquitect\u00f3nicas.","publisher":{"@id":"https:\/\/www.fundacionmdp.org\/#organization"},"potentialAction":[{"@type":"SearchAction","target":{"@type":"EntryPoint","urlTemplate":"https:\/\/www.fundacionmdp.org\/?s={search_term_string}"},"query-input":{"@type":"PropertyValueSpecification","valueRequired":true,"valueName":"search_term_string"}}],"inLanguage":"ca"},{"@type":"Organization","@id":"https:\/\/www.fundacionmdp.org\/#organization","name":"Fundaci\u00f3n Mutua de Propietarios","url":"https:\/\/www.fundacionmdp.org\/","logo":{"@type":"ImageObject","inLanguage":"ca","@id":"https:\/\/www.fundacionmdp.org\/#\/schema\/logo\/image\/","url":"https:\/\/www.fundacionmdp.org\/wp-content\/uploads\/2023\/05\/logo_FMdP_cat.png","contentUrl":"https:\/\/www.fundacionmdp.org\/wp-content\/uploads\/2023\/05\/logo_FMdP_cat.png","width":655,"height":297,"caption":"Fundaci\u00f3n Mutua de Propietarios"},"image":{"@id":"https:\/\/www.fundacionmdp.org\/#\/schema\/logo\/image\/"}},{"@type":"Person","@id":"https:\/\/www.fundacionmdp.org\/#\/schema\/person\/12f9af801cac25dfcb5a96cb0090f703","name":"fundacionmdp","image":{"@type":"ImageObject","inLanguage":"ca","@id":"https:\/\/secure.gravatar.com\/avatar\/b540f93d1816a14d85e51109d050c3243b98fb660a665f517a6d2597cff3bbed?s=96&d=mm&r=g","url":"https:\/\/secure.gravatar.com\/avatar\/b540f93d1816a14d85e51109d050c3243b98fb660a665f517a6d2597cff3bbed?s=96&d=mm&r=g","contentUrl":"https:\/\/secure.gravatar.com\/avatar\/b540f93d1816a14d85e51109d050c3243b98fb660a665f517a6d2597cff3bbed?s=96&d=mm&r=g","caption":"fundacionmdp"},"sameAs":["http:\/\/prezuk.com.mialias.net\/fundacionmdp"],"url":"https:\/\/www.fundacionmdp.org\/ca\/author\/fundacionmdp\/"}]}},"_links":{"self":[{"href":"https:\/\/www.fundacionmdp.org\/ca\/wp-json\/wp\/v2\/posts\/6922","targetHints":{"allow":["GET"]}}],"collection":[{"href":"https:\/\/www.fundacionmdp.org\/ca\/wp-json\/wp\/v2\/posts"}],"about":[{"href":"https:\/\/www.fundacionmdp.org\/ca\/wp-json\/wp\/v2\/types\/post"}],"author":[{"embeddable":true,"href":"https:\/\/www.fundacionmdp.org\/ca\/wp-json\/wp\/v2\/users\/1"}],"replies":[{"embeddable":true,"href":"https:\/\/www.fundacionmdp.org\/ca\/wp-json\/wp\/v2\/comments?post=6922"}],"version-history":[{"count":0,"href":"https:\/\/www.fundacionmdp.org\/ca\/wp-json\/wp\/v2\/posts\/6922\/revisions"}],"wp:featuredmedia":[{"embeddable":true,"href":"https:\/\/www.fundacionmdp.org\/ca\/wp-json\/wp\/v2\/media\/6920"}],"wp:attachment":[{"href":"https:\/\/www.fundacionmdp.org\/ca\/wp-json\/wp\/v2\/media?parent=6922"}],"wp:term":[{"taxonomy":"category","embeddable":true,"href":"https:\/\/www.fundacionmdp.org\/ca\/wp-json\/wp\/v2\/categories?post=6922"},{"taxonomy":"post_tag","embeddable":true,"href":"https:\/\/www.fundacionmdp.org\/ca\/wp-json\/wp\/v2\/tags?post=6922"}],"curies":[{"name":"wp","href":"https:\/\/api.w.org\/{rel}","templated":true}]}}