{"id":7210,"date":"2018-03-14T11:30:00","date_gmt":"2018-03-14T11:30:00","guid":{"rendered":"http:\/\/prezuk.com.mialias.net\/fundacionmdp\/roda-de-premsa-de-la-fundacio\/"},"modified":"2023-05-15T10:52:01","modified_gmt":"2023-05-15T10:52:01","slug":"roda-de-premsa-de-la-fundacio","status":"publish","type":"post","link":"https:\/\/www.fundacionmdp.org\/ca\/roda-de-premsa-de-la-fundacio\/","title":{"rendered":"Roda de premsa de la Fundaci\u00f3"},"content":{"rendered":"\t\t<div data-elementor-type=\"wp-post\" data-elementor-id=\"7210\" class=\"elementor elementor-7210 elementor-2322\">\n\t\t\t\t<div class=\"elementor-element elementor-element-49266fa e-flex e-con-boxed e-con e-parent\" data-id=\"49266fa\" data-element_type=\"container\" data-e-type=\"container\">\n\t\t\t\t\t<div class=\"e-con-inner\">\n\t\t\t\t<div class=\"elementor-element elementor-element-9429577 elementor-widget elementor-widget-image\" data-id=\"9429577\" data-element_type=\"widget\" data-e-type=\"widget\" data-widget_type=\"image.default\">\n\t\t\t\t<div class=\"elementor-widget-container\">\n\t\t\t\t\t\t\t\t\t\t\t\t\t\t\t<img fetchpriority=\"high\" decoding=\"async\" width=\"1024\" height=\"589\" src=\"https:\/\/www.fundacionmdp.org\/wp-content\/uploads\/2023\/05\/RuedaPrensaFundacion-1024x589.jpg\" class=\"attachment-large size-large wp-image-6511\" alt=\"\" srcset=\"https:\/\/www.fundacionmdp.org\/wp-content\/uploads\/2023\/05\/RuedaPrensaFundacion-1024x589.jpg 1024w, https:\/\/www.fundacionmdp.org\/wp-content\/uploads\/2023\/05\/RuedaPrensaFundacion-300x173.jpg 300w, https:\/\/www.fundacionmdp.org\/wp-content\/uploads\/2023\/05\/RuedaPrensaFundacion-768x442.jpg 768w, https:\/\/www.fundacionmdp.org\/wp-content\/uploads\/2023\/05\/RuedaPrensaFundacion.jpg 1280w\" sizes=\"(max-width: 1024px) 100vw, 1024px\" \/>\t\t\t\t\t\t\t\t\t\t\t\t\t\t\t<\/div>\n\t\t\t\t<\/div>\n\t\t\t\t\t<\/div>\n\t\t\t\t<\/div>\n\t\t<div class=\"elementor-element elementor-element-83d264a e-flex e-con-boxed e-con e-parent\" data-id=\"83d264a\" data-element_type=\"container\" data-e-type=\"container\">\n\t\t\t\t\t<div class=\"e-con-inner\">\n\t\t\t\t<div class=\"elementor-element elementor-element-22f60a8 elementor-widget elementor-widget-text-editor\" data-id=\"22f60a8\" data-element_type=\"widget\" data-e-type=\"widget\" data-widget_type=\"text-editor.default\">\n\t\t\t\t<div class=\"elementor-widget-container\">\n\t\t\t\t\t\t\t\t\t<h2>Els habitatges espanyols suspenen en accesibilitat universal<\/h2><p>Iniciem el dia amb una roda de premsa per presentar el <em>primer estudi<\/em> de la Fundaci\u00f3 Mutua de Propietarios, el qual posa en evid\u00e8ncia que <strong>els habitatges espanyols suspenen en accessibilitat universal.<\/strong><\/p><p>Els ponents que van participar son els seg\u00fcents:<\/p><ul><li>Sr. Miquel Perdiguer, President de la Fundaci\u00f3 Mutua de Propietarios.<\/li><li>Sra. Laura L\u00f3pez, Directora de la Fundaci\u00f3 Mutua de Propietarios.<\/li><li>Sr. Sergio Nasarre, Catedr\u00e0tic de la C\u00e0tedra UNESCO del Dret a l\u2019Habitatge de la Universitat Rovira i Virgili.<\/li><li>Sr. Salvador D\u00edez, Patr\u00f3 y President del Consell d\u2019Administradors de Finques d\u2019Espanya.<\/li><\/ul><p>El President de la Fundaci\u00f3 Mutua de Propietarios va explicar que la Fundaci\u00f3 neix de la m\u00e0 de la companyia d\u2019assegurances Mutua de Propietarios especialitzada en la protecci\u00f3 dels edificis amb la missi\u00f3 de millor l\u2019accessibilitat a l\u2019habitatge per les persones amb mobilitat redu\u00efda.<\/p><p>Tamb\u00e9 va citar, que en l\u2019actualitat hi ha m\u00e9s de 2,7 milions de persones majors de 80 anys, que el numero de persones amb alguna discapacitat representa el 3,5% de la poblaci\u00f3 i que per tant, la dificultat per poder accedir a l\u2019habitatge ser\u00e0 cada vegada m\u00e9s rellevant per les persones que experimenten mobilitat redu\u00efda.<\/p><p>Seguidament, la Directora de la Fundaci\u00f3 va presentar <em>els principals resultats<\/em> de l\u2019estudi destacant que:<\/p><ul><li><strong>Nom\u00e9s el 0,6% dels 9,8 milions d\u2019edificis d\u2019habitatges espanyols compleixen amb els criteris d\u2019accessibilitat universal.<\/strong><\/li><li><strong>El 63% dels edificis no s\u00f3n accessibles del carrer al portal.<\/strong><\/li><li><strong>El 22% dels edificis manca d\u2019ascensor.<\/strong><\/li><\/ul><p>El catedr\u00e0tic, va exposar l\u2019evoluci\u00f3 dels canvis legislatius en mat\u00e8ria d\u2019accessibilitat i va destacar que hi ha un gran desconeixement de la Llei de Propietat Horitzontal on un ve\u00ed major de 70 anys o amb discapacitat pot obligar a la realitzaci\u00f3 d\u2019obres d\u2019accessibilitat a la seva comunitat sempre que aquestes no superin els 12 mesos de despeses ordin\u00e0ries comunes. A m\u00e9s a m\u00e9s, va subratllar que nom\u00e9s el 10% dels ve\u00efns de Comunitats de Propietaris percep un recolzament real pel que fa les ajudes p\u00fabliques de l\u2019administraci\u00f3.<\/p><p>El Patr\u00f3 i el President del Consell General d\u2019Administradors de Finques d\u2019Espanya va destacar la import\u00e0ncia dels administradors de finques com una corretja de transmissi\u00f3 per les Comunitats de Propietaris i la seva tasca com a interlocutors entre entitats com la Fundaci\u00f3 i els organismes estatals.<\/p>\t\t\t\t\t\t\t\t<\/div>\n\t\t\t\t<\/div>\n\t\t\t\t\t<\/div>\n\t\t\t\t<\/div>\n\t\t\t\t<\/div>\n\t\t","protected":false},"excerpt":{"rendered":"<p>Els habitatges espanyols suspenen en accesibilitat universal Iniciem el dia amb una roda de premsa per presentar el primer estudi de la Fundaci\u00f3 Mutua de Propietarios, el qual posa en evid\u00e8ncia que els habitatges espanyols suspenen en accessibilitat universal. Els ponents que van participar son els seg\u00fcents: Sr. Miquel Perdiguer, President de la Fundaci\u00f3 Mutua [&hellip;]<\/p>\n","protected":false},"author":1,"featured_media":6511,"comment_status":"open","ping_status":"open","sticky":false,"template":"","format":"standard","meta":{"_acf_changed":false,"ocean_post_layout":"","ocean_both_sidebars_style":"","ocean_both_sidebars_content_width":0,"ocean_both_sidebars_sidebars_width":0,"ocean_sidebar":"0","ocean_second_sidebar":"0","ocean_disable_margins":"enable","ocean_add_body_class":"","ocean_shortcode_before_top_bar":"","ocean_shortcode_after_top_bar":"","ocean_shortcode_before_header":"","ocean_shortcode_after_header":"","ocean_has_shortcode":"","ocean_shortcode_after_title":"","ocean_shortcode_before_footer_widgets":"","ocean_shortcode_after_footer_widgets":"","ocean_shortcode_before_footer_bottom":"","ocean_shortcode_after_footer_bottom":"","ocean_display_top_bar":"default","ocean_display_header":"default","ocean_header_style":"","ocean_center_header_left_menu":"0","ocean_custom_header_template":"0","ocean_custom_logo":0,"ocean_custom_retina_logo":0,"ocean_custom_logo_max_width":0,"ocean_custom_logo_tablet_max_width":0,"ocean_custom_logo_mobile_max_width":0,"ocean_custom_logo_max_height":0,"ocean_custom_logo_tablet_max_height":0,"ocean_custom_logo_mobile_max_height":0,"ocean_header_custom_menu":"0","ocean_menu_typo_font_family":"0","ocean_menu_typo_font_subset":"","ocean_menu_typo_font_size":0,"ocean_menu_typo_font_size_tablet":0,"ocean_menu_typo_font_size_mobile":0,"ocean_menu_typo_font_size_unit":"px","ocean_menu_typo_font_weight":"","ocean_menu_typo_font_weight_tablet":"","ocean_menu_typo_font_weight_mobile":"","ocean_menu_typo_transform":"","ocean_menu_typo_transform_tablet":"","ocean_menu_typo_transform_mobile":"","ocean_menu_typo_line_height":0,"ocean_menu_typo_line_height_tablet":0,"ocean_menu_typo_line_height_mobile":0,"ocean_menu_typo_line_height_unit":"","ocean_menu_typo_spacing":0,"ocean_menu_typo_spacing_tablet":0,"ocean_menu_typo_spacing_mobile":0,"ocean_menu_typo_spacing_unit":"","ocean_menu_link_color":"","ocean_menu_link_color_hover":"","ocean_menu_link_color_active":"","ocean_menu_link_background":"","ocean_menu_link_hover_background":"","ocean_menu_link_active_background":"","ocean_menu_social_links_bg":"","ocean_menu_social_hover_links_bg":"","ocean_menu_social_links_color":"","ocean_menu_social_hover_links_color":"","ocean_disable_title":"default","ocean_disable_heading":"default","ocean_post_title":"","ocean_post_subheading":"","ocean_post_title_style":"","ocean_post_title_background_color":"","ocean_post_title_background":0,"ocean_post_title_bg_image_position":"","ocean_post_title_bg_image_attachment":"","ocean_post_title_bg_image_repeat":"","ocean_post_title_bg_image_size":"","ocean_post_title_height":0,"ocean_post_title_bg_overlay":0.5,"ocean_post_title_bg_overlay_color":"","ocean_disable_breadcrumbs":"default","ocean_breadcrumbs_color":"","ocean_breadcrumbs_separator_color":"","ocean_breadcrumbs_links_color":"","ocean_breadcrumbs_links_hover_color":"","ocean_display_footer_widgets":"default","ocean_display_footer_bottom":"default","ocean_custom_footer_template":"0","ocean_post_oembed":"","ocean_post_self_hosted_media":"","ocean_post_video_embed":"","ocean_link_format":"","ocean_link_format_target":"self","ocean_quote_format":"","ocean_quote_format_link":"post","ocean_gallery_link_images":"on","ocean_gallery_id":[],"footnotes":""},"categories":[1],"tags":[],"class_list":["post-7210","post","type-post","status-publish","format-standard","has-post-thumbnail","hentry","category-sin-categorizar","entry","has-media"],"acf":[],"yoast_head":"<!-- This site is optimized with the Yoast SEO plugin v27.3 - https:\/\/yoast.com\/product\/yoast-seo-wordpress\/ -->\n<title>Roda de premsa de la Fundaci\u00f3 - Fundaci\u00f3n Mutua de Propietarios<\/title>\n<meta name=\"robots\" content=\"index, follow, max-snippet:-1, max-image-preview:large, max-video-preview:-1\" \/>\n<link rel=\"canonical\" href=\"https:\/\/www.fundacionmdp.org\/rueda-de-prensa-de-la-fundacion\/\" \/>\n<meta property=\"og:locale\" content=\"ca_ES\" \/>\n<meta property=\"og:type\" content=\"article\" \/>\n<meta property=\"og:title\" content=\"Roda de premsa de la Fundaci\u00f3 - Fundaci\u00f3n Mutua de Propietarios\" \/>\n<meta property=\"og:description\" content=\"Els habitatges espanyols suspenen en accesibilitat universal Iniciem el dia amb una roda de premsa per presentar el primer estudi de la Fundaci\u00f3 Mutua de Propietarios, el qual posa en evid\u00e8ncia que els habitatges espanyols suspenen en accessibilitat universal. Els ponents que van participar son els seg\u00fcents: Sr. Miquel Perdiguer, President de la Fundaci\u00f3 Mutua [&hellip;]\" \/>\n<meta property=\"og:url\" content=\"https:\/\/www.fundacionmdp.org\/rueda-de-prensa-de-la-fundacion\/\" \/>\n<meta property=\"og:site_name\" content=\"Fundaci\u00f3n Mutua de Propietarios\" \/>\n<meta property=\"article:published_time\" content=\"2018-03-14T11:30:00+00:00\" \/>\n<meta property=\"article:modified_time\" content=\"2023-05-15T10:52:01+00:00\" \/>\n<meta property=\"og:image\" content=\"https:\/\/www.fundacionmdp.org\/wp-content\/uploads\/2023\/05\/RuedaPrensaFundacion.jpg\" \/>\n\t<meta property=\"og:image:width\" content=\"1280\" \/>\n\t<meta property=\"og:image:height\" content=\"736\" \/>\n\t<meta property=\"og:image:type\" content=\"image\/jpeg\" \/>\n<meta name=\"author\" content=\"fundacionmdp\" \/>\n<meta name=\"twitter:card\" content=\"summary_large_image\" \/>\n<meta name=\"twitter:label1\" content=\"Escrit per\" \/>\n\t<meta name=\"twitter:data1\" content=\"fundacionmdp\" \/>\n\t<meta name=\"twitter:label2\" content=\"Temps estimat de lectura\" \/>\n\t<meta name=\"twitter:data2\" content=\"2 minuts\" \/>\n<script type=\"application\/ld+json\" class=\"yoast-schema-graph\">{\"@context\":\"https:\\\/\\\/schema.org\",\"@graph\":[{\"@type\":\"Article\",\"@id\":\"https:\\\/\\\/www.fundacionmdp.org\\\/rueda-de-prensa-de-la-fundacion\\\/#article\",\"isPartOf\":{\"@id\":\"https:\\\/\\\/www.fundacionmdp.org\\\/rueda-de-prensa-de-la-fundacion\\\/\"},\"author\":{\"name\":\"fundacionmdp\",\"@id\":\"https:\\\/\\\/www.fundacionmdp.org\\\/#\\\/schema\\\/person\\\/12f9af801cac25dfcb5a96cb0090f703\"},\"headline\":\"Roda de premsa de la Fundaci\u00f3\",\"datePublished\":\"2018-03-14T11:30:00+00:00\",\"dateModified\":\"2023-05-15T10:52:01+00:00\",\"mainEntityOfPage\":{\"@id\":\"https:\\\/\\\/www.fundacionmdp.org\\\/rueda-de-prensa-de-la-fundacion\\\/\"},\"wordCount\":413,\"commentCount\":0,\"publisher\":{\"@id\":\"https:\\\/\\\/www.fundacionmdp.org\\\/#organization\"},\"image\":{\"@id\":\"https:\\\/\\\/www.fundacionmdp.org\\\/rueda-de-prensa-de-la-fundacion\\\/#primaryimage\"},\"thumbnailUrl\":\"https:\\\/\\\/www.fundacionmdp.org\\\/wp-content\\\/uploads\\\/2023\\\/05\\\/RuedaPrensaFundacion.jpg\",\"articleSection\":[\"Sin categorizar\"],\"inLanguage\":\"ca\",\"potentialAction\":[{\"@type\":\"CommentAction\",\"name\":\"Comment\",\"target\":[\"https:\\\/\\\/www.fundacionmdp.org\\\/rueda-de-prensa-de-la-fundacion\\\/#respond\"]}]},{\"@type\":\"WebPage\",\"@id\":\"https:\\\/\\\/www.fundacionmdp.org\\\/rueda-de-prensa-de-la-fundacion\\\/\",\"url\":\"https:\\\/\\\/www.fundacionmdp.org\\\/rueda-de-prensa-de-la-fundacion\\\/\",\"name\":\"Roda de premsa de la Fundaci\u00f3 - Fundaci\u00f3n Mutua de Propietarios\",\"isPartOf\":{\"@id\":\"https:\\\/\\\/www.fundacionmdp.org\\\/#website\"},\"primaryImageOfPage\":{\"@id\":\"https:\\\/\\\/www.fundacionmdp.org\\\/rueda-de-prensa-de-la-fundacion\\\/#primaryimage\"},\"image\":{\"@id\":\"https:\\\/\\\/www.fundacionmdp.org\\\/rueda-de-prensa-de-la-fundacion\\\/#primaryimage\"},\"thumbnailUrl\":\"https:\\\/\\\/www.fundacionmdp.org\\\/wp-content\\\/uploads\\\/2023\\\/05\\\/RuedaPrensaFundacion.jpg\",\"datePublished\":\"2018-03-14T11:30:00+00:00\",\"dateModified\":\"2023-05-15T10:52:01+00:00\",\"breadcrumb\":{\"@id\":\"https:\\\/\\\/www.fundacionmdp.org\\\/rueda-de-prensa-de-la-fundacion\\\/#breadcrumb\"},\"inLanguage\":\"ca\",\"potentialAction\":[{\"@type\":\"ReadAction\",\"target\":[\"https:\\\/\\\/www.fundacionmdp.org\\\/rueda-de-prensa-de-la-fundacion\\\/\"]}]},{\"@type\":\"ImageObject\",\"inLanguage\":\"ca\",\"@id\":\"https:\\\/\\\/www.fundacionmdp.org\\\/rueda-de-prensa-de-la-fundacion\\\/#primaryimage\",\"url\":\"https:\\\/\\\/www.fundacionmdp.org\\\/wp-content\\\/uploads\\\/2023\\\/05\\\/RuedaPrensaFundacion.jpg\",\"contentUrl\":\"https:\\\/\\\/www.fundacionmdp.org\\\/wp-content\\\/uploads\\\/2023\\\/05\\\/RuedaPrensaFundacion.jpg\",\"width\":1280,\"height\":736},{\"@type\":\"BreadcrumbList\",\"@id\":\"https:\\\/\\\/www.fundacionmdp.org\\\/rueda-de-prensa-de-la-fundacion\\\/#breadcrumb\",\"itemListElement\":[{\"@type\":\"ListItem\",\"position\":1,\"name\":\"Home\",\"item\":\"https:\\\/\\\/www.fundacionmdp.org\\\/ca\\\/\"},{\"@type\":\"ListItem\",\"position\":2,\"name\":\"Roda de premsa de la Fundaci\u00f3\"}]},{\"@type\":\"WebSite\",\"@id\":\"https:\\\/\\\/www.fundacionmdp.org\\\/#website\",\"url\":\"https:\\\/\\\/www.fundacionmdp.org\\\/\",\"name\":\"Fundaci\u00f3n Mutua de Propietarios\",\"description\":\"En la Fundaci\u00f3n Mutua de Propietarios te ayudamos a convertir tu edificio de viviendas en un espacio sin barreras arquitect\u00f3nicas.\",\"publisher\":{\"@id\":\"https:\\\/\\\/www.fundacionmdp.org\\\/#organization\"},\"potentialAction\":[{\"@type\":\"SearchAction\",\"target\":{\"@type\":\"EntryPoint\",\"urlTemplate\":\"https:\\\/\\\/www.fundacionmdp.org\\\/?s={search_term_string}\"},\"query-input\":{\"@type\":\"PropertyValueSpecification\",\"valueRequired\":true,\"valueName\":\"search_term_string\"}}],\"inLanguage\":\"ca\"},{\"@type\":\"Organization\",\"@id\":\"https:\\\/\\\/www.fundacionmdp.org\\\/#organization\",\"name\":\"Fundaci\u00f3n Mutua de Propietarios\",\"url\":\"https:\\\/\\\/www.fundacionmdp.org\\\/\",\"logo\":{\"@type\":\"ImageObject\",\"inLanguage\":\"ca\",\"@id\":\"https:\\\/\\\/www.fundacionmdp.org\\\/#\\\/schema\\\/logo\\\/image\\\/\",\"url\":\"https:\\\/\\\/www.fundacionmdp.org\\\/wp-content\\\/uploads\\\/2023\\\/05\\\/logo_FMdP_cat.png\",\"contentUrl\":\"https:\\\/\\\/www.fundacionmdp.org\\\/wp-content\\\/uploads\\\/2023\\\/05\\\/logo_FMdP_cat.png\",\"width\":655,\"height\":297,\"caption\":\"Fundaci\u00f3n Mutua de Propietarios\"},\"image\":{\"@id\":\"https:\\\/\\\/www.fundacionmdp.org\\\/#\\\/schema\\\/logo\\\/image\\\/\"}},{\"@type\":\"Person\",\"@id\":\"https:\\\/\\\/www.fundacionmdp.org\\\/#\\\/schema\\\/person\\\/12f9af801cac25dfcb5a96cb0090f703\",\"name\":\"fundacionmdp\",\"image\":{\"@type\":\"ImageObject\",\"inLanguage\":\"ca\",\"@id\":\"https:\\\/\\\/secure.gravatar.com\\\/avatar\\\/b540f93d1816a14d85e51109d050c3243b98fb660a665f517a6d2597cff3bbed?s=96&d=mm&r=g\",\"url\":\"https:\\\/\\\/secure.gravatar.com\\\/avatar\\\/b540f93d1816a14d85e51109d050c3243b98fb660a665f517a6d2597cff3bbed?s=96&d=mm&r=g\",\"contentUrl\":\"https:\\\/\\\/secure.gravatar.com\\\/avatar\\\/b540f93d1816a14d85e51109d050c3243b98fb660a665f517a6d2597cff3bbed?s=96&d=mm&r=g\",\"caption\":\"fundacionmdp\"},\"sameAs\":[\"http:\\\/\\\/prezuk.com.mialias.net\\\/fundacionmdp\"],\"url\":\"https:\\\/\\\/www.fundacionmdp.org\\\/ca\\\/author\\\/fundacionmdp\\\/\"}]}<\/script>\n<!-- \/ Yoast SEO plugin. -->","yoast_head_json":{"title":"Roda de premsa de la Fundaci\u00f3 - Fundaci\u00f3n Mutua de Propietarios","robots":{"index":"index","follow":"follow","max-snippet":"max-snippet:-1","max-image-preview":"max-image-preview:large","max-video-preview":"max-video-preview:-1"},"canonical":"https:\/\/www.fundacionmdp.org\/rueda-de-prensa-de-la-fundacion\/","og_locale":"ca_ES","og_type":"article","og_title":"Roda de premsa de la Fundaci\u00f3 - Fundaci\u00f3n Mutua de Propietarios","og_description":"Els habitatges espanyols suspenen en accesibilitat universal Iniciem el dia amb una roda de premsa per presentar el primer estudi de la Fundaci\u00f3 Mutua de Propietarios, el qual posa en evid\u00e8ncia que els habitatges espanyols suspenen en accessibilitat universal. Els ponents que van participar son els seg\u00fcents: Sr. Miquel Perdiguer, President de la Fundaci\u00f3 Mutua [&hellip;]","og_url":"https:\/\/www.fundacionmdp.org\/rueda-de-prensa-de-la-fundacion\/","og_site_name":"Fundaci\u00f3n Mutua de Propietarios","article_published_time":"2018-03-14T11:30:00+00:00","article_modified_time":"2023-05-15T10:52:01+00:00","og_image":[{"width":1280,"height":736,"url":"https:\/\/www.fundacionmdp.org\/wp-content\/uploads\/2023\/05\/RuedaPrensaFundacion.jpg","type":"image\/jpeg"}],"author":"fundacionmdp","twitter_card":"summary_large_image","twitter_misc":{"Escrit per":"fundacionmdp","Temps estimat de lectura":"2 minuts"},"schema":{"@context":"https:\/\/schema.org","@graph":[{"@type":"Article","@id":"https:\/\/www.fundacionmdp.org\/rueda-de-prensa-de-la-fundacion\/#article","isPartOf":{"@id":"https:\/\/www.fundacionmdp.org\/rueda-de-prensa-de-la-fundacion\/"},"author":{"name":"fundacionmdp","@id":"https:\/\/www.fundacionmdp.org\/#\/schema\/person\/12f9af801cac25dfcb5a96cb0090f703"},"headline":"Roda de premsa de la Fundaci\u00f3","datePublished":"2018-03-14T11:30:00+00:00","dateModified":"2023-05-15T10:52:01+00:00","mainEntityOfPage":{"@id":"https:\/\/www.fundacionmdp.org\/rueda-de-prensa-de-la-fundacion\/"},"wordCount":413,"commentCount":0,"publisher":{"@id":"https:\/\/www.fundacionmdp.org\/#organization"},"image":{"@id":"https:\/\/www.fundacionmdp.org\/rueda-de-prensa-de-la-fundacion\/#primaryimage"},"thumbnailUrl":"https:\/\/www.fundacionmdp.org\/wp-content\/uploads\/2023\/05\/RuedaPrensaFundacion.jpg","articleSection":["Sin categorizar"],"inLanguage":"ca","potentialAction":[{"@type":"CommentAction","name":"Comment","target":["https:\/\/www.fundacionmdp.org\/rueda-de-prensa-de-la-fundacion\/#respond"]}]},{"@type":"WebPage","@id":"https:\/\/www.fundacionmdp.org\/rueda-de-prensa-de-la-fundacion\/","url":"https:\/\/www.fundacionmdp.org\/rueda-de-prensa-de-la-fundacion\/","name":"Roda de premsa de la Fundaci\u00f3 - Fundaci\u00f3n Mutua de Propietarios","isPartOf":{"@id":"https:\/\/www.fundacionmdp.org\/#website"},"primaryImageOfPage":{"@id":"https:\/\/www.fundacionmdp.org\/rueda-de-prensa-de-la-fundacion\/#primaryimage"},"image":{"@id":"https:\/\/www.fundacionmdp.org\/rueda-de-prensa-de-la-fundacion\/#primaryimage"},"thumbnailUrl":"https:\/\/www.fundacionmdp.org\/wp-content\/uploads\/2023\/05\/RuedaPrensaFundacion.jpg","datePublished":"2018-03-14T11:30:00+00:00","dateModified":"2023-05-15T10:52:01+00:00","breadcrumb":{"@id":"https:\/\/www.fundacionmdp.org\/rueda-de-prensa-de-la-fundacion\/#breadcrumb"},"inLanguage":"ca","potentialAction":[{"@type":"ReadAction","target":["https:\/\/www.fundacionmdp.org\/rueda-de-prensa-de-la-fundacion\/"]}]},{"@type":"ImageObject","inLanguage":"ca","@id":"https:\/\/www.fundacionmdp.org\/rueda-de-prensa-de-la-fundacion\/#primaryimage","url":"https:\/\/www.fundacionmdp.org\/wp-content\/uploads\/2023\/05\/RuedaPrensaFundacion.jpg","contentUrl":"https:\/\/www.fundacionmdp.org\/wp-content\/uploads\/2023\/05\/RuedaPrensaFundacion.jpg","width":1280,"height":736},{"@type":"BreadcrumbList","@id":"https:\/\/www.fundacionmdp.org\/rueda-de-prensa-de-la-fundacion\/#breadcrumb","itemListElement":[{"@type":"ListItem","position":1,"name":"Home","item":"https:\/\/www.fundacionmdp.org\/ca\/"},{"@type":"ListItem","position":2,"name":"Roda de premsa de la Fundaci\u00f3"}]},{"@type":"WebSite","@id":"https:\/\/www.fundacionmdp.org\/#website","url":"https:\/\/www.fundacionmdp.org\/","name":"Fundaci\u00f3n Mutua de Propietarios","description":"En la Fundaci\u00f3n Mutua de Propietarios te ayudamos a convertir tu edificio de viviendas en un espacio sin barreras arquitect\u00f3nicas.","publisher":{"@id":"https:\/\/www.fundacionmdp.org\/#organization"},"potentialAction":[{"@type":"SearchAction","target":{"@type":"EntryPoint","urlTemplate":"https:\/\/www.fundacionmdp.org\/?s={search_term_string}"},"query-input":{"@type":"PropertyValueSpecification","valueRequired":true,"valueName":"search_term_string"}}],"inLanguage":"ca"},{"@type":"Organization","@id":"https:\/\/www.fundacionmdp.org\/#organization","name":"Fundaci\u00f3n Mutua de Propietarios","url":"https:\/\/www.fundacionmdp.org\/","logo":{"@type":"ImageObject","inLanguage":"ca","@id":"https:\/\/www.fundacionmdp.org\/#\/schema\/logo\/image\/","url":"https:\/\/www.fundacionmdp.org\/wp-content\/uploads\/2023\/05\/logo_FMdP_cat.png","contentUrl":"https:\/\/www.fundacionmdp.org\/wp-content\/uploads\/2023\/05\/logo_FMdP_cat.png","width":655,"height":297,"caption":"Fundaci\u00f3n Mutua de Propietarios"},"image":{"@id":"https:\/\/www.fundacionmdp.org\/#\/schema\/logo\/image\/"}},{"@type":"Person","@id":"https:\/\/www.fundacionmdp.org\/#\/schema\/person\/12f9af801cac25dfcb5a96cb0090f703","name":"fundacionmdp","image":{"@type":"ImageObject","inLanguage":"ca","@id":"https:\/\/secure.gravatar.com\/avatar\/b540f93d1816a14d85e51109d050c3243b98fb660a665f517a6d2597cff3bbed?s=96&d=mm&r=g","url":"https:\/\/secure.gravatar.com\/avatar\/b540f93d1816a14d85e51109d050c3243b98fb660a665f517a6d2597cff3bbed?s=96&d=mm&r=g","contentUrl":"https:\/\/secure.gravatar.com\/avatar\/b540f93d1816a14d85e51109d050c3243b98fb660a665f517a6d2597cff3bbed?s=96&d=mm&r=g","caption":"fundacionmdp"},"sameAs":["http:\/\/prezuk.com.mialias.net\/fundacionmdp"],"url":"https:\/\/www.fundacionmdp.org\/ca\/author\/fundacionmdp\/"}]}},"_links":{"self":[{"href":"https:\/\/www.fundacionmdp.org\/ca\/wp-json\/wp\/v2\/posts\/7210","targetHints":{"allow":["GET"]}}],"collection":[{"href":"https:\/\/www.fundacionmdp.org\/ca\/wp-json\/wp\/v2\/posts"}],"about":[{"href":"https:\/\/www.fundacionmdp.org\/ca\/wp-json\/wp\/v2\/types\/post"}],"author":[{"embeddable":true,"href":"https:\/\/www.fundacionmdp.org\/ca\/wp-json\/wp\/v2\/users\/1"}],"replies":[{"embeddable":true,"href":"https:\/\/www.fundacionmdp.org\/ca\/wp-json\/wp\/v2\/comments?post=7210"}],"version-history":[{"count":4,"href":"https:\/\/www.fundacionmdp.org\/ca\/wp-json\/wp\/v2\/posts\/7210\/revisions"}],"predecessor-version":[{"id":7217,"href":"https:\/\/www.fundacionmdp.org\/ca\/wp-json\/wp\/v2\/posts\/7210\/revisions\/7217"}],"wp:featuredmedia":[{"embeddable":true,"href":"https:\/\/www.fundacionmdp.org\/ca\/wp-json\/wp\/v2\/media\/6511"}],"wp:attachment":[{"href":"https:\/\/www.fundacionmdp.org\/ca\/wp-json\/wp\/v2\/media?parent=7210"}],"wp:term":[{"taxonomy":"category","embeddable":true,"href":"https:\/\/www.fundacionmdp.org\/ca\/wp-json\/wp\/v2\/categories?post=7210"},{"taxonomy":"post_tag","embeddable":true,"href":"https:\/\/www.fundacionmdp.org\/ca\/wp-json\/wp\/v2\/tags?post=7210"}],"curies":[{"name":"wp","href":"https:\/\/api.w.org\/{rel}","templated":true}]}}