{"id":7218,"date":"2018-03-14T11:33:00","date_gmt":"2018-03-14T11:33:00","guid":{"rendered":"http:\/\/prezuk.com.mialias.net\/fundacionmdp\/presentacio-de-la-fundacio-mutua-de-propietarios\/"},"modified":"2023-05-15T10:54:09","modified_gmt":"2023-05-15T10:54:09","slug":"presentacio-de-la-fundacio-mutua-de-propietarios","status":"publish","type":"post","link":"https:\/\/www.fundacionmdp.org\/ca\/presentacio-de-la-fundacio-mutua-de-propietarios\/","title":{"rendered":"Presentaci\u00f3 de la Fundaci\u00f3 Mutua de Propietarios"},"content":{"rendered":"\t\t<div data-elementor-type=\"wp-post\" data-elementor-id=\"7218\" class=\"elementor elementor-7218 elementor-2328\">\n\t\t\t\t<div class=\"elementor-element elementor-element-d725ff2 e-flex e-con-boxed e-con e-parent\" data-id=\"d725ff2\" data-element_type=\"container\" data-e-type=\"container\">\n\t\t\t\t\t<div class=\"e-con-inner\">\n\t\t\t\t<div class=\"elementor-element elementor-element-40c4444 elementor-widget elementor-widget-text-editor\" data-id=\"40c4444\" data-element_type=\"widget\" data-e-type=\"widget\" data-widget_type=\"text-editor.default\">\n\t\t\t\t<div class=\"elementor-widget-container\">\n\t\t\t\t\t\t\t\t\t<h2>Esdeveniment de presentaci\u00f3 Institucional de la Fundaci\u00f3<\/h2><p>El Reial Patronat Sobre Discapacitat, la Confederaci\u00f3 Espanyola de Persones amb Discapacitat F\u00edsica y Org\u00e0nica (COCEMFE), el Consell General de Col\u00b7legis d\u2019Administradors de Finques d\u2019Esapanya, el CERMI, representants de ONGs, Fundacions i col\u00b7legis professionals van voler acompanyar la Fundaci\u00f3 Mutua de Propietarios en la seva presentaci\u00f3 oficial en la que tamb\u00e9 van assistir nombrosos convidats procedents de sectors vinculats a la accessibilitat, l\u2019acci\u00f3 social i el m\u00f3n de les assegurances. L\u2019acte es va realitzar al Palau dels Ducs de Pastrana el passat 14\/03 a Madrid.<\/p><p>Com a inici de la seva actividad, el President de la Fundaci\u00f3 Mutua de Propietarios, Miquel Perdiguer, i la seva Directora, Laura L\u00f3pez Demarbre, van donar a con\u00e8ixer els resultats de l\u2019informe \u201cLa accessibilitat als habitatges d\u2019Espanya\u201d realitzat en col\u00b7laboraci\u00f3 amb la C\u00e0tedra UNESCO d\u2019Habitatge de la Universitat Rovira i Virgili de Tarragona. Un estudi que passa a formar part del <em>Observatori<\/em> impulsat per la Fundaci\u00f3 Mutua de Propietarios per generar coneixement al voltant de la problem\u00e0tica de l\u2019accessibilitat a l\u2019habitatge i el seu entorn, i per sensibilitzar als actors pol\u00edtics i socials de que la seva responsabilitat es incloure a la societat les persones amb mobilitat redu\u00efda.<\/p><p>La Fundaci\u00f3 Mutua de Propietarios tamb\u00e9 implementar\u00e0 el Programa <em>Sense Barreres<\/em> amb l\u2019objectiu de millorar l\u2019acc\u00e9s als habitatges i al seu entorn de les persones amb mobilitat redu\u00efda, posant a disposici\u00f3 de qui ho necessiti els recursos financers i t\u00e8cnics per la realitzaci\u00f3 de projectes que facilitin l\u2019acc\u00e9s als habitatges.<\/p>\t\t\t\t\t\t\t\t<\/div>\n\t\t\t\t<\/div>\n\t\t\t\t\t<\/div>\n\t\t\t\t<\/div>\n\t\t<div class=\"elementor-element elementor-element-8554739 e-flex e-con-boxed e-con e-parent\" data-id=\"8554739\" data-element_type=\"container\" data-e-type=\"container\">\n\t\t\t\t\t<div class=\"e-con-inner\">\n\t\t\t\t<div class=\"elementor-element elementor-element-bab93a7 elementor-widget elementor-widget-image\" data-id=\"bab93a7\" data-element_type=\"widget\" data-e-type=\"widget\" data-widget_type=\"image.default\">\n\t\t\t\t<div class=\"elementor-widget-container\">\n\t\t\t\t\t\t\t\t\t\t\t\t\t\t\t<img fetchpriority=\"high\" decoding=\"async\" width=\"850\" height=\"567\" src=\"https:\/\/www.fundacionmdp.org\/wp-content\/uploads\/2018\/03\/Portada.jpg\" class=\"attachment-large size-large wp-image-6512\" alt=\"\" srcset=\"https:\/\/www.fundacionmdp.org\/wp-content\/uploads\/2018\/03\/Portada.jpg 850w, https:\/\/www.fundacionmdp.org\/wp-content\/uploads\/2018\/03\/Portada-300x200.jpg 300w, https:\/\/www.fundacionmdp.org\/wp-content\/uploads\/2018\/03\/Portada-768x512.jpg 768w\" sizes=\"(max-width: 850px) 100vw, 850px\" \/>\t\t\t\t\t\t\t\t\t\t\t\t\t\t\t<\/div>\n\t\t\t\t<\/div>\n\t\t\t\t\t<\/div>\n\t\t\t\t<\/div>\n\t\t\t\t<\/div>\n\t\t","protected":false},"excerpt":{"rendered":"<p>Esdeveniment de presentaci\u00f3 Institucional de la Fundaci\u00f3 El Reial Patronat Sobre Discapacitat, la Confederaci\u00f3 Espanyola de Persones amb Discapacitat F\u00edsica y Org\u00e0nica (COCEMFE), el Consell General de Col\u00b7legis d\u2019Administradors de Finques d\u2019Esapanya, el CERMI, representants de ONGs, Fundacions i col\u00b7legis professionals van voler acompanyar la Fundaci\u00f3 Mutua de Propietarios en la seva presentaci\u00f3 oficial en [&hellip;]<\/p>\n","protected":false},"author":1,"featured_media":6512,"comment_status":"open","ping_status":"open","sticky":false,"template":"","format":"standard","meta":{"_acf_changed":false,"ocean_post_layout":"","ocean_both_sidebars_style":"","ocean_both_sidebars_content_width":0,"ocean_both_sidebars_sidebars_width":0,"ocean_sidebar":"0","ocean_second_sidebar":"0","ocean_disable_margins":"enable","ocean_add_body_class":"","ocean_shortcode_before_top_bar":"","ocean_shortcode_after_top_bar":"","ocean_shortcode_before_header":"","ocean_shortcode_after_header":"","ocean_has_shortcode":"","ocean_shortcode_after_title":"","ocean_shortcode_before_footer_widgets":"","ocean_shortcode_after_footer_widgets":"","ocean_shortcode_before_footer_bottom":"","ocean_shortcode_after_footer_bottom":"","ocean_display_top_bar":"default","ocean_display_header":"default","ocean_header_style":"","ocean_center_header_left_menu":"0","ocean_custom_header_template":"0","ocean_custom_logo":0,"ocean_custom_retina_logo":0,"ocean_custom_logo_max_width":0,"ocean_custom_logo_tablet_max_width":0,"ocean_custom_logo_mobile_max_width":0,"ocean_custom_logo_max_height":0,"ocean_custom_logo_tablet_max_height":0,"ocean_custom_logo_mobile_max_height":0,"ocean_header_custom_menu":"0","ocean_menu_typo_font_family":"0","ocean_menu_typo_font_subset":"","ocean_menu_typo_font_size":0,"ocean_menu_typo_font_size_tablet":0,"ocean_menu_typo_font_size_mobile":0,"ocean_menu_typo_font_size_unit":"px","ocean_menu_typo_font_weight":"","ocean_menu_typo_font_weight_tablet":"","ocean_menu_typo_font_weight_mobile":"","ocean_menu_typo_transform":"","ocean_menu_typo_transform_tablet":"","ocean_menu_typo_transform_mobile":"","ocean_menu_typo_line_height":0,"ocean_menu_typo_line_height_tablet":0,"ocean_menu_typo_line_height_mobile":0,"ocean_menu_typo_line_height_unit":"","ocean_menu_typo_spacing":0,"ocean_menu_typo_spacing_tablet":0,"ocean_menu_typo_spacing_mobile":0,"ocean_menu_typo_spacing_unit":"","ocean_menu_link_color":"","ocean_menu_link_color_hover":"","ocean_menu_link_color_active":"","ocean_menu_link_background":"","ocean_menu_link_hover_background":"","ocean_menu_link_active_background":"","ocean_menu_social_links_bg":"","ocean_menu_social_hover_links_bg":"","ocean_menu_social_links_color":"","ocean_menu_social_hover_links_color":"","ocean_disable_title":"default","ocean_disable_heading":"default","ocean_post_title":"","ocean_post_subheading":"","ocean_post_title_style":"","ocean_post_title_background_color":"","ocean_post_title_background":0,"ocean_post_title_bg_image_position":"","ocean_post_title_bg_image_attachment":"","ocean_post_title_bg_image_repeat":"","ocean_post_title_bg_image_size":"","ocean_post_title_height":0,"ocean_post_title_bg_overlay":0.5,"ocean_post_title_bg_overlay_color":"","ocean_disable_breadcrumbs":"default","ocean_breadcrumbs_color":"","ocean_breadcrumbs_separator_color":"","ocean_breadcrumbs_links_color":"","ocean_breadcrumbs_links_hover_color":"","ocean_display_footer_widgets":"default","ocean_display_footer_bottom":"default","ocean_custom_footer_template":"0","ocean_post_oembed":"","ocean_post_self_hosted_media":"","ocean_post_video_embed":"","ocean_link_format":"","ocean_link_format_target":"self","ocean_quote_format":"","ocean_quote_format_link":"post","ocean_gallery_link_images":"on","ocean_gallery_id":[],"footnotes":""},"categories":[1],"tags":[],"class_list":["post-7218","post","type-post","status-publish","format-standard","has-post-thumbnail","hentry","category-sin-categorizar","entry","has-media"],"acf":[],"yoast_head":"<!-- This site is optimized with the Yoast SEO plugin v27.3 - https:\/\/yoast.com\/product\/yoast-seo-wordpress\/ -->\n<title>Presentaci\u00f3 de la Fundaci\u00f3 Mutua de Propietarios - Fundaci\u00f3n Mutua de Propietarios<\/title>\n<meta name=\"robots\" content=\"index, follow, max-snippet:-1, max-image-preview:large, max-video-preview:-1\" \/>\n<link rel=\"canonical\" href=\"https:\/\/www.fundacionmdp.org\/presentacion-de-la-fundacion-mutua-de-propietarios\/\" \/>\n<meta property=\"og:locale\" content=\"ca_ES\" \/>\n<meta property=\"og:type\" content=\"article\" \/>\n<meta property=\"og:title\" content=\"Presentaci\u00f3 de la Fundaci\u00f3 Mutua de Propietarios - Fundaci\u00f3n Mutua de Propietarios\" \/>\n<meta property=\"og:description\" content=\"Esdeveniment de presentaci\u00f3 Institucional de la Fundaci\u00f3 El Reial Patronat Sobre Discapacitat, la Confederaci\u00f3 Espanyola de Persones amb Discapacitat F\u00edsica y Org\u00e0nica (COCEMFE), el Consell General de Col\u00b7legis d\u2019Administradors de Finques d\u2019Esapanya, el CERMI, representants de ONGs, Fundacions i col\u00b7legis professionals van voler acompanyar la Fundaci\u00f3 Mutua de Propietarios en la seva presentaci\u00f3 oficial en [&hellip;]\" \/>\n<meta property=\"og:url\" content=\"https:\/\/www.fundacionmdp.org\/presentacion-de-la-fundacion-mutua-de-propietarios\/\" \/>\n<meta property=\"og:site_name\" content=\"Fundaci\u00f3n Mutua de Propietarios\" \/>\n<meta property=\"article:published_time\" content=\"2018-03-14T11:33:00+00:00\" \/>\n<meta property=\"article:modified_time\" content=\"2023-05-15T10:54:09+00:00\" \/>\n<meta property=\"og:image\" content=\"https:\/\/www.fundacionmdp.org\/wp-content\/uploads\/2018\/03\/Portada.jpg\" \/>\n\t<meta property=\"og:image:width\" content=\"850\" \/>\n\t<meta property=\"og:image:height\" content=\"567\" \/>\n\t<meta property=\"og:image:type\" content=\"image\/jpeg\" \/>\n<meta name=\"author\" content=\"fundacionmdp\" \/>\n<meta name=\"twitter:card\" content=\"summary_large_image\" \/>\n<meta name=\"twitter:label1\" content=\"Escrit per\" \/>\n\t<meta name=\"twitter:data1\" content=\"fundacionmdp\" \/>\n\t<meta name=\"twitter:label2\" content=\"Temps estimat de lectura\" \/>\n\t<meta name=\"twitter:data2\" content=\"1 minut\" \/>\n<script type=\"application\/ld+json\" class=\"yoast-schema-graph\">{\"@context\":\"https:\\\/\\\/schema.org\",\"@graph\":[{\"@type\":\"Article\",\"@id\":\"https:\\\/\\\/www.fundacionmdp.org\\\/presentacion-de-la-fundacion-mutua-de-propietarios\\\/#article\",\"isPartOf\":{\"@id\":\"https:\\\/\\\/www.fundacionmdp.org\\\/presentacion-de-la-fundacion-mutua-de-propietarios\\\/\"},\"author\":{\"name\":\"fundacionmdp\",\"@id\":\"https:\\\/\\\/www.fundacionmdp.org\\\/#\\\/schema\\\/person\\\/12f9af801cac25dfcb5a96cb0090f703\"},\"headline\":\"Presentaci\u00f3 de la Fundaci\u00f3 Mutua de Propietarios\",\"datePublished\":\"2018-03-14T11:33:00+00:00\",\"dateModified\":\"2023-05-15T10:54:09+00:00\",\"mainEntityOfPage\":{\"@id\":\"https:\\\/\\\/www.fundacionmdp.org\\\/presentacion-de-la-fundacion-mutua-de-propietarios\\\/\"},\"wordCount\":284,\"commentCount\":0,\"publisher\":{\"@id\":\"https:\\\/\\\/www.fundacionmdp.org\\\/#organization\"},\"image\":{\"@id\":\"https:\\\/\\\/www.fundacionmdp.org\\\/presentacion-de-la-fundacion-mutua-de-propietarios\\\/#primaryimage\"},\"thumbnailUrl\":\"https:\\\/\\\/www.fundacionmdp.org\\\/wp-content\\\/uploads\\\/2018\\\/03\\\/Portada.jpg\",\"articleSection\":[\"Sin categorizar\"],\"inLanguage\":\"ca\",\"potentialAction\":[{\"@type\":\"CommentAction\",\"name\":\"Comment\",\"target\":[\"https:\\\/\\\/www.fundacionmdp.org\\\/presentacion-de-la-fundacion-mutua-de-propietarios\\\/#respond\"]}]},{\"@type\":\"WebPage\",\"@id\":\"https:\\\/\\\/www.fundacionmdp.org\\\/presentacion-de-la-fundacion-mutua-de-propietarios\\\/\",\"url\":\"https:\\\/\\\/www.fundacionmdp.org\\\/presentacion-de-la-fundacion-mutua-de-propietarios\\\/\",\"name\":\"Presentaci\u00f3 de la Fundaci\u00f3 Mutua de Propietarios - Fundaci\u00f3n Mutua de Propietarios\",\"isPartOf\":{\"@id\":\"https:\\\/\\\/www.fundacionmdp.org\\\/#website\"},\"primaryImageOfPage\":{\"@id\":\"https:\\\/\\\/www.fundacionmdp.org\\\/presentacion-de-la-fundacion-mutua-de-propietarios\\\/#primaryimage\"},\"image\":{\"@id\":\"https:\\\/\\\/www.fundacionmdp.org\\\/presentacion-de-la-fundacion-mutua-de-propietarios\\\/#primaryimage\"},\"thumbnailUrl\":\"https:\\\/\\\/www.fundacionmdp.org\\\/wp-content\\\/uploads\\\/2018\\\/03\\\/Portada.jpg\",\"datePublished\":\"2018-03-14T11:33:00+00:00\",\"dateModified\":\"2023-05-15T10:54:09+00:00\",\"breadcrumb\":{\"@id\":\"https:\\\/\\\/www.fundacionmdp.org\\\/presentacion-de-la-fundacion-mutua-de-propietarios\\\/#breadcrumb\"},\"inLanguage\":\"ca\",\"potentialAction\":[{\"@type\":\"ReadAction\",\"target\":[\"https:\\\/\\\/www.fundacionmdp.org\\\/presentacion-de-la-fundacion-mutua-de-propietarios\\\/\"]}]},{\"@type\":\"ImageObject\",\"inLanguage\":\"ca\",\"@id\":\"https:\\\/\\\/www.fundacionmdp.org\\\/presentacion-de-la-fundacion-mutua-de-propietarios\\\/#primaryimage\",\"url\":\"https:\\\/\\\/www.fundacionmdp.org\\\/wp-content\\\/uploads\\\/2018\\\/03\\\/Portada.jpg\",\"contentUrl\":\"https:\\\/\\\/www.fundacionmdp.org\\\/wp-content\\\/uploads\\\/2018\\\/03\\\/Portada.jpg\",\"width\":850,\"height\":567,\"caption\":\"\u00a9MIGUEL BERROCAL\"},{\"@type\":\"BreadcrumbList\",\"@id\":\"https:\\\/\\\/www.fundacionmdp.org\\\/presentacion-de-la-fundacion-mutua-de-propietarios\\\/#breadcrumb\",\"itemListElement\":[{\"@type\":\"ListItem\",\"position\":1,\"name\":\"Home\",\"item\":\"https:\\\/\\\/www.fundacionmdp.org\\\/ca\\\/\"},{\"@type\":\"ListItem\",\"position\":2,\"name\":\"Presentaci\u00f3 de la Fundaci\u00f3 Mutua de Propietarios\"}]},{\"@type\":\"WebSite\",\"@id\":\"https:\\\/\\\/www.fundacionmdp.org\\\/#website\",\"url\":\"https:\\\/\\\/www.fundacionmdp.org\\\/\",\"name\":\"Fundaci\u00f3n Mutua de Propietarios\",\"description\":\"En la Fundaci\u00f3n Mutua de Propietarios te ayudamos a convertir tu edificio de viviendas en un espacio sin barreras arquitect\u00f3nicas.\",\"publisher\":{\"@id\":\"https:\\\/\\\/www.fundacionmdp.org\\\/#organization\"},\"potentialAction\":[{\"@type\":\"SearchAction\",\"target\":{\"@type\":\"EntryPoint\",\"urlTemplate\":\"https:\\\/\\\/www.fundacionmdp.org\\\/?s={search_term_string}\"},\"query-input\":{\"@type\":\"PropertyValueSpecification\",\"valueRequired\":true,\"valueName\":\"search_term_string\"}}],\"inLanguage\":\"ca\"},{\"@type\":\"Organization\",\"@id\":\"https:\\\/\\\/www.fundacionmdp.org\\\/#organization\",\"name\":\"Fundaci\u00f3n Mutua de Propietarios\",\"url\":\"https:\\\/\\\/www.fundacionmdp.org\\\/\",\"logo\":{\"@type\":\"ImageObject\",\"inLanguage\":\"ca\",\"@id\":\"https:\\\/\\\/www.fundacionmdp.org\\\/#\\\/schema\\\/logo\\\/image\\\/\",\"url\":\"https:\\\/\\\/www.fundacionmdp.org\\\/wp-content\\\/uploads\\\/2023\\\/05\\\/logo_FMdP_cat.png\",\"contentUrl\":\"https:\\\/\\\/www.fundacionmdp.org\\\/wp-content\\\/uploads\\\/2023\\\/05\\\/logo_FMdP_cat.png\",\"width\":655,\"height\":297,\"caption\":\"Fundaci\u00f3n Mutua de Propietarios\"},\"image\":{\"@id\":\"https:\\\/\\\/www.fundacionmdp.org\\\/#\\\/schema\\\/logo\\\/image\\\/\"}},{\"@type\":\"Person\",\"@id\":\"https:\\\/\\\/www.fundacionmdp.org\\\/#\\\/schema\\\/person\\\/12f9af801cac25dfcb5a96cb0090f703\",\"name\":\"fundacionmdp\",\"image\":{\"@type\":\"ImageObject\",\"inLanguage\":\"ca\",\"@id\":\"https:\\\/\\\/secure.gravatar.com\\\/avatar\\\/b540f93d1816a14d85e51109d050c3243b98fb660a665f517a6d2597cff3bbed?s=96&d=mm&r=g\",\"url\":\"https:\\\/\\\/secure.gravatar.com\\\/avatar\\\/b540f93d1816a14d85e51109d050c3243b98fb660a665f517a6d2597cff3bbed?s=96&d=mm&r=g\",\"contentUrl\":\"https:\\\/\\\/secure.gravatar.com\\\/avatar\\\/b540f93d1816a14d85e51109d050c3243b98fb660a665f517a6d2597cff3bbed?s=96&d=mm&r=g\",\"caption\":\"fundacionmdp\"},\"sameAs\":[\"http:\\\/\\\/prezuk.com.mialias.net\\\/fundacionmdp\"],\"url\":\"https:\\\/\\\/www.fundacionmdp.org\\\/ca\\\/author\\\/fundacionmdp\\\/\"}]}<\/script>\n<!-- \/ Yoast SEO plugin. -->","yoast_head_json":{"title":"Presentaci\u00f3 de la Fundaci\u00f3 Mutua de Propietarios - Fundaci\u00f3n Mutua de Propietarios","robots":{"index":"index","follow":"follow","max-snippet":"max-snippet:-1","max-image-preview":"max-image-preview:large","max-video-preview":"max-video-preview:-1"},"canonical":"https:\/\/www.fundacionmdp.org\/presentacion-de-la-fundacion-mutua-de-propietarios\/","og_locale":"ca_ES","og_type":"article","og_title":"Presentaci\u00f3 de la Fundaci\u00f3 Mutua de Propietarios - Fundaci\u00f3n Mutua de Propietarios","og_description":"Esdeveniment de presentaci\u00f3 Institucional de la Fundaci\u00f3 El Reial Patronat Sobre Discapacitat, la Confederaci\u00f3 Espanyola de Persones amb Discapacitat F\u00edsica y Org\u00e0nica (COCEMFE), el Consell General de Col\u00b7legis d\u2019Administradors de Finques d\u2019Esapanya, el CERMI, representants de ONGs, Fundacions i col\u00b7legis professionals van voler acompanyar la Fundaci\u00f3 Mutua de Propietarios en la seva presentaci\u00f3 oficial en [&hellip;]","og_url":"https:\/\/www.fundacionmdp.org\/presentacion-de-la-fundacion-mutua-de-propietarios\/","og_site_name":"Fundaci\u00f3n Mutua de Propietarios","article_published_time":"2018-03-14T11:33:00+00:00","article_modified_time":"2023-05-15T10:54:09+00:00","og_image":[{"width":850,"height":567,"url":"https:\/\/www.fundacionmdp.org\/wp-content\/uploads\/2018\/03\/Portada.jpg","type":"image\/jpeg"}],"author":"fundacionmdp","twitter_card":"summary_large_image","twitter_misc":{"Escrit per":"fundacionmdp","Temps estimat de lectura":"1 minut"},"schema":{"@context":"https:\/\/schema.org","@graph":[{"@type":"Article","@id":"https:\/\/www.fundacionmdp.org\/presentacion-de-la-fundacion-mutua-de-propietarios\/#article","isPartOf":{"@id":"https:\/\/www.fundacionmdp.org\/presentacion-de-la-fundacion-mutua-de-propietarios\/"},"author":{"name":"fundacionmdp","@id":"https:\/\/www.fundacionmdp.org\/#\/schema\/person\/12f9af801cac25dfcb5a96cb0090f703"},"headline":"Presentaci\u00f3 de la Fundaci\u00f3 Mutua de Propietarios","datePublished":"2018-03-14T11:33:00+00:00","dateModified":"2023-05-15T10:54:09+00:00","mainEntityOfPage":{"@id":"https:\/\/www.fundacionmdp.org\/presentacion-de-la-fundacion-mutua-de-propietarios\/"},"wordCount":284,"commentCount":0,"publisher":{"@id":"https:\/\/www.fundacionmdp.org\/#organization"},"image":{"@id":"https:\/\/www.fundacionmdp.org\/presentacion-de-la-fundacion-mutua-de-propietarios\/#primaryimage"},"thumbnailUrl":"https:\/\/www.fundacionmdp.org\/wp-content\/uploads\/2018\/03\/Portada.jpg","articleSection":["Sin categorizar"],"inLanguage":"ca","potentialAction":[{"@type":"CommentAction","name":"Comment","target":["https:\/\/www.fundacionmdp.org\/presentacion-de-la-fundacion-mutua-de-propietarios\/#respond"]}]},{"@type":"WebPage","@id":"https:\/\/www.fundacionmdp.org\/presentacion-de-la-fundacion-mutua-de-propietarios\/","url":"https:\/\/www.fundacionmdp.org\/presentacion-de-la-fundacion-mutua-de-propietarios\/","name":"Presentaci\u00f3 de la Fundaci\u00f3 Mutua de Propietarios - Fundaci\u00f3n Mutua de Propietarios","isPartOf":{"@id":"https:\/\/www.fundacionmdp.org\/#website"},"primaryImageOfPage":{"@id":"https:\/\/www.fundacionmdp.org\/presentacion-de-la-fundacion-mutua-de-propietarios\/#primaryimage"},"image":{"@id":"https:\/\/www.fundacionmdp.org\/presentacion-de-la-fundacion-mutua-de-propietarios\/#primaryimage"},"thumbnailUrl":"https:\/\/www.fundacionmdp.org\/wp-content\/uploads\/2018\/03\/Portada.jpg","datePublished":"2018-03-14T11:33:00+00:00","dateModified":"2023-05-15T10:54:09+00:00","breadcrumb":{"@id":"https:\/\/www.fundacionmdp.org\/presentacion-de-la-fundacion-mutua-de-propietarios\/#breadcrumb"},"inLanguage":"ca","potentialAction":[{"@type":"ReadAction","target":["https:\/\/www.fundacionmdp.org\/presentacion-de-la-fundacion-mutua-de-propietarios\/"]}]},{"@type":"ImageObject","inLanguage":"ca","@id":"https:\/\/www.fundacionmdp.org\/presentacion-de-la-fundacion-mutua-de-propietarios\/#primaryimage","url":"https:\/\/www.fundacionmdp.org\/wp-content\/uploads\/2018\/03\/Portada.jpg","contentUrl":"https:\/\/www.fundacionmdp.org\/wp-content\/uploads\/2018\/03\/Portada.jpg","width":850,"height":567,"caption":"\u00a9MIGUEL BERROCAL"},{"@type":"BreadcrumbList","@id":"https:\/\/www.fundacionmdp.org\/presentacion-de-la-fundacion-mutua-de-propietarios\/#breadcrumb","itemListElement":[{"@type":"ListItem","position":1,"name":"Home","item":"https:\/\/www.fundacionmdp.org\/ca\/"},{"@type":"ListItem","position":2,"name":"Presentaci\u00f3 de la Fundaci\u00f3 Mutua de Propietarios"}]},{"@type":"WebSite","@id":"https:\/\/www.fundacionmdp.org\/#website","url":"https:\/\/www.fundacionmdp.org\/","name":"Fundaci\u00f3n Mutua de Propietarios","description":"En la Fundaci\u00f3n Mutua de Propietarios te ayudamos a convertir tu edificio de viviendas en un espacio sin barreras arquitect\u00f3nicas.","publisher":{"@id":"https:\/\/www.fundacionmdp.org\/#organization"},"potentialAction":[{"@type":"SearchAction","target":{"@type":"EntryPoint","urlTemplate":"https:\/\/www.fundacionmdp.org\/?s={search_term_string}"},"query-input":{"@type":"PropertyValueSpecification","valueRequired":true,"valueName":"search_term_string"}}],"inLanguage":"ca"},{"@type":"Organization","@id":"https:\/\/www.fundacionmdp.org\/#organization","name":"Fundaci\u00f3n Mutua de Propietarios","url":"https:\/\/www.fundacionmdp.org\/","logo":{"@type":"ImageObject","inLanguage":"ca","@id":"https:\/\/www.fundacionmdp.org\/#\/schema\/logo\/image\/","url":"https:\/\/www.fundacionmdp.org\/wp-content\/uploads\/2023\/05\/logo_FMdP_cat.png","contentUrl":"https:\/\/www.fundacionmdp.org\/wp-content\/uploads\/2023\/05\/logo_FMdP_cat.png","width":655,"height":297,"caption":"Fundaci\u00f3n Mutua de Propietarios"},"image":{"@id":"https:\/\/www.fundacionmdp.org\/#\/schema\/logo\/image\/"}},{"@type":"Person","@id":"https:\/\/www.fundacionmdp.org\/#\/schema\/person\/12f9af801cac25dfcb5a96cb0090f703","name":"fundacionmdp","image":{"@type":"ImageObject","inLanguage":"ca","@id":"https:\/\/secure.gravatar.com\/avatar\/b540f93d1816a14d85e51109d050c3243b98fb660a665f517a6d2597cff3bbed?s=96&d=mm&r=g","url":"https:\/\/secure.gravatar.com\/avatar\/b540f93d1816a14d85e51109d050c3243b98fb660a665f517a6d2597cff3bbed?s=96&d=mm&r=g","contentUrl":"https:\/\/secure.gravatar.com\/avatar\/b540f93d1816a14d85e51109d050c3243b98fb660a665f517a6d2597cff3bbed?s=96&d=mm&r=g","caption":"fundacionmdp"},"sameAs":["http:\/\/prezuk.com.mialias.net\/fundacionmdp"],"url":"https:\/\/www.fundacionmdp.org\/ca\/author\/fundacionmdp\/"}]}},"_links":{"self":[{"href":"https:\/\/www.fundacionmdp.org\/ca\/wp-json\/wp\/v2\/posts\/7218","targetHints":{"allow":["GET"]}}],"collection":[{"href":"https:\/\/www.fundacionmdp.org\/ca\/wp-json\/wp\/v2\/posts"}],"about":[{"href":"https:\/\/www.fundacionmdp.org\/ca\/wp-json\/wp\/v2\/types\/post"}],"author":[{"embeddable":true,"href":"https:\/\/www.fundacionmdp.org\/ca\/wp-json\/wp\/v2\/users\/1"}],"replies":[{"embeddable":true,"href":"https:\/\/www.fundacionmdp.org\/ca\/wp-json\/wp\/v2\/comments?post=7218"}],"version-history":[{"count":4,"href":"https:\/\/www.fundacionmdp.org\/ca\/wp-json\/wp\/v2\/posts\/7218\/revisions"}],"predecessor-version":[{"id":7225,"href":"https:\/\/www.fundacionmdp.org\/ca\/wp-json\/wp\/v2\/posts\/7218\/revisions\/7225"}],"wp:featuredmedia":[{"embeddable":true,"href":"https:\/\/www.fundacionmdp.org\/ca\/wp-json\/wp\/v2\/media\/6512"}],"wp:attachment":[{"href":"https:\/\/www.fundacionmdp.org\/ca\/wp-json\/wp\/v2\/media?parent=7218"}],"wp:term":[{"taxonomy":"category","embeddable":true,"href":"https:\/\/www.fundacionmdp.org\/ca\/wp-json\/wp\/v2\/categories?post=7218"},{"taxonomy":"post_tag","embeddable":true,"href":"https:\/\/www.fundacionmdp.org\/ca\/wp-json\/wp\/v2\/tags?post=7218"}],"curies":[{"name":"wp","href":"https:\/\/api.w.org\/{rel}","templated":true}]}}